{"id":21300,"date":"2023-08-12T12:08:35","date_gmt":"2023-08-12T16:08:35","guid":{"rendered":"https:\/\/www.cisa-arica.cl\/wp1\/?p=21300"},"modified":"2023-08-12T12:09:44","modified_gmt":"2023-08-12T16:09:44","slug":"suspension-clases-lunes-14-08","status":"publish","type":"post","link":"https:\/\/www.cisa-arica.cl\/wp1\/2023\/08\/12\/suspension-clases-lunes-14-08\/","title":{"rendered":"SUSPENSI\u00d3N CLASES LUNES 14-08"},"content":{"rendered":"<div dir=\"auto\">Estimados apoderados y estudiantes:<\/div>\n<div dir=\"auto\">Junto con saludar y\u00a0 esperando se encuentren bien, el motivo de este comunicado es para informar que <span dir=\"ltr\">el d\u00eda Lunes 14 de Agosto<\/span> se suspender\u00e1n las clases, academias y talleres de estudio por fuerza mayor (arreglos de ca\u00f1er\u00edas por rotura).<\/div>\n<div dir=\"auto\">Este d\u00eda ser\u00e1 recuperado en el mes de diciembre.<\/div>\n<div dir=\"auto\">Cabe destacar que el colegio se encontrar\u00e1 cerrado por ese d\u00eda.<\/div>\n<div dir=\"auto\">\u00a0 \u00a0Las evaluaciones del d\u00eda lunes14 ser\u00e1n recalendarizadas por la \u00a0asignatura correspondiente. Las clases se retomar\u00e1n el Mi\u00e9rcoles 16.<\/div>\n<div dir=\"auto\">Atentamente<\/div>\n<div dir=\"auto\">Equipo Directivo<\/div>\n","protected":false},"excerpt":{"rendered":"<p>Estimados apoderados y estudiantes: Junto con saludar y\u00a0 esperando se encuentren bien, el motivo de este comunicado es para informar que el d\u00eda Lunes 14 de Agosto se suspender\u00e1n las clases, academias y talleres de estudio por fuerza mayor (arreglos de ca\u00f1er\u00edas por rotura). Este d\u00eda ser\u00e1 recuperado en el mes de diciembre. Cabe destacar <a class=\"read-more\" href=\"https:\/\/www.cisa-arica.cl\/wp1\/2023\/08\/12\/suspension-clases-lunes-14-08\/\">Continuar leyendo<\/a><\/p>\n","protected":false},"author":5,"featured_media":21301,"comment_status":"closed","ping_status":"open","sticky":false,"template":"","format":"standard","meta":{"_jetpack_memberships_contains_paid_content":false,"footnotes":"","jetpack_publicize_message":"","jetpack_publicize_feature_enabled":true,"jetpack_social_post_already_shared":true,"jetpack_social_options":{"image_generator_settings":{"template":"highway","default_image_id":0,"font":"","enabled":false},"version":2}},"categories":[5],"tags":[],"class_list":["post-21300","post","type-post","status-publish","format-standard","has-post-thumbnail","hentry","category-uncategorized"],"jetpack_publicize_connections":[],"jetpack_featured_media_url":"https:\/\/www.cisa-arica.cl\/wp1\/wp-content\/uploads\/2023\/08\/8A4B40EB-6EDE-4F71-9818-D5FFE4D01ED5.jpeg","jetpack_sharing_enabled":true,"jetpack_shortlink":"https:\/\/wp.me\/p84wcz-5xy","jetpack-related-posts":[{"id":16439,"url":"https:\/\/www.cisa-arica.cl\/wp1\/2022\/06\/16\/suspension-de-clases-lunes-20-06\/","url_meta":{"origin":21300,"position":0},"title":"Suspensi\u00f3n de Clases Lunes 20-06","author":"Jeannette Rivera","date":"16 de Junio de 2022","format":false,"excerpt":"Estimados Padres y\/o Apoderados: Comunicamos que fue solicitado al Ministerio\u00a0 la Suspensi\u00f3n de Clases del d\u00eda lunes 20 de junio\u00a0 la cual fue aceptada. Este d\u00eda \u00a0ser\u00e1 recuperado en el mes de diciembre. Las clases se retomar\u00e1n de forma normal el mi\u00e9rcoles 22 de junio. Atentamente, \u00a0 \u00a0 Equipo Directivo","rel":"","context":"Entrada similar ","block_context":{"text":"Entrada similar ","link":""},"img":{"alt_text":"","src":"","width":0,"height":0},"classes":[]},{"id":13341,"url":"https:\/\/www.cisa-arica.cl\/wp1\/2021\/10\/15\/informativo-clases-lunes-18-de-octubre\/","url_meta":{"origin":21300,"position":1},"title":"Informativo clases Lunes 18 de octubre","author":"Jeannette Rivera","date":"15 de Octubre de 2021","format":false,"excerpt":"Estimados Apoderados: Comunicamos que este Lunes 18 de Octubre las clases de nuestras alumnas se desarrollar\u00e1n solamente de manera virtual, no presenciales, en el horario normal que corresponda. Atentamente, Colegio Italiano Santa Ana","rel":"","context":"Entrada similar ","block_context":{"text":"Entrada similar ","link":""},"img":{"alt_text":"","src":"https:\/\/i0.wp.com\/www.cisa-arica.cl\/wp1\/wp-content\/uploads\/2021\/10\/Screenshot_15.jpg?resize=350%2C200&ssl=1","width":350,"height":200,"srcset":"https:\/\/i0.wp.com\/www.cisa-arica.cl\/wp1\/wp-content\/uploads\/2021\/10\/Screenshot_15.jpg?resize=350%2C200&ssl=1 1x, https:\/\/i0.wp.com\/www.cisa-arica.cl\/wp1\/wp-content\/uploads\/2021\/10\/Screenshot_15.jpg?resize=525%2C300&ssl=1 1.5x, https:\/\/i0.wp.com\/www.cisa-arica.cl\/wp1\/wp-content\/uploads\/2021\/10\/Screenshot_15.jpg?resize=700%2C400&ssl=1 2x"},"classes":[]},{"id":17286,"url":"https:\/\/www.cisa-arica.cl\/wp1\/2022\/09\/23\/reingreso-a-clases-lunes-26-09\/","url_meta":{"origin":21300,"position":2},"title":"Reingreso a clases Lunes 26-09","author":"Jeannette Rivera","date":"23 de Septiembre de 2022","format":false,"excerpt":"Estimados padres y apoderados: Esperamos que este receso de Fiestas Patrias haya sido para renovar energ\u00edas junto a su familia y que las estudiantes pudiesen colocarse al d\u00eda en sus actividades. El reingreso a clases ser\u00e1 de acuerdo a los horarios de cada curso y retomando los Talleres de Refuerzo\u2026","rel":"","context":"Entrada similar ","block_context":{"text":"Entrada similar ","link":""},"img":{"alt_text":"","src":"https:\/\/i0.wp.com\/www.cisa-arica.cl\/wp1\/wp-content\/uploads\/2022\/09\/Reingreso-a-clases.jpg?resize=350%2C200&ssl=1","width":350,"height":200,"srcset":"https:\/\/i0.wp.com\/www.cisa-arica.cl\/wp1\/wp-content\/uploads\/2022\/09\/Reingreso-a-clases.jpg?resize=350%2C200&ssl=1 1x, https:\/\/i0.wp.com\/www.cisa-arica.cl\/wp1\/wp-content\/uploads\/2022\/09\/Reingreso-a-clases.jpg?resize=525%2C300&ssl=1 1.5x, https:\/\/i0.wp.com\/www.cisa-arica.cl\/wp1\/wp-content\/uploads\/2022\/09\/Reingreso-a-clases.jpg?resize=700%2C400&ssl=1 2x"},"classes":[]},{"id":21180,"url":"https:\/\/www.cisa-arica.cl\/wp1\/2023\/07\/16\/informativo-reingreso-a-clases\/","url_meta":{"origin":21300,"position":3},"title":"INFORMATIVO REINGRESO A CLASES","author":"Jeannette Rivera","date":"16 de Julio de 2023","format":false,"excerpt":"Estimada Comunidad: Esperando que estas dos semana hayan sido de recuperaci\u00f3n de energ\u00eda y un merecido descanso, informamos lo siguiente en relaci\u00f3n al reingreso a clases: -Ma\u00f1ana lunes 17 de julio, es el reingreso oficial a las clases en nuestro colegio. -Los horarios de entrada y salida en los diferentes\u2026","rel":"","context":"Entrada similar ","block_context":{"text":"Entrada similar ","link":""},"img":{"alt_text":"","src":"","width":0,"height":0},"classes":[]},{"id":10048,"url":"https:\/\/www.cisa-arica.cl\/wp1\/2019\/11\/03\/retorno-a-clases-lunes-04-de-noviembre\/","url_meta":{"origin":21300,"position":4},"title":"Retorno a clases Lunes 04 de noviembre","author":"Jeannette Rivera","date":"3 de Noviembre de 2019","format":false,"excerpt":"Estimados padres y apoderados: Les recordamos que ma\u00f1ana Lunes 04 de noviembre se retomar\u00e1n las clases a horario normal para nuestras alumnas desde Pre Kinder a 3\u00ba medio. Atentamente, Colegio Italiano Santa Ana","rel":"","context":"Entrada similar ","block_context":{"text":"Entrada similar ","link":""},"img":{"alt_text":"","src":"https:\/\/i0.wp.com\/www.cisa-arica.cl\/wp1\/wp-content\/uploads\/2019\/04\/cropped-LOGO_CISA_chico-2-e1557940881746.png?resize=350%2C200&ssl=1","width":350,"height":200},"classes":[]},{"id":25356,"url":"https:\/\/www.cisa-arica.cl\/wp1\/2024\/05\/17\/suspension-de-clases-lunes-20-05\/","url_meta":{"origin":21300,"position":5},"title":"Suspensi\u00f3n de clases Lunes 20-05","author":"Jeannette Rivera","date":"17 de Mayo de 2024","format":false,"excerpt":"\u00a0Se informa a toda la Comunidad Educativa que el lunes 20 de mayo se realizar\u00e1 una suspensi\u00f3n de clases con RECUPERACI\u00d3N para el s\u00e1bado 07 de septiembre de 2024. La suspensi\u00f3n de clases del d\u00eda lunes 20 es total, por lo tanto, NO se realizar\u00e1 ninguna academia ni taller de\u2026","rel":"","context":"Entrada similar ","block_context":{"text":"Entrada similar ","link":""},"img":{"alt_text":"","src":"https:\/\/i0.wp.com\/www.cisa-arica.cl\/wp1\/wp-content\/uploads\/2024\/05\/suspension-de-clases.jpg?resize=350%2C200&ssl=1","width":350,"height":200,"srcset":"https:\/\/i0.wp.com\/www.cisa-arica.cl\/wp1\/wp-content\/uploads\/2024\/05\/suspension-de-clases.jpg?resize=350%2C200&ssl=1 1x, https:\/\/i0.wp.com\/www.cisa-arica.cl\/wp1\/wp-content\/uploads\/2024\/05\/suspension-de-clases.jpg?resize=525%2C300&ssl=1 1.5x, https:\/\/i0.wp.com\/www.cisa-arica.cl\/wp1\/wp-content\/uploads\/2024\/05\/suspension-de-clases.jpg?resize=700%2C400&ssl=1 2x"},"classes":[]}],"_links":{"self":[{"href":"https:\/\/www.cisa-arica.cl\/wp1\/wp-json\/wp\/v2\/posts\/21300","targetHints":{"allow":["GET"]}}],"collection":[{"href":"https:\/\/www.cisa-arica.cl\/wp1\/wp-json\/wp\/v2\/posts"}],"about":[{"href":"https:\/\/www.cisa-arica.cl\/wp1\/wp-json\/wp\/v2\/types\/post"}],"author":[{"embeddable":true,"href":"https:\/\/www.cisa-arica.cl\/wp1\/wp-json\/wp\/v2\/users\/5"}],"replies":[{"embeddable":true,"href":"https:\/\/www.cisa-arica.cl\/wp1\/wp-json\/wp\/v2\/comments?post=21300"}],"version-history":[{"count":2,"href":"https:\/\/www.cisa-arica.cl\/wp1\/wp-json\/wp\/v2\/posts\/21300\/revisions"}],"predecessor-version":[{"id":21303,"href":"https:\/\/www.cisa-arica.cl\/wp1\/wp-json\/wp\/v2\/posts\/21300\/revisions\/21303"}],"wp:featuredmedia":[{"embeddable":true,"href":"https:\/\/www.cisa-arica.cl\/wp1\/wp-json\/wp\/v2\/media\/21301"}],"wp:attachment":[{"href":"https:\/\/www.cisa-arica.cl\/wp1\/wp-json\/wp\/v2\/media?parent=21300"}],"wp:term":[{"taxonomy":"category","embeddable":true,"href":"https:\/\/www.cisa-arica.cl\/wp1\/wp-json\/wp\/v2\/categories?post=21300"},{"taxonomy":"post_tag","embeddable":true,"href":"https:\/\/www.cisa-arica.cl\/wp1\/wp-json\/wp\/v2\/tags?post=21300"}],"curies":[{"name":"wp","href":"https:\/\/api.w.org\/{rel}","templated":true}]}}