{"id":21273,"date":"2023-08-01T10:15:30","date_gmt":"2023-08-01T14:15:30","guid":{"rendered":"https:\/\/www.cisa-arica.cl\/wp1\/?p=21273"},"modified":"2023-08-01T10:15:30","modified_gmt":"2023-08-01T14:15:30","slug":"suspension-de-academia-de-basquetbol","status":"publish","type":"post","link":"https:\/\/www.cisa-arica.cl\/wp1\/2023\/08\/01\/suspension-de-academia-de-basquetbol\/","title":{"rendered":"Suspensi\u00f3n de Academia de B\u00e1squetbol"},"content":{"rendered":"<p>Se informa que los d\u00edas\u00a0<b>MARTES 01 y JUEVES 03 de Agosto<\/b>\u00a0se\u00a0<b><u>suspender\u00e1\u00a0<\/u><\/b>la academia de\u00a0<b>b\u00e1squetbol\u00a0<\/b>ya que la Profesora Lidia asistir\u00e1 a un campeonato de dicha disciplina.<\/p>\n<div class=\"gmail_default\">La pr\u00f3xima semana la academia de b\u00e1squetbol ser\u00e1 de manera normal.<\/div>\n<div class=\"gmail_default\"><\/div>\n<div class=\"gmail_default\">Atentamente<\/div>\n<div>\u00a0 \u00a0 \u00a0 \u00a0 \u00a0 \u00a0 \u00a0 \u00a0 \u00a0 \u00a0 \u00a0 \u00a0 \u00a0 \u00a0 \u00a0 \u00a0 \u00a0 \u00a0La Direcci\u00f3n<\/div>\n<div class=\"gmail_default\"><\/div>\n<div class=\"gmail_default\"><\/div>\n<div><\/div>\n","protected":false},"excerpt":{"rendered":"<p>Se informa que los d\u00edas\u00a0MARTES 01 y JUEVES 03 de Agosto\u00a0se\u00a0suspender\u00e1\u00a0la academia de\u00a0b\u00e1squetbol\u00a0ya que la Profesora Lidia asistir\u00e1 a un campeonato de dicha disciplina. La pr\u00f3xima semana la academia de b\u00e1squetbol ser\u00e1 de manera normal. Atentamente \u00a0 \u00a0 \u00a0 \u00a0 \u00a0 \u00a0 \u00a0 \u00a0 \u00a0 \u00a0 \u00a0 \u00a0 \u00a0 \u00a0 \u00a0 \u00a0 \u00a0 \u00a0La Direcci\u00f3n<\/p>\n","protected":false},"author":5,"featured_media":0,"comment_status":"closed","ping_status":"open","sticky":false,"template":"","format":"standard","meta":{"_jetpack_memberships_contains_paid_content":false,"footnotes":"","jetpack_publicize_message":"","jetpack_publicize_feature_enabled":true,"jetpack_social_post_already_shared":true,"jetpack_social_options":{"image_generator_settings":{"template":"highway","default_image_id":0,"font":"","enabled":false},"version":2}},"categories":[5],"tags":[],"class_list":["post-21273","post","type-post","status-publish","format-standard","hentry","category-uncategorized"],"jetpack_publicize_connections":[],"jetpack_featured_media_url":"","jetpack_sharing_enabled":true,"jetpack_shortlink":"https:\/\/wp.me\/p84wcz-5x7","jetpack-related-posts":[{"id":28672,"url":"https:\/\/www.cisa-arica.cl\/wp1\/2025\/08\/22\/suspension-de-academia-de-basquetbol-lunes-28-08\/","url_meta":{"origin":21273,"position":0},"title":"Suspensi\u00f3n de Academia de Basquetbol Lunes 28-08","author":"Jeannette Rivera","date":"22 de Agosto de 2025","format":false,"excerpt":"Se informa que por problemas de salud imprevistos, nos vemos en la necesidad de suspender la siguiente academia: SUSPENSI\u00d3N: S\u00d3LO EL D\u00cdA LUNES 25 DE AGOSTO 2025 ACADEMIA DE B\u00c1SQUETBOL B\u00c1SICA Desde ya agradezco su comprensi\u00f3n. Saluda atentamente, --","rel":"","context":"Entrada similar ","block_context":{"text":"Entrada similar ","link":""},"img":{"alt_text":"","src":"https:\/\/i0.wp.com\/www.cisa-arica.cl\/wp1\/wp-content\/uploads\/2025\/08\/WhatsApp-Image-2025-08-22-at-11.54.45-AM.jpeg?resize=350%2C200&ssl=1","width":350,"height":200,"srcset":"https:\/\/i0.wp.com\/www.cisa-arica.cl\/wp1\/wp-content\/uploads\/2025\/08\/WhatsApp-Image-2025-08-22-at-11.54.45-AM.jpeg?resize=350%2C200&ssl=1 1x, https:\/\/i0.wp.com\/www.cisa-arica.cl\/wp1\/wp-content\/uploads\/2025\/08\/WhatsApp-Image-2025-08-22-at-11.54.45-AM.jpeg?resize=525%2C300&ssl=1 1.5x, https:\/\/i0.wp.com\/www.cisa-arica.cl\/wp1\/wp-content\/uploads\/2025\/08\/WhatsApp-Image-2025-08-22-at-11.54.45-AM.jpeg?resize=700%2C400&ssl=1 2x, https:\/\/i0.wp.com\/www.cisa-arica.cl\/wp1\/wp-content\/uploads\/2025\/08\/WhatsApp-Image-2025-08-22-at-11.54.45-AM.jpeg?resize=1050%2C600&ssl=1 3x"},"classes":[]},{"id":10686,"url":"https:\/\/www.cisa-arica.cl\/wp1\/2020\/06\/13\/participa-de-la-academia-de-basquetbol\/","url_meta":{"origin":21273,"position":1},"title":"Participa de la academia de B\u00e1squetbol","author":"Jeannette Rivera","date":"13 de Junio de 2020","format":false,"excerpt":"Estimada Comunidad Educativa:Junto con saludar y deseando que\u00a0se encuentren bien, informamos que desde el mes de junio dimos inicio a los talleres de distintas disciplinas. Si est\u00e1s interesada, cont\u00e1ctate\u00a0a trav\u00e9s del correo electr\u00f3nico con el profesor\u00a0o monitor a cargo.Los horarios de la Academia de B\u00e1squetbol en la plataforma virtual son\u2026","rel":"","context":"En &quot;Academias CISA&quot;","block_context":{"text":"Academias CISA","link":"https:\/\/www.cisa-arica.cl\/wp1\/category\/academias-cisa\/"},"img":{"alt_text":"","src":"https:\/\/i0.wp.com\/www.cisa-arica.cl\/wp1\/wp-content\/uploads\/2020\/06\/Ac-basqutbl.png?resize=350%2C200&ssl=1","width":350,"height":200},"classes":[]},{"id":29025,"url":"https:\/\/www.cisa-arica.cl\/wp1\/2025\/09\/30\/suspension-de-academias-de-voleibol-y-basquetbol\/","url_meta":{"origin":21273,"position":2},"title":"Suspensi\u00f3n de Academias de Voleibol y Basquetbol","author":"Jeannette Rivera","date":"30 de Septiembre de 2025","format":false,"excerpt":"Comunico a usted que por motivos de fuerza mayor, se suspenden las siguientes academias en esta semana: MI\u00c9RCOLES 01 Y VIERNES 03 DE OCTUBRE SE SUSPENDE ACADEMIA DE V\u00d3LEIBOL MEDIA de la profesora SOF\u00cdA ORT\u00daZAR JUEVES 02 DE OCTUBRE SE SUSPENDE ACADEMIA DE B\u00c1SQUETBOL B\u00c1SICA Y MEDIA de la profesora\u2026","rel":"","context":"Entrada similar ","block_context":{"text":"Entrada similar ","link":""},"img":{"alt_text":"","src":"","width":0,"height":0},"classes":[]},{"id":8966,"url":"https:\/\/www.cisa-arica.cl\/wp1\/2019\/09\/04\/academia-de-baloncesto-campeonas-en-torneo-escolar\/","url_meta":{"origin":21273,"position":3},"title":"Academia de Baloncesto campeonas en torneo escolar","author":"Jeannette Rivera","date":"4 de Septiembre de 2019","format":false,"excerpt":"Nuestras alumnas de la Academia de Baloncesto consiguieron el 1er lugar en el Campeonato de Basquetbol sub16 organizado por el Colegio El Roble y que se jug\u00f3 los d\u00edas s\u00e1bado 31 de agosto y domingo 01 de septiembre. Felicitamos a nuestras campeonas: Camila Cifuentes Ayxa Villanueva Fernanda Sep\u00falveda Fernanda Angulo\u2026","rel":"","context":"En &quot;Academias CISA&quot;","block_context":{"text":"Academias CISA","link":"https:\/\/www.cisa-arica.cl\/wp1\/category\/academias-cisa\/"},"img":{"alt_text":"","src":"https:\/\/i0.wp.com\/www.cisa-arica.cl\/wp1\/wp-content\/uploads\/2019\/09\/000-2.jpeg?resize=350%2C200&ssl=1","width":350,"height":200,"srcset":"https:\/\/i0.wp.com\/www.cisa-arica.cl\/wp1\/wp-content\/uploads\/2019\/09\/000-2.jpeg?resize=350%2C200&ssl=1 1x, https:\/\/i0.wp.com\/www.cisa-arica.cl\/wp1\/wp-content\/uploads\/2019\/09\/000-2.jpeg?resize=525%2C300&ssl=1 1.5x, https:\/\/i0.wp.com\/www.cisa-arica.cl\/wp1\/wp-content\/uploads\/2019\/09\/000-2.jpeg?resize=700%2C400&ssl=1 2x"},"classes":[]},{"id":20043,"url":"https:\/\/www.cisa-arica.cl\/wp1\/2023\/04\/21\/informacion-de-academias-2023\/","url_meta":{"origin":21273,"position":4},"title":"Informaci\u00f3n de Academias 2023","author":"Jeannette Rivera","date":"21 de Abril de 2023","format":false,"excerpt":"Estimado\u00a0 apoderado, muy buenos d\u00edas. Con respecto a las Academias, se solicita por favor que frente a cualquier duda se dirija mediante correo institucional a los docentes que imparten las academias: Todo lo que corresponde a Pastoral (Infancia Misionera, Rositas, Confirmaci\u00f3n, Coro Lit\u00fargico, Misioneras de la Esperanza) dirigirse a catherine.canario@cisa-arica.cl\u2026","rel":"","context":"Entrada similar ","block_context":{"text":"Entrada similar ","link":""},"img":{"alt_text":"","src":"https:\/\/i0.wp.com\/www.cisa-arica.cl\/wp1\/wp-content\/uploads\/2023\/03\/WhatsApp-Image-2023-03-15-at-12.33.4115.jpeg?resize=350%2C200&ssl=1","width":350,"height":200,"srcset":"https:\/\/i0.wp.com\/www.cisa-arica.cl\/wp1\/wp-content\/uploads\/2023\/03\/WhatsApp-Image-2023-03-15-at-12.33.4115.jpeg?resize=350%2C200&ssl=1 1x, https:\/\/i0.wp.com\/www.cisa-arica.cl\/wp1\/wp-content\/uploads\/2023\/03\/WhatsApp-Image-2023-03-15-at-12.33.4115.jpeg?resize=525%2C300&ssl=1 1.5x, https:\/\/i0.wp.com\/www.cisa-arica.cl\/wp1\/wp-content\/uploads\/2023\/03\/WhatsApp-Image-2023-03-15-at-12.33.4115.jpeg?resize=700%2C400&ssl=1 2x, https:\/\/i0.wp.com\/www.cisa-arica.cl\/wp1\/wp-content\/uploads\/2023\/03\/WhatsApp-Image-2023-03-15-at-12.33.4115.jpeg?resize=1050%2C600&ssl=1 3x"},"classes":[]},{"id":28188,"url":"https:\/\/www.cisa-arica.cl\/wp1\/2025\/05\/05\/28188\/","url_meta":{"origin":21273,"position":5},"title":"Vestimenta para Academias desde Prekinder a Sexto b\u00e1sico","author":"Jeannette Rivera","date":"5 de Mayo de 2025","format":false,"excerpt":"A partir de hoy y durante todo el\u00a0PRIMER SEMESTRE, las estudiantes DESDE\u00a0PREKINDER A 6\u00ba B\u00c1SICO\u00a0que asistan a las siguientes academias: - Danza (5\u00ba y 6\u00ba b\u00e1sico) - B\u00e1squetbol (3\u00ba a 6\u00ba b\u00e1sico) - Psicomotricidad (1\u00ba y 2\u00ba b\u00e1sico) - Youth dance (1\u00ba, 2\u00ba y 3\u00ba b\u00e1sico) - Folclore (1\u00ba y\u2026","rel":"","context":"Entrada similar ","block_context":{"text":"Entrada similar ","link":""},"img":{"alt_text":"","src":"https:\/\/i0.wp.com\/www.cisa-arica.cl\/wp1\/wp-content\/uploads\/2024\/10\/DSC_2304-scaled.jpg?resize=350%2C200&ssl=1","width":350,"height":200,"srcset":"https:\/\/i0.wp.com\/www.cisa-arica.cl\/wp1\/wp-content\/uploads\/2024\/10\/DSC_2304-scaled.jpg?resize=350%2C200&ssl=1 1x, https:\/\/i0.wp.com\/www.cisa-arica.cl\/wp1\/wp-content\/uploads\/2024\/10\/DSC_2304-scaled.jpg?resize=525%2C300&ssl=1 1.5x, https:\/\/i0.wp.com\/www.cisa-arica.cl\/wp1\/wp-content\/uploads\/2024\/10\/DSC_2304-scaled.jpg?resize=700%2C400&ssl=1 2x, https:\/\/i0.wp.com\/www.cisa-arica.cl\/wp1\/wp-content\/uploads\/2024\/10\/DSC_2304-scaled.jpg?resize=1050%2C600&ssl=1 3x, https:\/\/i0.wp.com\/www.cisa-arica.cl\/wp1\/wp-content\/uploads\/2024\/10\/DSC_2304-scaled.jpg?resize=1400%2C800&ssl=1 4x"},"classes":[]}],"_links":{"self":[{"href":"https:\/\/www.cisa-arica.cl\/wp1\/wp-json\/wp\/v2\/posts\/21273","targetHints":{"allow":["GET"]}}],"collection":[{"href":"https:\/\/www.cisa-arica.cl\/wp1\/wp-json\/wp\/v2\/posts"}],"about":[{"href":"https:\/\/www.cisa-arica.cl\/wp1\/wp-json\/wp\/v2\/types\/post"}],"author":[{"embeddable":true,"href":"https:\/\/www.cisa-arica.cl\/wp1\/wp-json\/wp\/v2\/users\/5"}],"replies":[{"embeddable":true,"href":"https:\/\/www.cisa-arica.cl\/wp1\/wp-json\/wp\/v2\/comments?post=21273"}],"version-history":[{"count":1,"href":"https:\/\/www.cisa-arica.cl\/wp1\/wp-json\/wp\/v2\/posts\/21273\/revisions"}],"predecessor-version":[{"id":21274,"href":"https:\/\/www.cisa-arica.cl\/wp1\/wp-json\/wp\/v2\/posts\/21273\/revisions\/21274"}],"wp:attachment":[{"href":"https:\/\/www.cisa-arica.cl\/wp1\/wp-json\/wp\/v2\/media?parent=21273"}],"wp:term":[{"taxonomy":"category","embeddable":true,"href":"https:\/\/www.cisa-arica.cl\/wp1\/wp-json\/wp\/v2\/categories?post=21273"},{"taxonomy":"post_tag","embeddable":true,"href":"https:\/\/www.cisa-arica.cl\/wp1\/wp-json\/wp\/v2\/tags?post=21273"}],"curies":[{"name":"wp","href":"https:\/\/api.w.org\/{rel}","templated":true}]}}