{"id":21268,"date":"2023-07-28T15:29:21","date_gmt":"2023-07-28T19:29:21","guid":{"rendered":"https:\/\/www.cisa-arica.cl\/wp1\/?p=21268"},"modified":"2023-07-29T10:53:34","modified_gmt":"2023-07-29T14:53:34","slug":"reunion-de-apoderados-10","status":"publish","type":"post","link":"https:\/\/www.cisa-arica.cl\/wp1\/2023\/07\/28\/reunion-de-apoderados-10\/","title":{"rendered":"Reuni\u00f3n de Apoderados"},"content":{"rendered":"<div class=\"gmail_default\">Estimado(a)\u00a0<span class=\"gmail-il\">Apoderado<\/span>(a):<\/div>\n<div class=\"gmail_default\"><span style=\"font-size: 15px; -webkit-text-size-adjust: 100%;\">\u00a0 \u00a0Se informa que la pr\u00f3xima semana se realizar\u00e1n las\u00a0<\/span><span class=\"gmail-il\" style=\"font-size: 15px; -webkit-text-size-adjust: 100%;\">Reuniones<\/span><span style=\"font-size: 15px; -webkit-text-size-adjust: 100%;\">\u00a0de\u00a0<\/span><span class=\"gmail-il\" style=\"font-size: 15px; -webkit-text-size-adjust: 100%;\">Apoderados<\/span><span style=\"font-size: 15px; -webkit-text-size-adjust: 100%;\">\u00a0correspondientes a este nuevo per\u00edodo de clases:<\/span><\/div>\n<div class=\"gmail_default\"><\/div>\n<div class=\"gmail_default\"><b><span dir=\"ltr\">LUNES 31 DE JULIO 2023<\/span><\/b><\/div>\n<div class=\"gmail_default\"><b>Educaci\u00f3n Parvularia y Educaci\u00f3n B\u00e1sica<\/b><\/div>\n<div class=\"gmail_default\">Niveles: Desde <strong>pre kinder a 6\u00ba a\u00f1o b\u00e1sico<\/strong><\/div>\n<div class=\"gmail_default\">Hora: 18.00 hrs.<\/div>\n<div class=\"gmail_default\">Ingreso por 21 de mayo.<\/div>\n<div class=\"gmail_default\"><\/div>\n<div class=\"gmail_default\"><b><span dir=\"ltr\">MARTES 01 DE AGOSTO 2023<\/span><\/b><\/div>\n<div class=\"gmail_default\"><b>Educaci\u00f3n Media<\/b><\/div>\n<div class=\"gmail_default\">Niveles: Desde <strong>7\u00ba a 4\u00ba medio<\/strong><\/div>\n<div class=\"gmail_default\">Hora: 18.00 hrs.<\/div>\n<div class=\"gmail_default\">Ingreso por 21 de mayo.<\/div>\n<div class=\"gmail_default\"><\/div>\n<div class=\"gmail_default\">Es de nuestro inter\u00e9s que los padres y|o apoderados reciban adecuadamente toda la informaci\u00f3n que se entregar\u00e1, por lo que es importante que asistan\u00a0<u><b>s\u00f3lo adultos<\/b><\/u>\u00a0a la\u00a0<span class=\"gmail-il\">reuni\u00f3n<\/span>.<\/div>\n<div class=\"gmail_default\">\u00a0 \u00a0Desde ya se agradece su compromiso, asistencia y puntualidad.<\/div>\n<div class=\"gmail_default\">\u00a0 \u00a0Atentamente,<\/div>\n<div><\/div>\n<div class=\"gmail_default\">\u00a0 \u00a0 \u00a0 \u00a0 \u00a0 \u00a0 \u00a0 \u00a0 \u00a0 \u00a0 \u00a0La Direcci\u00f3n<\/div>\n","protected":false},"excerpt":{"rendered":"<p>Estimado(a)\u00a0Apoderado(a): \u00a0 \u00a0Se informa que la pr\u00f3xima semana se realizar\u00e1n las\u00a0Reuniones\u00a0de\u00a0Apoderados\u00a0correspondientes a este nuevo per\u00edodo de clases: LUNES 31 DE JULIO 2023 Educaci\u00f3n Parvularia y Educaci\u00f3n B\u00e1sica Niveles: Desde pre kinder a 6\u00ba a\u00f1o b\u00e1sico Hora: 18.00 hrs. Ingreso por 21 de mayo. MARTES 01 DE AGOSTO 2023 Educaci\u00f3n Media Niveles: Desde 7\u00ba a 4\u00ba <a class=\"read-more\" href=\"https:\/\/www.cisa-arica.cl\/wp1\/2023\/07\/28\/reunion-de-apoderados-10\/\">Continuar leyendo<\/a><\/p>\n","protected":false},"author":5,"featured_media":0,"comment_status":"closed","ping_status":"open","sticky":false,"template":"","format":"standard","meta":{"_jetpack_memberships_contains_paid_content":false,"footnotes":"","jetpack_publicize_message":"","jetpack_publicize_feature_enabled":true,"jetpack_social_post_already_shared":true,"jetpack_social_options":{"image_generator_settings":{"template":"highway","default_image_id":0,"font":"","enabled":false},"version":2}},"categories":[5],"tags":[],"class_list":["post-21268","post","type-post","status-publish","format-standard","hentry","category-uncategorized"],"jetpack_publicize_connections":[],"jetpack_featured_media_url":"","jetpack_sharing_enabled":true,"jetpack_shortlink":"https:\/\/wp.me\/p84wcz-5x2","jetpack-related-posts":[{"id":11763,"url":"https:\/\/www.cisa-arica.cl\/wp1\/2020\/11\/16\/3era-reunion-de-apoderados\/","url_meta":{"origin":21268,"position":0},"title":"3era Reuni\u00f3n de Apoderados","author":"CISA","date":"16 de Noviembre de 2020","format":false,"excerpt":"Estimados Apoderados y Apoderadas. Junto con saludar y desear que se encuentren bien junto a su familia, informamos que se llevar\u00e1 a cabo la 3era Reuni\u00f3n de Apoderados, los siguientes d\u00edas: \u2022 Martes 24 de noviembre, para Educaci\u00f3n Parvularia. \u2022 Mi\u00e9rcoles 25 de noviembre, para Educaci\u00f3n B\u00e1sica. \u2022 Jueves 26\u2026","rel":"","context":"Entrada similar ","block_context":{"text":"Entrada similar ","link":""},"img":{"alt_text":"","src":"https:\/\/i0.wp.com\/www.cisa-arica.cl\/wp1\/wp-content\/uploads\/2020\/11\/98776579-54bd-437e-9294-ce6302c2da2f.png?resize=350%2C200&ssl=1","width":350,"height":200,"srcset":"https:\/\/i0.wp.com\/www.cisa-arica.cl\/wp1\/wp-content\/uploads\/2020\/11\/98776579-54bd-437e-9294-ce6302c2da2f.png?resize=350%2C200&ssl=1 1x, https:\/\/i0.wp.com\/www.cisa-arica.cl\/wp1\/wp-content\/uploads\/2020\/11\/98776579-54bd-437e-9294-ce6302c2da2f.png?resize=525%2C300&ssl=1 1.5x, https:\/\/i0.wp.com\/www.cisa-arica.cl\/wp1\/wp-content\/uploads\/2020\/11\/98776579-54bd-437e-9294-ce6302c2da2f.png?resize=700%2C400&ssl=1 2x, https:\/\/i0.wp.com\/www.cisa-arica.cl\/wp1\/wp-content\/uploads\/2020\/11\/98776579-54bd-437e-9294-ce6302c2da2f.png?resize=1050%2C600&ssl=1 3x, https:\/\/i0.wp.com\/www.cisa-arica.cl\/wp1\/wp-content\/uploads\/2020\/11\/98776579-54bd-437e-9294-ce6302c2da2f.png?resize=1400%2C800&ssl=1 4x"},"classes":[]},{"id":12297,"url":"https:\/\/www.cisa-arica.cl\/wp1\/2021\/04\/22\/reunion-de-apoderados-5\/","url_meta":{"origin":21268,"position":1},"title":"Reuni\u00f3n de Apoderados","author":"CISA","date":"22 de Abril de 2021","format":false,"excerpt":"Estimados Apoderados y Apoderadas. Junto con saludar y desear que se encuentren bien junto a su familia, informamos que se llevar\u00e1 a cabo la 1era Reuni\u00f3n de Padres y Apoderados, los siguientes d\u00edas a\u00a0las 18:00\u00a0hrs a trav\u00e9s de la aplicaci\u00f3n Meet. \u2022 Martes\u00a027 de\u00a0Abril, para Educaci\u00f3n Parvularia. \u2022\u00a0Mi\u00e9rcoles 28 de\u2026","rel":"","context":"Entrada similar ","block_context":{"text":"Entrada similar ","link":""},"img":{"alt_text":"","src":"https:\/\/i0.wp.com\/www.cisa-arica.cl\/wp1\/wp-content\/uploads\/2021\/04\/img_7778.jpg?resize=350%2C200&ssl=1","width":350,"height":200,"srcset":"https:\/\/i0.wp.com\/www.cisa-arica.cl\/wp1\/wp-content\/uploads\/2021\/04\/img_7778.jpg?resize=350%2C200&ssl=1 1x, https:\/\/i0.wp.com\/www.cisa-arica.cl\/wp1\/wp-content\/uploads\/2021\/04\/img_7778.jpg?resize=525%2C300&ssl=1 1.5x, https:\/\/i0.wp.com\/www.cisa-arica.cl\/wp1\/wp-content\/uploads\/2021\/04\/img_7778.jpg?resize=700%2C400&ssl=1 2x"},"classes":[]},{"id":15049,"url":"https:\/\/www.cisa-arica.cl\/wp1\/2022\/03\/18\/informacion-1a-reunion-de-apoderados\/","url_meta":{"origin":21268,"position":2},"title":"Informaci\u00f3n 1\u00aa reuni\u00f3n de apoderados ON LINE","author":"Jeannette Rivera","date":"18 de Marzo de 2022","format":false,"excerpt":"Estimados Padres y Apoderados: Junto con saludar y desear que se encuentren bien junto a sus familias, informamos que se llevar\u00e1 a cabo la 1a\u00a0Reuni\u00f3n\u00a0de Padres y\u00a0Apoderados, las cuales se realizar\u00e1n On-Line v\u00eda Meet, de 19:00 hrs. a 20:00 hrs. La invitaci\u00f3n ser\u00e1 enviada a los correos institucionales de las\u2026","rel":"","context":"Entrada similar ","block_context":{"text":"Entrada similar ","link":""},"img":{"alt_text":"reuni\u00f3n CISA","src":"https:\/\/i0.wp.com\/www.cisa-arica.cl\/wp1\/wp-content\/uploads\/2021\/11\/REUNION-DE-APODERADOS-TITULO.jpg?resize=350%2C200&ssl=1","width":350,"height":200,"srcset":"https:\/\/i0.wp.com\/www.cisa-arica.cl\/wp1\/wp-content\/uploads\/2021\/11\/REUNION-DE-APODERADOS-TITULO.jpg?resize=350%2C200&ssl=1 1x, https:\/\/i0.wp.com\/www.cisa-arica.cl\/wp1\/wp-content\/uploads\/2021\/11\/REUNION-DE-APODERADOS-TITULO.jpg?resize=525%2C300&ssl=1 1.5x, https:\/\/i0.wp.com\/www.cisa-arica.cl\/wp1\/wp-content\/uploads\/2021\/11\/REUNION-DE-APODERADOS-TITULO.jpg?resize=700%2C400&ssl=1 2x, https:\/\/i0.wp.com\/www.cisa-arica.cl\/wp1\/wp-content\/uploads\/2021\/11\/REUNION-DE-APODERADOS-TITULO.jpg?resize=1050%2C600&ssl=1 3x"},"classes":[]},{"id":27288,"url":"https:\/\/www.cisa-arica.cl\/wp1\/2024\/11\/04\/reuniones-de-apoderados-2\/","url_meta":{"origin":21268,"position":3},"title":"Reuniones de Apoderados","author":"Jeannette Rivera","date":"4 de Noviembre de 2024","format":false,"excerpt":"Estimados padres y apoderados: \u00a0 \u00a0Se recuerda que este Martes 05 y Mi\u00e9rcoles 06 de Noviembre se realizar\u00e1n las \u00faltimas reuniones de apoderados, por lo tanto, su asistencia es primordial para recibir la informaci\u00f3n correspondiente a la situaci\u00f3n pedag\u00f3gica general del curso, pr\u00f3ximas actividades y fechas relevantes para el proceso\u2026","rel":"","context":"Entrada similar ","block_context":{"text":"Entrada similar ","link":""},"img":{"alt_text":"","src":"https:\/\/i0.wp.com\/www.cisa-arica.cl\/wp1\/wp-content\/uploads\/2024\/11\/REUNIONES-NOVIEMBRE-1.png?resize=350%2C200&ssl=1","width":350,"height":200,"srcset":"https:\/\/i0.wp.com\/www.cisa-arica.cl\/wp1\/wp-content\/uploads\/2024\/11\/REUNIONES-NOVIEMBRE-1.png?resize=350%2C200&ssl=1 1x, https:\/\/i0.wp.com\/www.cisa-arica.cl\/wp1\/wp-content\/uploads\/2024\/11\/REUNIONES-NOVIEMBRE-1.png?resize=525%2C300&ssl=1 1.5x, https:\/\/i0.wp.com\/www.cisa-arica.cl\/wp1\/wp-content\/uploads\/2024\/11\/REUNIONES-NOVIEMBRE-1.png?resize=700%2C400&ssl=1 2x, https:\/\/i0.wp.com\/www.cisa-arica.cl\/wp1\/wp-content\/uploads\/2024\/11\/REUNIONES-NOVIEMBRE-1.png?resize=1050%2C600&ssl=1 3x, https:\/\/i0.wp.com\/www.cisa-arica.cl\/wp1\/wp-content\/uploads\/2024\/11\/REUNIONES-NOVIEMBRE-1.png?resize=1400%2C800&ssl=1 4x"},"classes":[]},{"id":9267,"url":"https:\/\/www.cisa-arica.cl\/wp1\/2019\/09\/11\/informacion-importante-horario-de-salida-y-reunion-de-apoderados\/","url_meta":{"origin":21268,"position":4},"title":"Informaci\u00f3n importante: Reuni\u00f3n de apoderados","author":"Jeannette Rivera","date":"11 de Septiembre de 2019","format":false,"excerpt":"Estimado padre y apoderado: Junto con saludarlos, se comunica que las reuniones de apoderados para este mes se realizar\u00e1n en las siguientes fechas: - Martes 24 de septiembre 19.00 hrs. Educaci\u00f3n pre b\u00e1sica - Mi\u00e9rcoles 25 de septiembre 19.00 hrs. Educaci\u00f3n b\u00e1sica 1\u00ba a 6\u00ba a\u00f1o. - Jueves 26 de\u2026","rel":"","context":"Entrada similar ","block_context":{"text":"Entrada similar ","link":""},"img":{"alt_text":"","src":"https:\/\/i0.wp.com\/www.cisa-arica.cl\/wp1\/wp-content\/uploads\/2019\/04\/cropped-LOGO_CISA_chico-2-e1557940881746.png?resize=350%2C200&ssl=1","width":350,"height":200},"classes":[]},{"id":13548,"url":"https:\/\/www.cisa-arica.cl\/wp1\/2021\/11\/08\/reunion-de-apoderados-9\/","url_meta":{"origin":21268,"position":5},"title":"Reuni\u00f3n de Apoderados","author":"CISA","date":"8 de Noviembre de 2021","format":false,"excerpt":"Estimados\u00a0Apoderados\u00a0y Apoderadas: Junto con saludar y desear que se encuentren bien junto a su familia, informamos que se llevar\u00e1 a cabo la 5ta\u00a0Reuni\u00f3n\u00a0de Padres y\u00a0Apoderados, los siguientes d\u00edas a\u00a0las\u00a019:00\u00a0hrs\u00a0a trav\u00e9s de la aplicaci\u00f3n Meet. \u2022\u00a0Martes 09 de Noviembre, para Educaci\u00f3n Parvularia (Prekinder y Kinder). \u2022\u00a0Mi\u00e9rcoles 10 de Noviembre, para Educaci\u00f3n\u2026","rel":"","context":"Entrada similar ","block_context":{"text":"Entrada similar ","link":""},"img":{"alt_text":"reuni\u00f3n CISA","src":"https:\/\/i0.wp.com\/www.cisa-arica.cl\/wp1\/wp-content\/uploads\/2021\/11\/REUNION-DE-APODERADOS-TITULO.jpg?resize=350%2C200&ssl=1","width":350,"height":200,"srcset":"https:\/\/i0.wp.com\/www.cisa-arica.cl\/wp1\/wp-content\/uploads\/2021\/11\/REUNION-DE-APODERADOS-TITULO.jpg?resize=350%2C200&ssl=1 1x, https:\/\/i0.wp.com\/www.cisa-arica.cl\/wp1\/wp-content\/uploads\/2021\/11\/REUNION-DE-APODERADOS-TITULO.jpg?resize=525%2C300&ssl=1 1.5x, https:\/\/i0.wp.com\/www.cisa-arica.cl\/wp1\/wp-content\/uploads\/2021\/11\/REUNION-DE-APODERADOS-TITULO.jpg?resize=700%2C400&ssl=1 2x, https:\/\/i0.wp.com\/www.cisa-arica.cl\/wp1\/wp-content\/uploads\/2021\/11\/REUNION-DE-APODERADOS-TITULO.jpg?resize=1050%2C600&ssl=1 3x"},"classes":[]}],"_links":{"self":[{"href":"https:\/\/www.cisa-arica.cl\/wp1\/wp-json\/wp\/v2\/posts\/21268","targetHints":{"allow":["GET"]}}],"collection":[{"href":"https:\/\/www.cisa-arica.cl\/wp1\/wp-json\/wp\/v2\/posts"}],"about":[{"href":"https:\/\/www.cisa-arica.cl\/wp1\/wp-json\/wp\/v2\/types\/post"}],"author":[{"embeddable":true,"href":"https:\/\/www.cisa-arica.cl\/wp1\/wp-json\/wp\/v2\/users\/5"}],"replies":[{"embeddable":true,"href":"https:\/\/www.cisa-arica.cl\/wp1\/wp-json\/wp\/v2\/comments?post=21268"}],"version-history":[{"count":3,"href":"https:\/\/www.cisa-arica.cl\/wp1\/wp-json\/wp\/v2\/posts\/21268\/revisions"}],"predecessor-version":[{"id":21272,"href":"https:\/\/www.cisa-arica.cl\/wp1\/wp-json\/wp\/v2\/posts\/21268\/revisions\/21272"}],"wp:attachment":[{"href":"https:\/\/www.cisa-arica.cl\/wp1\/wp-json\/wp\/v2\/media?parent=21268"}],"wp:term":[{"taxonomy":"category","embeddable":true,"href":"https:\/\/www.cisa-arica.cl\/wp1\/wp-json\/wp\/v2\/categories?post=21268"},{"taxonomy":"post_tag","embeddable":true,"href":"https:\/\/www.cisa-arica.cl\/wp1\/wp-json\/wp\/v2\/tags?post=21268"}],"curies":[{"name":"wp","href":"https:\/\/api.w.org\/{rel}","templated":true}]}}