{"id":20850,"date":"2023-06-01T15:42:00","date_gmt":"2023-06-01T19:42:00","guid":{"rendered":"https:\/\/www.cisa-arica.cl\/wp1\/?p=20850"},"modified":"2023-06-15T15:44:37","modified_gmt":"2023-06-15T19:44:37","slug":"proceso-de-eleccion-centro-de-estudiantes-2023","status":"publish","type":"post","link":"https:\/\/www.cisa-arica.cl\/wp1\/2023\/06\/01\/proceso-de-eleccion-centro-de-estudiantes-2023\/","title":{"rendered":"Proceso de Elecci\u00f3n Centro de Estudiantes 2023"},"content":{"rendered":"<p>El pasado martes 30 de mayo se llev\u00f3 a cabo un nuevo proceso eleccionario para el per\u00edodo 2023 del Centro de Estudiantes en nuestro establecimiento. El proceso estuvo guiado por las profesoras Alexa Aburto y Pamela El\u00edas, adem\u00e1s personeros del Servel se hicieron presente para ser observadores del proceso. Las estudiantes que participaron fueron desde los 7os a\u00f1os b\u00e1sicos hasta los 4tos medios.<\/p>\n<p>&nbsp;<\/p>\n\n\n<div class=\"wp-block-jetpack-tiled-gallery aligncenter is-style-rectangular\"><div class=\"tiled-gallery__gallery\"><div class=\"tiled-gallery__row\"><div class=\"tiled-gallery__col\" style=\"flex-basis:66.75527%\"><figure class=\"tiled-gallery__item\"><img decoding=\"async\" data-attachment-id=\"20873\" data-permalink=\"https:\/\/www.cisa-arica.cl\/wp1\/2023\/06\/01\/proceso-de-eleccion-centro-de-estudiantes-2023\/whatsapp-image-2023-06-01-at-13-16-26\/\" data-orig-file=\"https:\/\/www.cisa-arica.cl\/wp1\/wp-content\/uploads\/2023\/06\/WhatsApp-Image-2023-06-01-at-13.16.26.jpeg\" data-orig-size=\"1000,667\" data-comments-opened=\"0\" data-image-meta=\"{&quot;aperture&quot;:&quot;0&quot;,&quot;credit&quot;:&quot;&quot;,&quot;camera&quot;:&quot;&quot;,&quot;caption&quot;:&quot;&quot;,&quot;created_timestamp&quot;:&quot;0&quot;,&quot;copyright&quot;:&quot;&quot;,&quot;focal_length&quot;:&quot;0&quot;,&quot;iso&quot;:&quot;0&quot;,&quot;shutter_speed&quot;:&quot;0&quot;,&quot;title&quot;:&quot;&quot;,&quot;orientation&quot;:&quot;0&quot;}\" data-image-title=\"WhatsApp-Image-2023-06-01-at-13.16.26\" data-image-description=\"\" data-image-caption=\"\" data-large-file=\"https:\/\/www.cisa-arica.cl\/wp1\/wp-content\/uploads\/2023\/06\/WhatsApp-Image-2023-06-01-at-13.16.26-600x400.jpeg\" data-attachment-id=\"20873\" data-permalink=\"https:\/\/www.cisa-arica.cl\/wp1\/2023\/06\/01\/proceso-de-eleccion-centro-de-estudiantes-2023\/whatsapp-image-2023-06-01-at-13-16-26\/\" data-orig-file=\"https:\/\/www.cisa-arica.cl\/wp1\/wp-content\/uploads\/2023\/06\/WhatsApp-Image-2023-06-01-at-13.16.26.jpeg\" data-orig-size=\"1000,667\" data-comments-opened=\"0\" data-image-meta=\"{&quot;aperture&quot;:&quot;0&quot;,&quot;credit&quot;:&quot;&quot;,&quot;camera&quot;:&quot;&quot;,&quot;caption&quot;:&quot;&quot;,&quot;created_timestamp&quot;:&quot;0&quot;,&quot;copyright&quot;:&quot;&quot;,&quot;focal_length&quot;:&quot;0&quot;,&quot;iso&quot;:&quot;0&quot;,&quot;shutter_speed&quot;:&quot;0&quot;,&quot;title&quot;:&quot;&quot;,&quot;orientation&quot;:&quot;0&quot;}\" data-image-title=\"WhatsApp-Image-2023-06-01-at-13.16.26\" data-image-description=\"\" data-image-caption=\"\" data-large-file=\"https:\/\/www.cisa-arica.cl\/wp1\/wp-content\/uploads\/2023\/06\/WhatsApp-Image-2023-06-01-at-13.16.26-600x400.jpeg\" role=\"button\" tabindex=\"0\" aria-label=\"Abrir la imagen 1 de 12 en pantalla completa\"srcset=\"https:\/\/i0.wp.com\/www.cisa-arica.cl\/wp1\/wp-content\/uploads\/2023\/06\/WhatsApp-Image-2023-06-01-at-13.16.26-600x400.jpeg?strip=info&#038;w=600&#038;ssl=1 600w,https:\/\/i0.wp.com\/www.cisa-arica.cl\/wp1\/wp-content\/uploads\/2023\/06\/WhatsApp-Image-2023-06-01-at-13.16.26-600x400.jpeg?strip=info&#038;w=900&#038;ssl=1 900w,https:\/\/i0.wp.com\/www.cisa-arica.cl\/wp1\/wp-content\/uploads\/2023\/06\/WhatsApp-Image-2023-06-01-at-13.16.26-600x400.jpeg?strip=info&#038;w=1000&#038;ssl=1 1000w\" alt=\"\" data-height=\"667\" data-id=\"20873\" data-link=\"https:\/\/www.cisa-arica.cl\/wp1\/?attachment_id=20873\" data-url=\"https:\/\/www.cisa-arica.cl\/wp1\/wp-content\/uploads\/2023\/06\/WhatsApp-Image-2023-06-01-at-13.16.26-600x400.jpeg\" data-width=\"1000\" src=\"https:\/\/i0.wp.com\/www.cisa-arica.cl\/wp1\/wp-content\/uploads\/2023\/06\/WhatsApp-Image-2023-06-01-at-13.16.26-600x400.jpeg?ssl=1\" data-amp-layout=\"responsive\"\/><\/figure><\/div><div class=\"tiled-gallery__col\" style=\"flex-basis:33.24473%\"><figure class=\"tiled-gallery__item\"><img decoding=\"async\" data-attachment-id=\"20874\" data-permalink=\"https:\/\/www.cisa-arica.cl\/wp1\/2023\/06\/01\/proceso-de-eleccion-centro-de-estudiantes-2023\/whatsapp-image-2023-06-01-at-13-16-263\/\" data-orig-file=\"https:\/\/www.cisa-arica.cl\/wp1\/wp-content\/uploads\/2023\/06\/WhatsApp-Image-2023-06-01-at-13.16.263.jpeg\" data-orig-size=\"1000,667\" data-comments-opened=\"0\" data-image-meta=\"{&quot;aperture&quot;:&quot;0&quot;,&quot;credit&quot;:&quot;&quot;,&quot;camera&quot;:&quot;&quot;,&quot;caption&quot;:&quot;&quot;,&quot;created_timestamp&quot;:&quot;0&quot;,&quot;copyright&quot;:&quot;&quot;,&quot;focal_length&quot;:&quot;0&quot;,&quot;iso&quot;:&quot;0&quot;,&quot;shutter_speed&quot;:&quot;0&quot;,&quot;title&quot;:&quot;&quot;,&quot;orientation&quot;:&quot;0&quot;}\" data-image-title=\"WhatsApp-Image-2023-06-01-at-13.16.263\" data-image-description=\"\" data-image-caption=\"\" data-large-file=\"https:\/\/www.cisa-arica.cl\/wp1\/wp-content\/uploads\/2023\/06\/WhatsApp-Image-2023-06-01-at-13.16.263-600x400.jpeg\" data-attachment-id=\"20874\" data-permalink=\"https:\/\/www.cisa-arica.cl\/wp1\/2023\/06\/01\/proceso-de-eleccion-centro-de-estudiantes-2023\/whatsapp-image-2023-06-01-at-13-16-263\/\" data-orig-file=\"https:\/\/www.cisa-arica.cl\/wp1\/wp-content\/uploads\/2023\/06\/WhatsApp-Image-2023-06-01-at-13.16.263.jpeg\" data-orig-size=\"1000,667\" data-comments-opened=\"0\" data-image-meta=\"{&quot;aperture&quot;:&quot;0&quot;,&quot;credit&quot;:&quot;&quot;,&quot;camera&quot;:&quot;&quot;,&quot;caption&quot;:&quot;&quot;,&quot;created_timestamp&quot;:&quot;0&quot;,&quot;copyright&quot;:&quot;&quot;,&quot;focal_length&quot;:&quot;0&quot;,&quot;iso&quot;:&quot;0&quot;,&quot;shutter_speed&quot;:&quot;0&quot;,&quot;title&quot;:&quot;&quot;,&quot;orientation&quot;:&quot;0&quot;}\" data-image-title=\"WhatsApp-Image-2023-06-01-at-13.16.263\" data-image-description=\"\" data-image-caption=\"\" data-large-file=\"https:\/\/www.cisa-arica.cl\/wp1\/wp-content\/uploads\/2023\/06\/WhatsApp-Image-2023-06-01-at-13.16.263-600x400.jpeg\" role=\"button\" tabindex=\"0\" aria-label=\"Abrir la imagen 2 de 12 en pantalla completa\"srcset=\"https:\/\/i1.wp.com\/www.cisa-arica.cl\/wp1\/wp-content\/uploads\/2023\/06\/WhatsApp-Image-2023-06-01-at-13.16.263-600x400.jpeg?strip=info&#038;w=600&#038;ssl=1 600w,https:\/\/i1.wp.com\/www.cisa-arica.cl\/wp1\/wp-content\/uploads\/2023\/06\/WhatsApp-Image-2023-06-01-at-13.16.263-600x400.jpeg?strip=info&#038;w=900&#038;ssl=1 900w,https:\/\/i1.wp.com\/www.cisa-arica.cl\/wp1\/wp-content\/uploads\/2023\/06\/WhatsApp-Image-2023-06-01-at-13.16.263-600x400.jpeg?strip=info&#038;w=1000&#038;ssl=1 1000w\" alt=\"\" data-height=\"667\" data-id=\"20874\" data-link=\"https:\/\/www.cisa-arica.cl\/wp1\/?attachment_id=20874\" data-url=\"https:\/\/www.cisa-arica.cl\/wp1\/wp-content\/uploads\/2023\/06\/WhatsApp-Image-2023-06-01-at-13.16.263-600x400.jpeg\" data-width=\"1000\" src=\"https:\/\/i1.wp.com\/www.cisa-arica.cl\/wp1\/wp-content\/uploads\/2023\/06\/WhatsApp-Image-2023-06-01-at-13.16.263-600x400.jpeg?ssl=1\" data-amp-layout=\"responsive\"\/><\/figure><figure class=\"tiled-gallery__item\"><img decoding=\"async\" data-attachment-id=\"20875\" data-permalink=\"https:\/\/www.cisa-arica.cl\/wp1\/2023\/06\/01\/proceso-de-eleccion-centro-de-estudiantes-2023\/whatsapp-image-2023-06-01-at-13-16-262\/\" data-orig-file=\"https:\/\/www.cisa-arica.cl\/wp1\/wp-content\/uploads\/2023\/06\/WhatsApp-Image-2023-06-01-at-13.16.262.jpeg\" data-orig-size=\"1000,667\" data-comments-opened=\"0\" data-image-meta=\"{&quot;aperture&quot;:&quot;0&quot;,&quot;credit&quot;:&quot;&quot;,&quot;camera&quot;:&quot;&quot;,&quot;caption&quot;:&quot;&quot;,&quot;created_timestamp&quot;:&quot;0&quot;,&quot;copyright&quot;:&quot;&quot;,&quot;focal_length&quot;:&quot;0&quot;,&quot;iso&quot;:&quot;0&quot;,&quot;shutter_speed&quot;:&quot;0&quot;,&quot;title&quot;:&quot;&quot;,&quot;orientation&quot;:&quot;0&quot;}\" data-image-title=\"WhatsApp-Image-2023-06-01-at-13.16.262\" data-image-description=\"\" data-image-caption=\"\" data-large-file=\"https:\/\/www.cisa-arica.cl\/wp1\/wp-content\/uploads\/2023\/06\/WhatsApp-Image-2023-06-01-at-13.16.262-600x400.jpeg\" data-attachment-id=\"20875\" data-permalink=\"https:\/\/www.cisa-arica.cl\/wp1\/2023\/06\/01\/proceso-de-eleccion-centro-de-estudiantes-2023\/whatsapp-image-2023-06-01-at-13-16-262\/\" data-orig-file=\"https:\/\/www.cisa-arica.cl\/wp1\/wp-content\/uploads\/2023\/06\/WhatsApp-Image-2023-06-01-at-13.16.262.jpeg\" data-orig-size=\"1000,667\" data-comments-opened=\"0\" data-image-meta=\"{&quot;aperture&quot;:&quot;0&quot;,&quot;credit&quot;:&quot;&quot;,&quot;camera&quot;:&quot;&quot;,&quot;caption&quot;:&quot;&quot;,&quot;created_timestamp&quot;:&quot;0&quot;,&quot;copyright&quot;:&quot;&quot;,&quot;focal_length&quot;:&quot;0&quot;,&quot;iso&quot;:&quot;0&quot;,&quot;shutter_speed&quot;:&quot;0&quot;,&quot;title&quot;:&quot;&quot;,&quot;orientation&quot;:&quot;0&quot;}\" data-image-title=\"WhatsApp-Image-2023-06-01-at-13.16.262\" data-image-description=\"\" data-image-caption=\"\" data-large-file=\"https:\/\/www.cisa-arica.cl\/wp1\/wp-content\/uploads\/2023\/06\/WhatsApp-Image-2023-06-01-at-13.16.262-600x400.jpeg\" role=\"button\" tabindex=\"0\" aria-label=\"Abrir la imagen 3 de 12 en pantalla completa\"srcset=\"https:\/\/i1.wp.com\/www.cisa-arica.cl\/wp1\/wp-content\/uploads\/2023\/06\/WhatsApp-Image-2023-06-01-at-13.16.262-600x400.jpeg?strip=info&#038;w=600&#038;ssl=1 600w,https:\/\/i1.wp.com\/www.cisa-arica.cl\/wp1\/wp-content\/uploads\/2023\/06\/WhatsApp-Image-2023-06-01-at-13.16.262-600x400.jpeg?strip=info&#038;w=900&#038;ssl=1 900w,https:\/\/i1.wp.com\/www.cisa-arica.cl\/wp1\/wp-content\/uploads\/2023\/06\/WhatsApp-Image-2023-06-01-at-13.16.262-600x400.jpeg?strip=info&#038;w=1000&#038;ssl=1 1000w\" alt=\"\" data-height=\"667\" data-id=\"20875\" data-link=\"https:\/\/www.cisa-arica.cl\/wp1\/?attachment_id=20875\" data-url=\"https:\/\/www.cisa-arica.cl\/wp1\/wp-content\/uploads\/2023\/06\/WhatsApp-Image-2023-06-01-at-13.16.262-600x400.jpeg\" data-width=\"1000\" src=\"https:\/\/i1.wp.com\/www.cisa-arica.cl\/wp1\/wp-content\/uploads\/2023\/06\/WhatsApp-Image-2023-06-01-at-13.16.262-600x400.jpeg?ssl=1\" data-amp-layout=\"responsive\"\/><\/figure><\/div><\/div><div class=\"tiled-gallery__row\"><div class=\"tiled-gallery__col\" style=\"flex-basis:33.33333%\"><figure class=\"tiled-gallery__item\"><img decoding=\"async\" data-attachment-id=\"20876\" data-permalink=\"https:\/\/www.cisa-arica.cl\/wp1\/2023\/06\/01\/proceso-de-eleccion-centro-de-estudiantes-2023\/whatsapp-image-2023-06-01-at-13-16-261\/\" data-orig-file=\"https:\/\/www.cisa-arica.cl\/wp1\/wp-content\/uploads\/2023\/06\/WhatsApp-Image-2023-06-01-at-13.16.261.jpeg\" data-orig-size=\"1000,667\" data-comments-opened=\"0\" data-image-meta=\"{&quot;aperture&quot;:&quot;0&quot;,&quot;credit&quot;:&quot;&quot;,&quot;camera&quot;:&quot;&quot;,&quot;caption&quot;:&quot;&quot;,&quot;created_timestamp&quot;:&quot;0&quot;,&quot;copyright&quot;:&quot;&quot;,&quot;focal_length&quot;:&quot;0&quot;,&quot;iso&quot;:&quot;0&quot;,&quot;shutter_speed&quot;:&quot;0&quot;,&quot;title&quot;:&quot;&quot;,&quot;orientation&quot;:&quot;0&quot;}\" data-image-title=\"WhatsApp-Image-2023-06-01-at-13.16.261\" data-image-description=\"\" data-image-caption=\"\" data-large-file=\"https:\/\/www.cisa-arica.cl\/wp1\/wp-content\/uploads\/2023\/06\/WhatsApp-Image-2023-06-01-at-13.16.261-600x400.jpeg\" data-attachment-id=\"20876\" data-permalink=\"https:\/\/www.cisa-arica.cl\/wp1\/2023\/06\/01\/proceso-de-eleccion-centro-de-estudiantes-2023\/whatsapp-image-2023-06-01-at-13-16-261\/\" data-orig-file=\"https:\/\/www.cisa-arica.cl\/wp1\/wp-content\/uploads\/2023\/06\/WhatsApp-Image-2023-06-01-at-13.16.261.jpeg\" data-orig-size=\"1000,667\" data-comments-opened=\"0\" data-image-meta=\"{&quot;aperture&quot;:&quot;0&quot;,&quot;credit&quot;:&quot;&quot;,&quot;camera&quot;:&quot;&quot;,&quot;caption&quot;:&quot;&quot;,&quot;created_timestamp&quot;:&quot;0&quot;,&quot;copyright&quot;:&quot;&quot;,&quot;focal_length&quot;:&quot;0&quot;,&quot;iso&quot;:&quot;0&quot;,&quot;shutter_speed&quot;:&quot;0&quot;,&quot;title&quot;:&quot;&quot;,&quot;orientation&quot;:&quot;0&quot;}\" data-image-title=\"WhatsApp-Image-2023-06-01-at-13.16.261\" data-image-description=\"\" data-image-caption=\"\" data-large-file=\"https:\/\/www.cisa-arica.cl\/wp1\/wp-content\/uploads\/2023\/06\/WhatsApp-Image-2023-06-01-at-13.16.261-600x400.jpeg\" role=\"button\" tabindex=\"0\" aria-label=\"Abrir la imagen 4 de 12 en pantalla completa\"srcset=\"https:\/\/i0.wp.com\/www.cisa-arica.cl\/wp1\/wp-content\/uploads\/2023\/06\/WhatsApp-Image-2023-06-01-at-13.16.261-600x400.jpeg?strip=info&#038;w=600&#038;ssl=1 600w,https:\/\/i0.wp.com\/www.cisa-arica.cl\/wp1\/wp-content\/uploads\/2023\/06\/WhatsApp-Image-2023-06-01-at-13.16.261-600x400.jpeg?strip=info&#038;w=900&#038;ssl=1 900w,https:\/\/i0.wp.com\/www.cisa-arica.cl\/wp1\/wp-content\/uploads\/2023\/06\/WhatsApp-Image-2023-06-01-at-13.16.261-600x400.jpeg?strip=info&#038;w=1000&#038;ssl=1 1000w\" alt=\"\" data-height=\"667\" data-id=\"20876\" data-link=\"https:\/\/www.cisa-arica.cl\/wp1\/?attachment_id=20876\" data-url=\"https:\/\/www.cisa-arica.cl\/wp1\/wp-content\/uploads\/2023\/06\/WhatsApp-Image-2023-06-01-at-13.16.261-600x400.jpeg\" data-width=\"1000\" src=\"https:\/\/i0.wp.com\/www.cisa-arica.cl\/wp1\/wp-content\/uploads\/2023\/06\/WhatsApp-Image-2023-06-01-at-13.16.261-600x400.jpeg?ssl=1\" data-amp-layout=\"responsive\"\/><\/figure><\/div><div class=\"tiled-gallery__col\" style=\"flex-basis:33.33333%\"><figure class=\"tiled-gallery__item\"><img decoding=\"async\" data-attachment-id=\"20877\" data-permalink=\"https:\/\/www.cisa-arica.cl\/wp1\/2023\/06\/01\/proceso-de-eleccion-centro-de-estudiantes-2023\/whatsapp-image-2023-06-01-at-13-16-25\/\" data-orig-file=\"https:\/\/www.cisa-arica.cl\/wp1\/wp-content\/uploads\/2023\/06\/WhatsApp-Image-2023-06-01-at-13.16.25.jpeg\" data-orig-size=\"1000,667\" data-comments-opened=\"0\" data-image-meta=\"{&quot;aperture&quot;:&quot;0&quot;,&quot;credit&quot;:&quot;&quot;,&quot;camera&quot;:&quot;&quot;,&quot;caption&quot;:&quot;&quot;,&quot;created_timestamp&quot;:&quot;0&quot;,&quot;copyright&quot;:&quot;&quot;,&quot;focal_length&quot;:&quot;0&quot;,&quot;iso&quot;:&quot;0&quot;,&quot;shutter_speed&quot;:&quot;0&quot;,&quot;title&quot;:&quot;&quot;,&quot;orientation&quot;:&quot;0&quot;}\" data-image-title=\"WhatsApp-Image-2023-06-01-at-13.16.25\" data-image-description=\"\" data-image-caption=\"\" data-large-file=\"https:\/\/www.cisa-arica.cl\/wp1\/wp-content\/uploads\/2023\/06\/WhatsApp-Image-2023-06-01-at-13.16.25-600x400.jpeg\" data-attachment-id=\"20877\" data-permalink=\"https:\/\/www.cisa-arica.cl\/wp1\/2023\/06\/01\/proceso-de-eleccion-centro-de-estudiantes-2023\/whatsapp-image-2023-06-01-at-13-16-25\/\" data-orig-file=\"https:\/\/www.cisa-arica.cl\/wp1\/wp-content\/uploads\/2023\/06\/WhatsApp-Image-2023-06-01-at-13.16.25.jpeg\" data-orig-size=\"1000,667\" data-comments-opened=\"0\" data-image-meta=\"{&quot;aperture&quot;:&quot;0&quot;,&quot;credit&quot;:&quot;&quot;,&quot;camera&quot;:&quot;&quot;,&quot;caption&quot;:&quot;&quot;,&quot;created_timestamp&quot;:&quot;0&quot;,&quot;copyright&quot;:&quot;&quot;,&quot;focal_length&quot;:&quot;0&quot;,&quot;iso&quot;:&quot;0&quot;,&quot;shutter_speed&quot;:&quot;0&quot;,&quot;title&quot;:&quot;&quot;,&quot;orientation&quot;:&quot;0&quot;}\" data-image-title=\"WhatsApp-Image-2023-06-01-at-13.16.25\" data-image-description=\"\" data-image-caption=\"\" data-large-file=\"https:\/\/www.cisa-arica.cl\/wp1\/wp-content\/uploads\/2023\/06\/WhatsApp-Image-2023-06-01-at-13.16.25-600x400.jpeg\" role=\"button\" tabindex=\"0\" aria-label=\"Abrir la imagen 5 de 12 en pantalla completa\"srcset=\"https:\/\/i2.wp.com\/www.cisa-arica.cl\/wp1\/wp-content\/uploads\/2023\/06\/WhatsApp-Image-2023-06-01-at-13.16.25-600x400.jpeg?strip=info&#038;w=600&#038;ssl=1 600w,https:\/\/i2.wp.com\/www.cisa-arica.cl\/wp1\/wp-content\/uploads\/2023\/06\/WhatsApp-Image-2023-06-01-at-13.16.25-600x400.jpeg?strip=info&#038;w=900&#038;ssl=1 900w,https:\/\/i2.wp.com\/www.cisa-arica.cl\/wp1\/wp-content\/uploads\/2023\/06\/WhatsApp-Image-2023-06-01-at-13.16.25-600x400.jpeg?strip=info&#038;w=1000&#038;ssl=1 1000w\" alt=\"\" data-height=\"667\" data-id=\"20877\" data-link=\"https:\/\/www.cisa-arica.cl\/wp1\/?attachment_id=20877\" data-url=\"https:\/\/www.cisa-arica.cl\/wp1\/wp-content\/uploads\/2023\/06\/WhatsApp-Image-2023-06-01-at-13.16.25-600x400.jpeg\" data-width=\"1000\" src=\"https:\/\/i2.wp.com\/www.cisa-arica.cl\/wp1\/wp-content\/uploads\/2023\/06\/WhatsApp-Image-2023-06-01-at-13.16.25-600x400.jpeg?ssl=1\" data-amp-layout=\"responsive\"\/><\/figure><\/div><div class=\"tiled-gallery__col\" style=\"flex-basis:33.33333%\"><figure class=\"tiled-gallery__item\"><img decoding=\"async\" data-attachment-id=\"20878\" data-permalink=\"https:\/\/www.cisa-arica.cl\/wp1\/2023\/06\/01\/proceso-de-eleccion-centro-de-estudiantes-2023\/whatsapp-image-2023-06-01-at-13-16-257\/\" data-orig-file=\"https:\/\/www.cisa-arica.cl\/wp1\/wp-content\/uploads\/2023\/06\/WhatsApp-Image-2023-06-01-at-13.16.257.jpeg\" data-orig-size=\"1000,667\" data-comments-opened=\"0\" data-image-meta=\"{&quot;aperture&quot;:&quot;0&quot;,&quot;credit&quot;:&quot;&quot;,&quot;camera&quot;:&quot;&quot;,&quot;caption&quot;:&quot;&quot;,&quot;created_timestamp&quot;:&quot;0&quot;,&quot;copyright&quot;:&quot;&quot;,&quot;focal_length&quot;:&quot;0&quot;,&quot;iso&quot;:&quot;0&quot;,&quot;shutter_speed&quot;:&quot;0&quot;,&quot;title&quot;:&quot;&quot;,&quot;orientation&quot;:&quot;0&quot;}\" data-image-title=\"WhatsApp-Image-2023-06-01-at-13.16.257\" data-image-description=\"\" data-image-caption=\"\" data-large-file=\"https:\/\/www.cisa-arica.cl\/wp1\/wp-content\/uploads\/2023\/06\/WhatsApp-Image-2023-06-01-at-13.16.257-600x400.jpeg\" data-attachment-id=\"20878\" data-permalink=\"https:\/\/www.cisa-arica.cl\/wp1\/2023\/06\/01\/proceso-de-eleccion-centro-de-estudiantes-2023\/whatsapp-image-2023-06-01-at-13-16-257\/\" data-orig-file=\"https:\/\/www.cisa-arica.cl\/wp1\/wp-content\/uploads\/2023\/06\/WhatsApp-Image-2023-06-01-at-13.16.257.jpeg\" data-orig-size=\"1000,667\" data-comments-opened=\"0\" data-image-meta=\"{&quot;aperture&quot;:&quot;0&quot;,&quot;credit&quot;:&quot;&quot;,&quot;camera&quot;:&quot;&quot;,&quot;caption&quot;:&quot;&quot;,&quot;created_timestamp&quot;:&quot;0&quot;,&quot;copyright&quot;:&quot;&quot;,&quot;focal_length&quot;:&quot;0&quot;,&quot;iso&quot;:&quot;0&quot;,&quot;shutter_speed&quot;:&quot;0&quot;,&quot;title&quot;:&quot;&quot;,&quot;orientation&quot;:&quot;0&quot;}\" data-image-title=\"WhatsApp-Image-2023-06-01-at-13.16.257\" data-image-description=\"\" data-image-caption=\"\" data-large-file=\"https:\/\/www.cisa-arica.cl\/wp1\/wp-content\/uploads\/2023\/06\/WhatsApp-Image-2023-06-01-at-13.16.257-600x400.jpeg\" role=\"button\" tabindex=\"0\" aria-label=\"Abrir la imagen 6 de 12 en pantalla completa\"srcset=\"https:\/\/i1.wp.com\/www.cisa-arica.cl\/wp1\/wp-content\/uploads\/2023\/06\/WhatsApp-Image-2023-06-01-at-13.16.257-600x400.jpeg?strip=info&#038;w=600&#038;ssl=1 600w,https:\/\/i1.wp.com\/www.cisa-arica.cl\/wp1\/wp-content\/uploads\/2023\/06\/WhatsApp-Image-2023-06-01-at-13.16.257-600x400.jpeg?strip=info&#038;w=900&#038;ssl=1 900w,https:\/\/i1.wp.com\/www.cisa-arica.cl\/wp1\/wp-content\/uploads\/2023\/06\/WhatsApp-Image-2023-06-01-at-13.16.257-600x400.jpeg?strip=info&#038;w=1000&#038;ssl=1 1000w\" alt=\"\" data-height=\"667\" data-id=\"20878\" data-link=\"https:\/\/www.cisa-arica.cl\/wp1\/?attachment_id=20878\" data-url=\"https:\/\/www.cisa-arica.cl\/wp1\/wp-content\/uploads\/2023\/06\/WhatsApp-Image-2023-06-01-at-13.16.257-600x400.jpeg\" data-width=\"1000\" src=\"https:\/\/i1.wp.com\/www.cisa-arica.cl\/wp1\/wp-content\/uploads\/2023\/06\/WhatsApp-Image-2023-06-01-at-13.16.257-600x400.jpeg?ssl=1\" data-amp-layout=\"responsive\"\/><\/figure><\/div><\/div><div class=\"tiled-gallery__row\"><div class=\"tiled-gallery__col\" style=\"flex-basis:33.24473%\"><figure class=\"tiled-gallery__item\"><img decoding=\"async\" data-attachment-id=\"20879\" data-permalink=\"https:\/\/www.cisa-arica.cl\/wp1\/2023\/06\/01\/proceso-de-eleccion-centro-de-estudiantes-2023\/whatsapp-image-2023-06-01-at-13-16-256\/\" data-orig-file=\"https:\/\/www.cisa-arica.cl\/wp1\/wp-content\/uploads\/2023\/06\/WhatsApp-Image-2023-06-01-at-13.16.256.jpeg\" data-orig-size=\"1000,667\" data-comments-opened=\"0\" data-image-meta=\"{&quot;aperture&quot;:&quot;0&quot;,&quot;credit&quot;:&quot;&quot;,&quot;camera&quot;:&quot;&quot;,&quot;caption&quot;:&quot;&quot;,&quot;created_timestamp&quot;:&quot;0&quot;,&quot;copyright&quot;:&quot;&quot;,&quot;focal_length&quot;:&quot;0&quot;,&quot;iso&quot;:&quot;0&quot;,&quot;shutter_speed&quot;:&quot;0&quot;,&quot;title&quot;:&quot;&quot;,&quot;orientation&quot;:&quot;0&quot;}\" data-image-title=\"WhatsApp-Image-2023-06-01-at-13.16.256\" data-image-description=\"\" data-image-caption=\"\" data-large-file=\"https:\/\/www.cisa-arica.cl\/wp1\/wp-content\/uploads\/2023\/06\/WhatsApp-Image-2023-06-01-at-13.16.256-600x400.jpeg\" data-attachment-id=\"20879\" data-permalink=\"https:\/\/www.cisa-arica.cl\/wp1\/2023\/06\/01\/proceso-de-eleccion-centro-de-estudiantes-2023\/whatsapp-image-2023-06-01-at-13-16-256\/\" data-orig-file=\"https:\/\/www.cisa-arica.cl\/wp1\/wp-content\/uploads\/2023\/06\/WhatsApp-Image-2023-06-01-at-13.16.256.jpeg\" data-orig-size=\"1000,667\" data-comments-opened=\"0\" data-image-meta=\"{&quot;aperture&quot;:&quot;0&quot;,&quot;credit&quot;:&quot;&quot;,&quot;camera&quot;:&quot;&quot;,&quot;caption&quot;:&quot;&quot;,&quot;created_timestamp&quot;:&quot;0&quot;,&quot;copyright&quot;:&quot;&quot;,&quot;focal_length&quot;:&quot;0&quot;,&quot;iso&quot;:&quot;0&quot;,&quot;shutter_speed&quot;:&quot;0&quot;,&quot;title&quot;:&quot;&quot;,&quot;orientation&quot;:&quot;0&quot;}\" data-image-title=\"WhatsApp-Image-2023-06-01-at-13.16.256\" data-image-description=\"\" data-image-caption=\"\" data-large-file=\"https:\/\/www.cisa-arica.cl\/wp1\/wp-content\/uploads\/2023\/06\/WhatsApp-Image-2023-06-01-at-13.16.256-600x400.jpeg\" role=\"button\" tabindex=\"0\" aria-label=\"Abrir la imagen 7 de 12 en pantalla completa\"srcset=\"https:\/\/i0.wp.com\/www.cisa-arica.cl\/wp1\/wp-content\/uploads\/2023\/06\/WhatsApp-Image-2023-06-01-at-13.16.256-600x400.jpeg?strip=info&#038;w=600&#038;ssl=1 600w,https:\/\/i0.wp.com\/www.cisa-arica.cl\/wp1\/wp-content\/uploads\/2023\/06\/WhatsApp-Image-2023-06-01-at-13.16.256-600x400.jpeg?strip=info&#038;w=900&#038;ssl=1 900w,https:\/\/i0.wp.com\/www.cisa-arica.cl\/wp1\/wp-content\/uploads\/2023\/06\/WhatsApp-Image-2023-06-01-at-13.16.256-600x400.jpeg?strip=info&#038;w=1000&#038;ssl=1 1000w\" alt=\"\" data-height=\"667\" data-id=\"20879\" data-link=\"https:\/\/www.cisa-arica.cl\/wp1\/?attachment_id=20879\" data-url=\"https:\/\/www.cisa-arica.cl\/wp1\/wp-content\/uploads\/2023\/06\/WhatsApp-Image-2023-06-01-at-13.16.256-600x400.jpeg\" data-width=\"1000\" src=\"https:\/\/i0.wp.com\/www.cisa-arica.cl\/wp1\/wp-content\/uploads\/2023\/06\/WhatsApp-Image-2023-06-01-at-13.16.256-600x400.jpeg?ssl=1\" data-amp-layout=\"responsive\"\/><\/figure><figure class=\"tiled-gallery__item\"><img decoding=\"async\" data-attachment-id=\"20880\" data-permalink=\"https:\/\/www.cisa-arica.cl\/wp1\/2023\/06\/01\/proceso-de-eleccion-centro-de-estudiantes-2023\/whatsapp-image-2023-06-01-at-13-16-255\/\" data-orig-file=\"https:\/\/www.cisa-arica.cl\/wp1\/wp-content\/uploads\/2023\/06\/WhatsApp-Image-2023-06-01-at-13.16.255.jpeg\" data-orig-size=\"1000,667\" data-comments-opened=\"0\" data-image-meta=\"{&quot;aperture&quot;:&quot;0&quot;,&quot;credit&quot;:&quot;&quot;,&quot;camera&quot;:&quot;&quot;,&quot;caption&quot;:&quot;&quot;,&quot;created_timestamp&quot;:&quot;0&quot;,&quot;copyright&quot;:&quot;&quot;,&quot;focal_length&quot;:&quot;0&quot;,&quot;iso&quot;:&quot;0&quot;,&quot;shutter_speed&quot;:&quot;0&quot;,&quot;title&quot;:&quot;&quot;,&quot;orientation&quot;:&quot;0&quot;}\" data-image-title=\"WhatsApp-Image-2023-06-01-at-13.16.255\" data-image-description=\"\" data-image-caption=\"\" data-large-file=\"https:\/\/www.cisa-arica.cl\/wp1\/wp-content\/uploads\/2023\/06\/WhatsApp-Image-2023-06-01-at-13.16.255-600x400.jpeg\" data-attachment-id=\"20880\" data-permalink=\"https:\/\/www.cisa-arica.cl\/wp1\/2023\/06\/01\/proceso-de-eleccion-centro-de-estudiantes-2023\/whatsapp-image-2023-06-01-at-13-16-255\/\" data-orig-file=\"https:\/\/www.cisa-arica.cl\/wp1\/wp-content\/uploads\/2023\/06\/WhatsApp-Image-2023-06-01-at-13.16.255.jpeg\" data-orig-size=\"1000,667\" data-comments-opened=\"0\" data-image-meta=\"{&quot;aperture&quot;:&quot;0&quot;,&quot;credit&quot;:&quot;&quot;,&quot;camera&quot;:&quot;&quot;,&quot;caption&quot;:&quot;&quot;,&quot;created_timestamp&quot;:&quot;0&quot;,&quot;copyright&quot;:&quot;&quot;,&quot;focal_length&quot;:&quot;0&quot;,&quot;iso&quot;:&quot;0&quot;,&quot;shutter_speed&quot;:&quot;0&quot;,&quot;title&quot;:&quot;&quot;,&quot;orientation&quot;:&quot;0&quot;}\" data-image-title=\"WhatsApp-Image-2023-06-01-at-13.16.255\" data-image-description=\"\" data-image-caption=\"\" data-large-file=\"https:\/\/www.cisa-arica.cl\/wp1\/wp-content\/uploads\/2023\/06\/WhatsApp-Image-2023-06-01-at-13.16.255-600x400.jpeg\" role=\"button\" tabindex=\"0\" aria-label=\"Abrir la imagen 8 de 12 en pantalla completa\"srcset=\"https:\/\/i0.wp.com\/www.cisa-arica.cl\/wp1\/wp-content\/uploads\/2023\/06\/WhatsApp-Image-2023-06-01-at-13.16.255-600x400.jpeg?strip=info&#038;w=600&#038;ssl=1 600w,https:\/\/i0.wp.com\/www.cisa-arica.cl\/wp1\/wp-content\/uploads\/2023\/06\/WhatsApp-Image-2023-06-01-at-13.16.255-600x400.jpeg?strip=info&#038;w=900&#038;ssl=1 900w,https:\/\/i0.wp.com\/www.cisa-arica.cl\/wp1\/wp-content\/uploads\/2023\/06\/WhatsApp-Image-2023-06-01-at-13.16.255-600x400.jpeg?strip=info&#038;w=1000&#038;ssl=1 1000w\" alt=\"\" data-height=\"667\" data-id=\"20880\" data-link=\"https:\/\/www.cisa-arica.cl\/wp1\/?attachment_id=20880\" data-url=\"https:\/\/www.cisa-arica.cl\/wp1\/wp-content\/uploads\/2023\/06\/WhatsApp-Image-2023-06-01-at-13.16.255-600x400.jpeg\" data-width=\"1000\" src=\"https:\/\/i0.wp.com\/www.cisa-arica.cl\/wp1\/wp-content\/uploads\/2023\/06\/WhatsApp-Image-2023-06-01-at-13.16.255-600x400.jpeg?ssl=1\" data-amp-layout=\"responsive\"\/><\/figure><\/div><div class=\"tiled-gallery__col\" style=\"flex-basis:66.75527%\"><figure class=\"tiled-gallery__item\"><img decoding=\"async\" data-attachment-id=\"20881\" data-permalink=\"https:\/\/www.cisa-arica.cl\/wp1\/2023\/06\/01\/proceso-de-eleccion-centro-de-estudiantes-2023\/whatsapp-image-2023-06-01-at-13-16-254\/\" data-orig-file=\"https:\/\/www.cisa-arica.cl\/wp1\/wp-content\/uploads\/2023\/06\/WhatsApp-Image-2023-06-01-at-13.16.254.jpeg\" data-orig-size=\"1000,667\" data-comments-opened=\"0\" data-image-meta=\"{&quot;aperture&quot;:&quot;0&quot;,&quot;credit&quot;:&quot;&quot;,&quot;camera&quot;:&quot;&quot;,&quot;caption&quot;:&quot;&quot;,&quot;created_timestamp&quot;:&quot;0&quot;,&quot;copyright&quot;:&quot;&quot;,&quot;focal_length&quot;:&quot;0&quot;,&quot;iso&quot;:&quot;0&quot;,&quot;shutter_speed&quot;:&quot;0&quot;,&quot;title&quot;:&quot;&quot;,&quot;orientation&quot;:&quot;0&quot;}\" data-image-title=\"WhatsApp-Image-2023-06-01-at-13.16.254\" data-image-description=\"\" data-image-caption=\"\" data-large-file=\"https:\/\/www.cisa-arica.cl\/wp1\/wp-content\/uploads\/2023\/06\/WhatsApp-Image-2023-06-01-at-13.16.254-600x400.jpeg\" data-attachment-id=\"20881\" data-permalink=\"https:\/\/www.cisa-arica.cl\/wp1\/2023\/06\/01\/proceso-de-eleccion-centro-de-estudiantes-2023\/whatsapp-image-2023-06-01-at-13-16-254\/\" data-orig-file=\"https:\/\/www.cisa-arica.cl\/wp1\/wp-content\/uploads\/2023\/06\/WhatsApp-Image-2023-06-01-at-13.16.254.jpeg\" data-orig-size=\"1000,667\" data-comments-opened=\"0\" data-image-meta=\"{&quot;aperture&quot;:&quot;0&quot;,&quot;credit&quot;:&quot;&quot;,&quot;camera&quot;:&quot;&quot;,&quot;caption&quot;:&quot;&quot;,&quot;created_timestamp&quot;:&quot;0&quot;,&quot;copyright&quot;:&quot;&quot;,&quot;focal_length&quot;:&quot;0&quot;,&quot;iso&quot;:&quot;0&quot;,&quot;shutter_speed&quot;:&quot;0&quot;,&quot;title&quot;:&quot;&quot;,&quot;orientation&quot;:&quot;0&quot;}\" data-image-title=\"WhatsApp-Image-2023-06-01-at-13.16.254\" data-image-description=\"\" data-image-caption=\"\" data-large-file=\"https:\/\/www.cisa-arica.cl\/wp1\/wp-content\/uploads\/2023\/06\/WhatsApp-Image-2023-06-01-at-13.16.254-600x400.jpeg\" role=\"button\" tabindex=\"0\" aria-label=\"Abrir la imagen 9 de 12 en pantalla completa\"srcset=\"https:\/\/i0.wp.com\/www.cisa-arica.cl\/wp1\/wp-content\/uploads\/2023\/06\/WhatsApp-Image-2023-06-01-at-13.16.254-600x400.jpeg?strip=info&#038;w=600&#038;ssl=1 600w,https:\/\/i0.wp.com\/www.cisa-arica.cl\/wp1\/wp-content\/uploads\/2023\/06\/WhatsApp-Image-2023-06-01-at-13.16.254-600x400.jpeg?strip=info&#038;w=900&#038;ssl=1 900w,https:\/\/i0.wp.com\/www.cisa-arica.cl\/wp1\/wp-content\/uploads\/2023\/06\/WhatsApp-Image-2023-06-01-at-13.16.254-600x400.jpeg?strip=info&#038;w=1000&#038;ssl=1 1000w\" alt=\"\" data-height=\"667\" data-id=\"20881\" data-link=\"https:\/\/www.cisa-arica.cl\/wp1\/?attachment_id=20881\" data-url=\"https:\/\/www.cisa-arica.cl\/wp1\/wp-content\/uploads\/2023\/06\/WhatsApp-Image-2023-06-01-at-13.16.254-600x400.jpeg\" data-width=\"1000\" src=\"https:\/\/i0.wp.com\/www.cisa-arica.cl\/wp1\/wp-content\/uploads\/2023\/06\/WhatsApp-Image-2023-06-01-at-13.16.254-600x400.jpeg?ssl=1\" data-amp-layout=\"responsive\"\/><\/figure><\/div><\/div><div class=\"tiled-gallery__row\"><div class=\"tiled-gallery__col\" style=\"flex-basis:33.33333%\"><figure class=\"tiled-gallery__item\"><img decoding=\"async\" data-attachment-id=\"20882\" data-permalink=\"https:\/\/www.cisa-arica.cl\/wp1\/2023\/06\/01\/proceso-de-eleccion-centro-de-estudiantes-2023\/whatsapp-image-2023-06-01-at-13-16-253\/\" data-orig-file=\"https:\/\/www.cisa-arica.cl\/wp1\/wp-content\/uploads\/2023\/06\/WhatsApp-Image-2023-06-01-at-13.16.253.jpeg\" data-orig-size=\"1000,667\" data-comments-opened=\"0\" data-image-meta=\"{&quot;aperture&quot;:&quot;0&quot;,&quot;credit&quot;:&quot;&quot;,&quot;camera&quot;:&quot;&quot;,&quot;caption&quot;:&quot;&quot;,&quot;created_timestamp&quot;:&quot;0&quot;,&quot;copyright&quot;:&quot;&quot;,&quot;focal_length&quot;:&quot;0&quot;,&quot;iso&quot;:&quot;0&quot;,&quot;shutter_speed&quot;:&quot;0&quot;,&quot;title&quot;:&quot;&quot;,&quot;orientation&quot;:&quot;0&quot;}\" data-image-title=\"WhatsApp-Image-2023-06-01-at-13.16.253\" data-image-description=\"\" data-image-caption=\"\" data-large-file=\"https:\/\/www.cisa-arica.cl\/wp1\/wp-content\/uploads\/2023\/06\/WhatsApp-Image-2023-06-01-at-13.16.253-600x400.jpeg\" data-attachment-id=\"20882\" data-permalink=\"https:\/\/www.cisa-arica.cl\/wp1\/2023\/06\/01\/proceso-de-eleccion-centro-de-estudiantes-2023\/whatsapp-image-2023-06-01-at-13-16-253\/\" data-orig-file=\"https:\/\/www.cisa-arica.cl\/wp1\/wp-content\/uploads\/2023\/06\/WhatsApp-Image-2023-06-01-at-13.16.253.jpeg\" data-orig-size=\"1000,667\" data-comments-opened=\"0\" data-image-meta=\"{&quot;aperture&quot;:&quot;0&quot;,&quot;credit&quot;:&quot;&quot;,&quot;camera&quot;:&quot;&quot;,&quot;caption&quot;:&quot;&quot;,&quot;created_timestamp&quot;:&quot;0&quot;,&quot;copyright&quot;:&quot;&quot;,&quot;focal_length&quot;:&quot;0&quot;,&quot;iso&quot;:&quot;0&quot;,&quot;shutter_speed&quot;:&quot;0&quot;,&quot;title&quot;:&quot;&quot;,&quot;orientation&quot;:&quot;0&quot;}\" data-image-title=\"WhatsApp-Image-2023-06-01-at-13.16.253\" data-image-description=\"\" data-image-caption=\"\" data-large-file=\"https:\/\/www.cisa-arica.cl\/wp1\/wp-content\/uploads\/2023\/06\/WhatsApp-Image-2023-06-01-at-13.16.253-600x400.jpeg\" role=\"button\" tabindex=\"0\" aria-label=\"Abrir la imagen 10 de 12 en pantalla completa\"srcset=\"https:\/\/i0.wp.com\/www.cisa-arica.cl\/wp1\/wp-content\/uploads\/2023\/06\/WhatsApp-Image-2023-06-01-at-13.16.253-600x400.jpeg?strip=info&#038;w=600&#038;ssl=1 600w,https:\/\/i0.wp.com\/www.cisa-arica.cl\/wp1\/wp-content\/uploads\/2023\/06\/WhatsApp-Image-2023-06-01-at-13.16.253-600x400.jpeg?strip=info&#038;w=900&#038;ssl=1 900w,https:\/\/i0.wp.com\/www.cisa-arica.cl\/wp1\/wp-content\/uploads\/2023\/06\/WhatsApp-Image-2023-06-01-at-13.16.253-600x400.jpeg?strip=info&#038;w=1000&#038;ssl=1 1000w\" alt=\"\" data-height=\"667\" data-id=\"20882\" data-link=\"https:\/\/www.cisa-arica.cl\/wp1\/?attachment_id=20882\" data-url=\"https:\/\/www.cisa-arica.cl\/wp1\/wp-content\/uploads\/2023\/06\/WhatsApp-Image-2023-06-01-at-13.16.253-600x400.jpeg\" data-width=\"1000\" src=\"https:\/\/i0.wp.com\/www.cisa-arica.cl\/wp1\/wp-content\/uploads\/2023\/06\/WhatsApp-Image-2023-06-01-at-13.16.253-600x400.jpeg?ssl=1\" data-amp-layout=\"responsive\"\/><\/figure><\/div><div class=\"tiled-gallery__col\" style=\"flex-basis:33.33333%\"><figure class=\"tiled-gallery__item\"><img decoding=\"async\" data-attachment-id=\"20883\" data-permalink=\"https:\/\/www.cisa-arica.cl\/wp1\/2023\/06\/01\/proceso-de-eleccion-centro-de-estudiantes-2023\/whatsapp-image-2023-06-01-at-13-16-252\/\" data-orig-file=\"https:\/\/www.cisa-arica.cl\/wp1\/wp-content\/uploads\/2023\/06\/WhatsApp-Image-2023-06-01-at-13.16.252.jpeg\" data-orig-size=\"1000,667\" data-comments-opened=\"0\" data-image-meta=\"{&quot;aperture&quot;:&quot;0&quot;,&quot;credit&quot;:&quot;&quot;,&quot;camera&quot;:&quot;&quot;,&quot;caption&quot;:&quot;&quot;,&quot;created_timestamp&quot;:&quot;0&quot;,&quot;copyright&quot;:&quot;&quot;,&quot;focal_length&quot;:&quot;0&quot;,&quot;iso&quot;:&quot;0&quot;,&quot;shutter_speed&quot;:&quot;0&quot;,&quot;title&quot;:&quot;&quot;,&quot;orientation&quot;:&quot;0&quot;}\" data-image-title=\"WhatsApp-Image-2023-06-01-at-13.16.252\" data-image-description=\"\" data-image-caption=\"\" data-large-file=\"https:\/\/www.cisa-arica.cl\/wp1\/wp-content\/uploads\/2023\/06\/WhatsApp-Image-2023-06-01-at-13.16.252-600x400.jpeg\" data-attachment-id=\"20883\" data-permalink=\"https:\/\/www.cisa-arica.cl\/wp1\/2023\/06\/01\/proceso-de-eleccion-centro-de-estudiantes-2023\/whatsapp-image-2023-06-01-at-13-16-252\/\" data-orig-file=\"https:\/\/www.cisa-arica.cl\/wp1\/wp-content\/uploads\/2023\/06\/WhatsApp-Image-2023-06-01-at-13.16.252.jpeg\" data-orig-size=\"1000,667\" data-comments-opened=\"0\" data-image-meta=\"{&quot;aperture&quot;:&quot;0&quot;,&quot;credit&quot;:&quot;&quot;,&quot;camera&quot;:&quot;&quot;,&quot;caption&quot;:&quot;&quot;,&quot;created_timestamp&quot;:&quot;0&quot;,&quot;copyright&quot;:&quot;&quot;,&quot;focal_length&quot;:&quot;0&quot;,&quot;iso&quot;:&quot;0&quot;,&quot;shutter_speed&quot;:&quot;0&quot;,&quot;title&quot;:&quot;&quot;,&quot;orientation&quot;:&quot;0&quot;}\" data-image-title=\"WhatsApp-Image-2023-06-01-at-13.16.252\" data-image-description=\"\" data-image-caption=\"\" data-large-file=\"https:\/\/www.cisa-arica.cl\/wp1\/wp-content\/uploads\/2023\/06\/WhatsApp-Image-2023-06-01-at-13.16.252-600x400.jpeg\" role=\"button\" tabindex=\"0\" aria-label=\"Abrir la imagen 11 de 12 en pantalla completa\"srcset=\"https:\/\/i2.wp.com\/www.cisa-arica.cl\/wp1\/wp-content\/uploads\/2023\/06\/WhatsApp-Image-2023-06-01-at-13.16.252-600x400.jpeg?strip=info&#038;w=600&#038;ssl=1 600w,https:\/\/i2.wp.com\/www.cisa-arica.cl\/wp1\/wp-content\/uploads\/2023\/06\/WhatsApp-Image-2023-06-01-at-13.16.252-600x400.jpeg?strip=info&#038;w=900&#038;ssl=1 900w,https:\/\/i2.wp.com\/www.cisa-arica.cl\/wp1\/wp-content\/uploads\/2023\/06\/WhatsApp-Image-2023-06-01-at-13.16.252-600x400.jpeg?strip=info&#038;w=1000&#038;ssl=1 1000w\" alt=\"\" data-height=\"667\" data-id=\"20883\" data-link=\"https:\/\/www.cisa-arica.cl\/wp1\/?attachment_id=20883\" data-url=\"https:\/\/www.cisa-arica.cl\/wp1\/wp-content\/uploads\/2023\/06\/WhatsApp-Image-2023-06-01-at-13.16.252-600x400.jpeg\" data-width=\"1000\" src=\"https:\/\/i2.wp.com\/www.cisa-arica.cl\/wp1\/wp-content\/uploads\/2023\/06\/WhatsApp-Image-2023-06-01-at-13.16.252-600x400.jpeg?ssl=1\" data-amp-layout=\"responsive\"\/><\/figure><\/div><div class=\"tiled-gallery__col\" style=\"flex-basis:33.33333%\"><figure class=\"tiled-gallery__item\"><img decoding=\"async\" data-attachment-id=\"20884\" data-permalink=\"https:\/\/www.cisa-arica.cl\/wp1\/2023\/06\/01\/proceso-de-eleccion-centro-de-estudiantes-2023\/whatsapp-image-2023-06-01-at-13-16-251\/\" data-orig-file=\"https:\/\/www.cisa-arica.cl\/wp1\/wp-content\/uploads\/2023\/06\/WhatsApp-Image-2023-06-01-at-13.16.251.jpeg\" data-orig-size=\"1000,667\" data-comments-opened=\"0\" data-image-meta=\"{&quot;aperture&quot;:&quot;0&quot;,&quot;credit&quot;:&quot;&quot;,&quot;camera&quot;:&quot;&quot;,&quot;caption&quot;:&quot;&quot;,&quot;created_timestamp&quot;:&quot;0&quot;,&quot;copyright&quot;:&quot;&quot;,&quot;focal_length&quot;:&quot;0&quot;,&quot;iso&quot;:&quot;0&quot;,&quot;shutter_speed&quot;:&quot;0&quot;,&quot;title&quot;:&quot;&quot;,&quot;orientation&quot;:&quot;0&quot;}\" data-image-title=\"WhatsApp-Image-2023-06-01-at-13.16.251\" data-image-description=\"\" data-image-caption=\"\" data-large-file=\"https:\/\/www.cisa-arica.cl\/wp1\/wp-content\/uploads\/2023\/06\/WhatsApp-Image-2023-06-01-at-13.16.251-600x400.jpeg\" data-attachment-id=\"20884\" data-permalink=\"https:\/\/www.cisa-arica.cl\/wp1\/2023\/06\/01\/proceso-de-eleccion-centro-de-estudiantes-2023\/whatsapp-image-2023-06-01-at-13-16-251\/\" data-orig-file=\"https:\/\/www.cisa-arica.cl\/wp1\/wp-content\/uploads\/2023\/06\/WhatsApp-Image-2023-06-01-at-13.16.251.jpeg\" data-orig-size=\"1000,667\" data-comments-opened=\"0\" data-image-meta=\"{&quot;aperture&quot;:&quot;0&quot;,&quot;credit&quot;:&quot;&quot;,&quot;camera&quot;:&quot;&quot;,&quot;caption&quot;:&quot;&quot;,&quot;created_timestamp&quot;:&quot;0&quot;,&quot;copyright&quot;:&quot;&quot;,&quot;focal_length&quot;:&quot;0&quot;,&quot;iso&quot;:&quot;0&quot;,&quot;shutter_speed&quot;:&quot;0&quot;,&quot;title&quot;:&quot;&quot;,&quot;orientation&quot;:&quot;0&quot;}\" data-image-title=\"WhatsApp-Image-2023-06-01-at-13.16.251\" data-image-description=\"\" data-image-caption=\"\" data-large-file=\"https:\/\/www.cisa-arica.cl\/wp1\/wp-content\/uploads\/2023\/06\/WhatsApp-Image-2023-06-01-at-13.16.251-600x400.jpeg\" role=\"button\" tabindex=\"0\" aria-label=\"Abrir la imagen 12 de 12 en pantalla completa\"srcset=\"https:\/\/i0.wp.com\/www.cisa-arica.cl\/wp1\/wp-content\/uploads\/2023\/06\/WhatsApp-Image-2023-06-01-at-13.16.251-600x400.jpeg?strip=info&#038;w=600&#038;ssl=1 600w,https:\/\/i0.wp.com\/www.cisa-arica.cl\/wp1\/wp-content\/uploads\/2023\/06\/WhatsApp-Image-2023-06-01-at-13.16.251-600x400.jpeg?strip=info&#038;w=900&#038;ssl=1 900w,https:\/\/i0.wp.com\/www.cisa-arica.cl\/wp1\/wp-content\/uploads\/2023\/06\/WhatsApp-Image-2023-06-01-at-13.16.251-600x400.jpeg?strip=info&#038;w=1000&#038;ssl=1 1000w\" alt=\"\" data-height=\"667\" data-id=\"20884\" data-link=\"https:\/\/www.cisa-arica.cl\/wp1\/?attachment_id=20884\" data-url=\"https:\/\/www.cisa-arica.cl\/wp1\/wp-content\/uploads\/2023\/06\/WhatsApp-Image-2023-06-01-at-13.16.251-600x400.jpeg\" data-width=\"1000\" src=\"https:\/\/i0.wp.com\/www.cisa-arica.cl\/wp1\/wp-content\/uploads\/2023\/06\/WhatsApp-Image-2023-06-01-at-13.16.251-600x400.jpeg?ssl=1\" data-amp-layout=\"responsive\"\/><\/figure><\/div><\/div><\/div><\/div>\n","protected":false},"excerpt":{"rendered":"<p>El pasado martes 30 de mayo se llev\u00f3 a cabo un nuevo proceso eleccionario para el per\u00edodo 2023 del Centro de Estudiantes en nuestro establecimiento. El proceso estuvo guiado por las profesoras Alexa Aburto y Pamela El\u00edas, adem\u00e1s personeros del Servel se hicieron presente para ser observadores del proceso. Las estudiantes que participaron fueron desde <a class=\"read-more\" href=\"https:\/\/www.cisa-arica.cl\/wp1\/2023\/06\/01\/proceso-de-eleccion-centro-de-estudiantes-2023\/\">Continuar leyendo<\/a><\/p>\n","protected":false},"author":5,"featured_media":0,"comment_status":"closed","ping_status":"open","sticky":false,"template":"","format":"standard","meta":{"_jetpack_memberships_contains_paid_content":false,"footnotes":"","jetpack_publicize_message":"","jetpack_publicize_feature_enabled":true,"jetpack_social_post_already_shared":true,"jetpack_social_options":{"image_generator_settings":{"template":"highway","default_image_id":0,"font":"","enabled":false},"version":2}},"categories":[5],"tags":[],"class_list":["post-20850","post","type-post","status-publish","format-standard","hentry","category-uncategorized"],"jetpack_publicize_connections":[],"jetpack_featured_media_url":"","jetpack_sharing_enabled":true,"jetpack_shortlink":"https:\/\/wp.me\/p84wcz-5qi","jetpack-related-posts":[{"id":23668,"url":"https:\/\/www.cisa-arica.cl\/wp1\/2023\/12\/12\/proceso-matricula-2024-para-estudiantes-nuevas\/","url_meta":{"origin":20850,"position":0},"title":"Proceso Matr\u00edcula 2024 para Estudiantes Nuevas","author":"Jeannette Rivera","date":"12 de Diciembre de 2023","format":false,"excerpt":"Las matr\u00edculas para estudiantes nuevas se inicia desde el lunes 11 al jueves 21 de Diciembre. Para completar el proceso de matr\u00edcula 2024 se requiere la siguientes documentaci\u00f3n por parte de los apoderados: Documentaci\u00f3n para estudiantes nuevas de Educaci\u00f3n Parvularia Comprobante de aceptaci\u00f3n de matr\u00edcula. Certificado de nacimiento para todo\u2026","rel":"","context":"Entrada similar ","block_context":{"text":"Entrada similar ","link":""},"img":{"alt_text":"","src":"https:\/\/i0.wp.com\/www.cisa-arica.cl\/wp1\/wp-content\/uploads\/2023\/12\/WhatsApp-Image-2023-12-12-at-08.23.37.jpeg?resize=350%2C200&ssl=1","width":350,"height":200,"srcset":"https:\/\/i0.wp.com\/www.cisa-arica.cl\/wp1\/wp-content\/uploads\/2023\/12\/WhatsApp-Image-2023-12-12-at-08.23.37.jpeg?resize=350%2C200&ssl=1 1x, https:\/\/i0.wp.com\/www.cisa-arica.cl\/wp1\/wp-content\/uploads\/2023\/12\/WhatsApp-Image-2023-12-12-at-08.23.37.jpeg?resize=525%2C300&ssl=1 1.5x, https:\/\/i0.wp.com\/www.cisa-arica.cl\/wp1\/wp-content\/uploads\/2023\/12\/WhatsApp-Image-2023-12-12-at-08.23.37.jpeg?resize=700%2C400&ssl=1 2x"},"classes":[]},{"id":23671,"url":"https:\/\/www.cisa-arica.cl\/wp1\/2023\/12\/12\/proceso-de-matricula-estudiantes-antiguas-2024\/","url_meta":{"origin":20850,"position":1},"title":"Proceso de Matr\u00edcula Estudiantes Antiguas 2024","author":"Jeannette Rivera","date":"12 de Diciembre de 2023","format":false,"excerpt":"Se recuerda a los apoderados que el proceso de matr\u00edcula para al a\u00f1o 2024 se inicia este jueves 14 y finaliza el jueves 21 de diciembre. La documentaci\u00f3n que deben traer es: Documentaci\u00f3n para estudiantes nuevas de Educaci\u00f3n B\u00e1sica y Media Certificado de nacimiento para todo tr\u00e1mite. Informe Registro Social\u2026","rel":"","context":"Entrada similar ","block_context":{"text":"Entrada similar ","link":""},"img":{"alt_text":"","src":"https:\/\/i0.wp.com\/www.cisa-arica.cl\/wp1\/wp-content\/uploads\/2023\/12\/WhatsApp-Image-2023-12-12-at-08.34.48.jpeg?resize=350%2C200&ssl=1","width":350,"height":200,"srcset":"https:\/\/i0.wp.com\/www.cisa-arica.cl\/wp1\/wp-content\/uploads\/2023\/12\/WhatsApp-Image-2023-12-12-at-08.34.48.jpeg?resize=350%2C200&ssl=1 1x, https:\/\/i0.wp.com\/www.cisa-arica.cl\/wp1\/wp-content\/uploads\/2023\/12\/WhatsApp-Image-2023-12-12-at-08.34.48.jpeg?resize=525%2C300&ssl=1 1.5x, https:\/\/i0.wp.com\/www.cisa-arica.cl\/wp1\/wp-content\/uploads\/2023\/12\/WhatsApp-Image-2023-12-12-at-08.34.48.jpeg?resize=700%2C400&ssl=1 2x"},"classes":[]},{"id":27698,"url":"https:\/\/www.cisa-arica.cl\/wp1\/2024\/12\/06\/proceso-de-matricula-estudiantes-antiguas\/","url_meta":{"origin":20850,"position":2},"title":"Proceso de Matr\u00edcula Estudiantes Antiguas","author":"Jeannette Rivera","date":"6 de Diciembre de 2024","format":false,"excerpt":"Estimados padres y apoderados: Se informa\u00a0 las fechas, horarios y protocolos a seguir para el Proceso de Matr\u00edcula 2025. D\u00cdA HORARIO NIVEL- RESPONSABLES LUNES 09\u00a0 Y\u00a0 MARTES 10 08:30 \u2013 13:00 HORAS. 14:00 \u2013 15:30 HORAS K\u00cdNDER- ENS. B\u00c1SICA Y ENS. MEDIA PROFESORES ASIGNADOS, EQUIPO PSICOSOCIAL, INSPECTORAS JUEVES 12 \u00a0\u2026","rel":"","context":"Entrada similar ","block_context":{"text":"Entrada similar ","link":""},"img":{"alt_text":"","src":"https:\/\/i0.wp.com\/www.cisa-arica.cl\/wp1\/wp-content\/uploads\/2024\/12\/Proceso-Matricula-Estudiantes-Antiguas.png?resize=350%2C200&ssl=1","width":350,"height":200,"srcset":"https:\/\/i0.wp.com\/www.cisa-arica.cl\/wp1\/wp-content\/uploads\/2024\/12\/Proceso-Matricula-Estudiantes-Antiguas.png?resize=350%2C200&ssl=1 1x, https:\/\/i0.wp.com\/www.cisa-arica.cl\/wp1\/wp-content\/uploads\/2024\/12\/Proceso-Matricula-Estudiantes-Antiguas.png?resize=525%2C300&ssl=1 1.5x, https:\/\/i0.wp.com\/www.cisa-arica.cl\/wp1\/wp-content\/uploads\/2024\/12\/Proceso-Matricula-Estudiantes-Antiguas.png?resize=700%2C400&ssl=1 2x, https:\/\/i0.wp.com\/www.cisa-arica.cl\/wp1\/wp-content\/uploads\/2024\/12\/Proceso-Matricula-Estudiantes-Antiguas.png?resize=1050%2C600&ssl=1 3x, https:\/\/i0.wp.com\/www.cisa-arica.cl\/wp1\/wp-content\/uploads\/2024\/12\/Proceso-Matricula-Estudiantes-Antiguas.png?resize=1400%2C800&ssl=1 4x"},"classes":[]},{"id":27694,"url":"https:\/\/www.cisa-arica.cl\/wp1\/2024\/12\/05\/proceso-de-matricula-estudiantes-nuevas-ano-2025\/","url_meta":{"origin":20850,"position":3},"title":"Proceso de Matr\u00edcula Estudiantes Nuevas a\u00f1o 2025","author":"Jeannette Rivera","date":"5 de Diciembre de 2024","format":false,"excerpt":"A los nuevos\u00a0 padres y apoderados que formar\u00e1n parte de nuestra comunidad educativa se les informa que las fechas de Matr\u00edculas para las estudiantes nuevas son: Jueves 05 y Viernes 06 de Dic\u00a0 \u00a0 \u00a0 \u00a0Desde las 08:30 a 14:00 horas Lunes 09 y Martes 10\u00a0 \u00a0 \u00a0 \u00a0 \u00a0\u2026","rel":"","context":"Entrada similar ","block_context":{"text":"Entrada similar ","link":""},"img":{"alt_text":"","src":"https:\/\/i0.wp.com\/www.cisa-arica.cl\/wp1\/wp-content\/uploads\/2024\/12\/Proceso-Matricula-Estudiantes-Nuevas.png?resize=350%2C200&ssl=1","width":350,"height":200,"srcset":"https:\/\/i0.wp.com\/www.cisa-arica.cl\/wp1\/wp-content\/uploads\/2024\/12\/Proceso-Matricula-Estudiantes-Nuevas.png?resize=350%2C200&ssl=1 1x, https:\/\/i0.wp.com\/www.cisa-arica.cl\/wp1\/wp-content\/uploads\/2024\/12\/Proceso-Matricula-Estudiantes-Nuevas.png?resize=525%2C300&ssl=1 1.5x, https:\/\/i0.wp.com\/www.cisa-arica.cl\/wp1\/wp-content\/uploads\/2024\/12\/Proceso-Matricula-Estudiantes-Nuevas.png?resize=700%2C400&ssl=1 2x, https:\/\/i0.wp.com\/www.cisa-arica.cl\/wp1\/wp-content\/uploads\/2024\/12\/Proceso-Matricula-Estudiantes-Nuevas.png?resize=1050%2C600&ssl=1 3x, https:\/\/i0.wp.com\/www.cisa-arica.cl\/wp1\/wp-content\/uploads\/2024\/12\/Proceso-Matricula-Estudiantes-Nuevas.png?resize=1400%2C800&ssl=1 4x"},"classes":[]},{"id":16057,"url":"https:\/\/www.cisa-arica.cl\/wp1\/2022\/06\/02\/continua-proceso-de-vacunacion-en-el-colegio\/","url_meta":{"origin":20850,"position":4},"title":"Continua Proceso de Vacunaci\u00f3n en el colegio","author":"Jeannette Rivera","date":"2 de Junio de 2022","format":false,"excerpt":"Se informa a los padres y apoderados, que ma\u00f1ana viernes 03 se Junio,\u00a0 se continuar\u00e1 con el proceso de vacunaci\u00f3n, el cual estar\u00e1 dirigido a las estudiantes de 7\u00b0 y 8\u00b0 a\u00f1os b\u00e1sicos con la inoculaci\u00f3n\u00a0 de Covid . Adem\u00e1s se incluir\u00e1n a las estudiantes rezagadas de los cursos menores.\u2026","rel":"","context":"Entrada similar ","block_context":{"text":"Entrada similar ","link":""},"img":{"alt_text":"","src":"https:\/\/i0.wp.com\/www.cisa-arica.cl\/wp1\/wp-content\/uploads\/2022\/06\/WhatsApp-Image-2022-06-02-at-4.23.03-PM.jpeg?resize=350%2C200&ssl=1","width":350,"height":200,"srcset":"https:\/\/i0.wp.com\/www.cisa-arica.cl\/wp1\/wp-content\/uploads\/2022\/06\/WhatsApp-Image-2022-06-02-at-4.23.03-PM.jpeg?resize=350%2C200&ssl=1 1x, https:\/\/i0.wp.com\/www.cisa-arica.cl\/wp1\/wp-content\/uploads\/2022\/06\/WhatsApp-Image-2022-06-02-at-4.23.03-PM.jpeg?resize=525%2C300&ssl=1 1.5x, https:\/\/i0.wp.com\/www.cisa-arica.cl\/wp1\/wp-content\/uploads\/2022\/06\/WhatsApp-Image-2022-06-02-at-4.23.03-PM.jpeg?resize=700%2C400&ssl=1 2x"},"classes":[]},{"id":15957,"url":"https:\/\/www.cisa-arica.cl\/wp1\/2022\/05\/27\/proceso-de-vacunacion-covid-e-influenza\/","url_meta":{"origin":20850,"position":5},"title":"Proceso de Vacunaci\u00f3n Covid e Influenza","author":"Jeannette Rivera","date":"27 de Mayo de 2022","format":false,"excerpt":"Se les recuerda a los padres y apoderados, que la semana del 30 de mayo se iniciar\u00e1 un nuevo proceso de vacunaci\u00f3n en el colegio enfocado en las estudiantes de Prekinder a Sextos a\u00f1os b\u00e1sicos. Por tal motivo, es importante que env\u00eden los consentimiento y\/o autorizaci\u00f3n con los datos correspondientes.\u2026","rel":"","context":"Entrada similar ","block_context":{"text":"Entrada similar ","link":""},"img":{"alt_text":"","src":"https:\/\/i0.wp.com\/www.cisa-arica.cl\/wp1\/wp-content\/uploads\/2022\/05\/WhatsApp-Image-2022-05-27-at-12.10.58-PM.jpeg?resize=350%2C200&ssl=1","width":350,"height":200,"srcset":"https:\/\/i0.wp.com\/www.cisa-arica.cl\/wp1\/wp-content\/uploads\/2022\/05\/WhatsApp-Image-2022-05-27-at-12.10.58-PM.jpeg?resize=350%2C200&ssl=1 1x, https:\/\/i0.wp.com\/www.cisa-arica.cl\/wp1\/wp-content\/uploads\/2022\/05\/WhatsApp-Image-2022-05-27-at-12.10.58-PM.jpeg?resize=525%2C300&ssl=1 1.5x, https:\/\/i0.wp.com\/www.cisa-arica.cl\/wp1\/wp-content\/uploads\/2022\/05\/WhatsApp-Image-2022-05-27-at-12.10.58-PM.jpeg?resize=700%2C400&ssl=1 2x, https:\/\/i0.wp.com\/www.cisa-arica.cl\/wp1\/wp-content\/uploads\/2022\/05\/WhatsApp-Image-2022-05-27-at-12.10.58-PM.jpeg?resize=1050%2C600&ssl=1 3x"},"classes":[]}],"_links":{"self":[{"href":"https:\/\/www.cisa-arica.cl\/wp1\/wp-json\/wp\/v2\/posts\/20850","targetHints":{"allow":["GET"]}}],"collection":[{"href":"https:\/\/www.cisa-arica.cl\/wp1\/wp-json\/wp\/v2\/posts"}],"about":[{"href":"https:\/\/www.cisa-arica.cl\/wp1\/wp-json\/wp\/v2\/types\/post"}],"author":[{"embeddable":true,"href":"https:\/\/www.cisa-arica.cl\/wp1\/wp-json\/wp\/v2\/users\/5"}],"replies":[{"embeddable":true,"href":"https:\/\/www.cisa-arica.cl\/wp1\/wp-json\/wp\/v2\/comments?post=20850"}],"version-history":[{"count":3,"href":"https:\/\/www.cisa-arica.cl\/wp1\/wp-json\/wp\/v2\/posts\/20850\/revisions"}],"predecessor-version":[{"id":20886,"href":"https:\/\/www.cisa-arica.cl\/wp1\/wp-json\/wp\/v2\/posts\/20850\/revisions\/20886"}],"wp:attachment":[{"href":"https:\/\/www.cisa-arica.cl\/wp1\/wp-json\/wp\/v2\/media?parent=20850"}],"wp:term":[{"taxonomy":"category","embeddable":true,"href":"https:\/\/www.cisa-arica.cl\/wp1\/wp-json\/wp\/v2\/categories?post=20850"},{"taxonomy":"post_tag","embeddable":true,"href":"https:\/\/www.cisa-arica.cl\/wp1\/wp-json\/wp\/v2\/tags?post=20850"}],"curies":[{"name":"wp","href":"https:\/\/api.w.org\/{rel}","templated":true}]}}