{"id":20822,"date":"2023-06-12T14:48:52","date_gmt":"2023-06-12T18:48:52","guid":{"rendered":"https:\/\/www.cisa-arica.cl\/wp1\/?p=20822"},"modified":"2023-06-14T23:12:28","modified_gmt":"2023-06-15T03:12:28","slug":"encuentro-pedagogico-arica-santiago","status":"publish","type":"post","link":"https:\/\/www.cisa-arica.cl\/wp1\/2023\/06\/12\/encuentro-pedagogico-arica-santiago\/","title":{"rendered":"Encuentro Pedag\u00f3gico Arica-Santiago"},"content":{"rendered":"<p>El pasado jueves 08 y viernes 09 de junio, educadoras, profesoras de 1os a 4to a\u00f1os b\u00e1sicos y t\u00e9cnicos de aula de nuestro colegio, sostuvieron un encuentro pedag\u00f3gico con profesoras que nos visitaron del Colegio Polit\u00e9cnico Santa Ana de Santiago. En la oportunidad se trabaj\u00f3 en la implementaci\u00f3n del M\u00e9todo Matte y sus innovaciones.<\/p>\n\n\n<div class=\"wp-block-jetpack-tiled-gallery aligncenter is-style-rectangular\"><div class=\"tiled-gallery__gallery\"><div class=\"tiled-gallery__row\"><div class=\"tiled-gallery__col\" style=\"flex-basis:66.85015%\"><figure class=\"tiled-gallery__item\"><img decoding=\"async\" data-attachment-id=\"20824\" data-permalink=\"https:\/\/www.cisa-arica.cl\/wp1\/2023\/06\/12\/encuentro-pedagogico-arica-santiago\/c2e4160a-ca15-40be-9334-561c584fcf9b\/\" data-orig-file=\"https:\/\/www.cisa-arica.cl\/wp1\/wp-content\/uploads\/2023\/06\/C2E4160A-CA15-40BE-9334-561C584FCF9B.jpeg\" data-orig-size=\"828,551\" data-comments-opened=\"0\" data-image-meta=\"{&quot;aperture&quot;:&quot;0&quot;,&quot;credit&quot;:&quot;&quot;,&quot;camera&quot;:&quot;&quot;,&quot;caption&quot;:&quot;&quot;,&quot;created_timestamp&quot;:&quot;0&quot;,&quot;copyright&quot;:&quot;&quot;,&quot;focal_length&quot;:&quot;0&quot;,&quot;iso&quot;:&quot;0&quot;,&quot;shutter_speed&quot;:&quot;0&quot;,&quot;title&quot;:&quot;&quot;,&quot;orientation&quot;:&quot;1&quot;}\" data-image-title=\"C2E4160A-CA15-40BE-9334-561C584FCF9B\" data-image-description=\"\" data-image-caption=\"\" data-large-file=\"https:\/\/www.cisa-arica.cl\/wp1\/wp-content\/uploads\/2023\/06\/C2E4160A-CA15-40BE-9334-561C584FCF9B-600x399.jpeg\" data-attachment-id=\"20824\" data-permalink=\"https:\/\/www.cisa-arica.cl\/wp1\/2023\/06\/12\/encuentro-pedagogico-arica-santiago\/c2e4160a-ca15-40be-9334-561c584fcf9b\/\" data-orig-file=\"https:\/\/www.cisa-arica.cl\/wp1\/wp-content\/uploads\/2023\/06\/C2E4160A-CA15-40BE-9334-561C584FCF9B.jpeg\" data-orig-size=\"828,551\" data-comments-opened=\"0\" data-image-meta=\"{&quot;aperture&quot;:&quot;0&quot;,&quot;credit&quot;:&quot;&quot;,&quot;camera&quot;:&quot;&quot;,&quot;caption&quot;:&quot;&quot;,&quot;created_timestamp&quot;:&quot;0&quot;,&quot;copyright&quot;:&quot;&quot;,&quot;focal_length&quot;:&quot;0&quot;,&quot;iso&quot;:&quot;0&quot;,&quot;shutter_speed&quot;:&quot;0&quot;,&quot;title&quot;:&quot;&quot;,&quot;orientation&quot;:&quot;1&quot;}\" data-image-title=\"C2E4160A-CA15-40BE-9334-561C584FCF9B\" data-image-description=\"\" data-image-caption=\"\" data-large-file=\"https:\/\/www.cisa-arica.cl\/wp1\/wp-content\/uploads\/2023\/06\/C2E4160A-CA15-40BE-9334-561C584FCF9B-600x399.jpeg\" role=\"button\" tabindex=\"0\" aria-label=\"Abrir la imagen 1 de 22 en pantalla completa\"srcset=\"https:\/\/i0.wp.com\/www.cisa-arica.cl\/wp1\/wp-content\/uploads\/2023\/06\/C2E4160A-CA15-40BE-9334-561C584FCF9B-600x399.jpeg?strip=info&#038;w=600&#038;ssl=1 600w,https:\/\/i0.wp.com\/www.cisa-arica.cl\/wp1\/wp-content\/uploads\/2023\/06\/C2E4160A-CA15-40BE-9334-561C584FCF9B-600x399.jpeg?strip=info&#038;w=828&#038;ssl=1 828w\" alt=\"\" data-height=\"551\" data-id=\"20824\" data-link=\"https:\/\/www.cisa-arica.cl\/wp1\/2023\/06\/12\/encuentro-pedagogico-arica-santiago\/c2e4160a-ca15-40be-9334-561c584fcf9b\/\" data-url=\"https:\/\/www.cisa-arica.cl\/wp1\/wp-content\/uploads\/2023\/06\/C2E4160A-CA15-40BE-9334-561C584FCF9B-600x399.jpeg\" data-width=\"828\" src=\"https:\/\/i0.wp.com\/www.cisa-arica.cl\/wp1\/wp-content\/uploads\/2023\/06\/C2E4160A-CA15-40BE-9334-561C584FCF9B-600x399.jpeg?ssl=1\" data-amp-layout=\"responsive\"\/><\/figure><\/div><div class=\"tiled-gallery__col\" style=\"flex-basis:33.14985%\"><figure class=\"tiled-gallery__item\"><img decoding=\"async\" data-attachment-id=\"20825\" data-permalink=\"https:\/\/www.cisa-arica.cl\/wp1\/2023\/06\/12\/encuentro-pedagogico-arica-santiago\/e8f544ba-b1a8-4415-9109-8829d16829e4\/\" data-orig-file=\"https:\/\/www.cisa-arica.cl\/wp1\/wp-content\/uploads\/2023\/06\/E8F544BA-B1A8-4415-9109-8829D16829E4.jpeg\" data-orig-size=\"828,547\" data-comments-opened=\"0\" data-image-meta=\"{&quot;aperture&quot;:&quot;0&quot;,&quot;credit&quot;:&quot;&quot;,&quot;camera&quot;:&quot;&quot;,&quot;caption&quot;:&quot;&quot;,&quot;created_timestamp&quot;:&quot;0&quot;,&quot;copyright&quot;:&quot;&quot;,&quot;focal_length&quot;:&quot;0&quot;,&quot;iso&quot;:&quot;0&quot;,&quot;shutter_speed&quot;:&quot;0&quot;,&quot;title&quot;:&quot;&quot;,&quot;orientation&quot;:&quot;1&quot;}\" data-image-title=\"E8F544BA-B1A8-4415-9109-8829D16829E4\" data-image-description=\"\" data-image-caption=\"\" data-large-file=\"https:\/\/www.cisa-arica.cl\/wp1\/wp-content\/uploads\/2023\/06\/E8F544BA-B1A8-4415-9109-8829D16829E4-600x396.jpeg\" data-attachment-id=\"20825\" data-permalink=\"https:\/\/www.cisa-arica.cl\/wp1\/2023\/06\/12\/encuentro-pedagogico-arica-santiago\/e8f544ba-b1a8-4415-9109-8829d16829e4\/\" data-orig-file=\"https:\/\/www.cisa-arica.cl\/wp1\/wp-content\/uploads\/2023\/06\/E8F544BA-B1A8-4415-9109-8829D16829E4.jpeg\" data-orig-size=\"828,547\" data-comments-opened=\"0\" data-image-meta=\"{&quot;aperture&quot;:&quot;0&quot;,&quot;credit&quot;:&quot;&quot;,&quot;camera&quot;:&quot;&quot;,&quot;caption&quot;:&quot;&quot;,&quot;created_timestamp&quot;:&quot;0&quot;,&quot;copyright&quot;:&quot;&quot;,&quot;focal_length&quot;:&quot;0&quot;,&quot;iso&quot;:&quot;0&quot;,&quot;shutter_speed&quot;:&quot;0&quot;,&quot;title&quot;:&quot;&quot;,&quot;orientation&quot;:&quot;1&quot;}\" data-image-title=\"E8F544BA-B1A8-4415-9109-8829D16829E4\" data-image-description=\"\" data-image-caption=\"\" data-large-file=\"https:\/\/www.cisa-arica.cl\/wp1\/wp-content\/uploads\/2023\/06\/E8F544BA-B1A8-4415-9109-8829D16829E4-600x396.jpeg\" role=\"button\" tabindex=\"0\" aria-label=\"Abrir la imagen 2 de 22 en pantalla completa\"srcset=\"https:\/\/i0.wp.com\/www.cisa-arica.cl\/wp1\/wp-content\/uploads\/2023\/06\/E8F544BA-B1A8-4415-9109-8829D16829E4-600x396.jpeg?strip=info&#038;w=600&#038;ssl=1 600w,https:\/\/i0.wp.com\/www.cisa-arica.cl\/wp1\/wp-content\/uploads\/2023\/06\/E8F544BA-B1A8-4415-9109-8829D16829E4-600x396.jpeg?strip=info&#038;w=828&#038;ssl=1 828w\" alt=\"\" data-height=\"547\" data-id=\"20825\" data-link=\"https:\/\/www.cisa-arica.cl\/wp1\/2023\/06\/12\/encuentro-pedagogico-arica-santiago\/e8f544ba-b1a8-4415-9109-8829d16829e4\/\" data-url=\"https:\/\/www.cisa-arica.cl\/wp1\/wp-content\/uploads\/2023\/06\/E8F544BA-B1A8-4415-9109-8829D16829E4-600x396.jpeg\" data-width=\"828\" src=\"https:\/\/i0.wp.com\/www.cisa-arica.cl\/wp1\/wp-content\/uploads\/2023\/06\/E8F544BA-B1A8-4415-9109-8829D16829E4-600x396.jpeg?ssl=1\" data-amp-layout=\"responsive\"\/><\/figure><figure class=\"tiled-gallery__item\"><img decoding=\"async\" data-attachment-id=\"20826\" data-permalink=\"https:\/\/www.cisa-arica.cl\/wp1\/2023\/06\/12\/encuentro-pedagogico-arica-santiago\/6b9d0ba6-093e-40d7-85ac-7e6006729f80\/\" data-orig-file=\"https:\/\/www.cisa-arica.cl\/wp1\/wp-content\/uploads\/2023\/06\/6B9D0BA6-093E-40D7-85AC-7E6006729F80.jpeg\" data-orig-size=\"828,549\" data-comments-opened=\"0\" data-image-meta=\"{&quot;aperture&quot;:&quot;0&quot;,&quot;credit&quot;:&quot;&quot;,&quot;camera&quot;:&quot;&quot;,&quot;caption&quot;:&quot;&quot;,&quot;created_timestamp&quot;:&quot;0&quot;,&quot;copyright&quot;:&quot;&quot;,&quot;focal_length&quot;:&quot;0&quot;,&quot;iso&quot;:&quot;0&quot;,&quot;shutter_speed&quot;:&quot;0&quot;,&quot;title&quot;:&quot;&quot;,&quot;orientation&quot;:&quot;1&quot;}\" data-image-title=\"6B9D0BA6-093E-40D7-85AC-7E6006729F80\" data-image-description=\"\" data-image-caption=\"\" data-large-file=\"https:\/\/www.cisa-arica.cl\/wp1\/wp-content\/uploads\/2023\/06\/6B9D0BA6-093E-40D7-85AC-7E6006729F80-600x398.jpeg\" data-attachment-id=\"20826\" data-permalink=\"https:\/\/www.cisa-arica.cl\/wp1\/2023\/06\/12\/encuentro-pedagogico-arica-santiago\/6b9d0ba6-093e-40d7-85ac-7e6006729f80\/\" data-orig-file=\"https:\/\/www.cisa-arica.cl\/wp1\/wp-content\/uploads\/2023\/06\/6B9D0BA6-093E-40D7-85AC-7E6006729F80.jpeg\" data-orig-size=\"828,549\" data-comments-opened=\"0\" data-image-meta=\"{&quot;aperture&quot;:&quot;0&quot;,&quot;credit&quot;:&quot;&quot;,&quot;camera&quot;:&quot;&quot;,&quot;caption&quot;:&quot;&quot;,&quot;created_timestamp&quot;:&quot;0&quot;,&quot;copyright&quot;:&quot;&quot;,&quot;focal_length&quot;:&quot;0&quot;,&quot;iso&quot;:&quot;0&quot;,&quot;shutter_speed&quot;:&quot;0&quot;,&quot;title&quot;:&quot;&quot;,&quot;orientation&quot;:&quot;1&quot;}\" data-image-title=\"6B9D0BA6-093E-40D7-85AC-7E6006729F80\" data-image-description=\"\" data-image-caption=\"\" data-large-file=\"https:\/\/www.cisa-arica.cl\/wp1\/wp-content\/uploads\/2023\/06\/6B9D0BA6-093E-40D7-85AC-7E6006729F80-600x398.jpeg\" role=\"button\" tabindex=\"0\" aria-label=\"Abrir la imagen 3 de 22 en pantalla completa\"srcset=\"https:\/\/i2.wp.com\/www.cisa-arica.cl\/wp1\/wp-content\/uploads\/2023\/06\/6B9D0BA6-093E-40D7-85AC-7E6006729F80-600x398.jpeg?strip=info&#038;w=600&#038;ssl=1 600w,https:\/\/i2.wp.com\/www.cisa-arica.cl\/wp1\/wp-content\/uploads\/2023\/06\/6B9D0BA6-093E-40D7-85AC-7E6006729F80-600x398.jpeg?strip=info&#038;w=828&#038;ssl=1 828w\" alt=\"\" data-height=\"549\" data-id=\"20826\" data-link=\"https:\/\/www.cisa-arica.cl\/wp1\/2023\/06\/12\/encuentro-pedagogico-arica-santiago\/6b9d0ba6-093e-40d7-85ac-7e6006729f80\/\" data-url=\"https:\/\/www.cisa-arica.cl\/wp1\/wp-content\/uploads\/2023\/06\/6B9D0BA6-093E-40D7-85AC-7E6006729F80-600x398.jpeg\" data-width=\"828\" src=\"https:\/\/i2.wp.com\/www.cisa-arica.cl\/wp1\/wp-content\/uploads\/2023\/06\/6B9D0BA6-093E-40D7-85AC-7E6006729F80-600x398.jpeg?ssl=1\" data-amp-layout=\"responsive\"\/><\/figure><\/div><\/div><div class=\"tiled-gallery__row\"><div class=\"tiled-gallery__col\" style=\"flex-basis:33.48797%\"><figure class=\"tiled-gallery__item\"><img decoding=\"async\" data-attachment-id=\"20827\" data-permalink=\"https:\/\/www.cisa-arica.cl\/wp1\/2023\/06\/12\/encuentro-pedagogico-arica-santiago\/d8c11728-2e14-4c7f-87ac-91baba805956\/\" data-orig-file=\"https:\/\/www.cisa-arica.cl\/wp1\/wp-content\/uploads\/2023\/06\/D8C11728-2E14-4C7F-87AC-91BABA805956.jpeg\" data-orig-size=\"828,547\" data-comments-opened=\"0\" data-image-meta=\"{&quot;aperture&quot;:&quot;0&quot;,&quot;credit&quot;:&quot;&quot;,&quot;camera&quot;:&quot;&quot;,&quot;caption&quot;:&quot;&quot;,&quot;created_timestamp&quot;:&quot;0&quot;,&quot;copyright&quot;:&quot;&quot;,&quot;focal_length&quot;:&quot;0&quot;,&quot;iso&quot;:&quot;0&quot;,&quot;shutter_speed&quot;:&quot;0&quot;,&quot;title&quot;:&quot;&quot;,&quot;orientation&quot;:&quot;1&quot;}\" data-image-title=\"D8C11728-2E14-4C7F-87AC-91BABA805956\" data-image-description=\"\" data-image-caption=\"\" data-large-file=\"https:\/\/www.cisa-arica.cl\/wp1\/wp-content\/uploads\/2023\/06\/D8C11728-2E14-4C7F-87AC-91BABA805956-600x396.jpeg\" data-attachment-id=\"20827\" data-permalink=\"https:\/\/www.cisa-arica.cl\/wp1\/2023\/06\/12\/encuentro-pedagogico-arica-santiago\/d8c11728-2e14-4c7f-87ac-91baba805956\/\" data-orig-file=\"https:\/\/www.cisa-arica.cl\/wp1\/wp-content\/uploads\/2023\/06\/D8C11728-2E14-4C7F-87AC-91BABA805956.jpeg\" data-orig-size=\"828,547\" data-comments-opened=\"0\" data-image-meta=\"{&quot;aperture&quot;:&quot;0&quot;,&quot;credit&quot;:&quot;&quot;,&quot;camera&quot;:&quot;&quot;,&quot;caption&quot;:&quot;&quot;,&quot;created_timestamp&quot;:&quot;0&quot;,&quot;copyright&quot;:&quot;&quot;,&quot;focal_length&quot;:&quot;0&quot;,&quot;iso&quot;:&quot;0&quot;,&quot;shutter_speed&quot;:&quot;0&quot;,&quot;title&quot;:&quot;&quot;,&quot;orientation&quot;:&quot;1&quot;}\" data-image-title=\"D8C11728-2E14-4C7F-87AC-91BABA805956\" data-image-description=\"\" data-image-caption=\"\" data-large-file=\"https:\/\/www.cisa-arica.cl\/wp1\/wp-content\/uploads\/2023\/06\/D8C11728-2E14-4C7F-87AC-91BABA805956-600x396.jpeg\" role=\"button\" tabindex=\"0\" aria-label=\"Abrir la imagen 4 de 22 en pantalla completa\"srcset=\"https:\/\/i0.wp.com\/www.cisa-arica.cl\/wp1\/wp-content\/uploads\/2023\/06\/D8C11728-2E14-4C7F-87AC-91BABA805956-600x396.jpeg?strip=info&#038;w=600&#038;ssl=1 600w,https:\/\/i0.wp.com\/www.cisa-arica.cl\/wp1\/wp-content\/uploads\/2023\/06\/D8C11728-2E14-4C7F-87AC-91BABA805956-600x396.jpeg?strip=info&#038;w=828&#038;ssl=1 828w\" alt=\"\" data-height=\"547\" data-id=\"20827\" data-link=\"https:\/\/www.cisa-arica.cl\/wp1\/2023\/06\/12\/encuentro-pedagogico-arica-santiago\/d8c11728-2e14-4c7f-87ac-91baba805956\/\" data-url=\"https:\/\/www.cisa-arica.cl\/wp1\/wp-content\/uploads\/2023\/06\/D8C11728-2E14-4C7F-87AC-91BABA805956-600x396.jpeg\" data-width=\"828\" src=\"https:\/\/i0.wp.com\/www.cisa-arica.cl\/wp1\/wp-content\/uploads\/2023\/06\/D8C11728-2E14-4C7F-87AC-91BABA805956-600x396.jpeg?ssl=1\" data-amp-layout=\"responsive\"\/><\/figure><figure class=\"tiled-gallery__item\"><img decoding=\"async\" data-attachment-id=\"20829\" data-permalink=\"https:\/\/www.cisa-arica.cl\/wp1\/2023\/06\/12\/encuentro-pedagogico-arica-santiago\/9032effa-96a0-4eb6-b141-f7a43de5ef19\/\" data-orig-file=\"https:\/\/www.cisa-arica.cl\/wp1\/wp-content\/uploads\/2023\/06\/9032EFFA-96A0-4EB6-B141-F7A43DE5EF19.jpeg\" data-orig-size=\"828,544\" data-comments-opened=\"0\" data-image-meta=\"{&quot;aperture&quot;:&quot;0&quot;,&quot;credit&quot;:&quot;&quot;,&quot;camera&quot;:&quot;&quot;,&quot;caption&quot;:&quot;&quot;,&quot;created_timestamp&quot;:&quot;0&quot;,&quot;copyright&quot;:&quot;&quot;,&quot;focal_length&quot;:&quot;0&quot;,&quot;iso&quot;:&quot;0&quot;,&quot;shutter_speed&quot;:&quot;0&quot;,&quot;title&quot;:&quot;&quot;,&quot;orientation&quot;:&quot;1&quot;}\" data-image-title=\"9032EFFA-96A0-4EB6-B141-F7A43DE5EF19\" data-image-description=\"\" data-image-caption=\"\" data-large-file=\"https:\/\/www.cisa-arica.cl\/wp1\/wp-content\/uploads\/2023\/06\/9032EFFA-96A0-4EB6-B141-F7A43DE5EF19-600x394.jpeg\" data-attachment-id=\"20829\" data-permalink=\"https:\/\/www.cisa-arica.cl\/wp1\/2023\/06\/12\/encuentro-pedagogico-arica-santiago\/9032effa-96a0-4eb6-b141-f7a43de5ef19\/\" data-orig-file=\"https:\/\/www.cisa-arica.cl\/wp1\/wp-content\/uploads\/2023\/06\/9032EFFA-96A0-4EB6-B141-F7A43DE5EF19.jpeg\" data-orig-size=\"828,544\" data-comments-opened=\"0\" data-image-meta=\"{&quot;aperture&quot;:&quot;0&quot;,&quot;credit&quot;:&quot;&quot;,&quot;camera&quot;:&quot;&quot;,&quot;caption&quot;:&quot;&quot;,&quot;created_timestamp&quot;:&quot;0&quot;,&quot;copyright&quot;:&quot;&quot;,&quot;focal_length&quot;:&quot;0&quot;,&quot;iso&quot;:&quot;0&quot;,&quot;shutter_speed&quot;:&quot;0&quot;,&quot;title&quot;:&quot;&quot;,&quot;orientation&quot;:&quot;1&quot;}\" data-image-title=\"9032EFFA-96A0-4EB6-B141-F7A43DE5EF19\" data-image-description=\"\" data-image-caption=\"\" data-large-file=\"https:\/\/www.cisa-arica.cl\/wp1\/wp-content\/uploads\/2023\/06\/9032EFFA-96A0-4EB6-B141-F7A43DE5EF19-600x394.jpeg\" role=\"button\" tabindex=\"0\" aria-label=\"Abrir la imagen 5 de 22 en pantalla completa\"srcset=\"https:\/\/i2.wp.com\/www.cisa-arica.cl\/wp1\/wp-content\/uploads\/2023\/06\/9032EFFA-96A0-4EB6-B141-F7A43DE5EF19-600x394.jpeg?strip=info&#038;w=600&#038;ssl=1 600w,https:\/\/i2.wp.com\/www.cisa-arica.cl\/wp1\/wp-content\/uploads\/2023\/06\/9032EFFA-96A0-4EB6-B141-F7A43DE5EF19-600x394.jpeg?strip=info&#038;w=828&#038;ssl=1 828w\" alt=\"\" data-height=\"544\" data-id=\"20829\" data-link=\"https:\/\/www.cisa-arica.cl\/wp1\/2023\/06\/12\/encuentro-pedagogico-arica-santiago\/9032effa-96a0-4eb6-b141-f7a43de5ef19\/\" data-url=\"https:\/\/www.cisa-arica.cl\/wp1\/wp-content\/uploads\/2023\/06\/9032EFFA-96A0-4EB6-B141-F7A43DE5EF19-600x394.jpeg\" data-width=\"828\" src=\"https:\/\/i2.wp.com\/www.cisa-arica.cl\/wp1\/wp-content\/uploads\/2023\/06\/9032EFFA-96A0-4EB6-B141-F7A43DE5EF19-600x394.jpeg?ssl=1\" data-amp-layout=\"responsive\"\/><\/figure><\/div><div class=\"tiled-gallery__col\" style=\"flex-basis:66.51203%\"><figure class=\"tiled-gallery__item\"><img decoding=\"async\" data-attachment-id=\"20830\" data-permalink=\"https:\/\/www.cisa-arica.cl\/wp1\/2023\/06\/12\/encuentro-pedagogico-arica-santiago\/7644f35e-26c7-45a3-895d-69f28a3d7ab8\/\" data-orig-file=\"https:\/\/www.cisa-arica.cl\/wp1\/wp-content\/uploads\/2023\/06\/7644F35E-26C7-45A3-895D-69F28A3D7AB8.jpeg\" data-orig-size=\"828,557\" data-comments-opened=\"0\" data-image-meta=\"{&quot;aperture&quot;:&quot;0&quot;,&quot;credit&quot;:&quot;&quot;,&quot;camera&quot;:&quot;&quot;,&quot;caption&quot;:&quot;&quot;,&quot;created_timestamp&quot;:&quot;0&quot;,&quot;copyright&quot;:&quot;&quot;,&quot;focal_length&quot;:&quot;0&quot;,&quot;iso&quot;:&quot;0&quot;,&quot;shutter_speed&quot;:&quot;0&quot;,&quot;title&quot;:&quot;&quot;,&quot;orientation&quot;:&quot;1&quot;}\" data-image-title=\"7644F35E-26C7-45A3-895D-69F28A3D7AB8\" data-image-description=\"\" data-image-caption=\"\" data-large-file=\"https:\/\/www.cisa-arica.cl\/wp1\/wp-content\/uploads\/2023\/06\/7644F35E-26C7-45A3-895D-69F28A3D7AB8-600x404.jpeg\" data-attachment-id=\"20830\" data-permalink=\"https:\/\/www.cisa-arica.cl\/wp1\/2023\/06\/12\/encuentro-pedagogico-arica-santiago\/7644f35e-26c7-45a3-895d-69f28a3d7ab8\/\" data-orig-file=\"https:\/\/www.cisa-arica.cl\/wp1\/wp-content\/uploads\/2023\/06\/7644F35E-26C7-45A3-895D-69F28A3D7AB8.jpeg\" data-orig-size=\"828,557\" data-comments-opened=\"0\" data-image-meta=\"{&quot;aperture&quot;:&quot;0&quot;,&quot;credit&quot;:&quot;&quot;,&quot;camera&quot;:&quot;&quot;,&quot;caption&quot;:&quot;&quot;,&quot;created_timestamp&quot;:&quot;0&quot;,&quot;copyright&quot;:&quot;&quot;,&quot;focal_length&quot;:&quot;0&quot;,&quot;iso&quot;:&quot;0&quot;,&quot;shutter_speed&quot;:&quot;0&quot;,&quot;title&quot;:&quot;&quot;,&quot;orientation&quot;:&quot;1&quot;}\" data-image-title=\"7644F35E-26C7-45A3-895D-69F28A3D7AB8\" data-image-description=\"\" data-image-caption=\"\" data-large-file=\"https:\/\/www.cisa-arica.cl\/wp1\/wp-content\/uploads\/2023\/06\/7644F35E-26C7-45A3-895D-69F28A3D7AB8-600x404.jpeg\" role=\"button\" tabindex=\"0\" aria-label=\"Abrir la imagen 6 de 22 en pantalla completa\"srcset=\"https:\/\/i0.wp.com\/www.cisa-arica.cl\/wp1\/wp-content\/uploads\/2023\/06\/7644F35E-26C7-45A3-895D-69F28A3D7AB8-600x404.jpeg?strip=info&#038;w=600&#038;ssl=1 600w,https:\/\/i0.wp.com\/www.cisa-arica.cl\/wp1\/wp-content\/uploads\/2023\/06\/7644F35E-26C7-45A3-895D-69F28A3D7AB8-600x404.jpeg?strip=info&#038;w=828&#038;ssl=1 828w\" alt=\"\" data-height=\"557\" data-id=\"20830\" data-link=\"https:\/\/www.cisa-arica.cl\/wp1\/2023\/06\/12\/encuentro-pedagogico-arica-santiago\/7644f35e-26c7-45a3-895d-69f28a3d7ab8\/\" data-url=\"https:\/\/www.cisa-arica.cl\/wp1\/wp-content\/uploads\/2023\/06\/7644F35E-26C7-45A3-895D-69F28A3D7AB8-600x404.jpeg\" data-width=\"828\" src=\"https:\/\/i0.wp.com\/www.cisa-arica.cl\/wp1\/wp-content\/uploads\/2023\/06\/7644F35E-26C7-45A3-895D-69F28A3D7AB8-600x404.jpeg?ssl=1\" data-amp-layout=\"responsive\"\/><\/figure><\/div><\/div><div class=\"tiled-gallery__row\"><div class=\"tiled-gallery__col\" style=\"flex-basis:50.08896%\"><figure class=\"tiled-gallery__item\"><img decoding=\"async\" data-attachment-id=\"20831\" data-permalink=\"https:\/\/www.cisa-arica.cl\/wp1\/2023\/06\/12\/encuentro-pedagogico-arica-santiago\/835ce6bc-3848-4516-b033-72da35682d65\/\" data-orig-file=\"https:\/\/www.cisa-arica.cl\/wp1\/wp-content\/uploads\/2023\/06\/835CE6BC-3848-4516-B033-72DA35682D65.jpeg\" data-orig-size=\"828,556\" data-comments-opened=\"0\" data-image-meta=\"{&quot;aperture&quot;:&quot;0&quot;,&quot;credit&quot;:&quot;&quot;,&quot;camera&quot;:&quot;&quot;,&quot;caption&quot;:&quot;&quot;,&quot;created_timestamp&quot;:&quot;0&quot;,&quot;copyright&quot;:&quot;&quot;,&quot;focal_length&quot;:&quot;0&quot;,&quot;iso&quot;:&quot;0&quot;,&quot;shutter_speed&quot;:&quot;0&quot;,&quot;title&quot;:&quot;&quot;,&quot;orientation&quot;:&quot;1&quot;}\" data-image-title=\"835CE6BC-3848-4516-B033-72DA35682D65\" data-image-description=\"\" data-image-caption=\"\" data-large-file=\"https:\/\/www.cisa-arica.cl\/wp1\/wp-content\/uploads\/2023\/06\/835CE6BC-3848-4516-B033-72DA35682D65-600x403.jpeg\" data-attachment-id=\"20831\" data-permalink=\"https:\/\/www.cisa-arica.cl\/wp1\/2023\/06\/12\/encuentro-pedagogico-arica-santiago\/835ce6bc-3848-4516-b033-72da35682d65\/\" data-orig-file=\"https:\/\/www.cisa-arica.cl\/wp1\/wp-content\/uploads\/2023\/06\/835CE6BC-3848-4516-B033-72DA35682D65.jpeg\" data-orig-size=\"828,556\" data-comments-opened=\"0\" data-image-meta=\"{&quot;aperture&quot;:&quot;0&quot;,&quot;credit&quot;:&quot;&quot;,&quot;camera&quot;:&quot;&quot;,&quot;caption&quot;:&quot;&quot;,&quot;created_timestamp&quot;:&quot;0&quot;,&quot;copyright&quot;:&quot;&quot;,&quot;focal_length&quot;:&quot;0&quot;,&quot;iso&quot;:&quot;0&quot;,&quot;shutter_speed&quot;:&quot;0&quot;,&quot;title&quot;:&quot;&quot;,&quot;orientation&quot;:&quot;1&quot;}\" data-image-title=\"835CE6BC-3848-4516-B033-72DA35682D65\" data-image-description=\"\" data-image-caption=\"\" data-large-file=\"https:\/\/www.cisa-arica.cl\/wp1\/wp-content\/uploads\/2023\/06\/835CE6BC-3848-4516-B033-72DA35682D65-600x403.jpeg\" role=\"button\" tabindex=\"0\" aria-label=\"Abrir la imagen 7 de 22 en pantalla completa\"srcset=\"https:\/\/i1.wp.com\/www.cisa-arica.cl\/wp1\/wp-content\/uploads\/2023\/06\/835CE6BC-3848-4516-B033-72DA35682D65-600x403.jpeg?strip=info&#038;w=600&#038;ssl=1 600w,https:\/\/i1.wp.com\/www.cisa-arica.cl\/wp1\/wp-content\/uploads\/2023\/06\/835CE6BC-3848-4516-B033-72DA35682D65-600x403.jpeg?strip=info&#038;w=828&#038;ssl=1 828w\" alt=\"\" data-height=\"556\" data-id=\"20831\" data-link=\"https:\/\/www.cisa-arica.cl\/wp1\/2023\/06\/12\/encuentro-pedagogico-arica-santiago\/835ce6bc-3848-4516-b033-72da35682d65\/\" data-url=\"https:\/\/www.cisa-arica.cl\/wp1\/wp-content\/uploads\/2023\/06\/835CE6BC-3848-4516-B033-72DA35682D65-600x403.jpeg\" data-width=\"828\" src=\"https:\/\/i1.wp.com\/www.cisa-arica.cl\/wp1\/wp-content\/uploads\/2023\/06\/835CE6BC-3848-4516-B033-72DA35682D65-600x403.jpeg?ssl=1\" data-amp-layout=\"responsive\"\/><\/figure><\/div><div class=\"tiled-gallery__col\" style=\"flex-basis:49.91104%\"><figure class=\"tiled-gallery__item\"><img decoding=\"async\" data-attachment-id=\"20832\" data-permalink=\"https:\/\/www.cisa-arica.cl\/wp1\/2023\/06\/12\/encuentro-pedagogico-arica-santiago\/acf6ec4b-c286-46bb-bdcd-8b6a6f1f0d17\/\" data-orig-file=\"https:\/\/www.cisa-arica.cl\/wp1\/wp-content\/uploads\/2023\/06\/ACF6EC4B-C286-46BB-BDCD-8B6A6F1F0D17.jpeg\" data-orig-size=\"828,558\" data-comments-opened=\"0\" data-image-meta=\"{&quot;aperture&quot;:&quot;0&quot;,&quot;credit&quot;:&quot;&quot;,&quot;camera&quot;:&quot;&quot;,&quot;caption&quot;:&quot;&quot;,&quot;created_timestamp&quot;:&quot;0&quot;,&quot;copyright&quot;:&quot;&quot;,&quot;focal_length&quot;:&quot;0&quot;,&quot;iso&quot;:&quot;0&quot;,&quot;shutter_speed&quot;:&quot;0&quot;,&quot;title&quot;:&quot;&quot;,&quot;orientation&quot;:&quot;1&quot;}\" data-image-title=\"ACF6EC4B-C286-46BB-BDCD-8B6A6F1F0D17\" data-image-description=\"\" data-image-caption=\"\" data-large-file=\"https:\/\/www.cisa-arica.cl\/wp1\/wp-content\/uploads\/2023\/06\/ACF6EC4B-C286-46BB-BDCD-8B6A6F1F0D17-600x404.jpeg\" data-attachment-id=\"20832\" data-permalink=\"https:\/\/www.cisa-arica.cl\/wp1\/2023\/06\/12\/encuentro-pedagogico-arica-santiago\/acf6ec4b-c286-46bb-bdcd-8b6a6f1f0d17\/\" data-orig-file=\"https:\/\/www.cisa-arica.cl\/wp1\/wp-content\/uploads\/2023\/06\/ACF6EC4B-C286-46BB-BDCD-8B6A6F1F0D17.jpeg\" data-orig-size=\"828,558\" data-comments-opened=\"0\" data-image-meta=\"{&quot;aperture&quot;:&quot;0&quot;,&quot;credit&quot;:&quot;&quot;,&quot;camera&quot;:&quot;&quot;,&quot;caption&quot;:&quot;&quot;,&quot;created_timestamp&quot;:&quot;0&quot;,&quot;copyright&quot;:&quot;&quot;,&quot;focal_length&quot;:&quot;0&quot;,&quot;iso&quot;:&quot;0&quot;,&quot;shutter_speed&quot;:&quot;0&quot;,&quot;title&quot;:&quot;&quot;,&quot;orientation&quot;:&quot;1&quot;}\" data-image-title=\"ACF6EC4B-C286-46BB-BDCD-8B6A6F1F0D17\" data-image-description=\"\" data-image-caption=\"\" data-large-file=\"https:\/\/www.cisa-arica.cl\/wp1\/wp-content\/uploads\/2023\/06\/ACF6EC4B-C286-46BB-BDCD-8B6A6F1F0D17-600x404.jpeg\" role=\"button\" tabindex=\"0\" aria-label=\"Abrir la imagen 8 de 22 en pantalla completa\"srcset=\"https:\/\/i1.wp.com\/www.cisa-arica.cl\/wp1\/wp-content\/uploads\/2023\/06\/ACF6EC4B-C286-46BB-BDCD-8B6A6F1F0D17-600x404.jpeg?strip=info&#038;w=600&#038;ssl=1 600w,https:\/\/i1.wp.com\/www.cisa-arica.cl\/wp1\/wp-content\/uploads\/2023\/06\/ACF6EC4B-C286-46BB-BDCD-8B6A6F1F0D17-600x404.jpeg?strip=info&#038;w=828&#038;ssl=1 828w\" alt=\"\" data-height=\"558\" data-id=\"20832\" data-link=\"https:\/\/www.cisa-arica.cl\/wp1\/2023\/06\/12\/encuentro-pedagogico-arica-santiago\/acf6ec4b-c286-46bb-bdcd-8b6a6f1f0d17\/\" data-url=\"https:\/\/www.cisa-arica.cl\/wp1\/wp-content\/uploads\/2023\/06\/ACF6EC4B-C286-46BB-BDCD-8B6A6F1F0D17-600x404.jpeg\" data-width=\"828\" src=\"https:\/\/i1.wp.com\/www.cisa-arica.cl\/wp1\/wp-content\/uploads\/2023\/06\/ACF6EC4B-C286-46BB-BDCD-8B6A6F1F0D17-600x404.jpeg?ssl=1\" data-amp-layout=\"responsive\"\/><\/figure><\/div><\/div><div class=\"tiled-gallery__row\"><div class=\"tiled-gallery__col\" style=\"flex-basis:49.95500%\"><figure class=\"tiled-gallery__item\"><img decoding=\"async\" data-attachment-id=\"20833\" data-permalink=\"https:\/\/www.cisa-arica.cl\/wp1\/2023\/06\/12\/encuentro-pedagogico-arica-santiago\/3f206f2c-0e31-420f-b122-7c1090df76cf\/\" data-orig-file=\"https:\/\/www.cisa-arica.cl\/wp1\/wp-content\/uploads\/2023\/06\/3F206F2C-0E31-420F-B122-7C1090DF76CF.jpeg\" data-orig-size=\"828,551\" data-comments-opened=\"0\" data-image-meta=\"{&quot;aperture&quot;:&quot;0&quot;,&quot;credit&quot;:&quot;&quot;,&quot;camera&quot;:&quot;&quot;,&quot;caption&quot;:&quot;&quot;,&quot;created_timestamp&quot;:&quot;0&quot;,&quot;copyright&quot;:&quot;&quot;,&quot;focal_length&quot;:&quot;0&quot;,&quot;iso&quot;:&quot;0&quot;,&quot;shutter_speed&quot;:&quot;0&quot;,&quot;title&quot;:&quot;&quot;,&quot;orientation&quot;:&quot;1&quot;}\" data-image-title=\"3F206F2C-0E31-420F-B122-7C1090DF76CF\" data-image-description=\"\" data-image-caption=\"\" data-large-file=\"https:\/\/www.cisa-arica.cl\/wp1\/wp-content\/uploads\/2023\/06\/3F206F2C-0E31-420F-B122-7C1090DF76CF-600x399.jpeg\" data-attachment-id=\"20833\" data-permalink=\"https:\/\/www.cisa-arica.cl\/wp1\/2023\/06\/12\/encuentro-pedagogico-arica-santiago\/3f206f2c-0e31-420f-b122-7c1090df76cf\/\" data-orig-file=\"https:\/\/www.cisa-arica.cl\/wp1\/wp-content\/uploads\/2023\/06\/3F206F2C-0E31-420F-B122-7C1090DF76CF.jpeg\" data-orig-size=\"828,551\" data-comments-opened=\"0\" data-image-meta=\"{&quot;aperture&quot;:&quot;0&quot;,&quot;credit&quot;:&quot;&quot;,&quot;camera&quot;:&quot;&quot;,&quot;caption&quot;:&quot;&quot;,&quot;created_timestamp&quot;:&quot;0&quot;,&quot;copyright&quot;:&quot;&quot;,&quot;focal_length&quot;:&quot;0&quot;,&quot;iso&quot;:&quot;0&quot;,&quot;shutter_speed&quot;:&quot;0&quot;,&quot;title&quot;:&quot;&quot;,&quot;orientation&quot;:&quot;1&quot;}\" data-image-title=\"3F206F2C-0E31-420F-B122-7C1090DF76CF\" data-image-description=\"\" data-image-caption=\"\" data-large-file=\"https:\/\/www.cisa-arica.cl\/wp1\/wp-content\/uploads\/2023\/06\/3F206F2C-0E31-420F-B122-7C1090DF76CF-600x399.jpeg\" role=\"button\" tabindex=\"0\" aria-label=\"Abrir la imagen 9 de 22 en pantalla completa\"srcset=\"https:\/\/i1.wp.com\/www.cisa-arica.cl\/wp1\/wp-content\/uploads\/2023\/06\/3F206F2C-0E31-420F-B122-7C1090DF76CF-600x399.jpeg?strip=info&#038;w=600&#038;ssl=1 600w,https:\/\/i1.wp.com\/www.cisa-arica.cl\/wp1\/wp-content\/uploads\/2023\/06\/3F206F2C-0E31-420F-B122-7C1090DF76CF-600x399.jpeg?strip=info&#038;w=828&#038;ssl=1 828w\" alt=\"\" data-height=\"551\" data-id=\"20833\" data-link=\"https:\/\/www.cisa-arica.cl\/wp1\/2023\/06\/12\/encuentro-pedagogico-arica-santiago\/3f206f2c-0e31-420f-b122-7c1090df76cf\/\" data-url=\"https:\/\/www.cisa-arica.cl\/wp1\/wp-content\/uploads\/2023\/06\/3F206F2C-0E31-420F-B122-7C1090DF76CF-600x399.jpeg\" data-width=\"828\" src=\"https:\/\/i1.wp.com\/www.cisa-arica.cl\/wp1\/wp-content\/uploads\/2023\/06\/3F206F2C-0E31-420F-B122-7C1090DF76CF-600x399.jpeg?ssl=1\" data-amp-layout=\"responsive\"\/><\/figure><\/div><div class=\"tiled-gallery__col\" style=\"flex-basis:50.04500%\"><figure class=\"tiled-gallery__item\"><img decoding=\"async\" data-attachment-id=\"20834\" data-permalink=\"https:\/\/www.cisa-arica.cl\/wp1\/2023\/06\/12\/encuentro-pedagogico-arica-santiago\/c18c7103-b711-44fa-9586-cddf3b7d028a\/\" data-orig-file=\"https:\/\/www.cisa-arica.cl\/wp1\/wp-content\/uploads\/2023\/06\/C18C7103-B711-44FA-9586-CDDF3B7D028A.jpeg\" data-orig-size=\"828,550\" data-comments-opened=\"0\" data-image-meta=\"{&quot;aperture&quot;:&quot;0&quot;,&quot;credit&quot;:&quot;&quot;,&quot;camera&quot;:&quot;&quot;,&quot;caption&quot;:&quot;&quot;,&quot;created_timestamp&quot;:&quot;0&quot;,&quot;copyright&quot;:&quot;&quot;,&quot;focal_length&quot;:&quot;0&quot;,&quot;iso&quot;:&quot;0&quot;,&quot;shutter_speed&quot;:&quot;0&quot;,&quot;title&quot;:&quot;&quot;,&quot;orientation&quot;:&quot;1&quot;}\" data-image-title=\"C18C7103-B711-44FA-9586-CDDF3B7D028A\" data-image-description=\"\" data-image-caption=\"\" data-large-file=\"https:\/\/www.cisa-arica.cl\/wp1\/wp-content\/uploads\/2023\/06\/C18C7103-B711-44FA-9586-CDDF3B7D028A-600x399.jpeg\" data-attachment-id=\"20834\" data-permalink=\"https:\/\/www.cisa-arica.cl\/wp1\/2023\/06\/12\/encuentro-pedagogico-arica-santiago\/c18c7103-b711-44fa-9586-cddf3b7d028a\/\" data-orig-file=\"https:\/\/www.cisa-arica.cl\/wp1\/wp-content\/uploads\/2023\/06\/C18C7103-B711-44FA-9586-CDDF3B7D028A.jpeg\" data-orig-size=\"828,550\" data-comments-opened=\"0\" data-image-meta=\"{&quot;aperture&quot;:&quot;0&quot;,&quot;credit&quot;:&quot;&quot;,&quot;camera&quot;:&quot;&quot;,&quot;caption&quot;:&quot;&quot;,&quot;created_timestamp&quot;:&quot;0&quot;,&quot;copyright&quot;:&quot;&quot;,&quot;focal_length&quot;:&quot;0&quot;,&quot;iso&quot;:&quot;0&quot;,&quot;shutter_speed&quot;:&quot;0&quot;,&quot;title&quot;:&quot;&quot;,&quot;orientation&quot;:&quot;1&quot;}\" data-image-title=\"C18C7103-B711-44FA-9586-CDDF3B7D028A\" data-image-description=\"\" data-image-caption=\"\" data-large-file=\"https:\/\/www.cisa-arica.cl\/wp1\/wp-content\/uploads\/2023\/06\/C18C7103-B711-44FA-9586-CDDF3B7D028A-600x399.jpeg\" role=\"button\" tabindex=\"0\" aria-label=\"Abrir la imagen 10 de 22 en pantalla completa\"srcset=\"https:\/\/i1.wp.com\/www.cisa-arica.cl\/wp1\/wp-content\/uploads\/2023\/06\/C18C7103-B711-44FA-9586-CDDF3B7D028A-600x399.jpeg?strip=info&#038;w=600&#038;ssl=1 600w,https:\/\/i1.wp.com\/www.cisa-arica.cl\/wp1\/wp-content\/uploads\/2023\/06\/C18C7103-B711-44FA-9586-CDDF3B7D028A-600x399.jpeg?strip=info&#038;w=828&#038;ssl=1 828w\" alt=\"\" data-height=\"550\" data-id=\"20834\" data-link=\"https:\/\/www.cisa-arica.cl\/wp1\/2023\/06\/12\/encuentro-pedagogico-arica-santiago\/c18c7103-b711-44fa-9586-cddf3b7d028a\/\" data-url=\"https:\/\/www.cisa-arica.cl\/wp1\/wp-content\/uploads\/2023\/06\/C18C7103-B711-44FA-9586-CDDF3B7D028A-600x399.jpeg\" data-width=\"828\" src=\"https:\/\/i1.wp.com\/www.cisa-arica.cl\/wp1\/wp-content\/uploads\/2023\/06\/C18C7103-B711-44FA-9586-CDDF3B7D028A-600x399.jpeg?ssl=1\" data-amp-layout=\"responsive\"\/><\/figure><\/div><\/div><div class=\"tiled-gallery__row\"><div class=\"tiled-gallery__col\" style=\"flex-basis:66.22440%\"><figure class=\"tiled-gallery__item\"><img decoding=\"async\" data-attachment-id=\"20835\" data-permalink=\"https:\/\/www.cisa-arica.cl\/wp1\/2023\/06\/12\/encuentro-pedagogico-arica-santiago\/441afada-30c7-458e-aa1d-02fac03d93b8\/\" data-orig-file=\"https:\/\/www.cisa-arica.cl\/wp1\/wp-content\/uploads\/2023\/06\/441AFADA-30C7-458E-AA1D-02FAC03D93B8.jpeg\" data-orig-size=\"828,581\" data-comments-opened=\"0\" data-image-meta=\"{&quot;aperture&quot;:&quot;0&quot;,&quot;credit&quot;:&quot;&quot;,&quot;camera&quot;:&quot;&quot;,&quot;caption&quot;:&quot;&quot;,&quot;created_timestamp&quot;:&quot;0&quot;,&quot;copyright&quot;:&quot;&quot;,&quot;focal_length&quot;:&quot;0&quot;,&quot;iso&quot;:&quot;0&quot;,&quot;shutter_speed&quot;:&quot;0&quot;,&quot;title&quot;:&quot;&quot;,&quot;orientation&quot;:&quot;1&quot;}\" data-image-title=\"441AFADA-30C7-458E-AA1D-02FAC03D93B8\" data-image-description=\"\" data-image-caption=\"\" data-large-file=\"https:\/\/www.cisa-arica.cl\/wp1\/wp-content\/uploads\/2023\/06\/441AFADA-30C7-458E-AA1D-02FAC03D93B8-600x421.jpeg\" data-attachment-id=\"20835\" data-permalink=\"https:\/\/www.cisa-arica.cl\/wp1\/2023\/06\/12\/encuentro-pedagogico-arica-santiago\/441afada-30c7-458e-aa1d-02fac03d93b8\/\" data-orig-file=\"https:\/\/www.cisa-arica.cl\/wp1\/wp-content\/uploads\/2023\/06\/441AFADA-30C7-458E-AA1D-02FAC03D93B8.jpeg\" data-orig-size=\"828,581\" data-comments-opened=\"0\" data-image-meta=\"{&quot;aperture&quot;:&quot;0&quot;,&quot;credit&quot;:&quot;&quot;,&quot;camera&quot;:&quot;&quot;,&quot;caption&quot;:&quot;&quot;,&quot;created_timestamp&quot;:&quot;0&quot;,&quot;copyright&quot;:&quot;&quot;,&quot;focal_length&quot;:&quot;0&quot;,&quot;iso&quot;:&quot;0&quot;,&quot;shutter_speed&quot;:&quot;0&quot;,&quot;title&quot;:&quot;&quot;,&quot;orientation&quot;:&quot;1&quot;}\" data-image-title=\"441AFADA-30C7-458E-AA1D-02FAC03D93B8\" data-image-description=\"\" data-image-caption=\"\" data-large-file=\"https:\/\/www.cisa-arica.cl\/wp1\/wp-content\/uploads\/2023\/06\/441AFADA-30C7-458E-AA1D-02FAC03D93B8-600x421.jpeg\" role=\"button\" tabindex=\"0\" aria-label=\"Abrir la imagen 11 de 22 en pantalla completa\"srcset=\"https:\/\/i0.wp.com\/www.cisa-arica.cl\/wp1\/wp-content\/uploads\/2023\/06\/441AFADA-30C7-458E-AA1D-02FAC03D93B8-600x421.jpeg?strip=info&#038;w=600&#038;ssl=1 600w,https:\/\/i0.wp.com\/www.cisa-arica.cl\/wp1\/wp-content\/uploads\/2023\/06\/441AFADA-30C7-458E-AA1D-02FAC03D93B8-600x421.jpeg?strip=info&#038;w=828&#038;ssl=1 828w\" alt=\"\" data-height=\"581\" data-id=\"20835\" data-link=\"https:\/\/www.cisa-arica.cl\/wp1\/2023\/06\/12\/encuentro-pedagogico-arica-santiago\/441afada-30c7-458e-aa1d-02fac03d93b8\/\" data-url=\"https:\/\/www.cisa-arica.cl\/wp1\/wp-content\/uploads\/2023\/06\/441AFADA-30C7-458E-AA1D-02FAC03D93B8-600x421.jpeg\" data-width=\"828\" src=\"https:\/\/i0.wp.com\/www.cisa-arica.cl\/wp1\/wp-content\/uploads\/2023\/06\/441AFADA-30C7-458E-AA1D-02FAC03D93B8-600x421.jpeg?ssl=1\" data-amp-layout=\"responsive\"\/><\/figure><\/div><div class=\"tiled-gallery__col\" style=\"flex-basis:33.77560%\"><figure class=\"tiled-gallery__item\"><img decoding=\"async\" data-attachment-id=\"20836\" data-permalink=\"https:\/\/www.cisa-arica.cl\/wp1\/2023\/06\/12\/encuentro-pedagogico-arica-santiago\/3013ca23-7510-40c8-8c05-ee66c44a1760\/\" data-orig-file=\"https:\/\/www.cisa-arica.cl\/wp1\/wp-content\/uploads\/2023\/06\/3013CA23-7510-40C8-8C05-EE66C44A1760.jpeg\" data-orig-size=\"828,550\" data-comments-opened=\"0\" data-image-meta=\"{&quot;aperture&quot;:&quot;0&quot;,&quot;credit&quot;:&quot;&quot;,&quot;camera&quot;:&quot;&quot;,&quot;caption&quot;:&quot;&quot;,&quot;created_timestamp&quot;:&quot;0&quot;,&quot;copyright&quot;:&quot;&quot;,&quot;focal_length&quot;:&quot;0&quot;,&quot;iso&quot;:&quot;0&quot;,&quot;shutter_speed&quot;:&quot;0&quot;,&quot;title&quot;:&quot;&quot;,&quot;orientation&quot;:&quot;1&quot;}\" data-image-title=\"3013CA23-7510-40C8-8C05-EE66C44A1760\" data-image-description=\"\" data-image-caption=\"\" data-large-file=\"https:\/\/www.cisa-arica.cl\/wp1\/wp-content\/uploads\/2023\/06\/3013CA23-7510-40C8-8C05-EE66C44A1760-600x399.jpeg\" data-attachment-id=\"20836\" data-permalink=\"https:\/\/www.cisa-arica.cl\/wp1\/2023\/06\/12\/encuentro-pedagogico-arica-santiago\/3013ca23-7510-40c8-8c05-ee66c44a1760\/\" data-orig-file=\"https:\/\/www.cisa-arica.cl\/wp1\/wp-content\/uploads\/2023\/06\/3013CA23-7510-40C8-8C05-EE66C44A1760.jpeg\" data-orig-size=\"828,550\" data-comments-opened=\"0\" data-image-meta=\"{&quot;aperture&quot;:&quot;0&quot;,&quot;credit&quot;:&quot;&quot;,&quot;camera&quot;:&quot;&quot;,&quot;caption&quot;:&quot;&quot;,&quot;created_timestamp&quot;:&quot;0&quot;,&quot;copyright&quot;:&quot;&quot;,&quot;focal_length&quot;:&quot;0&quot;,&quot;iso&quot;:&quot;0&quot;,&quot;shutter_speed&quot;:&quot;0&quot;,&quot;title&quot;:&quot;&quot;,&quot;orientation&quot;:&quot;1&quot;}\" data-image-title=\"3013CA23-7510-40C8-8C05-EE66C44A1760\" data-image-description=\"\" data-image-caption=\"\" data-large-file=\"https:\/\/www.cisa-arica.cl\/wp1\/wp-content\/uploads\/2023\/06\/3013CA23-7510-40C8-8C05-EE66C44A1760-600x399.jpeg\" role=\"button\" tabindex=\"0\" aria-label=\"Abrir la imagen 12 de 22 en pantalla completa\"srcset=\"https:\/\/i0.wp.com\/www.cisa-arica.cl\/wp1\/wp-content\/uploads\/2023\/06\/3013CA23-7510-40C8-8C05-EE66C44A1760-600x399.jpeg?strip=info&#038;w=600&#038;ssl=1 600w,https:\/\/i0.wp.com\/www.cisa-arica.cl\/wp1\/wp-content\/uploads\/2023\/06\/3013CA23-7510-40C8-8C05-EE66C44A1760-600x399.jpeg?strip=info&#038;w=828&#038;ssl=1 828w\" alt=\"\" data-height=\"550\" data-id=\"20836\" data-link=\"https:\/\/www.cisa-arica.cl\/wp1\/2023\/06\/12\/encuentro-pedagogico-arica-santiago\/3013ca23-7510-40c8-8c05-ee66c44a1760\/\" data-url=\"https:\/\/www.cisa-arica.cl\/wp1\/wp-content\/uploads\/2023\/06\/3013CA23-7510-40C8-8C05-EE66C44A1760-600x399.jpeg\" data-width=\"828\" src=\"https:\/\/i0.wp.com\/www.cisa-arica.cl\/wp1\/wp-content\/uploads\/2023\/06\/3013CA23-7510-40C8-8C05-EE66C44A1760-600x399.jpeg?ssl=1\" data-amp-layout=\"responsive\"\/><\/figure><figure class=\"tiled-gallery__item\"><img decoding=\"async\" data-attachment-id=\"20837\" data-permalink=\"https:\/\/www.cisa-arica.cl\/wp1\/2023\/06\/12\/encuentro-pedagogico-arica-santiago\/e9bcd129-13d9-4980-9124-59e94054cc70\/\" data-orig-file=\"https:\/\/www.cisa-arica.cl\/wp1\/wp-content\/uploads\/2023\/06\/E9BCD129-13D9-4980-9124-59E94054CC70.jpeg\" data-orig-size=\"798,553\" data-comments-opened=\"0\" data-image-meta=\"{&quot;aperture&quot;:&quot;0&quot;,&quot;credit&quot;:&quot;&quot;,&quot;camera&quot;:&quot;&quot;,&quot;caption&quot;:&quot;&quot;,&quot;created_timestamp&quot;:&quot;0&quot;,&quot;copyright&quot;:&quot;&quot;,&quot;focal_length&quot;:&quot;0&quot;,&quot;iso&quot;:&quot;0&quot;,&quot;shutter_speed&quot;:&quot;0&quot;,&quot;title&quot;:&quot;&quot;,&quot;orientation&quot;:&quot;1&quot;}\" data-image-title=\"E9BCD129-13D9-4980-9124-59E94054CC70\" data-image-description=\"\" data-image-caption=\"\" data-large-file=\"https:\/\/www.cisa-arica.cl\/wp1\/wp-content\/uploads\/2023\/06\/E9BCD129-13D9-4980-9124-59E94054CC70-600x416.jpeg\" data-attachment-id=\"20837\" data-permalink=\"https:\/\/www.cisa-arica.cl\/wp1\/2023\/06\/12\/encuentro-pedagogico-arica-santiago\/e9bcd129-13d9-4980-9124-59e94054cc70\/\" data-orig-file=\"https:\/\/www.cisa-arica.cl\/wp1\/wp-content\/uploads\/2023\/06\/E9BCD129-13D9-4980-9124-59E94054CC70.jpeg\" data-orig-size=\"798,553\" data-comments-opened=\"0\" data-image-meta=\"{&quot;aperture&quot;:&quot;0&quot;,&quot;credit&quot;:&quot;&quot;,&quot;camera&quot;:&quot;&quot;,&quot;caption&quot;:&quot;&quot;,&quot;created_timestamp&quot;:&quot;0&quot;,&quot;copyright&quot;:&quot;&quot;,&quot;focal_length&quot;:&quot;0&quot;,&quot;iso&quot;:&quot;0&quot;,&quot;shutter_speed&quot;:&quot;0&quot;,&quot;title&quot;:&quot;&quot;,&quot;orientation&quot;:&quot;1&quot;}\" data-image-title=\"E9BCD129-13D9-4980-9124-59E94054CC70\" data-image-description=\"\" data-image-caption=\"\" data-large-file=\"https:\/\/www.cisa-arica.cl\/wp1\/wp-content\/uploads\/2023\/06\/E9BCD129-13D9-4980-9124-59E94054CC70-600x416.jpeg\" role=\"button\" tabindex=\"0\" aria-label=\"Abrir la imagen 13 de 22 en pantalla completa\"srcset=\"https:\/\/i1.wp.com\/www.cisa-arica.cl\/wp1\/wp-content\/uploads\/2023\/06\/E9BCD129-13D9-4980-9124-59E94054CC70-600x416.jpeg?strip=info&#038;w=600&#038;ssl=1 600w,https:\/\/i1.wp.com\/www.cisa-arica.cl\/wp1\/wp-content\/uploads\/2023\/06\/E9BCD129-13D9-4980-9124-59E94054CC70-600x416.jpeg?strip=info&#038;w=798&#038;ssl=1 798w\" alt=\"\" data-height=\"553\" data-id=\"20837\" data-link=\"https:\/\/www.cisa-arica.cl\/wp1\/2023\/06\/12\/encuentro-pedagogico-arica-santiago\/e9bcd129-13d9-4980-9124-59e94054cc70\/\" data-url=\"https:\/\/www.cisa-arica.cl\/wp1\/wp-content\/uploads\/2023\/06\/E9BCD129-13D9-4980-9124-59E94054CC70-600x416.jpeg\" data-width=\"798\" src=\"https:\/\/i1.wp.com\/www.cisa-arica.cl\/wp1\/wp-content\/uploads\/2023\/06\/E9BCD129-13D9-4980-9124-59E94054CC70-600x416.jpeg?ssl=1\" data-amp-layout=\"responsive\"\/><\/figure><\/div><\/div><div class=\"tiled-gallery__row\"><div class=\"tiled-gallery__col\" style=\"flex-basis:34.08827%\"><figure class=\"tiled-gallery__item\"><img decoding=\"async\" data-attachment-id=\"20838\" data-permalink=\"https:\/\/www.cisa-arica.cl\/wp1\/2023\/06\/12\/encuentro-pedagogico-arica-santiago\/f322b03c-9efc-4ef4-b75d-40f51489be3d\/\" data-orig-file=\"https:\/\/www.cisa-arica.cl\/wp1\/wp-content\/uploads\/2023\/06\/F322B03C-9EFC-4EF4-B75D-40F51489BE3D.jpeg\" data-orig-size=\"828,554\" data-comments-opened=\"0\" data-image-meta=\"{&quot;aperture&quot;:&quot;0&quot;,&quot;credit&quot;:&quot;&quot;,&quot;camera&quot;:&quot;&quot;,&quot;caption&quot;:&quot;&quot;,&quot;created_timestamp&quot;:&quot;0&quot;,&quot;copyright&quot;:&quot;&quot;,&quot;focal_length&quot;:&quot;0&quot;,&quot;iso&quot;:&quot;0&quot;,&quot;shutter_speed&quot;:&quot;0&quot;,&quot;title&quot;:&quot;&quot;,&quot;orientation&quot;:&quot;1&quot;}\" data-image-title=\"F322B03C-9EFC-4EF4-B75D-40F51489BE3D\" data-image-description=\"\" data-image-caption=\"\" data-large-file=\"https:\/\/www.cisa-arica.cl\/wp1\/wp-content\/uploads\/2023\/06\/F322B03C-9EFC-4EF4-B75D-40F51489BE3D-600x401.jpeg\" data-attachment-id=\"20838\" data-permalink=\"https:\/\/www.cisa-arica.cl\/wp1\/2023\/06\/12\/encuentro-pedagogico-arica-santiago\/f322b03c-9efc-4ef4-b75d-40f51489be3d\/\" data-orig-file=\"https:\/\/www.cisa-arica.cl\/wp1\/wp-content\/uploads\/2023\/06\/F322B03C-9EFC-4EF4-B75D-40F51489BE3D.jpeg\" data-orig-size=\"828,554\" data-comments-opened=\"0\" data-image-meta=\"{&quot;aperture&quot;:&quot;0&quot;,&quot;credit&quot;:&quot;&quot;,&quot;camera&quot;:&quot;&quot;,&quot;caption&quot;:&quot;&quot;,&quot;created_timestamp&quot;:&quot;0&quot;,&quot;copyright&quot;:&quot;&quot;,&quot;focal_length&quot;:&quot;0&quot;,&quot;iso&quot;:&quot;0&quot;,&quot;shutter_speed&quot;:&quot;0&quot;,&quot;title&quot;:&quot;&quot;,&quot;orientation&quot;:&quot;1&quot;}\" data-image-title=\"F322B03C-9EFC-4EF4-B75D-40F51489BE3D\" data-image-description=\"\" data-image-caption=\"\" data-large-file=\"https:\/\/www.cisa-arica.cl\/wp1\/wp-content\/uploads\/2023\/06\/F322B03C-9EFC-4EF4-B75D-40F51489BE3D-600x401.jpeg\" role=\"button\" tabindex=\"0\" aria-label=\"Abrir la imagen 14 de 22 en pantalla completa\"srcset=\"https:\/\/i1.wp.com\/www.cisa-arica.cl\/wp1\/wp-content\/uploads\/2023\/06\/F322B03C-9EFC-4EF4-B75D-40F51489BE3D-600x401.jpeg?strip=info&#038;w=600&#038;ssl=1 600w,https:\/\/i1.wp.com\/www.cisa-arica.cl\/wp1\/wp-content\/uploads\/2023\/06\/F322B03C-9EFC-4EF4-B75D-40F51489BE3D-600x401.jpeg?strip=info&#038;w=828&#038;ssl=1 828w\" alt=\"\" data-height=\"554\" data-id=\"20838\" data-link=\"https:\/\/www.cisa-arica.cl\/wp1\/2023\/06\/12\/encuentro-pedagogico-arica-santiago\/f322b03c-9efc-4ef4-b75d-40f51489be3d\/\" data-url=\"https:\/\/www.cisa-arica.cl\/wp1\/wp-content\/uploads\/2023\/06\/F322B03C-9EFC-4EF4-B75D-40F51489BE3D-600x401.jpeg\" data-width=\"828\" src=\"https:\/\/i1.wp.com\/www.cisa-arica.cl\/wp1\/wp-content\/uploads\/2023\/06\/F322B03C-9EFC-4EF4-B75D-40F51489BE3D-600x401.jpeg?ssl=1\" data-amp-layout=\"responsive\"\/><\/figure><figure class=\"tiled-gallery__item\"><img decoding=\"async\" data-attachment-id=\"20839\" data-permalink=\"https:\/\/www.cisa-arica.cl\/wp1\/2023\/06\/12\/encuentro-pedagogico-arica-santiago\/01d9d5cf-175f-4a87-9686-496408c0bd3c\/\" data-orig-file=\"https:\/\/www.cisa-arica.cl\/wp1\/wp-content\/uploads\/2023\/06\/01D9D5CF-175F-4A87-9686-496408C0BD3C.jpeg\" data-orig-size=\"828,492\" data-comments-opened=\"0\" data-image-meta=\"{&quot;aperture&quot;:&quot;0&quot;,&quot;credit&quot;:&quot;&quot;,&quot;camera&quot;:&quot;&quot;,&quot;caption&quot;:&quot;&quot;,&quot;created_timestamp&quot;:&quot;0&quot;,&quot;copyright&quot;:&quot;&quot;,&quot;focal_length&quot;:&quot;0&quot;,&quot;iso&quot;:&quot;0&quot;,&quot;shutter_speed&quot;:&quot;0&quot;,&quot;title&quot;:&quot;&quot;,&quot;orientation&quot;:&quot;1&quot;}\" data-image-title=\"01D9D5CF-175F-4A87-9686-496408C0BD3C\" data-image-description=\"\" data-image-caption=\"\" data-large-file=\"https:\/\/www.cisa-arica.cl\/wp1\/wp-content\/uploads\/2023\/06\/01D9D5CF-175F-4A87-9686-496408C0BD3C-600x357.jpeg\" data-attachment-id=\"20839\" data-permalink=\"https:\/\/www.cisa-arica.cl\/wp1\/2023\/06\/12\/encuentro-pedagogico-arica-santiago\/01d9d5cf-175f-4a87-9686-496408c0bd3c\/\" data-orig-file=\"https:\/\/www.cisa-arica.cl\/wp1\/wp-content\/uploads\/2023\/06\/01D9D5CF-175F-4A87-9686-496408C0BD3C.jpeg\" data-orig-size=\"828,492\" data-comments-opened=\"0\" data-image-meta=\"{&quot;aperture&quot;:&quot;0&quot;,&quot;credit&quot;:&quot;&quot;,&quot;camera&quot;:&quot;&quot;,&quot;caption&quot;:&quot;&quot;,&quot;created_timestamp&quot;:&quot;0&quot;,&quot;copyright&quot;:&quot;&quot;,&quot;focal_length&quot;:&quot;0&quot;,&quot;iso&quot;:&quot;0&quot;,&quot;shutter_speed&quot;:&quot;0&quot;,&quot;title&quot;:&quot;&quot;,&quot;orientation&quot;:&quot;1&quot;}\" data-image-title=\"01D9D5CF-175F-4A87-9686-496408C0BD3C\" data-image-description=\"\" data-image-caption=\"\" data-large-file=\"https:\/\/www.cisa-arica.cl\/wp1\/wp-content\/uploads\/2023\/06\/01D9D5CF-175F-4A87-9686-496408C0BD3C-600x357.jpeg\" role=\"button\" tabindex=\"0\" aria-label=\"Abrir la imagen 15 de 22 en pantalla completa\"srcset=\"https:\/\/i1.wp.com\/www.cisa-arica.cl\/wp1\/wp-content\/uploads\/2023\/06\/01D9D5CF-175F-4A87-9686-496408C0BD3C-600x357.jpeg?strip=info&#038;w=600&#038;ssl=1 600w,https:\/\/i1.wp.com\/www.cisa-arica.cl\/wp1\/wp-content\/uploads\/2023\/06\/01D9D5CF-175F-4A87-9686-496408C0BD3C-600x357.jpeg?strip=info&#038;w=828&#038;ssl=1 828w\" alt=\"\" data-height=\"492\" data-id=\"20839\" data-link=\"https:\/\/www.cisa-arica.cl\/wp1\/2023\/06\/12\/encuentro-pedagogico-arica-santiago\/01d9d5cf-175f-4a87-9686-496408c0bd3c\/\" data-url=\"https:\/\/www.cisa-arica.cl\/wp1\/wp-content\/uploads\/2023\/06\/01D9D5CF-175F-4A87-9686-496408C0BD3C-600x357.jpeg\" data-width=\"828\" src=\"https:\/\/i1.wp.com\/www.cisa-arica.cl\/wp1\/wp-content\/uploads\/2023\/06\/01D9D5CF-175F-4A87-9686-496408C0BD3C-600x357.jpeg?ssl=1\" data-amp-layout=\"responsive\"\/><\/figure><\/div><div class=\"tiled-gallery__col\" style=\"flex-basis:65.91173%\"><figure class=\"tiled-gallery__item\"><img decoding=\"async\" data-attachment-id=\"20840\" data-permalink=\"https:\/\/www.cisa-arica.cl\/wp1\/2023\/06\/12\/encuentro-pedagogico-arica-santiago\/3de90d93-da06-405d-a2a4-22887b52fe6e\/\" data-orig-file=\"https:\/\/www.cisa-arica.cl\/wp1\/wp-content\/uploads\/2023\/06\/3DE90D93-DA06-405D-A2A4-22887B52FE6E.jpeg\" data-orig-size=\"828,549\" data-comments-opened=\"0\" data-image-meta=\"{&quot;aperture&quot;:&quot;0&quot;,&quot;credit&quot;:&quot;&quot;,&quot;camera&quot;:&quot;&quot;,&quot;caption&quot;:&quot;&quot;,&quot;created_timestamp&quot;:&quot;0&quot;,&quot;copyright&quot;:&quot;&quot;,&quot;focal_length&quot;:&quot;0&quot;,&quot;iso&quot;:&quot;0&quot;,&quot;shutter_speed&quot;:&quot;0&quot;,&quot;title&quot;:&quot;&quot;,&quot;orientation&quot;:&quot;1&quot;}\" data-image-title=\"3DE90D93-DA06-405D-A2A4-22887B52FE6E\" data-image-description=\"\" data-image-caption=\"\" data-large-file=\"https:\/\/www.cisa-arica.cl\/wp1\/wp-content\/uploads\/2023\/06\/3DE90D93-DA06-405D-A2A4-22887B52FE6E-600x398.jpeg\" data-attachment-id=\"20840\" data-permalink=\"https:\/\/www.cisa-arica.cl\/wp1\/2023\/06\/12\/encuentro-pedagogico-arica-santiago\/3de90d93-da06-405d-a2a4-22887b52fe6e\/\" data-orig-file=\"https:\/\/www.cisa-arica.cl\/wp1\/wp-content\/uploads\/2023\/06\/3DE90D93-DA06-405D-A2A4-22887B52FE6E.jpeg\" data-orig-size=\"828,549\" data-comments-opened=\"0\" data-image-meta=\"{&quot;aperture&quot;:&quot;0&quot;,&quot;credit&quot;:&quot;&quot;,&quot;camera&quot;:&quot;&quot;,&quot;caption&quot;:&quot;&quot;,&quot;created_timestamp&quot;:&quot;0&quot;,&quot;copyright&quot;:&quot;&quot;,&quot;focal_length&quot;:&quot;0&quot;,&quot;iso&quot;:&quot;0&quot;,&quot;shutter_speed&quot;:&quot;0&quot;,&quot;title&quot;:&quot;&quot;,&quot;orientation&quot;:&quot;1&quot;}\" data-image-title=\"3DE90D93-DA06-405D-A2A4-22887B52FE6E\" data-image-description=\"\" data-image-caption=\"\" data-large-file=\"https:\/\/www.cisa-arica.cl\/wp1\/wp-content\/uploads\/2023\/06\/3DE90D93-DA06-405D-A2A4-22887B52FE6E-600x398.jpeg\" role=\"button\" tabindex=\"0\" aria-label=\"Abrir la imagen 16 de 22 en pantalla completa\"srcset=\"https:\/\/i0.wp.com\/www.cisa-arica.cl\/wp1\/wp-content\/uploads\/2023\/06\/3DE90D93-DA06-405D-A2A4-22887B52FE6E-600x398.jpeg?strip=info&#038;w=600&#038;ssl=1 600w,https:\/\/i0.wp.com\/www.cisa-arica.cl\/wp1\/wp-content\/uploads\/2023\/06\/3DE90D93-DA06-405D-A2A4-22887B52FE6E-600x398.jpeg?strip=info&#038;w=828&#038;ssl=1 828w\" alt=\"\" data-height=\"549\" data-id=\"20840\" data-link=\"https:\/\/www.cisa-arica.cl\/wp1\/2023\/06\/12\/encuentro-pedagogico-arica-santiago\/3de90d93-da06-405d-a2a4-22887b52fe6e\/\" data-url=\"https:\/\/www.cisa-arica.cl\/wp1\/wp-content\/uploads\/2023\/06\/3DE90D93-DA06-405D-A2A4-22887B52FE6E-600x398.jpeg\" data-width=\"828\" src=\"https:\/\/i0.wp.com\/www.cisa-arica.cl\/wp1\/wp-content\/uploads\/2023\/06\/3DE90D93-DA06-405D-A2A4-22887B52FE6E-600x398.jpeg?ssl=1\" data-amp-layout=\"responsive\"\/><\/figure><\/div><\/div><div class=\"tiled-gallery__row\"><div class=\"tiled-gallery__col\" style=\"flex-basis:49.46143%\"><figure class=\"tiled-gallery__item\"><img decoding=\"async\" data-attachment-id=\"20841\" data-permalink=\"https:\/\/www.cisa-arica.cl\/wp1\/2023\/06\/12\/encuentro-pedagogico-arica-santiago\/0573ba28-68cf-4d6a-a562-6f6e805d00ef\/\" data-orig-file=\"https:\/\/www.cisa-arica.cl\/wp1\/wp-content\/uploads\/2023\/06\/0573BA28-68CF-4D6A-A562-6F6E805D00EF.jpeg\" data-orig-size=\"828,558\" data-comments-opened=\"0\" data-image-meta=\"{&quot;aperture&quot;:&quot;0&quot;,&quot;credit&quot;:&quot;&quot;,&quot;camera&quot;:&quot;&quot;,&quot;caption&quot;:&quot;&quot;,&quot;created_timestamp&quot;:&quot;0&quot;,&quot;copyright&quot;:&quot;&quot;,&quot;focal_length&quot;:&quot;0&quot;,&quot;iso&quot;:&quot;0&quot;,&quot;shutter_speed&quot;:&quot;0&quot;,&quot;title&quot;:&quot;&quot;,&quot;orientation&quot;:&quot;1&quot;}\" data-image-title=\"0573BA28-68CF-4D6A-A562-6F6E805D00EF\" data-image-description=\"\" data-image-caption=\"\" data-large-file=\"https:\/\/www.cisa-arica.cl\/wp1\/wp-content\/uploads\/2023\/06\/0573BA28-68CF-4D6A-A562-6F6E805D00EF-600x404.jpeg\" data-attachment-id=\"20841\" data-permalink=\"https:\/\/www.cisa-arica.cl\/wp1\/2023\/06\/12\/encuentro-pedagogico-arica-santiago\/0573ba28-68cf-4d6a-a562-6f6e805d00ef\/\" data-orig-file=\"https:\/\/www.cisa-arica.cl\/wp1\/wp-content\/uploads\/2023\/06\/0573BA28-68CF-4D6A-A562-6F6E805D00EF.jpeg\" data-orig-size=\"828,558\" data-comments-opened=\"0\" data-image-meta=\"{&quot;aperture&quot;:&quot;0&quot;,&quot;credit&quot;:&quot;&quot;,&quot;camera&quot;:&quot;&quot;,&quot;caption&quot;:&quot;&quot;,&quot;created_timestamp&quot;:&quot;0&quot;,&quot;copyright&quot;:&quot;&quot;,&quot;focal_length&quot;:&quot;0&quot;,&quot;iso&quot;:&quot;0&quot;,&quot;shutter_speed&quot;:&quot;0&quot;,&quot;title&quot;:&quot;&quot;,&quot;orientation&quot;:&quot;1&quot;}\" data-image-title=\"0573BA28-68CF-4D6A-A562-6F6E805D00EF\" data-image-description=\"\" data-image-caption=\"\" data-large-file=\"https:\/\/www.cisa-arica.cl\/wp1\/wp-content\/uploads\/2023\/06\/0573BA28-68CF-4D6A-A562-6F6E805D00EF-600x404.jpeg\" role=\"button\" tabindex=\"0\" aria-label=\"Abrir la imagen 17 de 22 en pantalla completa\"srcset=\"https:\/\/i0.wp.com\/www.cisa-arica.cl\/wp1\/wp-content\/uploads\/2023\/06\/0573BA28-68CF-4D6A-A562-6F6E805D00EF-600x404.jpeg?strip=info&#038;w=600&#038;ssl=1 600w,https:\/\/i0.wp.com\/www.cisa-arica.cl\/wp1\/wp-content\/uploads\/2023\/06\/0573BA28-68CF-4D6A-A562-6F6E805D00EF-600x404.jpeg?strip=info&#038;w=828&#038;ssl=1 828w\" alt=\"\" data-height=\"558\" data-id=\"20841\" data-link=\"https:\/\/www.cisa-arica.cl\/wp1\/2023\/06\/12\/encuentro-pedagogico-arica-santiago\/0573ba28-68cf-4d6a-a562-6f6e805d00ef\/\" data-url=\"https:\/\/www.cisa-arica.cl\/wp1\/wp-content\/uploads\/2023\/06\/0573BA28-68CF-4D6A-A562-6F6E805D00EF-600x404.jpeg\" data-width=\"828\" src=\"https:\/\/i0.wp.com\/www.cisa-arica.cl\/wp1\/wp-content\/uploads\/2023\/06\/0573BA28-68CF-4D6A-A562-6F6E805D00EF-600x404.jpeg?ssl=1\" data-amp-layout=\"responsive\"\/><\/figure><\/div><div class=\"tiled-gallery__col\" style=\"flex-basis:50.53857%\"><figure class=\"tiled-gallery__item\"><img decoding=\"async\" data-attachment-id=\"20842\" data-permalink=\"https:\/\/www.cisa-arica.cl\/wp1\/2023\/06\/12\/encuentro-pedagogico-arica-santiago\/ec4a736f-5146-4854-854e-a38812890a0f\/\" data-orig-file=\"https:\/\/www.cisa-arica.cl\/wp1\/wp-content\/uploads\/2023\/06\/EC4A736F-5146-4854-854E-A38812890A0F.jpeg\" data-orig-size=\"828,546\" data-comments-opened=\"0\" data-image-meta=\"{&quot;aperture&quot;:&quot;0&quot;,&quot;credit&quot;:&quot;&quot;,&quot;camera&quot;:&quot;&quot;,&quot;caption&quot;:&quot;&quot;,&quot;created_timestamp&quot;:&quot;0&quot;,&quot;copyright&quot;:&quot;&quot;,&quot;focal_length&quot;:&quot;0&quot;,&quot;iso&quot;:&quot;0&quot;,&quot;shutter_speed&quot;:&quot;0&quot;,&quot;title&quot;:&quot;&quot;,&quot;orientation&quot;:&quot;1&quot;}\" data-image-title=\"EC4A736F-5146-4854-854E-A38812890A0F\" data-image-description=\"\" data-image-caption=\"\" data-large-file=\"https:\/\/www.cisa-arica.cl\/wp1\/wp-content\/uploads\/2023\/06\/EC4A736F-5146-4854-854E-A38812890A0F-600x396.jpeg\" data-attachment-id=\"20842\" data-permalink=\"https:\/\/www.cisa-arica.cl\/wp1\/2023\/06\/12\/encuentro-pedagogico-arica-santiago\/ec4a736f-5146-4854-854e-a38812890a0f\/\" data-orig-file=\"https:\/\/www.cisa-arica.cl\/wp1\/wp-content\/uploads\/2023\/06\/EC4A736F-5146-4854-854E-A38812890A0F.jpeg\" data-orig-size=\"828,546\" data-comments-opened=\"0\" data-image-meta=\"{&quot;aperture&quot;:&quot;0&quot;,&quot;credit&quot;:&quot;&quot;,&quot;camera&quot;:&quot;&quot;,&quot;caption&quot;:&quot;&quot;,&quot;created_timestamp&quot;:&quot;0&quot;,&quot;copyright&quot;:&quot;&quot;,&quot;focal_length&quot;:&quot;0&quot;,&quot;iso&quot;:&quot;0&quot;,&quot;shutter_speed&quot;:&quot;0&quot;,&quot;title&quot;:&quot;&quot;,&quot;orientation&quot;:&quot;1&quot;}\" data-image-title=\"EC4A736F-5146-4854-854E-A38812890A0F\" data-image-description=\"\" data-image-caption=\"\" data-large-file=\"https:\/\/www.cisa-arica.cl\/wp1\/wp-content\/uploads\/2023\/06\/EC4A736F-5146-4854-854E-A38812890A0F-600x396.jpeg\" role=\"button\" tabindex=\"0\" aria-label=\"Abrir la imagen 18 de 22 en pantalla completa\"srcset=\"https:\/\/i1.wp.com\/www.cisa-arica.cl\/wp1\/wp-content\/uploads\/2023\/06\/EC4A736F-5146-4854-854E-A38812890A0F-600x396.jpeg?strip=info&#038;w=600&#038;ssl=1 600w,https:\/\/i1.wp.com\/www.cisa-arica.cl\/wp1\/wp-content\/uploads\/2023\/06\/EC4A736F-5146-4854-854E-A38812890A0F-600x396.jpeg?strip=info&#038;w=828&#038;ssl=1 828w\" alt=\"\" data-height=\"546\" data-id=\"20842\" data-link=\"https:\/\/www.cisa-arica.cl\/wp1\/2023\/06\/12\/encuentro-pedagogico-arica-santiago\/ec4a736f-5146-4854-854e-a38812890a0f\/\" data-url=\"https:\/\/www.cisa-arica.cl\/wp1\/wp-content\/uploads\/2023\/06\/EC4A736F-5146-4854-854E-A38812890A0F-600x396.jpeg\" data-width=\"828\" src=\"https:\/\/i1.wp.com\/www.cisa-arica.cl\/wp1\/wp-content\/uploads\/2023\/06\/EC4A736F-5146-4854-854E-A38812890A0F-600x396.jpeg?ssl=1\" data-amp-layout=\"responsive\"\/><\/figure><\/div><\/div><div class=\"tiled-gallery__row\"><div class=\"tiled-gallery__col\" style=\"flex-basis:25.32540%\"><figure class=\"tiled-gallery__item\"><img decoding=\"async\" data-attachment-id=\"20843\" data-permalink=\"https:\/\/www.cisa-arica.cl\/wp1\/2023\/06\/12\/encuentro-pedagogico-arica-santiago\/f2ffb34c-5bc9-486f-ab60-7d9c14fe59c0\/\" data-orig-file=\"https:\/\/www.cisa-arica.cl\/wp1\/wp-content\/uploads\/2023\/06\/F2FFB34C-5BC9-486F-AB60-7D9C14FE59C0.jpeg\" data-orig-size=\"828,551\" data-comments-opened=\"0\" data-image-meta=\"{&quot;aperture&quot;:&quot;0&quot;,&quot;credit&quot;:&quot;&quot;,&quot;camera&quot;:&quot;&quot;,&quot;caption&quot;:&quot;&quot;,&quot;created_timestamp&quot;:&quot;0&quot;,&quot;copyright&quot;:&quot;&quot;,&quot;focal_length&quot;:&quot;0&quot;,&quot;iso&quot;:&quot;0&quot;,&quot;shutter_speed&quot;:&quot;0&quot;,&quot;title&quot;:&quot;&quot;,&quot;orientation&quot;:&quot;1&quot;}\" data-image-title=\"F2FFB34C-5BC9-486F-AB60-7D9C14FE59C0\" data-image-description=\"\" data-image-caption=\"\" data-large-file=\"https:\/\/www.cisa-arica.cl\/wp1\/wp-content\/uploads\/2023\/06\/F2FFB34C-5BC9-486F-AB60-7D9C14FE59C0-600x399.jpeg\" data-attachment-id=\"20843\" data-permalink=\"https:\/\/www.cisa-arica.cl\/wp1\/2023\/06\/12\/encuentro-pedagogico-arica-santiago\/f2ffb34c-5bc9-486f-ab60-7d9c14fe59c0\/\" data-orig-file=\"https:\/\/www.cisa-arica.cl\/wp1\/wp-content\/uploads\/2023\/06\/F2FFB34C-5BC9-486F-AB60-7D9C14FE59C0.jpeg\" data-orig-size=\"828,551\" data-comments-opened=\"0\" data-image-meta=\"{&quot;aperture&quot;:&quot;0&quot;,&quot;credit&quot;:&quot;&quot;,&quot;camera&quot;:&quot;&quot;,&quot;caption&quot;:&quot;&quot;,&quot;created_timestamp&quot;:&quot;0&quot;,&quot;copyright&quot;:&quot;&quot;,&quot;focal_length&quot;:&quot;0&quot;,&quot;iso&quot;:&quot;0&quot;,&quot;shutter_speed&quot;:&quot;0&quot;,&quot;title&quot;:&quot;&quot;,&quot;orientation&quot;:&quot;1&quot;}\" data-image-title=\"F2FFB34C-5BC9-486F-AB60-7D9C14FE59C0\" data-image-description=\"\" data-image-caption=\"\" data-large-file=\"https:\/\/www.cisa-arica.cl\/wp1\/wp-content\/uploads\/2023\/06\/F2FFB34C-5BC9-486F-AB60-7D9C14FE59C0-600x399.jpeg\" role=\"button\" tabindex=\"0\" aria-label=\"Abrir la imagen 19 de 22 en pantalla completa\"srcset=\"https:\/\/i1.wp.com\/www.cisa-arica.cl\/wp1\/wp-content\/uploads\/2023\/06\/F2FFB34C-5BC9-486F-AB60-7D9C14FE59C0-600x399.jpeg?strip=info&#038;w=600&#038;ssl=1 600w,https:\/\/i1.wp.com\/www.cisa-arica.cl\/wp1\/wp-content\/uploads\/2023\/06\/F2FFB34C-5BC9-486F-AB60-7D9C14FE59C0-600x399.jpeg?strip=info&#038;w=828&#038;ssl=1 828w\" alt=\"\" data-height=\"551\" data-id=\"20843\" data-link=\"https:\/\/www.cisa-arica.cl\/wp1\/2023\/06\/12\/encuentro-pedagogico-arica-santiago\/f2ffb34c-5bc9-486f-ab60-7d9c14fe59c0\/\" data-url=\"https:\/\/www.cisa-arica.cl\/wp1\/wp-content\/uploads\/2023\/06\/F2FFB34C-5BC9-486F-AB60-7D9C14FE59C0-600x399.jpeg\" data-width=\"828\" src=\"https:\/\/i1.wp.com\/www.cisa-arica.cl\/wp1\/wp-content\/uploads\/2023\/06\/F2FFB34C-5BC9-486F-AB60-7D9C14FE59C0-600x399.jpeg?ssl=1\" data-amp-layout=\"responsive\"\/><\/figure><\/div><div class=\"tiled-gallery__col\" style=\"flex-basis:31.59883%\"><figure class=\"tiled-gallery__item\"><img decoding=\"async\" data-attachment-id=\"20844\" data-permalink=\"https:\/\/www.cisa-arica.cl\/wp1\/2023\/06\/12\/encuentro-pedagogico-arica-santiago\/11799b51-35cb-4ec8-86dd-01b2a57579f8\/\" data-orig-file=\"https:\/\/www.cisa-arica.cl\/wp1\/wp-content\/uploads\/2023\/06\/11799B51-35CB-4EC8-86DD-01B2A57579F8.jpeg\" data-orig-size=\"828,440\" data-comments-opened=\"0\" data-image-meta=\"{&quot;aperture&quot;:&quot;0&quot;,&quot;credit&quot;:&quot;&quot;,&quot;camera&quot;:&quot;&quot;,&quot;caption&quot;:&quot;&quot;,&quot;created_timestamp&quot;:&quot;0&quot;,&quot;copyright&quot;:&quot;&quot;,&quot;focal_length&quot;:&quot;0&quot;,&quot;iso&quot;:&quot;0&quot;,&quot;shutter_speed&quot;:&quot;0&quot;,&quot;title&quot;:&quot;&quot;,&quot;orientation&quot;:&quot;1&quot;}\" data-image-title=\"11799B51-35CB-4EC8-86DD-01B2A57579F8\" data-image-description=\"\" data-image-caption=\"\" data-large-file=\"https:\/\/www.cisa-arica.cl\/wp1\/wp-content\/uploads\/2023\/06\/11799B51-35CB-4EC8-86DD-01B2A57579F8-600x319.jpeg\" data-attachment-id=\"20844\" data-permalink=\"https:\/\/www.cisa-arica.cl\/wp1\/2023\/06\/12\/encuentro-pedagogico-arica-santiago\/11799b51-35cb-4ec8-86dd-01b2a57579f8\/\" data-orig-file=\"https:\/\/www.cisa-arica.cl\/wp1\/wp-content\/uploads\/2023\/06\/11799B51-35CB-4EC8-86DD-01B2A57579F8.jpeg\" data-orig-size=\"828,440\" data-comments-opened=\"0\" data-image-meta=\"{&quot;aperture&quot;:&quot;0&quot;,&quot;credit&quot;:&quot;&quot;,&quot;camera&quot;:&quot;&quot;,&quot;caption&quot;:&quot;&quot;,&quot;created_timestamp&quot;:&quot;0&quot;,&quot;copyright&quot;:&quot;&quot;,&quot;focal_length&quot;:&quot;0&quot;,&quot;iso&quot;:&quot;0&quot;,&quot;shutter_speed&quot;:&quot;0&quot;,&quot;title&quot;:&quot;&quot;,&quot;orientation&quot;:&quot;1&quot;}\" data-image-title=\"11799B51-35CB-4EC8-86DD-01B2A57579F8\" data-image-description=\"\" data-image-caption=\"\" data-large-file=\"https:\/\/www.cisa-arica.cl\/wp1\/wp-content\/uploads\/2023\/06\/11799B51-35CB-4EC8-86DD-01B2A57579F8-600x319.jpeg\" role=\"button\" tabindex=\"0\" aria-label=\"Abrir la imagen 20 de 22 en pantalla completa\"srcset=\"https:\/\/i2.wp.com\/www.cisa-arica.cl\/wp1\/wp-content\/uploads\/2023\/06\/11799B51-35CB-4EC8-86DD-01B2A57579F8-600x319.jpeg?strip=info&#038;w=600&#038;ssl=1 600w,https:\/\/i2.wp.com\/www.cisa-arica.cl\/wp1\/wp-content\/uploads\/2023\/06\/11799B51-35CB-4EC8-86DD-01B2A57579F8-600x319.jpeg?strip=info&#038;w=828&#038;ssl=1 828w\" alt=\"\" data-height=\"440\" data-id=\"20844\" data-link=\"https:\/\/www.cisa-arica.cl\/wp1\/2023\/06\/12\/encuentro-pedagogico-arica-santiago\/11799b51-35cb-4ec8-86dd-01b2a57579f8\/\" data-url=\"https:\/\/www.cisa-arica.cl\/wp1\/wp-content\/uploads\/2023\/06\/11799B51-35CB-4EC8-86DD-01B2A57579F8-600x319.jpeg\" data-width=\"828\" src=\"https:\/\/i2.wp.com\/www.cisa-arica.cl\/wp1\/wp-content\/uploads\/2023\/06\/11799B51-35CB-4EC8-86DD-01B2A57579F8-600x319.jpeg?ssl=1\" data-amp-layout=\"responsive\"\/><\/figure><\/div><div class=\"tiled-gallery__col\" style=\"flex-basis:8.10398%\"><figure class=\"tiled-gallery__item\"><img decoding=\"async\" data-attachment-id=\"20845\" data-permalink=\"https:\/\/www.cisa-arica.cl\/wp1\/2023\/06\/12\/encuentro-pedagogico-arica-santiago\/74de7dbd-9ce8-47cf-810c-111aa2b3339e\/\" data-orig-file=\"https:\/\/www.cisa-arica.cl\/wp1\/wp-content\/uploads\/2023\/06\/74DE7DBD-9CE8-47CF-810C-111AA2B3339E.png\" data-orig-size=\"828,1792\" data-comments-opened=\"0\" data-image-meta=\"{&quot;aperture&quot;:&quot;0&quot;,&quot;credit&quot;:&quot;&quot;,&quot;camera&quot;:&quot;&quot;,&quot;caption&quot;:&quot;&quot;,&quot;created_timestamp&quot;:&quot;0&quot;,&quot;copyright&quot;:&quot;&quot;,&quot;focal_length&quot;:&quot;0&quot;,&quot;iso&quot;:&quot;0&quot;,&quot;shutter_speed&quot;:&quot;0&quot;,&quot;title&quot;:&quot;&quot;,&quot;orientation&quot;:&quot;0&quot;}\" data-image-title=\"74DE7DBD-9CE8-47CF-810C-111AA2B3339E\" data-image-description=\"\" data-image-caption=\"\" data-large-file=\"https:\/\/www.cisa-arica.cl\/wp1\/wp-content\/uploads\/2023\/06\/74DE7DBD-9CE8-47CF-810C-111AA2B3339E-277x600.png\" data-attachment-id=\"20845\" data-permalink=\"https:\/\/www.cisa-arica.cl\/wp1\/2023\/06\/12\/encuentro-pedagogico-arica-santiago\/74de7dbd-9ce8-47cf-810c-111aa2b3339e\/\" data-orig-file=\"https:\/\/www.cisa-arica.cl\/wp1\/wp-content\/uploads\/2023\/06\/74DE7DBD-9CE8-47CF-810C-111AA2B3339E.png\" data-orig-size=\"828,1792\" data-comments-opened=\"0\" data-image-meta=\"{&quot;aperture&quot;:&quot;0&quot;,&quot;credit&quot;:&quot;&quot;,&quot;camera&quot;:&quot;&quot;,&quot;caption&quot;:&quot;&quot;,&quot;created_timestamp&quot;:&quot;0&quot;,&quot;copyright&quot;:&quot;&quot;,&quot;focal_length&quot;:&quot;0&quot;,&quot;iso&quot;:&quot;0&quot;,&quot;shutter_speed&quot;:&quot;0&quot;,&quot;title&quot;:&quot;&quot;,&quot;orientation&quot;:&quot;0&quot;}\" data-image-title=\"74DE7DBD-9CE8-47CF-810C-111AA2B3339E\" data-image-description=\"\" data-image-caption=\"\" data-large-file=\"https:\/\/www.cisa-arica.cl\/wp1\/wp-content\/uploads\/2023\/06\/74DE7DBD-9CE8-47CF-810C-111AA2B3339E-277x600.png\" role=\"button\" tabindex=\"0\" aria-label=\"Abrir la imagen 21 de 22 en pantalla completa\"srcset=\"https:\/\/i2.wp.com\/www.cisa-arica.cl\/wp1\/wp-content\/uploads\/2023\/06\/74DE7DBD-9CE8-47CF-810C-111AA2B3339E-277x600.png?strip=info&#038;w=600&#038;ssl=1 600w,https:\/\/i2.wp.com\/www.cisa-arica.cl\/wp1\/wp-content\/uploads\/2023\/06\/74DE7DBD-9CE8-47CF-810C-111AA2B3339E-277x600.png?strip=info&#038;w=828&#038;ssl=1 828w\" alt=\"\" data-height=\"1792\" data-id=\"20845\" data-link=\"https:\/\/www.cisa-arica.cl\/wp1\/2023\/06\/12\/encuentro-pedagogico-arica-santiago\/74de7dbd-9ce8-47cf-810c-111aa2b3339e\/\" data-url=\"https:\/\/www.cisa-arica.cl\/wp1\/wp-content\/uploads\/2023\/06\/74DE7DBD-9CE8-47CF-810C-111AA2B3339E-277x600.png\" data-width=\"828\" src=\"https:\/\/i2.wp.com\/www.cisa-arica.cl\/wp1\/wp-content\/uploads\/2023\/06\/74DE7DBD-9CE8-47CF-810C-111AA2B3339E-277x600.png?ssl=1\" data-amp-layout=\"responsive\"\/><\/figure><\/div><div class=\"tiled-gallery__col\" style=\"flex-basis:34.97179%\"><figure class=\"tiled-gallery__item\"><img decoding=\"async\" data-attachment-id=\"20846\" data-permalink=\"https:\/\/www.cisa-arica.cl\/wp1\/2023\/06\/12\/encuentro-pedagogico-arica-santiago\/7b6e891c-ea3a-42a6-bdd0-6bdc432bc45a\/\" data-orig-file=\"https:\/\/www.cisa-arica.cl\/wp1\/wp-content\/uploads\/2023\/06\/7B6E891C-EA3A-42A6-BDD0-6BDC432BC45A.jpeg\" data-orig-size=\"828,397\" data-comments-opened=\"0\" data-image-meta=\"{&quot;aperture&quot;:&quot;0&quot;,&quot;credit&quot;:&quot;&quot;,&quot;camera&quot;:&quot;&quot;,&quot;caption&quot;:&quot;&quot;,&quot;created_timestamp&quot;:&quot;0&quot;,&quot;copyright&quot;:&quot;&quot;,&quot;focal_length&quot;:&quot;0&quot;,&quot;iso&quot;:&quot;0&quot;,&quot;shutter_speed&quot;:&quot;0&quot;,&quot;title&quot;:&quot;&quot;,&quot;orientation&quot;:&quot;1&quot;}\" data-image-title=\"7B6E891C-EA3A-42A6-BDD0-6BDC432BC45A\" data-image-description=\"\" data-image-caption=\"\" data-large-file=\"https:\/\/www.cisa-arica.cl\/wp1\/wp-content\/uploads\/2023\/06\/7B6E891C-EA3A-42A6-BDD0-6BDC432BC45A-600x288.jpeg\" data-attachment-id=\"20846\" data-permalink=\"https:\/\/www.cisa-arica.cl\/wp1\/2023\/06\/12\/encuentro-pedagogico-arica-santiago\/7b6e891c-ea3a-42a6-bdd0-6bdc432bc45a\/\" data-orig-file=\"https:\/\/www.cisa-arica.cl\/wp1\/wp-content\/uploads\/2023\/06\/7B6E891C-EA3A-42A6-BDD0-6BDC432BC45A.jpeg\" data-orig-size=\"828,397\" data-comments-opened=\"0\" data-image-meta=\"{&quot;aperture&quot;:&quot;0&quot;,&quot;credit&quot;:&quot;&quot;,&quot;camera&quot;:&quot;&quot;,&quot;caption&quot;:&quot;&quot;,&quot;created_timestamp&quot;:&quot;0&quot;,&quot;copyright&quot;:&quot;&quot;,&quot;focal_length&quot;:&quot;0&quot;,&quot;iso&quot;:&quot;0&quot;,&quot;shutter_speed&quot;:&quot;0&quot;,&quot;title&quot;:&quot;&quot;,&quot;orientation&quot;:&quot;1&quot;}\" data-image-title=\"7B6E891C-EA3A-42A6-BDD0-6BDC432BC45A\" data-image-description=\"\" data-image-caption=\"\" data-large-file=\"https:\/\/www.cisa-arica.cl\/wp1\/wp-content\/uploads\/2023\/06\/7B6E891C-EA3A-42A6-BDD0-6BDC432BC45A-600x288.jpeg\" role=\"button\" tabindex=\"0\" aria-label=\"Abrir la imagen 22 de 22 en pantalla completa\"srcset=\"https:\/\/i2.wp.com\/www.cisa-arica.cl\/wp1\/wp-content\/uploads\/2023\/06\/7B6E891C-EA3A-42A6-BDD0-6BDC432BC45A-600x288.jpeg?strip=info&#038;w=600&#038;ssl=1 600w,https:\/\/i2.wp.com\/www.cisa-arica.cl\/wp1\/wp-content\/uploads\/2023\/06\/7B6E891C-EA3A-42A6-BDD0-6BDC432BC45A-600x288.jpeg?strip=info&#038;w=828&#038;ssl=1 828w\" alt=\"\" data-height=\"397\" data-id=\"20846\" data-link=\"https:\/\/www.cisa-arica.cl\/wp1\/2023\/06\/12\/encuentro-pedagogico-arica-santiago\/7b6e891c-ea3a-42a6-bdd0-6bdc432bc45a\/\" data-url=\"https:\/\/www.cisa-arica.cl\/wp1\/wp-content\/uploads\/2023\/06\/7B6E891C-EA3A-42A6-BDD0-6BDC432BC45A-600x288.jpeg\" data-width=\"828\" src=\"https:\/\/i2.wp.com\/www.cisa-arica.cl\/wp1\/wp-content\/uploads\/2023\/06\/7B6E891C-EA3A-42A6-BDD0-6BDC432BC45A-600x288.jpeg?ssl=1\" data-amp-layout=\"responsive\"\/><\/figure><\/div><\/div><\/div><\/div>\n","protected":false},"excerpt":{"rendered":"<p>El pasado jueves 08 y viernes 09 de junio, educadoras, profesoras de 1os a 4to a\u00f1os b\u00e1sicos y t\u00e9cnicos de aula de nuestro colegio, sostuvieron un encuentro pedag\u00f3gico con profesoras que nos visitaron del Colegio Polit\u00e9cnico Santa Ana de Santiago. En la oportunidad se trabaj\u00f3 en la implementaci\u00f3n del M\u00e9todo Matte y sus innovaciones.<\/p>\n","protected":false},"author":5,"featured_media":20846,"comment_status":"closed","ping_status":"open","sticky":false,"template":"","format":"standard","meta":{"_jetpack_memberships_contains_paid_content":false,"footnotes":"","jetpack_publicize_message":"","jetpack_publicize_feature_enabled":true,"jetpack_social_post_already_shared":true,"jetpack_social_options":{"image_generator_settings":{"template":"highway","default_image_id":0,"font":"","enabled":false},"version":2}},"categories":[5],"tags":[],"class_list":["post-20822","post","type-post","status-publish","format-standard","has-post-thumbnail","hentry","category-uncategorized"],"jetpack_publicize_connections":[],"jetpack_featured_media_url":"https:\/\/www.cisa-arica.cl\/wp1\/wp-content\/uploads\/2023\/06\/7B6E891C-EA3A-42A6-BDD0-6BDC432BC45A.jpeg","jetpack_sharing_enabled":true,"jetpack_shortlink":"https:\/\/wp.me\/p84wcz-5pQ","jetpack-related-posts":[{"id":20198,"url":"https:\/\/www.cisa-arica.cl\/wp1\/2023\/04\/29\/encuentro-directivos-de-santiago-y-arica\/","url_meta":{"origin":20822,"position":0},"title":"Encuentro Directivos de Santiago y Arica","author":"CISA","date":"29 de Abril de 2023","format":false,"excerpt":"Un encuentro pedag\u00f3gico se llev\u00f3 a cabo entre los equipos directivos del Colegio Polit\u00e9cnico Santa Ana de Santiago y Colegio Italiano santa Ana de Arica. En la oportunidad, fue nuestro colegio quien organiz\u00f3 esta jornada de dos d\u00edas, en donde ambos equipos dialogaron sobre su quehacer pedag\u00f3gico, las proyecciones que\u2026","rel":"","context":"Entrada similar ","block_context":{"text":"Entrada similar ","link":""},"img":{"alt_text":"","src":"https:\/\/i0.wp.com\/www.cisa-arica.cl\/wp1\/wp-content\/uploads\/2023\/04\/DSC_8460.jpg?resize=350%2C200&ssl=1","width":350,"height":200,"srcset":"https:\/\/i0.wp.com\/www.cisa-arica.cl\/wp1\/wp-content\/uploads\/2023\/04\/DSC_8460.jpg?resize=350%2C200&ssl=1 1x, https:\/\/i0.wp.com\/www.cisa-arica.cl\/wp1\/wp-content\/uploads\/2023\/04\/DSC_8460.jpg?resize=525%2C300&ssl=1 1.5x, https:\/\/i0.wp.com\/www.cisa-arica.cl\/wp1\/wp-content\/uploads\/2023\/04\/DSC_8460.jpg?resize=700%2C400&ssl=1 2x, https:\/\/i0.wp.com\/www.cisa-arica.cl\/wp1\/wp-content\/uploads\/2023\/04\/DSC_8460.jpg?resize=1050%2C600&ssl=1 3x"},"classes":[]},{"id":18389,"url":"https:\/\/www.cisa-arica.cl\/wp1\/2022\/11\/18\/evaluacion-simce-de-los-cuartos-basicos\/","url_meta":{"origin":20822,"position":1},"title":"Evaluaci\u00f3n Simce de los Cuartos B\u00e1sicos","author":"Jeannette Rivera","date":"18 de Noviembre de 2022","format":false,"excerpt":"Este jueves 17 y viernes 18 de Noviembre, las estudiantes de los Cuartos B\u00e1sicos A y B rindieron la Prueba Simce correspondiente al a\u00f1o 2022. Estamos seguros que les ir\u00e1 muy bien en esta evaluaci\u00f3n nacional. Los mejores deseos para cada una de ellas y sus profesoras que siempre se\u2026","rel":"","context":"Entrada similar ","block_context":{"text":"Entrada similar ","link":""},"img":{"alt_text":"","src":"https:\/\/i0.wp.com\/www.cisa-arica.cl\/wp1\/wp-content\/uploads\/2022\/11\/D2C493BA-987B-4158-A409-B727A7B1065E.jpeg?resize=350%2C200&ssl=1","width":350,"height":200,"srcset":"https:\/\/i0.wp.com\/www.cisa-arica.cl\/wp1\/wp-content\/uploads\/2022\/11\/D2C493BA-987B-4158-A409-B727A7B1065E.jpeg?resize=350%2C200&ssl=1 1x, https:\/\/i0.wp.com\/www.cisa-arica.cl\/wp1\/wp-content\/uploads\/2022\/11\/D2C493BA-987B-4158-A409-B727A7B1065E.jpeg?resize=525%2C300&ssl=1 1.5x, https:\/\/i0.wp.com\/www.cisa-arica.cl\/wp1\/wp-content\/uploads\/2022\/11\/D2C493BA-987B-4158-A409-B727A7B1065E.jpeg?resize=700%2C400&ssl=1 2x, https:\/\/i0.wp.com\/www.cisa-arica.cl\/wp1\/wp-content\/uploads\/2022\/11\/D2C493BA-987B-4158-A409-B727A7B1065E.jpeg?resize=1050%2C600&ssl=1 3x"},"classes":[]},{"id":12987,"url":"https:\/\/www.cisa-arica.cl\/wp1\/2021\/08\/31\/1er-encuentro-mensual-de-jovenes-confirmacion-arica-santiago\/","url_meta":{"origin":20822,"position":2},"title":"1er Encuentro Mensual de J\u00f3venes Confirmaci\u00f3n Arica-Santiago","author":"Jeannette Rivera","date":"31 de Agosto de 2021","format":false,"excerpt":"Estimada Familia Santa Ana: El pasado viernes 27 de Agosto el Equipo Pastoral Santa Ana celebr\u00f3 junto a nuestras estudiantes el primer \"Encuentro Juvenil de Confirmaci\u00f3n\", que reuni\u00f3 a estudiantes de los Colegio Santa Ana de Arica y Santa Ana de Santiago. Equipo Pastoral CISA \u00a0 \u00a0","rel":"","context":"En &quot;Pastoral&quot;","block_context":{"text":"Pastoral","link":"https:\/\/www.cisa-arica.cl\/wp1\/category\/pastoral\/"},"img":{"alt_text":"","src":"https:\/\/i0.wp.com\/www.cisa-arica.cl\/wp1\/wp-content\/uploads\/2021\/08\/Screenshot_2.png?resize=350%2C200&ssl=1","width":350,"height":200,"srcset":"https:\/\/i0.wp.com\/www.cisa-arica.cl\/wp1\/wp-content\/uploads\/2021\/08\/Screenshot_2.png?resize=350%2C200&ssl=1 1x, https:\/\/i0.wp.com\/www.cisa-arica.cl\/wp1\/wp-content\/uploads\/2021\/08\/Screenshot_2.png?resize=525%2C300&ssl=1 1.5x, https:\/\/i0.wp.com\/www.cisa-arica.cl\/wp1\/wp-content\/uploads\/2021\/08\/Screenshot_2.png?resize=700%2C400&ssl=1 2x"},"classes":[]},{"id":15082,"url":"https:\/\/www.cisa-arica.cl\/wp1\/2022\/04\/07\/encuentro-equipos-directivos-arica-santiago-2022\/","url_meta":{"origin":20822,"position":3},"title":"Encuentro Equipos Directivos Arica &#8211; Santiago 2022","author":"CISA","date":"7 de Abril de 2022","format":false,"excerpt":"Estimada Comunidad Educativa: Compartimos im\u00e1genes de lo que fue el encuentro realizado entre los equipos directivos del Colegios Italiano Santa Ana de Arica y el Colegio Polit\u00e9cnico Santa Ana de Santiago, llevado a cabo el fin de semana pasado y que se realiz\u00f3 con el fin de que ambos colegios\u2026","rel":"","context":"Entrada similar ","block_context":{"text":"Entrada similar ","link":""},"img":{"alt_text":"","src":"https:\/\/i0.wp.com\/www.cisa-arica.cl\/wp1\/wp-content\/uploads\/2022\/04\/DSC_8606-scaled.jpg?resize=350%2C200&ssl=1","width":350,"height":200,"srcset":"https:\/\/i0.wp.com\/www.cisa-arica.cl\/wp1\/wp-content\/uploads\/2022\/04\/DSC_8606-scaled.jpg?resize=350%2C200&ssl=1 1x, https:\/\/i0.wp.com\/www.cisa-arica.cl\/wp1\/wp-content\/uploads\/2022\/04\/DSC_8606-scaled.jpg?resize=525%2C300&ssl=1 1.5x, https:\/\/i0.wp.com\/www.cisa-arica.cl\/wp1\/wp-content\/uploads\/2022\/04\/DSC_8606-scaled.jpg?resize=700%2C400&ssl=1 2x, https:\/\/i0.wp.com\/www.cisa-arica.cl\/wp1\/wp-content\/uploads\/2022\/04\/DSC_8606-scaled.jpg?resize=1050%2C600&ssl=1 3x, https:\/\/i0.wp.com\/www.cisa-arica.cl\/wp1\/wp-content\/uploads\/2022\/04\/DSC_8606-scaled.jpg?resize=1400%2C800&ssl=1 4x"},"classes":[]},{"id":28480,"url":"https:\/\/www.cisa-arica.cl\/wp1\/2025\/06\/23\/reunion-de-coordinadores-de-la-red-cra\/","url_meta":{"origin":20822,"position":4},"title":"Reuni\u00f3n de Coordinadores de la Red Cra","author":"Jeannette Rivera","date":"23 de Junio de 2025","format":false,"excerpt":"El pasado mi\u00e9rcoles 18 de junio, se realiz\u00f3 la cuarta reuni\u00f3n anual de la Red de Coordinadores Cra, en la cual, nuestro colegio fue el anfitri\u00f3n. El encuentro se inicio con el saludo de nuestra directora Hermana Lilian Cofr\u00e9, para luego continuar con el primer saludo lector a cargo de\u2026","rel":"","context":"Entrada similar ","block_context":{"text":"Entrada similar ","link":""},"img":{"alt_text":"","src":"https:\/\/i0.wp.com\/www.cisa-arica.cl\/wp1\/wp-content\/uploads\/2025\/06\/WhatsApp-Image-2025-06-13-at-1.20.33-PM-3.jpeg?resize=350%2C200&ssl=1","width":350,"height":200,"srcset":"https:\/\/i0.wp.com\/www.cisa-arica.cl\/wp1\/wp-content\/uploads\/2025\/06\/WhatsApp-Image-2025-06-13-at-1.20.33-PM-3.jpeg?resize=350%2C200&ssl=1 1x, https:\/\/i0.wp.com\/www.cisa-arica.cl\/wp1\/wp-content\/uploads\/2025\/06\/WhatsApp-Image-2025-06-13-at-1.20.33-PM-3.jpeg?resize=525%2C300&ssl=1 1.5x"},"classes":[]},{"id":17490,"url":"https:\/\/www.cisa-arica.cl\/wp1\/2022\/10\/14\/celebramos-el-dia-del-profesor\/","url_meta":{"origin":20822,"position":5},"title":"Celebramos el D\u00eda del Profesor","author":"CISA","date":"14 de Octubre de 2022","format":false,"excerpt":"Con un significativo acto el Centro de Estudiantes festej\u00f3 el D\u00eda del Profesor, de la Educadora y del Asistente de la Educaci\u00f3n. En la oportunidad nuestras estudiantes con mucha alegr\u00eda prepararon diversos n\u00fameros art\u00edsticos para reconocer la importante labor que cumplen los profesores, educadoras y asistentes. Adem\u00e1s, este a\u00f1o destac\u00f3\u2026","rel":"","context":"Entrada similar ","block_context":{"text":"Entrada similar ","link":""},"img":{"alt_text":"","src":"https:\/\/i0.wp.com\/www.cisa-arica.cl\/wp1\/wp-content\/uploads\/2022\/10\/DSC_2470.jpg?resize=350%2C200&ssl=1","width":350,"height":200,"srcset":"https:\/\/i0.wp.com\/www.cisa-arica.cl\/wp1\/wp-content\/uploads\/2022\/10\/DSC_2470.jpg?resize=350%2C200&ssl=1 1x, https:\/\/i0.wp.com\/www.cisa-arica.cl\/wp1\/wp-content\/uploads\/2022\/10\/DSC_2470.jpg?resize=525%2C300&ssl=1 1.5x, https:\/\/i0.wp.com\/www.cisa-arica.cl\/wp1\/wp-content\/uploads\/2022\/10\/DSC_2470.jpg?resize=700%2C400&ssl=1 2x, https:\/\/i0.wp.com\/www.cisa-arica.cl\/wp1\/wp-content\/uploads\/2022\/10\/DSC_2470.jpg?resize=1050%2C600&ssl=1 3x, https:\/\/i0.wp.com\/www.cisa-arica.cl\/wp1\/wp-content\/uploads\/2022\/10\/DSC_2470.jpg?resize=1400%2C800&ssl=1 4x"},"classes":[]}],"_links":{"self":[{"href":"https:\/\/www.cisa-arica.cl\/wp1\/wp-json\/wp\/v2\/posts\/20822","targetHints":{"allow":["GET"]}}],"collection":[{"href":"https:\/\/www.cisa-arica.cl\/wp1\/wp-json\/wp\/v2\/posts"}],"about":[{"href":"https:\/\/www.cisa-arica.cl\/wp1\/wp-json\/wp\/v2\/types\/post"}],"author":[{"embeddable":true,"href":"https:\/\/www.cisa-arica.cl\/wp1\/wp-json\/wp\/v2\/users\/5"}],"replies":[{"embeddable":true,"href":"https:\/\/www.cisa-arica.cl\/wp1\/wp-json\/wp\/v2\/comments?post=20822"}],"version-history":[{"count":2,"href":"https:\/\/www.cisa-arica.cl\/wp1\/wp-json\/wp\/v2\/posts\/20822\/revisions"}],"predecessor-version":[{"id":20847,"href":"https:\/\/www.cisa-arica.cl\/wp1\/wp-json\/wp\/v2\/posts\/20822\/revisions\/20847"}],"wp:featuredmedia":[{"embeddable":true,"href":"https:\/\/www.cisa-arica.cl\/wp1\/wp-json\/wp\/v2\/media\/20846"}],"wp:attachment":[{"href":"https:\/\/www.cisa-arica.cl\/wp1\/wp-json\/wp\/v2\/media?parent=20822"}],"wp:term":[{"taxonomy":"category","embeddable":true,"href":"https:\/\/www.cisa-arica.cl\/wp1\/wp-json\/wp\/v2\/categories?post=20822"},{"taxonomy":"post_tag","embeddable":true,"href":"https:\/\/www.cisa-arica.cl\/wp1\/wp-json\/wp\/v2\/tags?post=20822"}],"curies":[{"name":"wp","href":"https:\/\/api.w.org\/{rel}","templated":true}]}}