{"id":20810,"date":"2023-06-14T18:03:36","date_gmt":"2023-06-14T22:03:36","guid":{"rendered":"https:\/\/www.cisa-arica.cl\/wp1\/?p=20810"},"modified":"2023-06-14T22:28:09","modified_gmt":"2023-06-15T02:28:09","slug":"comunicado-medidas-sanitarias","status":"publish","type":"post","link":"https:\/\/www.cisa-arica.cl\/wp1\/2023\/06\/14\/comunicado-medidas-sanitarias\/","title":{"rendered":"Comunicado Medidas Sanitarias"},"content":{"rendered":"<p>A todos los padres y apoderados se informa del siguiente comunicado, el cual tambi\u00e9n fue enviado a los correos institucionales de las estudiantes.<\/p>\n<p>No olvidar \u00a0que cada una de ellas debe traer, m\u00ednimo 3 mascarillas, para que puedan cambiarse cada vez que lo necesiten, y que los apoderados deben llevar puesta su mascarilla para ingresar al establecimiento.<\/p>\n","protected":false},"excerpt":{"rendered":"<p>A todos los padres y apoderados se informa del siguiente comunicado, el cual tambi\u00e9n fue enviado a los correos institucionales de las estudiantes. No olvidar \u00a0que cada una de ellas debe traer, m\u00ednimo 3 mascarillas, para que puedan cambiarse cada vez que lo necesiten, y que los apoderados deben llevar puesta su mascarilla para ingresar <a class=\"read-more\" href=\"https:\/\/www.cisa-arica.cl\/wp1\/2023\/06\/14\/comunicado-medidas-sanitarias\/\">Continuar leyendo<\/a><\/p>\n","protected":false},"author":5,"featured_media":20811,"comment_status":"closed","ping_status":"open","sticky":false,"template":"","format":"standard","meta":{"_jetpack_memberships_contains_paid_content":false,"footnotes":"","jetpack_publicize_message":"","jetpack_publicize_feature_enabled":true,"jetpack_social_post_already_shared":true,"jetpack_social_options":{"image_generator_settings":{"template":"highway","default_image_id":0,"font":"","enabled":false},"version":2}},"categories":[5],"tags":[],"class_list":["post-20810","post","type-post","status-publish","format-standard","has-post-thumbnail","hentry","category-uncategorized"],"jetpack_publicize_connections":[],"jetpack_featured_media_url":"https:\/\/www.cisa-arica.cl\/wp1\/wp-content\/uploads\/2023\/06\/AD4B138E-BCA6-4E11-A4D0-F2147814C73A.jpeg","jetpack_sharing_enabled":true,"jetpack_shortlink":"https:\/\/wp.me\/p84wcz-5pE","jetpack-related-posts":[{"id":10075,"url":"https:\/\/www.cisa-arica.cl\/wp1\/2019\/11\/07\/comunicado-centro-general-de-padres-y-apoderados\/","url_meta":{"origin":20810,"position":0},"title":"Comunicado Centro General de Padres y Apoderados","author":"Jeannette Rivera","date":"7 de Noviembre de 2019","format":false,"excerpt":"","rel":"","context":"Entrada similar ","block_context":{"text":"Entrada similar ","link":""},"img":{"alt_text":"","src":"https:\/\/i0.wp.com\/www.cisa-arica.cl\/wp1\/wp-content\/uploads\/2019\/11\/COMUNICADO-OFICIAL.jpg?resize=350%2C200&ssl=1","width":350,"height":200,"srcset":"https:\/\/i0.wp.com\/www.cisa-arica.cl\/wp1\/wp-content\/uploads\/2019\/11\/COMUNICADO-OFICIAL.jpg?resize=350%2C200&ssl=1 1x, https:\/\/i0.wp.com\/www.cisa-arica.cl\/wp1\/wp-content\/uploads\/2019\/11\/COMUNICADO-OFICIAL.jpg?resize=525%2C300&ssl=1 1.5x, https:\/\/i0.wp.com\/www.cisa-arica.cl\/wp1\/wp-content\/uploads\/2019\/11\/COMUNICADO-OFICIAL.jpg?resize=700%2C400&ssl=1 2x"},"classes":[]},{"id":10132,"url":"https:\/\/www.cisa-arica.cl\/wp1\/2019\/12\/10\/comunicado-padres-y-apoderados-cuartos-medios-2019\/","url_meta":{"origin":20810,"position":1},"title":"Comunicado padres y apoderados Cuartos Medios 2019","author":"Jeannette Rivera","date":"10 de Diciembre de 2019","format":false,"excerpt":"Comunicamos a los padres y apoderados de las alumnas de 4\u00ba medio Generaci\u00f3n 2019 que sus documentos podr\u00e1n retirarse durante los d\u00edas de hoy martes 10 y ma\u00f1ana mi\u00e9rcoles 11 de diciembre entre las 09:00 y 13:00 hrs. con sus respectivos profesores jefes. Atentamente Direcci\u00f3n","rel":"","context":"Entrada similar ","block_context":{"text":"Entrada similar ","link":""},"img":{"alt_text":"","src":"https:\/\/i0.wp.com\/www.cisa-arica.cl\/wp1\/wp-content\/uploads\/2019\/04\/cropped-LOGO_CISA_chico-2-e1557940881746.png?resize=350%2C200&ssl=1","width":350,"height":200},"classes":[]},{"id":10103,"url":"https:\/\/www.cisa-arica.cl\/wp1\/2019\/11\/18\/comunicado-3\/","url_meta":{"origin":20810,"position":2},"title":"COMUNICADO","author":"Jeannette Rivera","date":"18 de Noviembre de 2019","format":false,"excerpt":"Se informa a toda la Comunidad Educativa, especialmente padres y apoderados, que las clases a\u00fan se mantienen suspendidas ya que no existen las condiciones de seguridad para reanudar las actividades pedag\u00f3gicas. Cualquier novedad ser\u00e1 informada a trav\u00e9s de este medio. Agradezco de antemano la acogida y comprensi\u00f3n, saluda atentamente a\u2026","rel":"","context":"Entrada similar ","block_context":{"text":"Entrada similar ","link":""},"img":{"alt_text":"","src":"https:\/\/i0.wp.com\/www.cisa-arica.cl\/wp1\/wp-content\/uploads\/2019\/04\/cropped-LOGO_CISA_chico-2-e1557940881746.png?resize=350%2C200&ssl=1","width":350,"height":200},"classes":[]},{"id":6107,"url":"https:\/\/www.cisa-arica.cl\/wp1\/2019\/04\/05\/comunicado-academia-de-ballet\/","url_meta":{"origin":20810,"position":3},"title":"Comunicado Academia de Ballet","author":"Jeannette Rivera","date":"5 de Abril de 2019","format":false,"excerpt":"Sres. Apoderados:Recordamos a usted que la Academia de ballet del Colegio Santa Ana comienza a funcionar a partir del pr\u00f3ximo martes 09 de abril en la direcci\u00f3n 21 de Mayo 718 (entre Blanco Encalada y San Mart\u00edn). Sin m\u00e1s que agregar, saluda atte. Marisol Morales Coordinadora de Academias CISA","rel":"","context":"En &quot;Academias CISA&quot;","block_context":{"text":"Academias CISA","link":"https:\/\/www.cisa-arica.cl\/wp1\/category\/academias-cisa\/"},"img":{"alt_text":"","src":"","width":0,"height":0},"classes":[]},{"id":10394,"url":"https:\/\/www.cisa-arica.cl\/wp1\/2020\/04\/04\/aviso-plataforma-virtual\/","url_meta":{"origin":20810,"position":4},"title":"Comunicado Apoderados","author":"CISA","date":"4 de Abril de 2020","format":false,"excerpt":"Estimados Apoderados: Como comunidad educativa, no estamos ajenos a la situaci\u00f3n actual y siendo nuestro principal foco como siempre ha sido el apoyo a nuestras estudiantes, es que informamos a Ustedes que todas las actividades subidas a la nueva plataforma son para reforzar contenidos de a\u00f1os anteriores y \u00e9stas son\u2026","rel":"","context":"Entrada similar ","block_context":{"text":"Entrada similar ","link":""},"img":{"alt_text":"","src":"","width":0,"height":0},"classes":[]},{"id":15485,"url":"https:\/\/www.cisa-arica.cl\/wp1\/2022\/04\/29\/comunicado-suspension-actividad\/","url_meta":{"origin":20810,"position":5},"title":"Comunicado Suspensi\u00f3n Actividad","author":"Jeannette Rivera","date":"29 de Abril de 2022","format":false,"excerpt":"Estimados Padres y Apoderados: Con profundo pesar, lamentamos informar que nuestra comunidad educativa se encuentra de duelo, por tal motivo, la actividad programada por el Dpto. de Lenguaje y CRA para el Lunes 2 de mayo se suspendi\u00f3, esto tambi\u00e9n incluye el uso de los disfraces. Desde ya agradecemos su\u2026","rel":"","context":"Entrada similar ","block_context":{"text":"Entrada similar ","link":""},"img":{"alt_text":"","src":"https:\/\/i0.wp.com\/www.cisa-arica.cl\/wp1\/wp-content\/uploads\/2020\/06\/cropped-LOGO_CISA_chico-2-300x300-1.png?resize=350%2C200&ssl=1","width":350,"height":200},"classes":[]}],"_links":{"self":[{"href":"https:\/\/www.cisa-arica.cl\/wp1\/wp-json\/wp\/v2\/posts\/20810","targetHints":{"allow":["GET"]}}],"collection":[{"href":"https:\/\/www.cisa-arica.cl\/wp1\/wp-json\/wp\/v2\/posts"}],"about":[{"href":"https:\/\/www.cisa-arica.cl\/wp1\/wp-json\/wp\/v2\/types\/post"}],"author":[{"embeddable":true,"href":"https:\/\/www.cisa-arica.cl\/wp1\/wp-json\/wp\/v2\/users\/5"}],"replies":[{"embeddable":true,"href":"https:\/\/www.cisa-arica.cl\/wp1\/wp-json\/wp\/v2\/comments?post=20810"}],"version-history":[{"count":4,"href":"https:\/\/www.cisa-arica.cl\/wp1\/wp-json\/wp\/v2\/posts\/20810\/revisions"}],"predecessor-version":[{"id":20820,"href":"https:\/\/www.cisa-arica.cl\/wp1\/wp-json\/wp\/v2\/posts\/20810\/revisions\/20820"}],"wp:featuredmedia":[{"embeddable":true,"href":"https:\/\/www.cisa-arica.cl\/wp1\/wp-json\/wp\/v2\/media\/20811"}],"wp:attachment":[{"href":"https:\/\/www.cisa-arica.cl\/wp1\/wp-json\/wp\/v2\/media?parent=20810"}],"wp:term":[{"taxonomy":"category","embeddable":true,"href":"https:\/\/www.cisa-arica.cl\/wp1\/wp-json\/wp\/v2\/categories?post=20810"},{"taxonomy":"post_tag","embeddable":true,"href":"https:\/\/www.cisa-arica.cl\/wp1\/wp-json\/wp\/v2\/tags?post=20810"}],"curies":[{"name":"wp","href":"https:\/\/api.w.org\/{rel}","templated":true}]}}