{"id":20688,"date":"2023-06-03T09:49:07","date_gmt":"2023-06-03T13:49:07","guid":{"rendered":"https:\/\/www.cisa-arica.cl\/wp1\/?p=20688"},"modified":"2023-06-07T09:55:25","modified_gmt":"2023-06-07T13:55:25","slug":"salida-a-feria-literaria","status":"publish","type":"post","link":"https:\/\/www.cisa-arica.cl\/wp1\/2023\/06\/03\/salida-a-feria-literaria\/","title":{"rendered":"Salida a Feria Literaria"},"content":{"rendered":"<p>El jueves 01 de Junio, estudiantes de los 8vos a\u00f1os A y B visitaron la Feria Literaria \u00a0organizada por los Cra-Arica en el poblado artesanal. En la oportunidad pudieron observar diferentes stand de otros colegios en donde se expusieron trabajos ligados a la literatura, \u00a0as\u00ed como tambi\u00e9n, stand de nuevos escritores de la regi\u00f3n y artesan\u00eda propia del poblado. La actividad art\u00edstica-cultural estuvo a cargo de Fernando Letelier, quien es autor del libro \u201cEl diario de Facu\u201d y representante de la cultura.<\/p>\n<p>Las estudiantes fueron acompa\u00f1adas por los profesores Mauricio Fuentes, Mar\u00eda Jos\u00e9 Pacheco y Jeannette Rivera.<\/p>\n<p>\u00a0<\/p>\n\n\n<div class=\"wp-block-jetpack-tiled-gallery aligncenter is-style-rectangular\"><div class=\"tiled-gallery__gallery\"><div class=\"tiled-gallery__row\"><div class=\"tiled-gallery__col\" style=\"flex-basis:63.24591%\"><figure class=\"tiled-gallery__item\"><img decoding=\"async\" data-attachment-id=\"20690\" data-permalink=\"https:\/\/www.cisa-arica.cl\/wp1\/2023\/06\/03\/salida-a-feria-literaria\/f88d2f56-a600-469a-8e51-a6587f2c6ecb\/\" data-orig-file=\"https:\/\/www.cisa-arica.cl\/wp1\/wp-content\/uploads\/2023\/06\/F88D2F56-A600-469A-8E51-A6587F2C6ECB-scaled.jpeg\" data-orig-size=\"1920,2560\" data-comments-opened=\"0\" data-image-meta=\"{&quot;aperture&quot;:&quot;0&quot;,&quot;credit&quot;:&quot;&quot;,&quot;camera&quot;:&quot;&quot;,&quot;caption&quot;:&quot;&quot;,&quot;created_timestamp&quot;:&quot;0&quot;,&quot;copyright&quot;:&quot;&quot;,&quot;focal_length&quot;:&quot;0&quot;,&quot;iso&quot;:&quot;0&quot;,&quot;shutter_speed&quot;:&quot;0&quot;,&quot;title&quot;:&quot;&quot;,&quot;orientation&quot;:&quot;1&quot;}\" data-image-title=\"F88D2F56-A600-469A-8E51-A6587F2C6ECB\" data-image-description=\"\" data-image-caption=\"\" data-large-file=\"https:\/\/www.cisa-arica.cl\/wp1\/wp-content\/uploads\/2023\/06\/F88D2F56-A600-469A-8E51-A6587F2C6ECB-450x600.jpeg\" data-attachment-id=\"20690\" data-permalink=\"https:\/\/www.cisa-arica.cl\/wp1\/2023\/06\/03\/salida-a-feria-literaria\/f88d2f56-a600-469a-8e51-a6587f2c6ecb\/\" data-orig-file=\"https:\/\/www.cisa-arica.cl\/wp1\/wp-content\/uploads\/2023\/06\/F88D2F56-A600-469A-8E51-A6587F2C6ECB-scaled.jpeg\" data-orig-size=\"1920,2560\" data-comments-opened=\"0\" data-image-meta=\"{&quot;aperture&quot;:&quot;0&quot;,&quot;credit&quot;:&quot;&quot;,&quot;camera&quot;:&quot;&quot;,&quot;caption&quot;:&quot;&quot;,&quot;created_timestamp&quot;:&quot;0&quot;,&quot;copyright&quot;:&quot;&quot;,&quot;focal_length&quot;:&quot;0&quot;,&quot;iso&quot;:&quot;0&quot;,&quot;shutter_speed&quot;:&quot;0&quot;,&quot;title&quot;:&quot;&quot;,&quot;orientation&quot;:&quot;1&quot;}\" data-image-title=\"F88D2F56-A600-469A-8E51-A6587F2C6ECB\" data-image-description=\"\" data-image-caption=\"\" data-large-file=\"https:\/\/www.cisa-arica.cl\/wp1\/wp-content\/uploads\/2023\/06\/F88D2F56-A600-469A-8E51-A6587F2C6ECB-450x600.jpeg\" role=\"button\" tabindex=\"0\" aria-label=\"Abrir la imagen 1 de 16 en pantalla completa\"srcset=\"https:\/\/i1.wp.com\/www.cisa-arica.cl\/wp1\/wp-content\/uploads\/2023\/06\/F88D2F56-A600-469A-8E51-A6587F2C6ECB-450x600.jpeg?strip=info&#038;w=600&#038;ssl=1 600w,https:\/\/i1.wp.com\/www.cisa-arica.cl\/wp1\/wp-content\/uploads\/2023\/06\/F88D2F56-A600-469A-8E51-A6587F2C6ECB-450x600.jpeg?strip=info&#038;w=900&#038;ssl=1 900w,https:\/\/i1.wp.com\/www.cisa-arica.cl\/wp1\/wp-content\/uploads\/2023\/06\/F88D2F56-A600-469A-8E51-A6587F2C6ECB-450x600.jpeg?strip=info&#038;w=1200&#038;ssl=1 1200w,https:\/\/i1.wp.com\/www.cisa-arica.cl\/wp1\/wp-content\/uploads\/2023\/06\/F88D2F56-A600-469A-8E51-A6587F2C6ECB-450x600.jpeg?strip=info&#038;w=1500&#038;ssl=1 1500w,https:\/\/i1.wp.com\/www.cisa-arica.cl\/wp1\/wp-content\/uploads\/2023\/06\/F88D2F56-A600-469A-8E51-A6587F2C6ECB-450x600.jpeg?strip=info&#038;w=1800&#038;ssl=1 1800w,https:\/\/i1.wp.com\/www.cisa-arica.cl\/wp1\/wp-content\/uploads\/2023\/06\/F88D2F56-A600-469A-8E51-A6587F2C6ECB-450x600.jpeg?strip=info&#038;w=1920&#038;ssl=1 1920w\" alt=\"\" data-height=\"2560\" data-id=\"20690\" data-link=\"https:\/\/www.cisa-arica.cl\/wp1\/?attachment_id=20690\" data-url=\"https:\/\/www.cisa-arica.cl\/wp1\/wp-content\/uploads\/2023\/06\/F88D2F56-A600-469A-8E51-A6587F2C6ECB-450x600.jpeg\" data-width=\"1920\" src=\"https:\/\/i1.wp.com\/www.cisa-arica.cl\/wp1\/wp-content\/uploads\/2023\/06\/F88D2F56-A600-469A-8E51-A6587F2C6ECB-450x600.jpeg?ssl=1\" data-amp-layout=\"responsive\"\/><\/figure><\/div><div class=\"tiled-gallery__col\" style=\"flex-basis:36.75409%\"><figure class=\"tiled-gallery__item\"><img decoding=\"async\" data-attachment-id=\"20691\" data-permalink=\"https:\/\/www.cisa-arica.cl\/wp1\/2023\/06\/03\/salida-a-feria-literaria\/e6090f1d-99d0-47e6-832f-af6aa357ae81\/\" data-orig-file=\"https:\/\/www.cisa-arica.cl\/wp1\/wp-content\/uploads\/2023\/06\/E6090F1D-99D0-47E6-832F-AF6AA357AE81-scaled.jpeg\" data-orig-size=\"2560,1920\" data-comments-opened=\"0\" data-image-meta=\"{&quot;aperture&quot;:&quot;0&quot;,&quot;credit&quot;:&quot;&quot;,&quot;camera&quot;:&quot;&quot;,&quot;caption&quot;:&quot;&quot;,&quot;created_timestamp&quot;:&quot;0&quot;,&quot;copyright&quot;:&quot;&quot;,&quot;focal_length&quot;:&quot;0&quot;,&quot;iso&quot;:&quot;0&quot;,&quot;shutter_speed&quot;:&quot;0&quot;,&quot;title&quot;:&quot;&quot;,&quot;orientation&quot;:&quot;1&quot;}\" data-image-title=\"E6090F1D-99D0-47E6-832F-AF6AA357AE81\" data-image-description=\"\" data-image-caption=\"\" data-large-file=\"https:\/\/www.cisa-arica.cl\/wp1\/wp-content\/uploads\/2023\/06\/E6090F1D-99D0-47E6-832F-AF6AA357AE81-600x450.jpeg\" data-attachment-id=\"20691\" data-permalink=\"https:\/\/www.cisa-arica.cl\/wp1\/2023\/06\/03\/salida-a-feria-literaria\/e6090f1d-99d0-47e6-832f-af6aa357ae81\/\" data-orig-file=\"https:\/\/www.cisa-arica.cl\/wp1\/wp-content\/uploads\/2023\/06\/E6090F1D-99D0-47E6-832F-AF6AA357AE81-scaled.jpeg\" data-orig-size=\"2560,1920\" data-comments-opened=\"0\" data-image-meta=\"{&quot;aperture&quot;:&quot;0&quot;,&quot;credit&quot;:&quot;&quot;,&quot;camera&quot;:&quot;&quot;,&quot;caption&quot;:&quot;&quot;,&quot;created_timestamp&quot;:&quot;0&quot;,&quot;copyright&quot;:&quot;&quot;,&quot;focal_length&quot;:&quot;0&quot;,&quot;iso&quot;:&quot;0&quot;,&quot;shutter_speed&quot;:&quot;0&quot;,&quot;title&quot;:&quot;&quot;,&quot;orientation&quot;:&quot;1&quot;}\" data-image-title=\"E6090F1D-99D0-47E6-832F-AF6AA357AE81\" data-image-description=\"\" data-image-caption=\"\" data-large-file=\"https:\/\/www.cisa-arica.cl\/wp1\/wp-content\/uploads\/2023\/06\/E6090F1D-99D0-47E6-832F-AF6AA357AE81-600x450.jpeg\" role=\"button\" tabindex=\"0\" aria-label=\"Abrir la imagen 2 de 16 en pantalla completa\"srcset=\"https:\/\/i0.wp.com\/www.cisa-arica.cl\/wp1\/wp-content\/uploads\/2023\/06\/E6090F1D-99D0-47E6-832F-AF6AA357AE81-600x450.jpeg?strip=info&#038;w=600&#038;ssl=1 600w,https:\/\/i0.wp.com\/www.cisa-arica.cl\/wp1\/wp-content\/uploads\/2023\/06\/E6090F1D-99D0-47E6-832F-AF6AA357AE81-600x450.jpeg?strip=info&#038;w=900&#038;ssl=1 900w,https:\/\/i0.wp.com\/www.cisa-arica.cl\/wp1\/wp-content\/uploads\/2023\/06\/E6090F1D-99D0-47E6-832F-AF6AA357AE81-600x450.jpeg?strip=info&#038;w=1200&#038;ssl=1 1200w,https:\/\/i0.wp.com\/www.cisa-arica.cl\/wp1\/wp-content\/uploads\/2023\/06\/E6090F1D-99D0-47E6-832F-AF6AA357AE81-600x450.jpeg?strip=info&#038;w=1500&#038;ssl=1 1500w,https:\/\/i0.wp.com\/www.cisa-arica.cl\/wp1\/wp-content\/uploads\/2023\/06\/E6090F1D-99D0-47E6-832F-AF6AA357AE81-600x450.jpeg?strip=info&#038;w=1800&#038;ssl=1 1800w,https:\/\/i0.wp.com\/www.cisa-arica.cl\/wp1\/wp-content\/uploads\/2023\/06\/E6090F1D-99D0-47E6-832F-AF6AA357AE81-600x450.jpeg?strip=info&#038;w=2000&#038;ssl=1 2000w\" alt=\"\" data-height=\"1920\" data-id=\"20691\" data-link=\"https:\/\/www.cisa-arica.cl\/wp1\/?attachment_id=20691\" data-url=\"https:\/\/www.cisa-arica.cl\/wp1\/wp-content\/uploads\/2023\/06\/E6090F1D-99D0-47E6-832F-AF6AA357AE81-600x450.jpeg\" data-width=\"2560\" src=\"https:\/\/i0.wp.com\/www.cisa-arica.cl\/wp1\/wp-content\/uploads\/2023\/06\/E6090F1D-99D0-47E6-832F-AF6AA357AE81-600x450.jpeg?ssl=1\" data-amp-layout=\"responsive\"\/><\/figure><figure class=\"tiled-gallery__item\"><img decoding=\"async\" data-attachment-id=\"20692\" data-permalink=\"https:\/\/www.cisa-arica.cl\/wp1\/2023\/06\/03\/salida-a-feria-literaria\/240dd6c7-9b85-48b0-8eb0-2e4a41ec15c3\/\" data-orig-file=\"https:\/\/www.cisa-arica.cl\/wp1\/wp-content\/uploads\/2023\/06\/240DD6C7-9B85-48B0-8EB0-2E4A41EC15C3-scaled.jpeg\" data-orig-size=\"2560,1920\" data-comments-opened=\"0\" data-image-meta=\"{&quot;aperture&quot;:&quot;0&quot;,&quot;credit&quot;:&quot;&quot;,&quot;camera&quot;:&quot;&quot;,&quot;caption&quot;:&quot;&quot;,&quot;created_timestamp&quot;:&quot;0&quot;,&quot;copyright&quot;:&quot;&quot;,&quot;focal_length&quot;:&quot;0&quot;,&quot;iso&quot;:&quot;0&quot;,&quot;shutter_speed&quot;:&quot;0&quot;,&quot;title&quot;:&quot;&quot;,&quot;orientation&quot;:&quot;1&quot;}\" data-image-title=\"240DD6C7-9B85-48B0-8EB0-2E4A41EC15C3\" data-image-description=\"\" data-image-caption=\"\" data-large-file=\"https:\/\/www.cisa-arica.cl\/wp1\/wp-content\/uploads\/2023\/06\/240DD6C7-9B85-48B0-8EB0-2E4A41EC15C3-600x450.jpeg\" data-attachment-id=\"20692\" data-permalink=\"https:\/\/www.cisa-arica.cl\/wp1\/2023\/06\/03\/salida-a-feria-literaria\/240dd6c7-9b85-48b0-8eb0-2e4a41ec15c3\/\" data-orig-file=\"https:\/\/www.cisa-arica.cl\/wp1\/wp-content\/uploads\/2023\/06\/240DD6C7-9B85-48B0-8EB0-2E4A41EC15C3-scaled.jpeg\" data-orig-size=\"2560,1920\" data-comments-opened=\"0\" data-image-meta=\"{&quot;aperture&quot;:&quot;0&quot;,&quot;credit&quot;:&quot;&quot;,&quot;camera&quot;:&quot;&quot;,&quot;caption&quot;:&quot;&quot;,&quot;created_timestamp&quot;:&quot;0&quot;,&quot;copyright&quot;:&quot;&quot;,&quot;focal_length&quot;:&quot;0&quot;,&quot;iso&quot;:&quot;0&quot;,&quot;shutter_speed&quot;:&quot;0&quot;,&quot;title&quot;:&quot;&quot;,&quot;orientation&quot;:&quot;1&quot;}\" data-image-title=\"240DD6C7-9B85-48B0-8EB0-2E4A41EC15C3\" data-image-description=\"\" data-image-caption=\"\" data-large-file=\"https:\/\/www.cisa-arica.cl\/wp1\/wp-content\/uploads\/2023\/06\/240DD6C7-9B85-48B0-8EB0-2E4A41EC15C3-600x450.jpeg\" role=\"button\" tabindex=\"0\" aria-label=\"Abrir la imagen 3 de 16 en pantalla completa\"srcset=\"https:\/\/i2.wp.com\/www.cisa-arica.cl\/wp1\/wp-content\/uploads\/2023\/06\/240DD6C7-9B85-48B0-8EB0-2E4A41EC15C3-600x450.jpeg?strip=info&#038;w=600&#038;ssl=1 600w,https:\/\/i2.wp.com\/www.cisa-arica.cl\/wp1\/wp-content\/uploads\/2023\/06\/240DD6C7-9B85-48B0-8EB0-2E4A41EC15C3-600x450.jpeg?strip=info&#038;w=900&#038;ssl=1 900w,https:\/\/i2.wp.com\/www.cisa-arica.cl\/wp1\/wp-content\/uploads\/2023\/06\/240DD6C7-9B85-48B0-8EB0-2E4A41EC15C3-600x450.jpeg?strip=info&#038;w=1200&#038;ssl=1 1200w,https:\/\/i2.wp.com\/www.cisa-arica.cl\/wp1\/wp-content\/uploads\/2023\/06\/240DD6C7-9B85-48B0-8EB0-2E4A41EC15C3-600x450.jpeg?strip=info&#038;w=1500&#038;ssl=1 1500w,https:\/\/i2.wp.com\/www.cisa-arica.cl\/wp1\/wp-content\/uploads\/2023\/06\/240DD6C7-9B85-48B0-8EB0-2E4A41EC15C3-600x450.jpeg?strip=info&#038;w=1800&#038;ssl=1 1800w,https:\/\/i2.wp.com\/www.cisa-arica.cl\/wp1\/wp-content\/uploads\/2023\/06\/240DD6C7-9B85-48B0-8EB0-2E4A41EC15C3-600x450.jpeg?strip=info&#038;w=2000&#038;ssl=1 2000w\" alt=\"\" data-height=\"1920\" data-id=\"20692\" data-link=\"https:\/\/www.cisa-arica.cl\/wp1\/?attachment_id=20692\" data-url=\"https:\/\/www.cisa-arica.cl\/wp1\/wp-content\/uploads\/2023\/06\/240DD6C7-9B85-48B0-8EB0-2E4A41EC15C3-600x450.jpeg\" data-width=\"2560\" src=\"https:\/\/i2.wp.com\/www.cisa-arica.cl\/wp1\/wp-content\/uploads\/2023\/06\/240DD6C7-9B85-48B0-8EB0-2E4A41EC15C3-600x450.jpeg?ssl=1\" data-amp-layout=\"responsive\"\/><\/figure><figure class=\"tiled-gallery__item\"><img decoding=\"async\" data-attachment-id=\"20693\" data-permalink=\"https:\/\/www.cisa-arica.cl\/wp1\/2023\/06\/03\/salida-a-feria-literaria\/a5534f1c-50a7-4253-bcef-bfddcebb7492\/\" data-orig-file=\"https:\/\/www.cisa-arica.cl\/wp1\/wp-content\/uploads\/2023\/06\/A5534F1C-50A7-4253-BCEF-BFDDCEBB7492-scaled.jpeg\" data-orig-size=\"2560,1920\" data-comments-opened=\"0\" data-image-meta=\"{&quot;aperture&quot;:&quot;0&quot;,&quot;credit&quot;:&quot;&quot;,&quot;camera&quot;:&quot;&quot;,&quot;caption&quot;:&quot;&quot;,&quot;created_timestamp&quot;:&quot;0&quot;,&quot;copyright&quot;:&quot;&quot;,&quot;focal_length&quot;:&quot;0&quot;,&quot;iso&quot;:&quot;0&quot;,&quot;shutter_speed&quot;:&quot;0&quot;,&quot;title&quot;:&quot;&quot;,&quot;orientation&quot;:&quot;1&quot;}\" data-image-title=\"A5534F1C-50A7-4253-BCEF-BFDDCEBB7492\" data-image-description=\"\" data-image-caption=\"\" data-large-file=\"https:\/\/www.cisa-arica.cl\/wp1\/wp-content\/uploads\/2023\/06\/A5534F1C-50A7-4253-BCEF-BFDDCEBB7492-600x450.jpeg\" data-attachment-id=\"20693\" data-permalink=\"https:\/\/www.cisa-arica.cl\/wp1\/2023\/06\/03\/salida-a-feria-literaria\/a5534f1c-50a7-4253-bcef-bfddcebb7492\/\" data-orig-file=\"https:\/\/www.cisa-arica.cl\/wp1\/wp-content\/uploads\/2023\/06\/A5534F1C-50A7-4253-BCEF-BFDDCEBB7492-scaled.jpeg\" data-orig-size=\"2560,1920\" data-comments-opened=\"0\" data-image-meta=\"{&quot;aperture&quot;:&quot;0&quot;,&quot;credit&quot;:&quot;&quot;,&quot;camera&quot;:&quot;&quot;,&quot;caption&quot;:&quot;&quot;,&quot;created_timestamp&quot;:&quot;0&quot;,&quot;copyright&quot;:&quot;&quot;,&quot;focal_length&quot;:&quot;0&quot;,&quot;iso&quot;:&quot;0&quot;,&quot;shutter_speed&quot;:&quot;0&quot;,&quot;title&quot;:&quot;&quot;,&quot;orientation&quot;:&quot;1&quot;}\" data-image-title=\"A5534F1C-50A7-4253-BCEF-BFDDCEBB7492\" data-image-description=\"\" data-image-caption=\"\" data-large-file=\"https:\/\/www.cisa-arica.cl\/wp1\/wp-content\/uploads\/2023\/06\/A5534F1C-50A7-4253-BCEF-BFDDCEBB7492-600x450.jpeg\" role=\"button\" tabindex=\"0\" aria-label=\"Abrir la imagen 4 de 16 en pantalla completa\"srcset=\"https:\/\/i0.wp.com\/www.cisa-arica.cl\/wp1\/wp-content\/uploads\/2023\/06\/A5534F1C-50A7-4253-BCEF-BFDDCEBB7492-600x450.jpeg?strip=info&#038;w=600&#038;ssl=1 600w,https:\/\/i0.wp.com\/www.cisa-arica.cl\/wp1\/wp-content\/uploads\/2023\/06\/A5534F1C-50A7-4253-BCEF-BFDDCEBB7492-600x450.jpeg?strip=info&#038;w=900&#038;ssl=1 900w,https:\/\/i0.wp.com\/www.cisa-arica.cl\/wp1\/wp-content\/uploads\/2023\/06\/A5534F1C-50A7-4253-BCEF-BFDDCEBB7492-600x450.jpeg?strip=info&#038;w=1200&#038;ssl=1 1200w,https:\/\/i0.wp.com\/www.cisa-arica.cl\/wp1\/wp-content\/uploads\/2023\/06\/A5534F1C-50A7-4253-BCEF-BFDDCEBB7492-600x450.jpeg?strip=info&#038;w=1500&#038;ssl=1 1500w,https:\/\/i0.wp.com\/www.cisa-arica.cl\/wp1\/wp-content\/uploads\/2023\/06\/A5534F1C-50A7-4253-BCEF-BFDDCEBB7492-600x450.jpeg?strip=info&#038;w=1800&#038;ssl=1 1800w,https:\/\/i0.wp.com\/www.cisa-arica.cl\/wp1\/wp-content\/uploads\/2023\/06\/A5534F1C-50A7-4253-BCEF-BFDDCEBB7492-600x450.jpeg?strip=info&#038;w=2000&#038;ssl=1 2000w\" alt=\"\" data-height=\"1920\" data-id=\"20693\" data-link=\"https:\/\/www.cisa-arica.cl\/wp1\/?attachment_id=20693\" data-url=\"https:\/\/www.cisa-arica.cl\/wp1\/wp-content\/uploads\/2023\/06\/A5534F1C-50A7-4253-BCEF-BFDDCEBB7492-600x450.jpeg\" data-width=\"2560\" src=\"https:\/\/i0.wp.com\/www.cisa-arica.cl\/wp1\/wp-content\/uploads\/2023\/06\/A5534F1C-50A7-4253-BCEF-BFDDCEBB7492-600x450.jpeg?ssl=1\" data-amp-layout=\"responsive\"\/><\/figure><\/div><\/div><div class=\"tiled-gallery__row\"><div class=\"tiled-gallery__col\" style=\"flex-basis:36.75409%\"><figure class=\"tiled-gallery__item\"><img decoding=\"async\" data-attachment-id=\"20694\" data-permalink=\"https:\/\/www.cisa-arica.cl\/wp1\/2023\/06\/03\/salida-a-feria-literaria\/cb040c00-774b-48ef-afbc-2abec1f5abce\/\" data-orig-file=\"https:\/\/www.cisa-arica.cl\/wp1\/wp-content\/uploads\/2023\/06\/CB040C00-774B-48EF-AFBC-2ABEC1F5ABCE-scaled.jpeg\" data-orig-size=\"2560,1920\" data-comments-opened=\"0\" data-image-meta=\"{&quot;aperture&quot;:&quot;0&quot;,&quot;credit&quot;:&quot;&quot;,&quot;camera&quot;:&quot;&quot;,&quot;caption&quot;:&quot;&quot;,&quot;created_timestamp&quot;:&quot;0&quot;,&quot;copyright&quot;:&quot;&quot;,&quot;focal_length&quot;:&quot;0&quot;,&quot;iso&quot;:&quot;0&quot;,&quot;shutter_speed&quot;:&quot;0&quot;,&quot;title&quot;:&quot;&quot;,&quot;orientation&quot;:&quot;1&quot;}\" data-image-title=\"CB040C00-774B-48EF-AFBC-2ABEC1F5ABCE\" data-image-description=\"\" data-image-caption=\"\" data-large-file=\"https:\/\/www.cisa-arica.cl\/wp1\/wp-content\/uploads\/2023\/06\/CB040C00-774B-48EF-AFBC-2ABEC1F5ABCE-600x450.jpeg\" data-attachment-id=\"20694\" data-permalink=\"https:\/\/www.cisa-arica.cl\/wp1\/2023\/06\/03\/salida-a-feria-literaria\/cb040c00-774b-48ef-afbc-2abec1f5abce\/\" data-orig-file=\"https:\/\/www.cisa-arica.cl\/wp1\/wp-content\/uploads\/2023\/06\/CB040C00-774B-48EF-AFBC-2ABEC1F5ABCE-scaled.jpeg\" data-orig-size=\"2560,1920\" data-comments-opened=\"0\" data-image-meta=\"{&quot;aperture&quot;:&quot;0&quot;,&quot;credit&quot;:&quot;&quot;,&quot;camera&quot;:&quot;&quot;,&quot;caption&quot;:&quot;&quot;,&quot;created_timestamp&quot;:&quot;0&quot;,&quot;copyright&quot;:&quot;&quot;,&quot;focal_length&quot;:&quot;0&quot;,&quot;iso&quot;:&quot;0&quot;,&quot;shutter_speed&quot;:&quot;0&quot;,&quot;title&quot;:&quot;&quot;,&quot;orientation&quot;:&quot;1&quot;}\" data-image-title=\"CB040C00-774B-48EF-AFBC-2ABEC1F5ABCE\" data-image-description=\"\" data-image-caption=\"\" data-large-file=\"https:\/\/www.cisa-arica.cl\/wp1\/wp-content\/uploads\/2023\/06\/CB040C00-774B-48EF-AFBC-2ABEC1F5ABCE-600x450.jpeg\" role=\"button\" tabindex=\"0\" aria-label=\"Abrir la imagen 5 de 16 en pantalla completa\"srcset=\"https:\/\/i1.wp.com\/www.cisa-arica.cl\/wp1\/wp-content\/uploads\/2023\/06\/CB040C00-774B-48EF-AFBC-2ABEC1F5ABCE-600x450.jpeg?strip=info&#038;w=600&#038;ssl=1 600w,https:\/\/i1.wp.com\/www.cisa-arica.cl\/wp1\/wp-content\/uploads\/2023\/06\/CB040C00-774B-48EF-AFBC-2ABEC1F5ABCE-600x450.jpeg?strip=info&#038;w=900&#038;ssl=1 900w,https:\/\/i1.wp.com\/www.cisa-arica.cl\/wp1\/wp-content\/uploads\/2023\/06\/CB040C00-774B-48EF-AFBC-2ABEC1F5ABCE-600x450.jpeg?strip=info&#038;w=1200&#038;ssl=1 1200w,https:\/\/i1.wp.com\/www.cisa-arica.cl\/wp1\/wp-content\/uploads\/2023\/06\/CB040C00-774B-48EF-AFBC-2ABEC1F5ABCE-600x450.jpeg?strip=info&#038;w=1500&#038;ssl=1 1500w,https:\/\/i1.wp.com\/www.cisa-arica.cl\/wp1\/wp-content\/uploads\/2023\/06\/CB040C00-774B-48EF-AFBC-2ABEC1F5ABCE-600x450.jpeg?strip=info&#038;w=1800&#038;ssl=1 1800w,https:\/\/i1.wp.com\/www.cisa-arica.cl\/wp1\/wp-content\/uploads\/2023\/06\/CB040C00-774B-48EF-AFBC-2ABEC1F5ABCE-600x450.jpeg?strip=info&#038;w=2000&#038;ssl=1 2000w\" alt=\"\" data-height=\"1920\" data-id=\"20694\" data-link=\"https:\/\/www.cisa-arica.cl\/wp1\/?attachment_id=20694\" data-url=\"https:\/\/www.cisa-arica.cl\/wp1\/wp-content\/uploads\/2023\/06\/CB040C00-774B-48EF-AFBC-2ABEC1F5ABCE-600x450.jpeg\" data-width=\"2560\" src=\"https:\/\/i1.wp.com\/www.cisa-arica.cl\/wp1\/wp-content\/uploads\/2023\/06\/CB040C00-774B-48EF-AFBC-2ABEC1F5ABCE-600x450.jpeg?ssl=1\" data-amp-layout=\"responsive\"\/><\/figure><figure class=\"tiled-gallery__item\"><img decoding=\"async\" data-attachment-id=\"20695\" data-permalink=\"https:\/\/www.cisa-arica.cl\/wp1\/2023\/06\/03\/salida-a-feria-literaria\/0e4af92f-7489-4d8f-b713-e2a3a589d2c5\/\" data-orig-file=\"https:\/\/www.cisa-arica.cl\/wp1\/wp-content\/uploads\/2023\/06\/0E4AF92F-7489-4D8F-B713-E2A3A589D2C5-scaled.jpeg\" data-orig-size=\"2560,1920\" data-comments-opened=\"0\" data-image-meta=\"{&quot;aperture&quot;:&quot;0&quot;,&quot;credit&quot;:&quot;&quot;,&quot;camera&quot;:&quot;&quot;,&quot;caption&quot;:&quot;&quot;,&quot;created_timestamp&quot;:&quot;0&quot;,&quot;copyright&quot;:&quot;&quot;,&quot;focal_length&quot;:&quot;0&quot;,&quot;iso&quot;:&quot;0&quot;,&quot;shutter_speed&quot;:&quot;0&quot;,&quot;title&quot;:&quot;&quot;,&quot;orientation&quot;:&quot;1&quot;}\" data-image-title=\"0E4AF92F-7489-4D8F-B713-E2A3A589D2C5\" data-image-description=\"\" data-image-caption=\"\" data-large-file=\"https:\/\/www.cisa-arica.cl\/wp1\/wp-content\/uploads\/2023\/06\/0E4AF92F-7489-4D8F-B713-E2A3A589D2C5-600x450.jpeg\" data-attachment-id=\"20695\" data-permalink=\"https:\/\/www.cisa-arica.cl\/wp1\/2023\/06\/03\/salida-a-feria-literaria\/0e4af92f-7489-4d8f-b713-e2a3a589d2c5\/\" data-orig-file=\"https:\/\/www.cisa-arica.cl\/wp1\/wp-content\/uploads\/2023\/06\/0E4AF92F-7489-4D8F-B713-E2A3A589D2C5-scaled.jpeg\" data-orig-size=\"2560,1920\" data-comments-opened=\"0\" data-image-meta=\"{&quot;aperture&quot;:&quot;0&quot;,&quot;credit&quot;:&quot;&quot;,&quot;camera&quot;:&quot;&quot;,&quot;caption&quot;:&quot;&quot;,&quot;created_timestamp&quot;:&quot;0&quot;,&quot;copyright&quot;:&quot;&quot;,&quot;focal_length&quot;:&quot;0&quot;,&quot;iso&quot;:&quot;0&quot;,&quot;shutter_speed&quot;:&quot;0&quot;,&quot;title&quot;:&quot;&quot;,&quot;orientation&quot;:&quot;1&quot;}\" data-image-title=\"0E4AF92F-7489-4D8F-B713-E2A3A589D2C5\" data-image-description=\"\" data-image-caption=\"\" data-large-file=\"https:\/\/www.cisa-arica.cl\/wp1\/wp-content\/uploads\/2023\/06\/0E4AF92F-7489-4D8F-B713-E2A3A589D2C5-600x450.jpeg\" role=\"button\" tabindex=\"0\" aria-label=\"Abrir la imagen 6 de 16 en pantalla completa\"srcset=\"https:\/\/i0.wp.com\/www.cisa-arica.cl\/wp1\/wp-content\/uploads\/2023\/06\/0E4AF92F-7489-4D8F-B713-E2A3A589D2C5-600x450.jpeg?strip=info&#038;w=600&#038;ssl=1 600w,https:\/\/i0.wp.com\/www.cisa-arica.cl\/wp1\/wp-content\/uploads\/2023\/06\/0E4AF92F-7489-4D8F-B713-E2A3A589D2C5-600x450.jpeg?strip=info&#038;w=900&#038;ssl=1 900w,https:\/\/i0.wp.com\/www.cisa-arica.cl\/wp1\/wp-content\/uploads\/2023\/06\/0E4AF92F-7489-4D8F-B713-E2A3A589D2C5-600x450.jpeg?strip=info&#038;w=1200&#038;ssl=1 1200w,https:\/\/i0.wp.com\/www.cisa-arica.cl\/wp1\/wp-content\/uploads\/2023\/06\/0E4AF92F-7489-4D8F-B713-E2A3A589D2C5-600x450.jpeg?strip=info&#038;w=1500&#038;ssl=1 1500w,https:\/\/i0.wp.com\/www.cisa-arica.cl\/wp1\/wp-content\/uploads\/2023\/06\/0E4AF92F-7489-4D8F-B713-E2A3A589D2C5-600x450.jpeg?strip=info&#038;w=1800&#038;ssl=1 1800w,https:\/\/i0.wp.com\/www.cisa-arica.cl\/wp1\/wp-content\/uploads\/2023\/06\/0E4AF92F-7489-4D8F-B713-E2A3A589D2C5-600x450.jpeg?strip=info&#038;w=2000&#038;ssl=1 2000w\" alt=\"\" data-height=\"1920\" data-id=\"20695\" data-link=\"https:\/\/www.cisa-arica.cl\/wp1\/?attachment_id=20695\" data-url=\"https:\/\/www.cisa-arica.cl\/wp1\/wp-content\/uploads\/2023\/06\/0E4AF92F-7489-4D8F-B713-E2A3A589D2C5-600x450.jpeg\" data-width=\"2560\" src=\"https:\/\/i0.wp.com\/www.cisa-arica.cl\/wp1\/wp-content\/uploads\/2023\/06\/0E4AF92F-7489-4D8F-B713-E2A3A589D2C5-600x450.jpeg?ssl=1\" data-amp-layout=\"responsive\"\/><\/figure><figure class=\"tiled-gallery__item\"><img decoding=\"async\" data-attachment-id=\"20696\" data-permalink=\"https:\/\/www.cisa-arica.cl\/wp1\/2023\/06\/03\/salida-a-feria-literaria\/4faccf38-17eb-4df7-8e45-bebfd864c6da\/\" data-orig-file=\"https:\/\/www.cisa-arica.cl\/wp1\/wp-content\/uploads\/2023\/06\/4FACCF38-17EB-4DF7-8E45-BEBFD864C6DA-scaled.jpeg\" data-orig-size=\"2560,1920\" data-comments-opened=\"0\" data-image-meta=\"{&quot;aperture&quot;:&quot;0&quot;,&quot;credit&quot;:&quot;&quot;,&quot;camera&quot;:&quot;&quot;,&quot;caption&quot;:&quot;&quot;,&quot;created_timestamp&quot;:&quot;0&quot;,&quot;copyright&quot;:&quot;&quot;,&quot;focal_length&quot;:&quot;0&quot;,&quot;iso&quot;:&quot;0&quot;,&quot;shutter_speed&quot;:&quot;0&quot;,&quot;title&quot;:&quot;&quot;,&quot;orientation&quot;:&quot;1&quot;}\" data-image-title=\"4FACCF38-17EB-4DF7-8E45-BEBFD864C6DA\" data-image-description=\"\" data-image-caption=\"\" data-large-file=\"https:\/\/www.cisa-arica.cl\/wp1\/wp-content\/uploads\/2023\/06\/4FACCF38-17EB-4DF7-8E45-BEBFD864C6DA-600x450.jpeg\" data-attachment-id=\"20696\" data-permalink=\"https:\/\/www.cisa-arica.cl\/wp1\/2023\/06\/03\/salida-a-feria-literaria\/4faccf38-17eb-4df7-8e45-bebfd864c6da\/\" data-orig-file=\"https:\/\/www.cisa-arica.cl\/wp1\/wp-content\/uploads\/2023\/06\/4FACCF38-17EB-4DF7-8E45-BEBFD864C6DA-scaled.jpeg\" data-orig-size=\"2560,1920\" data-comments-opened=\"0\" data-image-meta=\"{&quot;aperture&quot;:&quot;0&quot;,&quot;credit&quot;:&quot;&quot;,&quot;camera&quot;:&quot;&quot;,&quot;caption&quot;:&quot;&quot;,&quot;created_timestamp&quot;:&quot;0&quot;,&quot;copyright&quot;:&quot;&quot;,&quot;focal_length&quot;:&quot;0&quot;,&quot;iso&quot;:&quot;0&quot;,&quot;shutter_speed&quot;:&quot;0&quot;,&quot;title&quot;:&quot;&quot;,&quot;orientation&quot;:&quot;1&quot;}\" data-image-title=\"4FACCF38-17EB-4DF7-8E45-BEBFD864C6DA\" data-image-description=\"\" data-image-caption=\"\" data-large-file=\"https:\/\/www.cisa-arica.cl\/wp1\/wp-content\/uploads\/2023\/06\/4FACCF38-17EB-4DF7-8E45-BEBFD864C6DA-600x450.jpeg\" role=\"button\" tabindex=\"0\" aria-label=\"Abrir la imagen 7 de 16 en pantalla completa\"srcset=\"https:\/\/i1.wp.com\/www.cisa-arica.cl\/wp1\/wp-content\/uploads\/2023\/06\/4FACCF38-17EB-4DF7-8E45-BEBFD864C6DA-600x450.jpeg?strip=info&#038;w=600&#038;ssl=1 600w,https:\/\/i1.wp.com\/www.cisa-arica.cl\/wp1\/wp-content\/uploads\/2023\/06\/4FACCF38-17EB-4DF7-8E45-BEBFD864C6DA-600x450.jpeg?strip=info&#038;w=900&#038;ssl=1 900w,https:\/\/i1.wp.com\/www.cisa-arica.cl\/wp1\/wp-content\/uploads\/2023\/06\/4FACCF38-17EB-4DF7-8E45-BEBFD864C6DA-600x450.jpeg?strip=info&#038;w=1200&#038;ssl=1 1200w,https:\/\/i1.wp.com\/www.cisa-arica.cl\/wp1\/wp-content\/uploads\/2023\/06\/4FACCF38-17EB-4DF7-8E45-BEBFD864C6DA-600x450.jpeg?strip=info&#038;w=1500&#038;ssl=1 1500w,https:\/\/i1.wp.com\/www.cisa-arica.cl\/wp1\/wp-content\/uploads\/2023\/06\/4FACCF38-17EB-4DF7-8E45-BEBFD864C6DA-600x450.jpeg?strip=info&#038;w=1800&#038;ssl=1 1800w,https:\/\/i1.wp.com\/www.cisa-arica.cl\/wp1\/wp-content\/uploads\/2023\/06\/4FACCF38-17EB-4DF7-8E45-BEBFD864C6DA-600x450.jpeg?strip=info&#038;w=2000&#038;ssl=1 2000w\" alt=\"\" data-height=\"1920\" data-id=\"20696\" data-link=\"https:\/\/www.cisa-arica.cl\/wp1\/?attachment_id=20696\" data-url=\"https:\/\/www.cisa-arica.cl\/wp1\/wp-content\/uploads\/2023\/06\/4FACCF38-17EB-4DF7-8E45-BEBFD864C6DA-600x450.jpeg\" data-width=\"2560\" src=\"https:\/\/i1.wp.com\/www.cisa-arica.cl\/wp1\/wp-content\/uploads\/2023\/06\/4FACCF38-17EB-4DF7-8E45-BEBFD864C6DA-600x450.jpeg?ssl=1\" data-amp-layout=\"responsive\"\/><\/figure><\/div><div class=\"tiled-gallery__col\" style=\"flex-basis:63.24591%\"><figure class=\"tiled-gallery__item\"><img decoding=\"async\" data-attachment-id=\"20697\" data-permalink=\"https:\/\/www.cisa-arica.cl\/wp1\/2023\/06\/03\/salida-a-feria-literaria\/5e798d17-3d90-41cc-9e03-016eafc1adef\/\" data-orig-file=\"https:\/\/www.cisa-arica.cl\/wp1\/wp-content\/uploads\/2023\/06\/5E798D17-3D90-41CC-9E03-016EAFC1ADEF-scaled.jpeg\" data-orig-size=\"1920,2560\" data-comments-opened=\"0\" data-image-meta=\"{&quot;aperture&quot;:&quot;0&quot;,&quot;credit&quot;:&quot;&quot;,&quot;camera&quot;:&quot;&quot;,&quot;caption&quot;:&quot;&quot;,&quot;created_timestamp&quot;:&quot;0&quot;,&quot;copyright&quot;:&quot;&quot;,&quot;focal_length&quot;:&quot;0&quot;,&quot;iso&quot;:&quot;0&quot;,&quot;shutter_speed&quot;:&quot;0&quot;,&quot;title&quot;:&quot;&quot;,&quot;orientation&quot;:&quot;1&quot;}\" data-image-title=\"5E798D17-3D90-41CC-9E03-016EAFC1ADEF\" data-image-description=\"\" data-image-caption=\"\" data-large-file=\"https:\/\/www.cisa-arica.cl\/wp1\/wp-content\/uploads\/2023\/06\/5E798D17-3D90-41CC-9E03-016EAFC1ADEF-450x600.jpeg\" data-attachment-id=\"20697\" data-permalink=\"https:\/\/www.cisa-arica.cl\/wp1\/2023\/06\/03\/salida-a-feria-literaria\/5e798d17-3d90-41cc-9e03-016eafc1adef\/\" data-orig-file=\"https:\/\/www.cisa-arica.cl\/wp1\/wp-content\/uploads\/2023\/06\/5E798D17-3D90-41CC-9E03-016EAFC1ADEF-scaled.jpeg\" data-orig-size=\"1920,2560\" data-comments-opened=\"0\" data-image-meta=\"{&quot;aperture&quot;:&quot;0&quot;,&quot;credit&quot;:&quot;&quot;,&quot;camera&quot;:&quot;&quot;,&quot;caption&quot;:&quot;&quot;,&quot;created_timestamp&quot;:&quot;0&quot;,&quot;copyright&quot;:&quot;&quot;,&quot;focal_length&quot;:&quot;0&quot;,&quot;iso&quot;:&quot;0&quot;,&quot;shutter_speed&quot;:&quot;0&quot;,&quot;title&quot;:&quot;&quot;,&quot;orientation&quot;:&quot;1&quot;}\" data-image-title=\"5E798D17-3D90-41CC-9E03-016EAFC1ADEF\" data-image-description=\"\" data-image-caption=\"\" data-large-file=\"https:\/\/www.cisa-arica.cl\/wp1\/wp-content\/uploads\/2023\/06\/5E798D17-3D90-41CC-9E03-016EAFC1ADEF-450x600.jpeg\" role=\"button\" tabindex=\"0\" aria-label=\"Abrir la imagen 8 de 16 en pantalla completa\"srcset=\"https:\/\/i1.wp.com\/www.cisa-arica.cl\/wp1\/wp-content\/uploads\/2023\/06\/5E798D17-3D90-41CC-9E03-016EAFC1ADEF-450x600.jpeg?strip=info&#038;w=600&#038;ssl=1 600w,https:\/\/i1.wp.com\/www.cisa-arica.cl\/wp1\/wp-content\/uploads\/2023\/06\/5E798D17-3D90-41CC-9E03-016EAFC1ADEF-450x600.jpeg?strip=info&#038;w=900&#038;ssl=1 900w,https:\/\/i1.wp.com\/www.cisa-arica.cl\/wp1\/wp-content\/uploads\/2023\/06\/5E798D17-3D90-41CC-9E03-016EAFC1ADEF-450x600.jpeg?strip=info&#038;w=1200&#038;ssl=1 1200w,https:\/\/i1.wp.com\/www.cisa-arica.cl\/wp1\/wp-content\/uploads\/2023\/06\/5E798D17-3D90-41CC-9E03-016EAFC1ADEF-450x600.jpeg?strip=info&#038;w=1500&#038;ssl=1 1500w,https:\/\/i1.wp.com\/www.cisa-arica.cl\/wp1\/wp-content\/uploads\/2023\/06\/5E798D17-3D90-41CC-9E03-016EAFC1ADEF-450x600.jpeg?strip=info&#038;w=1800&#038;ssl=1 1800w,https:\/\/i1.wp.com\/www.cisa-arica.cl\/wp1\/wp-content\/uploads\/2023\/06\/5E798D17-3D90-41CC-9E03-016EAFC1ADEF-450x600.jpeg?strip=info&#038;w=1920&#038;ssl=1 1920w\" alt=\"\" data-height=\"2560\" data-id=\"20697\" data-link=\"https:\/\/www.cisa-arica.cl\/wp1\/?attachment_id=20697\" data-url=\"https:\/\/www.cisa-arica.cl\/wp1\/wp-content\/uploads\/2023\/06\/5E798D17-3D90-41CC-9E03-016EAFC1ADEF-450x600.jpeg\" data-width=\"1920\" src=\"https:\/\/i1.wp.com\/www.cisa-arica.cl\/wp1\/wp-content\/uploads\/2023\/06\/5E798D17-3D90-41CC-9E03-016EAFC1ADEF-450x600.jpeg?ssl=1\" data-amp-layout=\"responsive\"\/><\/figure><\/div><\/div><div class=\"tiled-gallery__row\"><div class=\"tiled-gallery__col\" style=\"flex-basis:66.93440%\"><figure class=\"tiled-gallery__item\"><img decoding=\"async\" data-attachment-id=\"20698\" data-permalink=\"https:\/\/www.cisa-arica.cl\/wp1\/2023\/06\/03\/salida-a-feria-literaria\/d8763d73-fa52-4eba-8483-2cbe1b6e89f5\/\" data-orig-file=\"https:\/\/www.cisa-arica.cl\/wp1\/wp-content\/uploads\/2023\/06\/D8763D73-FA52-4EBA-8483-2CBE1B6E89F5-scaled.jpeg\" data-orig-size=\"2560,1920\" data-comments-opened=\"0\" data-image-meta=\"{&quot;aperture&quot;:&quot;0&quot;,&quot;credit&quot;:&quot;&quot;,&quot;camera&quot;:&quot;&quot;,&quot;caption&quot;:&quot;&quot;,&quot;created_timestamp&quot;:&quot;0&quot;,&quot;copyright&quot;:&quot;&quot;,&quot;focal_length&quot;:&quot;0&quot;,&quot;iso&quot;:&quot;0&quot;,&quot;shutter_speed&quot;:&quot;0&quot;,&quot;title&quot;:&quot;&quot;,&quot;orientation&quot;:&quot;1&quot;}\" data-image-title=\"D8763D73-FA52-4EBA-8483-2CBE1B6E89F5\" data-image-description=\"\" data-image-caption=\"\" data-large-file=\"https:\/\/www.cisa-arica.cl\/wp1\/wp-content\/uploads\/2023\/06\/D8763D73-FA52-4EBA-8483-2CBE1B6E89F5-600x450.jpeg\" data-attachment-id=\"20698\" data-permalink=\"https:\/\/www.cisa-arica.cl\/wp1\/2023\/06\/03\/salida-a-feria-literaria\/d8763d73-fa52-4eba-8483-2cbe1b6e89f5\/\" data-orig-file=\"https:\/\/www.cisa-arica.cl\/wp1\/wp-content\/uploads\/2023\/06\/D8763D73-FA52-4EBA-8483-2CBE1B6E89F5-scaled.jpeg\" data-orig-size=\"2560,1920\" data-comments-opened=\"0\" data-image-meta=\"{&quot;aperture&quot;:&quot;0&quot;,&quot;credit&quot;:&quot;&quot;,&quot;camera&quot;:&quot;&quot;,&quot;caption&quot;:&quot;&quot;,&quot;created_timestamp&quot;:&quot;0&quot;,&quot;copyright&quot;:&quot;&quot;,&quot;focal_length&quot;:&quot;0&quot;,&quot;iso&quot;:&quot;0&quot;,&quot;shutter_speed&quot;:&quot;0&quot;,&quot;title&quot;:&quot;&quot;,&quot;orientation&quot;:&quot;1&quot;}\" data-image-title=\"D8763D73-FA52-4EBA-8483-2CBE1B6E89F5\" data-image-description=\"\" data-image-caption=\"\" data-large-file=\"https:\/\/www.cisa-arica.cl\/wp1\/wp-content\/uploads\/2023\/06\/D8763D73-FA52-4EBA-8483-2CBE1B6E89F5-600x450.jpeg\" role=\"button\" tabindex=\"0\" aria-label=\"Abrir la imagen 9 de 16 en pantalla completa\"srcset=\"https:\/\/i0.wp.com\/www.cisa-arica.cl\/wp1\/wp-content\/uploads\/2023\/06\/D8763D73-FA52-4EBA-8483-2CBE1B6E89F5-600x450.jpeg?strip=info&#038;w=600&#038;ssl=1 600w,https:\/\/i0.wp.com\/www.cisa-arica.cl\/wp1\/wp-content\/uploads\/2023\/06\/D8763D73-FA52-4EBA-8483-2CBE1B6E89F5-600x450.jpeg?strip=info&#038;w=900&#038;ssl=1 900w,https:\/\/i0.wp.com\/www.cisa-arica.cl\/wp1\/wp-content\/uploads\/2023\/06\/D8763D73-FA52-4EBA-8483-2CBE1B6E89F5-600x450.jpeg?strip=info&#038;w=1200&#038;ssl=1 1200w,https:\/\/i0.wp.com\/www.cisa-arica.cl\/wp1\/wp-content\/uploads\/2023\/06\/D8763D73-FA52-4EBA-8483-2CBE1B6E89F5-600x450.jpeg?strip=info&#038;w=1500&#038;ssl=1 1500w,https:\/\/i0.wp.com\/www.cisa-arica.cl\/wp1\/wp-content\/uploads\/2023\/06\/D8763D73-FA52-4EBA-8483-2CBE1B6E89F5-600x450.jpeg?strip=info&#038;w=1800&#038;ssl=1 1800w,https:\/\/i0.wp.com\/www.cisa-arica.cl\/wp1\/wp-content\/uploads\/2023\/06\/D8763D73-FA52-4EBA-8483-2CBE1B6E89F5-600x450.jpeg?strip=info&#038;w=2000&#038;ssl=1 2000w\" alt=\"\" data-height=\"1920\" data-id=\"20698\" data-link=\"https:\/\/www.cisa-arica.cl\/wp1\/?attachment_id=20698\" data-url=\"https:\/\/www.cisa-arica.cl\/wp1\/wp-content\/uploads\/2023\/06\/D8763D73-FA52-4EBA-8483-2CBE1B6E89F5-600x450.jpeg\" data-width=\"2560\" src=\"https:\/\/i0.wp.com\/www.cisa-arica.cl\/wp1\/wp-content\/uploads\/2023\/06\/D8763D73-FA52-4EBA-8483-2CBE1B6E89F5-600x450.jpeg?ssl=1\" data-amp-layout=\"responsive\"\/><\/figure><\/div><div class=\"tiled-gallery__col\" style=\"flex-basis:33.06560%\"><figure class=\"tiled-gallery__item\"><img decoding=\"async\" data-attachment-id=\"20699\" data-permalink=\"https:\/\/www.cisa-arica.cl\/wp1\/2023\/06\/03\/salida-a-feria-literaria\/9d8d915f-197d-4639-96aa-49b5bcd21160\/\" data-orig-file=\"https:\/\/www.cisa-arica.cl\/wp1\/wp-content\/uploads\/2023\/06\/9D8D915F-197D-4639-96AA-49B5BCD21160-scaled.jpeg\" data-orig-size=\"2560,1920\" data-comments-opened=\"0\" data-image-meta=\"{&quot;aperture&quot;:&quot;0&quot;,&quot;credit&quot;:&quot;&quot;,&quot;camera&quot;:&quot;&quot;,&quot;caption&quot;:&quot;&quot;,&quot;created_timestamp&quot;:&quot;0&quot;,&quot;copyright&quot;:&quot;&quot;,&quot;focal_length&quot;:&quot;0&quot;,&quot;iso&quot;:&quot;0&quot;,&quot;shutter_speed&quot;:&quot;0&quot;,&quot;title&quot;:&quot;&quot;,&quot;orientation&quot;:&quot;1&quot;}\" data-image-title=\"9D8D915F-197D-4639-96AA-49B5BCD21160\" data-image-description=\"\" data-image-caption=\"\" data-large-file=\"https:\/\/www.cisa-arica.cl\/wp1\/wp-content\/uploads\/2023\/06\/9D8D915F-197D-4639-96AA-49B5BCD21160-600x450.jpeg\" data-attachment-id=\"20699\" data-permalink=\"https:\/\/www.cisa-arica.cl\/wp1\/2023\/06\/03\/salida-a-feria-literaria\/9d8d915f-197d-4639-96aa-49b5bcd21160\/\" data-orig-file=\"https:\/\/www.cisa-arica.cl\/wp1\/wp-content\/uploads\/2023\/06\/9D8D915F-197D-4639-96AA-49B5BCD21160-scaled.jpeg\" data-orig-size=\"2560,1920\" data-comments-opened=\"0\" data-image-meta=\"{&quot;aperture&quot;:&quot;0&quot;,&quot;credit&quot;:&quot;&quot;,&quot;camera&quot;:&quot;&quot;,&quot;caption&quot;:&quot;&quot;,&quot;created_timestamp&quot;:&quot;0&quot;,&quot;copyright&quot;:&quot;&quot;,&quot;focal_length&quot;:&quot;0&quot;,&quot;iso&quot;:&quot;0&quot;,&quot;shutter_speed&quot;:&quot;0&quot;,&quot;title&quot;:&quot;&quot;,&quot;orientation&quot;:&quot;1&quot;}\" data-image-title=\"9D8D915F-197D-4639-96AA-49B5BCD21160\" data-image-description=\"\" data-image-caption=\"\" data-large-file=\"https:\/\/www.cisa-arica.cl\/wp1\/wp-content\/uploads\/2023\/06\/9D8D915F-197D-4639-96AA-49B5BCD21160-600x450.jpeg\" role=\"button\" tabindex=\"0\" aria-label=\"Abrir la imagen 10 de 16 en pantalla completa\"srcset=\"https:\/\/i0.wp.com\/www.cisa-arica.cl\/wp1\/wp-content\/uploads\/2023\/06\/9D8D915F-197D-4639-96AA-49B5BCD21160-600x450.jpeg?strip=info&#038;w=600&#038;ssl=1 600w,https:\/\/i0.wp.com\/www.cisa-arica.cl\/wp1\/wp-content\/uploads\/2023\/06\/9D8D915F-197D-4639-96AA-49B5BCD21160-600x450.jpeg?strip=info&#038;w=900&#038;ssl=1 900w,https:\/\/i0.wp.com\/www.cisa-arica.cl\/wp1\/wp-content\/uploads\/2023\/06\/9D8D915F-197D-4639-96AA-49B5BCD21160-600x450.jpeg?strip=info&#038;w=1200&#038;ssl=1 1200w,https:\/\/i0.wp.com\/www.cisa-arica.cl\/wp1\/wp-content\/uploads\/2023\/06\/9D8D915F-197D-4639-96AA-49B5BCD21160-600x450.jpeg?strip=info&#038;w=1500&#038;ssl=1 1500w,https:\/\/i0.wp.com\/www.cisa-arica.cl\/wp1\/wp-content\/uploads\/2023\/06\/9D8D915F-197D-4639-96AA-49B5BCD21160-600x450.jpeg?strip=info&#038;w=1800&#038;ssl=1 1800w,https:\/\/i0.wp.com\/www.cisa-arica.cl\/wp1\/wp-content\/uploads\/2023\/06\/9D8D915F-197D-4639-96AA-49B5BCD21160-600x450.jpeg?strip=info&#038;w=2000&#038;ssl=1 2000w\" alt=\"\" data-height=\"1920\" data-id=\"20699\" data-link=\"https:\/\/www.cisa-arica.cl\/wp1\/?attachment_id=20699\" data-url=\"https:\/\/www.cisa-arica.cl\/wp1\/wp-content\/uploads\/2023\/06\/9D8D915F-197D-4639-96AA-49B5BCD21160-600x450.jpeg\" data-width=\"2560\" src=\"https:\/\/i0.wp.com\/www.cisa-arica.cl\/wp1\/wp-content\/uploads\/2023\/06\/9D8D915F-197D-4639-96AA-49B5BCD21160-600x450.jpeg?ssl=1\" data-amp-layout=\"responsive\"\/><\/figure><figure class=\"tiled-gallery__item\"><img decoding=\"async\" data-attachment-id=\"20700\" data-permalink=\"https:\/\/www.cisa-arica.cl\/wp1\/2023\/06\/03\/salida-a-feria-literaria\/3ff95b50-9545-4d94-b95f-85046b8e807e\/\" data-orig-file=\"https:\/\/www.cisa-arica.cl\/wp1\/wp-content\/uploads\/2023\/06\/3FF95B50-9545-4D94-B95F-85046B8E807E-scaled.jpeg\" data-orig-size=\"2560,1920\" data-comments-opened=\"0\" data-image-meta=\"{&quot;aperture&quot;:&quot;0&quot;,&quot;credit&quot;:&quot;&quot;,&quot;camera&quot;:&quot;&quot;,&quot;caption&quot;:&quot;&quot;,&quot;created_timestamp&quot;:&quot;0&quot;,&quot;copyright&quot;:&quot;&quot;,&quot;focal_length&quot;:&quot;0&quot;,&quot;iso&quot;:&quot;0&quot;,&quot;shutter_speed&quot;:&quot;0&quot;,&quot;title&quot;:&quot;&quot;,&quot;orientation&quot;:&quot;1&quot;}\" data-image-title=\"3FF95B50-9545-4D94-B95F-85046B8E807E\" data-image-description=\"\" data-image-caption=\"\" data-large-file=\"https:\/\/www.cisa-arica.cl\/wp1\/wp-content\/uploads\/2023\/06\/3FF95B50-9545-4D94-B95F-85046B8E807E-600x450.jpeg\" data-attachment-id=\"20700\" data-permalink=\"https:\/\/www.cisa-arica.cl\/wp1\/2023\/06\/03\/salida-a-feria-literaria\/3ff95b50-9545-4d94-b95f-85046b8e807e\/\" data-orig-file=\"https:\/\/www.cisa-arica.cl\/wp1\/wp-content\/uploads\/2023\/06\/3FF95B50-9545-4D94-B95F-85046B8E807E-scaled.jpeg\" data-orig-size=\"2560,1920\" data-comments-opened=\"0\" data-image-meta=\"{&quot;aperture&quot;:&quot;0&quot;,&quot;credit&quot;:&quot;&quot;,&quot;camera&quot;:&quot;&quot;,&quot;caption&quot;:&quot;&quot;,&quot;created_timestamp&quot;:&quot;0&quot;,&quot;copyright&quot;:&quot;&quot;,&quot;focal_length&quot;:&quot;0&quot;,&quot;iso&quot;:&quot;0&quot;,&quot;shutter_speed&quot;:&quot;0&quot;,&quot;title&quot;:&quot;&quot;,&quot;orientation&quot;:&quot;1&quot;}\" data-image-title=\"3FF95B50-9545-4D94-B95F-85046B8E807E\" data-image-description=\"\" data-image-caption=\"\" data-large-file=\"https:\/\/www.cisa-arica.cl\/wp1\/wp-content\/uploads\/2023\/06\/3FF95B50-9545-4D94-B95F-85046B8E807E-600x450.jpeg\" role=\"button\" tabindex=\"0\" aria-label=\"Abrir la imagen 11 de 16 en pantalla completa\"srcset=\"https:\/\/i2.wp.com\/www.cisa-arica.cl\/wp1\/wp-content\/uploads\/2023\/06\/3FF95B50-9545-4D94-B95F-85046B8E807E-600x450.jpeg?strip=info&#038;w=600&#038;ssl=1 600w,https:\/\/i2.wp.com\/www.cisa-arica.cl\/wp1\/wp-content\/uploads\/2023\/06\/3FF95B50-9545-4D94-B95F-85046B8E807E-600x450.jpeg?strip=info&#038;w=900&#038;ssl=1 900w,https:\/\/i2.wp.com\/www.cisa-arica.cl\/wp1\/wp-content\/uploads\/2023\/06\/3FF95B50-9545-4D94-B95F-85046B8E807E-600x450.jpeg?strip=info&#038;w=1200&#038;ssl=1 1200w,https:\/\/i2.wp.com\/www.cisa-arica.cl\/wp1\/wp-content\/uploads\/2023\/06\/3FF95B50-9545-4D94-B95F-85046B8E807E-600x450.jpeg?strip=info&#038;w=1500&#038;ssl=1 1500w,https:\/\/i2.wp.com\/www.cisa-arica.cl\/wp1\/wp-content\/uploads\/2023\/06\/3FF95B50-9545-4D94-B95F-85046B8E807E-600x450.jpeg?strip=info&#038;w=1800&#038;ssl=1 1800w,https:\/\/i2.wp.com\/www.cisa-arica.cl\/wp1\/wp-content\/uploads\/2023\/06\/3FF95B50-9545-4D94-B95F-85046B8E807E-600x450.jpeg?strip=info&#038;w=2000&#038;ssl=1 2000w\" alt=\"\" data-height=\"1920\" data-id=\"20700\" data-link=\"https:\/\/www.cisa-arica.cl\/wp1\/?attachment_id=20700\" data-url=\"https:\/\/www.cisa-arica.cl\/wp1\/wp-content\/uploads\/2023\/06\/3FF95B50-9545-4D94-B95F-85046B8E807E-600x450.jpeg\" data-width=\"2560\" src=\"https:\/\/i2.wp.com\/www.cisa-arica.cl\/wp1\/wp-content\/uploads\/2023\/06\/3FF95B50-9545-4D94-B95F-85046B8E807E-600x450.jpeg?ssl=1\" data-amp-layout=\"responsive\"\/><\/figure><\/div><\/div><div class=\"tiled-gallery__row\"><div class=\"tiled-gallery__col\" style=\"flex-basis:33.33333%\"><figure class=\"tiled-gallery__item\"><img decoding=\"async\" data-attachment-id=\"20701\" data-permalink=\"https:\/\/www.cisa-arica.cl\/wp1\/2023\/06\/03\/salida-a-feria-literaria\/2868e47f-66e4-4054-aee2-70b0e3a218dc\/\" data-orig-file=\"https:\/\/www.cisa-arica.cl\/wp1\/wp-content\/uploads\/2023\/06\/2868E47F-66E4-4054-AEE2-70B0E3A218DC-scaled.jpeg\" data-orig-size=\"2560,1920\" data-comments-opened=\"0\" data-image-meta=\"{&quot;aperture&quot;:&quot;0&quot;,&quot;credit&quot;:&quot;&quot;,&quot;camera&quot;:&quot;&quot;,&quot;caption&quot;:&quot;&quot;,&quot;created_timestamp&quot;:&quot;0&quot;,&quot;copyright&quot;:&quot;&quot;,&quot;focal_length&quot;:&quot;0&quot;,&quot;iso&quot;:&quot;0&quot;,&quot;shutter_speed&quot;:&quot;0&quot;,&quot;title&quot;:&quot;&quot;,&quot;orientation&quot;:&quot;1&quot;}\" data-image-title=\"2868E47F-66E4-4054-AEE2-70B0E3A218DC\" data-image-description=\"\" data-image-caption=\"\" data-large-file=\"https:\/\/www.cisa-arica.cl\/wp1\/wp-content\/uploads\/2023\/06\/2868E47F-66E4-4054-AEE2-70B0E3A218DC-600x450.jpeg\" data-attachment-id=\"20701\" data-permalink=\"https:\/\/www.cisa-arica.cl\/wp1\/2023\/06\/03\/salida-a-feria-literaria\/2868e47f-66e4-4054-aee2-70b0e3a218dc\/\" data-orig-file=\"https:\/\/www.cisa-arica.cl\/wp1\/wp-content\/uploads\/2023\/06\/2868E47F-66E4-4054-AEE2-70B0E3A218DC-scaled.jpeg\" data-orig-size=\"2560,1920\" data-comments-opened=\"0\" data-image-meta=\"{&quot;aperture&quot;:&quot;0&quot;,&quot;credit&quot;:&quot;&quot;,&quot;camera&quot;:&quot;&quot;,&quot;caption&quot;:&quot;&quot;,&quot;created_timestamp&quot;:&quot;0&quot;,&quot;copyright&quot;:&quot;&quot;,&quot;focal_length&quot;:&quot;0&quot;,&quot;iso&quot;:&quot;0&quot;,&quot;shutter_speed&quot;:&quot;0&quot;,&quot;title&quot;:&quot;&quot;,&quot;orientation&quot;:&quot;1&quot;}\" data-image-title=\"2868E47F-66E4-4054-AEE2-70B0E3A218DC\" data-image-description=\"\" data-image-caption=\"\" data-large-file=\"https:\/\/www.cisa-arica.cl\/wp1\/wp-content\/uploads\/2023\/06\/2868E47F-66E4-4054-AEE2-70B0E3A218DC-600x450.jpeg\" role=\"button\" tabindex=\"0\" aria-label=\"Abrir la imagen 12 de 16 en pantalla completa\"srcset=\"https:\/\/i2.wp.com\/www.cisa-arica.cl\/wp1\/wp-content\/uploads\/2023\/06\/2868E47F-66E4-4054-AEE2-70B0E3A218DC-600x450.jpeg?strip=info&#038;w=600&#038;ssl=1 600w,https:\/\/i2.wp.com\/www.cisa-arica.cl\/wp1\/wp-content\/uploads\/2023\/06\/2868E47F-66E4-4054-AEE2-70B0E3A218DC-600x450.jpeg?strip=info&#038;w=900&#038;ssl=1 900w,https:\/\/i2.wp.com\/www.cisa-arica.cl\/wp1\/wp-content\/uploads\/2023\/06\/2868E47F-66E4-4054-AEE2-70B0E3A218DC-600x450.jpeg?strip=info&#038;w=1200&#038;ssl=1 1200w,https:\/\/i2.wp.com\/www.cisa-arica.cl\/wp1\/wp-content\/uploads\/2023\/06\/2868E47F-66E4-4054-AEE2-70B0E3A218DC-600x450.jpeg?strip=info&#038;w=1500&#038;ssl=1 1500w,https:\/\/i2.wp.com\/www.cisa-arica.cl\/wp1\/wp-content\/uploads\/2023\/06\/2868E47F-66E4-4054-AEE2-70B0E3A218DC-600x450.jpeg?strip=info&#038;w=1800&#038;ssl=1 1800w,https:\/\/i2.wp.com\/www.cisa-arica.cl\/wp1\/wp-content\/uploads\/2023\/06\/2868E47F-66E4-4054-AEE2-70B0E3A218DC-600x450.jpeg?strip=info&#038;w=2000&#038;ssl=1 2000w\" alt=\"\" data-height=\"1920\" data-id=\"20701\" data-link=\"https:\/\/www.cisa-arica.cl\/wp1\/?attachment_id=20701\" data-url=\"https:\/\/www.cisa-arica.cl\/wp1\/wp-content\/uploads\/2023\/06\/2868E47F-66E4-4054-AEE2-70B0E3A218DC-600x450.jpeg\" data-width=\"2560\" src=\"https:\/\/i2.wp.com\/www.cisa-arica.cl\/wp1\/wp-content\/uploads\/2023\/06\/2868E47F-66E4-4054-AEE2-70B0E3A218DC-600x450.jpeg?ssl=1\" data-amp-layout=\"responsive\"\/><\/figure><\/div><div class=\"tiled-gallery__col\" style=\"flex-basis:33.33333%\"><figure class=\"tiled-gallery__item\"><img decoding=\"async\" data-attachment-id=\"20702\" data-permalink=\"https:\/\/www.cisa-arica.cl\/wp1\/2023\/06\/03\/salida-a-feria-literaria\/6ead3cf6-93d5-4d7a-a781-26938df8d849\/\" data-orig-file=\"https:\/\/www.cisa-arica.cl\/wp1\/wp-content\/uploads\/2023\/06\/6EAD3CF6-93D5-4D7A-A781-26938DF8D849-scaled.jpeg\" data-orig-size=\"2560,1920\" data-comments-opened=\"0\" data-image-meta=\"{&quot;aperture&quot;:&quot;0&quot;,&quot;credit&quot;:&quot;&quot;,&quot;camera&quot;:&quot;&quot;,&quot;caption&quot;:&quot;&quot;,&quot;created_timestamp&quot;:&quot;0&quot;,&quot;copyright&quot;:&quot;&quot;,&quot;focal_length&quot;:&quot;0&quot;,&quot;iso&quot;:&quot;0&quot;,&quot;shutter_speed&quot;:&quot;0&quot;,&quot;title&quot;:&quot;&quot;,&quot;orientation&quot;:&quot;1&quot;}\" data-image-title=\"6EAD3CF6-93D5-4D7A-A781-26938DF8D849\" data-image-description=\"\" data-image-caption=\"\" data-large-file=\"https:\/\/www.cisa-arica.cl\/wp1\/wp-content\/uploads\/2023\/06\/6EAD3CF6-93D5-4D7A-A781-26938DF8D849-600x450.jpeg\" data-attachment-id=\"20702\" data-permalink=\"https:\/\/www.cisa-arica.cl\/wp1\/2023\/06\/03\/salida-a-feria-literaria\/6ead3cf6-93d5-4d7a-a781-26938df8d849\/\" data-orig-file=\"https:\/\/www.cisa-arica.cl\/wp1\/wp-content\/uploads\/2023\/06\/6EAD3CF6-93D5-4D7A-A781-26938DF8D849-scaled.jpeg\" data-orig-size=\"2560,1920\" data-comments-opened=\"0\" data-image-meta=\"{&quot;aperture&quot;:&quot;0&quot;,&quot;credit&quot;:&quot;&quot;,&quot;camera&quot;:&quot;&quot;,&quot;caption&quot;:&quot;&quot;,&quot;created_timestamp&quot;:&quot;0&quot;,&quot;copyright&quot;:&quot;&quot;,&quot;focal_length&quot;:&quot;0&quot;,&quot;iso&quot;:&quot;0&quot;,&quot;shutter_speed&quot;:&quot;0&quot;,&quot;title&quot;:&quot;&quot;,&quot;orientation&quot;:&quot;1&quot;}\" data-image-title=\"6EAD3CF6-93D5-4D7A-A781-26938DF8D849\" data-image-description=\"\" data-image-caption=\"\" data-large-file=\"https:\/\/www.cisa-arica.cl\/wp1\/wp-content\/uploads\/2023\/06\/6EAD3CF6-93D5-4D7A-A781-26938DF8D849-600x450.jpeg\" role=\"button\" tabindex=\"0\" aria-label=\"Abrir la imagen 13 de 16 en pantalla completa\"srcset=\"https:\/\/i2.wp.com\/www.cisa-arica.cl\/wp1\/wp-content\/uploads\/2023\/06\/6EAD3CF6-93D5-4D7A-A781-26938DF8D849-600x450.jpeg?strip=info&#038;w=600&#038;ssl=1 600w,https:\/\/i2.wp.com\/www.cisa-arica.cl\/wp1\/wp-content\/uploads\/2023\/06\/6EAD3CF6-93D5-4D7A-A781-26938DF8D849-600x450.jpeg?strip=info&#038;w=900&#038;ssl=1 900w,https:\/\/i2.wp.com\/www.cisa-arica.cl\/wp1\/wp-content\/uploads\/2023\/06\/6EAD3CF6-93D5-4D7A-A781-26938DF8D849-600x450.jpeg?strip=info&#038;w=1200&#038;ssl=1 1200w,https:\/\/i2.wp.com\/www.cisa-arica.cl\/wp1\/wp-content\/uploads\/2023\/06\/6EAD3CF6-93D5-4D7A-A781-26938DF8D849-600x450.jpeg?strip=info&#038;w=1500&#038;ssl=1 1500w,https:\/\/i2.wp.com\/www.cisa-arica.cl\/wp1\/wp-content\/uploads\/2023\/06\/6EAD3CF6-93D5-4D7A-A781-26938DF8D849-600x450.jpeg?strip=info&#038;w=1800&#038;ssl=1 1800w,https:\/\/i2.wp.com\/www.cisa-arica.cl\/wp1\/wp-content\/uploads\/2023\/06\/6EAD3CF6-93D5-4D7A-A781-26938DF8D849-600x450.jpeg?strip=info&#038;w=2000&#038;ssl=1 2000w\" alt=\"\" data-height=\"1920\" data-id=\"20702\" data-link=\"https:\/\/www.cisa-arica.cl\/wp1\/?attachment_id=20702\" data-url=\"https:\/\/www.cisa-arica.cl\/wp1\/wp-content\/uploads\/2023\/06\/6EAD3CF6-93D5-4D7A-A781-26938DF8D849-600x450.jpeg\" data-width=\"2560\" src=\"https:\/\/i2.wp.com\/www.cisa-arica.cl\/wp1\/wp-content\/uploads\/2023\/06\/6EAD3CF6-93D5-4D7A-A781-26938DF8D849-600x450.jpeg?ssl=1\" data-amp-layout=\"responsive\"\/><\/figure><\/div><div class=\"tiled-gallery__col\" style=\"flex-basis:33.33333%\"><figure class=\"tiled-gallery__item\"><img decoding=\"async\" data-attachment-id=\"20703\" data-permalink=\"https:\/\/www.cisa-arica.cl\/wp1\/2023\/06\/03\/salida-a-feria-literaria\/9b5947b9-eabd-4632-be14-487cf4193549\/\" data-orig-file=\"https:\/\/www.cisa-arica.cl\/wp1\/wp-content\/uploads\/2023\/06\/9B5947B9-EABD-4632-BE14-487CF4193549-scaled.jpeg\" data-orig-size=\"2560,1920\" data-comments-opened=\"0\" data-image-meta=\"{&quot;aperture&quot;:&quot;0&quot;,&quot;credit&quot;:&quot;&quot;,&quot;camera&quot;:&quot;&quot;,&quot;caption&quot;:&quot;&quot;,&quot;created_timestamp&quot;:&quot;0&quot;,&quot;copyright&quot;:&quot;&quot;,&quot;focal_length&quot;:&quot;0&quot;,&quot;iso&quot;:&quot;0&quot;,&quot;shutter_speed&quot;:&quot;0&quot;,&quot;title&quot;:&quot;&quot;,&quot;orientation&quot;:&quot;1&quot;}\" data-image-title=\"9B5947B9-EABD-4632-BE14-487CF4193549\" data-image-description=\"\" data-image-caption=\"\" data-large-file=\"https:\/\/www.cisa-arica.cl\/wp1\/wp-content\/uploads\/2023\/06\/9B5947B9-EABD-4632-BE14-487CF4193549-600x450.jpeg\" data-attachment-id=\"20703\" data-permalink=\"https:\/\/www.cisa-arica.cl\/wp1\/2023\/06\/03\/salida-a-feria-literaria\/9b5947b9-eabd-4632-be14-487cf4193549\/\" data-orig-file=\"https:\/\/www.cisa-arica.cl\/wp1\/wp-content\/uploads\/2023\/06\/9B5947B9-EABD-4632-BE14-487CF4193549-scaled.jpeg\" data-orig-size=\"2560,1920\" data-comments-opened=\"0\" data-image-meta=\"{&quot;aperture&quot;:&quot;0&quot;,&quot;credit&quot;:&quot;&quot;,&quot;camera&quot;:&quot;&quot;,&quot;caption&quot;:&quot;&quot;,&quot;created_timestamp&quot;:&quot;0&quot;,&quot;copyright&quot;:&quot;&quot;,&quot;focal_length&quot;:&quot;0&quot;,&quot;iso&quot;:&quot;0&quot;,&quot;shutter_speed&quot;:&quot;0&quot;,&quot;title&quot;:&quot;&quot;,&quot;orientation&quot;:&quot;1&quot;}\" data-image-title=\"9B5947B9-EABD-4632-BE14-487CF4193549\" data-image-description=\"\" data-image-caption=\"\" data-large-file=\"https:\/\/www.cisa-arica.cl\/wp1\/wp-content\/uploads\/2023\/06\/9B5947B9-EABD-4632-BE14-487CF4193549-600x450.jpeg\" role=\"button\" tabindex=\"0\" aria-label=\"Abrir la imagen 14 de 16 en pantalla completa\"srcset=\"https:\/\/i1.wp.com\/www.cisa-arica.cl\/wp1\/wp-content\/uploads\/2023\/06\/9B5947B9-EABD-4632-BE14-487CF4193549-600x450.jpeg?strip=info&#038;w=600&#038;ssl=1 600w,https:\/\/i1.wp.com\/www.cisa-arica.cl\/wp1\/wp-content\/uploads\/2023\/06\/9B5947B9-EABD-4632-BE14-487CF4193549-600x450.jpeg?strip=info&#038;w=900&#038;ssl=1 900w,https:\/\/i1.wp.com\/www.cisa-arica.cl\/wp1\/wp-content\/uploads\/2023\/06\/9B5947B9-EABD-4632-BE14-487CF4193549-600x450.jpeg?strip=info&#038;w=1200&#038;ssl=1 1200w,https:\/\/i1.wp.com\/www.cisa-arica.cl\/wp1\/wp-content\/uploads\/2023\/06\/9B5947B9-EABD-4632-BE14-487CF4193549-600x450.jpeg?strip=info&#038;w=1500&#038;ssl=1 1500w,https:\/\/i1.wp.com\/www.cisa-arica.cl\/wp1\/wp-content\/uploads\/2023\/06\/9B5947B9-EABD-4632-BE14-487CF4193549-600x450.jpeg?strip=info&#038;w=1800&#038;ssl=1 1800w,https:\/\/i1.wp.com\/www.cisa-arica.cl\/wp1\/wp-content\/uploads\/2023\/06\/9B5947B9-EABD-4632-BE14-487CF4193549-600x450.jpeg?strip=info&#038;w=2000&#038;ssl=1 2000w\" alt=\"\" data-height=\"1920\" data-id=\"20703\" data-link=\"https:\/\/www.cisa-arica.cl\/wp1\/?attachment_id=20703\" data-url=\"https:\/\/www.cisa-arica.cl\/wp1\/wp-content\/uploads\/2023\/06\/9B5947B9-EABD-4632-BE14-487CF4193549-600x450.jpeg\" data-width=\"2560\" src=\"https:\/\/i1.wp.com\/www.cisa-arica.cl\/wp1\/wp-content\/uploads\/2023\/06\/9B5947B9-EABD-4632-BE14-487CF4193549-600x450.jpeg?ssl=1\" data-amp-layout=\"responsive\"\/><\/figure><\/div><\/div><div class=\"tiled-gallery__row\"><div class=\"tiled-gallery__col\" style=\"flex-basis:50.00000%\"><figure class=\"tiled-gallery__item\"><img decoding=\"async\" data-attachment-id=\"20704\" data-permalink=\"https:\/\/www.cisa-arica.cl\/wp1\/2023\/06\/03\/salida-a-feria-literaria\/346e00e5-1ef2-4ad1-aec6-91c4f065973a\/\" data-orig-file=\"https:\/\/www.cisa-arica.cl\/wp1\/wp-content\/uploads\/2023\/06\/346E00E5-1EF2-4AD1-AEC6-91C4F065973A-scaled.jpeg\" data-orig-size=\"2560,1920\" data-comments-opened=\"0\" data-image-meta=\"{&quot;aperture&quot;:&quot;0&quot;,&quot;credit&quot;:&quot;&quot;,&quot;camera&quot;:&quot;&quot;,&quot;caption&quot;:&quot;&quot;,&quot;created_timestamp&quot;:&quot;0&quot;,&quot;copyright&quot;:&quot;&quot;,&quot;focal_length&quot;:&quot;0&quot;,&quot;iso&quot;:&quot;0&quot;,&quot;shutter_speed&quot;:&quot;0&quot;,&quot;title&quot;:&quot;&quot;,&quot;orientation&quot;:&quot;1&quot;}\" data-image-title=\"346E00E5-1EF2-4AD1-AEC6-91C4F065973A\" data-image-description=\"\" data-image-caption=\"\" data-large-file=\"https:\/\/www.cisa-arica.cl\/wp1\/wp-content\/uploads\/2023\/06\/346E00E5-1EF2-4AD1-AEC6-91C4F065973A-600x450.jpeg\" data-attachment-id=\"20704\" data-permalink=\"https:\/\/www.cisa-arica.cl\/wp1\/2023\/06\/03\/salida-a-feria-literaria\/346e00e5-1ef2-4ad1-aec6-91c4f065973a\/\" data-orig-file=\"https:\/\/www.cisa-arica.cl\/wp1\/wp-content\/uploads\/2023\/06\/346E00E5-1EF2-4AD1-AEC6-91C4F065973A-scaled.jpeg\" data-orig-size=\"2560,1920\" data-comments-opened=\"0\" data-image-meta=\"{&quot;aperture&quot;:&quot;0&quot;,&quot;credit&quot;:&quot;&quot;,&quot;camera&quot;:&quot;&quot;,&quot;caption&quot;:&quot;&quot;,&quot;created_timestamp&quot;:&quot;0&quot;,&quot;copyright&quot;:&quot;&quot;,&quot;focal_length&quot;:&quot;0&quot;,&quot;iso&quot;:&quot;0&quot;,&quot;shutter_speed&quot;:&quot;0&quot;,&quot;title&quot;:&quot;&quot;,&quot;orientation&quot;:&quot;1&quot;}\" data-image-title=\"346E00E5-1EF2-4AD1-AEC6-91C4F065973A\" data-image-description=\"\" data-image-caption=\"\" data-large-file=\"https:\/\/www.cisa-arica.cl\/wp1\/wp-content\/uploads\/2023\/06\/346E00E5-1EF2-4AD1-AEC6-91C4F065973A-600x450.jpeg\" role=\"button\" tabindex=\"0\" aria-label=\"Abrir la imagen 15 de 16 en pantalla completa\"srcset=\"https:\/\/i2.wp.com\/www.cisa-arica.cl\/wp1\/wp-content\/uploads\/2023\/06\/346E00E5-1EF2-4AD1-AEC6-91C4F065973A-600x450.jpeg?strip=info&#038;w=600&#038;ssl=1 600w,https:\/\/i2.wp.com\/www.cisa-arica.cl\/wp1\/wp-content\/uploads\/2023\/06\/346E00E5-1EF2-4AD1-AEC6-91C4F065973A-600x450.jpeg?strip=info&#038;w=900&#038;ssl=1 900w,https:\/\/i2.wp.com\/www.cisa-arica.cl\/wp1\/wp-content\/uploads\/2023\/06\/346E00E5-1EF2-4AD1-AEC6-91C4F065973A-600x450.jpeg?strip=info&#038;w=1200&#038;ssl=1 1200w,https:\/\/i2.wp.com\/www.cisa-arica.cl\/wp1\/wp-content\/uploads\/2023\/06\/346E00E5-1EF2-4AD1-AEC6-91C4F065973A-600x450.jpeg?strip=info&#038;w=1500&#038;ssl=1 1500w,https:\/\/i2.wp.com\/www.cisa-arica.cl\/wp1\/wp-content\/uploads\/2023\/06\/346E00E5-1EF2-4AD1-AEC6-91C4F065973A-600x450.jpeg?strip=info&#038;w=1800&#038;ssl=1 1800w,https:\/\/i2.wp.com\/www.cisa-arica.cl\/wp1\/wp-content\/uploads\/2023\/06\/346E00E5-1EF2-4AD1-AEC6-91C4F065973A-600x450.jpeg?strip=info&#038;w=2000&#038;ssl=1 2000w\" alt=\"\" data-height=\"1920\" data-id=\"20704\" data-link=\"https:\/\/www.cisa-arica.cl\/wp1\/?attachment_id=20704\" data-url=\"https:\/\/www.cisa-arica.cl\/wp1\/wp-content\/uploads\/2023\/06\/346E00E5-1EF2-4AD1-AEC6-91C4F065973A-600x450.jpeg\" data-width=\"2560\" src=\"https:\/\/i2.wp.com\/www.cisa-arica.cl\/wp1\/wp-content\/uploads\/2023\/06\/346E00E5-1EF2-4AD1-AEC6-91C4F065973A-600x450.jpeg?ssl=1\" data-amp-layout=\"responsive\"\/><\/figure><\/div><div class=\"tiled-gallery__col\" style=\"flex-basis:50.00000%\"><figure class=\"tiled-gallery__item\"><img decoding=\"async\" data-attachment-id=\"20705\" data-permalink=\"https:\/\/www.cisa-arica.cl\/wp1\/2023\/06\/03\/salida-a-feria-literaria\/d9ae48d7-300a-4328-803c-cfff7e72f5da\/\" data-orig-file=\"https:\/\/www.cisa-arica.cl\/wp1\/wp-content\/uploads\/2023\/06\/D9AE48D7-300A-4328-803C-CFFF7E72F5DA-scaled.jpeg\" data-orig-size=\"2560,1920\" data-comments-opened=\"0\" data-image-meta=\"{&quot;aperture&quot;:&quot;0&quot;,&quot;credit&quot;:&quot;&quot;,&quot;camera&quot;:&quot;&quot;,&quot;caption&quot;:&quot;&quot;,&quot;created_timestamp&quot;:&quot;0&quot;,&quot;copyright&quot;:&quot;&quot;,&quot;focal_length&quot;:&quot;0&quot;,&quot;iso&quot;:&quot;0&quot;,&quot;shutter_speed&quot;:&quot;0&quot;,&quot;title&quot;:&quot;&quot;,&quot;orientation&quot;:&quot;1&quot;}\" data-image-title=\"D9AE48D7-300A-4328-803C-CFFF7E72F5DA\" data-image-description=\"\" data-image-caption=\"\" data-large-file=\"https:\/\/www.cisa-arica.cl\/wp1\/wp-content\/uploads\/2023\/06\/D9AE48D7-300A-4328-803C-CFFF7E72F5DA-600x450.jpeg\" data-attachment-id=\"20705\" data-permalink=\"https:\/\/www.cisa-arica.cl\/wp1\/2023\/06\/03\/salida-a-feria-literaria\/d9ae48d7-300a-4328-803c-cfff7e72f5da\/\" data-orig-file=\"https:\/\/www.cisa-arica.cl\/wp1\/wp-content\/uploads\/2023\/06\/D9AE48D7-300A-4328-803C-CFFF7E72F5DA-scaled.jpeg\" data-orig-size=\"2560,1920\" data-comments-opened=\"0\" data-image-meta=\"{&quot;aperture&quot;:&quot;0&quot;,&quot;credit&quot;:&quot;&quot;,&quot;camera&quot;:&quot;&quot;,&quot;caption&quot;:&quot;&quot;,&quot;created_timestamp&quot;:&quot;0&quot;,&quot;copyright&quot;:&quot;&quot;,&quot;focal_length&quot;:&quot;0&quot;,&quot;iso&quot;:&quot;0&quot;,&quot;shutter_speed&quot;:&quot;0&quot;,&quot;title&quot;:&quot;&quot;,&quot;orientation&quot;:&quot;1&quot;}\" data-image-title=\"D9AE48D7-300A-4328-803C-CFFF7E72F5DA\" data-image-description=\"\" data-image-caption=\"\" data-large-file=\"https:\/\/www.cisa-arica.cl\/wp1\/wp-content\/uploads\/2023\/06\/D9AE48D7-300A-4328-803C-CFFF7E72F5DA-600x450.jpeg\" role=\"button\" tabindex=\"0\" aria-label=\"Abrir la imagen 16 de 16 en pantalla completa\"srcset=\"https:\/\/i0.wp.com\/www.cisa-arica.cl\/wp1\/wp-content\/uploads\/2023\/06\/D9AE48D7-300A-4328-803C-CFFF7E72F5DA-600x450.jpeg?strip=info&#038;w=600&#038;ssl=1 600w,https:\/\/i0.wp.com\/www.cisa-arica.cl\/wp1\/wp-content\/uploads\/2023\/06\/D9AE48D7-300A-4328-803C-CFFF7E72F5DA-600x450.jpeg?strip=info&#038;w=900&#038;ssl=1 900w,https:\/\/i0.wp.com\/www.cisa-arica.cl\/wp1\/wp-content\/uploads\/2023\/06\/D9AE48D7-300A-4328-803C-CFFF7E72F5DA-600x450.jpeg?strip=info&#038;w=1200&#038;ssl=1 1200w,https:\/\/i0.wp.com\/www.cisa-arica.cl\/wp1\/wp-content\/uploads\/2023\/06\/D9AE48D7-300A-4328-803C-CFFF7E72F5DA-600x450.jpeg?strip=info&#038;w=1500&#038;ssl=1 1500w,https:\/\/i0.wp.com\/www.cisa-arica.cl\/wp1\/wp-content\/uploads\/2023\/06\/D9AE48D7-300A-4328-803C-CFFF7E72F5DA-600x450.jpeg?strip=info&#038;w=1800&#038;ssl=1 1800w,https:\/\/i0.wp.com\/www.cisa-arica.cl\/wp1\/wp-content\/uploads\/2023\/06\/D9AE48D7-300A-4328-803C-CFFF7E72F5DA-600x450.jpeg?strip=info&#038;w=2000&#038;ssl=1 2000w\" alt=\"\" data-height=\"1920\" data-id=\"20705\" data-link=\"https:\/\/www.cisa-arica.cl\/wp1\/?attachment_id=20705\" data-url=\"https:\/\/www.cisa-arica.cl\/wp1\/wp-content\/uploads\/2023\/06\/D9AE48D7-300A-4328-803C-CFFF7E72F5DA-600x450.jpeg\" data-width=\"2560\" src=\"https:\/\/i0.wp.com\/www.cisa-arica.cl\/wp1\/wp-content\/uploads\/2023\/06\/D9AE48D7-300A-4328-803C-CFFF7E72F5DA-600x450.jpeg?ssl=1\" data-amp-layout=\"responsive\"\/><\/figure><\/div><\/div><\/div><\/div>\n","protected":false},"excerpt":{"rendered":"<p>El jueves 01 de Junio, estudiantes de los 8vos a\u00f1os A y B visitaron la Feria Literaria \u00a0organizada por los Cra-Arica en el poblado artesanal. En la oportunidad pudieron observar diferentes stand de otros colegios en donde se expusieron trabajos ligados a la literatura, \u00a0as\u00ed como tambi\u00e9n, stand de nuevos escritores de la regi\u00f3n y <a class=\"read-more\" href=\"https:\/\/www.cisa-arica.cl\/wp1\/2023\/06\/03\/salida-a-feria-literaria\/\">Continuar leyendo<\/a><\/p>\n","protected":false},"author":5,"featured_media":20698,"comment_status":"closed","ping_status":"open","sticky":false,"template":"","format":"standard","meta":{"_jetpack_memberships_contains_paid_content":false,"footnotes":"","jetpack_publicize_message":"","jetpack_publicize_feature_enabled":true,"jetpack_social_post_already_shared":true,"jetpack_social_options":{"image_generator_settings":{"template":"highway","default_image_id":0,"font":"","enabled":false},"version":2}},"categories":[5],"tags":[],"class_list":["post-20688","post","type-post","status-publish","format-standard","has-post-thumbnail","hentry","category-uncategorized"],"jetpack_publicize_connections":[],"jetpack_featured_media_url":"https:\/\/www.cisa-arica.cl\/wp1\/wp-content\/uploads\/2023\/06\/D8763D73-FA52-4EBA-8483-2CBE1B6E89F5-scaled.jpeg","jetpack_sharing_enabled":true,"jetpack_shortlink":"https:\/\/wp.me\/p84wcz-5nG","jetpack-related-posts":[{"id":26408,"url":"https:\/\/www.cisa-arica.cl\/wp1\/2024\/08\/29\/participacion-cisa-en-iv-feria-literaria-2024\/","url_meta":{"origin":20688,"position":0},"title":"Participaci\u00f3n Cisa en IV Feria Literaria 2024","author":"Jeannette Rivera","date":"29 de Agosto de 2024","format":false,"excerpt":"Nuestro colegio tuvo una destacada y activa participaci\u00f3n en la IV Feria Literaria de los Cra de Arica. El evento se realiz\u00f3 el pasado mi\u00e9rcoles 28 de agosto en la plaza Vicu\u00f1a Mackenna y, en la oportunidad, nuestro stand, a cargo de la estudiante de 4to medio B Yanis Calfulaf\u2026","rel":"","context":"Entrada similar ","block_context":{"text":"Entrada similar ","link":""},"img":{"alt_text":"","src":"https:\/\/i0.wp.com\/www.cisa-arica.cl\/wp1\/wp-content\/uploads\/2024\/08\/IMG_1154-scaled.jpeg?resize=350%2C200&ssl=1","width":350,"height":200,"srcset":"https:\/\/i0.wp.com\/www.cisa-arica.cl\/wp1\/wp-content\/uploads\/2024\/08\/IMG_1154-scaled.jpeg?resize=350%2C200&ssl=1 1x, https:\/\/i0.wp.com\/www.cisa-arica.cl\/wp1\/wp-content\/uploads\/2024\/08\/IMG_1154-scaled.jpeg?resize=525%2C300&ssl=1 1.5x, https:\/\/i0.wp.com\/www.cisa-arica.cl\/wp1\/wp-content\/uploads\/2024\/08\/IMG_1154-scaled.jpeg?resize=700%2C400&ssl=1 2x, https:\/\/i0.wp.com\/www.cisa-arica.cl\/wp1\/wp-content\/uploads\/2024\/08\/IMG_1154-scaled.jpeg?resize=1050%2C600&ssl=1 3x, https:\/\/i0.wp.com\/www.cisa-arica.cl\/wp1\/wp-content\/uploads\/2024\/08\/IMG_1154-scaled.jpeg?resize=1400%2C800&ssl=1 4x"},"classes":[]},{"id":17684,"url":"https:\/\/www.cisa-arica.cl\/wp1\/2022\/10\/21\/feria-cientifica-3\/","url_meta":{"origin":20688,"position":1},"title":"Feria Cient\u00edfica","author":"CISA","date":"21 de Octubre de 2022","format":false,"excerpt":"Una gran jornada cient\u00edfica-matem\u00e1tica vivieron nuestras estudiantes en la Feria de Ciencias y Matem\u00e1tica que se realiz\u00f3 el pasado viernes 21. En la oportunidad profesores de las asignaturas junto a sus estudiantes prepararon varios stand con diversas actividades l\u00fadicas para que todos los cursos tuviesen la oportunidad de participar de\u2026","rel":"","context":"Entrada similar ","block_context":{"text":"Entrada similar ","link":""},"img":{"alt_text":"","src":"https:\/\/i0.wp.com\/www.cisa-arica.cl\/wp1\/wp-content\/uploads\/2022\/10\/DSC_2840.jpg?resize=350%2C200&ssl=1","width":350,"height":200,"srcset":"https:\/\/i0.wp.com\/www.cisa-arica.cl\/wp1\/wp-content\/uploads\/2022\/10\/DSC_2840.jpg?resize=350%2C200&ssl=1 1x, https:\/\/i0.wp.com\/www.cisa-arica.cl\/wp1\/wp-content\/uploads\/2022\/10\/DSC_2840.jpg?resize=525%2C300&ssl=1 1.5x, https:\/\/i0.wp.com\/www.cisa-arica.cl\/wp1\/wp-content\/uploads\/2022\/10\/DSC_2840.jpg?resize=700%2C400&ssl=1 2x, https:\/\/i0.wp.com\/www.cisa-arica.cl\/wp1\/wp-content\/uploads\/2022\/10\/DSC_2840.jpg?resize=1050%2C600&ssl=1 3x"},"classes":[]},{"id":22711,"url":"https:\/\/www.cisa-arica.cl\/wp1\/2023\/10\/20\/feria-de-la-ciencia-y-matematica-2023\/","url_meta":{"origin":20688,"position":2},"title":"Feria de la Ciencia y Matem\u00e1tica 2023","author":"Jeannette Rivera","date":"20 de Octubre de 2023","format":false,"excerpt":"Una nueva versi\u00f3n de la Feria de la Ciencia y Matem\u00e1tica se realiz\u00f3 en nuestro colegio ayer jueves 19 de octubre. En la oportunidad las estudiantes del colegio pudieron participar como expositoras, o bien, como visitantes. La actividad fue todo un \u00e9xito por lo que felicitamos a los profesores organizadores,\u2026","rel":"","context":"Entrada similar ","block_context":{"text":"Entrada similar ","link":""},"img":{"alt_text":"","src":"https:\/\/i0.wp.com\/www.cisa-arica.cl\/wp1\/wp-content\/uploads\/2023\/10\/9E36A9BE-57A5-46B4-9B7E-E0FED676E35C-scaled.jpeg?resize=350%2C200&ssl=1","width":350,"height":200,"srcset":"https:\/\/i0.wp.com\/www.cisa-arica.cl\/wp1\/wp-content\/uploads\/2023\/10\/9E36A9BE-57A5-46B4-9B7E-E0FED676E35C-scaled.jpeg?resize=350%2C200&ssl=1 1x, https:\/\/i0.wp.com\/www.cisa-arica.cl\/wp1\/wp-content\/uploads\/2023\/10\/9E36A9BE-57A5-46B4-9B7E-E0FED676E35C-scaled.jpeg?resize=525%2C300&ssl=1 1.5x, https:\/\/i0.wp.com\/www.cisa-arica.cl\/wp1\/wp-content\/uploads\/2023\/10\/9E36A9BE-57A5-46B4-9B7E-E0FED676E35C-scaled.jpeg?resize=700%2C400&ssl=1 2x, https:\/\/i0.wp.com\/www.cisa-arica.cl\/wp1\/wp-content\/uploads\/2023\/10\/9E36A9BE-57A5-46B4-9B7E-E0FED676E35C-scaled.jpeg?resize=1050%2C600&ssl=1 3x, https:\/\/i0.wp.com\/www.cisa-arica.cl\/wp1\/wp-content\/uploads\/2023\/10\/9E36A9BE-57A5-46B4-9B7E-E0FED676E35C-scaled.jpeg?resize=1400%2C800&ssl=1 4x"},"classes":[]},{"id":22462,"url":"https:\/\/www.cisa-arica.cl\/wp1\/2023\/09\/28\/feria-de-las-matematicas-6tos-anos-basicos\/","url_meta":{"origin":20688,"position":3},"title":"Feria de las Matem\u00e1ticas 6tos a\u00f1os B\u00e1sicos","author":"Jeannette Rivera","date":"28 de Septiembre de 2023","format":false,"excerpt":"Las estudiantes de 6tos a\u00f1os b\u00e1sicos presentan experiencias matem\u00e1ticas que permiten desarrollar la capacidad l\u00f3gica, promueven el ingenio, la creatividad y la imaginaci\u00f3n. Estudiantes de los terceros y cuartos a\u00f1os b\u00e1sicos participaron de las diversas actividades creadas por las ni\u00f1as de los sextos a\u00f1os.","rel":"","context":"Entrada similar ","block_context":{"text":"Entrada similar ","link":""},"img":{"alt_text":"","src":"https:\/\/i0.wp.com\/www.cisa-arica.cl\/wp1\/wp-content\/uploads\/2023\/10\/WhatsApp-Image-2023-09-27-at-10.36.30.jpeg?resize=350%2C200&ssl=1","width":350,"height":200,"srcset":"https:\/\/i0.wp.com\/www.cisa-arica.cl\/wp1\/wp-content\/uploads\/2023\/10\/WhatsApp-Image-2023-09-27-at-10.36.30.jpeg?resize=350%2C200&ssl=1 1x, https:\/\/i0.wp.com\/www.cisa-arica.cl\/wp1\/wp-content\/uploads\/2023\/10\/WhatsApp-Image-2023-09-27-at-10.36.30.jpeg?resize=525%2C300&ssl=1 1.5x, https:\/\/i0.wp.com\/www.cisa-arica.cl\/wp1\/wp-content\/uploads\/2023\/10\/WhatsApp-Image-2023-09-27-at-10.36.30.jpeg?resize=700%2C400&ssl=1 2x, https:\/\/i0.wp.com\/www.cisa-arica.cl\/wp1\/wp-content\/uploads\/2023\/10\/WhatsApp-Image-2023-09-27-at-10.36.30.jpeg?resize=1050%2C600&ssl=1 3x"},"classes":[]},{"id":6665,"url":"https:\/\/www.cisa-arica.cl\/wp1\/2019\/05\/06\/dia-del-libro-2019-feria-del-libro-intercultural\/","url_meta":{"origin":20688,"position":4},"title":"D\u00eda del Libro 2019: Feria del Libro Intercultural","author":"Jeannette Rivera","date":"6 de Mayo de 2019","format":false,"excerpt":"El pasado viernes 26 de abril todo el colegio se uni\u00f3 para celebrar el D\u00eda del Libro y los Derechos de Autor, con diversas actividades y concursos promovidos por el Departamento de Lenguaje y Comunicaci\u00f3n y el CRA. En las im\u00e1genes podemos ver la Feria del Libro Intercultural, donde alumnas\u2026","rel":"","context":"En &quot;galeria&quot;","block_context":{"text":"galeria","link":"https:\/\/www.cisa-arica.cl\/wp1\/category\/galeria\/"},"img":{"alt_text":"","src":"https:\/\/i0.wp.com\/www.cisa-arica.cl\/wp1\/wp-content\/uploads\/2019\/05\/00000.png?resize=350%2C200&ssl=1","width":350,"height":200,"srcset":"https:\/\/i0.wp.com\/www.cisa-arica.cl\/wp1\/wp-content\/uploads\/2019\/05\/00000.png?resize=350%2C200&ssl=1 1x, https:\/\/i0.wp.com\/www.cisa-arica.cl\/wp1\/wp-content\/uploads\/2019\/05\/00000.png?resize=525%2C300&ssl=1 1.5x"},"classes":[]},{"id":17425,"url":"https:\/\/www.cisa-arica.cl\/wp1\/2022\/10\/07\/visita-a-feria-de-ciencia-e-innovacion\/","url_meta":{"origin":20688,"position":5},"title":"Visita a Feria de Ciencia e Innovaci\u00f3n","author":"Jeannette Rivera","date":"7 de Octubre de 2022","format":false,"excerpt":"Un grupo de nuestras estudiantes participaron de una nueva versi\u00f3n de la Feria de Ciencia e Innovaci\u00f3n \u201cCada gota cuenta\u201d organizada por Explora Conicyt. Explora \u2013 UTA","rel":"","context":"Entrada similar ","block_context":{"text":"Entrada similar ","link":""},"img":{"alt_text":"","src":"https:\/\/i0.wp.com\/www.cisa-arica.cl\/wp1\/wp-content\/uploads\/2022\/10\/83E0D6A0-2B46-4132-8C2E-A2EDA01EC689.jpeg?resize=350%2C200&ssl=1","width":350,"height":200,"srcset":"https:\/\/i0.wp.com\/www.cisa-arica.cl\/wp1\/wp-content\/uploads\/2022\/10\/83E0D6A0-2B46-4132-8C2E-A2EDA01EC689.jpeg?resize=350%2C200&ssl=1 1x, https:\/\/i0.wp.com\/www.cisa-arica.cl\/wp1\/wp-content\/uploads\/2022\/10\/83E0D6A0-2B46-4132-8C2E-A2EDA01EC689.jpeg?resize=525%2C300&ssl=1 1.5x, https:\/\/i0.wp.com\/www.cisa-arica.cl\/wp1\/wp-content\/uploads\/2022\/10\/83E0D6A0-2B46-4132-8C2E-A2EDA01EC689.jpeg?resize=700%2C400&ssl=1 2x"},"classes":[]}],"_links":{"self":[{"href":"https:\/\/www.cisa-arica.cl\/wp1\/wp-json\/wp\/v2\/posts\/20688","targetHints":{"allow":["GET"]}}],"collection":[{"href":"https:\/\/www.cisa-arica.cl\/wp1\/wp-json\/wp\/v2\/posts"}],"about":[{"href":"https:\/\/www.cisa-arica.cl\/wp1\/wp-json\/wp\/v2\/types\/post"}],"author":[{"embeddable":true,"href":"https:\/\/www.cisa-arica.cl\/wp1\/wp-json\/wp\/v2\/users\/5"}],"replies":[{"embeddable":true,"href":"https:\/\/www.cisa-arica.cl\/wp1\/wp-json\/wp\/v2\/comments?post=20688"}],"version-history":[{"count":2,"href":"https:\/\/www.cisa-arica.cl\/wp1\/wp-json\/wp\/v2\/posts\/20688\/revisions"}],"predecessor-version":[{"id":20706,"href":"https:\/\/www.cisa-arica.cl\/wp1\/wp-json\/wp\/v2\/posts\/20688\/revisions\/20706"}],"wp:featuredmedia":[{"embeddable":true,"href":"https:\/\/www.cisa-arica.cl\/wp1\/wp-json\/wp\/v2\/media\/20698"}],"wp:attachment":[{"href":"https:\/\/www.cisa-arica.cl\/wp1\/wp-json\/wp\/v2\/media?parent=20688"}],"wp:term":[{"taxonomy":"category","embeddable":true,"href":"https:\/\/www.cisa-arica.cl\/wp1\/wp-json\/wp\/v2\/categories?post=20688"},{"taxonomy":"post_tag","embeddable":true,"href":"https:\/\/www.cisa-arica.cl\/wp1\/wp-json\/wp\/v2\/tags?post=20688"}],"curies":[{"name":"wp","href":"https:\/\/api.w.org\/{rel}","templated":true}]}}