{"id":20582,"date":"2023-05-27T18:46:08","date_gmt":"2023-05-27T22:46:08","guid":{"rendered":"https:\/\/www.cisa-arica.cl\/wp1\/?p=20582"},"modified":"2023-05-27T19:57:41","modified_gmt":"2023-05-27T23:57:41","slug":"semana-del-arte-2","status":"publish","type":"post","link":"https:\/\/www.cisa-arica.cl\/wp1\/2023\/05\/27\/semana-del-arte-2\/","title":{"rendered":"Semana del Arte"},"content":{"rendered":"<p>Durante los d\u00edas lunes 22 al viernes 26 de mayo, se celebr\u00f3 en el colegio, LA SEMANA DE LAS ARTES, en donde se presentaron trabajos creados por las estudiantes de los distintos niveles, adem\u00e1s de presentaciones de canto durante los recreos en el patio Esperanza.<\/p>\n<p>La entretenida y hermosa actividad, &nbsp;fue planificada y llevada a cabo por los profesores del Departamento de M\u00fasica y Artes. Felicitaciones.<\/p>\n\n\n<div class=\"wp-block-jetpack-tiled-gallery aligncenter is-style-rectangular\"><div class=\"tiled-gallery__gallery\"><div class=\"tiled-gallery__row\"><div class=\"tiled-gallery__col\" style=\"flex-basis:66.93440%\"><figure class=\"tiled-gallery__item\"><img decoding=\"async\" data-attachment-id=\"20584\" data-permalink=\"https:\/\/www.cisa-arica.cl\/wp1\/2023\/05\/27\/semana-del-arte-2\/473760a1-5f1b-410c-976c-94b789d7bbbb\/\" data-orig-file=\"https:\/\/www.cisa-arica.cl\/wp1\/wp-content\/uploads\/2023\/05\/473760A1-5F1B-410C-976C-94B789D7BBBB-scaled.jpeg\" data-orig-size=\"2560,1920\" data-comments-opened=\"0\" data-image-meta=\"{&quot;aperture&quot;:&quot;0&quot;,&quot;credit&quot;:&quot;&quot;,&quot;camera&quot;:&quot;&quot;,&quot;caption&quot;:&quot;&quot;,&quot;created_timestamp&quot;:&quot;0&quot;,&quot;copyright&quot;:&quot;&quot;,&quot;focal_length&quot;:&quot;0&quot;,&quot;iso&quot;:&quot;0&quot;,&quot;shutter_speed&quot;:&quot;0&quot;,&quot;title&quot;:&quot;&quot;,&quot;orientation&quot;:&quot;1&quot;}\" data-image-title=\"473760A1-5F1B-410C-976C-94B789D7BBBB\" data-image-description=\"\" data-image-caption=\"\" data-large-file=\"https:\/\/www.cisa-arica.cl\/wp1\/wp-content\/uploads\/2023\/05\/473760A1-5F1B-410C-976C-94B789D7BBBB-600x450.jpeg\" data-attachment-id=\"20584\" data-permalink=\"https:\/\/www.cisa-arica.cl\/wp1\/2023\/05\/27\/semana-del-arte-2\/473760a1-5f1b-410c-976c-94b789d7bbbb\/\" data-orig-file=\"https:\/\/www.cisa-arica.cl\/wp1\/wp-content\/uploads\/2023\/05\/473760A1-5F1B-410C-976C-94B789D7BBBB-scaled.jpeg\" data-orig-size=\"2560,1920\" data-comments-opened=\"0\" data-image-meta=\"{&quot;aperture&quot;:&quot;0&quot;,&quot;credit&quot;:&quot;&quot;,&quot;camera&quot;:&quot;&quot;,&quot;caption&quot;:&quot;&quot;,&quot;created_timestamp&quot;:&quot;0&quot;,&quot;copyright&quot;:&quot;&quot;,&quot;focal_length&quot;:&quot;0&quot;,&quot;iso&quot;:&quot;0&quot;,&quot;shutter_speed&quot;:&quot;0&quot;,&quot;title&quot;:&quot;&quot;,&quot;orientation&quot;:&quot;1&quot;}\" data-image-title=\"473760A1-5F1B-410C-976C-94B789D7BBBB\" data-image-description=\"\" data-image-caption=\"\" data-large-file=\"https:\/\/www.cisa-arica.cl\/wp1\/wp-content\/uploads\/2023\/05\/473760A1-5F1B-410C-976C-94B789D7BBBB-600x450.jpeg\" role=\"button\" tabindex=\"0\" aria-label=\"Abrir la imagen 1 de 23 en pantalla completa\"srcset=\"https:\/\/i2.wp.com\/www.cisa-arica.cl\/wp1\/wp-content\/uploads\/2023\/05\/473760A1-5F1B-410C-976C-94B789D7BBBB-600x450.jpeg?strip=info&#038;w=600&#038;ssl=1 600w,https:\/\/i2.wp.com\/www.cisa-arica.cl\/wp1\/wp-content\/uploads\/2023\/05\/473760A1-5F1B-410C-976C-94B789D7BBBB-600x450.jpeg?strip=info&#038;w=900&#038;ssl=1 900w,https:\/\/i2.wp.com\/www.cisa-arica.cl\/wp1\/wp-content\/uploads\/2023\/05\/473760A1-5F1B-410C-976C-94B789D7BBBB-600x450.jpeg?strip=info&#038;w=1200&#038;ssl=1 1200w,https:\/\/i2.wp.com\/www.cisa-arica.cl\/wp1\/wp-content\/uploads\/2023\/05\/473760A1-5F1B-410C-976C-94B789D7BBBB-600x450.jpeg?strip=info&#038;w=1500&#038;ssl=1 1500w,https:\/\/i2.wp.com\/www.cisa-arica.cl\/wp1\/wp-content\/uploads\/2023\/05\/473760A1-5F1B-410C-976C-94B789D7BBBB-600x450.jpeg?strip=info&#038;w=1800&#038;ssl=1 1800w,https:\/\/i2.wp.com\/www.cisa-arica.cl\/wp1\/wp-content\/uploads\/2023\/05\/473760A1-5F1B-410C-976C-94B789D7BBBB-600x450.jpeg?strip=info&#038;w=2000&#038;ssl=1 2000w\" alt=\"\" data-height=\"1920\" data-id=\"20584\" data-link=\"https:\/\/www.cisa-arica.cl\/wp1\/?attachment_id=20584\" data-url=\"https:\/\/www.cisa-arica.cl\/wp1\/wp-content\/uploads\/2023\/05\/473760A1-5F1B-410C-976C-94B789D7BBBB-600x450.jpeg\" data-width=\"2560\" src=\"https:\/\/i2.wp.com\/www.cisa-arica.cl\/wp1\/wp-content\/uploads\/2023\/05\/473760A1-5F1B-410C-976C-94B789D7BBBB-600x450.jpeg?ssl=1\" data-amp-layout=\"responsive\"\/><\/figure><\/div><div class=\"tiled-gallery__col\" style=\"flex-basis:33.06560%\"><figure class=\"tiled-gallery__item\"><img decoding=\"async\" data-attachment-id=\"20585\" data-permalink=\"https:\/\/www.cisa-arica.cl\/wp1\/2023\/05\/27\/semana-del-arte-2\/f62cda09-fc87-41aa-9c88-17fcde70ce6a\/\" data-orig-file=\"https:\/\/www.cisa-arica.cl\/wp1\/wp-content\/uploads\/2023\/05\/F62CDA09-FC87-41AA-9C88-17FCDE70CE6A-scaled.jpeg\" data-orig-size=\"2560,1920\" data-comments-opened=\"0\" data-image-meta=\"{&quot;aperture&quot;:&quot;0&quot;,&quot;credit&quot;:&quot;&quot;,&quot;camera&quot;:&quot;&quot;,&quot;caption&quot;:&quot;&quot;,&quot;created_timestamp&quot;:&quot;0&quot;,&quot;copyright&quot;:&quot;&quot;,&quot;focal_length&quot;:&quot;0&quot;,&quot;iso&quot;:&quot;0&quot;,&quot;shutter_speed&quot;:&quot;0&quot;,&quot;title&quot;:&quot;&quot;,&quot;orientation&quot;:&quot;1&quot;}\" data-image-title=\"F62CDA09-FC87-41AA-9C88-17FCDE70CE6A\" data-image-description=\"\" data-image-caption=\"\" data-large-file=\"https:\/\/www.cisa-arica.cl\/wp1\/wp-content\/uploads\/2023\/05\/F62CDA09-FC87-41AA-9C88-17FCDE70CE6A-600x450.jpeg\" data-attachment-id=\"20585\" data-permalink=\"https:\/\/www.cisa-arica.cl\/wp1\/2023\/05\/27\/semana-del-arte-2\/f62cda09-fc87-41aa-9c88-17fcde70ce6a\/\" data-orig-file=\"https:\/\/www.cisa-arica.cl\/wp1\/wp-content\/uploads\/2023\/05\/F62CDA09-FC87-41AA-9C88-17FCDE70CE6A-scaled.jpeg\" data-orig-size=\"2560,1920\" data-comments-opened=\"0\" data-image-meta=\"{&quot;aperture&quot;:&quot;0&quot;,&quot;credit&quot;:&quot;&quot;,&quot;camera&quot;:&quot;&quot;,&quot;caption&quot;:&quot;&quot;,&quot;created_timestamp&quot;:&quot;0&quot;,&quot;copyright&quot;:&quot;&quot;,&quot;focal_length&quot;:&quot;0&quot;,&quot;iso&quot;:&quot;0&quot;,&quot;shutter_speed&quot;:&quot;0&quot;,&quot;title&quot;:&quot;&quot;,&quot;orientation&quot;:&quot;1&quot;}\" data-image-title=\"F62CDA09-FC87-41AA-9C88-17FCDE70CE6A\" data-image-description=\"\" data-image-caption=\"\" data-large-file=\"https:\/\/www.cisa-arica.cl\/wp1\/wp-content\/uploads\/2023\/05\/F62CDA09-FC87-41AA-9C88-17FCDE70CE6A-600x450.jpeg\" role=\"button\" tabindex=\"0\" aria-label=\"Abrir la imagen 2 de 23 en pantalla completa\"srcset=\"https:\/\/i2.wp.com\/www.cisa-arica.cl\/wp1\/wp-content\/uploads\/2023\/05\/F62CDA09-FC87-41AA-9C88-17FCDE70CE6A-600x450.jpeg?strip=info&#038;w=600&#038;ssl=1 600w,https:\/\/i2.wp.com\/www.cisa-arica.cl\/wp1\/wp-content\/uploads\/2023\/05\/F62CDA09-FC87-41AA-9C88-17FCDE70CE6A-600x450.jpeg?strip=info&#038;w=900&#038;ssl=1 900w,https:\/\/i2.wp.com\/www.cisa-arica.cl\/wp1\/wp-content\/uploads\/2023\/05\/F62CDA09-FC87-41AA-9C88-17FCDE70CE6A-600x450.jpeg?strip=info&#038;w=1200&#038;ssl=1 1200w,https:\/\/i2.wp.com\/www.cisa-arica.cl\/wp1\/wp-content\/uploads\/2023\/05\/F62CDA09-FC87-41AA-9C88-17FCDE70CE6A-600x450.jpeg?strip=info&#038;w=1500&#038;ssl=1 1500w,https:\/\/i2.wp.com\/www.cisa-arica.cl\/wp1\/wp-content\/uploads\/2023\/05\/F62CDA09-FC87-41AA-9C88-17FCDE70CE6A-600x450.jpeg?strip=info&#038;w=1800&#038;ssl=1 1800w,https:\/\/i2.wp.com\/www.cisa-arica.cl\/wp1\/wp-content\/uploads\/2023\/05\/F62CDA09-FC87-41AA-9C88-17FCDE70CE6A-600x450.jpeg?strip=info&#038;w=2000&#038;ssl=1 2000w\" alt=\"\" data-height=\"1920\" data-id=\"20585\" data-link=\"https:\/\/www.cisa-arica.cl\/wp1\/?attachment_id=20585\" data-url=\"https:\/\/www.cisa-arica.cl\/wp1\/wp-content\/uploads\/2023\/05\/F62CDA09-FC87-41AA-9C88-17FCDE70CE6A-600x450.jpeg\" data-width=\"2560\" src=\"https:\/\/i2.wp.com\/www.cisa-arica.cl\/wp1\/wp-content\/uploads\/2023\/05\/F62CDA09-FC87-41AA-9C88-17FCDE70CE6A-600x450.jpeg?ssl=1\" data-amp-layout=\"responsive\"\/><\/figure><figure class=\"tiled-gallery__item\"><img decoding=\"async\" data-attachment-id=\"20586\" data-permalink=\"https:\/\/www.cisa-arica.cl\/wp1\/2023\/05\/27\/semana-del-arte-2\/12d982b0-e1d6-4f50-b3dc-b7db8af736da\/\" data-orig-file=\"https:\/\/www.cisa-arica.cl\/wp1\/wp-content\/uploads\/2023\/05\/12D982B0-E1D6-4F50-B3DC-B7DB8AF736DA-scaled.jpeg\" data-orig-size=\"2560,1920\" data-comments-opened=\"0\" data-image-meta=\"{&quot;aperture&quot;:&quot;0&quot;,&quot;credit&quot;:&quot;&quot;,&quot;camera&quot;:&quot;&quot;,&quot;caption&quot;:&quot;&quot;,&quot;created_timestamp&quot;:&quot;0&quot;,&quot;copyright&quot;:&quot;&quot;,&quot;focal_length&quot;:&quot;0&quot;,&quot;iso&quot;:&quot;0&quot;,&quot;shutter_speed&quot;:&quot;0&quot;,&quot;title&quot;:&quot;&quot;,&quot;orientation&quot;:&quot;1&quot;}\" data-image-title=\"12D982B0-E1D6-4F50-B3DC-B7DB8AF736DA\" data-image-description=\"\" data-image-caption=\"\" data-large-file=\"https:\/\/www.cisa-arica.cl\/wp1\/wp-content\/uploads\/2023\/05\/12D982B0-E1D6-4F50-B3DC-B7DB8AF736DA-600x450.jpeg\" data-attachment-id=\"20586\" data-permalink=\"https:\/\/www.cisa-arica.cl\/wp1\/2023\/05\/27\/semana-del-arte-2\/12d982b0-e1d6-4f50-b3dc-b7db8af736da\/\" data-orig-file=\"https:\/\/www.cisa-arica.cl\/wp1\/wp-content\/uploads\/2023\/05\/12D982B0-E1D6-4F50-B3DC-B7DB8AF736DA-scaled.jpeg\" data-orig-size=\"2560,1920\" data-comments-opened=\"0\" data-image-meta=\"{&quot;aperture&quot;:&quot;0&quot;,&quot;credit&quot;:&quot;&quot;,&quot;camera&quot;:&quot;&quot;,&quot;caption&quot;:&quot;&quot;,&quot;created_timestamp&quot;:&quot;0&quot;,&quot;copyright&quot;:&quot;&quot;,&quot;focal_length&quot;:&quot;0&quot;,&quot;iso&quot;:&quot;0&quot;,&quot;shutter_speed&quot;:&quot;0&quot;,&quot;title&quot;:&quot;&quot;,&quot;orientation&quot;:&quot;1&quot;}\" data-image-title=\"12D982B0-E1D6-4F50-B3DC-B7DB8AF736DA\" data-image-description=\"\" data-image-caption=\"\" data-large-file=\"https:\/\/www.cisa-arica.cl\/wp1\/wp-content\/uploads\/2023\/05\/12D982B0-E1D6-4F50-B3DC-B7DB8AF736DA-600x450.jpeg\" role=\"button\" tabindex=\"0\" aria-label=\"Abrir la imagen 3 de 23 en pantalla completa\"srcset=\"https:\/\/i1.wp.com\/www.cisa-arica.cl\/wp1\/wp-content\/uploads\/2023\/05\/12D982B0-E1D6-4F50-B3DC-B7DB8AF736DA-600x450.jpeg?strip=info&#038;w=600&#038;ssl=1 600w,https:\/\/i1.wp.com\/www.cisa-arica.cl\/wp1\/wp-content\/uploads\/2023\/05\/12D982B0-E1D6-4F50-B3DC-B7DB8AF736DA-600x450.jpeg?strip=info&#038;w=900&#038;ssl=1 900w,https:\/\/i1.wp.com\/www.cisa-arica.cl\/wp1\/wp-content\/uploads\/2023\/05\/12D982B0-E1D6-4F50-B3DC-B7DB8AF736DA-600x450.jpeg?strip=info&#038;w=1200&#038;ssl=1 1200w,https:\/\/i1.wp.com\/www.cisa-arica.cl\/wp1\/wp-content\/uploads\/2023\/05\/12D982B0-E1D6-4F50-B3DC-B7DB8AF736DA-600x450.jpeg?strip=info&#038;w=1500&#038;ssl=1 1500w,https:\/\/i1.wp.com\/www.cisa-arica.cl\/wp1\/wp-content\/uploads\/2023\/05\/12D982B0-E1D6-4F50-B3DC-B7DB8AF736DA-600x450.jpeg?strip=info&#038;w=1800&#038;ssl=1 1800w,https:\/\/i1.wp.com\/www.cisa-arica.cl\/wp1\/wp-content\/uploads\/2023\/05\/12D982B0-E1D6-4F50-B3DC-B7DB8AF736DA-600x450.jpeg?strip=info&#038;w=2000&#038;ssl=1 2000w\" alt=\"\" data-height=\"1920\" data-id=\"20586\" data-link=\"https:\/\/www.cisa-arica.cl\/wp1\/?attachment_id=20586\" data-url=\"https:\/\/www.cisa-arica.cl\/wp1\/wp-content\/uploads\/2023\/05\/12D982B0-E1D6-4F50-B3DC-B7DB8AF736DA-600x450.jpeg\" data-width=\"2560\" src=\"https:\/\/i1.wp.com\/www.cisa-arica.cl\/wp1\/wp-content\/uploads\/2023\/05\/12D982B0-E1D6-4F50-B3DC-B7DB8AF736DA-600x450.jpeg?ssl=1\" data-amp-layout=\"responsive\"\/><\/figure><\/div><\/div><div class=\"tiled-gallery__row\"><div class=\"tiled-gallery__col\" style=\"flex-basis:38.96511%\"><figure class=\"tiled-gallery__item\"><img decoding=\"async\" data-attachment-id=\"20587\" data-permalink=\"https:\/\/www.cisa-arica.cl\/wp1\/2023\/05\/27\/semana-del-arte-2\/df55c8d5-0722-4a7c-b5f9-23bcdfdec01f\/\" data-orig-file=\"https:\/\/www.cisa-arica.cl\/wp1\/wp-content\/uploads\/2023\/05\/DF55C8D5-0722-4A7C-B5F9-23BCDFDEC01F-scaled.jpeg\" data-orig-size=\"2560,1920\" data-comments-opened=\"0\" data-image-meta=\"{&quot;aperture&quot;:&quot;0&quot;,&quot;credit&quot;:&quot;&quot;,&quot;camera&quot;:&quot;&quot;,&quot;caption&quot;:&quot;&quot;,&quot;created_timestamp&quot;:&quot;0&quot;,&quot;copyright&quot;:&quot;&quot;,&quot;focal_length&quot;:&quot;0&quot;,&quot;iso&quot;:&quot;0&quot;,&quot;shutter_speed&quot;:&quot;0&quot;,&quot;title&quot;:&quot;&quot;,&quot;orientation&quot;:&quot;1&quot;}\" data-image-title=\"DF55C8D5-0722-4A7C-B5F9-23BCDFDEC01F\" data-image-description=\"\" data-image-caption=\"\" data-large-file=\"https:\/\/www.cisa-arica.cl\/wp1\/wp-content\/uploads\/2023\/05\/DF55C8D5-0722-4A7C-B5F9-23BCDFDEC01F-600x450.jpeg\" data-attachment-id=\"20587\" data-permalink=\"https:\/\/www.cisa-arica.cl\/wp1\/2023\/05\/27\/semana-del-arte-2\/df55c8d5-0722-4a7c-b5f9-23bcdfdec01f\/\" data-orig-file=\"https:\/\/www.cisa-arica.cl\/wp1\/wp-content\/uploads\/2023\/05\/DF55C8D5-0722-4A7C-B5F9-23BCDFDEC01F-scaled.jpeg\" data-orig-size=\"2560,1920\" data-comments-opened=\"0\" data-image-meta=\"{&quot;aperture&quot;:&quot;0&quot;,&quot;credit&quot;:&quot;&quot;,&quot;camera&quot;:&quot;&quot;,&quot;caption&quot;:&quot;&quot;,&quot;created_timestamp&quot;:&quot;0&quot;,&quot;copyright&quot;:&quot;&quot;,&quot;focal_length&quot;:&quot;0&quot;,&quot;iso&quot;:&quot;0&quot;,&quot;shutter_speed&quot;:&quot;0&quot;,&quot;title&quot;:&quot;&quot;,&quot;orientation&quot;:&quot;1&quot;}\" data-image-title=\"DF55C8D5-0722-4A7C-B5F9-23BCDFDEC01F\" data-image-description=\"\" data-image-caption=\"\" data-large-file=\"https:\/\/www.cisa-arica.cl\/wp1\/wp-content\/uploads\/2023\/05\/DF55C8D5-0722-4A7C-B5F9-23BCDFDEC01F-600x450.jpeg\" role=\"button\" tabindex=\"0\" aria-label=\"Abrir la imagen 4 de 23 en pantalla completa\"srcset=\"https:\/\/i1.wp.com\/www.cisa-arica.cl\/wp1\/wp-content\/uploads\/2023\/05\/DF55C8D5-0722-4A7C-B5F9-23BCDFDEC01F-600x450.jpeg?strip=info&#038;w=600&#038;ssl=1 600w,https:\/\/i1.wp.com\/www.cisa-arica.cl\/wp1\/wp-content\/uploads\/2023\/05\/DF55C8D5-0722-4A7C-B5F9-23BCDFDEC01F-600x450.jpeg?strip=info&#038;w=900&#038;ssl=1 900w,https:\/\/i1.wp.com\/www.cisa-arica.cl\/wp1\/wp-content\/uploads\/2023\/05\/DF55C8D5-0722-4A7C-B5F9-23BCDFDEC01F-600x450.jpeg?strip=info&#038;w=1200&#038;ssl=1 1200w,https:\/\/i1.wp.com\/www.cisa-arica.cl\/wp1\/wp-content\/uploads\/2023\/05\/DF55C8D5-0722-4A7C-B5F9-23BCDFDEC01F-600x450.jpeg?strip=info&#038;w=1500&#038;ssl=1 1500w,https:\/\/i1.wp.com\/www.cisa-arica.cl\/wp1\/wp-content\/uploads\/2023\/05\/DF55C8D5-0722-4A7C-B5F9-23BCDFDEC01F-600x450.jpeg?strip=info&#038;w=1800&#038;ssl=1 1800w,https:\/\/i1.wp.com\/www.cisa-arica.cl\/wp1\/wp-content\/uploads\/2023\/05\/DF55C8D5-0722-4A7C-B5F9-23BCDFDEC01F-600x450.jpeg?strip=info&#038;w=2000&#038;ssl=1 2000w\" alt=\"\" data-height=\"1920\" data-id=\"20587\" data-link=\"https:\/\/www.cisa-arica.cl\/wp1\/?attachment_id=20587\" data-url=\"https:\/\/www.cisa-arica.cl\/wp1\/wp-content\/uploads\/2023\/05\/DF55C8D5-0722-4A7C-B5F9-23BCDFDEC01F-600x450.jpeg\" data-width=\"2560\" src=\"https:\/\/i1.wp.com\/www.cisa-arica.cl\/wp1\/wp-content\/uploads\/2023\/05\/DF55C8D5-0722-4A7C-B5F9-23BCDFDEC01F-600x450.jpeg?ssl=1\" data-amp-layout=\"responsive\"\/><\/figure><\/div><div class=\"tiled-gallery__col\" style=\"flex-basis:22.06978%\"><figure class=\"tiled-gallery__item\"><img decoding=\"async\" data-attachment-id=\"20588\" data-permalink=\"https:\/\/www.cisa-arica.cl\/wp1\/2023\/05\/27\/semana-del-arte-2\/5e805fdf-263a-47b3-a739-647aa480b6a5\/\" data-orig-file=\"https:\/\/www.cisa-arica.cl\/wp1\/wp-content\/uploads\/2023\/05\/5E805FDF-263A-47B3-A739-647AA480B6A5-scaled.jpeg\" data-orig-size=\"1920,2560\" data-comments-opened=\"0\" data-image-meta=\"{&quot;aperture&quot;:&quot;0&quot;,&quot;credit&quot;:&quot;&quot;,&quot;camera&quot;:&quot;&quot;,&quot;caption&quot;:&quot;&quot;,&quot;created_timestamp&quot;:&quot;0&quot;,&quot;copyright&quot;:&quot;&quot;,&quot;focal_length&quot;:&quot;0&quot;,&quot;iso&quot;:&quot;0&quot;,&quot;shutter_speed&quot;:&quot;0&quot;,&quot;title&quot;:&quot;&quot;,&quot;orientation&quot;:&quot;1&quot;}\" data-image-title=\"5E805FDF-263A-47B3-A739-647AA480B6A5\" data-image-description=\"\" data-image-caption=\"\" data-large-file=\"https:\/\/www.cisa-arica.cl\/wp1\/wp-content\/uploads\/2023\/05\/5E805FDF-263A-47B3-A739-647AA480B6A5-450x600.jpeg\" data-attachment-id=\"20588\" data-permalink=\"https:\/\/www.cisa-arica.cl\/wp1\/2023\/05\/27\/semana-del-arte-2\/5e805fdf-263a-47b3-a739-647aa480b6a5\/\" data-orig-file=\"https:\/\/www.cisa-arica.cl\/wp1\/wp-content\/uploads\/2023\/05\/5E805FDF-263A-47B3-A739-647AA480B6A5-scaled.jpeg\" data-orig-size=\"1920,2560\" data-comments-opened=\"0\" data-image-meta=\"{&quot;aperture&quot;:&quot;0&quot;,&quot;credit&quot;:&quot;&quot;,&quot;camera&quot;:&quot;&quot;,&quot;caption&quot;:&quot;&quot;,&quot;created_timestamp&quot;:&quot;0&quot;,&quot;copyright&quot;:&quot;&quot;,&quot;focal_length&quot;:&quot;0&quot;,&quot;iso&quot;:&quot;0&quot;,&quot;shutter_speed&quot;:&quot;0&quot;,&quot;title&quot;:&quot;&quot;,&quot;orientation&quot;:&quot;1&quot;}\" data-image-title=\"5E805FDF-263A-47B3-A739-647AA480B6A5\" data-image-description=\"\" data-image-caption=\"\" data-large-file=\"https:\/\/www.cisa-arica.cl\/wp1\/wp-content\/uploads\/2023\/05\/5E805FDF-263A-47B3-A739-647AA480B6A5-450x600.jpeg\" role=\"button\" tabindex=\"0\" aria-label=\"Abrir la imagen 5 de 23 en pantalla completa\"srcset=\"https:\/\/i0.wp.com\/www.cisa-arica.cl\/wp1\/wp-content\/uploads\/2023\/05\/5E805FDF-263A-47B3-A739-647AA480B6A5-450x600.jpeg?strip=info&#038;w=600&#038;ssl=1 600w,https:\/\/i0.wp.com\/www.cisa-arica.cl\/wp1\/wp-content\/uploads\/2023\/05\/5E805FDF-263A-47B3-A739-647AA480B6A5-450x600.jpeg?strip=info&#038;w=900&#038;ssl=1 900w,https:\/\/i0.wp.com\/www.cisa-arica.cl\/wp1\/wp-content\/uploads\/2023\/05\/5E805FDF-263A-47B3-A739-647AA480B6A5-450x600.jpeg?strip=info&#038;w=1200&#038;ssl=1 1200w,https:\/\/i0.wp.com\/www.cisa-arica.cl\/wp1\/wp-content\/uploads\/2023\/05\/5E805FDF-263A-47B3-A739-647AA480B6A5-450x600.jpeg?strip=info&#038;w=1500&#038;ssl=1 1500w,https:\/\/i0.wp.com\/www.cisa-arica.cl\/wp1\/wp-content\/uploads\/2023\/05\/5E805FDF-263A-47B3-A739-647AA480B6A5-450x600.jpeg?strip=info&#038;w=1800&#038;ssl=1 1800w,https:\/\/i0.wp.com\/www.cisa-arica.cl\/wp1\/wp-content\/uploads\/2023\/05\/5E805FDF-263A-47B3-A739-647AA480B6A5-450x600.jpeg?strip=info&#038;w=1920&#038;ssl=1 1920w\" alt=\"\" data-height=\"2560\" data-id=\"20588\" data-link=\"https:\/\/www.cisa-arica.cl\/wp1\/?attachment_id=20588\" data-url=\"https:\/\/www.cisa-arica.cl\/wp1\/wp-content\/uploads\/2023\/05\/5E805FDF-263A-47B3-A739-647AA480B6A5-450x600.jpeg\" data-width=\"1920\" src=\"https:\/\/i0.wp.com\/www.cisa-arica.cl\/wp1\/wp-content\/uploads\/2023\/05\/5E805FDF-263A-47B3-A739-647AA480B6A5-450x600.jpeg?ssl=1\" data-amp-layout=\"responsive\"\/><\/figure><\/div><div class=\"tiled-gallery__col\" style=\"flex-basis:38.96511%\"><figure class=\"tiled-gallery__item\"><img decoding=\"async\" data-attachment-id=\"20589\" data-permalink=\"https:\/\/www.cisa-arica.cl\/wp1\/2023\/05\/27\/semana-del-arte-2\/2ab3d174-5dd5-4c47-818a-e4396fe5646d\/\" data-orig-file=\"https:\/\/www.cisa-arica.cl\/wp1\/wp-content\/uploads\/2023\/05\/2AB3D174-5DD5-4C47-818A-E4396FE5646D-scaled.jpeg\" data-orig-size=\"2560,1920\" data-comments-opened=\"0\" data-image-meta=\"{&quot;aperture&quot;:&quot;0&quot;,&quot;credit&quot;:&quot;&quot;,&quot;camera&quot;:&quot;&quot;,&quot;caption&quot;:&quot;&quot;,&quot;created_timestamp&quot;:&quot;0&quot;,&quot;copyright&quot;:&quot;&quot;,&quot;focal_length&quot;:&quot;0&quot;,&quot;iso&quot;:&quot;0&quot;,&quot;shutter_speed&quot;:&quot;0&quot;,&quot;title&quot;:&quot;&quot;,&quot;orientation&quot;:&quot;1&quot;}\" data-image-title=\"2AB3D174-5DD5-4C47-818A-E4396FE5646D\" data-image-description=\"\" data-image-caption=\"\" data-large-file=\"https:\/\/www.cisa-arica.cl\/wp1\/wp-content\/uploads\/2023\/05\/2AB3D174-5DD5-4C47-818A-E4396FE5646D-600x450.jpeg\" data-attachment-id=\"20589\" data-permalink=\"https:\/\/www.cisa-arica.cl\/wp1\/2023\/05\/27\/semana-del-arte-2\/2ab3d174-5dd5-4c47-818a-e4396fe5646d\/\" data-orig-file=\"https:\/\/www.cisa-arica.cl\/wp1\/wp-content\/uploads\/2023\/05\/2AB3D174-5DD5-4C47-818A-E4396FE5646D-scaled.jpeg\" data-orig-size=\"2560,1920\" data-comments-opened=\"0\" data-image-meta=\"{&quot;aperture&quot;:&quot;0&quot;,&quot;credit&quot;:&quot;&quot;,&quot;camera&quot;:&quot;&quot;,&quot;caption&quot;:&quot;&quot;,&quot;created_timestamp&quot;:&quot;0&quot;,&quot;copyright&quot;:&quot;&quot;,&quot;focal_length&quot;:&quot;0&quot;,&quot;iso&quot;:&quot;0&quot;,&quot;shutter_speed&quot;:&quot;0&quot;,&quot;title&quot;:&quot;&quot;,&quot;orientation&quot;:&quot;1&quot;}\" data-image-title=\"2AB3D174-5DD5-4C47-818A-E4396FE5646D\" data-image-description=\"\" data-image-caption=\"\" data-large-file=\"https:\/\/www.cisa-arica.cl\/wp1\/wp-content\/uploads\/2023\/05\/2AB3D174-5DD5-4C47-818A-E4396FE5646D-600x450.jpeg\" role=\"button\" tabindex=\"0\" aria-label=\"Abrir la imagen 6 de 23 en pantalla completa\"srcset=\"https:\/\/i2.wp.com\/www.cisa-arica.cl\/wp1\/wp-content\/uploads\/2023\/05\/2AB3D174-5DD5-4C47-818A-E4396FE5646D-600x450.jpeg?strip=info&#038;w=600&#038;ssl=1 600w,https:\/\/i2.wp.com\/www.cisa-arica.cl\/wp1\/wp-content\/uploads\/2023\/05\/2AB3D174-5DD5-4C47-818A-E4396FE5646D-600x450.jpeg?strip=info&#038;w=900&#038;ssl=1 900w,https:\/\/i2.wp.com\/www.cisa-arica.cl\/wp1\/wp-content\/uploads\/2023\/05\/2AB3D174-5DD5-4C47-818A-E4396FE5646D-600x450.jpeg?strip=info&#038;w=1200&#038;ssl=1 1200w,https:\/\/i2.wp.com\/www.cisa-arica.cl\/wp1\/wp-content\/uploads\/2023\/05\/2AB3D174-5DD5-4C47-818A-E4396FE5646D-600x450.jpeg?strip=info&#038;w=1500&#038;ssl=1 1500w,https:\/\/i2.wp.com\/www.cisa-arica.cl\/wp1\/wp-content\/uploads\/2023\/05\/2AB3D174-5DD5-4C47-818A-E4396FE5646D-600x450.jpeg?strip=info&#038;w=1800&#038;ssl=1 1800w,https:\/\/i2.wp.com\/www.cisa-arica.cl\/wp1\/wp-content\/uploads\/2023\/05\/2AB3D174-5DD5-4C47-818A-E4396FE5646D-600x450.jpeg?strip=info&#038;w=2000&#038;ssl=1 2000w\" alt=\"\" data-height=\"1920\" data-id=\"20589\" data-link=\"https:\/\/www.cisa-arica.cl\/wp1\/?attachment_id=20589\" data-url=\"https:\/\/www.cisa-arica.cl\/wp1\/wp-content\/uploads\/2023\/05\/2AB3D174-5DD5-4C47-818A-E4396FE5646D-600x450.jpeg\" data-width=\"2560\" src=\"https:\/\/i2.wp.com\/www.cisa-arica.cl\/wp1\/wp-content\/uploads\/2023\/05\/2AB3D174-5DD5-4C47-818A-E4396FE5646D-600x450.jpeg?ssl=1\" data-amp-layout=\"responsive\"\/><\/figure><\/div><\/div><div class=\"tiled-gallery__row\"><div class=\"tiled-gallery__col\" style=\"flex-basis:25.00000%\"><figure class=\"tiled-gallery__item\"><img decoding=\"async\" data-attachment-id=\"20590\" data-permalink=\"https:\/\/www.cisa-arica.cl\/wp1\/2023\/05\/27\/semana-del-arte-2\/319606e0-2f8b-4b85-af80-5d17e937be7d\/\" data-orig-file=\"https:\/\/www.cisa-arica.cl\/wp1\/wp-content\/uploads\/2023\/05\/319606E0-2F8B-4B85-AF80-5D17E937BE7D-scaled.jpeg\" data-orig-size=\"1920,2560\" data-comments-opened=\"0\" data-image-meta=\"{&quot;aperture&quot;:&quot;0&quot;,&quot;credit&quot;:&quot;&quot;,&quot;camera&quot;:&quot;&quot;,&quot;caption&quot;:&quot;&quot;,&quot;created_timestamp&quot;:&quot;0&quot;,&quot;copyright&quot;:&quot;&quot;,&quot;focal_length&quot;:&quot;0&quot;,&quot;iso&quot;:&quot;0&quot;,&quot;shutter_speed&quot;:&quot;0&quot;,&quot;title&quot;:&quot;&quot;,&quot;orientation&quot;:&quot;1&quot;}\" data-image-title=\"319606E0-2F8B-4B85-AF80-5D17E937BE7D\" data-image-description=\"\" data-image-caption=\"\" data-large-file=\"https:\/\/www.cisa-arica.cl\/wp1\/wp-content\/uploads\/2023\/05\/319606E0-2F8B-4B85-AF80-5D17E937BE7D-450x600.jpeg\" data-attachment-id=\"20590\" data-permalink=\"https:\/\/www.cisa-arica.cl\/wp1\/2023\/05\/27\/semana-del-arte-2\/319606e0-2f8b-4b85-af80-5d17e937be7d\/\" data-orig-file=\"https:\/\/www.cisa-arica.cl\/wp1\/wp-content\/uploads\/2023\/05\/319606E0-2F8B-4B85-AF80-5D17E937BE7D-scaled.jpeg\" data-orig-size=\"1920,2560\" data-comments-opened=\"0\" data-image-meta=\"{&quot;aperture&quot;:&quot;0&quot;,&quot;credit&quot;:&quot;&quot;,&quot;camera&quot;:&quot;&quot;,&quot;caption&quot;:&quot;&quot;,&quot;created_timestamp&quot;:&quot;0&quot;,&quot;copyright&quot;:&quot;&quot;,&quot;focal_length&quot;:&quot;0&quot;,&quot;iso&quot;:&quot;0&quot;,&quot;shutter_speed&quot;:&quot;0&quot;,&quot;title&quot;:&quot;&quot;,&quot;orientation&quot;:&quot;1&quot;}\" data-image-title=\"319606E0-2F8B-4B85-AF80-5D17E937BE7D\" data-image-description=\"\" data-image-caption=\"\" data-large-file=\"https:\/\/www.cisa-arica.cl\/wp1\/wp-content\/uploads\/2023\/05\/319606E0-2F8B-4B85-AF80-5D17E937BE7D-450x600.jpeg\" role=\"button\" tabindex=\"0\" aria-label=\"Abrir la imagen 7 de 23 en pantalla completa\"srcset=\"https:\/\/i1.wp.com\/www.cisa-arica.cl\/wp1\/wp-content\/uploads\/2023\/05\/319606E0-2F8B-4B85-AF80-5D17E937BE7D-450x600.jpeg?strip=info&#038;w=600&#038;ssl=1 600w,https:\/\/i1.wp.com\/www.cisa-arica.cl\/wp1\/wp-content\/uploads\/2023\/05\/319606E0-2F8B-4B85-AF80-5D17E937BE7D-450x600.jpeg?strip=info&#038;w=900&#038;ssl=1 900w,https:\/\/i1.wp.com\/www.cisa-arica.cl\/wp1\/wp-content\/uploads\/2023\/05\/319606E0-2F8B-4B85-AF80-5D17E937BE7D-450x600.jpeg?strip=info&#038;w=1200&#038;ssl=1 1200w,https:\/\/i1.wp.com\/www.cisa-arica.cl\/wp1\/wp-content\/uploads\/2023\/05\/319606E0-2F8B-4B85-AF80-5D17E937BE7D-450x600.jpeg?strip=info&#038;w=1500&#038;ssl=1 1500w,https:\/\/i1.wp.com\/www.cisa-arica.cl\/wp1\/wp-content\/uploads\/2023\/05\/319606E0-2F8B-4B85-AF80-5D17E937BE7D-450x600.jpeg?strip=info&#038;w=1800&#038;ssl=1 1800w,https:\/\/i1.wp.com\/www.cisa-arica.cl\/wp1\/wp-content\/uploads\/2023\/05\/319606E0-2F8B-4B85-AF80-5D17E937BE7D-450x600.jpeg?strip=info&#038;w=1920&#038;ssl=1 1920w\" alt=\"\" data-height=\"2560\" data-id=\"20590\" data-link=\"https:\/\/www.cisa-arica.cl\/wp1\/?attachment_id=20590\" data-url=\"https:\/\/www.cisa-arica.cl\/wp1\/wp-content\/uploads\/2023\/05\/319606E0-2F8B-4B85-AF80-5D17E937BE7D-450x600.jpeg\" data-width=\"1920\" src=\"https:\/\/i1.wp.com\/www.cisa-arica.cl\/wp1\/wp-content\/uploads\/2023\/05\/319606E0-2F8B-4B85-AF80-5D17E937BE7D-450x600.jpeg?ssl=1\" data-amp-layout=\"responsive\"\/><\/figure><\/div><div class=\"tiled-gallery__col\" style=\"flex-basis:25.00000%\"><figure class=\"tiled-gallery__item\"><img decoding=\"async\" data-attachment-id=\"20591\" data-permalink=\"https:\/\/www.cisa-arica.cl\/wp1\/2023\/05\/27\/semana-del-arte-2\/ec6f60e3-ccbd-454c-8572-83c0c38a626f\/\" data-orig-file=\"https:\/\/www.cisa-arica.cl\/wp1\/wp-content\/uploads\/2023\/05\/EC6F60E3-CCBD-454C-8572-83C0C38A626F-scaled.jpeg\" data-orig-size=\"1920,2560\" data-comments-opened=\"0\" data-image-meta=\"{&quot;aperture&quot;:&quot;0&quot;,&quot;credit&quot;:&quot;&quot;,&quot;camera&quot;:&quot;&quot;,&quot;caption&quot;:&quot;&quot;,&quot;created_timestamp&quot;:&quot;0&quot;,&quot;copyright&quot;:&quot;&quot;,&quot;focal_length&quot;:&quot;0&quot;,&quot;iso&quot;:&quot;0&quot;,&quot;shutter_speed&quot;:&quot;0&quot;,&quot;title&quot;:&quot;&quot;,&quot;orientation&quot;:&quot;1&quot;}\" data-image-title=\"EC6F60E3-CCBD-454C-8572-83C0C38A626F\" data-image-description=\"\" data-image-caption=\"\" data-large-file=\"https:\/\/www.cisa-arica.cl\/wp1\/wp-content\/uploads\/2023\/05\/EC6F60E3-CCBD-454C-8572-83C0C38A626F-450x600.jpeg\" data-attachment-id=\"20591\" data-permalink=\"https:\/\/www.cisa-arica.cl\/wp1\/2023\/05\/27\/semana-del-arte-2\/ec6f60e3-ccbd-454c-8572-83c0c38a626f\/\" data-orig-file=\"https:\/\/www.cisa-arica.cl\/wp1\/wp-content\/uploads\/2023\/05\/EC6F60E3-CCBD-454C-8572-83C0C38A626F-scaled.jpeg\" data-orig-size=\"1920,2560\" data-comments-opened=\"0\" data-image-meta=\"{&quot;aperture&quot;:&quot;0&quot;,&quot;credit&quot;:&quot;&quot;,&quot;camera&quot;:&quot;&quot;,&quot;caption&quot;:&quot;&quot;,&quot;created_timestamp&quot;:&quot;0&quot;,&quot;copyright&quot;:&quot;&quot;,&quot;focal_length&quot;:&quot;0&quot;,&quot;iso&quot;:&quot;0&quot;,&quot;shutter_speed&quot;:&quot;0&quot;,&quot;title&quot;:&quot;&quot;,&quot;orientation&quot;:&quot;1&quot;}\" data-image-title=\"EC6F60E3-CCBD-454C-8572-83C0C38A626F\" data-image-description=\"\" data-image-caption=\"\" data-large-file=\"https:\/\/www.cisa-arica.cl\/wp1\/wp-content\/uploads\/2023\/05\/EC6F60E3-CCBD-454C-8572-83C0C38A626F-450x600.jpeg\" role=\"button\" tabindex=\"0\" aria-label=\"Abrir la imagen 8 de 23 en pantalla completa\"srcset=\"https:\/\/i0.wp.com\/www.cisa-arica.cl\/wp1\/wp-content\/uploads\/2023\/05\/EC6F60E3-CCBD-454C-8572-83C0C38A626F-450x600.jpeg?strip=info&#038;w=600&#038;ssl=1 600w,https:\/\/i0.wp.com\/www.cisa-arica.cl\/wp1\/wp-content\/uploads\/2023\/05\/EC6F60E3-CCBD-454C-8572-83C0C38A626F-450x600.jpeg?strip=info&#038;w=900&#038;ssl=1 900w,https:\/\/i0.wp.com\/www.cisa-arica.cl\/wp1\/wp-content\/uploads\/2023\/05\/EC6F60E3-CCBD-454C-8572-83C0C38A626F-450x600.jpeg?strip=info&#038;w=1200&#038;ssl=1 1200w,https:\/\/i0.wp.com\/www.cisa-arica.cl\/wp1\/wp-content\/uploads\/2023\/05\/EC6F60E3-CCBD-454C-8572-83C0C38A626F-450x600.jpeg?strip=info&#038;w=1500&#038;ssl=1 1500w,https:\/\/i0.wp.com\/www.cisa-arica.cl\/wp1\/wp-content\/uploads\/2023\/05\/EC6F60E3-CCBD-454C-8572-83C0C38A626F-450x600.jpeg?strip=info&#038;w=1800&#038;ssl=1 1800w,https:\/\/i0.wp.com\/www.cisa-arica.cl\/wp1\/wp-content\/uploads\/2023\/05\/EC6F60E3-CCBD-454C-8572-83C0C38A626F-450x600.jpeg?strip=info&#038;w=1920&#038;ssl=1 1920w\" alt=\"\" data-height=\"2560\" data-id=\"20591\" data-link=\"https:\/\/www.cisa-arica.cl\/wp1\/?attachment_id=20591\" data-url=\"https:\/\/www.cisa-arica.cl\/wp1\/wp-content\/uploads\/2023\/05\/EC6F60E3-CCBD-454C-8572-83C0C38A626F-450x600.jpeg\" data-width=\"1920\" src=\"https:\/\/i0.wp.com\/www.cisa-arica.cl\/wp1\/wp-content\/uploads\/2023\/05\/EC6F60E3-CCBD-454C-8572-83C0C38A626F-450x600.jpeg?ssl=1\" data-amp-layout=\"responsive\"\/><\/figure><\/div><div class=\"tiled-gallery__col\" style=\"flex-basis:25.00000%\"><figure class=\"tiled-gallery__item\"><img decoding=\"async\" data-attachment-id=\"20592\" data-permalink=\"https:\/\/www.cisa-arica.cl\/wp1\/2023\/05\/27\/semana-del-arte-2\/d707315c-a675-4e2d-a671-f7d0b64f5e14\/\" data-orig-file=\"https:\/\/www.cisa-arica.cl\/wp1\/wp-content\/uploads\/2023\/05\/D707315C-A675-4E2D-A671-F7D0B64F5E14-scaled.jpeg\" data-orig-size=\"1920,2560\" data-comments-opened=\"0\" data-image-meta=\"{&quot;aperture&quot;:&quot;0&quot;,&quot;credit&quot;:&quot;&quot;,&quot;camera&quot;:&quot;&quot;,&quot;caption&quot;:&quot;&quot;,&quot;created_timestamp&quot;:&quot;0&quot;,&quot;copyright&quot;:&quot;&quot;,&quot;focal_length&quot;:&quot;0&quot;,&quot;iso&quot;:&quot;0&quot;,&quot;shutter_speed&quot;:&quot;0&quot;,&quot;title&quot;:&quot;&quot;,&quot;orientation&quot;:&quot;1&quot;}\" data-image-title=\"D707315C-A675-4E2D-A671-F7D0B64F5E14\" data-image-description=\"\" data-image-caption=\"\" data-large-file=\"https:\/\/www.cisa-arica.cl\/wp1\/wp-content\/uploads\/2023\/05\/D707315C-A675-4E2D-A671-F7D0B64F5E14-450x600.jpeg\" data-attachment-id=\"20592\" data-permalink=\"https:\/\/www.cisa-arica.cl\/wp1\/2023\/05\/27\/semana-del-arte-2\/d707315c-a675-4e2d-a671-f7d0b64f5e14\/\" data-orig-file=\"https:\/\/www.cisa-arica.cl\/wp1\/wp-content\/uploads\/2023\/05\/D707315C-A675-4E2D-A671-F7D0B64F5E14-scaled.jpeg\" data-orig-size=\"1920,2560\" data-comments-opened=\"0\" data-image-meta=\"{&quot;aperture&quot;:&quot;0&quot;,&quot;credit&quot;:&quot;&quot;,&quot;camera&quot;:&quot;&quot;,&quot;caption&quot;:&quot;&quot;,&quot;created_timestamp&quot;:&quot;0&quot;,&quot;copyright&quot;:&quot;&quot;,&quot;focal_length&quot;:&quot;0&quot;,&quot;iso&quot;:&quot;0&quot;,&quot;shutter_speed&quot;:&quot;0&quot;,&quot;title&quot;:&quot;&quot;,&quot;orientation&quot;:&quot;1&quot;}\" data-image-title=\"D707315C-A675-4E2D-A671-F7D0B64F5E14\" data-image-description=\"\" data-image-caption=\"\" data-large-file=\"https:\/\/www.cisa-arica.cl\/wp1\/wp-content\/uploads\/2023\/05\/D707315C-A675-4E2D-A671-F7D0B64F5E14-450x600.jpeg\" role=\"button\" tabindex=\"0\" aria-label=\"Abrir la imagen 9 de 23 en pantalla completa\"srcset=\"https:\/\/i2.wp.com\/www.cisa-arica.cl\/wp1\/wp-content\/uploads\/2023\/05\/D707315C-A675-4E2D-A671-F7D0B64F5E14-450x600.jpeg?strip=info&#038;w=600&#038;ssl=1 600w,https:\/\/i2.wp.com\/www.cisa-arica.cl\/wp1\/wp-content\/uploads\/2023\/05\/D707315C-A675-4E2D-A671-F7D0B64F5E14-450x600.jpeg?strip=info&#038;w=900&#038;ssl=1 900w,https:\/\/i2.wp.com\/www.cisa-arica.cl\/wp1\/wp-content\/uploads\/2023\/05\/D707315C-A675-4E2D-A671-F7D0B64F5E14-450x600.jpeg?strip=info&#038;w=1200&#038;ssl=1 1200w,https:\/\/i2.wp.com\/www.cisa-arica.cl\/wp1\/wp-content\/uploads\/2023\/05\/D707315C-A675-4E2D-A671-F7D0B64F5E14-450x600.jpeg?strip=info&#038;w=1500&#038;ssl=1 1500w,https:\/\/i2.wp.com\/www.cisa-arica.cl\/wp1\/wp-content\/uploads\/2023\/05\/D707315C-A675-4E2D-A671-F7D0B64F5E14-450x600.jpeg?strip=info&#038;w=1800&#038;ssl=1 1800w,https:\/\/i2.wp.com\/www.cisa-arica.cl\/wp1\/wp-content\/uploads\/2023\/05\/D707315C-A675-4E2D-A671-F7D0B64F5E14-450x600.jpeg?strip=info&#038;w=1920&#038;ssl=1 1920w\" alt=\"\" data-height=\"2560\" data-id=\"20592\" data-link=\"https:\/\/www.cisa-arica.cl\/wp1\/?attachment_id=20592\" data-url=\"https:\/\/www.cisa-arica.cl\/wp1\/wp-content\/uploads\/2023\/05\/D707315C-A675-4E2D-A671-F7D0B64F5E14-450x600.jpeg\" data-width=\"1920\" src=\"https:\/\/i2.wp.com\/www.cisa-arica.cl\/wp1\/wp-content\/uploads\/2023\/05\/D707315C-A675-4E2D-A671-F7D0B64F5E14-450x600.jpeg?ssl=1\" data-amp-layout=\"responsive\"\/><\/figure><\/div><div class=\"tiled-gallery__col\" style=\"flex-basis:25.00000%\"><figure class=\"tiled-gallery__item\"><img decoding=\"async\" data-attachment-id=\"20593\" data-permalink=\"https:\/\/www.cisa-arica.cl\/wp1\/2023\/05\/27\/semana-del-arte-2\/71c1d22f-7f00-4967-b32d-3d9367a4ce5e\/\" data-orig-file=\"https:\/\/www.cisa-arica.cl\/wp1\/wp-content\/uploads\/2023\/05\/71C1D22F-7F00-4967-B32D-3D9367A4CE5E-scaled.jpeg\" data-orig-size=\"1920,2560\" data-comments-opened=\"0\" data-image-meta=\"{&quot;aperture&quot;:&quot;0&quot;,&quot;credit&quot;:&quot;&quot;,&quot;camera&quot;:&quot;&quot;,&quot;caption&quot;:&quot;&quot;,&quot;created_timestamp&quot;:&quot;0&quot;,&quot;copyright&quot;:&quot;&quot;,&quot;focal_length&quot;:&quot;0&quot;,&quot;iso&quot;:&quot;0&quot;,&quot;shutter_speed&quot;:&quot;0&quot;,&quot;title&quot;:&quot;&quot;,&quot;orientation&quot;:&quot;1&quot;}\" data-image-title=\"71C1D22F-7F00-4967-B32D-3D9367A4CE5E\" data-image-description=\"\" data-image-caption=\"\" data-large-file=\"https:\/\/www.cisa-arica.cl\/wp1\/wp-content\/uploads\/2023\/05\/71C1D22F-7F00-4967-B32D-3D9367A4CE5E-450x600.jpeg\" data-attachment-id=\"20593\" data-permalink=\"https:\/\/www.cisa-arica.cl\/wp1\/2023\/05\/27\/semana-del-arte-2\/71c1d22f-7f00-4967-b32d-3d9367a4ce5e\/\" data-orig-file=\"https:\/\/www.cisa-arica.cl\/wp1\/wp-content\/uploads\/2023\/05\/71C1D22F-7F00-4967-B32D-3D9367A4CE5E-scaled.jpeg\" data-orig-size=\"1920,2560\" data-comments-opened=\"0\" data-image-meta=\"{&quot;aperture&quot;:&quot;0&quot;,&quot;credit&quot;:&quot;&quot;,&quot;camera&quot;:&quot;&quot;,&quot;caption&quot;:&quot;&quot;,&quot;created_timestamp&quot;:&quot;0&quot;,&quot;copyright&quot;:&quot;&quot;,&quot;focal_length&quot;:&quot;0&quot;,&quot;iso&quot;:&quot;0&quot;,&quot;shutter_speed&quot;:&quot;0&quot;,&quot;title&quot;:&quot;&quot;,&quot;orientation&quot;:&quot;1&quot;}\" data-image-title=\"71C1D22F-7F00-4967-B32D-3D9367A4CE5E\" data-image-description=\"\" data-image-caption=\"\" data-large-file=\"https:\/\/www.cisa-arica.cl\/wp1\/wp-content\/uploads\/2023\/05\/71C1D22F-7F00-4967-B32D-3D9367A4CE5E-450x600.jpeg\" role=\"button\" tabindex=\"0\" aria-label=\"Abrir la imagen 10 de 23 en pantalla completa\"srcset=\"https:\/\/i1.wp.com\/www.cisa-arica.cl\/wp1\/wp-content\/uploads\/2023\/05\/71C1D22F-7F00-4967-B32D-3D9367A4CE5E-450x600.jpeg?strip=info&#038;w=600&#038;ssl=1 600w,https:\/\/i1.wp.com\/www.cisa-arica.cl\/wp1\/wp-content\/uploads\/2023\/05\/71C1D22F-7F00-4967-B32D-3D9367A4CE5E-450x600.jpeg?strip=info&#038;w=900&#038;ssl=1 900w,https:\/\/i1.wp.com\/www.cisa-arica.cl\/wp1\/wp-content\/uploads\/2023\/05\/71C1D22F-7F00-4967-B32D-3D9367A4CE5E-450x600.jpeg?strip=info&#038;w=1200&#038;ssl=1 1200w,https:\/\/i1.wp.com\/www.cisa-arica.cl\/wp1\/wp-content\/uploads\/2023\/05\/71C1D22F-7F00-4967-B32D-3D9367A4CE5E-450x600.jpeg?strip=info&#038;w=1500&#038;ssl=1 1500w,https:\/\/i1.wp.com\/www.cisa-arica.cl\/wp1\/wp-content\/uploads\/2023\/05\/71C1D22F-7F00-4967-B32D-3D9367A4CE5E-450x600.jpeg?strip=info&#038;w=1800&#038;ssl=1 1800w,https:\/\/i1.wp.com\/www.cisa-arica.cl\/wp1\/wp-content\/uploads\/2023\/05\/71C1D22F-7F00-4967-B32D-3D9367A4CE5E-450x600.jpeg?strip=info&#038;w=1920&#038;ssl=1 1920w\" alt=\"\" data-height=\"2560\" data-id=\"20593\" data-link=\"https:\/\/www.cisa-arica.cl\/wp1\/?attachment_id=20593\" data-url=\"https:\/\/www.cisa-arica.cl\/wp1\/wp-content\/uploads\/2023\/05\/71C1D22F-7F00-4967-B32D-3D9367A4CE5E-450x600.jpeg\" data-width=\"1920\" src=\"https:\/\/i1.wp.com\/www.cisa-arica.cl\/wp1\/wp-content\/uploads\/2023\/05\/71C1D22F-7F00-4967-B32D-3D9367A4CE5E-450x600.jpeg?ssl=1\" data-amp-layout=\"responsive\"\/><\/figure><\/div><\/div><div class=\"tiled-gallery__row\"><div class=\"tiled-gallery__col\" style=\"flex-basis:50.00000%\"><figure class=\"tiled-gallery__item\"><img decoding=\"async\" data-attachment-id=\"20594\" data-permalink=\"https:\/\/www.cisa-arica.cl\/wp1\/2023\/05\/27\/semana-del-arte-2\/3a11f9b0-0729-485c-a6d0-907e13f0172b\/\" data-orig-file=\"https:\/\/www.cisa-arica.cl\/wp1\/wp-content\/uploads\/2023\/05\/3A11F9B0-0729-485C-A6D0-907E13F0172B-scaled.jpeg\" data-orig-size=\"1920,2560\" data-comments-opened=\"0\" data-image-meta=\"{&quot;aperture&quot;:&quot;0&quot;,&quot;credit&quot;:&quot;&quot;,&quot;camera&quot;:&quot;&quot;,&quot;caption&quot;:&quot;&quot;,&quot;created_timestamp&quot;:&quot;0&quot;,&quot;copyright&quot;:&quot;&quot;,&quot;focal_length&quot;:&quot;0&quot;,&quot;iso&quot;:&quot;0&quot;,&quot;shutter_speed&quot;:&quot;0&quot;,&quot;title&quot;:&quot;&quot;,&quot;orientation&quot;:&quot;1&quot;}\" data-image-title=\"3A11F9B0-0729-485C-A6D0-907E13F0172B\" data-image-description=\"\" data-image-caption=\"\" data-large-file=\"https:\/\/www.cisa-arica.cl\/wp1\/wp-content\/uploads\/2023\/05\/3A11F9B0-0729-485C-A6D0-907E13F0172B-450x600.jpeg\" data-attachment-id=\"20594\" data-permalink=\"https:\/\/www.cisa-arica.cl\/wp1\/2023\/05\/27\/semana-del-arte-2\/3a11f9b0-0729-485c-a6d0-907e13f0172b\/\" data-orig-file=\"https:\/\/www.cisa-arica.cl\/wp1\/wp-content\/uploads\/2023\/05\/3A11F9B0-0729-485C-A6D0-907E13F0172B-scaled.jpeg\" data-orig-size=\"1920,2560\" data-comments-opened=\"0\" data-image-meta=\"{&quot;aperture&quot;:&quot;0&quot;,&quot;credit&quot;:&quot;&quot;,&quot;camera&quot;:&quot;&quot;,&quot;caption&quot;:&quot;&quot;,&quot;created_timestamp&quot;:&quot;0&quot;,&quot;copyright&quot;:&quot;&quot;,&quot;focal_length&quot;:&quot;0&quot;,&quot;iso&quot;:&quot;0&quot;,&quot;shutter_speed&quot;:&quot;0&quot;,&quot;title&quot;:&quot;&quot;,&quot;orientation&quot;:&quot;1&quot;}\" data-image-title=\"3A11F9B0-0729-485C-A6D0-907E13F0172B\" data-image-description=\"\" data-image-caption=\"\" data-large-file=\"https:\/\/www.cisa-arica.cl\/wp1\/wp-content\/uploads\/2023\/05\/3A11F9B0-0729-485C-A6D0-907E13F0172B-450x600.jpeg\" role=\"button\" tabindex=\"0\" aria-label=\"Abrir la imagen 11 de 23 en pantalla completa\"srcset=\"https:\/\/i1.wp.com\/www.cisa-arica.cl\/wp1\/wp-content\/uploads\/2023\/05\/3A11F9B0-0729-485C-A6D0-907E13F0172B-450x600.jpeg?strip=info&#038;w=600&#038;ssl=1 600w,https:\/\/i1.wp.com\/www.cisa-arica.cl\/wp1\/wp-content\/uploads\/2023\/05\/3A11F9B0-0729-485C-A6D0-907E13F0172B-450x600.jpeg?strip=info&#038;w=900&#038;ssl=1 900w,https:\/\/i1.wp.com\/www.cisa-arica.cl\/wp1\/wp-content\/uploads\/2023\/05\/3A11F9B0-0729-485C-A6D0-907E13F0172B-450x600.jpeg?strip=info&#038;w=1200&#038;ssl=1 1200w,https:\/\/i1.wp.com\/www.cisa-arica.cl\/wp1\/wp-content\/uploads\/2023\/05\/3A11F9B0-0729-485C-A6D0-907E13F0172B-450x600.jpeg?strip=info&#038;w=1500&#038;ssl=1 1500w,https:\/\/i1.wp.com\/www.cisa-arica.cl\/wp1\/wp-content\/uploads\/2023\/05\/3A11F9B0-0729-485C-A6D0-907E13F0172B-450x600.jpeg?strip=info&#038;w=1800&#038;ssl=1 1800w,https:\/\/i1.wp.com\/www.cisa-arica.cl\/wp1\/wp-content\/uploads\/2023\/05\/3A11F9B0-0729-485C-A6D0-907E13F0172B-450x600.jpeg?strip=info&#038;w=1920&#038;ssl=1 1920w\" alt=\"\" data-height=\"2560\" data-id=\"20594\" data-link=\"https:\/\/www.cisa-arica.cl\/wp1\/?attachment_id=20594\" data-url=\"https:\/\/www.cisa-arica.cl\/wp1\/wp-content\/uploads\/2023\/05\/3A11F9B0-0729-485C-A6D0-907E13F0172B-450x600.jpeg\" data-width=\"1920\" src=\"https:\/\/i1.wp.com\/www.cisa-arica.cl\/wp1\/wp-content\/uploads\/2023\/05\/3A11F9B0-0729-485C-A6D0-907E13F0172B-450x600.jpeg?ssl=1\" data-amp-layout=\"responsive\"\/><\/figure><\/div><div class=\"tiled-gallery__col\" style=\"flex-basis:50.00000%\"><figure class=\"tiled-gallery__item\"><img decoding=\"async\" data-attachment-id=\"20595\" data-permalink=\"https:\/\/www.cisa-arica.cl\/wp1\/2023\/05\/27\/semana-del-arte-2\/5f7f0ce3-aa02-4290-a685-0710af198bf5\/\" data-orig-file=\"https:\/\/www.cisa-arica.cl\/wp1\/wp-content\/uploads\/2023\/05\/5F7F0CE3-AA02-4290-A685-0710AF198BF5-scaled.jpeg\" data-orig-size=\"1920,2560\" data-comments-opened=\"0\" data-image-meta=\"{&quot;aperture&quot;:&quot;0&quot;,&quot;credit&quot;:&quot;&quot;,&quot;camera&quot;:&quot;&quot;,&quot;caption&quot;:&quot;&quot;,&quot;created_timestamp&quot;:&quot;0&quot;,&quot;copyright&quot;:&quot;&quot;,&quot;focal_length&quot;:&quot;0&quot;,&quot;iso&quot;:&quot;0&quot;,&quot;shutter_speed&quot;:&quot;0&quot;,&quot;title&quot;:&quot;&quot;,&quot;orientation&quot;:&quot;1&quot;}\" data-image-title=\"5F7F0CE3-AA02-4290-A685-0710AF198BF5\" data-image-description=\"\" data-image-caption=\"\" data-large-file=\"https:\/\/www.cisa-arica.cl\/wp1\/wp-content\/uploads\/2023\/05\/5F7F0CE3-AA02-4290-A685-0710AF198BF5-450x600.jpeg\" data-attachment-id=\"20595\" data-permalink=\"https:\/\/www.cisa-arica.cl\/wp1\/2023\/05\/27\/semana-del-arte-2\/5f7f0ce3-aa02-4290-a685-0710af198bf5\/\" data-orig-file=\"https:\/\/www.cisa-arica.cl\/wp1\/wp-content\/uploads\/2023\/05\/5F7F0CE3-AA02-4290-A685-0710AF198BF5-scaled.jpeg\" data-orig-size=\"1920,2560\" data-comments-opened=\"0\" data-image-meta=\"{&quot;aperture&quot;:&quot;0&quot;,&quot;credit&quot;:&quot;&quot;,&quot;camera&quot;:&quot;&quot;,&quot;caption&quot;:&quot;&quot;,&quot;created_timestamp&quot;:&quot;0&quot;,&quot;copyright&quot;:&quot;&quot;,&quot;focal_length&quot;:&quot;0&quot;,&quot;iso&quot;:&quot;0&quot;,&quot;shutter_speed&quot;:&quot;0&quot;,&quot;title&quot;:&quot;&quot;,&quot;orientation&quot;:&quot;1&quot;}\" data-image-title=\"5F7F0CE3-AA02-4290-A685-0710AF198BF5\" data-image-description=\"\" data-image-caption=\"\" data-large-file=\"https:\/\/www.cisa-arica.cl\/wp1\/wp-content\/uploads\/2023\/05\/5F7F0CE3-AA02-4290-A685-0710AF198BF5-450x600.jpeg\" role=\"button\" tabindex=\"0\" aria-label=\"Abrir la imagen 12 de 23 en pantalla completa\"srcset=\"https:\/\/i0.wp.com\/www.cisa-arica.cl\/wp1\/wp-content\/uploads\/2023\/05\/5F7F0CE3-AA02-4290-A685-0710AF198BF5-450x600.jpeg?strip=info&#038;w=600&#038;ssl=1 600w,https:\/\/i0.wp.com\/www.cisa-arica.cl\/wp1\/wp-content\/uploads\/2023\/05\/5F7F0CE3-AA02-4290-A685-0710AF198BF5-450x600.jpeg?strip=info&#038;w=900&#038;ssl=1 900w,https:\/\/i0.wp.com\/www.cisa-arica.cl\/wp1\/wp-content\/uploads\/2023\/05\/5F7F0CE3-AA02-4290-A685-0710AF198BF5-450x600.jpeg?strip=info&#038;w=1200&#038;ssl=1 1200w,https:\/\/i0.wp.com\/www.cisa-arica.cl\/wp1\/wp-content\/uploads\/2023\/05\/5F7F0CE3-AA02-4290-A685-0710AF198BF5-450x600.jpeg?strip=info&#038;w=1500&#038;ssl=1 1500w,https:\/\/i0.wp.com\/www.cisa-arica.cl\/wp1\/wp-content\/uploads\/2023\/05\/5F7F0CE3-AA02-4290-A685-0710AF198BF5-450x600.jpeg?strip=info&#038;w=1800&#038;ssl=1 1800w,https:\/\/i0.wp.com\/www.cisa-arica.cl\/wp1\/wp-content\/uploads\/2023\/05\/5F7F0CE3-AA02-4290-A685-0710AF198BF5-450x600.jpeg?strip=info&#038;w=1920&#038;ssl=1 1920w\" alt=\"\" data-height=\"2560\" data-id=\"20595\" data-link=\"https:\/\/www.cisa-arica.cl\/wp1\/?attachment_id=20595\" data-url=\"https:\/\/www.cisa-arica.cl\/wp1\/wp-content\/uploads\/2023\/05\/5F7F0CE3-AA02-4290-A685-0710AF198BF5-450x600.jpeg\" data-width=\"1920\" src=\"https:\/\/i0.wp.com\/www.cisa-arica.cl\/wp1\/wp-content\/uploads\/2023\/05\/5F7F0CE3-AA02-4290-A685-0710AF198BF5-450x600.jpeg?ssl=1\" data-amp-layout=\"responsive\"\/><\/figure><\/div><\/div><div class=\"tiled-gallery__row\"><div class=\"tiled-gallery__col\" style=\"flex-basis:50.00000%\"><figure class=\"tiled-gallery__item\"><img decoding=\"async\" data-attachment-id=\"20596\" data-permalink=\"https:\/\/www.cisa-arica.cl\/wp1\/2023\/05\/27\/semana-del-arte-2\/ded3a3b5-98ae-4c9e-981d-0c4313fcb3dc\/\" data-orig-file=\"https:\/\/www.cisa-arica.cl\/wp1\/wp-content\/uploads\/2023\/05\/DED3A3B5-98AE-4C9E-981D-0C4313FCB3DC-scaled.jpeg\" data-orig-size=\"1920,2560\" data-comments-opened=\"0\" data-image-meta=\"{&quot;aperture&quot;:&quot;0&quot;,&quot;credit&quot;:&quot;&quot;,&quot;camera&quot;:&quot;&quot;,&quot;caption&quot;:&quot;&quot;,&quot;created_timestamp&quot;:&quot;0&quot;,&quot;copyright&quot;:&quot;&quot;,&quot;focal_length&quot;:&quot;0&quot;,&quot;iso&quot;:&quot;0&quot;,&quot;shutter_speed&quot;:&quot;0&quot;,&quot;title&quot;:&quot;&quot;,&quot;orientation&quot;:&quot;1&quot;}\" data-image-title=\"DED3A3B5-98AE-4C9E-981D-0C4313FCB3DC\" data-image-description=\"\" data-image-caption=\"\" data-large-file=\"https:\/\/www.cisa-arica.cl\/wp1\/wp-content\/uploads\/2023\/05\/DED3A3B5-98AE-4C9E-981D-0C4313FCB3DC-450x600.jpeg\" data-attachment-id=\"20596\" data-permalink=\"https:\/\/www.cisa-arica.cl\/wp1\/2023\/05\/27\/semana-del-arte-2\/ded3a3b5-98ae-4c9e-981d-0c4313fcb3dc\/\" data-orig-file=\"https:\/\/www.cisa-arica.cl\/wp1\/wp-content\/uploads\/2023\/05\/DED3A3B5-98AE-4C9E-981D-0C4313FCB3DC-scaled.jpeg\" data-orig-size=\"1920,2560\" data-comments-opened=\"0\" data-image-meta=\"{&quot;aperture&quot;:&quot;0&quot;,&quot;credit&quot;:&quot;&quot;,&quot;camera&quot;:&quot;&quot;,&quot;caption&quot;:&quot;&quot;,&quot;created_timestamp&quot;:&quot;0&quot;,&quot;copyright&quot;:&quot;&quot;,&quot;focal_length&quot;:&quot;0&quot;,&quot;iso&quot;:&quot;0&quot;,&quot;shutter_speed&quot;:&quot;0&quot;,&quot;title&quot;:&quot;&quot;,&quot;orientation&quot;:&quot;1&quot;}\" data-image-title=\"DED3A3B5-98AE-4C9E-981D-0C4313FCB3DC\" data-image-description=\"\" data-image-caption=\"\" data-large-file=\"https:\/\/www.cisa-arica.cl\/wp1\/wp-content\/uploads\/2023\/05\/DED3A3B5-98AE-4C9E-981D-0C4313FCB3DC-450x600.jpeg\" role=\"button\" tabindex=\"0\" aria-label=\"Abrir la imagen 13 de 23 en pantalla completa\"srcset=\"https:\/\/i2.wp.com\/www.cisa-arica.cl\/wp1\/wp-content\/uploads\/2023\/05\/DED3A3B5-98AE-4C9E-981D-0C4313FCB3DC-450x600.jpeg?strip=info&#038;w=600&#038;ssl=1 600w,https:\/\/i2.wp.com\/www.cisa-arica.cl\/wp1\/wp-content\/uploads\/2023\/05\/DED3A3B5-98AE-4C9E-981D-0C4313FCB3DC-450x600.jpeg?strip=info&#038;w=900&#038;ssl=1 900w,https:\/\/i2.wp.com\/www.cisa-arica.cl\/wp1\/wp-content\/uploads\/2023\/05\/DED3A3B5-98AE-4C9E-981D-0C4313FCB3DC-450x600.jpeg?strip=info&#038;w=1200&#038;ssl=1 1200w,https:\/\/i2.wp.com\/www.cisa-arica.cl\/wp1\/wp-content\/uploads\/2023\/05\/DED3A3B5-98AE-4C9E-981D-0C4313FCB3DC-450x600.jpeg?strip=info&#038;w=1500&#038;ssl=1 1500w,https:\/\/i2.wp.com\/www.cisa-arica.cl\/wp1\/wp-content\/uploads\/2023\/05\/DED3A3B5-98AE-4C9E-981D-0C4313FCB3DC-450x600.jpeg?strip=info&#038;w=1800&#038;ssl=1 1800w,https:\/\/i2.wp.com\/www.cisa-arica.cl\/wp1\/wp-content\/uploads\/2023\/05\/DED3A3B5-98AE-4C9E-981D-0C4313FCB3DC-450x600.jpeg?strip=info&#038;w=1920&#038;ssl=1 1920w\" alt=\"\" data-height=\"2560\" data-id=\"20596\" data-link=\"https:\/\/www.cisa-arica.cl\/wp1\/?attachment_id=20596\" data-url=\"https:\/\/www.cisa-arica.cl\/wp1\/wp-content\/uploads\/2023\/05\/DED3A3B5-98AE-4C9E-981D-0C4313FCB3DC-450x600.jpeg\" data-width=\"1920\" src=\"https:\/\/i2.wp.com\/www.cisa-arica.cl\/wp1\/wp-content\/uploads\/2023\/05\/DED3A3B5-98AE-4C9E-981D-0C4313FCB3DC-450x600.jpeg?ssl=1\" data-amp-layout=\"responsive\"\/><\/figure><\/div><div class=\"tiled-gallery__col\" style=\"flex-basis:50.00000%\"><figure class=\"tiled-gallery__item\"><img decoding=\"async\" data-attachment-id=\"20597\" data-permalink=\"https:\/\/www.cisa-arica.cl\/wp1\/2023\/05\/27\/semana-del-arte-2\/1cd4c129-e6e7-4678-9be5-bfc11309783b\/\" data-orig-file=\"https:\/\/www.cisa-arica.cl\/wp1\/wp-content\/uploads\/2023\/05\/1CD4C129-E6E7-4678-9BE5-BFC11309783B-scaled.jpeg\" data-orig-size=\"1920,2560\" data-comments-opened=\"0\" data-image-meta=\"{&quot;aperture&quot;:&quot;0&quot;,&quot;credit&quot;:&quot;&quot;,&quot;camera&quot;:&quot;&quot;,&quot;caption&quot;:&quot;&quot;,&quot;created_timestamp&quot;:&quot;0&quot;,&quot;copyright&quot;:&quot;&quot;,&quot;focal_length&quot;:&quot;0&quot;,&quot;iso&quot;:&quot;0&quot;,&quot;shutter_speed&quot;:&quot;0&quot;,&quot;title&quot;:&quot;&quot;,&quot;orientation&quot;:&quot;1&quot;}\" data-image-title=\"1CD4C129-E6E7-4678-9BE5-BFC11309783B\" data-image-description=\"\" data-image-caption=\"\" data-large-file=\"https:\/\/www.cisa-arica.cl\/wp1\/wp-content\/uploads\/2023\/05\/1CD4C129-E6E7-4678-9BE5-BFC11309783B-450x600.jpeg\" data-attachment-id=\"20597\" data-permalink=\"https:\/\/www.cisa-arica.cl\/wp1\/2023\/05\/27\/semana-del-arte-2\/1cd4c129-e6e7-4678-9be5-bfc11309783b\/\" data-orig-file=\"https:\/\/www.cisa-arica.cl\/wp1\/wp-content\/uploads\/2023\/05\/1CD4C129-E6E7-4678-9BE5-BFC11309783B-scaled.jpeg\" data-orig-size=\"1920,2560\" data-comments-opened=\"0\" data-image-meta=\"{&quot;aperture&quot;:&quot;0&quot;,&quot;credit&quot;:&quot;&quot;,&quot;camera&quot;:&quot;&quot;,&quot;caption&quot;:&quot;&quot;,&quot;created_timestamp&quot;:&quot;0&quot;,&quot;copyright&quot;:&quot;&quot;,&quot;focal_length&quot;:&quot;0&quot;,&quot;iso&quot;:&quot;0&quot;,&quot;shutter_speed&quot;:&quot;0&quot;,&quot;title&quot;:&quot;&quot;,&quot;orientation&quot;:&quot;1&quot;}\" data-image-title=\"1CD4C129-E6E7-4678-9BE5-BFC11309783B\" data-image-description=\"\" data-image-caption=\"\" data-large-file=\"https:\/\/www.cisa-arica.cl\/wp1\/wp-content\/uploads\/2023\/05\/1CD4C129-E6E7-4678-9BE5-BFC11309783B-450x600.jpeg\" role=\"button\" tabindex=\"0\" aria-label=\"Abrir la imagen 14 de 23 en pantalla completa\"srcset=\"https:\/\/i2.wp.com\/www.cisa-arica.cl\/wp1\/wp-content\/uploads\/2023\/05\/1CD4C129-E6E7-4678-9BE5-BFC11309783B-450x600.jpeg?strip=info&#038;w=600&#038;ssl=1 600w,https:\/\/i2.wp.com\/www.cisa-arica.cl\/wp1\/wp-content\/uploads\/2023\/05\/1CD4C129-E6E7-4678-9BE5-BFC11309783B-450x600.jpeg?strip=info&#038;w=900&#038;ssl=1 900w,https:\/\/i2.wp.com\/www.cisa-arica.cl\/wp1\/wp-content\/uploads\/2023\/05\/1CD4C129-E6E7-4678-9BE5-BFC11309783B-450x600.jpeg?strip=info&#038;w=1200&#038;ssl=1 1200w,https:\/\/i2.wp.com\/www.cisa-arica.cl\/wp1\/wp-content\/uploads\/2023\/05\/1CD4C129-E6E7-4678-9BE5-BFC11309783B-450x600.jpeg?strip=info&#038;w=1500&#038;ssl=1 1500w,https:\/\/i2.wp.com\/www.cisa-arica.cl\/wp1\/wp-content\/uploads\/2023\/05\/1CD4C129-E6E7-4678-9BE5-BFC11309783B-450x600.jpeg?strip=info&#038;w=1800&#038;ssl=1 1800w,https:\/\/i2.wp.com\/www.cisa-arica.cl\/wp1\/wp-content\/uploads\/2023\/05\/1CD4C129-E6E7-4678-9BE5-BFC11309783B-450x600.jpeg?strip=info&#038;w=1920&#038;ssl=1 1920w\" alt=\"\" data-height=\"2560\" data-id=\"20597\" data-link=\"https:\/\/www.cisa-arica.cl\/wp1\/?attachment_id=20597\" data-url=\"https:\/\/www.cisa-arica.cl\/wp1\/wp-content\/uploads\/2023\/05\/1CD4C129-E6E7-4678-9BE5-BFC11309783B-450x600.jpeg\" data-width=\"1920\" src=\"https:\/\/i2.wp.com\/www.cisa-arica.cl\/wp1\/wp-content\/uploads\/2023\/05\/1CD4C129-E6E7-4678-9BE5-BFC11309783B-450x600.jpeg?ssl=1\" data-amp-layout=\"responsive\"\/><\/figure><\/div><\/div><div class=\"tiled-gallery__row\"><div class=\"tiled-gallery__col\" style=\"flex-basis:26.52987%\"><figure class=\"tiled-gallery__item\"><img decoding=\"async\" data-attachment-id=\"20598\" data-permalink=\"https:\/\/www.cisa-arica.cl\/wp1\/2023\/05\/27\/semana-del-arte-2\/cd8b817e-7223-4877-9de5-2959c035c7cf\/\" data-orig-file=\"https:\/\/www.cisa-arica.cl\/wp1\/wp-content\/uploads\/2023\/05\/CD8B817E-7223-4877-9DE5-2959C035C7CF-scaled.jpeg\" data-orig-size=\"1920,2560\" data-comments-opened=\"0\" data-image-meta=\"{&quot;aperture&quot;:&quot;0&quot;,&quot;credit&quot;:&quot;&quot;,&quot;camera&quot;:&quot;&quot;,&quot;caption&quot;:&quot;&quot;,&quot;created_timestamp&quot;:&quot;0&quot;,&quot;copyright&quot;:&quot;&quot;,&quot;focal_length&quot;:&quot;0&quot;,&quot;iso&quot;:&quot;0&quot;,&quot;shutter_speed&quot;:&quot;0&quot;,&quot;title&quot;:&quot;&quot;,&quot;orientation&quot;:&quot;1&quot;}\" data-image-title=\"CD8B817E-7223-4877-9DE5-2959C035C7CF\" data-image-description=\"\" data-image-caption=\"\" data-large-file=\"https:\/\/www.cisa-arica.cl\/wp1\/wp-content\/uploads\/2023\/05\/CD8B817E-7223-4877-9DE5-2959C035C7CF-450x600.jpeg\" data-attachment-id=\"20598\" data-permalink=\"https:\/\/www.cisa-arica.cl\/wp1\/2023\/05\/27\/semana-del-arte-2\/cd8b817e-7223-4877-9de5-2959c035c7cf\/\" data-orig-file=\"https:\/\/www.cisa-arica.cl\/wp1\/wp-content\/uploads\/2023\/05\/CD8B817E-7223-4877-9DE5-2959C035C7CF-scaled.jpeg\" data-orig-size=\"1920,2560\" data-comments-opened=\"0\" data-image-meta=\"{&quot;aperture&quot;:&quot;0&quot;,&quot;credit&quot;:&quot;&quot;,&quot;camera&quot;:&quot;&quot;,&quot;caption&quot;:&quot;&quot;,&quot;created_timestamp&quot;:&quot;0&quot;,&quot;copyright&quot;:&quot;&quot;,&quot;focal_length&quot;:&quot;0&quot;,&quot;iso&quot;:&quot;0&quot;,&quot;shutter_speed&quot;:&quot;0&quot;,&quot;title&quot;:&quot;&quot;,&quot;orientation&quot;:&quot;1&quot;}\" data-image-title=\"CD8B817E-7223-4877-9DE5-2959C035C7CF\" data-image-description=\"\" data-image-caption=\"\" data-large-file=\"https:\/\/www.cisa-arica.cl\/wp1\/wp-content\/uploads\/2023\/05\/CD8B817E-7223-4877-9DE5-2959C035C7CF-450x600.jpeg\" role=\"button\" tabindex=\"0\" aria-label=\"Abrir la imagen 15 de 23 en pantalla completa\"srcset=\"https:\/\/i0.wp.com\/www.cisa-arica.cl\/wp1\/wp-content\/uploads\/2023\/05\/CD8B817E-7223-4877-9DE5-2959C035C7CF-450x600.jpeg?strip=info&#038;w=600&#038;ssl=1 600w,https:\/\/i0.wp.com\/www.cisa-arica.cl\/wp1\/wp-content\/uploads\/2023\/05\/CD8B817E-7223-4877-9DE5-2959C035C7CF-450x600.jpeg?strip=info&#038;w=900&#038;ssl=1 900w,https:\/\/i0.wp.com\/www.cisa-arica.cl\/wp1\/wp-content\/uploads\/2023\/05\/CD8B817E-7223-4877-9DE5-2959C035C7CF-450x600.jpeg?strip=info&#038;w=1200&#038;ssl=1 1200w,https:\/\/i0.wp.com\/www.cisa-arica.cl\/wp1\/wp-content\/uploads\/2023\/05\/CD8B817E-7223-4877-9DE5-2959C035C7CF-450x600.jpeg?strip=info&#038;w=1500&#038;ssl=1 1500w,https:\/\/i0.wp.com\/www.cisa-arica.cl\/wp1\/wp-content\/uploads\/2023\/05\/CD8B817E-7223-4877-9DE5-2959C035C7CF-450x600.jpeg?strip=info&#038;w=1800&#038;ssl=1 1800w,https:\/\/i0.wp.com\/www.cisa-arica.cl\/wp1\/wp-content\/uploads\/2023\/05\/CD8B817E-7223-4877-9DE5-2959C035C7CF-450x600.jpeg?strip=info&#038;w=1920&#038;ssl=1 1920w\" alt=\"\" data-height=\"2560\" data-id=\"20598\" data-link=\"https:\/\/www.cisa-arica.cl\/wp1\/?attachment_id=20598\" data-url=\"https:\/\/www.cisa-arica.cl\/wp1\/wp-content\/uploads\/2023\/05\/CD8B817E-7223-4877-9DE5-2959C035C7CF-450x600.jpeg\" data-width=\"1920\" src=\"https:\/\/i0.wp.com\/www.cisa-arica.cl\/wp1\/wp-content\/uploads\/2023\/05\/CD8B817E-7223-4877-9DE5-2959C035C7CF-450x600.jpeg?ssl=1\" data-amp-layout=\"responsive\"\/><\/figure><\/div><div class=\"tiled-gallery__col\" style=\"flex-basis:46.94026%\"><figure class=\"tiled-gallery__item\"><img decoding=\"async\" data-attachment-id=\"20599\" data-permalink=\"https:\/\/www.cisa-arica.cl\/wp1\/2023\/05\/27\/semana-del-arte-2\/f743d19d-b877-4d29-89b0-d8646698627b\/\" data-orig-file=\"https:\/\/www.cisa-arica.cl\/wp1\/wp-content\/uploads\/2023\/05\/F743D19D-B877-4D29-89B0-D8646698627B-scaled.jpeg\" data-orig-size=\"2560,1920\" data-comments-opened=\"0\" data-image-meta=\"{&quot;aperture&quot;:&quot;0&quot;,&quot;credit&quot;:&quot;&quot;,&quot;camera&quot;:&quot;&quot;,&quot;caption&quot;:&quot;&quot;,&quot;created_timestamp&quot;:&quot;0&quot;,&quot;copyright&quot;:&quot;&quot;,&quot;focal_length&quot;:&quot;0&quot;,&quot;iso&quot;:&quot;0&quot;,&quot;shutter_speed&quot;:&quot;0&quot;,&quot;title&quot;:&quot;&quot;,&quot;orientation&quot;:&quot;1&quot;}\" data-image-title=\"F743D19D-B877-4D29-89B0-D8646698627B\" data-image-description=\"\" data-image-caption=\"\" data-large-file=\"https:\/\/www.cisa-arica.cl\/wp1\/wp-content\/uploads\/2023\/05\/F743D19D-B877-4D29-89B0-D8646698627B-600x450.jpeg\" data-attachment-id=\"20599\" data-permalink=\"https:\/\/www.cisa-arica.cl\/wp1\/2023\/05\/27\/semana-del-arte-2\/f743d19d-b877-4d29-89b0-d8646698627b\/\" data-orig-file=\"https:\/\/www.cisa-arica.cl\/wp1\/wp-content\/uploads\/2023\/05\/F743D19D-B877-4D29-89B0-D8646698627B-scaled.jpeg\" data-orig-size=\"2560,1920\" data-comments-opened=\"0\" data-image-meta=\"{&quot;aperture&quot;:&quot;0&quot;,&quot;credit&quot;:&quot;&quot;,&quot;camera&quot;:&quot;&quot;,&quot;caption&quot;:&quot;&quot;,&quot;created_timestamp&quot;:&quot;0&quot;,&quot;copyright&quot;:&quot;&quot;,&quot;focal_length&quot;:&quot;0&quot;,&quot;iso&quot;:&quot;0&quot;,&quot;shutter_speed&quot;:&quot;0&quot;,&quot;title&quot;:&quot;&quot;,&quot;orientation&quot;:&quot;1&quot;}\" data-image-title=\"F743D19D-B877-4D29-89B0-D8646698627B\" data-image-description=\"\" data-image-caption=\"\" data-large-file=\"https:\/\/www.cisa-arica.cl\/wp1\/wp-content\/uploads\/2023\/05\/F743D19D-B877-4D29-89B0-D8646698627B-600x450.jpeg\" role=\"button\" tabindex=\"0\" aria-label=\"Abrir la imagen 16 de 23 en pantalla completa\"srcset=\"https:\/\/i1.wp.com\/www.cisa-arica.cl\/wp1\/wp-content\/uploads\/2023\/05\/F743D19D-B877-4D29-89B0-D8646698627B-600x450.jpeg?strip=info&#038;w=600&#038;ssl=1 600w,https:\/\/i1.wp.com\/www.cisa-arica.cl\/wp1\/wp-content\/uploads\/2023\/05\/F743D19D-B877-4D29-89B0-D8646698627B-600x450.jpeg?strip=info&#038;w=900&#038;ssl=1 900w,https:\/\/i1.wp.com\/www.cisa-arica.cl\/wp1\/wp-content\/uploads\/2023\/05\/F743D19D-B877-4D29-89B0-D8646698627B-600x450.jpeg?strip=info&#038;w=1200&#038;ssl=1 1200w,https:\/\/i1.wp.com\/www.cisa-arica.cl\/wp1\/wp-content\/uploads\/2023\/05\/F743D19D-B877-4D29-89B0-D8646698627B-600x450.jpeg?strip=info&#038;w=1500&#038;ssl=1 1500w,https:\/\/i1.wp.com\/www.cisa-arica.cl\/wp1\/wp-content\/uploads\/2023\/05\/F743D19D-B877-4D29-89B0-D8646698627B-600x450.jpeg?strip=info&#038;w=1800&#038;ssl=1 1800w,https:\/\/i1.wp.com\/www.cisa-arica.cl\/wp1\/wp-content\/uploads\/2023\/05\/F743D19D-B877-4D29-89B0-D8646698627B-600x450.jpeg?strip=info&#038;w=2000&#038;ssl=1 2000w\" alt=\"\" data-height=\"1920\" data-id=\"20599\" data-link=\"https:\/\/www.cisa-arica.cl\/wp1\/?attachment_id=20599\" data-url=\"https:\/\/www.cisa-arica.cl\/wp1\/wp-content\/uploads\/2023\/05\/F743D19D-B877-4D29-89B0-D8646698627B-600x450.jpeg\" data-width=\"2560\" src=\"https:\/\/i1.wp.com\/www.cisa-arica.cl\/wp1\/wp-content\/uploads\/2023\/05\/F743D19D-B877-4D29-89B0-D8646698627B-600x450.jpeg?ssl=1\" data-amp-layout=\"responsive\"\/><\/figure><\/div><div class=\"tiled-gallery__col\" style=\"flex-basis:26.52987%\"><figure class=\"tiled-gallery__item\"><img decoding=\"async\" data-attachment-id=\"20600\" data-permalink=\"https:\/\/www.cisa-arica.cl\/wp1\/2023\/05\/27\/semana-del-arte-2\/2f8ca8bc-50d1-4dd8-b513-1598ea1aec61\/\" data-orig-file=\"https:\/\/www.cisa-arica.cl\/wp1\/wp-content\/uploads\/2023\/05\/2F8CA8BC-50D1-4DD8-B513-1598EA1AEC61-scaled.jpeg\" data-orig-size=\"1920,2560\" data-comments-opened=\"0\" data-image-meta=\"{&quot;aperture&quot;:&quot;0&quot;,&quot;credit&quot;:&quot;&quot;,&quot;camera&quot;:&quot;&quot;,&quot;caption&quot;:&quot;&quot;,&quot;created_timestamp&quot;:&quot;0&quot;,&quot;copyright&quot;:&quot;&quot;,&quot;focal_length&quot;:&quot;0&quot;,&quot;iso&quot;:&quot;0&quot;,&quot;shutter_speed&quot;:&quot;0&quot;,&quot;title&quot;:&quot;&quot;,&quot;orientation&quot;:&quot;1&quot;}\" data-image-title=\"2F8CA8BC-50D1-4DD8-B513-1598EA1AEC61\" data-image-description=\"\" data-image-caption=\"\" data-large-file=\"https:\/\/www.cisa-arica.cl\/wp1\/wp-content\/uploads\/2023\/05\/2F8CA8BC-50D1-4DD8-B513-1598EA1AEC61-450x600.jpeg\" data-attachment-id=\"20600\" data-permalink=\"https:\/\/www.cisa-arica.cl\/wp1\/2023\/05\/27\/semana-del-arte-2\/2f8ca8bc-50d1-4dd8-b513-1598ea1aec61\/\" data-orig-file=\"https:\/\/www.cisa-arica.cl\/wp1\/wp-content\/uploads\/2023\/05\/2F8CA8BC-50D1-4DD8-B513-1598EA1AEC61-scaled.jpeg\" data-orig-size=\"1920,2560\" data-comments-opened=\"0\" data-image-meta=\"{&quot;aperture&quot;:&quot;0&quot;,&quot;credit&quot;:&quot;&quot;,&quot;camera&quot;:&quot;&quot;,&quot;caption&quot;:&quot;&quot;,&quot;created_timestamp&quot;:&quot;0&quot;,&quot;copyright&quot;:&quot;&quot;,&quot;focal_length&quot;:&quot;0&quot;,&quot;iso&quot;:&quot;0&quot;,&quot;shutter_speed&quot;:&quot;0&quot;,&quot;title&quot;:&quot;&quot;,&quot;orientation&quot;:&quot;1&quot;}\" data-image-title=\"2F8CA8BC-50D1-4DD8-B513-1598EA1AEC61\" data-image-description=\"\" data-image-caption=\"\" data-large-file=\"https:\/\/www.cisa-arica.cl\/wp1\/wp-content\/uploads\/2023\/05\/2F8CA8BC-50D1-4DD8-B513-1598EA1AEC61-450x600.jpeg\" role=\"button\" tabindex=\"0\" aria-label=\"Abrir la imagen 17 de 23 en pantalla completa\"srcset=\"https:\/\/i1.wp.com\/www.cisa-arica.cl\/wp1\/wp-content\/uploads\/2023\/05\/2F8CA8BC-50D1-4DD8-B513-1598EA1AEC61-450x600.jpeg?strip=info&#038;w=600&#038;ssl=1 600w,https:\/\/i1.wp.com\/www.cisa-arica.cl\/wp1\/wp-content\/uploads\/2023\/05\/2F8CA8BC-50D1-4DD8-B513-1598EA1AEC61-450x600.jpeg?strip=info&#038;w=900&#038;ssl=1 900w,https:\/\/i1.wp.com\/www.cisa-arica.cl\/wp1\/wp-content\/uploads\/2023\/05\/2F8CA8BC-50D1-4DD8-B513-1598EA1AEC61-450x600.jpeg?strip=info&#038;w=1200&#038;ssl=1 1200w,https:\/\/i1.wp.com\/www.cisa-arica.cl\/wp1\/wp-content\/uploads\/2023\/05\/2F8CA8BC-50D1-4DD8-B513-1598EA1AEC61-450x600.jpeg?strip=info&#038;w=1500&#038;ssl=1 1500w,https:\/\/i1.wp.com\/www.cisa-arica.cl\/wp1\/wp-content\/uploads\/2023\/05\/2F8CA8BC-50D1-4DD8-B513-1598EA1AEC61-450x600.jpeg?strip=info&#038;w=1800&#038;ssl=1 1800w,https:\/\/i1.wp.com\/www.cisa-arica.cl\/wp1\/wp-content\/uploads\/2023\/05\/2F8CA8BC-50D1-4DD8-B513-1598EA1AEC61-450x600.jpeg?strip=info&#038;w=1920&#038;ssl=1 1920w\" alt=\"\" data-height=\"2560\" data-id=\"20600\" data-link=\"https:\/\/www.cisa-arica.cl\/wp1\/?attachment_id=20600\" data-url=\"https:\/\/www.cisa-arica.cl\/wp1\/wp-content\/uploads\/2023\/05\/2F8CA8BC-50D1-4DD8-B513-1598EA1AEC61-450x600.jpeg\" data-width=\"1920\" src=\"https:\/\/i1.wp.com\/www.cisa-arica.cl\/wp1\/wp-content\/uploads\/2023\/05\/2F8CA8BC-50D1-4DD8-B513-1598EA1AEC61-450x600.jpeg?ssl=1\" data-amp-layout=\"responsive\"\/><\/figure><\/div><\/div><div class=\"tiled-gallery__row\"><div class=\"tiled-gallery__col\" style=\"flex-basis:63.91215%\"><figure class=\"tiled-gallery__item\"><img decoding=\"async\" data-attachment-id=\"20601\" data-permalink=\"https:\/\/www.cisa-arica.cl\/wp1\/2023\/05\/27\/semana-del-arte-2\/b3d2bbae-9c53-4a23-ab77-b605e7d83f26\/\" data-orig-file=\"https:\/\/www.cisa-arica.cl\/wp1\/wp-content\/uploads\/2023\/05\/B3D2BBAE-9C53-4A23-AB77-B605E7D83F26-scaled.jpeg\" data-orig-size=\"2560,1920\" data-comments-opened=\"0\" data-image-meta=\"{&quot;aperture&quot;:&quot;0&quot;,&quot;credit&quot;:&quot;&quot;,&quot;camera&quot;:&quot;&quot;,&quot;caption&quot;:&quot;&quot;,&quot;created_timestamp&quot;:&quot;0&quot;,&quot;copyright&quot;:&quot;&quot;,&quot;focal_length&quot;:&quot;0&quot;,&quot;iso&quot;:&quot;0&quot;,&quot;shutter_speed&quot;:&quot;0&quot;,&quot;title&quot;:&quot;&quot;,&quot;orientation&quot;:&quot;1&quot;}\" data-image-title=\"B3D2BBAE-9C53-4A23-AB77-B605E7D83F26\" data-image-description=\"\" data-image-caption=\"\" data-large-file=\"https:\/\/www.cisa-arica.cl\/wp1\/wp-content\/uploads\/2023\/05\/B3D2BBAE-9C53-4A23-AB77-B605E7D83F26-600x450.jpeg\" data-attachment-id=\"20601\" data-permalink=\"https:\/\/www.cisa-arica.cl\/wp1\/2023\/05\/27\/semana-del-arte-2\/b3d2bbae-9c53-4a23-ab77-b605e7d83f26\/\" data-orig-file=\"https:\/\/www.cisa-arica.cl\/wp1\/wp-content\/uploads\/2023\/05\/B3D2BBAE-9C53-4A23-AB77-B605E7D83F26-scaled.jpeg\" data-orig-size=\"2560,1920\" data-comments-opened=\"0\" data-image-meta=\"{&quot;aperture&quot;:&quot;0&quot;,&quot;credit&quot;:&quot;&quot;,&quot;camera&quot;:&quot;&quot;,&quot;caption&quot;:&quot;&quot;,&quot;created_timestamp&quot;:&quot;0&quot;,&quot;copyright&quot;:&quot;&quot;,&quot;focal_length&quot;:&quot;0&quot;,&quot;iso&quot;:&quot;0&quot;,&quot;shutter_speed&quot;:&quot;0&quot;,&quot;title&quot;:&quot;&quot;,&quot;orientation&quot;:&quot;1&quot;}\" data-image-title=\"B3D2BBAE-9C53-4A23-AB77-B605E7D83F26\" data-image-description=\"\" data-image-caption=\"\" data-large-file=\"https:\/\/www.cisa-arica.cl\/wp1\/wp-content\/uploads\/2023\/05\/B3D2BBAE-9C53-4A23-AB77-B605E7D83F26-600x450.jpeg\" role=\"button\" tabindex=\"0\" aria-label=\"Abrir la imagen 18 de 23 en pantalla completa\"srcset=\"https:\/\/i0.wp.com\/www.cisa-arica.cl\/wp1\/wp-content\/uploads\/2023\/05\/B3D2BBAE-9C53-4A23-AB77-B605E7D83F26-600x450.jpeg?strip=info&#038;w=600&#038;ssl=1 600w,https:\/\/i0.wp.com\/www.cisa-arica.cl\/wp1\/wp-content\/uploads\/2023\/05\/B3D2BBAE-9C53-4A23-AB77-B605E7D83F26-600x450.jpeg?strip=info&#038;w=900&#038;ssl=1 900w,https:\/\/i0.wp.com\/www.cisa-arica.cl\/wp1\/wp-content\/uploads\/2023\/05\/B3D2BBAE-9C53-4A23-AB77-B605E7D83F26-600x450.jpeg?strip=info&#038;w=1200&#038;ssl=1 1200w,https:\/\/i0.wp.com\/www.cisa-arica.cl\/wp1\/wp-content\/uploads\/2023\/05\/B3D2BBAE-9C53-4A23-AB77-B605E7D83F26-600x450.jpeg?strip=info&#038;w=1500&#038;ssl=1 1500w,https:\/\/i0.wp.com\/www.cisa-arica.cl\/wp1\/wp-content\/uploads\/2023\/05\/B3D2BBAE-9C53-4A23-AB77-B605E7D83F26-600x450.jpeg?strip=info&#038;w=1800&#038;ssl=1 1800w,https:\/\/i0.wp.com\/www.cisa-arica.cl\/wp1\/wp-content\/uploads\/2023\/05\/B3D2BBAE-9C53-4A23-AB77-B605E7D83F26-600x450.jpeg?strip=info&#038;w=2000&#038;ssl=1 2000w\" alt=\"\" data-height=\"1920\" data-id=\"20601\" data-link=\"https:\/\/www.cisa-arica.cl\/wp1\/?attachment_id=20601\" data-url=\"https:\/\/www.cisa-arica.cl\/wp1\/wp-content\/uploads\/2023\/05\/B3D2BBAE-9C53-4A23-AB77-B605E7D83F26-600x450.jpeg\" data-width=\"2560\" src=\"https:\/\/i0.wp.com\/www.cisa-arica.cl\/wp1\/wp-content\/uploads\/2023\/05\/B3D2BBAE-9C53-4A23-AB77-B605E7D83F26-600x450.jpeg?ssl=1\" data-amp-layout=\"responsive\"\/><\/figure><\/div><div class=\"tiled-gallery__col\" style=\"flex-basis:36.08785%\"><figure class=\"tiled-gallery__item\"><img decoding=\"async\" data-attachment-id=\"20602\" data-permalink=\"https:\/\/www.cisa-arica.cl\/wp1\/2023\/05\/27\/semana-del-arte-2\/d908d476-59dd-438e-a1f8-867bf1573d69\/\" data-orig-file=\"https:\/\/www.cisa-arica.cl\/wp1\/wp-content\/uploads\/2023\/05\/D908D476-59DD-438E-A1F8-867BF1573D69-scaled.jpeg\" data-orig-size=\"1920,2560\" data-comments-opened=\"0\" data-image-meta=\"{&quot;aperture&quot;:&quot;0&quot;,&quot;credit&quot;:&quot;&quot;,&quot;camera&quot;:&quot;&quot;,&quot;caption&quot;:&quot;&quot;,&quot;created_timestamp&quot;:&quot;0&quot;,&quot;copyright&quot;:&quot;&quot;,&quot;focal_length&quot;:&quot;0&quot;,&quot;iso&quot;:&quot;0&quot;,&quot;shutter_speed&quot;:&quot;0&quot;,&quot;title&quot;:&quot;&quot;,&quot;orientation&quot;:&quot;1&quot;}\" data-image-title=\"D908D476-59DD-438E-A1F8-867BF1573D69\" data-image-description=\"\" data-image-caption=\"\" data-large-file=\"https:\/\/www.cisa-arica.cl\/wp1\/wp-content\/uploads\/2023\/05\/D908D476-59DD-438E-A1F8-867BF1573D69-450x600.jpeg\" data-attachment-id=\"20602\" data-permalink=\"https:\/\/www.cisa-arica.cl\/wp1\/2023\/05\/27\/semana-del-arte-2\/d908d476-59dd-438e-a1f8-867bf1573d69\/\" data-orig-file=\"https:\/\/www.cisa-arica.cl\/wp1\/wp-content\/uploads\/2023\/05\/D908D476-59DD-438E-A1F8-867BF1573D69-scaled.jpeg\" data-orig-size=\"1920,2560\" data-comments-opened=\"0\" data-image-meta=\"{&quot;aperture&quot;:&quot;0&quot;,&quot;credit&quot;:&quot;&quot;,&quot;camera&quot;:&quot;&quot;,&quot;caption&quot;:&quot;&quot;,&quot;created_timestamp&quot;:&quot;0&quot;,&quot;copyright&quot;:&quot;&quot;,&quot;focal_length&quot;:&quot;0&quot;,&quot;iso&quot;:&quot;0&quot;,&quot;shutter_speed&quot;:&quot;0&quot;,&quot;title&quot;:&quot;&quot;,&quot;orientation&quot;:&quot;1&quot;}\" data-image-title=\"D908D476-59DD-438E-A1F8-867BF1573D69\" data-image-description=\"\" data-image-caption=\"\" data-large-file=\"https:\/\/www.cisa-arica.cl\/wp1\/wp-content\/uploads\/2023\/05\/D908D476-59DD-438E-A1F8-867BF1573D69-450x600.jpeg\" role=\"button\" tabindex=\"0\" aria-label=\"Abrir la imagen 19 de 23 en pantalla completa\"srcset=\"https:\/\/i2.wp.com\/www.cisa-arica.cl\/wp1\/wp-content\/uploads\/2023\/05\/D908D476-59DD-438E-A1F8-867BF1573D69-450x600.jpeg?strip=info&#038;w=600&#038;ssl=1 600w,https:\/\/i2.wp.com\/www.cisa-arica.cl\/wp1\/wp-content\/uploads\/2023\/05\/D908D476-59DD-438E-A1F8-867BF1573D69-450x600.jpeg?strip=info&#038;w=900&#038;ssl=1 900w,https:\/\/i2.wp.com\/www.cisa-arica.cl\/wp1\/wp-content\/uploads\/2023\/05\/D908D476-59DD-438E-A1F8-867BF1573D69-450x600.jpeg?strip=info&#038;w=1200&#038;ssl=1 1200w,https:\/\/i2.wp.com\/www.cisa-arica.cl\/wp1\/wp-content\/uploads\/2023\/05\/D908D476-59DD-438E-A1F8-867BF1573D69-450x600.jpeg?strip=info&#038;w=1500&#038;ssl=1 1500w,https:\/\/i2.wp.com\/www.cisa-arica.cl\/wp1\/wp-content\/uploads\/2023\/05\/D908D476-59DD-438E-A1F8-867BF1573D69-450x600.jpeg?strip=info&#038;w=1800&#038;ssl=1 1800w,https:\/\/i2.wp.com\/www.cisa-arica.cl\/wp1\/wp-content\/uploads\/2023\/05\/D908D476-59DD-438E-A1F8-867BF1573D69-450x600.jpeg?strip=info&#038;w=1920&#038;ssl=1 1920w\" alt=\"\" data-height=\"2560\" data-id=\"20602\" data-link=\"https:\/\/www.cisa-arica.cl\/wp1\/?attachment_id=20602\" data-url=\"https:\/\/www.cisa-arica.cl\/wp1\/wp-content\/uploads\/2023\/05\/D908D476-59DD-438E-A1F8-867BF1573D69-450x600.jpeg\" data-width=\"1920\" src=\"https:\/\/i2.wp.com\/www.cisa-arica.cl\/wp1\/wp-content\/uploads\/2023\/05\/D908D476-59DD-438E-A1F8-867BF1573D69-450x600.jpeg?ssl=1\" data-amp-layout=\"responsive\"\/><\/figure><\/div><\/div><div class=\"tiled-gallery__row\"><div class=\"tiled-gallery__col\" style=\"flex-basis:37.07427%\"><figure class=\"tiled-gallery__item\"><img decoding=\"async\" data-attachment-id=\"20603\" data-permalink=\"https:\/\/www.cisa-arica.cl\/wp1\/2023\/05\/27\/semana-del-arte-2\/3cacb216-e49f-4088-b019-07ddd6d12d90\/\" data-orig-file=\"https:\/\/www.cisa-arica.cl\/wp1\/wp-content\/uploads\/2023\/05\/3CACB216-E49F-4088-B019-07DDD6D12D90-scaled.jpeg\" data-orig-size=\"2560,1920\" data-comments-opened=\"0\" data-image-meta=\"{&quot;aperture&quot;:&quot;0&quot;,&quot;credit&quot;:&quot;&quot;,&quot;camera&quot;:&quot;&quot;,&quot;caption&quot;:&quot;&quot;,&quot;created_timestamp&quot;:&quot;0&quot;,&quot;copyright&quot;:&quot;&quot;,&quot;focal_length&quot;:&quot;0&quot;,&quot;iso&quot;:&quot;0&quot;,&quot;shutter_speed&quot;:&quot;0&quot;,&quot;title&quot;:&quot;&quot;,&quot;orientation&quot;:&quot;1&quot;}\" data-image-title=\"3CACB216-E49F-4088-B019-07DDD6D12D90\" data-image-description=\"\" data-image-caption=\"\" data-large-file=\"https:\/\/www.cisa-arica.cl\/wp1\/wp-content\/uploads\/2023\/05\/3CACB216-E49F-4088-B019-07DDD6D12D90-600x450.jpeg\" data-attachment-id=\"20603\" data-permalink=\"https:\/\/www.cisa-arica.cl\/wp1\/2023\/05\/27\/semana-del-arte-2\/3cacb216-e49f-4088-b019-07ddd6d12d90\/\" data-orig-file=\"https:\/\/www.cisa-arica.cl\/wp1\/wp-content\/uploads\/2023\/05\/3CACB216-E49F-4088-B019-07DDD6D12D90-scaled.jpeg\" data-orig-size=\"2560,1920\" data-comments-opened=\"0\" data-image-meta=\"{&quot;aperture&quot;:&quot;0&quot;,&quot;credit&quot;:&quot;&quot;,&quot;camera&quot;:&quot;&quot;,&quot;caption&quot;:&quot;&quot;,&quot;created_timestamp&quot;:&quot;0&quot;,&quot;copyright&quot;:&quot;&quot;,&quot;focal_length&quot;:&quot;0&quot;,&quot;iso&quot;:&quot;0&quot;,&quot;shutter_speed&quot;:&quot;0&quot;,&quot;title&quot;:&quot;&quot;,&quot;orientation&quot;:&quot;1&quot;}\" data-image-title=\"3CACB216-E49F-4088-B019-07DDD6D12D90\" data-image-description=\"\" data-image-caption=\"\" data-large-file=\"https:\/\/www.cisa-arica.cl\/wp1\/wp-content\/uploads\/2023\/05\/3CACB216-E49F-4088-B019-07DDD6D12D90-600x450.jpeg\" role=\"button\" tabindex=\"0\" aria-label=\"Abrir la imagen 20 de 23 en pantalla completa\"srcset=\"https:\/\/i2.wp.com\/www.cisa-arica.cl\/wp1\/wp-content\/uploads\/2023\/05\/3CACB216-E49F-4088-B019-07DDD6D12D90-600x450.jpeg?strip=info&#038;w=600&#038;ssl=1 600w,https:\/\/i2.wp.com\/www.cisa-arica.cl\/wp1\/wp-content\/uploads\/2023\/05\/3CACB216-E49F-4088-B019-07DDD6D12D90-600x450.jpeg?strip=info&#038;w=900&#038;ssl=1 900w,https:\/\/i2.wp.com\/www.cisa-arica.cl\/wp1\/wp-content\/uploads\/2023\/05\/3CACB216-E49F-4088-B019-07DDD6D12D90-600x450.jpeg?strip=info&#038;w=1200&#038;ssl=1 1200w,https:\/\/i2.wp.com\/www.cisa-arica.cl\/wp1\/wp-content\/uploads\/2023\/05\/3CACB216-E49F-4088-B019-07DDD6D12D90-600x450.jpeg?strip=info&#038;w=1500&#038;ssl=1 1500w,https:\/\/i2.wp.com\/www.cisa-arica.cl\/wp1\/wp-content\/uploads\/2023\/05\/3CACB216-E49F-4088-B019-07DDD6D12D90-600x450.jpeg?strip=info&#038;w=1800&#038;ssl=1 1800w,https:\/\/i2.wp.com\/www.cisa-arica.cl\/wp1\/wp-content\/uploads\/2023\/05\/3CACB216-E49F-4088-B019-07DDD6D12D90-600x450.jpeg?strip=info&#038;w=2000&#038;ssl=1 2000w\" alt=\"\" data-height=\"1920\" data-id=\"20603\" data-link=\"https:\/\/www.cisa-arica.cl\/wp1\/?attachment_id=20603\" data-url=\"https:\/\/www.cisa-arica.cl\/wp1\/wp-content\/uploads\/2023\/05\/3CACB216-E49F-4088-B019-07DDD6D12D90-600x450.jpeg\" data-width=\"2560\" src=\"https:\/\/i2.wp.com\/www.cisa-arica.cl\/wp1\/wp-content\/uploads\/2023\/05\/3CACB216-E49F-4088-B019-07DDD6D12D90-600x450.jpeg?ssl=1\" data-amp-layout=\"responsive\"\/><\/figure><\/div><div class=\"tiled-gallery__col\" style=\"flex-basis:20.97524%\"><figure class=\"tiled-gallery__item\"><img decoding=\"async\" data-attachment-id=\"20604\" data-permalink=\"https:\/\/www.cisa-arica.cl\/wp1\/2023\/05\/27\/semana-del-arte-2\/203af014-500b-40e4-a67b-28d61c8ca0d7\/\" data-orig-file=\"https:\/\/www.cisa-arica.cl\/wp1\/wp-content\/uploads\/2023\/05\/203AF014-500B-40E4-A67B-28D61C8CA0D7-scaled.jpeg\" data-orig-size=\"1920,2560\" data-comments-opened=\"0\" data-image-meta=\"{&quot;aperture&quot;:&quot;0&quot;,&quot;credit&quot;:&quot;&quot;,&quot;camera&quot;:&quot;&quot;,&quot;caption&quot;:&quot;&quot;,&quot;created_timestamp&quot;:&quot;0&quot;,&quot;copyright&quot;:&quot;&quot;,&quot;focal_length&quot;:&quot;0&quot;,&quot;iso&quot;:&quot;0&quot;,&quot;shutter_speed&quot;:&quot;0&quot;,&quot;title&quot;:&quot;&quot;,&quot;orientation&quot;:&quot;1&quot;}\" data-image-title=\"203AF014-500B-40E4-A67B-28D61C8CA0D7\" data-image-description=\"\" data-image-caption=\"\" data-large-file=\"https:\/\/www.cisa-arica.cl\/wp1\/wp-content\/uploads\/2023\/05\/203AF014-500B-40E4-A67B-28D61C8CA0D7-450x600.jpeg\" data-attachment-id=\"20604\" data-permalink=\"https:\/\/www.cisa-arica.cl\/wp1\/2023\/05\/27\/semana-del-arte-2\/203af014-500b-40e4-a67b-28d61c8ca0d7\/\" data-orig-file=\"https:\/\/www.cisa-arica.cl\/wp1\/wp-content\/uploads\/2023\/05\/203AF014-500B-40E4-A67B-28D61C8CA0D7-scaled.jpeg\" data-orig-size=\"1920,2560\" data-comments-opened=\"0\" data-image-meta=\"{&quot;aperture&quot;:&quot;0&quot;,&quot;credit&quot;:&quot;&quot;,&quot;camera&quot;:&quot;&quot;,&quot;caption&quot;:&quot;&quot;,&quot;created_timestamp&quot;:&quot;0&quot;,&quot;copyright&quot;:&quot;&quot;,&quot;focal_length&quot;:&quot;0&quot;,&quot;iso&quot;:&quot;0&quot;,&quot;shutter_speed&quot;:&quot;0&quot;,&quot;title&quot;:&quot;&quot;,&quot;orientation&quot;:&quot;1&quot;}\" data-image-title=\"203AF014-500B-40E4-A67B-28D61C8CA0D7\" data-image-description=\"\" data-image-caption=\"\" data-large-file=\"https:\/\/www.cisa-arica.cl\/wp1\/wp-content\/uploads\/2023\/05\/203AF014-500B-40E4-A67B-28D61C8CA0D7-450x600.jpeg\" role=\"button\" tabindex=\"0\" aria-label=\"Abrir la imagen 21 de 23 en pantalla completa\"srcset=\"https:\/\/i0.wp.com\/www.cisa-arica.cl\/wp1\/wp-content\/uploads\/2023\/05\/203AF014-500B-40E4-A67B-28D61C8CA0D7-450x600.jpeg?strip=info&#038;w=600&#038;ssl=1 600w,https:\/\/i0.wp.com\/www.cisa-arica.cl\/wp1\/wp-content\/uploads\/2023\/05\/203AF014-500B-40E4-A67B-28D61C8CA0D7-450x600.jpeg?strip=info&#038;w=900&#038;ssl=1 900w,https:\/\/i0.wp.com\/www.cisa-arica.cl\/wp1\/wp-content\/uploads\/2023\/05\/203AF014-500B-40E4-A67B-28D61C8CA0D7-450x600.jpeg?strip=info&#038;w=1200&#038;ssl=1 1200w,https:\/\/i0.wp.com\/www.cisa-arica.cl\/wp1\/wp-content\/uploads\/2023\/05\/203AF014-500B-40E4-A67B-28D61C8CA0D7-450x600.jpeg?strip=info&#038;w=1500&#038;ssl=1 1500w,https:\/\/i0.wp.com\/www.cisa-arica.cl\/wp1\/wp-content\/uploads\/2023\/05\/203AF014-500B-40E4-A67B-28D61C8CA0D7-450x600.jpeg?strip=info&#038;w=1800&#038;ssl=1 1800w,https:\/\/i0.wp.com\/www.cisa-arica.cl\/wp1\/wp-content\/uploads\/2023\/05\/203AF014-500B-40E4-A67B-28D61C8CA0D7-450x600.jpeg?strip=info&#038;w=1920&#038;ssl=1 1920w\" alt=\"\" data-height=\"2560\" data-id=\"20604\" data-link=\"https:\/\/www.cisa-arica.cl\/wp1\/?attachment_id=20604\" data-url=\"https:\/\/www.cisa-arica.cl\/wp1\/wp-content\/uploads\/2023\/05\/203AF014-500B-40E4-A67B-28D61C8CA0D7-450x600.jpeg\" data-width=\"1920\" src=\"https:\/\/i0.wp.com\/www.cisa-arica.cl\/wp1\/wp-content\/uploads\/2023\/05\/203AF014-500B-40E4-A67B-28D61C8CA0D7-450x600.jpeg?ssl=1\" data-amp-layout=\"responsive\"\/><\/figure><\/div><div class=\"tiled-gallery__col\" style=\"flex-basis:20.97524%\"><figure class=\"tiled-gallery__item\"><img decoding=\"async\" data-attachment-id=\"20605\" data-permalink=\"https:\/\/www.cisa-arica.cl\/wp1\/2023\/05\/27\/semana-del-arte-2\/83e03a9c-fd01-44b7-b85d-281b93495fdf\/\" data-orig-file=\"https:\/\/www.cisa-arica.cl\/wp1\/wp-content\/uploads\/2023\/05\/83E03A9C-FD01-44B7-B85D-281B93495FDF-scaled.jpeg\" data-orig-size=\"1920,2560\" data-comments-opened=\"0\" data-image-meta=\"{&quot;aperture&quot;:&quot;0&quot;,&quot;credit&quot;:&quot;&quot;,&quot;camera&quot;:&quot;&quot;,&quot;caption&quot;:&quot;&quot;,&quot;created_timestamp&quot;:&quot;0&quot;,&quot;copyright&quot;:&quot;&quot;,&quot;focal_length&quot;:&quot;0&quot;,&quot;iso&quot;:&quot;0&quot;,&quot;shutter_speed&quot;:&quot;0&quot;,&quot;title&quot;:&quot;&quot;,&quot;orientation&quot;:&quot;1&quot;}\" data-image-title=\"83E03A9C-FD01-44B7-B85D-281B93495FDF\" data-image-description=\"\" data-image-caption=\"\" data-large-file=\"https:\/\/www.cisa-arica.cl\/wp1\/wp-content\/uploads\/2023\/05\/83E03A9C-FD01-44B7-B85D-281B93495FDF-450x600.jpeg\" data-attachment-id=\"20605\" data-permalink=\"https:\/\/www.cisa-arica.cl\/wp1\/2023\/05\/27\/semana-del-arte-2\/83e03a9c-fd01-44b7-b85d-281b93495fdf\/\" data-orig-file=\"https:\/\/www.cisa-arica.cl\/wp1\/wp-content\/uploads\/2023\/05\/83E03A9C-FD01-44B7-B85D-281B93495FDF-scaled.jpeg\" data-orig-size=\"1920,2560\" data-comments-opened=\"0\" data-image-meta=\"{&quot;aperture&quot;:&quot;0&quot;,&quot;credit&quot;:&quot;&quot;,&quot;camera&quot;:&quot;&quot;,&quot;caption&quot;:&quot;&quot;,&quot;created_timestamp&quot;:&quot;0&quot;,&quot;copyright&quot;:&quot;&quot;,&quot;focal_length&quot;:&quot;0&quot;,&quot;iso&quot;:&quot;0&quot;,&quot;shutter_speed&quot;:&quot;0&quot;,&quot;title&quot;:&quot;&quot;,&quot;orientation&quot;:&quot;1&quot;}\" data-image-title=\"83E03A9C-FD01-44B7-B85D-281B93495FDF\" data-image-description=\"\" data-image-caption=\"\" data-large-file=\"https:\/\/www.cisa-arica.cl\/wp1\/wp-content\/uploads\/2023\/05\/83E03A9C-FD01-44B7-B85D-281B93495FDF-450x600.jpeg\" role=\"button\" tabindex=\"0\" aria-label=\"Abrir la imagen 22 de 23 en pantalla completa\"srcset=\"https:\/\/i0.wp.com\/www.cisa-arica.cl\/wp1\/wp-content\/uploads\/2023\/05\/83E03A9C-FD01-44B7-B85D-281B93495FDF-450x600.jpeg?strip=info&#038;w=600&#038;ssl=1 600w,https:\/\/i0.wp.com\/www.cisa-arica.cl\/wp1\/wp-content\/uploads\/2023\/05\/83E03A9C-FD01-44B7-B85D-281B93495FDF-450x600.jpeg?strip=info&#038;w=900&#038;ssl=1 900w,https:\/\/i0.wp.com\/www.cisa-arica.cl\/wp1\/wp-content\/uploads\/2023\/05\/83E03A9C-FD01-44B7-B85D-281B93495FDF-450x600.jpeg?strip=info&#038;w=1200&#038;ssl=1 1200w,https:\/\/i0.wp.com\/www.cisa-arica.cl\/wp1\/wp-content\/uploads\/2023\/05\/83E03A9C-FD01-44B7-B85D-281B93495FDF-450x600.jpeg?strip=info&#038;w=1500&#038;ssl=1 1500w,https:\/\/i0.wp.com\/www.cisa-arica.cl\/wp1\/wp-content\/uploads\/2023\/05\/83E03A9C-FD01-44B7-B85D-281B93495FDF-450x600.jpeg?strip=info&#038;w=1800&#038;ssl=1 1800w,https:\/\/i0.wp.com\/www.cisa-arica.cl\/wp1\/wp-content\/uploads\/2023\/05\/83E03A9C-FD01-44B7-B85D-281B93495FDF-450x600.jpeg?strip=info&#038;w=1920&#038;ssl=1 1920w\" alt=\"\" data-height=\"2560\" data-id=\"20605\" data-link=\"https:\/\/www.cisa-arica.cl\/wp1\/?attachment_id=20605\" data-url=\"https:\/\/www.cisa-arica.cl\/wp1\/wp-content\/uploads\/2023\/05\/83E03A9C-FD01-44B7-B85D-281B93495FDF-450x600.jpeg\" data-width=\"1920\" src=\"https:\/\/i0.wp.com\/www.cisa-arica.cl\/wp1\/wp-content\/uploads\/2023\/05\/83E03A9C-FD01-44B7-B85D-281B93495FDF-450x600.jpeg?ssl=1\" data-amp-layout=\"responsive\"\/><\/figure><\/div><div class=\"tiled-gallery__col\" style=\"flex-basis:20.97524%\"><figure class=\"tiled-gallery__item\"><img decoding=\"async\" data-attachment-id=\"20606\" data-permalink=\"https:\/\/www.cisa-arica.cl\/wp1\/2023\/05\/27\/semana-del-arte-2\/084d3c9d-2096-4e09-8634-53f451081b43\/\" data-orig-file=\"https:\/\/www.cisa-arica.cl\/wp1\/wp-content\/uploads\/2023\/05\/084D3C9D-2096-4E09-8634-53F451081B43-scaled.jpeg\" data-orig-size=\"1920,2560\" data-comments-opened=\"0\" data-image-meta=\"{&quot;aperture&quot;:&quot;0&quot;,&quot;credit&quot;:&quot;&quot;,&quot;camera&quot;:&quot;&quot;,&quot;caption&quot;:&quot;&quot;,&quot;created_timestamp&quot;:&quot;0&quot;,&quot;copyright&quot;:&quot;&quot;,&quot;focal_length&quot;:&quot;0&quot;,&quot;iso&quot;:&quot;0&quot;,&quot;shutter_speed&quot;:&quot;0&quot;,&quot;title&quot;:&quot;&quot;,&quot;orientation&quot;:&quot;1&quot;}\" data-image-title=\"084D3C9D-2096-4E09-8634-53F451081B43\" data-image-description=\"\" data-image-caption=\"\" data-large-file=\"https:\/\/www.cisa-arica.cl\/wp1\/wp-content\/uploads\/2023\/05\/084D3C9D-2096-4E09-8634-53F451081B43-450x600.jpeg\" data-attachment-id=\"20606\" data-permalink=\"https:\/\/www.cisa-arica.cl\/wp1\/2023\/05\/27\/semana-del-arte-2\/084d3c9d-2096-4e09-8634-53f451081b43\/\" data-orig-file=\"https:\/\/www.cisa-arica.cl\/wp1\/wp-content\/uploads\/2023\/05\/084D3C9D-2096-4E09-8634-53F451081B43-scaled.jpeg\" data-orig-size=\"1920,2560\" data-comments-opened=\"0\" data-image-meta=\"{&quot;aperture&quot;:&quot;0&quot;,&quot;credit&quot;:&quot;&quot;,&quot;camera&quot;:&quot;&quot;,&quot;caption&quot;:&quot;&quot;,&quot;created_timestamp&quot;:&quot;0&quot;,&quot;copyright&quot;:&quot;&quot;,&quot;focal_length&quot;:&quot;0&quot;,&quot;iso&quot;:&quot;0&quot;,&quot;shutter_speed&quot;:&quot;0&quot;,&quot;title&quot;:&quot;&quot;,&quot;orientation&quot;:&quot;1&quot;}\" data-image-title=\"084D3C9D-2096-4E09-8634-53F451081B43\" data-image-description=\"\" data-image-caption=\"\" data-large-file=\"https:\/\/www.cisa-arica.cl\/wp1\/wp-content\/uploads\/2023\/05\/084D3C9D-2096-4E09-8634-53F451081B43-450x600.jpeg\" role=\"button\" tabindex=\"0\" aria-label=\"Abrir la imagen 23 de 23 en pantalla completa\"srcset=\"https:\/\/i1.wp.com\/www.cisa-arica.cl\/wp1\/wp-content\/uploads\/2023\/05\/084D3C9D-2096-4E09-8634-53F451081B43-450x600.jpeg?strip=info&#038;w=600&#038;ssl=1 600w,https:\/\/i1.wp.com\/www.cisa-arica.cl\/wp1\/wp-content\/uploads\/2023\/05\/084D3C9D-2096-4E09-8634-53F451081B43-450x600.jpeg?strip=info&#038;w=900&#038;ssl=1 900w,https:\/\/i1.wp.com\/www.cisa-arica.cl\/wp1\/wp-content\/uploads\/2023\/05\/084D3C9D-2096-4E09-8634-53F451081B43-450x600.jpeg?strip=info&#038;w=1200&#038;ssl=1 1200w,https:\/\/i1.wp.com\/www.cisa-arica.cl\/wp1\/wp-content\/uploads\/2023\/05\/084D3C9D-2096-4E09-8634-53F451081B43-450x600.jpeg?strip=info&#038;w=1500&#038;ssl=1 1500w,https:\/\/i1.wp.com\/www.cisa-arica.cl\/wp1\/wp-content\/uploads\/2023\/05\/084D3C9D-2096-4E09-8634-53F451081B43-450x600.jpeg?strip=info&#038;w=1800&#038;ssl=1 1800w,https:\/\/i1.wp.com\/www.cisa-arica.cl\/wp1\/wp-content\/uploads\/2023\/05\/084D3C9D-2096-4E09-8634-53F451081B43-450x600.jpeg?strip=info&#038;w=1920&#038;ssl=1 1920w\" alt=\"\" data-height=\"2560\" data-id=\"20606\" data-link=\"https:\/\/www.cisa-arica.cl\/wp1\/?attachment_id=20606\" data-url=\"https:\/\/www.cisa-arica.cl\/wp1\/wp-content\/uploads\/2023\/05\/084D3C9D-2096-4E09-8634-53F451081B43-450x600.jpeg\" data-width=\"1920\" src=\"https:\/\/i1.wp.com\/www.cisa-arica.cl\/wp1\/wp-content\/uploads\/2023\/05\/084D3C9D-2096-4E09-8634-53F451081B43-450x600.jpeg?ssl=1\" data-amp-layout=\"responsive\"\/><\/figure><\/div><\/div><\/div><\/div>\n","protected":false},"excerpt":{"rendered":"<p>Durante los d\u00edas lunes 22 al viernes 26 de mayo, se celebr\u00f3 en el colegio, LA SEMANA DE LAS ARTES, en donde se presentaron trabajos creados por las estudiantes de los distintos niveles, adem\u00e1s de presentaciones de canto durante los recreos en el patio Esperanza. La entretenida y hermosa actividad, &nbsp;fue planificada y llevada a <a class=\"read-more\" href=\"https:\/\/www.cisa-arica.cl\/wp1\/2023\/05\/27\/semana-del-arte-2\/\">Continuar leyendo<\/a><\/p>\n","protected":false},"author":5,"featured_media":20596,"comment_status":"closed","ping_status":"open","sticky":false,"template":"","format":"standard","meta":{"_jetpack_memberships_contains_paid_content":false,"footnotes":"","jetpack_publicize_message":"","jetpack_publicize_feature_enabled":true,"jetpack_social_post_already_shared":true,"jetpack_social_options":{"image_generator_settings":{"template":"highway","default_image_id":0,"font":"","enabled":false},"version":2}},"categories":[5],"tags":[],"class_list":["post-20582","post","type-post","status-publish","format-standard","has-post-thumbnail","hentry","category-uncategorized"],"jetpack_publicize_connections":[],"jetpack_featured_media_url":"https:\/\/www.cisa-arica.cl\/wp1\/wp-content\/uploads\/2023\/05\/DED3A3B5-98AE-4C9E-981D-0C4313FCB3DC-scaled.jpeg","jetpack_sharing_enabled":true,"jetpack_shortlink":"https:\/\/wp.me\/p84wcz-5lY","jetpack-related-posts":[{"id":25416,"url":"https:\/\/www.cisa-arica.cl\/wp1\/2024\/05\/17\/semana-artistica\/","url_meta":{"origin":20582,"position":0},"title":"Semana Art\u00edstica","author":"Jeannette Rivera","date":"17 de Mayo de 2024","format":false,"excerpt":"El Departamento de Artes del colegio organiz\u00f3 la Semana Art\u00edstica en donde las estudiantes pudieron participar de una serie de actividades art\u00edsticas-musicales durante las jornadas de clases. Una de estas actividades fue la visita de la Orquesta del Colegio Domingo Santa Mar\u00eda quien nos brind\u00f3 un hermoso concierto con algunas\u2026","rel":"","context":"Entrada similar ","block_context":{"text":"Entrada similar ","link":""},"img":{"alt_text":"","src":"https:\/\/i0.wp.com\/www.cisa-arica.cl\/wp1\/wp-content\/uploads\/2024\/05\/IMG_0437.jpg?resize=350%2C200&ssl=1","width":350,"height":200,"srcset":"https:\/\/i0.wp.com\/www.cisa-arica.cl\/wp1\/wp-content\/uploads\/2024\/05\/IMG_0437.jpg?resize=350%2C200&ssl=1 1x, https:\/\/i0.wp.com\/www.cisa-arica.cl\/wp1\/wp-content\/uploads\/2024\/05\/IMG_0437.jpg?resize=525%2C300&ssl=1 1.5x, https:\/\/i0.wp.com\/www.cisa-arica.cl\/wp1\/wp-content\/uploads\/2024\/05\/IMG_0437.jpg?resize=700%2C400&ssl=1 2x, https:\/\/i0.wp.com\/www.cisa-arica.cl\/wp1\/wp-content\/uploads\/2024\/05\/IMG_0437.jpg?resize=1050%2C600&ssl=1 3x, https:\/\/i0.wp.com\/www.cisa-arica.cl\/wp1\/wp-content\/uploads\/2024\/05\/IMG_0437.jpg?resize=1400%2C800&ssl=1 4x"},"classes":[]},{"id":12455,"url":"https:\/\/www.cisa-arica.cl\/wp1\/2021\/05\/10\/%f0%9f%8e%b5-semana-de-la-educacion-artistica-%f0%9f%8e%a8\/","url_meta":{"origin":20582,"position":1},"title":"&#x1f3b5; Semana de la Educaci\u00f3n Art\u00edstica &#x1f3a8;","author":"Jeannette Rivera","date":"10 de Mayo de 2021","format":false,"excerpt":"Estimada Comunidad Educativa: Durante esta semana del 10 de mayo se celebra la Semana de la Educaci\u00f3n Art\u00edstica, y por este motivo, nuestros profesores del Departamento de Artes y M\u00fasica crearon este video para conmemorar con ustedes la importancia de las artes. https:\/\/youtu.be\/T6K3yqKbH1g","rel":"","context":"En &quot;CISA&quot;","block_context":{"text":"CISA","link":"https:\/\/www.cisa-arica.cl\/wp1\/category\/cisa\/"},"img":{"alt_text":"","src":"https:\/\/i0.wp.com\/www.cisa-arica.cl\/wp1\/wp-content\/uploads\/2021\/05\/Screenshot_4.png?resize=350%2C200&ssl=1","width":350,"height":200,"srcset":"https:\/\/i0.wp.com\/www.cisa-arica.cl\/wp1\/wp-content\/uploads\/2021\/05\/Screenshot_4.png?resize=350%2C200&ssl=1 1x, https:\/\/i0.wp.com\/www.cisa-arica.cl\/wp1\/wp-content\/uploads\/2021\/05\/Screenshot_4.png?resize=525%2C300&ssl=1 1.5x"},"classes":[]},{"id":28538,"url":"https:\/\/www.cisa-arica.cl\/wp1\/2025\/06\/12\/semana-artistica-cisa\/","url_meta":{"origin":20582,"position":2},"title":"Semana Art\u00edstica Cisa","author":"Jeannette Rivera","date":"12 de Junio de 2025","format":false,"excerpt":"Durante la Semana Art\u00edstica, se realizaron una serie de actividades a cargo del Departamento de Artes. En\u00a0 esa semana las estudiantes disfrutaron de muestras\u00a0 y tuvieron la oportunidad adem\u00e1s de presentar sus diversas habilidades art\u00edsticas frente a sus compa\u00f1eras de colegio.","rel":"","context":"Entrada similar ","block_context":{"text":"Entrada similar ","link":""},"img":{"alt_text":"","src":"https:\/\/i0.wp.com\/www.cisa-arica.cl\/wp1\/wp-content\/uploads\/2025\/06\/WhatsApp-Image-2025-06-24-at-9.58.20-AM.jpeg?resize=350%2C200&ssl=1","width":350,"height":200,"srcset":"https:\/\/i0.wp.com\/www.cisa-arica.cl\/wp1\/wp-content\/uploads\/2025\/06\/WhatsApp-Image-2025-06-24-at-9.58.20-AM.jpeg?resize=350%2C200&ssl=1 1x, https:\/\/i0.wp.com\/www.cisa-arica.cl\/wp1\/wp-content\/uploads\/2025\/06\/WhatsApp-Image-2025-06-24-at-9.58.20-AM.jpeg?resize=525%2C300&ssl=1 1.5x, https:\/\/i0.wp.com\/www.cisa-arica.cl\/wp1\/wp-content\/uploads\/2025\/06\/WhatsApp-Image-2025-06-24-at-9.58.20-AM.jpeg?resize=700%2C400&ssl=1 2x, https:\/\/i0.wp.com\/www.cisa-arica.cl\/wp1\/wp-content\/uploads\/2025\/06\/WhatsApp-Image-2025-06-24-at-9.58.20-AM.jpeg?resize=1050%2C600&ssl=1 3x"},"classes":[]},{"id":17202,"url":"https:\/\/www.cisa-arica.cl\/wp1\/2022\/09\/06\/semana-del-arte\/","url_meta":{"origin":20582,"position":3},"title":"Semana del Arte","author":"Jeannette Rivera","date":"6 de Septiembre de 2022","format":false,"excerpt":"Durante esta semana las asignaturas de Artes Visuales, Tecnolog\u00eda, Arquitectura y M\u00fasica, est\u00e1n celebrando La Semana del Arte con exposiciones e intervenciones art\u00edsticas al interior de nuestro colegio. En esta oportunidad los trabajos presentados corresponden a las estudiantes desde niveles desde Quinto B\u00e1sico a Cuarto Medio.","rel":"","context":"Entrada similar ","block_context":{"text":"Entrada similar ","link":""},"img":{"alt_text":"","src":"https:\/\/i0.wp.com\/www.cisa-arica.cl\/wp1\/wp-content\/uploads\/2022\/09\/CD38C50F-B851-4C41-BAAF-7ACD196D996F.jpeg?resize=350%2C200&ssl=1","width":350,"height":200,"srcset":"https:\/\/i0.wp.com\/www.cisa-arica.cl\/wp1\/wp-content\/uploads\/2022\/09\/CD38C50F-B851-4C41-BAAF-7ACD196D996F.jpeg?resize=350%2C200&ssl=1 1x, https:\/\/i0.wp.com\/www.cisa-arica.cl\/wp1\/wp-content\/uploads\/2022\/09\/CD38C50F-B851-4C41-BAAF-7ACD196D996F.jpeg?resize=525%2C300&ssl=1 1.5x, https:\/\/i0.wp.com\/www.cisa-arica.cl\/wp1\/wp-content\/uploads\/2022\/09\/CD38C50F-B851-4C41-BAAF-7ACD196D996F.jpeg?resize=700%2C400&ssl=1 2x"},"classes":[]},{"id":7175,"url":"https:\/\/www.cisa-arica.cl\/wp1\/2019\/05\/17\/salida-a-terreno-academia-de-teatro-2\/","url_meta":{"origin":20582,"position":4},"title":"Salida a terreno Academia de Teatro","author":"Jeannette Rivera","date":"17 de Mayo de 2019","format":false,"excerpt":"El pasado mi\u00e9rcoles las estudiantes de la Academia de Teatro del Colegio Italiano Santa Ana asistieron al Centro MB2 para la Experimentaci\u00f3n de las Artes con motivo de la Semana de la Educaci\u00f3n Art\u00edstica. Las estudiantes desarrollaron clase y posteriormente ensayaron la obra que se trabajando para este a\u00f1o 2019.","rel":"","context":"En &quot;Academias CISA&quot;","block_context":{"text":"Academias CISA","link":"https:\/\/www.cisa-arica.cl\/wp1\/category\/academias-cisa\/"},"img":{"alt_text":"","src":"https:\/\/i0.wp.com\/www.cisa-arica.cl\/wp1\/wp-content\/uploads\/2019\/05\/111-3.jpeg?resize=350%2C200&ssl=1","width":350,"height":200,"srcset":"https:\/\/i0.wp.com\/www.cisa-arica.cl\/wp1\/wp-content\/uploads\/2019\/05\/111-3.jpeg?resize=350%2C200&ssl=1 1x, https:\/\/i0.wp.com\/www.cisa-arica.cl\/wp1\/wp-content\/uploads\/2019\/05\/111-3.jpeg?resize=525%2C300&ssl=1 1.5x, https:\/\/i0.wp.com\/www.cisa-arica.cl\/wp1\/wp-content\/uploads\/2019\/05\/111-3.jpeg?resize=700%2C400&ssl=1 2x, https:\/\/i0.wp.com\/www.cisa-arica.cl\/wp1\/wp-content\/uploads\/2019\/05\/111-3.jpeg?resize=1050%2C600&ssl=1 3x"},"classes":[]},{"id":15834,"url":"https:\/\/www.cisa-arica.cl\/wp1\/2022\/05\/17\/salida-al-teatro-municipal\/","url_meta":{"origin":20582,"position":5},"title":"Salida al Teatro Municipal","author":"Jeannette Rivera","date":"17 de Mayo de 2022","format":false,"excerpt":"Ayer lunes 16 nuestras estudiantes del segundo ciclo y 1\u00ba medio, participaron de un ciclo de Cuenta-cuentos en el Teatro Municipal, en donde pudieron presenciar una serie de obras literarias en forma de cortometraje, los cuales fueron creados en tiempos de pandemia, por distintas agrupaciones culturales de nuestra ciudad. El\u2026","rel":"","context":"Entrada similar ","block_context":{"text":"Entrada similar ","link":""},"img":{"alt_text":"","src":"https:\/\/i0.wp.com\/www.cisa-arica.cl\/wp1\/wp-content\/uploads\/2022\/05\/WhatsApp-Image-2022-05-16-at-7.20.33-PM-14.jpeg?resize=350%2C200&ssl=1","width":350,"height":200,"srcset":"https:\/\/i0.wp.com\/www.cisa-arica.cl\/wp1\/wp-content\/uploads\/2022\/05\/WhatsApp-Image-2022-05-16-at-7.20.33-PM-14.jpeg?resize=350%2C200&ssl=1 1x, https:\/\/i0.wp.com\/www.cisa-arica.cl\/wp1\/wp-content\/uploads\/2022\/05\/WhatsApp-Image-2022-05-16-at-7.20.33-PM-14.jpeg?resize=525%2C300&ssl=1 1.5x, https:\/\/i0.wp.com\/www.cisa-arica.cl\/wp1\/wp-content\/uploads\/2022\/05\/WhatsApp-Image-2022-05-16-at-7.20.33-PM-14.jpeg?resize=700%2C400&ssl=1 2x"},"classes":[]}],"_links":{"self":[{"href":"https:\/\/www.cisa-arica.cl\/wp1\/wp-json\/wp\/v2\/posts\/20582","targetHints":{"allow":["GET"]}}],"collection":[{"href":"https:\/\/www.cisa-arica.cl\/wp1\/wp-json\/wp\/v2\/posts"}],"about":[{"href":"https:\/\/www.cisa-arica.cl\/wp1\/wp-json\/wp\/v2\/types\/post"}],"author":[{"embeddable":true,"href":"https:\/\/www.cisa-arica.cl\/wp1\/wp-json\/wp\/v2\/users\/5"}],"replies":[{"embeddable":true,"href":"https:\/\/www.cisa-arica.cl\/wp1\/wp-json\/wp\/v2\/comments?post=20582"}],"version-history":[{"count":2,"href":"https:\/\/www.cisa-arica.cl\/wp1\/wp-json\/wp\/v2\/posts\/20582\/revisions"}],"predecessor-version":[{"id":20607,"href":"https:\/\/www.cisa-arica.cl\/wp1\/wp-json\/wp\/v2\/posts\/20582\/revisions\/20607"}],"wp:featuredmedia":[{"embeddable":true,"href":"https:\/\/www.cisa-arica.cl\/wp1\/wp-json\/wp\/v2\/media\/20596"}],"wp:attachment":[{"href":"https:\/\/www.cisa-arica.cl\/wp1\/wp-json\/wp\/v2\/media?parent=20582"}],"wp:term":[{"taxonomy":"category","embeddable":true,"href":"https:\/\/www.cisa-arica.cl\/wp1\/wp-json\/wp\/v2\/categories?post=20582"},{"taxonomy":"post_tag","embeddable":true,"href":"https:\/\/www.cisa-arica.cl\/wp1\/wp-json\/wp\/v2\/tags?post=20582"}],"curies":[{"name":"wp","href":"https:\/\/api.w.org\/{rel}","templated":true}]}}