{"id":20352,"date":"2023-05-10T16:33:42","date_gmt":"2023-05-10T20:33:42","guid":{"rendered":"https:\/\/www.cisa-arica.cl\/wp1\/?p=20352"},"modified":"2023-05-10T21:45:15","modified_gmt":"2023-05-11T01:45:15","slug":"dia-del-estudiante","status":"publish","type":"post","link":"https:\/\/www.cisa-arica.cl\/wp1\/2023\/05\/10\/dia-del-estudiante\/","title":{"rendered":"D\u00eda del Estudiante"},"content":{"rendered":"<div><b>Estimada Comunidad Educativa:<\/b><\/div>\n<div>Junto con saludar y esperando se encuentre bien con la familia el motivo de este comunicado es para informar que<b>\u00a0ma\u00f1ana <span dir=\"ltr\">Jueves 11\/05<\/span> celebraremos &#8220;El d\u00eda del estudiante&#8221; :<\/b><\/div>\n<div>\n<ol>\n<li><b>El horario\u00a0<\/b>de entrada para todas las estudiantes desde<b>\u00a0Pre K\u00ednder a Cuarto Medio<\/b>\u00a0 es <span dir=\"ltr\">a las\u00a0<\/span><b><span dir=\"ltr\">07:45<\/span> y la Salida ser\u00e1 a las 14.00 horas.<\/b><\/li>\n<li><b>Por ma\u00f1ana tenemos cambio de actividad con las estudiantes, por lo tanto NO hay clases de manera formal, es decir, NO deben traer cuadernos ni libros y tampoco se realizar\u00e1n evaluaciones.<\/b><\/li>\n<li><b>Se realizar\u00e1n\u00a0distintas actividades recreativas, acto interno y convivencia de cada curso en su sala de clases.<\/b><\/li>\n<li>De manera voluntaria s\u00f3lo las<b>\u00a0estudiantes\u00a0de Educaci\u00f3n Parvularia pueden asistir con disfraz o ropa de calle.<\/b><\/li>\n<li>De manera voluntaria las estudiantes desde\u00a0<b>Primero B\u00e1sico a Cuarto Medio pueden asistir con ropa de calle.<\/b><\/li>\n<li><b>Las\u00a0estudiantes que cuentan\u00a0con el beneficio de alimentaci\u00f3n de Junaeb, \u00e9ste se realizar\u00e1 de manera normal.<\/b><\/li>\n<li><b>Por ma\u00f1ana TODAS las academias\u00a0y talleres de estudio est\u00e1n suspendidas.<\/b><\/li>\n<\/ol>\n<\/div>\n<div><b>Esperando su buena acogida.<\/b><b><\/b><\/div>\n<div><b>Atentamente.<\/b><\/div>\n<div><b>\u00a0<\/b><\/div>\n<div><b><u>La Direcci\u00f3n<\/u><\/b><\/div>\n","protected":false},"excerpt":{"rendered":"<p>Estimada Comunidad Educativa: Junto con saludar y esperando se encuentre bien con la familia el motivo de este comunicado es para informar que\u00a0ma\u00f1ana Jueves 11\/05 celebraremos &#8220;El d\u00eda del estudiante&#8221; : El horario\u00a0de entrada para todas las estudiantes desde\u00a0Pre K\u00ednder a Cuarto Medio\u00a0 es a las\u00a007:45 y la Salida ser\u00e1 a las 14.00 horas. Por <a class=\"read-more\" href=\"https:\/\/www.cisa-arica.cl\/wp1\/2023\/05\/10\/dia-del-estudiante\/\">Continuar leyendo<\/a><\/p>\n","protected":false},"author":5,"featured_media":20356,"comment_status":"closed","ping_status":"open","sticky":false,"template":"","format":"standard","meta":{"_jetpack_memberships_contains_paid_content":false,"footnotes":"","jetpack_publicize_message":"","jetpack_publicize_feature_enabled":true,"jetpack_social_post_already_shared":true,"jetpack_social_options":{"image_generator_settings":{"template":"highway","default_image_id":0,"font":"","enabled":false},"version":2}},"categories":[5],"tags":[],"class_list":["post-20352","post","type-post","status-publish","format-standard","has-post-thumbnail","hentry","category-uncategorized"],"jetpack_publicize_connections":[],"jetpack_featured_media_url":"https:\/\/www.cisa-arica.cl\/wp1\/wp-content\/uploads\/2023\/05\/52034B99-86D6-4432-9FC0-BA62558C00C3.jpeg","jetpack_sharing_enabled":true,"jetpack_shortlink":"https:\/\/wp.me\/p84wcz-5ig","jetpack-related-posts":[{"id":28416,"url":"https:\/\/www.cisa-arica.cl\/wp1\/2025\/05\/13\/dia-de-la-actividad-fisica-y-de-la-convivencia-escolar\/","url_meta":{"origin":20352,"position":0},"title":"D\u00eda de la Actividad F\u00edsica y de la Convivencia Escolar","author":"Jeannette Rivera","date":"13 de Mayo de 2025","format":false,"excerpt":"Ma\u00f1ana MI\u00c9RCOLES 14 DE MAYO 2025\u00a0se celebrar\u00e1 el \"D\u00eda de la Actividad F\u00edsica\" y el \"D\u00eda de la Convivencia Escolar\".\u00a0 Por esta raz\u00f3n le informo lo siguiente: El horario de entrada y salida de las estudiantes es el\u00a0NORMAL. Las actividades se desarrollar\u00e1n en algunos momentos del d\u00eda, no todo el\u2026","rel":"","context":"Entrada similar ","block_context":{"text":"Entrada similar ","link":""},"img":{"alt_text":"","src":"https:\/\/i0.wp.com\/www.cisa-arica.cl\/wp1\/wp-content\/uploads\/2024\/04\/IMG_9764-scaled.jpg?resize=350%2C200&ssl=1","width":350,"height":200,"srcset":"https:\/\/i0.wp.com\/www.cisa-arica.cl\/wp1\/wp-content\/uploads\/2024\/04\/IMG_9764-scaled.jpg?resize=350%2C200&ssl=1 1x, https:\/\/i0.wp.com\/www.cisa-arica.cl\/wp1\/wp-content\/uploads\/2024\/04\/IMG_9764-scaled.jpg?resize=525%2C300&ssl=1 1.5x, https:\/\/i0.wp.com\/www.cisa-arica.cl\/wp1\/wp-content\/uploads\/2024\/04\/IMG_9764-scaled.jpg?resize=700%2C400&ssl=1 2x, https:\/\/i0.wp.com\/www.cisa-arica.cl\/wp1\/wp-content\/uploads\/2024\/04\/IMG_9764-scaled.jpg?resize=1050%2C600&ssl=1 3x, https:\/\/i0.wp.com\/www.cisa-arica.cl\/wp1\/wp-content\/uploads\/2024\/04\/IMG_9764-scaled.jpg?resize=1400%2C800&ssl=1 4x"},"classes":[]},{"id":28816,"url":"https:\/\/www.cisa-arica.cl\/wp1\/2025\/08\/28\/actividades-de-fiestas-patrias-cisa-2025\/","url_meta":{"origin":20352,"position":1},"title":"Actividades de Fiestas Patrias Cisa 2025","author":"Jeannette Rivera","date":"28 de Agosto de 2025","format":false,"excerpt":"A d\u00edas de iniciar el mes de Septiembre, se da a conocer las diferentes actividades que se realizar\u00e1n en el marco de nuestras celebraciones de Fiestas Patrias: \u00a0Martes 02 de septiembre \u2013 Urban Day Solidario Todas las estudiantes pueden asistir con vestimenta ropa de calle desde Pre-K\u00ednder hasta Cuarto Medio,\u2026","rel":"","context":"Entrada similar ","block_context":{"text":"Entrada similar ","link":""},"img":{"alt_text":"","src":"https:\/\/i0.wp.com\/www.cisa-arica.cl\/wp1\/wp-content\/uploads\/2025\/08\/WhatsApp-Image-2025-08-28-at-12.05.44-PM.jpeg?resize=350%2C200&ssl=1","width":350,"height":200,"srcset":"https:\/\/i0.wp.com\/www.cisa-arica.cl\/wp1\/wp-content\/uploads\/2025\/08\/WhatsApp-Image-2025-08-28-at-12.05.44-PM.jpeg?resize=350%2C200&ssl=1 1x, https:\/\/i0.wp.com\/www.cisa-arica.cl\/wp1\/wp-content\/uploads\/2025\/08\/WhatsApp-Image-2025-08-28-at-12.05.44-PM.jpeg?resize=525%2C300&ssl=1 1.5x, https:\/\/i0.wp.com\/www.cisa-arica.cl\/wp1\/wp-content\/uploads\/2025\/08\/WhatsApp-Image-2025-08-28-at-12.05.44-PM.jpeg?resize=700%2C400&ssl=1 2x, https:\/\/i0.wp.com\/www.cisa-arica.cl\/wp1\/wp-content\/uploads\/2025\/08\/WhatsApp-Image-2025-08-28-at-12.05.44-PM.jpeg?resize=1050%2C600&ssl=1 3x"},"classes":[]},{"id":23677,"url":"https:\/\/www.cisa-arica.cl\/wp1\/2023\/12\/12\/miercoles-13-12-ultimo-dia-de-clases\/","url_meta":{"origin":20352,"position":2},"title":"Mi\u00e9rcoles 13-12 \u00daltimo D\u00eda de Clases","author":"Jeannette Rivera","date":"12 de Diciembre de 2023","format":false,"excerpt":"Ma\u00f1ana mi\u00e9rcoles 13 de diciembre es el \u00faltimo d\u00eda de clases en que nuestras estudiantes deber\u00e1n asistir al colegio. La jornada se iniciar\u00e1 a la 07:45 horas y finalizar\u00e1 a las 12:00 horas. Por ser \u00faltimo d\u00eda, las estudiantes pueden asistir con ropa de calle, o bien, vestidas con accesorios\u2026","rel":"","context":"Entrada similar ","block_context":{"text":"Entrada similar ","link":""},"img":{"alt_text":"","src":"https:\/\/i0.wp.com\/www.cisa-arica.cl\/wp1\/wp-content\/uploads\/2023\/12\/WhatsApp-Image-2023-12-12-at-08.35.37.jpeg?resize=350%2C200&ssl=1","width":350,"height":200,"srcset":"https:\/\/i0.wp.com\/www.cisa-arica.cl\/wp1\/wp-content\/uploads\/2023\/12\/WhatsApp-Image-2023-12-12-at-08.35.37.jpeg?resize=350%2C200&ssl=1 1x, https:\/\/i0.wp.com\/www.cisa-arica.cl\/wp1\/wp-content\/uploads\/2023\/12\/WhatsApp-Image-2023-12-12-at-08.35.37.jpeg?resize=525%2C300&ssl=1 1.5x, https:\/\/i0.wp.com\/www.cisa-arica.cl\/wp1\/wp-content\/uploads\/2023\/12\/WhatsApp-Image-2023-12-12-at-08.35.37.jpeg?resize=700%2C400&ssl=1 2x"},"classes":[]},{"id":26499,"url":"https:\/\/www.cisa-arica.cl\/wp1\/2024\/09\/09\/actividades-viernes-13-09\/","url_meta":{"origin":20352,"position":3},"title":"Actividades Viernes 13-09","author":"Jeannette Rivera","date":"9 de Septiembre de 2024","format":false,"excerpt":"A los padres y apoderados se les informa que este viernes 13 de septiembre, se realizar\u00e1n las siguientes actividades con motivo de la Celebraci\u00f3n de las Fiestas Patrias. Hora de entrada: 7.45 am. El primer bloque de clases las estudiantes tendr\u00e1n CLASES NORMALES. Las estudiantes pueden\u00a0asistir voluntariamente con vestimenta t\u00edpica\u2026","rel":"","context":"Entrada similar ","block_context":{"text":"Entrada similar ","link":""},"img":{"alt_text":"","src":"https:\/\/i0.wp.com\/www.cisa-arica.cl\/wp1\/wp-content\/uploads\/2024\/09\/WhatsApp-Image-2024-09-09-at-4.19.15-PM.jpeg?resize=350%2C200&ssl=1","width":350,"height":200,"srcset":"https:\/\/i0.wp.com\/www.cisa-arica.cl\/wp1\/wp-content\/uploads\/2024\/09\/WhatsApp-Image-2024-09-09-at-4.19.15-PM.jpeg?resize=350%2C200&ssl=1 1x, https:\/\/i0.wp.com\/www.cisa-arica.cl\/wp1\/wp-content\/uploads\/2024\/09\/WhatsApp-Image-2024-09-09-at-4.19.15-PM.jpeg?resize=525%2C300&ssl=1 1.5x, https:\/\/i0.wp.com\/www.cisa-arica.cl\/wp1\/wp-content\/uploads\/2024\/09\/WhatsApp-Image-2024-09-09-at-4.19.15-PM.jpeg?resize=700%2C400&ssl=1 2x, https:\/\/i0.wp.com\/www.cisa-arica.cl\/wp1\/wp-content\/uploads\/2024\/09\/WhatsApp-Image-2024-09-09-at-4.19.15-PM.jpeg?resize=1050%2C600&ssl=1 3x"},"classes":[]},{"id":21029,"url":"https:\/\/www.cisa-arica.cl\/wp1\/2023\/06\/23\/urban-day-martes-27\/","url_meta":{"origin":20352,"position":4},"title":"Urban Day Martes 27","author":"Jeannette Rivera","date":"23 de Junio de 2023","format":false,"excerpt":"El pr\u00f3ximo martes 27 de junio se realizar\u00e1 un Urban Day el cual ir\u00e1 en total beneficio de una familia de nuestro colegio que requiere de apoyo y mucha oraci\u00f3n. \u00a0Las estudiantes, de todos los niveles, pueden asistir con ropa de calle, considerando las normativas del colegio. El valor del\u2026","rel":"","context":"Entrada similar ","block_context":{"text":"Entrada similar ","link":""},"img":{"alt_text":"","src":"https:\/\/i0.wp.com\/www.cisa-arica.cl\/wp1\/wp-content\/uploads\/2023\/06\/67BC28FE-1223-4A1B-990D-F801FD30163F.jpeg?resize=350%2C200&ssl=1","width":350,"height":200,"srcset":"https:\/\/i0.wp.com\/www.cisa-arica.cl\/wp1\/wp-content\/uploads\/2023\/06\/67BC28FE-1223-4A1B-990D-F801FD30163F.jpeg?resize=350%2C200&ssl=1 1x, https:\/\/i0.wp.com\/www.cisa-arica.cl\/wp1\/wp-content\/uploads\/2023\/06\/67BC28FE-1223-4A1B-990D-F801FD30163F.jpeg?resize=525%2C300&ssl=1 1.5x, https:\/\/i0.wp.com\/www.cisa-arica.cl\/wp1\/wp-content\/uploads\/2023\/06\/67BC28FE-1223-4A1B-990D-F801FD30163F.jpeg?resize=700%2C400&ssl=1 2x, https:\/\/i0.wp.com\/www.cisa-arica.cl\/wp1\/wp-content\/uploads\/2023\/06\/67BC28FE-1223-4A1B-990D-F801FD30163F.jpeg?resize=1050%2C600&ssl=1 3x"},"classes":[]},{"id":29084,"url":"https:\/\/www.cisa-arica.cl\/wp1\/2025\/11\/06\/lucaton-y-teletin-cisa-2025\/","url_meta":{"origin":20352,"position":5},"title":"Lucat\u00f3n Cisa y Telet\u00edn 2025","author":"Jeannette Rivera","date":"6 de Noviembre de 2025","format":false,"excerpt":"Se comunican las siguientes actividades relacionadas con la Telet\u00f3n 2025, las cuales ya fueron enviadas a los correos institucionales de las estudiantes: \u00a0VIERNES 07 DE NOVIEMBRE DEL 2025 Se realizar\u00e1 una\u00a0LUCAT\u00d3N\u00a0que ir\u00e1 en directo beneficio de la\u00a0Telet\u00f3n. Las estudiantes que cancelen los\u00a0$1.000\u00a0pueden asistir con ropa de calle. Las estudiantes que\u2026","rel":"","context":"Entrada similar ","block_context":{"text":"Entrada similar ","link":""},"img":{"alt_text":"","src":"https:\/\/i0.wp.com\/www.cisa-arica.cl\/wp1\/wp-content\/uploads\/2025\/11\/ddd894d9-44fd-46d2-aefd-2665e4c87d27-medium-standard-q100.jpg?resize=350%2C200&ssl=1","width":350,"height":200,"srcset":"https:\/\/i0.wp.com\/www.cisa-arica.cl\/wp1\/wp-content\/uploads\/2025\/11\/ddd894d9-44fd-46d2-aefd-2665e4c87d27-medium-standard-q100.jpg?resize=350%2C200&ssl=1 1x, https:\/\/i0.wp.com\/www.cisa-arica.cl\/wp1\/wp-content\/uploads\/2025\/11\/ddd894d9-44fd-46d2-aefd-2665e4c87d27-medium-standard-q100.jpg?resize=525%2C300&ssl=1 1.5x"},"classes":[]}],"_links":{"self":[{"href":"https:\/\/www.cisa-arica.cl\/wp1\/wp-json\/wp\/v2\/posts\/20352","targetHints":{"allow":["GET"]}}],"collection":[{"href":"https:\/\/www.cisa-arica.cl\/wp1\/wp-json\/wp\/v2\/posts"}],"about":[{"href":"https:\/\/www.cisa-arica.cl\/wp1\/wp-json\/wp\/v2\/types\/post"}],"author":[{"embeddable":true,"href":"https:\/\/www.cisa-arica.cl\/wp1\/wp-json\/wp\/v2\/users\/5"}],"replies":[{"embeddable":true,"href":"https:\/\/www.cisa-arica.cl\/wp1\/wp-json\/wp\/v2\/comments?post=20352"}],"version-history":[{"count":2,"href":"https:\/\/www.cisa-arica.cl\/wp1\/wp-json\/wp\/v2\/posts\/20352\/revisions"}],"predecessor-version":[{"id":20355,"href":"https:\/\/www.cisa-arica.cl\/wp1\/wp-json\/wp\/v2\/posts\/20352\/revisions\/20355"}],"wp:featuredmedia":[{"embeddable":true,"href":"https:\/\/www.cisa-arica.cl\/wp1\/wp-json\/wp\/v2\/media\/20356"}],"wp:attachment":[{"href":"https:\/\/www.cisa-arica.cl\/wp1\/wp-json\/wp\/v2\/media?parent=20352"}],"wp:term":[{"taxonomy":"category","embeddable":true,"href":"https:\/\/www.cisa-arica.cl\/wp1\/wp-json\/wp\/v2\/categories?post=20352"},{"taxonomy":"post_tag","embeddable":true,"href":"https:\/\/www.cisa-arica.cl\/wp1\/wp-json\/wp\/v2\/tags?post=20352"}],"curies":[{"name":"wp","href":"https:\/\/api.w.org\/{rel}","templated":true}]}}