{"id":20348,"date":"2023-05-10T12:30:34","date_gmt":"2023-05-10T16:30:34","guid":{"rendered":"https:\/\/www.cisa-arica.cl\/wp1\/?p=20348"},"modified":"2023-05-10T21:31:21","modified_gmt":"2023-05-11T01:31:21","slug":"campana-solidaria-cisa","status":"publish","type":"post","link":"https:\/\/www.cisa-arica.cl\/wp1\/2023\/05\/10\/campana-solidaria-cisa\/","title":{"rendered":"Campa\u00f1a Solidaria Cisa"},"content":{"rendered":"<p>Estimadas estudiantes, recuerden que estamos en la campa\u00f1a solidaria del Papel Higi\u00e9nico y de las Toallas Higi\u00e9nicas, tu cooperaci\u00f3n va en beneficio de todas.<br \/>\n<img loading=\"lazy\" decoding=\"async\" data-attachment-id=\"20350\" data-permalink=\"https:\/\/www.cisa-arica.cl\/wp1\/2023\/05\/10\/campana-solidaria-cisa\/8ed8a71f-a049-4fd6-8fe5-827502aeca6d\/\" data-orig-file=\"https:\/\/www.cisa-arica.cl\/wp1\/wp-content\/uploads\/2023\/05\/8ED8A71F-A049-4FD6-8FE5-827502AECA6D.jpeg\" data-orig-size=\"1131,1600\" data-comments-opened=\"0\" data-image-meta=\"{&quot;aperture&quot;:&quot;0&quot;,&quot;credit&quot;:&quot;&quot;,&quot;camera&quot;:&quot;&quot;,&quot;caption&quot;:&quot;&quot;,&quot;created_timestamp&quot;:&quot;0&quot;,&quot;copyright&quot;:&quot;&quot;,&quot;focal_length&quot;:&quot;0&quot;,&quot;iso&quot;:&quot;0&quot;,&quot;shutter_speed&quot;:&quot;0&quot;,&quot;title&quot;:&quot;&quot;,&quot;orientation&quot;:&quot;0&quot;}\" data-image-title=\"8ED8A71F-A049-4FD6-8FE5-827502AECA6D\" data-image-description=\"\" data-image-caption=\"\" data-large-file=\"https:\/\/www.cisa-arica.cl\/wp1\/wp-content\/uploads\/2023\/05\/8ED8A71F-A049-4FD6-8FE5-827502AECA6D-424x600.jpeg\" class=\"alignnone size-medium wp-image-20350\" src=\"http:\/\/www.cisa-arica.cl\/wp1\/wp-content\/uploads\/2023\/05\/8ED8A71F-A049-4FD6-8FE5-827502AECA6D-212x300.jpeg\" alt=\"\" width=\"212\" height=\"300\" srcset=\"https:\/\/www.cisa-arica.cl\/wp1\/wp-content\/uploads\/2023\/05\/8ED8A71F-A049-4FD6-8FE5-827502AECA6D-212x300.jpeg 212w, https:\/\/www.cisa-arica.cl\/wp1\/wp-content\/uploads\/2023\/05\/8ED8A71F-A049-4FD6-8FE5-827502AECA6D-424x600.jpeg 424w, https:\/\/www.cisa-arica.cl\/wp1\/wp-content\/uploads\/2023\/05\/8ED8A71F-A049-4FD6-8FE5-827502AECA6D-768x1086.jpeg 768w, https:\/\/www.cisa-arica.cl\/wp1\/wp-content\/uploads\/2023\/05\/8ED8A71F-A049-4FD6-8FE5-827502AECA6D-1086x1536.jpeg 1086w, https:\/\/www.cisa-arica.cl\/wp1\/wp-content\/uploads\/2023\/05\/8ED8A71F-A049-4FD6-8FE5-827502AECA6D.jpeg 1131w\" sizes=\"auto, (max-width: 212px) 100vw, 212px\" \/><img loading=\"lazy\" decoding=\"async\" data-attachment-id=\"20349\" data-permalink=\"https:\/\/www.cisa-arica.cl\/wp1\/2023\/05\/10\/campana-solidaria-cisa\/b50c6fa5-a86f-4883-96d6-c99ec1d6956e\/\" data-orig-file=\"https:\/\/www.cisa-arica.cl\/wp1\/wp-content\/uploads\/2023\/05\/B50C6FA5-A86F-4883-96D6-C99EC1D6956E.jpeg\" data-orig-size=\"1131,1600\" data-comments-opened=\"0\" data-image-meta=\"{&quot;aperture&quot;:&quot;0&quot;,&quot;credit&quot;:&quot;&quot;,&quot;camera&quot;:&quot;&quot;,&quot;caption&quot;:&quot;&quot;,&quot;created_timestamp&quot;:&quot;0&quot;,&quot;copyright&quot;:&quot;&quot;,&quot;focal_length&quot;:&quot;0&quot;,&quot;iso&quot;:&quot;0&quot;,&quot;shutter_speed&quot;:&quot;0&quot;,&quot;title&quot;:&quot;&quot;,&quot;orientation&quot;:&quot;0&quot;}\" data-image-title=\"B50C6FA5-A86F-4883-96D6-C99EC1D6956E\" data-image-description=\"\" data-image-caption=\"\" data-large-file=\"https:\/\/www.cisa-arica.cl\/wp1\/wp-content\/uploads\/2023\/05\/B50C6FA5-A86F-4883-96D6-C99EC1D6956E-424x600.jpeg\" class=\"alignnone size-medium wp-image-20349\" src=\"http:\/\/www.cisa-arica.cl\/wp1\/wp-content\/uploads\/2023\/05\/B50C6FA5-A86F-4883-96D6-C99EC1D6956E-212x300.jpeg\" alt=\"\" width=\"212\" height=\"300\" srcset=\"https:\/\/www.cisa-arica.cl\/wp1\/wp-content\/uploads\/2023\/05\/B50C6FA5-A86F-4883-96D6-C99EC1D6956E-212x300.jpeg 212w, https:\/\/www.cisa-arica.cl\/wp1\/wp-content\/uploads\/2023\/05\/B50C6FA5-A86F-4883-96D6-C99EC1D6956E-424x600.jpeg 424w, https:\/\/www.cisa-arica.cl\/wp1\/wp-content\/uploads\/2023\/05\/B50C6FA5-A86F-4883-96D6-C99EC1D6956E-768x1086.jpeg 768w, https:\/\/www.cisa-arica.cl\/wp1\/wp-content\/uploads\/2023\/05\/B50C6FA5-A86F-4883-96D6-C99EC1D6956E-1086x1536.jpeg 1086w, https:\/\/www.cisa-arica.cl\/wp1\/wp-content\/uploads\/2023\/05\/B50C6FA5-A86F-4883-96D6-C99EC1D6956E.jpeg 1131w\" sizes=\"auto, (max-width: 212px) 100vw, 212px\" \/><\/p>\n<p>&nbsp;<\/p>\n","protected":false},"excerpt":{"rendered":"<p>Estimadas estudiantes, recuerden que estamos en la campa\u00f1a solidaria del Papel Higi\u00e9nico y de las Toallas Higi\u00e9nicas, tu cooperaci\u00f3n va en beneficio de todas. &nbsp;<\/p>\n","protected":false},"author":5,"featured_media":0,"comment_status":"closed","ping_status":"open","sticky":false,"template":"","format":"standard","meta":{"_jetpack_memberships_contains_paid_content":false,"footnotes":"","jetpack_publicize_message":"","jetpack_publicize_feature_enabled":true,"jetpack_social_post_already_shared":true,"jetpack_social_options":{"image_generator_settings":{"template":"highway","default_image_id":0,"font":"","enabled":false},"version":2}},"categories":[5],"tags":[],"class_list":["post-20348","post","type-post","status-publish","format-standard","hentry","category-uncategorized"],"jetpack_publicize_connections":[],"jetpack_featured_media_url":"","jetpack_sharing_enabled":true,"jetpack_shortlink":"https:\/\/wp.me\/p84wcz-5ic","jetpack-related-posts":[{"id":13069,"url":"https:\/\/www.cisa-arica.cl\/wp1\/2021\/09\/07\/campana-solidaria-grupo-catequesis-primera-comunion\/","url_meta":{"origin":20348,"position":0},"title":"Campa\u00f1a Solidaria &#8211; Grupo Catequesis Primera Comuni\u00f3n","author":"Jeannette Rivera","date":"7 de Septiembre de 2021","format":false,"excerpt":"Estimada Comunidad Educativa: Sin quedar indiferentes a las necesitades del pr\u00f3jimo y con un sincero cari\u00f1o, nuestras estudiantes del Grupo Catequesis de Primera Comuni\u00f3n han realizado una campa\u00f1a solidaria junto a sus familias, comprendiendo que debemos practicar los importantes valores del amor, la bondad y la caridad. Atentamente, Equipo Pastoral\u2026","rel":"","context":"En &quot;Pastoral&quot;","block_context":{"text":"Pastoral","link":"https:\/\/www.cisa-arica.cl\/wp1\/category\/pastoral\/"},"img":{"alt_text":"","src":"https:\/\/i0.wp.com\/www.cisa-arica.cl\/wp1\/wp-content\/uploads\/2021\/09\/100.jpg?resize=350%2C200&ssl=1","width":350,"height":200,"srcset":"https:\/\/i0.wp.com\/www.cisa-arica.cl\/wp1\/wp-content\/uploads\/2021\/09\/100.jpg?resize=350%2C200&ssl=1 1x, https:\/\/i0.wp.com\/www.cisa-arica.cl\/wp1\/wp-content\/uploads\/2021\/09\/100.jpg?resize=525%2C300&ssl=1 1.5x, https:\/\/i0.wp.com\/www.cisa-arica.cl\/wp1\/wp-content\/uploads\/2021\/09\/100.jpg?resize=700%2C400&ssl=1 2x, https:\/\/i0.wp.com\/www.cisa-arica.cl\/wp1\/wp-content\/uploads\/2021\/09\/100.jpg?resize=1050%2C600&ssl=1 3x"},"classes":[]},{"id":17012,"url":"https:\/\/www.cisa-arica.cl\/wp1\/2022\/08\/26\/campana-solidaria-cisa-2022\/","url_meta":{"origin":20348,"position":1},"title":"Campa\u00f1a y Actividad Solidaria Cisa 2022","author":"Jeannette Rivera","date":"26 de Agosto de 2022","format":false,"excerpt":"Luego de la campa\u00f1a realizada durante este mes, las estudiantes del CEAL y representantes de Segundos B\u00e1sicos. Entregaron lo recaudado al SERVICO JESUITA MIGRANTE.Agradecemos a ellos la posibilidad que nos dan de hacer vida nuestro sello institucional de compromiso social y esperamos que lo reunido sea de mucha ayuda para\u2026","rel":"","context":"Entrada similar ","block_context":{"text":"Entrada similar ","link":""},"img":{"alt_text":"","src":"https:\/\/i0.wp.com\/www.cisa-arica.cl\/wp1\/wp-content\/uploads\/2022\/08\/D184D794-2843-4469-BA31-CEC7BFB74C5D.jpeg?resize=350%2C200&ssl=1","width":350,"height":200,"srcset":"https:\/\/i0.wp.com\/www.cisa-arica.cl\/wp1\/wp-content\/uploads\/2022\/08\/D184D794-2843-4469-BA31-CEC7BFB74C5D.jpeg?resize=350%2C200&ssl=1 1x, https:\/\/i0.wp.com\/www.cisa-arica.cl\/wp1\/wp-content\/uploads\/2022\/08\/D184D794-2843-4469-BA31-CEC7BFB74C5D.jpeg?resize=525%2C300&ssl=1 1.5x, https:\/\/i0.wp.com\/www.cisa-arica.cl\/wp1\/wp-content\/uploads\/2022\/08\/D184D794-2843-4469-BA31-CEC7BFB74C5D.jpeg?resize=700%2C400&ssl=1 2x, https:\/\/i0.wp.com\/www.cisa-arica.cl\/wp1\/wp-content\/uploads\/2022\/08\/D184D794-2843-4469-BA31-CEC7BFB74C5D.jpeg?resize=1050%2C600&ssl=1 3x, https:\/\/i0.wp.com\/www.cisa-arica.cl\/wp1\/wp-content\/uploads\/2022\/08\/D184D794-2843-4469-BA31-CEC7BFB74C5D.jpeg?resize=1400%2C800&ssl=1 4x"},"classes":[]},{"id":19403,"url":"https:\/\/www.cisa-arica.cl\/wp1\/2023\/03\/15\/campana-solidaria-en-tiempo-de-cuaresma-manos-para-dar-corazon-para-amar\/","url_meta":{"origin":20348,"position":2},"title":"CAMPA\u00d1A SOLIDARIA EN TIEMPO DE CUARESMA  \u201cMANOS PARA DAR, CORAZ\u00d3N PARA AMAR\u201d","author":"Jeannette Rivera","date":"15 de Marzo de 2023","format":false,"excerpt":"Reciban fraternalmente nuestro saludo. Esperamos que hayan vivido un buen tiempo de descanso en estos meses de vacaciones y que sea un bendecido a\u00f1o para ustedes. Les compartimos que nos encontramos viviendo el TIEMPO LIT\u00daRGICO DE CUARESMA; en donde la Iglesia nos invita a vivir la SOLIDARIDAD, EL AMOR A\u2026","rel":"","context":"Entrada similar ","block_context":{"text":"Entrada similar ","link":""},"img":{"alt_text":"","src":"https:\/\/i0.wp.com\/www.cisa-arica.cl\/wp1\/wp-content\/uploads\/2023\/03\/Screenshot_20230313_184859_WhatsApp-1.jpg?resize=350%2C200&ssl=1","width":350,"height":200,"srcset":"https:\/\/i0.wp.com\/www.cisa-arica.cl\/wp1\/wp-content\/uploads\/2023\/03\/Screenshot_20230313_184859_WhatsApp-1.jpg?resize=350%2C200&ssl=1 1x, https:\/\/i0.wp.com\/www.cisa-arica.cl\/wp1\/wp-content\/uploads\/2023\/03\/Screenshot_20230313_184859_WhatsApp-1.jpg?resize=525%2C300&ssl=1 1.5x, https:\/\/i0.wp.com\/www.cisa-arica.cl\/wp1\/wp-content\/uploads\/2023\/03\/Screenshot_20230313_184859_WhatsApp-1.jpg?resize=700%2C400&ssl=1 2x"},"classes":[]},{"id":12855,"url":"https:\/\/www.cisa-arica.cl\/wp1\/2021\/08\/18\/agosto-mes-de-la-solidaridad\/","url_meta":{"origin":20348,"position":3},"title":"Agosto, Mes de la Solidaridad","author":"CISA","date":"18 de Agosto de 2021","format":false,"excerpt":"Estimada comunidad Santa Ana: En este Mes de la Solidaridad, compartimos con ustedes esta campa\u00f1a solidaria que durante el mes de Agosto estaremos desarrollando para apoyar a quienes m\u00e1s lo necesitan, especialmente en este contexto de crisis\u00a0 sanitaria y humanitaria. Toda donaci\u00f3n de mascarillas\/alcohol gel es bienvenida hasta el 3\u2026","rel":"","context":"Entrada similar ","block_context":{"text":"Entrada similar ","link":""},"img":{"alt_text":"","src":"https:\/\/i0.wp.com\/www.cisa-arica.cl\/wp1\/wp-content\/uploads\/2021\/08\/img_9607.jpg?resize=350%2C200&ssl=1","width":350,"height":200,"srcset":"https:\/\/i0.wp.com\/www.cisa-arica.cl\/wp1\/wp-content\/uploads\/2021\/08\/img_9607.jpg?resize=350%2C200&ssl=1 1x, https:\/\/i0.wp.com\/www.cisa-arica.cl\/wp1\/wp-content\/uploads\/2021\/08\/img_9607.jpg?resize=525%2C300&ssl=1 1.5x, https:\/\/i0.wp.com\/www.cisa-arica.cl\/wp1\/wp-content\/uploads\/2021\/08\/img_9607.jpg?resize=700%2C400&ssl=1 2x"},"classes":[]},{"id":18539,"url":"https:\/\/www.cisa-arica.cl\/wp1\/2022\/12\/05\/actividad-volunteers-in-action-con-3ros-medios\/","url_meta":{"origin":20348,"position":4},"title":"Actividad \u201cVolunteers in Action\u201d con 3ros Medios","author":"CISA","date":"5 de Diciembre de 2022","format":false,"excerpt":"Fue una acci\u00f3n realizada por las estudiantes de 3eros medios A y B de nuestro colegio,qui\u00e9nes en la unidad de voluntariado de la asignatura de ingl\u00e9s, contextualizaron el uso del idioma llevando a cabo diversas actividades con los abuelitos de hogares del adulto mayor.\"Hermanitas de los pobres\" y \"Hogar y\u2026","rel":"","context":"Entrada similar ","block_context":{"text":"Entrada similar ","link":""},"img":{"alt_text":"","src":"https:\/\/i0.wp.com\/www.cisa-arica.cl\/wp1\/wp-content\/uploads\/2022\/12\/IMG_3774-scaled.jpg?resize=350%2C200&ssl=1","width":350,"height":200,"srcset":"https:\/\/i0.wp.com\/www.cisa-arica.cl\/wp1\/wp-content\/uploads\/2022\/12\/IMG_3774-scaled.jpg?resize=350%2C200&ssl=1 1x, https:\/\/i0.wp.com\/www.cisa-arica.cl\/wp1\/wp-content\/uploads\/2022\/12\/IMG_3774-scaled.jpg?resize=525%2C300&ssl=1 1.5x, https:\/\/i0.wp.com\/www.cisa-arica.cl\/wp1\/wp-content\/uploads\/2022\/12\/IMG_3774-scaled.jpg?resize=700%2C400&ssl=1 2x, https:\/\/i0.wp.com\/www.cisa-arica.cl\/wp1\/wp-content\/uploads\/2022\/12\/IMG_3774-scaled.jpg?resize=1050%2C600&ssl=1 3x, https:\/\/i0.wp.com\/www.cisa-arica.cl\/wp1\/wp-content\/uploads\/2022\/12\/IMG_3774-scaled.jpg?resize=1400%2C800&ssl=1 4x"},"classes":[]},{"id":6524,"url":"https:\/\/www.cisa-arica.cl\/wp1\/2019\/04\/30\/actividad-solidaria-pascua-de-resurreccion\/","url_meta":{"origin":20348,"position":5},"title":"Actividad solidaria Pascua de Resurrecci\u00f3n","author":"Jeannette Rivera","date":"30 de Abril de 2019","format":false,"excerpt":"El pasado viernes 26 de abril bajo la organizaci\u00f3n del Centro de Padres y Centro de Alumnas del colegio, se llev\u00f3 a cabo la actividad solidaria \"Haciendo una pascua realidad\" en el Centro Abierto San Eduardo, que acoge alrededor de 70 inmigrantes. Con esta once celebramos de una manera diferente\u2026","rel":"","context":"En &quot;galeria&quot;","block_context":{"text":"galeria","link":"https:\/\/www.cisa-arica.cl\/wp1\/category\/galeria\/"},"img":{"alt_text":"","src":"https:\/\/i0.wp.com\/www.cisa-arica.cl\/wp1\/wp-content\/uploads\/2019\/04\/010-8.jpeg?resize=350%2C200&ssl=1","width":350,"height":200,"srcset":"https:\/\/i0.wp.com\/www.cisa-arica.cl\/wp1\/wp-content\/uploads\/2019\/04\/010-8.jpeg?resize=350%2C200&ssl=1 1x, https:\/\/i0.wp.com\/www.cisa-arica.cl\/wp1\/wp-content\/uploads\/2019\/04\/010-8.jpeg?resize=525%2C300&ssl=1 1.5x, https:\/\/i0.wp.com\/www.cisa-arica.cl\/wp1\/wp-content\/uploads\/2019\/04\/010-8.jpeg?resize=700%2C400&ssl=1 2x"},"classes":[]}],"_links":{"self":[{"href":"https:\/\/www.cisa-arica.cl\/wp1\/wp-json\/wp\/v2\/posts\/20348","targetHints":{"allow":["GET"]}}],"collection":[{"href":"https:\/\/www.cisa-arica.cl\/wp1\/wp-json\/wp\/v2\/posts"}],"about":[{"href":"https:\/\/www.cisa-arica.cl\/wp1\/wp-json\/wp\/v2\/types\/post"}],"author":[{"embeddable":true,"href":"https:\/\/www.cisa-arica.cl\/wp1\/wp-json\/wp\/v2\/users\/5"}],"replies":[{"embeddable":true,"href":"https:\/\/www.cisa-arica.cl\/wp1\/wp-json\/wp\/v2\/comments?post=20348"}],"version-history":[{"count":1,"href":"https:\/\/www.cisa-arica.cl\/wp1\/wp-json\/wp\/v2\/posts\/20348\/revisions"}],"predecessor-version":[{"id":20351,"href":"https:\/\/www.cisa-arica.cl\/wp1\/wp-json\/wp\/v2\/posts\/20348\/revisions\/20351"}],"wp:attachment":[{"href":"https:\/\/www.cisa-arica.cl\/wp1\/wp-json\/wp\/v2\/media?parent=20348"}],"wp:term":[{"taxonomy":"category","embeddable":true,"href":"https:\/\/www.cisa-arica.cl\/wp1\/wp-json\/wp\/v2\/categories?post=20348"},{"taxonomy":"post_tag","embeddable":true,"href":"https:\/\/www.cisa-arica.cl\/wp1\/wp-json\/wp\/v2\/tags?post=20348"}],"curies":[{"name":"wp","href":"https:\/\/api.w.org\/{rel}","templated":true}]}}