{"id":20109,"date":"2023-04-25T13:56:00","date_gmt":"2023-04-25T17:56:00","guid":{"rendered":"https:\/\/www.cisa-arica.cl\/wp1\/?p=20109"},"modified":"2023-12-28T14:29:36","modified_gmt":"2023-12-28T18:29:36","slug":"conmemorando-el-dia-del-libro-y-derecho-de-autor","status":"publish","type":"post","link":"https:\/\/www.cisa-arica.cl\/wp1\/2023\/04\/25\/conmemorando-el-dia-del-libro-y-derecho-de-autor\/","title":{"rendered":"Conmemorando el D\u00eda del Libro y Derecho de Autor"},"content":{"rendered":"<p>Ayer lunes 24 se conmemor\u00f3 el D\u00eda del Libro y Derecho de Autor, con diversas actividades en todos los niveles&nbsp; tales como: exposiciones de trabajos y de Mundos Literarios, creaci\u00f3n de t\u00edteres en familia, pictogramas, murales, separadores de textos, creaci\u00f3n de videos, adivina buen adivinador, entre otras muchas que se realizaron en clases de lenguaje.&nbsp; Adem\u00e1s, las estudiantes desde 6to a 4to a\u00f1o medio, participaron de un Caf\u00e9 Literario en donde pudieron analizar dos videos desde la perspectiva literaria. Toda la actividad estuvo a cargo del Departamento de Lenguaje y el Cra de nuestro colegio.<\/p>\n<p>Felicitaciones a todos quienes participaron y disfrutaron de este d\u00eda dedicado a las letras.<\/p>\n\n\n<div class=\"wp-block-jetpack-tiled-gallery aligncenter is-style-rectangular\"><div class=\"tiled-gallery__gallery\"><div class=\"tiled-gallery__row\"><div class=\"tiled-gallery__col\" style=\"flex-basis:26.48789%\"><figure class=\"tiled-gallery__item\"><img decoding=\"async\" data-attachment-id=\"20114\" data-permalink=\"https:\/\/www.cisa-arica.cl\/wp1\/2023\/04\/25\/conmemorando-el-dia-del-libro-y-derecho-de-autor\/whatsapp-image-2023-04-27-at-13-16-24\/\" data-orig-file=\"https:\/\/www.cisa-arica.cl\/wp1\/wp-content\/uploads\/2023\/04\/WhatsApp-Image-2023-04-27-at-13.16.24.jpeg\" data-orig-size=\"768,1024\" data-comments-opened=\"0\" data-image-meta=\"{&quot;aperture&quot;:&quot;0&quot;,&quot;credit&quot;:&quot;&quot;,&quot;camera&quot;:&quot;&quot;,&quot;caption&quot;:&quot;&quot;,&quot;created_timestamp&quot;:&quot;0&quot;,&quot;copyright&quot;:&quot;&quot;,&quot;focal_length&quot;:&quot;0&quot;,&quot;iso&quot;:&quot;0&quot;,&quot;shutter_speed&quot;:&quot;0&quot;,&quot;title&quot;:&quot;&quot;,&quot;orientation&quot;:&quot;0&quot;}\" data-image-title=\"WhatsApp-Image-2023-04-27-at-13.16.24\" data-image-description=\"\" data-image-caption=\"\" data-large-file=\"https:\/\/www.cisa-arica.cl\/wp1\/wp-content\/uploads\/2023\/04\/WhatsApp-Image-2023-04-27-at-13.16.24-450x600.jpeg\" data-attachment-id=\"20114\" data-permalink=\"https:\/\/www.cisa-arica.cl\/wp1\/2023\/04\/25\/conmemorando-el-dia-del-libro-y-derecho-de-autor\/whatsapp-image-2023-04-27-at-13-16-24\/\" data-orig-file=\"https:\/\/www.cisa-arica.cl\/wp1\/wp-content\/uploads\/2023\/04\/WhatsApp-Image-2023-04-27-at-13.16.24.jpeg\" data-orig-size=\"768,1024\" data-comments-opened=\"0\" data-image-meta=\"{&quot;aperture&quot;:&quot;0&quot;,&quot;credit&quot;:&quot;&quot;,&quot;camera&quot;:&quot;&quot;,&quot;caption&quot;:&quot;&quot;,&quot;created_timestamp&quot;:&quot;0&quot;,&quot;copyright&quot;:&quot;&quot;,&quot;focal_length&quot;:&quot;0&quot;,&quot;iso&quot;:&quot;0&quot;,&quot;shutter_speed&quot;:&quot;0&quot;,&quot;title&quot;:&quot;&quot;,&quot;orientation&quot;:&quot;0&quot;}\" data-image-title=\"WhatsApp-Image-2023-04-27-at-13.16.24\" data-image-description=\"\" data-image-caption=\"\" data-large-file=\"https:\/\/www.cisa-arica.cl\/wp1\/wp-content\/uploads\/2023\/04\/WhatsApp-Image-2023-04-27-at-13.16.24-450x600.jpeg\" role=\"button\" tabindex=\"0\" aria-label=\"Abrir la imagen 1 de 54 en pantalla completa\"srcset=\"https:\/\/i0.wp.com\/www.cisa-arica.cl\/wp1\/wp-content\/uploads\/2023\/04\/WhatsApp-Image-2023-04-27-at-13.16.24-450x600.jpeg?strip=info&#038;w=600&#038;ssl=1 600w,https:\/\/i0.wp.com\/www.cisa-arica.cl\/wp1\/wp-content\/uploads\/2023\/04\/WhatsApp-Image-2023-04-27-at-13.16.24-450x600.jpeg?strip=info&#038;w=768&#038;ssl=1 768w\" alt=\"\" data-height=\"1024\" data-id=\"20114\" data-link=\"https:\/\/www.cisa-arica.cl\/wp1\/?attachment_id=20114\" data-url=\"https:\/\/www.cisa-arica.cl\/wp1\/wp-content\/uploads\/2023\/04\/WhatsApp-Image-2023-04-27-at-13.16.24-450x600.jpeg\" data-width=\"768\" src=\"https:\/\/i0.wp.com\/www.cisa-arica.cl\/wp1\/wp-content\/uploads\/2023\/04\/WhatsApp-Image-2023-04-27-at-13.16.24-450x600.jpeg?ssl=1\" data-amp-layout=\"responsive\"\/><\/figure><\/div><div class=\"tiled-gallery__col\" style=\"flex-basis:47.02422%\"><figure class=\"tiled-gallery__item\"><img decoding=\"async\" data-attachment-id=\"20115\" data-permalink=\"https:\/\/www.cisa-arica.cl\/wp1\/2023\/04\/25\/conmemorando-el-dia-del-libro-y-derecho-de-autor\/whatsapp-image-2023-04-27-at-13-16-23\/\" data-orig-file=\"https:\/\/www.cisa-arica.cl\/wp1\/wp-content\/uploads\/2023\/04\/WhatsApp-Image-2023-04-27-at-13.16.23.jpeg\" data-orig-size=\"1024,768\" data-comments-opened=\"0\" data-image-meta=\"{&quot;aperture&quot;:&quot;0&quot;,&quot;credit&quot;:&quot;&quot;,&quot;camera&quot;:&quot;&quot;,&quot;caption&quot;:&quot;&quot;,&quot;created_timestamp&quot;:&quot;0&quot;,&quot;copyright&quot;:&quot;&quot;,&quot;focal_length&quot;:&quot;0&quot;,&quot;iso&quot;:&quot;0&quot;,&quot;shutter_speed&quot;:&quot;0&quot;,&quot;title&quot;:&quot;&quot;,&quot;orientation&quot;:&quot;0&quot;}\" data-image-title=\"WhatsApp-Image-2023-04-27-at-13.16.23\" data-image-description=\"\" data-image-caption=\"\" data-large-file=\"https:\/\/www.cisa-arica.cl\/wp1\/wp-content\/uploads\/2023\/04\/WhatsApp-Image-2023-04-27-at-13.16.23-600x450.jpeg\" data-attachment-id=\"20115\" data-permalink=\"https:\/\/www.cisa-arica.cl\/wp1\/2023\/04\/25\/conmemorando-el-dia-del-libro-y-derecho-de-autor\/whatsapp-image-2023-04-27-at-13-16-23\/\" data-orig-file=\"https:\/\/www.cisa-arica.cl\/wp1\/wp-content\/uploads\/2023\/04\/WhatsApp-Image-2023-04-27-at-13.16.23.jpeg\" data-orig-size=\"1024,768\" data-comments-opened=\"0\" data-image-meta=\"{&quot;aperture&quot;:&quot;0&quot;,&quot;credit&quot;:&quot;&quot;,&quot;camera&quot;:&quot;&quot;,&quot;caption&quot;:&quot;&quot;,&quot;created_timestamp&quot;:&quot;0&quot;,&quot;copyright&quot;:&quot;&quot;,&quot;focal_length&quot;:&quot;0&quot;,&quot;iso&quot;:&quot;0&quot;,&quot;shutter_speed&quot;:&quot;0&quot;,&quot;title&quot;:&quot;&quot;,&quot;orientation&quot;:&quot;0&quot;}\" data-image-title=\"WhatsApp-Image-2023-04-27-at-13.16.23\" data-image-description=\"\" data-image-caption=\"\" data-large-file=\"https:\/\/www.cisa-arica.cl\/wp1\/wp-content\/uploads\/2023\/04\/WhatsApp-Image-2023-04-27-at-13.16.23-600x450.jpeg\" role=\"button\" tabindex=\"0\" aria-label=\"Abrir la imagen 2 de 54 en pantalla completa\"srcset=\"https:\/\/i2.wp.com\/www.cisa-arica.cl\/wp1\/wp-content\/uploads\/2023\/04\/WhatsApp-Image-2023-04-27-at-13.16.23-600x450.jpeg?strip=info&#038;w=600&#038;ssl=1 600w,https:\/\/i2.wp.com\/www.cisa-arica.cl\/wp1\/wp-content\/uploads\/2023\/04\/WhatsApp-Image-2023-04-27-at-13.16.23-600x450.jpeg?strip=info&#038;w=900&#038;ssl=1 900w,https:\/\/i2.wp.com\/www.cisa-arica.cl\/wp1\/wp-content\/uploads\/2023\/04\/WhatsApp-Image-2023-04-27-at-13.16.23-600x450.jpeg?strip=info&#038;w=1024&#038;ssl=1 1024w\" alt=\"\" data-height=\"768\" data-id=\"20115\" data-link=\"https:\/\/www.cisa-arica.cl\/wp1\/?attachment_id=20115\" data-url=\"https:\/\/www.cisa-arica.cl\/wp1\/wp-content\/uploads\/2023\/04\/WhatsApp-Image-2023-04-27-at-13.16.23-600x450.jpeg\" data-width=\"1024\" src=\"https:\/\/i2.wp.com\/www.cisa-arica.cl\/wp1\/wp-content\/uploads\/2023\/04\/WhatsApp-Image-2023-04-27-at-13.16.23-600x450.jpeg?ssl=1\" data-amp-layout=\"responsive\"\/><\/figure><\/div><div class=\"tiled-gallery__col\" style=\"flex-basis:26.48789%\"><figure class=\"tiled-gallery__item\"><img decoding=\"async\" data-attachment-id=\"20116\" data-permalink=\"https:\/\/www.cisa-arica.cl\/wp1\/2023\/04\/25\/conmemorando-el-dia-del-libro-y-derecho-de-autor\/whatsapp-image-2023-04-27-at-13-16-231\/\" data-orig-file=\"https:\/\/www.cisa-arica.cl\/wp1\/wp-content\/uploads\/2023\/04\/WhatsApp-Image-2023-04-27-at-13.16.231.jpeg\" data-orig-size=\"768,1024\" data-comments-opened=\"0\" data-image-meta=\"{&quot;aperture&quot;:&quot;0&quot;,&quot;credit&quot;:&quot;&quot;,&quot;camera&quot;:&quot;&quot;,&quot;caption&quot;:&quot;&quot;,&quot;created_timestamp&quot;:&quot;0&quot;,&quot;copyright&quot;:&quot;&quot;,&quot;focal_length&quot;:&quot;0&quot;,&quot;iso&quot;:&quot;0&quot;,&quot;shutter_speed&quot;:&quot;0&quot;,&quot;title&quot;:&quot;&quot;,&quot;orientation&quot;:&quot;0&quot;}\" data-image-title=\"WhatsApp-Image-2023-04-27-at-13.16.231\" data-image-description=\"\" data-image-caption=\"\" data-large-file=\"https:\/\/www.cisa-arica.cl\/wp1\/wp-content\/uploads\/2023\/04\/WhatsApp-Image-2023-04-27-at-13.16.231-450x600.jpeg\" data-attachment-id=\"20116\" data-permalink=\"https:\/\/www.cisa-arica.cl\/wp1\/2023\/04\/25\/conmemorando-el-dia-del-libro-y-derecho-de-autor\/whatsapp-image-2023-04-27-at-13-16-231\/\" data-orig-file=\"https:\/\/www.cisa-arica.cl\/wp1\/wp-content\/uploads\/2023\/04\/WhatsApp-Image-2023-04-27-at-13.16.231.jpeg\" data-orig-size=\"768,1024\" data-comments-opened=\"0\" data-image-meta=\"{&quot;aperture&quot;:&quot;0&quot;,&quot;credit&quot;:&quot;&quot;,&quot;camera&quot;:&quot;&quot;,&quot;caption&quot;:&quot;&quot;,&quot;created_timestamp&quot;:&quot;0&quot;,&quot;copyright&quot;:&quot;&quot;,&quot;focal_length&quot;:&quot;0&quot;,&quot;iso&quot;:&quot;0&quot;,&quot;shutter_speed&quot;:&quot;0&quot;,&quot;title&quot;:&quot;&quot;,&quot;orientation&quot;:&quot;0&quot;}\" data-image-title=\"WhatsApp-Image-2023-04-27-at-13.16.231\" data-image-description=\"\" data-image-caption=\"\" data-large-file=\"https:\/\/www.cisa-arica.cl\/wp1\/wp-content\/uploads\/2023\/04\/WhatsApp-Image-2023-04-27-at-13.16.231-450x600.jpeg\" role=\"button\" tabindex=\"0\" aria-label=\"Abrir la imagen 3 de 54 en pantalla completa\"srcset=\"https:\/\/i0.wp.com\/www.cisa-arica.cl\/wp1\/wp-content\/uploads\/2023\/04\/WhatsApp-Image-2023-04-27-at-13.16.231-450x600.jpeg?strip=info&#038;w=600&#038;ssl=1 600w,https:\/\/i0.wp.com\/www.cisa-arica.cl\/wp1\/wp-content\/uploads\/2023\/04\/WhatsApp-Image-2023-04-27-at-13.16.231-450x600.jpeg?strip=info&#038;w=768&#038;ssl=1 768w\" alt=\"\" data-height=\"1024\" data-id=\"20116\" data-link=\"https:\/\/www.cisa-arica.cl\/wp1\/?attachment_id=20116\" data-url=\"https:\/\/www.cisa-arica.cl\/wp1\/wp-content\/uploads\/2023\/04\/WhatsApp-Image-2023-04-27-at-13.16.231-450x600.jpeg\" data-width=\"768\" src=\"https:\/\/i0.wp.com\/www.cisa-arica.cl\/wp1\/wp-content\/uploads\/2023\/04\/WhatsApp-Image-2023-04-27-at-13.16.231-450x600.jpeg?ssl=1\" data-amp-layout=\"responsive\"\/><\/figure><\/div><\/div><div class=\"tiled-gallery__row\"><div class=\"tiled-gallery__col\" style=\"flex-basis:34.69124%\"><figure class=\"tiled-gallery__item\"><img decoding=\"async\" data-attachment-id=\"20118\" data-permalink=\"https:\/\/www.cisa-arica.cl\/wp1\/2023\/04\/25\/conmemorando-el-dia-del-libro-y-derecho-de-autor\/whatsapp-image-2023-04-27-at-13-16-21\/\" data-orig-file=\"https:\/\/www.cisa-arica.cl\/wp1\/wp-content\/uploads\/2023\/04\/WhatsApp-Image-2023-04-27-at-13.16.21.jpeg\" data-orig-size=\"768,1024\" data-comments-opened=\"0\" data-image-meta=\"{&quot;aperture&quot;:&quot;0&quot;,&quot;credit&quot;:&quot;&quot;,&quot;camera&quot;:&quot;&quot;,&quot;caption&quot;:&quot;&quot;,&quot;created_timestamp&quot;:&quot;0&quot;,&quot;copyright&quot;:&quot;&quot;,&quot;focal_length&quot;:&quot;0&quot;,&quot;iso&quot;:&quot;0&quot;,&quot;shutter_speed&quot;:&quot;0&quot;,&quot;title&quot;:&quot;&quot;,&quot;orientation&quot;:&quot;0&quot;}\" data-image-title=\"WhatsApp-Image-2023-04-27-at-13.16.21\" data-image-description=\"\" data-image-caption=\"\" data-large-file=\"https:\/\/www.cisa-arica.cl\/wp1\/wp-content\/uploads\/2023\/04\/WhatsApp-Image-2023-04-27-at-13.16.21-450x600.jpeg\" data-attachment-id=\"20118\" data-permalink=\"https:\/\/www.cisa-arica.cl\/wp1\/2023\/04\/25\/conmemorando-el-dia-del-libro-y-derecho-de-autor\/whatsapp-image-2023-04-27-at-13-16-21\/\" data-orig-file=\"https:\/\/www.cisa-arica.cl\/wp1\/wp-content\/uploads\/2023\/04\/WhatsApp-Image-2023-04-27-at-13.16.21.jpeg\" data-orig-size=\"768,1024\" data-comments-opened=\"0\" data-image-meta=\"{&quot;aperture&quot;:&quot;0&quot;,&quot;credit&quot;:&quot;&quot;,&quot;camera&quot;:&quot;&quot;,&quot;caption&quot;:&quot;&quot;,&quot;created_timestamp&quot;:&quot;0&quot;,&quot;copyright&quot;:&quot;&quot;,&quot;focal_length&quot;:&quot;0&quot;,&quot;iso&quot;:&quot;0&quot;,&quot;shutter_speed&quot;:&quot;0&quot;,&quot;title&quot;:&quot;&quot;,&quot;orientation&quot;:&quot;0&quot;}\" data-image-title=\"WhatsApp-Image-2023-04-27-at-13.16.21\" data-image-description=\"\" data-image-caption=\"\" data-large-file=\"https:\/\/www.cisa-arica.cl\/wp1\/wp-content\/uploads\/2023\/04\/WhatsApp-Image-2023-04-27-at-13.16.21-450x600.jpeg\" role=\"button\" tabindex=\"0\" aria-label=\"Abrir la imagen 4 de 54 en pantalla completa\"srcset=\"https:\/\/i1.wp.com\/www.cisa-arica.cl\/wp1\/wp-content\/uploads\/2023\/04\/WhatsApp-Image-2023-04-27-at-13.16.21-450x600.jpeg?strip=info&#038;w=600&#038;ssl=1 600w,https:\/\/i1.wp.com\/www.cisa-arica.cl\/wp1\/wp-content\/uploads\/2023\/04\/WhatsApp-Image-2023-04-27-at-13.16.21-450x600.jpeg?strip=info&#038;w=768&#038;ssl=1 768w\" alt=\"\" data-height=\"1024\" data-id=\"20118\" data-link=\"https:\/\/www.cisa-arica.cl\/wp1\/?attachment_id=20118\" data-url=\"https:\/\/www.cisa-arica.cl\/wp1\/wp-content\/uploads\/2023\/04\/WhatsApp-Image-2023-04-27-at-13.16.21-450x600.jpeg\" data-width=\"768\" src=\"https:\/\/i1.wp.com\/www.cisa-arica.cl\/wp1\/wp-content\/uploads\/2023\/04\/WhatsApp-Image-2023-04-27-at-13.16.21-450x600.jpeg?ssl=1\" data-amp-layout=\"responsive\"\/><\/figure><\/div><div class=\"tiled-gallery__col\" style=\"flex-basis:30.61753%\"><figure class=\"tiled-gallery__item\"><img decoding=\"async\" data-attachment-id=\"20119\" data-permalink=\"https:\/\/www.cisa-arica.cl\/wp1\/2023\/04\/25\/conmemorando-el-dia-del-libro-y-derecho-de-autor\/whatsapp-image-2023-04-27-at-13-16-211\/\" data-orig-file=\"https:\/\/www.cisa-arica.cl\/wp1\/wp-content\/uploads\/2023\/04\/WhatsApp-Image-2023-04-27-at-13.16.211.jpeg\" data-orig-size=\"1024,768\" data-comments-opened=\"0\" data-image-meta=\"{&quot;aperture&quot;:&quot;0&quot;,&quot;credit&quot;:&quot;&quot;,&quot;camera&quot;:&quot;&quot;,&quot;caption&quot;:&quot;&quot;,&quot;created_timestamp&quot;:&quot;0&quot;,&quot;copyright&quot;:&quot;&quot;,&quot;focal_length&quot;:&quot;0&quot;,&quot;iso&quot;:&quot;0&quot;,&quot;shutter_speed&quot;:&quot;0&quot;,&quot;title&quot;:&quot;&quot;,&quot;orientation&quot;:&quot;0&quot;}\" data-image-title=\"WhatsApp-Image-2023-04-27-at-13.16.211\" data-image-description=\"\" data-image-caption=\"\" data-large-file=\"https:\/\/www.cisa-arica.cl\/wp1\/wp-content\/uploads\/2023\/04\/WhatsApp-Image-2023-04-27-at-13.16.211-600x450.jpeg\" data-attachment-id=\"20119\" data-permalink=\"https:\/\/www.cisa-arica.cl\/wp1\/2023\/04\/25\/conmemorando-el-dia-del-libro-y-derecho-de-autor\/whatsapp-image-2023-04-27-at-13-16-211\/\" data-orig-file=\"https:\/\/www.cisa-arica.cl\/wp1\/wp-content\/uploads\/2023\/04\/WhatsApp-Image-2023-04-27-at-13.16.211.jpeg\" data-orig-size=\"1024,768\" data-comments-opened=\"0\" data-image-meta=\"{&quot;aperture&quot;:&quot;0&quot;,&quot;credit&quot;:&quot;&quot;,&quot;camera&quot;:&quot;&quot;,&quot;caption&quot;:&quot;&quot;,&quot;created_timestamp&quot;:&quot;0&quot;,&quot;copyright&quot;:&quot;&quot;,&quot;focal_length&quot;:&quot;0&quot;,&quot;iso&quot;:&quot;0&quot;,&quot;shutter_speed&quot;:&quot;0&quot;,&quot;title&quot;:&quot;&quot;,&quot;orientation&quot;:&quot;0&quot;}\" data-image-title=\"WhatsApp-Image-2023-04-27-at-13.16.211\" data-image-description=\"\" data-image-caption=\"\" data-large-file=\"https:\/\/www.cisa-arica.cl\/wp1\/wp-content\/uploads\/2023\/04\/WhatsApp-Image-2023-04-27-at-13.16.211-600x450.jpeg\" role=\"button\" tabindex=\"0\" aria-label=\"Abrir la imagen 5 de 54 en pantalla completa\"srcset=\"https:\/\/i0.wp.com\/www.cisa-arica.cl\/wp1\/wp-content\/uploads\/2023\/04\/WhatsApp-Image-2023-04-27-at-13.16.211-600x450.jpeg?strip=info&#038;w=600&#038;ssl=1 600w,https:\/\/i0.wp.com\/www.cisa-arica.cl\/wp1\/wp-content\/uploads\/2023\/04\/WhatsApp-Image-2023-04-27-at-13.16.211-600x450.jpeg?strip=info&#038;w=900&#038;ssl=1 900w,https:\/\/i0.wp.com\/www.cisa-arica.cl\/wp1\/wp-content\/uploads\/2023\/04\/WhatsApp-Image-2023-04-27-at-13.16.211-600x450.jpeg?strip=info&#038;w=1024&#038;ssl=1 1024w\" alt=\"\" data-height=\"768\" data-id=\"20119\" data-link=\"https:\/\/www.cisa-arica.cl\/wp1\/?attachment_id=20119\" data-url=\"https:\/\/www.cisa-arica.cl\/wp1\/wp-content\/uploads\/2023\/04\/WhatsApp-Image-2023-04-27-at-13.16.211-600x450.jpeg\" data-width=\"1024\" src=\"https:\/\/i0.wp.com\/www.cisa-arica.cl\/wp1\/wp-content\/uploads\/2023\/04\/WhatsApp-Image-2023-04-27-at-13.16.211-600x450.jpeg?ssl=1\" data-amp-layout=\"responsive\"\/><\/figure><figure class=\"tiled-gallery__item\"><img decoding=\"async\" data-attachment-id=\"20120\" data-permalink=\"https:\/\/www.cisa-arica.cl\/wp1\/2023\/04\/25\/conmemorando-el-dia-del-libro-y-derecho-de-autor\/whatsapp-image-2023-04-27-at-13-16-18\/\" data-orig-file=\"https:\/\/www.cisa-arica.cl\/wp1\/wp-content\/uploads\/2023\/04\/WhatsApp-Image-2023-04-27-at-13.16.18.jpeg\" data-orig-size=\"1024,768\" data-comments-opened=\"0\" data-image-meta=\"{&quot;aperture&quot;:&quot;0&quot;,&quot;credit&quot;:&quot;&quot;,&quot;camera&quot;:&quot;&quot;,&quot;caption&quot;:&quot;&quot;,&quot;created_timestamp&quot;:&quot;0&quot;,&quot;copyright&quot;:&quot;&quot;,&quot;focal_length&quot;:&quot;0&quot;,&quot;iso&quot;:&quot;0&quot;,&quot;shutter_speed&quot;:&quot;0&quot;,&quot;title&quot;:&quot;&quot;,&quot;orientation&quot;:&quot;0&quot;}\" data-image-title=\"WhatsApp-Image-2023-04-27-at-13.16.18\" data-image-description=\"\" data-image-caption=\"\" data-large-file=\"https:\/\/www.cisa-arica.cl\/wp1\/wp-content\/uploads\/2023\/04\/WhatsApp-Image-2023-04-27-at-13.16.18-600x450.jpeg\" data-attachment-id=\"20120\" data-permalink=\"https:\/\/www.cisa-arica.cl\/wp1\/2023\/04\/25\/conmemorando-el-dia-del-libro-y-derecho-de-autor\/whatsapp-image-2023-04-27-at-13-16-18\/\" data-orig-file=\"https:\/\/www.cisa-arica.cl\/wp1\/wp-content\/uploads\/2023\/04\/WhatsApp-Image-2023-04-27-at-13.16.18.jpeg\" data-orig-size=\"1024,768\" data-comments-opened=\"0\" data-image-meta=\"{&quot;aperture&quot;:&quot;0&quot;,&quot;credit&quot;:&quot;&quot;,&quot;camera&quot;:&quot;&quot;,&quot;caption&quot;:&quot;&quot;,&quot;created_timestamp&quot;:&quot;0&quot;,&quot;copyright&quot;:&quot;&quot;,&quot;focal_length&quot;:&quot;0&quot;,&quot;iso&quot;:&quot;0&quot;,&quot;shutter_speed&quot;:&quot;0&quot;,&quot;title&quot;:&quot;&quot;,&quot;orientation&quot;:&quot;0&quot;}\" data-image-title=\"WhatsApp-Image-2023-04-27-at-13.16.18\" data-image-description=\"\" data-image-caption=\"\" data-large-file=\"https:\/\/www.cisa-arica.cl\/wp1\/wp-content\/uploads\/2023\/04\/WhatsApp-Image-2023-04-27-at-13.16.18-600x450.jpeg\" role=\"button\" tabindex=\"0\" aria-label=\"Abrir la imagen 6 de 54 en pantalla completa\"srcset=\"https:\/\/i2.wp.com\/www.cisa-arica.cl\/wp1\/wp-content\/uploads\/2023\/04\/WhatsApp-Image-2023-04-27-at-13.16.18-600x450.jpeg?strip=info&#038;w=600&#038;ssl=1 600w,https:\/\/i2.wp.com\/www.cisa-arica.cl\/wp1\/wp-content\/uploads\/2023\/04\/WhatsApp-Image-2023-04-27-at-13.16.18-600x450.jpeg?strip=info&#038;w=900&#038;ssl=1 900w,https:\/\/i2.wp.com\/www.cisa-arica.cl\/wp1\/wp-content\/uploads\/2023\/04\/WhatsApp-Image-2023-04-27-at-13.16.18-600x450.jpeg?strip=info&#038;w=1024&#038;ssl=1 1024w\" alt=\"\" data-height=\"768\" data-id=\"20120\" data-link=\"https:\/\/www.cisa-arica.cl\/wp1\/?attachment_id=20120\" data-url=\"https:\/\/www.cisa-arica.cl\/wp1\/wp-content\/uploads\/2023\/04\/WhatsApp-Image-2023-04-27-at-13.16.18-600x450.jpeg\" data-width=\"1024\" src=\"https:\/\/i2.wp.com\/www.cisa-arica.cl\/wp1\/wp-content\/uploads\/2023\/04\/WhatsApp-Image-2023-04-27-at-13.16.18-600x450.jpeg?ssl=1\" data-amp-layout=\"responsive\"\/><\/figure><\/div><div class=\"tiled-gallery__col\" style=\"flex-basis:34.69124%\"><figure class=\"tiled-gallery__item\"><img decoding=\"async\" data-attachment-id=\"20121\" data-permalink=\"https:\/\/www.cisa-arica.cl\/wp1\/2023\/04\/25\/conmemorando-el-dia-del-libro-y-derecho-de-autor\/whatsapp-image-2023-04-27-at-13-16-13\/\" data-orig-file=\"https:\/\/www.cisa-arica.cl\/wp1\/wp-content\/uploads\/2023\/04\/WhatsApp-Image-2023-04-27-at-13.16.13.jpeg\" data-orig-size=\"768,1024\" data-comments-opened=\"0\" data-image-meta=\"{&quot;aperture&quot;:&quot;0&quot;,&quot;credit&quot;:&quot;&quot;,&quot;camera&quot;:&quot;&quot;,&quot;caption&quot;:&quot;&quot;,&quot;created_timestamp&quot;:&quot;0&quot;,&quot;copyright&quot;:&quot;&quot;,&quot;focal_length&quot;:&quot;0&quot;,&quot;iso&quot;:&quot;0&quot;,&quot;shutter_speed&quot;:&quot;0&quot;,&quot;title&quot;:&quot;&quot;,&quot;orientation&quot;:&quot;0&quot;}\" data-image-title=\"WhatsApp-Image-2023-04-27-at-13.16.13\" data-image-description=\"\" data-image-caption=\"\" data-large-file=\"https:\/\/www.cisa-arica.cl\/wp1\/wp-content\/uploads\/2023\/04\/WhatsApp-Image-2023-04-27-at-13.16.13-450x600.jpeg\" data-attachment-id=\"20121\" data-permalink=\"https:\/\/www.cisa-arica.cl\/wp1\/2023\/04\/25\/conmemorando-el-dia-del-libro-y-derecho-de-autor\/whatsapp-image-2023-04-27-at-13-16-13\/\" data-orig-file=\"https:\/\/www.cisa-arica.cl\/wp1\/wp-content\/uploads\/2023\/04\/WhatsApp-Image-2023-04-27-at-13.16.13.jpeg\" data-orig-size=\"768,1024\" data-comments-opened=\"0\" data-image-meta=\"{&quot;aperture&quot;:&quot;0&quot;,&quot;credit&quot;:&quot;&quot;,&quot;camera&quot;:&quot;&quot;,&quot;caption&quot;:&quot;&quot;,&quot;created_timestamp&quot;:&quot;0&quot;,&quot;copyright&quot;:&quot;&quot;,&quot;focal_length&quot;:&quot;0&quot;,&quot;iso&quot;:&quot;0&quot;,&quot;shutter_speed&quot;:&quot;0&quot;,&quot;title&quot;:&quot;&quot;,&quot;orientation&quot;:&quot;0&quot;}\" data-image-title=\"WhatsApp-Image-2023-04-27-at-13.16.13\" data-image-description=\"\" data-image-caption=\"\" data-large-file=\"https:\/\/www.cisa-arica.cl\/wp1\/wp-content\/uploads\/2023\/04\/WhatsApp-Image-2023-04-27-at-13.16.13-450x600.jpeg\" role=\"button\" tabindex=\"0\" aria-label=\"Abrir la imagen 7 de 54 en pantalla completa\"srcset=\"https:\/\/i0.wp.com\/www.cisa-arica.cl\/wp1\/wp-content\/uploads\/2023\/04\/WhatsApp-Image-2023-04-27-at-13.16.13-450x600.jpeg?strip=info&#038;w=600&#038;ssl=1 600w,https:\/\/i0.wp.com\/www.cisa-arica.cl\/wp1\/wp-content\/uploads\/2023\/04\/WhatsApp-Image-2023-04-27-at-13.16.13-450x600.jpeg?strip=info&#038;w=768&#038;ssl=1 768w\" alt=\"\" data-height=\"1024\" data-id=\"20121\" data-link=\"https:\/\/www.cisa-arica.cl\/wp1\/?attachment_id=20121\" data-url=\"https:\/\/www.cisa-arica.cl\/wp1\/wp-content\/uploads\/2023\/04\/WhatsApp-Image-2023-04-27-at-13.16.13-450x600.jpeg\" data-width=\"768\" src=\"https:\/\/i0.wp.com\/www.cisa-arica.cl\/wp1\/wp-content\/uploads\/2023\/04\/WhatsApp-Image-2023-04-27-at-13.16.13-450x600.jpeg?ssl=1\" data-amp-layout=\"responsive\"\/><\/figure><\/div><\/div><div class=\"tiled-gallery__row\"><div class=\"tiled-gallery__col\" style=\"flex-basis:25.00000%\"><figure class=\"tiled-gallery__item\"><img decoding=\"async\" data-attachment-id=\"20122\" data-permalink=\"https:\/\/www.cisa-arica.cl\/wp1\/2023\/04\/25\/conmemorando-el-dia-del-libro-y-derecho-de-autor\/whatsapp-image-2023-04-27-at-13-14-46\/\" data-orig-file=\"https:\/\/www.cisa-arica.cl\/wp1\/wp-content\/uploads\/2023\/04\/WhatsApp-Image-2023-04-27-at-13.14.46.jpeg\" data-orig-size=\"768,1024\" data-comments-opened=\"0\" data-image-meta=\"{&quot;aperture&quot;:&quot;0&quot;,&quot;credit&quot;:&quot;&quot;,&quot;camera&quot;:&quot;&quot;,&quot;caption&quot;:&quot;&quot;,&quot;created_timestamp&quot;:&quot;0&quot;,&quot;copyright&quot;:&quot;&quot;,&quot;focal_length&quot;:&quot;0&quot;,&quot;iso&quot;:&quot;0&quot;,&quot;shutter_speed&quot;:&quot;0&quot;,&quot;title&quot;:&quot;&quot;,&quot;orientation&quot;:&quot;0&quot;}\" data-image-title=\"WhatsApp-Image-2023-04-27-at-13.14.46\" data-image-description=\"\" data-image-caption=\"\" data-large-file=\"https:\/\/www.cisa-arica.cl\/wp1\/wp-content\/uploads\/2023\/04\/WhatsApp-Image-2023-04-27-at-13.14.46-450x600.jpeg\" data-attachment-id=\"20122\" data-permalink=\"https:\/\/www.cisa-arica.cl\/wp1\/2023\/04\/25\/conmemorando-el-dia-del-libro-y-derecho-de-autor\/whatsapp-image-2023-04-27-at-13-14-46\/\" data-orig-file=\"https:\/\/www.cisa-arica.cl\/wp1\/wp-content\/uploads\/2023\/04\/WhatsApp-Image-2023-04-27-at-13.14.46.jpeg\" data-orig-size=\"768,1024\" data-comments-opened=\"0\" data-image-meta=\"{&quot;aperture&quot;:&quot;0&quot;,&quot;credit&quot;:&quot;&quot;,&quot;camera&quot;:&quot;&quot;,&quot;caption&quot;:&quot;&quot;,&quot;created_timestamp&quot;:&quot;0&quot;,&quot;copyright&quot;:&quot;&quot;,&quot;focal_length&quot;:&quot;0&quot;,&quot;iso&quot;:&quot;0&quot;,&quot;shutter_speed&quot;:&quot;0&quot;,&quot;title&quot;:&quot;&quot;,&quot;orientation&quot;:&quot;0&quot;}\" data-image-title=\"WhatsApp-Image-2023-04-27-at-13.14.46\" data-image-description=\"\" data-image-caption=\"\" data-large-file=\"https:\/\/www.cisa-arica.cl\/wp1\/wp-content\/uploads\/2023\/04\/WhatsApp-Image-2023-04-27-at-13.14.46-450x600.jpeg\" role=\"button\" tabindex=\"0\" aria-label=\"Abrir la imagen 8 de 54 en pantalla completa\"srcset=\"https:\/\/i2.wp.com\/www.cisa-arica.cl\/wp1\/wp-content\/uploads\/2023\/04\/WhatsApp-Image-2023-04-27-at-13.14.46-450x600.jpeg?strip=info&#038;w=600&#038;ssl=1 600w,https:\/\/i2.wp.com\/www.cisa-arica.cl\/wp1\/wp-content\/uploads\/2023\/04\/WhatsApp-Image-2023-04-27-at-13.14.46-450x600.jpeg?strip=info&#038;w=768&#038;ssl=1 768w\" alt=\"\" data-height=\"1024\" data-id=\"20122\" data-link=\"https:\/\/www.cisa-arica.cl\/wp1\/?attachment_id=20122\" data-url=\"https:\/\/www.cisa-arica.cl\/wp1\/wp-content\/uploads\/2023\/04\/WhatsApp-Image-2023-04-27-at-13.14.46-450x600.jpeg\" data-width=\"768\" src=\"https:\/\/i2.wp.com\/www.cisa-arica.cl\/wp1\/wp-content\/uploads\/2023\/04\/WhatsApp-Image-2023-04-27-at-13.14.46-450x600.jpeg?ssl=1\" data-amp-layout=\"responsive\"\/><\/figure><\/div><div class=\"tiled-gallery__col\" style=\"flex-basis:25.00000%\"><figure class=\"tiled-gallery__item\"><img decoding=\"async\" data-attachment-id=\"20123\" data-permalink=\"https:\/\/www.cisa-arica.cl\/wp1\/2023\/04\/25\/conmemorando-el-dia-del-libro-y-derecho-de-autor\/whatsapp-image-2023-04-27-at-13-14-45\/\" data-orig-file=\"https:\/\/www.cisa-arica.cl\/wp1\/wp-content\/uploads\/2023\/04\/WhatsApp-Image-2023-04-27-at-13.14.45.jpeg\" data-orig-size=\"768,1024\" data-comments-opened=\"0\" data-image-meta=\"{&quot;aperture&quot;:&quot;0&quot;,&quot;credit&quot;:&quot;&quot;,&quot;camera&quot;:&quot;&quot;,&quot;caption&quot;:&quot;&quot;,&quot;created_timestamp&quot;:&quot;0&quot;,&quot;copyright&quot;:&quot;&quot;,&quot;focal_length&quot;:&quot;0&quot;,&quot;iso&quot;:&quot;0&quot;,&quot;shutter_speed&quot;:&quot;0&quot;,&quot;title&quot;:&quot;&quot;,&quot;orientation&quot;:&quot;0&quot;}\" data-image-title=\"WhatsApp-Image-2023-04-27-at-13.14.45\" data-image-description=\"\" data-image-caption=\"\" data-large-file=\"https:\/\/www.cisa-arica.cl\/wp1\/wp-content\/uploads\/2023\/04\/WhatsApp-Image-2023-04-27-at-13.14.45-450x600.jpeg\" data-attachment-id=\"20123\" data-permalink=\"https:\/\/www.cisa-arica.cl\/wp1\/2023\/04\/25\/conmemorando-el-dia-del-libro-y-derecho-de-autor\/whatsapp-image-2023-04-27-at-13-14-45\/\" data-orig-file=\"https:\/\/www.cisa-arica.cl\/wp1\/wp-content\/uploads\/2023\/04\/WhatsApp-Image-2023-04-27-at-13.14.45.jpeg\" data-orig-size=\"768,1024\" data-comments-opened=\"0\" data-image-meta=\"{&quot;aperture&quot;:&quot;0&quot;,&quot;credit&quot;:&quot;&quot;,&quot;camera&quot;:&quot;&quot;,&quot;caption&quot;:&quot;&quot;,&quot;created_timestamp&quot;:&quot;0&quot;,&quot;copyright&quot;:&quot;&quot;,&quot;focal_length&quot;:&quot;0&quot;,&quot;iso&quot;:&quot;0&quot;,&quot;shutter_speed&quot;:&quot;0&quot;,&quot;title&quot;:&quot;&quot;,&quot;orientation&quot;:&quot;0&quot;}\" data-image-title=\"WhatsApp-Image-2023-04-27-at-13.14.45\" data-image-description=\"\" data-image-caption=\"\" data-large-file=\"https:\/\/www.cisa-arica.cl\/wp1\/wp-content\/uploads\/2023\/04\/WhatsApp-Image-2023-04-27-at-13.14.45-450x600.jpeg\" role=\"button\" tabindex=\"0\" aria-label=\"Abrir la imagen 9 de 54 en pantalla completa\"srcset=\"https:\/\/i0.wp.com\/www.cisa-arica.cl\/wp1\/wp-content\/uploads\/2023\/04\/WhatsApp-Image-2023-04-27-at-13.14.45-450x600.jpeg?strip=info&#038;w=600&#038;ssl=1 600w,https:\/\/i0.wp.com\/www.cisa-arica.cl\/wp1\/wp-content\/uploads\/2023\/04\/WhatsApp-Image-2023-04-27-at-13.14.45-450x600.jpeg?strip=info&#038;w=768&#038;ssl=1 768w\" alt=\"\" data-height=\"1024\" data-id=\"20123\" data-link=\"https:\/\/www.cisa-arica.cl\/wp1\/?attachment_id=20123\" data-url=\"https:\/\/www.cisa-arica.cl\/wp1\/wp-content\/uploads\/2023\/04\/WhatsApp-Image-2023-04-27-at-13.14.45-450x600.jpeg\" data-width=\"768\" src=\"https:\/\/i0.wp.com\/www.cisa-arica.cl\/wp1\/wp-content\/uploads\/2023\/04\/WhatsApp-Image-2023-04-27-at-13.14.45-450x600.jpeg?ssl=1\" data-amp-layout=\"responsive\"\/><\/figure><\/div><div class=\"tiled-gallery__col\" style=\"flex-basis:25.00000%\"><figure class=\"tiled-gallery__item\"><img decoding=\"async\" data-attachment-id=\"20124\" data-permalink=\"https:\/\/www.cisa-arica.cl\/wp1\/2023\/04\/25\/conmemorando-el-dia-del-libro-y-derecho-de-autor\/whatsapp-image-2023-04-27-at-13-14-452\/\" data-orig-file=\"https:\/\/www.cisa-arica.cl\/wp1\/wp-content\/uploads\/2023\/04\/WhatsApp-Image-2023-04-27-at-13.14.452.jpeg\" data-orig-size=\"768,1024\" data-comments-opened=\"0\" data-image-meta=\"{&quot;aperture&quot;:&quot;0&quot;,&quot;credit&quot;:&quot;&quot;,&quot;camera&quot;:&quot;&quot;,&quot;caption&quot;:&quot;&quot;,&quot;created_timestamp&quot;:&quot;0&quot;,&quot;copyright&quot;:&quot;&quot;,&quot;focal_length&quot;:&quot;0&quot;,&quot;iso&quot;:&quot;0&quot;,&quot;shutter_speed&quot;:&quot;0&quot;,&quot;title&quot;:&quot;&quot;,&quot;orientation&quot;:&quot;0&quot;}\" data-image-title=\"WhatsApp-Image-2023-04-27-at-13.14.452\" data-image-description=\"\" data-image-caption=\"\" data-large-file=\"https:\/\/www.cisa-arica.cl\/wp1\/wp-content\/uploads\/2023\/04\/WhatsApp-Image-2023-04-27-at-13.14.452-450x600.jpeg\" data-attachment-id=\"20124\" data-permalink=\"https:\/\/www.cisa-arica.cl\/wp1\/2023\/04\/25\/conmemorando-el-dia-del-libro-y-derecho-de-autor\/whatsapp-image-2023-04-27-at-13-14-452\/\" data-orig-file=\"https:\/\/www.cisa-arica.cl\/wp1\/wp-content\/uploads\/2023\/04\/WhatsApp-Image-2023-04-27-at-13.14.452.jpeg\" data-orig-size=\"768,1024\" data-comments-opened=\"0\" data-image-meta=\"{&quot;aperture&quot;:&quot;0&quot;,&quot;credit&quot;:&quot;&quot;,&quot;camera&quot;:&quot;&quot;,&quot;caption&quot;:&quot;&quot;,&quot;created_timestamp&quot;:&quot;0&quot;,&quot;copyright&quot;:&quot;&quot;,&quot;focal_length&quot;:&quot;0&quot;,&quot;iso&quot;:&quot;0&quot;,&quot;shutter_speed&quot;:&quot;0&quot;,&quot;title&quot;:&quot;&quot;,&quot;orientation&quot;:&quot;0&quot;}\" data-image-title=\"WhatsApp-Image-2023-04-27-at-13.14.452\" data-image-description=\"\" data-image-caption=\"\" data-large-file=\"https:\/\/www.cisa-arica.cl\/wp1\/wp-content\/uploads\/2023\/04\/WhatsApp-Image-2023-04-27-at-13.14.452-450x600.jpeg\" role=\"button\" tabindex=\"0\" aria-label=\"Abrir la imagen 10 de 54 en pantalla completa\"srcset=\"https:\/\/i0.wp.com\/www.cisa-arica.cl\/wp1\/wp-content\/uploads\/2023\/04\/WhatsApp-Image-2023-04-27-at-13.14.452-450x600.jpeg?strip=info&#038;w=600&#038;ssl=1 600w,https:\/\/i0.wp.com\/www.cisa-arica.cl\/wp1\/wp-content\/uploads\/2023\/04\/WhatsApp-Image-2023-04-27-at-13.14.452-450x600.jpeg?strip=info&#038;w=768&#038;ssl=1 768w\" alt=\"\" data-height=\"1024\" data-id=\"20124\" data-link=\"https:\/\/www.cisa-arica.cl\/wp1\/?attachment_id=20124\" data-url=\"https:\/\/www.cisa-arica.cl\/wp1\/wp-content\/uploads\/2023\/04\/WhatsApp-Image-2023-04-27-at-13.14.452-450x600.jpeg\" data-width=\"768\" src=\"https:\/\/i0.wp.com\/www.cisa-arica.cl\/wp1\/wp-content\/uploads\/2023\/04\/WhatsApp-Image-2023-04-27-at-13.14.452-450x600.jpeg?ssl=1\" data-amp-layout=\"responsive\"\/><\/figure><\/div><div class=\"tiled-gallery__col\" style=\"flex-basis:25.00000%\"><figure class=\"tiled-gallery__item\"><img decoding=\"async\" data-attachment-id=\"20125\" data-permalink=\"https:\/\/www.cisa-arica.cl\/wp1\/2023\/04\/25\/conmemorando-el-dia-del-libro-y-derecho-de-autor\/whatsapp-image-2023-04-27-at-13-14-451\/\" data-orig-file=\"https:\/\/www.cisa-arica.cl\/wp1\/wp-content\/uploads\/2023\/04\/WhatsApp-Image-2023-04-27-at-13.14.451.jpeg\" data-orig-size=\"768,1024\" data-comments-opened=\"0\" data-image-meta=\"{&quot;aperture&quot;:&quot;0&quot;,&quot;credit&quot;:&quot;&quot;,&quot;camera&quot;:&quot;&quot;,&quot;caption&quot;:&quot;&quot;,&quot;created_timestamp&quot;:&quot;0&quot;,&quot;copyright&quot;:&quot;&quot;,&quot;focal_length&quot;:&quot;0&quot;,&quot;iso&quot;:&quot;0&quot;,&quot;shutter_speed&quot;:&quot;0&quot;,&quot;title&quot;:&quot;&quot;,&quot;orientation&quot;:&quot;0&quot;}\" data-image-title=\"WhatsApp-Image-2023-04-27-at-13.14.451\" data-image-description=\"\" data-image-caption=\"\" data-large-file=\"https:\/\/www.cisa-arica.cl\/wp1\/wp-content\/uploads\/2023\/04\/WhatsApp-Image-2023-04-27-at-13.14.451-450x600.jpeg\" data-attachment-id=\"20125\" data-permalink=\"https:\/\/www.cisa-arica.cl\/wp1\/2023\/04\/25\/conmemorando-el-dia-del-libro-y-derecho-de-autor\/whatsapp-image-2023-04-27-at-13-14-451\/\" data-orig-file=\"https:\/\/www.cisa-arica.cl\/wp1\/wp-content\/uploads\/2023\/04\/WhatsApp-Image-2023-04-27-at-13.14.451.jpeg\" data-orig-size=\"768,1024\" data-comments-opened=\"0\" data-image-meta=\"{&quot;aperture&quot;:&quot;0&quot;,&quot;credit&quot;:&quot;&quot;,&quot;camera&quot;:&quot;&quot;,&quot;caption&quot;:&quot;&quot;,&quot;created_timestamp&quot;:&quot;0&quot;,&quot;copyright&quot;:&quot;&quot;,&quot;focal_length&quot;:&quot;0&quot;,&quot;iso&quot;:&quot;0&quot;,&quot;shutter_speed&quot;:&quot;0&quot;,&quot;title&quot;:&quot;&quot;,&quot;orientation&quot;:&quot;0&quot;}\" data-image-title=\"WhatsApp-Image-2023-04-27-at-13.14.451\" data-image-description=\"\" data-image-caption=\"\" data-large-file=\"https:\/\/www.cisa-arica.cl\/wp1\/wp-content\/uploads\/2023\/04\/WhatsApp-Image-2023-04-27-at-13.14.451-450x600.jpeg\" role=\"button\" tabindex=\"0\" aria-label=\"Abrir la imagen 11 de 54 en pantalla completa\"srcset=\"https:\/\/i1.wp.com\/www.cisa-arica.cl\/wp1\/wp-content\/uploads\/2023\/04\/WhatsApp-Image-2023-04-27-at-13.14.451-450x600.jpeg?strip=info&#038;w=600&#038;ssl=1 600w,https:\/\/i1.wp.com\/www.cisa-arica.cl\/wp1\/wp-content\/uploads\/2023\/04\/WhatsApp-Image-2023-04-27-at-13.14.451-450x600.jpeg?strip=info&#038;w=768&#038;ssl=1 768w\" alt=\"\" data-height=\"1024\" data-id=\"20125\" data-link=\"https:\/\/www.cisa-arica.cl\/wp1\/?attachment_id=20125\" data-url=\"https:\/\/www.cisa-arica.cl\/wp1\/wp-content\/uploads\/2023\/04\/WhatsApp-Image-2023-04-27-at-13.14.451-450x600.jpeg\" data-width=\"768\" src=\"https:\/\/i1.wp.com\/www.cisa-arica.cl\/wp1\/wp-content\/uploads\/2023\/04\/WhatsApp-Image-2023-04-27-at-13.14.451-450x600.jpeg?ssl=1\" data-amp-layout=\"responsive\"\/><\/figure><\/div><\/div><div class=\"tiled-gallery__row\"><div class=\"tiled-gallery__col\" style=\"flex-basis:50.00000%\"><figure class=\"tiled-gallery__item\"><img decoding=\"async\" data-attachment-id=\"20126\" data-permalink=\"https:\/\/www.cisa-arica.cl\/wp1\/2023\/04\/25\/conmemorando-el-dia-del-libro-y-derecho-de-autor\/whatsapp-image-2023-04-27-at-13-14-44\/\" data-orig-file=\"https:\/\/www.cisa-arica.cl\/wp1\/wp-content\/uploads\/2023\/04\/WhatsApp-Image-2023-04-27-at-13.14.44.jpeg\" data-orig-size=\"768,1024\" data-comments-opened=\"0\" data-image-meta=\"{&quot;aperture&quot;:&quot;0&quot;,&quot;credit&quot;:&quot;&quot;,&quot;camera&quot;:&quot;&quot;,&quot;caption&quot;:&quot;&quot;,&quot;created_timestamp&quot;:&quot;0&quot;,&quot;copyright&quot;:&quot;&quot;,&quot;focal_length&quot;:&quot;0&quot;,&quot;iso&quot;:&quot;0&quot;,&quot;shutter_speed&quot;:&quot;0&quot;,&quot;title&quot;:&quot;&quot;,&quot;orientation&quot;:&quot;0&quot;}\" data-image-title=\"WhatsApp-Image-2023-04-27-at-13.14.44\" data-image-description=\"\" data-image-caption=\"\" data-large-file=\"https:\/\/www.cisa-arica.cl\/wp1\/wp-content\/uploads\/2023\/04\/WhatsApp-Image-2023-04-27-at-13.14.44-450x600.jpeg\" data-attachment-id=\"20126\" data-permalink=\"https:\/\/www.cisa-arica.cl\/wp1\/2023\/04\/25\/conmemorando-el-dia-del-libro-y-derecho-de-autor\/whatsapp-image-2023-04-27-at-13-14-44\/\" data-orig-file=\"https:\/\/www.cisa-arica.cl\/wp1\/wp-content\/uploads\/2023\/04\/WhatsApp-Image-2023-04-27-at-13.14.44.jpeg\" data-orig-size=\"768,1024\" data-comments-opened=\"0\" data-image-meta=\"{&quot;aperture&quot;:&quot;0&quot;,&quot;credit&quot;:&quot;&quot;,&quot;camera&quot;:&quot;&quot;,&quot;caption&quot;:&quot;&quot;,&quot;created_timestamp&quot;:&quot;0&quot;,&quot;copyright&quot;:&quot;&quot;,&quot;focal_length&quot;:&quot;0&quot;,&quot;iso&quot;:&quot;0&quot;,&quot;shutter_speed&quot;:&quot;0&quot;,&quot;title&quot;:&quot;&quot;,&quot;orientation&quot;:&quot;0&quot;}\" data-image-title=\"WhatsApp-Image-2023-04-27-at-13.14.44\" data-image-description=\"\" data-image-caption=\"\" data-large-file=\"https:\/\/www.cisa-arica.cl\/wp1\/wp-content\/uploads\/2023\/04\/WhatsApp-Image-2023-04-27-at-13.14.44-450x600.jpeg\" role=\"button\" tabindex=\"0\" aria-label=\"Abrir la imagen 12 de 54 en pantalla completa\"srcset=\"https:\/\/i2.wp.com\/www.cisa-arica.cl\/wp1\/wp-content\/uploads\/2023\/04\/WhatsApp-Image-2023-04-27-at-13.14.44-450x600.jpeg?strip=info&#038;w=600&#038;ssl=1 600w,https:\/\/i2.wp.com\/www.cisa-arica.cl\/wp1\/wp-content\/uploads\/2023\/04\/WhatsApp-Image-2023-04-27-at-13.14.44-450x600.jpeg?strip=info&#038;w=768&#038;ssl=1 768w\" alt=\"\" data-height=\"1024\" data-id=\"20126\" data-link=\"https:\/\/www.cisa-arica.cl\/wp1\/?attachment_id=20126\" data-url=\"https:\/\/www.cisa-arica.cl\/wp1\/wp-content\/uploads\/2023\/04\/WhatsApp-Image-2023-04-27-at-13.14.44-450x600.jpeg\" data-width=\"768\" src=\"https:\/\/i2.wp.com\/www.cisa-arica.cl\/wp1\/wp-content\/uploads\/2023\/04\/WhatsApp-Image-2023-04-27-at-13.14.44-450x600.jpeg?ssl=1\" data-amp-layout=\"responsive\"\/><\/figure><\/div><div class=\"tiled-gallery__col\" style=\"flex-basis:50.00000%\"><figure class=\"tiled-gallery__item\"><img decoding=\"async\" data-attachment-id=\"20127\" data-permalink=\"https:\/\/www.cisa-arica.cl\/wp1\/2023\/04\/25\/conmemorando-el-dia-del-libro-y-derecho-de-autor\/whatsapp-image-2023-04-27-at-13-13-26\/\" data-orig-file=\"https:\/\/www.cisa-arica.cl\/wp1\/wp-content\/uploads\/2023\/04\/WhatsApp-Image-2023-04-27-at-13.13.26.jpeg\" data-orig-size=\"768,1024\" data-comments-opened=\"0\" data-image-meta=\"{&quot;aperture&quot;:&quot;0&quot;,&quot;credit&quot;:&quot;&quot;,&quot;camera&quot;:&quot;&quot;,&quot;caption&quot;:&quot;&quot;,&quot;created_timestamp&quot;:&quot;0&quot;,&quot;copyright&quot;:&quot;&quot;,&quot;focal_length&quot;:&quot;0&quot;,&quot;iso&quot;:&quot;0&quot;,&quot;shutter_speed&quot;:&quot;0&quot;,&quot;title&quot;:&quot;&quot;,&quot;orientation&quot;:&quot;0&quot;}\" data-image-title=\"WhatsApp-Image-2023-04-27-at-13.13.26\" data-image-description=\"\" data-image-caption=\"\" data-large-file=\"https:\/\/www.cisa-arica.cl\/wp1\/wp-content\/uploads\/2023\/04\/WhatsApp-Image-2023-04-27-at-13.13.26-450x600.jpeg\" data-attachment-id=\"20127\" data-permalink=\"https:\/\/www.cisa-arica.cl\/wp1\/2023\/04\/25\/conmemorando-el-dia-del-libro-y-derecho-de-autor\/whatsapp-image-2023-04-27-at-13-13-26\/\" data-orig-file=\"https:\/\/www.cisa-arica.cl\/wp1\/wp-content\/uploads\/2023\/04\/WhatsApp-Image-2023-04-27-at-13.13.26.jpeg\" data-orig-size=\"768,1024\" data-comments-opened=\"0\" data-image-meta=\"{&quot;aperture&quot;:&quot;0&quot;,&quot;credit&quot;:&quot;&quot;,&quot;camera&quot;:&quot;&quot;,&quot;caption&quot;:&quot;&quot;,&quot;created_timestamp&quot;:&quot;0&quot;,&quot;copyright&quot;:&quot;&quot;,&quot;focal_length&quot;:&quot;0&quot;,&quot;iso&quot;:&quot;0&quot;,&quot;shutter_speed&quot;:&quot;0&quot;,&quot;title&quot;:&quot;&quot;,&quot;orientation&quot;:&quot;0&quot;}\" data-image-title=\"WhatsApp-Image-2023-04-27-at-13.13.26\" data-image-description=\"\" data-image-caption=\"\" data-large-file=\"https:\/\/www.cisa-arica.cl\/wp1\/wp-content\/uploads\/2023\/04\/WhatsApp-Image-2023-04-27-at-13.13.26-450x600.jpeg\" role=\"button\" tabindex=\"0\" aria-label=\"Abrir la imagen 13 de 54 en pantalla completa\"srcset=\"https:\/\/i2.wp.com\/www.cisa-arica.cl\/wp1\/wp-content\/uploads\/2023\/04\/WhatsApp-Image-2023-04-27-at-13.13.26-450x600.jpeg?strip=info&#038;w=600&#038;ssl=1 600w,https:\/\/i2.wp.com\/www.cisa-arica.cl\/wp1\/wp-content\/uploads\/2023\/04\/WhatsApp-Image-2023-04-27-at-13.13.26-450x600.jpeg?strip=info&#038;w=768&#038;ssl=1 768w\" alt=\"\" data-height=\"1024\" data-id=\"20127\" data-link=\"https:\/\/www.cisa-arica.cl\/wp1\/?attachment_id=20127\" data-url=\"https:\/\/www.cisa-arica.cl\/wp1\/wp-content\/uploads\/2023\/04\/WhatsApp-Image-2023-04-27-at-13.13.26-450x600.jpeg\" data-width=\"768\" src=\"https:\/\/i2.wp.com\/www.cisa-arica.cl\/wp1\/wp-content\/uploads\/2023\/04\/WhatsApp-Image-2023-04-27-at-13.13.26-450x600.jpeg?ssl=1\" data-amp-layout=\"responsive\"\/><\/figure><\/div><\/div><div class=\"tiled-gallery__row\"><div class=\"tiled-gallery__col\" style=\"flex-basis:53.05395%\"><figure class=\"tiled-gallery__item\"><img decoding=\"async\" data-attachment-id=\"20128\" data-permalink=\"https:\/\/www.cisa-arica.cl\/wp1\/2023\/04\/25\/conmemorando-el-dia-del-libro-y-derecho-de-autor\/whatsapp-image-2023-04-27-at-13-13-25\/\" data-orig-file=\"https:\/\/www.cisa-arica.cl\/wp1\/wp-content\/uploads\/2023\/04\/WhatsApp-Image-2023-04-27-at-13.13.25.jpeg\" data-orig-size=\"768,1024\" data-comments-opened=\"0\" data-image-meta=\"{&quot;aperture&quot;:&quot;0&quot;,&quot;credit&quot;:&quot;&quot;,&quot;camera&quot;:&quot;&quot;,&quot;caption&quot;:&quot;&quot;,&quot;created_timestamp&quot;:&quot;0&quot;,&quot;copyright&quot;:&quot;&quot;,&quot;focal_length&quot;:&quot;0&quot;,&quot;iso&quot;:&quot;0&quot;,&quot;shutter_speed&quot;:&quot;0&quot;,&quot;title&quot;:&quot;&quot;,&quot;orientation&quot;:&quot;0&quot;}\" data-image-title=\"WhatsApp-Image-2023-04-27-at-13.13.25\" data-image-description=\"\" data-image-caption=\"\" data-large-file=\"https:\/\/www.cisa-arica.cl\/wp1\/wp-content\/uploads\/2023\/04\/WhatsApp-Image-2023-04-27-at-13.13.25-450x600.jpeg\" data-attachment-id=\"20128\" data-permalink=\"https:\/\/www.cisa-arica.cl\/wp1\/2023\/04\/25\/conmemorando-el-dia-del-libro-y-derecho-de-autor\/whatsapp-image-2023-04-27-at-13-13-25\/\" data-orig-file=\"https:\/\/www.cisa-arica.cl\/wp1\/wp-content\/uploads\/2023\/04\/WhatsApp-Image-2023-04-27-at-13.13.25.jpeg\" data-orig-size=\"768,1024\" data-comments-opened=\"0\" data-image-meta=\"{&quot;aperture&quot;:&quot;0&quot;,&quot;credit&quot;:&quot;&quot;,&quot;camera&quot;:&quot;&quot;,&quot;caption&quot;:&quot;&quot;,&quot;created_timestamp&quot;:&quot;0&quot;,&quot;copyright&quot;:&quot;&quot;,&quot;focal_length&quot;:&quot;0&quot;,&quot;iso&quot;:&quot;0&quot;,&quot;shutter_speed&quot;:&quot;0&quot;,&quot;title&quot;:&quot;&quot;,&quot;orientation&quot;:&quot;0&quot;}\" data-image-title=\"WhatsApp-Image-2023-04-27-at-13.13.25\" data-image-description=\"\" data-image-caption=\"\" data-large-file=\"https:\/\/www.cisa-arica.cl\/wp1\/wp-content\/uploads\/2023\/04\/WhatsApp-Image-2023-04-27-at-13.13.25-450x600.jpeg\" role=\"button\" tabindex=\"0\" aria-label=\"Abrir la imagen 14 de 54 en pantalla completa\"srcset=\"https:\/\/i0.wp.com\/www.cisa-arica.cl\/wp1\/wp-content\/uploads\/2023\/04\/WhatsApp-Image-2023-04-27-at-13.13.25-450x600.jpeg?strip=info&#038;w=600&#038;ssl=1 600w,https:\/\/i0.wp.com\/www.cisa-arica.cl\/wp1\/wp-content\/uploads\/2023\/04\/WhatsApp-Image-2023-04-27-at-13.13.25-450x600.jpeg?strip=info&#038;w=768&#038;ssl=1 768w\" alt=\"\" data-height=\"1024\" data-id=\"20128\" data-link=\"https:\/\/www.cisa-arica.cl\/wp1\/?attachment_id=20128\" data-url=\"https:\/\/www.cisa-arica.cl\/wp1\/wp-content\/uploads\/2023\/04\/WhatsApp-Image-2023-04-27-at-13.13.25-450x600.jpeg\" data-width=\"768\" src=\"https:\/\/i0.wp.com\/www.cisa-arica.cl\/wp1\/wp-content\/uploads\/2023\/04\/WhatsApp-Image-2023-04-27-at-13.13.25-450x600.jpeg?ssl=1\" data-amp-layout=\"responsive\"\/><\/figure><\/div><div class=\"tiled-gallery__col\" style=\"flex-basis:46.94605%\"><figure class=\"tiled-gallery__item\"><img decoding=\"async\" data-attachment-id=\"20129\" data-permalink=\"https:\/\/www.cisa-arica.cl\/wp1\/2023\/04\/25\/conmemorando-el-dia-del-libro-y-derecho-de-autor\/whatsapp-image-2023-04-27-at-13-08-34\/\" data-orig-file=\"https:\/\/www.cisa-arica.cl\/wp1\/wp-content\/uploads\/2023\/04\/WhatsApp-Image-2023-04-27-at-13.08.34.jpeg\" data-orig-size=\"1024,768\" data-comments-opened=\"0\" data-image-meta=\"{&quot;aperture&quot;:&quot;0&quot;,&quot;credit&quot;:&quot;&quot;,&quot;camera&quot;:&quot;&quot;,&quot;caption&quot;:&quot;&quot;,&quot;created_timestamp&quot;:&quot;0&quot;,&quot;copyright&quot;:&quot;&quot;,&quot;focal_length&quot;:&quot;0&quot;,&quot;iso&quot;:&quot;0&quot;,&quot;shutter_speed&quot;:&quot;0&quot;,&quot;title&quot;:&quot;&quot;,&quot;orientation&quot;:&quot;0&quot;}\" data-image-title=\"WhatsApp-Image-2023-04-27-at-13.08.34\" data-image-description=\"\" data-image-caption=\"\" data-large-file=\"https:\/\/www.cisa-arica.cl\/wp1\/wp-content\/uploads\/2023\/04\/WhatsApp-Image-2023-04-27-at-13.08.34-600x450.jpeg\" data-attachment-id=\"20129\" data-permalink=\"https:\/\/www.cisa-arica.cl\/wp1\/2023\/04\/25\/conmemorando-el-dia-del-libro-y-derecho-de-autor\/whatsapp-image-2023-04-27-at-13-08-34\/\" data-orig-file=\"https:\/\/www.cisa-arica.cl\/wp1\/wp-content\/uploads\/2023\/04\/WhatsApp-Image-2023-04-27-at-13.08.34.jpeg\" data-orig-size=\"1024,768\" data-comments-opened=\"0\" data-image-meta=\"{&quot;aperture&quot;:&quot;0&quot;,&quot;credit&quot;:&quot;&quot;,&quot;camera&quot;:&quot;&quot;,&quot;caption&quot;:&quot;&quot;,&quot;created_timestamp&quot;:&quot;0&quot;,&quot;copyright&quot;:&quot;&quot;,&quot;focal_length&quot;:&quot;0&quot;,&quot;iso&quot;:&quot;0&quot;,&quot;shutter_speed&quot;:&quot;0&quot;,&quot;title&quot;:&quot;&quot;,&quot;orientation&quot;:&quot;0&quot;}\" data-image-title=\"WhatsApp-Image-2023-04-27-at-13.08.34\" data-image-description=\"\" data-image-caption=\"\" data-large-file=\"https:\/\/www.cisa-arica.cl\/wp1\/wp-content\/uploads\/2023\/04\/WhatsApp-Image-2023-04-27-at-13.08.34-600x450.jpeg\" role=\"button\" tabindex=\"0\" aria-label=\"Abrir la imagen 15 de 54 en pantalla completa\"srcset=\"https:\/\/i2.wp.com\/www.cisa-arica.cl\/wp1\/wp-content\/uploads\/2023\/04\/WhatsApp-Image-2023-04-27-at-13.08.34-600x450.jpeg?strip=info&#038;w=600&#038;ssl=1 600w,https:\/\/i2.wp.com\/www.cisa-arica.cl\/wp1\/wp-content\/uploads\/2023\/04\/WhatsApp-Image-2023-04-27-at-13.08.34-600x450.jpeg?strip=info&#038;w=900&#038;ssl=1 900w,https:\/\/i2.wp.com\/www.cisa-arica.cl\/wp1\/wp-content\/uploads\/2023\/04\/WhatsApp-Image-2023-04-27-at-13.08.34-600x450.jpeg?strip=info&#038;w=1024&#038;ssl=1 1024w\" alt=\"\" data-height=\"768\" data-id=\"20129\" data-link=\"https:\/\/www.cisa-arica.cl\/wp1\/?attachment_id=20129\" data-url=\"https:\/\/www.cisa-arica.cl\/wp1\/wp-content\/uploads\/2023\/04\/WhatsApp-Image-2023-04-27-at-13.08.34-600x450.jpeg\" data-width=\"1024\" src=\"https:\/\/i2.wp.com\/www.cisa-arica.cl\/wp1\/wp-content\/uploads\/2023\/04\/WhatsApp-Image-2023-04-27-at-13.08.34-600x450.jpeg?ssl=1\" data-amp-layout=\"responsive\"\/><\/figure><figure class=\"tiled-gallery__item\"><img decoding=\"async\" data-attachment-id=\"20130\" data-permalink=\"https:\/\/www.cisa-arica.cl\/wp1\/2023\/04\/25\/conmemorando-el-dia-del-libro-y-derecho-de-autor\/whatsapp-image-2023-04-27-at-13-08-33\/\" data-orig-file=\"https:\/\/www.cisa-arica.cl\/wp1\/wp-content\/uploads\/2023\/04\/WhatsApp-Image-2023-04-27-at-13.08.33.jpeg\" data-orig-size=\"1024,768\" data-comments-opened=\"0\" data-image-meta=\"{&quot;aperture&quot;:&quot;0&quot;,&quot;credit&quot;:&quot;&quot;,&quot;camera&quot;:&quot;&quot;,&quot;caption&quot;:&quot;&quot;,&quot;created_timestamp&quot;:&quot;0&quot;,&quot;copyright&quot;:&quot;&quot;,&quot;focal_length&quot;:&quot;0&quot;,&quot;iso&quot;:&quot;0&quot;,&quot;shutter_speed&quot;:&quot;0&quot;,&quot;title&quot;:&quot;&quot;,&quot;orientation&quot;:&quot;0&quot;}\" data-image-title=\"WhatsApp-Image-2023-04-27-at-13.08.33\" data-image-description=\"\" data-image-caption=\"\" data-large-file=\"https:\/\/www.cisa-arica.cl\/wp1\/wp-content\/uploads\/2023\/04\/WhatsApp-Image-2023-04-27-at-13.08.33-600x450.jpeg\" data-attachment-id=\"20130\" data-permalink=\"https:\/\/www.cisa-arica.cl\/wp1\/2023\/04\/25\/conmemorando-el-dia-del-libro-y-derecho-de-autor\/whatsapp-image-2023-04-27-at-13-08-33\/\" data-orig-file=\"https:\/\/www.cisa-arica.cl\/wp1\/wp-content\/uploads\/2023\/04\/WhatsApp-Image-2023-04-27-at-13.08.33.jpeg\" data-orig-size=\"1024,768\" data-comments-opened=\"0\" data-image-meta=\"{&quot;aperture&quot;:&quot;0&quot;,&quot;credit&quot;:&quot;&quot;,&quot;camera&quot;:&quot;&quot;,&quot;caption&quot;:&quot;&quot;,&quot;created_timestamp&quot;:&quot;0&quot;,&quot;copyright&quot;:&quot;&quot;,&quot;focal_length&quot;:&quot;0&quot;,&quot;iso&quot;:&quot;0&quot;,&quot;shutter_speed&quot;:&quot;0&quot;,&quot;title&quot;:&quot;&quot;,&quot;orientation&quot;:&quot;0&quot;}\" data-image-title=\"WhatsApp-Image-2023-04-27-at-13.08.33\" data-image-description=\"\" data-image-caption=\"\" data-large-file=\"https:\/\/www.cisa-arica.cl\/wp1\/wp-content\/uploads\/2023\/04\/WhatsApp-Image-2023-04-27-at-13.08.33-600x450.jpeg\" role=\"button\" tabindex=\"0\" aria-label=\"Abrir la imagen 16 de 54 en pantalla completa\"srcset=\"https:\/\/i0.wp.com\/www.cisa-arica.cl\/wp1\/wp-content\/uploads\/2023\/04\/WhatsApp-Image-2023-04-27-at-13.08.33-600x450.jpeg?strip=info&#038;w=600&#038;ssl=1 600w,https:\/\/i0.wp.com\/www.cisa-arica.cl\/wp1\/wp-content\/uploads\/2023\/04\/WhatsApp-Image-2023-04-27-at-13.08.33-600x450.jpeg?strip=info&#038;w=900&#038;ssl=1 900w,https:\/\/i0.wp.com\/www.cisa-arica.cl\/wp1\/wp-content\/uploads\/2023\/04\/WhatsApp-Image-2023-04-27-at-13.08.33-600x450.jpeg?strip=info&#038;w=1024&#038;ssl=1 1024w\" alt=\"\" data-height=\"768\" data-id=\"20130\" data-link=\"https:\/\/www.cisa-arica.cl\/wp1\/?attachment_id=20130\" data-url=\"https:\/\/www.cisa-arica.cl\/wp1\/wp-content\/uploads\/2023\/04\/WhatsApp-Image-2023-04-27-at-13.08.33-600x450.jpeg\" data-width=\"1024\" src=\"https:\/\/i0.wp.com\/www.cisa-arica.cl\/wp1\/wp-content\/uploads\/2023\/04\/WhatsApp-Image-2023-04-27-at-13.08.33-600x450.jpeg?ssl=1\" data-amp-layout=\"responsive\"\/><\/figure><\/div><\/div><div class=\"tiled-gallery__row\"><div class=\"tiled-gallery__col\" style=\"flex-basis:36.02586%\"><figure class=\"tiled-gallery__item\"><img decoding=\"async\" data-attachment-id=\"20131\" data-permalink=\"https:\/\/www.cisa-arica.cl\/wp1\/2023\/04\/25\/conmemorando-el-dia-del-libro-y-derecho-de-autor\/whatsapp-image-2023-04-27-at-13-08-331\/\" data-orig-file=\"https:\/\/www.cisa-arica.cl\/wp1\/wp-content\/uploads\/2023\/04\/WhatsApp-Image-2023-04-27-at-13.08.331.jpeg\" data-orig-size=\"768,1024\" data-comments-opened=\"0\" data-image-meta=\"{&quot;aperture&quot;:&quot;0&quot;,&quot;credit&quot;:&quot;&quot;,&quot;camera&quot;:&quot;&quot;,&quot;caption&quot;:&quot;&quot;,&quot;created_timestamp&quot;:&quot;0&quot;,&quot;copyright&quot;:&quot;&quot;,&quot;focal_length&quot;:&quot;0&quot;,&quot;iso&quot;:&quot;0&quot;,&quot;shutter_speed&quot;:&quot;0&quot;,&quot;title&quot;:&quot;&quot;,&quot;orientation&quot;:&quot;0&quot;}\" data-image-title=\"WhatsApp-Image-2023-04-27-at-13.08.331\" data-image-description=\"\" data-image-caption=\"\" data-large-file=\"https:\/\/www.cisa-arica.cl\/wp1\/wp-content\/uploads\/2023\/04\/WhatsApp-Image-2023-04-27-at-13.08.331-450x600.jpeg\" data-attachment-id=\"20131\" data-permalink=\"https:\/\/www.cisa-arica.cl\/wp1\/2023\/04\/25\/conmemorando-el-dia-del-libro-y-derecho-de-autor\/whatsapp-image-2023-04-27-at-13-08-331\/\" data-orig-file=\"https:\/\/www.cisa-arica.cl\/wp1\/wp-content\/uploads\/2023\/04\/WhatsApp-Image-2023-04-27-at-13.08.331.jpeg\" data-orig-size=\"768,1024\" data-comments-opened=\"0\" data-image-meta=\"{&quot;aperture&quot;:&quot;0&quot;,&quot;credit&quot;:&quot;&quot;,&quot;camera&quot;:&quot;&quot;,&quot;caption&quot;:&quot;&quot;,&quot;created_timestamp&quot;:&quot;0&quot;,&quot;copyright&quot;:&quot;&quot;,&quot;focal_length&quot;:&quot;0&quot;,&quot;iso&quot;:&quot;0&quot;,&quot;shutter_speed&quot;:&quot;0&quot;,&quot;title&quot;:&quot;&quot;,&quot;orientation&quot;:&quot;0&quot;}\" data-image-title=\"WhatsApp-Image-2023-04-27-at-13.08.331\" data-image-description=\"\" data-image-caption=\"\" data-large-file=\"https:\/\/www.cisa-arica.cl\/wp1\/wp-content\/uploads\/2023\/04\/WhatsApp-Image-2023-04-27-at-13.08.331-450x600.jpeg\" role=\"button\" tabindex=\"0\" aria-label=\"Abrir la imagen 17 de 54 en pantalla completa\"srcset=\"https:\/\/i2.wp.com\/www.cisa-arica.cl\/wp1\/wp-content\/uploads\/2023\/04\/WhatsApp-Image-2023-04-27-at-13.08.331-450x600.jpeg?strip=info&#038;w=600&#038;ssl=1 600w,https:\/\/i2.wp.com\/www.cisa-arica.cl\/wp1\/wp-content\/uploads\/2023\/04\/WhatsApp-Image-2023-04-27-at-13.08.331-450x600.jpeg?strip=info&#038;w=768&#038;ssl=1 768w\" alt=\"\" data-height=\"1024\" data-id=\"20131\" data-link=\"https:\/\/www.cisa-arica.cl\/wp1\/?attachment_id=20131\" data-url=\"https:\/\/www.cisa-arica.cl\/wp1\/wp-content\/uploads\/2023\/04\/WhatsApp-Image-2023-04-27-at-13.08.331-450x600.jpeg\" data-width=\"768\" src=\"https:\/\/i2.wp.com\/www.cisa-arica.cl\/wp1\/wp-content\/uploads\/2023\/04\/WhatsApp-Image-2023-04-27-at-13.08.331-450x600.jpeg?ssl=1\" data-amp-layout=\"responsive\"\/><\/figure><\/div><div class=\"tiled-gallery__col\" style=\"flex-basis:63.97414%\"><figure class=\"tiled-gallery__item\"><img decoding=\"async\" data-attachment-id=\"20132\" data-permalink=\"https:\/\/www.cisa-arica.cl\/wp1\/2023\/04\/25\/conmemorando-el-dia-del-libro-y-derecho-de-autor\/whatsapp-image-2023-04-27-at-13-08-32\/\" data-orig-file=\"https:\/\/www.cisa-arica.cl\/wp1\/wp-content\/uploads\/2023\/04\/WhatsApp-Image-2023-04-27-at-13.08.32.jpeg\" data-orig-size=\"1024,768\" data-comments-opened=\"0\" data-image-meta=\"{&quot;aperture&quot;:&quot;0&quot;,&quot;credit&quot;:&quot;&quot;,&quot;camera&quot;:&quot;&quot;,&quot;caption&quot;:&quot;&quot;,&quot;created_timestamp&quot;:&quot;0&quot;,&quot;copyright&quot;:&quot;&quot;,&quot;focal_length&quot;:&quot;0&quot;,&quot;iso&quot;:&quot;0&quot;,&quot;shutter_speed&quot;:&quot;0&quot;,&quot;title&quot;:&quot;&quot;,&quot;orientation&quot;:&quot;0&quot;}\" data-image-title=\"WhatsApp-Image-2023-04-27-at-13.08.32\" data-image-description=\"\" data-image-caption=\"\" data-large-file=\"https:\/\/www.cisa-arica.cl\/wp1\/wp-content\/uploads\/2023\/04\/WhatsApp-Image-2023-04-27-at-13.08.32-600x450.jpeg\" data-attachment-id=\"20132\" data-permalink=\"https:\/\/www.cisa-arica.cl\/wp1\/2023\/04\/25\/conmemorando-el-dia-del-libro-y-derecho-de-autor\/whatsapp-image-2023-04-27-at-13-08-32\/\" data-orig-file=\"https:\/\/www.cisa-arica.cl\/wp1\/wp-content\/uploads\/2023\/04\/WhatsApp-Image-2023-04-27-at-13.08.32.jpeg\" data-orig-size=\"1024,768\" data-comments-opened=\"0\" data-image-meta=\"{&quot;aperture&quot;:&quot;0&quot;,&quot;credit&quot;:&quot;&quot;,&quot;camera&quot;:&quot;&quot;,&quot;caption&quot;:&quot;&quot;,&quot;created_timestamp&quot;:&quot;0&quot;,&quot;copyright&quot;:&quot;&quot;,&quot;focal_length&quot;:&quot;0&quot;,&quot;iso&quot;:&quot;0&quot;,&quot;shutter_speed&quot;:&quot;0&quot;,&quot;title&quot;:&quot;&quot;,&quot;orientation&quot;:&quot;0&quot;}\" data-image-title=\"WhatsApp-Image-2023-04-27-at-13.08.32\" data-image-description=\"\" data-image-caption=\"\" data-large-file=\"https:\/\/www.cisa-arica.cl\/wp1\/wp-content\/uploads\/2023\/04\/WhatsApp-Image-2023-04-27-at-13.08.32-600x450.jpeg\" role=\"button\" tabindex=\"0\" aria-label=\"Abrir la imagen 18 de 54 en pantalla completa\"srcset=\"https:\/\/i0.wp.com\/www.cisa-arica.cl\/wp1\/wp-content\/uploads\/2023\/04\/WhatsApp-Image-2023-04-27-at-13.08.32-600x450.jpeg?strip=info&#038;w=600&#038;ssl=1 600w,https:\/\/i0.wp.com\/www.cisa-arica.cl\/wp1\/wp-content\/uploads\/2023\/04\/WhatsApp-Image-2023-04-27-at-13.08.32-600x450.jpeg?strip=info&#038;w=900&#038;ssl=1 900w,https:\/\/i0.wp.com\/www.cisa-arica.cl\/wp1\/wp-content\/uploads\/2023\/04\/WhatsApp-Image-2023-04-27-at-13.08.32-600x450.jpeg?strip=info&#038;w=1024&#038;ssl=1 1024w\" alt=\"\" data-height=\"768\" data-id=\"20132\" data-link=\"https:\/\/www.cisa-arica.cl\/wp1\/?attachment_id=20132\" data-url=\"https:\/\/www.cisa-arica.cl\/wp1\/wp-content\/uploads\/2023\/04\/WhatsApp-Image-2023-04-27-at-13.08.32-600x450.jpeg\" data-width=\"1024\" src=\"https:\/\/i0.wp.com\/www.cisa-arica.cl\/wp1\/wp-content\/uploads\/2023\/04\/WhatsApp-Image-2023-04-27-at-13.08.32-600x450.jpeg?ssl=1\" data-amp-layout=\"responsive\"\/><\/figure><\/div><\/div><div class=\"tiled-gallery__row\"><div class=\"tiled-gallery__col\" style=\"flex-basis:39.00709%\"><figure class=\"tiled-gallery__item\"><img decoding=\"async\" data-attachment-id=\"20133\" data-permalink=\"https:\/\/www.cisa-arica.cl\/wp1\/2023\/04\/25\/conmemorando-el-dia-del-libro-y-derecho-de-autor\/whatsapp-image-2023-04-27-at-13-08-31\/\" data-orig-file=\"https:\/\/www.cisa-arica.cl\/wp1\/wp-content\/uploads\/2023\/04\/WhatsApp-Image-2023-04-27-at-13.08.31.jpeg\" data-orig-size=\"1024,768\" data-comments-opened=\"0\" data-image-meta=\"{&quot;aperture&quot;:&quot;0&quot;,&quot;credit&quot;:&quot;&quot;,&quot;camera&quot;:&quot;&quot;,&quot;caption&quot;:&quot;&quot;,&quot;created_timestamp&quot;:&quot;0&quot;,&quot;copyright&quot;:&quot;&quot;,&quot;focal_length&quot;:&quot;0&quot;,&quot;iso&quot;:&quot;0&quot;,&quot;shutter_speed&quot;:&quot;0&quot;,&quot;title&quot;:&quot;&quot;,&quot;orientation&quot;:&quot;0&quot;}\" data-image-title=\"WhatsApp-Image-2023-04-27-at-13.08.31\" data-image-description=\"\" data-image-caption=\"\" data-large-file=\"https:\/\/www.cisa-arica.cl\/wp1\/wp-content\/uploads\/2023\/04\/WhatsApp-Image-2023-04-27-at-13.08.31-600x450.jpeg\" data-attachment-id=\"20133\" data-permalink=\"https:\/\/www.cisa-arica.cl\/wp1\/2023\/04\/25\/conmemorando-el-dia-del-libro-y-derecho-de-autor\/whatsapp-image-2023-04-27-at-13-08-31\/\" data-orig-file=\"https:\/\/www.cisa-arica.cl\/wp1\/wp-content\/uploads\/2023\/04\/WhatsApp-Image-2023-04-27-at-13.08.31.jpeg\" data-orig-size=\"1024,768\" data-comments-opened=\"0\" data-image-meta=\"{&quot;aperture&quot;:&quot;0&quot;,&quot;credit&quot;:&quot;&quot;,&quot;camera&quot;:&quot;&quot;,&quot;caption&quot;:&quot;&quot;,&quot;created_timestamp&quot;:&quot;0&quot;,&quot;copyright&quot;:&quot;&quot;,&quot;focal_length&quot;:&quot;0&quot;,&quot;iso&quot;:&quot;0&quot;,&quot;shutter_speed&quot;:&quot;0&quot;,&quot;title&quot;:&quot;&quot;,&quot;orientation&quot;:&quot;0&quot;}\" data-image-title=\"WhatsApp-Image-2023-04-27-at-13.08.31\" data-image-description=\"\" data-image-caption=\"\" data-large-file=\"https:\/\/www.cisa-arica.cl\/wp1\/wp-content\/uploads\/2023\/04\/WhatsApp-Image-2023-04-27-at-13.08.31-600x450.jpeg\" role=\"button\" tabindex=\"0\" aria-label=\"Abrir la imagen 19 de 54 en pantalla completa\"srcset=\"https:\/\/i1.wp.com\/www.cisa-arica.cl\/wp1\/wp-content\/uploads\/2023\/04\/WhatsApp-Image-2023-04-27-at-13.08.31-600x450.jpeg?strip=info&#038;w=600&#038;ssl=1 600w,https:\/\/i1.wp.com\/www.cisa-arica.cl\/wp1\/wp-content\/uploads\/2023\/04\/WhatsApp-Image-2023-04-27-at-13.08.31-600x450.jpeg?strip=info&#038;w=900&#038;ssl=1 900w,https:\/\/i1.wp.com\/www.cisa-arica.cl\/wp1\/wp-content\/uploads\/2023\/04\/WhatsApp-Image-2023-04-27-at-13.08.31-600x450.jpeg?strip=info&#038;w=1024&#038;ssl=1 1024w\" alt=\"\" data-height=\"768\" data-id=\"20133\" data-link=\"https:\/\/www.cisa-arica.cl\/wp1\/?attachment_id=20133\" data-url=\"https:\/\/www.cisa-arica.cl\/wp1\/wp-content\/uploads\/2023\/04\/WhatsApp-Image-2023-04-27-at-13.08.31-600x450.jpeg\" data-width=\"1024\" src=\"https:\/\/i1.wp.com\/www.cisa-arica.cl\/wp1\/wp-content\/uploads\/2023\/04\/WhatsApp-Image-2023-04-27-at-13.08.31-600x450.jpeg?ssl=1\" data-amp-layout=\"responsive\"\/><\/figure><\/div><div class=\"tiled-gallery__col\" style=\"flex-basis:21.98582%\"><figure class=\"tiled-gallery__item\"><img decoding=\"async\" data-attachment-id=\"20134\" data-permalink=\"https:\/\/www.cisa-arica.cl\/wp1\/2023\/04\/25\/conmemorando-el-dia-del-libro-y-derecho-de-autor\/whatsapp-image-2023-04-27-at-13-08-30\/\" data-orig-file=\"https:\/\/www.cisa-arica.cl\/wp1\/wp-content\/uploads\/2023\/04\/WhatsApp-Image-2023-04-27-at-13.08.30.jpeg\" data-orig-size=\"768,1024\" data-comments-opened=\"0\" data-image-meta=\"{&quot;aperture&quot;:&quot;0&quot;,&quot;credit&quot;:&quot;&quot;,&quot;camera&quot;:&quot;&quot;,&quot;caption&quot;:&quot;&quot;,&quot;created_timestamp&quot;:&quot;0&quot;,&quot;copyright&quot;:&quot;&quot;,&quot;focal_length&quot;:&quot;0&quot;,&quot;iso&quot;:&quot;0&quot;,&quot;shutter_speed&quot;:&quot;0&quot;,&quot;title&quot;:&quot;&quot;,&quot;orientation&quot;:&quot;0&quot;}\" data-image-title=\"WhatsApp-Image-2023-04-27-at-13.08.30\" data-image-description=\"\" data-image-caption=\"\" data-large-file=\"https:\/\/www.cisa-arica.cl\/wp1\/wp-content\/uploads\/2023\/04\/WhatsApp-Image-2023-04-27-at-13.08.30-450x600.jpeg\" data-attachment-id=\"20134\" data-permalink=\"https:\/\/www.cisa-arica.cl\/wp1\/2023\/04\/25\/conmemorando-el-dia-del-libro-y-derecho-de-autor\/whatsapp-image-2023-04-27-at-13-08-30\/\" data-orig-file=\"https:\/\/www.cisa-arica.cl\/wp1\/wp-content\/uploads\/2023\/04\/WhatsApp-Image-2023-04-27-at-13.08.30.jpeg\" data-orig-size=\"768,1024\" data-comments-opened=\"0\" data-image-meta=\"{&quot;aperture&quot;:&quot;0&quot;,&quot;credit&quot;:&quot;&quot;,&quot;camera&quot;:&quot;&quot;,&quot;caption&quot;:&quot;&quot;,&quot;created_timestamp&quot;:&quot;0&quot;,&quot;copyright&quot;:&quot;&quot;,&quot;focal_length&quot;:&quot;0&quot;,&quot;iso&quot;:&quot;0&quot;,&quot;shutter_speed&quot;:&quot;0&quot;,&quot;title&quot;:&quot;&quot;,&quot;orientation&quot;:&quot;0&quot;}\" data-image-title=\"WhatsApp-Image-2023-04-27-at-13.08.30\" data-image-description=\"\" data-image-caption=\"\" data-large-file=\"https:\/\/www.cisa-arica.cl\/wp1\/wp-content\/uploads\/2023\/04\/WhatsApp-Image-2023-04-27-at-13.08.30-450x600.jpeg\" role=\"button\" tabindex=\"0\" aria-label=\"Abrir la imagen 20 de 54 en pantalla completa\"srcset=\"https:\/\/i1.wp.com\/www.cisa-arica.cl\/wp1\/wp-content\/uploads\/2023\/04\/WhatsApp-Image-2023-04-27-at-13.08.30-450x600.jpeg?strip=info&#038;w=600&#038;ssl=1 600w,https:\/\/i1.wp.com\/www.cisa-arica.cl\/wp1\/wp-content\/uploads\/2023\/04\/WhatsApp-Image-2023-04-27-at-13.08.30-450x600.jpeg?strip=info&#038;w=768&#038;ssl=1 768w\" alt=\"\" data-height=\"1024\" data-id=\"20134\" data-link=\"https:\/\/www.cisa-arica.cl\/wp1\/?attachment_id=20134\" data-url=\"https:\/\/www.cisa-arica.cl\/wp1\/wp-content\/uploads\/2023\/04\/WhatsApp-Image-2023-04-27-at-13.08.30-450x600.jpeg\" data-width=\"768\" src=\"https:\/\/i1.wp.com\/www.cisa-arica.cl\/wp1\/wp-content\/uploads\/2023\/04\/WhatsApp-Image-2023-04-27-at-13.08.30-450x600.jpeg?ssl=1\" data-amp-layout=\"responsive\"\/><\/figure><\/div><div class=\"tiled-gallery__col\" style=\"flex-basis:39.00709%\"><figure class=\"tiled-gallery__item\"><img decoding=\"async\" data-attachment-id=\"20135\" data-permalink=\"https:\/\/www.cisa-arica.cl\/wp1\/2023\/04\/25\/conmemorando-el-dia-del-libro-y-derecho-de-autor\/whatsapp-image-2023-04-27-at-13-08-301\/\" data-orig-file=\"https:\/\/www.cisa-arica.cl\/wp1\/wp-content\/uploads\/2023\/04\/WhatsApp-Image-2023-04-27-at-13.08.301.jpeg\" data-orig-size=\"1024,768\" data-comments-opened=\"0\" data-image-meta=\"{&quot;aperture&quot;:&quot;0&quot;,&quot;credit&quot;:&quot;&quot;,&quot;camera&quot;:&quot;&quot;,&quot;caption&quot;:&quot;&quot;,&quot;created_timestamp&quot;:&quot;0&quot;,&quot;copyright&quot;:&quot;&quot;,&quot;focal_length&quot;:&quot;0&quot;,&quot;iso&quot;:&quot;0&quot;,&quot;shutter_speed&quot;:&quot;0&quot;,&quot;title&quot;:&quot;&quot;,&quot;orientation&quot;:&quot;0&quot;}\" data-image-title=\"WhatsApp-Image-2023-04-27-at-13.08.301\" data-image-description=\"\" data-image-caption=\"\" data-large-file=\"https:\/\/www.cisa-arica.cl\/wp1\/wp-content\/uploads\/2023\/04\/WhatsApp-Image-2023-04-27-at-13.08.301-600x450.jpeg\" data-attachment-id=\"20135\" data-permalink=\"https:\/\/www.cisa-arica.cl\/wp1\/2023\/04\/25\/conmemorando-el-dia-del-libro-y-derecho-de-autor\/whatsapp-image-2023-04-27-at-13-08-301\/\" data-orig-file=\"https:\/\/www.cisa-arica.cl\/wp1\/wp-content\/uploads\/2023\/04\/WhatsApp-Image-2023-04-27-at-13.08.301.jpeg\" data-orig-size=\"1024,768\" data-comments-opened=\"0\" data-image-meta=\"{&quot;aperture&quot;:&quot;0&quot;,&quot;credit&quot;:&quot;&quot;,&quot;camera&quot;:&quot;&quot;,&quot;caption&quot;:&quot;&quot;,&quot;created_timestamp&quot;:&quot;0&quot;,&quot;copyright&quot;:&quot;&quot;,&quot;focal_length&quot;:&quot;0&quot;,&quot;iso&quot;:&quot;0&quot;,&quot;shutter_speed&quot;:&quot;0&quot;,&quot;title&quot;:&quot;&quot;,&quot;orientation&quot;:&quot;0&quot;}\" data-image-title=\"WhatsApp-Image-2023-04-27-at-13.08.301\" data-image-description=\"\" data-image-caption=\"\" data-large-file=\"https:\/\/www.cisa-arica.cl\/wp1\/wp-content\/uploads\/2023\/04\/WhatsApp-Image-2023-04-27-at-13.08.301-600x450.jpeg\" role=\"button\" tabindex=\"0\" aria-label=\"Abrir la imagen 21 de 54 en pantalla completa\"srcset=\"https:\/\/i0.wp.com\/www.cisa-arica.cl\/wp1\/wp-content\/uploads\/2023\/04\/WhatsApp-Image-2023-04-27-at-13.08.301-600x450.jpeg?strip=info&#038;w=600&#038;ssl=1 600w,https:\/\/i0.wp.com\/www.cisa-arica.cl\/wp1\/wp-content\/uploads\/2023\/04\/WhatsApp-Image-2023-04-27-at-13.08.301-600x450.jpeg?strip=info&#038;w=900&#038;ssl=1 900w,https:\/\/i0.wp.com\/www.cisa-arica.cl\/wp1\/wp-content\/uploads\/2023\/04\/WhatsApp-Image-2023-04-27-at-13.08.301-600x450.jpeg?strip=info&#038;w=1024&#038;ssl=1 1024w\" alt=\"\" data-height=\"768\" data-id=\"20135\" data-link=\"https:\/\/www.cisa-arica.cl\/wp1\/?attachment_id=20135\" data-url=\"https:\/\/www.cisa-arica.cl\/wp1\/wp-content\/uploads\/2023\/04\/WhatsApp-Image-2023-04-27-at-13.08.301-600x450.jpeg\" data-width=\"1024\" src=\"https:\/\/i0.wp.com\/www.cisa-arica.cl\/wp1\/wp-content\/uploads\/2023\/04\/WhatsApp-Image-2023-04-27-at-13.08.301-600x450.jpeg?ssl=1\" data-amp-layout=\"responsive\"\/><\/figure><\/div><\/div><div class=\"tiled-gallery__row\"><div class=\"tiled-gallery__col\" style=\"flex-basis:25.00000%\"><figure class=\"tiled-gallery__item\"><img decoding=\"async\" data-attachment-id=\"20136\" data-permalink=\"https:\/\/www.cisa-arica.cl\/wp1\/2023\/04\/25\/conmemorando-el-dia-del-libro-y-derecho-de-autor\/whatsapp-image-2023-04-27-at-13-08-29\/\" data-orig-file=\"https:\/\/www.cisa-arica.cl\/wp1\/wp-content\/uploads\/2023\/04\/WhatsApp-Image-2023-04-27-at-13.08.29.jpeg\" data-orig-size=\"768,1024\" data-comments-opened=\"0\" data-image-meta=\"{&quot;aperture&quot;:&quot;0&quot;,&quot;credit&quot;:&quot;&quot;,&quot;camera&quot;:&quot;&quot;,&quot;caption&quot;:&quot;&quot;,&quot;created_timestamp&quot;:&quot;0&quot;,&quot;copyright&quot;:&quot;&quot;,&quot;focal_length&quot;:&quot;0&quot;,&quot;iso&quot;:&quot;0&quot;,&quot;shutter_speed&quot;:&quot;0&quot;,&quot;title&quot;:&quot;&quot;,&quot;orientation&quot;:&quot;0&quot;}\" data-image-title=\"WhatsApp-Image-2023-04-27-at-13.08.29\" data-image-description=\"\" data-image-caption=\"\" data-large-file=\"https:\/\/www.cisa-arica.cl\/wp1\/wp-content\/uploads\/2023\/04\/WhatsApp-Image-2023-04-27-at-13.08.29-450x600.jpeg\" data-attachment-id=\"20136\" data-permalink=\"https:\/\/www.cisa-arica.cl\/wp1\/2023\/04\/25\/conmemorando-el-dia-del-libro-y-derecho-de-autor\/whatsapp-image-2023-04-27-at-13-08-29\/\" data-orig-file=\"https:\/\/www.cisa-arica.cl\/wp1\/wp-content\/uploads\/2023\/04\/WhatsApp-Image-2023-04-27-at-13.08.29.jpeg\" data-orig-size=\"768,1024\" data-comments-opened=\"0\" data-image-meta=\"{&quot;aperture&quot;:&quot;0&quot;,&quot;credit&quot;:&quot;&quot;,&quot;camera&quot;:&quot;&quot;,&quot;caption&quot;:&quot;&quot;,&quot;created_timestamp&quot;:&quot;0&quot;,&quot;copyright&quot;:&quot;&quot;,&quot;focal_length&quot;:&quot;0&quot;,&quot;iso&quot;:&quot;0&quot;,&quot;shutter_speed&quot;:&quot;0&quot;,&quot;title&quot;:&quot;&quot;,&quot;orientation&quot;:&quot;0&quot;}\" data-image-title=\"WhatsApp-Image-2023-04-27-at-13.08.29\" data-image-description=\"\" data-image-caption=\"\" data-large-file=\"https:\/\/www.cisa-arica.cl\/wp1\/wp-content\/uploads\/2023\/04\/WhatsApp-Image-2023-04-27-at-13.08.29-450x600.jpeg\" role=\"button\" tabindex=\"0\" aria-label=\"Abrir la imagen 22 de 54 en pantalla completa\"srcset=\"https:\/\/i1.wp.com\/www.cisa-arica.cl\/wp1\/wp-content\/uploads\/2023\/04\/WhatsApp-Image-2023-04-27-at-13.08.29-450x600.jpeg?strip=info&#038;w=600&#038;ssl=1 600w,https:\/\/i1.wp.com\/www.cisa-arica.cl\/wp1\/wp-content\/uploads\/2023\/04\/WhatsApp-Image-2023-04-27-at-13.08.29-450x600.jpeg?strip=info&#038;w=768&#038;ssl=1 768w\" alt=\"\" data-height=\"1024\" data-id=\"20136\" data-link=\"https:\/\/www.cisa-arica.cl\/wp1\/?attachment_id=20136\" data-url=\"https:\/\/www.cisa-arica.cl\/wp1\/wp-content\/uploads\/2023\/04\/WhatsApp-Image-2023-04-27-at-13.08.29-450x600.jpeg\" data-width=\"768\" src=\"https:\/\/i1.wp.com\/www.cisa-arica.cl\/wp1\/wp-content\/uploads\/2023\/04\/WhatsApp-Image-2023-04-27-at-13.08.29-450x600.jpeg?ssl=1\" data-amp-layout=\"responsive\"\/><\/figure><\/div><div class=\"tiled-gallery__col\" style=\"flex-basis:25.00000%\"><figure class=\"tiled-gallery__item\"><img decoding=\"async\" data-attachment-id=\"20137\" data-permalink=\"https:\/\/www.cisa-arica.cl\/wp1\/2023\/04\/25\/conmemorando-el-dia-del-libro-y-derecho-de-autor\/whatsapp-image-2023-04-27-at-13-08-25\/\" data-orig-file=\"https:\/\/www.cisa-arica.cl\/wp1\/wp-content\/uploads\/2023\/04\/WhatsApp-Image-2023-04-27-at-13.08.25.jpeg\" data-orig-size=\"768,1024\" data-comments-opened=\"0\" data-image-meta=\"{&quot;aperture&quot;:&quot;0&quot;,&quot;credit&quot;:&quot;&quot;,&quot;camera&quot;:&quot;&quot;,&quot;caption&quot;:&quot;&quot;,&quot;created_timestamp&quot;:&quot;0&quot;,&quot;copyright&quot;:&quot;&quot;,&quot;focal_length&quot;:&quot;0&quot;,&quot;iso&quot;:&quot;0&quot;,&quot;shutter_speed&quot;:&quot;0&quot;,&quot;title&quot;:&quot;&quot;,&quot;orientation&quot;:&quot;0&quot;}\" data-image-title=\"WhatsApp-Image-2023-04-27-at-13.08.25\" data-image-description=\"\" data-image-caption=\"\" data-large-file=\"https:\/\/www.cisa-arica.cl\/wp1\/wp-content\/uploads\/2023\/04\/WhatsApp-Image-2023-04-27-at-13.08.25-450x600.jpeg\" data-attachment-id=\"20137\" data-permalink=\"https:\/\/www.cisa-arica.cl\/wp1\/2023\/04\/25\/conmemorando-el-dia-del-libro-y-derecho-de-autor\/whatsapp-image-2023-04-27-at-13-08-25\/\" data-orig-file=\"https:\/\/www.cisa-arica.cl\/wp1\/wp-content\/uploads\/2023\/04\/WhatsApp-Image-2023-04-27-at-13.08.25.jpeg\" data-orig-size=\"768,1024\" data-comments-opened=\"0\" data-image-meta=\"{&quot;aperture&quot;:&quot;0&quot;,&quot;credit&quot;:&quot;&quot;,&quot;camera&quot;:&quot;&quot;,&quot;caption&quot;:&quot;&quot;,&quot;created_timestamp&quot;:&quot;0&quot;,&quot;copyright&quot;:&quot;&quot;,&quot;focal_length&quot;:&quot;0&quot;,&quot;iso&quot;:&quot;0&quot;,&quot;shutter_speed&quot;:&quot;0&quot;,&quot;title&quot;:&quot;&quot;,&quot;orientation&quot;:&quot;0&quot;}\" data-image-title=\"WhatsApp-Image-2023-04-27-at-13.08.25\" data-image-description=\"\" data-image-caption=\"\" data-large-file=\"https:\/\/www.cisa-arica.cl\/wp1\/wp-content\/uploads\/2023\/04\/WhatsApp-Image-2023-04-27-at-13.08.25-450x600.jpeg\" role=\"button\" tabindex=\"0\" aria-label=\"Abrir la imagen 23 de 54 en pantalla completa\"srcset=\"https:\/\/i2.wp.com\/www.cisa-arica.cl\/wp1\/wp-content\/uploads\/2023\/04\/WhatsApp-Image-2023-04-27-at-13.08.25-450x600.jpeg?strip=info&#038;w=600&#038;ssl=1 600w,https:\/\/i2.wp.com\/www.cisa-arica.cl\/wp1\/wp-content\/uploads\/2023\/04\/WhatsApp-Image-2023-04-27-at-13.08.25-450x600.jpeg?strip=info&#038;w=768&#038;ssl=1 768w\" alt=\"\" data-height=\"1024\" data-id=\"20137\" data-link=\"https:\/\/www.cisa-arica.cl\/wp1\/?attachment_id=20137\" data-url=\"https:\/\/www.cisa-arica.cl\/wp1\/wp-content\/uploads\/2023\/04\/WhatsApp-Image-2023-04-27-at-13.08.25-450x600.jpeg\" data-width=\"768\" src=\"https:\/\/i2.wp.com\/www.cisa-arica.cl\/wp1\/wp-content\/uploads\/2023\/04\/WhatsApp-Image-2023-04-27-at-13.08.25-450x600.jpeg?ssl=1\" data-amp-layout=\"responsive\"\/><\/figure><\/div><div class=\"tiled-gallery__col\" style=\"flex-basis:25.00000%\"><figure class=\"tiled-gallery__item\"><img decoding=\"async\" data-attachment-id=\"20138\" data-permalink=\"https:\/\/www.cisa-arica.cl\/wp1\/2023\/04\/25\/conmemorando-el-dia-del-libro-y-derecho-de-autor\/whatsapp-image-2023-04-27-at-13-08-22\/\" data-orig-file=\"https:\/\/www.cisa-arica.cl\/wp1\/wp-content\/uploads\/2023\/04\/WhatsApp-Image-2023-04-27-at-13.08.22.jpeg\" data-orig-size=\"768,1024\" data-comments-opened=\"0\" data-image-meta=\"{&quot;aperture&quot;:&quot;0&quot;,&quot;credit&quot;:&quot;&quot;,&quot;camera&quot;:&quot;&quot;,&quot;caption&quot;:&quot;&quot;,&quot;created_timestamp&quot;:&quot;0&quot;,&quot;copyright&quot;:&quot;&quot;,&quot;focal_length&quot;:&quot;0&quot;,&quot;iso&quot;:&quot;0&quot;,&quot;shutter_speed&quot;:&quot;0&quot;,&quot;title&quot;:&quot;&quot;,&quot;orientation&quot;:&quot;0&quot;}\" data-image-title=\"WhatsApp-Image-2023-04-27-at-13.08.22\" data-image-description=\"\" data-image-caption=\"\" data-large-file=\"https:\/\/www.cisa-arica.cl\/wp1\/wp-content\/uploads\/2023\/04\/WhatsApp-Image-2023-04-27-at-13.08.22-450x600.jpeg\" data-attachment-id=\"20138\" data-permalink=\"https:\/\/www.cisa-arica.cl\/wp1\/2023\/04\/25\/conmemorando-el-dia-del-libro-y-derecho-de-autor\/whatsapp-image-2023-04-27-at-13-08-22\/\" data-orig-file=\"https:\/\/www.cisa-arica.cl\/wp1\/wp-content\/uploads\/2023\/04\/WhatsApp-Image-2023-04-27-at-13.08.22.jpeg\" data-orig-size=\"768,1024\" data-comments-opened=\"0\" data-image-meta=\"{&quot;aperture&quot;:&quot;0&quot;,&quot;credit&quot;:&quot;&quot;,&quot;camera&quot;:&quot;&quot;,&quot;caption&quot;:&quot;&quot;,&quot;created_timestamp&quot;:&quot;0&quot;,&quot;copyright&quot;:&quot;&quot;,&quot;focal_length&quot;:&quot;0&quot;,&quot;iso&quot;:&quot;0&quot;,&quot;shutter_speed&quot;:&quot;0&quot;,&quot;title&quot;:&quot;&quot;,&quot;orientation&quot;:&quot;0&quot;}\" data-image-title=\"WhatsApp-Image-2023-04-27-at-13.08.22\" data-image-description=\"\" data-image-caption=\"\" data-large-file=\"https:\/\/www.cisa-arica.cl\/wp1\/wp-content\/uploads\/2023\/04\/WhatsApp-Image-2023-04-27-at-13.08.22-450x600.jpeg\" role=\"button\" tabindex=\"0\" aria-label=\"Abrir la imagen 24 de 54 en pantalla completa\"srcset=\"https:\/\/i0.wp.com\/www.cisa-arica.cl\/wp1\/wp-content\/uploads\/2023\/04\/WhatsApp-Image-2023-04-27-at-13.08.22-450x600.jpeg?strip=info&#038;w=600&#038;ssl=1 600w,https:\/\/i0.wp.com\/www.cisa-arica.cl\/wp1\/wp-content\/uploads\/2023\/04\/WhatsApp-Image-2023-04-27-at-13.08.22-450x600.jpeg?strip=info&#038;w=768&#038;ssl=1 768w\" alt=\"\" data-height=\"1024\" data-id=\"20138\" data-link=\"https:\/\/www.cisa-arica.cl\/wp1\/?attachment_id=20138\" data-url=\"https:\/\/www.cisa-arica.cl\/wp1\/wp-content\/uploads\/2023\/04\/WhatsApp-Image-2023-04-27-at-13.08.22-450x600.jpeg\" data-width=\"768\" src=\"https:\/\/i0.wp.com\/www.cisa-arica.cl\/wp1\/wp-content\/uploads\/2023\/04\/WhatsApp-Image-2023-04-27-at-13.08.22-450x600.jpeg?ssl=1\" data-amp-layout=\"responsive\"\/><\/figure><\/div><div class=\"tiled-gallery__col\" style=\"flex-basis:25.00000%\"><figure class=\"tiled-gallery__item\"><img decoding=\"async\" data-attachment-id=\"20139\" data-permalink=\"https:\/\/www.cisa-arica.cl\/wp1\/2023\/04\/25\/conmemorando-el-dia-del-libro-y-derecho-de-autor\/whatsapp-image-2023-04-27-at-13-07-03\/\" data-orig-file=\"https:\/\/www.cisa-arica.cl\/wp1\/wp-content\/uploads\/2023\/04\/WhatsApp-Image-2023-04-27-at-13.07.03.jpeg\" data-orig-size=\"768,1024\" data-comments-opened=\"0\" data-image-meta=\"{&quot;aperture&quot;:&quot;0&quot;,&quot;credit&quot;:&quot;&quot;,&quot;camera&quot;:&quot;&quot;,&quot;caption&quot;:&quot;&quot;,&quot;created_timestamp&quot;:&quot;0&quot;,&quot;copyright&quot;:&quot;&quot;,&quot;focal_length&quot;:&quot;0&quot;,&quot;iso&quot;:&quot;0&quot;,&quot;shutter_speed&quot;:&quot;0&quot;,&quot;title&quot;:&quot;&quot;,&quot;orientation&quot;:&quot;0&quot;}\" data-image-title=\"WhatsApp-Image-2023-04-27-at-13.07.03\" data-image-description=\"\" data-image-caption=\"\" data-large-file=\"https:\/\/www.cisa-arica.cl\/wp1\/wp-content\/uploads\/2023\/04\/WhatsApp-Image-2023-04-27-at-13.07.03-450x600.jpeg\" data-attachment-id=\"20139\" data-permalink=\"https:\/\/www.cisa-arica.cl\/wp1\/2023\/04\/25\/conmemorando-el-dia-del-libro-y-derecho-de-autor\/whatsapp-image-2023-04-27-at-13-07-03\/\" data-orig-file=\"https:\/\/www.cisa-arica.cl\/wp1\/wp-content\/uploads\/2023\/04\/WhatsApp-Image-2023-04-27-at-13.07.03.jpeg\" data-orig-size=\"768,1024\" data-comments-opened=\"0\" data-image-meta=\"{&quot;aperture&quot;:&quot;0&quot;,&quot;credit&quot;:&quot;&quot;,&quot;camera&quot;:&quot;&quot;,&quot;caption&quot;:&quot;&quot;,&quot;created_timestamp&quot;:&quot;0&quot;,&quot;copyright&quot;:&quot;&quot;,&quot;focal_length&quot;:&quot;0&quot;,&quot;iso&quot;:&quot;0&quot;,&quot;shutter_speed&quot;:&quot;0&quot;,&quot;title&quot;:&quot;&quot;,&quot;orientation&quot;:&quot;0&quot;}\" data-image-title=\"WhatsApp-Image-2023-04-27-at-13.07.03\" data-image-description=\"\" data-image-caption=\"\" data-large-file=\"https:\/\/www.cisa-arica.cl\/wp1\/wp-content\/uploads\/2023\/04\/WhatsApp-Image-2023-04-27-at-13.07.03-450x600.jpeg\" role=\"button\" tabindex=\"0\" aria-label=\"Abrir la imagen 25 de 54 en pantalla completa\"srcset=\"https:\/\/i1.wp.com\/www.cisa-arica.cl\/wp1\/wp-content\/uploads\/2023\/04\/WhatsApp-Image-2023-04-27-at-13.07.03-450x600.jpeg?strip=info&#038;w=600&#038;ssl=1 600w,https:\/\/i1.wp.com\/www.cisa-arica.cl\/wp1\/wp-content\/uploads\/2023\/04\/WhatsApp-Image-2023-04-27-at-13.07.03-450x600.jpeg?strip=info&#038;w=768&#038;ssl=1 768w\" alt=\"\" data-height=\"1024\" data-id=\"20139\" data-link=\"https:\/\/www.cisa-arica.cl\/wp1\/?attachment_id=20139\" data-url=\"https:\/\/www.cisa-arica.cl\/wp1\/wp-content\/uploads\/2023\/04\/WhatsApp-Image-2023-04-27-at-13.07.03-450x600.jpeg\" data-width=\"768\" src=\"https:\/\/i1.wp.com\/www.cisa-arica.cl\/wp1\/wp-content\/uploads\/2023\/04\/WhatsApp-Image-2023-04-27-at-13.07.03-450x600.jpeg?ssl=1\" data-amp-layout=\"responsive\"\/><\/figure><\/div><\/div><div class=\"tiled-gallery__row\"><div class=\"tiled-gallery__col\" style=\"flex-basis:50.00000%\"><figure class=\"tiled-gallery__item\"><img decoding=\"async\" data-attachment-id=\"20140\" data-permalink=\"https:\/\/www.cisa-arica.cl\/wp1\/2023\/04\/25\/conmemorando-el-dia-del-libro-y-derecho-de-autor\/whatsapp-image-2023-04-27-at-13-06-30\/\" data-orig-file=\"https:\/\/www.cisa-arica.cl\/wp1\/wp-content\/uploads\/2023\/04\/WhatsApp-Image-2023-04-27-at-13.06.30.jpeg\" data-orig-size=\"768,1024\" data-comments-opened=\"0\" data-image-meta=\"{&quot;aperture&quot;:&quot;0&quot;,&quot;credit&quot;:&quot;&quot;,&quot;camera&quot;:&quot;&quot;,&quot;caption&quot;:&quot;&quot;,&quot;created_timestamp&quot;:&quot;0&quot;,&quot;copyright&quot;:&quot;&quot;,&quot;focal_length&quot;:&quot;0&quot;,&quot;iso&quot;:&quot;0&quot;,&quot;shutter_speed&quot;:&quot;0&quot;,&quot;title&quot;:&quot;&quot;,&quot;orientation&quot;:&quot;0&quot;}\" data-image-title=\"WhatsApp-Image-2023-04-27-at-13.06.30\" data-image-description=\"\" data-image-caption=\"\" data-large-file=\"https:\/\/www.cisa-arica.cl\/wp1\/wp-content\/uploads\/2023\/04\/WhatsApp-Image-2023-04-27-at-13.06.30-450x600.jpeg\" data-attachment-id=\"20140\" data-permalink=\"https:\/\/www.cisa-arica.cl\/wp1\/2023\/04\/25\/conmemorando-el-dia-del-libro-y-derecho-de-autor\/whatsapp-image-2023-04-27-at-13-06-30\/\" data-orig-file=\"https:\/\/www.cisa-arica.cl\/wp1\/wp-content\/uploads\/2023\/04\/WhatsApp-Image-2023-04-27-at-13.06.30.jpeg\" data-orig-size=\"768,1024\" data-comments-opened=\"0\" data-image-meta=\"{&quot;aperture&quot;:&quot;0&quot;,&quot;credit&quot;:&quot;&quot;,&quot;camera&quot;:&quot;&quot;,&quot;caption&quot;:&quot;&quot;,&quot;created_timestamp&quot;:&quot;0&quot;,&quot;copyright&quot;:&quot;&quot;,&quot;focal_length&quot;:&quot;0&quot;,&quot;iso&quot;:&quot;0&quot;,&quot;shutter_speed&quot;:&quot;0&quot;,&quot;title&quot;:&quot;&quot;,&quot;orientation&quot;:&quot;0&quot;}\" data-image-title=\"WhatsApp-Image-2023-04-27-at-13.06.30\" data-image-description=\"\" data-image-caption=\"\" data-large-file=\"https:\/\/www.cisa-arica.cl\/wp1\/wp-content\/uploads\/2023\/04\/WhatsApp-Image-2023-04-27-at-13.06.30-450x600.jpeg\" role=\"button\" tabindex=\"0\" aria-label=\"Abrir la imagen 26 de 54 en pantalla completa\"srcset=\"https:\/\/i2.wp.com\/www.cisa-arica.cl\/wp1\/wp-content\/uploads\/2023\/04\/WhatsApp-Image-2023-04-27-at-13.06.30-450x600.jpeg?strip=info&#038;w=600&#038;ssl=1 600w,https:\/\/i2.wp.com\/www.cisa-arica.cl\/wp1\/wp-content\/uploads\/2023\/04\/WhatsApp-Image-2023-04-27-at-13.06.30-450x600.jpeg?strip=info&#038;w=768&#038;ssl=1 768w\" alt=\"\" data-height=\"1024\" data-id=\"20140\" data-link=\"https:\/\/www.cisa-arica.cl\/wp1\/?attachment_id=20140\" data-url=\"https:\/\/www.cisa-arica.cl\/wp1\/wp-content\/uploads\/2023\/04\/WhatsApp-Image-2023-04-27-at-13.06.30-450x600.jpeg\" data-width=\"768\" src=\"https:\/\/i2.wp.com\/www.cisa-arica.cl\/wp1\/wp-content\/uploads\/2023\/04\/WhatsApp-Image-2023-04-27-at-13.06.30-450x600.jpeg?ssl=1\" data-amp-layout=\"responsive\"\/><\/figure><\/div><div class=\"tiled-gallery__col\" style=\"flex-basis:50.00000%\"><figure class=\"tiled-gallery__item\"><img decoding=\"async\" data-attachment-id=\"20141\" data-permalink=\"https:\/\/www.cisa-arica.cl\/wp1\/2023\/04\/25\/conmemorando-el-dia-del-libro-y-derecho-de-autor\/whatsapp-image-2023-04-27-at-13-06-27\/\" data-orig-file=\"https:\/\/www.cisa-arica.cl\/wp1\/wp-content\/uploads\/2023\/04\/WhatsApp-Image-2023-04-27-at-13.06.27.jpeg\" data-orig-size=\"768,1024\" data-comments-opened=\"0\" data-image-meta=\"{&quot;aperture&quot;:&quot;0&quot;,&quot;credit&quot;:&quot;&quot;,&quot;camera&quot;:&quot;&quot;,&quot;caption&quot;:&quot;&quot;,&quot;created_timestamp&quot;:&quot;0&quot;,&quot;copyright&quot;:&quot;&quot;,&quot;focal_length&quot;:&quot;0&quot;,&quot;iso&quot;:&quot;0&quot;,&quot;shutter_speed&quot;:&quot;0&quot;,&quot;title&quot;:&quot;&quot;,&quot;orientation&quot;:&quot;0&quot;}\" data-image-title=\"WhatsApp-Image-2023-04-27-at-13.06.27\" data-image-description=\"\" data-image-caption=\"\" data-large-file=\"https:\/\/www.cisa-arica.cl\/wp1\/wp-content\/uploads\/2023\/04\/WhatsApp-Image-2023-04-27-at-13.06.27-450x600.jpeg\" data-attachment-id=\"20141\" data-permalink=\"https:\/\/www.cisa-arica.cl\/wp1\/2023\/04\/25\/conmemorando-el-dia-del-libro-y-derecho-de-autor\/whatsapp-image-2023-04-27-at-13-06-27\/\" data-orig-file=\"https:\/\/www.cisa-arica.cl\/wp1\/wp-content\/uploads\/2023\/04\/WhatsApp-Image-2023-04-27-at-13.06.27.jpeg\" data-orig-size=\"768,1024\" data-comments-opened=\"0\" data-image-meta=\"{&quot;aperture&quot;:&quot;0&quot;,&quot;credit&quot;:&quot;&quot;,&quot;camera&quot;:&quot;&quot;,&quot;caption&quot;:&quot;&quot;,&quot;created_timestamp&quot;:&quot;0&quot;,&quot;copyright&quot;:&quot;&quot;,&quot;focal_length&quot;:&quot;0&quot;,&quot;iso&quot;:&quot;0&quot;,&quot;shutter_speed&quot;:&quot;0&quot;,&quot;title&quot;:&quot;&quot;,&quot;orientation&quot;:&quot;0&quot;}\" data-image-title=\"WhatsApp-Image-2023-04-27-at-13.06.27\" data-image-description=\"\" data-image-caption=\"\" data-large-file=\"https:\/\/www.cisa-arica.cl\/wp1\/wp-content\/uploads\/2023\/04\/WhatsApp-Image-2023-04-27-at-13.06.27-450x600.jpeg\" role=\"button\" tabindex=\"0\" aria-label=\"Abrir la imagen 27 de 54 en pantalla completa\"srcset=\"https:\/\/i1.wp.com\/www.cisa-arica.cl\/wp1\/wp-content\/uploads\/2023\/04\/WhatsApp-Image-2023-04-27-at-13.06.27-450x600.jpeg?strip=info&#038;w=600&#038;ssl=1 600w,https:\/\/i1.wp.com\/www.cisa-arica.cl\/wp1\/wp-content\/uploads\/2023\/04\/WhatsApp-Image-2023-04-27-at-13.06.27-450x600.jpeg?strip=info&#038;w=768&#038;ssl=1 768w\" alt=\"\" data-height=\"1024\" data-id=\"20141\" data-link=\"https:\/\/www.cisa-arica.cl\/wp1\/?attachment_id=20141\" data-url=\"https:\/\/www.cisa-arica.cl\/wp1\/wp-content\/uploads\/2023\/04\/WhatsApp-Image-2023-04-27-at-13.06.27-450x600.jpeg\" data-width=\"768\" src=\"https:\/\/i1.wp.com\/www.cisa-arica.cl\/wp1\/wp-content\/uploads\/2023\/04\/WhatsApp-Image-2023-04-27-at-13.06.27-450x600.jpeg?ssl=1\" data-amp-layout=\"responsive\"\/><\/figure><\/div><\/div><div class=\"tiled-gallery__row\"><div class=\"tiled-gallery__col\" style=\"flex-basis:25.00000%\"><figure class=\"tiled-gallery__item\"><img decoding=\"async\" data-attachment-id=\"20142\" data-permalink=\"https:\/\/www.cisa-arica.cl\/wp1\/2023\/04\/25\/conmemorando-el-dia-del-libro-y-derecho-de-autor\/whatsapp-image-2023-04-25-at-12-40-07\/\" data-orig-file=\"https:\/\/www.cisa-arica.cl\/wp1\/wp-content\/uploads\/2023\/04\/WhatsApp-Image-2023-04-25-at-12.40.07.jpeg\" data-orig-size=\"1200,1600\" data-comments-opened=\"0\" data-image-meta=\"{&quot;aperture&quot;:&quot;0&quot;,&quot;credit&quot;:&quot;&quot;,&quot;camera&quot;:&quot;&quot;,&quot;caption&quot;:&quot;&quot;,&quot;created_timestamp&quot;:&quot;0&quot;,&quot;copyright&quot;:&quot;&quot;,&quot;focal_length&quot;:&quot;0&quot;,&quot;iso&quot;:&quot;0&quot;,&quot;shutter_speed&quot;:&quot;0&quot;,&quot;title&quot;:&quot;&quot;,&quot;orientation&quot;:&quot;0&quot;}\" data-image-title=\"WhatsApp-Image-2023-04-25-at-12.40.07\" data-image-description=\"\" data-image-caption=\"\" data-large-file=\"https:\/\/www.cisa-arica.cl\/wp1\/wp-content\/uploads\/2023\/04\/WhatsApp-Image-2023-04-25-at-12.40.07-450x600.jpeg\" data-attachment-id=\"20142\" data-permalink=\"https:\/\/www.cisa-arica.cl\/wp1\/2023\/04\/25\/conmemorando-el-dia-del-libro-y-derecho-de-autor\/whatsapp-image-2023-04-25-at-12-40-07\/\" data-orig-file=\"https:\/\/www.cisa-arica.cl\/wp1\/wp-content\/uploads\/2023\/04\/WhatsApp-Image-2023-04-25-at-12.40.07.jpeg\" data-orig-size=\"1200,1600\" data-comments-opened=\"0\" data-image-meta=\"{&quot;aperture&quot;:&quot;0&quot;,&quot;credit&quot;:&quot;&quot;,&quot;camera&quot;:&quot;&quot;,&quot;caption&quot;:&quot;&quot;,&quot;created_timestamp&quot;:&quot;0&quot;,&quot;copyright&quot;:&quot;&quot;,&quot;focal_length&quot;:&quot;0&quot;,&quot;iso&quot;:&quot;0&quot;,&quot;shutter_speed&quot;:&quot;0&quot;,&quot;title&quot;:&quot;&quot;,&quot;orientation&quot;:&quot;0&quot;}\" data-image-title=\"WhatsApp-Image-2023-04-25-at-12.40.07\" data-image-description=\"\" data-image-caption=\"\" data-large-file=\"https:\/\/www.cisa-arica.cl\/wp1\/wp-content\/uploads\/2023\/04\/WhatsApp-Image-2023-04-25-at-12.40.07-450x600.jpeg\" role=\"button\" tabindex=\"0\" aria-label=\"Abrir la imagen 28 de 54 en pantalla completa\"srcset=\"https:\/\/i2.wp.com\/www.cisa-arica.cl\/wp1\/wp-content\/uploads\/2023\/04\/WhatsApp-Image-2023-04-25-at-12.40.07-450x600.jpeg?strip=info&#038;w=600&#038;ssl=1 600w,https:\/\/i2.wp.com\/www.cisa-arica.cl\/wp1\/wp-content\/uploads\/2023\/04\/WhatsApp-Image-2023-04-25-at-12.40.07-450x600.jpeg?strip=info&#038;w=900&#038;ssl=1 900w,https:\/\/i2.wp.com\/www.cisa-arica.cl\/wp1\/wp-content\/uploads\/2023\/04\/WhatsApp-Image-2023-04-25-at-12.40.07-450x600.jpeg?strip=info&#038;w=1200&#038;ssl=1 1200w\" alt=\"\" data-height=\"1600\" data-id=\"20142\" data-link=\"https:\/\/www.cisa-arica.cl\/wp1\/?attachment_id=20142\" data-url=\"https:\/\/www.cisa-arica.cl\/wp1\/wp-content\/uploads\/2023\/04\/WhatsApp-Image-2023-04-25-at-12.40.07-450x600.jpeg\" data-width=\"1200\" src=\"https:\/\/i2.wp.com\/www.cisa-arica.cl\/wp1\/wp-content\/uploads\/2023\/04\/WhatsApp-Image-2023-04-25-at-12.40.07-450x600.jpeg?ssl=1\" data-amp-layout=\"responsive\"\/><\/figure><\/div><div class=\"tiled-gallery__col\" style=\"flex-basis:25.00000%\"><figure class=\"tiled-gallery__item\"><img decoding=\"async\" data-attachment-id=\"20143\" data-permalink=\"https:\/\/www.cisa-arica.cl\/wp1\/2023\/04\/25\/conmemorando-el-dia-del-libro-y-derecho-de-autor\/whatsapp-image-2023-04-25-at-12-40-06\/\" data-orig-file=\"https:\/\/www.cisa-arica.cl\/wp1\/wp-content\/uploads\/2023\/04\/WhatsApp-Image-2023-04-25-at-12.40.06.jpeg\" data-orig-size=\"1200,1600\" data-comments-opened=\"0\" data-image-meta=\"{&quot;aperture&quot;:&quot;0&quot;,&quot;credit&quot;:&quot;&quot;,&quot;camera&quot;:&quot;&quot;,&quot;caption&quot;:&quot;&quot;,&quot;created_timestamp&quot;:&quot;0&quot;,&quot;copyright&quot;:&quot;&quot;,&quot;focal_length&quot;:&quot;0&quot;,&quot;iso&quot;:&quot;0&quot;,&quot;shutter_speed&quot;:&quot;0&quot;,&quot;title&quot;:&quot;&quot;,&quot;orientation&quot;:&quot;0&quot;}\" data-image-title=\"WhatsApp-Image-2023-04-25-at-12.40.06\" data-image-description=\"\" data-image-caption=\"\" data-large-file=\"https:\/\/www.cisa-arica.cl\/wp1\/wp-content\/uploads\/2023\/04\/WhatsApp-Image-2023-04-25-at-12.40.06-450x600.jpeg\" data-attachment-id=\"20143\" data-permalink=\"https:\/\/www.cisa-arica.cl\/wp1\/2023\/04\/25\/conmemorando-el-dia-del-libro-y-derecho-de-autor\/whatsapp-image-2023-04-25-at-12-40-06\/\" data-orig-file=\"https:\/\/www.cisa-arica.cl\/wp1\/wp-content\/uploads\/2023\/04\/WhatsApp-Image-2023-04-25-at-12.40.06.jpeg\" data-orig-size=\"1200,1600\" data-comments-opened=\"0\" data-image-meta=\"{&quot;aperture&quot;:&quot;0&quot;,&quot;credit&quot;:&quot;&quot;,&quot;camera&quot;:&quot;&quot;,&quot;caption&quot;:&quot;&quot;,&quot;created_timestamp&quot;:&quot;0&quot;,&quot;copyright&quot;:&quot;&quot;,&quot;focal_length&quot;:&quot;0&quot;,&quot;iso&quot;:&quot;0&quot;,&quot;shutter_speed&quot;:&quot;0&quot;,&quot;title&quot;:&quot;&quot;,&quot;orientation&quot;:&quot;0&quot;}\" data-image-title=\"WhatsApp-Image-2023-04-25-at-12.40.06\" data-image-description=\"\" data-image-caption=\"\" data-large-file=\"https:\/\/www.cisa-arica.cl\/wp1\/wp-content\/uploads\/2023\/04\/WhatsApp-Image-2023-04-25-at-12.40.06-450x600.jpeg\" role=\"button\" tabindex=\"0\" aria-label=\"Abrir la imagen 29 de 54 en pantalla completa\"srcset=\"https:\/\/i0.wp.com\/www.cisa-arica.cl\/wp1\/wp-content\/uploads\/2023\/04\/WhatsApp-Image-2023-04-25-at-12.40.06-450x600.jpeg?strip=info&#038;w=600&#038;ssl=1 600w,https:\/\/i0.wp.com\/www.cisa-arica.cl\/wp1\/wp-content\/uploads\/2023\/04\/WhatsApp-Image-2023-04-25-at-12.40.06-450x600.jpeg?strip=info&#038;w=900&#038;ssl=1 900w,https:\/\/i0.wp.com\/www.cisa-arica.cl\/wp1\/wp-content\/uploads\/2023\/04\/WhatsApp-Image-2023-04-25-at-12.40.06-450x600.jpeg?strip=info&#038;w=1200&#038;ssl=1 1200w\" alt=\"\" data-height=\"1600\" data-id=\"20143\" data-link=\"https:\/\/www.cisa-arica.cl\/wp1\/?attachment_id=20143\" data-url=\"https:\/\/www.cisa-arica.cl\/wp1\/wp-content\/uploads\/2023\/04\/WhatsApp-Image-2023-04-25-at-12.40.06-450x600.jpeg\" data-width=\"1200\" src=\"https:\/\/i0.wp.com\/www.cisa-arica.cl\/wp1\/wp-content\/uploads\/2023\/04\/WhatsApp-Image-2023-04-25-at-12.40.06-450x600.jpeg?ssl=1\" data-amp-layout=\"responsive\"\/><\/figure><\/div><div class=\"tiled-gallery__col\" style=\"flex-basis:25.00000%\"><figure class=\"tiled-gallery__item\"><img decoding=\"async\" data-attachment-id=\"20144\" data-permalink=\"https:\/\/www.cisa-arica.cl\/wp1\/2023\/04\/25\/conmemorando-el-dia-del-libro-y-derecho-de-autor\/whatsapp-image-2023-04-25-at-12-40-061\/\" data-orig-file=\"https:\/\/www.cisa-arica.cl\/wp1\/wp-content\/uploads\/2023\/04\/WhatsApp-Image-2023-04-25-at-12.40.061.jpeg\" data-orig-size=\"1200,1600\" data-comments-opened=\"0\" data-image-meta=\"{&quot;aperture&quot;:&quot;0&quot;,&quot;credit&quot;:&quot;&quot;,&quot;camera&quot;:&quot;&quot;,&quot;caption&quot;:&quot;&quot;,&quot;created_timestamp&quot;:&quot;0&quot;,&quot;copyright&quot;:&quot;&quot;,&quot;focal_length&quot;:&quot;0&quot;,&quot;iso&quot;:&quot;0&quot;,&quot;shutter_speed&quot;:&quot;0&quot;,&quot;title&quot;:&quot;&quot;,&quot;orientation&quot;:&quot;0&quot;}\" data-image-title=\"WhatsApp-Image-2023-04-25-at-12.40.061\" data-image-description=\"\" data-image-caption=\"\" data-large-file=\"https:\/\/www.cisa-arica.cl\/wp1\/wp-content\/uploads\/2023\/04\/WhatsApp-Image-2023-04-25-at-12.40.061-450x600.jpeg\" data-attachment-id=\"20144\" data-permalink=\"https:\/\/www.cisa-arica.cl\/wp1\/2023\/04\/25\/conmemorando-el-dia-del-libro-y-derecho-de-autor\/whatsapp-image-2023-04-25-at-12-40-061\/\" data-orig-file=\"https:\/\/www.cisa-arica.cl\/wp1\/wp-content\/uploads\/2023\/04\/WhatsApp-Image-2023-04-25-at-12.40.061.jpeg\" data-orig-size=\"1200,1600\" data-comments-opened=\"0\" data-image-meta=\"{&quot;aperture&quot;:&quot;0&quot;,&quot;credit&quot;:&quot;&quot;,&quot;camera&quot;:&quot;&quot;,&quot;caption&quot;:&quot;&quot;,&quot;created_timestamp&quot;:&quot;0&quot;,&quot;copyright&quot;:&quot;&quot;,&quot;focal_length&quot;:&quot;0&quot;,&quot;iso&quot;:&quot;0&quot;,&quot;shutter_speed&quot;:&quot;0&quot;,&quot;title&quot;:&quot;&quot;,&quot;orientation&quot;:&quot;0&quot;}\" data-image-title=\"WhatsApp-Image-2023-04-25-at-12.40.061\" data-image-description=\"\" data-image-caption=\"\" data-large-file=\"https:\/\/www.cisa-arica.cl\/wp1\/wp-content\/uploads\/2023\/04\/WhatsApp-Image-2023-04-25-at-12.40.061-450x600.jpeg\" role=\"button\" tabindex=\"0\" aria-label=\"Abrir la imagen 30 de 54 en pantalla completa\"srcset=\"https:\/\/i0.wp.com\/www.cisa-arica.cl\/wp1\/wp-content\/uploads\/2023\/04\/WhatsApp-Image-2023-04-25-at-12.40.061-450x600.jpeg?strip=info&#038;w=600&#038;ssl=1 600w,https:\/\/i0.wp.com\/www.cisa-arica.cl\/wp1\/wp-content\/uploads\/2023\/04\/WhatsApp-Image-2023-04-25-at-12.40.061-450x600.jpeg?strip=info&#038;w=900&#038;ssl=1 900w,https:\/\/i0.wp.com\/www.cisa-arica.cl\/wp1\/wp-content\/uploads\/2023\/04\/WhatsApp-Image-2023-04-25-at-12.40.061-450x600.jpeg?strip=info&#038;w=1200&#038;ssl=1 1200w\" alt=\"\" data-height=\"1600\" data-id=\"20144\" data-link=\"https:\/\/www.cisa-arica.cl\/wp1\/?attachment_id=20144\" data-url=\"https:\/\/www.cisa-arica.cl\/wp1\/wp-content\/uploads\/2023\/04\/WhatsApp-Image-2023-04-25-at-12.40.061-450x600.jpeg\" data-width=\"1200\" src=\"https:\/\/i0.wp.com\/www.cisa-arica.cl\/wp1\/wp-content\/uploads\/2023\/04\/WhatsApp-Image-2023-04-25-at-12.40.061-450x600.jpeg?ssl=1\" data-amp-layout=\"responsive\"\/><\/figure><\/div><div class=\"tiled-gallery__col\" style=\"flex-basis:25.00000%\"><figure class=\"tiled-gallery__item\"><img decoding=\"async\" data-attachment-id=\"20145\" data-permalink=\"https:\/\/www.cisa-arica.cl\/wp1\/2023\/04\/25\/conmemorando-el-dia-del-libro-y-derecho-de-autor\/whatsapp-image-2023-04-25-at-12-40-05\/\" data-orig-file=\"https:\/\/www.cisa-arica.cl\/wp1\/wp-content\/uploads\/2023\/04\/WhatsApp-Image-2023-04-25-at-12.40.05.jpeg\" data-orig-size=\"1200,1600\" data-comments-opened=\"0\" data-image-meta=\"{&quot;aperture&quot;:&quot;0&quot;,&quot;credit&quot;:&quot;&quot;,&quot;camera&quot;:&quot;&quot;,&quot;caption&quot;:&quot;&quot;,&quot;created_timestamp&quot;:&quot;0&quot;,&quot;copyright&quot;:&quot;&quot;,&quot;focal_length&quot;:&quot;0&quot;,&quot;iso&quot;:&quot;0&quot;,&quot;shutter_speed&quot;:&quot;0&quot;,&quot;title&quot;:&quot;&quot;,&quot;orientation&quot;:&quot;0&quot;}\" data-image-title=\"WhatsApp-Image-2023-04-25-at-12.40.05\" data-image-description=\"\" data-image-caption=\"\" data-large-file=\"https:\/\/www.cisa-arica.cl\/wp1\/wp-content\/uploads\/2023\/04\/WhatsApp-Image-2023-04-25-at-12.40.05-450x600.jpeg\" data-attachment-id=\"20145\" data-permalink=\"https:\/\/www.cisa-arica.cl\/wp1\/2023\/04\/25\/conmemorando-el-dia-del-libro-y-derecho-de-autor\/whatsapp-image-2023-04-25-at-12-40-05\/\" data-orig-file=\"https:\/\/www.cisa-arica.cl\/wp1\/wp-content\/uploads\/2023\/04\/WhatsApp-Image-2023-04-25-at-12.40.05.jpeg\" data-orig-size=\"1200,1600\" data-comments-opened=\"0\" data-image-meta=\"{&quot;aperture&quot;:&quot;0&quot;,&quot;credit&quot;:&quot;&quot;,&quot;camera&quot;:&quot;&quot;,&quot;caption&quot;:&quot;&quot;,&quot;created_timestamp&quot;:&quot;0&quot;,&quot;copyright&quot;:&quot;&quot;,&quot;focal_length&quot;:&quot;0&quot;,&quot;iso&quot;:&quot;0&quot;,&quot;shutter_speed&quot;:&quot;0&quot;,&quot;title&quot;:&quot;&quot;,&quot;orientation&quot;:&quot;0&quot;}\" data-image-title=\"WhatsApp-Image-2023-04-25-at-12.40.05\" data-image-description=\"\" data-image-caption=\"\" data-large-file=\"https:\/\/www.cisa-arica.cl\/wp1\/wp-content\/uploads\/2023\/04\/WhatsApp-Image-2023-04-25-at-12.40.05-450x600.jpeg\" role=\"button\" tabindex=\"0\" aria-label=\"Abrir la imagen 31 de 54 en pantalla completa\"srcset=\"https:\/\/i1.wp.com\/www.cisa-arica.cl\/wp1\/wp-content\/uploads\/2023\/04\/WhatsApp-Image-2023-04-25-at-12.40.05-450x600.jpeg?strip=info&#038;w=600&#038;ssl=1 600w,https:\/\/i1.wp.com\/www.cisa-arica.cl\/wp1\/wp-content\/uploads\/2023\/04\/WhatsApp-Image-2023-04-25-at-12.40.05-450x600.jpeg?strip=info&#038;w=900&#038;ssl=1 900w,https:\/\/i1.wp.com\/www.cisa-arica.cl\/wp1\/wp-content\/uploads\/2023\/04\/WhatsApp-Image-2023-04-25-at-12.40.05-450x600.jpeg?strip=info&#038;w=1200&#038;ssl=1 1200w\" alt=\"\" data-height=\"1600\" data-id=\"20145\" data-link=\"https:\/\/www.cisa-arica.cl\/wp1\/?attachment_id=20145\" data-url=\"https:\/\/www.cisa-arica.cl\/wp1\/wp-content\/uploads\/2023\/04\/WhatsApp-Image-2023-04-25-at-12.40.05-450x600.jpeg\" data-width=\"1200\" src=\"https:\/\/i1.wp.com\/www.cisa-arica.cl\/wp1\/wp-content\/uploads\/2023\/04\/WhatsApp-Image-2023-04-25-at-12.40.05-450x600.jpeg?ssl=1\" data-amp-layout=\"responsive\"\/><\/figure><\/div><\/div><div class=\"tiled-gallery__row\"><div class=\"tiled-gallery__col\" style=\"flex-basis:33.33333%\"><figure class=\"tiled-gallery__item\"><img decoding=\"async\" data-attachment-id=\"20146\" data-permalink=\"https:\/\/www.cisa-arica.cl\/wp1\/2023\/04\/25\/conmemorando-el-dia-del-libro-y-derecho-de-autor\/whatsapp-image-2023-04-25-at-12-40-051\/\" data-orig-file=\"https:\/\/www.cisa-arica.cl\/wp1\/wp-content\/uploads\/2023\/04\/WhatsApp-Image-2023-04-25-at-12.40.051.jpeg\" data-orig-size=\"1200,1600\" data-comments-opened=\"0\" data-image-meta=\"{&quot;aperture&quot;:&quot;0&quot;,&quot;credit&quot;:&quot;&quot;,&quot;camera&quot;:&quot;&quot;,&quot;caption&quot;:&quot;&quot;,&quot;created_timestamp&quot;:&quot;0&quot;,&quot;copyright&quot;:&quot;&quot;,&quot;focal_length&quot;:&quot;0&quot;,&quot;iso&quot;:&quot;0&quot;,&quot;shutter_speed&quot;:&quot;0&quot;,&quot;title&quot;:&quot;&quot;,&quot;orientation&quot;:&quot;0&quot;}\" data-image-title=\"WhatsApp-Image-2023-04-25-at-12.40.051\" data-image-description=\"\" data-image-caption=\"\" data-large-file=\"https:\/\/www.cisa-arica.cl\/wp1\/wp-content\/uploads\/2023\/04\/WhatsApp-Image-2023-04-25-at-12.40.051-450x600.jpeg\" data-attachment-id=\"20146\" data-permalink=\"https:\/\/www.cisa-arica.cl\/wp1\/2023\/04\/25\/conmemorando-el-dia-del-libro-y-derecho-de-autor\/whatsapp-image-2023-04-25-at-12-40-051\/\" data-orig-file=\"https:\/\/www.cisa-arica.cl\/wp1\/wp-content\/uploads\/2023\/04\/WhatsApp-Image-2023-04-25-at-12.40.051.jpeg\" data-orig-size=\"1200,1600\" data-comments-opened=\"0\" data-image-meta=\"{&quot;aperture&quot;:&quot;0&quot;,&quot;credit&quot;:&quot;&quot;,&quot;camera&quot;:&quot;&quot;,&quot;caption&quot;:&quot;&quot;,&quot;created_timestamp&quot;:&quot;0&quot;,&quot;copyright&quot;:&quot;&quot;,&quot;focal_length&quot;:&quot;0&quot;,&quot;iso&quot;:&quot;0&quot;,&quot;shutter_speed&quot;:&quot;0&quot;,&quot;title&quot;:&quot;&quot;,&quot;orientation&quot;:&quot;0&quot;}\" data-image-title=\"WhatsApp-Image-2023-04-25-at-12.40.051\" data-image-description=\"\" data-image-caption=\"\" data-large-file=\"https:\/\/www.cisa-arica.cl\/wp1\/wp-content\/uploads\/2023\/04\/WhatsApp-Image-2023-04-25-at-12.40.051-450x600.jpeg\" role=\"button\" tabindex=\"0\" aria-label=\"Abrir la imagen 32 de 54 en pantalla completa\"srcset=\"https:\/\/i0.wp.com\/www.cisa-arica.cl\/wp1\/wp-content\/uploads\/2023\/04\/WhatsApp-Image-2023-04-25-at-12.40.051-450x600.jpeg?strip=info&#038;w=600&#038;ssl=1 600w,https:\/\/i0.wp.com\/www.cisa-arica.cl\/wp1\/wp-content\/uploads\/2023\/04\/WhatsApp-Image-2023-04-25-at-12.40.051-450x600.jpeg?strip=info&#038;w=900&#038;ssl=1 900w,https:\/\/i0.wp.com\/www.cisa-arica.cl\/wp1\/wp-content\/uploads\/2023\/04\/WhatsApp-Image-2023-04-25-at-12.40.051-450x600.jpeg?strip=info&#038;w=1200&#038;ssl=1 1200w\" alt=\"\" data-height=\"1600\" data-id=\"20146\" data-link=\"https:\/\/www.cisa-arica.cl\/wp1\/?attachment_id=20146\" data-url=\"https:\/\/www.cisa-arica.cl\/wp1\/wp-content\/uploads\/2023\/04\/WhatsApp-Image-2023-04-25-at-12.40.051-450x600.jpeg\" data-width=\"1200\" src=\"https:\/\/i0.wp.com\/www.cisa-arica.cl\/wp1\/wp-content\/uploads\/2023\/04\/WhatsApp-Image-2023-04-25-at-12.40.051-450x600.jpeg?ssl=1\" data-amp-layout=\"responsive\"\/><\/figure><\/div><div class=\"tiled-gallery__col\" style=\"flex-basis:33.33333%\"><figure class=\"tiled-gallery__item\"><img decoding=\"async\" data-attachment-id=\"20147\" data-permalink=\"https:\/\/www.cisa-arica.cl\/wp1\/2023\/04\/25\/conmemorando-el-dia-del-libro-y-derecho-de-autor\/whatsapp-image-2023-04-25-at-12-40-04\/\" data-orig-file=\"https:\/\/www.cisa-arica.cl\/wp1\/wp-content\/uploads\/2023\/04\/WhatsApp-Image-2023-04-25-at-12.40.04.jpeg\" data-orig-size=\"1200,1600\" data-comments-opened=\"0\" data-image-meta=\"{&quot;aperture&quot;:&quot;0&quot;,&quot;credit&quot;:&quot;&quot;,&quot;camera&quot;:&quot;&quot;,&quot;caption&quot;:&quot;&quot;,&quot;created_timestamp&quot;:&quot;0&quot;,&quot;copyright&quot;:&quot;&quot;,&quot;focal_length&quot;:&quot;0&quot;,&quot;iso&quot;:&quot;0&quot;,&quot;shutter_speed&quot;:&quot;0&quot;,&quot;title&quot;:&quot;&quot;,&quot;orientation&quot;:&quot;0&quot;}\" data-image-title=\"WhatsApp-Image-2023-04-25-at-12.40.04\" data-image-description=\"\" data-image-caption=\"\" data-large-file=\"https:\/\/www.cisa-arica.cl\/wp1\/wp-content\/uploads\/2023\/04\/WhatsApp-Image-2023-04-25-at-12.40.04-450x600.jpeg\" data-attachment-id=\"20147\" data-permalink=\"https:\/\/www.cisa-arica.cl\/wp1\/2023\/04\/25\/conmemorando-el-dia-del-libro-y-derecho-de-autor\/whatsapp-image-2023-04-25-at-12-40-04\/\" data-orig-file=\"https:\/\/www.cisa-arica.cl\/wp1\/wp-content\/uploads\/2023\/04\/WhatsApp-Image-2023-04-25-at-12.40.04.jpeg\" data-orig-size=\"1200,1600\" data-comments-opened=\"0\" data-image-meta=\"{&quot;aperture&quot;:&quot;0&quot;,&quot;credit&quot;:&quot;&quot;,&quot;camera&quot;:&quot;&quot;,&quot;caption&quot;:&quot;&quot;,&quot;created_timestamp&quot;:&quot;0&quot;,&quot;copyright&quot;:&quot;&quot;,&quot;focal_length&quot;:&quot;0&quot;,&quot;iso&quot;:&quot;0&quot;,&quot;shutter_speed&quot;:&quot;0&quot;,&quot;title&quot;:&quot;&quot;,&quot;orientation&quot;:&quot;0&quot;}\" data-image-title=\"WhatsApp-Image-2023-04-25-at-12.40.04\" data-image-description=\"\" data-image-caption=\"\" data-large-file=\"https:\/\/www.cisa-arica.cl\/wp1\/wp-content\/uploads\/2023\/04\/WhatsApp-Image-2023-04-25-at-12.40.04-450x600.jpeg\" role=\"button\" tabindex=\"0\" aria-label=\"Abrir la imagen 33 de 54 en pantalla completa\"srcset=\"https:\/\/i1.wp.com\/www.cisa-arica.cl\/wp1\/wp-content\/uploads\/2023\/04\/WhatsApp-Image-2023-04-25-at-12.40.04-450x600.jpeg?strip=info&#038;w=600&#038;ssl=1 600w,https:\/\/i1.wp.com\/www.cisa-arica.cl\/wp1\/wp-content\/uploads\/2023\/04\/WhatsApp-Image-2023-04-25-at-12.40.04-450x600.jpeg?strip=info&#038;w=900&#038;ssl=1 900w,https:\/\/i1.wp.com\/www.cisa-arica.cl\/wp1\/wp-content\/uploads\/2023\/04\/WhatsApp-Image-2023-04-25-at-12.40.04-450x600.jpeg?strip=info&#038;w=1200&#038;ssl=1 1200w\" alt=\"\" data-height=\"1600\" data-id=\"20147\" data-link=\"https:\/\/www.cisa-arica.cl\/wp1\/?attachment_id=20147\" data-url=\"https:\/\/www.cisa-arica.cl\/wp1\/wp-content\/uploads\/2023\/04\/WhatsApp-Image-2023-04-25-at-12.40.04-450x600.jpeg\" data-width=\"1200\" src=\"https:\/\/i1.wp.com\/www.cisa-arica.cl\/wp1\/wp-content\/uploads\/2023\/04\/WhatsApp-Image-2023-04-25-at-12.40.04-450x600.jpeg?ssl=1\" data-amp-layout=\"responsive\"\/><\/figure><\/div><div class=\"tiled-gallery__col\" style=\"flex-basis:33.33333%\"><figure class=\"tiled-gallery__item\"><img decoding=\"async\" data-attachment-id=\"20148\" data-permalink=\"https:\/\/www.cisa-arica.cl\/wp1\/2023\/04\/25\/conmemorando-el-dia-del-libro-y-derecho-de-autor\/whatsapp-image-2023-04-25-at-12-40-041\/\" data-orig-file=\"https:\/\/www.cisa-arica.cl\/wp1\/wp-content\/uploads\/2023\/04\/WhatsApp-Image-2023-04-25-at-12.40.041.jpeg\" data-orig-size=\"1200,1600\" data-comments-opened=\"0\" data-image-meta=\"{&quot;aperture&quot;:&quot;0&quot;,&quot;credit&quot;:&quot;&quot;,&quot;camera&quot;:&quot;&quot;,&quot;caption&quot;:&quot;&quot;,&quot;created_timestamp&quot;:&quot;0&quot;,&quot;copyright&quot;:&quot;&quot;,&quot;focal_length&quot;:&quot;0&quot;,&quot;iso&quot;:&quot;0&quot;,&quot;shutter_speed&quot;:&quot;0&quot;,&quot;title&quot;:&quot;&quot;,&quot;orientation&quot;:&quot;0&quot;}\" data-image-title=\"WhatsApp-Image-2023-04-25-at-12.40.041\" data-image-description=\"\" data-image-caption=\"\" data-large-file=\"https:\/\/www.cisa-arica.cl\/wp1\/wp-content\/uploads\/2023\/04\/WhatsApp-Image-2023-04-25-at-12.40.041-450x600.jpeg\" data-attachment-id=\"20148\" data-permalink=\"https:\/\/www.cisa-arica.cl\/wp1\/2023\/04\/25\/conmemorando-el-dia-del-libro-y-derecho-de-autor\/whatsapp-image-2023-04-25-at-12-40-041\/\" data-orig-file=\"https:\/\/www.cisa-arica.cl\/wp1\/wp-content\/uploads\/2023\/04\/WhatsApp-Image-2023-04-25-at-12.40.041.jpeg\" data-orig-size=\"1200,1600\" data-comments-opened=\"0\" data-image-meta=\"{&quot;aperture&quot;:&quot;0&quot;,&quot;credit&quot;:&quot;&quot;,&quot;camera&quot;:&quot;&quot;,&quot;caption&quot;:&quot;&quot;,&quot;created_timestamp&quot;:&quot;0&quot;,&quot;copyright&quot;:&quot;&quot;,&quot;focal_length&quot;:&quot;0&quot;,&quot;iso&quot;:&quot;0&quot;,&quot;shutter_speed&quot;:&quot;0&quot;,&quot;title&quot;:&quot;&quot;,&quot;orientation&quot;:&quot;0&quot;}\" data-image-title=\"WhatsApp-Image-2023-04-25-at-12.40.041\" data-image-description=\"\" data-image-caption=\"\" data-large-file=\"https:\/\/www.cisa-arica.cl\/wp1\/wp-content\/uploads\/2023\/04\/WhatsApp-Image-2023-04-25-at-12.40.041-450x600.jpeg\" role=\"button\" tabindex=\"0\" aria-label=\"Abrir la imagen 34 de 54 en pantalla completa\"srcset=\"https:\/\/i0.wp.com\/www.cisa-arica.cl\/wp1\/wp-content\/uploads\/2023\/04\/WhatsApp-Image-2023-04-25-at-12.40.041-450x600.jpeg?strip=info&#038;w=600&#038;ssl=1 600w,https:\/\/i0.wp.com\/www.cisa-arica.cl\/wp1\/wp-content\/uploads\/2023\/04\/WhatsApp-Image-2023-04-25-at-12.40.041-450x600.jpeg?strip=info&#038;w=900&#038;ssl=1 900w,https:\/\/i0.wp.com\/www.cisa-arica.cl\/wp1\/wp-content\/uploads\/2023\/04\/WhatsApp-Image-2023-04-25-at-12.40.041-450x600.jpeg?strip=info&#038;w=1200&#038;ssl=1 1200w\" alt=\"\" data-height=\"1600\" data-id=\"20148\" data-link=\"https:\/\/www.cisa-arica.cl\/wp1\/?attachment_id=20148\" data-url=\"https:\/\/www.cisa-arica.cl\/wp1\/wp-content\/uploads\/2023\/04\/WhatsApp-Image-2023-04-25-at-12.40.041-450x600.jpeg\" data-width=\"1200\" src=\"https:\/\/i0.wp.com\/www.cisa-arica.cl\/wp1\/wp-content\/uploads\/2023\/04\/WhatsApp-Image-2023-04-25-at-12.40.041-450x600.jpeg?ssl=1\" data-amp-layout=\"responsive\"\/><\/figure><\/div><\/div><div class=\"tiled-gallery__row\"><div class=\"tiled-gallery__col\" style=\"flex-basis:25.00000%\"><figure class=\"tiled-gallery__item\"><img decoding=\"async\" data-attachment-id=\"20149\" data-permalink=\"https:\/\/www.cisa-arica.cl\/wp1\/2023\/04\/25\/conmemorando-el-dia-del-libro-y-derecho-de-autor\/whatsapp-image-2023-04-25-at-12-40-03\/\" data-orig-file=\"https:\/\/www.cisa-arica.cl\/wp1\/wp-content\/uploads\/2023\/04\/WhatsApp-Image-2023-04-25-at-12.40.03.jpeg\" data-orig-size=\"1200,1600\" data-comments-opened=\"0\" data-image-meta=\"{&quot;aperture&quot;:&quot;0&quot;,&quot;credit&quot;:&quot;&quot;,&quot;camera&quot;:&quot;&quot;,&quot;caption&quot;:&quot;&quot;,&quot;created_timestamp&quot;:&quot;0&quot;,&quot;copyright&quot;:&quot;&quot;,&quot;focal_length&quot;:&quot;0&quot;,&quot;iso&quot;:&quot;0&quot;,&quot;shutter_speed&quot;:&quot;0&quot;,&quot;title&quot;:&quot;&quot;,&quot;orientation&quot;:&quot;0&quot;}\" data-image-title=\"WhatsApp-Image-2023-04-25-at-12.40.03\" data-image-description=\"\" data-image-caption=\"\" data-large-file=\"https:\/\/www.cisa-arica.cl\/wp1\/wp-content\/uploads\/2023\/04\/WhatsApp-Image-2023-04-25-at-12.40.03-450x600.jpeg\" data-attachment-id=\"20149\" data-permalink=\"https:\/\/www.cisa-arica.cl\/wp1\/2023\/04\/25\/conmemorando-el-dia-del-libro-y-derecho-de-autor\/whatsapp-image-2023-04-25-at-12-40-03\/\" data-orig-file=\"https:\/\/www.cisa-arica.cl\/wp1\/wp-content\/uploads\/2023\/04\/WhatsApp-Image-2023-04-25-at-12.40.03.jpeg\" data-orig-size=\"1200,1600\" data-comments-opened=\"0\" data-image-meta=\"{&quot;aperture&quot;:&quot;0&quot;,&quot;credit&quot;:&quot;&quot;,&quot;camera&quot;:&quot;&quot;,&quot;caption&quot;:&quot;&quot;,&quot;created_timestamp&quot;:&quot;0&quot;,&quot;copyright&quot;:&quot;&quot;,&quot;focal_length&quot;:&quot;0&quot;,&quot;iso&quot;:&quot;0&quot;,&quot;shutter_speed&quot;:&quot;0&quot;,&quot;title&quot;:&quot;&quot;,&quot;orientation&quot;:&quot;0&quot;}\" data-image-title=\"WhatsApp-Image-2023-04-25-at-12.40.03\" data-image-description=\"\" data-image-caption=\"\" data-large-file=\"https:\/\/www.cisa-arica.cl\/wp1\/wp-content\/uploads\/2023\/04\/WhatsApp-Image-2023-04-25-at-12.40.03-450x600.jpeg\" role=\"button\" tabindex=\"0\" aria-label=\"Abrir la imagen 35 de 54 en pantalla completa\"srcset=\"https:\/\/i1.wp.com\/www.cisa-arica.cl\/wp1\/wp-content\/uploads\/2023\/04\/WhatsApp-Image-2023-04-25-at-12.40.03-450x600.jpeg?strip=info&#038;w=600&#038;ssl=1 600w,https:\/\/i1.wp.com\/www.cisa-arica.cl\/wp1\/wp-content\/uploads\/2023\/04\/WhatsApp-Image-2023-04-25-at-12.40.03-450x600.jpeg?strip=info&#038;w=900&#038;ssl=1 900w,https:\/\/i1.wp.com\/www.cisa-arica.cl\/wp1\/wp-content\/uploads\/2023\/04\/WhatsApp-Image-2023-04-25-at-12.40.03-450x600.jpeg?strip=info&#038;w=1200&#038;ssl=1 1200w\" alt=\"\" data-height=\"1600\" data-id=\"20149\" data-link=\"https:\/\/www.cisa-arica.cl\/wp1\/?attachment_id=20149\" data-url=\"https:\/\/www.cisa-arica.cl\/wp1\/wp-content\/uploads\/2023\/04\/WhatsApp-Image-2023-04-25-at-12.40.03-450x600.jpeg\" data-width=\"1200\" src=\"https:\/\/i1.wp.com\/www.cisa-arica.cl\/wp1\/wp-content\/uploads\/2023\/04\/WhatsApp-Image-2023-04-25-at-12.40.03-450x600.jpeg?ssl=1\" data-amp-layout=\"responsive\"\/><\/figure><\/div><div class=\"tiled-gallery__col\" style=\"flex-basis:25.00000%\"><figure class=\"tiled-gallery__item\"><img decoding=\"async\" data-attachment-id=\"20150\" data-permalink=\"https:\/\/www.cisa-arica.cl\/wp1\/2023\/04\/25\/conmemorando-el-dia-del-libro-y-derecho-de-autor\/whatsapp-image-2023-04-25-at-12-40-031\/\" data-orig-file=\"https:\/\/www.cisa-arica.cl\/wp1\/wp-content\/uploads\/2023\/04\/WhatsApp-Image-2023-04-25-at-12.40.031.jpeg\" data-orig-size=\"1200,1600\" data-comments-opened=\"0\" data-image-meta=\"{&quot;aperture&quot;:&quot;0&quot;,&quot;credit&quot;:&quot;&quot;,&quot;camera&quot;:&quot;&quot;,&quot;caption&quot;:&quot;&quot;,&quot;created_timestamp&quot;:&quot;0&quot;,&quot;copyright&quot;:&quot;&quot;,&quot;focal_length&quot;:&quot;0&quot;,&quot;iso&quot;:&quot;0&quot;,&quot;shutter_speed&quot;:&quot;0&quot;,&quot;title&quot;:&quot;&quot;,&quot;orientation&quot;:&quot;0&quot;}\" data-image-title=\"WhatsApp-Image-2023-04-25-at-12.40.031\" data-image-description=\"\" data-image-caption=\"\" data-large-file=\"https:\/\/www.cisa-arica.cl\/wp1\/wp-content\/uploads\/2023\/04\/WhatsApp-Image-2023-04-25-at-12.40.031-450x600.jpeg\" data-attachment-id=\"20150\" data-permalink=\"https:\/\/www.cisa-arica.cl\/wp1\/2023\/04\/25\/conmemorando-el-dia-del-libro-y-derecho-de-autor\/whatsapp-image-2023-04-25-at-12-40-031\/\" data-orig-file=\"https:\/\/www.cisa-arica.cl\/wp1\/wp-content\/uploads\/2023\/04\/WhatsApp-Image-2023-04-25-at-12.40.031.jpeg\" data-orig-size=\"1200,1600\" data-comments-opened=\"0\" data-image-meta=\"{&quot;aperture&quot;:&quot;0&quot;,&quot;credit&quot;:&quot;&quot;,&quot;camera&quot;:&quot;&quot;,&quot;caption&quot;:&quot;&quot;,&quot;created_timestamp&quot;:&quot;0&quot;,&quot;copyright&quot;:&quot;&quot;,&quot;focal_length&quot;:&quot;0&quot;,&quot;iso&quot;:&quot;0&quot;,&quot;shutter_speed&quot;:&quot;0&quot;,&quot;title&quot;:&quot;&quot;,&quot;orientation&quot;:&quot;0&quot;}\" data-image-title=\"WhatsApp-Image-2023-04-25-at-12.40.031\" data-image-description=\"\" data-image-caption=\"\" data-large-file=\"https:\/\/www.cisa-arica.cl\/wp1\/wp-content\/uploads\/2023\/04\/WhatsApp-Image-2023-04-25-at-12.40.031-450x600.jpeg\" role=\"button\" tabindex=\"0\" aria-label=\"Abrir la imagen 36 de 54 en pantalla completa\"srcset=\"https:\/\/i1.wp.com\/www.cisa-arica.cl\/wp1\/wp-content\/uploads\/2023\/04\/WhatsApp-Image-2023-04-25-at-12.40.031-450x600.jpeg?strip=info&#038;w=600&#038;ssl=1 600w,https:\/\/i1.wp.com\/www.cisa-arica.cl\/wp1\/wp-content\/uploads\/2023\/04\/WhatsApp-Image-2023-04-25-at-12.40.031-450x600.jpeg?strip=info&#038;w=900&#038;ssl=1 900w,https:\/\/i1.wp.com\/www.cisa-arica.cl\/wp1\/wp-content\/uploads\/2023\/04\/WhatsApp-Image-2023-04-25-at-12.40.031-450x600.jpeg?strip=info&#038;w=1200&#038;ssl=1 1200w\" alt=\"\" data-height=\"1600\" data-id=\"20150\" data-link=\"https:\/\/www.cisa-arica.cl\/wp1\/?attachment_id=20150\" data-url=\"https:\/\/www.cisa-arica.cl\/wp1\/wp-content\/uploads\/2023\/04\/WhatsApp-Image-2023-04-25-at-12.40.031-450x600.jpeg\" data-width=\"1200\" src=\"https:\/\/i1.wp.com\/www.cisa-arica.cl\/wp1\/wp-content\/uploads\/2023\/04\/WhatsApp-Image-2023-04-25-at-12.40.031-450x600.jpeg?ssl=1\" data-amp-layout=\"responsive\"\/><\/figure><\/div><div class=\"tiled-gallery__col\" style=\"flex-basis:25.00000%\"><figure class=\"tiled-gallery__item\"><img decoding=\"async\" data-attachment-id=\"20151\" data-permalink=\"https:\/\/www.cisa-arica.cl\/wp1\/2023\/04\/25\/conmemorando-el-dia-del-libro-y-derecho-de-autor\/whatsapp-image-2023-04-25-at-12-40-02\/\" data-orig-file=\"https:\/\/www.cisa-arica.cl\/wp1\/wp-content\/uploads\/2023\/04\/WhatsApp-Image-2023-04-25-at-12.40.02.jpeg\" data-orig-size=\"1200,1600\" data-comments-opened=\"0\" data-image-meta=\"{&quot;aperture&quot;:&quot;0&quot;,&quot;credit&quot;:&quot;&quot;,&quot;camera&quot;:&quot;&quot;,&quot;caption&quot;:&quot;&quot;,&quot;created_timestamp&quot;:&quot;0&quot;,&quot;copyright&quot;:&quot;&quot;,&quot;focal_length&quot;:&quot;0&quot;,&quot;iso&quot;:&quot;0&quot;,&quot;shutter_speed&quot;:&quot;0&quot;,&quot;title&quot;:&quot;&quot;,&quot;orientation&quot;:&quot;0&quot;}\" data-image-title=\"WhatsApp-Image-2023-04-25-at-12.40.02\" data-image-description=\"\" data-image-caption=\"\" data-large-file=\"https:\/\/www.cisa-arica.cl\/wp1\/wp-content\/uploads\/2023\/04\/WhatsApp-Image-2023-04-25-at-12.40.02-450x600.jpeg\" data-attachment-id=\"20151\" data-permalink=\"https:\/\/www.cisa-arica.cl\/wp1\/2023\/04\/25\/conmemorando-el-dia-del-libro-y-derecho-de-autor\/whatsapp-image-2023-04-25-at-12-40-02\/\" data-orig-file=\"https:\/\/www.cisa-arica.cl\/wp1\/wp-content\/uploads\/2023\/04\/WhatsApp-Image-2023-04-25-at-12.40.02.jpeg\" data-orig-size=\"1200,1600\" data-comments-opened=\"0\" data-image-meta=\"{&quot;aperture&quot;:&quot;0&quot;,&quot;credit&quot;:&quot;&quot;,&quot;camera&quot;:&quot;&quot;,&quot;caption&quot;:&quot;&quot;,&quot;created_timestamp&quot;:&quot;0&quot;,&quot;copyright&quot;:&quot;&quot;,&quot;focal_length&quot;:&quot;0&quot;,&quot;iso&quot;:&quot;0&quot;,&quot;shutter_speed&quot;:&quot;0&quot;,&quot;title&quot;:&quot;&quot;,&quot;orientation&quot;:&quot;0&quot;}\" data-image-title=\"WhatsApp-Image-2023-04-25-at-12.40.02\" data-image-description=\"\" data-image-caption=\"\" data-large-file=\"https:\/\/www.cisa-arica.cl\/wp1\/wp-content\/uploads\/2023\/04\/WhatsApp-Image-2023-04-25-at-12.40.02-450x600.jpeg\" role=\"button\" tabindex=\"0\" aria-label=\"Abrir la imagen 37 de 54 en pantalla completa\"srcset=\"https:\/\/i1.wp.com\/www.cisa-arica.cl\/wp1\/wp-content\/uploads\/2023\/04\/WhatsApp-Image-2023-04-25-at-12.40.02-450x600.jpeg?strip=info&#038;w=600&#038;ssl=1 600w,https:\/\/i1.wp.com\/www.cisa-arica.cl\/wp1\/wp-content\/uploads\/2023\/04\/WhatsApp-Image-2023-04-25-at-12.40.02-450x600.jpeg?strip=info&#038;w=900&#038;ssl=1 900w,https:\/\/i1.wp.com\/www.cisa-arica.cl\/wp1\/wp-content\/uploads\/2023\/04\/WhatsApp-Image-2023-04-25-at-12.40.02-450x600.jpeg?strip=info&#038;w=1200&#038;ssl=1 1200w\" alt=\"\" data-height=\"1600\" data-id=\"20151\" data-link=\"https:\/\/www.cisa-arica.cl\/wp1\/?attachment_id=20151\" data-url=\"https:\/\/www.cisa-arica.cl\/wp1\/wp-content\/uploads\/2023\/04\/WhatsApp-Image-2023-04-25-at-12.40.02-450x600.jpeg\" data-width=\"1200\" src=\"https:\/\/i1.wp.com\/www.cisa-arica.cl\/wp1\/wp-content\/uploads\/2023\/04\/WhatsApp-Image-2023-04-25-at-12.40.02-450x600.jpeg?ssl=1\" data-amp-layout=\"responsive\"\/><\/figure><\/div><div class=\"tiled-gallery__col\" style=\"flex-basis:25.00000%\"><figure class=\"tiled-gallery__item\"><img decoding=\"async\" data-attachment-id=\"20152\" data-permalink=\"https:\/\/www.cisa-arica.cl\/wp1\/2023\/04\/25\/conmemorando-el-dia-del-libro-y-derecho-de-autor\/whatsapp-image-2023-04-25-at-12-40-021\/\" data-orig-file=\"https:\/\/www.cisa-arica.cl\/wp1\/wp-content\/uploads\/2023\/04\/WhatsApp-Image-2023-04-25-at-12.40.021.jpeg\" data-orig-size=\"1200,1600\" data-comments-opened=\"0\" data-image-meta=\"{&quot;aperture&quot;:&quot;0&quot;,&quot;credit&quot;:&quot;&quot;,&quot;camera&quot;:&quot;&quot;,&quot;caption&quot;:&quot;&quot;,&quot;created_timestamp&quot;:&quot;0&quot;,&quot;copyright&quot;:&quot;&quot;,&quot;focal_length&quot;:&quot;0&quot;,&quot;iso&quot;:&quot;0&quot;,&quot;shutter_speed&quot;:&quot;0&quot;,&quot;title&quot;:&quot;&quot;,&quot;orientation&quot;:&quot;0&quot;}\" data-image-title=\"WhatsApp-Image-2023-04-25-at-12.40.021\" data-image-description=\"\" data-image-caption=\"\" data-large-file=\"https:\/\/www.cisa-arica.cl\/wp1\/wp-content\/uploads\/2023\/04\/WhatsApp-Image-2023-04-25-at-12.40.021-450x600.jpeg\" data-attachment-id=\"20152\" data-permalink=\"https:\/\/www.cisa-arica.cl\/wp1\/2023\/04\/25\/conmemorando-el-dia-del-libro-y-derecho-de-autor\/whatsapp-image-2023-04-25-at-12-40-021\/\" data-orig-file=\"https:\/\/www.cisa-arica.cl\/wp1\/wp-content\/uploads\/2023\/04\/WhatsApp-Image-2023-04-25-at-12.40.021.jpeg\" data-orig-size=\"1200,1600\" data-comments-opened=\"0\" data-image-meta=\"{&quot;aperture&quot;:&quot;0&quot;,&quot;credit&quot;:&quot;&quot;,&quot;camera&quot;:&quot;&quot;,&quot;caption&quot;:&quot;&quot;,&quot;created_timestamp&quot;:&quot;0&quot;,&quot;copyright&quot;:&quot;&quot;,&quot;focal_length&quot;:&quot;0&quot;,&quot;iso&quot;:&quot;0&quot;,&quot;shutter_speed&quot;:&quot;0&quot;,&quot;title&quot;:&quot;&quot;,&quot;orientation&quot;:&quot;0&quot;}\" data-image-title=\"WhatsApp-Image-2023-04-25-at-12.40.021\" data-image-description=\"\" data-image-caption=\"\" data-large-file=\"https:\/\/www.cisa-arica.cl\/wp1\/wp-content\/uploads\/2023\/04\/WhatsApp-Image-2023-04-25-at-12.40.021-450x600.jpeg\" role=\"button\" tabindex=\"0\" aria-label=\"Abrir la imagen 38 de 54 en pantalla completa\"srcset=\"https:\/\/i1.wp.com\/www.cisa-arica.cl\/wp1\/wp-content\/uploads\/2023\/04\/WhatsApp-Image-2023-04-25-at-12.40.021-450x600.jpeg?strip=info&#038;w=600&#038;ssl=1 600w,https:\/\/i1.wp.com\/www.cisa-arica.cl\/wp1\/wp-content\/uploads\/2023\/04\/WhatsApp-Image-2023-04-25-at-12.40.021-450x600.jpeg?strip=info&#038;w=900&#038;ssl=1 900w,https:\/\/i1.wp.com\/www.cisa-arica.cl\/wp1\/wp-content\/uploads\/2023\/04\/WhatsApp-Image-2023-04-25-at-12.40.021-450x600.jpeg?strip=info&#038;w=1200&#038;ssl=1 1200w\" alt=\"\" data-height=\"1600\" data-id=\"20152\" data-link=\"https:\/\/www.cisa-arica.cl\/wp1\/?attachment_id=20152\" data-url=\"https:\/\/www.cisa-arica.cl\/wp1\/wp-content\/uploads\/2023\/04\/WhatsApp-Image-2023-04-25-at-12.40.021-450x600.jpeg\" data-width=\"1200\" src=\"https:\/\/i1.wp.com\/www.cisa-arica.cl\/wp1\/wp-content\/uploads\/2023\/04\/WhatsApp-Image-2023-04-25-at-12.40.021-450x600.jpeg?ssl=1\" data-amp-layout=\"responsive\"\/><\/figure><\/div><\/div><div class=\"tiled-gallery__row\"><div class=\"tiled-gallery__col\" style=\"flex-basis:50.00000%\"><figure class=\"tiled-gallery__item\"><img decoding=\"async\" data-attachment-id=\"20153\" data-permalink=\"https:\/\/www.cisa-arica.cl\/wp1\/2023\/04\/25\/conmemorando-el-dia-del-libro-y-derecho-de-autor\/whatsapp-image-2023-04-25-at-12-40-01\/\" data-orig-file=\"https:\/\/www.cisa-arica.cl\/wp1\/wp-content\/uploads\/2023\/04\/WhatsApp-Image-2023-04-25-at-12.40.01.jpeg\" data-orig-size=\"1200,1600\" data-comments-opened=\"0\" data-image-meta=\"{&quot;aperture&quot;:&quot;0&quot;,&quot;credit&quot;:&quot;&quot;,&quot;camera&quot;:&quot;&quot;,&quot;caption&quot;:&quot;&quot;,&quot;created_timestamp&quot;:&quot;0&quot;,&quot;copyright&quot;:&quot;&quot;,&quot;focal_length&quot;:&quot;0&quot;,&quot;iso&quot;:&quot;0&quot;,&quot;shutter_speed&quot;:&quot;0&quot;,&quot;title&quot;:&quot;&quot;,&quot;orientation&quot;:&quot;0&quot;}\" data-image-title=\"WhatsApp-Image-2023-04-25-at-12.40.01\" data-image-description=\"\" data-image-caption=\"\" data-large-file=\"https:\/\/www.cisa-arica.cl\/wp1\/wp-content\/uploads\/2023\/04\/WhatsApp-Image-2023-04-25-at-12.40.01-450x600.jpeg\" data-attachment-id=\"20153\" data-permalink=\"https:\/\/www.cisa-arica.cl\/wp1\/2023\/04\/25\/conmemorando-el-dia-del-libro-y-derecho-de-autor\/whatsapp-image-2023-04-25-at-12-40-01\/\" data-orig-file=\"https:\/\/www.cisa-arica.cl\/wp1\/wp-content\/uploads\/2023\/04\/WhatsApp-Image-2023-04-25-at-12.40.01.jpeg\" data-orig-size=\"1200,1600\" data-comments-opened=\"0\" data-image-meta=\"{&quot;aperture&quot;:&quot;0&quot;,&quot;credit&quot;:&quot;&quot;,&quot;camera&quot;:&quot;&quot;,&quot;caption&quot;:&quot;&quot;,&quot;created_timestamp&quot;:&quot;0&quot;,&quot;copyright&quot;:&quot;&quot;,&quot;focal_length&quot;:&quot;0&quot;,&quot;iso&quot;:&quot;0&quot;,&quot;shutter_speed&quot;:&quot;0&quot;,&quot;title&quot;:&quot;&quot;,&quot;orientation&quot;:&quot;0&quot;}\" data-image-title=\"WhatsApp-Image-2023-04-25-at-12.40.01\" data-image-description=\"\" data-image-caption=\"\" data-large-file=\"https:\/\/www.cisa-arica.cl\/wp1\/wp-content\/uploads\/2023\/04\/WhatsApp-Image-2023-04-25-at-12.40.01-450x600.jpeg\" role=\"button\" tabindex=\"0\" aria-label=\"Abrir la imagen 39 de 54 en pantalla completa\"srcset=\"https:\/\/i0.wp.com\/www.cisa-arica.cl\/wp1\/wp-content\/uploads\/2023\/04\/WhatsApp-Image-2023-04-25-at-12.40.01-450x600.jpeg?strip=info&#038;w=600&#038;ssl=1 600w,https:\/\/i0.wp.com\/www.cisa-arica.cl\/wp1\/wp-content\/uploads\/2023\/04\/WhatsApp-Image-2023-04-25-at-12.40.01-450x600.jpeg?strip=info&#038;w=900&#038;ssl=1 900w,https:\/\/i0.wp.com\/www.cisa-arica.cl\/wp1\/wp-content\/uploads\/2023\/04\/WhatsApp-Image-2023-04-25-at-12.40.01-450x600.jpeg?strip=info&#038;w=1200&#038;ssl=1 1200w\" alt=\"\" data-height=\"1600\" data-id=\"20153\" data-link=\"https:\/\/www.cisa-arica.cl\/wp1\/?attachment_id=20153\" data-url=\"https:\/\/www.cisa-arica.cl\/wp1\/wp-content\/uploads\/2023\/04\/WhatsApp-Image-2023-04-25-at-12.40.01-450x600.jpeg\" data-width=\"1200\" src=\"https:\/\/i0.wp.com\/www.cisa-arica.cl\/wp1\/wp-content\/uploads\/2023\/04\/WhatsApp-Image-2023-04-25-at-12.40.01-450x600.jpeg?ssl=1\" data-amp-layout=\"responsive\"\/><\/figure><\/div><div class=\"tiled-gallery__col\" style=\"flex-basis:50.00000%\"><figure class=\"tiled-gallery__item\"><img decoding=\"async\" data-attachment-id=\"20154\" data-permalink=\"https:\/\/www.cisa-arica.cl\/wp1\/2023\/04\/25\/conmemorando-el-dia-del-libro-y-derecho-de-autor\/whatsapp-image-2023-04-25-at-12-40-011\/\" data-orig-file=\"https:\/\/www.cisa-arica.cl\/wp1\/wp-content\/uploads\/2023\/04\/WhatsApp-Image-2023-04-25-at-12.40.011.jpeg\" data-orig-size=\"1200,1600\" data-comments-opened=\"0\" data-image-meta=\"{&quot;aperture&quot;:&quot;0&quot;,&quot;credit&quot;:&quot;&quot;,&quot;camera&quot;:&quot;&quot;,&quot;caption&quot;:&quot;&quot;,&quot;created_timestamp&quot;:&quot;0&quot;,&quot;copyright&quot;:&quot;&quot;,&quot;focal_length&quot;:&quot;0&quot;,&quot;iso&quot;:&quot;0&quot;,&quot;shutter_speed&quot;:&quot;0&quot;,&quot;title&quot;:&quot;&quot;,&quot;orientation&quot;:&quot;0&quot;}\" data-image-title=\"WhatsApp-Image-2023-04-25-at-12.40.011\" data-image-description=\"\" data-image-caption=\"\" data-large-file=\"https:\/\/www.cisa-arica.cl\/wp1\/wp-content\/uploads\/2023\/04\/WhatsApp-Image-2023-04-25-at-12.40.011-450x600.jpeg\" data-attachment-id=\"20154\" data-permalink=\"https:\/\/www.cisa-arica.cl\/wp1\/2023\/04\/25\/conmemorando-el-dia-del-libro-y-derecho-de-autor\/whatsapp-image-2023-04-25-at-12-40-011\/\" data-orig-file=\"https:\/\/www.cisa-arica.cl\/wp1\/wp-content\/uploads\/2023\/04\/WhatsApp-Image-2023-04-25-at-12.40.011.jpeg\" data-orig-size=\"1200,1600\" data-comments-opened=\"0\" data-image-meta=\"{&quot;aperture&quot;:&quot;0&quot;,&quot;credit&quot;:&quot;&quot;,&quot;camera&quot;:&quot;&quot;,&quot;caption&quot;:&quot;&quot;,&quot;created_timestamp&quot;:&quot;0&quot;,&quot;copyright&quot;:&quot;&quot;,&quot;focal_length&quot;:&quot;0&quot;,&quot;iso&quot;:&quot;0&quot;,&quot;shutter_speed&quot;:&quot;0&quot;,&quot;title&quot;:&quot;&quot;,&quot;orientation&quot;:&quot;0&quot;}\" data-image-title=\"WhatsApp-Image-2023-04-25-at-12.40.011\" data-image-description=\"\" data-image-caption=\"\" data-large-file=\"https:\/\/www.cisa-arica.cl\/wp1\/wp-content\/uploads\/2023\/04\/WhatsApp-Image-2023-04-25-at-12.40.011-450x600.jpeg\" role=\"button\" tabindex=\"0\" aria-label=\"Abrir la imagen 40 de 54 en pantalla completa\"srcset=\"https:\/\/i2.wp.com\/www.cisa-arica.cl\/wp1\/wp-content\/uploads\/2023\/04\/WhatsApp-Image-2023-04-25-at-12.40.011-450x600.jpeg?strip=info&#038;w=600&#038;ssl=1 600w,https:\/\/i2.wp.com\/www.cisa-arica.cl\/wp1\/wp-content\/uploads\/2023\/04\/WhatsApp-Image-2023-04-25-at-12.40.011-450x600.jpeg?strip=info&#038;w=900&#038;ssl=1 900w,https:\/\/i2.wp.com\/www.cisa-arica.cl\/wp1\/wp-content\/uploads\/2023\/04\/WhatsApp-Image-2023-04-25-at-12.40.011-450x600.jpeg?strip=info&#038;w=1200&#038;ssl=1 1200w\" alt=\"\" data-height=\"1600\" data-id=\"20154\" data-link=\"https:\/\/www.cisa-arica.cl\/wp1\/?attachment_id=20154\" data-url=\"https:\/\/www.cisa-arica.cl\/wp1\/wp-content\/uploads\/2023\/04\/WhatsApp-Image-2023-04-25-at-12.40.011-450x600.jpeg\" data-width=\"1200\" src=\"https:\/\/i2.wp.com\/www.cisa-arica.cl\/wp1\/wp-content\/uploads\/2023\/04\/WhatsApp-Image-2023-04-25-at-12.40.011-450x600.jpeg?ssl=1\" data-amp-layout=\"responsive\"\/><\/figure><\/div><\/div><div class=\"tiled-gallery__row\"><div class=\"tiled-gallery__col\" style=\"flex-basis:25.00000%\"><figure class=\"tiled-gallery__item\"><img decoding=\"async\" data-attachment-id=\"20155\" data-permalink=\"https:\/\/www.cisa-arica.cl\/wp1\/2023\/04\/25\/conmemorando-el-dia-del-libro-y-derecho-de-autor\/whatsapp-image-2023-04-25-at-12-40-00\/\" data-orig-file=\"https:\/\/www.cisa-arica.cl\/wp1\/wp-content\/uploads\/2023\/04\/WhatsApp-Image-2023-04-25-at-12.40.00.jpeg\" data-orig-size=\"1200,1600\" data-comments-opened=\"0\" data-image-meta=\"{&quot;aperture&quot;:&quot;0&quot;,&quot;credit&quot;:&quot;&quot;,&quot;camera&quot;:&quot;&quot;,&quot;caption&quot;:&quot;&quot;,&quot;created_timestamp&quot;:&quot;0&quot;,&quot;copyright&quot;:&quot;&quot;,&quot;focal_length&quot;:&quot;0&quot;,&quot;iso&quot;:&quot;0&quot;,&quot;shutter_speed&quot;:&quot;0&quot;,&quot;title&quot;:&quot;&quot;,&quot;orientation&quot;:&quot;0&quot;}\" data-image-title=\"WhatsApp-Image-2023-04-25-at-12.40.00\" data-image-description=\"\" data-image-caption=\"\" data-large-file=\"https:\/\/www.cisa-arica.cl\/wp1\/wp-content\/uploads\/2023\/04\/WhatsApp-Image-2023-04-25-at-12.40.00-450x600.jpeg\" data-attachment-id=\"20155\" data-permalink=\"https:\/\/www.cisa-arica.cl\/wp1\/2023\/04\/25\/conmemorando-el-dia-del-libro-y-derecho-de-autor\/whatsapp-image-2023-04-25-at-12-40-00\/\" data-orig-file=\"https:\/\/www.cisa-arica.cl\/wp1\/wp-content\/uploads\/2023\/04\/WhatsApp-Image-2023-04-25-at-12.40.00.jpeg\" data-orig-size=\"1200,1600\" data-comments-opened=\"0\" data-image-meta=\"{&quot;aperture&quot;:&quot;0&quot;,&quot;credit&quot;:&quot;&quot;,&quot;camera&quot;:&quot;&quot;,&quot;caption&quot;:&quot;&quot;,&quot;created_timestamp&quot;:&quot;0&quot;,&quot;copyright&quot;:&quot;&quot;,&quot;focal_length&quot;:&quot;0&quot;,&quot;iso&quot;:&quot;0&quot;,&quot;shutter_speed&quot;:&quot;0&quot;,&quot;title&quot;:&quot;&quot;,&quot;orientation&quot;:&quot;0&quot;}\" data-image-title=\"WhatsApp-Image-2023-04-25-at-12.40.00\" data-image-description=\"\" data-image-caption=\"\" data-large-file=\"https:\/\/www.cisa-arica.cl\/wp1\/wp-content\/uploads\/2023\/04\/WhatsApp-Image-2023-04-25-at-12.40.00-450x600.jpeg\" role=\"button\" tabindex=\"0\" aria-label=\"Abrir la imagen 41 de 54 en pantalla completa\"srcset=\"https:\/\/i2.wp.com\/www.cisa-arica.cl\/wp1\/wp-content\/uploads\/2023\/04\/WhatsApp-Image-2023-04-25-at-12.40.00-450x600.jpeg?strip=info&#038;w=600&#038;ssl=1 600w,https:\/\/i2.wp.com\/www.cisa-arica.cl\/wp1\/wp-content\/uploads\/2023\/04\/WhatsApp-Image-2023-04-25-at-12.40.00-450x600.jpeg?strip=info&#038;w=900&#038;ssl=1 900w,https:\/\/i2.wp.com\/www.cisa-arica.cl\/wp1\/wp-content\/uploads\/2023\/04\/WhatsApp-Image-2023-04-25-at-12.40.00-450x600.jpeg?strip=info&#038;w=1200&#038;ssl=1 1200w\" alt=\"\" data-height=\"1600\" data-id=\"20155\" data-link=\"https:\/\/www.cisa-arica.cl\/wp1\/?attachment_id=20155\" data-url=\"https:\/\/www.cisa-arica.cl\/wp1\/wp-content\/uploads\/2023\/04\/WhatsApp-Image-2023-04-25-at-12.40.00-450x600.jpeg\" data-width=\"1200\" src=\"https:\/\/i2.wp.com\/www.cisa-arica.cl\/wp1\/wp-content\/uploads\/2023\/04\/WhatsApp-Image-2023-04-25-at-12.40.00-450x600.jpeg?ssl=1\" data-amp-layout=\"responsive\"\/><\/figure><\/div><div class=\"tiled-gallery__col\" style=\"flex-basis:25.00000%\"><figure class=\"tiled-gallery__item\"><img decoding=\"async\" data-attachment-id=\"20156\" data-permalink=\"https:\/\/www.cisa-arica.cl\/wp1\/2023\/04\/25\/conmemorando-el-dia-del-libro-y-derecho-de-autor\/whatsapp-image-2023-04-25-at-12-40-002\/\" data-orig-file=\"https:\/\/www.cisa-arica.cl\/wp1\/wp-content\/uploads\/2023\/04\/WhatsApp-Image-2023-04-25-at-12.40.002.jpeg\" data-orig-size=\"1200,1600\" data-comments-opened=\"0\" data-image-meta=\"{&quot;aperture&quot;:&quot;0&quot;,&quot;credit&quot;:&quot;&quot;,&quot;camera&quot;:&quot;&quot;,&quot;caption&quot;:&quot;&quot;,&quot;created_timestamp&quot;:&quot;0&quot;,&quot;copyright&quot;:&quot;&quot;,&quot;focal_length&quot;:&quot;0&quot;,&quot;iso&quot;:&quot;0&quot;,&quot;shutter_speed&quot;:&quot;0&quot;,&quot;title&quot;:&quot;&quot;,&quot;orientation&quot;:&quot;0&quot;}\" data-image-title=\"WhatsApp-Image-2023-04-25-at-12.40.002\" data-image-description=\"\" data-image-caption=\"\" data-large-file=\"https:\/\/www.cisa-arica.cl\/wp1\/wp-content\/uploads\/2023\/04\/WhatsApp-Image-2023-04-25-at-12.40.002-450x600.jpeg\" data-attachment-id=\"20156\" data-permalink=\"https:\/\/www.cisa-arica.cl\/wp1\/2023\/04\/25\/conmemorando-el-dia-del-libro-y-derecho-de-autor\/whatsapp-image-2023-04-25-at-12-40-002\/\" data-orig-file=\"https:\/\/www.cisa-arica.cl\/wp1\/wp-content\/uploads\/2023\/04\/WhatsApp-Image-2023-04-25-at-12.40.002.jpeg\" data-orig-size=\"1200,1600\" data-comments-opened=\"0\" data-image-meta=\"{&quot;aperture&quot;:&quot;0&quot;,&quot;credit&quot;:&quot;&quot;,&quot;camera&quot;:&quot;&quot;,&quot;caption&quot;:&quot;&quot;,&quot;created_timestamp&quot;:&quot;0&quot;,&quot;copyright&quot;:&quot;&quot;,&quot;focal_length&quot;:&quot;0&quot;,&quot;iso&quot;:&quot;0&quot;,&quot;shutter_speed&quot;:&quot;0&quot;,&quot;title&quot;:&quot;&quot;,&quot;orientation&quot;:&quot;0&quot;}\" data-image-title=\"WhatsApp-Image-2023-04-25-at-12.40.002\" data-image-description=\"\" data-image-caption=\"\" data-large-file=\"https:\/\/www.cisa-arica.cl\/wp1\/wp-content\/uploads\/2023\/04\/WhatsApp-Image-2023-04-25-at-12.40.002-450x600.jpeg\" role=\"button\" tabindex=\"0\" aria-label=\"Abrir la imagen 42 de 54 en pantalla completa\"srcset=\"https:\/\/i2.wp.com\/www.cisa-arica.cl\/wp1\/wp-content\/uploads\/2023\/04\/WhatsApp-Image-2023-04-25-at-12.40.002-450x600.jpeg?strip=info&#038;w=600&#038;ssl=1 600w,https:\/\/i2.wp.com\/www.cisa-arica.cl\/wp1\/wp-content\/uploads\/2023\/04\/WhatsApp-Image-2023-04-25-at-12.40.002-450x600.jpeg?strip=info&#038;w=900&#038;ssl=1 900w,https:\/\/i2.wp.com\/www.cisa-arica.cl\/wp1\/wp-content\/uploads\/2023\/04\/WhatsApp-Image-2023-04-25-at-12.40.002-450x600.jpeg?strip=info&#038;w=1200&#038;ssl=1 1200w\" alt=\"\" data-height=\"1600\" data-id=\"20156\" data-link=\"https:\/\/www.cisa-arica.cl\/wp1\/?attachment_id=20156\" data-url=\"https:\/\/www.cisa-arica.cl\/wp1\/wp-content\/uploads\/2023\/04\/WhatsApp-Image-2023-04-25-at-12.40.002-450x600.jpeg\" data-width=\"1200\" src=\"https:\/\/i2.wp.com\/www.cisa-arica.cl\/wp1\/wp-content\/uploads\/2023\/04\/WhatsApp-Image-2023-04-25-at-12.40.002-450x600.jpeg?ssl=1\" data-amp-layout=\"responsive\"\/><\/figure><\/div><div class=\"tiled-gallery__col\" style=\"flex-basis:25.00000%\"><figure class=\"tiled-gallery__item\"><img decoding=\"async\" data-attachment-id=\"20157\" data-permalink=\"https:\/\/www.cisa-arica.cl\/wp1\/2023\/04\/25\/conmemorando-el-dia-del-libro-y-derecho-de-autor\/whatsapp-image-2023-04-25-at-12-40-001\/\" data-orig-file=\"https:\/\/www.cisa-arica.cl\/wp1\/wp-content\/uploads\/2023\/04\/WhatsApp-Image-2023-04-25-at-12.40.001.jpeg\" data-orig-size=\"1200,1600\" data-comments-opened=\"0\" data-image-meta=\"{&quot;aperture&quot;:&quot;0&quot;,&quot;credit&quot;:&quot;&quot;,&quot;camera&quot;:&quot;&quot;,&quot;caption&quot;:&quot;&quot;,&quot;created_timestamp&quot;:&quot;0&quot;,&quot;copyright&quot;:&quot;&quot;,&quot;focal_length&quot;:&quot;0&quot;,&quot;iso&quot;:&quot;0&quot;,&quot;shutter_speed&quot;:&quot;0&quot;,&quot;title&quot;:&quot;&quot;,&quot;orientation&quot;:&quot;0&quot;}\" data-image-title=\"WhatsApp-Image-2023-04-25-at-12.40.001\" data-image-description=\"\" data-image-caption=\"\" data-large-file=\"https:\/\/www.cisa-arica.cl\/wp1\/wp-content\/uploads\/2023\/04\/WhatsApp-Image-2023-04-25-at-12.40.001-450x600.jpeg\" data-attachment-id=\"20157\" data-permalink=\"https:\/\/www.cisa-arica.cl\/wp1\/2023\/04\/25\/conmemorando-el-dia-del-libro-y-derecho-de-autor\/whatsapp-image-2023-04-25-at-12-40-001\/\" data-orig-file=\"https:\/\/www.cisa-arica.cl\/wp1\/wp-content\/uploads\/2023\/04\/WhatsApp-Image-2023-04-25-at-12.40.001.jpeg\" data-orig-size=\"1200,1600\" data-comments-opened=\"0\" data-image-meta=\"{&quot;aperture&quot;:&quot;0&quot;,&quot;credit&quot;:&quot;&quot;,&quot;camera&quot;:&quot;&quot;,&quot;caption&quot;:&quot;&quot;,&quot;created_timestamp&quot;:&quot;0&quot;,&quot;copyright&quot;:&quot;&quot;,&quot;focal_length&quot;:&quot;0&quot;,&quot;iso&quot;:&quot;0&quot;,&quot;shutter_speed&quot;:&quot;0&quot;,&quot;title&quot;:&quot;&quot;,&quot;orientation&quot;:&quot;0&quot;}\" data-image-title=\"WhatsApp-Image-2023-04-25-at-12.40.001\" data-image-description=\"\" data-image-caption=\"\" data-large-file=\"https:\/\/www.cisa-arica.cl\/wp1\/wp-content\/uploads\/2023\/04\/WhatsApp-Image-2023-04-25-at-12.40.001-450x600.jpeg\" role=\"button\" tabindex=\"0\" aria-label=\"Abrir la imagen 43 de 54 en pantalla completa\"srcset=\"https:\/\/i1.wp.com\/www.cisa-arica.cl\/wp1\/wp-content\/uploads\/2023\/04\/WhatsApp-Image-2023-04-25-at-12.40.001-450x600.jpeg?strip=info&#038;w=600&#038;ssl=1 600w,https:\/\/i1.wp.com\/www.cisa-arica.cl\/wp1\/wp-content\/uploads\/2023\/04\/WhatsApp-Image-2023-04-25-at-12.40.001-450x600.jpeg?strip=info&#038;w=900&#038;ssl=1 900w,https:\/\/i1.wp.com\/www.cisa-arica.cl\/wp1\/wp-content\/uploads\/2023\/04\/WhatsApp-Image-2023-04-25-at-12.40.001-450x600.jpeg?strip=info&#038;w=1200&#038;ssl=1 1200w\" alt=\"\" data-height=\"1600\" data-id=\"20157\" data-link=\"https:\/\/www.cisa-arica.cl\/wp1\/?attachment_id=20157\" data-url=\"https:\/\/www.cisa-arica.cl\/wp1\/wp-content\/uploads\/2023\/04\/WhatsApp-Image-2023-04-25-at-12.40.001-450x600.jpeg\" data-width=\"1200\" src=\"https:\/\/i1.wp.com\/www.cisa-arica.cl\/wp1\/wp-content\/uploads\/2023\/04\/WhatsApp-Image-2023-04-25-at-12.40.001-450x600.jpeg?ssl=1\" data-amp-layout=\"responsive\"\/><\/figure><\/div><div class=\"tiled-gallery__col\" style=\"flex-basis:25.00000%\"><figure class=\"tiled-gallery__item\"><img decoding=\"async\" data-attachment-id=\"20158\" data-permalink=\"https:\/\/www.cisa-arica.cl\/wp1\/2023\/04\/25\/conmemorando-el-dia-del-libro-y-derecho-de-autor\/whatsapp-image-2023-04-25-at-12-39-59\/\" data-orig-file=\"https:\/\/www.cisa-arica.cl\/wp1\/wp-content\/uploads\/2023\/04\/WhatsApp-Image-2023-04-25-at-12.39.59.jpeg\" data-orig-size=\"1200,1600\" data-comments-opened=\"0\" data-image-meta=\"{&quot;aperture&quot;:&quot;0&quot;,&quot;credit&quot;:&quot;&quot;,&quot;camera&quot;:&quot;&quot;,&quot;caption&quot;:&quot;&quot;,&quot;created_timestamp&quot;:&quot;0&quot;,&quot;copyright&quot;:&quot;&quot;,&quot;focal_length&quot;:&quot;0&quot;,&quot;iso&quot;:&quot;0&quot;,&quot;shutter_speed&quot;:&quot;0&quot;,&quot;title&quot;:&quot;&quot;,&quot;orientation&quot;:&quot;0&quot;}\" data-image-title=\"WhatsApp-Image-2023-04-25-at-12.39.59\" data-image-description=\"\" data-image-caption=\"\" data-large-file=\"https:\/\/www.cisa-arica.cl\/wp1\/wp-content\/uploads\/2023\/04\/WhatsApp-Image-2023-04-25-at-12.39.59-450x600.jpeg\" data-attachment-id=\"20158\" data-permalink=\"https:\/\/www.cisa-arica.cl\/wp1\/2023\/04\/25\/conmemorando-el-dia-del-libro-y-derecho-de-autor\/whatsapp-image-2023-04-25-at-12-39-59\/\" data-orig-file=\"https:\/\/www.cisa-arica.cl\/wp1\/wp-content\/uploads\/2023\/04\/WhatsApp-Image-2023-04-25-at-12.39.59.jpeg\" data-orig-size=\"1200,1600\" data-comments-opened=\"0\" data-image-meta=\"{&quot;aperture&quot;:&quot;0&quot;,&quot;credit&quot;:&quot;&quot;,&quot;camera&quot;:&quot;&quot;,&quot;caption&quot;:&quot;&quot;,&quot;created_timestamp&quot;:&quot;0&quot;,&quot;copyright&quot;:&quot;&quot;,&quot;focal_length&quot;:&quot;0&quot;,&quot;iso&quot;:&quot;0&quot;,&quot;shutter_speed&quot;:&quot;0&quot;,&quot;title&quot;:&quot;&quot;,&quot;orientation&quot;:&quot;0&quot;}\" data-image-title=\"WhatsApp-Image-2023-04-25-at-12.39.59\" data-image-description=\"\" data-image-caption=\"\" data-large-file=\"https:\/\/www.cisa-arica.cl\/wp1\/wp-content\/uploads\/2023\/04\/WhatsApp-Image-2023-04-25-at-12.39.59-450x600.jpeg\" role=\"button\" tabindex=\"0\" aria-label=\"Abrir la imagen 44 de 54 en pantalla completa\"srcset=\"https:\/\/i1.wp.com\/www.cisa-arica.cl\/wp1\/wp-content\/uploads\/2023\/04\/WhatsApp-Image-2023-04-25-at-12.39.59-450x600.jpeg?strip=info&#038;w=600&#038;ssl=1 600w,https:\/\/i1.wp.com\/www.cisa-arica.cl\/wp1\/wp-content\/uploads\/2023\/04\/WhatsApp-Image-2023-04-25-at-12.39.59-450x600.jpeg?strip=info&#038;w=900&#038;ssl=1 900w,https:\/\/i1.wp.com\/www.cisa-arica.cl\/wp1\/wp-content\/uploads\/2023\/04\/WhatsApp-Image-2023-04-25-at-12.39.59-450x600.jpeg?strip=info&#038;w=1200&#038;ssl=1 1200w\" alt=\"\" data-height=\"1600\" data-id=\"20158\" data-link=\"https:\/\/www.cisa-arica.cl\/wp1\/?attachment_id=20158\" data-url=\"https:\/\/www.cisa-arica.cl\/wp1\/wp-content\/uploads\/2023\/04\/WhatsApp-Image-2023-04-25-at-12.39.59-450x600.jpeg\" data-width=\"1200\" src=\"https:\/\/i1.wp.com\/www.cisa-arica.cl\/wp1\/wp-content\/uploads\/2023\/04\/WhatsApp-Image-2023-04-25-at-12.39.59-450x600.jpeg?ssl=1\" data-amp-layout=\"responsive\"\/><\/figure><\/div><\/div><div class=\"tiled-gallery__row\"><div class=\"tiled-gallery__col\" style=\"flex-basis:33.33333%\"><figure class=\"tiled-gallery__item\"><img decoding=\"async\" data-attachment-id=\"20159\" data-permalink=\"https:\/\/www.cisa-arica.cl\/wp1\/2023\/04\/25\/conmemorando-el-dia-del-libro-y-derecho-de-autor\/whatsapp-image-2023-04-25-at-12-39-592\/\" data-orig-file=\"https:\/\/www.cisa-arica.cl\/wp1\/wp-content\/uploads\/2023\/04\/WhatsApp-Image-2023-04-25-at-12.39.592.jpeg\" data-orig-size=\"1200,1600\" data-comments-opened=\"0\" data-image-meta=\"{&quot;aperture&quot;:&quot;0&quot;,&quot;credit&quot;:&quot;&quot;,&quot;camera&quot;:&quot;&quot;,&quot;caption&quot;:&quot;&quot;,&quot;created_timestamp&quot;:&quot;0&quot;,&quot;copyright&quot;:&quot;&quot;,&quot;focal_length&quot;:&quot;0&quot;,&quot;iso&quot;:&quot;0&quot;,&quot;shutter_speed&quot;:&quot;0&quot;,&quot;title&quot;:&quot;&quot;,&quot;orientation&quot;:&quot;0&quot;}\" data-image-title=\"WhatsApp-Image-2023-04-25-at-12.39.592\" data-image-description=\"\" data-image-caption=\"\" data-large-file=\"https:\/\/www.cisa-arica.cl\/wp1\/wp-content\/uploads\/2023\/04\/WhatsApp-Image-2023-04-25-at-12.39.592-450x600.jpeg\" data-attachment-id=\"20159\" data-permalink=\"https:\/\/www.cisa-arica.cl\/wp1\/2023\/04\/25\/conmemorando-el-dia-del-libro-y-derecho-de-autor\/whatsapp-image-2023-04-25-at-12-39-592\/\" data-orig-file=\"https:\/\/www.cisa-arica.cl\/wp1\/wp-content\/uploads\/2023\/04\/WhatsApp-Image-2023-04-25-at-12.39.592.jpeg\" data-orig-size=\"1200,1600\" data-comments-opened=\"0\" data-image-meta=\"{&quot;aperture&quot;:&quot;0&quot;,&quot;credit&quot;:&quot;&quot;,&quot;camera&quot;:&quot;&quot;,&quot;caption&quot;:&quot;&quot;,&quot;created_timestamp&quot;:&quot;0&quot;,&quot;copyright&quot;:&quot;&quot;,&quot;focal_length&quot;:&quot;0&quot;,&quot;iso&quot;:&quot;0&quot;,&quot;shutter_speed&quot;:&quot;0&quot;,&quot;title&quot;:&quot;&quot;,&quot;orientation&quot;:&quot;0&quot;}\" data-image-title=\"WhatsApp-Image-2023-04-25-at-12.39.592\" data-image-description=\"\" data-image-caption=\"\" data-large-file=\"https:\/\/www.cisa-arica.cl\/wp1\/wp-content\/uploads\/2023\/04\/WhatsApp-Image-2023-04-25-at-12.39.592-450x600.jpeg\" role=\"button\" tabindex=\"0\" aria-label=\"Abrir la imagen 45 de 54 en pantalla completa\"srcset=\"https:\/\/i1.wp.com\/www.cisa-arica.cl\/wp1\/wp-content\/uploads\/2023\/04\/WhatsApp-Image-2023-04-25-at-12.39.592-450x600.jpeg?strip=info&#038;w=600&#038;ssl=1 600w,https:\/\/i1.wp.com\/www.cisa-arica.cl\/wp1\/wp-content\/uploads\/2023\/04\/WhatsApp-Image-2023-04-25-at-12.39.592-450x600.jpeg?strip=info&#038;w=900&#038;ssl=1 900w,https:\/\/i1.wp.com\/www.cisa-arica.cl\/wp1\/wp-content\/uploads\/2023\/04\/WhatsApp-Image-2023-04-25-at-12.39.592-450x600.jpeg?strip=info&#038;w=1200&#038;ssl=1 1200w\" alt=\"\" data-height=\"1600\" data-id=\"20159\" data-link=\"https:\/\/www.cisa-arica.cl\/wp1\/?attachment_id=20159\" data-url=\"https:\/\/www.cisa-arica.cl\/wp1\/wp-content\/uploads\/2023\/04\/WhatsApp-Image-2023-04-25-at-12.39.592-450x600.jpeg\" data-width=\"1200\" src=\"https:\/\/i1.wp.com\/www.cisa-arica.cl\/wp1\/wp-content\/uploads\/2023\/04\/WhatsApp-Image-2023-04-25-at-12.39.592-450x600.jpeg?ssl=1\" data-amp-layout=\"responsive\"\/><\/figure><\/div><div class=\"tiled-gallery__col\" style=\"flex-basis:33.33333%\"><figure class=\"tiled-gallery__item\"><img decoding=\"async\" data-attachment-id=\"20160\" data-permalink=\"https:\/\/www.cisa-arica.cl\/wp1\/2023\/04\/25\/conmemorando-el-dia-del-libro-y-derecho-de-autor\/whatsapp-image-2023-04-25-at-12-39-591\/\" data-orig-file=\"https:\/\/www.cisa-arica.cl\/wp1\/wp-content\/uploads\/2023\/04\/WhatsApp-Image-2023-04-25-at-12.39.591.jpeg\" data-orig-size=\"1200,1600\" data-comments-opened=\"0\" data-image-meta=\"{&quot;aperture&quot;:&quot;0&quot;,&quot;credit&quot;:&quot;&quot;,&quot;camera&quot;:&quot;&quot;,&quot;caption&quot;:&quot;&quot;,&quot;created_timestamp&quot;:&quot;0&quot;,&quot;copyright&quot;:&quot;&quot;,&quot;focal_length&quot;:&quot;0&quot;,&quot;iso&quot;:&quot;0&quot;,&quot;shutter_speed&quot;:&quot;0&quot;,&quot;title&quot;:&quot;&quot;,&quot;orientation&quot;:&quot;0&quot;}\" data-image-title=\"WhatsApp-Image-2023-04-25-at-12.39.591\" data-image-description=\"\" data-image-caption=\"\" data-large-file=\"https:\/\/www.cisa-arica.cl\/wp1\/wp-content\/uploads\/2023\/04\/WhatsApp-Image-2023-04-25-at-12.39.591-450x600.jpeg\" data-attachment-id=\"20160\" data-permalink=\"https:\/\/www.cisa-arica.cl\/wp1\/2023\/04\/25\/conmemorando-el-dia-del-libro-y-derecho-de-autor\/whatsapp-image-2023-04-25-at-12-39-591\/\" data-orig-file=\"https:\/\/www.cisa-arica.cl\/wp1\/wp-content\/uploads\/2023\/04\/WhatsApp-Image-2023-04-25-at-12.39.591.jpeg\" data-orig-size=\"1200,1600\" data-comments-opened=\"0\" data-image-meta=\"{&quot;aperture&quot;:&quot;0&quot;,&quot;credit&quot;:&quot;&quot;,&quot;camera&quot;:&quot;&quot;,&quot;caption&quot;:&quot;&quot;,&quot;created_timestamp&quot;:&quot;0&quot;,&quot;copyright&quot;:&quot;&quot;,&quot;focal_length&quot;:&quot;0&quot;,&quot;iso&quot;:&quot;0&quot;,&quot;shutter_speed&quot;:&quot;0&quot;,&quot;title&quot;:&quot;&quot;,&quot;orientation&quot;:&quot;0&quot;}\" data-image-title=\"WhatsApp-Image-2023-04-25-at-12.39.591\" data-image-description=\"\" data-image-caption=\"\" data-large-file=\"https:\/\/www.cisa-arica.cl\/wp1\/wp-content\/uploads\/2023\/04\/WhatsApp-Image-2023-04-25-at-12.39.591-450x600.jpeg\" role=\"button\" tabindex=\"0\" aria-label=\"Abrir la imagen 46 de 54 en pantalla completa\"srcset=\"https:\/\/i0.wp.com\/www.cisa-arica.cl\/wp1\/wp-content\/uploads\/2023\/04\/WhatsApp-Image-2023-04-25-at-12.39.591-450x600.jpeg?strip=info&#038;w=600&#038;ssl=1 600w,https:\/\/i0.wp.com\/www.cisa-arica.cl\/wp1\/wp-content\/uploads\/2023\/04\/WhatsApp-Image-2023-04-25-at-12.39.591-450x600.jpeg?strip=info&#038;w=900&#038;ssl=1 900w,https:\/\/i0.wp.com\/www.cisa-arica.cl\/wp1\/wp-content\/uploads\/2023\/04\/WhatsApp-Image-2023-04-25-at-12.39.591-450x600.jpeg?strip=info&#038;w=1200&#038;ssl=1 1200w\" alt=\"\" data-height=\"1600\" data-id=\"20160\" data-link=\"https:\/\/www.cisa-arica.cl\/wp1\/?attachment_id=20160\" data-url=\"https:\/\/www.cisa-arica.cl\/wp1\/wp-content\/uploads\/2023\/04\/WhatsApp-Image-2023-04-25-at-12.39.591-450x600.jpeg\" data-width=\"1200\" src=\"https:\/\/i0.wp.com\/www.cisa-arica.cl\/wp1\/wp-content\/uploads\/2023\/04\/WhatsApp-Image-2023-04-25-at-12.39.591-450x600.jpeg?ssl=1\" data-amp-layout=\"responsive\"\/><\/figure><\/div><div class=\"tiled-gallery__col\" style=\"flex-basis:33.33333%\"><figure class=\"tiled-gallery__item\"><img decoding=\"async\" data-attachment-id=\"20161\" data-permalink=\"https:\/\/www.cisa-arica.cl\/wp1\/2023\/04\/25\/conmemorando-el-dia-del-libro-y-derecho-de-autor\/whatsapp-image-2023-04-25-at-12-39-58\/\" data-orig-file=\"https:\/\/www.cisa-arica.cl\/wp1\/wp-content\/uploads\/2023\/04\/WhatsApp-Image-2023-04-25-at-12.39.58.jpeg\" data-orig-size=\"1200,1600\" data-comments-opened=\"0\" data-image-meta=\"{&quot;aperture&quot;:&quot;0&quot;,&quot;credit&quot;:&quot;&quot;,&quot;camera&quot;:&quot;&quot;,&quot;caption&quot;:&quot;&quot;,&quot;created_timestamp&quot;:&quot;0&quot;,&quot;copyright&quot;:&quot;&quot;,&quot;focal_length&quot;:&quot;0&quot;,&quot;iso&quot;:&quot;0&quot;,&quot;shutter_speed&quot;:&quot;0&quot;,&quot;title&quot;:&quot;&quot;,&quot;orientation&quot;:&quot;0&quot;}\" data-image-title=\"WhatsApp-Image-2023-04-25-at-12.39.58\" data-image-description=\"\" data-image-caption=\"\" data-large-file=\"https:\/\/www.cisa-arica.cl\/wp1\/wp-content\/uploads\/2023\/04\/WhatsApp-Image-2023-04-25-at-12.39.58-450x600.jpeg\" data-attachment-id=\"20161\" data-permalink=\"https:\/\/www.cisa-arica.cl\/wp1\/2023\/04\/25\/conmemorando-el-dia-del-libro-y-derecho-de-autor\/whatsapp-image-2023-04-25-at-12-39-58\/\" data-orig-file=\"https:\/\/www.cisa-arica.cl\/wp1\/wp-content\/uploads\/2023\/04\/WhatsApp-Image-2023-04-25-at-12.39.58.jpeg\" data-orig-size=\"1200,1600\" data-comments-opened=\"0\" data-image-meta=\"{&quot;aperture&quot;:&quot;0&quot;,&quot;credit&quot;:&quot;&quot;,&quot;camera&quot;:&quot;&quot;,&quot;caption&quot;:&quot;&quot;,&quot;created_timestamp&quot;:&quot;0&quot;,&quot;copyright&quot;:&quot;&quot;,&quot;focal_length&quot;:&quot;0&quot;,&quot;iso&quot;:&quot;0&quot;,&quot;shutter_speed&quot;:&quot;0&quot;,&quot;title&quot;:&quot;&quot;,&quot;orientation&quot;:&quot;0&quot;}\" data-image-title=\"WhatsApp-Image-2023-04-25-at-12.39.58\" data-image-description=\"\" data-image-caption=\"\" data-large-file=\"https:\/\/www.cisa-arica.cl\/wp1\/wp-content\/uploads\/2023\/04\/WhatsApp-Image-2023-04-25-at-12.39.58-450x600.jpeg\" role=\"button\" tabindex=\"0\" aria-label=\"Abrir la imagen 47 de 54 en pantalla completa\"srcset=\"https:\/\/i0.wp.com\/www.cisa-arica.cl\/wp1\/wp-content\/uploads\/2023\/04\/WhatsApp-Image-2023-04-25-at-12.39.58-450x600.jpeg?strip=info&#038;w=600&#038;ssl=1 600w,https:\/\/i0.wp.com\/www.cisa-arica.cl\/wp1\/wp-content\/uploads\/2023\/04\/WhatsApp-Image-2023-04-25-at-12.39.58-450x600.jpeg?strip=info&#038;w=900&#038;ssl=1 900w,https:\/\/i0.wp.com\/www.cisa-arica.cl\/wp1\/wp-content\/uploads\/2023\/04\/WhatsApp-Image-2023-04-25-at-12.39.58-450x600.jpeg?strip=info&#038;w=1200&#038;ssl=1 1200w\" alt=\"\" data-height=\"1600\" data-id=\"20161\" data-link=\"https:\/\/www.cisa-arica.cl\/wp1\/?attachment_id=20161\" data-url=\"https:\/\/www.cisa-arica.cl\/wp1\/wp-content\/uploads\/2023\/04\/WhatsApp-Image-2023-04-25-at-12.39.58-450x600.jpeg\" data-width=\"1200\" src=\"https:\/\/i0.wp.com\/www.cisa-arica.cl\/wp1\/wp-content\/uploads\/2023\/04\/WhatsApp-Image-2023-04-25-at-12.39.58-450x600.jpeg?ssl=1\" data-amp-layout=\"responsive\"\/><\/figure><\/div><\/div><div class=\"tiled-gallery__row\"><div class=\"tiled-gallery__col\" style=\"flex-basis:50.00000%\"><figure class=\"tiled-gallery__item\"><img decoding=\"async\" data-attachment-id=\"20162\" data-permalink=\"https:\/\/www.cisa-arica.cl\/wp1\/2023\/04\/25\/conmemorando-el-dia-del-libro-y-derecho-de-autor\/whatsapp-image-2023-04-25-at-12-39-583\/\" data-orig-file=\"https:\/\/www.cisa-arica.cl\/wp1\/wp-content\/uploads\/2023\/04\/WhatsApp-Image-2023-04-25-at-12.39.583.jpeg\" data-orig-size=\"1200,1600\" data-comments-opened=\"0\" data-image-meta=\"{&quot;aperture&quot;:&quot;0&quot;,&quot;credit&quot;:&quot;&quot;,&quot;camera&quot;:&quot;&quot;,&quot;caption&quot;:&quot;&quot;,&quot;created_timestamp&quot;:&quot;0&quot;,&quot;copyright&quot;:&quot;&quot;,&quot;focal_length&quot;:&quot;0&quot;,&quot;iso&quot;:&quot;0&quot;,&quot;shutter_speed&quot;:&quot;0&quot;,&quot;title&quot;:&quot;&quot;,&quot;orientation&quot;:&quot;0&quot;}\" data-image-title=\"WhatsApp-Image-2023-04-25-at-12.39.583\" data-image-description=\"\" data-image-caption=\"\" data-large-file=\"https:\/\/www.cisa-arica.cl\/wp1\/wp-content\/uploads\/2023\/04\/WhatsApp-Image-2023-04-25-at-12.39.583-450x600.jpeg\" data-attachment-id=\"20162\" data-permalink=\"https:\/\/www.cisa-arica.cl\/wp1\/2023\/04\/25\/conmemorando-el-dia-del-libro-y-derecho-de-autor\/whatsapp-image-2023-04-25-at-12-39-583\/\" data-orig-file=\"https:\/\/www.cisa-arica.cl\/wp1\/wp-content\/uploads\/2023\/04\/WhatsApp-Image-2023-04-25-at-12.39.583.jpeg\" data-orig-size=\"1200,1600\" data-comments-opened=\"0\" data-image-meta=\"{&quot;aperture&quot;:&quot;0&quot;,&quot;credit&quot;:&quot;&quot;,&quot;camera&quot;:&quot;&quot;,&quot;caption&quot;:&quot;&quot;,&quot;created_timestamp&quot;:&quot;0&quot;,&quot;copyright&quot;:&quot;&quot;,&quot;focal_length&quot;:&quot;0&quot;,&quot;iso&quot;:&quot;0&quot;,&quot;shutter_speed&quot;:&quot;0&quot;,&quot;title&quot;:&quot;&quot;,&quot;orientation&quot;:&quot;0&quot;}\" data-image-title=\"WhatsApp-Image-2023-04-25-at-12.39.583\" data-image-description=\"\" data-image-caption=\"\" data-large-file=\"https:\/\/www.cisa-arica.cl\/wp1\/wp-content\/uploads\/2023\/04\/WhatsApp-Image-2023-04-25-at-12.39.583-450x600.jpeg\" role=\"button\" tabindex=\"0\" aria-label=\"Abrir la imagen 48 de 54 en pantalla completa\"srcset=\"https:\/\/i0.wp.com\/www.cisa-arica.cl\/wp1\/wp-content\/uploads\/2023\/04\/WhatsApp-Image-2023-04-25-at-12.39.583-450x600.jpeg?strip=info&#038;w=600&#038;ssl=1 600w,https:\/\/i0.wp.com\/www.cisa-arica.cl\/wp1\/wp-content\/uploads\/2023\/04\/WhatsApp-Image-2023-04-25-at-12.39.583-450x600.jpeg?strip=info&#038;w=900&#038;ssl=1 900w,https:\/\/i0.wp.com\/www.cisa-arica.cl\/wp1\/wp-content\/uploads\/2023\/04\/WhatsApp-Image-2023-04-25-at-12.39.583-450x600.jpeg?strip=info&#038;w=1200&#038;ssl=1 1200w\" alt=\"\" data-height=\"1600\" data-id=\"20162\" data-link=\"https:\/\/www.cisa-arica.cl\/wp1\/?attachment_id=20162\" data-url=\"https:\/\/www.cisa-arica.cl\/wp1\/wp-content\/uploads\/2023\/04\/WhatsApp-Image-2023-04-25-at-12.39.583-450x600.jpeg\" data-width=\"1200\" src=\"https:\/\/i0.wp.com\/www.cisa-arica.cl\/wp1\/wp-content\/uploads\/2023\/04\/WhatsApp-Image-2023-04-25-at-12.39.583-450x600.jpeg?ssl=1\" data-amp-layout=\"responsive\"\/><\/figure><\/div><div class=\"tiled-gallery__col\" style=\"flex-basis:50.00000%\"><figure class=\"tiled-gallery__item\"><img decoding=\"async\" data-attachment-id=\"20163\" data-permalink=\"https:\/\/www.cisa-arica.cl\/wp1\/2023\/04\/25\/conmemorando-el-dia-del-libro-y-derecho-de-autor\/whatsapp-image-2023-04-25-at-12-39-582\/\" data-orig-file=\"https:\/\/www.cisa-arica.cl\/wp1\/wp-content\/uploads\/2023\/04\/WhatsApp-Image-2023-04-25-at-12.39.582.jpeg\" data-orig-size=\"1200,1600\" data-comments-opened=\"0\" data-image-meta=\"{&quot;aperture&quot;:&quot;0&quot;,&quot;credit&quot;:&quot;&quot;,&quot;camera&quot;:&quot;&quot;,&quot;caption&quot;:&quot;&quot;,&quot;created_timestamp&quot;:&quot;0&quot;,&quot;copyright&quot;:&quot;&quot;,&quot;focal_length&quot;:&quot;0&quot;,&quot;iso&quot;:&quot;0&quot;,&quot;shutter_speed&quot;:&quot;0&quot;,&quot;title&quot;:&quot;&quot;,&quot;orientation&quot;:&quot;0&quot;}\" data-image-title=\"WhatsApp-Image-2023-04-25-at-12.39.582\" data-image-description=\"\" data-image-caption=\"\" data-large-file=\"https:\/\/www.cisa-arica.cl\/wp1\/wp-content\/uploads\/2023\/04\/WhatsApp-Image-2023-04-25-at-12.39.582-450x600.jpeg\" data-attachment-id=\"20163\" data-permalink=\"https:\/\/www.cisa-arica.cl\/wp1\/2023\/04\/25\/conmemorando-el-dia-del-libro-y-derecho-de-autor\/whatsapp-image-2023-04-25-at-12-39-582\/\" data-orig-file=\"https:\/\/www.cisa-arica.cl\/wp1\/wp-content\/uploads\/2023\/04\/WhatsApp-Image-2023-04-25-at-12.39.582.jpeg\" data-orig-size=\"1200,1600\" data-comments-opened=\"0\" data-image-meta=\"{&quot;aperture&quot;:&quot;0&quot;,&quot;credit&quot;:&quot;&quot;,&quot;camera&quot;:&quot;&quot;,&quot;caption&quot;:&quot;&quot;,&quot;created_timestamp&quot;:&quot;0&quot;,&quot;copyright&quot;:&quot;&quot;,&quot;focal_length&quot;:&quot;0&quot;,&quot;iso&quot;:&quot;0&quot;,&quot;shutter_speed&quot;:&quot;0&quot;,&quot;title&quot;:&quot;&quot;,&quot;orientation&quot;:&quot;0&quot;}\" data-image-title=\"WhatsApp-Image-2023-04-25-at-12.39.582\" data-image-description=\"\" data-image-caption=\"\" data-large-file=\"https:\/\/www.cisa-arica.cl\/wp1\/wp-content\/uploads\/2023\/04\/WhatsApp-Image-2023-04-25-at-12.39.582-450x600.jpeg\" role=\"button\" tabindex=\"0\" aria-label=\"Abrir la imagen 49 de 54 en pantalla completa\"srcset=\"https:\/\/i0.wp.com\/www.cisa-arica.cl\/wp1\/wp-content\/uploads\/2023\/04\/WhatsApp-Image-2023-04-25-at-12.39.582-450x600.jpeg?strip=info&#038;w=600&#038;ssl=1 600w,https:\/\/i0.wp.com\/www.cisa-arica.cl\/wp1\/wp-content\/uploads\/2023\/04\/WhatsApp-Image-2023-04-25-at-12.39.582-450x600.jpeg?strip=info&#038;w=900&#038;ssl=1 900w,https:\/\/i0.wp.com\/www.cisa-arica.cl\/wp1\/wp-content\/uploads\/2023\/04\/WhatsApp-Image-2023-04-25-at-12.39.582-450x600.jpeg?strip=info&#038;w=1200&#038;ssl=1 1200w\" alt=\"\" data-height=\"1600\" data-id=\"20163\" data-link=\"https:\/\/www.cisa-arica.cl\/wp1\/?attachment_id=20163\" data-url=\"https:\/\/www.cisa-arica.cl\/wp1\/wp-content\/uploads\/2023\/04\/WhatsApp-Image-2023-04-25-at-12.39.582-450x600.jpeg\" data-width=\"1200\" src=\"https:\/\/i0.wp.com\/www.cisa-arica.cl\/wp1\/wp-content\/uploads\/2023\/04\/WhatsApp-Image-2023-04-25-at-12.39.582-450x600.jpeg?ssl=1\" data-amp-layout=\"responsive\"\/><\/figure><\/div><\/div><div class=\"tiled-gallery__row\"><div class=\"tiled-gallery__col\" style=\"flex-basis:62.92468%\"><figure class=\"tiled-gallery__item\"><img decoding=\"async\" data-attachment-id=\"20164\" data-permalink=\"https:\/\/www.cisa-arica.cl\/wp1\/2023\/04\/25\/conmemorando-el-dia-del-libro-y-derecho-de-autor\/whatsapp-image-2023-04-25-at-12-39-581\/\" data-orig-file=\"https:\/\/www.cisa-arica.cl\/wp1\/wp-content\/uploads\/2023\/04\/WhatsApp-Image-2023-04-25-at-12.39.581.jpeg\" data-orig-size=\"1200,1600\" data-comments-opened=\"0\" data-image-meta=\"{&quot;aperture&quot;:&quot;0&quot;,&quot;credit&quot;:&quot;&quot;,&quot;camera&quot;:&quot;&quot;,&quot;caption&quot;:&quot;&quot;,&quot;created_timestamp&quot;:&quot;0&quot;,&quot;copyright&quot;:&quot;&quot;,&quot;focal_length&quot;:&quot;0&quot;,&quot;iso&quot;:&quot;0&quot;,&quot;shutter_speed&quot;:&quot;0&quot;,&quot;title&quot;:&quot;&quot;,&quot;orientation&quot;:&quot;0&quot;}\" data-image-title=\"WhatsApp-Image-2023-04-25-at-12.39.581\" data-image-description=\"\" data-image-caption=\"\" data-large-file=\"https:\/\/www.cisa-arica.cl\/wp1\/wp-content\/uploads\/2023\/04\/WhatsApp-Image-2023-04-25-at-12.39.581-450x600.jpeg\" data-attachment-id=\"20164\" data-permalink=\"https:\/\/www.cisa-arica.cl\/wp1\/2023\/04\/25\/conmemorando-el-dia-del-libro-y-derecho-de-autor\/whatsapp-image-2023-04-25-at-12-39-581\/\" data-orig-file=\"https:\/\/www.cisa-arica.cl\/wp1\/wp-content\/uploads\/2023\/04\/WhatsApp-Image-2023-04-25-at-12.39.581.jpeg\" data-orig-size=\"1200,1600\" data-comments-opened=\"0\" data-image-meta=\"{&quot;aperture&quot;:&quot;0&quot;,&quot;credit&quot;:&quot;&quot;,&quot;camera&quot;:&quot;&quot;,&quot;caption&quot;:&quot;&quot;,&quot;created_timestamp&quot;:&quot;0&quot;,&quot;copyright&quot;:&quot;&quot;,&quot;focal_length&quot;:&quot;0&quot;,&quot;iso&quot;:&quot;0&quot;,&quot;shutter_speed&quot;:&quot;0&quot;,&quot;title&quot;:&quot;&quot;,&quot;orientation&quot;:&quot;0&quot;}\" data-image-title=\"WhatsApp-Image-2023-04-25-at-12.39.581\" data-image-description=\"\" data-image-caption=\"\" data-large-file=\"https:\/\/www.cisa-arica.cl\/wp1\/wp-content\/uploads\/2023\/04\/WhatsApp-Image-2023-04-25-at-12.39.581-450x600.jpeg\" role=\"button\" tabindex=\"0\" aria-label=\"Abrir la imagen 50 de 54 en pantalla completa\"srcset=\"https:\/\/i1.wp.com\/www.cisa-arica.cl\/wp1\/wp-content\/uploads\/2023\/04\/WhatsApp-Image-2023-04-25-at-12.39.581-450x600.jpeg?strip=info&#038;w=600&#038;ssl=1 600w,https:\/\/i1.wp.com\/www.cisa-arica.cl\/wp1\/wp-content\/uploads\/2023\/04\/WhatsApp-Image-2023-04-25-at-12.39.581-450x600.jpeg?strip=info&#038;w=900&#038;ssl=1 900w,https:\/\/i1.wp.com\/www.cisa-arica.cl\/wp1\/wp-content\/uploads\/2023\/04\/WhatsApp-Image-2023-04-25-at-12.39.581-450x600.jpeg?strip=info&#038;w=1200&#038;ssl=1 1200w\" alt=\"\" data-height=\"1600\" data-id=\"20164\" data-link=\"https:\/\/www.cisa-arica.cl\/wp1\/?attachment_id=20164\" data-url=\"https:\/\/www.cisa-arica.cl\/wp1\/wp-content\/uploads\/2023\/04\/WhatsApp-Image-2023-04-25-at-12.39.581-450x600.jpeg\" data-width=\"1200\" src=\"https:\/\/i1.wp.com\/www.cisa-arica.cl\/wp1\/wp-content\/uploads\/2023\/04\/WhatsApp-Image-2023-04-25-at-12.39.581-450x600.jpeg?ssl=1\" data-amp-layout=\"responsive\"\/><\/figure><\/div><div class=\"tiled-gallery__col\" style=\"flex-basis:37.07532%\"><figure class=\"tiled-gallery__item\"><img decoding=\"async\" data-attachment-id=\"20165\" data-permalink=\"https:\/\/www.cisa-arica.cl\/wp1\/2023\/04\/25\/conmemorando-el-dia-del-libro-y-derecho-de-autor\/whatsapp-image-2023-04-24-at-11-21-39\/\" data-orig-file=\"https:\/\/www.cisa-arica.cl\/wp1\/wp-content\/uploads\/2023\/04\/WhatsApp-Image-2023-04-24-at-11.21.39.jpeg\" data-orig-size=\"1600,1200\" data-comments-opened=\"0\" data-image-meta=\"{&quot;aperture&quot;:&quot;0&quot;,&quot;credit&quot;:&quot;&quot;,&quot;camera&quot;:&quot;&quot;,&quot;caption&quot;:&quot;&quot;,&quot;created_timestamp&quot;:&quot;0&quot;,&quot;copyright&quot;:&quot;&quot;,&quot;focal_length&quot;:&quot;0&quot;,&quot;iso&quot;:&quot;0&quot;,&quot;shutter_speed&quot;:&quot;0&quot;,&quot;title&quot;:&quot;&quot;,&quot;orientation&quot;:&quot;0&quot;}\" data-image-title=\"WhatsApp-Image-2023-04-24-at-11.21.39\" data-image-description=\"\" data-image-caption=\"\" data-large-file=\"https:\/\/www.cisa-arica.cl\/wp1\/wp-content\/uploads\/2023\/04\/WhatsApp-Image-2023-04-24-at-11.21.39-600x450.jpeg\" data-attachment-id=\"20165\" data-permalink=\"https:\/\/www.cisa-arica.cl\/wp1\/2023\/04\/25\/conmemorando-el-dia-del-libro-y-derecho-de-autor\/whatsapp-image-2023-04-24-at-11-21-39\/\" data-orig-file=\"https:\/\/www.cisa-arica.cl\/wp1\/wp-content\/uploads\/2023\/04\/WhatsApp-Image-2023-04-24-at-11.21.39.jpeg\" data-orig-size=\"1600,1200\" data-comments-opened=\"0\" data-image-meta=\"{&quot;aperture&quot;:&quot;0&quot;,&quot;credit&quot;:&quot;&quot;,&quot;camera&quot;:&quot;&quot;,&quot;caption&quot;:&quot;&quot;,&quot;created_timestamp&quot;:&quot;0&quot;,&quot;copyright&quot;:&quot;&quot;,&quot;focal_length&quot;:&quot;0&quot;,&quot;iso&quot;:&quot;0&quot;,&quot;shutter_speed&quot;:&quot;0&quot;,&quot;title&quot;:&quot;&quot;,&quot;orientation&quot;:&quot;0&quot;}\" data-image-title=\"WhatsApp-Image-2023-04-24-at-11.21.39\" data-image-description=\"\" data-image-caption=\"\" data-large-file=\"https:\/\/www.cisa-arica.cl\/wp1\/wp-content\/uploads\/2023\/04\/WhatsApp-Image-2023-04-24-at-11.21.39-600x450.jpeg\" role=\"button\" tabindex=\"0\" aria-label=\"Abrir la imagen 51 de 54 en pantalla completa\"srcset=\"https:\/\/i0.wp.com\/www.cisa-arica.cl\/wp1\/wp-content\/uploads\/2023\/04\/WhatsApp-Image-2023-04-24-at-11.21.39-600x450.jpeg?strip=info&#038;w=600&#038;ssl=1 600w,https:\/\/i0.wp.com\/www.cisa-arica.cl\/wp1\/wp-content\/uploads\/2023\/04\/WhatsApp-Image-2023-04-24-at-11.21.39-600x450.jpeg?strip=info&#038;w=900&#038;ssl=1 900w,https:\/\/i0.wp.com\/www.cisa-arica.cl\/wp1\/wp-content\/uploads\/2023\/04\/WhatsApp-Image-2023-04-24-at-11.21.39-600x450.jpeg?strip=info&#038;w=1200&#038;ssl=1 1200w,https:\/\/i0.wp.com\/www.cisa-arica.cl\/wp1\/wp-content\/uploads\/2023\/04\/WhatsApp-Image-2023-04-24-at-11.21.39-600x450.jpeg?strip=info&#038;w=1500&#038;ssl=1 1500w,https:\/\/i0.wp.com\/www.cisa-arica.cl\/wp1\/wp-content\/uploads\/2023\/04\/WhatsApp-Image-2023-04-24-at-11.21.39-600x450.jpeg?strip=info&#038;w=1600&#038;ssl=1 1600w\" alt=\"\" data-height=\"1200\" data-id=\"20165\" data-link=\"https:\/\/www.cisa-arica.cl\/wp1\/?attachment_id=20165\" data-url=\"https:\/\/www.cisa-arica.cl\/wp1\/wp-content\/uploads\/2023\/04\/WhatsApp-Image-2023-04-24-at-11.21.39-600x450.jpeg\" data-width=\"1600\" src=\"https:\/\/i0.wp.com\/www.cisa-arica.cl\/wp1\/wp-content\/uploads\/2023\/04\/WhatsApp-Image-2023-04-24-at-11.21.39-600x450.jpeg?ssl=1\" data-amp-layout=\"responsive\"\/><\/figure><figure class=\"tiled-gallery__item\"><img decoding=\"async\" data-attachment-id=\"20166\" data-permalink=\"https:\/\/www.cisa-arica.cl\/wp1\/2023\/04\/25\/conmemorando-el-dia-del-libro-y-derecho-de-autor\/whatsapp-image-2023-04-24-at-08-56-12\/\" data-orig-file=\"https:\/\/www.cisa-arica.cl\/wp1\/wp-content\/uploads\/2023\/04\/WhatsApp-Image-2023-04-24-at-08.56.12.jpeg\" data-orig-size=\"1280,960\" data-comments-opened=\"0\" data-image-meta=\"{&quot;aperture&quot;:&quot;0&quot;,&quot;credit&quot;:&quot;&quot;,&quot;camera&quot;:&quot;&quot;,&quot;caption&quot;:&quot;&quot;,&quot;created_timestamp&quot;:&quot;0&quot;,&quot;copyright&quot;:&quot;&quot;,&quot;focal_length&quot;:&quot;0&quot;,&quot;iso&quot;:&quot;0&quot;,&quot;shutter_speed&quot;:&quot;0&quot;,&quot;title&quot;:&quot;&quot;,&quot;orientation&quot;:&quot;0&quot;}\" data-image-title=\"WhatsApp-Image-2023-04-24-at-08.56.12\" data-image-description=\"\" data-image-caption=\"\" data-large-file=\"https:\/\/www.cisa-arica.cl\/wp1\/wp-content\/uploads\/2023\/04\/WhatsApp-Image-2023-04-24-at-08.56.12-600x450.jpeg\" data-attachment-id=\"20166\" data-permalink=\"https:\/\/www.cisa-arica.cl\/wp1\/2023\/04\/25\/conmemorando-el-dia-del-libro-y-derecho-de-autor\/whatsapp-image-2023-04-24-at-08-56-12\/\" data-orig-file=\"https:\/\/www.cisa-arica.cl\/wp1\/wp-content\/uploads\/2023\/04\/WhatsApp-Image-2023-04-24-at-08.56.12.jpeg\" data-orig-size=\"1280,960\" data-comments-opened=\"0\" data-image-meta=\"{&quot;aperture&quot;:&quot;0&quot;,&quot;credit&quot;:&quot;&quot;,&quot;camera&quot;:&quot;&quot;,&quot;caption&quot;:&quot;&quot;,&quot;created_timestamp&quot;:&quot;0&quot;,&quot;copyright&quot;:&quot;&quot;,&quot;focal_length&quot;:&quot;0&quot;,&quot;iso&quot;:&quot;0&quot;,&quot;shutter_speed&quot;:&quot;0&quot;,&quot;title&quot;:&quot;&quot;,&quot;orientation&quot;:&quot;0&quot;}\" data-image-title=\"WhatsApp-Image-2023-04-24-at-08.56.12\" data-image-description=\"\" data-image-caption=\"\" data-large-file=\"https:\/\/www.cisa-arica.cl\/wp1\/wp-content\/uploads\/2023\/04\/WhatsApp-Image-2023-04-24-at-08.56.12-600x450.jpeg\" role=\"button\" tabindex=\"0\" aria-label=\"Abrir la imagen 52 de 54 en pantalla completa\"srcset=\"https:\/\/i2.wp.com\/www.cisa-arica.cl\/wp1\/wp-content\/uploads\/2023\/04\/WhatsApp-Image-2023-04-24-at-08.56.12-600x450.jpeg?strip=info&#038;w=600&#038;ssl=1 600w,https:\/\/i2.wp.com\/www.cisa-arica.cl\/wp1\/wp-content\/uploads\/2023\/04\/WhatsApp-Image-2023-04-24-at-08.56.12-600x450.jpeg?strip=info&#038;w=900&#038;ssl=1 900w,https:\/\/i2.wp.com\/www.cisa-arica.cl\/wp1\/wp-content\/uploads\/2023\/04\/WhatsApp-Image-2023-04-24-at-08.56.12-600x450.jpeg?strip=info&#038;w=1200&#038;ssl=1 1200w,https:\/\/i2.wp.com\/www.cisa-arica.cl\/wp1\/wp-content\/uploads\/2023\/04\/WhatsApp-Image-2023-04-24-at-08.56.12-600x450.jpeg?strip=info&#038;w=1280&#038;ssl=1 1280w\" alt=\"\" data-height=\"960\" data-id=\"20166\" data-link=\"https:\/\/www.cisa-arica.cl\/wp1\/?attachment_id=20166\" data-url=\"https:\/\/www.cisa-arica.cl\/wp1\/wp-content\/uploads\/2023\/04\/WhatsApp-Image-2023-04-24-at-08.56.12-600x450.jpeg\" data-width=\"1280\" src=\"https:\/\/i2.wp.com\/www.cisa-arica.cl\/wp1\/wp-content\/uploads\/2023\/04\/WhatsApp-Image-2023-04-24-at-08.56.12-600x450.jpeg?ssl=1\" data-amp-layout=\"responsive\"\/><\/figure><figure class=\"tiled-gallery__item\"><img decoding=\"async\" data-attachment-id=\"20167\" data-permalink=\"https:\/\/www.cisa-arica.cl\/wp1\/2023\/04\/25\/conmemorando-el-dia-del-libro-y-derecho-de-autor\/whatsapp-image-2023-04-24-at-08-53-46\/\" data-orig-file=\"https:\/\/www.cisa-arica.cl\/wp1\/wp-content\/uploads\/2023\/04\/WhatsApp-Image-2023-04-24-at-08.53.46.jpeg\" data-orig-size=\"1280,960\" data-comments-opened=\"0\" data-image-meta=\"{&quot;aperture&quot;:&quot;0&quot;,&quot;credit&quot;:&quot;&quot;,&quot;camera&quot;:&quot;&quot;,&quot;caption&quot;:&quot;&quot;,&quot;created_timestamp&quot;:&quot;0&quot;,&quot;copyright&quot;:&quot;&quot;,&quot;focal_length&quot;:&quot;0&quot;,&quot;iso&quot;:&quot;0&quot;,&quot;shutter_speed&quot;:&quot;0&quot;,&quot;title&quot;:&quot;&quot;,&quot;orientation&quot;:&quot;0&quot;}\" data-image-title=\"WhatsApp-Image-2023-04-24-at-08.53.46\" data-image-description=\"\" data-image-caption=\"\" data-large-file=\"https:\/\/www.cisa-arica.cl\/wp1\/wp-content\/uploads\/2023\/04\/WhatsApp-Image-2023-04-24-at-08.53.46-600x450.jpeg\" data-attachment-id=\"20167\" data-permalink=\"https:\/\/www.cisa-arica.cl\/wp1\/2023\/04\/25\/conmemorando-el-dia-del-libro-y-derecho-de-autor\/whatsapp-image-2023-04-24-at-08-53-46\/\" data-orig-file=\"https:\/\/www.cisa-arica.cl\/wp1\/wp-content\/uploads\/2023\/04\/WhatsApp-Image-2023-04-24-at-08.53.46.jpeg\" data-orig-size=\"1280,960\" data-comments-opened=\"0\" data-image-meta=\"{&quot;aperture&quot;:&quot;0&quot;,&quot;credit&quot;:&quot;&quot;,&quot;camera&quot;:&quot;&quot;,&quot;caption&quot;:&quot;&quot;,&quot;created_timestamp&quot;:&quot;0&quot;,&quot;copyright&quot;:&quot;&quot;,&quot;focal_length&quot;:&quot;0&quot;,&quot;iso&quot;:&quot;0&quot;,&quot;shutter_speed&quot;:&quot;0&quot;,&quot;title&quot;:&quot;&quot;,&quot;orientation&quot;:&quot;0&quot;}\" data-image-title=\"WhatsApp-Image-2023-04-24-at-08.53.46\" data-image-description=\"\" data-image-caption=\"\" data-large-file=\"https:\/\/www.cisa-arica.cl\/wp1\/wp-content\/uploads\/2023\/04\/WhatsApp-Image-2023-04-24-at-08.53.46-600x450.jpeg\" role=\"button\" tabindex=\"0\" aria-label=\"Abrir la imagen 53 de 54 en pantalla completa\"srcset=\"https:\/\/i2.wp.com\/www.cisa-arica.cl\/wp1\/wp-content\/uploads\/2023\/04\/WhatsApp-Image-2023-04-24-at-08.53.46-600x450.jpeg?strip=info&#038;w=600&#038;ssl=1 600w,https:\/\/i2.wp.com\/www.cisa-arica.cl\/wp1\/wp-content\/uploads\/2023\/04\/WhatsApp-Image-2023-04-24-at-08.53.46-600x450.jpeg?strip=info&#038;w=900&#038;ssl=1 900w,https:\/\/i2.wp.com\/www.cisa-arica.cl\/wp1\/wp-content\/uploads\/2023\/04\/WhatsApp-Image-2023-04-24-at-08.53.46-600x450.jpeg?strip=info&#038;w=1200&#038;ssl=1 1200w,https:\/\/i2.wp.com\/www.cisa-arica.cl\/wp1\/wp-content\/uploads\/2023\/04\/WhatsApp-Image-2023-04-24-at-08.53.46-600x450.jpeg?strip=info&#038;w=1280&#038;ssl=1 1280w\" alt=\"\" data-height=\"960\" data-id=\"20167\" data-link=\"https:\/\/www.cisa-arica.cl\/wp1\/?attachment_id=20167\" data-url=\"https:\/\/www.cisa-arica.cl\/wp1\/wp-content\/uploads\/2023\/04\/WhatsApp-Image-2023-04-24-at-08.53.46-600x450.jpeg\" data-width=\"1280\" src=\"https:\/\/i2.wp.com\/www.cisa-arica.cl\/wp1\/wp-content\/uploads\/2023\/04\/WhatsApp-Image-2023-04-24-at-08.53.46-600x450.jpeg?ssl=1\" data-amp-layout=\"responsive\"\/><\/figure><\/div><\/div><div class=\"tiled-gallery__row\"><div class=\"tiled-gallery__col\" style=\"flex-basis:100.00000%\"><figure class=\"tiled-gallery__item\"><img decoding=\"async\" data-attachment-id=\"20168\" data-permalink=\"https:\/\/www.cisa-arica.cl\/wp1\/2023\/04\/25\/conmemorando-el-dia-del-libro-y-derecho-de-autor\/whatsapp-image-2023-04-24-at-08-53-44\/\" data-orig-file=\"https:\/\/www.cisa-arica.cl\/wp1\/wp-content\/uploads\/2023\/04\/WhatsApp-Image-2023-04-24-at-08.53.44.jpeg\" data-orig-size=\"1280,960\" data-comments-opened=\"0\" data-image-meta=\"{&quot;aperture&quot;:&quot;0&quot;,&quot;credit&quot;:&quot;&quot;,&quot;camera&quot;:&quot;&quot;,&quot;caption&quot;:&quot;&quot;,&quot;created_timestamp&quot;:&quot;0&quot;,&quot;copyright&quot;:&quot;&quot;,&quot;focal_length&quot;:&quot;0&quot;,&quot;iso&quot;:&quot;0&quot;,&quot;shutter_speed&quot;:&quot;0&quot;,&quot;title&quot;:&quot;&quot;,&quot;orientation&quot;:&quot;0&quot;}\" data-image-title=\"WhatsApp-Image-2023-04-24-at-08.53.44\" data-image-description=\"\" data-image-caption=\"\" data-large-file=\"https:\/\/www.cisa-arica.cl\/wp1\/wp-content\/uploads\/2023\/04\/WhatsApp-Image-2023-04-24-at-08.53.44-600x450.jpeg\" data-attachment-id=\"20168\" data-permalink=\"https:\/\/www.cisa-arica.cl\/wp1\/2023\/04\/25\/conmemorando-el-dia-del-libro-y-derecho-de-autor\/whatsapp-image-2023-04-24-at-08-53-44\/\" data-orig-file=\"https:\/\/www.cisa-arica.cl\/wp1\/wp-content\/uploads\/2023\/04\/WhatsApp-Image-2023-04-24-at-08.53.44.jpeg\" data-orig-size=\"1280,960\" data-comments-opened=\"0\" data-image-meta=\"{&quot;aperture&quot;:&quot;0&quot;,&quot;credit&quot;:&quot;&quot;,&quot;camera&quot;:&quot;&quot;,&quot;caption&quot;:&quot;&quot;,&quot;created_timestamp&quot;:&quot;0&quot;,&quot;copyright&quot;:&quot;&quot;,&quot;focal_length&quot;:&quot;0&quot;,&quot;iso&quot;:&quot;0&quot;,&quot;shutter_speed&quot;:&quot;0&quot;,&quot;title&quot;:&quot;&quot;,&quot;orientation&quot;:&quot;0&quot;}\" data-image-title=\"WhatsApp-Image-2023-04-24-at-08.53.44\" data-image-description=\"\" data-image-caption=\"\" data-large-file=\"https:\/\/www.cisa-arica.cl\/wp1\/wp-content\/uploads\/2023\/04\/WhatsApp-Image-2023-04-24-at-08.53.44-600x450.jpeg\" role=\"button\" tabindex=\"0\" aria-label=\"Abrir la imagen 54 de 54 en pantalla completa\"srcset=\"https:\/\/i2.wp.com\/www.cisa-arica.cl\/wp1\/wp-content\/uploads\/2023\/04\/WhatsApp-Image-2023-04-24-at-08.53.44-600x450.jpeg?strip=info&#038;w=600&#038;ssl=1 600w,https:\/\/i2.wp.com\/www.cisa-arica.cl\/wp1\/wp-content\/uploads\/2023\/04\/WhatsApp-Image-2023-04-24-at-08.53.44-600x450.jpeg?strip=info&#038;w=900&#038;ssl=1 900w,https:\/\/i2.wp.com\/www.cisa-arica.cl\/wp1\/wp-content\/uploads\/2023\/04\/WhatsApp-Image-2023-04-24-at-08.53.44-600x450.jpeg?strip=info&#038;w=1200&#038;ssl=1 1200w,https:\/\/i2.wp.com\/www.cisa-arica.cl\/wp1\/wp-content\/uploads\/2023\/04\/WhatsApp-Image-2023-04-24-at-08.53.44-600x450.jpeg?strip=info&#038;w=1280&#038;ssl=1 1280w\" alt=\"\" data-height=\"960\" data-id=\"20168\" data-link=\"https:\/\/www.cisa-arica.cl\/wp1\/?attachment_id=20168\" data-url=\"https:\/\/www.cisa-arica.cl\/wp1\/wp-content\/uploads\/2023\/04\/WhatsApp-Image-2023-04-24-at-08.53.44-600x450.jpeg\" data-width=\"1280\" src=\"https:\/\/i2.wp.com\/www.cisa-arica.cl\/wp1\/wp-content\/uploads\/2023\/04\/WhatsApp-Image-2023-04-24-at-08.53.44-600x450.jpeg?ssl=1\" data-amp-layout=\"responsive\"\/><\/figure><\/div><\/div><\/div><\/div>\n\n\n\n<div class=\"wp-block-jetpack-tiled-gallery aligncenter is-style-rectangular\"><div class=\"tiled-gallery__gallery\"><div class=\"tiled-gallery__row\"><div class=\"tiled-gallery__col\" style=\"flex-basis:63.97414%\"><figure class=\"tiled-gallery__item\"><img decoding=\"async\" data-attachment-id=\"20170\" data-permalink=\"https:\/\/www.cisa-arica.cl\/wp1\/2023\/04\/25\/conmemorando-el-dia-del-libro-y-derecho-de-autor\/whatsapp-image-2023-04-27-at-13-36-33\/\" data-orig-file=\"https:\/\/www.cisa-arica.cl\/wp1\/wp-content\/uploads\/2023\/04\/WhatsApp-Image-2023-04-27-at-13.36.33.jpeg\" data-orig-size=\"1024,768\" data-comments-opened=\"0\" data-image-meta=\"{&quot;aperture&quot;:&quot;0&quot;,&quot;credit&quot;:&quot;&quot;,&quot;camera&quot;:&quot;&quot;,&quot;caption&quot;:&quot;&quot;,&quot;created_timestamp&quot;:&quot;0&quot;,&quot;copyright&quot;:&quot;&quot;,&quot;focal_length&quot;:&quot;0&quot;,&quot;iso&quot;:&quot;0&quot;,&quot;shutter_speed&quot;:&quot;0&quot;,&quot;title&quot;:&quot;&quot;,&quot;orientation&quot;:&quot;0&quot;}\" data-image-title=\"WhatsApp-Image-2023-04-27-at-13.36.33\" data-image-description=\"\" data-image-caption=\"\" data-large-file=\"https:\/\/www.cisa-arica.cl\/wp1\/wp-content\/uploads\/2023\/04\/WhatsApp-Image-2023-04-27-at-13.36.33-600x450.jpeg\" data-attachment-id=\"20170\" data-permalink=\"https:\/\/www.cisa-arica.cl\/wp1\/2023\/04\/25\/conmemorando-el-dia-del-libro-y-derecho-de-autor\/whatsapp-image-2023-04-27-at-13-36-33\/\" data-orig-file=\"https:\/\/www.cisa-arica.cl\/wp1\/wp-content\/uploads\/2023\/04\/WhatsApp-Image-2023-04-27-at-13.36.33.jpeg\" data-orig-size=\"1024,768\" data-comments-opened=\"0\" data-image-meta=\"{&quot;aperture&quot;:&quot;0&quot;,&quot;credit&quot;:&quot;&quot;,&quot;camera&quot;:&quot;&quot;,&quot;caption&quot;:&quot;&quot;,&quot;created_timestamp&quot;:&quot;0&quot;,&quot;copyright&quot;:&quot;&quot;,&quot;focal_length&quot;:&quot;0&quot;,&quot;iso&quot;:&quot;0&quot;,&quot;shutter_speed&quot;:&quot;0&quot;,&quot;title&quot;:&quot;&quot;,&quot;orientation&quot;:&quot;0&quot;}\" data-image-title=\"WhatsApp-Image-2023-04-27-at-13.36.33\" data-image-description=\"\" data-image-caption=\"\" data-large-file=\"https:\/\/www.cisa-arica.cl\/wp1\/wp-content\/uploads\/2023\/04\/WhatsApp-Image-2023-04-27-at-13.36.33-600x450.jpeg\" role=\"button\" tabindex=\"0\" aria-label=\"Abrir la imagen 1 de 9 en pantalla completa\"srcset=\"https:\/\/i2.wp.com\/www.cisa-arica.cl\/wp1\/wp-content\/uploads\/2023\/04\/WhatsApp-Image-2023-04-27-at-13.36.33-600x450.jpeg?strip=info&#038;w=600&#038;ssl=1 600w,https:\/\/i2.wp.com\/www.cisa-arica.cl\/wp1\/wp-content\/uploads\/2023\/04\/WhatsApp-Image-2023-04-27-at-13.36.33-600x450.jpeg?strip=info&#038;w=900&#038;ssl=1 900w,https:\/\/i2.wp.com\/www.cisa-arica.cl\/wp1\/wp-content\/uploads\/2023\/04\/WhatsApp-Image-2023-04-27-at-13.36.33-600x450.jpeg?strip=info&#038;w=1024&#038;ssl=1 1024w\" alt=\"\" data-height=\"768\" data-id=\"20170\" data-link=\"https:\/\/www.cisa-arica.cl\/wp1\/?attachment_id=20170\" data-url=\"https:\/\/www.cisa-arica.cl\/wp1\/wp-content\/uploads\/2023\/04\/WhatsApp-Image-2023-04-27-at-13.36.33-600x450.jpeg\" data-width=\"1024\" src=\"https:\/\/i2.wp.com\/www.cisa-arica.cl\/wp1\/wp-content\/uploads\/2023\/04\/WhatsApp-Image-2023-04-27-at-13.36.33-600x450.jpeg?ssl=1\" data-amp-layout=\"responsive\"\/><\/figure><\/div><div class=\"tiled-gallery__col\" style=\"flex-basis:36.02586%\"><figure class=\"tiled-gallery__item\"><img decoding=\"async\" data-attachment-id=\"20171\" data-permalink=\"https:\/\/www.cisa-arica.cl\/wp1\/2023\/04\/25\/conmemorando-el-dia-del-libro-y-derecho-de-autor\/whatsapp-image-2023-04-27-at-13-36-333\/\" data-orig-file=\"https:\/\/www.cisa-arica.cl\/wp1\/wp-content\/uploads\/2023\/04\/WhatsApp-Image-2023-04-27-at-13.36.333.jpeg\" data-orig-size=\"768,1024\" data-comments-opened=\"0\" data-image-meta=\"{&quot;aperture&quot;:&quot;0&quot;,&quot;credit&quot;:&quot;&quot;,&quot;camera&quot;:&quot;&quot;,&quot;caption&quot;:&quot;&quot;,&quot;created_timestamp&quot;:&quot;0&quot;,&quot;copyright&quot;:&quot;&quot;,&quot;focal_length&quot;:&quot;0&quot;,&quot;iso&quot;:&quot;0&quot;,&quot;shutter_speed&quot;:&quot;0&quot;,&quot;title&quot;:&quot;&quot;,&quot;orientation&quot;:&quot;0&quot;}\" data-image-title=\"WhatsApp-Image-2023-04-27-at-13.36.333\" data-image-description=\"\" data-image-caption=\"\" data-large-file=\"https:\/\/www.cisa-arica.cl\/wp1\/wp-content\/uploads\/2023\/04\/WhatsApp-Image-2023-04-27-at-13.36.333-450x600.jpeg\" data-attachment-id=\"20171\" data-permalink=\"https:\/\/www.cisa-arica.cl\/wp1\/2023\/04\/25\/conmemorando-el-dia-del-libro-y-derecho-de-autor\/whatsapp-image-2023-04-27-at-13-36-333\/\" data-orig-file=\"https:\/\/www.cisa-arica.cl\/wp1\/wp-content\/uploads\/2023\/04\/WhatsApp-Image-2023-04-27-at-13.36.333.jpeg\" data-orig-size=\"768,1024\" data-comments-opened=\"0\" data-image-meta=\"{&quot;aperture&quot;:&quot;0&quot;,&quot;credit&quot;:&quot;&quot;,&quot;camera&quot;:&quot;&quot;,&quot;caption&quot;:&quot;&quot;,&quot;created_timestamp&quot;:&quot;0&quot;,&quot;copyright&quot;:&quot;&quot;,&quot;focal_length&quot;:&quot;0&quot;,&quot;iso&quot;:&quot;0&quot;,&quot;shutter_speed&quot;:&quot;0&quot;,&quot;title&quot;:&quot;&quot;,&quot;orientation&quot;:&quot;0&quot;}\" data-image-title=\"WhatsApp-Image-2023-04-27-at-13.36.333\" data-image-description=\"\" data-image-caption=\"\" data-large-file=\"https:\/\/www.cisa-arica.cl\/wp1\/wp-content\/uploads\/2023\/04\/WhatsApp-Image-2023-04-27-at-13.36.333-450x600.jpeg\" role=\"button\" tabindex=\"0\" aria-label=\"Abrir la imagen 2 de 9 en pantalla completa\"srcset=\"https:\/\/i2.wp.com\/www.cisa-arica.cl\/wp1\/wp-content\/uploads\/2023\/04\/WhatsApp-Image-2023-04-27-at-13.36.333-450x600.jpeg?strip=info&#038;w=600&#038;ssl=1 600w,https:\/\/i2.wp.com\/www.cisa-arica.cl\/wp1\/wp-content\/uploads\/2023\/04\/WhatsApp-Image-2023-04-27-at-13.36.333-450x600.jpeg?strip=info&#038;w=768&#038;ssl=1 768w\" alt=\"\" data-height=\"1024\" data-id=\"20171\" data-link=\"https:\/\/www.cisa-arica.cl\/wp1\/?attachment_id=20171\" data-url=\"https:\/\/www.cisa-arica.cl\/wp1\/wp-content\/uploads\/2023\/04\/WhatsApp-Image-2023-04-27-at-13.36.333-450x600.jpeg\" data-width=\"768\" src=\"https:\/\/i2.wp.com\/www.cisa-arica.cl\/wp1\/wp-content\/uploads\/2023\/04\/WhatsApp-Image-2023-04-27-at-13.36.333-450x600.jpeg?ssl=1\" data-amp-layout=\"responsive\"\/><\/figure><\/div><\/div><div class=\"tiled-gallery__row\"><div class=\"tiled-gallery__col\" style=\"flex-basis:62.92468%\"><figure class=\"tiled-gallery__item\"><img decoding=\"async\" data-attachment-id=\"20172\" data-permalink=\"https:\/\/www.cisa-arica.cl\/wp1\/2023\/04\/25\/conmemorando-el-dia-del-libro-y-derecho-de-autor\/whatsapp-image-2023-04-27-at-13-36-332\/\" data-orig-file=\"https:\/\/www.cisa-arica.cl\/wp1\/wp-content\/uploads\/2023\/04\/WhatsApp-Image-2023-04-27-at-13.36.332.jpeg\" data-orig-size=\"768,1024\" data-comments-opened=\"0\" data-image-meta=\"{&quot;aperture&quot;:&quot;0&quot;,&quot;credit&quot;:&quot;&quot;,&quot;camera&quot;:&quot;&quot;,&quot;caption&quot;:&quot;&quot;,&quot;created_timestamp&quot;:&quot;0&quot;,&quot;copyright&quot;:&quot;&quot;,&quot;focal_length&quot;:&quot;0&quot;,&quot;iso&quot;:&quot;0&quot;,&quot;shutter_speed&quot;:&quot;0&quot;,&quot;title&quot;:&quot;&quot;,&quot;orientation&quot;:&quot;0&quot;}\" data-image-title=\"WhatsApp-Image-2023-04-27-at-13.36.332\" data-image-description=\"\" data-image-caption=\"\" data-large-file=\"https:\/\/www.cisa-arica.cl\/wp1\/wp-content\/uploads\/2023\/04\/WhatsApp-Image-2023-04-27-at-13.36.332-450x600.jpeg\" data-attachment-id=\"20172\" data-permalink=\"https:\/\/www.cisa-arica.cl\/wp1\/2023\/04\/25\/conmemorando-el-dia-del-libro-y-derecho-de-autor\/whatsapp-image-2023-04-27-at-13-36-332\/\" data-orig-file=\"https:\/\/www.cisa-arica.cl\/wp1\/wp-content\/uploads\/2023\/04\/WhatsApp-Image-2023-04-27-at-13.36.332.jpeg\" data-orig-size=\"768,1024\" data-comments-opened=\"0\" data-image-meta=\"{&quot;aperture&quot;:&quot;0&quot;,&quot;credit&quot;:&quot;&quot;,&quot;camera&quot;:&quot;&quot;,&quot;caption&quot;:&quot;&quot;,&quot;created_timestamp&quot;:&quot;0&quot;,&quot;copyright&quot;:&quot;&quot;,&quot;focal_length&quot;:&quot;0&quot;,&quot;iso&quot;:&quot;0&quot;,&quot;shutter_speed&quot;:&quot;0&quot;,&quot;title&quot;:&quot;&quot;,&quot;orientation&quot;:&quot;0&quot;}\" data-image-title=\"WhatsApp-Image-2023-04-27-at-13.36.332\" data-image-description=\"\" data-image-caption=\"\" data-large-file=\"https:\/\/www.cisa-arica.cl\/wp1\/wp-content\/uploads\/2023\/04\/WhatsApp-Image-2023-04-27-at-13.36.332-450x600.jpeg\" role=\"button\" tabindex=\"0\" aria-label=\"Abrir la imagen 3 de 9 en pantalla completa\"srcset=\"https:\/\/i0.wp.com\/www.cisa-arica.cl\/wp1\/wp-content\/uploads\/2023\/04\/WhatsApp-Image-2023-04-27-at-13.36.332-450x600.jpeg?strip=info&#038;w=600&#038;ssl=1 600w,https:\/\/i0.wp.com\/www.cisa-arica.cl\/wp1\/wp-content\/uploads\/2023\/04\/WhatsApp-Image-2023-04-27-at-13.36.332-450x600.jpeg?strip=info&#038;w=768&#038;ssl=1 768w\" alt=\"\" data-height=\"1024\" data-id=\"20172\" data-link=\"https:\/\/www.cisa-arica.cl\/wp1\/?attachment_id=20172\" data-url=\"https:\/\/www.cisa-arica.cl\/wp1\/wp-content\/uploads\/2023\/04\/WhatsApp-Image-2023-04-27-at-13.36.332-450x600.jpeg\" data-width=\"768\" src=\"https:\/\/i0.wp.com\/www.cisa-arica.cl\/wp1\/wp-content\/uploads\/2023\/04\/WhatsApp-Image-2023-04-27-at-13.36.332-450x600.jpeg?ssl=1\" data-amp-layout=\"responsive\"\/><\/figure><\/div><div class=\"tiled-gallery__col\" style=\"flex-basis:37.07532%\"><figure class=\"tiled-gallery__item\"><img decoding=\"async\" data-attachment-id=\"20173\" data-permalink=\"https:\/\/www.cisa-arica.cl\/wp1\/2023\/04\/25\/conmemorando-el-dia-del-libro-y-derecho-de-autor\/whatsapp-image-2023-04-27-at-13-36-331\/\" data-orig-file=\"https:\/\/www.cisa-arica.cl\/wp1\/wp-content\/uploads\/2023\/04\/WhatsApp-Image-2023-04-27-at-13.36.331.jpeg\" data-orig-size=\"1024,768\" data-comments-opened=\"0\" data-image-meta=\"{&quot;aperture&quot;:&quot;0&quot;,&quot;credit&quot;:&quot;&quot;,&quot;camera&quot;:&quot;&quot;,&quot;caption&quot;:&quot;&quot;,&quot;created_timestamp&quot;:&quot;0&quot;,&quot;copyright&quot;:&quot;&quot;,&quot;focal_length&quot;:&quot;0&quot;,&quot;iso&quot;:&quot;0&quot;,&quot;shutter_speed&quot;:&quot;0&quot;,&quot;title&quot;:&quot;&quot;,&quot;orientation&quot;:&quot;0&quot;}\" data-image-title=\"WhatsApp-Image-2023-04-27-at-13.36.331\" data-image-description=\"\" data-image-caption=\"\" data-large-file=\"https:\/\/www.cisa-arica.cl\/wp1\/wp-content\/uploads\/2023\/04\/WhatsApp-Image-2023-04-27-at-13.36.331-600x450.jpeg\" data-attachment-id=\"20173\" data-permalink=\"https:\/\/www.cisa-arica.cl\/wp1\/2023\/04\/25\/conmemorando-el-dia-del-libro-y-derecho-de-autor\/whatsapp-image-2023-04-27-at-13-36-331\/\" data-orig-file=\"https:\/\/www.cisa-arica.cl\/wp1\/wp-content\/uploads\/2023\/04\/WhatsApp-Image-2023-04-27-at-13.36.331.jpeg\" data-orig-size=\"1024,768\" data-comments-opened=\"0\" data-image-meta=\"{&quot;aperture&quot;:&quot;0&quot;,&quot;credit&quot;:&quot;&quot;,&quot;camera&quot;:&quot;&quot;,&quot;caption&quot;:&quot;&quot;,&quot;created_timestamp&quot;:&quot;0&quot;,&quot;copyright&quot;:&quot;&quot;,&quot;focal_length&quot;:&quot;0&quot;,&quot;iso&quot;:&quot;0&quot;,&quot;shutter_speed&quot;:&quot;0&quot;,&quot;title&quot;:&quot;&quot;,&quot;orientation&quot;:&quot;0&quot;}\" data-image-title=\"WhatsApp-Image-2023-04-27-at-13.36.331\" data-image-description=\"\" data-image-caption=\"\" data-large-file=\"https:\/\/www.cisa-arica.cl\/wp1\/wp-content\/uploads\/2023\/04\/WhatsApp-Image-2023-04-27-at-13.36.331-600x450.jpeg\" role=\"button\" tabindex=\"0\" aria-label=\"Abrir la imagen 4 de 9 en pantalla completa\"srcset=\"https:\/\/i1.wp.com\/www.cisa-arica.cl\/wp1\/wp-content\/uploads\/2023\/04\/WhatsApp-Image-2023-04-27-at-13.36.331-600x450.jpeg?strip=info&#038;w=600&#038;ssl=1 600w,https:\/\/i1.wp.com\/www.cisa-arica.cl\/wp1\/wp-content\/uploads\/2023\/04\/WhatsApp-Image-2023-04-27-at-13.36.331-600x450.jpeg?strip=info&#038;w=900&#038;ssl=1 900w,https:\/\/i1.wp.com\/www.cisa-arica.cl\/wp1\/wp-content\/uploads\/2023\/04\/WhatsApp-Image-2023-04-27-at-13.36.331-600x450.jpeg?strip=info&#038;w=1024&#038;ssl=1 1024w\" alt=\"\" data-height=\"768\" data-id=\"20173\" data-link=\"https:\/\/www.cisa-arica.cl\/wp1\/?attachment_id=20173\" data-url=\"https:\/\/www.cisa-arica.cl\/wp1\/wp-content\/uploads\/2023\/04\/WhatsApp-Image-2023-04-27-at-13.36.331-600x450.jpeg\" data-width=\"1024\" src=\"https:\/\/i1.wp.com\/www.cisa-arica.cl\/wp1\/wp-content\/uploads\/2023\/04\/WhatsApp-Image-2023-04-27-at-13.36.331-600x450.jpeg?ssl=1\" data-amp-layout=\"responsive\"\/><\/figure><figure class=\"tiled-gallery__item\"><img decoding=\"async\" data-attachment-id=\"20174\" data-permalink=\"https:\/\/www.cisa-arica.cl\/wp1\/2023\/04\/25\/conmemorando-el-dia-del-libro-y-derecho-de-autor\/whatsapp-image-2023-04-27-at-13-36-32\/\" data-orig-file=\"https:\/\/www.cisa-arica.cl\/wp1\/wp-content\/uploads\/2023\/04\/WhatsApp-Image-2023-04-27-at-13.36.32.jpeg\" data-orig-size=\"1024,768\" data-comments-opened=\"0\" data-image-meta=\"{&quot;aperture&quot;:&quot;0&quot;,&quot;credit&quot;:&quot;&quot;,&quot;camera&quot;:&quot;&quot;,&quot;caption&quot;:&quot;&quot;,&quot;created_timestamp&quot;:&quot;0&quot;,&quot;copyright&quot;:&quot;&quot;,&quot;focal_length&quot;:&quot;0&quot;,&quot;iso&quot;:&quot;0&quot;,&quot;shutter_speed&quot;:&quot;0&quot;,&quot;title&quot;:&quot;&quot;,&quot;orientation&quot;:&quot;0&quot;}\" data-image-title=\"WhatsApp-Image-2023-04-27-at-13.36.32\" data-image-description=\"\" data-image-caption=\"\" data-large-file=\"https:\/\/www.cisa-arica.cl\/wp1\/wp-content\/uploads\/2023\/04\/WhatsApp-Image-2023-04-27-at-13.36.32-600x450.jpeg\" data-attachment-id=\"20174\" data-permalink=\"https:\/\/www.cisa-arica.cl\/wp1\/2023\/04\/25\/conmemorando-el-dia-del-libro-y-derecho-de-autor\/whatsapp-image-2023-04-27-at-13-36-32\/\" data-orig-file=\"https:\/\/www.cisa-arica.cl\/wp1\/wp-content\/uploads\/2023\/04\/WhatsApp-Image-2023-04-27-at-13.36.32.jpeg\" data-orig-size=\"1024,768\" data-comments-opened=\"0\" data-image-meta=\"{&quot;aperture&quot;:&quot;0&quot;,&quot;credit&quot;:&quot;&quot;,&quot;camera&quot;:&quot;&quot;,&quot;caption&quot;:&quot;&quot;,&quot;created_timestamp&quot;:&quot;0&quot;,&quot;copyright&quot;:&quot;&quot;,&quot;focal_length&quot;:&quot;0&quot;,&quot;iso&quot;:&quot;0&quot;,&quot;shutter_speed&quot;:&quot;0&quot;,&quot;title&quot;:&quot;&quot;,&quot;orientation&quot;:&quot;0&quot;}\" data-image-title=\"WhatsApp-Image-2023-04-27-at-13.36.32\" data-image-description=\"\" data-image-caption=\"\" data-large-file=\"https:\/\/www.cisa-arica.cl\/wp1\/wp-content\/uploads\/2023\/04\/WhatsApp-Image-2023-04-27-at-13.36.32-600x450.jpeg\" role=\"button\" tabindex=\"0\" aria-label=\"Abrir la imagen 5 de 9 en pantalla completa\"srcset=\"https:\/\/i2.wp.com\/www.cisa-arica.cl\/wp1\/wp-content\/uploads\/2023\/04\/WhatsApp-Image-2023-04-27-at-13.36.32-600x450.jpeg?strip=info&#038;w=600&#038;ssl=1 600w,https:\/\/i2.wp.com\/www.cisa-arica.cl\/wp1\/wp-content\/uploads\/2023\/04\/WhatsApp-Image-2023-04-27-at-13.36.32-600x450.jpeg?strip=info&#038;w=900&#038;ssl=1 900w,https:\/\/i2.wp.com\/www.cisa-arica.cl\/wp1\/wp-content\/uploads\/2023\/04\/WhatsApp-Image-2023-04-27-at-13.36.32-600x450.jpeg?strip=info&#038;w=1024&#038;ssl=1 1024w\" alt=\"\" data-height=\"768\" data-id=\"20174\" data-link=\"https:\/\/www.cisa-arica.cl\/wp1\/?attachment_id=20174\" data-url=\"https:\/\/www.cisa-arica.cl\/wp1\/wp-content\/uploads\/2023\/04\/WhatsApp-Image-2023-04-27-at-13.36.32-600x450.jpeg\" data-width=\"1024\" src=\"https:\/\/i2.wp.com\/www.cisa-arica.cl\/wp1\/wp-content\/uploads\/2023\/04\/WhatsApp-Image-2023-04-27-at-13.36.32-600x450.jpeg?ssl=1\" data-amp-layout=\"responsive\"\/><\/figure><figure class=\"tiled-gallery__item\"><img decoding=\"async\" data-attachment-id=\"20175\" data-permalink=\"https:\/\/www.cisa-arica.cl\/wp1\/2023\/04\/25\/conmemorando-el-dia-del-libro-y-derecho-de-autor\/whatsapp-image-2023-04-27-at-13-36-321\/\" data-orig-file=\"https:\/\/www.cisa-arica.cl\/wp1\/wp-content\/uploads\/2023\/04\/WhatsApp-Image-2023-04-27-at-13.36.321.jpeg\" data-orig-size=\"1024,768\" data-comments-opened=\"0\" data-image-meta=\"{&quot;aperture&quot;:&quot;0&quot;,&quot;credit&quot;:&quot;&quot;,&quot;camera&quot;:&quot;&quot;,&quot;caption&quot;:&quot;&quot;,&quot;created_timestamp&quot;:&quot;0&quot;,&quot;copyright&quot;:&quot;&quot;,&quot;focal_length&quot;:&quot;0&quot;,&quot;iso&quot;:&quot;0&quot;,&quot;shutter_speed&quot;:&quot;0&quot;,&quot;title&quot;:&quot;&quot;,&quot;orientation&quot;:&quot;0&quot;}\" data-image-title=\"WhatsApp-Image-2023-04-27-at-13.36.321\" data-image-description=\"\" data-image-caption=\"\" data-large-file=\"https:\/\/www.cisa-arica.cl\/wp1\/wp-content\/uploads\/2023\/04\/WhatsApp-Image-2023-04-27-at-13.36.321-600x450.jpeg\" data-attachment-id=\"20175\" data-permalink=\"https:\/\/www.cisa-arica.cl\/wp1\/2023\/04\/25\/conmemorando-el-dia-del-libro-y-derecho-de-autor\/whatsapp-image-2023-04-27-at-13-36-321\/\" data-orig-file=\"https:\/\/www.cisa-arica.cl\/wp1\/wp-content\/uploads\/2023\/04\/WhatsApp-Image-2023-04-27-at-13.36.321.jpeg\" data-orig-size=\"1024,768\" data-comments-opened=\"0\" data-image-meta=\"{&quot;aperture&quot;:&quot;0&quot;,&quot;credit&quot;:&quot;&quot;,&quot;camera&quot;:&quot;&quot;,&quot;caption&quot;:&quot;&quot;,&quot;created_timestamp&quot;:&quot;0&quot;,&quot;copyright&quot;:&quot;&quot;,&quot;focal_length&quot;:&quot;0&quot;,&quot;iso&quot;:&quot;0&quot;,&quot;shutter_speed&quot;:&quot;0&quot;,&quot;title&quot;:&quot;&quot;,&quot;orientation&quot;:&quot;0&quot;}\" data-image-title=\"WhatsApp-Image-2023-04-27-at-13.36.321\" data-image-description=\"\" data-image-caption=\"\" data-large-file=\"https:\/\/www.cisa-arica.cl\/wp1\/wp-content\/uploads\/2023\/04\/WhatsApp-Image-2023-04-27-at-13.36.321-600x450.jpeg\" role=\"button\" tabindex=\"0\" aria-label=\"Abrir la imagen 6 de 9 en pantalla completa\"srcset=\"https:\/\/i0.wp.com\/www.cisa-arica.cl\/wp1\/wp-content\/uploads\/2023\/04\/WhatsApp-Image-2023-04-27-at-13.36.321-600x450.jpeg?strip=info&#038;w=600&#038;ssl=1 600w,https:\/\/i0.wp.com\/www.cisa-arica.cl\/wp1\/wp-content\/uploads\/2023\/04\/WhatsApp-Image-2023-04-27-at-13.36.321-600x450.jpeg?strip=info&#038;w=900&#038;ssl=1 900w,https:\/\/i0.wp.com\/www.cisa-arica.cl\/wp1\/wp-content\/uploads\/2023\/04\/WhatsApp-Image-2023-04-27-at-13.36.321-600x450.jpeg?strip=info&#038;w=1024&#038;ssl=1 1024w\" alt=\"\" data-height=\"768\" data-id=\"20175\" data-link=\"https:\/\/www.cisa-arica.cl\/wp1\/?attachment_id=20175\" data-url=\"https:\/\/www.cisa-arica.cl\/wp1\/wp-content\/uploads\/2023\/04\/WhatsApp-Image-2023-04-27-at-13.36.321-600x450.jpeg\" data-width=\"1024\" src=\"https:\/\/i0.wp.com\/www.cisa-arica.cl\/wp1\/wp-content\/uploads\/2023\/04\/WhatsApp-Image-2023-04-27-at-13.36.321-600x450.jpeg?ssl=1\" data-amp-layout=\"responsive\"\/><\/figure><\/div><\/div><div class=\"tiled-gallery__row\"><div class=\"tiled-gallery__col\" style=\"flex-basis:53.05395%\"><figure class=\"tiled-gallery__item\"><img decoding=\"async\" data-attachment-id=\"20176\" data-permalink=\"https:\/\/www.cisa-arica.cl\/wp1\/2023\/04\/25\/conmemorando-el-dia-del-libro-y-derecho-de-autor\/whatsapp-image-2023-04-27-at-13-36-31\/\" data-orig-file=\"https:\/\/www.cisa-arica.cl\/wp1\/wp-content\/uploads\/2023\/04\/WhatsApp-Image-2023-04-27-at-13.36.31.jpeg\" data-orig-size=\"768,1024\" data-comments-opened=\"0\" data-image-meta=\"{&quot;aperture&quot;:&quot;0&quot;,&quot;credit&quot;:&quot;&quot;,&quot;camera&quot;:&quot;&quot;,&quot;caption&quot;:&quot;&quot;,&quot;created_timestamp&quot;:&quot;0&quot;,&quot;copyright&quot;:&quot;&quot;,&quot;focal_length&quot;:&quot;0&quot;,&quot;iso&quot;:&quot;0&quot;,&quot;shutter_speed&quot;:&quot;0&quot;,&quot;title&quot;:&quot;&quot;,&quot;orientation&quot;:&quot;0&quot;}\" data-image-title=\"WhatsApp-Image-2023-04-27-at-13.36.31\" data-image-description=\"\" data-image-caption=\"\" data-large-file=\"https:\/\/www.cisa-arica.cl\/wp1\/wp-content\/uploads\/2023\/04\/WhatsApp-Image-2023-04-27-at-13.36.31-450x600.jpeg\" data-attachment-id=\"20176\" data-permalink=\"https:\/\/www.cisa-arica.cl\/wp1\/2023\/04\/25\/conmemorando-el-dia-del-libro-y-derecho-de-autor\/whatsapp-image-2023-04-27-at-13-36-31\/\" data-orig-file=\"https:\/\/www.cisa-arica.cl\/wp1\/wp-content\/uploads\/2023\/04\/WhatsApp-Image-2023-04-27-at-13.36.31.jpeg\" data-orig-size=\"768,1024\" data-comments-opened=\"0\" data-image-meta=\"{&quot;aperture&quot;:&quot;0&quot;,&quot;credit&quot;:&quot;&quot;,&quot;camera&quot;:&quot;&quot;,&quot;caption&quot;:&quot;&quot;,&quot;created_timestamp&quot;:&quot;0&quot;,&quot;copyright&quot;:&quot;&quot;,&quot;focal_length&quot;:&quot;0&quot;,&quot;iso&quot;:&quot;0&quot;,&quot;shutter_speed&quot;:&quot;0&quot;,&quot;title&quot;:&quot;&quot;,&quot;orientation&quot;:&quot;0&quot;}\" data-image-title=\"WhatsApp-Image-2023-04-27-at-13.36.31\" data-image-description=\"\" data-image-caption=\"\" data-large-file=\"https:\/\/www.cisa-arica.cl\/wp1\/wp-content\/uploads\/2023\/04\/WhatsApp-Image-2023-04-27-at-13.36.31-450x600.jpeg\" role=\"button\" tabindex=\"0\" aria-label=\"Abrir la imagen 7 de 9 en pantalla completa\"srcset=\"https:\/\/i1.wp.com\/www.cisa-arica.cl\/wp1\/wp-content\/uploads\/2023\/04\/WhatsApp-Image-2023-04-27-at-13.36.31-450x600.jpeg?strip=info&#038;w=600&#038;ssl=1 600w,https:\/\/i1.wp.com\/www.cisa-arica.cl\/wp1\/wp-content\/uploads\/2023\/04\/WhatsApp-Image-2023-04-27-at-13.36.31-450x600.jpeg?strip=info&#038;w=768&#038;ssl=1 768w\" alt=\"\" data-height=\"1024\" data-id=\"20176\" data-link=\"https:\/\/www.cisa-arica.cl\/wp1\/?attachment_id=20176\" data-url=\"https:\/\/www.cisa-arica.cl\/wp1\/wp-content\/uploads\/2023\/04\/WhatsApp-Image-2023-04-27-at-13.36.31-450x600.jpeg\" data-width=\"768\" src=\"https:\/\/i1.wp.com\/www.cisa-arica.cl\/wp1\/wp-content\/uploads\/2023\/04\/WhatsApp-Image-2023-04-27-at-13.36.31-450x600.jpeg?ssl=1\" data-amp-layout=\"responsive\"\/><\/figure><\/div><div class=\"tiled-gallery__col\" style=\"flex-basis:46.94605%\"><figure class=\"tiled-gallery__item\"><img decoding=\"async\" data-attachment-id=\"20177\" data-permalink=\"https:\/\/www.cisa-arica.cl\/wp1\/2023\/04\/25\/conmemorando-el-dia-del-libro-y-derecho-de-autor\/whatsapp-image-2023-04-27-at-13-36-312\/\" data-orig-file=\"https:\/\/www.cisa-arica.cl\/wp1\/wp-content\/uploads\/2023\/04\/WhatsApp-Image-2023-04-27-at-13.36.312.jpeg\" data-orig-size=\"1024,768\" data-comments-opened=\"0\" data-image-meta=\"{&quot;aperture&quot;:&quot;0&quot;,&quot;credit&quot;:&quot;&quot;,&quot;camera&quot;:&quot;&quot;,&quot;caption&quot;:&quot;&quot;,&quot;created_timestamp&quot;:&quot;0&quot;,&quot;copyright&quot;:&quot;&quot;,&quot;focal_length&quot;:&quot;0&quot;,&quot;iso&quot;:&quot;0&quot;,&quot;shutter_speed&quot;:&quot;0&quot;,&quot;title&quot;:&quot;&quot;,&quot;orientation&quot;:&quot;0&quot;}\" data-image-title=\"WhatsApp-Image-2023-04-27-at-13.36.312\" data-image-description=\"\" data-image-caption=\"\" data-large-file=\"https:\/\/www.cisa-arica.cl\/wp1\/wp-content\/uploads\/2023\/04\/WhatsApp-Image-2023-04-27-at-13.36.312-600x450.jpeg\" data-attachment-id=\"20177\" data-permalink=\"https:\/\/www.cisa-arica.cl\/wp1\/2023\/04\/25\/conmemorando-el-dia-del-libro-y-derecho-de-autor\/whatsapp-image-2023-04-27-at-13-36-312\/\" data-orig-file=\"https:\/\/www.cisa-arica.cl\/wp1\/wp-content\/uploads\/2023\/04\/WhatsApp-Image-2023-04-27-at-13.36.312.jpeg\" data-orig-size=\"1024,768\" data-comments-opened=\"0\" data-image-meta=\"{&quot;aperture&quot;:&quot;0&quot;,&quot;credit&quot;:&quot;&quot;,&quot;camera&quot;:&quot;&quot;,&quot;caption&quot;:&quot;&quot;,&quot;created_timestamp&quot;:&quot;0&quot;,&quot;copyright&quot;:&quot;&quot;,&quot;focal_length&quot;:&quot;0&quot;,&quot;iso&quot;:&quot;0&quot;,&quot;shutter_speed&quot;:&quot;0&quot;,&quot;title&quot;:&quot;&quot;,&quot;orientation&quot;:&quot;0&quot;}\" data-image-title=\"WhatsApp-Image-2023-04-27-at-13.36.312\" data-image-description=\"\" data-image-caption=\"\" data-large-file=\"https:\/\/www.cisa-arica.cl\/wp1\/wp-content\/uploads\/2023\/04\/WhatsApp-Image-2023-04-27-at-13.36.312-600x450.jpeg\" role=\"button\" tabindex=\"0\" aria-label=\"Abrir la imagen 8 de 9 en pantalla completa\"srcset=\"https:\/\/i2.wp.com\/www.cisa-arica.cl\/wp1\/wp-content\/uploads\/2023\/04\/WhatsApp-Image-2023-04-27-at-13.36.312-600x450.jpeg?strip=info&#038;w=600&#038;ssl=1 600w,https:\/\/i2.wp.com\/www.cisa-arica.cl\/wp1\/wp-content\/uploads\/2023\/04\/WhatsApp-Image-2023-04-27-at-13.36.312-600x450.jpeg?strip=info&#038;w=900&#038;ssl=1 900w,https:\/\/i2.wp.com\/www.cisa-arica.cl\/wp1\/wp-content\/uploads\/2023\/04\/WhatsApp-Image-2023-04-27-at-13.36.312-600x450.jpeg?strip=info&#038;w=1024&#038;ssl=1 1024w\" alt=\"\" data-height=\"768\" data-id=\"20177\" data-link=\"https:\/\/www.cisa-arica.cl\/wp1\/?attachment_id=20177\" data-url=\"https:\/\/www.cisa-arica.cl\/wp1\/wp-content\/uploads\/2023\/04\/WhatsApp-Image-2023-04-27-at-13.36.312-600x450.jpeg\" data-width=\"1024\" src=\"https:\/\/i2.wp.com\/www.cisa-arica.cl\/wp1\/wp-content\/uploads\/2023\/04\/WhatsApp-Image-2023-04-27-at-13.36.312-600x450.jpeg?ssl=1\" data-amp-layout=\"responsive\"\/><\/figure><figure class=\"tiled-gallery__item\"><img decoding=\"async\" data-attachment-id=\"20178\" data-permalink=\"https:\/\/www.cisa-arica.cl\/wp1\/2023\/04\/25\/conmemorando-el-dia-del-libro-y-derecho-de-autor\/whatsapp-image-2023-04-27-at-13-36-311\/\" data-orig-file=\"https:\/\/www.cisa-arica.cl\/wp1\/wp-content\/uploads\/2023\/04\/WhatsApp-Image-2023-04-27-at-13.36.311.jpeg\" data-orig-size=\"1024,768\" data-comments-opened=\"0\" data-image-meta=\"{&quot;aperture&quot;:&quot;0&quot;,&quot;credit&quot;:&quot;&quot;,&quot;camera&quot;:&quot;&quot;,&quot;caption&quot;:&quot;&quot;,&quot;created_timestamp&quot;:&quot;0&quot;,&quot;copyright&quot;:&quot;&quot;,&quot;focal_length&quot;:&quot;0&quot;,&quot;iso&quot;:&quot;0&quot;,&quot;shutter_speed&quot;:&quot;0&quot;,&quot;title&quot;:&quot;&quot;,&quot;orientation&quot;:&quot;0&quot;}\" data-image-title=\"WhatsApp-Image-2023-04-27-at-13.36.311\" data-image-description=\"\" data-image-caption=\"\" data-large-file=\"https:\/\/www.cisa-arica.cl\/wp1\/wp-content\/uploads\/2023\/04\/WhatsApp-Image-2023-04-27-at-13.36.311-600x450.jpeg\" data-attachment-id=\"20178\" data-permalink=\"https:\/\/www.cisa-arica.cl\/wp1\/2023\/04\/25\/conmemorando-el-dia-del-libro-y-derecho-de-autor\/whatsapp-image-2023-04-27-at-13-36-311\/\" data-orig-file=\"https:\/\/www.cisa-arica.cl\/wp1\/wp-content\/uploads\/2023\/04\/WhatsApp-Image-2023-04-27-at-13.36.311.jpeg\" data-orig-size=\"1024,768\" data-comments-opened=\"0\" data-image-meta=\"{&quot;aperture&quot;:&quot;0&quot;,&quot;credit&quot;:&quot;&quot;,&quot;camera&quot;:&quot;&quot;,&quot;caption&quot;:&quot;&quot;,&quot;created_timestamp&quot;:&quot;0&quot;,&quot;copyright&quot;:&quot;&quot;,&quot;focal_length&quot;:&quot;0&quot;,&quot;iso&quot;:&quot;0&quot;,&quot;shutter_speed&quot;:&quot;0&quot;,&quot;title&quot;:&quot;&quot;,&quot;orientation&quot;:&quot;0&quot;}\" data-image-title=\"WhatsApp-Image-2023-04-27-at-13.36.311\" data-image-description=\"\" data-image-caption=\"\" data-large-file=\"https:\/\/www.cisa-arica.cl\/wp1\/wp-content\/uploads\/2023\/04\/WhatsApp-Image-2023-04-27-at-13.36.311-600x450.jpeg\" role=\"button\" tabindex=\"0\" aria-label=\"Abrir la imagen 9 de 9 en pantalla completa\"srcset=\"https:\/\/i1.wp.com\/www.cisa-arica.cl\/wp1\/wp-content\/uploads\/2023\/04\/WhatsApp-Image-2023-04-27-at-13.36.311-600x450.jpeg?strip=info&#038;w=600&#038;ssl=1 600w,https:\/\/i1.wp.com\/www.cisa-arica.cl\/wp1\/wp-content\/uploads\/2023\/04\/WhatsApp-Image-2023-04-27-at-13.36.311-600x450.jpeg?strip=info&#038;w=900&#038;ssl=1 900w,https:\/\/i1.wp.com\/www.cisa-arica.cl\/wp1\/wp-content\/uploads\/2023\/04\/WhatsApp-Image-2023-04-27-at-13.36.311-600x450.jpeg?strip=info&#038;w=1024&#038;ssl=1 1024w\" alt=\"\" data-height=\"768\" data-id=\"20178\" data-link=\"https:\/\/www.cisa-arica.cl\/wp1\/?attachment_id=20178\" data-url=\"https:\/\/www.cisa-arica.cl\/wp1\/wp-content\/uploads\/2023\/04\/WhatsApp-Image-2023-04-27-at-13.36.311-600x450.jpeg\" data-width=\"1024\" src=\"https:\/\/i1.wp.com\/www.cisa-arica.cl\/wp1\/wp-content\/uploads\/2023\/04\/WhatsApp-Image-2023-04-27-at-13.36.311-600x450.jpeg?ssl=1\" data-amp-layout=\"responsive\"\/><\/figure><\/div><\/div><\/div><\/div>\n","protected":false},"excerpt":{"rendered":"<p>Ayer lunes 24 se conmemor\u00f3 el D\u00eda del Libro y Derecho de Autor, con diversas actividades en todos los niveles&nbsp; tales como: exposiciones de trabajos y de Mundos Literarios, creaci\u00f3n de t\u00edteres en familia, pictogramas, murales, separadores de textos, creaci\u00f3n de videos, adivina buen adivinador, entre otras muchas que se realizaron en clases de lenguaje.&nbsp; <a class=\"read-more\" href=\"https:\/\/www.cisa-arica.cl\/wp1\/2023\/04\/25\/conmemorando-el-dia-del-libro-y-derecho-de-autor\/\">Continuar leyendo<\/a><\/p>\n","protected":false},"author":5,"featured_media":20133,"comment_status":"closed","ping_status":"open","sticky":false,"template":"","format":"standard","meta":{"_jetpack_memberships_contains_paid_content":false,"footnotes":"","jetpack_publicize_message":"","jetpack_publicize_feature_enabled":true,"jetpack_social_post_already_shared":true,"jetpack_social_options":{"image_generator_settings":{"template":"highway","default_image_id":0,"font":"","enabled":false},"version":2}},"categories":[5],"tags":[],"class_list":["post-20109","post","type-post","status-publish","format-standard","has-post-thumbnail","hentry","category-uncategorized"],"jetpack_publicize_connections":[],"jetpack_featured_media_url":"https:\/\/www.cisa-arica.cl\/wp1\/wp-content\/uploads\/2023\/04\/WhatsApp-Image-2023-04-27-at-13.08.31.jpeg","jetpack_sharing_enabled":true,"jetpack_shortlink":"https:\/\/wp.me\/p84wcz-5el","jetpack-related-posts":[{"id":25109,"url":"https:\/\/www.cisa-arica.cl\/wp1\/2024\/04\/26\/celebracion-dia-del-libro-la-lectura-y-derecho-de-autor\/","url_meta":{"origin":20109,"position":0},"title":"Celebraci\u00f3n D\u00eda del Libro, la Lectura y Derecho de Autor","author":"Jeannette Rivera","date":"26 de Abril de 2024","format":false,"excerpt":"Con diversas actividades implementadas del desde el Cra y el Ceal, se celebr\u00f3 esta fecha tan significativo para el mundo de la lectura como es El D\u00eda del Libro, en donde el lema fue \"Ampliando las lecturas se construyen historias\". Las estudiantes desde Prekinder a Sextos a\u00f1os participaron de visitas\u2026","rel":"","context":"Entrada similar ","block_context":{"text":"Entrada similar ","link":""},"img":{"alt_text":"","src":"https:\/\/i0.wp.com\/www.cisa-arica.cl\/wp1\/wp-content\/uploads\/2024\/04\/IMG_9962-scaled.jpg?resize=350%2C200&ssl=1","width":350,"height":200,"srcset":"https:\/\/i0.wp.com\/www.cisa-arica.cl\/wp1\/wp-content\/uploads\/2024\/04\/IMG_9962-scaled.jpg?resize=350%2C200&ssl=1 1x, https:\/\/i0.wp.com\/www.cisa-arica.cl\/wp1\/wp-content\/uploads\/2024\/04\/IMG_9962-scaled.jpg?resize=525%2C300&ssl=1 1.5x, https:\/\/i0.wp.com\/www.cisa-arica.cl\/wp1\/wp-content\/uploads\/2024\/04\/IMG_9962-scaled.jpg?resize=700%2C400&ssl=1 2x, https:\/\/i0.wp.com\/www.cisa-arica.cl\/wp1\/wp-content\/uploads\/2024\/04\/IMG_9962-scaled.jpg?resize=1050%2C600&ssl=1 3x, https:\/\/i0.wp.com\/www.cisa-arica.cl\/wp1\/wp-content\/uploads\/2024\/04\/IMG_9962-scaled.jpg?resize=1400%2C800&ssl=1 4x"},"classes":[]},{"id":15399,"url":"https:\/\/www.cisa-arica.cl\/wp1\/2022\/04\/26\/dia-del-libro-2022-educacion-parvularia\/","url_meta":{"origin":20109,"position":1},"title":"D\u00eda del Libro 2022: Educaci\u00f3n Parvularia","author":"Jeannette Rivera","date":"26 de Abril de 2022","format":false,"excerpt":"Estimada Comunidad Educativa: Ayer Lunes 25 de abril nuestras estudiantes de Educaci\u00f3n Parvularia vivieron la Fiesta del Libro 2022, dentro del contexto del D\u00eda del Libro y el Derecho de Autor. Las m\u00e1s peque\u00f1itas participaron de un cuentacuentos en nuestro CRA del Establecimiento, actividad que finaliz\u00f3 con un entretenido desfile\u2026","rel":"","context":"En &quot;galeria&quot;","block_context":{"text":"galeria","link":"https:\/\/www.cisa-arica.cl\/wp1\/category\/galeria\/"},"img":{"alt_text":"","src":"https:\/\/i0.wp.com\/www.cisa-arica.cl\/wp1\/wp-content\/uploads\/2022\/04\/008-3.jpg?resize=350%2C200&ssl=1","width":350,"height":200,"srcset":"https:\/\/i0.wp.com\/www.cisa-arica.cl\/wp1\/wp-content\/uploads\/2022\/04\/008-3.jpg?resize=350%2C200&ssl=1 1x, https:\/\/i0.wp.com\/www.cisa-arica.cl\/wp1\/wp-content\/uploads\/2022\/04\/008-3.jpg?resize=525%2C300&ssl=1 1.5x, https:\/\/i0.wp.com\/www.cisa-arica.cl\/wp1\/wp-content\/uploads\/2022\/04\/008-3.jpg?resize=700%2C400&ssl=1 2x, https:\/\/i0.wp.com\/www.cisa-arica.cl\/wp1\/wp-content\/uploads\/2022\/04\/008-3.jpg?resize=1050%2C600&ssl=1 3x, https:\/\/i0.wp.com\/www.cisa-arica.cl\/wp1\/wp-content\/uploads\/2022\/04\/008-3.jpg?resize=1400%2C800&ssl=1 4x"},"classes":[]},{"id":25071,"url":"https:\/\/www.cisa-arica.cl\/wp1\/2024\/04\/25\/visitas-de-librerias\/","url_meta":{"origin":20109,"position":2},"title":"Visitas de Librer\u00edas","author":"Jeannette Rivera","date":"25 de Abril de 2024","format":false,"excerpt":"Como parte de las actividades para conmemorar El D\u00eda del Libro, le lectura y Derecho de Autor se realiz\u00f3 la invitaci\u00f3n a una editorial y a una librer\u00eda para que visitar\u00e1n nuestro colegio. En la oportunidad,\u00a0 la editorial Planeta tuvo una reuni\u00f3n con el equipo de unidad t\u00e9cnica y algunos\u2026","rel":"","context":"Entrada similar ","block_context":{"text":"Entrada similar ","link":""},"img":{"alt_text":"","src":"https:\/\/i0.wp.com\/www.cisa-arica.cl\/wp1\/wp-content\/uploads\/2024\/04\/IMG_9788-2.jpg?resize=350%2C200&ssl=1","width":350,"height":200,"srcset":"https:\/\/i0.wp.com\/www.cisa-arica.cl\/wp1\/wp-content\/uploads\/2024\/04\/IMG_9788-2.jpg?resize=350%2C200&ssl=1 1x, https:\/\/i0.wp.com\/www.cisa-arica.cl\/wp1\/wp-content\/uploads\/2024\/04\/IMG_9788-2.jpg?resize=525%2C300&ssl=1 1.5x, https:\/\/i0.wp.com\/www.cisa-arica.cl\/wp1\/wp-content\/uploads\/2024\/04\/IMG_9788-2.jpg?resize=700%2C400&ssl=1 2x, https:\/\/i0.wp.com\/www.cisa-arica.cl\/wp1\/wp-content\/uploads\/2024\/04\/IMG_9788-2.jpg?resize=1050%2C600&ssl=1 3x, https:\/\/i0.wp.com\/www.cisa-arica.cl\/wp1\/wp-content\/uploads\/2024\/04\/IMG_9788-2.jpg?resize=1400%2C800&ssl=1 4x"},"classes":[]},{"id":6545,"url":"https:\/\/www.cisa-arica.cl\/wp1\/2019\/05\/06\/dia-del-libro-2019-exposicion-artistica\/","url_meta":{"origin":20109,"position":3},"title":"D\u00eda del Libro 2019: Exposici\u00f3n art\u00edstica","author":"Jeannette Rivera","date":"6 de Mayo de 2019","format":false,"excerpt":"El pasado viernes 26 de abril todo el colegio se uni\u00f3 para celebrar el D\u00eda del Libro y los Derechos de Autor, con diversas actividades y concursos promovidos por el Departamento de Lenguaje y Comunicaci\u00f3n y el CRA. En las im\u00e1genes podemos ver la exposici\u00f3n de todos los trabajos realizados\u2026","rel":"","context":"En &quot;galeria&quot;","block_context":{"text":"galeria","link":"https:\/\/www.cisa-arica.cl\/wp1\/category\/galeria\/"},"img":{"alt_text":"","src":"https:\/\/i0.wp.com\/www.cisa-arica.cl\/wp1\/wp-content\/uploads\/2019\/05\/00000.png?resize=350%2C200&ssl=1","width":350,"height":200,"srcset":"https:\/\/i0.wp.com\/www.cisa-arica.cl\/wp1\/wp-content\/uploads\/2019\/05\/00000.png?resize=350%2C200&ssl=1 1x, https:\/\/i0.wp.com\/www.cisa-arica.cl\/wp1\/wp-content\/uploads\/2019\/05\/00000.png?resize=525%2C300&ssl=1 1.5x"},"classes":[]},{"id":15343,"url":"https:\/\/www.cisa-arica.cl\/wp1\/2022\/04\/23\/%f0%9f%8e%89concursos-dia-del-libro-2022-%f0%9f%93%9a\/","url_meta":{"origin":20109,"position":4},"title":"&#x1f389;Concursos D\u00eda del Libro 2022 &#x1f4da;","author":"Jeannette Rivera","date":"23 de Abril de 2022","format":false,"excerpt":"Estimada Comunidad Santa Ana: Hoy 23 de Abril se conmemora el D\u00eda del Libro y los Derechos de Autor, y nuestro establecimiento junto al Dpto. de Lenguaje y Comunicaci\u00f3n y CRA dejamos la invitaci\u00f3n abierta a cultivar el placer por los libros y la lectura, la cual representa un medio\u2026","rel":"","context":"Entrada similar ","block_context":{"text":"Entrada similar ","link":""},"img":{"alt_text":"","src":"https:\/\/i0.wp.com\/www.cisa-arica.cl\/wp1\/wp-content\/uploads\/2022\/04\/Portada.png?resize=350%2C200&ssl=1","width":350,"height":200,"srcset":"https:\/\/i0.wp.com\/www.cisa-arica.cl\/wp1\/wp-content\/uploads\/2022\/04\/Portada.png?resize=350%2C200&ssl=1 1x, https:\/\/i0.wp.com\/www.cisa-arica.cl\/wp1\/wp-content\/uploads\/2022\/04\/Portada.png?resize=525%2C300&ssl=1 1.5x, https:\/\/i0.wp.com\/www.cisa-arica.cl\/wp1\/wp-content\/uploads\/2022\/04\/Portada.png?resize=700%2C400&ssl=1 2x"},"classes":[]},{"id":20098,"url":"https:\/\/www.cisa-arica.cl\/wp1\/2023\/04\/23\/dia-del-libro-y-derecho-de-autor\/","url_meta":{"origin":20109,"position":5},"title":"D\u00eda del Libro y Derecho de Autor","author":"Jeannette Rivera","date":"23 de Abril de 2023","format":false,"excerpt":"Estimada comunidad educativa: Hoy 23 de abril se Conmemora a nivel mundial el \u201cD\u00eda \u00a0Internacional del Libro y Derecho de autor\u201d, una fecha que ha sido escogida por la Unesco por considerarla un d\u00eda simb\u00f3lico para las letras, y porque adem\u00e1s, fue un 23 de abril que fallecieron tres de\u2026","rel":"","context":"Entrada similar ","block_context":{"text":"Entrada similar ","link":""},"img":{"alt_text":"","src":"https:\/\/i0.wp.com\/www.cisa-arica.cl\/wp1\/wp-content\/uploads\/2023\/04\/8059AE92-B730-43C7-9B65-18C2FEACB9E5.png?resize=350%2C200&ssl=1","width":350,"height":200,"srcset":"https:\/\/i0.wp.com\/www.cisa-arica.cl\/wp1\/wp-content\/uploads\/2023\/04\/8059AE92-B730-43C7-9B65-18C2FEACB9E5.png?resize=350%2C200&ssl=1 1x, https:\/\/i0.wp.com\/www.cisa-arica.cl\/wp1\/wp-content\/uploads\/2023\/04\/8059AE92-B730-43C7-9B65-18C2FEACB9E5.png?resize=525%2C300&ssl=1 1.5x, https:\/\/i0.wp.com\/www.cisa-arica.cl\/wp1\/wp-content\/uploads\/2023\/04\/8059AE92-B730-43C7-9B65-18C2FEACB9E5.png?resize=700%2C400&ssl=1 2x, https:\/\/i0.wp.com\/www.cisa-arica.cl\/wp1\/wp-content\/uploads\/2023\/04\/8059AE92-B730-43C7-9B65-18C2FEACB9E5.png?resize=1050%2C600&ssl=1 3x"},"classes":[]}],"_links":{"self":[{"href":"https:\/\/www.cisa-arica.cl\/wp1\/wp-json\/wp\/v2\/posts\/20109","targetHints":{"allow":["GET"]}}],"collection":[{"href":"https:\/\/www.cisa-arica.cl\/wp1\/wp-json\/wp\/v2\/posts"}],"about":[{"href":"https:\/\/www.cisa-arica.cl\/wp1\/wp-json\/wp\/v2\/types\/post"}],"author":[{"embeddable":true,"href":"https:\/\/www.cisa-arica.cl\/wp1\/wp-json\/wp\/v2\/users\/5"}],"replies":[{"embeddable":true,"href":"https:\/\/www.cisa-arica.cl\/wp1\/wp-json\/wp\/v2\/comments?post=20109"}],"version-history":[{"count":7,"href":"https:\/\/www.cisa-arica.cl\/wp1\/wp-json\/wp\/v2\/posts\/20109\/revisions"}],"predecessor-version":[{"id":24463,"href":"https:\/\/www.cisa-arica.cl\/wp1\/wp-json\/wp\/v2\/posts\/20109\/revisions\/24463"}],"wp:featuredmedia":[{"embeddable":true,"href":"https:\/\/www.cisa-arica.cl\/wp1\/wp-json\/wp\/v2\/media\/20133"}],"wp:attachment":[{"href":"https:\/\/www.cisa-arica.cl\/wp1\/wp-json\/wp\/v2\/media?parent=20109"}],"wp:term":[{"taxonomy":"category","embeddable":true,"href":"https:\/\/www.cisa-arica.cl\/wp1\/wp-json\/wp\/v2\/categories?post=20109"},{"taxonomy":"post_tag","embeddable":true,"href":"https:\/\/www.cisa-arica.cl\/wp1\/wp-json\/wp\/v2\/tags?post=20109"}],"curies":[{"name":"wp","href":"https:\/\/api.w.org\/{rel}","templated":true}]}}