{"id":20098,"date":"2023-04-23T15:49:14","date_gmt":"2023-04-23T19:49:14","guid":{"rendered":"https:\/\/www.cisa-arica.cl\/wp1\/?p=20098"},"modified":"2023-12-28T13:33:17","modified_gmt":"2023-12-28T17:33:17","slug":"dia-del-libro-y-derecho-de-autor","status":"publish","type":"post","link":"https:\/\/www.cisa-arica.cl\/wp1\/2023\/04\/23\/dia-del-libro-y-derecho-de-autor\/","title":{"rendered":"D\u00eda del Libro y Derecho de Autor"},"content":{"rendered":"<p>Estimada comunidad educativa:<\/p>\n<p>Hoy 23 de abril se Conmemora a nivel mundial el \u201cD\u00eda \u00a0Internacional del Libro y Derecho de autor\u201d, una fecha que ha sido escogida por la Unesco por considerarla un d\u00eda simb\u00f3lico para las letras, y porque adem\u00e1s, fue un 23 de abril que fallecieron tres de los m\u00e1s grandes escritores de la historia como fueron Miguel de Cervantes y Saavedra, Williams Shakespeare y Garcilaso de la Vega.<br \/>\nPara iniciar esta fecha tan significativa, se deja un video creado por la estudiante Paz Aburto del 4to Medio B.<\/p>\n<p>El resto de las actividades est\u00e1n planificadas para ma\u00f1ana lunes 24.<\/p>\n<p><a href=\"http:\/\/www.cisa-arica.cl\/wp1\/wp-content\/uploads\/2023\/04\/IMG_4592.mov\">IMG_4592<\/a><\/p>\n<p><a href=\"http:\/\/www.cisa-arica.cl\/wp1\/wp-content\/uploads\/2023\/04\/IMG_4593-1.mov\">IMG_4593https:\/\/drive.google.com\/file\/d\/1_j4Rji1vqTu_yhHzk8JIxjsuKoF6jgqn\/view?usp=drivesdk<\/a><\/p>\n","protected":false},"excerpt":{"rendered":"<p>Estimada comunidad educativa: Hoy 23 de abril se Conmemora a nivel mundial el \u201cD\u00eda \u00a0Internacional del Libro y Derecho de autor\u201d, una fecha que ha sido escogida por la Unesco por considerarla un d\u00eda simb\u00f3lico para las letras, y porque adem\u00e1s, fue un 23 de abril que fallecieron tres de los m\u00e1s grandes escritores de <a class=\"read-more\" href=\"https:\/\/www.cisa-arica.cl\/wp1\/2023\/04\/23\/dia-del-libro-y-derecho-de-autor\/\">Continuar leyendo<\/a><\/p>\n","protected":false},"author":5,"featured_media":20105,"comment_status":"closed","ping_status":"open","sticky":false,"template":"","format":"standard","meta":{"_jetpack_memberships_contains_paid_content":false,"footnotes":"","jetpack_publicize_message":"","jetpack_publicize_feature_enabled":true,"jetpack_social_post_already_shared":true,"jetpack_social_options":{"image_generator_settings":{"template":"highway","default_image_id":0,"font":"","enabled":false},"version":2}},"categories":[5],"tags":[],"class_list":["post-20098","post","type-post","status-publish","format-standard","has-post-thumbnail","hentry","category-uncategorized"],"jetpack_publicize_connections":[],"jetpack_featured_media_url":"https:\/\/www.cisa-arica.cl\/wp1\/wp-content\/uploads\/2023\/04\/8059AE92-B730-43C7-9B65-18C2FEACB9E5.png","jetpack_sharing_enabled":true,"jetpack_shortlink":"https:\/\/wp.me\/p84wcz-5ea","jetpack-related-posts":[{"id":25109,"url":"https:\/\/www.cisa-arica.cl\/wp1\/2024\/04\/26\/celebracion-dia-del-libro-la-lectura-y-derecho-de-autor\/","url_meta":{"origin":20098,"position":0},"title":"Celebraci\u00f3n D\u00eda del Libro, la Lectura y Derecho de Autor","author":"Jeannette Rivera","date":"26 de Abril de 2024","format":false,"excerpt":"Con diversas actividades implementadas del desde el Cra y el Ceal, se celebr\u00f3 esta fecha tan significativo para el mundo de la lectura como es El D\u00eda del Libro, en donde el lema fue \"Ampliando las lecturas se construyen historias\". Las estudiantes desde Prekinder a Sextos a\u00f1os participaron de visitas\u2026","rel":"","context":"Entrada similar ","block_context":{"text":"Entrada similar ","link":""},"img":{"alt_text":"","src":"https:\/\/i0.wp.com\/www.cisa-arica.cl\/wp1\/wp-content\/uploads\/2024\/04\/IMG_9962-scaled.jpg?resize=350%2C200&ssl=1","width":350,"height":200,"srcset":"https:\/\/i0.wp.com\/www.cisa-arica.cl\/wp1\/wp-content\/uploads\/2024\/04\/IMG_9962-scaled.jpg?resize=350%2C200&ssl=1 1x, https:\/\/i0.wp.com\/www.cisa-arica.cl\/wp1\/wp-content\/uploads\/2024\/04\/IMG_9962-scaled.jpg?resize=525%2C300&ssl=1 1.5x, https:\/\/i0.wp.com\/www.cisa-arica.cl\/wp1\/wp-content\/uploads\/2024\/04\/IMG_9962-scaled.jpg?resize=700%2C400&ssl=1 2x, https:\/\/i0.wp.com\/www.cisa-arica.cl\/wp1\/wp-content\/uploads\/2024\/04\/IMG_9962-scaled.jpg?resize=1050%2C600&ssl=1 3x, https:\/\/i0.wp.com\/www.cisa-arica.cl\/wp1\/wp-content\/uploads\/2024\/04\/IMG_9962-scaled.jpg?resize=1400%2C800&ssl=1 4x"},"classes":[]},{"id":15399,"url":"https:\/\/www.cisa-arica.cl\/wp1\/2022\/04\/26\/dia-del-libro-2022-educacion-parvularia\/","url_meta":{"origin":20098,"position":1},"title":"D\u00eda del Libro 2022: Educaci\u00f3n Parvularia","author":"Jeannette Rivera","date":"26 de Abril de 2022","format":false,"excerpt":"Estimada Comunidad Educativa: Ayer Lunes 25 de abril nuestras estudiantes de Educaci\u00f3n Parvularia vivieron la Fiesta del Libro 2022, dentro del contexto del D\u00eda del Libro y el Derecho de Autor. Las m\u00e1s peque\u00f1itas participaron de un cuentacuentos en nuestro CRA del Establecimiento, actividad que finaliz\u00f3 con un entretenido desfile\u2026","rel":"","context":"En &quot;galeria&quot;","block_context":{"text":"galeria","link":"https:\/\/www.cisa-arica.cl\/wp1\/category\/galeria\/"},"img":{"alt_text":"","src":"https:\/\/i0.wp.com\/www.cisa-arica.cl\/wp1\/wp-content\/uploads\/2022\/04\/008-3.jpg?resize=350%2C200&ssl=1","width":350,"height":200,"srcset":"https:\/\/i0.wp.com\/www.cisa-arica.cl\/wp1\/wp-content\/uploads\/2022\/04\/008-3.jpg?resize=350%2C200&ssl=1 1x, https:\/\/i0.wp.com\/www.cisa-arica.cl\/wp1\/wp-content\/uploads\/2022\/04\/008-3.jpg?resize=525%2C300&ssl=1 1.5x, https:\/\/i0.wp.com\/www.cisa-arica.cl\/wp1\/wp-content\/uploads\/2022\/04\/008-3.jpg?resize=700%2C400&ssl=1 2x, https:\/\/i0.wp.com\/www.cisa-arica.cl\/wp1\/wp-content\/uploads\/2022\/04\/008-3.jpg?resize=1050%2C600&ssl=1 3x, https:\/\/i0.wp.com\/www.cisa-arica.cl\/wp1\/wp-content\/uploads\/2022\/04\/008-3.jpg?resize=1400%2C800&ssl=1 4x"},"classes":[]},{"id":28194,"url":"https:\/\/www.cisa-arica.cl\/wp1\/2025\/04\/30\/conmemoracion-dia-del-libro-2025\/","url_meta":{"origin":20098,"position":2},"title":"Conmemoraci\u00f3n D\u00eda del Libro 2025","author":"Jeannette Rivera","date":"30 de Abril de 2025","format":false,"excerpt":"El pasado mi\u00e9rcoles 23 de abril se conmemor\u00f3 el D\u00eda Internacional del Libro y Derecho de Autor, fue un d\u00eda cargado de actividades para recordar la importancia que tiene el libro en la vida de cada uno de nosotros. En el acto tambi\u00e9n se record\u00f3 a nuestra insigne escritora y\u2026","rel":"","context":"Entrada similar ","block_context":{"text":"Entrada similar ","link":""},"img":{"alt_text":"","src":"https:\/\/i0.wp.com\/www.cisa-arica.cl\/wp1\/wp-content\/uploads\/2025\/05\/IMG_0320.jpg?resize=350%2C200&ssl=1","width":350,"height":200,"srcset":"https:\/\/i0.wp.com\/www.cisa-arica.cl\/wp1\/wp-content\/uploads\/2025\/05\/IMG_0320.jpg?resize=350%2C200&ssl=1 1x, https:\/\/i0.wp.com\/www.cisa-arica.cl\/wp1\/wp-content\/uploads\/2025\/05\/IMG_0320.jpg?resize=525%2C300&ssl=1 1.5x, https:\/\/i0.wp.com\/www.cisa-arica.cl\/wp1\/wp-content\/uploads\/2025\/05\/IMG_0320.jpg?resize=700%2C400&ssl=1 2x, https:\/\/i0.wp.com\/www.cisa-arica.cl\/wp1\/wp-content\/uploads\/2025\/05\/IMG_0320.jpg?resize=1050%2C600&ssl=1 3x, https:\/\/i0.wp.com\/www.cisa-arica.cl\/wp1\/wp-content\/uploads\/2025\/05\/IMG_0320.jpg?resize=1400%2C800&ssl=1 4x"},"classes":[]},{"id":20109,"url":"https:\/\/www.cisa-arica.cl\/wp1\/2023\/04\/25\/conmemorando-el-dia-del-libro-y-derecho-de-autor\/","url_meta":{"origin":20098,"position":3},"title":"Conmemorando el D\u00eda del Libro y Derecho de Autor","author":"Jeannette Rivera","date":"25 de Abril de 2023","format":false,"excerpt":"Ayer lunes 24 se conmemor\u00f3 el D\u00eda del Libro y Derecho de Autor, con diversas actividades en todos los niveles\u00a0 tales como: exposiciones de trabajos y de Mundos Literarios, creaci\u00f3n de t\u00edteres en familia, pictogramas, murales, separadores de textos, creaci\u00f3n de videos, adivina buen adivinador, entre otras muchas que se\u2026","rel":"","context":"Entrada similar ","block_context":{"text":"Entrada similar ","link":""},"img":{"alt_text":"","src":"https:\/\/i0.wp.com\/www.cisa-arica.cl\/wp1\/wp-content\/uploads\/2023\/04\/WhatsApp-Image-2023-04-27-at-13.08.31.jpeg?resize=350%2C200&ssl=1","width":350,"height":200,"srcset":"https:\/\/i0.wp.com\/www.cisa-arica.cl\/wp1\/wp-content\/uploads\/2023\/04\/WhatsApp-Image-2023-04-27-at-13.08.31.jpeg?resize=350%2C200&ssl=1 1x, https:\/\/i0.wp.com\/www.cisa-arica.cl\/wp1\/wp-content\/uploads\/2023\/04\/WhatsApp-Image-2023-04-27-at-13.08.31.jpeg?resize=525%2C300&ssl=1 1.5x, https:\/\/i0.wp.com\/www.cisa-arica.cl\/wp1\/wp-content\/uploads\/2023\/04\/WhatsApp-Image-2023-04-27-at-13.08.31.jpeg?resize=700%2C400&ssl=1 2x"},"classes":[]},{"id":12308,"url":"https:\/\/www.cisa-arica.cl\/wp1\/2021\/04\/23\/cisa-conmemora-el-dia-del-libro\/","url_meta":{"origin":20098,"position":4},"title":"CISA conmemora el D\u00eda del Libro","author":"Jeannette Rivera","date":"23 de Abril de 2021","format":false,"excerpt":"Estimada Comunidad Santa Ana: Hoy 23 de Abril se conmemora el D\u00eda del Libro y los Derechos de Autor, y nuestro establecimiento junto al Dpto. de Lenguaje y Comunicaci\u00f3n dejamos la invitaci\u00f3n abierta a cultivar el placer por los libros y la lectura, la cual representa un medio para el\u2026","rel":"","context":"Entrada similar ","block_context":{"text":"Entrada similar ","link":""},"img":{"alt_text":"","src":"https:\/\/i0.wp.com\/www.cisa-arica.cl\/wp1\/wp-content\/uploads\/2021\/04\/PORTADA.png?resize=350%2C200&ssl=1","width":350,"height":200,"srcset":"https:\/\/i0.wp.com\/www.cisa-arica.cl\/wp1\/wp-content\/uploads\/2021\/04\/PORTADA.png?resize=350%2C200&ssl=1 1x, https:\/\/i0.wp.com\/www.cisa-arica.cl\/wp1\/wp-content\/uploads\/2021\/04\/PORTADA.png?resize=525%2C300&ssl=1 1.5x"},"classes":[]},{"id":28281,"url":"https:\/\/www.cisa-arica.cl\/wp1\/2025\/04\/22\/pasacalle-celebrando-el-dia-del-libro\/","url_meta":{"origin":20098,"position":5},"title":"Pasacalle Celebrando el D\u00eda del libro","author":"Jeannette Rivera","date":"22 de Abril de 2025","format":false,"excerpt":"La Red de Equipos de Coordinadores de la Bibioteca Cra de Arica y Parinacota, organizaron un pasacalle para recordar a la comunidad arique\u00f1a la Conmemoraci\u00f3n del D\u00eda del Libro y el Derecho de Autor. En esta oportunidad la delegaci\u00f3n que reresent\u00f3 a nuestro coilegio estuvo a cargo de los sextoa\u2026","rel":"","context":"Entrada similar ","block_context":{"text":"Entrada similar ","link":""},"img":{"alt_text":"","src":"https:\/\/i0.wp.com\/www.cisa-arica.cl\/wp1\/wp-content\/uploads\/2025\/05\/WhatsApp-Image-2025-05-12-at-9.50.23-AM-1.jpeg?resize=350%2C200&ssl=1","width":350,"height":200,"srcset":"https:\/\/i0.wp.com\/www.cisa-arica.cl\/wp1\/wp-content\/uploads\/2025\/05\/WhatsApp-Image-2025-05-12-at-9.50.23-AM-1.jpeg?resize=350%2C200&ssl=1 1x, https:\/\/i0.wp.com\/www.cisa-arica.cl\/wp1\/wp-content\/uploads\/2025\/05\/WhatsApp-Image-2025-05-12-at-9.50.23-AM-1.jpeg?resize=525%2C300&ssl=1 1.5x, https:\/\/i0.wp.com\/www.cisa-arica.cl\/wp1\/wp-content\/uploads\/2025\/05\/WhatsApp-Image-2025-05-12-at-9.50.23-AM-1.jpeg?resize=700%2C400&ssl=1 2x, https:\/\/i0.wp.com\/www.cisa-arica.cl\/wp1\/wp-content\/uploads\/2025\/05\/WhatsApp-Image-2025-05-12-at-9.50.23-AM-1.jpeg?resize=1050%2C600&ssl=1 3x"},"classes":[]}],"_links":{"self":[{"href":"https:\/\/www.cisa-arica.cl\/wp1\/wp-json\/wp\/v2\/posts\/20098","targetHints":{"allow":["GET"]}}],"collection":[{"href":"https:\/\/www.cisa-arica.cl\/wp1\/wp-json\/wp\/v2\/posts"}],"about":[{"href":"https:\/\/www.cisa-arica.cl\/wp1\/wp-json\/wp\/v2\/types\/post"}],"author":[{"embeddable":true,"href":"https:\/\/www.cisa-arica.cl\/wp1\/wp-json\/wp\/v2\/users\/5"}],"replies":[{"embeddable":true,"href":"https:\/\/www.cisa-arica.cl\/wp1\/wp-json\/wp\/v2\/comments?post=20098"}],"version-history":[{"count":4,"href":"https:\/\/www.cisa-arica.cl\/wp1\/wp-json\/wp\/v2\/posts\/20098\/revisions"}],"predecessor-version":[{"id":20106,"href":"https:\/\/www.cisa-arica.cl\/wp1\/wp-json\/wp\/v2\/posts\/20098\/revisions\/20106"}],"wp:featuredmedia":[{"embeddable":true,"href":"https:\/\/www.cisa-arica.cl\/wp1\/wp-json\/wp\/v2\/media\/20105"}],"wp:attachment":[{"href":"https:\/\/www.cisa-arica.cl\/wp1\/wp-json\/wp\/v2\/media?parent=20098"}],"wp:term":[{"taxonomy":"category","embeddable":true,"href":"https:\/\/www.cisa-arica.cl\/wp1\/wp-json\/wp\/v2\/categories?post=20098"},{"taxonomy":"post_tag","embeddable":true,"href":"https:\/\/www.cisa-arica.cl\/wp1\/wp-json\/wp\/v2\/tags?post=20098"}],"curies":[{"name":"wp","href":"https:\/\/api.w.org\/{rel}","templated":true}]}}