{"id":20045,"date":"2023-04-21T08:10:15","date_gmt":"2023-04-21T12:10:15","guid":{"rendered":"https:\/\/www.cisa-arica.cl\/wp1\/?p=20045"},"modified":"2023-04-21T09:05:28","modified_gmt":"2023-04-21T13:05:28","slug":"inscripcion-a-las-academias","status":"publish","type":"post","link":"https:\/\/www.cisa-arica.cl\/wp1\/2023\/04\/21\/inscripcion-a-las-academias\/","title":{"rendered":"Inscripci\u00f3n a las Academias"},"content":{"rendered":"<div>Las Academias para el presente a\u00f1o 2023 son:<\/div>\n<div>\n<ul>\n<li>Infancia Misionera<\/li>\n<li>Confirmaci\u00f3n 1 y 2<\/li>\n<li>Coro Lit\u00fargico<\/li>\n<li>Misioneras de la Esperanza<\/li>\n<li>Danza\u00a0 (Ed. Media)<\/li>\n<li>Explorando el Cosmos (Ed. Media)<\/li>\n<li>V\u00f3leibol<\/li>\n<li>Bordado<\/li>\n<li>Taller de cocina (Ed. Parvularia)<\/li>\n<li>Taller de Sustentabilidad (Ed. Parvularia)<\/li>\n<\/ul>\n<\/div>\n<div>\n<div><\/div>\n<div>Para realizar la inscripci\u00f3n existen dos posibilidades:<\/div>\n<div>\n<ol>\n<li><b><u><span style=\"font-size: large;\">EN EL CELULAR<\/span><\/u><\/b><\/li>\n<\/ol>\n<ul>\n<li>Instalar en su dispositivo m\u00f3vil la aplicaci\u00f3n NOTASNET. (desde Google Play o Play Store)<\/li>\n<li>Al abrir, buscar la regi\u00f3n (Arica y Parinacota) y el Colegio (Colegio Italiano Santa Ana).<\/li>\n<li><b>Usuario <\/b>es el <b>rut <\/b>del <b>apoderado <\/b>titular o de la <b>estudiante<\/b>.\u00a0 Colocar sin puntos ni gui\u00f3n.<\/li>\n<li><b>Contrase\u00f1a <\/b>cisa2023<\/li>\n<li>Busque el siguiente recuadro<\/li>\n<li><img loading=\"lazy\" decoding=\"async\" data-attachment-id=\"20046\" data-permalink=\"https:\/\/www.cisa-arica.cl\/wp1\/2023\/04\/21\/inscripcion-a-las-academias\/academias-net\/\" data-orig-file=\"https:\/\/www.cisa-arica.cl\/wp1\/wp-content\/uploads\/2023\/04\/Academias-net.jpg\" data-orig-size=\"529,671\" data-comments-opened=\"0\" data-image-meta=\"{&quot;aperture&quot;:&quot;0&quot;,&quot;credit&quot;:&quot;&quot;,&quot;camera&quot;:&quot;&quot;,&quot;caption&quot;:&quot;&quot;,&quot;created_timestamp&quot;:&quot;0&quot;,&quot;copyright&quot;:&quot;&quot;,&quot;focal_length&quot;:&quot;0&quot;,&quot;iso&quot;:&quot;0&quot;,&quot;shutter_speed&quot;:&quot;0&quot;,&quot;title&quot;:&quot;&quot;,&quot;orientation&quot;:&quot;1&quot;}\" data-image-title=\"Academias net\" data-image-description=\"\" data-image-caption=\"\" data-large-file=\"https:\/\/www.cisa-arica.cl\/wp1\/wp-content\/uploads\/2023\/04\/Academias-net-473x600.jpg\" class=\"alignnone size-medium wp-image-20046\" src=\"http:\/\/www.cisa-arica.cl\/wp1\/wp-content\/uploads\/2023\/04\/Academias-net-237x300.jpg\" alt=\"\" width=\"237\" height=\"300\" srcset=\"https:\/\/www.cisa-arica.cl\/wp1\/wp-content\/uploads\/2023\/04\/Academias-net-237x300.jpg 237w, https:\/\/www.cisa-arica.cl\/wp1\/wp-content\/uploads\/2023\/04\/Academias-net-473x600.jpg 473w, https:\/\/www.cisa-arica.cl\/wp1\/wp-content\/uploads\/2023\/04\/Academias-net.jpg 529w\" sizes=\"auto, (max-width: 237px) 100vw, 237px\" \/><\/li>\n<\/ul>\n<\/div>\n<\/div>\n<ul>\n<li>Ingrese en <b><i>Inscribir Acles<\/i><\/b> y encontrar\u00e1 el listado de Academias.<\/li>\n<li>En el bot\u00f3n verde inscriba a la estudiante en la actividad elegida.<\/li>\n<\/ul>\n<div><b><span style=\"font-size: large;\">\u00a0<\/span><\/b><\/div>\n<div><b><span style=\"font-size: large;\">2. EN EL PC<\/span><\/b><\/div>\n<div>\n<ul>\n<li><span style=\"color: #0000ff; font-family: arial, sans-serif;\">Entre a la p\u00e1gina\u00a0<\/span><b><u><span style=\"color: #0000ff;\"><a href=\"https:\/\/syscol.com\/notasnet\" target=\"_blank\" rel=\"noopener\" data-saferedirecturl=\"https:\/\/www.google.com\/url?q=https:\/\/syscol.com\/notasnet&amp;source=gmail&amp;ust=1682166338626000&amp;usg=AOvVaw1LBMzkgwsNoA_zydzH0lZL\">https:\/\/syscol.com\/<wbr \/>notasnet<\/a><\/span><\/u><\/b><\/li>\n<li><span style=\"color: #0000ff;\"><b><i>Abrir App<\/i><\/b><\/span><\/li>\n<li><span style=\"color: #0000ff;\"><b>Buscar Colegio <\/b>(Regi\u00f3n y Colegio)<\/span><\/li>\n<li><span style=\"color: #0000ff;\">Ingresar como <b>usuario <\/b>con el <b>rut <\/b>del <b>apoderado <\/b>o de la <b>estudiante<\/b>, sin puntos ni gui\u00f3n.<\/span><\/li>\n<li><span style=\"color: #0000ff;\">Contrase\u00f1a cisa2023.<\/span><\/li>\n<li><span style=\"color: #0000ff;\">Buscar el recuadro\u00a0<b><i>Inscribir Acles<\/i><\/b> igual que en el punto anterior.<\/span><\/li>\n<\/ul>\n<div><span style=\"color: #0000ff;\">Posterior a la inscripci\u00f3n, se har\u00e1 llegar al correo institucional de la estudiante la <b>Ficha de Inscripci\u00f3n<\/b> que usted como <b>apoderado debe completar y devolver al Colegio<\/b>.\u00a0 Tambi\u00e9n estar\u00e1 disponible la Ficha en la Oficina de Recepci\u00f3n, si es que desea completarla aqu\u00ed f\u00edsicamente.<\/span><\/div>\n<div><span style=\"color: #0000ff;\">\u00a0<\/span><\/div>\n<div><span style=\"color: #0000ff;\">Para el segundo semestre se implementar\u00e1 la <b>Academia de Danza para 1\u00ba y 2\u00ba b\u00e1sico.<\/b><\/span><\/div>\n<div><span style=\"color: #0000ff;\">\u00a0<\/span><\/div>\n<div><span style=\"color: #0000ff;\">La realizaci\u00f3n de las Academias van en <b>directo beneficio<\/b> de la estudiante complementando as\u00ed su actividad habitual con actividades did\u00e1cticas.<\/span><\/div>\n<div><span style=\"color: #0000ff;\">\u00a0<\/span><\/div>\n<div><span style=\"color: #0000ff;\">Quedamos atentos a la inscripci\u00f3n de la estudiante.<\/span><\/div>\n<div><span style=\"color: #0000ff;\">\u00a0<\/span><\/div>\n<div><span style=\"color: #0000ff;\">Sin otro particular, saluda atentamente a usted,<\/span><\/div>\n<div><span style=\"color: #0000ff;\">\u00a0<\/span><\/div>\n<div><span style=\"color: #0000ff;\"><b><u>La Direcci\u00f3n<\/u><\/b><\/span><\/div>\n<div><\/div>\n<\/div>\n","protected":false},"excerpt":{"rendered":"<p>Las Academias para el presente a\u00f1o 2023 son: Infancia Misionera Confirmaci\u00f3n 1 y 2 Coro Lit\u00fargico Misioneras de la Esperanza Danza\u00a0 (Ed. Media) Explorando el Cosmos (Ed. Media) V\u00f3leibol Bordado Taller de cocina (Ed. Parvularia) Taller de Sustentabilidad (Ed. Parvularia) Para realizar la inscripci\u00f3n existen dos posibilidades: EN EL CELULAR Instalar en su dispositivo m\u00f3vil <a class=\"read-more\" href=\"https:\/\/www.cisa-arica.cl\/wp1\/2023\/04\/21\/inscripcion-a-las-academias\/\">Continuar leyendo<\/a><\/p>\n","protected":false},"author":5,"featured_media":0,"comment_status":"closed","ping_status":"open","sticky":false,"template":"","format":"standard","meta":{"_jetpack_memberships_contains_paid_content":false,"footnotes":"","jetpack_publicize_message":"","jetpack_publicize_feature_enabled":true,"jetpack_social_post_already_shared":true,"jetpack_social_options":{"image_generator_settings":{"template":"highway","default_image_id":0,"font":"","enabled":false},"version":2}},"categories":[5],"tags":[],"class_list":["post-20045","post","type-post","status-publish","format-standard","hentry","category-uncategorized"],"jetpack_publicize_connections":[],"jetpack_featured_media_url":"","jetpack_sharing_enabled":true,"jetpack_shortlink":"https:\/\/wp.me\/p84wcz-5dj","jetpack-related-posts":[{"id":6211,"url":"https:\/\/www.cisa-arica.cl\/wp1\/2019\/04\/12\/inicio-de-academias-2019\/","url_meta":{"origin":20045,"position":0},"title":"Inicio de Academias 2019","author":"Jeannette Rivera","date":"12 de Abril de 2019","format":false,"excerpt":"Durante esta semana se dio inicio al proceso de inscripci\u00f3n y asistencia a nuestras diversas academias que se ofrece al alumnado Inicio de inscripci\u00f3n Inicio de inscripci\u00f3n Inicio de inscripci\u00f3n Inicio de inscripci\u00f3n Academia de Tarantella Academia de Tarantella Academia de Tarantella Academia de Tarantella Academia de Baloncesto Academia de\u2026","rel":"","context":"En &quot;Academias CISA&quot;","block_context":{"text":"Academias CISA","link":"https:\/\/www.cisa-arica.cl\/wp1\/category\/academias-cisa\/"},"img":{"alt_text":"","src":"https:\/\/i0.wp.com\/www.cisa-arica.cl\/wp1\/wp-content\/uploads\/2019\/04\/020.jpeg?resize=350%2C200&ssl=1","width":350,"height":200,"srcset":"https:\/\/i0.wp.com\/www.cisa-arica.cl\/wp1\/wp-content\/uploads\/2019\/04\/020.jpeg?resize=350%2C200&ssl=1 1x, https:\/\/i0.wp.com\/www.cisa-arica.cl\/wp1\/wp-content\/uploads\/2019\/04\/020.jpeg?resize=525%2C300&ssl=1 1.5x, https:\/\/i0.wp.com\/www.cisa-arica.cl\/wp1\/wp-content\/uploads\/2019\/04\/020.jpeg?resize=700%2C400&ssl=1 2x"},"classes":[]},{"id":20334,"url":"https:\/\/www.cisa-arica.cl\/wp1\/2023\/05\/04\/academias-en-educacion-parvularia\/","url_meta":{"origin":20045,"position":1},"title":"Academias en Educaci\u00f3n Parvularia","author":"Jeannette Rivera","date":"4 de Mayo de 2023","format":false,"excerpt":"Nuestras peque\u00f1as estudiantes de Educaci\u00f3n Parvularia participando en la Academia de Cocina de los d\u00edas lunes de 15:30 a 16:15 horas, y en la Academia Guardianas del Mundo de los d\u00edas martes desde las 15:30 a 16:15 horas. Las educadoras a cargo de ambas academias son Jocelyn Rojas y Paula\u2026","rel":"","context":"Entrada similar ","block_context":{"text":"Entrada similar ","link":""},"img":{"alt_text":"","src":"https:\/\/i0.wp.com\/www.cisa-arica.cl\/wp1\/wp-content\/uploads\/2023\/05\/WhatsApp-Image-2023-05-04-at-09.41.331.jpeg?resize=350%2C200&ssl=1","width":350,"height":200,"srcset":"https:\/\/i0.wp.com\/www.cisa-arica.cl\/wp1\/wp-content\/uploads\/2023\/05\/WhatsApp-Image-2023-05-04-at-09.41.331.jpeg?resize=350%2C200&ssl=1 1x, https:\/\/i0.wp.com\/www.cisa-arica.cl\/wp1\/wp-content\/uploads\/2023\/05\/WhatsApp-Image-2023-05-04-at-09.41.331.jpeg?resize=525%2C300&ssl=1 1.5x, https:\/\/i0.wp.com\/www.cisa-arica.cl\/wp1\/wp-content\/uploads\/2023\/05\/WhatsApp-Image-2023-05-04-at-09.41.331.jpeg?resize=700%2C400&ssl=1 2x, https:\/\/i0.wp.com\/www.cisa-arica.cl\/wp1\/wp-content\/uploads\/2023\/05\/WhatsApp-Image-2023-05-04-at-09.41.331.jpeg?resize=1050%2C600&ssl=1 3x, https:\/\/i0.wp.com\/www.cisa-arica.cl\/wp1\/wp-content\/uploads\/2023\/05\/WhatsApp-Image-2023-05-04-at-09.41.331.jpeg?resize=1400%2C800&ssl=1 4x"},"classes":[]},{"id":16832,"url":"https:\/\/www.cisa-arica.cl\/wp1\/2022\/07\/28\/academias-educacion-parvularia\/","url_meta":{"origin":20045,"position":2},"title":"Academias Educaci\u00f3n Parvularia","author":"Jeannette Rivera","date":"28 de Julio de 2022","format":false,"excerpt":"Se recuerda a los apoderados de Educaci\u00f3n Parvularia, que se encuentran abiertas las vacantes para las academia de Danzas T\u00edpicas y Reposter\u00eda Infantil, las cuales dar\u00e1n inicio el pr\u00f3ximo 5 de Agosto desde las 13:00 a 14:00 horas. Los cupos son limitados.","rel":"","context":"Entrada similar ","block_context":{"text":"Entrada similar ","link":""},"img":{"alt_text":"","src":"https:\/\/i0.wp.com\/www.cisa-arica.cl\/wp1\/wp-content\/uploads\/2022\/06\/DSC_8679.jpg?resize=350%2C200&ssl=1","width":350,"height":200,"srcset":"https:\/\/i0.wp.com\/www.cisa-arica.cl\/wp1\/wp-content\/uploads\/2022\/06\/DSC_8679.jpg?resize=350%2C200&ssl=1 1x, https:\/\/i0.wp.com\/www.cisa-arica.cl\/wp1\/wp-content\/uploads\/2022\/06\/DSC_8679.jpg?resize=525%2C300&ssl=1 1.5x, https:\/\/i0.wp.com\/www.cisa-arica.cl\/wp1\/wp-content\/uploads\/2022\/06\/DSC_8679.jpg?resize=700%2C400&ssl=1 2x, https:\/\/i0.wp.com\/www.cisa-arica.cl\/wp1\/wp-content\/uploads\/2022\/06\/DSC_8679.jpg?resize=1050%2C600&ssl=1 3x"},"classes":[]},{"id":21180,"url":"https:\/\/www.cisa-arica.cl\/wp1\/2023\/07\/16\/informativo-reingreso-a-clases\/","url_meta":{"origin":20045,"position":3},"title":"INFORMATIVO REINGRESO A CLASES","author":"Jeannette Rivera","date":"16 de Julio de 2023","format":false,"excerpt":"Estimada Comunidad: Esperando que estas dos semana hayan sido de recuperaci\u00f3n de energ\u00eda y un merecido descanso, informamos lo siguiente en relaci\u00f3n al reingreso a clases: -Ma\u00f1ana lunes 17 de julio, es el reingreso oficial a las clases en nuestro colegio. -Los horarios de entrada y salida en los diferentes\u2026","rel":"","context":"Entrada similar ","block_context":{"text":"Entrada similar ","link":""},"img":{"alt_text":"","src":"","width":0,"height":0},"classes":[]},{"id":15855,"url":"https:\/\/www.cisa-arica.cl\/wp1\/2022\/05\/16\/horarios-academias-2022\/","url_meta":{"origin":20045,"position":4},"title":"Horarios Academias 2022","author":"Jeannette Rivera","date":"16 de Mayo de 2022","format":false,"excerpt":"Estimada Comunidad Educativa: Compartimos con ustedes los horarios de entrada y salida de las distintas academias que ofrece nuestro establecimiento, tanto de Ed. B\u00e1sica como Ed. Media. Atentamente, Colegio Italiano Santa Ana","rel":"","context":"En &quot;Academias CISA&quot;","block_context":{"text":"Academias CISA","link":"https:\/\/www.cisa-arica.cl\/wp1\/category\/academias-cisa\/"},"img":{"alt_text":"","src":"https:\/\/i0.wp.com\/www.cisa-arica.cl\/wp1\/wp-content\/uploads\/2022\/05\/Screenshot_2.jpg?resize=350%2C200","width":350,"height":200,"srcset":"https:\/\/i0.wp.com\/www.cisa-arica.cl\/wp1\/wp-content\/uploads\/2022\/05\/Screenshot_2.jpg?resize=350%2C200 1x, https:\/\/i0.wp.com\/www.cisa-arica.cl\/wp1\/wp-content\/uploads\/2022\/05\/Screenshot_2.jpg?resize=525%2C300 1.5x, https:\/\/i0.wp.com\/www.cisa-arica.cl\/wp1\/wp-content\/uploads\/2022\/05\/Screenshot_2.jpg?resize=700%2C400 2x, https:\/\/i0.wp.com\/www.cisa-arica.cl\/wp1\/wp-content\/uploads\/2022\/05\/Screenshot_2.jpg?resize=1050%2C600 3x"},"classes":[]},{"id":17114,"url":"https:\/\/www.cisa-arica.cl\/wp1\/2022\/08\/26\/celebracion-eucaristia-educacion-parvularia\/","url_meta":{"origin":20045,"position":5},"title":"Celebraci\u00f3n Eucarist\u00eda Educaci\u00f3n Parvularia","author":"Jeannette Rivera","date":"26 de Agosto de 2022","format":false,"excerpt":"Las m\u00e1s peque\u00f1itas de nuestro colegio celebraron ayer jueves la eucarist\u00eda junto a las Hermanas, sus educadoras y t\u00edas t\u00e9cnicos","rel":"","context":"Entrada similar ","block_context":{"text":"Entrada similar ","link":""},"img":{"alt_text":"","src":"https:\/\/i0.wp.com\/www.cisa-arica.cl\/wp1\/wp-content\/uploads\/2022\/08\/E7015318-C961-40B9-8D28-5F03F4C35EE7.jpeg?resize=350%2C200&ssl=1","width":350,"height":200,"srcset":"https:\/\/i0.wp.com\/www.cisa-arica.cl\/wp1\/wp-content\/uploads\/2022\/08\/E7015318-C961-40B9-8D28-5F03F4C35EE7.jpeg?resize=350%2C200&ssl=1 1x, https:\/\/i0.wp.com\/www.cisa-arica.cl\/wp1\/wp-content\/uploads\/2022\/08\/E7015318-C961-40B9-8D28-5F03F4C35EE7.jpeg?resize=525%2C300&ssl=1 1.5x, https:\/\/i0.wp.com\/www.cisa-arica.cl\/wp1\/wp-content\/uploads\/2022\/08\/E7015318-C961-40B9-8D28-5F03F4C35EE7.jpeg?resize=700%2C400&ssl=1 2x, https:\/\/i0.wp.com\/www.cisa-arica.cl\/wp1\/wp-content\/uploads\/2022\/08\/E7015318-C961-40B9-8D28-5F03F4C35EE7.jpeg?resize=1050%2C600&ssl=1 3x"},"classes":[]}],"_links":{"self":[{"href":"https:\/\/www.cisa-arica.cl\/wp1\/wp-json\/wp\/v2\/posts\/20045","targetHints":{"allow":["GET"]}}],"collection":[{"href":"https:\/\/www.cisa-arica.cl\/wp1\/wp-json\/wp\/v2\/posts"}],"about":[{"href":"https:\/\/www.cisa-arica.cl\/wp1\/wp-json\/wp\/v2\/types\/post"}],"author":[{"embeddable":true,"href":"https:\/\/www.cisa-arica.cl\/wp1\/wp-json\/wp\/v2\/users\/5"}],"replies":[{"embeddable":true,"href":"https:\/\/www.cisa-arica.cl\/wp1\/wp-json\/wp\/v2\/comments?post=20045"}],"version-history":[{"count":1,"href":"https:\/\/www.cisa-arica.cl\/wp1\/wp-json\/wp\/v2\/posts\/20045\/revisions"}],"predecessor-version":[{"id":20047,"href":"https:\/\/www.cisa-arica.cl\/wp1\/wp-json\/wp\/v2\/posts\/20045\/revisions\/20047"}],"wp:attachment":[{"href":"https:\/\/www.cisa-arica.cl\/wp1\/wp-json\/wp\/v2\/media?parent=20045"}],"wp:term":[{"taxonomy":"category","embeddable":true,"href":"https:\/\/www.cisa-arica.cl\/wp1\/wp-json\/wp\/v2\/categories?post=20045"},{"taxonomy":"post_tag","embeddable":true,"href":"https:\/\/www.cisa-arica.cl\/wp1\/wp-json\/wp\/v2\/tags?post=20045"}],"curies":[{"name":"wp","href":"https:\/\/api.w.org\/{rel}","templated":true}]}}