{"id":20043,"date":"2023-04-21T08:29:27","date_gmt":"2023-04-21T12:29:27","guid":{"rendered":"https:\/\/www.cisa-arica.cl\/wp1\/?p=20043"},"modified":"2023-04-21T08:29:27","modified_gmt":"2023-04-21T12:29:27","slug":"informacion-de-academias-2023","status":"publish","type":"post","link":"https:\/\/www.cisa-arica.cl\/wp1\/2023\/04\/21\/informacion-de-academias-2023\/","title":{"rendered":"Informaci\u00f3n de Academias 2023"},"content":{"rendered":"<div class=\"gmail_default\">Estimado\u00a0 apoderado, muy buenos d\u00edas.<\/div>\n<div class=\"gmail_default\">Con respecto a las Academias, se solicita por favor que frente a cualquier duda se dirija mediante correo institucional a los docentes que imparten las academias:<\/div>\n<div class=\"gmail_default\"><\/div>\n<div class=\"gmail_default\">\n<ul>\n<li><span style=\"font-size: large;\">Todo lo que corresponde a Pastoral <\/span>(Infancia Misionera, Rositas, Confirmaci\u00f3n, Coro Lit\u00fargico, Misioneras de la Esperanza) dirigirse a <b><u><a href=\"mailto:catherine.canario@cisa-arica.cl\" target=\"_blank\" rel=\"noopener\">catherine.canario@cisa-arica.<wbr \/>cl<\/a><\/u><\/b><\/li>\n<\/ul>\n<ul>\n<li><span style=\"font-size: large;\">Danza<\/span> (desde 3\u00ba b\u00e1sico y educaci\u00f3n media) <b><u><a href=\"mailto:andrea.quiroga@cisa-arica.cl\" target=\"_blank\" rel=\"noopener\">andrea.quiroga@cisa-arica.cl<\/a><\/u><\/b><\/li>\n<\/ul>\n<ul>\n<li><span style=\"font-size: large;\">Atletismo <\/span><b><u><a href=\"mailto:ana.cruz@cisa-arica.cl\" target=\"_blank\" rel=\"noopener\">ana.cruz@cisa-arica.cl<\/a><\/u><\/b><\/li>\n<\/ul>\n<ul>\n<li><span style=\"font-size: large;\">V\u00f3leibol <\/span><b><u><a href=\"mailto:sebastian.rojas@cisa-arica.cl\" target=\"_blank\" rel=\"noopener\">sebastian.rojas@cisa-arica.cl<\/a><\/u><\/b><\/li>\n<\/ul>\n<ul>\n<li><span style=\"font-size: large;\">Explorando el Cosmos<\/span> <b><u><a href=\"mailto:eduardo.roco@cisa-arica.cl\" target=\"_blank\" rel=\"noopener\">eduardo.roco@cisa-arica.cl<\/a><\/u><\/b><\/li>\n<\/ul>\n<ul>\n<li><span style=\"font-size: large;\">B\u00e1squetbol b\u00e1sica y media<\/span> <b><u><a href=\"mailto:lidia.espinoza@cisa-arica.cl\" target=\"_blank\" rel=\"noopener\">lidia.espinoza@cisa-arica.cl<\/a><\/u><\/b><\/li>\n<\/ul>\n<ul>\n<li><span style=\"font-size: large;\">Bordado <\/span><b><u><a href=\"mailto:colegio@cisa-arica.cl\" target=\"_blank\" rel=\"noopener\">colegio@cisa-arica.cl<\/a><\/u><\/b><\/li>\n<\/ul>\n<\/div>\n<div class=\"gmail_default\"><\/div>\n<div class=\"gmail_default\">Cada Profesor informar\u00e1 a las estudiantes que participen, qu\u00e9 implementos van a necesitar para la Academia, si ellas se quedan continuando la jornada (en el caso de atletismo, danza, voleibol y b\u00e1squetbol) tienen que traer ropa de cambio y agua.<\/div>\n<div class=\"gmail_default\"><\/div>\n<div class=\"gmail_default\">Si en la aplicaci\u00f3n Notasnet figura que no hay cupo, usted tiene que enviar un correo directamente al profesor.<\/div>\n<div class=\"gmail_default\"><\/div>\n<div class=\"gmail_default\">Sin otro particular, saluda atentamente,<\/div>\n<div class=\"gmail_default\"><\/div>\n<div class=\"gmail_default\"><b><u>\u00a0La Direcci\u00f3n<\/u><\/b><\/div>\n<div><\/div>\n","protected":false},"excerpt":{"rendered":"<p>Estimado\u00a0 apoderado, muy buenos d\u00edas. Con respecto a las Academias, se solicita por favor que frente a cualquier duda se dirija mediante correo institucional a los docentes que imparten las academias: Todo lo que corresponde a Pastoral (Infancia Misionera, Rositas, Confirmaci\u00f3n, Coro Lit\u00fargico, Misioneras de la Esperanza) dirigirse a catherine.canario@cisa-arica.cl Danza (desde 3\u00ba b\u00e1sico y <a class=\"read-more\" href=\"https:\/\/www.cisa-arica.cl\/wp1\/2023\/04\/21\/informacion-de-academias-2023\/\">Continuar leyendo<\/a><\/p>\n","protected":false},"author":5,"featured_media":19422,"comment_status":"closed","ping_status":"open","sticky":false,"template":"","format":"standard","meta":{"_jetpack_memberships_contains_paid_content":false,"footnotes":"","jetpack_publicize_message":"","jetpack_publicize_feature_enabled":true,"jetpack_social_post_already_shared":true,"jetpack_social_options":{"image_generator_settings":{"template":"highway","default_image_id":0,"font":"","enabled":false},"version":2}},"categories":[5],"tags":[],"class_list":["post-20043","post","type-post","status-publish","format-standard","has-post-thumbnail","hentry","category-uncategorized"],"jetpack_publicize_connections":[],"jetpack_featured_media_url":"https:\/\/www.cisa-arica.cl\/wp1\/wp-content\/uploads\/2023\/03\/WhatsApp-Image-2023-03-15-at-12.33.4115.jpeg","jetpack_sharing_enabled":true,"jetpack_shortlink":"https:\/\/wp.me\/p84wcz-5dh","jetpack-related-posts":[{"id":29993,"url":"https:\/\/www.cisa-arica.cl\/wp1\/2026\/03\/30\/academias-cisa-2026\/","url_meta":{"origin":20043,"position":0},"title":"\u00a0Academias CISA 2026","author":"Marketing","date":"30 de Marzo de 2026","format":false,"excerpt":"\u00a0 \u00bfA\u00fan no sabes c\u00f3mo inscribir a tu hija? \ud83e\udd14Aqu\u00ed te mostramos el paso a paso para realizar la inscripci\u00f3n de manera f\u00e1cil y r\u00e1pida a trav\u00e9s de la app \ud83d\udcf2 Fomenta sus talentos, intereses y habilidades en las distintas academias que tenemos para ellas \ud83d\udc99 \u00a1No te quedes fuera!\u2026","rel":"","context":"En &quot;Academias CISA&quot;","block_context":{"text":"Academias CISA","link":"https:\/\/www.cisa-arica.cl\/wp1\/category\/academias-cisa\/"},"img":{"alt_text":"","src":"https:\/\/i0.wp.com\/www.cisa-arica.cl\/wp1\/wp-content\/uploads\/2026\/03\/Academias.png?resize=350%2C200&ssl=1","width":350,"height":200,"srcset":"https:\/\/i0.wp.com\/www.cisa-arica.cl\/wp1\/wp-content\/uploads\/2026\/03\/Academias.png?resize=350%2C200&ssl=1 1x, https:\/\/i0.wp.com\/www.cisa-arica.cl\/wp1\/wp-content\/uploads\/2026\/03\/Academias.png?resize=525%2C300&ssl=1 1.5x, https:\/\/i0.wp.com\/www.cisa-arica.cl\/wp1\/wp-content\/uploads\/2026\/03\/Academias.png?resize=700%2C400&ssl=1 2x, https:\/\/i0.wp.com\/www.cisa-arica.cl\/wp1\/wp-content\/uploads\/2026\/03\/Academias.png?resize=1050%2C600&ssl=1 3x"},"classes":[]},{"id":15855,"url":"https:\/\/www.cisa-arica.cl\/wp1\/2022\/05\/16\/horarios-academias-2022\/","url_meta":{"origin":20043,"position":1},"title":"Horarios Academias 2022","author":"Jeannette Rivera","date":"16 de Mayo de 2022","format":false,"excerpt":"Estimada Comunidad Educativa: Compartimos con ustedes los horarios de entrada y salida de las distintas academias que ofrece nuestro establecimiento, tanto de Ed. B\u00e1sica como Ed. Media. Atentamente, Colegio Italiano Santa Ana","rel":"","context":"En &quot;Academias CISA&quot;","block_context":{"text":"Academias CISA","link":"https:\/\/www.cisa-arica.cl\/wp1\/category\/academias-cisa\/"},"img":{"alt_text":"","src":"https:\/\/i0.wp.com\/www.cisa-arica.cl\/wp1\/wp-content\/uploads\/2022\/05\/Screenshot_2.jpg?resize=350%2C200","width":350,"height":200,"srcset":"https:\/\/i0.wp.com\/www.cisa-arica.cl\/wp1\/wp-content\/uploads\/2022\/05\/Screenshot_2.jpg?resize=350%2C200 1x, https:\/\/i0.wp.com\/www.cisa-arica.cl\/wp1\/wp-content\/uploads\/2022\/05\/Screenshot_2.jpg?resize=525%2C300 1.5x, https:\/\/i0.wp.com\/www.cisa-arica.cl\/wp1\/wp-content\/uploads\/2022\/05\/Screenshot_2.jpg?resize=700%2C400 2x, https:\/\/i0.wp.com\/www.cisa-arica.cl\/wp1\/wp-content\/uploads\/2022\/05\/Screenshot_2.jpg?resize=1050%2C600 3x"},"classes":[]},{"id":6067,"url":"https:\/\/www.cisa-arica.cl\/wp1\/2019\/04\/03\/reunion-de-profesores-academias-2019\/","url_meta":{"origin":20043,"position":2},"title":"Reuni\u00f3n de profesores Academias 2019","author":"Jeannette Rivera","date":"3 de Abril de 2019","format":false,"excerpt":"Ayer lunes 02 de abril se reunieron los profesores y monitores de las academias de nuestro colegio junto a la directora y Coordinadora de academias y dejar todo preparado para este martes 09 de abril, fecha en la que nuestras academias comienzan a funcionar oficialmente.","rel":"","context":"En &quot;Academias CISA&quot;","block_context":{"text":"Academias CISA","link":"https:\/\/www.cisa-arica.cl\/wp1\/category\/academias-cisa\/"},"img":{"alt_text":"","src":"https:\/\/i0.wp.com\/www.cisa-arica.cl\/wp1\/wp-content\/uploads\/2019\/04\/001-600x450.jpeg?resize=350%2C200","width":350,"height":200,"srcset":"https:\/\/i0.wp.com\/www.cisa-arica.cl\/wp1\/wp-content\/uploads\/2019\/04\/001-600x450.jpeg?resize=350%2C200 1x, https:\/\/i0.wp.com\/www.cisa-arica.cl\/wp1\/wp-content\/uploads\/2019\/04\/001-600x450.jpeg?resize=525%2C300 1.5x"},"classes":[]},{"id":16435,"url":"https:\/\/www.cisa-arica.cl\/wp1\/2022\/06\/16\/suspension-de-academias\/","url_meta":{"origin":20043,"position":3},"title":"Suspensi\u00f3n de Academias","author":"Jeannette Rivera","date":"16 de Junio de 2022","format":false,"excerpt":"Todas las academias del dia viernes 17 quedan suspendidas, se retomar\u00e1n de forma normal, a partir de la pr\u00f3xima semana.","rel":"","context":"Entrada similar ","block_context":{"text":"Entrada similar ","link":""},"img":{"alt_text":"","src":"","width":0,"height":0},"classes":[]},{"id":26528,"url":"https:\/\/www.cisa-arica.cl\/wp1\/2024\/09\/26\/suspension-de-academias-viernes-27-09\/","url_meta":{"origin":20043,"position":4},"title":"Suspensi\u00f3n de Academias Viernes 27-09","author":"Jeannette Rivera","date":"26 de Septiembre de 2024","format":false,"excerpt":"Comunico a usted que,\u00a0 con motivo de preparar las dependencias del Colegio para la kermesse del d\u00eda s\u00e1bado, es que\u00a0S\u00d3LO EL D\u00cdA VIERNES 27 DE SEPTIEMBRE, se\u00a0SUSPENDER\u00c1N\u00a0las siguientes academias: - BALONCESTO MEDIA - DANZA MEDIA - ROSITAS Los talleres de estudio, preuniversitario y las dem\u00e1s academias (Explorando el cosmos, Reporteras\u2026","rel":"","context":"Entrada similar ","block_context":{"text":"Entrada similar ","link":""},"img":{"alt_text":"","src":"https:\/\/i0.wp.com\/www.cisa-arica.cl\/wp1\/wp-content\/uploads\/2024\/09\/Ac-basqutbl.png?resize=350%2C200&ssl=1","width":350,"height":200},"classes":[]},{"id":26949,"url":"https:\/\/www.cisa-arica.cl\/wp1\/2024\/10\/17\/informacion-de-academias\/","url_meta":{"origin":20043,"position":5},"title":"Informaci\u00f3n de Academias","author":"Jeannette Rivera","date":"17 de Octubre de 2024","format":false,"excerpt":"Se informa la suspensi\u00f3n de las siguientes academias: ACADEMIA: JUNIOR DANCE TEAM CISA PROFESORA: CLAUDIA RINGELING SE SUSPENDE EL D\u00cdA VIERNES 18 DE OCTUBRE. MOTIVO: ENFERMEDAD DE LA PROFESORA. \u00a0 ACADEMIA: EXPLORANDO EL COSMOS PROFESOR: EDUARDO ROCO SE SUSPENDE EL D\u00cdA VIERNES 18 DE OCTUBRE MOTIVO: FERIA CIENT\u00cdFICA Las academias\u2026","rel":"","context":"Entrada similar ","block_context":{"text":"Entrada similar ","link":""},"img":{"alt_text":"","src":"https:\/\/i0.wp.com\/www.cisa-arica.cl\/wp1\/wp-content\/uploads\/2024\/10\/Suspension-de-Academias.png?resize=350%2C200&ssl=1","width":350,"height":200,"srcset":"https:\/\/i0.wp.com\/www.cisa-arica.cl\/wp1\/wp-content\/uploads\/2024\/10\/Suspension-de-Academias.png?resize=350%2C200&ssl=1 1x, https:\/\/i0.wp.com\/www.cisa-arica.cl\/wp1\/wp-content\/uploads\/2024\/10\/Suspension-de-Academias.png?resize=525%2C300&ssl=1 1.5x, https:\/\/i0.wp.com\/www.cisa-arica.cl\/wp1\/wp-content\/uploads\/2024\/10\/Suspension-de-Academias.png?resize=700%2C400&ssl=1 2x, https:\/\/i0.wp.com\/www.cisa-arica.cl\/wp1\/wp-content\/uploads\/2024\/10\/Suspension-de-Academias.png?resize=1050%2C600&ssl=1 3x, https:\/\/i0.wp.com\/www.cisa-arica.cl\/wp1\/wp-content\/uploads\/2024\/10\/Suspension-de-Academias.png?resize=1400%2C800&ssl=1 4x"},"classes":[]}],"_links":{"self":[{"href":"https:\/\/www.cisa-arica.cl\/wp1\/wp-json\/wp\/v2\/posts\/20043","targetHints":{"allow":["GET"]}}],"collection":[{"href":"https:\/\/www.cisa-arica.cl\/wp1\/wp-json\/wp\/v2\/posts"}],"about":[{"href":"https:\/\/www.cisa-arica.cl\/wp1\/wp-json\/wp\/v2\/types\/post"}],"author":[{"embeddable":true,"href":"https:\/\/www.cisa-arica.cl\/wp1\/wp-json\/wp\/v2\/users\/5"}],"replies":[{"embeddable":true,"href":"https:\/\/www.cisa-arica.cl\/wp1\/wp-json\/wp\/v2\/comments?post=20043"}],"version-history":[{"count":1,"href":"https:\/\/www.cisa-arica.cl\/wp1\/wp-json\/wp\/v2\/posts\/20043\/revisions"}],"predecessor-version":[{"id":20044,"href":"https:\/\/www.cisa-arica.cl\/wp1\/wp-json\/wp\/v2\/posts\/20043\/revisions\/20044"}],"wp:featuredmedia":[{"embeddable":true,"href":"https:\/\/www.cisa-arica.cl\/wp1\/wp-json\/wp\/v2\/media\/19422"}],"wp:attachment":[{"href":"https:\/\/www.cisa-arica.cl\/wp1\/wp-json\/wp\/v2\/media?parent=20043"}],"wp:term":[{"taxonomy":"category","embeddable":true,"href":"https:\/\/www.cisa-arica.cl\/wp1\/wp-json\/wp\/v2\/categories?post=20043"},{"taxonomy":"post_tag","embeddable":true,"href":"https:\/\/www.cisa-arica.cl\/wp1\/wp-json\/wp\/v2\/tags?post=20043"}],"curies":[{"name":"wp","href":"https:\/\/api.w.org\/{rel}","templated":true}]}}