{"id":20041,"date":"2023-04-19T20:41:00","date_gmt":"2023-04-20T00:41:00","guid":{"rendered":"https:\/\/www.cisa-arica.cl\/wp1\/?p=20041"},"modified":"2023-04-19T20:41:00","modified_gmt":"2023-04-20T00:41:00","slug":"alimentacion-junaeb","status":"publish","type":"post","link":"https:\/\/www.cisa-arica.cl\/wp1\/2023\/04\/19\/alimentacion-junaeb\/","title":{"rendered":"Alimentaci\u00f3n Junaeb"},"content":{"rendered":"<div class=\"gmail_default\">Estimado(a) Apoderado(a):<\/div>\n<div class=\"gmail_default\">\u00a0 \u00a0 \u00a0 \u00a0 \u00a0 \u00a0 \u00a0Mediante el presente informo a usted que ma\u00f1ana <b>jueves 20 de abril<\/b> la jornada de clases ser\u00e1 totalmente en <b>HORARIO NORMAL,\u00a0<\/b>lo que incluye tambi\u00e9n los Talleres de Refuerzo y Academias.<\/div>\n<div class=\"gmail_default\">\u00a0 \u00a0 \u00a0 \u00a0 \u00a0 \u00a0 Con relaci\u00f3n al paro convocado por el Sindicato de Manipuladoras de Alimentos, se informa que ya se encuentra coordinado el proceso de alimentaci\u00f3n para lo que queda de la semana, por tanto, la entrega de alimentos ser\u00e1 de forma <b>NORMAL<\/b>.<\/div>\n<div class=\"gmail_default\">\u00a0 \u00a0 \u00a0 \u00a0 \u00a0 \u00a0 \u00a0Desde ya se agradece su comprensi\u00f3n y colaboraci\u00f3n.<\/div>\n<div class=\"gmail_default\">\u00a0 \u00a0 \u00a0 \u00a0 \u00a0 \u00a0 \u00a0 \u00a0Atentamente,<\/div>\n<div class=\"gmail_default\"><\/div>\n<div class=\"gmail_default\">\u00a0 \u00a0 \u00a0 \u00a0 \u00a0 \u00a0 \u00a0 \u00a0 \u00a0 \u00a0 \u00a0 \u00a0 \u00a0 \u00a0 \u00a0La Direcci\u00f3n<\/div>\n","protected":false},"excerpt":{"rendered":"<p>Estimado(a) Apoderado(a): \u00a0 \u00a0 \u00a0 \u00a0 \u00a0 \u00a0 \u00a0Mediante el presente informo a usted que ma\u00f1ana jueves 20 de abril la jornada de clases ser\u00e1 totalmente en HORARIO NORMAL,\u00a0lo que incluye tambi\u00e9n los Talleres de Refuerzo y Academias. \u00a0 \u00a0 \u00a0 \u00a0 \u00a0 \u00a0 Con relaci\u00f3n al paro convocado por el Sindicato de Manipuladoras de <a class=\"read-more\" href=\"https:\/\/www.cisa-arica.cl\/wp1\/2023\/04\/19\/alimentacion-junaeb\/\">Continuar leyendo<\/a><\/p>\n","protected":false},"author":5,"featured_media":0,"comment_status":"closed","ping_status":"open","sticky":false,"template":"","format":"standard","meta":{"_jetpack_memberships_contains_paid_content":false,"footnotes":"","jetpack_publicize_message":"","jetpack_publicize_feature_enabled":true,"jetpack_social_post_already_shared":true,"jetpack_social_options":{"image_generator_settings":{"template":"highway","default_image_id":0,"font":"","enabled":false},"version":2}},"categories":[5],"tags":[],"class_list":["post-20041","post","type-post","status-publish","format-standard","hentry","category-uncategorized"],"jetpack_publicize_connections":[],"jetpack_featured_media_url":"","jetpack_sharing_enabled":true,"jetpack_shortlink":"https:\/\/wp.me\/p84wcz-5df","jetpack-related-posts":[{"id":20034,"url":"https:\/\/www.cisa-arica.cl\/wp1\/2023\/04\/19\/informacion-urgente\/","url_meta":{"origin":20041,"position":0},"title":"INFORMACI\u00d3N URGENTE","author":"Jeannette Rivera","date":"19 de Abril de 2023","format":false,"excerpt":"Estimada Comunidad Educativa, muy buenos d\u00edas. Por razones de fuerza mayor y de manera extraordinaria,\u00a0TODAS\u00a0las estudiantes de nuestro Colegio se retirar\u00e1n hoy\u00a0mi\u00e9rcoles 19 de abril a las 12.00 hrs. El motivo de esta salida extraordinaria es el paro convocado por las manipuladoras de alimentos que no hab\u00eda sido informado a\u2026","rel":"","context":"Entrada similar ","block_context":{"text":"Entrada similar ","link":""},"img":{"alt_text":"","src":"","width":0,"height":0},"classes":[]},{"id":29063,"url":"https:\/\/www.cisa-arica.cl\/wp1\/2025\/10\/20\/colacion-fria-para-el-viernes-24-de-octubre\/","url_meta":{"origin":20041,"position":1},"title":"Colaci\u00f3n fr\u00eda para el Viernes 24 de octubre","author":"Jeannette Rivera","date":"20 de Octubre de 2025","format":false,"excerpt":"Se informa a los padres y apoderados que\u00a0este VIERNES 24 DE OCTUBRE DE 2025 es el D\u00eda de la Manipuladora de Alimentos, por lo tanto se le entregar\u00e1 colaci\u00f3n fr\u00eda a las estudiantes beneficiarias de la alimentaci\u00f3n JUNAEB. La colaci\u00f3n consistir\u00e1 en lo siguiente: DESAYUNO: - Leche con chocolate -\u2026","rel":"","context":"Entrada similar ","block_context":{"text":"Entrada similar ","link":""},"img":{"alt_text":"","src":"https:\/\/i0.wp.com\/www.cisa-arica.cl\/wp1\/wp-content\/uploads\/2025\/10\/colaciones_saludables_para_el_colegio_f4954bd7-0719-4904-8ea3-2855a789c7c4.jpg?resize=350%2C200&ssl=1","width":350,"height":200,"srcset":"https:\/\/i0.wp.com\/www.cisa-arica.cl\/wp1\/wp-content\/uploads\/2025\/10\/colaciones_saludables_para_el_colegio_f4954bd7-0719-4904-8ea3-2855a789c7c4.jpg?resize=350%2C200&ssl=1 1x, https:\/\/i0.wp.com\/www.cisa-arica.cl\/wp1\/wp-content\/uploads\/2025\/10\/colaciones_saludables_para_el_colegio_f4954bd7-0719-4904-8ea3-2855a789c7c4.jpg?resize=525%2C300&ssl=1 1.5x, https:\/\/i0.wp.com\/www.cisa-arica.cl\/wp1\/wp-content\/uploads\/2025\/10\/colaciones_saludables_para_el_colegio_f4954bd7-0719-4904-8ea3-2855a789c7c4.jpg?resize=700%2C400&ssl=1 2x, https:\/\/i0.wp.com\/www.cisa-arica.cl\/wp1\/wp-content\/uploads\/2025\/10\/colaciones_saludables_para_el_colegio_f4954bd7-0719-4904-8ea3-2855a789c7c4.jpg?resize=1050%2C600&ssl=1 3x, https:\/\/i0.wp.com\/www.cisa-arica.cl\/wp1\/wp-content\/uploads\/2025\/10\/colaciones_saludables_para_el_colegio_f4954bd7-0719-4904-8ea3-2855a789c7c4.jpg?resize=1400%2C800&ssl=1 4x"},"classes":[]},{"id":26937,"url":"https:\/\/www.cisa-arica.cl\/wp1\/2024\/10\/11\/informativo-recordatorio\/","url_meta":{"origin":20041,"position":2},"title":"Informativo Recordatorio","author":"Jeannette Rivera","date":"11 de Octubre de 2024","format":false,"excerpt":"Estimados padres y apoderados: Se les recuerda sobre las distintas actividades y horarios programados para los d\u00edas 14, 15 y 16 de octubre: LUNES 14 DE OCTUBRE 2024 Hora de entrada: 07.45 am. Actividad: Pasacalle S\u00d3LO para estudiantes de Educaci\u00f3n Parvularia en horario de 10.30 a 12.00 horas. Hora de\u2026","rel":"","context":"Entrada similar ","block_context":{"text":"Entrada similar ","link":""},"img":{"alt_text":"","src":"https:\/\/i0.wp.com\/www.cisa-arica.cl\/wp1\/wp-content\/uploads\/2024\/10\/WhatsApp-Image-2024-10-11-at-2.10.00-PM.jpeg?resize=350%2C200&ssl=1","width":350,"height":200,"srcset":"https:\/\/i0.wp.com\/www.cisa-arica.cl\/wp1\/wp-content\/uploads\/2024\/10\/WhatsApp-Image-2024-10-11-at-2.10.00-PM.jpeg?resize=350%2C200&ssl=1 1x, https:\/\/i0.wp.com\/www.cisa-arica.cl\/wp1\/wp-content\/uploads\/2024\/10\/WhatsApp-Image-2024-10-11-at-2.10.00-PM.jpeg?resize=525%2C300&ssl=1 1.5x, https:\/\/i0.wp.com\/www.cisa-arica.cl\/wp1\/wp-content\/uploads\/2024\/10\/WhatsApp-Image-2024-10-11-at-2.10.00-PM.jpeg?resize=700%2C400&ssl=1 2x, https:\/\/i0.wp.com\/www.cisa-arica.cl\/wp1\/wp-content\/uploads\/2024\/10\/WhatsApp-Image-2024-10-11-at-2.10.00-PM.jpeg?resize=1050%2C600&ssl=1 3x"},"classes":[]},{"id":26499,"url":"https:\/\/www.cisa-arica.cl\/wp1\/2024\/09\/09\/actividades-viernes-13-09\/","url_meta":{"origin":20041,"position":3},"title":"Actividades Viernes 13-09","author":"Jeannette Rivera","date":"9 de Septiembre de 2024","format":false,"excerpt":"A los padres y apoderados se les informa que este viernes 13 de septiembre, se realizar\u00e1n las siguientes actividades con motivo de la Celebraci\u00f3n de las Fiestas Patrias. Hora de entrada: 7.45 am. El primer bloque de clases las estudiantes tendr\u00e1n CLASES NORMALES. Las estudiantes pueden\u00a0asistir voluntariamente con vestimenta t\u00edpica\u2026","rel":"","context":"Entrada similar ","block_context":{"text":"Entrada similar ","link":""},"img":{"alt_text":"","src":"https:\/\/i0.wp.com\/www.cisa-arica.cl\/wp1\/wp-content\/uploads\/2024\/09\/WhatsApp-Image-2024-09-09-at-4.19.15-PM.jpeg?resize=350%2C200&ssl=1","width":350,"height":200,"srcset":"https:\/\/i0.wp.com\/www.cisa-arica.cl\/wp1\/wp-content\/uploads\/2024\/09\/WhatsApp-Image-2024-09-09-at-4.19.15-PM.jpeg?resize=350%2C200&ssl=1 1x, https:\/\/i0.wp.com\/www.cisa-arica.cl\/wp1\/wp-content\/uploads\/2024\/09\/WhatsApp-Image-2024-09-09-at-4.19.15-PM.jpeg?resize=525%2C300&ssl=1 1.5x, https:\/\/i0.wp.com\/www.cisa-arica.cl\/wp1\/wp-content\/uploads\/2024\/09\/WhatsApp-Image-2024-09-09-at-4.19.15-PM.jpeg?resize=700%2C400&ssl=1 2x, https:\/\/i0.wp.com\/www.cisa-arica.cl\/wp1\/wp-content\/uploads\/2024\/09\/WhatsApp-Image-2024-09-09-at-4.19.15-PM.jpeg?resize=1050%2C600&ssl=1 3x"},"classes":[]},{"id":26921,"url":"https:\/\/www.cisa-arica.cl\/wp1\/2024\/10\/08\/clases-normales-miercoles-09-10\/","url_meta":{"origin":20041,"position":4},"title":"Clases Normales Mi\u00e9rcoles 09-10","author":"Jeannette Rivera","date":"8 de Octubre de 2024","format":false,"excerpt":"Estimados padres y apoderados: Se informa que ma\u00f1ana Mi\u00e9rcoles 09 de Octubre se retomar\u00e1n las clases normales en los horarios habituales. La alimentaci\u00f3n de Junaeb se entregar\u00e1 de forma normal. Esperaremos a nuestras estudiantes con el cari\u00f1o de siempre. La Direcci\u00f3n \u00a0","rel":"","context":"Entrada similar ","block_context":{"text":"Entrada similar ","link":""},"img":{"alt_text":"","src":"https:\/\/i0.wp.com\/www.cisa-arica.cl\/wp1\/wp-content\/uploads\/2024\/10\/IMG_1722.jpeg?resize=350%2C200&ssl=1","width":350,"height":200,"srcset":"https:\/\/i0.wp.com\/www.cisa-arica.cl\/wp1\/wp-content\/uploads\/2024\/10\/IMG_1722.jpeg?resize=350%2C200&ssl=1 1x, https:\/\/i0.wp.com\/www.cisa-arica.cl\/wp1\/wp-content\/uploads\/2024\/10\/IMG_1722.jpeg?resize=525%2C300&ssl=1 1.5x, https:\/\/i0.wp.com\/www.cisa-arica.cl\/wp1\/wp-content\/uploads\/2024\/10\/IMG_1722.jpeg?resize=700%2C400&ssl=1 2x, https:\/\/i0.wp.com\/www.cisa-arica.cl\/wp1\/wp-content\/uploads\/2024\/10\/IMG_1722.jpeg?resize=1050%2C600&ssl=1 3x"},"classes":[]},{"id":22548,"url":"https:\/\/www.cisa-arica.cl\/wp1\/2023\/10\/13\/horario-de-salida-lunes-16-10\/","url_meta":{"origin":20041,"position":5},"title":"Horario de Salida Lunes 16-10","author":"Jeannette Rivera","date":"13 de Octubre de 2023","format":false,"excerpt":"Estimados Padres y Apoderados: Se informa que\u00a0el d\u00eda Lunes 16 de Octubre\u00a0celebraremos \"El d\u00eda de la Educadora, Profesor y Asistente de la Educaci\u00f3n\", por tal\u00a0motivo se ajustaron las actividades quedando de la siguiente manera: 1. El horario de ingreso para las estudiantes es el normal a las 07:45 Horas. 2.\u2026","rel":"","context":"Entrada similar ","block_context":{"text":"Entrada similar ","link":""},"img":{"alt_text":"","src":"https:\/\/i0.wp.com\/www.cisa-arica.cl\/wp1\/wp-content\/uploads\/2023\/06\/IMG_0232.jpg?resize=350%2C200&ssl=1","width":350,"height":200,"srcset":"https:\/\/i0.wp.com\/www.cisa-arica.cl\/wp1\/wp-content\/uploads\/2023\/06\/IMG_0232.jpg?resize=350%2C200&ssl=1 1x, https:\/\/i0.wp.com\/www.cisa-arica.cl\/wp1\/wp-content\/uploads\/2023\/06\/IMG_0232.jpg?resize=525%2C300&ssl=1 1.5x, https:\/\/i0.wp.com\/www.cisa-arica.cl\/wp1\/wp-content\/uploads\/2023\/06\/IMG_0232.jpg?resize=700%2C400&ssl=1 2x, https:\/\/i0.wp.com\/www.cisa-arica.cl\/wp1\/wp-content\/uploads\/2023\/06\/IMG_0232.jpg?resize=1050%2C600&ssl=1 3x, https:\/\/i0.wp.com\/www.cisa-arica.cl\/wp1\/wp-content\/uploads\/2023\/06\/IMG_0232.jpg?resize=1400%2C800&ssl=1 4x"},"classes":[]}],"_links":{"self":[{"href":"https:\/\/www.cisa-arica.cl\/wp1\/wp-json\/wp\/v2\/posts\/20041","targetHints":{"allow":["GET"]}}],"collection":[{"href":"https:\/\/www.cisa-arica.cl\/wp1\/wp-json\/wp\/v2\/posts"}],"about":[{"href":"https:\/\/www.cisa-arica.cl\/wp1\/wp-json\/wp\/v2\/types\/post"}],"author":[{"embeddable":true,"href":"https:\/\/www.cisa-arica.cl\/wp1\/wp-json\/wp\/v2\/users\/5"}],"replies":[{"embeddable":true,"href":"https:\/\/www.cisa-arica.cl\/wp1\/wp-json\/wp\/v2\/comments?post=20041"}],"version-history":[{"count":1,"href":"https:\/\/www.cisa-arica.cl\/wp1\/wp-json\/wp\/v2\/posts\/20041\/revisions"}],"predecessor-version":[{"id":20042,"href":"https:\/\/www.cisa-arica.cl\/wp1\/wp-json\/wp\/v2\/posts\/20041\/revisions\/20042"}],"wp:attachment":[{"href":"https:\/\/www.cisa-arica.cl\/wp1\/wp-json\/wp\/v2\/media?parent=20041"}],"wp:term":[{"taxonomy":"category","embeddable":true,"href":"https:\/\/www.cisa-arica.cl\/wp1\/wp-json\/wp\/v2\/categories?post=20041"},{"taxonomy":"post_tag","embeddable":true,"href":"https:\/\/www.cisa-arica.cl\/wp1\/wp-json\/wp\/v2\/tags?post=20041"}],"curies":[{"name":"wp","href":"https:\/\/api.w.org\/{rel}","templated":true}]}}