{"id":20037,"date":"2023-04-19T13:20:11","date_gmt":"2023-04-19T17:20:11","guid":{"rendered":"https:\/\/www.cisa-arica.cl\/wp1\/?p=20037"},"modified":"2023-04-19T13:20:11","modified_gmt":"2023-04-19T17:20:11","slug":"horario-de-talleres-de-estudio","status":"publish","type":"post","link":"https:\/\/www.cisa-arica.cl\/wp1\/2023\/04\/19\/horario-de-talleres-de-estudio\/","title":{"rendered":"HORARIO DE TALLERES DE ESTUDIO"},"content":{"rendered":"<p>Informamos de los horarios de los Talleres de Estudio para Educaci\u00f3n B\u00e1sica y<\/p>\n<p><a href=\"http:\/\/www.cisa-arica.cl\/wp1\/wp-content\/uploads\/2023\/04\/HORARIO-TALLER-ESTUDIO-MEDIA.pdf\">HORARIO TALLER ESTUDIO MEDIA<\/a><\/p>\n<p><a href=\"http:\/\/www.cisa-arica.cl\/wp1\/wp-content\/uploads\/2023\/04\/HORARIO-TALLER-ESTUDIO-BASICA.pdf\">HORARIO TALLER ESTUDIO BASICA<\/a><\/p>\n","protected":false},"excerpt":{"rendered":"<p>Informamos de los horarios de los Talleres de Estudio para Educaci\u00f3n B\u00e1sica y HORARIO TALLER ESTUDIO MEDIA HORARIO TALLER ESTUDIO BASICA<\/p>\n","protected":false},"author":5,"featured_media":18406,"comment_status":"closed","ping_status":"open","sticky":false,"template":"","format":"standard","meta":{"_jetpack_memberships_contains_paid_content":false,"footnotes":"","jetpack_publicize_message":"","jetpack_publicize_feature_enabled":true,"jetpack_social_post_already_shared":true,"jetpack_social_options":{"image_generator_settings":{"template":"highway","default_image_id":0,"font":"","enabled":false},"version":2}},"categories":[5],"tags":[],"class_list":["post-20037","post","type-post","status-publish","format-standard","has-post-thumbnail","hentry","category-uncategorized"],"jetpack_publicize_connections":[],"jetpack_featured_media_url":"https:\/\/www.cisa-arica.cl\/wp1\/wp-content\/uploads\/2022\/11\/E349C824-41B7-4478-AA26-FE7C206BD24A.jpeg","jetpack_sharing_enabled":true,"jetpack_shortlink":"https:\/\/wp.me\/p84wcz-5db","jetpack-related-posts":[{"id":20276,"url":"https:\/\/www.cisa-arica.cl\/wp1\/2023\/05\/02\/suspension-de-talleres-de-estudio\/","url_meta":{"origin":20037,"position":0},"title":"Suspensi\u00f3n de Talleres de Estudio","author":"Jeannette Rivera","date":"2 de Mayo de 2023","format":false,"excerpt":"Estimados apoderados: Los talleres de estudio de esta semana quedan suspendidos. Estos se retomar\u00e1n en su horario normal desde el martes 09 de Mayo. Desde ya se agradece su comprensi\u00f3n.","rel":"","context":"Entrada similar ","block_context":{"text":"Entrada similar ","link":""},"img":{"alt_text":"","src":"https:\/\/i0.wp.com\/www.cisa-arica.cl\/wp1\/wp-content\/uploads\/2023\/05\/869634FC-C03A-4CF4-BB9D-7D3558B42EF6.jpeg?resize=350%2C200&ssl=1","width":350,"height":200,"srcset":"https:\/\/i0.wp.com\/www.cisa-arica.cl\/wp1\/wp-content\/uploads\/2023\/05\/869634FC-C03A-4CF4-BB9D-7D3558B42EF6.jpeg?resize=350%2C200&ssl=1 1x, https:\/\/i0.wp.com\/www.cisa-arica.cl\/wp1\/wp-content\/uploads\/2023\/05\/869634FC-C03A-4CF4-BB9D-7D3558B42EF6.jpeg?resize=525%2C300&ssl=1 1.5x, https:\/\/i0.wp.com\/www.cisa-arica.cl\/wp1\/wp-content\/uploads\/2023\/05\/869634FC-C03A-4CF4-BB9D-7D3558B42EF6.jpeg?resize=700%2C400&ssl=1 2x"},"classes":[]},{"id":15865,"url":"https:\/\/www.cisa-arica.cl\/wp1\/2022\/05\/17\/salidas-de-los-talleres-de-estudio-reforzamientos\/","url_meta":{"origin":20037,"position":1},"title":"Salidas de los Talleres de Estudio (Reforzamientos)","author":"Jeannette Rivera","date":"17 de Mayo de 2022","format":false,"excerpt":"Se comunica a los apoderados que a partir de este lunes 16, la salida de las\u00a0 clases de los\u00a0 Talleres de Estudio (Reforzamientos) de ense\u00f1anza b\u00e1sica, se realizan por el port\u00f3n de calle Sotomayor","rel":"","context":"Entrada similar ","block_context":{"text":"Entrada similar ","link":""},"img":{"alt_text":"","src":"https:\/\/i0.wp.com\/www.cisa-arica.cl\/wp1\/wp-content\/uploads\/2021\/11\/DSC2084.jpg?resize=350%2C200&ssl=1","width":350,"height":200,"srcset":"https:\/\/i0.wp.com\/www.cisa-arica.cl\/wp1\/wp-content\/uploads\/2021\/11\/DSC2084.jpg?resize=350%2C200&ssl=1 1x, https:\/\/i0.wp.com\/www.cisa-arica.cl\/wp1\/wp-content\/uploads\/2021\/11\/DSC2084.jpg?resize=525%2C300&ssl=1 1.5x, https:\/\/i0.wp.com\/www.cisa-arica.cl\/wp1\/wp-content\/uploads\/2021\/11\/DSC2084.jpg?resize=700%2C400&ssl=1 2x, https:\/\/i0.wp.com\/www.cisa-arica.cl\/wp1\/wp-content\/uploads\/2021\/11\/DSC2084.jpg?resize=1050%2C600&ssl=1 3x, https:\/\/i0.wp.com\/www.cisa-arica.cl\/wp1\/wp-content\/uploads\/2021\/11\/DSC2084.jpg?resize=1400%2C800&ssl=1 4x"},"classes":[]},{"id":28588,"url":"https:\/\/www.cisa-arica.cl\/wp1\/2025\/06\/24\/talleres-de-estudio-y-preuniversitario\/","url_meta":{"origin":20037,"position":2},"title":"Talleres de Estudio y Preuniversitario","author":"Jeannette Rivera","date":"24 de Junio de 2025","format":false,"excerpt":"Se informa que LOS TALLERES DE ESTUDIO Y PREUNIVERSITARIO\u00a0se realizar\u00e1n hasta este\u00a0viernes 27 de junio. Se retoman nuevamente el d\u00eda\u00a0LUNES 28 DE JULIO 2025. Atentamente, \u00a0 ,","rel":"","context":"Entrada similar ","block_context":{"text":"Entrada similar ","link":""},"img":{"alt_text":"","src":"https:\/\/i0.wp.com\/www.cisa-arica.cl\/wp1\/wp-content\/uploads\/2025\/06\/TALLER-DE-ESTUDIO.png?resize=350%2C200&ssl=1","width":350,"height":200,"srcset":"https:\/\/i0.wp.com\/www.cisa-arica.cl\/wp1\/wp-content\/uploads\/2025\/06\/TALLER-DE-ESTUDIO.png?resize=350%2C200&ssl=1 1x, https:\/\/i0.wp.com\/www.cisa-arica.cl\/wp1\/wp-content\/uploads\/2025\/06\/TALLER-DE-ESTUDIO.png?resize=525%2C300&ssl=1 1.5x, https:\/\/i0.wp.com\/www.cisa-arica.cl\/wp1\/wp-content\/uploads\/2025\/06\/TALLER-DE-ESTUDIO.png?resize=700%2C400&ssl=1 2x, https:\/\/i0.wp.com\/www.cisa-arica.cl\/wp1\/wp-content\/uploads\/2025\/06\/TALLER-DE-ESTUDIO.png?resize=1050%2C600&ssl=1 3x, https:\/\/i0.wp.com\/www.cisa-arica.cl\/wp1\/wp-content\/uploads\/2025\/06\/TALLER-DE-ESTUDIO.png?resize=1400%2C800&ssl=1 4x"},"classes":[]},{"id":26937,"url":"https:\/\/www.cisa-arica.cl\/wp1\/2024\/10\/11\/informativo-recordatorio\/","url_meta":{"origin":20037,"position":3},"title":"Informativo Recordatorio","author":"Jeannette Rivera","date":"11 de Octubre de 2024","format":false,"excerpt":"Estimados padres y apoderados: Se les recuerda sobre las distintas actividades y horarios programados para los d\u00edas 14, 15 y 16 de octubre: LUNES 14 DE OCTUBRE 2024 Hora de entrada: 07.45 am. Actividad: Pasacalle S\u00d3LO para estudiantes de Educaci\u00f3n Parvularia en horario de 10.30 a 12.00 horas. Hora de\u2026","rel":"","context":"Entrada similar ","block_context":{"text":"Entrada similar ","link":""},"img":{"alt_text":"","src":"https:\/\/i0.wp.com\/www.cisa-arica.cl\/wp1\/wp-content\/uploads\/2024\/10\/WhatsApp-Image-2024-10-11-at-2.10.00-PM.jpeg?resize=350%2C200&ssl=1","width":350,"height":200,"srcset":"https:\/\/i0.wp.com\/www.cisa-arica.cl\/wp1\/wp-content\/uploads\/2024\/10\/WhatsApp-Image-2024-10-11-at-2.10.00-PM.jpeg?resize=350%2C200&ssl=1 1x, https:\/\/i0.wp.com\/www.cisa-arica.cl\/wp1\/wp-content\/uploads\/2024\/10\/WhatsApp-Image-2024-10-11-at-2.10.00-PM.jpeg?resize=525%2C300&ssl=1 1.5x, https:\/\/i0.wp.com\/www.cisa-arica.cl\/wp1\/wp-content\/uploads\/2024\/10\/WhatsApp-Image-2024-10-11-at-2.10.00-PM.jpeg?resize=700%2C400&ssl=1 2x, https:\/\/i0.wp.com\/www.cisa-arica.cl\/wp1\/wp-content\/uploads\/2024\/10\/WhatsApp-Image-2024-10-11-at-2.10.00-PM.jpeg?resize=1050%2C600&ssl=1 3x"},"classes":[]},{"id":26499,"url":"https:\/\/www.cisa-arica.cl\/wp1\/2024\/09\/09\/actividades-viernes-13-09\/","url_meta":{"origin":20037,"position":4},"title":"Actividades Viernes 13-09","author":"Jeannette Rivera","date":"9 de Septiembre de 2024","format":false,"excerpt":"A los padres y apoderados se les informa que este viernes 13 de septiembre, se realizar\u00e1n las siguientes actividades con motivo de la Celebraci\u00f3n de las Fiestas Patrias. Hora de entrada: 7.45 am. El primer bloque de clases las estudiantes tendr\u00e1n CLASES NORMALES. Las estudiantes pueden\u00a0asistir voluntariamente con vestimenta t\u00edpica\u2026","rel":"","context":"Entrada similar ","block_context":{"text":"Entrada similar ","link":""},"img":{"alt_text":"","src":"https:\/\/i0.wp.com\/www.cisa-arica.cl\/wp1\/wp-content\/uploads\/2024\/09\/WhatsApp-Image-2024-09-09-at-4.19.15-PM.jpeg?resize=350%2C200&ssl=1","width":350,"height":200,"srcset":"https:\/\/i0.wp.com\/www.cisa-arica.cl\/wp1\/wp-content\/uploads\/2024\/09\/WhatsApp-Image-2024-09-09-at-4.19.15-PM.jpeg?resize=350%2C200&ssl=1 1x, https:\/\/i0.wp.com\/www.cisa-arica.cl\/wp1\/wp-content\/uploads\/2024\/09\/WhatsApp-Image-2024-09-09-at-4.19.15-PM.jpeg?resize=525%2C300&ssl=1 1.5x, https:\/\/i0.wp.com\/www.cisa-arica.cl\/wp1\/wp-content\/uploads\/2024\/09\/WhatsApp-Image-2024-09-09-at-4.19.15-PM.jpeg?resize=700%2C400&ssl=1 2x, https:\/\/i0.wp.com\/www.cisa-arica.cl\/wp1\/wp-content\/uploads\/2024\/09\/WhatsApp-Image-2024-09-09-at-4.19.15-PM.jpeg?resize=1050%2C600&ssl=1 3x"},"classes":[]},{"id":28611,"url":"https:\/\/www.cisa-arica.cl\/wp1\/2025\/07\/28\/congreso-nacional-de-educacion-catolica-cisa-2025\/","url_meta":{"origin":20037,"position":5},"title":"Congreso Nacional de Educaci\u00f3n Cat\u00f3lica Cisa 2025","author":"Jeannette Rivera","date":"28 de Julio de 2025","format":false,"excerpt":"Se comunica que los d\u00edas JUEVES 31 DE JULIO Y VIERNES 01 DE AGOSTO\u00a02025\u00a0se realizar\u00e1\u00a0en nuestro colegio\u00a0el\u00a0CONGRESO NACIONAL de EDUCACI\u00d3N CAT\u00d3LICA\u00a0autorizado por el Ministerio de Educaci\u00f3n.\u00a0 A esta actividad asistir\u00e1n Docentes de todos los Colegios Cat\u00f3licos de Arica, por lo tanto, la jornada escolar de las estudiantes se modificar\u00e1 de\u2026","rel":"","context":"Entrada similar ","block_context":{"text":"Entrada similar ","link":""},"img":{"alt_text":"","src":"https:\/\/i0.wp.com\/www.cisa-arica.cl\/wp1\/wp-content\/uploads\/2025\/07\/COMUNICADO-Post-para-Facebook-1.png?resize=350%2C200&ssl=1","width":350,"height":200,"srcset":"https:\/\/i0.wp.com\/www.cisa-arica.cl\/wp1\/wp-content\/uploads\/2025\/07\/COMUNICADO-Post-para-Facebook-1.png?resize=350%2C200&ssl=1 1x, https:\/\/i0.wp.com\/www.cisa-arica.cl\/wp1\/wp-content\/uploads\/2025\/07\/COMUNICADO-Post-para-Facebook-1.png?resize=525%2C300&ssl=1 1.5x, https:\/\/i0.wp.com\/www.cisa-arica.cl\/wp1\/wp-content\/uploads\/2025\/07\/COMUNICADO-Post-para-Facebook-1.png?resize=700%2C400&ssl=1 2x"},"classes":[]}],"_links":{"self":[{"href":"https:\/\/www.cisa-arica.cl\/wp1\/wp-json\/wp\/v2\/posts\/20037","targetHints":{"allow":["GET"]}}],"collection":[{"href":"https:\/\/www.cisa-arica.cl\/wp1\/wp-json\/wp\/v2\/posts"}],"about":[{"href":"https:\/\/www.cisa-arica.cl\/wp1\/wp-json\/wp\/v2\/types\/post"}],"author":[{"embeddable":true,"href":"https:\/\/www.cisa-arica.cl\/wp1\/wp-json\/wp\/v2\/users\/5"}],"replies":[{"embeddable":true,"href":"https:\/\/www.cisa-arica.cl\/wp1\/wp-json\/wp\/v2\/comments?post=20037"}],"version-history":[{"count":2,"href":"https:\/\/www.cisa-arica.cl\/wp1\/wp-json\/wp\/v2\/posts\/20037\/revisions"}],"predecessor-version":[{"id":20048,"href":"https:\/\/www.cisa-arica.cl\/wp1\/wp-json\/wp\/v2\/posts\/20037\/revisions\/20048"}],"wp:featuredmedia":[{"embeddable":true,"href":"https:\/\/www.cisa-arica.cl\/wp1\/wp-json\/wp\/v2\/media\/18406"}],"wp:attachment":[{"href":"https:\/\/www.cisa-arica.cl\/wp1\/wp-json\/wp\/v2\/media?parent=20037"}],"wp:term":[{"taxonomy":"category","embeddable":true,"href":"https:\/\/www.cisa-arica.cl\/wp1\/wp-json\/wp\/v2\/categories?post=20037"},{"taxonomy":"post_tag","embeddable":true,"href":"https:\/\/www.cisa-arica.cl\/wp1\/wp-json\/wp\/v2\/tags?post=20037"}],"curies":[{"name":"wp","href":"https:\/\/api.w.org\/{rel}","templated":true}]}}