{"id":20034,"date":"2023-04-19T08:54:11","date_gmt":"2023-04-19T12:54:11","guid":{"rendered":"https:\/\/www.cisa-arica.cl\/wp1\/?p=20034"},"modified":"2023-04-19T08:54:11","modified_gmt":"2023-04-19T12:54:11","slug":"informacion-urgente","status":"publish","type":"post","link":"https:\/\/www.cisa-arica.cl\/wp1\/2023\/04\/19\/informacion-urgente\/","title":{"rendered":"INFORMACI\u00d3N URGENTE"},"content":{"rendered":"<div class=\"gmail_default\">Estimada Comunidad Educativa, muy buenos d\u00edas.<\/div>\n<div class=\"gmail_default\">Por razones de fuerza mayor y de manera extraordinaria,\u00a0<b><u>TODAS\u00a0<\/u><\/b>las estudiantes de nuestro Colegio se retirar\u00e1n hoy\u00a0<b><u>mi\u00e9rcoles 19 de abril a las 12.00 hrs<\/u><\/b>.<\/div>\n<div class=\"gmail_default\">El motivo de esta salida extraordinaria es el paro convocado por las manipuladoras de alimentos que no hab\u00eda sido informado a esta Direcci\u00f3n ni tampoco oficializado de ninguna manera, por lo tanto esta situaci\u00f3n afectar\u00e1 la entrega de alimentaci\u00f3n Junaeb a casi el 85% de nuestras estudiantes.<\/div>\n<div class=\"gmail_default\">Recordar que la salida a las 12.00 hrs.<strong> es s\u00f3lo por hoy.<\/strong><\/div>\n<div class=\"gmail_default\">Cualquier otra informaci\u00f3n con relaci\u00f3n a este tema se informar\u00e1 a trav\u00e9s de este medio.<\/div>\n<div class=\"gmail_default\">Desde ya agradecemos su comprensi\u00f3n.<\/div>\n<div class=\"gmail_default\">Saluda atentamente,<\/div>\n<div class=\"gmail_default\"><\/div>\n<div class=\"gmail_default\"><b><u>La Direcci\u00f3n<\/u><\/b><\/div>\n","protected":false},"excerpt":{"rendered":"<p>Estimada Comunidad Educativa, muy buenos d\u00edas. Por razones de fuerza mayor y de manera extraordinaria,\u00a0TODAS\u00a0las estudiantes de nuestro Colegio se retirar\u00e1n hoy\u00a0mi\u00e9rcoles 19 de abril a las 12.00 hrs. El motivo de esta salida extraordinaria es el paro convocado por las manipuladoras de alimentos que no hab\u00eda sido informado a esta Direcci\u00f3n ni tampoco oficializado <a class=\"read-more\" href=\"https:\/\/www.cisa-arica.cl\/wp1\/2023\/04\/19\/informacion-urgente\/\">Continuar leyendo<\/a><\/p>\n","protected":false},"author":5,"featured_media":0,"comment_status":"closed","ping_status":"open","sticky":false,"template":"","format":"standard","meta":{"_jetpack_memberships_contains_paid_content":false,"footnotes":"","jetpack_publicize_message":"","jetpack_publicize_feature_enabled":true,"jetpack_social_post_already_shared":true,"jetpack_social_options":{"image_generator_settings":{"template":"highway","default_image_id":0,"font":"","enabled":false},"version":2}},"categories":[5],"tags":[],"class_list":["post-20034","post","type-post","status-publish","format-standard","hentry","category-uncategorized"],"jetpack_publicize_connections":[],"jetpack_featured_media_url":"","jetpack_sharing_enabled":true,"jetpack_shortlink":"https:\/\/wp.me\/p84wcz-5d8","jetpack-related-posts":[{"id":10032,"url":"https:\/\/www.cisa-arica.cl\/wp1\/2019\/10\/22\/informacion-de-ultimo-minuto-horario-de-salida\/","url_meta":{"origin":20034,"position":0},"title":"Informaci\u00f3n de \u00faltimo minuto: Horario de salida","author":"Jeannette Rivera","date":"22 de Octubre de 2019","format":false,"excerpt":"Estimados padres y apoderados: Por instrucci\u00f3n del MINEDUC, hoy martes 22 de octubre todas las estudiantes se retirar\u00e1n a las 11:00 hrs. Cualquier informaci\u00f3n adicional se entregar\u00e1 a trav\u00e9s de esta p\u00e1gina web como medio oficial. Atentamente, Colegio Italiano Santa Ana","rel":"","context":"Entrada similar ","block_context":{"text":"Entrada similar ","link":""},"img":{"alt_text":"","src":"https:\/\/i0.wp.com\/www.cisa-arica.cl\/wp1\/wp-content\/uploads\/2019\/04\/cropped-LOGO_CISA_chico-2-e1557940881746.png?resize=350%2C200&ssl=1","width":350,"height":200},"classes":[]},{"id":19176,"url":"https:\/\/www.cisa-arica.cl\/wp1\/2022\/12\/16\/acto-de-clausura-del-ano-escolar-2022\/","url_meta":{"origin":20034,"position":1},"title":"Acto de Clausura del A\u00f1o Escolar 2022","author":"Jeannette Rivera","date":"16 de Diciembre de 2022","format":false,"excerpt":"Se informa a toda la comunidad que el d\u00eda Lunes 19 de diciembre\u00a0se realizar\u00e1 en nuestro colegio el \"Acto de Clausura del A\u00f1o Escolar 2022\" Las estudiantes podr\u00e1n asistir con disfraz o ropa de calle (esta \u00faltima acorde a las normativas del colegio) y sin maquillaje ni cabellos tinturados. Este\u2026","rel":"","context":"Entrada similar ","block_context":{"text":"Entrada similar ","link":""},"img":{"alt_text":"","src":"https:\/\/i0.wp.com\/www.cisa-arica.cl\/wp1\/wp-content\/uploads\/2022\/12\/fin-1.png?resize=350%2C200&ssl=1","width":350,"height":200,"srcset":"https:\/\/i0.wp.com\/www.cisa-arica.cl\/wp1\/wp-content\/uploads\/2022\/12\/fin-1.png?resize=350%2C200&ssl=1 1x, https:\/\/i0.wp.com\/www.cisa-arica.cl\/wp1\/wp-content\/uploads\/2022\/12\/fin-1.png?resize=525%2C300&ssl=1 1.5x, https:\/\/i0.wp.com\/www.cisa-arica.cl\/wp1\/wp-content\/uploads\/2022\/12\/fin-1.png?resize=700%2C400&ssl=1 2x"},"classes":[]},{"id":28862,"url":"https:\/\/www.cisa-arica.cl\/wp1\/2025\/09\/08\/actividades-para-la-semana-del-08-al-12-de-septiembre\/","url_meta":{"origin":20034,"position":2},"title":"Actividades para la semana del 08 al 12 de septiembre","author":"Jeannette Rivera","date":"8 de Septiembre de 2025","format":false,"excerpt":"Estimados padres y apoderados: \u00a0Para esta semana del 08 al 12 de septiembre, tendremos las siguientes actividades: MI\u00c9RCOLES 10 - MISA A LA CHILENA Toda la Comunidad Educativa queda invitada a participar de esta\u00a0misa a las 18.00 hrs. El ingreso ser\u00e1 por la puerta principal de\u00a021 de mayo. Las estudiantes\u2026","rel":"","context":"Entrada similar ","block_context":{"text":"Entrada similar ","link":""},"img":{"alt_text":"","src":"https:\/\/i0.wp.com\/www.cisa-arica.cl\/wp1\/wp-content\/uploads\/2025\/08\/WhatsApp-Image-2025-08-28-at-12.16.44-PM.jpeg?resize=350%2C200&ssl=1","width":350,"height":200,"srcset":"https:\/\/i0.wp.com\/www.cisa-arica.cl\/wp1\/wp-content\/uploads\/2025\/08\/WhatsApp-Image-2025-08-28-at-12.16.44-PM.jpeg?resize=350%2C200&ssl=1 1x, https:\/\/i0.wp.com\/www.cisa-arica.cl\/wp1\/wp-content\/uploads\/2025\/08\/WhatsApp-Image-2025-08-28-at-12.16.44-PM.jpeg?resize=525%2C300&ssl=1 1.5x, https:\/\/i0.wp.com\/www.cisa-arica.cl\/wp1\/wp-content\/uploads\/2025\/08\/WhatsApp-Image-2025-08-28-at-12.16.44-PM.jpeg?resize=700%2C400&ssl=1 2x"},"classes":[]},{"id":8193,"url":"https:\/\/www.cisa-arica.cl\/wp1\/2019\/07\/24\/informacion-importante-viernes-26-de-julio\/","url_meta":{"origin":20034,"position":3},"title":"Informaci\u00f3n importante Viernes 26 de Julio","author":"Jeannette Rivera","date":"24 de Julio de 2019","format":false,"excerpt":"Estimado Padre y Apoderado: Junto con saludarle muy cordialmente informo a usted que este viernes 26 de Julio celebraremos junto a toda la comunidad del Colegio a nuestra patrona Santa Ana. Al respecto le entrego algunas indicaciones: El horario de ingreso de las estudiantes es a las 7.45 am.Todas las\u2026","rel":"","context":"Entrada similar ","block_context":{"text":"Entrada similar ","link":""},"img":{"alt_text":"","src":"https:\/\/i0.wp.com\/www.cisa-arica.cl\/wp1\/wp-content\/uploads\/2019\/04\/cropped-LOGO_CISA_chico-2-e1557940881746.png?resize=350%2C200&ssl=1","width":350,"height":200},"classes":[]},{"id":28601,"url":"https:\/\/www.cisa-arica.cl\/wp1\/2025\/07\/22\/salida-de-clases-viernes-25-07\/","url_meta":{"origin":20034,"position":4},"title":"Salida de clases Viernes 25-07","author":"Jeannette Rivera","date":"22 de Julio de 2025","format":false,"excerpt":"Se recuerda a los padres y apoderados que con motivo de conmemorarse un nuevo aniversario de San Joaqu\u00edn y Santa Ana, este VIERNES 25 DE JULIO DE 2025 TODAS las estudiantes desde Prekinder hasta 4\u00ba medio saldr\u00e1n a las 12.30 hrs. Se solicita encarecidamente retirar puntualmente a las estudiantes, ya\u2026","rel":"","context":"Entrada similar ","block_context":{"text":"Entrada similar ","link":""},"img":{"alt_text":"","src":"https:\/\/i0.wp.com\/www.cisa-arica.cl\/wp1\/wp-content\/uploads\/2025\/07\/IMG_5424.jpeg?resize=350%2C200&ssl=1","width":350,"height":200,"srcset":"https:\/\/i0.wp.com\/www.cisa-arica.cl\/wp1\/wp-content\/uploads\/2025\/07\/IMG_5424.jpeg?resize=350%2C200&ssl=1 1x, https:\/\/i0.wp.com\/www.cisa-arica.cl\/wp1\/wp-content\/uploads\/2025\/07\/IMG_5424.jpeg?resize=525%2C300&ssl=1 1.5x, https:\/\/i0.wp.com\/www.cisa-arica.cl\/wp1\/wp-content\/uploads\/2025\/07\/IMG_5424.jpeg?resize=700%2C400&ssl=1 2x, https:\/\/i0.wp.com\/www.cisa-arica.cl\/wp1\/wp-content\/uploads\/2025\/07\/IMG_5424.jpeg?resize=1050%2C600&ssl=1 3x"},"classes":[]},{"id":20352,"url":"https:\/\/www.cisa-arica.cl\/wp1\/2023\/05\/10\/dia-del-estudiante\/","url_meta":{"origin":20034,"position":5},"title":"D\u00eda del Estudiante","author":"Jeannette Rivera","date":"10 de Mayo de 2023","format":false,"excerpt":"Estimada Comunidad Educativa: Junto con saludar y esperando se encuentre bien con la familia el motivo de este comunicado es para informar que\u00a0ma\u00f1ana Jueves 11\/05 celebraremos \"El d\u00eda del estudiante\" : El horario\u00a0de entrada para todas las estudiantes desde\u00a0Pre K\u00ednder a Cuarto Medio\u00a0 es a las\u00a007:45 y la Salida ser\u00e1\u2026","rel":"","context":"Entrada similar ","block_context":{"text":"Entrada similar ","link":""},"img":{"alt_text":"","src":"https:\/\/i0.wp.com\/www.cisa-arica.cl\/wp1\/wp-content\/uploads\/2023\/05\/52034B99-86D6-4432-9FC0-BA62558C00C3.jpeg?resize=350%2C200&ssl=1","width":350,"height":200,"srcset":"https:\/\/i0.wp.com\/www.cisa-arica.cl\/wp1\/wp-content\/uploads\/2023\/05\/52034B99-86D6-4432-9FC0-BA62558C00C3.jpeg?resize=350%2C200&ssl=1 1x, https:\/\/i0.wp.com\/www.cisa-arica.cl\/wp1\/wp-content\/uploads\/2023\/05\/52034B99-86D6-4432-9FC0-BA62558C00C3.jpeg?resize=525%2C300&ssl=1 1.5x, https:\/\/i0.wp.com\/www.cisa-arica.cl\/wp1\/wp-content\/uploads\/2023\/05\/52034B99-86D6-4432-9FC0-BA62558C00C3.jpeg?resize=700%2C400&ssl=1 2x"},"classes":[]}],"_links":{"self":[{"href":"https:\/\/www.cisa-arica.cl\/wp1\/wp-json\/wp\/v2\/posts\/20034","targetHints":{"allow":["GET"]}}],"collection":[{"href":"https:\/\/www.cisa-arica.cl\/wp1\/wp-json\/wp\/v2\/posts"}],"about":[{"href":"https:\/\/www.cisa-arica.cl\/wp1\/wp-json\/wp\/v2\/types\/post"}],"author":[{"embeddable":true,"href":"https:\/\/www.cisa-arica.cl\/wp1\/wp-json\/wp\/v2\/users\/5"}],"replies":[{"embeddable":true,"href":"https:\/\/www.cisa-arica.cl\/wp1\/wp-json\/wp\/v2\/comments?post=20034"}],"version-history":[{"count":1,"href":"https:\/\/www.cisa-arica.cl\/wp1\/wp-json\/wp\/v2\/posts\/20034\/revisions"}],"predecessor-version":[{"id":20035,"href":"https:\/\/www.cisa-arica.cl\/wp1\/wp-json\/wp\/v2\/posts\/20034\/revisions\/20035"}],"wp:attachment":[{"href":"https:\/\/www.cisa-arica.cl\/wp1\/wp-json\/wp\/v2\/media?parent=20034"}],"wp:term":[{"taxonomy":"category","embeddable":true,"href":"https:\/\/www.cisa-arica.cl\/wp1\/wp-json\/wp\/v2\/categories?post=20034"},{"taxonomy":"post_tag","embeddable":true,"href":"https:\/\/www.cisa-arica.cl\/wp1\/wp-json\/wp\/v2\/tags?post=20034"}],"curies":[{"name":"wp","href":"https:\/\/api.w.org\/{rel}","templated":true}]}}