{"id":19597,"date":"2023-04-03T19:12:52","date_gmt":"2023-04-03T23:12:52","guid":{"rendered":"https:\/\/www.cisa-arica.cl\/wp1\/?p=19597"},"modified":"2023-04-04T09:55:02","modified_gmt":"2023-04-04T13:55:02","slug":"domingo-de-ramos-en-el-colegio","status":"publish","type":"post","link":"https:\/\/www.cisa-arica.cl\/wp1\/2023\/04\/03\/domingo-de-ramos-en-el-colegio\/","title":{"rendered":"Domingo de Ramos en el colegio"},"content":{"rendered":"\n<p>Despu\u00e9s de cuatro a\u00f1os, nuestro colegio abri\u00f3 las puertas un d\u00eda domingo para celebrar Domingo de Ramos junto a las familias de la comunidad. La misa fue precedida por el padre Mario Maldonado y el di\u00e1cono H\u00e9ctor Rauld. Fue una hermosa ma\u00f1ana para recibir a Jes\u00fas con cantos y en uni\u00f3n familiar junto a las Hermanas de la Congregaci\u00f3n.<\/p>\n\n\n\n<div class=\"wp-block-jetpack-tiled-gallery aligncenter is-style-rectangular\"><div class=\"tiled-gallery__gallery\"><div class=\"tiled-gallery__row\"><div class=\"tiled-gallery__col\" style=\"flex-basis:66.93440%\"><figure class=\"tiled-gallery__item\"><img decoding=\"async\" data-attachment-id=\"19598\" data-permalink=\"https:\/\/www.cisa-arica.cl\/wp1\/2023\/04\/03\/domingo-de-ramos-en-el-colegio\/8d1513e3-cc0a-4fc2-b2e3-2fd51d3c31a7\/\" data-orig-file=\"https:\/\/www.cisa-arica.cl\/wp1\/wp-content\/uploads\/2023\/04\/8D1513E3-CC0A-4FC2-B2E3-2FD51D3C31A7-scaled.jpeg\" data-orig-size=\"2560,1920\" data-comments-opened=\"0\" data-image-meta=\"{&quot;aperture&quot;:&quot;0&quot;,&quot;credit&quot;:&quot;&quot;,&quot;camera&quot;:&quot;&quot;,&quot;caption&quot;:&quot;&quot;,&quot;created_timestamp&quot;:&quot;0&quot;,&quot;copyright&quot;:&quot;&quot;,&quot;focal_length&quot;:&quot;0&quot;,&quot;iso&quot;:&quot;0&quot;,&quot;shutter_speed&quot;:&quot;0&quot;,&quot;title&quot;:&quot;&quot;,&quot;orientation&quot;:&quot;1&quot;}\" data-image-title=\"8D1513E3-CC0A-4FC2-B2E3-2FD51D3C31A7\" data-image-description=\"\" data-image-caption=\"\" data-large-file=\"https:\/\/www.cisa-arica.cl\/wp1\/wp-content\/uploads\/2023\/04\/8D1513E3-CC0A-4FC2-B2E3-2FD51D3C31A7-600x450.jpeg\" data-attachment-id=\"19598\" data-permalink=\"https:\/\/www.cisa-arica.cl\/wp1\/2023\/04\/03\/domingo-de-ramos-en-el-colegio\/8d1513e3-cc0a-4fc2-b2e3-2fd51d3c31a7\/\" data-orig-file=\"https:\/\/www.cisa-arica.cl\/wp1\/wp-content\/uploads\/2023\/04\/8D1513E3-CC0A-4FC2-B2E3-2FD51D3C31A7-scaled.jpeg\" data-orig-size=\"2560,1920\" data-comments-opened=\"0\" data-image-meta=\"{&quot;aperture&quot;:&quot;0&quot;,&quot;credit&quot;:&quot;&quot;,&quot;camera&quot;:&quot;&quot;,&quot;caption&quot;:&quot;&quot;,&quot;created_timestamp&quot;:&quot;0&quot;,&quot;copyright&quot;:&quot;&quot;,&quot;focal_length&quot;:&quot;0&quot;,&quot;iso&quot;:&quot;0&quot;,&quot;shutter_speed&quot;:&quot;0&quot;,&quot;title&quot;:&quot;&quot;,&quot;orientation&quot;:&quot;1&quot;}\" data-image-title=\"8D1513E3-CC0A-4FC2-B2E3-2FD51D3C31A7\" data-image-description=\"\" data-image-caption=\"\" data-large-file=\"https:\/\/www.cisa-arica.cl\/wp1\/wp-content\/uploads\/2023\/04\/8D1513E3-CC0A-4FC2-B2E3-2FD51D3C31A7-600x450.jpeg\" role=\"button\" tabindex=\"0\" aria-label=\"Abrir la imagen 1 de 16 en pantalla completa\"srcset=\"https:\/\/i2.wp.com\/www.cisa-arica.cl\/wp1\/wp-content\/uploads\/2023\/04\/8D1513E3-CC0A-4FC2-B2E3-2FD51D3C31A7-600x450.jpeg?strip=info&#038;w=600&#038;ssl=1 600w,https:\/\/i2.wp.com\/www.cisa-arica.cl\/wp1\/wp-content\/uploads\/2023\/04\/8D1513E3-CC0A-4FC2-B2E3-2FD51D3C31A7-600x450.jpeg?strip=info&#038;w=900&#038;ssl=1 900w,https:\/\/i2.wp.com\/www.cisa-arica.cl\/wp1\/wp-content\/uploads\/2023\/04\/8D1513E3-CC0A-4FC2-B2E3-2FD51D3C31A7-600x450.jpeg?strip=info&#038;w=1200&#038;ssl=1 1200w,https:\/\/i2.wp.com\/www.cisa-arica.cl\/wp1\/wp-content\/uploads\/2023\/04\/8D1513E3-CC0A-4FC2-B2E3-2FD51D3C31A7-600x450.jpeg?strip=info&#038;w=1500&#038;ssl=1 1500w,https:\/\/i2.wp.com\/www.cisa-arica.cl\/wp1\/wp-content\/uploads\/2023\/04\/8D1513E3-CC0A-4FC2-B2E3-2FD51D3C31A7-600x450.jpeg?strip=info&#038;w=1800&#038;ssl=1 1800w,https:\/\/i2.wp.com\/www.cisa-arica.cl\/wp1\/wp-content\/uploads\/2023\/04\/8D1513E3-CC0A-4FC2-B2E3-2FD51D3C31A7-600x450.jpeg?strip=info&#038;w=2000&#038;ssl=1 2000w\" alt=\"\" data-height=\"1920\" data-id=\"19598\" data-link=\"https:\/\/www.cisa-arica.cl\/wp1\/?attachment_id=19598\" data-url=\"https:\/\/www.cisa-arica.cl\/wp1\/wp-content\/uploads\/2023\/04\/8D1513E3-CC0A-4FC2-B2E3-2FD51D3C31A7-600x450.jpeg\" data-width=\"2560\" src=\"https:\/\/i2.wp.com\/www.cisa-arica.cl\/wp1\/wp-content\/uploads\/2023\/04\/8D1513E3-CC0A-4FC2-B2E3-2FD51D3C31A7-600x450.jpeg?ssl=1\" data-amp-layout=\"responsive\"\/><\/figure><\/div><div class=\"tiled-gallery__col\" style=\"flex-basis:33.06560%\"><figure class=\"tiled-gallery__item\"><img decoding=\"async\" data-attachment-id=\"19599\" data-permalink=\"https:\/\/www.cisa-arica.cl\/wp1\/2023\/04\/03\/domingo-de-ramos-en-el-colegio\/64a453c4-e101-4192-b935-a1258dfb349f\/\" data-orig-file=\"https:\/\/www.cisa-arica.cl\/wp1\/wp-content\/uploads\/2023\/04\/64A453C4-E101-4192-B935-A1258DFB349F-scaled.jpeg\" data-orig-size=\"2560,1920\" data-comments-opened=\"0\" data-image-meta=\"{&quot;aperture&quot;:&quot;0&quot;,&quot;credit&quot;:&quot;&quot;,&quot;camera&quot;:&quot;&quot;,&quot;caption&quot;:&quot;&quot;,&quot;created_timestamp&quot;:&quot;0&quot;,&quot;copyright&quot;:&quot;&quot;,&quot;focal_length&quot;:&quot;0&quot;,&quot;iso&quot;:&quot;0&quot;,&quot;shutter_speed&quot;:&quot;0&quot;,&quot;title&quot;:&quot;&quot;,&quot;orientation&quot;:&quot;1&quot;}\" data-image-title=\"64A453C4-E101-4192-B935-A1258DFB349F\" data-image-description=\"\" data-image-caption=\"\" data-large-file=\"https:\/\/www.cisa-arica.cl\/wp1\/wp-content\/uploads\/2023\/04\/64A453C4-E101-4192-B935-A1258DFB349F-600x450.jpeg\" data-attachment-id=\"19599\" data-permalink=\"https:\/\/www.cisa-arica.cl\/wp1\/2023\/04\/03\/domingo-de-ramos-en-el-colegio\/64a453c4-e101-4192-b935-a1258dfb349f\/\" data-orig-file=\"https:\/\/www.cisa-arica.cl\/wp1\/wp-content\/uploads\/2023\/04\/64A453C4-E101-4192-B935-A1258DFB349F-scaled.jpeg\" data-orig-size=\"2560,1920\" data-comments-opened=\"0\" data-image-meta=\"{&quot;aperture&quot;:&quot;0&quot;,&quot;credit&quot;:&quot;&quot;,&quot;camera&quot;:&quot;&quot;,&quot;caption&quot;:&quot;&quot;,&quot;created_timestamp&quot;:&quot;0&quot;,&quot;copyright&quot;:&quot;&quot;,&quot;focal_length&quot;:&quot;0&quot;,&quot;iso&quot;:&quot;0&quot;,&quot;shutter_speed&quot;:&quot;0&quot;,&quot;title&quot;:&quot;&quot;,&quot;orientation&quot;:&quot;1&quot;}\" data-image-title=\"64A453C4-E101-4192-B935-A1258DFB349F\" data-image-description=\"\" data-image-caption=\"\" data-large-file=\"https:\/\/www.cisa-arica.cl\/wp1\/wp-content\/uploads\/2023\/04\/64A453C4-E101-4192-B935-A1258DFB349F-600x450.jpeg\" role=\"button\" tabindex=\"0\" aria-label=\"Abrir la imagen 2 de 16 en pantalla completa\"srcset=\"https:\/\/i1.wp.com\/www.cisa-arica.cl\/wp1\/wp-content\/uploads\/2023\/04\/64A453C4-E101-4192-B935-A1258DFB349F-600x450.jpeg?strip=info&#038;w=600&#038;ssl=1 600w,https:\/\/i1.wp.com\/www.cisa-arica.cl\/wp1\/wp-content\/uploads\/2023\/04\/64A453C4-E101-4192-B935-A1258DFB349F-600x450.jpeg?strip=info&#038;w=900&#038;ssl=1 900w,https:\/\/i1.wp.com\/www.cisa-arica.cl\/wp1\/wp-content\/uploads\/2023\/04\/64A453C4-E101-4192-B935-A1258DFB349F-600x450.jpeg?strip=info&#038;w=1200&#038;ssl=1 1200w,https:\/\/i1.wp.com\/www.cisa-arica.cl\/wp1\/wp-content\/uploads\/2023\/04\/64A453C4-E101-4192-B935-A1258DFB349F-600x450.jpeg?strip=info&#038;w=1500&#038;ssl=1 1500w,https:\/\/i1.wp.com\/www.cisa-arica.cl\/wp1\/wp-content\/uploads\/2023\/04\/64A453C4-E101-4192-B935-A1258DFB349F-600x450.jpeg?strip=info&#038;w=1800&#038;ssl=1 1800w,https:\/\/i1.wp.com\/www.cisa-arica.cl\/wp1\/wp-content\/uploads\/2023\/04\/64A453C4-E101-4192-B935-A1258DFB349F-600x450.jpeg?strip=info&#038;w=2000&#038;ssl=1 2000w\" alt=\"\" data-height=\"1920\" data-id=\"19599\" data-link=\"https:\/\/www.cisa-arica.cl\/wp1\/?attachment_id=19599\" data-url=\"https:\/\/www.cisa-arica.cl\/wp1\/wp-content\/uploads\/2023\/04\/64A453C4-E101-4192-B935-A1258DFB349F-600x450.jpeg\" data-width=\"2560\" src=\"https:\/\/i1.wp.com\/www.cisa-arica.cl\/wp1\/wp-content\/uploads\/2023\/04\/64A453C4-E101-4192-B935-A1258DFB349F-600x450.jpeg?ssl=1\" data-amp-layout=\"responsive\"\/><\/figure><figure class=\"tiled-gallery__item\"><img decoding=\"async\" data-attachment-id=\"19600\" data-permalink=\"https:\/\/www.cisa-arica.cl\/wp1\/2023\/04\/03\/domingo-de-ramos-en-el-colegio\/dbe843cf-1cbb-412c-af06-9f7c39cb8003\/\" data-orig-file=\"https:\/\/www.cisa-arica.cl\/wp1\/wp-content\/uploads\/2023\/04\/DBE843CF-1CBB-412C-AF06-9F7C39CB8003-scaled.jpeg\" data-orig-size=\"2560,1920\" data-comments-opened=\"0\" data-image-meta=\"{&quot;aperture&quot;:&quot;0&quot;,&quot;credit&quot;:&quot;&quot;,&quot;camera&quot;:&quot;&quot;,&quot;caption&quot;:&quot;&quot;,&quot;created_timestamp&quot;:&quot;0&quot;,&quot;copyright&quot;:&quot;&quot;,&quot;focal_length&quot;:&quot;0&quot;,&quot;iso&quot;:&quot;0&quot;,&quot;shutter_speed&quot;:&quot;0&quot;,&quot;title&quot;:&quot;&quot;,&quot;orientation&quot;:&quot;1&quot;}\" data-image-title=\"DBE843CF-1CBB-412C-AF06-9F7C39CB8003\" data-image-description=\"\" data-image-caption=\"\" data-large-file=\"https:\/\/www.cisa-arica.cl\/wp1\/wp-content\/uploads\/2023\/04\/DBE843CF-1CBB-412C-AF06-9F7C39CB8003-600x450.jpeg\" data-attachment-id=\"19600\" data-permalink=\"https:\/\/www.cisa-arica.cl\/wp1\/2023\/04\/03\/domingo-de-ramos-en-el-colegio\/dbe843cf-1cbb-412c-af06-9f7c39cb8003\/\" data-orig-file=\"https:\/\/www.cisa-arica.cl\/wp1\/wp-content\/uploads\/2023\/04\/DBE843CF-1CBB-412C-AF06-9F7C39CB8003-scaled.jpeg\" data-orig-size=\"2560,1920\" data-comments-opened=\"0\" data-image-meta=\"{&quot;aperture&quot;:&quot;0&quot;,&quot;credit&quot;:&quot;&quot;,&quot;camera&quot;:&quot;&quot;,&quot;caption&quot;:&quot;&quot;,&quot;created_timestamp&quot;:&quot;0&quot;,&quot;copyright&quot;:&quot;&quot;,&quot;focal_length&quot;:&quot;0&quot;,&quot;iso&quot;:&quot;0&quot;,&quot;shutter_speed&quot;:&quot;0&quot;,&quot;title&quot;:&quot;&quot;,&quot;orientation&quot;:&quot;1&quot;}\" data-image-title=\"DBE843CF-1CBB-412C-AF06-9F7C39CB8003\" data-image-description=\"\" data-image-caption=\"\" data-large-file=\"https:\/\/www.cisa-arica.cl\/wp1\/wp-content\/uploads\/2023\/04\/DBE843CF-1CBB-412C-AF06-9F7C39CB8003-600x450.jpeg\" role=\"button\" tabindex=\"0\" aria-label=\"Abrir la imagen 3 de 16 en pantalla completa\"srcset=\"https:\/\/i0.wp.com\/www.cisa-arica.cl\/wp1\/wp-content\/uploads\/2023\/04\/DBE843CF-1CBB-412C-AF06-9F7C39CB8003-600x450.jpeg?strip=info&#038;w=600&#038;ssl=1 600w,https:\/\/i0.wp.com\/www.cisa-arica.cl\/wp1\/wp-content\/uploads\/2023\/04\/DBE843CF-1CBB-412C-AF06-9F7C39CB8003-600x450.jpeg?strip=info&#038;w=900&#038;ssl=1 900w,https:\/\/i0.wp.com\/www.cisa-arica.cl\/wp1\/wp-content\/uploads\/2023\/04\/DBE843CF-1CBB-412C-AF06-9F7C39CB8003-600x450.jpeg?strip=info&#038;w=1200&#038;ssl=1 1200w,https:\/\/i0.wp.com\/www.cisa-arica.cl\/wp1\/wp-content\/uploads\/2023\/04\/DBE843CF-1CBB-412C-AF06-9F7C39CB8003-600x450.jpeg?strip=info&#038;w=1500&#038;ssl=1 1500w,https:\/\/i0.wp.com\/www.cisa-arica.cl\/wp1\/wp-content\/uploads\/2023\/04\/DBE843CF-1CBB-412C-AF06-9F7C39CB8003-600x450.jpeg?strip=info&#038;w=1800&#038;ssl=1 1800w,https:\/\/i0.wp.com\/www.cisa-arica.cl\/wp1\/wp-content\/uploads\/2023\/04\/DBE843CF-1CBB-412C-AF06-9F7C39CB8003-600x450.jpeg?strip=info&#038;w=2000&#038;ssl=1 2000w\" alt=\"\" data-height=\"1920\" data-id=\"19600\" data-link=\"https:\/\/www.cisa-arica.cl\/wp1\/?attachment_id=19600\" data-url=\"https:\/\/www.cisa-arica.cl\/wp1\/wp-content\/uploads\/2023\/04\/DBE843CF-1CBB-412C-AF06-9F7C39CB8003-600x450.jpeg\" data-width=\"2560\" src=\"https:\/\/i0.wp.com\/www.cisa-arica.cl\/wp1\/wp-content\/uploads\/2023\/04\/DBE843CF-1CBB-412C-AF06-9F7C39CB8003-600x450.jpeg?ssl=1\" data-amp-layout=\"responsive\"\/><\/figure><\/div><\/div><div class=\"tiled-gallery__row\"><div class=\"tiled-gallery__col\" style=\"flex-basis:36.75409%\"><figure class=\"tiled-gallery__item\"><img decoding=\"async\" data-attachment-id=\"19601\" data-permalink=\"https:\/\/www.cisa-arica.cl\/wp1\/2023\/04\/03\/domingo-de-ramos-en-el-colegio\/94ecbb06-3fb0-4337-9af7-1c2fb05dac55\/\" data-orig-file=\"https:\/\/www.cisa-arica.cl\/wp1\/wp-content\/uploads\/2023\/04\/94ECBB06-3FB0-4337-9AF7-1C2FB05DAC55-scaled.jpeg\" data-orig-size=\"2560,1920\" data-comments-opened=\"0\" data-image-meta=\"{&quot;aperture&quot;:&quot;0&quot;,&quot;credit&quot;:&quot;&quot;,&quot;camera&quot;:&quot;&quot;,&quot;caption&quot;:&quot;&quot;,&quot;created_timestamp&quot;:&quot;0&quot;,&quot;copyright&quot;:&quot;&quot;,&quot;focal_length&quot;:&quot;0&quot;,&quot;iso&quot;:&quot;0&quot;,&quot;shutter_speed&quot;:&quot;0&quot;,&quot;title&quot;:&quot;&quot;,&quot;orientation&quot;:&quot;1&quot;}\" data-image-title=\"94ECBB06-3FB0-4337-9AF7-1C2FB05DAC55\" data-image-description=\"\" data-image-caption=\"\" data-large-file=\"https:\/\/www.cisa-arica.cl\/wp1\/wp-content\/uploads\/2023\/04\/94ECBB06-3FB0-4337-9AF7-1C2FB05DAC55-600x450.jpeg\" data-attachment-id=\"19601\" data-permalink=\"https:\/\/www.cisa-arica.cl\/wp1\/2023\/04\/03\/domingo-de-ramos-en-el-colegio\/94ecbb06-3fb0-4337-9af7-1c2fb05dac55\/\" data-orig-file=\"https:\/\/www.cisa-arica.cl\/wp1\/wp-content\/uploads\/2023\/04\/94ECBB06-3FB0-4337-9AF7-1C2FB05DAC55-scaled.jpeg\" data-orig-size=\"2560,1920\" data-comments-opened=\"0\" data-image-meta=\"{&quot;aperture&quot;:&quot;0&quot;,&quot;credit&quot;:&quot;&quot;,&quot;camera&quot;:&quot;&quot;,&quot;caption&quot;:&quot;&quot;,&quot;created_timestamp&quot;:&quot;0&quot;,&quot;copyright&quot;:&quot;&quot;,&quot;focal_length&quot;:&quot;0&quot;,&quot;iso&quot;:&quot;0&quot;,&quot;shutter_speed&quot;:&quot;0&quot;,&quot;title&quot;:&quot;&quot;,&quot;orientation&quot;:&quot;1&quot;}\" data-image-title=\"94ECBB06-3FB0-4337-9AF7-1C2FB05DAC55\" data-image-description=\"\" data-image-caption=\"\" data-large-file=\"https:\/\/www.cisa-arica.cl\/wp1\/wp-content\/uploads\/2023\/04\/94ECBB06-3FB0-4337-9AF7-1C2FB05DAC55-600x450.jpeg\" role=\"button\" tabindex=\"0\" aria-label=\"Abrir la imagen 4 de 16 en pantalla completa\"srcset=\"https:\/\/i1.wp.com\/www.cisa-arica.cl\/wp1\/wp-content\/uploads\/2023\/04\/94ECBB06-3FB0-4337-9AF7-1C2FB05DAC55-600x450.jpeg?strip=info&#038;w=600&#038;ssl=1 600w,https:\/\/i1.wp.com\/www.cisa-arica.cl\/wp1\/wp-content\/uploads\/2023\/04\/94ECBB06-3FB0-4337-9AF7-1C2FB05DAC55-600x450.jpeg?strip=info&#038;w=900&#038;ssl=1 900w,https:\/\/i1.wp.com\/www.cisa-arica.cl\/wp1\/wp-content\/uploads\/2023\/04\/94ECBB06-3FB0-4337-9AF7-1C2FB05DAC55-600x450.jpeg?strip=info&#038;w=1200&#038;ssl=1 1200w,https:\/\/i1.wp.com\/www.cisa-arica.cl\/wp1\/wp-content\/uploads\/2023\/04\/94ECBB06-3FB0-4337-9AF7-1C2FB05DAC55-600x450.jpeg?strip=info&#038;w=1500&#038;ssl=1 1500w,https:\/\/i1.wp.com\/www.cisa-arica.cl\/wp1\/wp-content\/uploads\/2023\/04\/94ECBB06-3FB0-4337-9AF7-1C2FB05DAC55-600x450.jpeg?strip=info&#038;w=1800&#038;ssl=1 1800w,https:\/\/i1.wp.com\/www.cisa-arica.cl\/wp1\/wp-content\/uploads\/2023\/04\/94ECBB06-3FB0-4337-9AF7-1C2FB05DAC55-600x450.jpeg?strip=info&#038;w=2000&#038;ssl=1 2000w\" alt=\"\" data-height=\"1920\" data-id=\"19601\" data-link=\"https:\/\/www.cisa-arica.cl\/wp1\/?attachment_id=19601\" data-url=\"https:\/\/www.cisa-arica.cl\/wp1\/wp-content\/uploads\/2023\/04\/94ECBB06-3FB0-4337-9AF7-1C2FB05DAC55-600x450.jpeg\" data-width=\"2560\" src=\"https:\/\/i1.wp.com\/www.cisa-arica.cl\/wp1\/wp-content\/uploads\/2023\/04\/94ECBB06-3FB0-4337-9AF7-1C2FB05DAC55-600x450.jpeg?ssl=1\" data-amp-layout=\"responsive\"\/><\/figure><figure class=\"tiled-gallery__item\"><img decoding=\"async\" data-attachment-id=\"19602\" data-permalink=\"https:\/\/www.cisa-arica.cl\/wp1\/2023\/04\/03\/domingo-de-ramos-en-el-colegio\/0f505f07-82ff-4862-b965-6e48b85b4b09\/\" data-orig-file=\"https:\/\/www.cisa-arica.cl\/wp1\/wp-content\/uploads\/2023\/04\/0F505F07-82FF-4862-B965-6E48B85B4B09-scaled.jpeg\" data-orig-size=\"2560,1920\" data-comments-opened=\"0\" data-image-meta=\"{&quot;aperture&quot;:&quot;0&quot;,&quot;credit&quot;:&quot;&quot;,&quot;camera&quot;:&quot;&quot;,&quot;caption&quot;:&quot;&quot;,&quot;created_timestamp&quot;:&quot;0&quot;,&quot;copyright&quot;:&quot;&quot;,&quot;focal_length&quot;:&quot;0&quot;,&quot;iso&quot;:&quot;0&quot;,&quot;shutter_speed&quot;:&quot;0&quot;,&quot;title&quot;:&quot;&quot;,&quot;orientation&quot;:&quot;1&quot;}\" data-image-title=\"0F505F07-82FF-4862-B965-6E48B85B4B09\" data-image-description=\"\" data-image-caption=\"\" data-large-file=\"https:\/\/www.cisa-arica.cl\/wp1\/wp-content\/uploads\/2023\/04\/0F505F07-82FF-4862-B965-6E48B85B4B09-600x450.jpeg\" data-attachment-id=\"19602\" data-permalink=\"https:\/\/www.cisa-arica.cl\/wp1\/2023\/04\/03\/domingo-de-ramos-en-el-colegio\/0f505f07-82ff-4862-b965-6e48b85b4b09\/\" data-orig-file=\"https:\/\/www.cisa-arica.cl\/wp1\/wp-content\/uploads\/2023\/04\/0F505F07-82FF-4862-B965-6E48B85B4B09-scaled.jpeg\" data-orig-size=\"2560,1920\" data-comments-opened=\"0\" data-image-meta=\"{&quot;aperture&quot;:&quot;0&quot;,&quot;credit&quot;:&quot;&quot;,&quot;camera&quot;:&quot;&quot;,&quot;caption&quot;:&quot;&quot;,&quot;created_timestamp&quot;:&quot;0&quot;,&quot;copyright&quot;:&quot;&quot;,&quot;focal_length&quot;:&quot;0&quot;,&quot;iso&quot;:&quot;0&quot;,&quot;shutter_speed&quot;:&quot;0&quot;,&quot;title&quot;:&quot;&quot;,&quot;orientation&quot;:&quot;1&quot;}\" data-image-title=\"0F505F07-82FF-4862-B965-6E48B85B4B09\" data-image-description=\"\" data-image-caption=\"\" data-large-file=\"https:\/\/www.cisa-arica.cl\/wp1\/wp-content\/uploads\/2023\/04\/0F505F07-82FF-4862-B965-6E48B85B4B09-600x450.jpeg\" role=\"button\" tabindex=\"0\" aria-label=\"Abrir la imagen 5 de 16 en pantalla completa\"srcset=\"https:\/\/i0.wp.com\/www.cisa-arica.cl\/wp1\/wp-content\/uploads\/2023\/04\/0F505F07-82FF-4862-B965-6E48B85B4B09-600x450.jpeg?strip=info&#038;w=600&#038;ssl=1 600w,https:\/\/i0.wp.com\/www.cisa-arica.cl\/wp1\/wp-content\/uploads\/2023\/04\/0F505F07-82FF-4862-B965-6E48B85B4B09-600x450.jpeg?strip=info&#038;w=900&#038;ssl=1 900w,https:\/\/i0.wp.com\/www.cisa-arica.cl\/wp1\/wp-content\/uploads\/2023\/04\/0F505F07-82FF-4862-B965-6E48B85B4B09-600x450.jpeg?strip=info&#038;w=1200&#038;ssl=1 1200w,https:\/\/i0.wp.com\/www.cisa-arica.cl\/wp1\/wp-content\/uploads\/2023\/04\/0F505F07-82FF-4862-B965-6E48B85B4B09-600x450.jpeg?strip=info&#038;w=1500&#038;ssl=1 1500w,https:\/\/i0.wp.com\/www.cisa-arica.cl\/wp1\/wp-content\/uploads\/2023\/04\/0F505F07-82FF-4862-B965-6E48B85B4B09-600x450.jpeg?strip=info&#038;w=1800&#038;ssl=1 1800w,https:\/\/i0.wp.com\/www.cisa-arica.cl\/wp1\/wp-content\/uploads\/2023\/04\/0F505F07-82FF-4862-B965-6E48B85B4B09-600x450.jpeg?strip=info&#038;w=2000&#038;ssl=1 2000w\" alt=\"\" data-height=\"1920\" data-id=\"19602\" data-link=\"https:\/\/www.cisa-arica.cl\/wp1\/?attachment_id=19602\" data-url=\"https:\/\/www.cisa-arica.cl\/wp1\/wp-content\/uploads\/2023\/04\/0F505F07-82FF-4862-B965-6E48B85B4B09-600x450.jpeg\" data-width=\"2560\" src=\"https:\/\/i0.wp.com\/www.cisa-arica.cl\/wp1\/wp-content\/uploads\/2023\/04\/0F505F07-82FF-4862-B965-6E48B85B4B09-600x450.jpeg?ssl=1\" data-amp-layout=\"responsive\"\/><\/figure><figure class=\"tiled-gallery__item\"><img decoding=\"async\" data-attachment-id=\"19603\" data-permalink=\"https:\/\/www.cisa-arica.cl\/wp1\/2023\/04\/03\/domingo-de-ramos-en-el-colegio\/604fb0a7-fa7f-4e82-8d20-c61e5cd916d9\/\" data-orig-file=\"https:\/\/www.cisa-arica.cl\/wp1\/wp-content\/uploads\/2023\/04\/604FB0A7-FA7F-4E82-8D20-C61E5CD916D9-scaled.jpeg\" data-orig-size=\"2560,1920\" data-comments-opened=\"0\" data-image-meta=\"{&quot;aperture&quot;:&quot;0&quot;,&quot;credit&quot;:&quot;&quot;,&quot;camera&quot;:&quot;&quot;,&quot;caption&quot;:&quot;&quot;,&quot;created_timestamp&quot;:&quot;0&quot;,&quot;copyright&quot;:&quot;&quot;,&quot;focal_length&quot;:&quot;0&quot;,&quot;iso&quot;:&quot;0&quot;,&quot;shutter_speed&quot;:&quot;0&quot;,&quot;title&quot;:&quot;&quot;,&quot;orientation&quot;:&quot;1&quot;}\" data-image-title=\"604FB0A7-FA7F-4E82-8D20-C61E5CD916D9\" data-image-description=\"\" data-image-caption=\"\" data-large-file=\"https:\/\/www.cisa-arica.cl\/wp1\/wp-content\/uploads\/2023\/04\/604FB0A7-FA7F-4E82-8D20-C61E5CD916D9-600x450.jpeg\" data-attachment-id=\"19603\" data-permalink=\"https:\/\/www.cisa-arica.cl\/wp1\/2023\/04\/03\/domingo-de-ramos-en-el-colegio\/604fb0a7-fa7f-4e82-8d20-c61e5cd916d9\/\" data-orig-file=\"https:\/\/www.cisa-arica.cl\/wp1\/wp-content\/uploads\/2023\/04\/604FB0A7-FA7F-4E82-8D20-C61E5CD916D9-scaled.jpeg\" data-orig-size=\"2560,1920\" data-comments-opened=\"0\" data-image-meta=\"{&quot;aperture&quot;:&quot;0&quot;,&quot;credit&quot;:&quot;&quot;,&quot;camera&quot;:&quot;&quot;,&quot;caption&quot;:&quot;&quot;,&quot;created_timestamp&quot;:&quot;0&quot;,&quot;copyright&quot;:&quot;&quot;,&quot;focal_length&quot;:&quot;0&quot;,&quot;iso&quot;:&quot;0&quot;,&quot;shutter_speed&quot;:&quot;0&quot;,&quot;title&quot;:&quot;&quot;,&quot;orientation&quot;:&quot;1&quot;}\" data-image-title=\"604FB0A7-FA7F-4E82-8D20-C61E5CD916D9\" data-image-description=\"\" data-image-caption=\"\" data-large-file=\"https:\/\/www.cisa-arica.cl\/wp1\/wp-content\/uploads\/2023\/04\/604FB0A7-FA7F-4E82-8D20-C61E5CD916D9-600x450.jpeg\" role=\"button\" tabindex=\"0\" aria-label=\"Abrir la imagen 6 de 16 en pantalla completa\"srcset=\"https:\/\/i1.wp.com\/www.cisa-arica.cl\/wp1\/wp-content\/uploads\/2023\/04\/604FB0A7-FA7F-4E82-8D20-C61E5CD916D9-600x450.jpeg?strip=info&#038;w=600&#038;ssl=1 600w,https:\/\/i1.wp.com\/www.cisa-arica.cl\/wp1\/wp-content\/uploads\/2023\/04\/604FB0A7-FA7F-4E82-8D20-C61E5CD916D9-600x450.jpeg?strip=info&#038;w=900&#038;ssl=1 900w,https:\/\/i1.wp.com\/www.cisa-arica.cl\/wp1\/wp-content\/uploads\/2023\/04\/604FB0A7-FA7F-4E82-8D20-C61E5CD916D9-600x450.jpeg?strip=info&#038;w=1200&#038;ssl=1 1200w,https:\/\/i1.wp.com\/www.cisa-arica.cl\/wp1\/wp-content\/uploads\/2023\/04\/604FB0A7-FA7F-4E82-8D20-C61E5CD916D9-600x450.jpeg?strip=info&#038;w=1500&#038;ssl=1 1500w,https:\/\/i1.wp.com\/www.cisa-arica.cl\/wp1\/wp-content\/uploads\/2023\/04\/604FB0A7-FA7F-4E82-8D20-C61E5CD916D9-600x450.jpeg?strip=info&#038;w=1800&#038;ssl=1 1800w,https:\/\/i1.wp.com\/www.cisa-arica.cl\/wp1\/wp-content\/uploads\/2023\/04\/604FB0A7-FA7F-4E82-8D20-C61E5CD916D9-600x450.jpeg?strip=info&#038;w=2000&#038;ssl=1 2000w\" alt=\"\" data-height=\"1920\" data-id=\"19603\" data-link=\"https:\/\/www.cisa-arica.cl\/wp1\/?attachment_id=19603\" data-url=\"https:\/\/www.cisa-arica.cl\/wp1\/wp-content\/uploads\/2023\/04\/604FB0A7-FA7F-4E82-8D20-C61E5CD916D9-600x450.jpeg\" data-width=\"2560\" src=\"https:\/\/i1.wp.com\/www.cisa-arica.cl\/wp1\/wp-content\/uploads\/2023\/04\/604FB0A7-FA7F-4E82-8D20-C61E5CD916D9-600x450.jpeg?ssl=1\" data-amp-layout=\"responsive\"\/><\/figure><\/div><div class=\"tiled-gallery__col\" style=\"flex-basis:63.24591%\"><figure class=\"tiled-gallery__item\"><img decoding=\"async\" data-attachment-id=\"19604\" data-permalink=\"https:\/\/www.cisa-arica.cl\/wp1\/2023\/04\/03\/domingo-de-ramos-en-el-colegio\/87b6a6c2-d9a9-44e9-9ad9-819d4df8ba34\/\" data-orig-file=\"https:\/\/www.cisa-arica.cl\/wp1\/wp-content\/uploads\/2023\/04\/87B6A6C2-D9A9-44E9-9AD9-819D4DF8BA34-scaled.jpeg\" data-orig-size=\"1920,2560\" data-comments-opened=\"0\" data-image-meta=\"{&quot;aperture&quot;:&quot;0&quot;,&quot;credit&quot;:&quot;&quot;,&quot;camera&quot;:&quot;&quot;,&quot;caption&quot;:&quot;&quot;,&quot;created_timestamp&quot;:&quot;0&quot;,&quot;copyright&quot;:&quot;&quot;,&quot;focal_length&quot;:&quot;0&quot;,&quot;iso&quot;:&quot;0&quot;,&quot;shutter_speed&quot;:&quot;0&quot;,&quot;title&quot;:&quot;&quot;,&quot;orientation&quot;:&quot;1&quot;}\" data-image-title=\"87B6A6C2-D9A9-44E9-9AD9-819D4DF8BA34\" data-image-description=\"\" data-image-caption=\"\" data-large-file=\"https:\/\/www.cisa-arica.cl\/wp1\/wp-content\/uploads\/2023\/04\/87B6A6C2-D9A9-44E9-9AD9-819D4DF8BA34-450x600.jpeg\" data-attachment-id=\"19604\" data-permalink=\"https:\/\/www.cisa-arica.cl\/wp1\/2023\/04\/03\/domingo-de-ramos-en-el-colegio\/87b6a6c2-d9a9-44e9-9ad9-819d4df8ba34\/\" data-orig-file=\"https:\/\/www.cisa-arica.cl\/wp1\/wp-content\/uploads\/2023\/04\/87B6A6C2-D9A9-44E9-9AD9-819D4DF8BA34-scaled.jpeg\" data-orig-size=\"1920,2560\" data-comments-opened=\"0\" data-image-meta=\"{&quot;aperture&quot;:&quot;0&quot;,&quot;credit&quot;:&quot;&quot;,&quot;camera&quot;:&quot;&quot;,&quot;caption&quot;:&quot;&quot;,&quot;created_timestamp&quot;:&quot;0&quot;,&quot;copyright&quot;:&quot;&quot;,&quot;focal_length&quot;:&quot;0&quot;,&quot;iso&quot;:&quot;0&quot;,&quot;shutter_speed&quot;:&quot;0&quot;,&quot;title&quot;:&quot;&quot;,&quot;orientation&quot;:&quot;1&quot;}\" data-image-title=\"87B6A6C2-D9A9-44E9-9AD9-819D4DF8BA34\" data-image-description=\"\" data-image-caption=\"\" data-large-file=\"https:\/\/www.cisa-arica.cl\/wp1\/wp-content\/uploads\/2023\/04\/87B6A6C2-D9A9-44E9-9AD9-819D4DF8BA34-450x600.jpeg\" role=\"button\" tabindex=\"0\" aria-label=\"Abrir la imagen 7 de 16 en pantalla completa\"srcset=\"https:\/\/i2.wp.com\/www.cisa-arica.cl\/wp1\/wp-content\/uploads\/2023\/04\/87B6A6C2-D9A9-44E9-9AD9-819D4DF8BA34-450x600.jpeg?strip=info&#038;w=600&#038;ssl=1 600w,https:\/\/i2.wp.com\/www.cisa-arica.cl\/wp1\/wp-content\/uploads\/2023\/04\/87B6A6C2-D9A9-44E9-9AD9-819D4DF8BA34-450x600.jpeg?strip=info&#038;w=900&#038;ssl=1 900w,https:\/\/i2.wp.com\/www.cisa-arica.cl\/wp1\/wp-content\/uploads\/2023\/04\/87B6A6C2-D9A9-44E9-9AD9-819D4DF8BA34-450x600.jpeg?strip=info&#038;w=1200&#038;ssl=1 1200w,https:\/\/i2.wp.com\/www.cisa-arica.cl\/wp1\/wp-content\/uploads\/2023\/04\/87B6A6C2-D9A9-44E9-9AD9-819D4DF8BA34-450x600.jpeg?strip=info&#038;w=1500&#038;ssl=1 1500w,https:\/\/i2.wp.com\/www.cisa-arica.cl\/wp1\/wp-content\/uploads\/2023\/04\/87B6A6C2-D9A9-44E9-9AD9-819D4DF8BA34-450x600.jpeg?strip=info&#038;w=1800&#038;ssl=1 1800w,https:\/\/i2.wp.com\/www.cisa-arica.cl\/wp1\/wp-content\/uploads\/2023\/04\/87B6A6C2-D9A9-44E9-9AD9-819D4DF8BA34-450x600.jpeg?strip=info&#038;w=1920&#038;ssl=1 1920w\" alt=\"\" data-height=\"2560\" data-id=\"19604\" data-link=\"https:\/\/www.cisa-arica.cl\/wp1\/?attachment_id=19604\" data-url=\"https:\/\/www.cisa-arica.cl\/wp1\/wp-content\/uploads\/2023\/04\/87B6A6C2-D9A9-44E9-9AD9-819D4DF8BA34-450x600.jpeg\" data-width=\"1920\" src=\"https:\/\/i2.wp.com\/www.cisa-arica.cl\/wp1\/wp-content\/uploads\/2023\/04\/87B6A6C2-D9A9-44E9-9AD9-819D4DF8BA34-450x600.jpeg?ssl=1\" data-amp-layout=\"responsive\"\/><\/figure><\/div><\/div><div class=\"tiled-gallery__row\"><div class=\"tiled-gallery__col\" style=\"flex-basis:50.00000%\"><figure class=\"tiled-gallery__item\"><img decoding=\"async\" data-attachment-id=\"19605\" data-permalink=\"https:\/\/www.cisa-arica.cl\/wp1\/2023\/04\/03\/domingo-de-ramos-en-el-colegio\/bcf5d3c6-81c1-4f83-b75c-0e53f1031e7b\/\" data-orig-file=\"https:\/\/www.cisa-arica.cl\/wp1\/wp-content\/uploads\/2023\/04\/BCF5D3C6-81C1-4F83-B75C-0E53F1031E7B-scaled.jpeg\" data-orig-size=\"1920,2560\" data-comments-opened=\"0\" data-image-meta=\"{&quot;aperture&quot;:&quot;0&quot;,&quot;credit&quot;:&quot;&quot;,&quot;camera&quot;:&quot;&quot;,&quot;caption&quot;:&quot;&quot;,&quot;created_timestamp&quot;:&quot;0&quot;,&quot;copyright&quot;:&quot;&quot;,&quot;focal_length&quot;:&quot;0&quot;,&quot;iso&quot;:&quot;0&quot;,&quot;shutter_speed&quot;:&quot;0&quot;,&quot;title&quot;:&quot;&quot;,&quot;orientation&quot;:&quot;1&quot;}\" data-image-title=\"BCF5D3C6-81C1-4F83-B75C-0E53F1031E7B\" data-image-description=\"\" data-image-caption=\"\" data-large-file=\"https:\/\/www.cisa-arica.cl\/wp1\/wp-content\/uploads\/2023\/04\/BCF5D3C6-81C1-4F83-B75C-0E53F1031E7B-450x600.jpeg\" data-attachment-id=\"19605\" data-permalink=\"https:\/\/www.cisa-arica.cl\/wp1\/2023\/04\/03\/domingo-de-ramos-en-el-colegio\/bcf5d3c6-81c1-4f83-b75c-0e53f1031e7b\/\" data-orig-file=\"https:\/\/www.cisa-arica.cl\/wp1\/wp-content\/uploads\/2023\/04\/BCF5D3C6-81C1-4F83-B75C-0E53F1031E7B-scaled.jpeg\" data-orig-size=\"1920,2560\" data-comments-opened=\"0\" data-image-meta=\"{&quot;aperture&quot;:&quot;0&quot;,&quot;credit&quot;:&quot;&quot;,&quot;camera&quot;:&quot;&quot;,&quot;caption&quot;:&quot;&quot;,&quot;created_timestamp&quot;:&quot;0&quot;,&quot;copyright&quot;:&quot;&quot;,&quot;focal_length&quot;:&quot;0&quot;,&quot;iso&quot;:&quot;0&quot;,&quot;shutter_speed&quot;:&quot;0&quot;,&quot;title&quot;:&quot;&quot;,&quot;orientation&quot;:&quot;1&quot;}\" data-image-title=\"BCF5D3C6-81C1-4F83-B75C-0E53F1031E7B\" data-image-description=\"\" data-image-caption=\"\" data-large-file=\"https:\/\/www.cisa-arica.cl\/wp1\/wp-content\/uploads\/2023\/04\/BCF5D3C6-81C1-4F83-B75C-0E53F1031E7B-450x600.jpeg\" role=\"button\" tabindex=\"0\" aria-label=\"Abrir la imagen 8 de 16 en pantalla completa\"srcset=\"https:\/\/i1.wp.com\/www.cisa-arica.cl\/wp1\/wp-content\/uploads\/2023\/04\/BCF5D3C6-81C1-4F83-B75C-0E53F1031E7B-450x600.jpeg?strip=info&#038;w=600&#038;ssl=1 600w,https:\/\/i1.wp.com\/www.cisa-arica.cl\/wp1\/wp-content\/uploads\/2023\/04\/BCF5D3C6-81C1-4F83-B75C-0E53F1031E7B-450x600.jpeg?strip=info&#038;w=900&#038;ssl=1 900w,https:\/\/i1.wp.com\/www.cisa-arica.cl\/wp1\/wp-content\/uploads\/2023\/04\/BCF5D3C6-81C1-4F83-B75C-0E53F1031E7B-450x600.jpeg?strip=info&#038;w=1200&#038;ssl=1 1200w,https:\/\/i1.wp.com\/www.cisa-arica.cl\/wp1\/wp-content\/uploads\/2023\/04\/BCF5D3C6-81C1-4F83-B75C-0E53F1031E7B-450x600.jpeg?strip=info&#038;w=1500&#038;ssl=1 1500w,https:\/\/i1.wp.com\/www.cisa-arica.cl\/wp1\/wp-content\/uploads\/2023\/04\/BCF5D3C6-81C1-4F83-B75C-0E53F1031E7B-450x600.jpeg?strip=info&#038;w=1800&#038;ssl=1 1800w,https:\/\/i1.wp.com\/www.cisa-arica.cl\/wp1\/wp-content\/uploads\/2023\/04\/BCF5D3C6-81C1-4F83-B75C-0E53F1031E7B-450x600.jpeg?strip=info&#038;w=1920&#038;ssl=1 1920w\" alt=\"\" data-height=\"2560\" data-id=\"19605\" data-link=\"https:\/\/www.cisa-arica.cl\/wp1\/?attachment_id=19605\" data-url=\"https:\/\/www.cisa-arica.cl\/wp1\/wp-content\/uploads\/2023\/04\/BCF5D3C6-81C1-4F83-B75C-0E53F1031E7B-450x600.jpeg\" data-width=\"1920\" src=\"https:\/\/i1.wp.com\/www.cisa-arica.cl\/wp1\/wp-content\/uploads\/2023\/04\/BCF5D3C6-81C1-4F83-B75C-0E53F1031E7B-450x600.jpeg?ssl=1\" data-amp-layout=\"responsive\"\/><\/figure><\/div><div class=\"tiled-gallery__col\" style=\"flex-basis:50.00000%\"><figure class=\"tiled-gallery__item\"><img decoding=\"async\" data-attachment-id=\"19606\" data-permalink=\"https:\/\/www.cisa-arica.cl\/wp1\/2023\/04\/03\/domingo-de-ramos-en-el-colegio\/0dceeb62-c869-41a5-8493-76feb6242d75\/\" data-orig-file=\"https:\/\/www.cisa-arica.cl\/wp1\/wp-content\/uploads\/2023\/04\/0DCEEB62-C869-41A5-8493-76FEB6242D75-scaled.jpeg\" data-orig-size=\"1920,2560\" data-comments-opened=\"0\" data-image-meta=\"{&quot;aperture&quot;:&quot;0&quot;,&quot;credit&quot;:&quot;&quot;,&quot;camera&quot;:&quot;&quot;,&quot;caption&quot;:&quot;&quot;,&quot;created_timestamp&quot;:&quot;0&quot;,&quot;copyright&quot;:&quot;&quot;,&quot;focal_length&quot;:&quot;0&quot;,&quot;iso&quot;:&quot;0&quot;,&quot;shutter_speed&quot;:&quot;0&quot;,&quot;title&quot;:&quot;&quot;,&quot;orientation&quot;:&quot;1&quot;}\" data-image-title=\"0DCEEB62-C869-41A5-8493-76FEB6242D75\" data-image-description=\"\" data-image-caption=\"\" data-large-file=\"https:\/\/www.cisa-arica.cl\/wp1\/wp-content\/uploads\/2023\/04\/0DCEEB62-C869-41A5-8493-76FEB6242D75-450x600.jpeg\" data-attachment-id=\"19606\" data-permalink=\"https:\/\/www.cisa-arica.cl\/wp1\/2023\/04\/03\/domingo-de-ramos-en-el-colegio\/0dceeb62-c869-41a5-8493-76feb6242d75\/\" data-orig-file=\"https:\/\/www.cisa-arica.cl\/wp1\/wp-content\/uploads\/2023\/04\/0DCEEB62-C869-41A5-8493-76FEB6242D75-scaled.jpeg\" data-orig-size=\"1920,2560\" data-comments-opened=\"0\" data-image-meta=\"{&quot;aperture&quot;:&quot;0&quot;,&quot;credit&quot;:&quot;&quot;,&quot;camera&quot;:&quot;&quot;,&quot;caption&quot;:&quot;&quot;,&quot;created_timestamp&quot;:&quot;0&quot;,&quot;copyright&quot;:&quot;&quot;,&quot;focal_length&quot;:&quot;0&quot;,&quot;iso&quot;:&quot;0&quot;,&quot;shutter_speed&quot;:&quot;0&quot;,&quot;title&quot;:&quot;&quot;,&quot;orientation&quot;:&quot;1&quot;}\" data-image-title=\"0DCEEB62-C869-41A5-8493-76FEB6242D75\" data-image-description=\"\" data-image-caption=\"\" data-large-file=\"https:\/\/www.cisa-arica.cl\/wp1\/wp-content\/uploads\/2023\/04\/0DCEEB62-C869-41A5-8493-76FEB6242D75-450x600.jpeg\" role=\"button\" tabindex=\"0\" aria-label=\"Abrir la imagen 9 de 16 en pantalla completa\"srcset=\"https:\/\/i2.wp.com\/www.cisa-arica.cl\/wp1\/wp-content\/uploads\/2023\/04\/0DCEEB62-C869-41A5-8493-76FEB6242D75-450x600.jpeg?strip=info&#038;w=600&#038;ssl=1 600w,https:\/\/i2.wp.com\/www.cisa-arica.cl\/wp1\/wp-content\/uploads\/2023\/04\/0DCEEB62-C869-41A5-8493-76FEB6242D75-450x600.jpeg?strip=info&#038;w=900&#038;ssl=1 900w,https:\/\/i2.wp.com\/www.cisa-arica.cl\/wp1\/wp-content\/uploads\/2023\/04\/0DCEEB62-C869-41A5-8493-76FEB6242D75-450x600.jpeg?strip=info&#038;w=1200&#038;ssl=1 1200w,https:\/\/i2.wp.com\/www.cisa-arica.cl\/wp1\/wp-content\/uploads\/2023\/04\/0DCEEB62-C869-41A5-8493-76FEB6242D75-450x600.jpeg?strip=info&#038;w=1500&#038;ssl=1 1500w,https:\/\/i2.wp.com\/www.cisa-arica.cl\/wp1\/wp-content\/uploads\/2023\/04\/0DCEEB62-C869-41A5-8493-76FEB6242D75-450x600.jpeg?strip=info&#038;w=1800&#038;ssl=1 1800w,https:\/\/i2.wp.com\/www.cisa-arica.cl\/wp1\/wp-content\/uploads\/2023\/04\/0DCEEB62-C869-41A5-8493-76FEB6242D75-450x600.jpeg?strip=info&#038;w=1920&#038;ssl=1 1920w\" alt=\"\" data-height=\"2560\" data-id=\"19606\" data-link=\"https:\/\/www.cisa-arica.cl\/wp1\/?attachment_id=19606\" data-url=\"https:\/\/www.cisa-arica.cl\/wp1\/wp-content\/uploads\/2023\/04\/0DCEEB62-C869-41A5-8493-76FEB6242D75-450x600.jpeg\" data-width=\"1920\" src=\"https:\/\/i2.wp.com\/www.cisa-arica.cl\/wp1\/wp-content\/uploads\/2023\/04\/0DCEEB62-C869-41A5-8493-76FEB6242D75-450x600.jpeg?ssl=1\" data-amp-layout=\"responsive\"\/><\/figure><\/div><\/div><div class=\"tiled-gallery__row\"><div class=\"tiled-gallery__col\" style=\"flex-basis:38.96511%\"><figure class=\"tiled-gallery__item\"><img decoding=\"async\" data-attachment-id=\"19607\" data-permalink=\"https:\/\/www.cisa-arica.cl\/wp1\/2023\/04\/03\/domingo-de-ramos-en-el-colegio\/7ada04e0-e700-4e54-968a-b5049d776db7\/\" data-orig-file=\"https:\/\/www.cisa-arica.cl\/wp1\/wp-content\/uploads\/2023\/04\/7ADA04E0-E700-4E54-968A-B5049D776DB7-scaled.jpeg\" data-orig-size=\"2560,1920\" data-comments-opened=\"0\" data-image-meta=\"{&quot;aperture&quot;:&quot;0&quot;,&quot;credit&quot;:&quot;&quot;,&quot;camera&quot;:&quot;&quot;,&quot;caption&quot;:&quot;&quot;,&quot;created_timestamp&quot;:&quot;0&quot;,&quot;copyright&quot;:&quot;&quot;,&quot;focal_length&quot;:&quot;0&quot;,&quot;iso&quot;:&quot;0&quot;,&quot;shutter_speed&quot;:&quot;0&quot;,&quot;title&quot;:&quot;&quot;,&quot;orientation&quot;:&quot;1&quot;}\" data-image-title=\"7ADA04E0-E700-4E54-968A-B5049D776DB7\" data-image-description=\"\" data-image-caption=\"\" data-large-file=\"https:\/\/www.cisa-arica.cl\/wp1\/wp-content\/uploads\/2023\/04\/7ADA04E0-E700-4E54-968A-B5049D776DB7-600x450.jpeg\" data-attachment-id=\"19607\" data-permalink=\"https:\/\/www.cisa-arica.cl\/wp1\/2023\/04\/03\/domingo-de-ramos-en-el-colegio\/7ada04e0-e700-4e54-968a-b5049d776db7\/\" data-orig-file=\"https:\/\/www.cisa-arica.cl\/wp1\/wp-content\/uploads\/2023\/04\/7ADA04E0-E700-4E54-968A-B5049D776DB7-scaled.jpeg\" data-orig-size=\"2560,1920\" data-comments-opened=\"0\" data-image-meta=\"{&quot;aperture&quot;:&quot;0&quot;,&quot;credit&quot;:&quot;&quot;,&quot;camera&quot;:&quot;&quot;,&quot;caption&quot;:&quot;&quot;,&quot;created_timestamp&quot;:&quot;0&quot;,&quot;copyright&quot;:&quot;&quot;,&quot;focal_length&quot;:&quot;0&quot;,&quot;iso&quot;:&quot;0&quot;,&quot;shutter_speed&quot;:&quot;0&quot;,&quot;title&quot;:&quot;&quot;,&quot;orientation&quot;:&quot;1&quot;}\" data-image-title=\"7ADA04E0-E700-4E54-968A-B5049D776DB7\" data-image-description=\"\" data-image-caption=\"\" data-large-file=\"https:\/\/www.cisa-arica.cl\/wp1\/wp-content\/uploads\/2023\/04\/7ADA04E0-E700-4E54-968A-B5049D776DB7-600x450.jpeg\" role=\"button\" tabindex=\"0\" aria-label=\"Abrir la imagen 10 de 16 en pantalla completa\"srcset=\"https:\/\/i2.wp.com\/www.cisa-arica.cl\/wp1\/wp-content\/uploads\/2023\/04\/7ADA04E0-E700-4E54-968A-B5049D776DB7-600x450.jpeg?strip=info&#038;w=600&#038;ssl=1 600w,https:\/\/i2.wp.com\/www.cisa-arica.cl\/wp1\/wp-content\/uploads\/2023\/04\/7ADA04E0-E700-4E54-968A-B5049D776DB7-600x450.jpeg?strip=info&#038;w=900&#038;ssl=1 900w,https:\/\/i2.wp.com\/www.cisa-arica.cl\/wp1\/wp-content\/uploads\/2023\/04\/7ADA04E0-E700-4E54-968A-B5049D776DB7-600x450.jpeg?strip=info&#038;w=1200&#038;ssl=1 1200w,https:\/\/i2.wp.com\/www.cisa-arica.cl\/wp1\/wp-content\/uploads\/2023\/04\/7ADA04E0-E700-4E54-968A-B5049D776DB7-600x450.jpeg?strip=info&#038;w=1500&#038;ssl=1 1500w,https:\/\/i2.wp.com\/www.cisa-arica.cl\/wp1\/wp-content\/uploads\/2023\/04\/7ADA04E0-E700-4E54-968A-B5049D776DB7-600x450.jpeg?strip=info&#038;w=1800&#038;ssl=1 1800w,https:\/\/i2.wp.com\/www.cisa-arica.cl\/wp1\/wp-content\/uploads\/2023\/04\/7ADA04E0-E700-4E54-968A-B5049D776DB7-600x450.jpeg?strip=info&#038;w=2000&#038;ssl=1 2000w\" alt=\"\" data-height=\"1920\" data-id=\"19607\" data-link=\"https:\/\/www.cisa-arica.cl\/wp1\/?attachment_id=19607\" data-url=\"https:\/\/www.cisa-arica.cl\/wp1\/wp-content\/uploads\/2023\/04\/7ADA04E0-E700-4E54-968A-B5049D776DB7-600x450.jpeg\" data-width=\"2560\" src=\"https:\/\/i2.wp.com\/www.cisa-arica.cl\/wp1\/wp-content\/uploads\/2023\/04\/7ADA04E0-E700-4E54-968A-B5049D776DB7-600x450.jpeg?ssl=1\" data-amp-layout=\"responsive\"\/><\/figure><\/div><div class=\"tiled-gallery__col\" style=\"flex-basis:22.06978%\"><figure class=\"tiled-gallery__item\"><img decoding=\"async\" data-attachment-id=\"19608\" data-permalink=\"https:\/\/www.cisa-arica.cl\/wp1\/2023\/04\/03\/domingo-de-ramos-en-el-colegio\/f5d245b5-9b1f-4064-8611-58b5e19748fa\/\" data-orig-file=\"https:\/\/www.cisa-arica.cl\/wp1\/wp-content\/uploads\/2023\/04\/F5D245B5-9B1F-4064-8611-58B5E19748FA-scaled.jpeg\" data-orig-size=\"1920,2560\" data-comments-opened=\"0\" data-image-meta=\"{&quot;aperture&quot;:&quot;0&quot;,&quot;credit&quot;:&quot;&quot;,&quot;camera&quot;:&quot;&quot;,&quot;caption&quot;:&quot;&quot;,&quot;created_timestamp&quot;:&quot;0&quot;,&quot;copyright&quot;:&quot;&quot;,&quot;focal_length&quot;:&quot;0&quot;,&quot;iso&quot;:&quot;0&quot;,&quot;shutter_speed&quot;:&quot;0&quot;,&quot;title&quot;:&quot;&quot;,&quot;orientation&quot;:&quot;1&quot;}\" data-image-title=\"F5D245B5-9B1F-4064-8611-58B5E19748FA\" data-image-description=\"\" data-image-caption=\"\" data-large-file=\"https:\/\/www.cisa-arica.cl\/wp1\/wp-content\/uploads\/2023\/04\/F5D245B5-9B1F-4064-8611-58B5E19748FA-450x600.jpeg\" data-attachment-id=\"19608\" data-permalink=\"https:\/\/www.cisa-arica.cl\/wp1\/2023\/04\/03\/domingo-de-ramos-en-el-colegio\/f5d245b5-9b1f-4064-8611-58b5e19748fa\/\" data-orig-file=\"https:\/\/www.cisa-arica.cl\/wp1\/wp-content\/uploads\/2023\/04\/F5D245B5-9B1F-4064-8611-58B5E19748FA-scaled.jpeg\" data-orig-size=\"1920,2560\" data-comments-opened=\"0\" data-image-meta=\"{&quot;aperture&quot;:&quot;0&quot;,&quot;credit&quot;:&quot;&quot;,&quot;camera&quot;:&quot;&quot;,&quot;caption&quot;:&quot;&quot;,&quot;created_timestamp&quot;:&quot;0&quot;,&quot;copyright&quot;:&quot;&quot;,&quot;focal_length&quot;:&quot;0&quot;,&quot;iso&quot;:&quot;0&quot;,&quot;shutter_speed&quot;:&quot;0&quot;,&quot;title&quot;:&quot;&quot;,&quot;orientation&quot;:&quot;1&quot;}\" data-image-title=\"F5D245B5-9B1F-4064-8611-58B5E19748FA\" data-image-description=\"\" data-image-caption=\"\" data-large-file=\"https:\/\/www.cisa-arica.cl\/wp1\/wp-content\/uploads\/2023\/04\/F5D245B5-9B1F-4064-8611-58B5E19748FA-450x600.jpeg\" role=\"button\" tabindex=\"0\" aria-label=\"Abrir la imagen 11 de 16 en pantalla completa\"srcset=\"https:\/\/i0.wp.com\/www.cisa-arica.cl\/wp1\/wp-content\/uploads\/2023\/04\/F5D245B5-9B1F-4064-8611-58B5E19748FA-450x600.jpeg?strip=info&#038;w=600&#038;ssl=1 600w,https:\/\/i0.wp.com\/www.cisa-arica.cl\/wp1\/wp-content\/uploads\/2023\/04\/F5D245B5-9B1F-4064-8611-58B5E19748FA-450x600.jpeg?strip=info&#038;w=900&#038;ssl=1 900w,https:\/\/i0.wp.com\/www.cisa-arica.cl\/wp1\/wp-content\/uploads\/2023\/04\/F5D245B5-9B1F-4064-8611-58B5E19748FA-450x600.jpeg?strip=info&#038;w=1200&#038;ssl=1 1200w,https:\/\/i0.wp.com\/www.cisa-arica.cl\/wp1\/wp-content\/uploads\/2023\/04\/F5D245B5-9B1F-4064-8611-58B5E19748FA-450x600.jpeg?strip=info&#038;w=1500&#038;ssl=1 1500w,https:\/\/i0.wp.com\/www.cisa-arica.cl\/wp1\/wp-content\/uploads\/2023\/04\/F5D245B5-9B1F-4064-8611-58B5E19748FA-450x600.jpeg?strip=info&#038;w=1800&#038;ssl=1 1800w,https:\/\/i0.wp.com\/www.cisa-arica.cl\/wp1\/wp-content\/uploads\/2023\/04\/F5D245B5-9B1F-4064-8611-58B5E19748FA-450x600.jpeg?strip=info&#038;w=1920&#038;ssl=1 1920w\" alt=\"\" data-height=\"2560\" data-id=\"19608\" data-link=\"https:\/\/www.cisa-arica.cl\/wp1\/?attachment_id=19608\" data-url=\"https:\/\/www.cisa-arica.cl\/wp1\/wp-content\/uploads\/2023\/04\/F5D245B5-9B1F-4064-8611-58B5E19748FA-450x600.jpeg\" data-width=\"1920\" src=\"https:\/\/i0.wp.com\/www.cisa-arica.cl\/wp1\/wp-content\/uploads\/2023\/04\/F5D245B5-9B1F-4064-8611-58B5E19748FA-450x600.jpeg?ssl=1\" data-amp-layout=\"responsive\"\/><\/figure><\/div><div class=\"tiled-gallery__col\" style=\"flex-basis:38.96511%\"><figure class=\"tiled-gallery__item\"><img decoding=\"async\" data-attachment-id=\"19609\" data-permalink=\"https:\/\/www.cisa-arica.cl\/wp1\/2023\/04\/03\/domingo-de-ramos-en-el-colegio\/d89b1d20-46eb-4f84-a93f-1c003cdcd1c2\/\" data-orig-file=\"https:\/\/www.cisa-arica.cl\/wp1\/wp-content\/uploads\/2023\/04\/D89B1D20-46EB-4F84-A93F-1C003CDCD1C2-scaled.jpeg\" data-orig-size=\"2560,1920\" data-comments-opened=\"0\" data-image-meta=\"{&quot;aperture&quot;:&quot;0&quot;,&quot;credit&quot;:&quot;&quot;,&quot;camera&quot;:&quot;&quot;,&quot;caption&quot;:&quot;&quot;,&quot;created_timestamp&quot;:&quot;0&quot;,&quot;copyright&quot;:&quot;&quot;,&quot;focal_length&quot;:&quot;0&quot;,&quot;iso&quot;:&quot;0&quot;,&quot;shutter_speed&quot;:&quot;0&quot;,&quot;title&quot;:&quot;&quot;,&quot;orientation&quot;:&quot;1&quot;}\" data-image-title=\"D89B1D20-46EB-4F84-A93F-1C003CDCD1C2\" data-image-description=\"\" data-image-caption=\"\" data-large-file=\"https:\/\/www.cisa-arica.cl\/wp1\/wp-content\/uploads\/2023\/04\/D89B1D20-46EB-4F84-A93F-1C003CDCD1C2-600x450.jpeg\" data-attachment-id=\"19609\" data-permalink=\"https:\/\/www.cisa-arica.cl\/wp1\/2023\/04\/03\/domingo-de-ramos-en-el-colegio\/d89b1d20-46eb-4f84-a93f-1c003cdcd1c2\/\" data-orig-file=\"https:\/\/www.cisa-arica.cl\/wp1\/wp-content\/uploads\/2023\/04\/D89B1D20-46EB-4F84-A93F-1C003CDCD1C2-scaled.jpeg\" data-orig-size=\"2560,1920\" data-comments-opened=\"0\" data-image-meta=\"{&quot;aperture&quot;:&quot;0&quot;,&quot;credit&quot;:&quot;&quot;,&quot;camera&quot;:&quot;&quot;,&quot;caption&quot;:&quot;&quot;,&quot;created_timestamp&quot;:&quot;0&quot;,&quot;copyright&quot;:&quot;&quot;,&quot;focal_length&quot;:&quot;0&quot;,&quot;iso&quot;:&quot;0&quot;,&quot;shutter_speed&quot;:&quot;0&quot;,&quot;title&quot;:&quot;&quot;,&quot;orientation&quot;:&quot;1&quot;}\" data-image-title=\"D89B1D20-46EB-4F84-A93F-1C003CDCD1C2\" data-image-description=\"\" data-image-caption=\"\" data-large-file=\"https:\/\/www.cisa-arica.cl\/wp1\/wp-content\/uploads\/2023\/04\/D89B1D20-46EB-4F84-A93F-1C003CDCD1C2-600x450.jpeg\" role=\"button\" tabindex=\"0\" aria-label=\"Abrir la imagen 12 de 16 en pantalla completa\"srcset=\"https:\/\/i0.wp.com\/www.cisa-arica.cl\/wp1\/wp-content\/uploads\/2023\/04\/D89B1D20-46EB-4F84-A93F-1C003CDCD1C2-600x450.jpeg?strip=info&#038;w=600&#038;ssl=1 600w,https:\/\/i0.wp.com\/www.cisa-arica.cl\/wp1\/wp-content\/uploads\/2023\/04\/D89B1D20-46EB-4F84-A93F-1C003CDCD1C2-600x450.jpeg?strip=info&#038;w=900&#038;ssl=1 900w,https:\/\/i0.wp.com\/www.cisa-arica.cl\/wp1\/wp-content\/uploads\/2023\/04\/D89B1D20-46EB-4F84-A93F-1C003CDCD1C2-600x450.jpeg?strip=info&#038;w=1200&#038;ssl=1 1200w,https:\/\/i0.wp.com\/www.cisa-arica.cl\/wp1\/wp-content\/uploads\/2023\/04\/D89B1D20-46EB-4F84-A93F-1C003CDCD1C2-600x450.jpeg?strip=info&#038;w=1500&#038;ssl=1 1500w,https:\/\/i0.wp.com\/www.cisa-arica.cl\/wp1\/wp-content\/uploads\/2023\/04\/D89B1D20-46EB-4F84-A93F-1C003CDCD1C2-600x450.jpeg?strip=info&#038;w=1800&#038;ssl=1 1800w,https:\/\/i0.wp.com\/www.cisa-arica.cl\/wp1\/wp-content\/uploads\/2023\/04\/D89B1D20-46EB-4F84-A93F-1C003CDCD1C2-600x450.jpeg?strip=info&#038;w=2000&#038;ssl=1 2000w\" alt=\"\" data-height=\"1920\" data-id=\"19609\" data-link=\"https:\/\/www.cisa-arica.cl\/wp1\/?attachment_id=19609\" data-url=\"https:\/\/www.cisa-arica.cl\/wp1\/wp-content\/uploads\/2023\/04\/D89B1D20-46EB-4F84-A93F-1C003CDCD1C2-600x450.jpeg\" data-width=\"2560\" src=\"https:\/\/i0.wp.com\/www.cisa-arica.cl\/wp1\/wp-content\/uploads\/2023\/04\/D89B1D20-46EB-4F84-A93F-1C003CDCD1C2-600x450.jpeg?ssl=1\" data-amp-layout=\"responsive\"\/><\/figure><\/div><\/div><div class=\"tiled-gallery__row\"><div class=\"tiled-gallery__col\" style=\"flex-basis:63.91215%\"><figure class=\"tiled-gallery__item\"><img decoding=\"async\" data-attachment-id=\"19610\" data-permalink=\"https:\/\/www.cisa-arica.cl\/wp1\/2023\/04\/03\/domingo-de-ramos-en-el-colegio\/903e7dc9-d216-4e73-a226-ffd5b5bf6871\/\" data-orig-file=\"https:\/\/www.cisa-arica.cl\/wp1\/wp-content\/uploads\/2023\/04\/903E7DC9-D216-4E73-A226-FFD5B5BF6871-scaled.jpeg\" data-orig-size=\"2560,1920\" data-comments-opened=\"0\" data-image-meta=\"{&quot;aperture&quot;:&quot;0&quot;,&quot;credit&quot;:&quot;&quot;,&quot;camera&quot;:&quot;&quot;,&quot;caption&quot;:&quot;&quot;,&quot;created_timestamp&quot;:&quot;0&quot;,&quot;copyright&quot;:&quot;&quot;,&quot;focal_length&quot;:&quot;0&quot;,&quot;iso&quot;:&quot;0&quot;,&quot;shutter_speed&quot;:&quot;0&quot;,&quot;title&quot;:&quot;&quot;,&quot;orientation&quot;:&quot;1&quot;}\" data-image-title=\"903E7DC9-D216-4E73-A226-FFD5B5BF6871\" data-image-description=\"\" data-image-caption=\"\" data-large-file=\"https:\/\/www.cisa-arica.cl\/wp1\/wp-content\/uploads\/2023\/04\/903E7DC9-D216-4E73-A226-FFD5B5BF6871-600x450.jpeg\" data-attachment-id=\"19610\" data-permalink=\"https:\/\/www.cisa-arica.cl\/wp1\/2023\/04\/03\/domingo-de-ramos-en-el-colegio\/903e7dc9-d216-4e73-a226-ffd5b5bf6871\/\" data-orig-file=\"https:\/\/www.cisa-arica.cl\/wp1\/wp-content\/uploads\/2023\/04\/903E7DC9-D216-4E73-A226-FFD5B5BF6871-scaled.jpeg\" data-orig-size=\"2560,1920\" data-comments-opened=\"0\" data-image-meta=\"{&quot;aperture&quot;:&quot;0&quot;,&quot;credit&quot;:&quot;&quot;,&quot;camera&quot;:&quot;&quot;,&quot;caption&quot;:&quot;&quot;,&quot;created_timestamp&quot;:&quot;0&quot;,&quot;copyright&quot;:&quot;&quot;,&quot;focal_length&quot;:&quot;0&quot;,&quot;iso&quot;:&quot;0&quot;,&quot;shutter_speed&quot;:&quot;0&quot;,&quot;title&quot;:&quot;&quot;,&quot;orientation&quot;:&quot;1&quot;}\" data-image-title=\"903E7DC9-D216-4E73-A226-FFD5B5BF6871\" data-image-description=\"\" data-image-caption=\"\" data-large-file=\"https:\/\/www.cisa-arica.cl\/wp1\/wp-content\/uploads\/2023\/04\/903E7DC9-D216-4E73-A226-FFD5B5BF6871-600x450.jpeg\" role=\"button\" tabindex=\"0\" aria-label=\"Abrir la imagen 13 de 16 en pantalla completa\"srcset=\"https:\/\/i0.wp.com\/www.cisa-arica.cl\/wp1\/wp-content\/uploads\/2023\/04\/903E7DC9-D216-4E73-A226-FFD5B5BF6871-600x450.jpeg?strip=info&#038;w=600&#038;ssl=1 600w,https:\/\/i0.wp.com\/www.cisa-arica.cl\/wp1\/wp-content\/uploads\/2023\/04\/903E7DC9-D216-4E73-A226-FFD5B5BF6871-600x450.jpeg?strip=info&#038;w=900&#038;ssl=1 900w,https:\/\/i0.wp.com\/www.cisa-arica.cl\/wp1\/wp-content\/uploads\/2023\/04\/903E7DC9-D216-4E73-A226-FFD5B5BF6871-600x450.jpeg?strip=info&#038;w=1200&#038;ssl=1 1200w,https:\/\/i0.wp.com\/www.cisa-arica.cl\/wp1\/wp-content\/uploads\/2023\/04\/903E7DC9-D216-4E73-A226-FFD5B5BF6871-600x450.jpeg?strip=info&#038;w=1500&#038;ssl=1 1500w,https:\/\/i0.wp.com\/www.cisa-arica.cl\/wp1\/wp-content\/uploads\/2023\/04\/903E7DC9-D216-4E73-A226-FFD5B5BF6871-600x450.jpeg?strip=info&#038;w=1800&#038;ssl=1 1800w,https:\/\/i0.wp.com\/www.cisa-arica.cl\/wp1\/wp-content\/uploads\/2023\/04\/903E7DC9-D216-4E73-A226-FFD5B5BF6871-600x450.jpeg?strip=info&#038;w=2000&#038;ssl=1 2000w\" alt=\"\" data-height=\"1920\" data-id=\"19610\" data-link=\"https:\/\/www.cisa-arica.cl\/wp1\/?attachment_id=19610\" data-url=\"https:\/\/www.cisa-arica.cl\/wp1\/wp-content\/uploads\/2023\/04\/903E7DC9-D216-4E73-A226-FFD5B5BF6871-600x450.jpeg\" data-width=\"2560\" src=\"https:\/\/i0.wp.com\/www.cisa-arica.cl\/wp1\/wp-content\/uploads\/2023\/04\/903E7DC9-D216-4E73-A226-FFD5B5BF6871-600x450.jpeg?ssl=1\" data-amp-layout=\"responsive\"\/><\/figure><\/div><div class=\"tiled-gallery__col\" style=\"flex-basis:36.08785%\"><figure class=\"tiled-gallery__item\"><img decoding=\"async\" data-attachment-id=\"19611\" data-permalink=\"https:\/\/www.cisa-arica.cl\/wp1\/2023\/04\/03\/domingo-de-ramos-en-el-colegio\/f8dd9502-1ea9-4a80-bee9-cb2412800464\/\" data-orig-file=\"https:\/\/www.cisa-arica.cl\/wp1\/wp-content\/uploads\/2023\/04\/F8DD9502-1EA9-4A80-BEE9-CB2412800464-scaled.jpeg\" data-orig-size=\"1920,2560\" data-comments-opened=\"0\" data-image-meta=\"{&quot;aperture&quot;:&quot;0&quot;,&quot;credit&quot;:&quot;&quot;,&quot;camera&quot;:&quot;&quot;,&quot;caption&quot;:&quot;&quot;,&quot;created_timestamp&quot;:&quot;0&quot;,&quot;copyright&quot;:&quot;&quot;,&quot;focal_length&quot;:&quot;0&quot;,&quot;iso&quot;:&quot;0&quot;,&quot;shutter_speed&quot;:&quot;0&quot;,&quot;title&quot;:&quot;&quot;,&quot;orientation&quot;:&quot;1&quot;}\" data-image-title=\"F8DD9502-1EA9-4A80-BEE9-CB2412800464\" data-image-description=\"\" data-image-caption=\"\" data-large-file=\"https:\/\/www.cisa-arica.cl\/wp1\/wp-content\/uploads\/2023\/04\/F8DD9502-1EA9-4A80-BEE9-CB2412800464-450x600.jpeg\" data-attachment-id=\"19611\" data-permalink=\"https:\/\/www.cisa-arica.cl\/wp1\/2023\/04\/03\/domingo-de-ramos-en-el-colegio\/f8dd9502-1ea9-4a80-bee9-cb2412800464\/\" data-orig-file=\"https:\/\/www.cisa-arica.cl\/wp1\/wp-content\/uploads\/2023\/04\/F8DD9502-1EA9-4A80-BEE9-CB2412800464-scaled.jpeg\" data-orig-size=\"1920,2560\" data-comments-opened=\"0\" data-image-meta=\"{&quot;aperture&quot;:&quot;0&quot;,&quot;credit&quot;:&quot;&quot;,&quot;camera&quot;:&quot;&quot;,&quot;caption&quot;:&quot;&quot;,&quot;created_timestamp&quot;:&quot;0&quot;,&quot;copyright&quot;:&quot;&quot;,&quot;focal_length&quot;:&quot;0&quot;,&quot;iso&quot;:&quot;0&quot;,&quot;shutter_speed&quot;:&quot;0&quot;,&quot;title&quot;:&quot;&quot;,&quot;orientation&quot;:&quot;1&quot;}\" data-image-title=\"F8DD9502-1EA9-4A80-BEE9-CB2412800464\" data-image-description=\"\" data-image-caption=\"\" data-large-file=\"https:\/\/www.cisa-arica.cl\/wp1\/wp-content\/uploads\/2023\/04\/F8DD9502-1EA9-4A80-BEE9-CB2412800464-450x600.jpeg\" role=\"button\" tabindex=\"0\" aria-label=\"Abrir la imagen 14 de 16 en pantalla completa\"srcset=\"https:\/\/i2.wp.com\/www.cisa-arica.cl\/wp1\/wp-content\/uploads\/2023\/04\/F8DD9502-1EA9-4A80-BEE9-CB2412800464-450x600.jpeg?strip=info&#038;w=600&#038;ssl=1 600w,https:\/\/i2.wp.com\/www.cisa-arica.cl\/wp1\/wp-content\/uploads\/2023\/04\/F8DD9502-1EA9-4A80-BEE9-CB2412800464-450x600.jpeg?strip=info&#038;w=900&#038;ssl=1 900w,https:\/\/i2.wp.com\/www.cisa-arica.cl\/wp1\/wp-content\/uploads\/2023\/04\/F8DD9502-1EA9-4A80-BEE9-CB2412800464-450x600.jpeg?strip=info&#038;w=1200&#038;ssl=1 1200w,https:\/\/i2.wp.com\/www.cisa-arica.cl\/wp1\/wp-content\/uploads\/2023\/04\/F8DD9502-1EA9-4A80-BEE9-CB2412800464-450x600.jpeg?strip=info&#038;w=1500&#038;ssl=1 1500w,https:\/\/i2.wp.com\/www.cisa-arica.cl\/wp1\/wp-content\/uploads\/2023\/04\/F8DD9502-1EA9-4A80-BEE9-CB2412800464-450x600.jpeg?strip=info&#038;w=1800&#038;ssl=1 1800w,https:\/\/i2.wp.com\/www.cisa-arica.cl\/wp1\/wp-content\/uploads\/2023\/04\/F8DD9502-1EA9-4A80-BEE9-CB2412800464-450x600.jpeg?strip=info&#038;w=1920&#038;ssl=1 1920w\" alt=\"\" data-height=\"2560\" data-id=\"19611\" data-link=\"https:\/\/www.cisa-arica.cl\/wp1\/?attachment_id=19611\" data-url=\"https:\/\/www.cisa-arica.cl\/wp1\/wp-content\/uploads\/2023\/04\/F8DD9502-1EA9-4A80-BEE9-CB2412800464-450x600.jpeg\" data-width=\"1920\" src=\"https:\/\/i2.wp.com\/www.cisa-arica.cl\/wp1\/wp-content\/uploads\/2023\/04\/F8DD9502-1EA9-4A80-BEE9-CB2412800464-450x600.jpeg?ssl=1\" data-amp-layout=\"responsive\"\/><\/figure><\/div><\/div><div class=\"tiled-gallery__row\"><div class=\"tiled-gallery__col\" style=\"flex-basis:50.00000%\"><figure class=\"tiled-gallery__item\"><img decoding=\"async\" data-attachment-id=\"19613\" data-permalink=\"https:\/\/www.cisa-arica.cl\/wp1\/2023\/04\/03\/domingo-de-ramos-en-el-colegio\/d3c625b0-9c87-45d9-8f4a-290d9be01c6c\/\" data-orig-file=\"https:\/\/www.cisa-arica.cl\/wp1\/wp-content\/uploads\/2023\/04\/D3C625B0-9C87-45D9-8F4A-290D9BE01C6C-scaled.jpeg\" data-orig-size=\"1920,2560\" data-comments-opened=\"0\" data-image-meta=\"{&quot;aperture&quot;:&quot;0&quot;,&quot;credit&quot;:&quot;&quot;,&quot;camera&quot;:&quot;&quot;,&quot;caption&quot;:&quot;&quot;,&quot;created_timestamp&quot;:&quot;0&quot;,&quot;copyright&quot;:&quot;&quot;,&quot;focal_length&quot;:&quot;0&quot;,&quot;iso&quot;:&quot;0&quot;,&quot;shutter_speed&quot;:&quot;0&quot;,&quot;title&quot;:&quot;&quot;,&quot;orientation&quot;:&quot;1&quot;}\" data-image-title=\"D3C625B0-9C87-45D9-8F4A-290D9BE01C6C\" data-image-description=\"\" data-image-caption=\"\" data-large-file=\"https:\/\/www.cisa-arica.cl\/wp1\/wp-content\/uploads\/2023\/04\/D3C625B0-9C87-45D9-8F4A-290D9BE01C6C-450x600.jpeg\" data-attachment-id=\"19613\" data-permalink=\"https:\/\/www.cisa-arica.cl\/wp1\/2023\/04\/03\/domingo-de-ramos-en-el-colegio\/d3c625b0-9c87-45d9-8f4a-290d9be01c6c\/\" data-orig-file=\"https:\/\/www.cisa-arica.cl\/wp1\/wp-content\/uploads\/2023\/04\/D3C625B0-9C87-45D9-8F4A-290D9BE01C6C-scaled.jpeg\" data-orig-size=\"1920,2560\" data-comments-opened=\"0\" data-image-meta=\"{&quot;aperture&quot;:&quot;0&quot;,&quot;credit&quot;:&quot;&quot;,&quot;camera&quot;:&quot;&quot;,&quot;caption&quot;:&quot;&quot;,&quot;created_timestamp&quot;:&quot;0&quot;,&quot;copyright&quot;:&quot;&quot;,&quot;focal_length&quot;:&quot;0&quot;,&quot;iso&quot;:&quot;0&quot;,&quot;shutter_speed&quot;:&quot;0&quot;,&quot;title&quot;:&quot;&quot;,&quot;orientation&quot;:&quot;1&quot;}\" data-image-title=\"D3C625B0-9C87-45D9-8F4A-290D9BE01C6C\" data-image-description=\"\" data-image-caption=\"\" data-large-file=\"https:\/\/www.cisa-arica.cl\/wp1\/wp-content\/uploads\/2023\/04\/D3C625B0-9C87-45D9-8F4A-290D9BE01C6C-450x600.jpeg\" role=\"button\" tabindex=\"0\" aria-label=\"Abrir la imagen 15 de 16 en pantalla completa\"srcset=\"https:\/\/i2.wp.com\/www.cisa-arica.cl\/wp1\/wp-content\/uploads\/2023\/04\/D3C625B0-9C87-45D9-8F4A-290D9BE01C6C-450x600.jpeg?strip=info&#038;w=600&#038;ssl=1 600w,https:\/\/i2.wp.com\/www.cisa-arica.cl\/wp1\/wp-content\/uploads\/2023\/04\/D3C625B0-9C87-45D9-8F4A-290D9BE01C6C-450x600.jpeg?strip=info&#038;w=900&#038;ssl=1 900w,https:\/\/i2.wp.com\/www.cisa-arica.cl\/wp1\/wp-content\/uploads\/2023\/04\/D3C625B0-9C87-45D9-8F4A-290D9BE01C6C-450x600.jpeg?strip=info&#038;w=1200&#038;ssl=1 1200w,https:\/\/i2.wp.com\/www.cisa-arica.cl\/wp1\/wp-content\/uploads\/2023\/04\/D3C625B0-9C87-45D9-8F4A-290D9BE01C6C-450x600.jpeg?strip=info&#038;w=1500&#038;ssl=1 1500w,https:\/\/i2.wp.com\/www.cisa-arica.cl\/wp1\/wp-content\/uploads\/2023\/04\/D3C625B0-9C87-45D9-8F4A-290D9BE01C6C-450x600.jpeg?strip=info&#038;w=1800&#038;ssl=1 1800w,https:\/\/i2.wp.com\/www.cisa-arica.cl\/wp1\/wp-content\/uploads\/2023\/04\/D3C625B0-9C87-45D9-8F4A-290D9BE01C6C-450x600.jpeg?strip=info&#038;w=1920&#038;ssl=1 1920w\" alt=\"\" data-height=\"2560\" data-id=\"19613\" data-link=\"https:\/\/www.cisa-arica.cl\/wp1\/?attachment_id=19613\" data-url=\"https:\/\/www.cisa-arica.cl\/wp1\/wp-content\/uploads\/2023\/04\/D3C625B0-9C87-45D9-8F4A-290D9BE01C6C-450x600.jpeg\" data-width=\"1920\" src=\"https:\/\/i2.wp.com\/www.cisa-arica.cl\/wp1\/wp-content\/uploads\/2023\/04\/D3C625B0-9C87-45D9-8F4A-290D9BE01C6C-450x600.jpeg?ssl=1\" data-amp-layout=\"responsive\"\/><\/figure><\/div><div class=\"tiled-gallery__col\" style=\"flex-basis:50.00000%\"><figure class=\"tiled-gallery__item\"><img decoding=\"async\" data-attachment-id=\"19614\" data-permalink=\"https:\/\/www.cisa-arica.cl\/wp1\/2023\/04\/03\/domingo-de-ramos-en-el-colegio\/fe960db1-d597-42f1-9fff-c3896f729056\/\" data-orig-file=\"https:\/\/www.cisa-arica.cl\/wp1\/wp-content\/uploads\/2023\/04\/FE960DB1-D597-42F1-9FFF-C3896F729056-scaled.jpeg\" data-orig-size=\"1920,2560\" data-comments-opened=\"0\" data-image-meta=\"{&quot;aperture&quot;:&quot;0&quot;,&quot;credit&quot;:&quot;&quot;,&quot;camera&quot;:&quot;&quot;,&quot;caption&quot;:&quot;&quot;,&quot;created_timestamp&quot;:&quot;0&quot;,&quot;copyright&quot;:&quot;&quot;,&quot;focal_length&quot;:&quot;0&quot;,&quot;iso&quot;:&quot;0&quot;,&quot;shutter_speed&quot;:&quot;0&quot;,&quot;title&quot;:&quot;&quot;,&quot;orientation&quot;:&quot;1&quot;}\" data-image-title=\"FE960DB1-D597-42F1-9FFF-C3896F729056\" data-image-description=\"\" data-image-caption=\"\" data-large-file=\"https:\/\/www.cisa-arica.cl\/wp1\/wp-content\/uploads\/2023\/04\/FE960DB1-D597-42F1-9FFF-C3896F729056-450x600.jpeg\" data-attachment-id=\"19614\" data-permalink=\"https:\/\/www.cisa-arica.cl\/wp1\/2023\/04\/03\/domingo-de-ramos-en-el-colegio\/fe960db1-d597-42f1-9fff-c3896f729056\/\" data-orig-file=\"https:\/\/www.cisa-arica.cl\/wp1\/wp-content\/uploads\/2023\/04\/FE960DB1-D597-42F1-9FFF-C3896F729056-scaled.jpeg\" data-orig-size=\"1920,2560\" data-comments-opened=\"0\" data-image-meta=\"{&quot;aperture&quot;:&quot;0&quot;,&quot;credit&quot;:&quot;&quot;,&quot;camera&quot;:&quot;&quot;,&quot;caption&quot;:&quot;&quot;,&quot;created_timestamp&quot;:&quot;0&quot;,&quot;copyright&quot;:&quot;&quot;,&quot;focal_length&quot;:&quot;0&quot;,&quot;iso&quot;:&quot;0&quot;,&quot;shutter_speed&quot;:&quot;0&quot;,&quot;title&quot;:&quot;&quot;,&quot;orientation&quot;:&quot;1&quot;}\" data-image-title=\"FE960DB1-D597-42F1-9FFF-C3896F729056\" data-image-description=\"\" data-image-caption=\"\" data-large-file=\"https:\/\/www.cisa-arica.cl\/wp1\/wp-content\/uploads\/2023\/04\/FE960DB1-D597-42F1-9FFF-C3896F729056-450x600.jpeg\" role=\"button\" tabindex=\"0\" aria-label=\"Abrir la imagen 16 de 16 en pantalla completa\"srcset=\"https:\/\/i1.wp.com\/www.cisa-arica.cl\/wp1\/wp-content\/uploads\/2023\/04\/FE960DB1-D597-42F1-9FFF-C3896F729056-450x600.jpeg?strip=info&#038;w=600&#038;ssl=1 600w,https:\/\/i1.wp.com\/www.cisa-arica.cl\/wp1\/wp-content\/uploads\/2023\/04\/FE960DB1-D597-42F1-9FFF-C3896F729056-450x600.jpeg?strip=info&#038;w=900&#038;ssl=1 900w,https:\/\/i1.wp.com\/www.cisa-arica.cl\/wp1\/wp-content\/uploads\/2023\/04\/FE960DB1-D597-42F1-9FFF-C3896F729056-450x600.jpeg?strip=info&#038;w=1200&#038;ssl=1 1200w,https:\/\/i1.wp.com\/www.cisa-arica.cl\/wp1\/wp-content\/uploads\/2023\/04\/FE960DB1-D597-42F1-9FFF-C3896F729056-450x600.jpeg?strip=info&#038;w=1500&#038;ssl=1 1500w,https:\/\/i1.wp.com\/www.cisa-arica.cl\/wp1\/wp-content\/uploads\/2023\/04\/FE960DB1-D597-42F1-9FFF-C3896F729056-450x600.jpeg?strip=info&#038;w=1800&#038;ssl=1 1800w,https:\/\/i1.wp.com\/www.cisa-arica.cl\/wp1\/wp-content\/uploads\/2023\/04\/FE960DB1-D597-42F1-9FFF-C3896F729056-450x600.jpeg?strip=info&#038;w=1920&#038;ssl=1 1920w\" alt=\"\" data-height=\"2560\" data-id=\"19614\" data-link=\"https:\/\/www.cisa-arica.cl\/wp1\/?attachment_id=19614\" data-url=\"https:\/\/www.cisa-arica.cl\/wp1\/wp-content\/uploads\/2023\/04\/FE960DB1-D597-42F1-9FFF-C3896F729056-450x600.jpeg\" data-width=\"1920\" src=\"https:\/\/i1.wp.com\/www.cisa-arica.cl\/wp1\/wp-content\/uploads\/2023\/04\/FE960DB1-D597-42F1-9FFF-C3896F729056-450x600.jpeg?ssl=1\" data-amp-layout=\"responsive\"\/><\/figure><\/div><\/div><div class=\"tiled-gallery__row\"><div class=\"tiled-gallery__col\" style=\"flex-basis:66.86747%\"><\/div><div class=\"tiled-gallery__col\" style=\"flex-basis:33.13253%\"><\/div><\/div><div class=\"tiled-gallery__row\"><div class=\"tiled-gallery__col\" style=\"flex-basis:33.33333%\"><\/div><div class=\"tiled-gallery__col\" style=\"flex-basis:33.33333%\"><\/div><div class=\"tiled-gallery__col\" style=\"flex-basis:33.33333%\"><\/div><\/div><div class=\"tiled-gallery__row\"><div class=\"tiled-gallery__col\" style=\"flex-basis:33.13253%\"><\/div><div class=\"tiled-gallery__col\" style=\"flex-basis:66.86747%\"><\/div><\/div><div class=\"tiled-gallery__row\"><div class=\"tiled-gallery__col\" style=\"flex-basis:50.00000%\"><\/div><div class=\"tiled-gallery__col\" style=\"flex-basis:50.00000%\"><\/div><\/div><div class=\"tiled-gallery__row\"><div class=\"tiled-gallery__col\" style=\"flex-basis:66.86747%\"><\/div><div class=\"tiled-gallery__col\" style=\"flex-basis:33.13253%\"><\/div><\/div><div class=\"tiled-gallery__row\"><div class=\"tiled-gallery__col\" style=\"flex-basis:33.33333%\"><\/div><div class=\"tiled-gallery__col\" style=\"flex-basis:33.33333%\"><\/div><div class=\"tiled-gallery__col\" style=\"flex-basis:33.33333%\"><\/div><\/div><div class=\"tiled-gallery__row\"><div class=\"tiled-gallery__col\" style=\"flex-basis:33.13253%\"><\/div><div class=\"tiled-gallery__col\" style=\"flex-basis:66.86747%\"><\/div><\/div><div class=\"tiled-gallery__row\"><div class=\"tiled-gallery__col\" style=\"flex-basis:50.00000%\"><\/div><div class=\"tiled-gallery__col\" style=\"flex-basis:50.00000%\"><\/div><\/div><div class=\"tiled-gallery__row\"><div class=\"tiled-gallery__col\" style=\"flex-basis:66.86747%\"><\/div><div class=\"tiled-gallery__col\" style=\"flex-basis:33.13253%\"><\/div><\/div><div class=\"tiled-gallery__row\"><div class=\"tiled-gallery__col\" style=\"flex-basis:33.33333%\"><\/div><div class=\"tiled-gallery__col\" style=\"flex-basis:33.33333%\"><\/div><div class=\"tiled-gallery__col\" style=\"flex-basis:33.33333%\"><\/div><\/div><div class=\"tiled-gallery__row\"><div class=\"tiled-gallery__col\" style=\"flex-basis:33.13253%\"><\/div><div class=\"tiled-gallery__col\" style=\"flex-basis:66.86747%\"><\/div><\/div><div class=\"tiled-gallery__row\"><div class=\"tiled-gallery__col\" style=\"flex-basis:50.00000%\"><\/div><div class=\"tiled-gallery__col\" style=\"flex-basis:50.00000%\"><\/div><\/div><div class=\"tiled-gallery__row\"><div class=\"tiled-gallery__col\" style=\"flex-basis:66.86747%\"><\/div><div class=\"tiled-gallery__col\" style=\"flex-basis:33.13253%\"><\/div><\/div><div class=\"tiled-gallery__row\"><div class=\"tiled-gallery__col\" style=\"flex-basis:33.33333%\"><\/div><div class=\"tiled-gallery__col\" style=\"flex-basis:33.33333%\"><\/div><div class=\"tiled-gallery__col\" style=\"flex-basis:33.33333%\"><\/div><\/div><div class=\"tiled-gallery__row\"><div class=\"tiled-gallery__col\" style=\"flex-basis:33.13253%\"><\/div><div class=\"tiled-gallery__col\" style=\"flex-basis:66.86747%\"><\/div><\/div><div class=\"tiled-gallery__row\"><div class=\"tiled-gallery__col\" style=\"flex-basis:50.00000%\"><\/div><div class=\"tiled-gallery__col\" style=\"flex-basis:50.00000%\"><\/div><\/div><div class=\"tiled-gallery__row\"><div class=\"tiled-gallery__col\" style=\"flex-basis:66.86747%\"><\/div><div class=\"tiled-gallery__col\" style=\"flex-basis:33.13253%\"><\/div><\/div><div class=\"tiled-gallery__row\"><div class=\"tiled-gallery__col\" style=\"flex-basis:33.33333%\"><\/div><div class=\"tiled-gallery__col\" style=\"flex-basis:33.33333%\"><\/div><div class=\"tiled-gallery__col\" style=\"flex-basis:33.33333%\"><\/div><\/div><div class=\"tiled-gallery__row\"><div class=\"tiled-gallery__col\" style=\"flex-basis:33.13253%\"><\/div><div class=\"tiled-gallery__col\" style=\"flex-basis:66.86747%\"><\/div><\/div><div class=\"tiled-gallery__row\"><div class=\"tiled-gallery__col\" style=\"flex-basis:50.00000%\"><\/div><div class=\"tiled-gallery__col\" style=\"flex-basis:50.00000%\"><\/div><\/div><div class=\"tiled-gallery__row\"><div class=\"tiled-gallery__col\" style=\"flex-basis:66.86747%\"><\/div><div class=\"tiled-gallery__col\" style=\"flex-basis:33.13253%\"><\/div><\/div><div class=\"tiled-gallery__row\"><div class=\"tiled-gallery__col\" style=\"flex-basis:50.00000%\"><\/div><div class=\"tiled-gallery__col\" style=\"flex-basis:50.00000%\"><\/div><\/div><\/div><\/div>\n\n\n\n<div class=\"wp-block-jetpack-tiled-gallery aligncenter is-style-rectangular\"><div class=\"tiled-gallery__gallery\"><div class=\"tiled-gallery__row\"><div class=\"tiled-gallery__col\" style=\"flex-basis:50.00000%\"><figure class=\"tiled-gallery__item\"><img decoding=\"async\" data-attachment-id=\"19795\" data-permalink=\"https:\/\/www.cisa-arica.cl\/wp1\/2023\/04\/03\/domingo-de-ramos-en-el-colegio\/whatsapp-image-2023-04-04-at-08-35-44-2\/\" data-orig-file=\"https:\/\/www.cisa-arica.cl\/wp1\/wp-content\/uploads\/2023\/04\/WhatsApp-Image-2023-04-04-at-08.35.44-2.jpeg\" data-orig-size=\"768,1024\" data-comments-opened=\"0\" data-image-meta=\"{&quot;aperture&quot;:&quot;0&quot;,&quot;credit&quot;:&quot;&quot;,&quot;camera&quot;:&quot;&quot;,&quot;caption&quot;:&quot;&quot;,&quot;created_timestamp&quot;:&quot;0&quot;,&quot;copyright&quot;:&quot;&quot;,&quot;focal_length&quot;:&quot;0&quot;,&quot;iso&quot;:&quot;0&quot;,&quot;shutter_speed&quot;:&quot;0&quot;,&quot;title&quot;:&quot;&quot;,&quot;orientation&quot;:&quot;0&quot;}\" data-image-title=\"WhatsApp-Image-2023-04-04-at-08.35.44-2\" data-image-description=\"\" data-image-caption=\"\" data-large-file=\"https:\/\/www.cisa-arica.cl\/wp1\/wp-content\/uploads\/2023\/04\/WhatsApp-Image-2023-04-04-at-08.35.44-2-450x600.jpeg\" data-attachment-id=\"19795\" data-permalink=\"https:\/\/www.cisa-arica.cl\/wp1\/2023\/04\/03\/domingo-de-ramos-en-el-colegio\/whatsapp-image-2023-04-04-at-08-35-44-2\/\" data-orig-file=\"https:\/\/www.cisa-arica.cl\/wp1\/wp-content\/uploads\/2023\/04\/WhatsApp-Image-2023-04-04-at-08.35.44-2.jpeg\" data-orig-size=\"768,1024\" data-comments-opened=\"0\" data-image-meta=\"{&quot;aperture&quot;:&quot;0&quot;,&quot;credit&quot;:&quot;&quot;,&quot;camera&quot;:&quot;&quot;,&quot;caption&quot;:&quot;&quot;,&quot;created_timestamp&quot;:&quot;0&quot;,&quot;copyright&quot;:&quot;&quot;,&quot;focal_length&quot;:&quot;0&quot;,&quot;iso&quot;:&quot;0&quot;,&quot;shutter_speed&quot;:&quot;0&quot;,&quot;title&quot;:&quot;&quot;,&quot;orientation&quot;:&quot;0&quot;}\" data-image-title=\"WhatsApp-Image-2023-04-04-at-08.35.44-2\" data-image-description=\"\" data-image-caption=\"\" data-large-file=\"https:\/\/www.cisa-arica.cl\/wp1\/wp-content\/uploads\/2023\/04\/WhatsApp-Image-2023-04-04-at-08.35.44-2-450x600.jpeg\" role=\"button\" tabindex=\"0\" aria-label=\"Abrir la imagen 1 de 75 en pantalla completa\"srcset=\"https:\/\/i0.wp.com\/www.cisa-arica.cl\/wp1\/wp-content\/uploads\/2023\/04\/WhatsApp-Image-2023-04-04-at-08.35.44-2-450x600.jpeg?strip=info&#038;w=600&#038;ssl=1 600w,https:\/\/i0.wp.com\/www.cisa-arica.cl\/wp1\/wp-content\/uploads\/2023\/04\/WhatsApp-Image-2023-04-04-at-08.35.44-2-450x600.jpeg?strip=info&#038;w=768&#038;ssl=1 768w\" alt=\"\" data-height=\"1024\" data-id=\"19795\" data-link=\"https:\/\/www.cisa-arica.cl\/wp1\/2023\/04\/03\/domingo-de-ramos-en-el-colegio\/whatsapp-image-2023-04-04-at-08-35-44-2\/\" data-url=\"https:\/\/www.cisa-arica.cl\/wp1\/wp-content\/uploads\/2023\/04\/WhatsApp-Image-2023-04-04-at-08.35.44-2-450x600.jpeg\" data-width=\"768\" src=\"https:\/\/i0.wp.com\/www.cisa-arica.cl\/wp1\/wp-content\/uploads\/2023\/04\/WhatsApp-Image-2023-04-04-at-08.35.44-2-450x600.jpeg?ssl=1\" data-amp-layout=\"responsive\"\/><\/figure><\/div><div class=\"tiled-gallery__col\" style=\"flex-basis:50.00000%\"><figure class=\"tiled-gallery__item\"><img decoding=\"async\" data-attachment-id=\"19796\" data-permalink=\"https:\/\/www.cisa-arica.cl\/wp1\/2023\/04\/03\/domingo-de-ramos-en-el-colegio\/whatsapp-image-2023-04-04-at-08-35-43-2\/\" data-orig-file=\"https:\/\/www.cisa-arica.cl\/wp1\/wp-content\/uploads\/2023\/04\/WhatsApp-Image-2023-04-04-at-08.35.43-2.jpeg\" data-orig-size=\"768,1024\" data-comments-opened=\"0\" data-image-meta=\"{&quot;aperture&quot;:&quot;0&quot;,&quot;credit&quot;:&quot;&quot;,&quot;camera&quot;:&quot;&quot;,&quot;caption&quot;:&quot;&quot;,&quot;created_timestamp&quot;:&quot;0&quot;,&quot;copyright&quot;:&quot;&quot;,&quot;focal_length&quot;:&quot;0&quot;,&quot;iso&quot;:&quot;0&quot;,&quot;shutter_speed&quot;:&quot;0&quot;,&quot;title&quot;:&quot;&quot;,&quot;orientation&quot;:&quot;0&quot;}\" data-image-title=\"WhatsApp-Image-2023-04-04-at-08.35.43-2\" data-image-description=\"\" data-image-caption=\"\" data-large-file=\"https:\/\/www.cisa-arica.cl\/wp1\/wp-content\/uploads\/2023\/04\/WhatsApp-Image-2023-04-04-at-08.35.43-2-450x600.jpeg\" data-attachment-id=\"19796\" data-permalink=\"https:\/\/www.cisa-arica.cl\/wp1\/2023\/04\/03\/domingo-de-ramos-en-el-colegio\/whatsapp-image-2023-04-04-at-08-35-43-2\/\" data-orig-file=\"https:\/\/www.cisa-arica.cl\/wp1\/wp-content\/uploads\/2023\/04\/WhatsApp-Image-2023-04-04-at-08.35.43-2.jpeg\" data-orig-size=\"768,1024\" data-comments-opened=\"0\" data-image-meta=\"{&quot;aperture&quot;:&quot;0&quot;,&quot;credit&quot;:&quot;&quot;,&quot;camera&quot;:&quot;&quot;,&quot;caption&quot;:&quot;&quot;,&quot;created_timestamp&quot;:&quot;0&quot;,&quot;copyright&quot;:&quot;&quot;,&quot;focal_length&quot;:&quot;0&quot;,&quot;iso&quot;:&quot;0&quot;,&quot;shutter_speed&quot;:&quot;0&quot;,&quot;title&quot;:&quot;&quot;,&quot;orientation&quot;:&quot;0&quot;}\" data-image-title=\"WhatsApp-Image-2023-04-04-at-08.35.43-2\" data-image-description=\"\" data-image-caption=\"\" data-large-file=\"https:\/\/www.cisa-arica.cl\/wp1\/wp-content\/uploads\/2023\/04\/WhatsApp-Image-2023-04-04-at-08.35.43-2-450x600.jpeg\" role=\"button\" tabindex=\"0\" aria-label=\"Abrir la imagen 2 de 75 en pantalla completa\"srcset=\"https:\/\/i1.wp.com\/www.cisa-arica.cl\/wp1\/wp-content\/uploads\/2023\/04\/WhatsApp-Image-2023-04-04-at-08.35.43-2-450x600.jpeg?strip=info&#038;w=600&#038;ssl=1 600w,https:\/\/i1.wp.com\/www.cisa-arica.cl\/wp1\/wp-content\/uploads\/2023\/04\/WhatsApp-Image-2023-04-04-at-08.35.43-2-450x600.jpeg?strip=info&#038;w=768&#038;ssl=1 768w\" alt=\"\" data-height=\"1024\" data-id=\"19796\" data-link=\"https:\/\/www.cisa-arica.cl\/wp1\/2023\/04\/03\/domingo-de-ramos-en-el-colegio\/whatsapp-image-2023-04-04-at-08-35-43-2\/\" data-url=\"https:\/\/www.cisa-arica.cl\/wp1\/wp-content\/uploads\/2023\/04\/WhatsApp-Image-2023-04-04-at-08.35.43-2-450x600.jpeg\" data-width=\"768\" src=\"https:\/\/i1.wp.com\/www.cisa-arica.cl\/wp1\/wp-content\/uploads\/2023\/04\/WhatsApp-Image-2023-04-04-at-08.35.43-2-450x600.jpeg?ssl=1\" data-amp-layout=\"responsive\"\/><\/figure><\/div><\/div><div class=\"tiled-gallery__row\"><div class=\"tiled-gallery__col\" style=\"flex-basis:66.74547%\"><figure class=\"tiled-gallery__item\"><img decoding=\"async\" data-attachment-id=\"19799\" data-permalink=\"https:\/\/www.cisa-arica.cl\/wp1\/2023\/04\/03\/domingo-de-ramos-en-el-colegio\/whatsapp-image-2023-04-04-at-08-35-471-2\/\" data-orig-file=\"https:\/\/www.cisa-arica.cl\/wp1\/wp-content\/uploads\/2023\/04\/WhatsApp-Image-2023-04-04-at-08.35.471-2.jpeg\" data-orig-size=\"1024,768\" data-comments-opened=\"0\" data-image-meta=\"{&quot;aperture&quot;:&quot;0&quot;,&quot;credit&quot;:&quot;&quot;,&quot;camera&quot;:&quot;&quot;,&quot;caption&quot;:&quot;&quot;,&quot;created_timestamp&quot;:&quot;0&quot;,&quot;copyright&quot;:&quot;&quot;,&quot;focal_length&quot;:&quot;0&quot;,&quot;iso&quot;:&quot;0&quot;,&quot;shutter_speed&quot;:&quot;0&quot;,&quot;title&quot;:&quot;&quot;,&quot;orientation&quot;:&quot;0&quot;}\" data-image-title=\"WhatsApp-Image-2023-04-04-at-08.35.471-2\" data-image-description=\"\" data-image-caption=\"\" data-large-file=\"https:\/\/www.cisa-arica.cl\/wp1\/wp-content\/uploads\/2023\/04\/WhatsApp-Image-2023-04-04-at-08.35.471-2-600x450.jpeg\" data-attachment-id=\"19799\" data-permalink=\"https:\/\/www.cisa-arica.cl\/wp1\/2023\/04\/03\/domingo-de-ramos-en-el-colegio\/whatsapp-image-2023-04-04-at-08-35-471-2\/\" data-orig-file=\"https:\/\/www.cisa-arica.cl\/wp1\/wp-content\/uploads\/2023\/04\/WhatsApp-Image-2023-04-04-at-08.35.471-2.jpeg\" data-orig-size=\"1024,768\" data-comments-opened=\"0\" data-image-meta=\"{&quot;aperture&quot;:&quot;0&quot;,&quot;credit&quot;:&quot;&quot;,&quot;camera&quot;:&quot;&quot;,&quot;caption&quot;:&quot;&quot;,&quot;created_timestamp&quot;:&quot;0&quot;,&quot;copyright&quot;:&quot;&quot;,&quot;focal_length&quot;:&quot;0&quot;,&quot;iso&quot;:&quot;0&quot;,&quot;shutter_speed&quot;:&quot;0&quot;,&quot;title&quot;:&quot;&quot;,&quot;orientation&quot;:&quot;0&quot;}\" data-image-title=\"WhatsApp-Image-2023-04-04-at-08.35.471-2\" data-image-description=\"\" data-image-caption=\"\" data-large-file=\"https:\/\/www.cisa-arica.cl\/wp1\/wp-content\/uploads\/2023\/04\/WhatsApp-Image-2023-04-04-at-08.35.471-2-600x450.jpeg\" role=\"button\" tabindex=\"0\" aria-label=\"Abrir la imagen 3 de 75 en pantalla completa\"srcset=\"https:\/\/i2.wp.com\/www.cisa-arica.cl\/wp1\/wp-content\/uploads\/2023\/04\/WhatsApp-Image-2023-04-04-at-08.35.471-2-600x450.jpeg?strip=info&#038;w=600&#038;ssl=1 600w,https:\/\/i2.wp.com\/www.cisa-arica.cl\/wp1\/wp-content\/uploads\/2023\/04\/WhatsApp-Image-2023-04-04-at-08.35.471-2-600x450.jpeg?strip=info&#038;w=900&#038;ssl=1 900w,https:\/\/i2.wp.com\/www.cisa-arica.cl\/wp1\/wp-content\/uploads\/2023\/04\/WhatsApp-Image-2023-04-04-at-08.35.471-2-600x450.jpeg?strip=info&#038;w=1024&#038;ssl=1 1024w\" alt=\"\" data-height=\"768\" data-id=\"19799\" data-link=\"https:\/\/www.cisa-arica.cl\/wp1\/2023\/04\/03\/domingo-de-ramos-en-el-colegio\/whatsapp-image-2023-04-04-at-08-35-471-2\/\" data-url=\"https:\/\/www.cisa-arica.cl\/wp1\/wp-content\/uploads\/2023\/04\/WhatsApp-Image-2023-04-04-at-08.35.471-2-600x450.jpeg\" data-width=\"1024\" src=\"https:\/\/i2.wp.com\/www.cisa-arica.cl\/wp1\/wp-content\/uploads\/2023\/04\/WhatsApp-Image-2023-04-04-at-08.35.471-2-600x450.jpeg?ssl=1\" data-amp-layout=\"responsive\"\/><\/figure><\/div><div class=\"tiled-gallery__col\" style=\"flex-basis:33.25453%\"><figure class=\"tiled-gallery__item\"><img decoding=\"async\" data-attachment-id=\"19800\" data-permalink=\"https:\/\/www.cisa-arica.cl\/wp1\/2023\/04\/03\/domingo-de-ramos-en-el-colegio\/whatsapp-image-2023-04-04-at-08-35-46-2\/\" data-orig-file=\"https:\/\/www.cisa-arica.cl\/wp1\/wp-content\/uploads\/2023\/04\/WhatsApp-Image-2023-04-04-at-08.35.46-2.jpeg\" data-orig-size=\"1024,768\" data-comments-opened=\"0\" data-image-meta=\"{&quot;aperture&quot;:&quot;0&quot;,&quot;credit&quot;:&quot;&quot;,&quot;camera&quot;:&quot;&quot;,&quot;caption&quot;:&quot;&quot;,&quot;created_timestamp&quot;:&quot;0&quot;,&quot;copyright&quot;:&quot;&quot;,&quot;focal_length&quot;:&quot;0&quot;,&quot;iso&quot;:&quot;0&quot;,&quot;shutter_speed&quot;:&quot;0&quot;,&quot;title&quot;:&quot;&quot;,&quot;orientation&quot;:&quot;0&quot;}\" data-image-title=\"WhatsApp-Image-2023-04-04-at-08.35.46-2\" data-image-description=\"\" data-image-caption=\"\" data-large-file=\"https:\/\/www.cisa-arica.cl\/wp1\/wp-content\/uploads\/2023\/04\/WhatsApp-Image-2023-04-04-at-08.35.46-2-600x450.jpeg\" data-attachment-id=\"19800\" data-permalink=\"https:\/\/www.cisa-arica.cl\/wp1\/2023\/04\/03\/domingo-de-ramos-en-el-colegio\/whatsapp-image-2023-04-04-at-08-35-46-2\/\" data-orig-file=\"https:\/\/www.cisa-arica.cl\/wp1\/wp-content\/uploads\/2023\/04\/WhatsApp-Image-2023-04-04-at-08.35.46-2.jpeg\" data-orig-size=\"1024,768\" data-comments-opened=\"0\" data-image-meta=\"{&quot;aperture&quot;:&quot;0&quot;,&quot;credit&quot;:&quot;&quot;,&quot;camera&quot;:&quot;&quot;,&quot;caption&quot;:&quot;&quot;,&quot;created_timestamp&quot;:&quot;0&quot;,&quot;copyright&quot;:&quot;&quot;,&quot;focal_length&quot;:&quot;0&quot;,&quot;iso&quot;:&quot;0&quot;,&quot;shutter_speed&quot;:&quot;0&quot;,&quot;title&quot;:&quot;&quot;,&quot;orientation&quot;:&quot;0&quot;}\" data-image-title=\"WhatsApp-Image-2023-04-04-at-08.35.46-2\" data-image-description=\"\" data-image-caption=\"\" data-large-file=\"https:\/\/www.cisa-arica.cl\/wp1\/wp-content\/uploads\/2023\/04\/WhatsApp-Image-2023-04-04-at-08.35.46-2-600x450.jpeg\" role=\"button\" tabindex=\"0\" aria-label=\"Abrir la imagen 4 de 75 en pantalla completa\"srcset=\"https:\/\/i2.wp.com\/www.cisa-arica.cl\/wp1\/wp-content\/uploads\/2023\/04\/WhatsApp-Image-2023-04-04-at-08.35.46-2-600x450.jpeg?strip=info&#038;w=600&#038;ssl=1 600w,https:\/\/i2.wp.com\/www.cisa-arica.cl\/wp1\/wp-content\/uploads\/2023\/04\/WhatsApp-Image-2023-04-04-at-08.35.46-2-600x450.jpeg?strip=info&#038;w=900&#038;ssl=1 900w,https:\/\/i2.wp.com\/www.cisa-arica.cl\/wp1\/wp-content\/uploads\/2023\/04\/WhatsApp-Image-2023-04-04-at-08.35.46-2-600x450.jpeg?strip=info&#038;w=1024&#038;ssl=1 1024w\" alt=\"\" data-height=\"768\" data-id=\"19800\" data-link=\"https:\/\/www.cisa-arica.cl\/wp1\/2023\/04\/03\/domingo-de-ramos-en-el-colegio\/whatsapp-image-2023-04-04-at-08-35-46-2\/\" data-url=\"https:\/\/www.cisa-arica.cl\/wp1\/wp-content\/uploads\/2023\/04\/WhatsApp-Image-2023-04-04-at-08.35.46-2-600x450.jpeg\" data-width=\"1024\" src=\"https:\/\/i2.wp.com\/www.cisa-arica.cl\/wp1\/wp-content\/uploads\/2023\/04\/WhatsApp-Image-2023-04-04-at-08.35.46-2-600x450.jpeg?ssl=1\" data-amp-layout=\"responsive\"\/><\/figure><figure class=\"tiled-gallery__item\"><img decoding=\"async\" data-attachment-id=\"19801\" data-permalink=\"https:\/\/www.cisa-arica.cl\/wp1\/2023\/04\/03\/domingo-de-ramos-en-el-colegio\/whatsapp-image-2023-04-04-at-08-35-462-2\/\" data-orig-file=\"https:\/\/www.cisa-arica.cl\/wp1\/wp-content\/uploads\/2023\/04\/WhatsApp-Image-2023-04-04-at-08.35.462-2.jpeg\" data-orig-size=\"1024,768\" data-comments-opened=\"0\" data-image-meta=\"{&quot;aperture&quot;:&quot;0&quot;,&quot;credit&quot;:&quot;&quot;,&quot;camera&quot;:&quot;&quot;,&quot;caption&quot;:&quot;&quot;,&quot;created_timestamp&quot;:&quot;0&quot;,&quot;copyright&quot;:&quot;&quot;,&quot;focal_length&quot;:&quot;0&quot;,&quot;iso&quot;:&quot;0&quot;,&quot;shutter_speed&quot;:&quot;0&quot;,&quot;title&quot;:&quot;&quot;,&quot;orientation&quot;:&quot;0&quot;}\" data-image-title=\"WhatsApp-Image-2023-04-04-at-08.35.462-2\" data-image-description=\"\" data-image-caption=\"\" data-large-file=\"https:\/\/www.cisa-arica.cl\/wp1\/wp-content\/uploads\/2023\/04\/WhatsApp-Image-2023-04-04-at-08.35.462-2-600x450.jpeg\" data-attachment-id=\"19801\" data-permalink=\"https:\/\/www.cisa-arica.cl\/wp1\/2023\/04\/03\/domingo-de-ramos-en-el-colegio\/whatsapp-image-2023-04-04-at-08-35-462-2\/\" data-orig-file=\"https:\/\/www.cisa-arica.cl\/wp1\/wp-content\/uploads\/2023\/04\/WhatsApp-Image-2023-04-04-at-08.35.462-2.jpeg\" data-orig-size=\"1024,768\" data-comments-opened=\"0\" data-image-meta=\"{&quot;aperture&quot;:&quot;0&quot;,&quot;credit&quot;:&quot;&quot;,&quot;camera&quot;:&quot;&quot;,&quot;caption&quot;:&quot;&quot;,&quot;created_timestamp&quot;:&quot;0&quot;,&quot;copyright&quot;:&quot;&quot;,&quot;focal_length&quot;:&quot;0&quot;,&quot;iso&quot;:&quot;0&quot;,&quot;shutter_speed&quot;:&quot;0&quot;,&quot;title&quot;:&quot;&quot;,&quot;orientation&quot;:&quot;0&quot;}\" data-image-title=\"WhatsApp-Image-2023-04-04-at-08.35.462-2\" data-image-description=\"\" data-image-caption=\"\" data-large-file=\"https:\/\/www.cisa-arica.cl\/wp1\/wp-content\/uploads\/2023\/04\/WhatsApp-Image-2023-04-04-at-08.35.462-2-600x450.jpeg\" role=\"button\" tabindex=\"0\" aria-label=\"Abrir la imagen 5 de 75 en pantalla completa\"srcset=\"https:\/\/i0.wp.com\/www.cisa-arica.cl\/wp1\/wp-content\/uploads\/2023\/04\/WhatsApp-Image-2023-04-04-at-08.35.462-2-600x450.jpeg?strip=info&#038;w=600&#038;ssl=1 600w,https:\/\/i0.wp.com\/www.cisa-arica.cl\/wp1\/wp-content\/uploads\/2023\/04\/WhatsApp-Image-2023-04-04-at-08.35.462-2-600x450.jpeg?strip=info&#038;w=900&#038;ssl=1 900w,https:\/\/i0.wp.com\/www.cisa-arica.cl\/wp1\/wp-content\/uploads\/2023\/04\/WhatsApp-Image-2023-04-04-at-08.35.462-2-600x450.jpeg?strip=info&#038;w=1024&#038;ssl=1 1024w\" alt=\"\" data-height=\"768\" data-id=\"19801\" data-link=\"https:\/\/www.cisa-arica.cl\/wp1\/2023\/04\/03\/domingo-de-ramos-en-el-colegio\/whatsapp-image-2023-04-04-at-08-35-462-2\/\" data-url=\"https:\/\/www.cisa-arica.cl\/wp1\/wp-content\/uploads\/2023\/04\/WhatsApp-Image-2023-04-04-at-08.35.462-2-600x450.jpeg\" data-width=\"1024\" src=\"https:\/\/i0.wp.com\/www.cisa-arica.cl\/wp1\/wp-content\/uploads\/2023\/04\/WhatsApp-Image-2023-04-04-at-08.35.462-2-600x450.jpeg?ssl=1\" data-amp-layout=\"responsive\"\/><\/figure><\/div><\/div><div class=\"tiled-gallery__row\"><div class=\"tiled-gallery__col\" style=\"flex-basis:33.33333%\"><figure class=\"tiled-gallery__item\"><img decoding=\"async\" data-attachment-id=\"19802\" data-permalink=\"https:\/\/www.cisa-arica.cl\/wp1\/2023\/04\/03\/domingo-de-ramos-en-el-colegio\/whatsapp-image-2023-04-04-at-08-35-471-3\/\" data-orig-file=\"https:\/\/www.cisa-arica.cl\/wp1\/wp-content\/uploads\/2023\/04\/WhatsApp-Image-2023-04-04-at-08.35.471-3.jpeg\" data-orig-size=\"1024,768\" data-comments-opened=\"0\" data-image-meta=\"{&quot;aperture&quot;:&quot;0&quot;,&quot;credit&quot;:&quot;&quot;,&quot;camera&quot;:&quot;&quot;,&quot;caption&quot;:&quot;&quot;,&quot;created_timestamp&quot;:&quot;0&quot;,&quot;copyright&quot;:&quot;&quot;,&quot;focal_length&quot;:&quot;0&quot;,&quot;iso&quot;:&quot;0&quot;,&quot;shutter_speed&quot;:&quot;0&quot;,&quot;title&quot;:&quot;&quot;,&quot;orientation&quot;:&quot;0&quot;}\" data-image-title=\"WhatsApp-Image-2023-04-04-at-08.35.471-3\" data-image-description=\"\" data-image-caption=\"\" data-large-file=\"https:\/\/www.cisa-arica.cl\/wp1\/wp-content\/uploads\/2023\/04\/WhatsApp-Image-2023-04-04-at-08.35.471-3-600x450.jpeg\" data-attachment-id=\"19802\" data-permalink=\"https:\/\/www.cisa-arica.cl\/wp1\/2023\/04\/03\/domingo-de-ramos-en-el-colegio\/whatsapp-image-2023-04-04-at-08-35-471-3\/\" data-orig-file=\"https:\/\/www.cisa-arica.cl\/wp1\/wp-content\/uploads\/2023\/04\/WhatsApp-Image-2023-04-04-at-08.35.471-3.jpeg\" data-orig-size=\"1024,768\" data-comments-opened=\"0\" data-image-meta=\"{&quot;aperture&quot;:&quot;0&quot;,&quot;credit&quot;:&quot;&quot;,&quot;camera&quot;:&quot;&quot;,&quot;caption&quot;:&quot;&quot;,&quot;created_timestamp&quot;:&quot;0&quot;,&quot;copyright&quot;:&quot;&quot;,&quot;focal_length&quot;:&quot;0&quot;,&quot;iso&quot;:&quot;0&quot;,&quot;shutter_speed&quot;:&quot;0&quot;,&quot;title&quot;:&quot;&quot;,&quot;orientation&quot;:&quot;0&quot;}\" data-image-title=\"WhatsApp-Image-2023-04-04-at-08.35.471-3\" data-image-description=\"\" data-image-caption=\"\" data-large-file=\"https:\/\/www.cisa-arica.cl\/wp1\/wp-content\/uploads\/2023\/04\/WhatsApp-Image-2023-04-04-at-08.35.471-3-600x450.jpeg\" role=\"button\" tabindex=\"0\" aria-label=\"Abrir la imagen 6 de 75 en pantalla completa\"srcset=\"https:\/\/i1.wp.com\/www.cisa-arica.cl\/wp1\/wp-content\/uploads\/2023\/04\/WhatsApp-Image-2023-04-04-at-08.35.471-3-600x450.jpeg?strip=info&#038;w=600&#038;ssl=1 600w,https:\/\/i1.wp.com\/www.cisa-arica.cl\/wp1\/wp-content\/uploads\/2023\/04\/WhatsApp-Image-2023-04-04-at-08.35.471-3-600x450.jpeg?strip=info&#038;w=900&#038;ssl=1 900w,https:\/\/i1.wp.com\/www.cisa-arica.cl\/wp1\/wp-content\/uploads\/2023\/04\/WhatsApp-Image-2023-04-04-at-08.35.471-3-600x450.jpeg?strip=info&#038;w=1024&#038;ssl=1 1024w\" alt=\"\" data-height=\"768\" data-id=\"19802\" data-link=\"https:\/\/www.cisa-arica.cl\/wp1\/2023\/04\/03\/domingo-de-ramos-en-el-colegio\/whatsapp-image-2023-04-04-at-08-35-471-3\/\" data-url=\"https:\/\/www.cisa-arica.cl\/wp1\/wp-content\/uploads\/2023\/04\/WhatsApp-Image-2023-04-04-at-08.35.471-3-600x450.jpeg\" data-width=\"1024\" src=\"https:\/\/i1.wp.com\/www.cisa-arica.cl\/wp1\/wp-content\/uploads\/2023\/04\/WhatsApp-Image-2023-04-04-at-08.35.471-3-600x450.jpeg?ssl=1\" data-amp-layout=\"responsive\"\/><\/figure><\/div><div class=\"tiled-gallery__col\" style=\"flex-basis:33.33333%\"><figure class=\"tiled-gallery__item\"><img decoding=\"async\" data-attachment-id=\"19803\" data-permalink=\"https:\/\/www.cisa-arica.cl\/wp1\/2023\/04\/03\/domingo-de-ramos-en-el-colegio\/whatsapp-image-2023-04-04-at-08-35-462-3\/\" data-orig-file=\"https:\/\/www.cisa-arica.cl\/wp1\/wp-content\/uploads\/2023\/04\/WhatsApp-Image-2023-04-04-at-08.35.462-3.jpeg\" data-orig-size=\"1024,768\" data-comments-opened=\"0\" data-image-meta=\"{&quot;aperture&quot;:&quot;0&quot;,&quot;credit&quot;:&quot;&quot;,&quot;camera&quot;:&quot;&quot;,&quot;caption&quot;:&quot;&quot;,&quot;created_timestamp&quot;:&quot;0&quot;,&quot;copyright&quot;:&quot;&quot;,&quot;focal_length&quot;:&quot;0&quot;,&quot;iso&quot;:&quot;0&quot;,&quot;shutter_speed&quot;:&quot;0&quot;,&quot;title&quot;:&quot;&quot;,&quot;orientation&quot;:&quot;0&quot;}\" data-image-title=\"WhatsApp-Image-2023-04-04-at-08.35.462-3\" data-image-description=\"\" data-image-caption=\"\" data-large-file=\"https:\/\/www.cisa-arica.cl\/wp1\/wp-content\/uploads\/2023\/04\/WhatsApp-Image-2023-04-04-at-08.35.462-3-600x450.jpeg\" data-attachment-id=\"19803\" data-permalink=\"https:\/\/www.cisa-arica.cl\/wp1\/2023\/04\/03\/domingo-de-ramos-en-el-colegio\/whatsapp-image-2023-04-04-at-08-35-462-3\/\" data-orig-file=\"https:\/\/www.cisa-arica.cl\/wp1\/wp-content\/uploads\/2023\/04\/WhatsApp-Image-2023-04-04-at-08.35.462-3.jpeg\" data-orig-size=\"1024,768\" data-comments-opened=\"0\" data-image-meta=\"{&quot;aperture&quot;:&quot;0&quot;,&quot;credit&quot;:&quot;&quot;,&quot;camera&quot;:&quot;&quot;,&quot;caption&quot;:&quot;&quot;,&quot;created_timestamp&quot;:&quot;0&quot;,&quot;copyright&quot;:&quot;&quot;,&quot;focal_length&quot;:&quot;0&quot;,&quot;iso&quot;:&quot;0&quot;,&quot;shutter_speed&quot;:&quot;0&quot;,&quot;title&quot;:&quot;&quot;,&quot;orientation&quot;:&quot;0&quot;}\" data-image-title=\"WhatsApp-Image-2023-04-04-at-08.35.462-3\" data-image-description=\"\" data-image-caption=\"\" data-large-file=\"https:\/\/www.cisa-arica.cl\/wp1\/wp-content\/uploads\/2023\/04\/WhatsApp-Image-2023-04-04-at-08.35.462-3-600x450.jpeg\" role=\"button\" tabindex=\"0\" aria-label=\"Abrir la imagen 7 de 75 en pantalla completa\"srcset=\"https:\/\/i2.wp.com\/www.cisa-arica.cl\/wp1\/wp-content\/uploads\/2023\/04\/WhatsApp-Image-2023-04-04-at-08.35.462-3-600x450.jpeg?strip=info&#038;w=600&#038;ssl=1 600w,https:\/\/i2.wp.com\/www.cisa-arica.cl\/wp1\/wp-content\/uploads\/2023\/04\/WhatsApp-Image-2023-04-04-at-08.35.462-3-600x450.jpeg?strip=info&#038;w=900&#038;ssl=1 900w,https:\/\/i2.wp.com\/www.cisa-arica.cl\/wp1\/wp-content\/uploads\/2023\/04\/WhatsApp-Image-2023-04-04-at-08.35.462-3-600x450.jpeg?strip=info&#038;w=1024&#038;ssl=1 1024w\" alt=\"\" data-height=\"768\" data-id=\"19803\" data-link=\"https:\/\/www.cisa-arica.cl\/wp1\/2023\/04\/03\/domingo-de-ramos-en-el-colegio\/whatsapp-image-2023-04-04-at-08-35-462-3\/\" data-url=\"https:\/\/www.cisa-arica.cl\/wp1\/wp-content\/uploads\/2023\/04\/WhatsApp-Image-2023-04-04-at-08.35.462-3-600x450.jpeg\" data-width=\"1024\" src=\"https:\/\/i2.wp.com\/www.cisa-arica.cl\/wp1\/wp-content\/uploads\/2023\/04\/WhatsApp-Image-2023-04-04-at-08.35.462-3-600x450.jpeg?ssl=1\" data-amp-layout=\"responsive\"\/><\/figure><\/div><div class=\"tiled-gallery__col\" style=\"flex-basis:33.33333%\"><figure class=\"tiled-gallery__item\"><img decoding=\"async\" data-attachment-id=\"19804\" data-permalink=\"https:\/\/www.cisa-arica.cl\/wp1\/2023\/04\/03\/domingo-de-ramos-en-el-colegio\/whatsapp-image-2023-04-04-at-08-35-461-3\/\" data-orig-file=\"https:\/\/www.cisa-arica.cl\/wp1\/wp-content\/uploads\/2023\/04\/WhatsApp-Image-2023-04-04-at-08.35.461-3.jpeg\" data-orig-size=\"1024,768\" data-comments-opened=\"0\" data-image-meta=\"{&quot;aperture&quot;:&quot;0&quot;,&quot;credit&quot;:&quot;&quot;,&quot;camera&quot;:&quot;&quot;,&quot;caption&quot;:&quot;&quot;,&quot;created_timestamp&quot;:&quot;0&quot;,&quot;copyright&quot;:&quot;&quot;,&quot;focal_length&quot;:&quot;0&quot;,&quot;iso&quot;:&quot;0&quot;,&quot;shutter_speed&quot;:&quot;0&quot;,&quot;title&quot;:&quot;&quot;,&quot;orientation&quot;:&quot;0&quot;}\" data-image-title=\"WhatsApp-Image-2023-04-04-at-08.35.461-3\" data-image-description=\"\" data-image-caption=\"\" data-large-file=\"https:\/\/www.cisa-arica.cl\/wp1\/wp-content\/uploads\/2023\/04\/WhatsApp-Image-2023-04-04-at-08.35.461-3-600x450.jpeg\" data-attachment-id=\"19804\" data-permalink=\"https:\/\/www.cisa-arica.cl\/wp1\/2023\/04\/03\/domingo-de-ramos-en-el-colegio\/whatsapp-image-2023-04-04-at-08-35-461-3\/\" data-orig-file=\"https:\/\/www.cisa-arica.cl\/wp1\/wp-content\/uploads\/2023\/04\/WhatsApp-Image-2023-04-04-at-08.35.461-3.jpeg\" data-orig-size=\"1024,768\" data-comments-opened=\"0\" data-image-meta=\"{&quot;aperture&quot;:&quot;0&quot;,&quot;credit&quot;:&quot;&quot;,&quot;camera&quot;:&quot;&quot;,&quot;caption&quot;:&quot;&quot;,&quot;created_timestamp&quot;:&quot;0&quot;,&quot;copyright&quot;:&quot;&quot;,&quot;focal_length&quot;:&quot;0&quot;,&quot;iso&quot;:&quot;0&quot;,&quot;shutter_speed&quot;:&quot;0&quot;,&quot;title&quot;:&quot;&quot;,&quot;orientation&quot;:&quot;0&quot;}\" data-image-title=\"WhatsApp-Image-2023-04-04-at-08.35.461-3\" data-image-description=\"\" data-image-caption=\"\" data-large-file=\"https:\/\/www.cisa-arica.cl\/wp1\/wp-content\/uploads\/2023\/04\/WhatsApp-Image-2023-04-04-at-08.35.461-3-600x450.jpeg\" role=\"button\" tabindex=\"0\" aria-label=\"Abrir la imagen 8 de 75 en pantalla completa\"srcset=\"https:\/\/i0.wp.com\/www.cisa-arica.cl\/wp1\/wp-content\/uploads\/2023\/04\/WhatsApp-Image-2023-04-04-at-08.35.461-3-600x450.jpeg?strip=info&#038;w=600&#038;ssl=1 600w,https:\/\/i0.wp.com\/www.cisa-arica.cl\/wp1\/wp-content\/uploads\/2023\/04\/WhatsApp-Image-2023-04-04-at-08.35.461-3-600x450.jpeg?strip=info&#038;w=900&#038;ssl=1 900w,https:\/\/i0.wp.com\/www.cisa-arica.cl\/wp1\/wp-content\/uploads\/2023\/04\/WhatsApp-Image-2023-04-04-at-08.35.461-3-600x450.jpeg?strip=info&#038;w=1024&#038;ssl=1 1024w\" alt=\"\" data-height=\"768\" data-id=\"19804\" data-link=\"https:\/\/www.cisa-arica.cl\/wp1\/2023\/04\/03\/domingo-de-ramos-en-el-colegio\/whatsapp-image-2023-04-04-at-08-35-461-3\/\" data-url=\"https:\/\/www.cisa-arica.cl\/wp1\/wp-content\/uploads\/2023\/04\/WhatsApp-Image-2023-04-04-at-08.35.461-3-600x450.jpeg\" data-width=\"1024\" src=\"https:\/\/i0.wp.com\/www.cisa-arica.cl\/wp1\/wp-content\/uploads\/2023\/04\/WhatsApp-Image-2023-04-04-at-08.35.461-3-600x450.jpeg?ssl=1\" data-amp-layout=\"responsive\"\/><\/figure><\/div><\/div><div class=\"tiled-gallery__row\"><div class=\"tiled-gallery__col\" style=\"flex-basis:33.25453%\"><figure class=\"tiled-gallery__item\"><img decoding=\"async\" data-attachment-id=\"19805\" data-permalink=\"https:\/\/www.cisa-arica.cl\/wp1\/2023\/04\/03\/domingo-de-ramos-en-el-colegio\/whatsapp-image-2023-04-04-at-08-35-491-1\/\" data-orig-file=\"https:\/\/www.cisa-arica.cl\/wp1\/wp-content\/uploads\/2023\/04\/WhatsApp-Image-2023-04-04-at-08.35.491-1.jpeg\" data-orig-size=\"1024,768\" data-comments-opened=\"0\" data-image-meta=\"{&quot;aperture&quot;:&quot;0&quot;,&quot;credit&quot;:&quot;&quot;,&quot;camera&quot;:&quot;&quot;,&quot;caption&quot;:&quot;&quot;,&quot;created_timestamp&quot;:&quot;0&quot;,&quot;copyright&quot;:&quot;&quot;,&quot;focal_length&quot;:&quot;0&quot;,&quot;iso&quot;:&quot;0&quot;,&quot;shutter_speed&quot;:&quot;0&quot;,&quot;title&quot;:&quot;&quot;,&quot;orientation&quot;:&quot;0&quot;}\" data-image-title=\"WhatsApp-Image-2023-04-04-at-08.35.491-1\" data-image-description=\"\" data-image-caption=\"\" data-large-file=\"https:\/\/www.cisa-arica.cl\/wp1\/wp-content\/uploads\/2023\/04\/WhatsApp-Image-2023-04-04-at-08.35.491-1-600x450.jpeg\" data-attachment-id=\"19805\" data-permalink=\"https:\/\/www.cisa-arica.cl\/wp1\/2023\/04\/03\/domingo-de-ramos-en-el-colegio\/whatsapp-image-2023-04-04-at-08-35-491-1\/\" data-orig-file=\"https:\/\/www.cisa-arica.cl\/wp1\/wp-content\/uploads\/2023\/04\/WhatsApp-Image-2023-04-04-at-08.35.491-1.jpeg\" data-orig-size=\"1024,768\" data-comments-opened=\"0\" data-image-meta=\"{&quot;aperture&quot;:&quot;0&quot;,&quot;credit&quot;:&quot;&quot;,&quot;camera&quot;:&quot;&quot;,&quot;caption&quot;:&quot;&quot;,&quot;created_timestamp&quot;:&quot;0&quot;,&quot;copyright&quot;:&quot;&quot;,&quot;focal_length&quot;:&quot;0&quot;,&quot;iso&quot;:&quot;0&quot;,&quot;shutter_speed&quot;:&quot;0&quot;,&quot;title&quot;:&quot;&quot;,&quot;orientation&quot;:&quot;0&quot;}\" data-image-title=\"WhatsApp-Image-2023-04-04-at-08.35.491-1\" data-image-description=\"\" data-image-caption=\"\" data-large-file=\"https:\/\/www.cisa-arica.cl\/wp1\/wp-content\/uploads\/2023\/04\/WhatsApp-Image-2023-04-04-at-08.35.491-1-600x450.jpeg\" role=\"button\" tabindex=\"0\" aria-label=\"Abrir la imagen 9 de 75 en pantalla completa\"srcset=\"https:\/\/i0.wp.com\/www.cisa-arica.cl\/wp1\/wp-content\/uploads\/2023\/04\/WhatsApp-Image-2023-04-04-at-08.35.491-1-600x450.jpeg?strip=info&#038;w=600&#038;ssl=1 600w,https:\/\/i0.wp.com\/www.cisa-arica.cl\/wp1\/wp-content\/uploads\/2023\/04\/WhatsApp-Image-2023-04-04-at-08.35.491-1-600x450.jpeg?strip=info&#038;w=900&#038;ssl=1 900w,https:\/\/i0.wp.com\/www.cisa-arica.cl\/wp1\/wp-content\/uploads\/2023\/04\/WhatsApp-Image-2023-04-04-at-08.35.491-1-600x450.jpeg?strip=info&#038;w=1024&#038;ssl=1 1024w\" alt=\"\" data-height=\"768\" data-id=\"19805\" data-link=\"https:\/\/www.cisa-arica.cl\/wp1\/2023\/04\/03\/domingo-de-ramos-en-el-colegio\/whatsapp-image-2023-04-04-at-08-35-491-1\/\" data-url=\"https:\/\/www.cisa-arica.cl\/wp1\/wp-content\/uploads\/2023\/04\/WhatsApp-Image-2023-04-04-at-08.35.491-1-600x450.jpeg\" data-width=\"1024\" src=\"https:\/\/i0.wp.com\/www.cisa-arica.cl\/wp1\/wp-content\/uploads\/2023\/04\/WhatsApp-Image-2023-04-04-at-08.35.491-1-600x450.jpeg?ssl=1\" data-amp-layout=\"responsive\"\/><\/figure><figure class=\"tiled-gallery__item\"><img decoding=\"async\" data-attachment-id=\"19806\" data-permalink=\"https:\/\/www.cisa-arica.cl\/wp1\/2023\/04\/03\/domingo-de-ramos-en-el-colegio\/whatsapp-image-2023-04-04-at-08-35-48-1\/\" data-orig-file=\"https:\/\/www.cisa-arica.cl\/wp1\/wp-content\/uploads\/2023\/04\/WhatsApp-Image-2023-04-04-at-08.35.48-1.jpeg\" data-orig-size=\"1024,768\" data-comments-opened=\"0\" data-image-meta=\"{&quot;aperture&quot;:&quot;0&quot;,&quot;credit&quot;:&quot;&quot;,&quot;camera&quot;:&quot;&quot;,&quot;caption&quot;:&quot;&quot;,&quot;created_timestamp&quot;:&quot;0&quot;,&quot;copyright&quot;:&quot;&quot;,&quot;focal_length&quot;:&quot;0&quot;,&quot;iso&quot;:&quot;0&quot;,&quot;shutter_speed&quot;:&quot;0&quot;,&quot;title&quot;:&quot;&quot;,&quot;orientation&quot;:&quot;0&quot;}\" data-image-title=\"WhatsApp-Image-2023-04-04-at-08.35.48-1\" data-image-description=\"\" data-image-caption=\"\" data-large-file=\"https:\/\/www.cisa-arica.cl\/wp1\/wp-content\/uploads\/2023\/04\/WhatsApp-Image-2023-04-04-at-08.35.48-1-600x450.jpeg\" data-attachment-id=\"19806\" data-permalink=\"https:\/\/www.cisa-arica.cl\/wp1\/2023\/04\/03\/domingo-de-ramos-en-el-colegio\/whatsapp-image-2023-04-04-at-08-35-48-1\/\" data-orig-file=\"https:\/\/www.cisa-arica.cl\/wp1\/wp-content\/uploads\/2023\/04\/WhatsApp-Image-2023-04-04-at-08.35.48-1.jpeg\" data-orig-size=\"1024,768\" data-comments-opened=\"0\" data-image-meta=\"{&quot;aperture&quot;:&quot;0&quot;,&quot;credit&quot;:&quot;&quot;,&quot;camera&quot;:&quot;&quot;,&quot;caption&quot;:&quot;&quot;,&quot;created_timestamp&quot;:&quot;0&quot;,&quot;copyright&quot;:&quot;&quot;,&quot;focal_length&quot;:&quot;0&quot;,&quot;iso&quot;:&quot;0&quot;,&quot;shutter_speed&quot;:&quot;0&quot;,&quot;title&quot;:&quot;&quot;,&quot;orientation&quot;:&quot;0&quot;}\" data-image-title=\"WhatsApp-Image-2023-04-04-at-08.35.48-1\" data-image-description=\"\" data-image-caption=\"\" data-large-file=\"https:\/\/www.cisa-arica.cl\/wp1\/wp-content\/uploads\/2023\/04\/WhatsApp-Image-2023-04-04-at-08.35.48-1-600x450.jpeg\" role=\"button\" tabindex=\"0\" aria-label=\"Abrir la imagen 10 de 75 en pantalla completa\"srcset=\"https:\/\/i1.wp.com\/www.cisa-arica.cl\/wp1\/wp-content\/uploads\/2023\/04\/WhatsApp-Image-2023-04-04-at-08.35.48-1-600x450.jpeg?strip=info&#038;w=600&#038;ssl=1 600w,https:\/\/i1.wp.com\/www.cisa-arica.cl\/wp1\/wp-content\/uploads\/2023\/04\/WhatsApp-Image-2023-04-04-at-08.35.48-1-600x450.jpeg?strip=info&#038;w=900&#038;ssl=1 900w,https:\/\/i1.wp.com\/www.cisa-arica.cl\/wp1\/wp-content\/uploads\/2023\/04\/WhatsApp-Image-2023-04-04-at-08.35.48-1-600x450.jpeg?strip=info&#038;w=1024&#038;ssl=1 1024w\" alt=\"\" data-height=\"768\" data-id=\"19806\" data-link=\"https:\/\/www.cisa-arica.cl\/wp1\/2023\/04\/03\/domingo-de-ramos-en-el-colegio\/whatsapp-image-2023-04-04-at-08-35-48-1\/\" data-url=\"https:\/\/www.cisa-arica.cl\/wp1\/wp-content\/uploads\/2023\/04\/WhatsApp-Image-2023-04-04-at-08.35.48-1-600x450.jpeg\" data-width=\"1024\" src=\"https:\/\/i1.wp.com\/www.cisa-arica.cl\/wp1\/wp-content\/uploads\/2023\/04\/WhatsApp-Image-2023-04-04-at-08.35.48-1-600x450.jpeg?ssl=1\" data-amp-layout=\"responsive\"\/><\/figure><\/div><div class=\"tiled-gallery__col\" style=\"flex-basis:66.74547%\"><figure class=\"tiled-gallery__item\"><img decoding=\"async\" data-attachment-id=\"19807\" data-permalink=\"https:\/\/www.cisa-arica.cl\/wp1\/2023\/04\/03\/domingo-de-ramos-en-el-colegio\/whatsapp-image-2023-04-04-at-08-35-488-1\/\" data-orig-file=\"https:\/\/www.cisa-arica.cl\/wp1\/wp-content\/uploads\/2023\/04\/WhatsApp-Image-2023-04-04-at-08.35.488-1.jpeg\" data-orig-size=\"1024,768\" data-comments-opened=\"0\" data-image-meta=\"{&quot;aperture&quot;:&quot;0&quot;,&quot;credit&quot;:&quot;&quot;,&quot;camera&quot;:&quot;&quot;,&quot;caption&quot;:&quot;&quot;,&quot;created_timestamp&quot;:&quot;0&quot;,&quot;copyright&quot;:&quot;&quot;,&quot;focal_length&quot;:&quot;0&quot;,&quot;iso&quot;:&quot;0&quot;,&quot;shutter_speed&quot;:&quot;0&quot;,&quot;title&quot;:&quot;&quot;,&quot;orientation&quot;:&quot;0&quot;}\" data-image-title=\"WhatsApp-Image-2023-04-04-at-08.35.488-1\" data-image-description=\"\" data-image-caption=\"\" data-large-file=\"https:\/\/www.cisa-arica.cl\/wp1\/wp-content\/uploads\/2023\/04\/WhatsApp-Image-2023-04-04-at-08.35.488-1-600x450.jpeg\" data-attachment-id=\"19807\" data-permalink=\"https:\/\/www.cisa-arica.cl\/wp1\/2023\/04\/03\/domingo-de-ramos-en-el-colegio\/whatsapp-image-2023-04-04-at-08-35-488-1\/\" data-orig-file=\"https:\/\/www.cisa-arica.cl\/wp1\/wp-content\/uploads\/2023\/04\/WhatsApp-Image-2023-04-04-at-08.35.488-1.jpeg\" data-orig-size=\"1024,768\" data-comments-opened=\"0\" data-image-meta=\"{&quot;aperture&quot;:&quot;0&quot;,&quot;credit&quot;:&quot;&quot;,&quot;camera&quot;:&quot;&quot;,&quot;caption&quot;:&quot;&quot;,&quot;created_timestamp&quot;:&quot;0&quot;,&quot;copyright&quot;:&quot;&quot;,&quot;focal_length&quot;:&quot;0&quot;,&quot;iso&quot;:&quot;0&quot;,&quot;shutter_speed&quot;:&quot;0&quot;,&quot;title&quot;:&quot;&quot;,&quot;orientation&quot;:&quot;0&quot;}\" data-image-title=\"WhatsApp-Image-2023-04-04-at-08.35.488-1\" data-image-description=\"\" data-image-caption=\"\" data-large-file=\"https:\/\/www.cisa-arica.cl\/wp1\/wp-content\/uploads\/2023\/04\/WhatsApp-Image-2023-04-04-at-08.35.488-1-600x450.jpeg\" role=\"button\" tabindex=\"0\" aria-label=\"Abrir la imagen 11 de 75 en pantalla completa\"srcset=\"https:\/\/i1.wp.com\/www.cisa-arica.cl\/wp1\/wp-content\/uploads\/2023\/04\/WhatsApp-Image-2023-04-04-at-08.35.488-1-600x450.jpeg?strip=info&#038;w=600&#038;ssl=1 600w,https:\/\/i1.wp.com\/www.cisa-arica.cl\/wp1\/wp-content\/uploads\/2023\/04\/WhatsApp-Image-2023-04-04-at-08.35.488-1-600x450.jpeg?strip=info&#038;w=900&#038;ssl=1 900w,https:\/\/i1.wp.com\/www.cisa-arica.cl\/wp1\/wp-content\/uploads\/2023\/04\/WhatsApp-Image-2023-04-04-at-08.35.488-1-600x450.jpeg?strip=info&#038;w=1024&#038;ssl=1 1024w\" alt=\"\" data-height=\"768\" data-id=\"19807\" data-link=\"https:\/\/www.cisa-arica.cl\/wp1\/2023\/04\/03\/domingo-de-ramos-en-el-colegio\/whatsapp-image-2023-04-04-at-08-35-488-1\/\" data-url=\"https:\/\/www.cisa-arica.cl\/wp1\/wp-content\/uploads\/2023\/04\/WhatsApp-Image-2023-04-04-at-08.35.488-1-600x450.jpeg\" data-width=\"1024\" src=\"https:\/\/i1.wp.com\/www.cisa-arica.cl\/wp1\/wp-content\/uploads\/2023\/04\/WhatsApp-Image-2023-04-04-at-08.35.488-1-600x450.jpeg?ssl=1\" data-amp-layout=\"responsive\"\/><\/figure><\/div><\/div><div class=\"tiled-gallery__row\"><div class=\"tiled-gallery__col\" style=\"flex-basis:50.00000%\"><figure class=\"tiled-gallery__item\"><img decoding=\"async\" data-attachment-id=\"19808\" data-permalink=\"https:\/\/www.cisa-arica.cl\/wp1\/2023\/04\/03\/domingo-de-ramos-en-el-colegio\/whatsapp-image-2023-04-04-at-08-35-487-1\/\" data-orig-file=\"https:\/\/www.cisa-arica.cl\/wp1\/wp-content\/uploads\/2023\/04\/WhatsApp-Image-2023-04-04-at-08.35.487-1.jpeg\" data-orig-size=\"1024,768\" data-comments-opened=\"0\" data-image-meta=\"{&quot;aperture&quot;:&quot;0&quot;,&quot;credit&quot;:&quot;&quot;,&quot;camera&quot;:&quot;&quot;,&quot;caption&quot;:&quot;&quot;,&quot;created_timestamp&quot;:&quot;0&quot;,&quot;copyright&quot;:&quot;&quot;,&quot;focal_length&quot;:&quot;0&quot;,&quot;iso&quot;:&quot;0&quot;,&quot;shutter_speed&quot;:&quot;0&quot;,&quot;title&quot;:&quot;&quot;,&quot;orientation&quot;:&quot;0&quot;}\" data-image-title=\"WhatsApp-Image-2023-04-04-at-08.35.487-1\" data-image-description=\"\" data-image-caption=\"\" data-large-file=\"https:\/\/www.cisa-arica.cl\/wp1\/wp-content\/uploads\/2023\/04\/WhatsApp-Image-2023-04-04-at-08.35.487-1-600x450.jpeg\" data-attachment-id=\"19808\" data-permalink=\"https:\/\/www.cisa-arica.cl\/wp1\/2023\/04\/03\/domingo-de-ramos-en-el-colegio\/whatsapp-image-2023-04-04-at-08-35-487-1\/\" data-orig-file=\"https:\/\/www.cisa-arica.cl\/wp1\/wp-content\/uploads\/2023\/04\/WhatsApp-Image-2023-04-04-at-08.35.487-1.jpeg\" data-orig-size=\"1024,768\" data-comments-opened=\"0\" data-image-meta=\"{&quot;aperture&quot;:&quot;0&quot;,&quot;credit&quot;:&quot;&quot;,&quot;camera&quot;:&quot;&quot;,&quot;caption&quot;:&quot;&quot;,&quot;created_timestamp&quot;:&quot;0&quot;,&quot;copyright&quot;:&quot;&quot;,&quot;focal_length&quot;:&quot;0&quot;,&quot;iso&quot;:&quot;0&quot;,&quot;shutter_speed&quot;:&quot;0&quot;,&quot;title&quot;:&quot;&quot;,&quot;orientation&quot;:&quot;0&quot;}\" data-image-title=\"WhatsApp-Image-2023-04-04-at-08.35.487-1\" data-image-description=\"\" data-image-caption=\"\" data-large-file=\"https:\/\/www.cisa-arica.cl\/wp1\/wp-content\/uploads\/2023\/04\/WhatsApp-Image-2023-04-04-at-08.35.487-1-600x450.jpeg\" role=\"button\" tabindex=\"0\" aria-label=\"Abrir la imagen 12 de 75 en pantalla completa\"srcset=\"https:\/\/i0.wp.com\/www.cisa-arica.cl\/wp1\/wp-content\/uploads\/2023\/04\/WhatsApp-Image-2023-04-04-at-08.35.487-1-600x450.jpeg?strip=info&#038;w=600&#038;ssl=1 600w,https:\/\/i0.wp.com\/www.cisa-arica.cl\/wp1\/wp-content\/uploads\/2023\/04\/WhatsApp-Image-2023-04-04-at-08.35.487-1-600x450.jpeg?strip=info&#038;w=900&#038;ssl=1 900w,https:\/\/i0.wp.com\/www.cisa-arica.cl\/wp1\/wp-content\/uploads\/2023\/04\/WhatsApp-Image-2023-04-04-at-08.35.487-1-600x450.jpeg?strip=info&#038;w=1024&#038;ssl=1 1024w\" alt=\"\" data-height=\"768\" data-id=\"19808\" data-link=\"https:\/\/www.cisa-arica.cl\/wp1\/2023\/04\/03\/domingo-de-ramos-en-el-colegio\/whatsapp-image-2023-04-04-at-08-35-487-1\/\" data-url=\"https:\/\/www.cisa-arica.cl\/wp1\/wp-content\/uploads\/2023\/04\/WhatsApp-Image-2023-04-04-at-08.35.487-1-600x450.jpeg\" data-width=\"1024\" src=\"https:\/\/i0.wp.com\/www.cisa-arica.cl\/wp1\/wp-content\/uploads\/2023\/04\/WhatsApp-Image-2023-04-04-at-08.35.487-1-600x450.jpeg?ssl=1\" data-amp-layout=\"responsive\"\/><\/figure><\/div><div class=\"tiled-gallery__col\" style=\"flex-basis:50.00000%\"><figure class=\"tiled-gallery__item\"><img decoding=\"async\" data-attachment-id=\"19809\" data-permalink=\"https:\/\/www.cisa-arica.cl\/wp1\/2023\/04\/03\/domingo-de-ramos-en-el-colegio\/whatsapp-image-2023-04-04-at-08-35-486-1\/\" data-orig-file=\"https:\/\/www.cisa-arica.cl\/wp1\/wp-content\/uploads\/2023\/04\/WhatsApp-Image-2023-04-04-at-08.35.486-1.jpeg\" data-orig-size=\"1024,768\" data-comments-opened=\"0\" data-image-meta=\"{&quot;aperture&quot;:&quot;0&quot;,&quot;credit&quot;:&quot;&quot;,&quot;camera&quot;:&quot;&quot;,&quot;caption&quot;:&quot;&quot;,&quot;created_timestamp&quot;:&quot;0&quot;,&quot;copyright&quot;:&quot;&quot;,&quot;focal_length&quot;:&quot;0&quot;,&quot;iso&quot;:&quot;0&quot;,&quot;shutter_speed&quot;:&quot;0&quot;,&quot;title&quot;:&quot;&quot;,&quot;orientation&quot;:&quot;0&quot;}\" data-image-title=\"WhatsApp-Image-2023-04-04-at-08.35.486-1\" data-image-description=\"\" data-image-caption=\"\" data-large-file=\"https:\/\/www.cisa-arica.cl\/wp1\/wp-content\/uploads\/2023\/04\/WhatsApp-Image-2023-04-04-at-08.35.486-1-600x450.jpeg\" data-attachment-id=\"19809\" data-permalink=\"https:\/\/www.cisa-arica.cl\/wp1\/2023\/04\/03\/domingo-de-ramos-en-el-colegio\/whatsapp-image-2023-04-04-at-08-35-486-1\/\" data-orig-file=\"https:\/\/www.cisa-arica.cl\/wp1\/wp-content\/uploads\/2023\/04\/WhatsApp-Image-2023-04-04-at-08.35.486-1.jpeg\" data-orig-size=\"1024,768\" data-comments-opened=\"0\" data-image-meta=\"{&quot;aperture&quot;:&quot;0&quot;,&quot;credit&quot;:&quot;&quot;,&quot;camera&quot;:&quot;&quot;,&quot;caption&quot;:&quot;&quot;,&quot;created_timestamp&quot;:&quot;0&quot;,&quot;copyright&quot;:&quot;&quot;,&quot;focal_length&quot;:&quot;0&quot;,&quot;iso&quot;:&quot;0&quot;,&quot;shutter_speed&quot;:&quot;0&quot;,&quot;title&quot;:&quot;&quot;,&quot;orientation&quot;:&quot;0&quot;}\" data-image-title=\"WhatsApp-Image-2023-04-04-at-08.35.486-1\" data-image-description=\"\" data-image-caption=\"\" data-large-file=\"https:\/\/www.cisa-arica.cl\/wp1\/wp-content\/uploads\/2023\/04\/WhatsApp-Image-2023-04-04-at-08.35.486-1-600x450.jpeg\" role=\"button\" tabindex=\"0\" aria-label=\"Abrir la imagen 13 de 75 en pantalla completa\"srcset=\"https:\/\/i2.wp.com\/www.cisa-arica.cl\/wp1\/wp-content\/uploads\/2023\/04\/WhatsApp-Image-2023-04-04-at-08.35.486-1-600x450.jpeg?strip=info&#038;w=600&#038;ssl=1 600w,https:\/\/i2.wp.com\/www.cisa-arica.cl\/wp1\/wp-content\/uploads\/2023\/04\/WhatsApp-Image-2023-04-04-at-08.35.486-1-600x450.jpeg?strip=info&#038;w=900&#038;ssl=1 900w,https:\/\/i2.wp.com\/www.cisa-arica.cl\/wp1\/wp-content\/uploads\/2023\/04\/WhatsApp-Image-2023-04-04-at-08.35.486-1-600x450.jpeg?strip=info&#038;w=1024&#038;ssl=1 1024w\" alt=\"\" data-height=\"768\" data-id=\"19809\" data-link=\"https:\/\/www.cisa-arica.cl\/wp1\/2023\/04\/03\/domingo-de-ramos-en-el-colegio\/whatsapp-image-2023-04-04-at-08-35-486-1\/\" data-url=\"https:\/\/www.cisa-arica.cl\/wp1\/wp-content\/uploads\/2023\/04\/WhatsApp-Image-2023-04-04-at-08.35.486-1-600x450.jpeg\" data-width=\"1024\" src=\"https:\/\/i2.wp.com\/www.cisa-arica.cl\/wp1\/wp-content\/uploads\/2023\/04\/WhatsApp-Image-2023-04-04-at-08.35.486-1-600x450.jpeg?ssl=1\" data-amp-layout=\"responsive\"\/><\/figure><\/div><\/div><div class=\"tiled-gallery__row\"><div class=\"tiled-gallery__col\" style=\"flex-basis:50.00000%\"><figure class=\"tiled-gallery__item\"><img decoding=\"async\" data-attachment-id=\"19810\" data-permalink=\"https:\/\/www.cisa-arica.cl\/wp1\/2023\/04\/03\/domingo-de-ramos-en-el-colegio\/whatsapp-image-2023-04-04-at-08-35-485-1\/\" data-orig-file=\"https:\/\/www.cisa-arica.cl\/wp1\/wp-content\/uploads\/2023\/04\/WhatsApp-Image-2023-04-04-at-08.35.485-1.jpeg\" data-orig-size=\"768,1024\" data-comments-opened=\"0\" data-image-meta=\"{&quot;aperture&quot;:&quot;0&quot;,&quot;credit&quot;:&quot;&quot;,&quot;camera&quot;:&quot;&quot;,&quot;caption&quot;:&quot;&quot;,&quot;created_timestamp&quot;:&quot;0&quot;,&quot;copyright&quot;:&quot;&quot;,&quot;focal_length&quot;:&quot;0&quot;,&quot;iso&quot;:&quot;0&quot;,&quot;shutter_speed&quot;:&quot;0&quot;,&quot;title&quot;:&quot;&quot;,&quot;orientation&quot;:&quot;0&quot;}\" data-image-title=\"WhatsApp-Image-2023-04-04-at-08.35.485-1\" data-image-description=\"\" data-image-caption=\"\" data-large-file=\"https:\/\/www.cisa-arica.cl\/wp1\/wp-content\/uploads\/2023\/04\/WhatsApp-Image-2023-04-04-at-08.35.485-1-450x600.jpeg\" data-attachment-id=\"19810\" data-permalink=\"https:\/\/www.cisa-arica.cl\/wp1\/2023\/04\/03\/domingo-de-ramos-en-el-colegio\/whatsapp-image-2023-04-04-at-08-35-485-1\/\" data-orig-file=\"https:\/\/www.cisa-arica.cl\/wp1\/wp-content\/uploads\/2023\/04\/WhatsApp-Image-2023-04-04-at-08.35.485-1.jpeg\" data-orig-size=\"768,1024\" data-comments-opened=\"0\" data-image-meta=\"{&quot;aperture&quot;:&quot;0&quot;,&quot;credit&quot;:&quot;&quot;,&quot;camera&quot;:&quot;&quot;,&quot;caption&quot;:&quot;&quot;,&quot;created_timestamp&quot;:&quot;0&quot;,&quot;copyright&quot;:&quot;&quot;,&quot;focal_length&quot;:&quot;0&quot;,&quot;iso&quot;:&quot;0&quot;,&quot;shutter_speed&quot;:&quot;0&quot;,&quot;title&quot;:&quot;&quot;,&quot;orientation&quot;:&quot;0&quot;}\" data-image-title=\"WhatsApp-Image-2023-04-04-at-08.35.485-1\" data-image-description=\"\" data-image-caption=\"\" data-large-file=\"https:\/\/www.cisa-arica.cl\/wp1\/wp-content\/uploads\/2023\/04\/WhatsApp-Image-2023-04-04-at-08.35.485-1-450x600.jpeg\" role=\"button\" tabindex=\"0\" aria-label=\"Abrir la imagen 14 de 75 en pantalla completa\"srcset=\"https:\/\/i0.wp.com\/www.cisa-arica.cl\/wp1\/wp-content\/uploads\/2023\/04\/WhatsApp-Image-2023-04-04-at-08.35.485-1-450x600.jpeg?strip=info&#038;w=600&#038;ssl=1 600w,https:\/\/i0.wp.com\/www.cisa-arica.cl\/wp1\/wp-content\/uploads\/2023\/04\/WhatsApp-Image-2023-04-04-at-08.35.485-1-450x600.jpeg?strip=info&#038;w=768&#038;ssl=1 768w\" alt=\"\" data-height=\"1024\" data-id=\"19810\" data-link=\"https:\/\/www.cisa-arica.cl\/wp1\/2023\/04\/03\/domingo-de-ramos-en-el-colegio\/whatsapp-image-2023-04-04-at-08-35-485-1\/\" data-url=\"https:\/\/www.cisa-arica.cl\/wp1\/wp-content\/uploads\/2023\/04\/WhatsApp-Image-2023-04-04-at-08.35.485-1-450x600.jpeg\" data-width=\"768\" src=\"https:\/\/i0.wp.com\/www.cisa-arica.cl\/wp1\/wp-content\/uploads\/2023\/04\/WhatsApp-Image-2023-04-04-at-08.35.485-1-450x600.jpeg?ssl=1\" data-amp-layout=\"responsive\"\/><\/figure><\/div><div class=\"tiled-gallery__col\" style=\"flex-basis:50.00000%\"><figure class=\"tiled-gallery__item\"><img decoding=\"async\" data-attachment-id=\"19811\" data-permalink=\"https:\/\/www.cisa-arica.cl\/wp1\/2023\/04\/03\/domingo-de-ramos-en-el-colegio\/whatsapp-image-2023-04-04-at-08-35-484-1\/\" data-orig-file=\"https:\/\/www.cisa-arica.cl\/wp1\/wp-content\/uploads\/2023\/04\/WhatsApp-Image-2023-04-04-at-08.35.484-1.jpeg\" data-orig-size=\"768,1024\" data-comments-opened=\"0\" data-image-meta=\"{&quot;aperture&quot;:&quot;0&quot;,&quot;credit&quot;:&quot;&quot;,&quot;camera&quot;:&quot;&quot;,&quot;caption&quot;:&quot;&quot;,&quot;created_timestamp&quot;:&quot;0&quot;,&quot;copyright&quot;:&quot;&quot;,&quot;focal_length&quot;:&quot;0&quot;,&quot;iso&quot;:&quot;0&quot;,&quot;shutter_speed&quot;:&quot;0&quot;,&quot;title&quot;:&quot;&quot;,&quot;orientation&quot;:&quot;0&quot;}\" data-image-title=\"WhatsApp-Image-2023-04-04-at-08.35.484-1\" data-image-description=\"\" data-image-caption=\"\" data-large-file=\"https:\/\/www.cisa-arica.cl\/wp1\/wp-content\/uploads\/2023\/04\/WhatsApp-Image-2023-04-04-at-08.35.484-1-450x600.jpeg\" data-attachment-id=\"19811\" data-permalink=\"https:\/\/www.cisa-arica.cl\/wp1\/2023\/04\/03\/domingo-de-ramos-en-el-colegio\/whatsapp-image-2023-04-04-at-08-35-484-1\/\" data-orig-file=\"https:\/\/www.cisa-arica.cl\/wp1\/wp-content\/uploads\/2023\/04\/WhatsApp-Image-2023-04-04-at-08.35.484-1.jpeg\" data-orig-size=\"768,1024\" data-comments-opened=\"0\" data-image-meta=\"{&quot;aperture&quot;:&quot;0&quot;,&quot;credit&quot;:&quot;&quot;,&quot;camera&quot;:&quot;&quot;,&quot;caption&quot;:&quot;&quot;,&quot;created_timestamp&quot;:&quot;0&quot;,&quot;copyright&quot;:&quot;&quot;,&quot;focal_length&quot;:&quot;0&quot;,&quot;iso&quot;:&quot;0&quot;,&quot;shutter_speed&quot;:&quot;0&quot;,&quot;title&quot;:&quot;&quot;,&quot;orientation&quot;:&quot;0&quot;}\" data-image-title=\"WhatsApp-Image-2023-04-04-at-08.35.484-1\" data-image-description=\"\" data-image-caption=\"\" data-large-file=\"https:\/\/www.cisa-arica.cl\/wp1\/wp-content\/uploads\/2023\/04\/WhatsApp-Image-2023-04-04-at-08.35.484-1-450x600.jpeg\" role=\"button\" tabindex=\"0\" aria-label=\"Abrir la imagen 15 de 75 en pantalla completa\"srcset=\"https:\/\/i2.wp.com\/www.cisa-arica.cl\/wp1\/wp-content\/uploads\/2023\/04\/WhatsApp-Image-2023-04-04-at-08.35.484-1-450x600.jpeg?strip=info&#038;w=600&#038;ssl=1 600w,https:\/\/i2.wp.com\/www.cisa-arica.cl\/wp1\/wp-content\/uploads\/2023\/04\/WhatsApp-Image-2023-04-04-at-08.35.484-1-450x600.jpeg?strip=info&#038;w=768&#038;ssl=1 768w\" alt=\"\" data-height=\"1024\" data-id=\"19811\" data-link=\"https:\/\/www.cisa-arica.cl\/wp1\/2023\/04\/03\/domingo-de-ramos-en-el-colegio\/whatsapp-image-2023-04-04-at-08-35-484-1\/\" data-url=\"https:\/\/www.cisa-arica.cl\/wp1\/wp-content\/uploads\/2023\/04\/WhatsApp-Image-2023-04-04-at-08.35.484-1-450x600.jpeg\" data-width=\"768\" src=\"https:\/\/i2.wp.com\/www.cisa-arica.cl\/wp1\/wp-content\/uploads\/2023\/04\/WhatsApp-Image-2023-04-04-at-08.35.484-1-450x600.jpeg?ssl=1\" data-amp-layout=\"responsive\"\/><\/figure><\/div><\/div><div class=\"tiled-gallery__row\"><div class=\"tiled-gallery__col\" style=\"flex-basis:66.74547%\"><figure class=\"tiled-gallery__item\"><img decoding=\"async\" data-attachment-id=\"19812\" data-permalink=\"https:\/\/www.cisa-arica.cl\/wp1\/2023\/04\/03\/domingo-de-ramos-en-el-colegio\/whatsapp-image-2023-04-04-at-08-35-483-1\/\" data-orig-file=\"https:\/\/www.cisa-arica.cl\/wp1\/wp-content\/uploads\/2023\/04\/WhatsApp-Image-2023-04-04-at-08.35.483-1.jpeg\" data-orig-size=\"1024,768\" data-comments-opened=\"0\" data-image-meta=\"{&quot;aperture&quot;:&quot;0&quot;,&quot;credit&quot;:&quot;&quot;,&quot;camera&quot;:&quot;&quot;,&quot;caption&quot;:&quot;&quot;,&quot;created_timestamp&quot;:&quot;0&quot;,&quot;copyright&quot;:&quot;&quot;,&quot;focal_length&quot;:&quot;0&quot;,&quot;iso&quot;:&quot;0&quot;,&quot;shutter_speed&quot;:&quot;0&quot;,&quot;title&quot;:&quot;&quot;,&quot;orientation&quot;:&quot;0&quot;}\" data-image-title=\"WhatsApp-Image-2023-04-04-at-08.35.483-1\" data-image-description=\"\" data-image-caption=\"\" data-large-file=\"https:\/\/www.cisa-arica.cl\/wp1\/wp-content\/uploads\/2023\/04\/WhatsApp-Image-2023-04-04-at-08.35.483-1-600x450.jpeg\" data-attachment-id=\"19812\" data-permalink=\"https:\/\/www.cisa-arica.cl\/wp1\/2023\/04\/03\/domingo-de-ramos-en-el-colegio\/whatsapp-image-2023-04-04-at-08-35-483-1\/\" data-orig-file=\"https:\/\/www.cisa-arica.cl\/wp1\/wp-content\/uploads\/2023\/04\/WhatsApp-Image-2023-04-04-at-08.35.483-1.jpeg\" data-orig-size=\"1024,768\" data-comments-opened=\"0\" data-image-meta=\"{&quot;aperture&quot;:&quot;0&quot;,&quot;credit&quot;:&quot;&quot;,&quot;camera&quot;:&quot;&quot;,&quot;caption&quot;:&quot;&quot;,&quot;created_timestamp&quot;:&quot;0&quot;,&quot;copyright&quot;:&quot;&quot;,&quot;focal_length&quot;:&quot;0&quot;,&quot;iso&quot;:&quot;0&quot;,&quot;shutter_speed&quot;:&quot;0&quot;,&quot;title&quot;:&quot;&quot;,&quot;orientation&quot;:&quot;0&quot;}\" data-image-title=\"WhatsApp-Image-2023-04-04-at-08.35.483-1\" data-image-description=\"\" data-image-caption=\"\" data-large-file=\"https:\/\/www.cisa-arica.cl\/wp1\/wp-content\/uploads\/2023\/04\/WhatsApp-Image-2023-04-04-at-08.35.483-1-600x450.jpeg\" role=\"button\" tabindex=\"0\" aria-label=\"Abrir la imagen 16 de 75 en pantalla completa\"srcset=\"https:\/\/i0.wp.com\/www.cisa-arica.cl\/wp1\/wp-content\/uploads\/2023\/04\/WhatsApp-Image-2023-04-04-at-08.35.483-1-600x450.jpeg?strip=info&#038;w=600&#038;ssl=1 600w,https:\/\/i0.wp.com\/www.cisa-arica.cl\/wp1\/wp-content\/uploads\/2023\/04\/WhatsApp-Image-2023-04-04-at-08.35.483-1-600x450.jpeg?strip=info&#038;w=900&#038;ssl=1 900w,https:\/\/i0.wp.com\/www.cisa-arica.cl\/wp1\/wp-content\/uploads\/2023\/04\/WhatsApp-Image-2023-04-04-at-08.35.483-1-600x450.jpeg?strip=info&#038;w=1024&#038;ssl=1 1024w\" alt=\"\" data-height=\"768\" data-id=\"19812\" data-link=\"https:\/\/www.cisa-arica.cl\/wp1\/2023\/04\/03\/domingo-de-ramos-en-el-colegio\/whatsapp-image-2023-04-04-at-08-35-483-1\/\" data-url=\"https:\/\/www.cisa-arica.cl\/wp1\/wp-content\/uploads\/2023\/04\/WhatsApp-Image-2023-04-04-at-08.35.483-1-600x450.jpeg\" data-width=\"1024\" src=\"https:\/\/i0.wp.com\/www.cisa-arica.cl\/wp1\/wp-content\/uploads\/2023\/04\/WhatsApp-Image-2023-04-04-at-08.35.483-1-600x450.jpeg?ssl=1\" data-amp-layout=\"responsive\"\/><\/figure><\/div><div class=\"tiled-gallery__col\" style=\"flex-basis:33.25453%\"><figure class=\"tiled-gallery__item\"><img decoding=\"async\" data-attachment-id=\"19813\" data-permalink=\"https:\/\/www.cisa-arica.cl\/wp1\/2023\/04\/03\/domingo-de-ramos-en-el-colegio\/whatsapp-image-2023-04-04-at-08-35-482-1\/\" data-orig-file=\"https:\/\/www.cisa-arica.cl\/wp1\/wp-content\/uploads\/2023\/04\/WhatsApp-Image-2023-04-04-at-08.35.482-1.jpeg\" data-orig-size=\"1024,768\" data-comments-opened=\"0\" data-image-meta=\"{&quot;aperture&quot;:&quot;0&quot;,&quot;credit&quot;:&quot;&quot;,&quot;camera&quot;:&quot;&quot;,&quot;caption&quot;:&quot;&quot;,&quot;created_timestamp&quot;:&quot;0&quot;,&quot;copyright&quot;:&quot;&quot;,&quot;focal_length&quot;:&quot;0&quot;,&quot;iso&quot;:&quot;0&quot;,&quot;shutter_speed&quot;:&quot;0&quot;,&quot;title&quot;:&quot;&quot;,&quot;orientation&quot;:&quot;0&quot;}\" data-image-title=\"WhatsApp-Image-2023-04-04-at-08.35.482-1\" data-image-description=\"\" data-image-caption=\"\" data-large-file=\"https:\/\/www.cisa-arica.cl\/wp1\/wp-content\/uploads\/2023\/04\/WhatsApp-Image-2023-04-04-at-08.35.482-1-600x450.jpeg\" data-attachment-id=\"19813\" data-permalink=\"https:\/\/www.cisa-arica.cl\/wp1\/2023\/04\/03\/domingo-de-ramos-en-el-colegio\/whatsapp-image-2023-04-04-at-08-35-482-1\/\" data-orig-file=\"https:\/\/www.cisa-arica.cl\/wp1\/wp-content\/uploads\/2023\/04\/WhatsApp-Image-2023-04-04-at-08.35.482-1.jpeg\" data-orig-size=\"1024,768\" data-comments-opened=\"0\" data-image-meta=\"{&quot;aperture&quot;:&quot;0&quot;,&quot;credit&quot;:&quot;&quot;,&quot;camera&quot;:&quot;&quot;,&quot;caption&quot;:&quot;&quot;,&quot;created_timestamp&quot;:&quot;0&quot;,&quot;copyright&quot;:&quot;&quot;,&quot;focal_length&quot;:&quot;0&quot;,&quot;iso&quot;:&quot;0&quot;,&quot;shutter_speed&quot;:&quot;0&quot;,&quot;title&quot;:&quot;&quot;,&quot;orientation&quot;:&quot;0&quot;}\" data-image-title=\"WhatsApp-Image-2023-04-04-at-08.35.482-1\" data-image-description=\"\" data-image-caption=\"\" data-large-file=\"https:\/\/www.cisa-arica.cl\/wp1\/wp-content\/uploads\/2023\/04\/WhatsApp-Image-2023-04-04-at-08.35.482-1-600x450.jpeg\" role=\"button\" tabindex=\"0\" aria-label=\"Abrir la imagen 17 de 75 en pantalla completa\"srcset=\"https:\/\/i1.wp.com\/www.cisa-arica.cl\/wp1\/wp-content\/uploads\/2023\/04\/WhatsApp-Image-2023-04-04-at-08.35.482-1-600x450.jpeg?strip=info&#038;w=600&#038;ssl=1 600w,https:\/\/i1.wp.com\/www.cisa-arica.cl\/wp1\/wp-content\/uploads\/2023\/04\/WhatsApp-Image-2023-04-04-at-08.35.482-1-600x450.jpeg?strip=info&#038;w=900&#038;ssl=1 900w,https:\/\/i1.wp.com\/www.cisa-arica.cl\/wp1\/wp-content\/uploads\/2023\/04\/WhatsApp-Image-2023-04-04-at-08.35.482-1-600x450.jpeg?strip=info&#038;w=1024&#038;ssl=1 1024w\" alt=\"\" data-height=\"768\" data-id=\"19813\" data-link=\"https:\/\/www.cisa-arica.cl\/wp1\/2023\/04\/03\/domingo-de-ramos-en-el-colegio\/whatsapp-image-2023-04-04-at-08-35-482-1\/\" data-url=\"https:\/\/www.cisa-arica.cl\/wp1\/wp-content\/uploads\/2023\/04\/WhatsApp-Image-2023-04-04-at-08.35.482-1-600x450.jpeg\" data-width=\"1024\" src=\"https:\/\/i1.wp.com\/www.cisa-arica.cl\/wp1\/wp-content\/uploads\/2023\/04\/WhatsApp-Image-2023-04-04-at-08.35.482-1-600x450.jpeg?ssl=1\" data-amp-layout=\"responsive\"\/><\/figure><figure class=\"tiled-gallery__item\"><img decoding=\"async\" data-attachment-id=\"19814\" data-permalink=\"https:\/\/www.cisa-arica.cl\/wp1\/2023\/04\/03\/domingo-de-ramos-en-el-colegio\/whatsapp-image-2023-04-04-at-08-35-481-1\/\" data-orig-file=\"https:\/\/www.cisa-arica.cl\/wp1\/wp-content\/uploads\/2023\/04\/WhatsApp-Image-2023-04-04-at-08.35.481-1.jpeg\" data-orig-size=\"1024,768\" data-comments-opened=\"0\" data-image-meta=\"{&quot;aperture&quot;:&quot;0&quot;,&quot;credit&quot;:&quot;&quot;,&quot;camera&quot;:&quot;&quot;,&quot;caption&quot;:&quot;&quot;,&quot;created_timestamp&quot;:&quot;0&quot;,&quot;copyright&quot;:&quot;&quot;,&quot;focal_length&quot;:&quot;0&quot;,&quot;iso&quot;:&quot;0&quot;,&quot;shutter_speed&quot;:&quot;0&quot;,&quot;title&quot;:&quot;&quot;,&quot;orientation&quot;:&quot;0&quot;}\" data-image-title=\"WhatsApp-Image-2023-04-04-at-08.35.481-1\" data-image-description=\"\" data-image-caption=\"\" data-large-file=\"https:\/\/www.cisa-arica.cl\/wp1\/wp-content\/uploads\/2023\/04\/WhatsApp-Image-2023-04-04-at-08.35.481-1-600x450.jpeg\" data-attachment-id=\"19814\" data-permalink=\"https:\/\/www.cisa-arica.cl\/wp1\/2023\/04\/03\/domingo-de-ramos-en-el-colegio\/whatsapp-image-2023-04-04-at-08-35-481-1\/\" data-orig-file=\"https:\/\/www.cisa-arica.cl\/wp1\/wp-content\/uploads\/2023\/04\/WhatsApp-Image-2023-04-04-at-08.35.481-1.jpeg\" data-orig-size=\"1024,768\" data-comments-opened=\"0\" data-image-meta=\"{&quot;aperture&quot;:&quot;0&quot;,&quot;credit&quot;:&quot;&quot;,&quot;camera&quot;:&quot;&quot;,&quot;caption&quot;:&quot;&quot;,&quot;created_timestamp&quot;:&quot;0&quot;,&quot;copyright&quot;:&quot;&quot;,&quot;focal_length&quot;:&quot;0&quot;,&quot;iso&quot;:&quot;0&quot;,&quot;shutter_speed&quot;:&quot;0&quot;,&quot;title&quot;:&quot;&quot;,&quot;orientation&quot;:&quot;0&quot;}\" data-image-title=\"WhatsApp-Image-2023-04-04-at-08.35.481-1\" data-image-description=\"\" data-image-caption=\"\" data-large-file=\"https:\/\/www.cisa-arica.cl\/wp1\/wp-content\/uploads\/2023\/04\/WhatsApp-Image-2023-04-04-at-08.35.481-1-600x450.jpeg\" role=\"button\" tabindex=\"0\" aria-label=\"Abrir la imagen 18 de 75 en pantalla completa\"srcset=\"https:\/\/i2.wp.com\/www.cisa-arica.cl\/wp1\/wp-content\/uploads\/2023\/04\/WhatsApp-Image-2023-04-04-at-08.35.481-1-600x450.jpeg?strip=info&#038;w=600&#038;ssl=1 600w,https:\/\/i2.wp.com\/www.cisa-arica.cl\/wp1\/wp-content\/uploads\/2023\/04\/WhatsApp-Image-2023-04-04-at-08.35.481-1-600x450.jpeg?strip=info&#038;w=900&#038;ssl=1 900w,https:\/\/i2.wp.com\/www.cisa-arica.cl\/wp1\/wp-content\/uploads\/2023\/04\/WhatsApp-Image-2023-04-04-at-08.35.481-1-600x450.jpeg?strip=info&#038;w=1024&#038;ssl=1 1024w\" alt=\"\" data-height=\"768\" data-id=\"19814\" data-link=\"https:\/\/www.cisa-arica.cl\/wp1\/2023\/04\/03\/domingo-de-ramos-en-el-colegio\/whatsapp-image-2023-04-04-at-08-35-481-1\/\" data-url=\"https:\/\/www.cisa-arica.cl\/wp1\/wp-content\/uploads\/2023\/04\/WhatsApp-Image-2023-04-04-at-08.35.481-1-600x450.jpeg\" data-width=\"1024\" src=\"https:\/\/i2.wp.com\/www.cisa-arica.cl\/wp1\/wp-content\/uploads\/2023\/04\/WhatsApp-Image-2023-04-04-at-08.35.481-1-600x450.jpeg?ssl=1\" data-amp-layout=\"responsive\"\/><\/figure><\/div><\/div><div class=\"tiled-gallery__row\"><div class=\"tiled-gallery__col\" style=\"flex-basis:46.94605%\"><figure class=\"tiled-gallery__item\"><img decoding=\"async\" data-attachment-id=\"19815\" data-permalink=\"https:\/\/www.cisa-arica.cl\/wp1\/2023\/04\/03\/domingo-de-ramos-en-el-colegio\/whatsapp-image-2023-04-04-at-08-35-473-2\/\" data-orig-file=\"https:\/\/www.cisa-arica.cl\/wp1\/wp-content\/uploads\/2023\/04\/WhatsApp-Image-2023-04-04-at-08.35.473-2.jpeg\" data-orig-size=\"1024,768\" data-comments-opened=\"0\" data-image-meta=\"{&quot;aperture&quot;:&quot;0&quot;,&quot;credit&quot;:&quot;&quot;,&quot;camera&quot;:&quot;&quot;,&quot;caption&quot;:&quot;&quot;,&quot;created_timestamp&quot;:&quot;0&quot;,&quot;copyright&quot;:&quot;&quot;,&quot;focal_length&quot;:&quot;0&quot;,&quot;iso&quot;:&quot;0&quot;,&quot;shutter_speed&quot;:&quot;0&quot;,&quot;title&quot;:&quot;&quot;,&quot;orientation&quot;:&quot;0&quot;}\" data-image-title=\"WhatsApp-Image-2023-04-04-at-08.35.473-2\" data-image-description=\"\" data-image-caption=\"\" data-large-file=\"https:\/\/www.cisa-arica.cl\/wp1\/wp-content\/uploads\/2023\/04\/WhatsApp-Image-2023-04-04-at-08.35.473-2-600x450.jpeg\" data-attachment-id=\"19815\" data-permalink=\"https:\/\/www.cisa-arica.cl\/wp1\/2023\/04\/03\/domingo-de-ramos-en-el-colegio\/whatsapp-image-2023-04-04-at-08-35-473-2\/\" data-orig-file=\"https:\/\/www.cisa-arica.cl\/wp1\/wp-content\/uploads\/2023\/04\/WhatsApp-Image-2023-04-04-at-08.35.473-2.jpeg\" data-orig-size=\"1024,768\" data-comments-opened=\"0\" data-image-meta=\"{&quot;aperture&quot;:&quot;0&quot;,&quot;credit&quot;:&quot;&quot;,&quot;camera&quot;:&quot;&quot;,&quot;caption&quot;:&quot;&quot;,&quot;created_timestamp&quot;:&quot;0&quot;,&quot;copyright&quot;:&quot;&quot;,&quot;focal_length&quot;:&quot;0&quot;,&quot;iso&quot;:&quot;0&quot;,&quot;shutter_speed&quot;:&quot;0&quot;,&quot;title&quot;:&quot;&quot;,&quot;orientation&quot;:&quot;0&quot;}\" data-image-title=\"WhatsApp-Image-2023-04-04-at-08.35.473-2\" data-image-description=\"\" data-image-caption=\"\" data-large-file=\"https:\/\/www.cisa-arica.cl\/wp1\/wp-content\/uploads\/2023\/04\/WhatsApp-Image-2023-04-04-at-08.35.473-2-600x450.jpeg\" role=\"button\" tabindex=\"0\" aria-label=\"Abrir la imagen 19 de 75 en pantalla completa\"srcset=\"https:\/\/i2.wp.com\/www.cisa-arica.cl\/wp1\/wp-content\/uploads\/2023\/04\/WhatsApp-Image-2023-04-04-at-08.35.473-2-600x450.jpeg?strip=info&#038;w=600&#038;ssl=1 600w,https:\/\/i2.wp.com\/www.cisa-arica.cl\/wp1\/wp-content\/uploads\/2023\/04\/WhatsApp-Image-2023-04-04-at-08.35.473-2-600x450.jpeg?strip=info&#038;w=900&#038;ssl=1 900w,https:\/\/i2.wp.com\/www.cisa-arica.cl\/wp1\/wp-content\/uploads\/2023\/04\/WhatsApp-Image-2023-04-04-at-08.35.473-2-600x450.jpeg?strip=info&#038;w=1024&#038;ssl=1 1024w\" alt=\"\" data-height=\"768\" data-id=\"19815\" data-link=\"https:\/\/www.cisa-arica.cl\/wp1\/2023\/04\/03\/domingo-de-ramos-en-el-colegio\/whatsapp-image-2023-04-04-at-08-35-473-2\/\" data-url=\"https:\/\/www.cisa-arica.cl\/wp1\/wp-content\/uploads\/2023\/04\/WhatsApp-Image-2023-04-04-at-08.35.473-2-600x450.jpeg\" data-width=\"1024\" src=\"https:\/\/i2.wp.com\/www.cisa-arica.cl\/wp1\/wp-content\/uploads\/2023\/04\/WhatsApp-Image-2023-04-04-at-08.35.473-2-600x450.jpeg?ssl=1\" data-amp-layout=\"responsive\"\/><\/figure><figure class=\"tiled-gallery__item\"><img decoding=\"async\" data-attachment-id=\"19816\" data-permalink=\"https:\/\/www.cisa-arica.cl\/wp1\/2023\/04\/03\/domingo-de-ramos-en-el-colegio\/whatsapp-image-2023-04-04-at-08-35-472-3\/\" data-orig-file=\"https:\/\/www.cisa-arica.cl\/wp1\/wp-content\/uploads\/2023\/04\/WhatsApp-Image-2023-04-04-at-08.35.472-3.jpeg\" data-orig-size=\"1024,768\" data-comments-opened=\"0\" data-image-meta=\"{&quot;aperture&quot;:&quot;0&quot;,&quot;credit&quot;:&quot;&quot;,&quot;camera&quot;:&quot;&quot;,&quot;caption&quot;:&quot;&quot;,&quot;created_timestamp&quot;:&quot;0&quot;,&quot;copyright&quot;:&quot;&quot;,&quot;focal_length&quot;:&quot;0&quot;,&quot;iso&quot;:&quot;0&quot;,&quot;shutter_speed&quot;:&quot;0&quot;,&quot;title&quot;:&quot;&quot;,&quot;orientation&quot;:&quot;0&quot;}\" data-image-title=\"WhatsApp-Image-2023-04-04-at-08.35.472-3\" data-image-description=\"\" data-image-caption=\"\" data-large-file=\"https:\/\/www.cisa-arica.cl\/wp1\/wp-content\/uploads\/2023\/04\/WhatsApp-Image-2023-04-04-at-08.35.472-3-600x450.jpeg\" data-attachment-id=\"19816\" data-permalink=\"https:\/\/www.cisa-arica.cl\/wp1\/2023\/04\/03\/domingo-de-ramos-en-el-colegio\/whatsapp-image-2023-04-04-at-08-35-472-3\/\" data-orig-file=\"https:\/\/www.cisa-arica.cl\/wp1\/wp-content\/uploads\/2023\/04\/WhatsApp-Image-2023-04-04-at-08.35.472-3.jpeg\" data-orig-size=\"1024,768\" data-comments-opened=\"0\" data-image-meta=\"{&quot;aperture&quot;:&quot;0&quot;,&quot;credit&quot;:&quot;&quot;,&quot;camera&quot;:&quot;&quot;,&quot;caption&quot;:&quot;&quot;,&quot;created_timestamp&quot;:&quot;0&quot;,&quot;copyright&quot;:&quot;&quot;,&quot;focal_length&quot;:&quot;0&quot;,&quot;iso&quot;:&quot;0&quot;,&quot;shutter_speed&quot;:&quot;0&quot;,&quot;title&quot;:&quot;&quot;,&quot;orientation&quot;:&quot;0&quot;}\" data-image-title=\"WhatsApp-Image-2023-04-04-at-08.35.472-3\" data-image-description=\"\" data-image-caption=\"\" data-large-file=\"https:\/\/www.cisa-arica.cl\/wp1\/wp-content\/uploads\/2023\/04\/WhatsApp-Image-2023-04-04-at-08.35.472-3-600x450.jpeg\" role=\"button\" tabindex=\"0\" aria-label=\"Abrir la imagen 20 de 75 en pantalla completa\"srcset=\"https:\/\/i0.wp.com\/www.cisa-arica.cl\/wp1\/wp-content\/uploads\/2023\/04\/WhatsApp-Image-2023-04-04-at-08.35.472-3-600x450.jpeg?strip=info&#038;w=600&#038;ssl=1 600w,https:\/\/i0.wp.com\/www.cisa-arica.cl\/wp1\/wp-content\/uploads\/2023\/04\/WhatsApp-Image-2023-04-04-at-08.35.472-3-600x450.jpeg?strip=info&#038;w=900&#038;ssl=1 900w,https:\/\/i0.wp.com\/www.cisa-arica.cl\/wp1\/wp-content\/uploads\/2023\/04\/WhatsApp-Image-2023-04-04-at-08.35.472-3-600x450.jpeg?strip=info&#038;w=1024&#038;ssl=1 1024w\" alt=\"\" data-height=\"768\" data-id=\"19816\" data-link=\"https:\/\/www.cisa-arica.cl\/wp1\/2023\/04\/03\/domingo-de-ramos-en-el-colegio\/whatsapp-image-2023-04-04-at-08-35-472-3\/\" data-url=\"https:\/\/www.cisa-arica.cl\/wp1\/wp-content\/uploads\/2023\/04\/WhatsApp-Image-2023-04-04-at-08.35.472-3-600x450.jpeg\" data-width=\"1024\" src=\"https:\/\/i0.wp.com\/www.cisa-arica.cl\/wp1\/wp-content\/uploads\/2023\/04\/WhatsApp-Image-2023-04-04-at-08.35.472-3-600x450.jpeg?ssl=1\" data-amp-layout=\"responsive\"\/><\/figure><\/div><div class=\"tiled-gallery__col\" style=\"flex-basis:53.05395%\"><figure class=\"tiled-gallery__item\"><img decoding=\"async\" data-attachment-id=\"19817\" data-permalink=\"https:\/\/www.cisa-arica.cl\/wp1\/2023\/04\/03\/domingo-de-ramos-en-el-colegio\/whatsapp-image-2023-04-04-at-08-35-49-1\/\" data-orig-file=\"https:\/\/www.cisa-arica.cl\/wp1\/wp-content\/uploads\/2023\/04\/WhatsApp-Image-2023-04-04-at-08.35.49-1.jpeg\" data-orig-size=\"768,1024\" data-comments-opened=\"0\" data-image-meta=\"{&quot;aperture&quot;:&quot;0&quot;,&quot;credit&quot;:&quot;&quot;,&quot;camera&quot;:&quot;&quot;,&quot;caption&quot;:&quot;&quot;,&quot;created_timestamp&quot;:&quot;0&quot;,&quot;copyright&quot;:&quot;&quot;,&quot;focal_length&quot;:&quot;0&quot;,&quot;iso&quot;:&quot;0&quot;,&quot;shutter_speed&quot;:&quot;0&quot;,&quot;title&quot;:&quot;&quot;,&quot;orientation&quot;:&quot;0&quot;}\" data-image-title=\"WhatsApp-Image-2023-04-04-at-08.35.49-1\" data-image-description=\"\" data-image-caption=\"\" data-large-file=\"https:\/\/www.cisa-arica.cl\/wp1\/wp-content\/uploads\/2023\/04\/WhatsApp-Image-2023-04-04-at-08.35.49-1-450x600.jpeg\" data-attachment-id=\"19817\" data-permalink=\"https:\/\/www.cisa-arica.cl\/wp1\/2023\/04\/03\/domingo-de-ramos-en-el-colegio\/whatsapp-image-2023-04-04-at-08-35-49-1\/\" data-orig-file=\"https:\/\/www.cisa-arica.cl\/wp1\/wp-content\/uploads\/2023\/04\/WhatsApp-Image-2023-04-04-at-08.35.49-1.jpeg\" data-orig-size=\"768,1024\" data-comments-opened=\"0\" data-image-meta=\"{&quot;aperture&quot;:&quot;0&quot;,&quot;credit&quot;:&quot;&quot;,&quot;camera&quot;:&quot;&quot;,&quot;caption&quot;:&quot;&quot;,&quot;created_timestamp&quot;:&quot;0&quot;,&quot;copyright&quot;:&quot;&quot;,&quot;focal_length&quot;:&quot;0&quot;,&quot;iso&quot;:&quot;0&quot;,&quot;shutter_speed&quot;:&quot;0&quot;,&quot;title&quot;:&quot;&quot;,&quot;orientation&quot;:&quot;0&quot;}\" data-image-title=\"WhatsApp-Image-2023-04-04-at-08.35.49-1\" data-image-description=\"\" data-image-caption=\"\" data-large-file=\"https:\/\/www.cisa-arica.cl\/wp1\/wp-content\/uploads\/2023\/04\/WhatsApp-Image-2023-04-04-at-08.35.49-1-450x600.jpeg\" role=\"button\" tabindex=\"0\" aria-label=\"Abrir la imagen 21 de 75 en pantalla completa\"srcset=\"https:\/\/i0.wp.com\/www.cisa-arica.cl\/wp1\/wp-content\/uploads\/2023\/04\/WhatsApp-Image-2023-04-04-at-08.35.49-1-450x600.jpeg?strip=info&#038;w=600&#038;ssl=1 600w,https:\/\/i0.wp.com\/www.cisa-arica.cl\/wp1\/wp-content\/uploads\/2023\/04\/WhatsApp-Image-2023-04-04-at-08.35.49-1-450x600.jpeg?strip=info&#038;w=768&#038;ssl=1 768w\" alt=\"\" data-height=\"1024\" data-id=\"19817\" data-link=\"https:\/\/www.cisa-arica.cl\/wp1\/2023\/04\/03\/domingo-de-ramos-en-el-colegio\/whatsapp-image-2023-04-04-at-08-35-49-1\/\" data-url=\"https:\/\/www.cisa-arica.cl\/wp1\/wp-content\/uploads\/2023\/04\/WhatsApp-Image-2023-04-04-at-08.35.49-1-450x600.jpeg\" data-width=\"768\" src=\"https:\/\/i0.wp.com\/www.cisa-arica.cl\/wp1\/wp-content\/uploads\/2023\/04\/WhatsApp-Image-2023-04-04-at-08.35.49-1-450x600.jpeg?ssl=1\" data-amp-layout=\"responsive\"\/><\/figure><\/div><\/div><div class=\"tiled-gallery__row\"><div class=\"tiled-gallery__col\" style=\"flex-basis:39.00709%\"><figure class=\"tiled-gallery__item\"><img decoding=\"async\" data-attachment-id=\"19818\" data-permalink=\"https:\/\/www.cisa-arica.cl\/wp1\/2023\/04\/03\/domingo-de-ramos-en-el-colegio\/whatsapp-image-2023-04-04-at-08-35-499-1\/\" data-orig-file=\"https:\/\/www.cisa-arica.cl\/wp1\/wp-content\/uploads\/2023\/04\/WhatsApp-Image-2023-04-04-at-08.35.499-1.jpeg\" data-orig-size=\"1024,768\" data-comments-opened=\"0\" data-image-meta=\"{&quot;aperture&quot;:&quot;0&quot;,&quot;credit&quot;:&quot;&quot;,&quot;camera&quot;:&quot;&quot;,&quot;caption&quot;:&quot;&quot;,&quot;created_timestamp&quot;:&quot;0&quot;,&quot;copyright&quot;:&quot;&quot;,&quot;focal_length&quot;:&quot;0&quot;,&quot;iso&quot;:&quot;0&quot;,&quot;shutter_speed&quot;:&quot;0&quot;,&quot;title&quot;:&quot;&quot;,&quot;orientation&quot;:&quot;0&quot;}\" data-image-title=\"WhatsApp-Image-2023-04-04-at-08.35.499-1\" data-image-description=\"\" data-image-caption=\"\" data-large-file=\"https:\/\/www.cisa-arica.cl\/wp1\/wp-content\/uploads\/2023\/04\/WhatsApp-Image-2023-04-04-at-08.35.499-1-600x450.jpeg\" data-attachment-id=\"19818\" data-permalink=\"https:\/\/www.cisa-arica.cl\/wp1\/2023\/04\/03\/domingo-de-ramos-en-el-colegio\/whatsapp-image-2023-04-04-at-08-35-499-1\/\" data-orig-file=\"https:\/\/www.cisa-arica.cl\/wp1\/wp-content\/uploads\/2023\/04\/WhatsApp-Image-2023-04-04-at-08.35.499-1.jpeg\" data-orig-size=\"1024,768\" data-comments-opened=\"0\" data-image-meta=\"{&quot;aperture&quot;:&quot;0&quot;,&quot;credit&quot;:&quot;&quot;,&quot;camera&quot;:&quot;&quot;,&quot;caption&quot;:&quot;&quot;,&quot;created_timestamp&quot;:&quot;0&quot;,&quot;copyright&quot;:&quot;&quot;,&quot;focal_length&quot;:&quot;0&quot;,&quot;iso&quot;:&quot;0&quot;,&quot;shutter_speed&quot;:&quot;0&quot;,&quot;title&quot;:&quot;&quot;,&quot;orientation&quot;:&quot;0&quot;}\" data-image-title=\"WhatsApp-Image-2023-04-04-at-08.35.499-1\" data-image-description=\"\" data-image-caption=\"\" data-large-file=\"https:\/\/www.cisa-arica.cl\/wp1\/wp-content\/uploads\/2023\/04\/WhatsApp-Image-2023-04-04-at-08.35.499-1-600x450.jpeg\" role=\"button\" tabindex=\"0\" aria-label=\"Abrir la imagen 22 de 75 en pantalla completa\"srcset=\"https:\/\/i0.wp.com\/www.cisa-arica.cl\/wp1\/wp-content\/uploads\/2023\/04\/WhatsApp-Image-2023-04-04-at-08.35.499-1-600x450.jpeg?strip=info&#038;w=600&#038;ssl=1 600w,https:\/\/i0.wp.com\/www.cisa-arica.cl\/wp1\/wp-content\/uploads\/2023\/04\/WhatsApp-Image-2023-04-04-at-08.35.499-1-600x450.jpeg?strip=info&#038;w=900&#038;ssl=1 900w,https:\/\/i0.wp.com\/www.cisa-arica.cl\/wp1\/wp-content\/uploads\/2023\/04\/WhatsApp-Image-2023-04-04-at-08.35.499-1-600x450.jpeg?strip=info&#038;w=1024&#038;ssl=1 1024w\" alt=\"\" data-height=\"768\" data-id=\"19818\" data-link=\"https:\/\/www.cisa-arica.cl\/wp1\/2023\/04\/03\/domingo-de-ramos-en-el-colegio\/whatsapp-image-2023-04-04-at-08-35-499-1\/\" data-url=\"https:\/\/www.cisa-arica.cl\/wp1\/wp-content\/uploads\/2023\/04\/WhatsApp-Image-2023-04-04-at-08.35.499-1-600x450.jpeg\" data-width=\"1024\" src=\"https:\/\/i0.wp.com\/www.cisa-arica.cl\/wp1\/wp-content\/uploads\/2023\/04\/WhatsApp-Image-2023-04-04-at-08.35.499-1-600x450.jpeg?ssl=1\" data-amp-layout=\"responsive\"\/><\/figure><\/div><div class=\"tiled-gallery__col\" style=\"flex-basis:21.98582%\"><figure class=\"tiled-gallery__item\"><img decoding=\"async\" data-attachment-id=\"19819\" data-permalink=\"https:\/\/www.cisa-arica.cl\/wp1\/2023\/04\/03\/domingo-de-ramos-en-el-colegio\/whatsapp-image-2023-04-04-at-08-35-498-1\/\" data-orig-file=\"https:\/\/www.cisa-arica.cl\/wp1\/wp-content\/uploads\/2023\/04\/WhatsApp-Image-2023-04-04-at-08.35.498-1.jpeg\" data-orig-size=\"768,1024\" data-comments-opened=\"0\" data-image-meta=\"{&quot;aperture&quot;:&quot;0&quot;,&quot;credit&quot;:&quot;&quot;,&quot;camera&quot;:&quot;&quot;,&quot;caption&quot;:&quot;&quot;,&quot;created_timestamp&quot;:&quot;0&quot;,&quot;copyright&quot;:&quot;&quot;,&quot;focal_length&quot;:&quot;0&quot;,&quot;iso&quot;:&quot;0&quot;,&quot;shutter_speed&quot;:&quot;0&quot;,&quot;title&quot;:&quot;&quot;,&quot;orientation&quot;:&quot;0&quot;}\" data-image-title=\"WhatsApp-Image-2023-04-04-at-08.35.498-1\" data-image-description=\"\" data-image-caption=\"\" data-large-file=\"https:\/\/www.cisa-arica.cl\/wp1\/wp-content\/uploads\/2023\/04\/WhatsApp-Image-2023-04-04-at-08.35.498-1-450x600.jpeg\" data-attachment-id=\"19819\" data-permalink=\"https:\/\/www.cisa-arica.cl\/wp1\/2023\/04\/03\/domingo-de-ramos-en-el-colegio\/whatsapp-image-2023-04-04-at-08-35-498-1\/\" data-orig-file=\"https:\/\/www.cisa-arica.cl\/wp1\/wp-content\/uploads\/2023\/04\/WhatsApp-Image-2023-04-04-at-08.35.498-1.jpeg\" data-orig-size=\"768,1024\" data-comments-opened=\"0\" data-image-meta=\"{&quot;aperture&quot;:&quot;0&quot;,&quot;credit&quot;:&quot;&quot;,&quot;camera&quot;:&quot;&quot;,&quot;caption&quot;:&quot;&quot;,&quot;created_timestamp&quot;:&quot;0&quot;,&quot;copyright&quot;:&quot;&quot;,&quot;focal_length&quot;:&quot;0&quot;,&quot;iso&quot;:&quot;0&quot;,&quot;shutter_speed&quot;:&quot;0&quot;,&quot;title&quot;:&quot;&quot;,&quot;orientation&quot;:&quot;0&quot;}\" data-image-title=\"WhatsApp-Image-2023-04-04-at-08.35.498-1\" data-image-description=\"\" data-image-caption=\"\" data-large-file=\"https:\/\/www.cisa-arica.cl\/wp1\/wp-content\/uploads\/2023\/04\/WhatsApp-Image-2023-04-04-at-08.35.498-1-450x600.jpeg\" role=\"button\" tabindex=\"0\" aria-label=\"Abrir la imagen 23 de 75 en pantalla completa\"srcset=\"https:\/\/i0.wp.com\/www.cisa-arica.cl\/wp1\/wp-content\/uploads\/2023\/04\/WhatsApp-Image-2023-04-04-at-08.35.498-1-450x600.jpeg?strip=info&#038;w=600&#038;ssl=1 600w,https:\/\/i0.wp.com\/www.cisa-arica.cl\/wp1\/wp-content\/uploads\/2023\/04\/WhatsApp-Image-2023-04-04-at-08.35.498-1-450x600.jpeg?strip=info&#038;w=768&#038;ssl=1 768w\" alt=\"\" data-height=\"1024\" data-id=\"19819\" data-link=\"https:\/\/www.cisa-arica.cl\/wp1\/2023\/04\/03\/domingo-de-ramos-en-el-colegio\/whatsapp-image-2023-04-04-at-08-35-498-1\/\" data-url=\"https:\/\/www.cisa-arica.cl\/wp1\/wp-content\/uploads\/2023\/04\/WhatsApp-Image-2023-04-04-at-08.35.498-1-450x600.jpeg\" data-width=\"768\" src=\"https:\/\/i0.wp.com\/www.cisa-arica.cl\/wp1\/wp-content\/uploads\/2023\/04\/WhatsApp-Image-2023-04-04-at-08.35.498-1-450x600.jpeg?ssl=1\" data-amp-layout=\"responsive\"\/><\/figure><\/div><div class=\"tiled-gallery__col\" style=\"flex-basis:39.00709%\"><figure class=\"tiled-gallery__item\"><img decoding=\"async\" data-attachment-id=\"19820\" data-permalink=\"https:\/\/www.cisa-arica.cl\/wp1\/2023\/04\/03\/domingo-de-ramos-en-el-colegio\/whatsapp-image-2023-04-04-at-08-35-497-1\/\" data-orig-file=\"https:\/\/www.cisa-arica.cl\/wp1\/wp-content\/uploads\/2023\/04\/WhatsApp-Image-2023-04-04-at-08.35.497-1.jpeg\" data-orig-size=\"1024,768\" data-comments-opened=\"0\" data-image-meta=\"{&quot;aperture&quot;:&quot;0&quot;,&quot;credit&quot;:&quot;&quot;,&quot;camera&quot;:&quot;&quot;,&quot;caption&quot;:&quot;&quot;,&quot;created_timestamp&quot;:&quot;0&quot;,&quot;copyright&quot;:&quot;&quot;,&quot;focal_length&quot;:&quot;0&quot;,&quot;iso&quot;:&quot;0&quot;,&quot;shutter_speed&quot;:&quot;0&quot;,&quot;title&quot;:&quot;&quot;,&quot;orientation&quot;:&quot;0&quot;}\" data-image-title=\"WhatsApp-Image-2023-04-04-at-08.35.497-1\" data-image-description=\"\" data-image-caption=\"\" data-large-file=\"https:\/\/www.cisa-arica.cl\/wp1\/wp-content\/uploads\/2023\/04\/WhatsApp-Image-2023-04-04-at-08.35.497-1-600x450.jpeg\" data-attachment-id=\"19820\" data-permalink=\"https:\/\/www.cisa-arica.cl\/wp1\/2023\/04\/03\/domingo-de-ramos-en-el-colegio\/whatsapp-image-2023-04-04-at-08-35-497-1\/\" data-orig-file=\"https:\/\/www.cisa-arica.cl\/wp1\/wp-content\/uploads\/2023\/04\/WhatsApp-Image-2023-04-04-at-08.35.497-1.jpeg\" data-orig-size=\"1024,768\" data-comments-opened=\"0\" data-image-meta=\"{&quot;aperture&quot;:&quot;0&quot;,&quot;credit&quot;:&quot;&quot;,&quot;camera&quot;:&quot;&quot;,&quot;caption&quot;:&quot;&quot;,&quot;created_timestamp&quot;:&quot;0&quot;,&quot;copyright&quot;:&quot;&quot;,&quot;focal_length&quot;:&quot;0&quot;,&quot;iso&quot;:&quot;0&quot;,&quot;shutter_speed&quot;:&quot;0&quot;,&quot;title&quot;:&quot;&quot;,&quot;orientation&quot;:&quot;0&quot;}\" data-image-title=\"WhatsApp-Image-2023-04-04-at-08.35.497-1\" data-image-description=\"\" data-image-caption=\"\" data-large-file=\"https:\/\/www.cisa-arica.cl\/wp1\/wp-content\/uploads\/2023\/04\/WhatsApp-Image-2023-04-04-at-08.35.497-1-600x450.jpeg\" role=\"button\" tabindex=\"0\" aria-label=\"Abrir la imagen 24 de 75 en pantalla completa\"srcset=\"https:\/\/i0.wp.com\/www.cisa-arica.cl\/wp1\/wp-content\/uploads\/2023\/04\/WhatsApp-Image-2023-04-04-at-08.35.497-1-600x450.jpeg?strip=info&#038;w=600&#038;ssl=1 600w,https:\/\/i0.wp.com\/www.cisa-arica.cl\/wp1\/wp-content\/uploads\/2023\/04\/WhatsApp-Image-2023-04-04-at-08.35.497-1-600x450.jpeg?strip=info&#038;w=900&#038;ssl=1 900w,https:\/\/i0.wp.com\/www.cisa-arica.cl\/wp1\/wp-content\/uploads\/2023\/04\/WhatsApp-Image-2023-04-04-at-08.35.497-1-600x450.jpeg?strip=info&#038;w=1024&#038;ssl=1 1024w\" alt=\"\" data-height=\"768\" data-id=\"19820\" data-link=\"https:\/\/www.cisa-arica.cl\/wp1\/2023\/04\/03\/domingo-de-ramos-en-el-colegio\/whatsapp-image-2023-04-04-at-08-35-497-1\/\" data-url=\"https:\/\/www.cisa-arica.cl\/wp1\/wp-content\/uploads\/2023\/04\/WhatsApp-Image-2023-04-04-at-08.35.497-1-600x450.jpeg\" data-width=\"1024\" src=\"https:\/\/i0.wp.com\/www.cisa-arica.cl\/wp1\/wp-content\/uploads\/2023\/04\/WhatsApp-Image-2023-04-04-at-08.35.497-1-600x450.jpeg?ssl=1\" data-amp-layout=\"responsive\"\/><\/figure><\/div><\/div><div class=\"tiled-gallery__row\"><div class=\"tiled-gallery__col\" style=\"flex-basis:50.00000%\"><figure class=\"tiled-gallery__item\"><img decoding=\"async\" data-attachment-id=\"19821\" data-permalink=\"https:\/\/www.cisa-arica.cl\/wp1\/2023\/04\/03\/domingo-de-ramos-en-el-colegio\/whatsapp-image-2023-04-04-at-08-35-496-1\/\" data-orig-file=\"https:\/\/www.cisa-arica.cl\/wp1\/wp-content\/uploads\/2023\/04\/WhatsApp-Image-2023-04-04-at-08.35.496-1.jpeg\" data-orig-size=\"1024,768\" data-comments-opened=\"0\" data-image-meta=\"{&quot;aperture&quot;:&quot;0&quot;,&quot;credit&quot;:&quot;&quot;,&quot;camera&quot;:&quot;&quot;,&quot;caption&quot;:&quot;&quot;,&quot;created_timestamp&quot;:&quot;0&quot;,&quot;copyright&quot;:&quot;&quot;,&quot;focal_length&quot;:&quot;0&quot;,&quot;iso&quot;:&quot;0&quot;,&quot;shutter_speed&quot;:&quot;0&quot;,&quot;title&quot;:&quot;&quot;,&quot;orientation&quot;:&quot;0&quot;}\" data-image-title=\"WhatsApp-Image-2023-04-04-at-08.35.496-1\" data-image-description=\"\" data-image-caption=\"\" data-large-file=\"https:\/\/www.cisa-arica.cl\/wp1\/wp-content\/uploads\/2023\/04\/WhatsApp-Image-2023-04-04-at-08.35.496-1-600x450.jpeg\" data-attachment-id=\"19821\" data-permalink=\"https:\/\/www.cisa-arica.cl\/wp1\/2023\/04\/03\/domingo-de-ramos-en-el-colegio\/whatsapp-image-2023-04-04-at-08-35-496-1\/\" data-orig-file=\"https:\/\/www.cisa-arica.cl\/wp1\/wp-content\/uploads\/2023\/04\/WhatsApp-Image-2023-04-04-at-08.35.496-1.jpeg\" data-orig-size=\"1024,768\" data-comments-opened=\"0\" data-image-meta=\"{&quot;aperture&quot;:&quot;0&quot;,&quot;credit&quot;:&quot;&quot;,&quot;camera&quot;:&quot;&quot;,&quot;caption&quot;:&quot;&quot;,&quot;created_timestamp&quot;:&quot;0&quot;,&quot;copyright&quot;:&quot;&quot;,&quot;focal_length&quot;:&quot;0&quot;,&quot;iso&quot;:&quot;0&quot;,&quot;shutter_speed&quot;:&quot;0&quot;,&quot;title&quot;:&quot;&quot;,&quot;orientation&quot;:&quot;0&quot;}\" data-image-title=\"WhatsApp-Image-2023-04-04-at-08.35.496-1\" data-image-description=\"\" data-image-caption=\"\" data-large-file=\"https:\/\/www.cisa-arica.cl\/wp1\/wp-content\/uploads\/2023\/04\/WhatsApp-Image-2023-04-04-at-08.35.496-1-600x450.jpeg\" role=\"button\" tabindex=\"0\" aria-label=\"Abrir la imagen 25 de 75 en pantalla completa\"srcset=\"https:\/\/i2.wp.com\/www.cisa-arica.cl\/wp1\/wp-content\/uploads\/2023\/04\/WhatsApp-Image-2023-04-04-at-08.35.496-1-600x450.jpeg?strip=info&#038;w=600&#038;ssl=1 600w,https:\/\/i2.wp.com\/www.cisa-arica.cl\/wp1\/wp-content\/uploads\/2023\/04\/WhatsApp-Image-2023-04-04-at-08.35.496-1-600x450.jpeg?strip=info&#038;w=900&#038;ssl=1 900w,https:\/\/i2.wp.com\/www.cisa-arica.cl\/wp1\/wp-content\/uploads\/2023\/04\/WhatsApp-Image-2023-04-04-at-08.35.496-1-600x450.jpeg?strip=info&#038;w=1024&#038;ssl=1 1024w\" alt=\"\" data-height=\"768\" data-id=\"19821\" data-link=\"https:\/\/www.cisa-arica.cl\/wp1\/2023\/04\/03\/domingo-de-ramos-en-el-colegio\/whatsapp-image-2023-04-04-at-08-35-496-1\/\" data-url=\"https:\/\/www.cisa-arica.cl\/wp1\/wp-content\/uploads\/2023\/04\/WhatsApp-Image-2023-04-04-at-08.35.496-1-600x450.jpeg\" data-width=\"1024\" src=\"https:\/\/i2.wp.com\/www.cisa-arica.cl\/wp1\/wp-content\/uploads\/2023\/04\/WhatsApp-Image-2023-04-04-at-08.35.496-1-600x450.jpeg?ssl=1\" data-amp-layout=\"responsive\"\/><\/figure><\/div><div class=\"tiled-gallery__col\" style=\"flex-basis:50.00000%\"><figure class=\"tiled-gallery__item\"><img decoding=\"async\" data-attachment-id=\"19822\" data-permalink=\"https:\/\/www.cisa-arica.cl\/wp1\/2023\/04\/03\/domingo-de-ramos-en-el-colegio\/whatsapp-image-2023-04-04-at-08-35-495-1\/\" data-orig-file=\"https:\/\/www.cisa-arica.cl\/wp1\/wp-content\/uploads\/2023\/04\/WhatsApp-Image-2023-04-04-at-08.35.495-1.jpeg\" data-orig-size=\"1024,768\" data-comments-opened=\"0\" data-image-meta=\"{&quot;aperture&quot;:&quot;0&quot;,&quot;credit&quot;:&quot;&quot;,&quot;camera&quot;:&quot;&quot;,&quot;caption&quot;:&quot;&quot;,&quot;created_timestamp&quot;:&quot;0&quot;,&quot;copyright&quot;:&quot;&quot;,&quot;focal_length&quot;:&quot;0&quot;,&quot;iso&quot;:&quot;0&quot;,&quot;shutter_speed&quot;:&quot;0&quot;,&quot;title&quot;:&quot;&quot;,&quot;orientation&quot;:&quot;0&quot;}\" data-image-title=\"WhatsApp-Image-2023-04-04-at-08.35.495-1\" data-image-description=\"\" data-image-caption=\"\" data-large-file=\"https:\/\/www.cisa-arica.cl\/wp1\/wp-content\/uploads\/2023\/04\/WhatsApp-Image-2023-04-04-at-08.35.495-1-600x450.jpeg\" data-attachment-id=\"19822\" data-permalink=\"https:\/\/www.cisa-arica.cl\/wp1\/2023\/04\/03\/domingo-de-ramos-en-el-colegio\/whatsapp-image-2023-04-04-at-08-35-495-1\/\" data-orig-file=\"https:\/\/www.cisa-arica.cl\/wp1\/wp-content\/uploads\/2023\/04\/WhatsApp-Image-2023-04-04-at-08.35.495-1.jpeg\" data-orig-size=\"1024,768\" data-comments-opened=\"0\" data-image-meta=\"{&quot;aperture&quot;:&quot;0&quot;,&quot;credit&quot;:&quot;&quot;,&quot;camera&quot;:&quot;&quot;,&quot;caption&quot;:&quot;&quot;,&quot;created_timestamp&quot;:&quot;0&quot;,&quot;copyright&quot;:&quot;&quot;,&quot;focal_length&quot;:&quot;0&quot;,&quot;iso&quot;:&quot;0&quot;,&quot;shutter_speed&quot;:&quot;0&quot;,&quot;title&quot;:&quot;&quot;,&quot;orientation&quot;:&quot;0&quot;}\" data-image-title=\"WhatsApp-Image-2023-04-04-at-08.35.495-1\" data-image-description=\"\" data-image-caption=\"\" data-large-file=\"https:\/\/www.cisa-arica.cl\/wp1\/wp-content\/uploads\/2023\/04\/WhatsApp-Image-2023-04-04-at-08.35.495-1-600x450.jpeg\" role=\"button\" tabindex=\"0\" aria-label=\"Abrir la imagen 26 de 75 en pantalla completa\"srcset=\"https:\/\/i1.wp.com\/www.cisa-arica.cl\/wp1\/wp-content\/uploads\/2023\/04\/WhatsApp-Image-2023-04-04-at-08.35.495-1-600x450.jpeg?strip=info&#038;w=600&#038;ssl=1 600w,https:\/\/i1.wp.com\/www.cisa-arica.cl\/wp1\/wp-content\/uploads\/2023\/04\/WhatsApp-Image-2023-04-04-at-08.35.495-1-600x450.jpeg?strip=info&#038;w=900&#038;ssl=1 900w,https:\/\/i1.wp.com\/www.cisa-arica.cl\/wp1\/wp-content\/uploads\/2023\/04\/WhatsApp-Image-2023-04-04-at-08.35.495-1-600x450.jpeg?strip=info&#038;w=1024&#038;ssl=1 1024w\" alt=\"\" data-height=\"768\" data-id=\"19822\" data-link=\"https:\/\/www.cisa-arica.cl\/wp1\/2023\/04\/03\/domingo-de-ramos-en-el-colegio\/whatsapp-image-2023-04-04-at-08-35-495-1\/\" data-url=\"https:\/\/www.cisa-arica.cl\/wp1\/wp-content\/uploads\/2023\/04\/WhatsApp-Image-2023-04-04-at-08.35.495-1-600x450.jpeg\" data-width=\"1024\" src=\"https:\/\/i1.wp.com\/www.cisa-arica.cl\/wp1\/wp-content\/uploads\/2023\/04\/WhatsApp-Image-2023-04-04-at-08.35.495-1-600x450.jpeg?ssl=1\" data-amp-layout=\"responsive\"\/><\/figure><\/div><\/div><div class=\"tiled-gallery__row\"><div class=\"tiled-gallery__col\" style=\"flex-basis:66.74547%\"><figure class=\"tiled-gallery__item\"><img decoding=\"async\" data-attachment-id=\"19823\" data-permalink=\"https:\/\/www.cisa-arica.cl\/wp1\/2023\/04\/03\/domingo-de-ramos-en-el-colegio\/whatsapp-image-2023-04-04-at-08-35-494-1\/\" data-orig-file=\"https:\/\/www.cisa-arica.cl\/wp1\/wp-content\/uploads\/2023\/04\/WhatsApp-Image-2023-04-04-at-08.35.494-1.jpeg\" data-orig-size=\"1024,768\" data-comments-opened=\"0\" data-image-meta=\"{&quot;aperture&quot;:&quot;0&quot;,&quot;credit&quot;:&quot;&quot;,&quot;camera&quot;:&quot;&quot;,&quot;caption&quot;:&quot;&quot;,&quot;created_timestamp&quot;:&quot;0&quot;,&quot;copyright&quot;:&quot;&quot;,&quot;focal_length&quot;:&quot;0&quot;,&quot;iso&quot;:&quot;0&quot;,&quot;shutter_speed&quot;:&quot;0&quot;,&quot;title&quot;:&quot;&quot;,&quot;orientation&quot;:&quot;0&quot;}\" data-image-title=\"WhatsApp-Image-2023-04-04-at-08.35.494-1\" data-image-description=\"\" data-image-caption=\"\" data-large-file=\"https:\/\/www.cisa-arica.cl\/wp1\/wp-content\/uploads\/2023\/04\/WhatsApp-Image-2023-04-04-at-08.35.494-1-600x450.jpeg\" data-attachment-id=\"19823\" data-permalink=\"https:\/\/www.cisa-arica.cl\/wp1\/2023\/04\/03\/domingo-de-ramos-en-el-colegio\/whatsapp-image-2023-04-04-at-08-35-494-1\/\" data-orig-file=\"https:\/\/www.cisa-arica.cl\/wp1\/wp-content\/uploads\/2023\/04\/WhatsApp-Image-2023-04-04-at-08.35.494-1.jpeg\" data-orig-size=\"1024,768\" data-comments-opened=\"0\" data-image-meta=\"{&quot;aperture&quot;:&quot;0&quot;,&quot;credit&quot;:&quot;&quot;,&quot;camera&quot;:&quot;&quot;,&quot;caption&quot;:&quot;&quot;,&quot;created_timestamp&quot;:&quot;0&quot;,&quot;copyright&quot;:&quot;&quot;,&quot;focal_length&quot;:&quot;0&quot;,&quot;iso&quot;:&quot;0&quot;,&quot;shutter_speed&quot;:&quot;0&quot;,&quot;title&quot;:&quot;&quot;,&quot;orientation&quot;:&quot;0&quot;}\" data-image-title=\"WhatsApp-Image-2023-04-04-at-08.35.494-1\" data-image-description=\"\" data-image-caption=\"\" data-large-file=\"https:\/\/www.cisa-arica.cl\/wp1\/wp-content\/uploads\/2023\/04\/WhatsApp-Image-2023-04-04-at-08.35.494-1-600x450.jpeg\" role=\"button\" tabindex=\"0\" aria-label=\"Abrir la imagen 27 de 75 en pantalla completa\"srcset=\"https:\/\/i2.wp.com\/www.cisa-arica.cl\/wp1\/wp-content\/uploads\/2023\/04\/WhatsApp-Image-2023-04-04-at-08.35.494-1-600x450.jpeg?strip=info&#038;w=600&#038;ssl=1 600w,https:\/\/i2.wp.com\/www.cisa-arica.cl\/wp1\/wp-content\/uploads\/2023\/04\/WhatsApp-Image-2023-04-04-at-08.35.494-1-600x450.jpeg?strip=info&#038;w=900&#038;ssl=1 900w,https:\/\/i2.wp.com\/www.cisa-arica.cl\/wp1\/wp-content\/uploads\/2023\/04\/WhatsApp-Image-2023-04-04-at-08.35.494-1-600x450.jpeg?strip=info&#038;w=1024&#038;ssl=1 1024w\" alt=\"\" data-height=\"768\" data-id=\"19823\" data-link=\"https:\/\/www.cisa-arica.cl\/wp1\/2023\/04\/03\/domingo-de-ramos-en-el-colegio\/whatsapp-image-2023-04-04-at-08-35-494-1\/\" data-url=\"https:\/\/www.cisa-arica.cl\/wp1\/wp-content\/uploads\/2023\/04\/WhatsApp-Image-2023-04-04-at-08.35.494-1-600x450.jpeg\" data-width=\"1024\" src=\"https:\/\/i2.wp.com\/www.cisa-arica.cl\/wp1\/wp-content\/uploads\/2023\/04\/WhatsApp-Image-2023-04-04-at-08.35.494-1-600x450.jpeg?ssl=1\" data-amp-layout=\"responsive\"\/><\/figure><\/div><div class=\"tiled-gallery__col\" style=\"flex-basis:33.25453%\"><figure class=\"tiled-gallery__item\"><img decoding=\"async\" data-attachment-id=\"19824\" data-permalink=\"https:\/\/www.cisa-arica.cl\/wp1\/2023\/04\/03\/domingo-de-ramos-en-el-colegio\/whatsapp-image-2023-04-04-at-08-35-493-1\/\" data-orig-file=\"https:\/\/www.cisa-arica.cl\/wp1\/wp-content\/uploads\/2023\/04\/WhatsApp-Image-2023-04-04-at-08.35.493-1.jpeg\" data-orig-size=\"1024,768\" data-comments-opened=\"0\" data-image-meta=\"{&quot;aperture&quot;:&quot;0&quot;,&quot;credit&quot;:&quot;&quot;,&quot;camera&quot;:&quot;&quot;,&quot;caption&quot;:&quot;&quot;,&quot;created_timestamp&quot;:&quot;0&quot;,&quot;copyright&quot;:&quot;&quot;,&quot;focal_length&quot;:&quot;0&quot;,&quot;iso&quot;:&quot;0&quot;,&quot;shutter_speed&quot;:&quot;0&quot;,&quot;title&quot;:&quot;&quot;,&quot;orientation&quot;:&quot;0&quot;}\" data-image-title=\"WhatsApp-Image-2023-04-04-at-08.35.493-1\" data-image-description=\"\" data-image-caption=\"\" data-large-file=\"https:\/\/www.cisa-arica.cl\/wp1\/wp-content\/uploads\/2023\/04\/WhatsApp-Image-2023-04-04-at-08.35.493-1-600x450.jpeg\" data-attachment-id=\"19824\" data-permalink=\"https:\/\/www.cisa-arica.cl\/wp1\/2023\/04\/03\/domingo-de-ramos-en-el-colegio\/whatsapp-image-2023-04-04-at-08-35-493-1\/\" data-orig-file=\"https:\/\/www.cisa-arica.cl\/wp1\/wp-content\/uploads\/2023\/04\/WhatsApp-Image-2023-04-04-at-08.35.493-1.jpeg\" data-orig-size=\"1024,768\" data-comments-opened=\"0\" data-image-meta=\"{&quot;aperture&quot;:&quot;0&quot;,&quot;credit&quot;:&quot;&quot;,&quot;camera&quot;:&quot;&quot;,&quot;caption&quot;:&quot;&quot;,&quot;created_timestamp&quot;:&quot;0&quot;,&quot;copyright&quot;:&quot;&quot;,&quot;focal_length&quot;:&quot;0&quot;,&quot;iso&quot;:&quot;0&quot;,&quot;shutter_speed&quot;:&quot;0&quot;,&quot;title&quot;:&quot;&quot;,&quot;orientation&quot;:&quot;0&quot;}\" data-image-title=\"WhatsApp-Image-2023-04-04-at-08.35.493-1\" data-image-description=\"\" data-image-caption=\"\" data-large-file=\"https:\/\/www.cisa-arica.cl\/wp1\/wp-content\/uploads\/2023\/04\/WhatsApp-Image-2023-04-04-at-08.35.493-1-600x450.jpeg\" role=\"button\" tabindex=\"0\" aria-label=\"Abrir la imagen 28 de 75 en pantalla completa\"srcset=\"https:\/\/i1.wp.com\/www.cisa-arica.cl\/wp1\/wp-content\/uploads\/2023\/04\/WhatsApp-Image-2023-04-04-at-08.35.493-1-600x450.jpeg?strip=info&#038;w=600&#038;ssl=1 600w,https:\/\/i1.wp.com\/www.cisa-arica.cl\/wp1\/wp-content\/uploads\/2023\/04\/WhatsApp-Image-2023-04-04-at-08.35.493-1-600x450.jpeg?strip=info&#038;w=900&#038;ssl=1 900w,https:\/\/i1.wp.com\/www.cisa-arica.cl\/wp1\/wp-content\/uploads\/2023\/04\/WhatsApp-Image-2023-04-04-at-08.35.493-1-600x450.jpeg?strip=info&#038;w=1024&#038;ssl=1 1024w\" alt=\"\" data-height=\"768\" data-id=\"19824\" data-link=\"https:\/\/www.cisa-arica.cl\/wp1\/2023\/04\/03\/domingo-de-ramos-en-el-colegio\/whatsapp-image-2023-04-04-at-08-35-493-1\/\" data-url=\"https:\/\/www.cisa-arica.cl\/wp1\/wp-content\/uploads\/2023\/04\/WhatsApp-Image-2023-04-04-at-08.35.493-1-600x450.jpeg\" data-width=\"1024\" src=\"https:\/\/i1.wp.com\/www.cisa-arica.cl\/wp1\/wp-content\/uploads\/2023\/04\/WhatsApp-Image-2023-04-04-at-08.35.493-1-600x450.jpeg?ssl=1\" data-amp-layout=\"responsive\"\/><\/figure><figure class=\"tiled-gallery__item\"><img decoding=\"async\" data-attachment-id=\"19825\" data-permalink=\"https:\/\/www.cisa-arica.cl\/wp1\/2023\/04\/03\/domingo-de-ramos-en-el-colegio\/whatsapp-image-2023-04-04-at-08-35-492-1\/\" data-orig-file=\"https:\/\/www.cisa-arica.cl\/wp1\/wp-content\/uploads\/2023\/04\/WhatsApp-Image-2023-04-04-at-08.35.492-1.jpeg\" data-orig-size=\"1024,768\" data-comments-opened=\"0\" data-image-meta=\"{&quot;aperture&quot;:&quot;0&quot;,&quot;credit&quot;:&quot;&quot;,&quot;camera&quot;:&quot;&quot;,&quot;caption&quot;:&quot;&quot;,&quot;created_timestamp&quot;:&quot;0&quot;,&quot;copyright&quot;:&quot;&quot;,&quot;focal_length&quot;:&quot;0&quot;,&quot;iso&quot;:&quot;0&quot;,&quot;shutter_speed&quot;:&quot;0&quot;,&quot;title&quot;:&quot;&quot;,&quot;orientation&quot;:&quot;0&quot;}\" data-image-title=\"WhatsApp-Image-2023-04-04-at-08.35.492-1\" data-image-description=\"\" data-image-caption=\"\" data-large-file=\"https:\/\/www.cisa-arica.cl\/wp1\/wp-content\/uploads\/2023\/04\/WhatsApp-Image-2023-04-04-at-08.35.492-1-600x450.jpeg\" data-attachment-id=\"19825\" data-permalink=\"https:\/\/www.cisa-arica.cl\/wp1\/2023\/04\/03\/domingo-de-ramos-en-el-colegio\/whatsapp-image-2023-04-04-at-08-35-492-1\/\" data-orig-file=\"https:\/\/www.cisa-arica.cl\/wp1\/wp-content\/uploads\/2023\/04\/WhatsApp-Image-2023-04-04-at-08.35.492-1.jpeg\" data-orig-size=\"1024,768\" data-comments-opened=\"0\" data-image-meta=\"{&quot;aperture&quot;:&quot;0&quot;,&quot;credit&quot;:&quot;&quot;,&quot;camera&quot;:&quot;&quot;,&quot;caption&quot;:&quot;&quot;,&quot;created_timestamp&quot;:&quot;0&quot;,&quot;copyright&quot;:&quot;&quot;,&quot;focal_length&quot;:&quot;0&quot;,&quot;iso&quot;:&quot;0&quot;,&quot;shutter_speed&quot;:&quot;0&quot;,&quot;title&quot;:&quot;&quot;,&quot;orientation&quot;:&quot;0&quot;}\" data-image-title=\"WhatsApp-Image-2023-04-04-at-08.35.492-1\" data-image-description=\"\" data-image-caption=\"\" data-large-file=\"https:\/\/www.cisa-arica.cl\/wp1\/wp-content\/uploads\/2023\/04\/WhatsApp-Image-2023-04-04-at-08.35.492-1-600x450.jpeg\" role=\"button\" tabindex=\"0\" aria-label=\"Abrir la imagen 29 de 75 en pantalla completa\"srcset=\"https:\/\/i0.wp.com\/www.cisa-arica.cl\/wp1\/wp-content\/uploads\/2023\/04\/WhatsApp-Image-2023-04-04-at-08.35.492-1-600x450.jpeg?strip=info&#038;w=600&#038;ssl=1 600w,https:\/\/i0.wp.com\/www.cisa-arica.cl\/wp1\/wp-content\/uploads\/2023\/04\/WhatsApp-Image-2023-04-04-at-08.35.492-1-600x450.jpeg?strip=info&#038;w=900&#038;ssl=1 900w,https:\/\/i0.wp.com\/www.cisa-arica.cl\/wp1\/wp-content\/uploads\/2023\/04\/WhatsApp-Image-2023-04-04-at-08.35.492-1-600x450.jpeg?strip=info&#038;w=1024&#038;ssl=1 1024w\" alt=\"\" data-height=\"768\" data-id=\"19825\" data-link=\"https:\/\/www.cisa-arica.cl\/wp1\/2023\/04\/03\/domingo-de-ramos-en-el-colegio\/whatsapp-image-2023-04-04-at-08-35-492-1\/\" data-url=\"https:\/\/www.cisa-arica.cl\/wp1\/wp-content\/uploads\/2023\/04\/WhatsApp-Image-2023-04-04-at-08.35.492-1-600x450.jpeg\" data-width=\"1024\" src=\"https:\/\/i0.wp.com\/www.cisa-arica.cl\/wp1\/wp-content\/uploads\/2023\/04\/WhatsApp-Image-2023-04-04-at-08.35.492-1-600x450.jpeg?ssl=1\" data-amp-layout=\"responsive\"\/><\/figure><\/div><\/div><div class=\"tiled-gallery__row\"><div class=\"tiled-gallery__col\" style=\"flex-basis:46.94605%\"><figure class=\"tiled-gallery__item\"><img decoding=\"async\" data-attachment-id=\"19826\" data-permalink=\"https:\/\/www.cisa-arica.cl\/wp1\/2023\/04\/03\/domingo-de-ramos-en-el-colegio\/whatsapp-image-2023-04-04-at-08-35-491-2\/\" data-orig-file=\"https:\/\/www.cisa-arica.cl\/wp1\/wp-content\/uploads\/2023\/04\/WhatsApp-Image-2023-04-04-at-08.35.491-2.jpeg\" data-orig-size=\"1024,768\" data-comments-opened=\"0\" data-image-meta=\"{&quot;aperture&quot;:&quot;0&quot;,&quot;credit&quot;:&quot;&quot;,&quot;camera&quot;:&quot;&quot;,&quot;caption&quot;:&quot;&quot;,&quot;created_timestamp&quot;:&quot;0&quot;,&quot;copyright&quot;:&quot;&quot;,&quot;focal_length&quot;:&quot;0&quot;,&quot;iso&quot;:&quot;0&quot;,&quot;shutter_speed&quot;:&quot;0&quot;,&quot;title&quot;:&quot;&quot;,&quot;orientation&quot;:&quot;0&quot;}\" data-image-title=\"WhatsApp-Image-2023-04-04-at-08.35.491-2\" data-image-description=\"\" data-image-caption=\"\" data-large-file=\"https:\/\/www.cisa-arica.cl\/wp1\/wp-content\/uploads\/2023\/04\/WhatsApp-Image-2023-04-04-at-08.35.491-2-600x450.jpeg\" data-attachment-id=\"19826\" data-permalink=\"https:\/\/www.cisa-arica.cl\/wp1\/2023\/04\/03\/domingo-de-ramos-en-el-colegio\/whatsapp-image-2023-04-04-at-08-35-491-2\/\" data-orig-file=\"https:\/\/www.cisa-arica.cl\/wp1\/wp-content\/uploads\/2023\/04\/WhatsApp-Image-2023-04-04-at-08.35.491-2.jpeg\" data-orig-size=\"1024,768\" data-comments-opened=\"0\" data-image-meta=\"{&quot;aperture&quot;:&quot;0&quot;,&quot;credit&quot;:&quot;&quot;,&quot;camera&quot;:&quot;&quot;,&quot;caption&quot;:&quot;&quot;,&quot;created_timestamp&quot;:&quot;0&quot;,&quot;copyright&quot;:&quot;&quot;,&quot;focal_length&quot;:&quot;0&quot;,&quot;iso&quot;:&quot;0&quot;,&quot;shutter_speed&quot;:&quot;0&quot;,&quot;title&quot;:&quot;&quot;,&quot;orientation&quot;:&quot;0&quot;}\" data-image-title=\"WhatsApp-Image-2023-04-04-at-08.35.491-2\" data-image-description=\"\" data-image-caption=\"\" data-large-file=\"https:\/\/www.cisa-arica.cl\/wp1\/wp-content\/uploads\/2023\/04\/WhatsApp-Image-2023-04-04-at-08.35.491-2-600x450.jpeg\" role=\"button\" tabindex=\"0\" aria-label=\"Abrir la imagen 30 de 75 en pantalla completa\"srcset=\"https:\/\/i0.wp.com\/www.cisa-arica.cl\/wp1\/wp-content\/uploads\/2023\/04\/WhatsApp-Image-2023-04-04-at-08.35.491-2-600x450.jpeg?strip=info&#038;w=600&#038;ssl=1 600w,https:\/\/i0.wp.com\/www.cisa-arica.cl\/wp1\/wp-content\/uploads\/2023\/04\/WhatsApp-Image-2023-04-04-at-08.35.491-2-600x450.jpeg?strip=info&#038;w=900&#038;ssl=1 900w,https:\/\/i0.wp.com\/www.cisa-arica.cl\/wp1\/wp-content\/uploads\/2023\/04\/WhatsApp-Image-2023-04-04-at-08.35.491-2-600x450.jpeg?strip=info&#038;w=1024&#038;ssl=1 1024w\" alt=\"\" data-height=\"768\" data-id=\"19826\" data-link=\"https:\/\/www.cisa-arica.cl\/wp1\/2023\/04\/03\/domingo-de-ramos-en-el-colegio\/whatsapp-image-2023-04-04-at-08-35-491-2\/\" data-url=\"https:\/\/www.cisa-arica.cl\/wp1\/wp-content\/uploads\/2023\/04\/WhatsApp-Image-2023-04-04-at-08.35.491-2-600x450.jpeg\" data-width=\"1024\" src=\"https:\/\/i0.wp.com\/www.cisa-arica.cl\/wp1\/wp-content\/uploads\/2023\/04\/WhatsApp-Image-2023-04-04-at-08.35.491-2-600x450.jpeg?ssl=1\" data-amp-layout=\"responsive\"\/><\/figure><figure class=\"tiled-gallery__item\"><img decoding=\"async\" data-attachment-id=\"19827\" data-permalink=\"https:\/\/www.cisa-arica.cl\/wp1\/2023\/04\/03\/domingo-de-ramos-en-el-colegio\/whatsapp-image-2023-04-04-at-08-35-488-2\/\" data-orig-file=\"https:\/\/www.cisa-arica.cl\/wp1\/wp-content\/uploads\/2023\/04\/WhatsApp-Image-2023-04-04-at-08.35.488-2.jpeg\" data-orig-size=\"1024,768\" data-comments-opened=\"0\" data-image-meta=\"{&quot;aperture&quot;:&quot;0&quot;,&quot;credit&quot;:&quot;&quot;,&quot;camera&quot;:&quot;&quot;,&quot;caption&quot;:&quot;&quot;,&quot;created_timestamp&quot;:&quot;0&quot;,&quot;copyright&quot;:&quot;&quot;,&quot;focal_length&quot;:&quot;0&quot;,&quot;iso&quot;:&quot;0&quot;,&quot;shutter_speed&quot;:&quot;0&quot;,&quot;title&quot;:&quot;&quot;,&quot;orientation&quot;:&quot;0&quot;}\" data-image-title=\"WhatsApp-Image-2023-04-04-at-08.35.488-2\" data-image-description=\"\" data-image-caption=\"\" data-large-file=\"https:\/\/www.cisa-arica.cl\/wp1\/wp-content\/uploads\/2023\/04\/WhatsApp-Image-2023-04-04-at-08.35.488-2-600x450.jpeg\" data-attachment-id=\"19827\" data-permalink=\"https:\/\/www.cisa-arica.cl\/wp1\/2023\/04\/03\/domingo-de-ramos-en-el-colegio\/whatsapp-image-2023-04-04-at-08-35-488-2\/\" data-orig-file=\"https:\/\/www.cisa-arica.cl\/wp1\/wp-content\/uploads\/2023\/04\/WhatsApp-Image-2023-04-04-at-08.35.488-2.jpeg\" data-orig-size=\"1024,768\" data-comments-opened=\"0\" data-image-meta=\"{&quot;aperture&quot;:&quot;0&quot;,&quot;credit&quot;:&quot;&quot;,&quot;camera&quot;:&quot;&quot;,&quot;caption&quot;:&quot;&quot;,&quot;created_timestamp&quot;:&quot;0&quot;,&quot;copyright&quot;:&quot;&quot;,&quot;focal_length&quot;:&quot;0&quot;,&quot;iso&quot;:&quot;0&quot;,&quot;shutter_speed&quot;:&quot;0&quot;,&quot;title&quot;:&quot;&quot;,&quot;orientation&quot;:&quot;0&quot;}\" data-image-title=\"WhatsApp-Image-2023-04-04-at-08.35.488-2\" data-image-description=\"\" data-image-caption=\"\" data-large-file=\"https:\/\/www.cisa-arica.cl\/wp1\/wp-content\/uploads\/2023\/04\/WhatsApp-Image-2023-04-04-at-08.35.488-2-600x450.jpeg\" role=\"button\" tabindex=\"0\" aria-label=\"Abrir la imagen 31 de 75 en pantalla completa\"srcset=\"https:\/\/i2.wp.com\/www.cisa-arica.cl\/wp1\/wp-content\/uploads\/2023\/04\/WhatsApp-Image-2023-04-04-at-08.35.488-2-600x450.jpeg?strip=info&#038;w=600&#038;ssl=1 600w,https:\/\/i2.wp.com\/www.cisa-arica.cl\/wp1\/wp-content\/uploads\/2023\/04\/WhatsApp-Image-2023-04-04-at-08.35.488-2-600x450.jpeg?strip=info&#038;w=900&#038;ssl=1 900w,https:\/\/i2.wp.com\/www.cisa-arica.cl\/wp1\/wp-content\/uploads\/2023\/04\/WhatsApp-Image-2023-04-04-at-08.35.488-2-600x450.jpeg?strip=info&#038;w=1024&#038;ssl=1 1024w\" alt=\"\" data-height=\"768\" data-id=\"19827\" data-link=\"https:\/\/www.cisa-arica.cl\/wp1\/2023\/04\/03\/domingo-de-ramos-en-el-colegio\/whatsapp-image-2023-04-04-at-08-35-488-2\/\" data-url=\"https:\/\/www.cisa-arica.cl\/wp1\/wp-content\/uploads\/2023\/04\/WhatsApp-Image-2023-04-04-at-08.35.488-2-600x450.jpeg\" data-width=\"1024\" src=\"https:\/\/i2.wp.com\/www.cisa-arica.cl\/wp1\/wp-content\/uploads\/2023\/04\/WhatsApp-Image-2023-04-04-at-08.35.488-2-600x450.jpeg?ssl=1\" data-amp-layout=\"responsive\"\/><\/figure><\/div><div class=\"tiled-gallery__col\" style=\"flex-basis:53.05395%\"><figure class=\"tiled-gallery__item\"><img decoding=\"async\" data-attachment-id=\"19828\" data-permalink=\"https:\/\/www.cisa-arica.cl\/wp1\/2023\/04\/03\/domingo-de-ramos-en-el-colegio\/whatsapp-image-2023-04-04-at-08-35-501-1\/\" data-orig-file=\"https:\/\/www.cisa-arica.cl\/wp1\/wp-content\/uploads\/2023\/04\/WhatsApp-Image-2023-04-04-at-08.35.501-1.jpeg\" data-orig-size=\"768,1024\" data-comments-opened=\"0\" data-image-meta=\"{&quot;aperture&quot;:&quot;0&quot;,&quot;credit&quot;:&quot;&quot;,&quot;camera&quot;:&quot;&quot;,&quot;caption&quot;:&quot;&quot;,&quot;created_timestamp&quot;:&quot;0&quot;,&quot;copyright&quot;:&quot;&quot;,&quot;focal_length&quot;:&quot;0&quot;,&quot;iso&quot;:&quot;0&quot;,&quot;shutter_speed&quot;:&quot;0&quot;,&quot;title&quot;:&quot;&quot;,&quot;orientation&quot;:&quot;0&quot;}\" data-image-title=\"WhatsApp-Image-2023-04-04-at-08.35.501-1\" data-image-description=\"\" data-image-caption=\"\" data-large-file=\"https:\/\/www.cisa-arica.cl\/wp1\/wp-content\/uploads\/2023\/04\/WhatsApp-Image-2023-04-04-at-08.35.501-1-450x600.jpeg\" data-attachment-id=\"19828\" data-permalink=\"https:\/\/www.cisa-arica.cl\/wp1\/2023\/04\/03\/domingo-de-ramos-en-el-colegio\/whatsapp-image-2023-04-04-at-08-35-501-1\/\" data-orig-file=\"https:\/\/www.cisa-arica.cl\/wp1\/wp-content\/uploads\/2023\/04\/WhatsApp-Image-2023-04-04-at-08.35.501-1.jpeg\" data-orig-size=\"768,1024\" data-comments-opened=\"0\" data-image-meta=\"{&quot;aperture&quot;:&quot;0&quot;,&quot;credit&quot;:&quot;&quot;,&quot;camera&quot;:&quot;&quot;,&quot;caption&quot;:&quot;&quot;,&quot;created_timestamp&quot;:&quot;0&quot;,&quot;copyright&quot;:&quot;&quot;,&quot;focal_length&quot;:&quot;0&quot;,&quot;iso&quot;:&quot;0&quot;,&quot;shutter_speed&quot;:&quot;0&quot;,&quot;title&quot;:&quot;&quot;,&quot;orientation&quot;:&quot;0&quot;}\" data-image-title=\"WhatsApp-Image-2023-04-04-at-08.35.501-1\" data-image-description=\"\" data-image-caption=\"\" data-large-file=\"https:\/\/www.cisa-arica.cl\/wp1\/wp-content\/uploads\/2023\/04\/WhatsApp-Image-2023-04-04-at-08.35.501-1-450x600.jpeg\" role=\"button\" tabindex=\"0\" aria-label=\"Abrir la imagen 32 de 75 en pantalla completa\"srcset=\"https:\/\/i2.wp.com\/www.cisa-arica.cl\/wp1\/wp-content\/uploads\/2023\/04\/WhatsApp-Image-2023-04-04-at-08.35.501-1-450x600.jpeg?strip=info&#038;w=600&#038;ssl=1 600w,https:\/\/i2.wp.com\/www.cisa-arica.cl\/wp1\/wp-content\/uploads\/2023\/04\/WhatsApp-Image-2023-04-04-at-08.35.501-1-450x600.jpeg?strip=info&#038;w=768&#038;ssl=1 768w\" alt=\"\" data-height=\"1024\" data-id=\"19828\" data-link=\"https:\/\/www.cisa-arica.cl\/wp1\/2023\/04\/03\/domingo-de-ramos-en-el-colegio\/whatsapp-image-2023-04-04-at-08-35-501-1\/\" data-url=\"https:\/\/www.cisa-arica.cl\/wp1\/wp-content\/uploads\/2023\/04\/WhatsApp-Image-2023-04-04-at-08.35.501-1-450x600.jpeg\" data-width=\"768\" src=\"https:\/\/i2.wp.com\/www.cisa-arica.cl\/wp1\/wp-content\/uploads\/2023\/04\/WhatsApp-Image-2023-04-04-at-08.35.501-1-450x600.jpeg?ssl=1\" data-amp-layout=\"responsive\"\/><\/figure><\/div><\/div><div class=\"tiled-gallery__row\"><div class=\"tiled-gallery__col\" style=\"flex-basis:62.92468%\"><figure class=\"tiled-gallery__item\"><img decoding=\"async\" data-attachment-id=\"19829\" data-permalink=\"https:\/\/www.cisa-arica.cl\/wp1\/2023\/04\/03\/domingo-de-ramos-en-el-colegio\/whatsapp-image-2023-04-04-at-08-36-48-1\/\" data-orig-file=\"https:\/\/www.cisa-arica.cl\/wp1\/wp-content\/uploads\/2023\/04\/WhatsApp-Image-2023-04-04-at-08.36.48-1.jpeg\" data-orig-size=\"768,1024\" data-comments-opened=\"0\" data-image-meta=\"{&quot;aperture&quot;:&quot;0&quot;,&quot;credit&quot;:&quot;&quot;,&quot;camera&quot;:&quot;&quot;,&quot;caption&quot;:&quot;&quot;,&quot;created_timestamp&quot;:&quot;0&quot;,&quot;copyright&quot;:&quot;&quot;,&quot;focal_length&quot;:&quot;0&quot;,&quot;iso&quot;:&quot;0&quot;,&quot;shutter_speed&quot;:&quot;0&quot;,&quot;title&quot;:&quot;&quot;,&quot;orientation&quot;:&quot;0&quot;}\" data-image-title=\"WhatsApp-Image-2023-04-04-at-08.36.48-1\" data-image-description=\"\" data-image-caption=\"\" data-large-file=\"https:\/\/www.cisa-arica.cl\/wp1\/wp-content\/uploads\/2023\/04\/WhatsApp-Image-2023-04-04-at-08.36.48-1-450x600.jpeg\" data-attachment-id=\"19829\" data-permalink=\"https:\/\/www.cisa-arica.cl\/wp1\/2023\/04\/03\/domingo-de-ramos-en-el-colegio\/whatsapp-image-2023-04-04-at-08-36-48-1\/\" data-orig-file=\"https:\/\/www.cisa-arica.cl\/wp1\/wp-content\/uploads\/2023\/04\/WhatsApp-Image-2023-04-04-at-08.36.48-1.jpeg\" data-orig-size=\"768,1024\" data-comments-opened=\"0\" data-image-meta=\"{&quot;aperture&quot;:&quot;0&quot;,&quot;credit&quot;:&quot;&quot;,&quot;camera&quot;:&quot;&quot;,&quot;caption&quot;:&quot;&quot;,&quot;created_timestamp&quot;:&quot;0&quot;,&quot;copyright&quot;:&quot;&quot;,&quot;focal_length&quot;:&quot;0&quot;,&quot;iso&quot;:&quot;0&quot;,&quot;shutter_speed&quot;:&quot;0&quot;,&quot;title&quot;:&quot;&quot;,&quot;orientation&quot;:&quot;0&quot;}\" data-image-title=\"WhatsApp-Image-2023-04-04-at-08.36.48-1\" data-image-description=\"\" data-image-caption=\"\" data-large-file=\"https:\/\/www.cisa-arica.cl\/wp1\/wp-content\/uploads\/2023\/04\/WhatsApp-Image-2023-04-04-at-08.36.48-1-450x600.jpeg\" role=\"button\" tabindex=\"0\" aria-label=\"Abrir la imagen 33 de 75 en pantalla completa\"srcset=\"https:\/\/i2.wp.com\/www.cisa-arica.cl\/wp1\/wp-content\/uploads\/2023\/04\/WhatsApp-Image-2023-04-04-at-08.36.48-1-450x600.jpeg?strip=info&#038;w=600&#038;ssl=1 600w,https:\/\/i2.wp.com\/www.cisa-arica.cl\/wp1\/wp-content\/uploads\/2023\/04\/WhatsApp-Image-2023-04-04-at-08.36.48-1-450x600.jpeg?strip=info&#038;w=768&#038;ssl=1 768w\" alt=\"\" data-height=\"1024\" data-id=\"19829\" data-link=\"https:\/\/www.cisa-arica.cl\/wp1\/2023\/04\/03\/domingo-de-ramos-en-el-colegio\/whatsapp-image-2023-04-04-at-08-36-48-1\/\" data-url=\"https:\/\/www.cisa-arica.cl\/wp1\/wp-content\/uploads\/2023\/04\/WhatsApp-Image-2023-04-04-at-08.36.48-1-450x600.jpeg\" data-width=\"768\" src=\"https:\/\/i2.wp.com\/www.cisa-arica.cl\/wp1\/wp-content\/uploads\/2023\/04\/WhatsApp-Image-2023-04-04-at-08.36.48-1-450x600.jpeg?ssl=1\" data-amp-layout=\"responsive\"\/><\/figure><\/div><div class=\"tiled-gallery__col\" style=\"flex-basis:37.07532%\"><figure class=\"tiled-gallery__item\"><img decoding=\"async\" data-attachment-id=\"19830\" data-permalink=\"https:\/\/www.cisa-arica.cl\/wp1\/2023\/04\/03\/domingo-de-ramos-en-el-colegio\/whatsapp-image-2023-04-04-at-08-36-482-1\/\" data-orig-file=\"https:\/\/www.cisa-arica.cl\/wp1\/wp-content\/uploads\/2023\/04\/WhatsApp-Image-2023-04-04-at-08.36.482-1.jpeg\" data-orig-size=\"1024,768\" data-comments-opened=\"0\" data-image-meta=\"{&quot;aperture&quot;:&quot;0&quot;,&quot;credit&quot;:&quot;&quot;,&quot;camera&quot;:&quot;&quot;,&quot;caption&quot;:&quot;&quot;,&quot;created_timestamp&quot;:&quot;0&quot;,&quot;copyright&quot;:&quot;&quot;,&quot;focal_length&quot;:&quot;0&quot;,&quot;iso&quot;:&quot;0&quot;,&quot;shutter_speed&quot;:&quot;0&quot;,&quot;title&quot;:&quot;&quot;,&quot;orientation&quot;:&quot;0&quot;}\" data-image-title=\"WhatsApp-Image-2023-04-04-at-08.36.482-1\" data-image-description=\"\" data-image-caption=\"\" data-large-file=\"https:\/\/www.cisa-arica.cl\/wp1\/wp-content\/uploads\/2023\/04\/WhatsApp-Image-2023-04-04-at-08.36.482-1-600x450.jpeg\" data-attachment-id=\"19830\" data-permalink=\"https:\/\/www.cisa-arica.cl\/wp1\/2023\/04\/03\/domingo-de-ramos-en-el-colegio\/whatsapp-image-2023-04-04-at-08-36-482-1\/\" data-orig-file=\"https:\/\/www.cisa-arica.cl\/wp1\/wp-content\/uploads\/2023\/04\/WhatsApp-Image-2023-04-04-at-08.36.482-1.jpeg\" data-orig-size=\"1024,768\" data-comments-opened=\"0\" data-image-meta=\"{&quot;aperture&quot;:&quot;0&quot;,&quot;credit&quot;:&quot;&quot;,&quot;camera&quot;:&quot;&quot;,&quot;caption&quot;:&quot;&quot;,&quot;created_timestamp&quot;:&quot;0&quot;,&quot;copyright&quot;:&quot;&quot;,&quot;focal_length&quot;:&quot;0&quot;,&quot;iso&quot;:&quot;0&quot;,&quot;shutter_speed&quot;:&quot;0&quot;,&quot;title&quot;:&quot;&quot;,&quot;orientation&quot;:&quot;0&quot;}\" data-image-title=\"WhatsApp-Image-2023-04-04-at-08.36.482-1\" data-image-description=\"\" data-image-caption=\"\" data-large-file=\"https:\/\/www.cisa-arica.cl\/wp1\/wp-content\/uploads\/2023\/04\/WhatsApp-Image-2023-04-04-at-08.36.482-1-600x450.jpeg\" role=\"button\" tabindex=\"0\" aria-label=\"Abrir la imagen 34 de 75 en pantalla completa\"srcset=\"https:\/\/i0.wp.com\/www.cisa-arica.cl\/wp1\/wp-content\/uploads\/2023\/04\/WhatsApp-Image-2023-04-04-at-08.36.482-1-600x450.jpeg?strip=info&#038;w=600&#038;ssl=1 600w,https:\/\/i0.wp.com\/www.cisa-arica.cl\/wp1\/wp-content\/uploads\/2023\/04\/WhatsApp-Image-2023-04-04-at-08.36.482-1-600x450.jpeg?strip=info&#038;w=900&#038;ssl=1 900w,https:\/\/i0.wp.com\/www.cisa-arica.cl\/wp1\/wp-content\/uploads\/2023\/04\/WhatsApp-Image-2023-04-04-at-08.36.482-1-600x450.jpeg?strip=info&#038;w=1024&#038;ssl=1 1024w\" alt=\"\" data-height=\"768\" data-id=\"19830\" data-link=\"https:\/\/www.cisa-arica.cl\/wp1\/2023\/04\/03\/domingo-de-ramos-en-el-colegio\/whatsapp-image-2023-04-04-at-08-36-482-1\/\" data-url=\"https:\/\/www.cisa-arica.cl\/wp1\/wp-content\/uploads\/2023\/04\/WhatsApp-Image-2023-04-04-at-08.36.482-1-600x450.jpeg\" data-width=\"1024\" src=\"https:\/\/i0.wp.com\/www.cisa-arica.cl\/wp1\/wp-content\/uploads\/2023\/04\/WhatsApp-Image-2023-04-04-at-08.36.482-1-600x450.jpeg?ssl=1\" data-amp-layout=\"responsive\"\/><\/figure><figure class=\"tiled-gallery__item\"><img decoding=\"async\" data-attachment-id=\"19831\" data-permalink=\"https:\/\/www.cisa-arica.cl\/wp1\/2023\/04\/03\/domingo-de-ramos-en-el-colegio\/whatsapp-image-2023-04-04-at-08-36-481-1\/\" data-orig-file=\"https:\/\/www.cisa-arica.cl\/wp1\/wp-content\/uploads\/2023\/04\/WhatsApp-Image-2023-04-04-at-08.36.481-1.jpeg\" data-orig-size=\"1024,768\" data-comments-opened=\"0\" data-image-meta=\"{&quot;aperture&quot;:&quot;0&quot;,&quot;credit&quot;:&quot;&quot;,&quot;camera&quot;:&quot;&quot;,&quot;caption&quot;:&quot;&quot;,&quot;created_timestamp&quot;:&quot;0&quot;,&quot;copyright&quot;:&quot;&quot;,&quot;focal_length&quot;:&quot;0&quot;,&quot;iso&quot;:&quot;0&quot;,&quot;shutter_speed&quot;:&quot;0&quot;,&quot;title&quot;:&quot;&quot;,&quot;orientation&quot;:&quot;0&quot;}\" data-image-title=\"WhatsApp-Image-2023-04-04-at-08.36.481-1\" data-image-description=\"\" data-image-caption=\"\" data-large-file=\"https:\/\/www.cisa-arica.cl\/wp1\/wp-content\/uploads\/2023\/04\/WhatsApp-Image-2023-04-04-at-08.36.481-1-600x450.jpeg\" data-attachment-id=\"19831\" data-permalink=\"https:\/\/www.cisa-arica.cl\/wp1\/2023\/04\/03\/domingo-de-ramos-en-el-colegio\/whatsapp-image-2023-04-04-at-08-36-481-1\/\" data-orig-file=\"https:\/\/www.cisa-arica.cl\/wp1\/wp-content\/uploads\/2023\/04\/WhatsApp-Image-2023-04-04-at-08.36.481-1.jpeg\" data-orig-size=\"1024,768\" data-comments-opened=\"0\" data-image-meta=\"{&quot;aperture&quot;:&quot;0&quot;,&quot;credit&quot;:&quot;&quot;,&quot;camera&quot;:&quot;&quot;,&quot;caption&quot;:&quot;&quot;,&quot;created_timestamp&quot;:&quot;0&quot;,&quot;copyright&quot;:&quot;&quot;,&quot;focal_length&quot;:&quot;0&quot;,&quot;iso&quot;:&quot;0&quot;,&quot;shutter_speed&quot;:&quot;0&quot;,&quot;title&quot;:&quot;&quot;,&quot;orientation&quot;:&quot;0&quot;}\" data-image-title=\"WhatsApp-Image-2023-04-04-at-08.36.481-1\" data-image-description=\"\" data-image-caption=\"\" data-large-file=\"https:\/\/www.cisa-arica.cl\/wp1\/wp-content\/uploads\/2023\/04\/WhatsApp-Image-2023-04-04-at-08.36.481-1-600x450.jpeg\" role=\"button\" tabindex=\"0\" aria-label=\"Abrir la imagen 35 de 75 en pantalla completa\"srcset=\"https:\/\/i2.wp.com\/www.cisa-arica.cl\/wp1\/wp-content\/uploads\/2023\/04\/WhatsApp-Image-2023-04-04-at-08.36.481-1-600x450.jpeg?strip=info&#038;w=600&#038;ssl=1 600w,https:\/\/i2.wp.com\/www.cisa-arica.cl\/wp1\/wp-content\/uploads\/2023\/04\/WhatsApp-Image-2023-04-04-at-08.36.481-1-600x450.jpeg?strip=info&#038;w=900&#038;ssl=1 900w,https:\/\/i2.wp.com\/www.cisa-arica.cl\/wp1\/wp-content\/uploads\/2023\/04\/WhatsApp-Image-2023-04-04-at-08.36.481-1-600x450.jpeg?strip=info&#038;w=1024&#038;ssl=1 1024w\" alt=\"\" data-height=\"768\" data-id=\"19831\" data-link=\"https:\/\/www.cisa-arica.cl\/wp1\/2023\/04\/03\/domingo-de-ramos-en-el-colegio\/whatsapp-image-2023-04-04-at-08-36-481-1\/\" data-url=\"https:\/\/www.cisa-arica.cl\/wp1\/wp-content\/uploads\/2023\/04\/WhatsApp-Image-2023-04-04-at-08.36.481-1-600x450.jpeg\" data-width=\"1024\" src=\"https:\/\/i2.wp.com\/www.cisa-arica.cl\/wp1\/wp-content\/uploads\/2023\/04\/WhatsApp-Image-2023-04-04-at-08.36.481-1-600x450.jpeg?ssl=1\" data-amp-layout=\"responsive\"\/><\/figure><figure class=\"tiled-gallery__item\"><img decoding=\"async\" data-attachment-id=\"19835\" data-permalink=\"https:\/\/www.cisa-arica.cl\/wp1\/2023\/04\/03\/domingo-de-ramos-en-el-colegio\/whatsapp-image-2023-04-04-at-08-36-482-2\/\" data-orig-file=\"https:\/\/www.cisa-arica.cl\/wp1\/wp-content\/uploads\/2023\/04\/WhatsApp-Image-2023-04-04-at-08.36.482-2.jpeg\" data-orig-size=\"1024,768\" data-comments-opened=\"0\" data-image-meta=\"{&quot;aperture&quot;:&quot;0&quot;,&quot;credit&quot;:&quot;&quot;,&quot;camera&quot;:&quot;&quot;,&quot;caption&quot;:&quot;&quot;,&quot;created_timestamp&quot;:&quot;0&quot;,&quot;copyright&quot;:&quot;&quot;,&quot;focal_length&quot;:&quot;0&quot;,&quot;iso&quot;:&quot;0&quot;,&quot;shutter_speed&quot;:&quot;0&quot;,&quot;title&quot;:&quot;&quot;,&quot;orientation&quot;:&quot;0&quot;}\" data-image-title=\"WhatsApp-Image-2023-04-04-at-08.36.482-2\" data-image-description=\"\" data-image-caption=\"\" data-large-file=\"https:\/\/www.cisa-arica.cl\/wp1\/wp-content\/uploads\/2023\/04\/WhatsApp-Image-2023-04-04-at-08.36.482-2-600x450.jpeg\" data-attachment-id=\"19835\" data-permalink=\"https:\/\/www.cisa-arica.cl\/wp1\/2023\/04\/03\/domingo-de-ramos-en-el-colegio\/whatsapp-image-2023-04-04-at-08-36-482-2\/\" data-orig-file=\"https:\/\/www.cisa-arica.cl\/wp1\/wp-content\/uploads\/2023\/04\/WhatsApp-Image-2023-04-04-at-08.36.482-2.jpeg\" data-orig-size=\"1024,768\" data-comments-opened=\"0\" data-image-meta=\"{&quot;aperture&quot;:&quot;0&quot;,&quot;credit&quot;:&quot;&quot;,&quot;camera&quot;:&quot;&quot;,&quot;caption&quot;:&quot;&quot;,&quot;created_timestamp&quot;:&quot;0&quot;,&quot;copyright&quot;:&quot;&quot;,&quot;focal_length&quot;:&quot;0&quot;,&quot;iso&quot;:&quot;0&quot;,&quot;shutter_speed&quot;:&quot;0&quot;,&quot;title&quot;:&quot;&quot;,&quot;orientation&quot;:&quot;0&quot;}\" data-image-title=\"WhatsApp-Image-2023-04-04-at-08.36.482-2\" data-image-description=\"\" data-image-caption=\"\" data-large-file=\"https:\/\/www.cisa-arica.cl\/wp1\/wp-content\/uploads\/2023\/04\/WhatsApp-Image-2023-04-04-at-08.36.482-2-600x450.jpeg\" role=\"button\" tabindex=\"0\" aria-label=\"Abrir la imagen 36 de 75 en pantalla completa\"srcset=\"https:\/\/i2.wp.com\/www.cisa-arica.cl\/wp1\/wp-content\/uploads\/2023\/04\/WhatsApp-Image-2023-04-04-at-08.36.482-2-600x450.jpeg?strip=info&#038;w=600&#038;ssl=1 600w,https:\/\/i2.wp.com\/www.cisa-arica.cl\/wp1\/wp-content\/uploads\/2023\/04\/WhatsApp-Image-2023-04-04-at-08.36.482-2-600x450.jpeg?strip=info&#038;w=900&#038;ssl=1 900w,https:\/\/i2.wp.com\/www.cisa-arica.cl\/wp1\/wp-content\/uploads\/2023\/04\/WhatsApp-Image-2023-04-04-at-08.36.482-2-600x450.jpeg?strip=info&#038;w=1024&#038;ssl=1 1024w\" alt=\"\" data-height=\"768\" data-id=\"19835\" data-link=\"https:\/\/www.cisa-arica.cl\/wp1\/2023\/04\/03\/domingo-de-ramos-en-el-colegio\/whatsapp-image-2023-04-04-at-08-36-482-2\/\" data-url=\"https:\/\/www.cisa-arica.cl\/wp1\/wp-content\/uploads\/2023\/04\/WhatsApp-Image-2023-04-04-at-08.36.482-2-600x450.jpeg\" data-width=\"1024\" src=\"https:\/\/i2.wp.com\/www.cisa-arica.cl\/wp1\/wp-content\/uploads\/2023\/04\/WhatsApp-Image-2023-04-04-at-08.36.482-2-600x450.jpeg?ssl=1\" data-amp-layout=\"responsive\"\/><\/figure><\/div><\/div><div class=\"tiled-gallery__row\"><div class=\"tiled-gallery__col\" style=\"flex-basis:33.33333%\"><figure class=\"tiled-gallery__item\"><img decoding=\"async\" data-attachment-id=\"19836\" data-permalink=\"https:\/\/www.cisa-arica.cl\/wp1\/2023\/04\/03\/domingo-de-ramos-en-el-colegio\/whatsapp-image-2023-04-04-at-08-37-16-1\/\" data-orig-file=\"https:\/\/www.cisa-arica.cl\/wp1\/wp-content\/uploads\/2023\/04\/WhatsApp-Image-2023-04-04-at-08.37.16-1.jpeg\" data-orig-size=\"768,1024\" data-comments-opened=\"0\" data-image-meta=\"{&quot;aperture&quot;:&quot;0&quot;,&quot;credit&quot;:&quot;&quot;,&quot;camera&quot;:&quot;&quot;,&quot;caption&quot;:&quot;&quot;,&quot;created_timestamp&quot;:&quot;0&quot;,&quot;copyright&quot;:&quot;&quot;,&quot;focal_length&quot;:&quot;0&quot;,&quot;iso&quot;:&quot;0&quot;,&quot;shutter_speed&quot;:&quot;0&quot;,&quot;title&quot;:&quot;&quot;,&quot;orientation&quot;:&quot;0&quot;}\" data-image-title=\"WhatsApp-Image-2023-04-04-at-08.37.16-1\" data-image-description=\"\" data-image-caption=\"\" data-large-file=\"https:\/\/www.cisa-arica.cl\/wp1\/wp-content\/uploads\/2023\/04\/WhatsApp-Image-2023-04-04-at-08.37.16-1-450x600.jpeg\" data-attachment-id=\"19836\" data-permalink=\"https:\/\/www.cisa-arica.cl\/wp1\/2023\/04\/03\/domingo-de-ramos-en-el-colegio\/whatsapp-image-2023-04-04-at-08-37-16-1\/\" data-orig-file=\"https:\/\/www.cisa-arica.cl\/wp1\/wp-content\/uploads\/2023\/04\/WhatsApp-Image-2023-04-04-at-08.37.16-1.jpeg\" data-orig-size=\"768,1024\" data-comments-opened=\"0\" data-image-meta=\"{&quot;aperture&quot;:&quot;0&quot;,&quot;credit&quot;:&quot;&quot;,&quot;camera&quot;:&quot;&quot;,&quot;caption&quot;:&quot;&quot;,&quot;created_timestamp&quot;:&quot;0&quot;,&quot;copyright&quot;:&quot;&quot;,&quot;focal_length&quot;:&quot;0&quot;,&quot;iso&quot;:&quot;0&quot;,&quot;shutter_speed&quot;:&quot;0&quot;,&quot;title&quot;:&quot;&quot;,&quot;orientation&quot;:&quot;0&quot;}\" data-image-title=\"WhatsApp-Image-2023-04-04-at-08.37.16-1\" data-image-description=\"\" data-image-caption=\"\" data-large-file=\"https:\/\/www.cisa-arica.cl\/wp1\/wp-content\/uploads\/2023\/04\/WhatsApp-Image-2023-04-04-at-08.37.16-1-450x600.jpeg\" role=\"button\" tabindex=\"0\" aria-label=\"Abrir la imagen 37 de 75 en pantalla completa\"srcset=\"https:\/\/i0.wp.com\/www.cisa-arica.cl\/wp1\/wp-content\/uploads\/2023\/04\/WhatsApp-Image-2023-04-04-at-08.37.16-1-450x600.jpeg?strip=info&#038;w=600&#038;ssl=1 600w,https:\/\/i0.wp.com\/www.cisa-arica.cl\/wp1\/wp-content\/uploads\/2023\/04\/WhatsApp-Image-2023-04-04-at-08.37.16-1-450x600.jpeg?strip=info&#038;w=768&#038;ssl=1 768w\" alt=\"\" data-height=\"1024\" data-id=\"19836\" data-link=\"https:\/\/www.cisa-arica.cl\/wp1\/2023\/04\/03\/domingo-de-ramos-en-el-colegio\/whatsapp-image-2023-04-04-at-08-37-16-1\/\" data-url=\"https:\/\/www.cisa-arica.cl\/wp1\/wp-content\/uploads\/2023\/04\/WhatsApp-Image-2023-04-04-at-08.37.16-1-450x600.jpeg\" data-width=\"768\" src=\"https:\/\/i0.wp.com\/www.cisa-arica.cl\/wp1\/wp-content\/uploads\/2023\/04\/WhatsApp-Image-2023-04-04-at-08.37.16-1-450x600.jpeg?ssl=1\" data-amp-layout=\"responsive\"\/><\/figure><\/div><div class=\"tiled-gallery__col\" style=\"flex-basis:33.33333%\"><figure class=\"tiled-gallery__item\"><img decoding=\"async\" data-attachment-id=\"19837\" data-permalink=\"https:\/\/www.cisa-arica.cl\/wp1\/2023\/04\/03\/domingo-de-ramos-en-el-colegio\/whatsapp-image-2023-04-04-at-08-37-167-1\/\" data-orig-file=\"https:\/\/www.cisa-arica.cl\/wp1\/wp-content\/uploads\/2023\/04\/WhatsApp-Image-2023-04-04-at-08.37.167-1.jpeg\" data-orig-size=\"768,1024\" data-comments-opened=\"0\" data-image-meta=\"{&quot;aperture&quot;:&quot;0&quot;,&quot;credit&quot;:&quot;&quot;,&quot;camera&quot;:&quot;&quot;,&quot;caption&quot;:&quot;&quot;,&quot;created_timestamp&quot;:&quot;0&quot;,&quot;copyright&quot;:&quot;&quot;,&quot;focal_length&quot;:&quot;0&quot;,&quot;iso&quot;:&quot;0&quot;,&quot;shutter_speed&quot;:&quot;0&quot;,&quot;title&quot;:&quot;&quot;,&quot;orientation&quot;:&quot;0&quot;}\" data-image-title=\"WhatsApp-Image-2023-04-04-at-08.37.167-1\" data-image-description=\"\" data-image-caption=\"\" data-large-file=\"https:\/\/www.cisa-arica.cl\/wp1\/wp-content\/uploads\/2023\/04\/WhatsApp-Image-2023-04-04-at-08.37.167-1-450x600.jpeg\" data-attachment-id=\"19837\" data-permalink=\"https:\/\/www.cisa-arica.cl\/wp1\/2023\/04\/03\/domingo-de-ramos-en-el-colegio\/whatsapp-image-2023-04-04-at-08-37-167-1\/\" data-orig-file=\"https:\/\/www.cisa-arica.cl\/wp1\/wp-content\/uploads\/2023\/04\/WhatsApp-Image-2023-04-04-at-08.37.167-1.jpeg\" data-orig-size=\"768,1024\" data-comments-opened=\"0\" data-image-meta=\"{&quot;aperture&quot;:&quot;0&quot;,&quot;credit&quot;:&quot;&quot;,&quot;camera&quot;:&quot;&quot;,&quot;caption&quot;:&quot;&quot;,&quot;created_timestamp&quot;:&quot;0&quot;,&quot;copyright&quot;:&quot;&quot;,&quot;focal_length&quot;:&quot;0&quot;,&quot;iso&quot;:&quot;0&quot;,&quot;shutter_speed&quot;:&quot;0&quot;,&quot;title&quot;:&quot;&quot;,&quot;orientation&quot;:&quot;0&quot;}\" data-image-title=\"WhatsApp-Image-2023-04-04-at-08.37.167-1\" data-image-description=\"\" data-image-caption=\"\" data-large-file=\"https:\/\/www.cisa-arica.cl\/wp1\/wp-content\/uploads\/2023\/04\/WhatsApp-Image-2023-04-04-at-08.37.167-1-450x600.jpeg\" role=\"button\" tabindex=\"0\" aria-label=\"Abrir la imagen 38 de 75 en pantalla completa\"srcset=\"https:\/\/i0.wp.com\/www.cisa-arica.cl\/wp1\/wp-content\/uploads\/2023\/04\/WhatsApp-Image-2023-04-04-at-08.37.167-1-450x600.jpeg?strip=info&#038;w=600&#038;ssl=1 600w,https:\/\/i0.wp.com\/www.cisa-arica.cl\/wp1\/wp-content\/uploads\/2023\/04\/WhatsApp-Image-2023-04-04-at-08.37.167-1-450x600.jpeg?strip=info&#038;w=768&#038;ssl=1 768w\" alt=\"\" data-height=\"1024\" data-id=\"19837\" data-link=\"https:\/\/www.cisa-arica.cl\/wp1\/2023\/04\/03\/domingo-de-ramos-en-el-colegio\/whatsapp-image-2023-04-04-at-08-37-167-1\/\" data-url=\"https:\/\/www.cisa-arica.cl\/wp1\/wp-content\/uploads\/2023\/04\/WhatsApp-Image-2023-04-04-at-08.37.167-1-450x600.jpeg\" data-width=\"768\" src=\"https:\/\/i0.wp.com\/www.cisa-arica.cl\/wp1\/wp-content\/uploads\/2023\/04\/WhatsApp-Image-2023-04-04-at-08.37.167-1-450x600.jpeg?ssl=1\" data-amp-layout=\"responsive\"\/><\/figure><\/div><div class=\"tiled-gallery__col\" style=\"flex-basis:33.33333%\"><figure class=\"tiled-gallery__item\"><img decoding=\"async\" data-attachment-id=\"19838\" data-permalink=\"https:\/\/www.cisa-arica.cl\/wp1\/2023\/04\/03\/domingo-de-ramos-en-el-colegio\/whatsapp-image-2023-04-04-at-08-37-166-1\/\" data-orig-file=\"https:\/\/www.cisa-arica.cl\/wp1\/wp-content\/uploads\/2023\/04\/WhatsApp-Image-2023-04-04-at-08.37.166-1.jpeg\" data-orig-size=\"768,1024\" data-comments-opened=\"0\" data-image-meta=\"{&quot;aperture&quot;:&quot;0&quot;,&quot;credit&quot;:&quot;&quot;,&quot;camera&quot;:&quot;&quot;,&quot;caption&quot;:&quot;&quot;,&quot;created_timestamp&quot;:&quot;0&quot;,&quot;copyright&quot;:&quot;&quot;,&quot;focal_length&quot;:&quot;0&quot;,&quot;iso&quot;:&quot;0&quot;,&quot;shutter_speed&quot;:&quot;0&quot;,&quot;title&quot;:&quot;&quot;,&quot;orientation&quot;:&quot;0&quot;}\" data-image-title=\"WhatsApp-Image-2023-04-04-at-08.37.166-1\" data-image-description=\"\" data-image-caption=\"\" data-large-file=\"https:\/\/www.cisa-arica.cl\/wp1\/wp-content\/uploads\/2023\/04\/WhatsApp-Image-2023-04-04-at-08.37.166-1-450x600.jpeg\" data-attachment-id=\"19838\" data-permalink=\"https:\/\/www.cisa-arica.cl\/wp1\/2023\/04\/03\/domingo-de-ramos-en-el-colegio\/whatsapp-image-2023-04-04-at-08-37-166-1\/\" data-orig-file=\"https:\/\/www.cisa-arica.cl\/wp1\/wp-content\/uploads\/2023\/04\/WhatsApp-Image-2023-04-04-at-08.37.166-1.jpeg\" data-orig-size=\"768,1024\" data-comments-opened=\"0\" data-image-meta=\"{&quot;aperture&quot;:&quot;0&quot;,&quot;credit&quot;:&quot;&quot;,&quot;camera&quot;:&quot;&quot;,&quot;caption&quot;:&quot;&quot;,&quot;created_timestamp&quot;:&quot;0&quot;,&quot;copyright&quot;:&quot;&quot;,&quot;focal_length&quot;:&quot;0&quot;,&quot;iso&quot;:&quot;0&quot;,&quot;shutter_speed&quot;:&quot;0&quot;,&quot;title&quot;:&quot;&quot;,&quot;orientation&quot;:&quot;0&quot;}\" data-image-title=\"WhatsApp-Image-2023-04-04-at-08.37.166-1\" data-image-description=\"\" data-image-caption=\"\" data-large-file=\"https:\/\/www.cisa-arica.cl\/wp1\/wp-content\/uploads\/2023\/04\/WhatsApp-Image-2023-04-04-at-08.37.166-1-450x600.jpeg\" role=\"button\" tabindex=\"0\" aria-label=\"Abrir la imagen 39 de 75 en pantalla completa\"srcset=\"https:\/\/i2.wp.com\/www.cisa-arica.cl\/wp1\/wp-content\/uploads\/2023\/04\/WhatsApp-Image-2023-04-04-at-08.37.166-1-450x600.jpeg?strip=info&#038;w=600&#038;ssl=1 600w,https:\/\/i2.wp.com\/www.cisa-arica.cl\/wp1\/wp-content\/uploads\/2023\/04\/WhatsApp-Image-2023-04-04-at-08.37.166-1-450x600.jpeg?strip=info&#038;w=768&#038;ssl=1 768w\" alt=\"\" data-height=\"1024\" data-id=\"19838\" data-link=\"https:\/\/www.cisa-arica.cl\/wp1\/2023\/04\/03\/domingo-de-ramos-en-el-colegio\/whatsapp-image-2023-04-04-at-08-37-166-1\/\" data-url=\"https:\/\/www.cisa-arica.cl\/wp1\/wp-content\/uploads\/2023\/04\/WhatsApp-Image-2023-04-04-at-08.37.166-1-450x600.jpeg\" data-width=\"768\" src=\"https:\/\/i2.wp.com\/www.cisa-arica.cl\/wp1\/wp-content\/uploads\/2023\/04\/WhatsApp-Image-2023-04-04-at-08.37.166-1-450x600.jpeg?ssl=1\" data-amp-layout=\"responsive\"\/><\/figure><\/div><\/div><div class=\"tiled-gallery__row\"><div class=\"tiled-gallery__col\" style=\"flex-basis:63.97414%\"><figure class=\"tiled-gallery__item\"><img decoding=\"async\" data-attachment-id=\"19839\" data-permalink=\"https:\/\/www.cisa-arica.cl\/wp1\/2023\/04\/03\/domingo-de-ramos-en-el-colegio\/whatsapp-image-2023-04-04-at-08-37-165-1\/\" data-orig-file=\"https:\/\/www.cisa-arica.cl\/wp1\/wp-content\/uploads\/2023\/04\/WhatsApp-Image-2023-04-04-at-08.37.165-1.jpeg\" data-orig-size=\"1024,768\" data-comments-opened=\"0\" data-image-meta=\"{&quot;aperture&quot;:&quot;0&quot;,&quot;credit&quot;:&quot;&quot;,&quot;camera&quot;:&quot;&quot;,&quot;caption&quot;:&quot;&quot;,&quot;created_timestamp&quot;:&quot;0&quot;,&quot;copyright&quot;:&quot;&quot;,&quot;focal_length&quot;:&quot;0&quot;,&quot;iso&quot;:&quot;0&quot;,&quot;shutter_speed&quot;:&quot;0&quot;,&quot;title&quot;:&quot;&quot;,&quot;orientation&quot;:&quot;0&quot;}\" data-image-title=\"WhatsApp-Image-2023-04-04-at-08.37.165-1\" data-image-description=\"\" data-image-caption=\"\" data-large-file=\"https:\/\/www.cisa-arica.cl\/wp1\/wp-content\/uploads\/2023\/04\/WhatsApp-Image-2023-04-04-at-08.37.165-1-600x450.jpeg\" data-attachment-id=\"19839\" data-permalink=\"https:\/\/www.cisa-arica.cl\/wp1\/2023\/04\/03\/domingo-de-ramos-en-el-colegio\/whatsapp-image-2023-04-04-at-08-37-165-1\/\" data-orig-file=\"https:\/\/www.cisa-arica.cl\/wp1\/wp-content\/uploads\/2023\/04\/WhatsApp-Image-2023-04-04-at-08.37.165-1.jpeg\" data-orig-size=\"1024,768\" data-comments-opened=\"0\" data-image-meta=\"{&quot;aperture&quot;:&quot;0&quot;,&quot;credit&quot;:&quot;&quot;,&quot;camera&quot;:&quot;&quot;,&quot;caption&quot;:&quot;&quot;,&quot;created_timestamp&quot;:&quot;0&quot;,&quot;copyright&quot;:&quot;&quot;,&quot;focal_length&quot;:&quot;0&quot;,&quot;iso&quot;:&quot;0&quot;,&quot;shutter_speed&quot;:&quot;0&quot;,&quot;title&quot;:&quot;&quot;,&quot;orientation&quot;:&quot;0&quot;}\" data-image-title=\"WhatsApp-Image-2023-04-04-at-08.37.165-1\" data-image-description=\"\" data-image-caption=\"\" data-large-file=\"https:\/\/www.cisa-arica.cl\/wp1\/wp-content\/uploads\/2023\/04\/WhatsApp-Image-2023-04-04-at-08.37.165-1-600x450.jpeg\" role=\"button\" tabindex=\"0\" aria-label=\"Abrir la imagen 40 de 75 en pantalla completa\"srcset=\"https:\/\/i0.wp.com\/www.cisa-arica.cl\/wp1\/wp-content\/uploads\/2023\/04\/WhatsApp-Image-2023-04-04-at-08.37.165-1-600x450.jpeg?strip=info&#038;w=600&#038;ssl=1 600w,https:\/\/i0.wp.com\/www.cisa-arica.cl\/wp1\/wp-content\/uploads\/2023\/04\/WhatsApp-Image-2023-04-04-at-08.37.165-1-600x450.jpeg?strip=info&#038;w=900&#038;ssl=1 900w,https:\/\/i0.wp.com\/www.cisa-arica.cl\/wp1\/wp-content\/uploads\/2023\/04\/WhatsApp-Image-2023-04-04-at-08.37.165-1-600x450.jpeg?strip=info&#038;w=1024&#038;ssl=1 1024w\" alt=\"\" data-height=\"768\" data-id=\"19839\" data-link=\"https:\/\/www.cisa-arica.cl\/wp1\/2023\/04\/03\/domingo-de-ramos-en-el-colegio\/whatsapp-image-2023-04-04-at-08-37-165-1\/\" data-url=\"https:\/\/www.cisa-arica.cl\/wp1\/wp-content\/uploads\/2023\/04\/WhatsApp-Image-2023-04-04-at-08.37.165-1-600x450.jpeg\" data-width=\"1024\" src=\"https:\/\/i0.wp.com\/www.cisa-arica.cl\/wp1\/wp-content\/uploads\/2023\/04\/WhatsApp-Image-2023-04-04-at-08.37.165-1-600x450.jpeg?ssl=1\" data-amp-layout=\"responsive\"\/><\/figure><\/div><div class=\"tiled-gallery__col\" style=\"flex-basis:36.02586%\"><figure class=\"tiled-gallery__item\"><img decoding=\"async\" data-attachment-id=\"19840\" data-permalink=\"https:\/\/www.cisa-arica.cl\/wp1\/2023\/04\/03\/domingo-de-ramos-en-el-colegio\/whatsapp-image-2023-04-04-at-08-37-164-1\/\" data-orig-file=\"https:\/\/www.cisa-arica.cl\/wp1\/wp-content\/uploads\/2023\/04\/WhatsApp-Image-2023-04-04-at-08.37.164-1.jpeg\" data-orig-size=\"768,1024\" data-comments-opened=\"0\" data-image-meta=\"{&quot;aperture&quot;:&quot;0&quot;,&quot;credit&quot;:&quot;&quot;,&quot;camera&quot;:&quot;&quot;,&quot;caption&quot;:&quot;&quot;,&quot;created_timestamp&quot;:&quot;0&quot;,&quot;copyright&quot;:&quot;&quot;,&quot;focal_length&quot;:&quot;0&quot;,&quot;iso&quot;:&quot;0&quot;,&quot;shutter_speed&quot;:&quot;0&quot;,&quot;title&quot;:&quot;&quot;,&quot;orientation&quot;:&quot;0&quot;}\" data-image-title=\"WhatsApp-Image-2023-04-04-at-08.37.164-1\" data-image-description=\"\" data-image-caption=\"\" data-large-file=\"https:\/\/www.cisa-arica.cl\/wp1\/wp-content\/uploads\/2023\/04\/WhatsApp-Image-2023-04-04-at-08.37.164-1-450x600.jpeg\" data-attachment-id=\"19840\" data-permalink=\"https:\/\/www.cisa-arica.cl\/wp1\/2023\/04\/03\/domingo-de-ramos-en-el-colegio\/whatsapp-image-2023-04-04-at-08-37-164-1\/\" data-orig-file=\"https:\/\/www.cisa-arica.cl\/wp1\/wp-content\/uploads\/2023\/04\/WhatsApp-Image-2023-04-04-at-08.37.164-1.jpeg\" data-orig-size=\"768,1024\" data-comments-opened=\"0\" data-image-meta=\"{&quot;aperture&quot;:&quot;0&quot;,&quot;credit&quot;:&quot;&quot;,&quot;camera&quot;:&quot;&quot;,&quot;caption&quot;:&quot;&quot;,&quot;created_timestamp&quot;:&quot;0&quot;,&quot;copyright&quot;:&quot;&quot;,&quot;focal_length&quot;:&quot;0&quot;,&quot;iso&quot;:&quot;0&quot;,&quot;shutter_speed&quot;:&quot;0&quot;,&quot;title&quot;:&quot;&quot;,&quot;orientation&quot;:&quot;0&quot;}\" data-image-title=\"WhatsApp-Image-2023-04-04-at-08.37.164-1\" data-image-description=\"\" data-image-caption=\"\" data-large-file=\"https:\/\/www.cisa-arica.cl\/wp1\/wp-content\/uploads\/2023\/04\/WhatsApp-Image-2023-04-04-at-08.37.164-1-450x600.jpeg\" role=\"button\" tabindex=\"0\" aria-label=\"Abrir la imagen 41 de 75 en pantalla completa\"srcset=\"https:\/\/i2.wp.com\/www.cisa-arica.cl\/wp1\/wp-content\/uploads\/2023\/04\/WhatsApp-Image-2023-04-04-at-08.37.164-1-450x600.jpeg?strip=info&#038;w=600&#038;ssl=1 600w,https:\/\/i2.wp.com\/www.cisa-arica.cl\/wp1\/wp-content\/uploads\/2023\/04\/WhatsApp-Image-2023-04-04-at-08.37.164-1-450x600.jpeg?strip=info&#038;w=768&#038;ssl=1 768w\" alt=\"\" data-height=\"1024\" data-id=\"19840\" data-link=\"https:\/\/www.cisa-arica.cl\/wp1\/2023\/04\/03\/domingo-de-ramos-en-el-colegio\/whatsapp-image-2023-04-04-at-08-37-164-1\/\" data-url=\"https:\/\/www.cisa-arica.cl\/wp1\/wp-content\/uploads\/2023\/04\/WhatsApp-Image-2023-04-04-at-08.37.164-1-450x600.jpeg\" data-width=\"768\" src=\"https:\/\/i2.wp.com\/www.cisa-arica.cl\/wp1\/wp-content\/uploads\/2023\/04\/WhatsApp-Image-2023-04-04-at-08.37.164-1-450x600.jpeg?ssl=1\" data-amp-layout=\"responsive\"\/><\/figure><\/div><\/div><div class=\"tiled-gallery__row\"><div class=\"tiled-gallery__col\" style=\"flex-basis:25.00000%\"><figure class=\"tiled-gallery__item\"><img decoding=\"async\" data-attachment-id=\"19841\" data-permalink=\"https:\/\/www.cisa-arica.cl\/wp1\/2023\/04\/03\/domingo-de-ramos-en-el-colegio\/whatsapp-image-2023-04-04-at-08-37-163-1\/\" data-orig-file=\"https:\/\/www.cisa-arica.cl\/wp1\/wp-content\/uploads\/2023\/04\/WhatsApp-Image-2023-04-04-at-08.37.163-1.jpeg\" data-orig-size=\"768,1024\" data-comments-opened=\"0\" data-image-meta=\"{&quot;aperture&quot;:&quot;0&quot;,&quot;credit&quot;:&quot;&quot;,&quot;camera&quot;:&quot;&quot;,&quot;caption&quot;:&quot;&quot;,&quot;created_timestamp&quot;:&quot;0&quot;,&quot;copyright&quot;:&quot;&quot;,&quot;focal_length&quot;:&quot;0&quot;,&quot;iso&quot;:&quot;0&quot;,&quot;shutter_speed&quot;:&quot;0&quot;,&quot;title&quot;:&quot;&quot;,&quot;orientation&quot;:&quot;0&quot;}\" data-image-title=\"WhatsApp-Image-2023-04-04-at-08.37.163-1\" data-image-description=\"\" data-image-caption=\"\" data-large-file=\"https:\/\/www.cisa-arica.cl\/wp1\/wp-content\/uploads\/2023\/04\/WhatsApp-Image-2023-04-04-at-08.37.163-1-450x600.jpeg\" data-attachment-id=\"19841\" data-permalink=\"https:\/\/www.cisa-arica.cl\/wp1\/2023\/04\/03\/domingo-de-ramos-en-el-colegio\/whatsapp-image-2023-04-04-at-08-37-163-1\/\" data-orig-file=\"https:\/\/www.cisa-arica.cl\/wp1\/wp-content\/uploads\/2023\/04\/WhatsApp-Image-2023-04-04-at-08.37.163-1.jpeg\" data-orig-size=\"768,1024\" data-comments-opened=\"0\" data-image-meta=\"{&quot;aperture&quot;:&quot;0&quot;,&quot;credit&quot;:&quot;&quot;,&quot;camera&quot;:&quot;&quot;,&quot;caption&quot;:&quot;&quot;,&quot;created_timestamp&quot;:&quot;0&quot;,&quot;copyright&quot;:&quot;&quot;,&quot;focal_length&quot;:&quot;0&quot;,&quot;iso&quot;:&quot;0&quot;,&quot;shutter_speed&quot;:&quot;0&quot;,&quot;title&quot;:&quot;&quot;,&quot;orientation&quot;:&quot;0&quot;}\" data-image-title=\"WhatsApp-Image-2023-04-04-at-08.37.163-1\" data-image-description=\"\" data-image-caption=\"\" data-large-file=\"https:\/\/www.cisa-arica.cl\/wp1\/wp-content\/uploads\/2023\/04\/WhatsApp-Image-2023-04-04-at-08.37.163-1-450x600.jpeg\" role=\"button\" tabindex=\"0\" aria-label=\"Abrir la imagen 42 de 75 en pantalla completa\"srcset=\"https:\/\/i0.wp.com\/www.cisa-arica.cl\/wp1\/wp-content\/uploads\/2023\/04\/WhatsApp-Image-2023-04-04-at-08.37.163-1-450x600.jpeg?strip=info&#038;w=600&#038;ssl=1 600w,https:\/\/i0.wp.com\/www.cisa-arica.cl\/wp1\/wp-content\/uploads\/2023\/04\/WhatsApp-Image-2023-04-04-at-08.37.163-1-450x600.jpeg?strip=info&#038;w=768&#038;ssl=1 768w\" alt=\"\" data-height=\"1024\" data-id=\"19841\" data-link=\"https:\/\/www.cisa-arica.cl\/wp1\/2023\/04\/03\/domingo-de-ramos-en-el-colegio\/whatsapp-image-2023-04-04-at-08-37-163-1\/\" data-url=\"https:\/\/www.cisa-arica.cl\/wp1\/wp-content\/uploads\/2023\/04\/WhatsApp-Image-2023-04-04-at-08.37.163-1-450x600.jpeg\" data-width=\"768\" src=\"https:\/\/i0.wp.com\/www.cisa-arica.cl\/wp1\/wp-content\/uploads\/2023\/04\/WhatsApp-Image-2023-04-04-at-08.37.163-1-450x600.jpeg?ssl=1\" data-amp-layout=\"responsive\"\/><\/figure><\/div><div class=\"tiled-gallery__col\" style=\"flex-basis:25.00000%\"><figure class=\"tiled-gallery__item\"><img decoding=\"async\" data-attachment-id=\"19842\" data-permalink=\"https:\/\/www.cisa-arica.cl\/wp1\/2023\/04\/03\/domingo-de-ramos-en-el-colegio\/whatsapp-image-2023-04-04-at-08-37-162-1\/\" data-orig-file=\"https:\/\/www.cisa-arica.cl\/wp1\/wp-content\/uploads\/2023\/04\/WhatsApp-Image-2023-04-04-at-08.37.162-1.jpeg\" data-orig-size=\"768,1024\" data-comments-opened=\"0\" data-image-meta=\"{&quot;aperture&quot;:&quot;0&quot;,&quot;credit&quot;:&quot;&quot;,&quot;camera&quot;:&quot;&quot;,&quot;caption&quot;:&quot;&quot;,&quot;created_timestamp&quot;:&quot;0&quot;,&quot;copyright&quot;:&quot;&quot;,&quot;focal_length&quot;:&quot;0&quot;,&quot;iso&quot;:&quot;0&quot;,&quot;shutter_speed&quot;:&quot;0&quot;,&quot;title&quot;:&quot;&quot;,&quot;orientation&quot;:&quot;0&quot;}\" data-image-title=\"WhatsApp-Image-2023-04-04-at-08.37.162-1\" data-image-description=\"\" data-image-caption=\"\" data-large-file=\"https:\/\/www.cisa-arica.cl\/wp1\/wp-content\/uploads\/2023\/04\/WhatsApp-Image-2023-04-04-at-08.37.162-1-450x600.jpeg\" data-attachment-id=\"19842\" data-permalink=\"https:\/\/www.cisa-arica.cl\/wp1\/2023\/04\/03\/domingo-de-ramos-en-el-colegio\/whatsapp-image-2023-04-04-at-08-37-162-1\/\" data-orig-file=\"https:\/\/www.cisa-arica.cl\/wp1\/wp-content\/uploads\/2023\/04\/WhatsApp-Image-2023-04-04-at-08.37.162-1.jpeg\" data-orig-size=\"768,1024\" data-comments-opened=\"0\" data-image-meta=\"{&quot;aperture&quot;:&quot;0&quot;,&quot;credit&quot;:&quot;&quot;,&quot;camera&quot;:&quot;&quot;,&quot;caption&quot;:&quot;&quot;,&quot;created_timestamp&quot;:&quot;0&quot;,&quot;copyright&quot;:&quot;&quot;,&quot;focal_length&quot;:&quot;0&quot;,&quot;iso&quot;:&quot;0&quot;,&quot;shutter_speed&quot;:&quot;0&quot;,&quot;title&quot;:&quot;&quot;,&quot;orientation&quot;:&quot;0&quot;}\" data-image-title=\"WhatsApp-Image-2023-04-04-at-08.37.162-1\" data-image-description=\"\" data-image-caption=\"\" data-large-file=\"https:\/\/www.cisa-arica.cl\/wp1\/wp-content\/uploads\/2023\/04\/WhatsApp-Image-2023-04-04-at-08.37.162-1-450x600.jpeg\" role=\"button\" tabindex=\"0\" aria-label=\"Abrir la imagen 43 de 75 en pantalla completa\"srcset=\"https:\/\/i0.wp.com\/www.cisa-arica.cl\/wp1\/wp-content\/uploads\/2023\/04\/WhatsApp-Image-2023-04-04-at-08.37.162-1-450x600.jpeg?strip=info&#038;w=600&#038;ssl=1 600w,https:\/\/i0.wp.com\/www.cisa-arica.cl\/wp1\/wp-content\/uploads\/2023\/04\/WhatsApp-Image-2023-04-04-at-08.37.162-1-450x600.jpeg?strip=info&#038;w=768&#038;ssl=1 768w\" alt=\"\" data-height=\"1024\" data-id=\"19842\" data-link=\"https:\/\/www.cisa-arica.cl\/wp1\/2023\/04\/03\/domingo-de-ramos-en-el-colegio\/whatsapp-image-2023-04-04-at-08-37-162-1\/\" data-url=\"https:\/\/www.cisa-arica.cl\/wp1\/wp-content\/uploads\/2023\/04\/WhatsApp-Image-2023-04-04-at-08.37.162-1-450x600.jpeg\" data-width=\"768\" src=\"https:\/\/i0.wp.com\/www.cisa-arica.cl\/wp1\/wp-content\/uploads\/2023\/04\/WhatsApp-Image-2023-04-04-at-08.37.162-1-450x600.jpeg?ssl=1\" data-amp-layout=\"responsive\"\/><\/figure><\/div><div class=\"tiled-gallery__col\" style=\"flex-basis:25.00000%\"><figure class=\"tiled-gallery__item\"><img decoding=\"async\" data-attachment-id=\"19843\" data-permalink=\"https:\/\/www.cisa-arica.cl\/wp1\/2023\/04\/03\/domingo-de-ramos-en-el-colegio\/whatsapp-image-2023-04-04-at-08-37-161-1\/\" data-orig-file=\"https:\/\/www.cisa-arica.cl\/wp1\/wp-content\/uploads\/2023\/04\/WhatsApp-Image-2023-04-04-at-08.37.161-1.jpeg\" data-orig-size=\"768,1024\" data-comments-opened=\"0\" data-image-meta=\"{&quot;aperture&quot;:&quot;0&quot;,&quot;credit&quot;:&quot;&quot;,&quot;camera&quot;:&quot;&quot;,&quot;caption&quot;:&quot;&quot;,&quot;created_timestamp&quot;:&quot;0&quot;,&quot;copyright&quot;:&quot;&quot;,&quot;focal_length&quot;:&quot;0&quot;,&quot;iso&quot;:&quot;0&quot;,&quot;shutter_speed&quot;:&quot;0&quot;,&quot;title&quot;:&quot;&quot;,&quot;orientation&quot;:&quot;0&quot;}\" data-image-title=\"WhatsApp-Image-2023-04-04-at-08.37.161-1\" data-image-description=\"\" data-image-caption=\"\" data-large-file=\"https:\/\/www.cisa-arica.cl\/wp1\/wp-content\/uploads\/2023\/04\/WhatsApp-Image-2023-04-04-at-08.37.161-1-450x600.jpeg\" data-attachment-id=\"19843\" data-permalink=\"https:\/\/www.cisa-arica.cl\/wp1\/2023\/04\/03\/domingo-de-ramos-en-el-colegio\/whatsapp-image-2023-04-04-at-08-37-161-1\/\" data-orig-file=\"https:\/\/www.cisa-arica.cl\/wp1\/wp-content\/uploads\/2023\/04\/WhatsApp-Image-2023-04-04-at-08.37.161-1.jpeg\" data-orig-size=\"768,1024\" data-comments-opened=\"0\" data-image-meta=\"{&quot;aperture&quot;:&quot;0&quot;,&quot;credit&quot;:&quot;&quot;,&quot;camera&quot;:&quot;&quot;,&quot;caption&quot;:&quot;&quot;,&quot;created_timestamp&quot;:&quot;0&quot;,&quot;copyright&quot;:&quot;&quot;,&quot;focal_length&quot;:&quot;0&quot;,&quot;iso&quot;:&quot;0&quot;,&quot;shutter_speed&quot;:&quot;0&quot;,&quot;title&quot;:&quot;&quot;,&quot;orientation&quot;:&quot;0&quot;}\" data-image-title=\"WhatsApp-Image-2023-04-04-at-08.37.161-1\" data-image-description=\"\" data-image-caption=\"\" data-large-file=\"https:\/\/www.cisa-arica.cl\/wp1\/wp-content\/uploads\/2023\/04\/WhatsApp-Image-2023-04-04-at-08.37.161-1-450x600.jpeg\" role=\"button\" tabindex=\"0\" aria-label=\"Abrir la imagen 44 de 75 en pantalla completa\"srcset=\"https:\/\/i0.wp.com\/www.cisa-arica.cl\/wp1\/wp-content\/uploads\/2023\/04\/WhatsApp-Image-2023-04-04-at-08.37.161-1-450x600.jpeg?strip=info&#038;w=600&#038;ssl=1 600w,https:\/\/i0.wp.com\/www.cisa-arica.cl\/wp1\/wp-content\/uploads\/2023\/04\/WhatsApp-Image-2023-04-04-at-08.37.161-1-450x600.jpeg?strip=info&#038;w=768&#038;ssl=1 768w\" alt=\"\" data-height=\"1024\" data-id=\"19843\" data-link=\"https:\/\/www.cisa-arica.cl\/wp1\/2023\/04\/03\/domingo-de-ramos-en-el-colegio\/whatsapp-image-2023-04-04-at-08-37-161-1\/\" data-url=\"https:\/\/www.cisa-arica.cl\/wp1\/wp-content\/uploads\/2023\/04\/WhatsApp-Image-2023-04-04-at-08.37.161-1-450x600.jpeg\" data-width=\"768\" src=\"https:\/\/i0.wp.com\/www.cisa-arica.cl\/wp1\/wp-content\/uploads\/2023\/04\/WhatsApp-Image-2023-04-04-at-08.37.161-1-450x600.jpeg?ssl=1\" data-amp-layout=\"responsive\"\/><\/figure><\/div><div class=\"tiled-gallery__col\" style=\"flex-basis:25.00000%\"><figure class=\"tiled-gallery__item\"><img decoding=\"async\" data-attachment-id=\"19844\" data-permalink=\"https:\/\/www.cisa-arica.cl\/wp1\/2023\/04\/03\/domingo-de-ramos-en-el-colegio\/whatsapp-image-2023-04-04-at-08-37-15-1\/\" data-orig-file=\"https:\/\/www.cisa-arica.cl\/wp1\/wp-content\/uploads\/2023\/04\/WhatsApp-Image-2023-04-04-at-08.37.15-1.jpeg\" data-orig-size=\"768,1024\" data-comments-opened=\"0\" data-image-meta=\"{&quot;aperture&quot;:&quot;0&quot;,&quot;credit&quot;:&quot;&quot;,&quot;camera&quot;:&quot;&quot;,&quot;caption&quot;:&quot;&quot;,&quot;created_timestamp&quot;:&quot;0&quot;,&quot;copyright&quot;:&quot;&quot;,&quot;focal_length&quot;:&quot;0&quot;,&quot;iso&quot;:&quot;0&quot;,&quot;shutter_speed&quot;:&quot;0&quot;,&quot;title&quot;:&quot;&quot;,&quot;orientation&quot;:&quot;0&quot;}\" data-image-title=\"WhatsApp-Image-2023-04-04-at-08.37.15-1\" data-image-description=\"\" data-image-caption=\"\" data-large-file=\"https:\/\/www.cisa-arica.cl\/wp1\/wp-content\/uploads\/2023\/04\/WhatsApp-Image-2023-04-04-at-08.37.15-1-450x600.jpeg\" data-attachment-id=\"19844\" data-permalink=\"https:\/\/www.cisa-arica.cl\/wp1\/2023\/04\/03\/domingo-de-ramos-en-el-colegio\/whatsapp-image-2023-04-04-at-08-37-15-1\/\" data-orig-file=\"https:\/\/www.cisa-arica.cl\/wp1\/wp-content\/uploads\/2023\/04\/WhatsApp-Image-2023-04-04-at-08.37.15-1.jpeg\" data-orig-size=\"768,1024\" data-comments-opened=\"0\" data-image-meta=\"{&quot;aperture&quot;:&quot;0&quot;,&quot;credit&quot;:&quot;&quot;,&quot;camera&quot;:&quot;&quot;,&quot;caption&quot;:&quot;&quot;,&quot;created_timestamp&quot;:&quot;0&quot;,&quot;copyright&quot;:&quot;&quot;,&quot;focal_length&quot;:&quot;0&quot;,&quot;iso&quot;:&quot;0&quot;,&quot;shutter_speed&quot;:&quot;0&quot;,&quot;title&quot;:&quot;&quot;,&quot;orientation&quot;:&quot;0&quot;}\" data-image-title=\"WhatsApp-Image-2023-04-04-at-08.37.15-1\" data-image-description=\"\" data-image-caption=\"\" data-large-file=\"https:\/\/www.cisa-arica.cl\/wp1\/wp-content\/uploads\/2023\/04\/WhatsApp-Image-2023-04-04-at-08.37.15-1-450x600.jpeg\" role=\"button\" tabindex=\"0\" aria-label=\"Abrir la imagen 45 de 75 en pantalla completa\"srcset=\"https:\/\/i2.wp.com\/www.cisa-arica.cl\/wp1\/wp-content\/uploads\/2023\/04\/WhatsApp-Image-2023-04-04-at-08.37.15-1-450x600.jpeg?strip=info&#038;w=600&#038;ssl=1 600w,https:\/\/i2.wp.com\/www.cisa-arica.cl\/wp1\/wp-content\/uploads\/2023\/04\/WhatsApp-Image-2023-04-04-at-08.37.15-1-450x600.jpeg?strip=info&#038;w=768&#038;ssl=1 768w\" alt=\"\" data-height=\"1024\" data-id=\"19844\" data-link=\"https:\/\/www.cisa-arica.cl\/wp1\/2023\/04\/03\/domingo-de-ramos-en-el-colegio\/whatsapp-image-2023-04-04-at-08-37-15-1\/\" data-url=\"https:\/\/www.cisa-arica.cl\/wp1\/wp-content\/uploads\/2023\/04\/WhatsApp-Image-2023-04-04-at-08.37.15-1-450x600.jpeg\" data-width=\"768\" src=\"https:\/\/i2.wp.com\/www.cisa-arica.cl\/wp1\/wp-content\/uploads\/2023\/04\/WhatsApp-Image-2023-04-04-at-08.37.15-1-450x600.jpeg?ssl=1\" data-amp-layout=\"responsive\"\/><\/figure><\/div><\/div><div class=\"tiled-gallery__row\"><div class=\"tiled-gallery__col\" style=\"flex-basis:50.00000%\"><figure class=\"tiled-gallery__item\"><img decoding=\"async\" data-attachment-id=\"19845\" data-permalink=\"https:\/\/www.cisa-arica.cl\/wp1\/2023\/04\/03\/domingo-de-ramos-en-el-colegio\/whatsapp-image-2023-04-04-at-08-37-157-1\/\" data-orig-file=\"https:\/\/www.cisa-arica.cl\/wp1\/wp-content\/uploads\/2023\/04\/WhatsApp-Image-2023-04-04-at-08.37.157-1.jpeg\" data-orig-size=\"768,1024\" data-comments-opened=\"0\" data-image-meta=\"{&quot;aperture&quot;:&quot;0&quot;,&quot;credit&quot;:&quot;&quot;,&quot;camera&quot;:&quot;&quot;,&quot;caption&quot;:&quot;&quot;,&quot;created_timestamp&quot;:&quot;0&quot;,&quot;copyright&quot;:&quot;&quot;,&quot;focal_length&quot;:&quot;0&quot;,&quot;iso&quot;:&quot;0&quot;,&quot;shutter_speed&quot;:&quot;0&quot;,&quot;title&quot;:&quot;&quot;,&quot;orientation&quot;:&quot;0&quot;}\" data-image-title=\"WhatsApp-Image-2023-04-04-at-08.37.157-1\" data-image-description=\"\" data-image-caption=\"\" data-large-file=\"https:\/\/www.cisa-arica.cl\/wp1\/wp-content\/uploads\/2023\/04\/WhatsApp-Image-2023-04-04-at-08.37.157-1-450x600.jpeg\" data-attachment-id=\"19845\" data-permalink=\"https:\/\/www.cisa-arica.cl\/wp1\/2023\/04\/03\/domingo-de-ramos-en-el-colegio\/whatsapp-image-2023-04-04-at-08-37-157-1\/\" data-orig-file=\"https:\/\/www.cisa-arica.cl\/wp1\/wp-content\/uploads\/2023\/04\/WhatsApp-Image-2023-04-04-at-08.37.157-1.jpeg\" data-orig-size=\"768,1024\" data-comments-opened=\"0\" data-image-meta=\"{&quot;aperture&quot;:&quot;0&quot;,&quot;credit&quot;:&quot;&quot;,&quot;camera&quot;:&quot;&quot;,&quot;caption&quot;:&quot;&quot;,&quot;created_timestamp&quot;:&quot;0&quot;,&quot;copyright&quot;:&quot;&quot;,&quot;focal_length&quot;:&quot;0&quot;,&quot;iso&quot;:&quot;0&quot;,&quot;shutter_speed&quot;:&quot;0&quot;,&quot;title&quot;:&quot;&quot;,&quot;orientation&quot;:&quot;0&quot;}\" data-image-title=\"WhatsApp-Image-2023-04-04-at-08.37.157-1\" data-image-description=\"\" data-image-caption=\"\" data-large-file=\"https:\/\/www.cisa-arica.cl\/wp1\/wp-content\/uploads\/2023\/04\/WhatsApp-Image-2023-04-04-at-08.37.157-1-450x600.jpeg\" role=\"button\" tabindex=\"0\" aria-label=\"Abrir la imagen 46 de 75 en pantalla completa\"srcset=\"https:\/\/i1.wp.com\/www.cisa-arica.cl\/wp1\/wp-content\/uploads\/2023\/04\/WhatsApp-Image-2023-04-04-at-08.37.157-1-450x600.jpeg?strip=info&#038;w=600&#038;ssl=1 600w,https:\/\/i1.wp.com\/www.cisa-arica.cl\/wp1\/wp-content\/uploads\/2023\/04\/WhatsApp-Image-2023-04-04-at-08.37.157-1-450x600.jpeg?strip=info&#038;w=768&#038;ssl=1 768w\" alt=\"\" data-height=\"1024\" data-id=\"19845\" data-link=\"https:\/\/www.cisa-arica.cl\/wp1\/2023\/04\/03\/domingo-de-ramos-en-el-colegio\/whatsapp-image-2023-04-04-at-08-37-157-1\/\" data-url=\"https:\/\/www.cisa-arica.cl\/wp1\/wp-content\/uploads\/2023\/04\/WhatsApp-Image-2023-04-04-at-08.37.157-1-450x600.jpeg\" data-width=\"768\" src=\"https:\/\/i1.wp.com\/www.cisa-arica.cl\/wp1\/wp-content\/uploads\/2023\/04\/WhatsApp-Image-2023-04-04-at-08.37.157-1-450x600.jpeg?ssl=1\" data-amp-layout=\"responsive\"\/><\/figure><\/div><div class=\"tiled-gallery__col\" style=\"flex-basis:50.00000%\"><figure class=\"tiled-gallery__item\"><img decoding=\"async\" data-attachment-id=\"19846\" data-permalink=\"https:\/\/www.cisa-arica.cl\/wp1\/2023\/04\/03\/domingo-de-ramos-en-el-colegio\/whatsapp-image-2023-04-04-at-08-37-156-1\/\" data-orig-file=\"https:\/\/www.cisa-arica.cl\/wp1\/wp-content\/uploads\/2023\/04\/WhatsApp-Image-2023-04-04-at-08.37.156-1.jpeg\" data-orig-size=\"768,1024\" data-comments-opened=\"0\" data-image-meta=\"{&quot;aperture&quot;:&quot;0&quot;,&quot;credit&quot;:&quot;&quot;,&quot;camera&quot;:&quot;&quot;,&quot;caption&quot;:&quot;&quot;,&quot;created_timestamp&quot;:&quot;0&quot;,&quot;copyright&quot;:&quot;&quot;,&quot;focal_length&quot;:&quot;0&quot;,&quot;iso&quot;:&quot;0&quot;,&quot;shutter_speed&quot;:&quot;0&quot;,&quot;title&quot;:&quot;&quot;,&quot;orientation&quot;:&quot;0&quot;}\" data-image-title=\"WhatsApp-Image-2023-04-04-at-08.37.156-1\" data-image-description=\"\" data-image-caption=\"\" data-large-file=\"https:\/\/www.cisa-arica.cl\/wp1\/wp-content\/uploads\/2023\/04\/WhatsApp-Image-2023-04-04-at-08.37.156-1-450x600.jpeg\" data-attachment-id=\"19846\" data-permalink=\"https:\/\/www.cisa-arica.cl\/wp1\/2023\/04\/03\/domingo-de-ramos-en-el-colegio\/whatsapp-image-2023-04-04-at-08-37-156-1\/\" data-orig-file=\"https:\/\/www.cisa-arica.cl\/wp1\/wp-content\/uploads\/2023\/04\/WhatsApp-Image-2023-04-04-at-08.37.156-1.jpeg\" data-orig-size=\"768,1024\" data-comments-opened=\"0\" data-image-meta=\"{&quot;aperture&quot;:&quot;0&quot;,&quot;credit&quot;:&quot;&quot;,&quot;camera&quot;:&quot;&quot;,&quot;caption&quot;:&quot;&quot;,&quot;created_timestamp&quot;:&quot;0&quot;,&quot;copyright&quot;:&quot;&quot;,&quot;focal_length&quot;:&quot;0&quot;,&quot;iso&quot;:&quot;0&quot;,&quot;shutter_speed&quot;:&quot;0&quot;,&quot;title&quot;:&quot;&quot;,&quot;orientation&quot;:&quot;0&quot;}\" data-image-title=\"WhatsApp-Image-2023-04-04-at-08.37.156-1\" data-image-description=\"\" data-image-caption=\"\" data-large-file=\"https:\/\/www.cisa-arica.cl\/wp1\/wp-content\/uploads\/2023\/04\/WhatsApp-Image-2023-04-04-at-08.37.156-1-450x600.jpeg\" role=\"button\" tabindex=\"0\" aria-label=\"Abrir la imagen 47 de 75 en pantalla completa\"srcset=\"https:\/\/i0.wp.com\/www.cisa-arica.cl\/wp1\/wp-content\/uploads\/2023\/04\/WhatsApp-Image-2023-04-04-at-08.37.156-1-450x600.jpeg?strip=info&#038;w=600&#038;ssl=1 600w,https:\/\/i0.wp.com\/www.cisa-arica.cl\/wp1\/wp-content\/uploads\/2023\/04\/WhatsApp-Image-2023-04-04-at-08.37.156-1-450x600.jpeg?strip=info&#038;w=768&#038;ssl=1 768w\" alt=\"\" data-height=\"1024\" data-id=\"19846\" data-link=\"https:\/\/www.cisa-arica.cl\/wp1\/2023\/04\/03\/domingo-de-ramos-en-el-colegio\/whatsapp-image-2023-04-04-at-08-37-156-1\/\" data-url=\"https:\/\/www.cisa-arica.cl\/wp1\/wp-content\/uploads\/2023\/04\/WhatsApp-Image-2023-04-04-at-08.37.156-1-450x600.jpeg\" data-width=\"768\" src=\"https:\/\/i0.wp.com\/www.cisa-arica.cl\/wp1\/wp-content\/uploads\/2023\/04\/WhatsApp-Image-2023-04-04-at-08.37.156-1-450x600.jpeg?ssl=1\" data-amp-layout=\"responsive\"\/><\/figure><\/div><\/div><div class=\"tiled-gallery__row\"><div class=\"tiled-gallery__col\" style=\"flex-basis:25.00000%\"><figure class=\"tiled-gallery__item\"><img decoding=\"async\" data-attachment-id=\"19847\" data-permalink=\"https:\/\/www.cisa-arica.cl\/wp1\/2023\/04\/03\/domingo-de-ramos-en-el-colegio\/whatsapp-image-2023-04-04-at-08-37-155-1\/\" data-orig-file=\"https:\/\/www.cisa-arica.cl\/wp1\/wp-content\/uploads\/2023\/04\/WhatsApp-Image-2023-04-04-at-08.37.155-1.jpeg\" data-orig-size=\"768,1024\" data-comments-opened=\"0\" data-image-meta=\"{&quot;aperture&quot;:&quot;0&quot;,&quot;credit&quot;:&quot;&quot;,&quot;camera&quot;:&quot;&quot;,&quot;caption&quot;:&quot;&quot;,&quot;created_timestamp&quot;:&quot;0&quot;,&quot;copyright&quot;:&quot;&quot;,&quot;focal_length&quot;:&quot;0&quot;,&quot;iso&quot;:&quot;0&quot;,&quot;shutter_speed&quot;:&quot;0&quot;,&quot;title&quot;:&quot;&quot;,&quot;orientation&quot;:&quot;0&quot;}\" data-image-title=\"WhatsApp-Image-2023-04-04-at-08.37.155-1\" data-image-description=\"\" data-image-caption=\"\" data-large-file=\"https:\/\/www.cisa-arica.cl\/wp1\/wp-content\/uploads\/2023\/04\/WhatsApp-Image-2023-04-04-at-08.37.155-1-450x600.jpeg\" data-attachment-id=\"19847\" data-permalink=\"https:\/\/www.cisa-arica.cl\/wp1\/2023\/04\/03\/domingo-de-ramos-en-el-colegio\/whatsapp-image-2023-04-04-at-08-37-155-1\/\" data-orig-file=\"https:\/\/www.cisa-arica.cl\/wp1\/wp-content\/uploads\/2023\/04\/WhatsApp-Image-2023-04-04-at-08.37.155-1.jpeg\" data-orig-size=\"768,1024\" data-comments-opened=\"0\" data-image-meta=\"{&quot;aperture&quot;:&quot;0&quot;,&quot;credit&quot;:&quot;&quot;,&quot;camera&quot;:&quot;&quot;,&quot;caption&quot;:&quot;&quot;,&quot;created_timestamp&quot;:&quot;0&quot;,&quot;copyright&quot;:&quot;&quot;,&quot;focal_length&quot;:&quot;0&quot;,&quot;iso&quot;:&quot;0&quot;,&quot;shutter_speed&quot;:&quot;0&quot;,&quot;title&quot;:&quot;&quot;,&quot;orientation&quot;:&quot;0&quot;}\" data-image-title=\"WhatsApp-Image-2023-04-04-at-08.37.155-1\" data-image-description=\"\" data-image-caption=\"\" data-large-file=\"https:\/\/www.cisa-arica.cl\/wp1\/wp-content\/uploads\/2023\/04\/WhatsApp-Image-2023-04-04-at-08.37.155-1-450x600.jpeg\" role=\"button\" tabindex=\"0\" aria-label=\"Abrir la imagen 48 de 75 en pantalla completa\"srcset=\"https:\/\/i1.wp.com\/www.cisa-arica.cl\/wp1\/wp-content\/uploads\/2023\/04\/WhatsApp-Image-2023-04-04-at-08.37.155-1-450x600.jpeg?strip=info&#038;w=600&#038;ssl=1 600w,https:\/\/i1.wp.com\/www.cisa-arica.cl\/wp1\/wp-content\/uploads\/2023\/04\/WhatsApp-Image-2023-04-04-at-08.37.155-1-450x600.jpeg?strip=info&#038;w=768&#038;ssl=1 768w\" alt=\"\" data-height=\"1024\" data-id=\"19847\" data-link=\"https:\/\/www.cisa-arica.cl\/wp1\/2023\/04\/03\/domingo-de-ramos-en-el-colegio\/whatsapp-image-2023-04-04-at-08-37-155-1\/\" data-url=\"https:\/\/www.cisa-arica.cl\/wp1\/wp-content\/uploads\/2023\/04\/WhatsApp-Image-2023-04-04-at-08.37.155-1-450x600.jpeg\" data-width=\"768\" src=\"https:\/\/i1.wp.com\/www.cisa-arica.cl\/wp1\/wp-content\/uploads\/2023\/04\/WhatsApp-Image-2023-04-04-at-08.37.155-1-450x600.jpeg?ssl=1\" data-amp-layout=\"responsive\"\/><\/figure><\/div><div class=\"tiled-gallery__col\" style=\"flex-basis:25.00000%\"><figure class=\"tiled-gallery__item\"><img decoding=\"async\" data-attachment-id=\"19848\" data-permalink=\"https:\/\/www.cisa-arica.cl\/wp1\/2023\/04\/03\/domingo-de-ramos-en-el-colegio\/whatsapp-image-2023-04-04-at-08-37-154-1\/\" data-orig-file=\"https:\/\/www.cisa-arica.cl\/wp1\/wp-content\/uploads\/2023\/04\/WhatsApp-Image-2023-04-04-at-08.37.154-1.jpeg\" data-orig-size=\"768,1024\" data-comments-opened=\"0\" data-image-meta=\"{&quot;aperture&quot;:&quot;0&quot;,&quot;credit&quot;:&quot;&quot;,&quot;camera&quot;:&quot;&quot;,&quot;caption&quot;:&quot;&quot;,&quot;created_timestamp&quot;:&quot;0&quot;,&quot;copyright&quot;:&quot;&quot;,&quot;focal_length&quot;:&quot;0&quot;,&quot;iso&quot;:&quot;0&quot;,&quot;shutter_speed&quot;:&quot;0&quot;,&quot;title&quot;:&quot;&quot;,&quot;orientation&quot;:&quot;0&quot;}\" data-image-title=\"WhatsApp-Image-2023-04-04-at-08.37.154-1\" data-image-description=\"\" data-image-caption=\"\" data-large-file=\"https:\/\/www.cisa-arica.cl\/wp1\/wp-content\/uploads\/2023\/04\/WhatsApp-Image-2023-04-04-at-08.37.154-1-450x600.jpeg\" data-attachment-id=\"19848\" data-permalink=\"https:\/\/www.cisa-arica.cl\/wp1\/2023\/04\/03\/domingo-de-ramos-en-el-colegio\/whatsapp-image-2023-04-04-at-08-37-154-1\/\" data-orig-file=\"https:\/\/www.cisa-arica.cl\/wp1\/wp-content\/uploads\/2023\/04\/WhatsApp-Image-2023-04-04-at-08.37.154-1.jpeg\" data-orig-size=\"768,1024\" data-comments-opened=\"0\" data-image-meta=\"{&quot;aperture&quot;:&quot;0&quot;,&quot;credit&quot;:&quot;&quot;,&quot;camera&quot;:&quot;&quot;,&quot;caption&quot;:&quot;&quot;,&quot;created_timestamp&quot;:&quot;0&quot;,&quot;copyright&quot;:&quot;&quot;,&quot;focal_length&quot;:&quot;0&quot;,&quot;iso&quot;:&quot;0&quot;,&quot;shutter_speed&quot;:&quot;0&quot;,&quot;title&quot;:&quot;&quot;,&quot;orientation&quot;:&quot;0&quot;}\" data-image-title=\"WhatsApp-Image-2023-04-04-at-08.37.154-1\" data-image-description=\"\" data-image-caption=\"\" data-large-file=\"https:\/\/www.cisa-arica.cl\/wp1\/wp-content\/uploads\/2023\/04\/WhatsApp-Image-2023-04-04-at-08.37.154-1-450x600.jpeg\" role=\"button\" tabindex=\"0\" aria-label=\"Abrir la imagen 49 de 75 en pantalla completa\"srcset=\"https:\/\/i0.wp.com\/www.cisa-arica.cl\/wp1\/wp-content\/uploads\/2023\/04\/WhatsApp-Image-2023-04-04-at-08.37.154-1-450x600.jpeg?strip=info&#038;w=600&#038;ssl=1 600w,https:\/\/i0.wp.com\/www.cisa-arica.cl\/wp1\/wp-content\/uploads\/2023\/04\/WhatsApp-Image-2023-04-04-at-08.37.154-1-450x600.jpeg?strip=info&#038;w=768&#038;ssl=1 768w\" alt=\"\" data-height=\"1024\" data-id=\"19848\" data-link=\"https:\/\/www.cisa-arica.cl\/wp1\/2023\/04\/03\/domingo-de-ramos-en-el-colegio\/whatsapp-image-2023-04-04-at-08-37-154-1\/\" data-url=\"https:\/\/www.cisa-arica.cl\/wp1\/wp-content\/uploads\/2023\/04\/WhatsApp-Image-2023-04-04-at-08.37.154-1-450x600.jpeg\" data-width=\"768\" src=\"https:\/\/i0.wp.com\/www.cisa-arica.cl\/wp1\/wp-content\/uploads\/2023\/04\/WhatsApp-Image-2023-04-04-at-08.37.154-1-450x600.jpeg?ssl=1\" data-amp-layout=\"responsive\"\/><\/figure><\/div><div class=\"tiled-gallery__col\" style=\"flex-basis:25.00000%\"><figure class=\"tiled-gallery__item\"><img decoding=\"async\" data-attachment-id=\"19849\" data-permalink=\"https:\/\/www.cisa-arica.cl\/wp1\/2023\/04\/03\/domingo-de-ramos-en-el-colegio\/whatsapp-image-2023-04-04-at-08-37-153-1\/\" data-orig-file=\"https:\/\/www.cisa-arica.cl\/wp1\/wp-content\/uploads\/2023\/04\/WhatsApp-Image-2023-04-04-at-08.37.153-1.jpeg\" data-orig-size=\"768,1024\" data-comments-opened=\"0\" data-image-meta=\"{&quot;aperture&quot;:&quot;0&quot;,&quot;credit&quot;:&quot;&quot;,&quot;camera&quot;:&quot;&quot;,&quot;caption&quot;:&quot;&quot;,&quot;created_timestamp&quot;:&quot;0&quot;,&quot;copyright&quot;:&quot;&quot;,&quot;focal_length&quot;:&quot;0&quot;,&quot;iso&quot;:&quot;0&quot;,&quot;shutter_speed&quot;:&quot;0&quot;,&quot;title&quot;:&quot;&quot;,&quot;orientation&quot;:&quot;0&quot;}\" data-image-title=\"WhatsApp-Image-2023-04-04-at-08.37.153-1\" data-image-description=\"\" data-image-caption=\"\" data-large-file=\"https:\/\/www.cisa-arica.cl\/wp1\/wp-content\/uploads\/2023\/04\/WhatsApp-Image-2023-04-04-at-08.37.153-1-450x600.jpeg\" data-attachment-id=\"19849\" data-permalink=\"https:\/\/www.cisa-arica.cl\/wp1\/2023\/04\/03\/domingo-de-ramos-en-el-colegio\/whatsapp-image-2023-04-04-at-08-37-153-1\/\" data-orig-file=\"https:\/\/www.cisa-arica.cl\/wp1\/wp-content\/uploads\/2023\/04\/WhatsApp-Image-2023-04-04-at-08.37.153-1.jpeg\" data-orig-size=\"768,1024\" data-comments-opened=\"0\" data-image-meta=\"{&quot;aperture&quot;:&quot;0&quot;,&quot;credit&quot;:&quot;&quot;,&quot;camera&quot;:&quot;&quot;,&quot;caption&quot;:&quot;&quot;,&quot;created_timestamp&quot;:&quot;0&quot;,&quot;copyright&quot;:&quot;&quot;,&quot;focal_length&quot;:&quot;0&quot;,&quot;iso&quot;:&quot;0&quot;,&quot;shutter_speed&quot;:&quot;0&quot;,&quot;title&quot;:&quot;&quot;,&quot;orientation&quot;:&quot;0&quot;}\" data-image-title=\"WhatsApp-Image-2023-04-04-at-08.37.153-1\" data-image-description=\"\" data-image-caption=\"\" data-large-file=\"https:\/\/www.cisa-arica.cl\/wp1\/wp-content\/uploads\/2023\/04\/WhatsApp-Image-2023-04-04-at-08.37.153-1-450x600.jpeg\" role=\"button\" tabindex=\"0\" aria-label=\"Abrir la imagen 50 de 75 en pantalla completa\"srcset=\"https:\/\/i2.wp.com\/www.cisa-arica.cl\/wp1\/wp-content\/uploads\/2023\/04\/WhatsApp-Image-2023-04-04-at-08.37.153-1-450x600.jpeg?strip=info&#038;w=600&#038;ssl=1 600w,https:\/\/i2.wp.com\/www.cisa-arica.cl\/wp1\/wp-content\/uploads\/2023\/04\/WhatsApp-Image-2023-04-04-at-08.37.153-1-450x600.jpeg?strip=info&#038;w=768&#038;ssl=1 768w\" alt=\"\" data-height=\"1024\" data-id=\"19849\" data-link=\"https:\/\/www.cisa-arica.cl\/wp1\/2023\/04\/03\/domingo-de-ramos-en-el-colegio\/whatsapp-image-2023-04-04-at-08-37-153-1\/\" data-url=\"https:\/\/www.cisa-arica.cl\/wp1\/wp-content\/uploads\/2023\/04\/WhatsApp-Image-2023-04-04-at-08.37.153-1-450x600.jpeg\" data-width=\"768\" src=\"https:\/\/i2.wp.com\/www.cisa-arica.cl\/wp1\/wp-content\/uploads\/2023\/04\/WhatsApp-Image-2023-04-04-at-08.37.153-1-450x600.jpeg?ssl=1\" data-amp-layout=\"responsive\"\/><\/figure><\/div><div class=\"tiled-gallery__col\" style=\"flex-basis:25.00000%\"><figure class=\"tiled-gallery__item\"><img decoding=\"async\" data-attachment-id=\"19850\" data-permalink=\"https:\/\/www.cisa-arica.cl\/wp1\/2023\/04\/03\/domingo-de-ramos-en-el-colegio\/whatsapp-image-2023-04-04-at-08-37-152-1\/\" data-orig-file=\"https:\/\/www.cisa-arica.cl\/wp1\/wp-content\/uploads\/2023\/04\/WhatsApp-Image-2023-04-04-at-08.37.152-1.jpeg\" data-orig-size=\"768,1024\" data-comments-opened=\"0\" data-image-meta=\"{&quot;aperture&quot;:&quot;0&quot;,&quot;credit&quot;:&quot;&quot;,&quot;camera&quot;:&quot;&quot;,&quot;caption&quot;:&quot;&quot;,&quot;created_timestamp&quot;:&quot;0&quot;,&quot;copyright&quot;:&quot;&quot;,&quot;focal_length&quot;:&quot;0&quot;,&quot;iso&quot;:&quot;0&quot;,&quot;shutter_speed&quot;:&quot;0&quot;,&quot;title&quot;:&quot;&quot;,&quot;orientation&quot;:&quot;0&quot;}\" data-image-title=\"WhatsApp-Image-2023-04-04-at-08.37.152-1\" data-image-description=\"\" data-image-caption=\"\" data-large-file=\"https:\/\/www.cisa-arica.cl\/wp1\/wp-content\/uploads\/2023\/04\/WhatsApp-Image-2023-04-04-at-08.37.152-1-450x600.jpeg\" data-attachment-id=\"19850\" data-permalink=\"https:\/\/www.cisa-arica.cl\/wp1\/2023\/04\/03\/domingo-de-ramos-en-el-colegio\/whatsapp-image-2023-04-04-at-08-37-152-1\/\" data-orig-file=\"https:\/\/www.cisa-arica.cl\/wp1\/wp-content\/uploads\/2023\/04\/WhatsApp-Image-2023-04-04-at-08.37.152-1.jpeg\" data-orig-size=\"768,1024\" data-comments-opened=\"0\" data-image-meta=\"{&quot;aperture&quot;:&quot;0&quot;,&quot;credit&quot;:&quot;&quot;,&quot;camera&quot;:&quot;&quot;,&quot;caption&quot;:&quot;&quot;,&quot;created_timestamp&quot;:&quot;0&quot;,&quot;copyright&quot;:&quot;&quot;,&quot;focal_length&quot;:&quot;0&quot;,&quot;iso&quot;:&quot;0&quot;,&quot;shutter_speed&quot;:&quot;0&quot;,&quot;title&quot;:&quot;&quot;,&quot;orientation&quot;:&quot;0&quot;}\" data-image-title=\"WhatsApp-Image-2023-04-04-at-08.37.152-1\" data-image-description=\"\" data-image-caption=\"\" data-large-file=\"https:\/\/www.cisa-arica.cl\/wp1\/wp-content\/uploads\/2023\/04\/WhatsApp-Image-2023-04-04-at-08.37.152-1-450x600.jpeg\" role=\"button\" tabindex=\"0\" aria-label=\"Abrir la imagen 51 de 75 en pantalla completa\"srcset=\"https:\/\/i2.wp.com\/www.cisa-arica.cl\/wp1\/wp-content\/uploads\/2023\/04\/WhatsApp-Image-2023-04-04-at-08.37.152-1-450x600.jpeg?strip=info&#038;w=600&#038;ssl=1 600w,https:\/\/i2.wp.com\/www.cisa-arica.cl\/wp1\/wp-content\/uploads\/2023\/04\/WhatsApp-Image-2023-04-04-at-08.37.152-1-450x600.jpeg?strip=info&#038;w=768&#038;ssl=1 768w\" alt=\"\" data-height=\"1024\" data-id=\"19850\" data-link=\"https:\/\/www.cisa-arica.cl\/wp1\/2023\/04\/03\/domingo-de-ramos-en-el-colegio\/whatsapp-image-2023-04-04-at-08-37-152-1\/\" data-url=\"https:\/\/www.cisa-arica.cl\/wp1\/wp-content\/uploads\/2023\/04\/WhatsApp-Image-2023-04-04-at-08.37.152-1-450x600.jpeg\" data-width=\"768\" src=\"https:\/\/i2.wp.com\/www.cisa-arica.cl\/wp1\/wp-content\/uploads\/2023\/04\/WhatsApp-Image-2023-04-04-at-08.37.152-1-450x600.jpeg?ssl=1\" data-amp-layout=\"responsive\"\/><\/figure><\/div><\/div><div class=\"tiled-gallery__row\"><div class=\"tiled-gallery__col\" style=\"flex-basis:33.33333%\"><figure class=\"tiled-gallery__item\"><img decoding=\"async\" data-attachment-id=\"19851\" data-permalink=\"https:\/\/www.cisa-arica.cl\/wp1\/2023\/04\/03\/domingo-de-ramos-en-el-colegio\/whatsapp-image-2023-04-04-at-08-37-151-1\/\" data-orig-file=\"https:\/\/www.cisa-arica.cl\/wp1\/wp-content\/uploads\/2023\/04\/WhatsApp-Image-2023-04-04-at-08.37.151-1.jpeg\" data-orig-size=\"768,1024\" data-comments-opened=\"0\" data-image-meta=\"{&quot;aperture&quot;:&quot;0&quot;,&quot;credit&quot;:&quot;&quot;,&quot;camera&quot;:&quot;&quot;,&quot;caption&quot;:&quot;&quot;,&quot;created_timestamp&quot;:&quot;0&quot;,&quot;copyright&quot;:&quot;&quot;,&quot;focal_length&quot;:&quot;0&quot;,&quot;iso&quot;:&quot;0&quot;,&quot;shutter_speed&quot;:&quot;0&quot;,&quot;title&quot;:&quot;&quot;,&quot;orientation&quot;:&quot;0&quot;}\" data-image-title=\"WhatsApp-Image-2023-04-04-at-08.37.151-1\" data-image-description=\"\" data-image-caption=\"\" data-large-file=\"https:\/\/www.cisa-arica.cl\/wp1\/wp-content\/uploads\/2023\/04\/WhatsApp-Image-2023-04-04-at-08.37.151-1-450x600.jpeg\" data-attachment-id=\"19851\" data-permalink=\"https:\/\/www.cisa-arica.cl\/wp1\/2023\/04\/03\/domingo-de-ramos-en-el-colegio\/whatsapp-image-2023-04-04-at-08-37-151-1\/\" data-orig-file=\"https:\/\/www.cisa-arica.cl\/wp1\/wp-content\/uploads\/2023\/04\/WhatsApp-Image-2023-04-04-at-08.37.151-1.jpeg\" data-orig-size=\"768,1024\" data-comments-opened=\"0\" data-image-meta=\"{&quot;aperture&quot;:&quot;0&quot;,&quot;credit&quot;:&quot;&quot;,&quot;camera&quot;:&quot;&quot;,&quot;caption&quot;:&quot;&quot;,&quot;created_timestamp&quot;:&quot;0&quot;,&quot;copyright&quot;:&quot;&quot;,&quot;focal_length&quot;:&quot;0&quot;,&quot;iso&quot;:&quot;0&quot;,&quot;shutter_speed&quot;:&quot;0&quot;,&quot;title&quot;:&quot;&quot;,&quot;orientation&quot;:&quot;0&quot;}\" data-image-title=\"WhatsApp-Image-2023-04-04-at-08.37.151-1\" data-image-description=\"\" data-image-caption=\"\" data-large-file=\"https:\/\/www.cisa-arica.cl\/wp1\/wp-content\/uploads\/2023\/04\/WhatsApp-Image-2023-04-04-at-08.37.151-1-450x600.jpeg\" role=\"button\" tabindex=\"0\" aria-label=\"Abrir la imagen 52 de 75 en pantalla completa\"srcset=\"https:\/\/i2.wp.com\/www.cisa-arica.cl\/wp1\/wp-content\/uploads\/2023\/04\/WhatsApp-Image-2023-04-04-at-08.37.151-1-450x600.jpeg?strip=info&#038;w=600&#038;ssl=1 600w,https:\/\/i2.wp.com\/www.cisa-arica.cl\/wp1\/wp-content\/uploads\/2023\/04\/WhatsApp-Image-2023-04-04-at-08.37.151-1-450x600.jpeg?strip=info&#038;w=768&#038;ssl=1 768w\" alt=\"\" data-height=\"1024\" data-id=\"19851\" data-link=\"https:\/\/www.cisa-arica.cl\/wp1\/2023\/04\/03\/domingo-de-ramos-en-el-colegio\/whatsapp-image-2023-04-04-at-08-37-151-1\/\" data-url=\"https:\/\/www.cisa-arica.cl\/wp1\/wp-content\/uploads\/2023\/04\/WhatsApp-Image-2023-04-04-at-08.37.151-1-450x600.jpeg\" data-width=\"768\" src=\"https:\/\/i2.wp.com\/www.cisa-arica.cl\/wp1\/wp-content\/uploads\/2023\/04\/WhatsApp-Image-2023-04-04-at-08.37.151-1-450x600.jpeg?ssl=1\" data-amp-layout=\"responsive\"\/><\/figure><\/div><div class=\"tiled-gallery__col\" style=\"flex-basis:33.33333%\"><figure class=\"tiled-gallery__item\"><img decoding=\"async\" data-attachment-id=\"19852\" data-permalink=\"https:\/\/www.cisa-arica.cl\/wp1\/2023\/04\/03\/domingo-de-ramos-en-el-colegio\/whatsapp-image-2023-04-04-at-08-37-13-1\/\" data-orig-file=\"https:\/\/www.cisa-arica.cl\/wp1\/wp-content\/uploads\/2023\/04\/WhatsApp-Image-2023-04-04-at-08.37.13-1.jpeg\" data-orig-size=\"768,1024\" data-comments-opened=\"0\" data-image-meta=\"{&quot;aperture&quot;:&quot;0&quot;,&quot;credit&quot;:&quot;&quot;,&quot;camera&quot;:&quot;&quot;,&quot;caption&quot;:&quot;&quot;,&quot;created_timestamp&quot;:&quot;0&quot;,&quot;copyright&quot;:&quot;&quot;,&quot;focal_length&quot;:&quot;0&quot;,&quot;iso&quot;:&quot;0&quot;,&quot;shutter_speed&quot;:&quot;0&quot;,&quot;title&quot;:&quot;&quot;,&quot;orientation&quot;:&quot;0&quot;}\" data-image-title=\"WhatsApp-Image-2023-04-04-at-08.37.13-1\" data-image-description=\"\" data-image-caption=\"\" data-large-file=\"https:\/\/www.cisa-arica.cl\/wp1\/wp-content\/uploads\/2023\/04\/WhatsApp-Image-2023-04-04-at-08.37.13-1-450x600.jpeg\" data-attachment-id=\"19852\" data-permalink=\"https:\/\/www.cisa-arica.cl\/wp1\/2023\/04\/03\/domingo-de-ramos-en-el-colegio\/whatsapp-image-2023-04-04-at-08-37-13-1\/\" data-orig-file=\"https:\/\/www.cisa-arica.cl\/wp1\/wp-content\/uploads\/2023\/04\/WhatsApp-Image-2023-04-04-at-08.37.13-1.jpeg\" data-orig-size=\"768,1024\" data-comments-opened=\"0\" data-image-meta=\"{&quot;aperture&quot;:&quot;0&quot;,&quot;credit&quot;:&quot;&quot;,&quot;camera&quot;:&quot;&quot;,&quot;caption&quot;:&quot;&quot;,&quot;created_timestamp&quot;:&quot;0&quot;,&quot;copyright&quot;:&quot;&quot;,&quot;focal_length&quot;:&quot;0&quot;,&quot;iso&quot;:&quot;0&quot;,&quot;shutter_speed&quot;:&quot;0&quot;,&quot;title&quot;:&quot;&quot;,&quot;orientation&quot;:&quot;0&quot;}\" data-image-title=\"WhatsApp-Image-2023-04-04-at-08.37.13-1\" data-image-description=\"\" data-image-caption=\"\" data-large-file=\"https:\/\/www.cisa-arica.cl\/wp1\/wp-content\/uploads\/2023\/04\/WhatsApp-Image-2023-04-04-at-08.37.13-1-450x600.jpeg\" role=\"button\" tabindex=\"0\" aria-label=\"Abrir la imagen 53 de 75 en pantalla completa\"srcset=\"https:\/\/i2.wp.com\/www.cisa-arica.cl\/wp1\/wp-content\/uploads\/2023\/04\/WhatsApp-Image-2023-04-04-at-08.37.13-1-450x600.jpeg?strip=info&#038;w=600&#038;ssl=1 600w,https:\/\/i2.wp.com\/www.cisa-arica.cl\/wp1\/wp-content\/uploads\/2023\/04\/WhatsApp-Image-2023-04-04-at-08.37.13-1-450x600.jpeg?strip=info&#038;w=768&#038;ssl=1 768w\" alt=\"\" data-height=\"1024\" data-id=\"19852\" data-link=\"https:\/\/www.cisa-arica.cl\/wp1\/2023\/04\/03\/domingo-de-ramos-en-el-colegio\/whatsapp-image-2023-04-04-at-08-37-13-1\/\" data-url=\"https:\/\/www.cisa-arica.cl\/wp1\/wp-content\/uploads\/2023\/04\/WhatsApp-Image-2023-04-04-at-08.37.13-1-450x600.jpeg\" data-width=\"768\" src=\"https:\/\/i2.wp.com\/www.cisa-arica.cl\/wp1\/wp-content\/uploads\/2023\/04\/WhatsApp-Image-2023-04-04-at-08.37.13-1-450x600.jpeg?ssl=1\" data-amp-layout=\"responsive\"\/><\/figure><\/div><div class=\"tiled-gallery__col\" style=\"flex-basis:33.33333%\"><figure class=\"tiled-gallery__item\"><img decoding=\"async\" data-attachment-id=\"19853\" data-permalink=\"https:\/\/www.cisa-arica.cl\/wp1\/2023\/04\/03\/domingo-de-ramos-en-el-colegio\/whatsapp-image-2023-04-04-at-08-37-132-1\/\" data-orig-file=\"https:\/\/www.cisa-arica.cl\/wp1\/wp-content\/uploads\/2023\/04\/WhatsApp-Image-2023-04-04-at-08.37.132-1.jpeg\" data-orig-size=\"768,1024\" data-comments-opened=\"0\" data-image-meta=\"{&quot;aperture&quot;:&quot;0&quot;,&quot;credit&quot;:&quot;&quot;,&quot;camera&quot;:&quot;&quot;,&quot;caption&quot;:&quot;&quot;,&quot;created_timestamp&quot;:&quot;0&quot;,&quot;copyright&quot;:&quot;&quot;,&quot;focal_length&quot;:&quot;0&quot;,&quot;iso&quot;:&quot;0&quot;,&quot;shutter_speed&quot;:&quot;0&quot;,&quot;title&quot;:&quot;&quot;,&quot;orientation&quot;:&quot;0&quot;}\" data-image-title=\"WhatsApp-Image-2023-04-04-at-08.37.132-1\" data-image-description=\"\" data-image-caption=\"\" data-large-file=\"https:\/\/www.cisa-arica.cl\/wp1\/wp-content\/uploads\/2023\/04\/WhatsApp-Image-2023-04-04-at-08.37.132-1-450x600.jpeg\" data-attachment-id=\"19853\" data-permalink=\"https:\/\/www.cisa-arica.cl\/wp1\/2023\/04\/03\/domingo-de-ramos-en-el-colegio\/whatsapp-image-2023-04-04-at-08-37-132-1\/\" data-orig-file=\"https:\/\/www.cisa-arica.cl\/wp1\/wp-content\/uploads\/2023\/04\/WhatsApp-Image-2023-04-04-at-08.37.132-1.jpeg\" data-orig-size=\"768,1024\" data-comments-opened=\"0\" data-image-meta=\"{&quot;aperture&quot;:&quot;0&quot;,&quot;credit&quot;:&quot;&quot;,&quot;camera&quot;:&quot;&quot;,&quot;caption&quot;:&quot;&quot;,&quot;created_timestamp&quot;:&quot;0&quot;,&quot;copyright&quot;:&quot;&quot;,&quot;focal_length&quot;:&quot;0&quot;,&quot;iso&quot;:&quot;0&quot;,&quot;shutter_speed&quot;:&quot;0&quot;,&quot;title&quot;:&quot;&quot;,&quot;orientation&quot;:&quot;0&quot;}\" data-image-title=\"WhatsApp-Image-2023-04-04-at-08.37.132-1\" data-image-description=\"\" data-image-caption=\"\" data-large-file=\"https:\/\/www.cisa-arica.cl\/wp1\/wp-content\/uploads\/2023\/04\/WhatsApp-Image-2023-04-04-at-08.37.132-1-450x600.jpeg\" role=\"button\" tabindex=\"0\" aria-label=\"Abrir la imagen 54 de 75 en pantalla completa\"srcset=\"https:\/\/i2.wp.com\/www.cisa-arica.cl\/wp1\/wp-content\/uploads\/2023\/04\/WhatsApp-Image-2023-04-04-at-08.37.132-1-450x600.jpeg?strip=info&#038;w=600&#038;ssl=1 600w,https:\/\/i2.wp.com\/www.cisa-arica.cl\/wp1\/wp-content\/uploads\/2023\/04\/WhatsApp-Image-2023-04-04-at-08.37.132-1-450x600.jpeg?strip=info&#038;w=768&#038;ssl=1 768w\" alt=\"\" data-height=\"1024\" data-id=\"19853\" data-link=\"https:\/\/www.cisa-arica.cl\/wp1\/2023\/04\/03\/domingo-de-ramos-en-el-colegio\/whatsapp-image-2023-04-04-at-08-37-132-1\/\" data-url=\"https:\/\/www.cisa-arica.cl\/wp1\/wp-content\/uploads\/2023\/04\/WhatsApp-Image-2023-04-04-at-08.37.132-1-450x600.jpeg\" data-width=\"768\" src=\"https:\/\/i2.wp.com\/www.cisa-arica.cl\/wp1\/wp-content\/uploads\/2023\/04\/WhatsApp-Image-2023-04-04-at-08.37.132-1-450x600.jpeg?ssl=1\" data-amp-layout=\"responsive\"\/><\/figure><\/div><\/div><div class=\"tiled-gallery__row\"><div class=\"tiled-gallery__col\" style=\"flex-basis:50.00000%\"><figure class=\"tiled-gallery__item\"><img decoding=\"async\" data-attachment-id=\"19854\" data-permalink=\"https:\/\/www.cisa-arica.cl\/wp1\/2023\/04\/03\/domingo-de-ramos-en-el-colegio\/whatsapp-image-2023-04-04-at-08-37-131-1\/\" data-orig-file=\"https:\/\/www.cisa-arica.cl\/wp1\/wp-content\/uploads\/2023\/04\/WhatsApp-Image-2023-04-04-at-08.37.131-1.jpeg\" data-orig-size=\"768,1024\" data-comments-opened=\"0\" data-image-meta=\"{&quot;aperture&quot;:&quot;0&quot;,&quot;credit&quot;:&quot;&quot;,&quot;camera&quot;:&quot;&quot;,&quot;caption&quot;:&quot;&quot;,&quot;created_timestamp&quot;:&quot;0&quot;,&quot;copyright&quot;:&quot;&quot;,&quot;focal_length&quot;:&quot;0&quot;,&quot;iso&quot;:&quot;0&quot;,&quot;shutter_speed&quot;:&quot;0&quot;,&quot;title&quot;:&quot;&quot;,&quot;orientation&quot;:&quot;0&quot;}\" data-image-title=\"WhatsApp-Image-2023-04-04-at-08.37.131-1\" data-image-description=\"\" data-image-caption=\"\" data-large-file=\"https:\/\/www.cisa-arica.cl\/wp1\/wp-content\/uploads\/2023\/04\/WhatsApp-Image-2023-04-04-at-08.37.131-1-450x600.jpeg\" data-attachment-id=\"19854\" data-permalink=\"https:\/\/www.cisa-arica.cl\/wp1\/2023\/04\/03\/domingo-de-ramos-en-el-colegio\/whatsapp-image-2023-04-04-at-08-37-131-1\/\" data-orig-file=\"https:\/\/www.cisa-arica.cl\/wp1\/wp-content\/uploads\/2023\/04\/WhatsApp-Image-2023-04-04-at-08.37.131-1.jpeg\" data-orig-size=\"768,1024\" data-comments-opened=\"0\" data-image-meta=\"{&quot;aperture&quot;:&quot;0&quot;,&quot;credit&quot;:&quot;&quot;,&quot;camera&quot;:&quot;&quot;,&quot;caption&quot;:&quot;&quot;,&quot;created_timestamp&quot;:&quot;0&quot;,&quot;copyright&quot;:&quot;&quot;,&quot;focal_length&quot;:&quot;0&quot;,&quot;iso&quot;:&quot;0&quot;,&quot;shutter_speed&quot;:&quot;0&quot;,&quot;title&quot;:&quot;&quot;,&quot;orientation&quot;:&quot;0&quot;}\" data-image-title=\"WhatsApp-Image-2023-04-04-at-08.37.131-1\" data-image-description=\"\" data-image-caption=\"\" data-large-file=\"https:\/\/www.cisa-arica.cl\/wp1\/wp-content\/uploads\/2023\/04\/WhatsApp-Image-2023-04-04-at-08.37.131-1-450x600.jpeg\" role=\"button\" tabindex=\"0\" aria-label=\"Abrir la imagen 55 de 75 en pantalla completa\"srcset=\"https:\/\/i0.wp.com\/www.cisa-arica.cl\/wp1\/wp-content\/uploads\/2023\/04\/WhatsApp-Image-2023-04-04-at-08.37.131-1-450x600.jpeg?strip=info&#038;w=600&#038;ssl=1 600w,https:\/\/i0.wp.com\/www.cisa-arica.cl\/wp1\/wp-content\/uploads\/2023\/04\/WhatsApp-Image-2023-04-04-at-08.37.131-1-450x600.jpeg?strip=info&#038;w=768&#038;ssl=1 768w\" alt=\"\" data-height=\"1024\" data-id=\"19854\" data-link=\"https:\/\/www.cisa-arica.cl\/wp1\/2023\/04\/03\/domingo-de-ramos-en-el-colegio\/whatsapp-image-2023-04-04-at-08-37-131-1\/\" data-url=\"https:\/\/www.cisa-arica.cl\/wp1\/wp-content\/uploads\/2023\/04\/WhatsApp-Image-2023-04-04-at-08.37.131-1-450x600.jpeg\" data-width=\"768\" src=\"https:\/\/i0.wp.com\/www.cisa-arica.cl\/wp1\/wp-content\/uploads\/2023\/04\/WhatsApp-Image-2023-04-04-at-08.37.131-1-450x600.jpeg?ssl=1\" data-amp-layout=\"responsive\"\/><\/figure><\/div><div class=\"tiled-gallery__col\" style=\"flex-basis:50.00000%\"><figure class=\"tiled-gallery__item\"><img decoding=\"async\" data-attachment-id=\"19855\" data-permalink=\"https:\/\/www.cisa-arica.cl\/wp1\/2023\/04\/03\/domingo-de-ramos-en-el-colegio\/whatsapp-image-2023-04-04-at-08-36-49-1\/\" data-orig-file=\"https:\/\/www.cisa-arica.cl\/wp1\/wp-content\/uploads\/2023\/04\/WhatsApp-Image-2023-04-04-at-08.36.49-1.jpeg\" data-orig-size=\"768,1024\" data-comments-opened=\"0\" data-image-meta=\"{&quot;aperture&quot;:&quot;0&quot;,&quot;credit&quot;:&quot;&quot;,&quot;camera&quot;:&quot;&quot;,&quot;caption&quot;:&quot;&quot;,&quot;created_timestamp&quot;:&quot;0&quot;,&quot;copyright&quot;:&quot;&quot;,&quot;focal_length&quot;:&quot;0&quot;,&quot;iso&quot;:&quot;0&quot;,&quot;shutter_speed&quot;:&quot;0&quot;,&quot;title&quot;:&quot;&quot;,&quot;orientation&quot;:&quot;0&quot;}\" data-image-title=\"WhatsApp-Image-2023-04-04-at-08.36.49-1\" data-image-description=\"\" data-image-caption=\"\" data-large-file=\"https:\/\/www.cisa-arica.cl\/wp1\/wp-content\/uploads\/2023\/04\/WhatsApp-Image-2023-04-04-at-08.36.49-1-450x600.jpeg\" data-attachment-id=\"19855\" data-permalink=\"https:\/\/www.cisa-arica.cl\/wp1\/2023\/04\/03\/domingo-de-ramos-en-el-colegio\/whatsapp-image-2023-04-04-at-08-36-49-1\/\" data-orig-file=\"https:\/\/www.cisa-arica.cl\/wp1\/wp-content\/uploads\/2023\/04\/WhatsApp-Image-2023-04-04-at-08.36.49-1.jpeg\" data-orig-size=\"768,1024\" data-comments-opened=\"0\" data-image-meta=\"{&quot;aperture&quot;:&quot;0&quot;,&quot;credit&quot;:&quot;&quot;,&quot;camera&quot;:&quot;&quot;,&quot;caption&quot;:&quot;&quot;,&quot;created_timestamp&quot;:&quot;0&quot;,&quot;copyright&quot;:&quot;&quot;,&quot;focal_length&quot;:&quot;0&quot;,&quot;iso&quot;:&quot;0&quot;,&quot;shutter_speed&quot;:&quot;0&quot;,&quot;title&quot;:&quot;&quot;,&quot;orientation&quot;:&quot;0&quot;}\" data-image-title=\"WhatsApp-Image-2023-04-04-at-08.36.49-1\" data-image-description=\"\" data-image-caption=\"\" data-large-file=\"https:\/\/www.cisa-arica.cl\/wp1\/wp-content\/uploads\/2023\/04\/WhatsApp-Image-2023-04-04-at-08.36.49-1-450x600.jpeg\" role=\"button\" tabindex=\"0\" aria-label=\"Abrir la imagen 56 de 75 en pantalla completa\"srcset=\"https:\/\/i2.wp.com\/www.cisa-arica.cl\/wp1\/wp-content\/uploads\/2023\/04\/WhatsApp-Image-2023-04-04-at-08.36.49-1-450x600.jpeg?strip=info&#038;w=600&#038;ssl=1 600w,https:\/\/i2.wp.com\/www.cisa-arica.cl\/wp1\/wp-content\/uploads\/2023\/04\/WhatsApp-Image-2023-04-04-at-08.36.49-1-450x600.jpeg?strip=info&#038;w=768&#038;ssl=1 768w\" alt=\"\" data-height=\"1024\" data-id=\"19855\" data-link=\"https:\/\/www.cisa-arica.cl\/wp1\/2023\/04\/03\/domingo-de-ramos-en-el-colegio\/whatsapp-image-2023-04-04-at-08-36-49-1\/\" data-url=\"https:\/\/www.cisa-arica.cl\/wp1\/wp-content\/uploads\/2023\/04\/WhatsApp-Image-2023-04-04-at-08.36.49-1-450x600.jpeg\" data-width=\"768\" src=\"https:\/\/i2.wp.com\/www.cisa-arica.cl\/wp1\/wp-content\/uploads\/2023\/04\/WhatsApp-Image-2023-04-04-at-08.36.49-1-450x600.jpeg?ssl=1\" data-amp-layout=\"responsive\"\/><\/figure><\/div><\/div><div class=\"tiled-gallery__row\"><div class=\"tiled-gallery__col\" style=\"flex-basis:66.74547%\"><figure class=\"tiled-gallery__item\"><img decoding=\"async\" data-attachment-id=\"19856\" data-permalink=\"https:\/\/www.cisa-arica.cl\/wp1\/2023\/04\/03\/domingo-de-ramos-en-el-colegio\/whatsapp-image-2023-04-04-at-08-36-496-1\/\" data-orig-file=\"https:\/\/www.cisa-arica.cl\/wp1\/wp-content\/uploads\/2023\/04\/WhatsApp-Image-2023-04-04-at-08.36.496-1.jpeg\" data-orig-size=\"1024,768\" data-comments-opened=\"0\" data-image-meta=\"{&quot;aperture&quot;:&quot;0&quot;,&quot;credit&quot;:&quot;&quot;,&quot;camera&quot;:&quot;&quot;,&quot;caption&quot;:&quot;&quot;,&quot;created_timestamp&quot;:&quot;0&quot;,&quot;copyright&quot;:&quot;&quot;,&quot;focal_length&quot;:&quot;0&quot;,&quot;iso&quot;:&quot;0&quot;,&quot;shutter_speed&quot;:&quot;0&quot;,&quot;title&quot;:&quot;&quot;,&quot;orientation&quot;:&quot;0&quot;}\" data-image-title=\"WhatsApp-Image-2023-04-04-at-08.36.496-1\" data-image-description=\"\" data-image-caption=\"\" data-large-file=\"https:\/\/www.cisa-arica.cl\/wp1\/wp-content\/uploads\/2023\/04\/WhatsApp-Image-2023-04-04-at-08.36.496-1-600x450.jpeg\" data-attachment-id=\"19856\" data-permalink=\"https:\/\/www.cisa-arica.cl\/wp1\/2023\/04\/03\/domingo-de-ramos-en-el-colegio\/whatsapp-image-2023-04-04-at-08-36-496-1\/\" data-orig-file=\"https:\/\/www.cisa-arica.cl\/wp1\/wp-content\/uploads\/2023\/04\/WhatsApp-Image-2023-04-04-at-08.36.496-1.jpeg\" data-orig-size=\"1024,768\" data-comments-opened=\"0\" data-image-meta=\"{&quot;aperture&quot;:&quot;0&quot;,&quot;credit&quot;:&quot;&quot;,&quot;camera&quot;:&quot;&quot;,&quot;caption&quot;:&quot;&quot;,&quot;created_timestamp&quot;:&quot;0&quot;,&quot;copyright&quot;:&quot;&quot;,&quot;focal_length&quot;:&quot;0&quot;,&quot;iso&quot;:&quot;0&quot;,&quot;shutter_speed&quot;:&quot;0&quot;,&quot;title&quot;:&quot;&quot;,&quot;orientation&quot;:&quot;0&quot;}\" data-image-title=\"WhatsApp-Image-2023-04-04-at-08.36.496-1\" data-image-description=\"\" data-image-caption=\"\" data-large-file=\"https:\/\/www.cisa-arica.cl\/wp1\/wp-content\/uploads\/2023\/04\/WhatsApp-Image-2023-04-04-at-08.36.496-1-600x450.jpeg\" role=\"button\" tabindex=\"0\" aria-label=\"Abrir la imagen 57 de 75 en pantalla completa\"srcset=\"https:\/\/i1.wp.com\/www.cisa-arica.cl\/wp1\/wp-content\/uploads\/2023\/04\/WhatsApp-Image-2023-04-04-at-08.36.496-1-600x450.jpeg?strip=info&#038;w=600&#038;ssl=1 600w,https:\/\/i1.wp.com\/www.cisa-arica.cl\/wp1\/wp-content\/uploads\/2023\/04\/WhatsApp-Image-2023-04-04-at-08.36.496-1-600x450.jpeg?strip=info&#038;w=900&#038;ssl=1 900w,https:\/\/i1.wp.com\/www.cisa-arica.cl\/wp1\/wp-content\/uploads\/2023\/04\/WhatsApp-Image-2023-04-04-at-08.36.496-1-600x450.jpeg?strip=info&#038;w=1024&#038;ssl=1 1024w\" alt=\"\" data-height=\"768\" data-id=\"19856\" data-link=\"https:\/\/www.cisa-arica.cl\/wp1\/2023\/04\/03\/domingo-de-ramos-en-el-colegio\/whatsapp-image-2023-04-04-at-08-36-496-1\/\" data-url=\"https:\/\/www.cisa-arica.cl\/wp1\/wp-content\/uploads\/2023\/04\/WhatsApp-Image-2023-04-04-at-08.36.496-1-600x450.jpeg\" data-width=\"1024\" src=\"https:\/\/i1.wp.com\/www.cisa-arica.cl\/wp1\/wp-content\/uploads\/2023\/04\/WhatsApp-Image-2023-04-04-at-08.36.496-1-600x450.jpeg?ssl=1\" data-amp-layout=\"responsive\"\/><\/figure><\/div><div class=\"tiled-gallery__col\" style=\"flex-basis:33.25453%\"><figure class=\"tiled-gallery__item\"><img decoding=\"async\" data-attachment-id=\"19857\" data-permalink=\"https:\/\/www.cisa-arica.cl\/wp1\/2023\/04\/03\/domingo-de-ramos-en-el-colegio\/whatsapp-image-2023-04-04-at-08-36-495-1\/\" data-orig-file=\"https:\/\/www.cisa-arica.cl\/wp1\/wp-content\/uploads\/2023\/04\/WhatsApp-Image-2023-04-04-at-08.36.495-1.jpeg\" data-orig-size=\"1024,768\" data-comments-opened=\"0\" data-image-meta=\"{&quot;aperture&quot;:&quot;0&quot;,&quot;credit&quot;:&quot;&quot;,&quot;camera&quot;:&quot;&quot;,&quot;caption&quot;:&quot;&quot;,&quot;created_timestamp&quot;:&quot;0&quot;,&quot;copyright&quot;:&quot;&quot;,&quot;focal_length&quot;:&quot;0&quot;,&quot;iso&quot;:&quot;0&quot;,&quot;shutter_speed&quot;:&quot;0&quot;,&quot;title&quot;:&quot;&quot;,&quot;orientation&quot;:&quot;0&quot;}\" data-image-title=\"WhatsApp-Image-2023-04-04-at-08.36.495-1\" data-image-description=\"\" data-image-caption=\"\" data-large-file=\"https:\/\/www.cisa-arica.cl\/wp1\/wp-content\/uploads\/2023\/04\/WhatsApp-Image-2023-04-04-at-08.36.495-1-600x450.jpeg\" data-attachment-id=\"19857\" data-permalink=\"https:\/\/www.cisa-arica.cl\/wp1\/2023\/04\/03\/domingo-de-ramos-en-el-colegio\/whatsapp-image-2023-04-04-at-08-36-495-1\/\" data-orig-file=\"https:\/\/www.cisa-arica.cl\/wp1\/wp-content\/uploads\/2023\/04\/WhatsApp-Image-2023-04-04-at-08.36.495-1.jpeg\" data-orig-size=\"1024,768\" data-comments-opened=\"0\" data-image-meta=\"{&quot;aperture&quot;:&quot;0&quot;,&quot;credit&quot;:&quot;&quot;,&quot;camera&quot;:&quot;&quot;,&quot;caption&quot;:&quot;&quot;,&quot;created_timestamp&quot;:&quot;0&quot;,&quot;copyright&quot;:&quot;&quot;,&quot;focal_length&quot;:&quot;0&quot;,&quot;iso&quot;:&quot;0&quot;,&quot;shutter_speed&quot;:&quot;0&quot;,&quot;title&quot;:&quot;&quot;,&quot;orientation&quot;:&quot;0&quot;}\" data-image-title=\"WhatsApp-Image-2023-04-04-at-08.36.495-1\" data-image-description=\"\" data-image-caption=\"\" data-large-file=\"https:\/\/www.cisa-arica.cl\/wp1\/wp-content\/uploads\/2023\/04\/WhatsApp-Image-2023-04-04-at-08.36.495-1-600x450.jpeg\" role=\"button\" tabindex=\"0\" aria-label=\"Abrir la imagen 58 de 75 en pantalla completa\"srcset=\"https:\/\/i2.wp.com\/www.cisa-arica.cl\/wp1\/wp-content\/uploads\/2023\/04\/WhatsApp-Image-2023-04-04-at-08.36.495-1-600x450.jpeg?strip=info&#038;w=600&#038;ssl=1 600w,https:\/\/i2.wp.com\/www.cisa-arica.cl\/wp1\/wp-content\/uploads\/2023\/04\/WhatsApp-Image-2023-04-04-at-08.36.495-1-600x450.jpeg?strip=info&#038;w=900&#038;ssl=1 900w,https:\/\/i2.wp.com\/www.cisa-arica.cl\/wp1\/wp-content\/uploads\/2023\/04\/WhatsApp-Image-2023-04-04-at-08.36.495-1-600x450.jpeg?strip=info&#038;w=1024&#038;ssl=1 1024w\" alt=\"\" data-height=\"768\" data-id=\"19857\" data-link=\"https:\/\/www.cisa-arica.cl\/wp1\/2023\/04\/03\/domingo-de-ramos-en-el-colegio\/whatsapp-image-2023-04-04-at-08-36-495-1\/\" data-url=\"https:\/\/www.cisa-arica.cl\/wp1\/wp-content\/uploads\/2023\/04\/WhatsApp-Image-2023-04-04-at-08.36.495-1-600x450.jpeg\" data-width=\"1024\" src=\"https:\/\/i2.wp.com\/www.cisa-arica.cl\/wp1\/wp-content\/uploads\/2023\/04\/WhatsApp-Image-2023-04-04-at-08.36.495-1-600x450.jpeg?ssl=1\" data-amp-layout=\"responsive\"\/><\/figure><figure class=\"tiled-gallery__item\"><img decoding=\"async\" data-attachment-id=\"19858\" data-permalink=\"https:\/\/www.cisa-arica.cl\/wp1\/2023\/04\/03\/domingo-de-ramos-en-el-colegio\/whatsapp-image-2023-04-04-at-08-36-494-1\/\" data-orig-file=\"https:\/\/www.cisa-arica.cl\/wp1\/wp-content\/uploads\/2023\/04\/WhatsApp-Image-2023-04-04-at-08.36.494-1.jpeg\" data-orig-size=\"1024,768\" data-comments-opened=\"0\" data-image-meta=\"{&quot;aperture&quot;:&quot;0&quot;,&quot;credit&quot;:&quot;&quot;,&quot;camera&quot;:&quot;&quot;,&quot;caption&quot;:&quot;&quot;,&quot;created_timestamp&quot;:&quot;0&quot;,&quot;copyright&quot;:&quot;&quot;,&quot;focal_length&quot;:&quot;0&quot;,&quot;iso&quot;:&quot;0&quot;,&quot;shutter_speed&quot;:&quot;0&quot;,&quot;title&quot;:&quot;&quot;,&quot;orientation&quot;:&quot;0&quot;}\" data-image-title=\"WhatsApp-Image-2023-04-04-at-08.36.494-1\" data-image-description=\"\" data-image-caption=\"\" data-large-file=\"https:\/\/www.cisa-arica.cl\/wp1\/wp-content\/uploads\/2023\/04\/WhatsApp-Image-2023-04-04-at-08.36.494-1-600x450.jpeg\" data-attachment-id=\"19858\" data-permalink=\"https:\/\/www.cisa-arica.cl\/wp1\/2023\/04\/03\/domingo-de-ramos-en-el-colegio\/whatsapp-image-2023-04-04-at-08-36-494-1\/\" data-orig-file=\"https:\/\/www.cisa-arica.cl\/wp1\/wp-content\/uploads\/2023\/04\/WhatsApp-Image-2023-04-04-at-08.36.494-1.jpeg\" data-orig-size=\"1024,768\" data-comments-opened=\"0\" data-image-meta=\"{&quot;aperture&quot;:&quot;0&quot;,&quot;credit&quot;:&quot;&quot;,&quot;camera&quot;:&quot;&quot;,&quot;caption&quot;:&quot;&quot;,&quot;created_timestamp&quot;:&quot;0&quot;,&quot;copyright&quot;:&quot;&quot;,&quot;focal_length&quot;:&quot;0&quot;,&quot;iso&quot;:&quot;0&quot;,&quot;shutter_speed&quot;:&quot;0&quot;,&quot;title&quot;:&quot;&quot;,&quot;orientation&quot;:&quot;0&quot;}\" data-image-title=\"WhatsApp-Image-2023-04-04-at-08.36.494-1\" data-image-description=\"\" data-image-caption=\"\" data-large-file=\"https:\/\/www.cisa-arica.cl\/wp1\/wp-content\/uploads\/2023\/04\/WhatsApp-Image-2023-04-04-at-08.36.494-1-600x450.jpeg\" role=\"button\" tabindex=\"0\" aria-label=\"Abrir la imagen 59 de 75 en pantalla completa\"srcset=\"https:\/\/i1.wp.com\/www.cisa-arica.cl\/wp1\/wp-content\/uploads\/2023\/04\/WhatsApp-Image-2023-04-04-at-08.36.494-1-600x450.jpeg?strip=info&#038;w=600&#038;ssl=1 600w,https:\/\/i1.wp.com\/www.cisa-arica.cl\/wp1\/wp-content\/uploads\/2023\/04\/WhatsApp-Image-2023-04-04-at-08.36.494-1-600x450.jpeg?strip=info&#038;w=900&#038;ssl=1 900w,https:\/\/i1.wp.com\/www.cisa-arica.cl\/wp1\/wp-content\/uploads\/2023\/04\/WhatsApp-Image-2023-04-04-at-08.36.494-1-600x450.jpeg?strip=info&#038;w=1024&#038;ssl=1 1024w\" alt=\"\" data-height=\"768\" data-id=\"19858\" data-link=\"https:\/\/www.cisa-arica.cl\/wp1\/2023\/04\/03\/domingo-de-ramos-en-el-colegio\/whatsapp-image-2023-04-04-at-08-36-494-1\/\" data-url=\"https:\/\/www.cisa-arica.cl\/wp1\/wp-content\/uploads\/2023\/04\/WhatsApp-Image-2023-04-04-at-08.36.494-1-600x450.jpeg\" data-width=\"1024\" src=\"https:\/\/i1.wp.com\/www.cisa-arica.cl\/wp1\/wp-content\/uploads\/2023\/04\/WhatsApp-Image-2023-04-04-at-08.36.494-1-600x450.jpeg?ssl=1\" data-amp-layout=\"responsive\"\/><\/figure><\/div><\/div><div class=\"tiled-gallery__row\"><div class=\"tiled-gallery__col\" style=\"flex-basis:63.97414%\"><figure class=\"tiled-gallery__item\"><img decoding=\"async\" data-attachment-id=\"19859\" data-permalink=\"https:\/\/www.cisa-arica.cl\/wp1\/2023\/04\/03\/domingo-de-ramos-en-el-colegio\/whatsapp-image-2023-04-04-at-08-36-493-2\/\" data-orig-file=\"https:\/\/www.cisa-arica.cl\/wp1\/wp-content\/uploads\/2023\/04\/WhatsApp-Image-2023-04-04-at-08.36.493-2.jpeg\" data-orig-size=\"1024,768\" data-comments-opened=\"0\" data-image-meta=\"{&quot;aperture&quot;:&quot;0&quot;,&quot;credit&quot;:&quot;&quot;,&quot;camera&quot;:&quot;&quot;,&quot;caption&quot;:&quot;&quot;,&quot;created_timestamp&quot;:&quot;0&quot;,&quot;copyright&quot;:&quot;&quot;,&quot;focal_length&quot;:&quot;0&quot;,&quot;iso&quot;:&quot;0&quot;,&quot;shutter_speed&quot;:&quot;0&quot;,&quot;title&quot;:&quot;&quot;,&quot;orientation&quot;:&quot;0&quot;}\" data-image-title=\"WhatsApp-Image-2023-04-04-at-08.36.493-2\" data-image-description=\"\" data-image-caption=\"\" data-large-file=\"https:\/\/www.cisa-arica.cl\/wp1\/wp-content\/uploads\/2023\/04\/WhatsApp-Image-2023-04-04-at-08.36.493-2-600x450.jpeg\" data-attachment-id=\"19859\" data-permalink=\"https:\/\/www.cisa-arica.cl\/wp1\/2023\/04\/03\/domingo-de-ramos-en-el-colegio\/whatsapp-image-2023-04-04-at-08-36-493-2\/\" data-orig-file=\"https:\/\/www.cisa-arica.cl\/wp1\/wp-content\/uploads\/2023\/04\/WhatsApp-Image-2023-04-04-at-08.36.493-2.jpeg\" data-orig-size=\"1024,768\" data-comments-opened=\"0\" data-image-meta=\"{&quot;aperture&quot;:&quot;0&quot;,&quot;credit&quot;:&quot;&quot;,&quot;camera&quot;:&quot;&quot;,&quot;caption&quot;:&quot;&quot;,&quot;created_timestamp&quot;:&quot;0&quot;,&quot;copyright&quot;:&quot;&quot;,&quot;focal_length&quot;:&quot;0&quot;,&quot;iso&quot;:&quot;0&quot;,&quot;shutter_speed&quot;:&quot;0&quot;,&quot;title&quot;:&quot;&quot;,&quot;orientation&quot;:&quot;0&quot;}\" data-image-title=\"WhatsApp-Image-2023-04-04-at-08.36.493-2\" data-image-description=\"\" data-image-caption=\"\" data-large-file=\"https:\/\/www.cisa-arica.cl\/wp1\/wp-content\/uploads\/2023\/04\/WhatsApp-Image-2023-04-04-at-08.36.493-2-600x450.jpeg\" role=\"button\" tabindex=\"0\" aria-label=\"Abrir la imagen 60 de 75 en pantalla completa\"srcset=\"https:\/\/i1.wp.com\/www.cisa-arica.cl\/wp1\/wp-content\/uploads\/2023\/04\/WhatsApp-Image-2023-04-04-at-08.36.493-2-600x450.jpeg?strip=info&#038;w=600&#038;ssl=1 600w,https:\/\/i1.wp.com\/www.cisa-arica.cl\/wp1\/wp-content\/uploads\/2023\/04\/WhatsApp-Image-2023-04-04-at-08.36.493-2-600x450.jpeg?strip=info&#038;w=900&#038;ssl=1 900w,https:\/\/i1.wp.com\/www.cisa-arica.cl\/wp1\/wp-content\/uploads\/2023\/04\/WhatsApp-Image-2023-04-04-at-08.36.493-2-600x450.jpeg?strip=info&#038;w=1024&#038;ssl=1 1024w\" alt=\"\" data-height=\"768\" data-id=\"19859\" data-link=\"https:\/\/www.cisa-arica.cl\/wp1\/2023\/04\/03\/domingo-de-ramos-en-el-colegio\/whatsapp-image-2023-04-04-at-08-36-493-2\/\" data-url=\"https:\/\/www.cisa-arica.cl\/wp1\/wp-content\/uploads\/2023\/04\/WhatsApp-Image-2023-04-04-at-08.36.493-2-600x450.jpeg\" data-width=\"1024\" src=\"https:\/\/i1.wp.com\/www.cisa-arica.cl\/wp1\/wp-content\/uploads\/2023\/04\/WhatsApp-Image-2023-04-04-at-08.36.493-2-600x450.jpeg?ssl=1\" data-amp-layout=\"responsive\"\/><\/figure><\/div><div class=\"tiled-gallery__col\" style=\"flex-basis:36.02586%\"><figure class=\"tiled-gallery__item\"><img decoding=\"async\" data-attachment-id=\"19860\" data-permalink=\"https:\/\/www.cisa-arica.cl\/wp1\/2023\/04\/03\/domingo-de-ramos-en-el-colegio\/whatsapp-image-2023-04-04-at-08-36-492-2\/\" data-orig-file=\"https:\/\/www.cisa-arica.cl\/wp1\/wp-content\/uploads\/2023\/04\/WhatsApp-Image-2023-04-04-at-08.36.492-2.jpeg\" data-orig-size=\"768,1024\" data-comments-opened=\"0\" data-image-meta=\"{&quot;aperture&quot;:&quot;0&quot;,&quot;credit&quot;:&quot;&quot;,&quot;camera&quot;:&quot;&quot;,&quot;caption&quot;:&quot;&quot;,&quot;created_timestamp&quot;:&quot;0&quot;,&quot;copyright&quot;:&quot;&quot;,&quot;focal_length&quot;:&quot;0&quot;,&quot;iso&quot;:&quot;0&quot;,&quot;shutter_speed&quot;:&quot;0&quot;,&quot;title&quot;:&quot;&quot;,&quot;orientation&quot;:&quot;0&quot;}\" data-image-title=\"WhatsApp-Image-2023-04-04-at-08.36.492-2\" data-image-description=\"\" data-image-caption=\"\" data-large-file=\"https:\/\/www.cisa-arica.cl\/wp1\/wp-content\/uploads\/2023\/04\/WhatsApp-Image-2023-04-04-at-08.36.492-2-450x600.jpeg\" data-attachment-id=\"19860\" data-permalink=\"https:\/\/www.cisa-arica.cl\/wp1\/2023\/04\/03\/domingo-de-ramos-en-el-colegio\/whatsapp-image-2023-04-04-at-08-36-492-2\/\" data-orig-file=\"https:\/\/www.cisa-arica.cl\/wp1\/wp-content\/uploads\/2023\/04\/WhatsApp-Image-2023-04-04-at-08.36.492-2.jpeg\" data-orig-size=\"768,1024\" data-comments-opened=\"0\" data-image-meta=\"{&quot;aperture&quot;:&quot;0&quot;,&quot;credit&quot;:&quot;&quot;,&quot;camera&quot;:&quot;&quot;,&quot;caption&quot;:&quot;&quot;,&quot;created_timestamp&quot;:&quot;0&quot;,&quot;copyright&quot;:&quot;&quot;,&quot;focal_length&quot;:&quot;0&quot;,&quot;iso&quot;:&quot;0&quot;,&quot;shutter_speed&quot;:&quot;0&quot;,&quot;title&quot;:&quot;&quot;,&quot;orientation&quot;:&quot;0&quot;}\" data-image-title=\"WhatsApp-Image-2023-04-04-at-08.36.492-2\" data-image-description=\"\" data-image-caption=\"\" data-large-file=\"https:\/\/www.cisa-arica.cl\/wp1\/wp-content\/uploads\/2023\/04\/WhatsApp-Image-2023-04-04-at-08.36.492-2-450x600.jpeg\" role=\"button\" tabindex=\"0\" aria-label=\"Abrir la imagen 61 de 75 en pantalla completa\"srcset=\"https:\/\/i1.wp.com\/www.cisa-arica.cl\/wp1\/wp-content\/uploads\/2023\/04\/WhatsApp-Image-2023-04-04-at-08.36.492-2-450x600.jpeg?strip=info&#038;w=600&#038;ssl=1 600w,https:\/\/i1.wp.com\/www.cisa-arica.cl\/wp1\/wp-content\/uploads\/2023\/04\/WhatsApp-Image-2023-04-04-at-08.36.492-2-450x600.jpeg?strip=info&#038;w=768&#038;ssl=1 768w\" alt=\"\" data-height=\"1024\" data-id=\"19860\" data-link=\"https:\/\/www.cisa-arica.cl\/wp1\/2023\/04\/03\/domingo-de-ramos-en-el-colegio\/whatsapp-image-2023-04-04-at-08-36-492-2\/\" data-url=\"https:\/\/www.cisa-arica.cl\/wp1\/wp-content\/uploads\/2023\/04\/WhatsApp-Image-2023-04-04-at-08.36.492-2-450x600.jpeg\" data-width=\"768\" src=\"https:\/\/i1.wp.com\/www.cisa-arica.cl\/wp1\/wp-content\/uploads\/2023\/04\/WhatsApp-Image-2023-04-04-at-08.36.492-2-450x600.jpeg?ssl=1\" data-amp-layout=\"responsive\"\/><\/figure><\/div><\/div><div class=\"tiled-gallery__row\"><div class=\"tiled-gallery__col\" style=\"flex-basis:50.00000%\"><figure class=\"tiled-gallery__item\"><img decoding=\"async\" data-attachment-id=\"19861\" data-permalink=\"https:\/\/www.cisa-arica.cl\/wp1\/2023\/04\/03\/domingo-de-ramos-en-el-colegio\/whatsapp-image-2023-04-04-at-08-36-491-2\/\" data-orig-file=\"https:\/\/www.cisa-arica.cl\/wp1\/wp-content\/uploads\/2023\/04\/WhatsApp-Image-2023-04-04-at-08.36.491-2.jpeg\" data-orig-size=\"768,1024\" data-comments-opened=\"0\" data-image-meta=\"{&quot;aperture&quot;:&quot;0&quot;,&quot;credit&quot;:&quot;&quot;,&quot;camera&quot;:&quot;&quot;,&quot;caption&quot;:&quot;&quot;,&quot;created_timestamp&quot;:&quot;0&quot;,&quot;copyright&quot;:&quot;&quot;,&quot;focal_length&quot;:&quot;0&quot;,&quot;iso&quot;:&quot;0&quot;,&quot;shutter_speed&quot;:&quot;0&quot;,&quot;title&quot;:&quot;&quot;,&quot;orientation&quot;:&quot;0&quot;}\" data-image-title=\"WhatsApp-Image-2023-04-04-at-08.36.491-2\" data-image-description=\"\" data-image-caption=\"\" data-large-file=\"https:\/\/www.cisa-arica.cl\/wp1\/wp-content\/uploads\/2023\/04\/WhatsApp-Image-2023-04-04-at-08.36.491-2-450x600.jpeg\" data-attachment-id=\"19861\" data-permalink=\"https:\/\/www.cisa-arica.cl\/wp1\/2023\/04\/03\/domingo-de-ramos-en-el-colegio\/whatsapp-image-2023-04-04-at-08-36-491-2\/\" data-orig-file=\"https:\/\/www.cisa-arica.cl\/wp1\/wp-content\/uploads\/2023\/04\/WhatsApp-Image-2023-04-04-at-08.36.491-2.jpeg\" data-orig-size=\"768,1024\" data-comments-opened=\"0\" data-image-meta=\"{&quot;aperture&quot;:&quot;0&quot;,&quot;credit&quot;:&quot;&quot;,&quot;camera&quot;:&quot;&quot;,&quot;caption&quot;:&quot;&quot;,&quot;created_timestamp&quot;:&quot;0&quot;,&quot;copyright&quot;:&quot;&quot;,&quot;focal_length&quot;:&quot;0&quot;,&quot;iso&quot;:&quot;0&quot;,&quot;shutter_speed&quot;:&quot;0&quot;,&quot;title&quot;:&quot;&quot;,&quot;orientation&quot;:&quot;0&quot;}\" data-image-title=\"WhatsApp-Image-2023-04-04-at-08.36.491-2\" data-image-description=\"\" data-image-caption=\"\" data-large-file=\"https:\/\/www.cisa-arica.cl\/wp1\/wp-content\/uploads\/2023\/04\/WhatsApp-Image-2023-04-04-at-08.36.491-2-450x600.jpeg\" role=\"button\" tabindex=\"0\" aria-label=\"Abrir la imagen 62 de 75 en pantalla completa\"srcset=\"https:\/\/i0.wp.com\/www.cisa-arica.cl\/wp1\/wp-content\/uploads\/2023\/04\/WhatsApp-Image-2023-04-04-at-08.36.491-2-450x600.jpeg?strip=info&#038;w=600&#038;ssl=1 600w,https:\/\/i0.wp.com\/www.cisa-arica.cl\/wp1\/wp-content\/uploads\/2023\/04\/WhatsApp-Image-2023-04-04-at-08.36.491-2-450x600.jpeg?strip=info&#038;w=768&#038;ssl=1 768w\" alt=\"\" data-height=\"1024\" data-id=\"19861\" data-link=\"https:\/\/www.cisa-arica.cl\/wp1\/2023\/04\/03\/domingo-de-ramos-en-el-colegio\/whatsapp-image-2023-04-04-at-08-36-491-2\/\" data-url=\"https:\/\/www.cisa-arica.cl\/wp1\/wp-content\/uploads\/2023\/04\/WhatsApp-Image-2023-04-04-at-08.36.491-2-450x600.jpeg\" data-width=\"768\" src=\"https:\/\/i0.wp.com\/www.cisa-arica.cl\/wp1\/wp-content\/uploads\/2023\/04\/WhatsApp-Image-2023-04-04-at-08.36.491-2-450x600.jpeg?ssl=1\" data-amp-layout=\"responsive\"\/><\/figure><\/div><div class=\"tiled-gallery__col\" style=\"flex-basis:50.00000%\"><figure class=\"tiled-gallery__item\"><img decoding=\"async\" data-attachment-id=\"19862\" data-permalink=\"https:\/\/www.cisa-arica.cl\/wp1\/2023\/04\/03\/domingo-de-ramos-en-el-colegio\/whatsapp-image-2023-04-04-at-08-35-50-1\/\" data-orig-file=\"https:\/\/www.cisa-arica.cl\/wp1\/wp-content\/uploads\/2023\/04\/WhatsApp-Image-2023-04-04-at-08.35.50-1.jpeg\" data-orig-size=\"768,1024\" data-comments-opened=\"0\" data-image-meta=\"{&quot;aperture&quot;:&quot;0&quot;,&quot;credit&quot;:&quot;&quot;,&quot;camera&quot;:&quot;&quot;,&quot;caption&quot;:&quot;&quot;,&quot;created_timestamp&quot;:&quot;0&quot;,&quot;copyright&quot;:&quot;&quot;,&quot;focal_length&quot;:&quot;0&quot;,&quot;iso&quot;:&quot;0&quot;,&quot;shutter_speed&quot;:&quot;0&quot;,&quot;title&quot;:&quot;&quot;,&quot;orientation&quot;:&quot;0&quot;}\" data-image-title=\"WhatsApp-Image-2023-04-04-at-08.35.50-1\" data-image-description=\"\" data-image-caption=\"\" data-large-file=\"https:\/\/www.cisa-arica.cl\/wp1\/wp-content\/uploads\/2023\/04\/WhatsApp-Image-2023-04-04-at-08.35.50-1-450x600.jpeg\" data-attachment-id=\"19862\" data-permalink=\"https:\/\/www.cisa-arica.cl\/wp1\/2023\/04\/03\/domingo-de-ramos-en-el-colegio\/whatsapp-image-2023-04-04-at-08-35-50-1\/\" data-orig-file=\"https:\/\/www.cisa-arica.cl\/wp1\/wp-content\/uploads\/2023\/04\/WhatsApp-Image-2023-04-04-at-08.35.50-1.jpeg\" data-orig-size=\"768,1024\" data-comments-opened=\"0\" data-image-meta=\"{&quot;aperture&quot;:&quot;0&quot;,&quot;credit&quot;:&quot;&quot;,&quot;camera&quot;:&quot;&quot;,&quot;caption&quot;:&quot;&quot;,&quot;created_timestamp&quot;:&quot;0&quot;,&quot;copyright&quot;:&quot;&quot;,&quot;focal_length&quot;:&quot;0&quot;,&quot;iso&quot;:&quot;0&quot;,&quot;shutter_speed&quot;:&quot;0&quot;,&quot;title&quot;:&quot;&quot;,&quot;orientation&quot;:&quot;0&quot;}\" data-image-title=\"WhatsApp-Image-2023-04-04-at-08.35.50-1\" data-image-description=\"\" data-image-caption=\"\" data-large-file=\"https:\/\/www.cisa-arica.cl\/wp1\/wp-content\/uploads\/2023\/04\/WhatsApp-Image-2023-04-04-at-08.35.50-1-450x600.jpeg\" role=\"button\" tabindex=\"0\" aria-label=\"Abrir la imagen 63 de 75 en pantalla completa\"srcset=\"https:\/\/i1.wp.com\/www.cisa-arica.cl\/wp1\/wp-content\/uploads\/2023\/04\/WhatsApp-Image-2023-04-04-at-08.35.50-1-450x600.jpeg?strip=info&#038;w=600&#038;ssl=1 600w,https:\/\/i1.wp.com\/www.cisa-arica.cl\/wp1\/wp-content\/uploads\/2023\/04\/WhatsApp-Image-2023-04-04-at-08.35.50-1-450x600.jpeg?strip=info&#038;w=768&#038;ssl=1 768w\" alt=\"\" data-height=\"1024\" data-id=\"19862\" data-link=\"https:\/\/www.cisa-arica.cl\/wp1\/2023\/04\/03\/domingo-de-ramos-en-el-colegio\/whatsapp-image-2023-04-04-at-08-35-50-1\/\" data-url=\"https:\/\/www.cisa-arica.cl\/wp1\/wp-content\/uploads\/2023\/04\/WhatsApp-Image-2023-04-04-at-08.35.50-1-450x600.jpeg\" data-width=\"768\" src=\"https:\/\/i1.wp.com\/www.cisa-arica.cl\/wp1\/wp-content\/uploads\/2023\/04\/WhatsApp-Image-2023-04-04-at-08.35.50-1-450x600.jpeg?ssl=1\" data-amp-layout=\"responsive\"\/><\/figure><\/div><\/div><div class=\"tiled-gallery__row\"><div class=\"tiled-gallery__col\" style=\"flex-basis:33.24666%\"><figure class=\"tiled-gallery__item\"><img decoding=\"async\" data-attachment-id=\"19865\" data-permalink=\"https:\/\/www.cisa-arica.cl\/wp1\/2023\/04\/03\/domingo-de-ramos-en-el-colegio\/whatsapp-image-2023-04-04-at-08-22-14\/\" data-orig-file=\"https:\/\/www.cisa-arica.cl\/wp1\/wp-content\/uploads\/2023\/04\/WhatsApp-Image-2023-04-04-at-08.22.14.jpeg\" data-orig-size=\"1600,1067\" data-comments-opened=\"0\" data-image-meta=\"{&quot;aperture&quot;:&quot;0&quot;,&quot;credit&quot;:&quot;&quot;,&quot;camera&quot;:&quot;&quot;,&quot;caption&quot;:&quot;&quot;,&quot;created_timestamp&quot;:&quot;0&quot;,&quot;copyright&quot;:&quot;&quot;,&quot;focal_length&quot;:&quot;0&quot;,&quot;iso&quot;:&quot;0&quot;,&quot;shutter_speed&quot;:&quot;0&quot;,&quot;title&quot;:&quot;&quot;,&quot;orientation&quot;:&quot;0&quot;}\" data-image-title=\"WhatsApp-Image-2023-04-04-at-08.22.14\" data-image-description=\"\" data-image-caption=\"\" data-large-file=\"https:\/\/www.cisa-arica.cl\/wp1\/wp-content\/uploads\/2023\/04\/WhatsApp-Image-2023-04-04-at-08.22.14-600x400.jpeg\" data-attachment-id=\"19865\" data-permalink=\"https:\/\/www.cisa-arica.cl\/wp1\/2023\/04\/03\/domingo-de-ramos-en-el-colegio\/whatsapp-image-2023-04-04-at-08-22-14\/\" data-orig-file=\"https:\/\/www.cisa-arica.cl\/wp1\/wp-content\/uploads\/2023\/04\/WhatsApp-Image-2023-04-04-at-08.22.14.jpeg\" data-orig-size=\"1600,1067\" data-comments-opened=\"0\" data-image-meta=\"{&quot;aperture&quot;:&quot;0&quot;,&quot;credit&quot;:&quot;&quot;,&quot;camera&quot;:&quot;&quot;,&quot;caption&quot;:&quot;&quot;,&quot;created_timestamp&quot;:&quot;0&quot;,&quot;copyright&quot;:&quot;&quot;,&quot;focal_length&quot;:&quot;0&quot;,&quot;iso&quot;:&quot;0&quot;,&quot;shutter_speed&quot;:&quot;0&quot;,&quot;title&quot;:&quot;&quot;,&quot;orientation&quot;:&quot;0&quot;}\" data-image-title=\"WhatsApp-Image-2023-04-04-at-08.22.14\" data-image-description=\"\" data-image-caption=\"\" data-large-file=\"https:\/\/www.cisa-arica.cl\/wp1\/wp-content\/uploads\/2023\/04\/WhatsApp-Image-2023-04-04-at-08.22.14-600x400.jpeg\" role=\"button\" tabindex=\"0\" aria-label=\"Abrir la imagen 64 de 75 en pantalla completa\"srcset=\"https:\/\/i2.wp.com\/www.cisa-arica.cl\/wp1\/wp-content\/uploads\/2023\/04\/WhatsApp-Image-2023-04-04-at-08.22.14-600x400.jpeg?strip=info&#038;w=600&#038;ssl=1 600w,https:\/\/i2.wp.com\/www.cisa-arica.cl\/wp1\/wp-content\/uploads\/2023\/04\/WhatsApp-Image-2023-04-04-at-08.22.14-600x400.jpeg?strip=info&#038;w=900&#038;ssl=1 900w,https:\/\/i2.wp.com\/www.cisa-arica.cl\/wp1\/wp-content\/uploads\/2023\/04\/WhatsApp-Image-2023-04-04-at-08.22.14-600x400.jpeg?strip=info&#038;w=1200&#038;ssl=1 1200w,https:\/\/i2.wp.com\/www.cisa-arica.cl\/wp1\/wp-content\/uploads\/2023\/04\/WhatsApp-Image-2023-04-04-at-08.22.14-600x400.jpeg?strip=info&#038;w=1500&#038;ssl=1 1500w,https:\/\/i2.wp.com\/www.cisa-arica.cl\/wp1\/wp-content\/uploads\/2023\/04\/WhatsApp-Image-2023-04-04-at-08.22.14-600x400.jpeg?strip=info&#038;w=1600&#038;ssl=1 1600w\" alt=\"\" data-height=\"1067\" data-id=\"19865\" data-link=\"https:\/\/www.cisa-arica.cl\/wp1\/2023\/04\/03\/domingo-de-ramos-en-el-colegio\/whatsapp-image-2023-04-04-at-08-22-14\/\" data-url=\"https:\/\/www.cisa-arica.cl\/wp1\/wp-content\/uploads\/2023\/04\/WhatsApp-Image-2023-04-04-at-08.22.14-600x400.jpeg\" data-width=\"1600\" src=\"https:\/\/i2.wp.com\/www.cisa-arica.cl\/wp1\/wp-content\/uploads\/2023\/04\/WhatsApp-Image-2023-04-04-at-08.22.14-600x400.jpeg?ssl=1\" data-amp-layout=\"responsive\"\/><\/figure><figure class=\"tiled-gallery__item\"><img decoding=\"async\" data-attachment-id=\"19866\" data-permalink=\"https:\/\/www.cisa-arica.cl\/wp1\/2023\/04\/03\/domingo-de-ramos-en-el-colegio\/whatsapp-image-2023-04-04-at-08-22-13\/\" data-orig-file=\"https:\/\/www.cisa-arica.cl\/wp1\/wp-content\/uploads\/2023\/04\/WhatsApp-Image-2023-04-04-at-08.22.13.jpeg\" data-orig-size=\"2048,1366\" data-comments-opened=\"0\" data-image-meta=\"{&quot;aperture&quot;:&quot;0&quot;,&quot;credit&quot;:&quot;&quot;,&quot;camera&quot;:&quot;&quot;,&quot;caption&quot;:&quot;&quot;,&quot;created_timestamp&quot;:&quot;0&quot;,&quot;copyright&quot;:&quot;&quot;,&quot;focal_length&quot;:&quot;0&quot;,&quot;iso&quot;:&quot;0&quot;,&quot;shutter_speed&quot;:&quot;0&quot;,&quot;title&quot;:&quot;&quot;,&quot;orientation&quot;:&quot;0&quot;}\" data-image-title=\"WhatsApp-Image-2023-04-04-at-08.22.13\" data-image-description=\"\" data-image-caption=\"\" data-large-file=\"https:\/\/www.cisa-arica.cl\/wp1\/wp-content\/uploads\/2023\/04\/WhatsApp-Image-2023-04-04-at-08.22.13-600x400.jpeg\" data-attachment-id=\"19866\" data-permalink=\"https:\/\/www.cisa-arica.cl\/wp1\/2023\/04\/03\/domingo-de-ramos-en-el-colegio\/whatsapp-image-2023-04-04-at-08-22-13\/\" data-orig-file=\"https:\/\/www.cisa-arica.cl\/wp1\/wp-content\/uploads\/2023\/04\/WhatsApp-Image-2023-04-04-at-08.22.13.jpeg\" data-orig-size=\"2048,1366\" data-comments-opened=\"0\" data-image-meta=\"{&quot;aperture&quot;:&quot;0&quot;,&quot;credit&quot;:&quot;&quot;,&quot;camera&quot;:&quot;&quot;,&quot;caption&quot;:&quot;&quot;,&quot;created_timestamp&quot;:&quot;0&quot;,&quot;copyright&quot;:&quot;&quot;,&quot;focal_length&quot;:&quot;0&quot;,&quot;iso&quot;:&quot;0&quot;,&quot;shutter_speed&quot;:&quot;0&quot;,&quot;title&quot;:&quot;&quot;,&quot;orientation&quot;:&quot;0&quot;}\" data-image-title=\"WhatsApp-Image-2023-04-04-at-08.22.13\" data-image-description=\"\" data-image-caption=\"\" data-large-file=\"https:\/\/www.cisa-arica.cl\/wp1\/wp-content\/uploads\/2023\/04\/WhatsApp-Image-2023-04-04-at-08.22.13-600x400.jpeg\" role=\"button\" tabindex=\"0\" aria-label=\"Abrir la imagen 65 de 75 en pantalla completa\"srcset=\"https:\/\/i1.wp.com\/www.cisa-arica.cl\/wp1\/wp-content\/uploads\/2023\/04\/WhatsApp-Image-2023-04-04-at-08.22.13-600x400.jpeg?strip=info&#038;w=600&#038;ssl=1 600w,https:\/\/i1.wp.com\/www.cisa-arica.cl\/wp1\/wp-content\/uploads\/2023\/04\/WhatsApp-Image-2023-04-04-at-08.22.13-600x400.jpeg?strip=info&#038;w=900&#038;ssl=1 900w,https:\/\/i1.wp.com\/www.cisa-arica.cl\/wp1\/wp-content\/uploads\/2023\/04\/WhatsApp-Image-2023-04-04-at-08.22.13-600x400.jpeg?strip=info&#038;w=1200&#038;ssl=1 1200w,https:\/\/i1.wp.com\/www.cisa-arica.cl\/wp1\/wp-content\/uploads\/2023\/04\/WhatsApp-Image-2023-04-04-at-08.22.13-600x400.jpeg?strip=info&#038;w=1500&#038;ssl=1 1500w,https:\/\/i1.wp.com\/www.cisa-arica.cl\/wp1\/wp-content\/uploads\/2023\/04\/WhatsApp-Image-2023-04-04-at-08.22.13-600x400.jpeg?strip=info&#038;w=1800&#038;ssl=1 1800w,https:\/\/i1.wp.com\/www.cisa-arica.cl\/wp1\/wp-content\/uploads\/2023\/04\/WhatsApp-Image-2023-04-04-at-08.22.13-600x400.jpeg?strip=info&#038;w=2000&#038;ssl=1 2000w\" alt=\"\" data-height=\"1366\" data-id=\"19866\" data-link=\"https:\/\/www.cisa-arica.cl\/wp1\/2023\/04\/03\/domingo-de-ramos-en-el-colegio\/whatsapp-image-2023-04-04-at-08-22-13\/\" data-url=\"https:\/\/www.cisa-arica.cl\/wp1\/wp-content\/uploads\/2023\/04\/WhatsApp-Image-2023-04-04-at-08.22.13-600x400.jpeg\" data-width=\"2048\" src=\"https:\/\/i1.wp.com\/www.cisa-arica.cl\/wp1\/wp-content\/uploads\/2023\/04\/WhatsApp-Image-2023-04-04-at-08.22.13-600x400.jpeg?ssl=1\" data-amp-layout=\"responsive\"\/><\/figure><\/div><div class=\"tiled-gallery__col\" style=\"flex-basis:66.75334%\"><figure class=\"tiled-gallery__item\"><img decoding=\"async\" data-attachment-id=\"19867\" data-permalink=\"https:\/\/www.cisa-arica.cl\/wp1\/2023\/04\/03\/domingo-de-ramos-en-el-colegio\/whatsapp-image-2023-04-04-at-08-22-12\/\" data-orig-file=\"https:\/\/www.cisa-arica.cl\/wp1\/wp-content\/uploads\/2023\/04\/WhatsApp-Image-2023-04-04-at-08.22.12.jpeg\" data-orig-size=\"2048,1366\" data-comments-opened=\"0\" data-image-meta=\"{&quot;aperture&quot;:&quot;0&quot;,&quot;credit&quot;:&quot;&quot;,&quot;camera&quot;:&quot;&quot;,&quot;caption&quot;:&quot;&quot;,&quot;created_timestamp&quot;:&quot;0&quot;,&quot;copyright&quot;:&quot;&quot;,&quot;focal_length&quot;:&quot;0&quot;,&quot;iso&quot;:&quot;0&quot;,&quot;shutter_speed&quot;:&quot;0&quot;,&quot;title&quot;:&quot;&quot;,&quot;orientation&quot;:&quot;0&quot;}\" data-image-title=\"WhatsApp-Image-2023-04-04-at-08.22.12\" data-image-description=\"\" data-image-caption=\"\" data-large-file=\"https:\/\/www.cisa-arica.cl\/wp1\/wp-content\/uploads\/2023\/04\/WhatsApp-Image-2023-04-04-at-08.22.12-600x400.jpeg\" data-attachment-id=\"19867\" data-permalink=\"https:\/\/www.cisa-arica.cl\/wp1\/2023\/04\/03\/domingo-de-ramos-en-el-colegio\/whatsapp-image-2023-04-04-at-08-22-12\/\" data-orig-file=\"https:\/\/www.cisa-arica.cl\/wp1\/wp-content\/uploads\/2023\/04\/WhatsApp-Image-2023-04-04-at-08.22.12.jpeg\" data-orig-size=\"2048,1366\" data-comments-opened=\"0\" data-image-meta=\"{&quot;aperture&quot;:&quot;0&quot;,&quot;credit&quot;:&quot;&quot;,&quot;camera&quot;:&quot;&quot;,&quot;caption&quot;:&quot;&quot;,&quot;created_timestamp&quot;:&quot;0&quot;,&quot;copyright&quot;:&quot;&quot;,&quot;focal_length&quot;:&quot;0&quot;,&quot;iso&quot;:&quot;0&quot;,&quot;shutter_speed&quot;:&quot;0&quot;,&quot;title&quot;:&quot;&quot;,&quot;orientation&quot;:&quot;0&quot;}\" data-image-title=\"WhatsApp-Image-2023-04-04-at-08.22.12\" data-image-description=\"\" data-image-caption=\"\" data-large-file=\"https:\/\/www.cisa-arica.cl\/wp1\/wp-content\/uploads\/2023\/04\/WhatsApp-Image-2023-04-04-at-08.22.12-600x400.jpeg\" role=\"button\" tabindex=\"0\" aria-label=\"Abrir la imagen 66 de 75 en pantalla completa\"srcset=\"https:\/\/i1.wp.com\/www.cisa-arica.cl\/wp1\/wp-content\/uploads\/2023\/04\/WhatsApp-Image-2023-04-04-at-08.22.12-600x400.jpeg?strip=info&#038;w=600&#038;ssl=1 600w,https:\/\/i1.wp.com\/www.cisa-arica.cl\/wp1\/wp-content\/uploads\/2023\/04\/WhatsApp-Image-2023-04-04-at-08.22.12-600x400.jpeg?strip=info&#038;w=900&#038;ssl=1 900w,https:\/\/i1.wp.com\/www.cisa-arica.cl\/wp1\/wp-content\/uploads\/2023\/04\/WhatsApp-Image-2023-04-04-at-08.22.12-600x400.jpeg?strip=info&#038;w=1200&#038;ssl=1 1200w,https:\/\/i1.wp.com\/www.cisa-arica.cl\/wp1\/wp-content\/uploads\/2023\/04\/WhatsApp-Image-2023-04-04-at-08.22.12-600x400.jpeg?strip=info&#038;w=1500&#038;ssl=1 1500w,https:\/\/i1.wp.com\/www.cisa-arica.cl\/wp1\/wp-content\/uploads\/2023\/04\/WhatsApp-Image-2023-04-04-at-08.22.12-600x400.jpeg?strip=info&#038;w=1800&#038;ssl=1 1800w,https:\/\/i1.wp.com\/www.cisa-arica.cl\/wp1\/wp-content\/uploads\/2023\/04\/WhatsApp-Image-2023-04-04-at-08.22.12-600x400.jpeg?strip=info&#038;w=2000&#038;ssl=1 2000w\" alt=\"\" data-height=\"1366\" data-id=\"19867\" data-link=\"https:\/\/www.cisa-arica.cl\/wp1\/2023\/04\/03\/domingo-de-ramos-en-el-colegio\/whatsapp-image-2023-04-04-at-08-22-12\/\" data-url=\"https:\/\/www.cisa-arica.cl\/wp1\/wp-content\/uploads\/2023\/04\/WhatsApp-Image-2023-04-04-at-08.22.12-600x400.jpeg\" data-width=\"2048\" src=\"https:\/\/i1.wp.com\/www.cisa-arica.cl\/wp1\/wp-content\/uploads\/2023\/04\/WhatsApp-Image-2023-04-04-at-08.22.12-600x400.jpeg?ssl=1\" data-amp-layout=\"responsive\"\/><\/figure><\/div><\/div><div class=\"tiled-gallery__row\"><div class=\"tiled-gallery__col\" style=\"flex-basis:42.67404%\"><figure class=\"tiled-gallery__item\"><img decoding=\"async\" data-attachment-id=\"19868\" data-permalink=\"https:\/\/www.cisa-arica.cl\/wp1\/2023\/04\/03\/domingo-de-ramos-en-el-colegio\/whatsapp-image-2023-04-04-at-08-22-121\/\" data-orig-file=\"https:\/\/www.cisa-arica.cl\/wp1\/wp-content\/uploads\/2023\/04\/WhatsApp-Image-2023-04-04-at-08.22.121.jpeg\" data-orig-size=\"1600,1067\" data-comments-opened=\"0\" data-image-meta=\"{&quot;aperture&quot;:&quot;0&quot;,&quot;credit&quot;:&quot;&quot;,&quot;camera&quot;:&quot;&quot;,&quot;caption&quot;:&quot;&quot;,&quot;created_timestamp&quot;:&quot;0&quot;,&quot;copyright&quot;:&quot;&quot;,&quot;focal_length&quot;:&quot;0&quot;,&quot;iso&quot;:&quot;0&quot;,&quot;shutter_speed&quot;:&quot;0&quot;,&quot;title&quot;:&quot;&quot;,&quot;orientation&quot;:&quot;0&quot;}\" data-image-title=\"WhatsApp-Image-2023-04-04-at-08.22.121\" data-image-description=\"\" data-image-caption=\"\" data-large-file=\"https:\/\/www.cisa-arica.cl\/wp1\/wp-content\/uploads\/2023\/04\/WhatsApp-Image-2023-04-04-at-08.22.121-600x400.jpeg\" data-attachment-id=\"19868\" data-permalink=\"https:\/\/www.cisa-arica.cl\/wp1\/2023\/04\/03\/domingo-de-ramos-en-el-colegio\/whatsapp-image-2023-04-04-at-08-22-121\/\" data-orig-file=\"https:\/\/www.cisa-arica.cl\/wp1\/wp-content\/uploads\/2023\/04\/WhatsApp-Image-2023-04-04-at-08.22.121.jpeg\" data-orig-size=\"1600,1067\" data-comments-opened=\"0\" data-image-meta=\"{&quot;aperture&quot;:&quot;0&quot;,&quot;credit&quot;:&quot;&quot;,&quot;camera&quot;:&quot;&quot;,&quot;caption&quot;:&quot;&quot;,&quot;created_timestamp&quot;:&quot;0&quot;,&quot;copyright&quot;:&quot;&quot;,&quot;focal_length&quot;:&quot;0&quot;,&quot;iso&quot;:&quot;0&quot;,&quot;shutter_speed&quot;:&quot;0&quot;,&quot;title&quot;:&quot;&quot;,&quot;orientation&quot;:&quot;0&quot;}\" data-image-title=\"WhatsApp-Image-2023-04-04-at-08.22.121\" data-image-description=\"\" data-image-caption=\"\" data-large-file=\"https:\/\/www.cisa-arica.cl\/wp1\/wp-content\/uploads\/2023\/04\/WhatsApp-Image-2023-04-04-at-08.22.121-600x400.jpeg\" role=\"button\" tabindex=\"0\" aria-label=\"Abrir la imagen 67 de 75 en pantalla completa\"srcset=\"https:\/\/i1.wp.com\/www.cisa-arica.cl\/wp1\/wp-content\/uploads\/2023\/04\/WhatsApp-Image-2023-04-04-at-08.22.121-600x400.jpeg?strip=info&#038;w=600&#038;ssl=1 600w,https:\/\/i1.wp.com\/www.cisa-arica.cl\/wp1\/wp-content\/uploads\/2023\/04\/WhatsApp-Image-2023-04-04-at-08.22.121-600x400.jpeg?strip=info&#038;w=900&#038;ssl=1 900w,https:\/\/i1.wp.com\/www.cisa-arica.cl\/wp1\/wp-content\/uploads\/2023\/04\/WhatsApp-Image-2023-04-04-at-08.22.121-600x400.jpeg?strip=info&#038;w=1200&#038;ssl=1 1200w,https:\/\/i1.wp.com\/www.cisa-arica.cl\/wp1\/wp-content\/uploads\/2023\/04\/WhatsApp-Image-2023-04-04-at-08.22.121-600x400.jpeg?strip=info&#038;w=1500&#038;ssl=1 1500w,https:\/\/i1.wp.com\/www.cisa-arica.cl\/wp1\/wp-content\/uploads\/2023\/04\/WhatsApp-Image-2023-04-04-at-08.22.121-600x400.jpeg?strip=info&#038;w=1600&#038;ssl=1 1600w\" alt=\"\" data-height=\"1067\" data-id=\"19868\" data-link=\"https:\/\/www.cisa-arica.cl\/wp1\/2023\/04\/03\/domingo-de-ramos-en-el-colegio\/whatsapp-image-2023-04-04-at-08-22-121\/\" data-url=\"https:\/\/www.cisa-arica.cl\/wp1\/wp-content\/uploads\/2023\/04\/WhatsApp-Image-2023-04-04-at-08.22.121-600x400.jpeg\" data-width=\"1600\" src=\"https:\/\/i1.wp.com\/www.cisa-arica.cl\/wp1\/wp-content\/uploads\/2023\/04\/WhatsApp-Image-2023-04-04-at-08.22.121-600x400.jpeg?ssl=1\" data-amp-layout=\"responsive\"\/><\/figure><figure class=\"tiled-gallery__item\"><img decoding=\"async\" data-attachment-id=\"19869\" data-permalink=\"https:\/\/www.cisa-arica.cl\/wp1\/2023\/04\/03\/domingo-de-ramos-en-el-colegio\/whatsapp-image-2023-04-04-at-08-22-11\/\" data-orig-file=\"https:\/\/www.cisa-arica.cl\/wp1\/wp-content\/uploads\/2023\/04\/WhatsApp-Image-2023-04-04-at-08.22.11.jpeg\" data-orig-size=\"1600,1067\" data-comments-opened=\"0\" data-image-meta=\"{&quot;aperture&quot;:&quot;0&quot;,&quot;credit&quot;:&quot;&quot;,&quot;camera&quot;:&quot;&quot;,&quot;caption&quot;:&quot;&quot;,&quot;created_timestamp&quot;:&quot;0&quot;,&quot;copyright&quot;:&quot;&quot;,&quot;focal_length&quot;:&quot;0&quot;,&quot;iso&quot;:&quot;0&quot;,&quot;shutter_speed&quot;:&quot;0&quot;,&quot;title&quot;:&quot;&quot;,&quot;orientation&quot;:&quot;0&quot;}\" data-image-title=\"WhatsApp-Image-2023-04-04-at-08.22.11\" data-image-description=\"\" data-image-caption=\"\" data-large-file=\"https:\/\/www.cisa-arica.cl\/wp1\/wp-content\/uploads\/2023\/04\/WhatsApp-Image-2023-04-04-at-08.22.11-600x400.jpeg\" data-attachment-id=\"19869\" data-permalink=\"https:\/\/www.cisa-arica.cl\/wp1\/2023\/04\/03\/domingo-de-ramos-en-el-colegio\/whatsapp-image-2023-04-04-at-08-22-11\/\" data-orig-file=\"https:\/\/www.cisa-arica.cl\/wp1\/wp-content\/uploads\/2023\/04\/WhatsApp-Image-2023-04-04-at-08.22.11.jpeg\" data-orig-size=\"1600,1067\" data-comments-opened=\"0\" data-image-meta=\"{&quot;aperture&quot;:&quot;0&quot;,&quot;credit&quot;:&quot;&quot;,&quot;camera&quot;:&quot;&quot;,&quot;caption&quot;:&quot;&quot;,&quot;created_timestamp&quot;:&quot;0&quot;,&quot;copyright&quot;:&quot;&quot;,&quot;focal_length&quot;:&quot;0&quot;,&quot;iso&quot;:&quot;0&quot;,&quot;shutter_speed&quot;:&quot;0&quot;,&quot;title&quot;:&quot;&quot;,&quot;orientation&quot;:&quot;0&quot;}\" data-image-title=\"WhatsApp-Image-2023-04-04-at-08.22.11\" data-image-description=\"\" data-image-caption=\"\" data-large-file=\"https:\/\/www.cisa-arica.cl\/wp1\/wp-content\/uploads\/2023\/04\/WhatsApp-Image-2023-04-04-at-08.22.11-600x400.jpeg\" role=\"button\" tabindex=\"0\" aria-label=\"Abrir la imagen 68 de 75 en pantalla completa\"srcset=\"https:\/\/i2.wp.com\/www.cisa-arica.cl\/wp1\/wp-content\/uploads\/2023\/04\/WhatsApp-Image-2023-04-04-at-08.22.11-600x400.jpeg?strip=info&#038;w=600&#038;ssl=1 600w,https:\/\/i2.wp.com\/www.cisa-arica.cl\/wp1\/wp-content\/uploads\/2023\/04\/WhatsApp-Image-2023-04-04-at-08.22.11-600x400.jpeg?strip=info&#038;w=900&#038;ssl=1 900w,https:\/\/i2.wp.com\/www.cisa-arica.cl\/wp1\/wp-content\/uploads\/2023\/04\/WhatsApp-Image-2023-04-04-at-08.22.11-600x400.jpeg?strip=info&#038;w=1200&#038;ssl=1 1200w,https:\/\/i2.wp.com\/www.cisa-arica.cl\/wp1\/wp-content\/uploads\/2023\/04\/WhatsApp-Image-2023-04-04-at-08.22.11-600x400.jpeg?strip=info&#038;w=1500&#038;ssl=1 1500w,https:\/\/i2.wp.com\/www.cisa-arica.cl\/wp1\/wp-content\/uploads\/2023\/04\/WhatsApp-Image-2023-04-04-at-08.22.11-600x400.jpeg?strip=info&#038;w=1600&#038;ssl=1 1600w\" alt=\"\" data-height=\"1067\" data-id=\"19869\" data-link=\"https:\/\/www.cisa-arica.cl\/wp1\/2023\/04\/03\/domingo-de-ramos-en-el-colegio\/whatsapp-image-2023-04-04-at-08-22-11\/\" data-url=\"https:\/\/www.cisa-arica.cl\/wp1\/wp-content\/uploads\/2023\/04\/WhatsApp-Image-2023-04-04-at-08.22.11-600x400.jpeg\" data-width=\"1600\" src=\"https:\/\/i2.wp.com\/www.cisa-arica.cl\/wp1\/wp-content\/uploads\/2023\/04\/WhatsApp-Image-2023-04-04-at-08.22.11-600x400.jpeg?ssl=1\" data-amp-layout=\"responsive\"\/><\/figure><figure class=\"tiled-gallery__item\"><img decoding=\"async\" data-attachment-id=\"19870\" data-permalink=\"https:\/\/www.cisa-arica.cl\/wp1\/2023\/04\/03\/domingo-de-ramos-en-el-colegio\/whatsapp-image-2023-04-04-at-08-22-10\/\" data-orig-file=\"https:\/\/www.cisa-arica.cl\/wp1\/wp-content\/uploads\/2023\/04\/WhatsApp-Image-2023-04-04-at-08.22.10.jpeg\" data-orig-size=\"1600,1067\" data-comments-opened=\"0\" data-image-meta=\"{&quot;aperture&quot;:&quot;0&quot;,&quot;credit&quot;:&quot;&quot;,&quot;camera&quot;:&quot;&quot;,&quot;caption&quot;:&quot;&quot;,&quot;created_timestamp&quot;:&quot;0&quot;,&quot;copyright&quot;:&quot;&quot;,&quot;focal_length&quot;:&quot;0&quot;,&quot;iso&quot;:&quot;0&quot;,&quot;shutter_speed&quot;:&quot;0&quot;,&quot;title&quot;:&quot;&quot;,&quot;orientation&quot;:&quot;0&quot;}\" data-image-title=\"WhatsApp-Image-2023-04-04-at-08.22.10\" data-image-description=\"\" data-image-caption=\"\" data-large-file=\"https:\/\/www.cisa-arica.cl\/wp1\/wp-content\/uploads\/2023\/04\/WhatsApp-Image-2023-04-04-at-08.22.10-600x400.jpeg\" data-attachment-id=\"19870\" data-permalink=\"https:\/\/www.cisa-arica.cl\/wp1\/2023\/04\/03\/domingo-de-ramos-en-el-colegio\/whatsapp-image-2023-04-04-at-08-22-10\/\" data-orig-file=\"https:\/\/www.cisa-arica.cl\/wp1\/wp-content\/uploads\/2023\/04\/WhatsApp-Image-2023-04-04-at-08.22.10.jpeg\" data-orig-size=\"1600,1067\" data-comments-opened=\"0\" data-image-meta=\"{&quot;aperture&quot;:&quot;0&quot;,&quot;credit&quot;:&quot;&quot;,&quot;camera&quot;:&quot;&quot;,&quot;caption&quot;:&quot;&quot;,&quot;created_timestamp&quot;:&quot;0&quot;,&quot;copyright&quot;:&quot;&quot;,&quot;focal_length&quot;:&quot;0&quot;,&quot;iso&quot;:&quot;0&quot;,&quot;shutter_speed&quot;:&quot;0&quot;,&quot;title&quot;:&quot;&quot;,&quot;orientation&quot;:&quot;0&quot;}\" data-image-title=\"WhatsApp-Image-2023-04-04-at-08.22.10\" data-image-description=\"\" data-image-caption=\"\" data-large-file=\"https:\/\/www.cisa-arica.cl\/wp1\/wp-content\/uploads\/2023\/04\/WhatsApp-Image-2023-04-04-at-08.22.10-600x400.jpeg\" role=\"button\" tabindex=\"0\" aria-label=\"Abrir la imagen 69 de 75 en pantalla completa\"srcset=\"https:\/\/i1.wp.com\/www.cisa-arica.cl\/wp1\/wp-content\/uploads\/2023\/04\/WhatsApp-Image-2023-04-04-at-08.22.10-600x400.jpeg?strip=info&#038;w=600&#038;ssl=1 600w,https:\/\/i1.wp.com\/www.cisa-arica.cl\/wp1\/wp-content\/uploads\/2023\/04\/WhatsApp-Image-2023-04-04-at-08.22.10-600x400.jpeg?strip=info&#038;w=900&#038;ssl=1 900w,https:\/\/i1.wp.com\/www.cisa-arica.cl\/wp1\/wp-content\/uploads\/2023\/04\/WhatsApp-Image-2023-04-04-at-08.22.10-600x400.jpeg?strip=info&#038;w=1200&#038;ssl=1 1200w,https:\/\/i1.wp.com\/www.cisa-arica.cl\/wp1\/wp-content\/uploads\/2023\/04\/WhatsApp-Image-2023-04-04-at-08.22.10-600x400.jpeg?strip=info&#038;w=1500&#038;ssl=1 1500w,https:\/\/i1.wp.com\/www.cisa-arica.cl\/wp1\/wp-content\/uploads\/2023\/04\/WhatsApp-Image-2023-04-04-at-08.22.10-600x400.jpeg?strip=info&#038;w=1600&#038;ssl=1 1600w\" alt=\"\" data-height=\"1067\" data-id=\"19870\" data-link=\"https:\/\/www.cisa-arica.cl\/wp1\/2023\/04\/03\/domingo-de-ramos-en-el-colegio\/whatsapp-image-2023-04-04-at-08-22-10\/\" data-url=\"https:\/\/www.cisa-arica.cl\/wp1\/wp-content\/uploads\/2023\/04\/WhatsApp-Image-2023-04-04-at-08.22.10-600x400.jpeg\" data-width=\"1600\" src=\"https:\/\/i1.wp.com\/www.cisa-arica.cl\/wp1\/wp-content\/uploads\/2023\/04\/WhatsApp-Image-2023-04-04-at-08.22.10-600x400.jpeg?ssl=1\" data-amp-layout=\"responsive\"\/><\/figure><\/div><div class=\"tiled-gallery__col\" style=\"flex-basis:57.32596%\"><figure class=\"tiled-gallery__item\"><img decoding=\"async\" data-attachment-id=\"19871\" data-permalink=\"https:\/\/www.cisa-arica.cl\/wp1\/2023\/04\/03\/domingo-de-ramos-en-el-colegio\/whatsapp-image-2023-04-04-at-08-22-09\/\" data-orig-file=\"https:\/\/www.cisa-arica.cl\/wp1\/wp-content\/uploads\/2023\/04\/WhatsApp-Image-2023-04-04-at-08.22.09.jpeg\" data-orig-size=\"1366,2048\" data-comments-opened=\"0\" data-image-meta=\"{&quot;aperture&quot;:&quot;0&quot;,&quot;credit&quot;:&quot;&quot;,&quot;camera&quot;:&quot;&quot;,&quot;caption&quot;:&quot;&quot;,&quot;created_timestamp&quot;:&quot;0&quot;,&quot;copyright&quot;:&quot;&quot;,&quot;focal_length&quot;:&quot;0&quot;,&quot;iso&quot;:&quot;0&quot;,&quot;shutter_speed&quot;:&quot;0&quot;,&quot;title&quot;:&quot;&quot;,&quot;orientation&quot;:&quot;0&quot;}\" data-image-title=\"WhatsApp-Image-2023-04-04-at-08.22.09\" data-image-description=\"\" data-image-caption=\"\" data-large-file=\"https:\/\/www.cisa-arica.cl\/wp1\/wp-content\/uploads\/2023\/04\/WhatsApp-Image-2023-04-04-at-08.22.09-400x600.jpeg\" data-attachment-id=\"19871\" data-permalink=\"https:\/\/www.cisa-arica.cl\/wp1\/2023\/04\/03\/domingo-de-ramos-en-el-colegio\/whatsapp-image-2023-04-04-at-08-22-09\/\" data-orig-file=\"https:\/\/www.cisa-arica.cl\/wp1\/wp-content\/uploads\/2023\/04\/WhatsApp-Image-2023-04-04-at-08.22.09.jpeg\" data-orig-size=\"1366,2048\" data-comments-opened=\"0\" data-image-meta=\"{&quot;aperture&quot;:&quot;0&quot;,&quot;credit&quot;:&quot;&quot;,&quot;camera&quot;:&quot;&quot;,&quot;caption&quot;:&quot;&quot;,&quot;created_timestamp&quot;:&quot;0&quot;,&quot;copyright&quot;:&quot;&quot;,&quot;focal_length&quot;:&quot;0&quot;,&quot;iso&quot;:&quot;0&quot;,&quot;shutter_speed&quot;:&quot;0&quot;,&quot;title&quot;:&quot;&quot;,&quot;orientation&quot;:&quot;0&quot;}\" data-image-title=\"WhatsApp-Image-2023-04-04-at-08.22.09\" data-image-description=\"\" data-image-caption=\"\" data-large-file=\"https:\/\/www.cisa-arica.cl\/wp1\/wp-content\/uploads\/2023\/04\/WhatsApp-Image-2023-04-04-at-08.22.09-400x600.jpeg\" role=\"button\" tabindex=\"0\" aria-label=\"Abrir la imagen 70 de 75 en pantalla completa\"srcset=\"https:\/\/i1.wp.com\/www.cisa-arica.cl\/wp1\/wp-content\/uploads\/2023\/04\/WhatsApp-Image-2023-04-04-at-08.22.09-400x600.jpeg?strip=info&#038;w=600&#038;ssl=1 600w,https:\/\/i1.wp.com\/www.cisa-arica.cl\/wp1\/wp-content\/uploads\/2023\/04\/WhatsApp-Image-2023-04-04-at-08.22.09-400x600.jpeg?strip=info&#038;w=900&#038;ssl=1 900w,https:\/\/i1.wp.com\/www.cisa-arica.cl\/wp1\/wp-content\/uploads\/2023\/04\/WhatsApp-Image-2023-04-04-at-08.22.09-400x600.jpeg?strip=info&#038;w=1200&#038;ssl=1 1200w,https:\/\/i1.wp.com\/www.cisa-arica.cl\/wp1\/wp-content\/uploads\/2023\/04\/WhatsApp-Image-2023-04-04-at-08.22.09-400x600.jpeg?strip=info&#038;w=1366&#038;ssl=1 1366w\" alt=\"\" data-height=\"2048\" data-id=\"19871\" data-link=\"https:\/\/www.cisa-arica.cl\/wp1\/2023\/04\/03\/domingo-de-ramos-en-el-colegio\/whatsapp-image-2023-04-04-at-08-22-09\/\" data-url=\"https:\/\/www.cisa-arica.cl\/wp1\/wp-content\/uploads\/2023\/04\/WhatsApp-Image-2023-04-04-at-08.22.09-400x600.jpeg\" data-width=\"1366\" src=\"https:\/\/i1.wp.com\/www.cisa-arica.cl\/wp1\/wp-content\/uploads\/2023\/04\/WhatsApp-Image-2023-04-04-at-08.22.09-400x600.jpeg?ssl=1\" data-amp-layout=\"responsive\"\/><\/figure><\/div><\/div><div class=\"tiled-gallery__row\"><div class=\"tiled-gallery__col\" style=\"flex-basis:66.75529%\"><figure class=\"tiled-gallery__item\"><img decoding=\"async\" data-attachment-id=\"19872\" data-permalink=\"https:\/\/www.cisa-arica.cl\/wp1\/2023\/04\/03\/domingo-de-ramos-en-el-colegio\/whatsapp-image-2023-04-04-at-08-22-08\/\" data-orig-file=\"https:\/\/www.cisa-arica.cl\/wp1\/wp-content\/uploads\/2023\/04\/WhatsApp-Image-2023-04-04-at-08.22.08.jpeg\" data-orig-size=\"1600,1067\" data-comments-opened=\"0\" data-image-meta=\"{&quot;aperture&quot;:&quot;0&quot;,&quot;credit&quot;:&quot;&quot;,&quot;camera&quot;:&quot;&quot;,&quot;caption&quot;:&quot;&quot;,&quot;created_timestamp&quot;:&quot;0&quot;,&quot;copyright&quot;:&quot;&quot;,&quot;focal_length&quot;:&quot;0&quot;,&quot;iso&quot;:&quot;0&quot;,&quot;shutter_speed&quot;:&quot;0&quot;,&quot;title&quot;:&quot;&quot;,&quot;orientation&quot;:&quot;0&quot;}\" data-image-title=\"WhatsApp-Image-2023-04-04-at-08.22.08\" data-image-description=\"\" data-image-caption=\"\" data-large-file=\"https:\/\/www.cisa-arica.cl\/wp1\/wp-content\/uploads\/2023\/04\/WhatsApp-Image-2023-04-04-at-08.22.08-600x400.jpeg\" data-attachment-id=\"19872\" data-permalink=\"https:\/\/www.cisa-arica.cl\/wp1\/2023\/04\/03\/domingo-de-ramos-en-el-colegio\/whatsapp-image-2023-04-04-at-08-22-08\/\" data-orig-file=\"https:\/\/www.cisa-arica.cl\/wp1\/wp-content\/uploads\/2023\/04\/WhatsApp-Image-2023-04-04-at-08.22.08.jpeg\" data-orig-size=\"1600,1067\" data-comments-opened=\"0\" data-image-meta=\"{&quot;aperture&quot;:&quot;0&quot;,&quot;credit&quot;:&quot;&quot;,&quot;camera&quot;:&quot;&quot;,&quot;caption&quot;:&quot;&quot;,&quot;created_timestamp&quot;:&quot;0&quot;,&quot;copyright&quot;:&quot;&quot;,&quot;focal_length&quot;:&quot;0&quot;,&quot;iso&quot;:&quot;0&quot;,&quot;shutter_speed&quot;:&quot;0&quot;,&quot;title&quot;:&quot;&quot;,&quot;orientation&quot;:&quot;0&quot;}\" data-image-title=\"WhatsApp-Image-2023-04-04-at-08.22.08\" data-image-description=\"\" data-image-caption=\"\" data-large-file=\"https:\/\/www.cisa-arica.cl\/wp1\/wp-content\/uploads\/2023\/04\/WhatsApp-Image-2023-04-04-at-08.22.08-600x400.jpeg\" role=\"button\" tabindex=\"0\" aria-label=\"Abrir la imagen 71 de 75 en pantalla completa\"srcset=\"https:\/\/i2.wp.com\/www.cisa-arica.cl\/wp1\/wp-content\/uploads\/2023\/04\/WhatsApp-Image-2023-04-04-at-08.22.08-600x400.jpeg?strip=info&#038;w=600&#038;ssl=1 600w,https:\/\/i2.wp.com\/www.cisa-arica.cl\/wp1\/wp-content\/uploads\/2023\/04\/WhatsApp-Image-2023-04-04-at-08.22.08-600x400.jpeg?strip=info&#038;w=900&#038;ssl=1 900w,https:\/\/i2.wp.com\/www.cisa-arica.cl\/wp1\/wp-content\/uploads\/2023\/04\/WhatsApp-Image-2023-04-04-at-08.22.08-600x400.jpeg?strip=info&#038;w=1200&#038;ssl=1 1200w,https:\/\/i2.wp.com\/www.cisa-arica.cl\/wp1\/wp-content\/uploads\/2023\/04\/WhatsApp-Image-2023-04-04-at-08.22.08-600x400.jpeg?strip=info&#038;w=1500&#038;ssl=1 1500w,https:\/\/i2.wp.com\/www.cisa-arica.cl\/wp1\/wp-content\/uploads\/2023\/04\/WhatsApp-Image-2023-04-04-at-08.22.08-600x400.jpeg?strip=info&#038;w=1600&#038;ssl=1 1600w\" alt=\"\" data-height=\"1067\" data-id=\"19872\" data-link=\"https:\/\/www.cisa-arica.cl\/wp1\/2023\/04\/03\/domingo-de-ramos-en-el-colegio\/whatsapp-image-2023-04-04-at-08-22-08\/\" data-url=\"https:\/\/www.cisa-arica.cl\/wp1\/wp-content\/uploads\/2023\/04\/WhatsApp-Image-2023-04-04-at-08.22.08-600x400.jpeg\" data-width=\"1600\" src=\"https:\/\/i2.wp.com\/www.cisa-arica.cl\/wp1\/wp-content\/uploads\/2023\/04\/WhatsApp-Image-2023-04-04-at-08.22.08-600x400.jpeg?ssl=1\" data-amp-layout=\"responsive\"\/><\/figure><\/div><div class=\"tiled-gallery__col\" style=\"flex-basis:33.24471%\"><figure class=\"tiled-gallery__item\"><img decoding=\"async\" data-attachment-id=\"19873\" data-permalink=\"https:\/\/www.cisa-arica.cl\/wp1\/2023\/04\/03\/domingo-de-ramos-en-el-colegio\/whatsapp-image-2023-04-04-at-08-22-081\/\" data-orig-file=\"https:\/\/www.cisa-arica.cl\/wp1\/wp-content\/uploads\/2023\/04\/WhatsApp-Image-2023-04-04-at-08.22.081.jpeg\" data-orig-size=\"1600,1067\" data-comments-opened=\"0\" data-image-meta=\"{&quot;aperture&quot;:&quot;0&quot;,&quot;credit&quot;:&quot;&quot;,&quot;camera&quot;:&quot;&quot;,&quot;caption&quot;:&quot;&quot;,&quot;created_timestamp&quot;:&quot;0&quot;,&quot;copyright&quot;:&quot;&quot;,&quot;focal_length&quot;:&quot;0&quot;,&quot;iso&quot;:&quot;0&quot;,&quot;shutter_speed&quot;:&quot;0&quot;,&quot;title&quot;:&quot;&quot;,&quot;orientation&quot;:&quot;0&quot;}\" data-image-title=\"WhatsApp-Image-2023-04-04-at-08.22.081\" data-image-description=\"\" data-image-caption=\"\" data-large-file=\"https:\/\/www.cisa-arica.cl\/wp1\/wp-content\/uploads\/2023\/04\/WhatsApp-Image-2023-04-04-at-08.22.081-600x400.jpeg\" data-attachment-id=\"19873\" data-permalink=\"https:\/\/www.cisa-arica.cl\/wp1\/2023\/04\/03\/domingo-de-ramos-en-el-colegio\/whatsapp-image-2023-04-04-at-08-22-081\/\" data-orig-file=\"https:\/\/www.cisa-arica.cl\/wp1\/wp-content\/uploads\/2023\/04\/WhatsApp-Image-2023-04-04-at-08.22.081.jpeg\" data-orig-size=\"1600,1067\" data-comments-opened=\"0\" data-image-meta=\"{&quot;aperture&quot;:&quot;0&quot;,&quot;credit&quot;:&quot;&quot;,&quot;camera&quot;:&quot;&quot;,&quot;caption&quot;:&quot;&quot;,&quot;created_timestamp&quot;:&quot;0&quot;,&quot;copyright&quot;:&quot;&quot;,&quot;focal_length&quot;:&quot;0&quot;,&quot;iso&quot;:&quot;0&quot;,&quot;shutter_speed&quot;:&quot;0&quot;,&quot;title&quot;:&quot;&quot;,&quot;orientation&quot;:&quot;0&quot;}\" data-image-title=\"WhatsApp-Image-2023-04-04-at-08.22.081\" data-image-description=\"\" data-image-caption=\"\" data-large-file=\"https:\/\/www.cisa-arica.cl\/wp1\/wp-content\/uploads\/2023\/04\/WhatsApp-Image-2023-04-04-at-08.22.081-600x400.jpeg\" role=\"button\" tabindex=\"0\" aria-label=\"Abrir la imagen 72 de 75 en pantalla completa\"srcset=\"https:\/\/i1.wp.com\/www.cisa-arica.cl\/wp1\/wp-content\/uploads\/2023\/04\/WhatsApp-Image-2023-04-04-at-08.22.081-600x400.jpeg?strip=info&#038;w=600&#038;ssl=1 600w,https:\/\/i1.wp.com\/www.cisa-arica.cl\/wp1\/wp-content\/uploads\/2023\/04\/WhatsApp-Image-2023-04-04-at-08.22.081-600x400.jpeg?strip=info&#038;w=900&#038;ssl=1 900w,https:\/\/i1.wp.com\/www.cisa-arica.cl\/wp1\/wp-content\/uploads\/2023\/04\/WhatsApp-Image-2023-04-04-at-08.22.081-600x400.jpeg?strip=info&#038;w=1200&#038;ssl=1 1200w,https:\/\/i1.wp.com\/www.cisa-arica.cl\/wp1\/wp-content\/uploads\/2023\/04\/WhatsApp-Image-2023-04-04-at-08.22.081-600x400.jpeg?strip=info&#038;w=1500&#038;ssl=1 1500w,https:\/\/i1.wp.com\/www.cisa-arica.cl\/wp1\/wp-content\/uploads\/2023\/04\/WhatsApp-Image-2023-04-04-at-08.22.081-600x400.jpeg?strip=info&#038;w=1600&#038;ssl=1 1600w\" alt=\"\" data-height=\"1067\" data-id=\"19873\" data-link=\"https:\/\/www.cisa-arica.cl\/wp1\/2023\/04\/03\/domingo-de-ramos-en-el-colegio\/whatsapp-image-2023-04-04-at-08-22-081\/\" data-url=\"https:\/\/www.cisa-arica.cl\/wp1\/wp-content\/uploads\/2023\/04\/WhatsApp-Image-2023-04-04-at-08.22.081-600x400.jpeg\" data-width=\"1600\" src=\"https:\/\/i1.wp.com\/www.cisa-arica.cl\/wp1\/wp-content\/uploads\/2023\/04\/WhatsApp-Image-2023-04-04-at-08.22.081-600x400.jpeg?ssl=1\" data-amp-layout=\"responsive\"\/><\/figure><figure class=\"tiled-gallery__item\"><img decoding=\"async\" data-attachment-id=\"19874\" data-permalink=\"https:\/\/www.cisa-arica.cl\/wp1\/2023\/04\/03\/domingo-de-ramos-en-el-colegio\/whatsapp-image-2023-04-04-at-08-22-07\/\" data-orig-file=\"https:\/\/www.cisa-arica.cl\/wp1\/wp-content\/uploads\/2023\/04\/WhatsApp-Image-2023-04-04-at-08.22.07.jpeg\" data-orig-size=\"1600,1067\" data-comments-opened=\"0\" data-image-meta=\"{&quot;aperture&quot;:&quot;0&quot;,&quot;credit&quot;:&quot;&quot;,&quot;camera&quot;:&quot;&quot;,&quot;caption&quot;:&quot;&quot;,&quot;created_timestamp&quot;:&quot;0&quot;,&quot;copyright&quot;:&quot;&quot;,&quot;focal_length&quot;:&quot;0&quot;,&quot;iso&quot;:&quot;0&quot;,&quot;shutter_speed&quot;:&quot;0&quot;,&quot;title&quot;:&quot;&quot;,&quot;orientation&quot;:&quot;0&quot;}\" data-image-title=\"WhatsApp-Image-2023-04-04-at-08.22.07\" data-image-description=\"\" data-image-caption=\"\" data-large-file=\"https:\/\/www.cisa-arica.cl\/wp1\/wp-content\/uploads\/2023\/04\/WhatsApp-Image-2023-04-04-at-08.22.07-600x400.jpeg\" data-attachment-id=\"19874\" data-permalink=\"https:\/\/www.cisa-arica.cl\/wp1\/2023\/04\/03\/domingo-de-ramos-en-el-colegio\/whatsapp-image-2023-04-04-at-08-22-07\/\" data-orig-file=\"https:\/\/www.cisa-arica.cl\/wp1\/wp-content\/uploads\/2023\/04\/WhatsApp-Image-2023-04-04-at-08.22.07.jpeg\" data-orig-size=\"1600,1067\" data-comments-opened=\"0\" data-image-meta=\"{&quot;aperture&quot;:&quot;0&quot;,&quot;credit&quot;:&quot;&quot;,&quot;camera&quot;:&quot;&quot;,&quot;caption&quot;:&quot;&quot;,&quot;created_timestamp&quot;:&quot;0&quot;,&quot;copyright&quot;:&quot;&quot;,&quot;focal_length&quot;:&quot;0&quot;,&quot;iso&quot;:&quot;0&quot;,&quot;shutter_speed&quot;:&quot;0&quot;,&quot;title&quot;:&quot;&quot;,&quot;orientation&quot;:&quot;0&quot;}\" data-image-title=\"WhatsApp-Image-2023-04-04-at-08.22.07\" data-image-description=\"\" data-image-caption=\"\" data-large-file=\"https:\/\/www.cisa-arica.cl\/wp1\/wp-content\/uploads\/2023\/04\/WhatsApp-Image-2023-04-04-at-08.22.07-600x400.jpeg\" role=\"button\" tabindex=\"0\" aria-label=\"Abrir la imagen 73 de 75 en pantalla completa\"srcset=\"https:\/\/i0.wp.com\/www.cisa-arica.cl\/wp1\/wp-content\/uploads\/2023\/04\/WhatsApp-Image-2023-04-04-at-08.22.07-600x400.jpeg?strip=info&#038;w=600&#038;ssl=1 600w,https:\/\/i0.wp.com\/www.cisa-arica.cl\/wp1\/wp-content\/uploads\/2023\/04\/WhatsApp-Image-2023-04-04-at-08.22.07-600x400.jpeg?strip=info&#038;w=900&#038;ssl=1 900w,https:\/\/i0.wp.com\/www.cisa-arica.cl\/wp1\/wp-content\/uploads\/2023\/04\/WhatsApp-Image-2023-04-04-at-08.22.07-600x400.jpeg?strip=info&#038;w=1200&#038;ssl=1 1200w,https:\/\/i0.wp.com\/www.cisa-arica.cl\/wp1\/wp-content\/uploads\/2023\/04\/WhatsApp-Image-2023-04-04-at-08.22.07-600x400.jpeg?strip=info&#038;w=1500&#038;ssl=1 1500w,https:\/\/i0.wp.com\/www.cisa-arica.cl\/wp1\/wp-content\/uploads\/2023\/04\/WhatsApp-Image-2023-04-04-at-08.22.07-600x400.jpeg?strip=info&#038;w=1600&#038;ssl=1 1600w\" alt=\"\" data-height=\"1067\" data-id=\"19874\" data-link=\"https:\/\/www.cisa-arica.cl\/wp1\/2023\/04\/03\/domingo-de-ramos-en-el-colegio\/whatsapp-image-2023-04-04-at-08-22-07\/\" data-url=\"https:\/\/www.cisa-arica.cl\/wp1\/wp-content\/uploads\/2023\/04\/WhatsApp-Image-2023-04-04-at-08.22.07-600x400.jpeg\" data-width=\"1600\" src=\"https:\/\/i0.wp.com\/www.cisa-arica.cl\/wp1\/wp-content\/uploads\/2023\/04\/WhatsApp-Image-2023-04-04-at-08.22.07-600x400.jpeg?ssl=1\" data-amp-layout=\"responsive\"\/><\/figure><\/div><\/div><div class=\"tiled-gallery__row\"><div class=\"tiled-gallery__col\" style=\"flex-basis:37.48226%\"><figure class=\"tiled-gallery__item\"><img decoding=\"async\" data-attachment-id=\"19875\" data-permalink=\"https:\/\/www.cisa-arica.cl\/wp1\/2023\/04\/03\/domingo-de-ramos-en-el-colegio\/whatsapp-image-2023-04-04-at-08-22-06\/\" data-orig-file=\"https:\/\/www.cisa-arica.cl\/wp1\/wp-content\/uploads\/2023\/04\/WhatsApp-Image-2023-04-04-at-08.22.06.jpeg\" data-orig-size=\"1600,1067\" data-comments-opened=\"0\" data-image-meta=\"{&quot;aperture&quot;:&quot;0&quot;,&quot;credit&quot;:&quot;&quot;,&quot;camera&quot;:&quot;&quot;,&quot;caption&quot;:&quot;&quot;,&quot;created_timestamp&quot;:&quot;0&quot;,&quot;copyright&quot;:&quot;&quot;,&quot;focal_length&quot;:&quot;0&quot;,&quot;iso&quot;:&quot;0&quot;,&quot;shutter_speed&quot;:&quot;0&quot;,&quot;title&quot;:&quot;&quot;,&quot;orientation&quot;:&quot;0&quot;}\" data-image-title=\"WhatsApp-Image-2023-04-04-at-08.22.06\" data-image-description=\"\" data-image-caption=\"\" data-large-file=\"https:\/\/www.cisa-arica.cl\/wp1\/wp-content\/uploads\/2023\/04\/WhatsApp-Image-2023-04-04-at-08.22.06-600x400.jpeg\" data-attachment-id=\"19875\" data-permalink=\"https:\/\/www.cisa-arica.cl\/wp1\/2023\/04\/03\/domingo-de-ramos-en-el-colegio\/whatsapp-image-2023-04-04-at-08-22-06\/\" data-orig-file=\"https:\/\/www.cisa-arica.cl\/wp1\/wp-content\/uploads\/2023\/04\/WhatsApp-Image-2023-04-04-at-08.22.06.jpeg\" data-orig-size=\"1600,1067\" data-comments-opened=\"0\" data-image-meta=\"{&quot;aperture&quot;:&quot;0&quot;,&quot;credit&quot;:&quot;&quot;,&quot;camera&quot;:&quot;&quot;,&quot;caption&quot;:&quot;&quot;,&quot;created_timestamp&quot;:&quot;0&quot;,&quot;copyright&quot;:&quot;&quot;,&quot;focal_length&quot;:&quot;0&quot;,&quot;iso&quot;:&quot;0&quot;,&quot;shutter_speed&quot;:&quot;0&quot;,&quot;title&quot;:&quot;&quot;,&quot;orientation&quot;:&quot;0&quot;}\" data-image-title=\"WhatsApp-Image-2023-04-04-at-08.22.06\" data-image-description=\"\" data-image-caption=\"\" data-large-file=\"https:\/\/www.cisa-arica.cl\/wp1\/wp-content\/uploads\/2023\/04\/WhatsApp-Image-2023-04-04-at-08.22.06-600x400.jpeg\" role=\"button\" tabindex=\"0\" aria-label=\"Abrir la imagen 74 de 75 en pantalla completa\"srcset=\"https:\/\/i0.wp.com\/www.cisa-arica.cl\/wp1\/wp-content\/uploads\/2023\/04\/WhatsApp-Image-2023-04-04-at-08.22.06-600x400.jpeg?strip=info&#038;w=600&#038;ssl=1 600w,https:\/\/i0.wp.com\/www.cisa-arica.cl\/wp1\/wp-content\/uploads\/2023\/04\/WhatsApp-Image-2023-04-04-at-08.22.06-600x400.jpeg?strip=info&#038;w=900&#038;ssl=1 900w,https:\/\/i0.wp.com\/www.cisa-arica.cl\/wp1\/wp-content\/uploads\/2023\/04\/WhatsApp-Image-2023-04-04-at-08.22.06-600x400.jpeg?strip=info&#038;w=1200&#038;ssl=1 1200w,https:\/\/i0.wp.com\/www.cisa-arica.cl\/wp1\/wp-content\/uploads\/2023\/04\/WhatsApp-Image-2023-04-04-at-08.22.06-600x400.jpeg?strip=info&#038;w=1500&#038;ssl=1 1500w,https:\/\/i0.wp.com\/www.cisa-arica.cl\/wp1\/wp-content\/uploads\/2023\/04\/WhatsApp-Image-2023-04-04-at-08.22.06-600x400.jpeg?strip=info&#038;w=1600&#038;ssl=1 1600w\" alt=\"\" data-height=\"1067\" data-id=\"19875\" data-link=\"https:\/\/www.cisa-arica.cl\/wp1\/2023\/04\/03\/domingo-de-ramos-en-el-colegio\/whatsapp-image-2023-04-04-at-08-22-06\/\" data-url=\"https:\/\/www.cisa-arica.cl\/wp1\/wp-content\/uploads\/2023\/04\/WhatsApp-Image-2023-04-04-at-08.22.06-600x400.jpeg\" data-width=\"1600\" src=\"https:\/\/i0.wp.com\/www.cisa-arica.cl\/wp1\/wp-content\/uploads\/2023\/04\/WhatsApp-Image-2023-04-04-at-08.22.06-600x400.jpeg?ssl=1\" data-amp-layout=\"responsive\"\/><\/figure><\/div><div class=\"tiled-gallery__col\" style=\"flex-basis:37.48226%\"><figure class=\"tiled-gallery__item\"><img decoding=\"async\" data-attachment-id=\"19876\" data-permalink=\"https:\/\/www.cisa-arica.cl\/wp1\/2023\/04\/03\/domingo-de-ramos-en-el-colegio\/whatsapp-image-2023-04-04-at-08-22-04\/\" data-orig-file=\"https:\/\/www.cisa-arica.cl\/wp1\/wp-content\/uploads\/2023\/04\/WhatsApp-Image-2023-04-04-at-08.22.04.jpeg\" data-orig-size=\"1600,1067\" data-comments-opened=\"0\" data-image-meta=\"{&quot;aperture&quot;:&quot;0&quot;,&quot;credit&quot;:&quot;&quot;,&quot;camera&quot;:&quot;&quot;,&quot;caption&quot;:&quot;&quot;,&quot;created_timestamp&quot;:&quot;0&quot;,&quot;copyright&quot;:&quot;&quot;,&quot;focal_length&quot;:&quot;0&quot;,&quot;iso&quot;:&quot;0&quot;,&quot;shutter_speed&quot;:&quot;0&quot;,&quot;title&quot;:&quot;&quot;,&quot;orientation&quot;:&quot;0&quot;}\" data-image-title=\"WhatsApp-Image-2023-04-04-at-08.22.04\" data-image-description=\"\" data-image-caption=\"\" data-large-file=\"https:\/\/www.cisa-arica.cl\/wp1\/wp-content\/uploads\/2023\/04\/WhatsApp-Image-2023-04-04-at-08.22.04-600x400.jpeg\" data-attachment-id=\"19876\" data-permalink=\"https:\/\/www.cisa-arica.cl\/wp1\/2023\/04\/03\/domingo-de-ramos-en-el-colegio\/whatsapp-image-2023-04-04-at-08-22-04\/\" data-orig-file=\"https:\/\/www.cisa-arica.cl\/wp1\/wp-content\/uploads\/2023\/04\/WhatsApp-Image-2023-04-04-at-08.22.04.jpeg\" data-orig-size=\"1600,1067\" data-comments-opened=\"0\" data-image-meta=\"{&quot;aperture&quot;:&quot;0&quot;,&quot;credit&quot;:&quot;&quot;,&quot;camera&quot;:&quot;&quot;,&quot;caption&quot;:&quot;&quot;,&quot;created_timestamp&quot;:&quot;0&quot;,&quot;copyright&quot;:&quot;&quot;,&quot;focal_length&quot;:&quot;0&quot;,&quot;iso&quot;:&quot;0&quot;,&quot;shutter_speed&quot;:&quot;0&quot;,&quot;title&quot;:&quot;&quot;,&quot;orientation&quot;:&quot;0&quot;}\" data-image-title=\"WhatsApp-Image-2023-04-04-at-08.22.04\" data-image-description=\"\" data-image-caption=\"\" data-large-file=\"https:\/\/www.cisa-arica.cl\/wp1\/wp-content\/uploads\/2023\/04\/WhatsApp-Image-2023-04-04-at-08.22.04-600x400.jpeg\" role=\"button\" tabindex=\"0\" aria-label=\"Abrir la imagen 75 de 75 en pantalla completa\"srcset=\"https:\/\/i1.wp.com\/www.cisa-arica.cl\/wp1\/wp-content\/uploads\/2023\/04\/WhatsApp-Image-2023-04-04-at-08.22.04-600x400.jpeg?strip=info&#038;w=600&#038;ssl=1 600w,https:\/\/i1.wp.com\/www.cisa-arica.cl\/wp1\/wp-content\/uploads\/2023\/04\/WhatsApp-Image-2023-04-04-at-08.22.04-600x400.jpeg?strip=info&#038;w=900&#038;ssl=1 900w,https:\/\/i1.wp.com\/www.cisa-arica.cl\/wp1\/wp-content\/uploads\/2023\/04\/WhatsApp-Image-2023-04-04-at-08.22.04-600x400.jpeg?strip=info&#038;w=1200&#038;ssl=1 1200w,https:\/\/i1.wp.com\/www.cisa-arica.cl\/wp1\/wp-content\/uploads\/2023\/04\/WhatsApp-Image-2023-04-04-at-08.22.04-600x400.jpeg?strip=info&#038;w=1500&#038;ssl=1 1500w,https:\/\/i1.wp.com\/www.cisa-arica.cl\/wp1\/wp-content\/uploads\/2023\/04\/WhatsApp-Image-2023-04-04-at-08.22.04-600x400.jpeg?strip=info&#038;w=1600&#038;ssl=1 1600w\" alt=\"\" data-height=\"1067\" data-id=\"19876\" data-link=\"https:\/\/www.cisa-arica.cl\/wp1\/2023\/04\/03\/domingo-de-ramos-en-el-colegio\/whatsapp-image-2023-04-04-at-08-22-04\/\" data-url=\"https:\/\/www.cisa-arica.cl\/wp1\/wp-content\/uploads\/2023\/04\/WhatsApp-Image-2023-04-04-at-08.22.04-600x400.jpeg\" data-width=\"1600\" src=\"https:\/\/i1.wp.com\/www.cisa-arica.cl\/wp1\/wp-content\/uploads\/2023\/04\/WhatsApp-Image-2023-04-04-at-08.22.04-600x400.jpeg?ssl=1\" data-amp-layout=\"responsive\"\/><\/figure><\/div><div class=\"tiled-gallery__col\" style=\"flex-basis:25.03549%\"><\/div><\/div><\/div><\/div>\n","protected":false},"excerpt":{"rendered":"<p>Despu\u00e9s de cuatro a\u00f1os, nuestro colegio abri\u00f3 las puertas un d\u00eda domingo para celebrar Domingo de Ramos junto a las familias de la comunidad. La misa fue precedida por el padre Mario Maldonado y el di\u00e1cono H\u00e9ctor Rauld. Fue una hermosa ma\u00f1ana para recibir a Jes\u00fas con cantos y en uni\u00f3n familiar junto a las <a class=\"read-more\" href=\"https:\/\/www.cisa-arica.cl\/wp1\/2023\/04\/03\/domingo-de-ramos-en-el-colegio\/\">Continuar leyendo<\/a><\/p>\n","protected":false},"author":5,"featured_media":19612,"comment_status":"closed","ping_status":"open","sticky":false,"template":"","format":"standard","meta":{"_jetpack_memberships_contains_paid_content":false,"footnotes":"","jetpack_publicize_message":"","jetpack_publicize_feature_enabled":true,"jetpack_social_post_already_shared":true,"jetpack_social_options":{"image_generator_settings":{"template":"highway","default_image_id":0,"font":"","enabled":false},"version":2}},"categories":[5],"tags":[],"class_list":["post-19597","post","type-post","status-publish","format-standard","has-post-thumbnail","hentry","category-uncategorized"],"jetpack_publicize_connections":[],"jetpack_featured_media_url":"https:\/\/www.cisa-arica.cl\/wp1\/wp-content\/uploads\/2023\/04\/7855AE5A-999D-4785-9036-457C8D94ADB3-scaled.jpeg","jetpack_sharing_enabled":true,"jetpack_shortlink":"https:\/\/wp.me\/p84wcz-565","jetpack-related-posts":[{"id":24637,"url":"https:\/\/www.cisa-arica.cl\/wp1\/2024\/03\/21\/misa-de-ramos\/","url_meta":{"origin":19597,"position":0},"title":"Invitaci\u00f3n a Misa de Ramos","author":"Jeannette Rivera","date":"21 de Marzo de 2024","format":false,"excerpt":"Estimados Padres y apoderados: La Comunidad Educativa Colegio Italiano Santa Ana, invita a usted y familia a participar de la Misa de Ramos que se realizar\u00e1 este domingo 24 de marzo en dependencias de nuestro colegio a partir de las 09:30 horas.","rel":"","context":"Entrada similar ","block_context":{"text":"Entrada similar ","link":""},"img":{"alt_text":"","src":"https:\/\/i0.wp.com\/www.cisa-arica.cl\/wp1\/wp-content\/uploads\/2024\/03\/image.png?resize=350%2C200&ssl=1","width":350,"height":200,"srcset":"https:\/\/i0.wp.com\/www.cisa-arica.cl\/wp1\/wp-content\/uploads\/2024\/03\/image.png?resize=350%2C200&ssl=1 1x, https:\/\/i0.wp.com\/www.cisa-arica.cl\/wp1\/wp-content\/uploads\/2024\/03\/image.png?resize=525%2C300&ssl=1 1.5x, https:\/\/i0.wp.com\/www.cisa-arica.cl\/wp1\/wp-content\/uploads\/2024\/03\/image.png?resize=700%2C400&ssl=1 2x"},"classes":[]},{"id":19569,"url":"https:\/\/www.cisa-arica.cl\/wp1\/2023\/03\/31\/invitacion-a-misa-de-ramos\/","url_meta":{"origin":19597,"position":1},"title":"Invitaci\u00f3n a Misa de Ramos","author":"Jeannette Rivera","date":"31 de Marzo de 2023","format":false,"excerpt":"La pastoral del colegio, invita cordialmente a toda la Comunidad del Colegio Italiano Santa Ana y a sus familias, a participar de la Misa de Ramos que se realizar\u00e1 este domingo 02 de Abril a las 09:30 horas al interior de nuestras dependencias.\u00a0 La entrada ser\u00e1 por 21 de Mayo.\u2026","rel":"","context":"Entrada similar ","block_context":{"text":"Entrada similar ","link":""},"img":{"alt_text":"","src":"https:\/\/i0.wp.com\/www.cisa-arica.cl\/wp1\/wp-content\/uploads\/2023\/03\/WhatsApp-Image-2023-03-31-at-08.38.22.jpeg?resize=350%2C200&ssl=1","width":350,"height":200,"srcset":"https:\/\/i0.wp.com\/www.cisa-arica.cl\/wp1\/wp-content\/uploads\/2023\/03\/WhatsApp-Image-2023-03-31-at-08.38.22.jpeg?resize=350%2C200&ssl=1 1x, https:\/\/i0.wp.com\/www.cisa-arica.cl\/wp1\/wp-content\/uploads\/2023\/03\/WhatsApp-Image-2023-03-31-at-08.38.22.jpeg?resize=525%2C300&ssl=1 1.5x, https:\/\/i0.wp.com\/www.cisa-arica.cl\/wp1\/wp-content\/uploads\/2023\/03\/WhatsApp-Image-2023-03-31-at-08.38.22.jpeg?resize=700%2C400&ssl=1 2x"},"classes":[]},{"id":24797,"url":"https:\/\/www.cisa-arica.cl\/wp1\/2024\/03\/25\/misa-de-ramos-3\/","url_meta":{"origin":19597,"position":2},"title":"Misa de Ramos","author":"Jeannette Rivera","date":"25 de Marzo de 2024","format":false,"excerpt":"Con la asistencia de las Hermanas de la Congregaci\u00f3n, profesores, asistentes de la educaci\u00f3n. padres y apoderados, se realiz\u00f3 la Misa de Ramos para recordar la entrada de Jes\u00fas a Jerusal\u00e9n. La actividad se realiz\u00f3 al interior del patio central para luego salir por una procesi\u00f3n por el costado del\u2026","rel":"","context":"Entrada similar ","block_context":{"text":"Entrada similar ","link":""},"img":{"alt_text":"","src":"https:\/\/i0.wp.com\/www.cisa-arica.cl\/wp1\/wp-content\/uploads\/2024\/04\/IMG_9199.jpg?resize=350%2C200&ssl=1","width":350,"height":200,"srcset":"https:\/\/i0.wp.com\/www.cisa-arica.cl\/wp1\/wp-content\/uploads\/2024\/04\/IMG_9199.jpg?resize=350%2C200&ssl=1 1x, https:\/\/i0.wp.com\/www.cisa-arica.cl\/wp1\/wp-content\/uploads\/2024\/04\/IMG_9199.jpg?resize=525%2C300&ssl=1 1.5x, https:\/\/i0.wp.com\/www.cisa-arica.cl\/wp1\/wp-content\/uploads\/2024\/04\/IMG_9199.jpg?resize=700%2C400&ssl=1 2x, https:\/\/i0.wp.com\/www.cisa-arica.cl\/wp1\/wp-content\/uploads\/2024\/04\/IMG_9199.jpg?resize=1050%2C600&ssl=1 3x, https:\/\/i0.wp.com\/www.cisa-arica.cl\/wp1\/wp-content\/uploads\/2024\/04\/IMG_9199.jpg?resize=1400%2C800&ssl=1 4x"},"classes":[]},{"id":25416,"url":"https:\/\/www.cisa-arica.cl\/wp1\/2024\/05\/17\/semana-artistica\/","url_meta":{"origin":19597,"position":3},"title":"Semana Art\u00edstica","author":"Jeannette Rivera","date":"17 de Mayo de 2024","format":false,"excerpt":"El Departamento de Artes del colegio organiz\u00f3 la Semana Art\u00edstica en donde las estudiantes pudieron participar de una serie de actividades art\u00edsticas-musicales durante las jornadas de clases. Una de estas actividades fue la visita de la Orquesta del Colegio Domingo Santa Mar\u00eda quien nos brind\u00f3 un hermoso concierto con algunas\u2026","rel":"","context":"Entrada similar ","block_context":{"text":"Entrada similar ","link":""},"img":{"alt_text":"","src":"https:\/\/i0.wp.com\/www.cisa-arica.cl\/wp1\/wp-content\/uploads\/2024\/05\/IMG_0437.jpg?resize=350%2C200&ssl=1","width":350,"height":200,"srcset":"https:\/\/i0.wp.com\/www.cisa-arica.cl\/wp1\/wp-content\/uploads\/2024\/05\/IMG_0437.jpg?resize=350%2C200&ssl=1 1x, https:\/\/i0.wp.com\/www.cisa-arica.cl\/wp1\/wp-content\/uploads\/2024\/05\/IMG_0437.jpg?resize=525%2C300&ssl=1 1.5x, https:\/\/i0.wp.com\/www.cisa-arica.cl\/wp1\/wp-content\/uploads\/2024\/05\/IMG_0437.jpg?resize=700%2C400&ssl=1 2x, https:\/\/i0.wp.com\/www.cisa-arica.cl\/wp1\/wp-content\/uploads\/2024\/05\/IMG_0437.jpg?resize=1050%2C600&ssl=1 3x, https:\/\/i0.wp.com\/www.cisa-arica.cl\/wp1\/wp-content\/uploads\/2024\/05\/IMG_0437.jpg?resize=1400%2C800&ssl=1 4x"},"classes":[]},{"id":6262,"url":"https:\/\/www.cisa-arica.cl\/wp1\/2019\/04\/16\/domingo-de-ramos-en-santa-ana\/","url_meta":{"origin":19597,"position":4},"title":"Domingo de Ramos en Santa Ana","author":"Jeannette Rivera","date":"16 de Abril de 2019","format":false,"excerpt":"El pasado domingo 14 de abril se realiz\u00f3 una Eucarist\u00eda en nuestras dependencias para celebrar el Domingo de Ramos en conjunto a toda la familia Santa Ana.","rel":"","context":"En &quot;galeria&quot;","block_context":{"text":"galeria","link":"https:\/\/www.cisa-arica.cl\/wp1\/category\/galeria\/"},"img":{"alt_text":"","src":"https:\/\/i0.wp.com\/www.cisa-arica.cl\/wp1\/wp-content\/uploads\/2019\/04\/000-9.jpeg?resize=350%2C200&ssl=1","width":350,"height":200,"srcset":"https:\/\/i0.wp.com\/www.cisa-arica.cl\/wp1\/wp-content\/uploads\/2019\/04\/000-9.jpeg?resize=350%2C200&ssl=1 1x, https:\/\/i0.wp.com\/www.cisa-arica.cl\/wp1\/wp-content\/uploads\/2019\/04\/000-9.jpeg?resize=525%2C300&ssl=1 1.5x, https:\/\/i0.wp.com\/www.cisa-arica.cl\/wp1\/wp-content\/uploads\/2019\/04\/000-9.jpeg?resize=700%2C400&ssl=1 2x, https:\/\/i0.wp.com\/www.cisa-arica.cl\/wp1\/wp-content\/uploads\/2019\/04\/000-9.jpeg?resize=1050%2C600&ssl=1 3x"},"classes":[]},{"id":6245,"url":"https:\/\/www.cisa-arica.cl\/wp1\/2019\/04\/12\/cisa-se-prepara-para-este-domingo-de-ramos\/","url_meta":{"origin":19597,"position":5},"title":"CISA se prepara para este Domingo de Ramos","author":"Jeannette Rivera","date":"12 de Abril de 2019","format":false,"excerpt":"Prepar\u00e1ndonos para esperar a nuestros apoderados y a todos aquellos que nos quieran acompa\u00f1ar este domingo 14 de abril a la Eucarist\u00eda de Domingo de Ramos.","rel":"","context":"En &quot;Pastoral&quot;","block_context":{"text":"Pastoral","link":"https:\/\/www.cisa-arica.cl\/wp1\/category\/pastoral\/"},"img":{"alt_text":"","src":"https:\/\/i0.wp.com\/www.cisa-arica.cl\/wp1\/wp-content\/uploads\/2019\/04\/Screenshot_1.jpg?resize=350%2C200&ssl=1","width":350,"height":200},"classes":[]}],"_links":{"self":[{"href":"https:\/\/www.cisa-arica.cl\/wp1\/wp-json\/wp\/v2\/posts\/19597","targetHints":{"allow":["GET"]}}],"collection":[{"href":"https:\/\/www.cisa-arica.cl\/wp1\/wp-json\/wp\/v2\/posts"}],"about":[{"href":"https:\/\/www.cisa-arica.cl\/wp1\/wp-json\/wp\/v2\/types\/post"}],"author":[{"embeddable":true,"href":"https:\/\/www.cisa-arica.cl\/wp1\/wp-json\/wp\/v2\/users\/5"}],"replies":[{"embeddable":true,"href":"https:\/\/www.cisa-arica.cl\/wp1\/wp-json\/wp\/v2\/comments?post=19597"}],"version-history":[{"count":5,"href":"https:\/\/www.cisa-arica.cl\/wp1\/wp-json\/wp\/v2\/posts\/19597\/revisions"}],"predecessor-version":[{"id":19879,"href":"https:\/\/www.cisa-arica.cl\/wp1\/wp-json\/wp\/v2\/posts\/19597\/revisions\/19879"}],"wp:featuredmedia":[{"embeddable":true,"href":"https:\/\/www.cisa-arica.cl\/wp1\/wp-json\/wp\/v2\/media\/19612"}],"wp:attachment":[{"href":"https:\/\/www.cisa-arica.cl\/wp1\/wp-json\/wp\/v2\/media?parent=19597"}],"wp:term":[{"taxonomy":"category","embeddable":true,"href":"https:\/\/www.cisa-arica.cl\/wp1\/wp-json\/wp\/v2\/categories?post=19597"},{"taxonomy":"post_tag","embeddable":true,"href":"https:\/\/www.cisa-arica.cl\/wp1\/wp-json\/wp\/v2\/tags?post=19597"}],"curies":[{"name":"wp","href":"https:\/\/api.w.org\/{rel}","templated":true}]}}