{"id":19577,"date":"2023-03-31T17:45:11","date_gmt":"2023-03-31T21:45:11","guid":{"rendered":"https:\/\/www.cisa-arica.cl\/wp1\/?p=19577"},"modified":"2023-03-31T17:45:14","modified_gmt":"2023-03-31T21:45:14","slug":"destacada-participacion-en-concurso-pictorico","status":"publish","type":"post","link":"https:\/\/www.cisa-arica.cl\/wp1\/2023\/03\/31\/destacada-participacion-en-concurso-pictorico\/","title":{"rendered":"Destacada participaci\u00f3n en Concurso Pict\u00f3rico"},"content":{"rendered":"<p>Una destacada participaci\u00f3n tuvo la profesora de Artes Cristina Ordo\u00f1ez junto a la estudiante del 4to medio A Constanza Iba\u00f1ez quien obtuvo el tercer lugar en su categor\u00eda, mientras que la profesora obtuvo el segundo lugar. Ambas fueron premiadas por sus respectivos trabajos.<br>\nMuchas felicitaciones y esperamos que este sea un incentivo para ellas y &nbsp;las dem\u00e1s estudiantes en seguir participando en los diversos concursos propuestos para el a\u00f1o 2023.<\/p>\n\n\n<div class=\"wp-block-jetpack-tiled-gallery aligncenter is-style-rectangular\"><div class=\"tiled-gallery__gallery\"><div class=\"tiled-gallery__row\"><div class=\"tiled-gallery__col\" style=\"flex-basis:49.37674%\"><figure class=\"tiled-gallery__item\"><img decoding=\"async\" data-attachment-id=\"19579\" data-permalink=\"https:\/\/www.cisa-arica.cl\/wp1\/2023\/03\/31\/destacada-participacion-en-concurso-pictorico\/ca7d2e94-3569-47c1-9957-b5341c55de81\/\" data-orig-file=\"https:\/\/www.cisa-arica.cl\/wp1\/wp-content\/uploads\/2023\/03\/CA7D2E94-3569-47C1-9957-B5341C55DE81.jpeg\" data-orig-size=\"1131,1600\" data-comments-opened=\"0\" data-image-meta=\"{&quot;aperture&quot;:&quot;0&quot;,&quot;credit&quot;:&quot;&quot;,&quot;camera&quot;:&quot;&quot;,&quot;caption&quot;:&quot;&quot;,&quot;created_timestamp&quot;:&quot;0&quot;,&quot;copyright&quot;:&quot;&quot;,&quot;focal_length&quot;:&quot;0&quot;,&quot;iso&quot;:&quot;0&quot;,&quot;shutter_speed&quot;:&quot;0&quot;,&quot;title&quot;:&quot;&quot;,&quot;orientation&quot;:&quot;0&quot;}\" data-image-title=\"CA7D2E94-3569-47C1-9957-B5341C55DE81\" data-image-description=\"\" data-image-caption=\"\" data-large-file=\"https:\/\/www.cisa-arica.cl\/wp1\/wp-content\/uploads\/2023\/03\/CA7D2E94-3569-47C1-9957-B5341C55DE81-424x600.jpeg\" data-attachment-id=\"19579\" data-permalink=\"https:\/\/www.cisa-arica.cl\/wp1\/2023\/03\/31\/destacada-participacion-en-concurso-pictorico\/ca7d2e94-3569-47c1-9957-b5341c55de81\/\" data-orig-file=\"https:\/\/www.cisa-arica.cl\/wp1\/wp-content\/uploads\/2023\/03\/CA7D2E94-3569-47C1-9957-B5341C55DE81.jpeg\" data-orig-size=\"1131,1600\" data-comments-opened=\"0\" data-image-meta=\"{&quot;aperture&quot;:&quot;0&quot;,&quot;credit&quot;:&quot;&quot;,&quot;camera&quot;:&quot;&quot;,&quot;caption&quot;:&quot;&quot;,&quot;created_timestamp&quot;:&quot;0&quot;,&quot;copyright&quot;:&quot;&quot;,&quot;focal_length&quot;:&quot;0&quot;,&quot;iso&quot;:&quot;0&quot;,&quot;shutter_speed&quot;:&quot;0&quot;,&quot;title&quot;:&quot;&quot;,&quot;orientation&quot;:&quot;0&quot;}\" data-image-title=\"CA7D2E94-3569-47C1-9957-B5341C55DE81\" data-image-description=\"\" data-image-caption=\"\" data-large-file=\"https:\/\/www.cisa-arica.cl\/wp1\/wp-content\/uploads\/2023\/03\/CA7D2E94-3569-47C1-9957-B5341C55DE81-424x600.jpeg\" role=\"button\" tabindex=\"0\" aria-label=\"Abrir la imagen 1 de 16 en pantalla completa\"srcset=\"https:\/\/i1.wp.com\/www.cisa-arica.cl\/wp1\/wp-content\/uploads\/2023\/03\/CA7D2E94-3569-47C1-9957-B5341C55DE81-424x600.jpeg?strip=info&#038;w=600&#038;ssl=1 600w,https:\/\/i1.wp.com\/www.cisa-arica.cl\/wp1\/wp-content\/uploads\/2023\/03\/CA7D2E94-3569-47C1-9957-B5341C55DE81-424x600.jpeg?strip=info&#038;w=900&#038;ssl=1 900w,https:\/\/i1.wp.com\/www.cisa-arica.cl\/wp1\/wp-content\/uploads\/2023\/03\/CA7D2E94-3569-47C1-9957-B5341C55DE81-424x600.jpeg?strip=info&#038;w=1131&#038;ssl=1 1131w\" alt=\"\" data-height=\"1600\" data-id=\"19579\" data-link=\"https:\/\/www.cisa-arica.cl\/wp1\/?attachment_id=19579\" data-url=\"https:\/\/www.cisa-arica.cl\/wp1\/wp-content\/uploads\/2023\/03\/CA7D2E94-3569-47C1-9957-B5341C55DE81-424x600.jpeg\" data-width=\"1131\" src=\"https:\/\/i1.wp.com\/www.cisa-arica.cl\/wp1\/wp-content\/uploads\/2023\/03\/CA7D2E94-3569-47C1-9957-B5341C55DE81-424x600.jpeg?ssl=1\" data-amp-layout=\"responsive\"\/><\/figure><\/div><div class=\"tiled-gallery__col\" style=\"flex-basis:50.62326%\"><figure class=\"tiled-gallery__item\"><img decoding=\"async\" data-attachment-id=\"19580\" data-permalink=\"https:\/\/www.cisa-arica.cl\/wp1\/2023\/03\/31\/destacada-participacion-en-concurso-pictorico\/6f769b0e-5141-4325-b711-c8c0e4c437b5\/\" data-orig-file=\"https:\/\/www.cisa-arica.cl\/wp1\/wp-content\/uploads\/2023\/03\/6F769B0E-5141-4325-B711-C8C0E4C437B5.jpeg\" data-orig-size=\"719,992\" data-comments-opened=\"0\" data-image-meta=\"{&quot;aperture&quot;:&quot;0&quot;,&quot;credit&quot;:&quot;&quot;,&quot;camera&quot;:&quot;&quot;,&quot;caption&quot;:&quot;&quot;,&quot;created_timestamp&quot;:&quot;0&quot;,&quot;copyright&quot;:&quot;&quot;,&quot;focal_length&quot;:&quot;0&quot;,&quot;iso&quot;:&quot;0&quot;,&quot;shutter_speed&quot;:&quot;0&quot;,&quot;title&quot;:&quot;&quot;,&quot;orientation&quot;:&quot;0&quot;}\" data-image-title=\"6F769B0E-5141-4325-B711-C8C0E4C437B5\" data-image-description=\"\" data-image-caption=\"\" data-large-file=\"https:\/\/www.cisa-arica.cl\/wp1\/wp-content\/uploads\/2023\/03\/6F769B0E-5141-4325-B711-C8C0E4C437B5-435x600.jpeg\" data-attachment-id=\"19580\" data-permalink=\"https:\/\/www.cisa-arica.cl\/wp1\/2023\/03\/31\/destacada-participacion-en-concurso-pictorico\/6f769b0e-5141-4325-b711-c8c0e4c437b5\/\" data-orig-file=\"https:\/\/www.cisa-arica.cl\/wp1\/wp-content\/uploads\/2023\/03\/6F769B0E-5141-4325-B711-C8C0E4C437B5.jpeg\" data-orig-size=\"719,992\" data-comments-opened=\"0\" data-image-meta=\"{&quot;aperture&quot;:&quot;0&quot;,&quot;credit&quot;:&quot;&quot;,&quot;camera&quot;:&quot;&quot;,&quot;caption&quot;:&quot;&quot;,&quot;created_timestamp&quot;:&quot;0&quot;,&quot;copyright&quot;:&quot;&quot;,&quot;focal_length&quot;:&quot;0&quot;,&quot;iso&quot;:&quot;0&quot;,&quot;shutter_speed&quot;:&quot;0&quot;,&quot;title&quot;:&quot;&quot;,&quot;orientation&quot;:&quot;0&quot;}\" data-image-title=\"6F769B0E-5141-4325-B711-C8C0E4C437B5\" data-image-description=\"\" data-image-caption=\"\" data-large-file=\"https:\/\/www.cisa-arica.cl\/wp1\/wp-content\/uploads\/2023\/03\/6F769B0E-5141-4325-B711-C8C0E4C437B5-435x600.jpeg\" role=\"button\" tabindex=\"0\" aria-label=\"Abrir la imagen 2 de 16 en pantalla completa\"srcset=\"https:\/\/i2.wp.com\/www.cisa-arica.cl\/wp1\/wp-content\/uploads\/2023\/03\/6F769B0E-5141-4325-B711-C8C0E4C437B5-435x600.jpeg?strip=info&#038;w=600&#038;ssl=1 600w,https:\/\/i2.wp.com\/www.cisa-arica.cl\/wp1\/wp-content\/uploads\/2023\/03\/6F769B0E-5141-4325-B711-C8C0E4C437B5-435x600.jpeg?strip=info&#038;w=719&#038;ssl=1 719w\" alt=\"\" data-height=\"992\" data-id=\"19580\" data-link=\"https:\/\/www.cisa-arica.cl\/wp1\/?attachment_id=19580\" data-url=\"https:\/\/www.cisa-arica.cl\/wp1\/wp-content\/uploads\/2023\/03\/6F769B0E-5141-4325-B711-C8C0E4C437B5-435x600.jpeg\" data-width=\"719\" src=\"https:\/\/i2.wp.com\/www.cisa-arica.cl\/wp1\/wp-content\/uploads\/2023\/03\/6F769B0E-5141-4325-B711-C8C0E4C437B5-435x600.jpeg?ssl=1\" data-amp-layout=\"responsive\"\/><\/figure><\/div><\/div><div class=\"tiled-gallery__row\"><div class=\"tiled-gallery__col\" style=\"flex-basis:63.83611%\"><figure class=\"tiled-gallery__item\"><img decoding=\"async\" data-attachment-id=\"19581\" data-permalink=\"https:\/\/www.cisa-arica.cl\/wp1\/2023\/03\/31\/destacada-participacion-en-concurso-pictorico\/c539431b-58da-49ec-b5e4-29e4625035da\/\" data-orig-file=\"https:\/\/www.cisa-arica.cl\/wp1\/wp-content\/uploads\/2023\/03\/C539431B-58DA-49EC-B5E4-29E4625035DA.jpeg\" data-orig-size=\"1600,1204\" data-comments-opened=\"0\" data-image-meta=\"{&quot;aperture&quot;:&quot;0&quot;,&quot;credit&quot;:&quot;&quot;,&quot;camera&quot;:&quot;&quot;,&quot;caption&quot;:&quot;&quot;,&quot;created_timestamp&quot;:&quot;0&quot;,&quot;copyright&quot;:&quot;&quot;,&quot;focal_length&quot;:&quot;0&quot;,&quot;iso&quot;:&quot;0&quot;,&quot;shutter_speed&quot;:&quot;0&quot;,&quot;title&quot;:&quot;&quot;,&quot;orientation&quot;:&quot;0&quot;}\" data-image-title=\"C539431B-58DA-49EC-B5E4-29E4625035DA\" data-image-description=\"\" data-image-caption=\"\" data-large-file=\"https:\/\/www.cisa-arica.cl\/wp1\/wp-content\/uploads\/2023\/03\/C539431B-58DA-49EC-B5E4-29E4625035DA-600x452.jpeg\" data-attachment-id=\"19581\" data-permalink=\"https:\/\/www.cisa-arica.cl\/wp1\/2023\/03\/31\/destacada-participacion-en-concurso-pictorico\/c539431b-58da-49ec-b5e4-29e4625035da\/\" data-orig-file=\"https:\/\/www.cisa-arica.cl\/wp1\/wp-content\/uploads\/2023\/03\/C539431B-58DA-49EC-B5E4-29E4625035DA.jpeg\" data-orig-size=\"1600,1204\" data-comments-opened=\"0\" data-image-meta=\"{&quot;aperture&quot;:&quot;0&quot;,&quot;credit&quot;:&quot;&quot;,&quot;camera&quot;:&quot;&quot;,&quot;caption&quot;:&quot;&quot;,&quot;created_timestamp&quot;:&quot;0&quot;,&quot;copyright&quot;:&quot;&quot;,&quot;focal_length&quot;:&quot;0&quot;,&quot;iso&quot;:&quot;0&quot;,&quot;shutter_speed&quot;:&quot;0&quot;,&quot;title&quot;:&quot;&quot;,&quot;orientation&quot;:&quot;0&quot;}\" data-image-title=\"C539431B-58DA-49EC-B5E4-29E4625035DA\" data-image-description=\"\" data-image-caption=\"\" data-large-file=\"https:\/\/www.cisa-arica.cl\/wp1\/wp-content\/uploads\/2023\/03\/C539431B-58DA-49EC-B5E4-29E4625035DA-600x452.jpeg\" role=\"button\" tabindex=\"0\" aria-label=\"Abrir la imagen 3 de 16 en pantalla completa\"srcset=\"https:\/\/i0.wp.com\/www.cisa-arica.cl\/wp1\/wp-content\/uploads\/2023\/03\/C539431B-58DA-49EC-B5E4-29E4625035DA-600x452.jpeg?strip=info&#038;w=600&#038;ssl=1 600w,https:\/\/i0.wp.com\/www.cisa-arica.cl\/wp1\/wp-content\/uploads\/2023\/03\/C539431B-58DA-49EC-B5E4-29E4625035DA-600x452.jpeg?strip=info&#038;w=900&#038;ssl=1 900w,https:\/\/i0.wp.com\/www.cisa-arica.cl\/wp1\/wp-content\/uploads\/2023\/03\/C539431B-58DA-49EC-B5E4-29E4625035DA-600x452.jpeg?strip=info&#038;w=1200&#038;ssl=1 1200w,https:\/\/i0.wp.com\/www.cisa-arica.cl\/wp1\/wp-content\/uploads\/2023\/03\/C539431B-58DA-49EC-B5E4-29E4625035DA-600x452.jpeg?strip=info&#038;w=1500&#038;ssl=1 1500w,https:\/\/i0.wp.com\/www.cisa-arica.cl\/wp1\/wp-content\/uploads\/2023\/03\/C539431B-58DA-49EC-B5E4-29E4625035DA-600x452.jpeg?strip=info&#038;w=1600&#038;ssl=1 1600w\" alt=\"\" data-height=\"1204\" data-id=\"19581\" data-link=\"https:\/\/www.cisa-arica.cl\/wp1\/?attachment_id=19581\" data-url=\"https:\/\/www.cisa-arica.cl\/wp1\/wp-content\/uploads\/2023\/03\/C539431B-58DA-49EC-B5E4-29E4625035DA-600x452.jpeg\" data-width=\"1600\" src=\"https:\/\/i0.wp.com\/www.cisa-arica.cl\/wp1\/wp-content\/uploads\/2023\/03\/C539431B-58DA-49EC-B5E4-29E4625035DA-600x452.jpeg?ssl=1\" data-amp-layout=\"responsive\"\/><\/figure><\/div><div class=\"tiled-gallery__col\" style=\"flex-basis:36.16389%\"><figure class=\"tiled-gallery__item\"><img decoding=\"async\" data-attachment-id=\"19582\" data-permalink=\"https:\/\/www.cisa-arica.cl\/wp1\/2023\/03\/31\/destacada-participacion-en-concurso-pictorico\/981d07a5-9524-4f42-b07b-602b1d39457e\/\" data-orig-file=\"https:\/\/www.cisa-arica.cl\/wp1\/wp-content\/uploads\/2023\/03\/981D07A5-9524-4F42-B07B-602B1D39457E.jpeg\" data-orig-size=\"1200,1600\" data-comments-opened=\"0\" data-image-meta=\"{&quot;aperture&quot;:&quot;0&quot;,&quot;credit&quot;:&quot;&quot;,&quot;camera&quot;:&quot;&quot;,&quot;caption&quot;:&quot;&quot;,&quot;created_timestamp&quot;:&quot;0&quot;,&quot;copyright&quot;:&quot;&quot;,&quot;focal_length&quot;:&quot;0&quot;,&quot;iso&quot;:&quot;0&quot;,&quot;shutter_speed&quot;:&quot;0&quot;,&quot;title&quot;:&quot;&quot;,&quot;orientation&quot;:&quot;0&quot;}\" data-image-title=\"981D07A5-9524-4F42-B07B-602B1D39457E\" data-image-description=\"\" data-image-caption=\"\" data-large-file=\"https:\/\/www.cisa-arica.cl\/wp1\/wp-content\/uploads\/2023\/03\/981D07A5-9524-4F42-B07B-602B1D39457E-450x600.jpeg\" data-attachment-id=\"19582\" data-permalink=\"https:\/\/www.cisa-arica.cl\/wp1\/2023\/03\/31\/destacada-participacion-en-concurso-pictorico\/981d07a5-9524-4f42-b07b-602b1d39457e\/\" data-orig-file=\"https:\/\/www.cisa-arica.cl\/wp1\/wp-content\/uploads\/2023\/03\/981D07A5-9524-4F42-B07B-602B1D39457E.jpeg\" data-orig-size=\"1200,1600\" data-comments-opened=\"0\" data-image-meta=\"{&quot;aperture&quot;:&quot;0&quot;,&quot;credit&quot;:&quot;&quot;,&quot;camera&quot;:&quot;&quot;,&quot;caption&quot;:&quot;&quot;,&quot;created_timestamp&quot;:&quot;0&quot;,&quot;copyright&quot;:&quot;&quot;,&quot;focal_length&quot;:&quot;0&quot;,&quot;iso&quot;:&quot;0&quot;,&quot;shutter_speed&quot;:&quot;0&quot;,&quot;title&quot;:&quot;&quot;,&quot;orientation&quot;:&quot;0&quot;}\" data-image-title=\"981D07A5-9524-4F42-B07B-602B1D39457E\" data-image-description=\"\" data-image-caption=\"\" data-large-file=\"https:\/\/www.cisa-arica.cl\/wp1\/wp-content\/uploads\/2023\/03\/981D07A5-9524-4F42-B07B-602B1D39457E-450x600.jpeg\" role=\"button\" tabindex=\"0\" aria-label=\"Abrir la imagen 4 de 16 en pantalla completa\"srcset=\"https:\/\/i2.wp.com\/www.cisa-arica.cl\/wp1\/wp-content\/uploads\/2023\/03\/981D07A5-9524-4F42-B07B-602B1D39457E-450x600.jpeg?strip=info&#038;w=600&#038;ssl=1 600w,https:\/\/i2.wp.com\/www.cisa-arica.cl\/wp1\/wp-content\/uploads\/2023\/03\/981D07A5-9524-4F42-B07B-602B1D39457E-450x600.jpeg?strip=info&#038;w=900&#038;ssl=1 900w,https:\/\/i2.wp.com\/www.cisa-arica.cl\/wp1\/wp-content\/uploads\/2023\/03\/981D07A5-9524-4F42-B07B-602B1D39457E-450x600.jpeg?strip=info&#038;w=1200&#038;ssl=1 1200w\" alt=\"\" data-height=\"1600\" data-id=\"19582\" data-link=\"https:\/\/www.cisa-arica.cl\/wp1\/?attachment_id=19582\" data-url=\"https:\/\/www.cisa-arica.cl\/wp1\/wp-content\/uploads\/2023\/03\/981D07A5-9524-4F42-B07B-602B1D39457E-450x600.jpeg\" data-width=\"1200\" src=\"https:\/\/i2.wp.com\/www.cisa-arica.cl\/wp1\/wp-content\/uploads\/2023\/03\/981D07A5-9524-4F42-B07B-602B1D39457E-450x600.jpeg?ssl=1\" data-amp-layout=\"responsive\"\/><\/figure><\/div><\/div><div class=\"tiled-gallery__row\"><div class=\"tiled-gallery__col\" style=\"flex-basis:50.00000%\"><figure class=\"tiled-gallery__item\"><img decoding=\"async\" data-attachment-id=\"19583\" data-permalink=\"https:\/\/www.cisa-arica.cl\/wp1\/2023\/03\/31\/destacada-participacion-en-concurso-pictorico\/744cd80c-7a35-4ab2-990d-f5369bd65940\/\" data-orig-file=\"https:\/\/www.cisa-arica.cl\/wp1\/wp-content\/uploads\/2023\/03\/744CD80C-7A35-4AB2-990D-F5369BD65940.jpeg\" data-orig-size=\"1200,1600\" data-comments-opened=\"0\" data-image-meta=\"{&quot;aperture&quot;:&quot;0&quot;,&quot;credit&quot;:&quot;&quot;,&quot;camera&quot;:&quot;&quot;,&quot;caption&quot;:&quot;&quot;,&quot;created_timestamp&quot;:&quot;0&quot;,&quot;copyright&quot;:&quot;&quot;,&quot;focal_length&quot;:&quot;0&quot;,&quot;iso&quot;:&quot;0&quot;,&quot;shutter_speed&quot;:&quot;0&quot;,&quot;title&quot;:&quot;&quot;,&quot;orientation&quot;:&quot;0&quot;}\" data-image-title=\"744CD80C-7A35-4AB2-990D-F5369BD65940\" data-image-description=\"\" data-image-caption=\"\" data-large-file=\"https:\/\/www.cisa-arica.cl\/wp1\/wp-content\/uploads\/2023\/03\/744CD80C-7A35-4AB2-990D-F5369BD65940-450x600.jpeg\" data-attachment-id=\"19583\" data-permalink=\"https:\/\/www.cisa-arica.cl\/wp1\/2023\/03\/31\/destacada-participacion-en-concurso-pictorico\/744cd80c-7a35-4ab2-990d-f5369bd65940\/\" data-orig-file=\"https:\/\/www.cisa-arica.cl\/wp1\/wp-content\/uploads\/2023\/03\/744CD80C-7A35-4AB2-990D-F5369BD65940.jpeg\" data-orig-size=\"1200,1600\" data-comments-opened=\"0\" data-image-meta=\"{&quot;aperture&quot;:&quot;0&quot;,&quot;credit&quot;:&quot;&quot;,&quot;camera&quot;:&quot;&quot;,&quot;caption&quot;:&quot;&quot;,&quot;created_timestamp&quot;:&quot;0&quot;,&quot;copyright&quot;:&quot;&quot;,&quot;focal_length&quot;:&quot;0&quot;,&quot;iso&quot;:&quot;0&quot;,&quot;shutter_speed&quot;:&quot;0&quot;,&quot;title&quot;:&quot;&quot;,&quot;orientation&quot;:&quot;0&quot;}\" data-image-title=\"744CD80C-7A35-4AB2-990D-F5369BD65940\" data-image-description=\"\" data-image-caption=\"\" data-large-file=\"https:\/\/www.cisa-arica.cl\/wp1\/wp-content\/uploads\/2023\/03\/744CD80C-7A35-4AB2-990D-F5369BD65940-450x600.jpeg\" role=\"button\" tabindex=\"0\" aria-label=\"Abrir la imagen 5 de 16 en pantalla completa\"srcset=\"https:\/\/i2.wp.com\/www.cisa-arica.cl\/wp1\/wp-content\/uploads\/2023\/03\/744CD80C-7A35-4AB2-990D-F5369BD65940-450x600.jpeg?strip=info&#038;w=600&#038;ssl=1 600w,https:\/\/i2.wp.com\/www.cisa-arica.cl\/wp1\/wp-content\/uploads\/2023\/03\/744CD80C-7A35-4AB2-990D-F5369BD65940-450x600.jpeg?strip=info&#038;w=900&#038;ssl=1 900w,https:\/\/i2.wp.com\/www.cisa-arica.cl\/wp1\/wp-content\/uploads\/2023\/03\/744CD80C-7A35-4AB2-990D-F5369BD65940-450x600.jpeg?strip=info&#038;w=1200&#038;ssl=1 1200w\" alt=\"\" data-height=\"1600\" data-id=\"19583\" data-link=\"https:\/\/www.cisa-arica.cl\/wp1\/?attachment_id=19583\" data-url=\"https:\/\/www.cisa-arica.cl\/wp1\/wp-content\/uploads\/2023\/03\/744CD80C-7A35-4AB2-990D-F5369BD65940-450x600.jpeg\" data-width=\"1200\" src=\"https:\/\/i2.wp.com\/www.cisa-arica.cl\/wp1\/wp-content\/uploads\/2023\/03\/744CD80C-7A35-4AB2-990D-F5369BD65940-450x600.jpeg?ssl=1\" data-amp-layout=\"responsive\"\/><\/figure><\/div><div class=\"tiled-gallery__col\" style=\"flex-basis:50.00000%\"><figure class=\"tiled-gallery__item\"><img decoding=\"async\" data-attachment-id=\"19584\" data-permalink=\"https:\/\/www.cisa-arica.cl\/wp1\/2023\/03\/31\/destacada-participacion-en-concurso-pictorico\/1c5480f5-6a8c-4aea-9da2-8b4e74c5efe7\/\" data-orig-file=\"https:\/\/www.cisa-arica.cl\/wp1\/wp-content\/uploads\/2023\/03\/1C5480F5-6A8C-4AEA-9DA2-8B4E74C5EFE7.jpeg\" data-orig-size=\"1200,1600\" data-comments-opened=\"0\" data-image-meta=\"{&quot;aperture&quot;:&quot;0&quot;,&quot;credit&quot;:&quot;&quot;,&quot;camera&quot;:&quot;&quot;,&quot;caption&quot;:&quot;&quot;,&quot;created_timestamp&quot;:&quot;0&quot;,&quot;copyright&quot;:&quot;&quot;,&quot;focal_length&quot;:&quot;0&quot;,&quot;iso&quot;:&quot;0&quot;,&quot;shutter_speed&quot;:&quot;0&quot;,&quot;title&quot;:&quot;&quot;,&quot;orientation&quot;:&quot;0&quot;}\" data-image-title=\"1C5480F5-6A8C-4AEA-9DA2-8B4E74C5EFE7\" data-image-description=\"\" data-image-caption=\"\" data-large-file=\"https:\/\/www.cisa-arica.cl\/wp1\/wp-content\/uploads\/2023\/03\/1C5480F5-6A8C-4AEA-9DA2-8B4E74C5EFE7-450x600.jpeg\" data-attachment-id=\"19584\" data-permalink=\"https:\/\/www.cisa-arica.cl\/wp1\/2023\/03\/31\/destacada-participacion-en-concurso-pictorico\/1c5480f5-6a8c-4aea-9da2-8b4e74c5efe7\/\" data-orig-file=\"https:\/\/www.cisa-arica.cl\/wp1\/wp-content\/uploads\/2023\/03\/1C5480F5-6A8C-4AEA-9DA2-8B4E74C5EFE7.jpeg\" data-orig-size=\"1200,1600\" data-comments-opened=\"0\" data-image-meta=\"{&quot;aperture&quot;:&quot;0&quot;,&quot;credit&quot;:&quot;&quot;,&quot;camera&quot;:&quot;&quot;,&quot;caption&quot;:&quot;&quot;,&quot;created_timestamp&quot;:&quot;0&quot;,&quot;copyright&quot;:&quot;&quot;,&quot;focal_length&quot;:&quot;0&quot;,&quot;iso&quot;:&quot;0&quot;,&quot;shutter_speed&quot;:&quot;0&quot;,&quot;title&quot;:&quot;&quot;,&quot;orientation&quot;:&quot;0&quot;}\" data-image-title=\"1C5480F5-6A8C-4AEA-9DA2-8B4E74C5EFE7\" data-image-description=\"\" data-image-caption=\"\" data-large-file=\"https:\/\/www.cisa-arica.cl\/wp1\/wp-content\/uploads\/2023\/03\/1C5480F5-6A8C-4AEA-9DA2-8B4E74C5EFE7-450x600.jpeg\" role=\"button\" tabindex=\"0\" aria-label=\"Abrir la imagen 6 de 16 en pantalla completa\"srcset=\"https:\/\/i0.wp.com\/www.cisa-arica.cl\/wp1\/wp-content\/uploads\/2023\/03\/1C5480F5-6A8C-4AEA-9DA2-8B4E74C5EFE7-450x600.jpeg?strip=info&#038;w=600&#038;ssl=1 600w,https:\/\/i0.wp.com\/www.cisa-arica.cl\/wp1\/wp-content\/uploads\/2023\/03\/1C5480F5-6A8C-4AEA-9DA2-8B4E74C5EFE7-450x600.jpeg?strip=info&#038;w=900&#038;ssl=1 900w,https:\/\/i0.wp.com\/www.cisa-arica.cl\/wp1\/wp-content\/uploads\/2023\/03\/1C5480F5-6A8C-4AEA-9DA2-8B4E74C5EFE7-450x600.jpeg?strip=info&#038;w=1200&#038;ssl=1 1200w\" alt=\"\" data-height=\"1600\" data-id=\"19584\" data-link=\"https:\/\/www.cisa-arica.cl\/wp1\/?attachment_id=19584\" data-url=\"https:\/\/www.cisa-arica.cl\/wp1\/wp-content\/uploads\/2023\/03\/1C5480F5-6A8C-4AEA-9DA2-8B4E74C5EFE7-450x600.jpeg\" data-width=\"1200\" src=\"https:\/\/i0.wp.com\/www.cisa-arica.cl\/wp1\/wp-content\/uploads\/2023\/03\/1C5480F5-6A8C-4AEA-9DA2-8B4E74C5EFE7-450x600.jpeg?ssl=1\" data-amp-layout=\"responsive\"\/><\/figure><\/div><\/div><div class=\"tiled-gallery__row\"><div class=\"tiled-gallery__col\" style=\"flex-basis:46.66805%\"><figure class=\"tiled-gallery__item\"><img decoding=\"async\" data-attachment-id=\"19585\" data-permalink=\"https:\/\/www.cisa-arica.cl\/wp1\/2023\/03\/31\/destacada-participacion-en-concurso-pictorico\/45786185-76c9-4df1-a11e-1b4ab257dae7\/\" data-orig-file=\"https:\/\/www.cisa-arica.cl\/wp1\/wp-content\/uploads\/2023\/03\/45786185-76C9-4DF1-A11E-1B4AB257DAE7.jpeg\" data-orig-size=\"1600,1200\" data-comments-opened=\"0\" data-image-meta=\"{&quot;aperture&quot;:&quot;0&quot;,&quot;credit&quot;:&quot;&quot;,&quot;camera&quot;:&quot;&quot;,&quot;caption&quot;:&quot;&quot;,&quot;created_timestamp&quot;:&quot;0&quot;,&quot;copyright&quot;:&quot;&quot;,&quot;focal_length&quot;:&quot;0&quot;,&quot;iso&quot;:&quot;0&quot;,&quot;shutter_speed&quot;:&quot;0&quot;,&quot;title&quot;:&quot;&quot;,&quot;orientation&quot;:&quot;0&quot;}\" data-image-title=\"45786185-76C9-4DF1-A11E-1B4AB257DAE7\" data-image-description=\"\" data-image-caption=\"\" data-large-file=\"https:\/\/www.cisa-arica.cl\/wp1\/wp-content\/uploads\/2023\/03\/45786185-76C9-4DF1-A11E-1B4AB257DAE7-600x450.jpeg\" data-attachment-id=\"19585\" data-permalink=\"https:\/\/www.cisa-arica.cl\/wp1\/2023\/03\/31\/destacada-participacion-en-concurso-pictorico\/45786185-76c9-4df1-a11e-1b4ab257dae7\/\" data-orig-file=\"https:\/\/www.cisa-arica.cl\/wp1\/wp-content\/uploads\/2023\/03\/45786185-76C9-4DF1-A11E-1B4AB257DAE7.jpeg\" data-orig-size=\"1600,1200\" data-comments-opened=\"0\" data-image-meta=\"{&quot;aperture&quot;:&quot;0&quot;,&quot;credit&quot;:&quot;&quot;,&quot;camera&quot;:&quot;&quot;,&quot;caption&quot;:&quot;&quot;,&quot;created_timestamp&quot;:&quot;0&quot;,&quot;copyright&quot;:&quot;&quot;,&quot;focal_length&quot;:&quot;0&quot;,&quot;iso&quot;:&quot;0&quot;,&quot;shutter_speed&quot;:&quot;0&quot;,&quot;title&quot;:&quot;&quot;,&quot;orientation&quot;:&quot;0&quot;}\" data-image-title=\"45786185-76C9-4DF1-A11E-1B4AB257DAE7\" data-image-description=\"\" data-image-caption=\"\" data-large-file=\"https:\/\/www.cisa-arica.cl\/wp1\/wp-content\/uploads\/2023\/03\/45786185-76C9-4DF1-A11E-1B4AB257DAE7-600x450.jpeg\" role=\"button\" tabindex=\"0\" aria-label=\"Abrir la imagen 7 de 16 en pantalla completa\"srcset=\"https:\/\/i1.wp.com\/www.cisa-arica.cl\/wp1\/wp-content\/uploads\/2023\/03\/45786185-76C9-4DF1-A11E-1B4AB257DAE7-600x450.jpeg?strip=info&#038;w=600&#038;ssl=1 600w,https:\/\/i1.wp.com\/www.cisa-arica.cl\/wp1\/wp-content\/uploads\/2023\/03\/45786185-76C9-4DF1-A11E-1B4AB257DAE7-600x450.jpeg?strip=info&#038;w=900&#038;ssl=1 900w,https:\/\/i1.wp.com\/www.cisa-arica.cl\/wp1\/wp-content\/uploads\/2023\/03\/45786185-76C9-4DF1-A11E-1B4AB257DAE7-600x450.jpeg?strip=info&#038;w=1200&#038;ssl=1 1200w,https:\/\/i1.wp.com\/www.cisa-arica.cl\/wp1\/wp-content\/uploads\/2023\/03\/45786185-76C9-4DF1-A11E-1B4AB257DAE7-600x450.jpeg?strip=info&#038;w=1500&#038;ssl=1 1500w,https:\/\/i1.wp.com\/www.cisa-arica.cl\/wp1\/wp-content\/uploads\/2023\/03\/45786185-76C9-4DF1-A11E-1B4AB257DAE7-600x450.jpeg?strip=info&#038;w=1600&#038;ssl=1 1600w\" alt=\"\" data-height=\"1200\" data-id=\"19585\" data-link=\"https:\/\/www.cisa-arica.cl\/wp1\/?attachment_id=19585\" data-url=\"https:\/\/www.cisa-arica.cl\/wp1\/wp-content\/uploads\/2023\/03\/45786185-76C9-4DF1-A11E-1B4AB257DAE7-600x450.jpeg\" data-width=\"1600\" src=\"https:\/\/i1.wp.com\/www.cisa-arica.cl\/wp1\/wp-content\/uploads\/2023\/03\/45786185-76C9-4DF1-A11E-1B4AB257DAE7-600x450.jpeg?ssl=1\" data-amp-layout=\"responsive\"\/><\/figure><figure class=\"tiled-gallery__item\"><img decoding=\"async\" data-attachment-id=\"19586\" data-permalink=\"https:\/\/www.cisa-arica.cl\/wp1\/2023\/03\/31\/destacada-participacion-en-concurso-pictorico\/f884c069-1b36-471c-baee-e03efb5ca995\/\" data-orig-file=\"https:\/\/www.cisa-arica.cl\/wp1\/wp-content\/uploads\/2023\/03\/F884C069-1B36-471C-BAEE-E03EFB5CA995.jpeg\" data-orig-size=\"1599,1200\" data-comments-opened=\"0\" data-image-meta=\"{&quot;aperture&quot;:&quot;0&quot;,&quot;credit&quot;:&quot;&quot;,&quot;camera&quot;:&quot;&quot;,&quot;caption&quot;:&quot;&quot;,&quot;created_timestamp&quot;:&quot;0&quot;,&quot;copyright&quot;:&quot;&quot;,&quot;focal_length&quot;:&quot;0&quot;,&quot;iso&quot;:&quot;0&quot;,&quot;shutter_speed&quot;:&quot;0&quot;,&quot;title&quot;:&quot;&quot;,&quot;orientation&quot;:&quot;0&quot;}\" data-image-title=\"F884C069-1B36-471C-BAEE-E03EFB5CA995\" data-image-description=\"\" data-image-caption=\"\" data-large-file=\"https:\/\/www.cisa-arica.cl\/wp1\/wp-content\/uploads\/2023\/03\/F884C069-1B36-471C-BAEE-E03EFB5CA995-600x450.jpeg\" data-attachment-id=\"19586\" data-permalink=\"https:\/\/www.cisa-arica.cl\/wp1\/2023\/03\/31\/destacada-participacion-en-concurso-pictorico\/f884c069-1b36-471c-baee-e03efb5ca995\/\" data-orig-file=\"https:\/\/www.cisa-arica.cl\/wp1\/wp-content\/uploads\/2023\/03\/F884C069-1B36-471C-BAEE-E03EFB5CA995.jpeg\" data-orig-size=\"1599,1200\" data-comments-opened=\"0\" data-image-meta=\"{&quot;aperture&quot;:&quot;0&quot;,&quot;credit&quot;:&quot;&quot;,&quot;camera&quot;:&quot;&quot;,&quot;caption&quot;:&quot;&quot;,&quot;created_timestamp&quot;:&quot;0&quot;,&quot;copyright&quot;:&quot;&quot;,&quot;focal_length&quot;:&quot;0&quot;,&quot;iso&quot;:&quot;0&quot;,&quot;shutter_speed&quot;:&quot;0&quot;,&quot;title&quot;:&quot;&quot;,&quot;orientation&quot;:&quot;0&quot;}\" data-image-title=\"F884C069-1B36-471C-BAEE-E03EFB5CA995\" data-image-description=\"\" data-image-caption=\"\" data-large-file=\"https:\/\/www.cisa-arica.cl\/wp1\/wp-content\/uploads\/2023\/03\/F884C069-1B36-471C-BAEE-E03EFB5CA995-600x450.jpeg\" role=\"button\" tabindex=\"0\" aria-label=\"Abrir la imagen 8 de 16 en pantalla completa\"srcset=\"https:\/\/i2.wp.com\/www.cisa-arica.cl\/wp1\/wp-content\/uploads\/2023\/03\/F884C069-1B36-471C-BAEE-E03EFB5CA995-600x450.jpeg?strip=info&#038;w=600&#038;ssl=1 600w,https:\/\/i2.wp.com\/www.cisa-arica.cl\/wp1\/wp-content\/uploads\/2023\/03\/F884C069-1B36-471C-BAEE-E03EFB5CA995-600x450.jpeg?strip=info&#038;w=900&#038;ssl=1 900w,https:\/\/i2.wp.com\/www.cisa-arica.cl\/wp1\/wp-content\/uploads\/2023\/03\/F884C069-1B36-471C-BAEE-E03EFB5CA995-600x450.jpeg?strip=info&#038;w=1200&#038;ssl=1 1200w,https:\/\/i2.wp.com\/www.cisa-arica.cl\/wp1\/wp-content\/uploads\/2023\/03\/F884C069-1B36-471C-BAEE-E03EFB5CA995-600x450.jpeg?strip=info&#038;w=1500&#038;ssl=1 1500w,https:\/\/i2.wp.com\/www.cisa-arica.cl\/wp1\/wp-content\/uploads\/2023\/03\/F884C069-1B36-471C-BAEE-E03EFB5CA995-600x450.jpeg?strip=info&#038;w=1599&#038;ssl=1 1599w\" alt=\"\" data-height=\"1200\" data-id=\"19586\" data-link=\"https:\/\/www.cisa-arica.cl\/wp1\/?attachment_id=19586\" data-url=\"https:\/\/www.cisa-arica.cl\/wp1\/wp-content\/uploads\/2023\/03\/F884C069-1B36-471C-BAEE-E03EFB5CA995-600x450.jpeg\" data-width=\"1599\" src=\"https:\/\/i2.wp.com\/www.cisa-arica.cl\/wp1\/wp-content\/uploads\/2023\/03\/F884C069-1B36-471C-BAEE-E03EFB5CA995-600x450.jpeg?ssl=1\" data-amp-layout=\"responsive\"\/><\/figure><\/div><div class=\"tiled-gallery__col\" style=\"flex-basis:53.33195%\"><figure class=\"tiled-gallery__item\"><img decoding=\"async\" data-attachment-id=\"19587\" data-permalink=\"https:\/\/www.cisa-arica.cl\/wp1\/2023\/03\/31\/destacada-participacion-en-concurso-pictorico\/94d2dd5f-29cf-4717-b713-2bf351cdfb31\/\" data-orig-file=\"https:\/\/www.cisa-arica.cl\/wp1\/wp-content\/uploads\/2023\/03\/94D2DD5F-29CF-4717-B713-2BF351CDFB31.jpeg\" data-orig-size=\"1200,1600\" data-comments-opened=\"0\" data-image-meta=\"{&quot;aperture&quot;:&quot;0&quot;,&quot;credit&quot;:&quot;&quot;,&quot;camera&quot;:&quot;&quot;,&quot;caption&quot;:&quot;&quot;,&quot;created_timestamp&quot;:&quot;0&quot;,&quot;copyright&quot;:&quot;&quot;,&quot;focal_length&quot;:&quot;0&quot;,&quot;iso&quot;:&quot;0&quot;,&quot;shutter_speed&quot;:&quot;0&quot;,&quot;title&quot;:&quot;&quot;,&quot;orientation&quot;:&quot;0&quot;}\" data-image-title=\"94D2DD5F-29CF-4717-B713-2BF351CDFB31\" data-image-description=\"\" data-image-caption=\"\" data-large-file=\"https:\/\/www.cisa-arica.cl\/wp1\/wp-content\/uploads\/2023\/03\/94D2DD5F-29CF-4717-B713-2BF351CDFB31-450x600.jpeg\" data-attachment-id=\"19587\" data-permalink=\"https:\/\/www.cisa-arica.cl\/wp1\/2023\/03\/31\/destacada-participacion-en-concurso-pictorico\/94d2dd5f-29cf-4717-b713-2bf351cdfb31\/\" data-orig-file=\"https:\/\/www.cisa-arica.cl\/wp1\/wp-content\/uploads\/2023\/03\/94D2DD5F-29CF-4717-B713-2BF351CDFB31.jpeg\" data-orig-size=\"1200,1600\" data-comments-opened=\"0\" data-image-meta=\"{&quot;aperture&quot;:&quot;0&quot;,&quot;credit&quot;:&quot;&quot;,&quot;camera&quot;:&quot;&quot;,&quot;caption&quot;:&quot;&quot;,&quot;created_timestamp&quot;:&quot;0&quot;,&quot;copyright&quot;:&quot;&quot;,&quot;focal_length&quot;:&quot;0&quot;,&quot;iso&quot;:&quot;0&quot;,&quot;shutter_speed&quot;:&quot;0&quot;,&quot;title&quot;:&quot;&quot;,&quot;orientation&quot;:&quot;0&quot;}\" data-image-title=\"94D2DD5F-29CF-4717-B713-2BF351CDFB31\" data-image-description=\"\" data-image-caption=\"\" data-large-file=\"https:\/\/www.cisa-arica.cl\/wp1\/wp-content\/uploads\/2023\/03\/94D2DD5F-29CF-4717-B713-2BF351CDFB31-450x600.jpeg\" role=\"button\" tabindex=\"0\" aria-label=\"Abrir la imagen 9 de 16 en pantalla completa\"srcset=\"https:\/\/i1.wp.com\/www.cisa-arica.cl\/wp1\/wp-content\/uploads\/2023\/03\/94D2DD5F-29CF-4717-B713-2BF351CDFB31-450x600.jpeg?strip=info&#038;w=600&#038;ssl=1 600w,https:\/\/i1.wp.com\/www.cisa-arica.cl\/wp1\/wp-content\/uploads\/2023\/03\/94D2DD5F-29CF-4717-B713-2BF351CDFB31-450x600.jpeg?strip=info&#038;w=900&#038;ssl=1 900w,https:\/\/i1.wp.com\/www.cisa-arica.cl\/wp1\/wp-content\/uploads\/2023\/03\/94D2DD5F-29CF-4717-B713-2BF351CDFB31-450x600.jpeg?strip=info&#038;w=1200&#038;ssl=1 1200w\" alt=\"\" data-height=\"1600\" data-id=\"19587\" data-link=\"https:\/\/www.cisa-arica.cl\/wp1\/?attachment_id=19587\" data-url=\"https:\/\/www.cisa-arica.cl\/wp1\/wp-content\/uploads\/2023\/03\/94D2DD5F-29CF-4717-B713-2BF351CDFB31-450x600.jpeg\" data-width=\"1200\" src=\"https:\/\/i1.wp.com\/www.cisa-arica.cl\/wp1\/wp-content\/uploads\/2023\/03\/94D2DD5F-29CF-4717-B713-2BF351CDFB31-450x600.jpeg?ssl=1\" data-amp-layout=\"responsive\"\/><\/figure><\/div><\/div><div class=\"tiled-gallery__row\"><div class=\"tiled-gallery__col\" style=\"flex-basis:25.00000%\"><figure class=\"tiled-gallery__item\"><img decoding=\"async\" data-attachment-id=\"19588\" data-permalink=\"https:\/\/www.cisa-arica.cl\/wp1\/2023\/03\/31\/destacada-participacion-en-concurso-pictorico\/f88b97f1-ceab-4236-aa99-6d240f8679a3\/\" data-orig-file=\"https:\/\/www.cisa-arica.cl\/wp1\/wp-content\/uploads\/2023\/03\/F88B97F1-CEAB-4236-AA99-6D240F8679A3.jpeg\" data-orig-size=\"1200,1600\" data-comments-opened=\"0\" data-image-meta=\"{&quot;aperture&quot;:&quot;0&quot;,&quot;credit&quot;:&quot;&quot;,&quot;camera&quot;:&quot;&quot;,&quot;caption&quot;:&quot;&quot;,&quot;created_timestamp&quot;:&quot;0&quot;,&quot;copyright&quot;:&quot;&quot;,&quot;focal_length&quot;:&quot;0&quot;,&quot;iso&quot;:&quot;0&quot;,&quot;shutter_speed&quot;:&quot;0&quot;,&quot;title&quot;:&quot;&quot;,&quot;orientation&quot;:&quot;0&quot;}\" data-image-title=\"F88B97F1-CEAB-4236-AA99-6D240F8679A3\" data-image-description=\"\" data-image-caption=\"\" data-large-file=\"https:\/\/www.cisa-arica.cl\/wp1\/wp-content\/uploads\/2023\/03\/F88B97F1-CEAB-4236-AA99-6D240F8679A3-450x600.jpeg\" data-attachment-id=\"19588\" data-permalink=\"https:\/\/www.cisa-arica.cl\/wp1\/2023\/03\/31\/destacada-participacion-en-concurso-pictorico\/f88b97f1-ceab-4236-aa99-6d240f8679a3\/\" data-orig-file=\"https:\/\/www.cisa-arica.cl\/wp1\/wp-content\/uploads\/2023\/03\/F88B97F1-CEAB-4236-AA99-6D240F8679A3.jpeg\" data-orig-size=\"1200,1600\" data-comments-opened=\"0\" data-image-meta=\"{&quot;aperture&quot;:&quot;0&quot;,&quot;credit&quot;:&quot;&quot;,&quot;camera&quot;:&quot;&quot;,&quot;caption&quot;:&quot;&quot;,&quot;created_timestamp&quot;:&quot;0&quot;,&quot;copyright&quot;:&quot;&quot;,&quot;focal_length&quot;:&quot;0&quot;,&quot;iso&quot;:&quot;0&quot;,&quot;shutter_speed&quot;:&quot;0&quot;,&quot;title&quot;:&quot;&quot;,&quot;orientation&quot;:&quot;0&quot;}\" data-image-title=\"F88B97F1-CEAB-4236-AA99-6D240F8679A3\" data-image-description=\"\" data-image-caption=\"\" data-large-file=\"https:\/\/www.cisa-arica.cl\/wp1\/wp-content\/uploads\/2023\/03\/F88B97F1-CEAB-4236-AA99-6D240F8679A3-450x600.jpeg\" role=\"button\" tabindex=\"0\" aria-label=\"Abrir la imagen 10 de 16 en pantalla completa\"srcset=\"https:\/\/i0.wp.com\/www.cisa-arica.cl\/wp1\/wp-content\/uploads\/2023\/03\/F88B97F1-CEAB-4236-AA99-6D240F8679A3-450x600.jpeg?strip=info&#038;w=600&#038;ssl=1 600w,https:\/\/i0.wp.com\/www.cisa-arica.cl\/wp1\/wp-content\/uploads\/2023\/03\/F88B97F1-CEAB-4236-AA99-6D240F8679A3-450x600.jpeg?strip=info&#038;w=900&#038;ssl=1 900w,https:\/\/i0.wp.com\/www.cisa-arica.cl\/wp1\/wp-content\/uploads\/2023\/03\/F88B97F1-CEAB-4236-AA99-6D240F8679A3-450x600.jpeg?strip=info&#038;w=1200&#038;ssl=1 1200w\" alt=\"\" data-height=\"1600\" data-id=\"19588\" data-link=\"https:\/\/www.cisa-arica.cl\/wp1\/?attachment_id=19588\" data-url=\"https:\/\/www.cisa-arica.cl\/wp1\/wp-content\/uploads\/2023\/03\/F88B97F1-CEAB-4236-AA99-6D240F8679A3-450x600.jpeg\" data-width=\"1200\" src=\"https:\/\/i0.wp.com\/www.cisa-arica.cl\/wp1\/wp-content\/uploads\/2023\/03\/F88B97F1-CEAB-4236-AA99-6D240F8679A3-450x600.jpeg?ssl=1\" data-amp-layout=\"responsive\"\/><\/figure><\/div><div class=\"tiled-gallery__col\" style=\"flex-basis:25.00000%\"><figure class=\"tiled-gallery__item\"><img decoding=\"async\" data-attachment-id=\"19589\" data-permalink=\"https:\/\/www.cisa-arica.cl\/wp1\/2023\/03\/31\/destacada-participacion-en-concurso-pictorico\/1d73e64f-821b-459f-ae57-c0b91c545702\/\" data-orig-file=\"https:\/\/www.cisa-arica.cl\/wp1\/wp-content\/uploads\/2023\/03\/1D73E64F-821B-459F-AE57-C0B91C545702.jpeg\" data-orig-size=\"1200,1600\" data-comments-opened=\"0\" data-image-meta=\"{&quot;aperture&quot;:&quot;0&quot;,&quot;credit&quot;:&quot;&quot;,&quot;camera&quot;:&quot;&quot;,&quot;caption&quot;:&quot;&quot;,&quot;created_timestamp&quot;:&quot;0&quot;,&quot;copyright&quot;:&quot;&quot;,&quot;focal_length&quot;:&quot;0&quot;,&quot;iso&quot;:&quot;0&quot;,&quot;shutter_speed&quot;:&quot;0&quot;,&quot;title&quot;:&quot;&quot;,&quot;orientation&quot;:&quot;0&quot;}\" data-image-title=\"1D73E64F-821B-459F-AE57-C0B91C545702\" data-image-description=\"\" data-image-caption=\"\" data-large-file=\"https:\/\/www.cisa-arica.cl\/wp1\/wp-content\/uploads\/2023\/03\/1D73E64F-821B-459F-AE57-C0B91C545702-450x600.jpeg\" data-attachment-id=\"19589\" data-permalink=\"https:\/\/www.cisa-arica.cl\/wp1\/2023\/03\/31\/destacada-participacion-en-concurso-pictorico\/1d73e64f-821b-459f-ae57-c0b91c545702\/\" data-orig-file=\"https:\/\/www.cisa-arica.cl\/wp1\/wp-content\/uploads\/2023\/03\/1D73E64F-821B-459F-AE57-C0B91C545702.jpeg\" data-orig-size=\"1200,1600\" data-comments-opened=\"0\" data-image-meta=\"{&quot;aperture&quot;:&quot;0&quot;,&quot;credit&quot;:&quot;&quot;,&quot;camera&quot;:&quot;&quot;,&quot;caption&quot;:&quot;&quot;,&quot;created_timestamp&quot;:&quot;0&quot;,&quot;copyright&quot;:&quot;&quot;,&quot;focal_length&quot;:&quot;0&quot;,&quot;iso&quot;:&quot;0&quot;,&quot;shutter_speed&quot;:&quot;0&quot;,&quot;title&quot;:&quot;&quot;,&quot;orientation&quot;:&quot;0&quot;}\" data-image-title=\"1D73E64F-821B-459F-AE57-C0B91C545702\" data-image-description=\"\" data-image-caption=\"\" data-large-file=\"https:\/\/www.cisa-arica.cl\/wp1\/wp-content\/uploads\/2023\/03\/1D73E64F-821B-459F-AE57-C0B91C545702-450x600.jpeg\" role=\"button\" tabindex=\"0\" aria-label=\"Abrir la imagen 11 de 16 en pantalla completa\"srcset=\"https:\/\/i2.wp.com\/www.cisa-arica.cl\/wp1\/wp-content\/uploads\/2023\/03\/1D73E64F-821B-459F-AE57-C0B91C545702-450x600.jpeg?strip=info&#038;w=600&#038;ssl=1 600w,https:\/\/i2.wp.com\/www.cisa-arica.cl\/wp1\/wp-content\/uploads\/2023\/03\/1D73E64F-821B-459F-AE57-C0B91C545702-450x600.jpeg?strip=info&#038;w=900&#038;ssl=1 900w,https:\/\/i2.wp.com\/www.cisa-arica.cl\/wp1\/wp-content\/uploads\/2023\/03\/1D73E64F-821B-459F-AE57-C0B91C545702-450x600.jpeg?strip=info&#038;w=1200&#038;ssl=1 1200w\" alt=\"\" data-height=\"1600\" data-id=\"19589\" data-link=\"https:\/\/www.cisa-arica.cl\/wp1\/?attachment_id=19589\" data-url=\"https:\/\/www.cisa-arica.cl\/wp1\/wp-content\/uploads\/2023\/03\/1D73E64F-821B-459F-AE57-C0B91C545702-450x600.jpeg\" data-width=\"1200\" src=\"https:\/\/i2.wp.com\/www.cisa-arica.cl\/wp1\/wp-content\/uploads\/2023\/03\/1D73E64F-821B-459F-AE57-C0B91C545702-450x600.jpeg?ssl=1\" data-amp-layout=\"responsive\"\/><\/figure><\/div><div class=\"tiled-gallery__col\" style=\"flex-basis:25.00000%\"><figure class=\"tiled-gallery__item\"><img decoding=\"async\" data-attachment-id=\"19590\" data-permalink=\"https:\/\/www.cisa-arica.cl\/wp1\/2023\/03\/31\/destacada-participacion-en-concurso-pictorico\/eaef16bb-ae76-40dc-a01a-09a72437a2aa\/\" data-orig-file=\"https:\/\/www.cisa-arica.cl\/wp1\/wp-content\/uploads\/2023\/03\/EAEF16BB-AE76-40DC-A01A-09A72437A2AA.jpeg\" data-orig-size=\"1200,1600\" data-comments-opened=\"0\" data-image-meta=\"{&quot;aperture&quot;:&quot;0&quot;,&quot;credit&quot;:&quot;&quot;,&quot;camera&quot;:&quot;&quot;,&quot;caption&quot;:&quot;&quot;,&quot;created_timestamp&quot;:&quot;0&quot;,&quot;copyright&quot;:&quot;&quot;,&quot;focal_length&quot;:&quot;0&quot;,&quot;iso&quot;:&quot;0&quot;,&quot;shutter_speed&quot;:&quot;0&quot;,&quot;title&quot;:&quot;&quot;,&quot;orientation&quot;:&quot;0&quot;}\" data-image-title=\"EAEF16BB-AE76-40DC-A01A-09A72437A2AA\" data-image-description=\"\" data-image-caption=\"\" data-large-file=\"https:\/\/www.cisa-arica.cl\/wp1\/wp-content\/uploads\/2023\/03\/EAEF16BB-AE76-40DC-A01A-09A72437A2AA-450x600.jpeg\" data-attachment-id=\"19590\" data-permalink=\"https:\/\/www.cisa-arica.cl\/wp1\/2023\/03\/31\/destacada-participacion-en-concurso-pictorico\/eaef16bb-ae76-40dc-a01a-09a72437a2aa\/\" data-orig-file=\"https:\/\/www.cisa-arica.cl\/wp1\/wp-content\/uploads\/2023\/03\/EAEF16BB-AE76-40DC-A01A-09A72437A2AA.jpeg\" data-orig-size=\"1200,1600\" data-comments-opened=\"0\" data-image-meta=\"{&quot;aperture&quot;:&quot;0&quot;,&quot;credit&quot;:&quot;&quot;,&quot;camera&quot;:&quot;&quot;,&quot;caption&quot;:&quot;&quot;,&quot;created_timestamp&quot;:&quot;0&quot;,&quot;copyright&quot;:&quot;&quot;,&quot;focal_length&quot;:&quot;0&quot;,&quot;iso&quot;:&quot;0&quot;,&quot;shutter_speed&quot;:&quot;0&quot;,&quot;title&quot;:&quot;&quot;,&quot;orientation&quot;:&quot;0&quot;}\" data-image-title=\"EAEF16BB-AE76-40DC-A01A-09A72437A2AA\" data-image-description=\"\" data-image-caption=\"\" data-large-file=\"https:\/\/www.cisa-arica.cl\/wp1\/wp-content\/uploads\/2023\/03\/EAEF16BB-AE76-40DC-A01A-09A72437A2AA-450x600.jpeg\" role=\"button\" tabindex=\"0\" aria-label=\"Abrir la imagen 12 de 16 en pantalla completa\"srcset=\"https:\/\/i2.wp.com\/www.cisa-arica.cl\/wp1\/wp-content\/uploads\/2023\/03\/EAEF16BB-AE76-40DC-A01A-09A72437A2AA-450x600.jpeg?strip=info&#038;w=600&#038;ssl=1 600w,https:\/\/i2.wp.com\/www.cisa-arica.cl\/wp1\/wp-content\/uploads\/2023\/03\/EAEF16BB-AE76-40DC-A01A-09A72437A2AA-450x600.jpeg?strip=info&#038;w=900&#038;ssl=1 900w,https:\/\/i2.wp.com\/www.cisa-arica.cl\/wp1\/wp-content\/uploads\/2023\/03\/EAEF16BB-AE76-40DC-A01A-09A72437A2AA-450x600.jpeg?strip=info&#038;w=1200&#038;ssl=1 1200w\" alt=\"\" data-height=\"1600\" data-id=\"19590\" data-link=\"https:\/\/www.cisa-arica.cl\/wp1\/?attachment_id=19590\" data-url=\"https:\/\/www.cisa-arica.cl\/wp1\/wp-content\/uploads\/2023\/03\/EAEF16BB-AE76-40DC-A01A-09A72437A2AA-450x600.jpeg\" data-width=\"1200\" src=\"https:\/\/i2.wp.com\/www.cisa-arica.cl\/wp1\/wp-content\/uploads\/2023\/03\/EAEF16BB-AE76-40DC-A01A-09A72437A2AA-450x600.jpeg?ssl=1\" data-amp-layout=\"responsive\"\/><\/figure><\/div><div class=\"tiled-gallery__col\" style=\"flex-basis:25.00000%\"><figure class=\"tiled-gallery__item\"><img decoding=\"async\" data-attachment-id=\"19591\" data-permalink=\"https:\/\/www.cisa-arica.cl\/wp1\/2023\/03\/31\/destacada-participacion-en-concurso-pictorico\/a96bd002-dfbe-4ed4-a9c7-6c88e918d70a\/\" data-orig-file=\"https:\/\/www.cisa-arica.cl\/wp1\/wp-content\/uploads\/2023\/03\/A96BD002-DFBE-4ED4-A9C7-6C88E918D70A.jpeg\" data-orig-size=\"1200,1600\" data-comments-opened=\"0\" data-image-meta=\"{&quot;aperture&quot;:&quot;0&quot;,&quot;credit&quot;:&quot;&quot;,&quot;camera&quot;:&quot;&quot;,&quot;caption&quot;:&quot;&quot;,&quot;created_timestamp&quot;:&quot;0&quot;,&quot;copyright&quot;:&quot;&quot;,&quot;focal_length&quot;:&quot;0&quot;,&quot;iso&quot;:&quot;0&quot;,&quot;shutter_speed&quot;:&quot;0&quot;,&quot;title&quot;:&quot;&quot;,&quot;orientation&quot;:&quot;0&quot;}\" data-image-title=\"A96BD002-DFBE-4ED4-A9C7-6C88E918D70A\" data-image-description=\"\" data-image-caption=\"\" data-large-file=\"https:\/\/www.cisa-arica.cl\/wp1\/wp-content\/uploads\/2023\/03\/A96BD002-DFBE-4ED4-A9C7-6C88E918D70A-450x600.jpeg\" data-attachment-id=\"19591\" data-permalink=\"https:\/\/www.cisa-arica.cl\/wp1\/2023\/03\/31\/destacada-participacion-en-concurso-pictorico\/a96bd002-dfbe-4ed4-a9c7-6c88e918d70a\/\" data-orig-file=\"https:\/\/www.cisa-arica.cl\/wp1\/wp-content\/uploads\/2023\/03\/A96BD002-DFBE-4ED4-A9C7-6C88E918D70A.jpeg\" data-orig-size=\"1200,1600\" data-comments-opened=\"0\" data-image-meta=\"{&quot;aperture&quot;:&quot;0&quot;,&quot;credit&quot;:&quot;&quot;,&quot;camera&quot;:&quot;&quot;,&quot;caption&quot;:&quot;&quot;,&quot;created_timestamp&quot;:&quot;0&quot;,&quot;copyright&quot;:&quot;&quot;,&quot;focal_length&quot;:&quot;0&quot;,&quot;iso&quot;:&quot;0&quot;,&quot;shutter_speed&quot;:&quot;0&quot;,&quot;title&quot;:&quot;&quot;,&quot;orientation&quot;:&quot;0&quot;}\" data-image-title=\"A96BD002-DFBE-4ED4-A9C7-6C88E918D70A\" data-image-description=\"\" data-image-caption=\"\" data-large-file=\"https:\/\/www.cisa-arica.cl\/wp1\/wp-content\/uploads\/2023\/03\/A96BD002-DFBE-4ED4-A9C7-6C88E918D70A-450x600.jpeg\" role=\"button\" tabindex=\"0\" aria-label=\"Abrir la imagen 13 de 16 en pantalla completa\"srcset=\"https:\/\/i0.wp.com\/www.cisa-arica.cl\/wp1\/wp-content\/uploads\/2023\/03\/A96BD002-DFBE-4ED4-A9C7-6C88E918D70A-450x600.jpeg?strip=info&#038;w=600&#038;ssl=1 600w,https:\/\/i0.wp.com\/www.cisa-arica.cl\/wp1\/wp-content\/uploads\/2023\/03\/A96BD002-DFBE-4ED4-A9C7-6C88E918D70A-450x600.jpeg?strip=info&#038;w=900&#038;ssl=1 900w,https:\/\/i0.wp.com\/www.cisa-arica.cl\/wp1\/wp-content\/uploads\/2023\/03\/A96BD002-DFBE-4ED4-A9C7-6C88E918D70A-450x600.jpeg?strip=info&#038;w=1200&#038;ssl=1 1200w\" alt=\"\" data-height=\"1600\" data-id=\"19591\" data-link=\"https:\/\/www.cisa-arica.cl\/wp1\/?attachment_id=19591\" data-url=\"https:\/\/www.cisa-arica.cl\/wp1\/wp-content\/uploads\/2023\/03\/A96BD002-DFBE-4ED4-A9C7-6C88E918D70A-450x600.jpeg\" data-width=\"1200\" src=\"https:\/\/i0.wp.com\/www.cisa-arica.cl\/wp1\/wp-content\/uploads\/2023\/03\/A96BD002-DFBE-4ED4-A9C7-6C88E918D70A-450x600.jpeg?ssl=1\" data-amp-layout=\"responsive\"\/><\/figure><\/div><\/div><div class=\"tiled-gallery__row\"><div class=\"tiled-gallery__col\" style=\"flex-basis:33.33333%\"><figure class=\"tiled-gallery__item\"><img decoding=\"async\" data-attachment-id=\"19592\" data-permalink=\"https:\/\/www.cisa-arica.cl\/wp1\/2023\/03\/31\/destacada-participacion-en-concurso-pictorico\/ae24d7f8-b3b0-40d8-b91e-8fc7b68411de\/\" data-orig-file=\"https:\/\/www.cisa-arica.cl\/wp1\/wp-content\/uploads\/2023\/03\/AE24D7F8-B3B0-40D8-B91E-8FC7B68411DE.jpeg\" data-orig-size=\"1200,1600\" data-comments-opened=\"0\" data-image-meta=\"{&quot;aperture&quot;:&quot;0&quot;,&quot;credit&quot;:&quot;&quot;,&quot;camera&quot;:&quot;&quot;,&quot;caption&quot;:&quot;&quot;,&quot;created_timestamp&quot;:&quot;0&quot;,&quot;copyright&quot;:&quot;&quot;,&quot;focal_length&quot;:&quot;0&quot;,&quot;iso&quot;:&quot;0&quot;,&quot;shutter_speed&quot;:&quot;0&quot;,&quot;title&quot;:&quot;&quot;,&quot;orientation&quot;:&quot;0&quot;}\" data-image-title=\"AE24D7F8-B3B0-40D8-B91E-8FC7B68411DE\" data-image-description=\"\" data-image-caption=\"\" data-large-file=\"https:\/\/www.cisa-arica.cl\/wp1\/wp-content\/uploads\/2023\/03\/AE24D7F8-B3B0-40D8-B91E-8FC7B68411DE-450x600.jpeg\" data-attachment-id=\"19592\" data-permalink=\"https:\/\/www.cisa-arica.cl\/wp1\/2023\/03\/31\/destacada-participacion-en-concurso-pictorico\/ae24d7f8-b3b0-40d8-b91e-8fc7b68411de\/\" data-orig-file=\"https:\/\/www.cisa-arica.cl\/wp1\/wp-content\/uploads\/2023\/03\/AE24D7F8-B3B0-40D8-B91E-8FC7B68411DE.jpeg\" data-orig-size=\"1200,1600\" data-comments-opened=\"0\" data-image-meta=\"{&quot;aperture&quot;:&quot;0&quot;,&quot;credit&quot;:&quot;&quot;,&quot;camera&quot;:&quot;&quot;,&quot;caption&quot;:&quot;&quot;,&quot;created_timestamp&quot;:&quot;0&quot;,&quot;copyright&quot;:&quot;&quot;,&quot;focal_length&quot;:&quot;0&quot;,&quot;iso&quot;:&quot;0&quot;,&quot;shutter_speed&quot;:&quot;0&quot;,&quot;title&quot;:&quot;&quot;,&quot;orientation&quot;:&quot;0&quot;}\" data-image-title=\"AE24D7F8-B3B0-40D8-B91E-8FC7B68411DE\" data-image-description=\"\" data-image-caption=\"\" data-large-file=\"https:\/\/www.cisa-arica.cl\/wp1\/wp-content\/uploads\/2023\/03\/AE24D7F8-B3B0-40D8-B91E-8FC7B68411DE-450x600.jpeg\" role=\"button\" tabindex=\"0\" aria-label=\"Abrir la imagen 14 de 16 en pantalla completa\"srcset=\"https:\/\/i1.wp.com\/www.cisa-arica.cl\/wp1\/wp-content\/uploads\/2023\/03\/AE24D7F8-B3B0-40D8-B91E-8FC7B68411DE-450x600.jpeg?strip=info&#038;w=600&#038;ssl=1 600w,https:\/\/i1.wp.com\/www.cisa-arica.cl\/wp1\/wp-content\/uploads\/2023\/03\/AE24D7F8-B3B0-40D8-B91E-8FC7B68411DE-450x600.jpeg?strip=info&#038;w=900&#038;ssl=1 900w,https:\/\/i1.wp.com\/www.cisa-arica.cl\/wp1\/wp-content\/uploads\/2023\/03\/AE24D7F8-B3B0-40D8-B91E-8FC7B68411DE-450x600.jpeg?strip=info&#038;w=1200&#038;ssl=1 1200w\" alt=\"\" data-height=\"1600\" data-id=\"19592\" data-link=\"https:\/\/www.cisa-arica.cl\/wp1\/?attachment_id=19592\" data-url=\"https:\/\/www.cisa-arica.cl\/wp1\/wp-content\/uploads\/2023\/03\/AE24D7F8-B3B0-40D8-B91E-8FC7B68411DE-450x600.jpeg\" data-width=\"1200\" src=\"https:\/\/i1.wp.com\/www.cisa-arica.cl\/wp1\/wp-content\/uploads\/2023\/03\/AE24D7F8-B3B0-40D8-B91E-8FC7B68411DE-450x600.jpeg?ssl=1\" data-amp-layout=\"responsive\"\/><\/figure><\/div><div class=\"tiled-gallery__col\" style=\"flex-basis:33.33333%\"><figure class=\"tiled-gallery__item\"><img decoding=\"async\" data-attachment-id=\"19593\" data-permalink=\"https:\/\/www.cisa-arica.cl\/wp1\/2023\/03\/31\/destacada-participacion-en-concurso-pictorico\/defd7242-f4cf-42d8-b982-bebbd5fa7327\/\" data-orig-file=\"https:\/\/www.cisa-arica.cl\/wp1\/wp-content\/uploads\/2023\/03\/DEFD7242-F4CF-42D8-B982-BEBBD5FA7327.jpeg\" data-orig-size=\"1200,1600\" data-comments-opened=\"0\" data-image-meta=\"{&quot;aperture&quot;:&quot;0&quot;,&quot;credit&quot;:&quot;&quot;,&quot;camera&quot;:&quot;&quot;,&quot;caption&quot;:&quot;&quot;,&quot;created_timestamp&quot;:&quot;0&quot;,&quot;copyright&quot;:&quot;&quot;,&quot;focal_length&quot;:&quot;0&quot;,&quot;iso&quot;:&quot;0&quot;,&quot;shutter_speed&quot;:&quot;0&quot;,&quot;title&quot;:&quot;&quot;,&quot;orientation&quot;:&quot;0&quot;}\" data-image-title=\"DEFD7242-F4CF-42D8-B982-BEBBD5FA7327\" data-image-description=\"\" data-image-caption=\"\" data-large-file=\"https:\/\/www.cisa-arica.cl\/wp1\/wp-content\/uploads\/2023\/03\/DEFD7242-F4CF-42D8-B982-BEBBD5FA7327-450x600.jpeg\" data-attachment-id=\"19593\" data-permalink=\"https:\/\/www.cisa-arica.cl\/wp1\/2023\/03\/31\/destacada-participacion-en-concurso-pictorico\/defd7242-f4cf-42d8-b982-bebbd5fa7327\/\" data-orig-file=\"https:\/\/www.cisa-arica.cl\/wp1\/wp-content\/uploads\/2023\/03\/DEFD7242-F4CF-42D8-B982-BEBBD5FA7327.jpeg\" data-orig-size=\"1200,1600\" data-comments-opened=\"0\" data-image-meta=\"{&quot;aperture&quot;:&quot;0&quot;,&quot;credit&quot;:&quot;&quot;,&quot;camera&quot;:&quot;&quot;,&quot;caption&quot;:&quot;&quot;,&quot;created_timestamp&quot;:&quot;0&quot;,&quot;copyright&quot;:&quot;&quot;,&quot;focal_length&quot;:&quot;0&quot;,&quot;iso&quot;:&quot;0&quot;,&quot;shutter_speed&quot;:&quot;0&quot;,&quot;title&quot;:&quot;&quot;,&quot;orientation&quot;:&quot;0&quot;}\" data-image-title=\"DEFD7242-F4CF-42D8-B982-BEBBD5FA7327\" data-image-description=\"\" data-image-caption=\"\" data-large-file=\"https:\/\/www.cisa-arica.cl\/wp1\/wp-content\/uploads\/2023\/03\/DEFD7242-F4CF-42D8-B982-BEBBD5FA7327-450x600.jpeg\" role=\"button\" tabindex=\"0\" aria-label=\"Abrir la imagen 15 de 16 en pantalla completa\"srcset=\"https:\/\/i1.wp.com\/www.cisa-arica.cl\/wp1\/wp-content\/uploads\/2023\/03\/DEFD7242-F4CF-42D8-B982-BEBBD5FA7327-450x600.jpeg?strip=info&#038;w=600&#038;ssl=1 600w,https:\/\/i1.wp.com\/www.cisa-arica.cl\/wp1\/wp-content\/uploads\/2023\/03\/DEFD7242-F4CF-42D8-B982-BEBBD5FA7327-450x600.jpeg?strip=info&#038;w=900&#038;ssl=1 900w,https:\/\/i1.wp.com\/www.cisa-arica.cl\/wp1\/wp-content\/uploads\/2023\/03\/DEFD7242-F4CF-42D8-B982-BEBBD5FA7327-450x600.jpeg?strip=info&#038;w=1200&#038;ssl=1 1200w\" alt=\"\" data-height=\"1600\" data-id=\"19593\" data-link=\"https:\/\/www.cisa-arica.cl\/wp1\/?attachment_id=19593\" data-url=\"https:\/\/www.cisa-arica.cl\/wp1\/wp-content\/uploads\/2023\/03\/DEFD7242-F4CF-42D8-B982-BEBBD5FA7327-450x600.jpeg\" data-width=\"1200\" src=\"https:\/\/i1.wp.com\/www.cisa-arica.cl\/wp1\/wp-content\/uploads\/2023\/03\/DEFD7242-F4CF-42D8-B982-BEBBD5FA7327-450x600.jpeg?ssl=1\" data-amp-layout=\"responsive\"\/><\/figure><\/div><div class=\"tiled-gallery__col\" style=\"flex-basis:33.33333%\"><figure class=\"tiled-gallery__item\"><img decoding=\"async\" data-attachment-id=\"19594\" data-permalink=\"https:\/\/www.cisa-arica.cl\/wp1\/2023\/03\/31\/destacada-participacion-en-concurso-pictorico\/30a1de56-9b9e-4ad2-a3ee-6966b0f32161\/\" data-orig-file=\"https:\/\/www.cisa-arica.cl\/wp1\/wp-content\/uploads\/2023\/03\/30A1DE56-9B9E-4AD2-A3EE-6966B0F32161.jpeg\" data-orig-size=\"1200,1600\" data-comments-opened=\"0\" data-image-meta=\"{&quot;aperture&quot;:&quot;0&quot;,&quot;credit&quot;:&quot;&quot;,&quot;camera&quot;:&quot;&quot;,&quot;caption&quot;:&quot;&quot;,&quot;created_timestamp&quot;:&quot;0&quot;,&quot;copyright&quot;:&quot;&quot;,&quot;focal_length&quot;:&quot;0&quot;,&quot;iso&quot;:&quot;0&quot;,&quot;shutter_speed&quot;:&quot;0&quot;,&quot;title&quot;:&quot;&quot;,&quot;orientation&quot;:&quot;0&quot;}\" data-image-title=\"30A1DE56-9B9E-4AD2-A3EE-6966B0F32161\" data-image-description=\"\" data-image-caption=\"\" data-large-file=\"https:\/\/www.cisa-arica.cl\/wp1\/wp-content\/uploads\/2023\/03\/30A1DE56-9B9E-4AD2-A3EE-6966B0F32161-450x600.jpeg\" data-attachment-id=\"19594\" data-permalink=\"https:\/\/www.cisa-arica.cl\/wp1\/2023\/03\/31\/destacada-participacion-en-concurso-pictorico\/30a1de56-9b9e-4ad2-a3ee-6966b0f32161\/\" data-orig-file=\"https:\/\/www.cisa-arica.cl\/wp1\/wp-content\/uploads\/2023\/03\/30A1DE56-9B9E-4AD2-A3EE-6966B0F32161.jpeg\" data-orig-size=\"1200,1600\" data-comments-opened=\"0\" data-image-meta=\"{&quot;aperture&quot;:&quot;0&quot;,&quot;credit&quot;:&quot;&quot;,&quot;camera&quot;:&quot;&quot;,&quot;caption&quot;:&quot;&quot;,&quot;created_timestamp&quot;:&quot;0&quot;,&quot;copyright&quot;:&quot;&quot;,&quot;focal_length&quot;:&quot;0&quot;,&quot;iso&quot;:&quot;0&quot;,&quot;shutter_speed&quot;:&quot;0&quot;,&quot;title&quot;:&quot;&quot;,&quot;orientation&quot;:&quot;0&quot;}\" data-image-title=\"30A1DE56-9B9E-4AD2-A3EE-6966B0F32161\" data-image-description=\"\" data-image-caption=\"\" data-large-file=\"https:\/\/www.cisa-arica.cl\/wp1\/wp-content\/uploads\/2023\/03\/30A1DE56-9B9E-4AD2-A3EE-6966B0F32161-450x600.jpeg\" role=\"button\" tabindex=\"0\" aria-label=\"Abrir la imagen 16 de 16 en pantalla completa\"srcset=\"https:\/\/i0.wp.com\/www.cisa-arica.cl\/wp1\/wp-content\/uploads\/2023\/03\/30A1DE56-9B9E-4AD2-A3EE-6966B0F32161-450x600.jpeg?strip=info&#038;w=600&#038;ssl=1 600w,https:\/\/i0.wp.com\/www.cisa-arica.cl\/wp1\/wp-content\/uploads\/2023\/03\/30A1DE56-9B9E-4AD2-A3EE-6966B0F32161-450x600.jpeg?strip=info&#038;w=900&#038;ssl=1 900w,https:\/\/i0.wp.com\/www.cisa-arica.cl\/wp1\/wp-content\/uploads\/2023\/03\/30A1DE56-9B9E-4AD2-A3EE-6966B0F32161-450x600.jpeg?strip=info&#038;w=1200&#038;ssl=1 1200w\" alt=\"\" data-height=\"1600\" data-id=\"19594\" data-link=\"https:\/\/www.cisa-arica.cl\/wp1\/?attachment_id=19594\" data-url=\"https:\/\/www.cisa-arica.cl\/wp1\/wp-content\/uploads\/2023\/03\/30A1DE56-9B9E-4AD2-A3EE-6966B0F32161-450x600.jpeg\" data-width=\"1200\" src=\"https:\/\/i0.wp.com\/www.cisa-arica.cl\/wp1\/wp-content\/uploads\/2023\/03\/30A1DE56-9B9E-4AD2-A3EE-6966B0F32161-450x600.jpeg?ssl=1\" data-amp-layout=\"responsive\"\/><\/figure><\/div><\/div><\/div><\/div>\n","protected":false},"excerpt":{"rendered":"<p>Una destacada participaci\u00f3n tuvo la profesora de Artes Cristina Ordo\u00f1ez junto a la estudiante del 4to medio A Constanza Iba\u00f1ez quien obtuvo el tercer lugar en su categor\u00eda, mientras que la profesora obtuvo el segundo lugar. Ambas fueron premiadas por sus respectivos trabajos. Muchas felicitaciones y esperamos que este sea un incentivo para ellas y <a class=\"read-more\" href=\"https:\/\/www.cisa-arica.cl\/wp1\/2023\/03\/31\/destacada-participacion-en-concurso-pictorico\/\">Continuar leyendo<\/a><\/p>\n","protected":false},"author":5,"featured_media":19595,"comment_status":"closed","ping_status":"open","sticky":false,"template":"","format":"standard","meta":{"_jetpack_memberships_contains_paid_content":false,"footnotes":"","jetpack_publicize_message":"","jetpack_publicize_feature_enabled":true,"jetpack_social_post_already_shared":true,"jetpack_social_options":{"image_generator_settings":{"template":"highway","default_image_id":0,"font":"","enabled":false},"version":2}},"categories":[5],"tags":[],"class_list":["post-19577","post","type-post","status-publish","format-standard","has-post-thumbnail","hentry","category-uncategorized"],"jetpack_publicize_connections":[],"jetpack_featured_media_url":"https:\/\/www.cisa-arica.cl\/wp1\/wp-content\/uploads\/2023\/03\/6AAA58AD-6005-487B-AE9E-C6B1E62CBED2.jpeg","jetpack_sharing_enabled":true,"jetpack_shortlink":"https:\/\/wp.me\/p84wcz-55L","jetpack-related-posts":[{"id":26408,"url":"https:\/\/www.cisa-arica.cl\/wp1\/2024\/08\/29\/participacion-cisa-en-iv-feria-literaria-2024\/","url_meta":{"origin":19577,"position":0},"title":"Participaci\u00f3n Cisa en IV Feria Literaria 2024","author":"Jeannette Rivera","date":"29 de Agosto de 2024","format":false,"excerpt":"Nuestro colegio tuvo una destacada y activa participaci\u00f3n en la IV Feria Literaria de los Cra de Arica. El evento se realiz\u00f3 el pasado mi\u00e9rcoles 28 de agosto en la plaza Vicu\u00f1a Mackenna y, en la oportunidad, nuestro stand, a cargo de la estudiante de 4to medio B Yanis Calfulaf\u2026","rel":"","context":"Entrada similar ","block_context":{"text":"Entrada similar ","link":""},"img":{"alt_text":"","src":"https:\/\/i0.wp.com\/www.cisa-arica.cl\/wp1\/wp-content\/uploads\/2024\/08\/IMG_1154-scaled.jpeg?resize=350%2C200&ssl=1","width":350,"height":200,"srcset":"https:\/\/i0.wp.com\/www.cisa-arica.cl\/wp1\/wp-content\/uploads\/2024\/08\/IMG_1154-scaled.jpeg?resize=350%2C200&ssl=1 1x, https:\/\/i0.wp.com\/www.cisa-arica.cl\/wp1\/wp-content\/uploads\/2024\/08\/IMG_1154-scaled.jpeg?resize=525%2C300&ssl=1 1.5x, https:\/\/i0.wp.com\/www.cisa-arica.cl\/wp1\/wp-content\/uploads\/2024\/08\/IMG_1154-scaled.jpeg?resize=700%2C400&ssl=1 2x, https:\/\/i0.wp.com\/www.cisa-arica.cl\/wp1\/wp-content\/uploads\/2024\/08\/IMG_1154-scaled.jpeg?resize=1050%2C600&ssl=1 3x, https:\/\/i0.wp.com\/www.cisa-arica.cl\/wp1\/wp-content\/uploads\/2024\/08\/IMG_1154-scaled.jpeg?resize=1400%2C800&ssl=1 4x"},"classes":[]},{"id":21194,"url":"https:\/\/www.cisa-arica.cl\/wp1\/2023\/07\/19\/participacion-en-campeonato-interescolar-mixto-de-atletismo\/","url_meta":{"origin":19577,"position":1},"title":"Participaci\u00f3n en Campeonato Interescolar Mixto de Atletismo","author":"Jeannette Rivera","date":"19 de Julio de 2023","format":false,"excerpt":"Con una activa y destacada participaci\u00f3n, un grupo de estudiantes de nuestro colegio, se dieron cita para representarnos en el Campeonato Interescolar Mixto de Atletismo Zona Norte. El encuentro se realiz\u00f3 en el estadio Carlos Dittborn el s\u00e1bado 01 de julio, en donde las estudiantes fueron acompa\u00f1adas por la profesora\u2026","rel":"","context":"Entrada similar ","block_context":{"text":"Entrada similar ","link":""},"img":{"alt_text":"","src":"https:\/\/i0.wp.com\/www.cisa-arica.cl\/wp1\/wp-content\/uploads\/2023\/07\/WhatsApp-Image-2023-07-19-at-11.42.45-1.jpeg?resize=350%2C200&ssl=1","width":350,"height":200,"srcset":"https:\/\/i0.wp.com\/www.cisa-arica.cl\/wp1\/wp-content\/uploads\/2023\/07\/WhatsApp-Image-2023-07-19-at-11.42.45-1.jpeg?resize=350%2C200&ssl=1 1x, https:\/\/i0.wp.com\/www.cisa-arica.cl\/wp1\/wp-content\/uploads\/2023\/07\/WhatsApp-Image-2023-07-19-at-11.42.45-1.jpeg?resize=525%2C300&ssl=1 1.5x, https:\/\/i0.wp.com\/www.cisa-arica.cl\/wp1\/wp-content\/uploads\/2023\/07\/WhatsApp-Image-2023-07-19-at-11.42.45-1.jpeg?resize=700%2C400&ssl=1 2x, https:\/\/i0.wp.com\/www.cisa-arica.cl\/wp1\/wp-content\/uploads\/2023\/07\/WhatsApp-Image-2023-07-19-at-11.42.45-1.jpeg?resize=1050%2C600&ssl=1 3x, https:\/\/i0.wp.com\/www.cisa-arica.cl\/wp1\/wp-content\/uploads\/2023\/07\/WhatsApp-Image-2023-07-19-at-11.42.45-1.jpeg?resize=1400%2C800&ssl=1 4x"},"classes":[]},{"id":8482,"url":"https:\/\/www.cisa-arica.cl\/wp1\/2019\/08\/12\/alumna-de-cisa-participa-en-concurso-de-cuentacuentos-interescolar\/","url_meta":{"origin":19577,"position":2},"title":"Alumna de CISA participa en concurso de cuentacuentos interescolar","author":"Jeannette Rivera","date":"12 de Agosto de 2019","format":false,"excerpt":"Acompa\u00f1ada de su profesora jefe, Gretel Mendizabal, la alumna Sabina Torres del 3\u00ba b\u00e1sico A tuvo una destacada participaci\u00f3n en el Concurso Interescolar de Cuentacuentos organizado por el Colegio Leonardo Da Vinci y que se llev\u00f3 a cabo en dicho establecimiento la semana pasada.","rel":"","context":"Entrada similar ","block_context":{"text":"Entrada similar ","link":""},"img":{"alt_text":"","src":"https:\/\/i0.wp.com\/www.cisa-arica.cl\/wp1\/wp-content\/uploads\/2019\/08\/aaa-1.jpeg?resize=350%2C200&ssl=1","width":350,"height":200,"srcset":"https:\/\/i0.wp.com\/www.cisa-arica.cl\/wp1\/wp-content\/uploads\/2019\/08\/aaa-1.jpeg?resize=350%2C200&ssl=1 1x, https:\/\/i0.wp.com\/www.cisa-arica.cl\/wp1\/wp-content\/uploads\/2019\/08\/aaa-1.jpeg?resize=525%2C300&ssl=1 1.5x, https:\/\/i0.wp.com\/www.cisa-arica.cl\/wp1\/wp-content\/uploads\/2019\/08\/aaa-1.jpeg?resize=700%2C400&ssl=1 2x"},"classes":[]},{"id":29071,"url":"https:\/\/www.cisa-arica.cl\/wp1\/2025\/11\/06\/premio-a-profesora-destacada-cisa\/","url_meta":{"origin":19577,"position":3},"title":"Premio a profesora destacada Cisa","author":"Jeannette Rivera","date":"6 de Noviembre de 2025","format":false,"excerpt":"Como todos los a\u00f1os, nuestro colegio ha destacado a un profesor, y este a\u00f1o esta gran distinci\u00f3n fue para la querida profesora Carola Ram\u00edrez Chang, quien tiene una amplia trayactoria en nuestro colegio como docente de Educaci\u00f3n F\u00edsica. Hace ya unos a\u00f1os, la profesora Carola tambi\u00e9n se ha destacado impartiendo\u2026","rel":"","context":"Entrada similar ","block_context":{"text":"Entrada similar ","link":""},"img":{"alt_text":"","src":"https:\/\/i0.wp.com\/www.cisa-arica.cl\/wp1\/wp-content\/uploads\/2025\/11\/WhatsApp-Image-2025-11-05-at-6.29.49-PM.jpeg?resize=350%2C200&ssl=1","width":350,"height":200,"srcset":"https:\/\/i0.wp.com\/www.cisa-arica.cl\/wp1\/wp-content\/uploads\/2025\/11\/WhatsApp-Image-2025-11-05-at-6.29.49-PM.jpeg?resize=350%2C200&ssl=1 1x, https:\/\/i0.wp.com\/www.cisa-arica.cl\/wp1\/wp-content\/uploads\/2025\/11\/WhatsApp-Image-2025-11-05-at-6.29.49-PM.jpeg?resize=525%2C300&ssl=1 1.5x, https:\/\/i0.wp.com\/www.cisa-arica.cl\/wp1\/wp-content\/uploads\/2025\/11\/WhatsApp-Image-2025-11-05-at-6.29.49-PM.jpeg?resize=700%2C400&ssl=1 2x"},"classes":[]},{"id":8631,"url":"https:\/\/www.cisa-arica.cl\/wp1\/2019\/08\/21\/academia-de-ajedrez-tiene-destacada-participacion-en-torneo-regional\/","url_meta":{"origin":19577,"position":4},"title":"Academia de ajedrez tiene destacada participaci\u00f3n en Torneo Regional","author":"Jeannette Rivera","date":"21 de Agosto de 2019","format":false,"excerpt":"Destacamos a nuestras alumnas Daniela Contreras, Pierina Cortez, Hellen Feddersen del 7\u00baB; Milka Maicelo del 8\u00baA y Bethzabet V\u00e1squez del 8\u00baB, quienes pertenecen a la Academia de Ajedrez CISA a cargo del profesor Roberto Tapia, y que participaron el pasado lunes 12 y martes 13 de agosto en el Torneo\u2026","rel":"","context":"En &quot;Academias CISA&quot;","block_context":{"text":"Academias CISA","link":"https:\/\/www.cisa-arica.cl\/wp1\/category\/academias-cisa\/"},"img":{"alt_text":"","src":"https:\/\/i0.wp.com\/www.cisa-arica.cl\/wp1\/wp-content\/uploads\/2019\/08\/005-8.jpeg?resize=350%2C200&ssl=1","width":350,"height":200,"srcset":"https:\/\/i0.wp.com\/www.cisa-arica.cl\/wp1\/wp-content\/uploads\/2019\/08\/005-8.jpeg?resize=350%2C200&ssl=1 1x, https:\/\/i0.wp.com\/www.cisa-arica.cl\/wp1\/wp-content\/uploads\/2019\/08\/005-8.jpeg?resize=525%2C300&ssl=1 1.5x, https:\/\/i0.wp.com\/www.cisa-arica.cl\/wp1\/wp-content\/uploads\/2019\/08\/005-8.jpeg?resize=700%2C400&ssl=1 2x"},"classes":[]},{"id":20504,"url":"https:\/\/www.cisa-arica.cl\/wp1\/2023\/05\/19\/desfile-escolar-conmemorando-las-glorias-navales\/","url_meta":{"origin":19577,"position":5},"title":"Desfile Escolar Conmemorando las Glorias Navales","author":"Jeannette Rivera","date":"19 de Mayo de 2023","format":false,"excerpt":"Una destacada participaci\u00f3n tuvo la delegaci\u00f3n de estudiantes de nuestro colegio en el Desfile Escolar de Conmemoraci\u00f3n por las Glorias Navales el jueves 18 de mayo. En esta ocasi\u00f3n, fueron las estudiantes de los cuartos medios y la estudiantes del kinder quienes nos representaron frente a las autoridades locales. El\u2026","rel":"","context":"Entrada similar ","block_context":{"text":"Entrada similar ","link":""},"img":{"alt_text":"","src":"https:\/\/i0.wp.com\/www.cisa-arica.cl\/wp1\/wp-content\/uploads\/2023\/05\/FOTO2.jpg?resize=350%2C200&ssl=1","width":350,"height":200,"srcset":"https:\/\/i0.wp.com\/www.cisa-arica.cl\/wp1\/wp-content\/uploads\/2023\/05\/FOTO2.jpg?resize=350%2C200&ssl=1 1x, https:\/\/i0.wp.com\/www.cisa-arica.cl\/wp1\/wp-content\/uploads\/2023\/05\/FOTO2.jpg?resize=525%2C300&ssl=1 1.5x, https:\/\/i0.wp.com\/www.cisa-arica.cl\/wp1\/wp-content\/uploads\/2023\/05\/FOTO2.jpg?resize=700%2C400&ssl=1 2x, https:\/\/i0.wp.com\/www.cisa-arica.cl\/wp1\/wp-content\/uploads\/2023\/05\/FOTO2.jpg?resize=1050%2C600&ssl=1 3x"},"classes":[]}],"_links":{"self":[{"href":"https:\/\/www.cisa-arica.cl\/wp1\/wp-json\/wp\/v2\/posts\/19577","targetHints":{"allow":["GET"]}}],"collection":[{"href":"https:\/\/www.cisa-arica.cl\/wp1\/wp-json\/wp\/v2\/posts"}],"about":[{"href":"https:\/\/www.cisa-arica.cl\/wp1\/wp-json\/wp\/v2\/types\/post"}],"author":[{"embeddable":true,"href":"https:\/\/www.cisa-arica.cl\/wp1\/wp-json\/wp\/v2\/users\/5"}],"replies":[{"embeddable":true,"href":"https:\/\/www.cisa-arica.cl\/wp1\/wp-json\/wp\/v2\/comments?post=19577"}],"version-history":[{"count":2,"href":"https:\/\/www.cisa-arica.cl\/wp1\/wp-json\/wp\/v2\/posts\/19577\/revisions"}],"predecessor-version":[{"id":19596,"href":"https:\/\/www.cisa-arica.cl\/wp1\/wp-json\/wp\/v2\/posts\/19577\/revisions\/19596"}],"wp:featuredmedia":[{"embeddable":true,"href":"https:\/\/www.cisa-arica.cl\/wp1\/wp-json\/wp\/v2\/media\/19595"}],"wp:attachment":[{"href":"https:\/\/www.cisa-arica.cl\/wp1\/wp-json\/wp\/v2\/media?parent=19577"}],"wp:term":[{"taxonomy":"category","embeddable":true,"href":"https:\/\/www.cisa-arica.cl\/wp1\/wp-json\/wp\/v2\/categories?post=19577"},{"taxonomy":"post_tag","embeddable":true,"href":"https:\/\/www.cisa-arica.cl\/wp1\/wp-json\/wp\/v2\/tags?post=19577"}],"curies":[{"name":"wp","href":"https:\/\/api.w.org\/{rel}","templated":true}]}}