{"id":19566,"date":"2023-03-27T16:07:00","date_gmt":"2023-03-27T20:07:00","guid":{"rendered":"https:\/\/www.cisa-arica.cl\/wp1\/?p=19566"},"modified":"2023-03-27T16:07:00","modified_gmt":"2023-03-27T20:07:00","slug":"reunion-de-apoderados-desde-prekinder-a-6to-basico","status":"publish","type":"post","link":"https:\/\/www.cisa-arica.cl\/wp1\/2023\/03\/27\/reunion-de-apoderados-desde-prekinder-a-6to-basico\/","title":{"rendered":"Reuni\u00f3n de Apoderados desde Prekinder a 6to b\u00e1sico"},"content":{"rendered":"<p>Se recuerda a los padres y apoderados que ma\u00f1ana martes 28 de marzo, se realizar\u00e1 la primera reuni\u00f3n de Padres y Apoderados para los cursos de Prekinder a 6tos a\u00f1os b\u00e1sicos. La hora de inicio para las reuniones est\u00e1 \u00a0programada\u00a0 para las 18 horas. por lo que se solicita puntualidad.<\/p>\n<p>No olvidar que el colegio y la familia cumplen un rol importante en la formaci\u00f3n de nuestras estudiantes, es por ello que su asistencia y puntualidad ser\u00e1n vitales para este primer encuentro.<\/p>\n<p>El ingreso ser\u00e1 por 21 de Mayo.<\/p>\n","protected":false},"excerpt":{"rendered":"<p>Se recuerda a los padres y apoderados que ma\u00f1ana martes 28 de marzo, se realizar\u00e1 la primera reuni\u00f3n de Padres y Apoderados para los cursos de Prekinder a 6tos a\u00f1os b\u00e1sicos. La hora de inicio para las reuniones est\u00e1 \u00a0programada\u00a0 para las 18 horas. por lo que se solicita puntualidad. No olvidar que el colegio <a class=\"read-more\" href=\"https:\/\/www.cisa-arica.cl\/wp1\/2023\/03\/27\/reunion-de-apoderados-desde-prekinder-a-6to-basico\/\">Continuar leyendo<\/a><\/p>\n","protected":false},"author":5,"featured_media":0,"comment_status":"closed","ping_status":"open","sticky":false,"template":"","format":"standard","meta":{"_jetpack_memberships_contains_paid_content":false,"footnotes":"","jetpack_publicize_message":"","jetpack_publicize_feature_enabled":true,"jetpack_social_post_already_shared":true,"jetpack_social_options":{"image_generator_settings":{"template":"highway","default_image_id":0,"font":"","enabled":false},"version":2}},"categories":[5],"tags":[],"class_list":["post-19566","post","type-post","status-publish","format-standard","hentry","category-uncategorized"],"jetpack_publicize_connections":[],"jetpack_featured_media_url":"","jetpack_sharing_enabled":true,"jetpack_shortlink":"https:\/\/wp.me\/p84wcz-55A","jetpack-related-posts":[{"id":15876,"url":"https:\/\/www.cisa-arica.cl\/wp1\/2022\/05\/20\/2da-reunion-de-apoderados-virtual-prekinder-hasta-3ros-medios\/","url_meta":{"origin":19566,"position":0},"title":"2da Reuni\u00f3n de Apoderados Virtual (Prekinder hasta 3ros Medios)","author":"CISA","date":"20 de Mayo de 2022","format":false,"excerpt":"Estimados Apoderados y apoderadas: Junto con saludar y desear que se encuentren bien junto a su familia, informamos que se llevar\u00e1 a cabo la 2da\u00a0Reuni\u00f3n\u00a0de Padres y\u00a0Apoderados de manera\u00a0on line, los siguientes d\u00edas a\u00a0las\u00a019:00\u00a0hrs\u00a0a trav\u00e9s de la aplicaci\u00f3n\u00a0Meet. \u2022\u00a0Martes\u00a024 de mayo,\u00a0para Educaci\u00f3n Parvularia. \u2022\u00a0Mi\u00e9rcoles 25 de mayo,\u00a0para Educaci\u00f3n B\u00e1sica (1ero\u2026","rel":"","context":"Entrada similar ","block_context":{"text":"Entrada similar ","link":""},"img":{"alt_text":"","src":"https:\/\/i0.wp.com\/www.cisa-arica.cl\/wp1\/wp-content\/uploads\/2022\/05\/WhatsApp-Image-2022-05-20-at-4.27.13-PM.jpeg?resize=350%2C200&ssl=1","width":350,"height":200,"srcset":"https:\/\/i0.wp.com\/www.cisa-arica.cl\/wp1\/wp-content\/uploads\/2022\/05\/WhatsApp-Image-2022-05-20-at-4.27.13-PM.jpeg?resize=350%2C200&ssl=1 1x, https:\/\/i0.wp.com\/www.cisa-arica.cl\/wp1\/wp-content\/uploads\/2022\/05\/WhatsApp-Image-2022-05-20-at-4.27.13-PM.jpeg?resize=525%2C300&ssl=1 1.5x, https:\/\/i0.wp.com\/www.cisa-arica.cl\/wp1\/wp-content\/uploads\/2022\/05\/WhatsApp-Image-2022-05-20-at-4.27.13-PM.jpeg?resize=700%2C400&ssl=1 2x, https:\/\/i0.wp.com\/www.cisa-arica.cl\/wp1\/wp-content\/uploads\/2022\/05\/WhatsApp-Image-2022-05-20-at-4.27.13-PM.jpeg?resize=1050%2C600&ssl=1 3x"},"classes":[]},{"id":13548,"url":"https:\/\/www.cisa-arica.cl\/wp1\/2021\/11\/08\/reunion-de-apoderados-9\/","url_meta":{"origin":19566,"position":1},"title":"Reuni\u00f3n de Apoderados","author":"CISA","date":"8 de Noviembre de 2021","format":false,"excerpt":"Estimados\u00a0Apoderados\u00a0y Apoderadas: Junto con saludar y desear que se encuentren bien junto a su familia, informamos que se llevar\u00e1 a cabo la 5ta\u00a0Reuni\u00f3n\u00a0de Padres y\u00a0Apoderados, los siguientes d\u00edas a\u00a0las\u00a019:00\u00a0hrs\u00a0a trav\u00e9s de la aplicaci\u00f3n Meet. \u2022\u00a0Martes 09 de Noviembre, para Educaci\u00f3n Parvularia (Prekinder y Kinder). \u2022\u00a0Mi\u00e9rcoles 10 de Noviembre, para Educaci\u00f3n\u2026","rel":"","context":"Entrada similar ","block_context":{"text":"Entrada similar ","link":""},"img":{"alt_text":"reuni\u00f3n CISA","src":"https:\/\/i0.wp.com\/www.cisa-arica.cl\/wp1\/wp-content\/uploads\/2021\/11\/REUNION-DE-APODERADOS-TITULO.jpg?resize=350%2C200&ssl=1","width":350,"height":200,"srcset":"https:\/\/i0.wp.com\/www.cisa-arica.cl\/wp1\/wp-content\/uploads\/2021\/11\/REUNION-DE-APODERADOS-TITULO.jpg?resize=350%2C200&ssl=1 1x, https:\/\/i0.wp.com\/www.cisa-arica.cl\/wp1\/wp-content\/uploads\/2021\/11\/REUNION-DE-APODERADOS-TITULO.jpg?resize=525%2C300&ssl=1 1.5x, https:\/\/i0.wp.com\/www.cisa-arica.cl\/wp1\/wp-content\/uploads\/2021\/11\/REUNION-DE-APODERADOS-TITULO.jpg?resize=700%2C400&ssl=1 2x, https:\/\/i0.wp.com\/www.cisa-arica.cl\/wp1\/wp-content\/uploads\/2021\/11\/REUNION-DE-APODERADOS-TITULO.jpg?resize=1050%2C600&ssl=1 3x"},"classes":[]},{"id":25782,"url":"https:\/\/www.cisa-arica.cl\/wp1\/2024\/06\/19\/reuniones-de-apoderados-en-junio\/","url_meta":{"origin":19566,"position":2},"title":"Reuniones de Apoderados en Junio","author":"Jeannette Rivera","date":"19 de Junio de 2024","format":false,"excerpt":"Informo a usted las fechas y horarios de la pr\u00f3xima reuni\u00f3n de Padres y Apoderados: ED. PARVULARIA Y ED. B\u00c1SICA\u00a0(Prekinder, kinder hasta 6\u00ba B\u00e1sico) MI\u00c9RCOLES 26 DE JUNIO 2024 18.00 HRS. EDUCACI\u00d3N MEDIA (7\u00ba b\u00e1sico a 4\u00ba medio) JUEVES 27 DE JUNIO 2024 18.00 HRS. Como siempre su asistencia es\u2026","rel":"","context":"Entrada similar ","block_context":{"text":"Entrada similar ","link":""},"img":{"alt_text":"","src":"https:\/\/i0.wp.com\/www.cisa-arica.cl\/wp1\/wp-content\/uploads\/2024\/06\/Reuniones-Junio.png?resize=350%2C200&ssl=1","width":350,"height":200},"classes":[]},{"id":27288,"url":"https:\/\/www.cisa-arica.cl\/wp1\/2024\/11\/04\/reuniones-de-apoderados-2\/","url_meta":{"origin":19566,"position":3},"title":"Reuniones de Apoderados","author":"Jeannette Rivera","date":"4 de Noviembre de 2024","format":false,"excerpt":"Estimados padres y apoderados: \u00a0 \u00a0Se recuerda que este Martes 05 y Mi\u00e9rcoles 06 de Noviembre se realizar\u00e1n las \u00faltimas reuniones de apoderados, por lo tanto, su asistencia es primordial para recibir la informaci\u00f3n correspondiente a la situaci\u00f3n pedag\u00f3gica general del curso, pr\u00f3ximas actividades y fechas relevantes para el proceso\u2026","rel":"","context":"Entrada similar ","block_context":{"text":"Entrada similar ","link":""},"img":{"alt_text":"","src":"https:\/\/i0.wp.com\/www.cisa-arica.cl\/wp1\/wp-content\/uploads\/2024\/11\/REUNIONES-NOVIEMBRE-1.png?resize=350%2C200&ssl=1","width":350,"height":200,"srcset":"https:\/\/i0.wp.com\/www.cisa-arica.cl\/wp1\/wp-content\/uploads\/2024\/11\/REUNIONES-NOVIEMBRE-1.png?resize=350%2C200&ssl=1 1x, https:\/\/i0.wp.com\/www.cisa-arica.cl\/wp1\/wp-content\/uploads\/2024\/11\/REUNIONES-NOVIEMBRE-1.png?resize=525%2C300&ssl=1 1.5x, https:\/\/i0.wp.com\/www.cisa-arica.cl\/wp1\/wp-content\/uploads\/2024\/11\/REUNIONES-NOVIEMBRE-1.png?resize=700%2C400&ssl=1 2x, https:\/\/i0.wp.com\/www.cisa-arica.cl\/wp1\/wp-content\/uploads\/2024\/11\/REUNIONES-NOVIEMBRE-1.png?resize=1050%2C600&ssl=1 3x, https:\/\/i0.wp.com\/www.cisa-arica.cl\/wp1\/wp-content\/uploads\/2024\/11\/REUNIONES-NOVIEMBRE-1.png?resize=1400%2C800&ssl=1 4x"},"classes":[]},{"id":24865,"url":"https:\/\/www.cisa-arica.cl\/wp1\/2024\/04\/02\/primera-reunion-de-apoderados\/","url_meta":{"origin":19566,"position":4},"title":"PRIMERA REUNI\u00d3N DE APODERADOS","author":"Jeannette Rivera","date":"2 de Abril de 2024","format":false,"excerpt":"Estimados padres y apoderados: Se les recuerda que hoy martes 2 y mi\u00e9rcoles 3 de abril se realizar\u00e1n las primeras reuniones de apoderados en las cuales su presencia, como familia, es fundamental para el proceso educativo de las estudiantes. La reuniones comienzan a las 18:00 horas. Martes 02 desde Prekinder\u2026","rel":"","context":"Entrada similar ","block_context":{"text":"Entrada similar ","link":""},"img":{"alt_text":"","src":"https:\/\/i0.wp.com\/www.cisa-arica.cl\/wp1\/wp-content\/uploads\/2024\/04\/Invitacion-Dia-del-Maestro-Ilustrado-Verde.png?resize=350%2C200&ssl=1","width":350,"height":200,"srcset":"https:\/\/i0.wp.com\/www.cisa-arica.cl\/wp1\/wp-content\/uploads\/2024\/04\/Invitacion-Dia-del-Maestro-Ilustrado-Verde.png?resize=350%2C200&ssl=1 1x, https:\/\/i0.wp.com\/www.cisa-arica.cl\/wp1\/wp-content\/uploads\/2024\/04\/Invitacion-Dia-del-Maestro-Ilustrado-Verde.png?resize=525%2C300&ssl=1 1.5x, https:\/\/i0.wp.com\/www.cisa-arica.cl\/wp1\/wp-content\/uploads\/2024\/04\/Invitacion-Dia-del-Maestro-Ilustrado-Verde.png?resize=700%2C400&ssl=1 2x, https:\/\/i0.wp.com\/www.cisa-arica.cl\/wp1\/wp-content\/uploads\/2024\/04\/Invitacion-Dia-del-Maestro-Ilustrado-Verde.png?resize=1050%2C600&ssl=1 3x, https:\/\/i0.wp.com\/www.cisa-arica.cl\/wp1\/wp-content\/uploads\/2024\/04\/Invitacion-Dia-del-Maestro-Ilustrado-Verde.png?resize=1400%2C800&ssl=1 4x"},"classes":[]},{"id":6040,"url":"https:\/\/www.cisa-arica.cl\/wp1\/2019\/03\/20\/reunion-de-apoderados-alumnas-nuevas-2019\/","url_meta":{"origin":19566,"position":5},"title":"Reuni\u00f3n de apoderados ALUMNAS NUEVAS 2019","author":"Jeannette Rivera","date":"20 de Marzo de 2019","format":false,"excerpt":"Estimados Padres y Apoderados: Junto con saludar muy cordialmente, informamos que el d\u00eda Jueves 21 de marzo a las 19.00 hrs. se realizar\u00e1 la primera reuni\u00f3n de apoderados S\u00d3LO PARA ALUMNAS NUEVAS 2019. Se agradece su asistencia y puntualidad. Atte, Hna. Adela Espinoza Zapatel Directora","rel":"","context":"Entrada similar ","block_context":{"text":"Entrada similar ","link":""},"img":{"alt_text":"","src":"","width":0,"height":0},"classes":[]}],"_links":{"self":[{"href":"https:\/\/www.cisa-arica.cl\/wp1\/wp-json\/wp\/v2\/posts\/19566","targetHints":{"allow":["GET"]}}],"collection":[{"href":"https:\/\/www.cisa-arica.cl\/wp1\/wp-json\/wp\/v2\/posts"}],"about":[{"href":"https:\/\/www.cisa-arica.cl\/wp1\/wp-json\/wp\/v2\/types\/post"}],"author":[{"embeddable":true,"href":"https:\/\/www.cisa-arica.cl\/wp1\/wp-json\/wp\/v2\/users\/5"}],"replies":[{"embeddable":true,"href":"https:\/\/www.cisa-arica.cl\/wp1\/wp-json\/wp\/v2\/comments?post=19566"}],"version-history":[{"count":1,"href":"https:\/\/www.cisa-arica.cl\/wp1\/wp-json\/wp\/v2\/posts\/19566\/revisions"}],"predecessor-version":[{"id":19567,"href":"https:\/\/www.cisa-arica.cl\/wp1\/wp-json\/wp\/v2\/posts\/19566\/revisions\/19567"}],"wp:attachment":[{"href":"https:\/\/www.cisa-arica.cl\/wp1\/wp-json\/wp\/v2\/media?parent=19566"}],"wp:term":[{"taxonomy":"category","embeddable":true,"href":"https:\/\/www.cisa-arica.cl\/wp1\/wp-json\/wp\/v2\/categories?post=19566"},{"taxonomy":"post_tag","embeddable":true,"href":"https:\/\/www.cisa-arica.cl\/wp1\/wp-json\/wp\/v2\/tags?post=19566"}],"curies":[{"name":"wp","href":"https:\/\/api.w.org\/{rel}","templated":true}]}}