{"id":19473,"date":"2023-03-21T18:33:09","date_gmt":"2023-03-21T22:33:09","guid":{"rendered":"https:\/\/www.cisa-arica.cl\/wp1\/?p=19473"},"modified":"2023-03-21T18:36:31","modified_gmt":"2023-03-21T22:36:31","slug":"reunion-de-apoderados-7mo-a-2do-medio","status":"publish","type":"post","link":"https:\/\/www.cisa-arica.cl\/wp1\/2023\/03\/21\/reunion-de-apoderados-7mo-a-2do-medio\/","title":{"rendered":"Reuni\u00f3n de Apoderados 7mo a 2do Medio"},"content":{"rendered":"<p>Este jueves 23 de marzo, se realizar\u00e1 la primera reuni\u00f3n de Padres y Apoderados para los cursos de S\u00e9ptimos B\u00e1sicos a Segundos a\u00f1os Medios . La hora de inicio para las reuniones est\u00e1 \u00a0programada \u00a0a las 18 horas.<\/p>\n<p>El colegio y la familia cumplen un rol importante en la formaci\u00f3n de nuestras estudiantes,\u00a0es por ello que su asistencia y puntualidad ser\u00e1n vitales para este primer encuentro.<\/p>\n<p>El ingreso ser\u00e1 por 21 de Mayo.<\/p>\n","protected":false},"excerpt":{"rendered":"<p>Este jueves 23 de marzo, se realizar\u00e1 la primera reuni\u00f3n de Padres y Apoderados para los cursos de S\u00e9ptimos B\u00e1sicos a Segundos a\u00f1os Medios . La hora de inicio para las reuniones est\u00e1 \u00a0programada \u00a0a las 18 horas. El colegio y la familia cumplen un rol importante en la formaci\u00f3n de nuestras estudiantes,\u00a0es por ello <a class=\"read-more\" href=\"https:\/\/www.cisa-arica.cl\/wp1\/2023\/03\/21\/reunion-de-apoderados-7mo-a-2do-medio\/\">Continuar leyendo<\/a><\/p>\n","protected":false},"author":5,"featured_media":19474,"comment_status":"closed","ping_status":"open","sticky":false,"template":"","format":"standard","meta":{"_jetpack_memberships_contains_paid_content":false,"footnotes":"","jetpack_publicize_message":"","jetpack_publicize_feature_enabled":true,"jetpack_social_post_already_shared":true,"jetpack_social_options":{"image_generator_settings":{"template":"highway","default_image_id":0,"font":"","enabled":false},"version":2}},"categories":[5],"tags":[],"class_list":["post-19473","post","type-post","status-publish","format-standard","has-post-thumbnail","hentry","category-uncategorized"],"jetpack_publicize_connections":[],"jetpack_featured_media_url":"https:\/\/www.cisa-arica.cl\/wp1\/wp-content\/uploads\/2023\/03\/74236608-452C-406B-851E-1ADF0246BB47.jpeg","jetpack_sharing_enabled":true,"jetpack_shortlink":"https:\/\/wp.me\/p84wcz-545","jetpack-related-posts":[{"id":28462,"url":"https:\/\/www.cisa-arica.cl\/wp1\/2025\/05\/28\/reunion-de-centro-general-de-padres-y-apoderados\/","url_meta":{"origin":19473,"position":0},"title":"Reuni\u00f3n de Centro General de Padres y Apoderados","author":"Jeannette Rivera","date":"28 de Mayo de 2025","format":false,"excerpt":"Ma\u00f1ana jueves 29 de mayo est\u00e1n convocados los apoderados que salieron elegidos como presidentes de su respectivos cursos, a la primera Reuni\u00f3n del Centro General de Padres y Apoderados, cuya profesora a cargo es la se\u00f1ora Marisol Morales. la reuni\u00f3n est\u00e1 programada para este jueves a las 19 horas.","rel":"","context":"Entrada similar ","block_context":{"text":"Entrada similar ","link":""},"img":{"alt_text":"","src":"https:\/\/i0.wp.com\/www.cisa-arica.cl\/wp1\/wp-content\/uploads\/2025\/05\/Beige-and-Orange-Autumn-Wreath-Thanksgiving-Invitation-1.png?resize=350%2C200&ssl=1","width":350,"height":200,"srcset":"https:\/\/i0.wp.com\/www.cisa-arica.cl\/wp1\/wp-content\/uploads\/2025\/05\/Beige-and-Orange-Autumn-Wreath-Thanksgiving-Invitation-1.png?resize=350%2C200&ssl=1 1x, https:\/\/i0.wp.com\/www.cisa-arica.cl\/wp1\/wp-content\/uploads\/2025\/05\/Beige-and-Orange-Autumn-Wreath-Thanksgiving-Invitation-1.png?resize=525%2C300&ssl=1 1.5x, https:\/\/i0.wp.com\/www.cisa-arica.cl\/wp1\/wp-content\/uploads\/2025\/05\/Beige-and-Orange-Autumn-Wreath-Thanksgiving-Invitation-1.png?resize=700%2C400&ssl=1 2x, https:\/\/i0.wp.com\/www.cisa-arica.cl\/wp1\/wp-content\/uploads\/2025\/05\/Beige-and-Orange-Autumn-Wreath-Thanksgiving-Invitation-1.png?resize=1050%2C600&ssl=1 3x, https:\/\/i0.wp.com\/www.cisa-arica.cl\/wp1\/wp-content\/uploads\/2025\/05\/Beige-and-Orange-Autumn-Wreath-Thanksgiving-Invitation-1.png?resize=1400%2C800&ssl=1 4x"},"classes":[]},{"id":19566,"url":"https:\/\/www.cisa-arica.cl\/wp1\/2023\/03\/27\/reunion-de-apoderados-desde-prekinder-a-6to-basico\/","url_meta":{"origin":19473,"position":1},"title":"Reuni\u00f3n de Apoderados desde Prekinder a 6to b\u00e1sico","author":"Jeannette Rivera","date":"27 de Marzo de 2023","format":false,"excerpt":"Se recuerda a los padres y apoderados que ma\u00f1ana martes 28 de marzo, se realizar\u00e1 la primera reuni\u00f3n de Padres y Apoderados para los cursos de Prekinder a 6tos a\u00f1os b\u00e1sicos. La hora de inicio para las reuniones est\u00e1 \u00a0programada\u00a0 para las 18 horas. por lo que se solicita puntualidad.\u2026","rel":"","context":"Entrada similar ","block_context":{"text":"Entrada similar ","link":""},"img":{"alt_text":"","src":"","width":0,"height":0},"classes":[]},{"id":21268,"url":"https:\/\/www.cisa-arica.cl\/wp1\/2023\/07\/28\/reunion-de-apoderados-10\/","url_meta":{"origin":19473,"position":2},"title":"Reuni\u00f3n de Apoderados","author":"Jeannette Rivera","date":"28 de Julio de 2023","format":false,"excerpt":"Estimado(a)\u00a0Apoderado(a): \u00a0 \u00a0Se informa que la pr\u00f3xima semana se realizar\u00e1n las\u00a0Reuniones\u00a0de\u00a0Apoderados\u00a0correspondientes a este nuevo per\u00edodo de clases: LUNES 31 DE JULIO 2023 Educaci\u00f3n Parvularia y Educaci\u00f3n B\u00e1sica Niveles: Desde pre kinder a 6\u00ba a\u00f1o b\u00e1sico Hora: 18.00 hrs. Ingreso por 21 de mayo. MARTES 01 DE AGOSTO 2023 Educaci\u00f3n Media\u2026","rel":"","context":"Entrada similar ","block_context":{"text":"Entrada similar ","link":""},"img":{"alt_text":"","src":"","width":0,"height":0},"classes":[]},{"id":9267,"url":"https:\/\/www.cisa-arica.cl\/wp1\/2019\/09\/11\/informacion-importante-horario-de-salida-y-reunion-de-apoderados\/","url_meta":{"origin":19473,"position":3},"title":"Informaci\u00f3n importante: Reuni\u00f3n de apoderados","author":"Jeannette Rivera","date":"11 de Septiembre de 2019","format":false,"excerpt":"Estimado padre y apoderado: Junto con saludarlos, se comunica que las reuniones de apoderados para este mes se realizar\u00e1n en las siguientes fechas: - Martes 24 de septiembre 19.00 hrs. Educaci\u00f3n pre b\u00e1sica - Mi\u00e9rcoles 25 de septiembre 19.00 hrs. Educaci\u00f3n b\u00e1sica 1\u00ba a 6\u00ba a\u00f1o. - Jueves 26 de\u2026","rel":"","context":"Entrada similar ","block_context":{"text":"Entrada similar ","link":""},"img":{"alt_text":"","src":"https:\/\/i0.wp.com\/www.cisa-arica.cl\/wp1\/wp-content\/uploads\/2019\/04\/cropped-LOGO_CISA_chico-2-e1557940881746.png?resize=350%2C200&ssl=1","width":350,"height":200},"classes":[]},{"id":12749,"url":"https:\/\/www.cisa-arica.cl\/wp1\/2021\/07\/28\/reunion-de-apoderados-retorno-seguro-gradual-y-flexible\/","url_meta":{"origin":19473,"position":4},"title":"Reuni\u00f3n de Apoderados \u201cRetorno Seguro, gradual y flexible.","author":"CISA","date":"28 de Julio de 2021","format":false,"excerpt":"Estimada Familia Santa Ana. Esperando que se encuentre bien, env\u00edo la presente citaci\u00f3n a Reuni\u00f3n de Apoderados extraordinaria para todos los cursos, desde Educaci\u00f3n Parvularia hasta 4to. medio, a realizarse este JUEVES 29 DE JULIO a las 18.00 hrs.a trav\u00e9s de meet.El enlace se enviar\u00e1 al correo institucional de la\u2026","rel":"","context":"Entrada similar ","block_context":{"text":"Entrada similar ","link":""},"img":{"alt_text":"","src":"https:\/\/i0.wp.com\/www.cisa-arica.cl\/wp1\/wp-content\/uploads\/2021\/07\/ed5292f2-ce75-48ad-b157-6d956da3dce3.png?resize=350%2C200&ssl=1","width":350,"height":200,"srcset":"https:\/\/i0.wp.com\/www.cisa-arica.cl\/wp1\/wp-content\/uploads\/2021\/07\/ed5292f2-ce75-48ad-b157-6d956da3dce3.png?resize=350%2C200&ssl=1 1x, https:\/\/i0.wp.com\/www.cisa-arica.cl\/wp1\/wp-content\/uploads\/2021\/07\/ed5292f2-ce75-48ad-b157-6d956da3dce3.png?resize=525%2C300&ssl=1 1.5x, https:\/\/i0.wp.com\/www.cisa-arica.cl\/wp1\/wp-content\/uploads\/2021\/07\/ed5292f2-ce75-48ad-b157-6d956da3dce3.png?resize=700%2C400&ssl=1 2x, https:\/\/i0.wp.com\/www.cisa-arica.cl\/wp1\/wp-content\/uploads\/2021\/07\/ed5292f2-ce75-48ad-b157-6d956da3dce3.png?resize=1050%2C600&ssl=1 3x, https:\/\/i0.wp.com\/www.cisa-arica.cl\/wp1\/wp-content\/uploads\/2021\/07\/ed5292f2-ce75-48ad-b157-6d956da3dce3.png?resize=1400%2C800&ssl=1 4x"},"classes":[]},{"id":20577,"url":"https:\/\/www.cisa-arica.cl\/wp1\/2023\/05\/27\/citacion-a-2da-reunion-de-padres-y-apoderados\/","url_meta":{"origin":19473,"position":5},"title":"Citaci\u00f3n a 2da Reuni\u00f3n de Padres y Apoderados","author":"Jeannette Rivera","date":"27 de Mayo de 2023","format":false,"excerpt":"Estimado(a) Apoderado(a) muy buenos d\u00edas. Junto con saludarle y a la espera que se encuentre bien de salud informo\u00a0a usted que la pr\u00f3xima semana se realizar\u00e1n las Reuniones de Apoderados correspondientes a este mes. A continuaci\u00f3n env\u00edo el detalle: LUNES 29 DE MAYO 2023 Educaci\u00f3n Parvularia y Educaci\u00f3n B\u00e1sica Niveles:\u2026","rel":"","context":"Entrada similar ","block_context":{"text":"Entrada similar ","link":""},"img":{"alt_text":"","src":"","width":0,"height":0},"classes":[]}],"_links":{"self":[{"href":"https:\/\/www.cisa-arica.cl\/wp1\/wp-json\/wp\/v2\/posts\/19473","targetHints":{"allow":["GET"]}}],"collection":[{"href":"https:\/\/www.cisa-arica.cl\/wp1\/wp-json\/wp\/v2\/posts"}],"about":[{"href":"https:\/\/www.cisa-arica.cl\/wp1\/wp-json\/wp\/v2\/types\/post"}],"author":[{"embeddable":true,"href":"https:\/\/www.cisa-arica.cl\/wp1\/wp-json\/wp\/v2\/users\/5"}],"replies":[{"embeddable":true,"href":"https:\/\/www.cisa-arica.cl\/wp1\/wp-json\/wp\/v2\/comments?post=19473"}],"version-history":[{"count":4,"href":"https:\/\/www.cisa-arica.cl\/wp1\/wp-json\/wp\/v2\/posts\/19473\/revisions"}],"predecessor-version":[{"id":19479,"href":"https:\/\/www.cisa-arica.cl\/wp1\/wp-json\/wp\/v2\/posts\/19473\/revisions\/19479"}],"wp:featuredmedia":[{"embeddable":true,"href":"https:\/\/www.cisa-arica.cl\/wp1\/wp-json\/wp\/v2\/media\/19474"}],"wp:attachment":[{"href":"https:\/\/www.cisa-arica.cl\/wp1\/wp-json\/wp\/v2\/media?parent=19473"}],"wp:term":[{"taxonomy":"category","embeddable":true,"href":"https:\/\/www.cisa-arica.cl\/wp1\/wp-json\/wp\/v2\/categories?post=19473"},{"taxonomy":"post_tag","embeddable":true,"href":"https:\/\/www.cisa-arica.cl\/wp1\/wp-json\/wp\/v2\/tags?post=19473"}],"curies":[{"name":"wp","href":"https:\/\/api.w.org\/{rel}","templated":true}]}}