{"id":19383,"date":"2023-03-15T09:21:15","date_gmt":"2023-03-15T13:21:15","guid":{"rendered":"https:\/\/www.cisa-arica.cl\/wp1\/?p=19383"},"modified":"2023-03-17T19:50:45","modified_gmt":"2023-03-17T23:50:45","slug":"dia-internacional-de-la-matematica","status":"publish","type":"post","link":"https:\/\/www.cisa-arica.cl\/wp1\/2023\/03\/15\/dia-internacional-de-la-matematica\/","title":{"rendered":"D\u00eda Internacional de la Matem\u00e1tica"},"content":{"rendered":"<p>Estimada Comunidad Educativa:<\/p>\n<p>El departamento de Matem\u00e1tica de nuestro establecimiento se une a los actos de celebraci\u00f3n del d\u00eda del n\u00famero \u201cPi\u201d (declarado DIA INTERNACIONAL DE LAS MATEMATICAS por la UNESCO), el cual fue celebrado ayer martes 14 de marzo. Esta es una fecha para recordar la existencia de una constante matem\u00e1tica que ha sido muy significativa a lo largo de la historia.<\/p>\n<p>Para celebrar esta fecha, el Departamento de Matem\u00e1tica organiz\u00f3 algunas actividades las que se desarrollaron en clases de la asignatura.<\/p>\n\n\n\n\n<div class=\"wp-block-jetpack-tiled-gallery aligncenter is-style-rectangular\"><div class=\"tiled-gallery__gallery\"><div class=\"tiled-gallery__row\"><div class=\"tiled-gallery__col\" style=\"flex-basis:25.00000%\"><figure class=\"tiled-gallery__item\"><img decoding=\"async\" data-attachment-id=\"19395\" data-permalink=\"https:\/\/www.cisa-arica.cl\/wp1\/2023\/03\/15\/dia-internacional-de-la-matematica\/photo-2023-03-15-07-39-30\/\" data-orig-file=\"https:\/\/www.cisa-arica.cl\/wp1\/wp-content\/uploads\/2023\/03\/PHOTO-2023-03-15-07-39-30.jpg\" data-orig-size=\"768,1024\" data-comments-opened=\"0\" data-image-meta=\"{&quot;aperture&quot;:&quot;0&quot;,&quot;credit&quot;:&quot;&quot;,&quot;camera&quot;:&quot;&quot;,&quot;caption&quot;:&quot;&quot;,&quot;created_timestamp&quot;:&quot;0&quot;,&quot;copyright&quot;:&quot;&quot;,&quot;focal_length&quot;:&quot;0&quot;,&quot;iso&quot;:&quot;0&quot;,&quot;shutter_speed&quot;:&quot;0&quot;,&quot;title&quot;:&quot;&quot;,&quot;orientation&quot;:&quot;0&quot;}\" data-image-title=\"PHOTO-2023-03-15-07-39-30\" data-image-description=\"\" data-image-caption=\"\" data-large-file=\"https:\/\/www.cisa-arica.cl\/wp1\/wp-content\/uploads\/2023\/03\/PHOTO-2023-03-15-07-39-30-450x600.jpg\" data-attachment-id=\"19395\" data-permalink=\"https:\/\/www.cisa-arica.cl\/wp1\/2023\/03\/15\/dia-internacional-de-la-matematica\/photo-2023-03-15-07-39-30\/\" data-orig-file=\"https:\/\/www.cisa-arica.cl\/wp1\/wp-content\/uploads\/2023\/03\/PHOTO-2023-03-15-07-39-30.jpg\" data-orig-size=\"768,1024\" data-comments-opened=\"0\" data-image-meta=\"{&quot;aperture&quot;:&quot;0&quot;,&quot;credit&quot;:&quot;&quot;,&quot;camera&quot;:&quot;&quot;,&quot;caption&quot;:&quot;&quot;,&quot;created_timestamp&quot;:&quot;0&quot;,&quot;copyright&quot;:&quot;&quot;,&quot;focal_length&quot;:&quot;0&quot;,&quot;iso&quot;:&quot;0&quot;,&quot;shutter_speed&quot;:&quot;0&quot;,&quot;title&quot;:&quot;&quot;,&quot;orientation&quot;:&quot;0&quot;}\" data-image-title=\"PHOTO-2023-03-15-07-39-30\" data-image-description=\"\" data-image-caption=\"\" data-large-file=\"https:\/\/www.cisa-arica.cl\/wp1\/wp-content\/uploads\/2023\/03\/PHOTO-2023-03-15-07-39-30-450x600.jpg\" role=\"button\" tabindex=\"0\" aria-label=\"Abrir la imagen 1 de 8 en pantalla completa\"srcset=\"https:\/\/i1.wp.com\/www.cisa-arica.cl\/wp1\/wp-content\/uploads\/2023\/03\/PHOTO-2023-03-15-07-39-30-450x600.jpg?strip=info&#038;w=600&#038;ssl=1 600w,https:\/\/i1.wp.com\/www.cisa-arica.cl\/wp1\/wp-content\/uploads\/2023\/03\/PHOTO-2023-03-15-07-39-30-450x600.jpg?strip=info&#038;w=768&#038;ssl=1 768w\" alt=\"\" data-height=\"1024\" data-id=\"19395\" data-link=\"https:\/\/www.cisa-arica.cl\/wp1\/2023\/03\/15\/dia-internacional-de-la-matematica\/photo-2023-03-15-07-39-30\/\" data-url=\"https:\/\/www.cisa-arica.cl\/wp1\/wp-content\/uploads\/2023\/03\/PHOTO-2023-03-15-07-39-30-450x600.jpg\" data-width=\"768\" src=\"https:\/\/i1.wp.com\/www.cisa-arica.cl\/wp1\/wp-content\/uploads\/2023\/03\/PHOTO-2023-03-15-07-39-30-450x600.jpg?ssl=1\" data-amp-layout=\"responsive\"\/><\/figure><\/div><div class=\"tiled-gallery__col\" style=\"flex-basis:25.00000%\"><figure class=\"tiled-gallery__item\"><img decoding=\"async\" data-attachment-id=\"19396\" data-permalink=\"https:\/\/www.cisa-arica.cl\/wp1\/2023\/03\/15\/dia-internacional-de-la-matematica\/photo-2023-03-15-07-39-29\/\" data-orig-file=\"https:\/\/www.cisa-arica.cl\/wp1\/wp-content\/uploads\/2023\/03\/PHOTO-2023-03-15-07-39-29.jpg\" data-orig-size=\"768,1024\" data-comments-opened=\"0\" data-image-meta=\"{&quot;aperture&quot;:&quot;0&quot;,&quot;credit&quot;:&quot;&quot;,&quot;camera&quot;:&quot;&quot;,&quot;caption&quot;:&quot;&quot;,&quot;created_timestamp&quot;:&quot;0&quot;,&quot;copyright&quot;:&quot;&quot;,&quot;focal_length&quot;:&quot;0&quot;,&quot;iso&quot;:&quot;0&quot;,&quot;shutter_speed&quot;:&quot;0&quot;,&quot;title&quot;:&quot;&quot;,&quot;orientation&quot;:&quot;0&quot;}\" data-image-title=\"PHOTO-2023-03-15-07-39-29\" data-image-description=\"\" data-image-caption=\"\" data-large-file=\"https:\/\/www.cisa-arica.cl\/wp1\/wp-content\/uploads\/2023\/03\/PHOTO-2023-03-15-07-39-29-450x600.jpg\" data-attachment-id=\"19396\" data-permalink=\"https:\/\/www.cisa-arica.cl\/wp1\/2023\/03\/15\/dia-internacional-de-la-matematica\/photo-2023-03-15-07-39-29\/\" data-orig-file=\"https:\/\/www.cisa-arica.cl\/wp1\/wp-content\/uploads\/2023\/03\/PHOTO-2023-03-15-07-39-29.jpg\" data-orig-size=\"768,1024\" data-comments-opened=\"0\" data-image-meta=\"{&quot;aperture&quot;:&quot;0&quot;,&quot;credit&quot;:&quot;&quot;,&quot;camera&quot;:&quot;&quot;,&quot;caption&quot;:&quot;&quot;,&quot;created_timestamp&quot;:&quot;0&quot;,&quot;copyright&quot;:&quot;&quot;,&quot;focal_length&quot;:&quot;0&quot;,&quot;iso&quot;:&quot;0&quot;,&quot;shutter_speed&quot;:&quot;0&quot;,&quot;title&quot;:&quot;&quot;,&quot;orientation&quot;:&quot;0&quot;}\" data-image-title=\"PHOTO-2023-03-15-07-39-29\" data-image-description=\"\" data-image-caption=\"\" data-large-file=\"https:\/\/www.cisa-arica.cl\/wp1\/wp-content\/uploads\/2023\/03\/PHOTO-2023-03-15-07-39-29-450x600.jpg\" role=\"button\" tabindex=\"0\" aria-label=\"Abrir la imagen 2 de 8 en pantalla completa\"srcset=\"https:\/\/i2.wp.com\/www.cisa-arica.cl\/wp1\/wp-content\/uploads\/2023\/03\/PHOTO-2023-03-15-07-39-29-450x600.jpg?strip=info&#038;w=600&#038;ssl=1 600w,https:\/\/i2.wp.com\/www.cisa-arica.cl\/wp1\/wp-content\/uploads\/2023\/03\/PHOTO-2023-03-15-07-39-29-450x600.jpg?strip=info&#038;w=768&#038;ssl=1 768w\" alt=\"\" data-height=\"1024\" data-id=\"19396\" data-link=\"https:\/\/www.cisa-arica.cl\/wp1\/2023\/03\/15\/dia-internacional-de-la-matematica\/photo-2023-03-15-07-39-29\/\" data-url=\"https:\/\/www.cisa-arica.cl\/wp1\/wp-content\/uploads\/2023\/03\/PHOTO-2023-03-15-07-39-29-450x600.jpg\" data-width=\"768\" src=\"https:\/\/i2.wp.com\/www.cisa-arica.cl\/wp1\/wp-content\/uploads\/2023\/03\/PHOTO-2023-03-15-07-39-29-450x600.jpg?ssl=1\" data-amp-layout=\"responsive\"\/><\/figure><\/div><div class=\"tiled-gallery__col\" style=\"flex-basis:25.00000%\"><figure class=\"tiled-gallery__item\"><img decoding=\"async\" data-attachment-id=\"19397\" data-permalink=\"https:\/\/www.cisa-arica.cl\/wp1\/2023\/03\/15\/dia-internacional-de-la-matematica\/photo-2023-03-15-07-39-294\/\" data-orig-file=\"https:\/\/www.cisa-arica.cl\/wp1\/wp-content\/uploads\/2023\/03\/PHOTO-2023-03-15-07-39-294.jpg\" data-orig-size=\"768,1024\" data-comments-opened=\"0\" data-image-meta=\"{&quot;aperture&quot;:&quot;0&quot;,&quot;credit&quot;:&quot;&quot;,&quot;camera&quot;:&quot;&quot;,&quot;caption&quot;:&quot;&quot;,&quot;created_timestamp&quot;:&quot;0&quot;,&quot;copyright&quot;:&quot;&quot;,&quot;focal_length&quot;:&quot;0&quot;,&quot;iso&quot;:&quot;0&quot;,&quot;shutter_speed&quot;:&quot;0&quot;,&quot;title&quot;:&quot;&quot;,&quot;orientation&quot;:&quot;0&quot;}\" data-image-title=\"PHOTO-2023-03-15-07-39-294\" data-image-description=\"\" data-image-caption=\"\" data-large-file=\"https:\/\/www.cisa-arica.cl\/wp1\/wp-content\/uploads\/2023\/03\/PHOTO-2023-03-15-07-39-294-450x600.jpg\" data-attachment-id=\"19397\" data-permalink=\"https:\/\/www.cisa-arica.cl\/wp1\/2023\/03\/15\/dia-internacional-de-la-matematica\/photo-2023-03-15-07-39-294\/\" data-orig-file=\"https:\/\/www.cisa-arica.cl\/wp1\/wp-content\/uploads\/2023\/03\/PHOTO-2023-03-15-07-39-294.jpg\" data-orig-size=\"768,1024\" data-comments-opened=\"0\" data-image-meta=\"{&quot;aperture&quot;:&quot;0&quot;,&quot;credit&quot;:&quot;&quot;,&quot;camera&quot;:&quot;&quot;,&quot;caption&quot;:&quot;&quot;,&quot;created_timestamp&quot;:&quot;0&quot;,&quot;copyright&quot;:&quot;&quot;,&quot;focal_length&quot;:&quot;0&quot;,&quot;iso&quot;:&quot;0&quot;,&quot;shutter_speed&quot;:&quot;0&quot;,&quot;title&quot;:&quot;&quot;,&quot;orientation&quot;:&quot;0&quot;}\" data-image-title=\"PHOTO-2023-03-15-07-39-294\" data-image-description=\"\" data-image-caption=\"\" data-large-file=\"https:\/\/www.cisa-arica.cl\/wp1\/wp-content\/uploads\/2023\/03\/PHOTO-2023-03-15-07-39-294-450x600.jpg\" role=\"button\" tabindex=\"0\" aria-label=\"Abrir la imagen 3 de 8 en pantalla completa\"srcset=\"https:\/\/i0.wp.com\/www.cisa-arica.cl\/wp1\/wp-content\/uploads\/2023\/03\/PHOTO-2023-03-15-07-39-294-450x600.jpg?strip=info&#038;w=600&#038;ssl=1 600w,https:\/\/i0.wp.com\/www.cisa-arica.cl\/wp1\/wp-content\/uploads\/2023\/03\/PHOTO-2023-03-15-07-39-294-450x600.jpg?strip=info&#038;w=768&#038;ssl=1 768w\" alt=\"\" data-height=\"1024\" data-id=\"19397\" data-link=\"https:\/\/www.cisa-arica.cl\/wp1\/2023\/03\/15\/dia-internacional-de-la-matematica\/photo-2023-03-15-07-39-294\/\" data-url=\"https:\/\/www.cisa-arica.cl\/wp1\/wp-content\/uploads\/2023\/03\/PHOTO-2023-03-15-07-39-294-450x600.jpg\" data-width=\"768\" src=\"https:\/\/i0.wp.com\/www.cisa-arica.cl\/wp1\/wp-content\/uploads\/2023\/03\/PHOTO-2023-03-15-07-39-294-450x600.jpg?ssl=1\" data-amp-layout=\"responsive\"\/><\/figure><\/div><div class=\"tiled-gallery__col\" style=\"flex-basis:25.00000%\"><figure class=\"tiled-gallery__item\"><img decoding=\"async\" data-attachment-id=\"19398\" data-permalink=\"https:\/\/www.cisa-arica.cl\/wp1\/2023\/03\/15\/dia-internacional-de-la-matematica\/photo-2023-03-15-07-39-293\/\" data-orig-file=\"https:\/\/www.cisa-arica.cl\/wp1\/wp-content\/uploads\/2023\/03\/PHOTO-2023-03-15-07-39-293.jpg\" data-orig-size=\"768,1024\" data-comments-opened=\"0\" data-image-meta=\"{&quot;aperture&quot;:&quot;0&quot;,&quot;credit&quot;:&quot;&quot;,&quot;camera&quot;:&quot;&quot;,&quot;caption&quot;:&quot;&quot;,&quot;created_timestamp&quot;:&quot;0&quot;,&quot;copyright&quot;:&quot;&quot;,&quot;focal_length&quot;:&quot;0&quot;,&quot;iso&quot;:&quot;0&quot;,&quot;shutter_speed&quot;:&quot;0&quot;,&quot;title&quot;:&quot;&quot;,&quot;orientation&quot;:&quot;0&quot;}\" data-image-title=\"PHOTO-2023-03-15-07-39-293\" data-image-description=\"\" data-image-caption=\"\" data-large-file=\"https:\/\/www.cisa-arica.cl\/wp1\/wp-content\/uploads\/2023\/03\/PHOTO-2023-03-15-07-39-293-450x600.jpg\" data-attachment-id=\"19398\" data-permalink=\"https:\/\/www.cisa-arica.cl\/wp1\/2023\/03\/15\/dia-internacional-de-la-matematica\/photo-2023-03-15-07-39-293\/\" data-orig-file=\"https:\/\/www.cisa-arica.cl\/wp1\/wp-content\/uploads\/2023\/03\/PHOTO-2023-03-15-07-39-293.jpg\" data-orig-size=\"768,1024\" data-comments-opened=\"0\" data-image-meta=\"{&quot;aperture&quot;:&quot;0&quot;,&quot;credit&quot;:&quot;&quot;,&quot;camera&quot;:&quot;&quot;,&quot;caption&quot;:&quot;&quot;,&quot;created_timestamp&quot;:&quot;0&quot;,&quot;copyright&quot;:&quot;&quot;,&quot;focal_length&quot;:&quot;0&quot;,&quot;iso&quot;:&quot;0&quot;,&quot;shutter_speed&quot;:&quot;0&quot;,&quot;title&quot;:&quot;&quot;,&quot;orientation&quot;:&quot;0&quot;}\" data-image-title=\"PHOTO-2023-03-15-07-39-293\" data-image-description=\"\" data-image-caption=\"\" data-large-file=\"https:\/\/www.cisa-arica.cl\/wp1\/wp-content\/uploads\/2023\/03\/PHOTO-2023-03-15-07-39-293-450x600.jpg\" role=\"button\" tabindex=\"0\" aria-label=\"Abrir la imagen 4 de 8 en pantalla completa\"srcset=\"https:\/\/i0.wp.com\/www.cisa-arica.cl\/wp1\/wp-content\/uploads\/2023\/03\/PHOTO-2023-03-15-07-39-293-450x600.jpg?strip=info&#038;w=600&#038;ssl=1 600w,https:\/\/i0.wp.com\/www.cisa-arica.cl\/wp1\/wp-content\/uploads\/2023\/03\/PHOTO-2023-03-15-07-39-293-450x600.jpg?strip=info&#038;w=768&#038;ssl=1 768w\" alt=\"\" data-height=\"1024\" data-id=\"19398\" data-link=\"https:\/\/www.cisa-arica.cl\/wp1\/2023\/03\/15\/dia-internacional-de-la-matematica\/photo-2023-03-15-07-39-293\/\" data-url=\"https:\/\/www.cisa-arica.cl\/wp1\/wp-content\/uploads\/2023\/03\/PHOTO-2023-03-15-07-39-293-450x600.jpg\" data-width=\"768\" src=\"https:\/\/i0.wp.com\/www.cisa-arica.cl\/wp1\/wp-content\/uploads\/2023\/03\/PHOTO-2023-03-15-07-39-293-450x600.jpg?ssl=1\" data-amp-layout=\"responsive\"\/><\/figure><\/div><\/div><div class=\"tiled-gallery__row\"><div class=\"tiled-gallery__col\" style=\"flex-basis:18.65962%\"><figure class=\"tiled-gallery__item\"><img decoding=\"async\" data-attachment-id=\"19399\" data-permalink=\"https:\/\/www.cisa-arica.cl\/wp1\/2023\/03\/15\/dia-internacional-de-la-matematica\/photo-2023-03-15-07-39-292\/\" data-orig-file=\"https:\/\/www.cisa-arica.cl\/wp1\/wp-content\/uploads\/2023\/03\/PHOTO-2023-03-15-07-39-292.jpg\" data-orig-size=\"768,1024\" data-comments-opened=\"0\" data-image-meta=\"{&quot;aperture&quot;:&quot;0&quot;,&quot;credit&quot;:&quot;&quot;,&quot;camera&quot;:&quot;&quot;,&quot;caption&quot;:&quot;&quot;,&quot;created_timestamp&quot;:&quot;0&quot;,&quot;copyright&quot;:&quot;&quot;,&quot;focal_length&quot;:&quot;0&quot;,&quot;iso&quot;:&quot;0&quot;,&quot;shutter_speed&quot;:&quot;0&quot;,&quot;title&quot;:&quot;&quot;,&quot;orientation&quot;:&quot;0&quot;}\" data-image-title=\"PHOTO-2023-03-15-07-39-292\" data-image-description=\"\" data-image-caption=\"\" data-large-file=\"https:\/\/www.cisa-arica.cl\/wp1\/wp-content\/uploads\/2023\/03\/PHOTO-2023-03-15-07-39-292-450x600.jpg\" data-attachment-id=\"19399\" data-permalink=\"https:\/\/www.cisa-arica.cl\/wp1\/2023\/03\/15\/dia-internacional-de-la-matematica\/photo-2023-03-15-07-39-292\/\" data-orig-file=\"https:\/\/www.cisa-arica.cl\/wp1\/wp-content\/uploads\/2023\/03\/PHOTO-2023-03-15-07-39-292.jpg\" data-orig-size=\"768,1024\" data-comments-opened=\"0\" data-image-meta=\"{&quot;aperture&quot;:&quot;0&quot;,&quot;credit&quot;:&quot;&quot;,&quot;camera&quot;:&quot;&quot;,&quot;caption&quot;:&quot;&quot;,&quot;created_timestamp&quot;:&quot;0&quot;,&quot;copyright&quot;:&quot;&quot;,&quot;focal_length&quot;:&quot;0&quot;,&quot;iso&quot;:&quot;0&quot;,&quot;shutter_speed&quot;:&quot;0&quot;,&quot;title&quot;:&quot;&quot;,&quot;orientation&quot;:&quot;0&quot;}\" data-image-title=\"PHOTO-2023-03-15-07-39-292\" data-image-description=\"\" data-image-caption=\"\" data-large-file=\"https:\/\/www.cisa-arica.cl\/wp1\/wp-content\/uploads\/2023\/03\/PHOTO-2023-03-15-07-39-292-450x600.jpg\" role=\"button\" tabindex=\"0\" aria-label=\"Abrir la imagen 5 de 8 en pantalla completa\"srcset=\"https:\/\/i2.wp.com\/www.cisa-arica.cl\/wp1\/wp-content\/uploads\/2023\/03\/PHOTO-2023-03-15-07-39-292-450x600.jpg?strip=info&#038;w=600&#038;ssl=1 600w,https:\/\/i2.wp.com\/www.cisa-arica.cl\/wp1\/wp-content\/uploads\/2023\/03\/PHOTO-2023-03-15-07-39-292-450x600.jpg?strip=info&#038;w=768&#038;ssl=1 768w\" alt=\"\" data-height=\"1024\" data-id=\"19399\" data-link=\"https:\/\/www.cisa-arica.cl\/wp1\/2023\/03\/15\/dia-internacional-de-la-matematica\/photo-2023-03-15-07-39-292\/\" data-url=\"https:\/\/www.cisa-arica.cl\/wp1\/wp-content\/uploads\/2023\/03\/PHOTO-2023-03-15-07-39-292-450x600.jpg\" data-width=\"768\" src=\"https:\/\/i2.wp.com\/www.cisa-arica.cl\/wp1\/wp-content\/uploads\/2023\/03\/PHOTO-2023-03-15-07-39-292-450x600.jpg?ssl=1\" data-amp-layout=\"responsive\"\/><\/figure><\/div><div class=\"tiled-gallery__col\" style=\"flex-basis:18.65962%\"><figure class=\"tiled-gallery__item\"><img decoding=\"async\" data-attachment-id=\"19400\" data-permalink=\"https:\/\/www.cisa-arica.cl\/wp1\/2023\/03\/15\/dia-internacional-de-la-matematica\/photo-2023-03-15-07-39-291\/\" data-orig-file=\"https:\/\/www.cisa-arica.cl\/wp1\/wp-content\/uploads\/2023\/03\/PHOTO-2023-03-15-07-39-291.jpg\" data-orig-size=\"768,1024\" data-comments-opened=\"0\" data-image-meta=\"{&quot;aperture&quot;:&quot;0&quot;,&quot;credit&quot;:&quot;&quot;,&quot;camera&quot;:&quot;&quot;,&quot;caption&quot;:&quot;&quot;,&quot;created_timestamp&quot;:&quot;0&quot;,&quot;copyright&quot;:&quot;&quot;,&quot;focal_length&quot;:&quot;0&quot;,&quot;iso&quot;:&quot;0&quot;,&quot;shutter_speed&quot;:&quot;0&quot;,&quot;title&quot;:&quot;&quot;,&quot;orientation&quot;:&quot;0&quot;}\" data-image-title=\"PHOTO-2023-03-15-07-39-291\" data-image-description=\"\" data-image-caption=\"\" data-large-file=\"https:\/\/www.cisa-arica.cl\/wp1\/wp-content\/uploads\/2023\/03\/PHOTO-2023-03-15-07-39-291-450x600.jpg\" data-attachment-id=\"19400\" data-permalink=\"https:\/\/www.cisa-arica.cl\/wp1\/2023\/03\/15\/dia-internacional-de-la-matematica\/photo-2023-03-15-07-39-291\/\" data-orig-file=\"https:\/\/www.cisa-arica.cl\/wp1\/wp-content\/uploads\/2023\/03\/PHOTO-2023-03-15-07-39-291.jpg\" data-orig-size=\"768,1024\" data-comments-opened=\"0\" data-image-meta=\"{&quot;aperture&quot;:&quot;0&quot;,&quot;credit&quot;:&quot;&quot;,&quot;camera&quot;:&quot;&quot;,&quot;caption&quot;:&quot;&quot;,&quot;created_timestamp&quot;:&quot;0&quot;,&quot;copyright&quot;:&quot;&quot;,&quot;focal_length&quot;:&quot;0&quot;,&quot;iso&quot;:&quot;0&quot;,&quot;shutter_speed&quot;:&quot;0&quot;,&quot;title&quot;:&quot;&quot;,&quot;orientation&quot;:&quot;0&quot;}\" data-image-title=\"PHOTO-2023-03-15-07-39-291\" data-image-description=\"\" data-image-caption=\"\" data-large-file=\"https:\/\/www.cisa-arica.cl\/wp1\/wp-content\/uploads\/2023\/03\/PHOTO-2023-03-15-07-39-291-450x600.jpg\" role=\"button\" tabindex=\"0\" aria-label=\"Abrir la imagen 6 de 8 en pantalla completa\"srcset=\"https:\/\/i1.wp.com\/www.cisa-arica.cl\/wp1\/wp-content\/uploads\/2023\/03\/PHOTO-2023-03-15-07-39-291-450x600.jpg?strip=info&#038;w=600&#038;ssl=1 600w,https:\/\/i1.wp.com\/www.cisa-arica.cl\/wp1\/wp-content\/uploads\/2023\/03\/PHOTO-2023-03-15-07-39-291-450x600.jpg?strip=info&#038;w=768&#038;ssl=1 768w\" alt=\"\" data-height=\"1024\" data-id=\"19400\" data-link=\"https:\/\/www.cisa-arica.cl\/wp1\/2023\/03\/15\/dia-internacional-de-la-matematica\/photo-2023-03-15-07-39-291\/\" data-url=\"https:\/\/www.cisa-arica.cl\/wp1\/wp-content\/uploads\/2023\/03\/PHOTO-2023-03-15-07-39-291-450x600.jpg\" data-width=\"768\" src=\"https:\/\/i1.wp.com\/www.cisa-arica.cl\/wp1\/wp-content\/uploads\/2023\/03\/PHOTO-2023-03-15-07-39-291-450x600.jpg?ssl=1\" data-amp-layout=\"responsive\"\/><\/figure><\/div><div class=\"tiled-gallery__col\" style=\"flex-basis:18.65962%\"><figure class=\"tiled-gallery__item\"><img decoding=\"async\" data-attachment-id=\"19442\" data-permalink=\"https:\/\/www.cisa-arica.cl\/wp1\/2023\/03\/15\/dia-internacional-de-la-matematica\/985aba86-4284-469a-a1bc-adfc94f1d064\/\" data-orig-file=\"https:\/\/www.cisa-arica.cl\/wp1\/wp-content\/uploads\/2023\/03\/985ABA86-4284-469A-A1BC-ADFC94F1D064-scaled.jpeg\" data-orig-size=\"1920,2560\" data-comments-opened=\"0\" data-image-meta=\"{&quot;aperture&quot;:&quot;0&quot;,&quot;credit&quot;:&quot;&quot;,&quot;camera&quot;:&quot;&quot;,&quot;caption&quot;:&quot;&quot;,&quot;created_timestamp&quot;:&quot;0&quot;,&quot;copyright&quot;:&quot;&quot;,&quot;focal_length&quot;:&quot;0&quot;,&quot;iso&quot;:&quot;0&quot;,&quot;shutter_speed&quot;:&quot;0&quot;,&quot;title&quot;:&quot;&quot;,&quot;orientation&quot;:&quot;1&quot;}\" data-image-title=\"985ABA86-4284-469A-A1BC-ADFC94F1D064\" data-image-description=\"\" data-image-caption=\"\" data-large-file=\"https:\/\/www.cisa-arica.cl\/wp1\/wp-content\/uploads\/2023\/03\/985ABA86-4284-469A-A1BC-ADFC94F1D064-450x600.jpeg\" data-attachment-id=\"19442\" data-permalink=\"https:\/\/www.cisa-arica.cl\/wp1\/2023\/03\/15\/dia-internacional-de-la-matematica\/985aba86-4284-469a-a1bc-adfc94f1d064\/\" data-orig-file=\"https:\/\/www.cisa-arica.cl\/wp1\/wp-content\/uploads\/2023\/03\/985ABA86-4284-469A-A1BC-ADFC94F1D064-scaled.jpeg\" data-orig-size=\"1920,2560\" data-comments-opened=\"0\" data-image-meta=\"{&quot;aperture&quot;:&quot;0&quot;,&quot;credit&quot;:&quot;&quot;,&quot;camera&quot;:&quot;&quot;,&quot;caption&quot;:&quot;&quot;,&quot;created_timestamp&quot;:&quot;0&quot;,&quot;copyright&quot;:&quot;&quot;,&quot;focal_length&quot;:&quot;0&quot;,&quot;iso&quot;:&quot;0&quot;,&quot;shutter_speed&quot;:&quot;0&quot;,&quot;title&quot;:&quot;&quot;,&quot;orientation&quot;:&quot;1&quot;}\" data-image-title=\"985ABA86-4284-469A-A1BC-ADFC94F1D064\" data-image-description=\"\" data-image-caption=\"\" data-large-file=\"https:\/\/www.cisa-arica.cl\/wp1\/wp-content\/uploads\/2023\/03\/985ABA86-4284-469A-A1BC-ADFC94F1D064-450x600.jpeg\" role=\"button\" tabindex=\"0\" aria-label=\"Abrir la imagen 7 de 8 en pantalla completa\"srcset=\"https:\/\/i1.wp.com\/www.cisa-arica.cl\/wp1\/wp-content\/uploads\/2023\/03\/985ABA86-4284-469A-A1BC-ADFC94F1D064-450x600.jpeg?strip=info&#038;w=600&#038;ssl=1 600w,https:\/\/i1.wp.com\/www.cisa-arica.cl\/wp1\/wp-content\/uploads\/2023\/03\/985ABA86-4284-469A-A1BC-ADFC94F1D064-450x600.jpeg?strip=info&#038;w=900&#038;ssl=1 900w,https:\/\/i1.wp.com\/www.cisa-arica.cl\/wp1\/wp-content\/uploads\/2023\/03\/985ABA86-4284-469A-A1BC-ADFC94F1D064-450x600.jpeg?strip=info&#038;w=1200&#038;ssl=1 1200w,https:\/\/i1.wp.com\/www.cisa-arica.cl\/wp1\/wp-content\/uploads\/2023\/03\/985ABA86-4284-469A-A1BC-ADFC94F1D064-450x600.jpeg?strip=info&#038;w=1500&#038;ssl=1 1500w,https:\/\/i1.wp.com\/www.cisa-arica.cl\/wp1\/wp-content\/uploads\/2023\/03\/985ABA86-4284-469A-A1BC-ADFC94F1D064-450x600.jpeg?strip=info&#038;w=1800&#038;ssl=1 1800w,https:\/\/i1.wp.com\/www.cisa-arica.cl\/wp1\/wp-content\/uploads\/2023\/03\/985ABA86-4284-469A-A1BC-ADFC94F1D064-450x600.jpeg?strip=info&#038;w=1920&#038;ssl=1 1920w\" alt=\"\" data-height=\"2560\" data-id=\"19442\" data-link=\"https:\/\/www.cisa-arica.cl\/wp1\/2023\/03\/15\/dia-internacional-de-la-matematica\/985aba86-4284-469a-a1bc-adfc94f1d064\/\" data-url=\"https:\/\/www.cisa-arica.cl\/wp1\/wp-content\/uploads\/2023\/03\/985ABA86-4284-469A-A1BC-ADFC94F1D064-450x600.jpeg\" data-width=\"1920\" src=\"https:\/\/i1.wp.com\/www.cisa-arica.cl\/wp1\/wp-content\/uploads\/2023\/03\/985ABA86-4284-469A-A1BC-ADFC94F1D064-450x600.jpeg?ssl=1\" data-amp-layout=\"responsive\"\/><\/figure><\/div><div class=\"tiled-gallery__col\" style=\"flex-basis:44.02114%\"><figure class=\"tiled-gallery__item\"><img decoding=\"async\" data-attachment-id=\"19443\" data-permalink=\"https:\/\/www.cisa-arica.cl\/wp1\/2023\/03\/15\/dia-internacional-de-la-matematica\/7f53aa67-47db-4f3b-9b12-04a67d19d019\/\" data-orig-file=\"https:\/\/www.cisa-arica.cl\/wp1\/wp-content\/uploads\/2023\/03\/7F53AA67-47DB-4F3B-9B12-04A67D19D019.jpeg\" data-orig-size=\"1600,900\" data-comments-opened=\"0\" data-image-meta=\"{&quot;aperture&quot;:&quot;0&quot;,&quot;credit&quot;:&quot;&quot;,&quot;camera&quot;:&quot;&quot;,&quot;caption&quot;:&quot;&quot;,&quot;created_timestamp&quot;:&quot;0&quot;,&quot;copyright&quot;:&quot;&quot;,&quot;focal_length&quot;:&quot;0&quot;,&quot;iso&quot;:&quot;0&quot;,&quot;shutter_speed&quot;:&quot;0&quot;,&quot;title&quot;:&quot;&quot;,&quot;orientation&quot;:&quot;0&quot;}\" data-image-title=\"7F53AA67-47DB-4F3B-9B12-04A67D19D019\" data-image-description=\"\" data-image-caption=\"\" data-large-file=\"https:\/\/www.cisa-arica.cl\/wp1\/wp-content\/uploads\/2023\/03\/7F53AA67-47DB-4F3B-9B12-04A67D19D019-600x338.jpeg\" data-attachment-id=\"19443\" data-permalink=\"https:\/\/www.cisa-arica.cl\/wp1\/2023\/03\/15\/dia-internacional-de-la-matematica\/7f53aa67-47db-4f3b-9b12-04a67d19d019\/\" data-orig-file=\"https:\/\/www.cisa-arica.cl\/wp1\/wp-content\/uploads\/2023\/03\/7F53AA67-47DB-4F3B-9B12-04A67D19D019.jpeg\" data-orig-size=\"1600,900\" data-comments-opened=\"0\" data-image-meta=\"{&quot;aperture&quot;:&quot;0&quot;,&quot;credit&quot;:&quot;&quot;,&quot;camera&quot;:&quot;&quot;,&quot;caption&quot;:&quot;&quot;,&quot;created_timestamp&quot;:&quot;0&quot;,&quot;copyright&quot;:&quot;&quot;,&quot;focal_length&quot;:&quot;0&quot;,&quot;iso&quot;:&quot;0&quot;,&quot;shutter_speed&quot;:&quot;0&quot;,&quot;title&quot;:&quot;&quot;,&quot;orientation&quot;:&quot;0&quot;}\" data-image-title=\"7F53AA67-47DB-4F3B-9B12-04A67D19D019\" data-image-description=\"\" data-image-caption=\"\" data-large-file=\"https:\/\/www.cisa-arica.cl\/wp1\/wp-content\/uploads\/2023\/03\/7F53AA67-47DB-4F3B-9B12-04A67D19D019-600x338.jpeg\" role=\"button\" tabindex=\"0\" aria-label=\"Abrir la imagen 8 de 8 en pantalla completa\"srcset=\"https:\/\/i1.wp.com\/www.cisa-arica.cl\/wp1\/wp-content\/uploads\/2023\/03\/7F53AA67-47DB-4F3B-9B12-04A67D19D019-600x338.jpeg?strip=info&#038;w=600&#038;ssl=1 600w,https:\/\/i1.wp.com\/www.cisa-arica.cl\/wp1\/wp-content\/uploads\/2023\/03\/7F53AA67-47DB-4F3B-9B12-04A67D19D019-600x338.jpeg?strip=info&#038;w=900&#038;ssl=1 900w,https:\/\/i1.wp.com\/www.cisa-arica.cl\/wp1\/wp-content\/uploads\/2023\/03\/7F53AA67-47DB-4F3B-9B12-04A67D19D019-600x338.jpeg?strip=info&#038;w=1200&#038;ssl=1 1200w,https:\/\/i1.wp.com\/www.cisa-arica.cl\/wp1\/wp-content\/uploads\/2023\/03\/7F53AA67-47DB-4F3B-9B12-04A67D19D019-600x338.jpeg?strip=info&#038;w=1500&#038;ssl=1 1500w,https:\/\/i1.wp.com\/www.cisa-arica.cl\/wp1\/wp-content\/uploads\/2023\/03\/7F53AA67-47DB-4F3B-9B12-04A67D19D019-600x338.jpeg?strip=info&#038;w=1600&#038;ssl=1 1600w\" alt=\"\" data-height=\"900\" data-id=\"19443\" data-link=\"https:\/\/www.cisa-arica.cl\/wp1\/2023\/03\/15\/dia-internacional-de-la-matematica\/7f53aa67-47db-4f3b-9b12-04a67d19d019\/\" data-url=\"https:\/\/www.cisa-arica.cl\/wp1\/wp-content\/uploads\/2023\/03\/7F53AA67-47DB-4F3B-9B12-04A67D19D019-600x338.jpeg\" data-width=\"1600\" src=\"https:\/\/i1.wp.com\/www.cisa-arica.cl\/wp1\/wp-content\/uploads\/2023\/03\/7F53AA67-47DB-4F3B-9B12-04A67D19D019-600x338.jpeg?ssl=1\" data-amp-layout=\"responsive\"\/><\/figure><\/div><\/div><\/div><\/div>\n","protected":false},"excerpt":{"rendered":"<p>Estimada Comunidad Educativa: El departamento de Matem\u00e1tica de nuestro establecimiento se une a los actos de celebraci\u00f3n del d\u00eda del n\u00famero \u201cPi\u201d (declarado DIA INTERNACIONAL DE LAS MATEMATICAS por la UNESCO), el cual fue celebrado ayer martes 14 de marzo. Esta es una fecha para recordar la existencia de una constante matem\u00e1tica que ha sido <a class=\"read-more\" href=\"https:\/\/www.cisa-arica.cl\/wp1\/2023\/03\/15\/dia-internacional-de-la-matematica\/\">Continuar leyendo<\/a><\/p>\n","protected":false},"author":5,"featured_media":19443,"comment_status":"closed","ping_status":"open","sticky":false,"template":"","format":"standard","meta":{"_jetpack_memberships_contains_paid_content":false,"footnotes":"","jetpack_publicize_message":"","jetpack_publicize_feature_enabled":true,"jetpack_social_post_already_shared":true,"jetpack_social_options":{"image_generator_settings":{"template":"highway","default_image_id":0,"font":"","enabled":false},"version":2}},"categories":[5],"tags":[],"class_list":["post-19383","post","type-post","status-publish","format-standard","has-post-thumbnail","hentry","category-uncategorized"],"jetpack_publicize_connections":[],"jetpack_featured_media_url":"https:\/\/www.cisa-arica.cl\/wp1\/wp-content\/uploads\/2023\/03\/7F53AA67-47DB-4F3B-9B12-04A67D19D019.jpeg","jetpack_sharing_enabled":true,"jetpack_shortlink":"https:\/\/wp.me\/p84wcz-52D","jetpack-related-posts":[{"id":8719,"url":"https:\/\/www.cisa-arica.cl\/wp1\/2019\/08\/26\/destacada-participacion-de-alumnas-en-gymkana-matematica\/","url_meta":{"origin":19383,"position":0},"title":"Destacada participaci\u00f3n de alumnas en Gymkana Matem\u00e1tica","author":"Jeannette Rivera","date":"26 de Agosto de 2019","format":false,"excerpt":"El viernes pasado delegaciones de alumnas desde 5\u00ba b\u00e1sico a 4\u00ba medio participaron en la IV Gymkhana Escolar Matem\u00e1tica organizada por el PAR Explora CONICYT junto con el Departamento de matem\u00e1tica de la Universidad de Tarapac\u00e1. Las alumnas acompa\u00f1adas por los profesores de nuestro Dpto. de matem\u00e1tica Roberto Tapia y\u2026","rel":"","context":"En &quot;galeria&quot;","block_context":{"text":"galeria","link":"https:\/\/www.cisa-arica.cl\/wp1\/category\/galeria\/"},"img":{"alt_text":"","src":"https:\/\/i0.wp.com\/www.cisa-arica.cl\/wp1\/wp-content\/uploads\/2019\/08\/015-3.jpeg?resize=350%2C200&ssl=1","width":350,"height":200,"srcset":"https:\/\/i0.wp.com\/www.cisa-arica.cl\/wp1\/wp-content\/uploads\/2019\/08\/015-3.jpeg?resize=350%2C200&ssl=1 1x, https:\/\/i0.wp.com\/www.cisa-arica.cl\/wp1\/wp-content\/uploads\/2019\/08\/015-3.jpeg?resize=525%2C300&ssl=1 1.5x, https:\/\/i0.wp.com\/www.cisa-arica.cl\/wp1\/wp-content\/uploads\/2019\/08\/015-3.jpeg?resize=700%2C400&ssl=1 2x, https:\/\/i0.wp.com\/www.cisa-arica.cl\/wp1\/wp-content\/uploads\/2019\/08\/015-3.jpeg?resize=1050%2C600&ssl=1 3x"},"classes":[]},{"id":22711,"url":"https:\/\/www.cisa-arica.cl\/wp1\/2023\/10\/20\/feria-de-la-ciencia-y-matematica-2023\/","url_meta":{"origin":19383,"position":1},"title":"Feria de la Ciencia y Matem\u00e1tica 2023","author":"Jeannette Rivera","date":"20 de Octubre de 2023","format":false,"excerpt":"Una nueva versi\u00f3n de la Feria de la Ciencia y Matem\u00e1tica se realiz\u00f3 en nuestro colegio ayer jueves 19 de octubre. En la oportunidad las estudiantes del colegio pudieron participar como expositoras, o bien, como visitantes. La actividad fue todo un \u00e9xito por lo que felicitamos a los profesores organizadores,\u2026","rel":"","context":"Entrada similar ","block_context":{"text":"Entrada similar ","link":""},"img":{"alt_text":"","src":"https:\/\/i0.wp.com\/www.cisa-arica.cl\/wp1\/wp-content\/uploads\/2023\/10\/9E36A9BE-57A5-46B4-9B7E-E0FED676E35C-scaled.jpeg?resize=350%2C200&ssl=1","width":350,"height":200,"srcset":"https:\/\/i0.wp.com\/www.cisa-arica.cl\/wp1\/wp-content\/uploads\/2023\/10\/9E36A9BE-57A5-46B4-9B7E-E0FED676E35C-scaled.jpeg?resize=350%2C200&ssl=1 1x, https:\/\/i0.wp.com\/www.cisa-arica.cl\/wp1\/wp-content\/uploads\/2023\/10\/9E36A9BE-57A5-46B4-9B7E-E0FED676E35C-scaled.jpeg?resize=525%2C300&ssl=1 1.5x, https:\/\/i0.wp.com\/www.cisa-arica.cl\/wp1\/wp-content\/uploads\/2023\/10\/9E36A9BE-57A5-46B4-9B7E-E0FED676E35C-scaled.jpeg?resize=700%2C400&ssl=1 2x, https:\/\/i0.wp.com\/www.cisa-arica.cl\/wp1\/wp-content\/uploads\/2023\/10\/9E36A9BE-57A5-46B4-9B7E-E0FED676E35C-scaled.jpeg?resize=1050%2C600&ssl=1 3x, https:\/\/i0.wp.com\/www.cisa-arica.cl\/wp1\/wp-content\/uploads\/2023\/10\/9E36A9BE-57A5-46B4-9B7E-E0FED676E35C-scaled.jpeg?resize=1400%2C800&ssl=1 4x"},"classes":[]},{"id":12321,"url":"https:\/\/www.cisa-arica.cl\/wp1\/2021\/04\/23\/ensayo-online-midete\/","url_meta":{"origin":19383,"position":2},"title":"Ensayo Online M\u00eddete","author":"CISA","date":"23 de Abril de 2021","format":false,"excerpt":"Estudiantes y apoderados. Junto con saludar y esperando que se encuentren bien, les informamos que el colegio se inscribi\u00f3 para participar en el primer ensayo M\u00cdDETE para 3\u00b0 y 4\u00b0 medio en matem\u00e1tica y Comprensi\u00f3n lectora. Este ensayo cuenta con todas las actualizaciones que hasta el momento el DEMRE ha\u2026","rel":"","context":"Entrada similar ","block_context":{"text":"Entrada similar ","link":""},"img":{"alt_text":"","src":"https:\/\/i0.wp.com\/www.cisa-arica.cl\/wp1\/wp-content\/uploads\/2021\/04\/img_7805-1.jpg?resize=350%2C200&ssl=1","width":350,"height":200,"srcset":"https:\/\/i0.wp.com\/www.cisa-arica.cl\/wp1\/wp-content\/uploads\/2021\/04\/img_7805-1.jpg?resize=350%2C200&ssl=1 1x, https:\/\/i0.wp.com\/www.cisa-arica.cl\/wp1\/wp-content\/uploads\/2021\/04\/img_7805-1.jpg?resize=525%2C300&ssl=1 1.5x, https:\/\/i0.wp.com\/www.cisa-arica.cl\/wp1\/wp-content\/uploads\/2021\/04\/img_7805-1.jpg?resize=700%2C400&ssl=1 2x"},"classes":[]},{"id":10601,"url":"https:\/\/www.cisa-arica.cl\/wp1\/2020\/08\/05\/correos-de-profesores\/","url_meta":{"origin":19383,"position":3},"title":"CORREOS INSTITUCIONALES DE LOS DOCENTES","author":"CISA","date":"5 de Agosto de 2020","format":false,"excerpt":"Estimados Apoderados: Junto con saludar y deseando se encuentren bien, damos a conocer los correos institucionales de los docentes del Establecimiento para que Ud. pueda realizar consultas de car\u00e1cter pedag\u00f3gico, las cuales ser\u00e1n contestadas de 8:30 a\u00a0 13:00 hrs.\u00a0 Recuerde que adem\u00e1s puede realizar\u00a0 consultas pedag\u00f3gicas en el mismo horario\u2026","rel":"","context":"Entrada similar ","block_context":{"text":"Entrada similar ","link":""},"img":{"alt_text":"","src":"https:\/\/i0.wp.com\/www.cisa-arica.cl\/wp1\/wp-content\/uploads\/2020\/06\/JEFATURAS-1.png?resize=350%2C200&ssl=1","width":350,"height":200,"srcset":"https:\/\/i0.wp.com\/www.cisa-arica.cl\/wp1\/wp-content\/uploads\/2020\/06\/JEFATURAS-1.png?resize=350%2C200&ssl=1 1x, https:\/\/i0.wp.com\/www.cisa-arica.cl\/wp1\/wp-content\/uploads\/2020\/06\/JEFATURAS-1.png?resize=525%2C300&ssl=1 1.5x, https:\/\/i0.wp.com\/www.cisa-arica.cl\/wp1\/wp-content\/uploads\/2020\/06\/JEFATURAS-1.png?resize=700%2C400&ssl=1 2x, https:\/\/i0.wp.com\/www.cisa-arica.cl\/wp1\/wp-content\/uploads\/2020\/06\/JEFATURAS-1.png?resize=1050%2C600&ssl=1 3x"},"classes":[]},{"id":10787,"url":"https:\/\/www.cisa-arica.cl\/wp1\/2020\/06\/26\/informativo-trabajo-pedagogico\/","url_meta":{"origin":19383,"position":4},"title":"Informativo Trabajo Pedag\u00f3gico","author":"Jeannette Rivera","date":"26 de Junio de 2020","format":false,"excerpt":"Debido a la situaci\u00f3n que afecta al pa\u00eds y la suspensi\u00f3n de clases presenciales, el colegio decide adquirir una plataforma virtual www.aulavirtualsantaana.cl para facilitar la entrega de aprendizajes a nuestras estudiantes y adem\u00e1s se adquiere la aplicaci\u00f3n de mensajer\u00eda de textos \u201cPapinotas\u201d, la cual no requiere de\u00a0 conexi\u00f3n a Internet,\u2026","rel":"","context":"Entrada similar ","block_context":{"text":"Entrada similar ","link":""},"img":{"alt_text":"","src":"https:\/\/i0.wp.com\/www.cisa-arica.cl\/wp1\/wp-content\/uploads\/2020\/06\/Amarillo-Rosa-Azul-Rebajas-Hashtag-Ganar-Redes-Sociales-Publicaci%C3%B3n.png?resize=350%2C200&ssl=1","width":350,"height":200,"srcset":"https:\/\/i0.wp.com\/www.cisa-arica.cl\/wp1\/wp-content\/uploads\/2020\/06\/Amarillo-Rosa-Azul-Rebajas-Hashtag-Ganar-Redes-Sociales-Publicaci%C3%B3n.png?resize=350%2C200&ssl=1 1x, https:\/\/i0.wp.com\/www.cisa-arica.cl\/wp1\/wp-content\/uploads\/2020\/06\/Amarillo-Rosa-Azul-Rebajas-Hashtag-Ganar-Redes-Sociales-Publicaci%C3%B3n.png?resize=525%2C300&ssl=1 1.5x, https:\/\/i0.wp.com\/www.cisa-arica.cl\/wp1\/wp-content\/uploads\/2020\/06\/Amarillo-Rosa-Azul-Rebajas-Hashtag-Ganar-Redes-Sociales-Publicaci%C3%B3n.png?resize=700%2C400&ssl=1 2x"},"classes":[]},{"id":17684,"url":"https:\/\/www.cisa-arica.cl\/wp1\/2022\/10\/21\/feria-cientifica-3\/","url_meta":{"origin":19383,"position":5},"title":"Feria Cient\u00edfica","author":"CISA","date":"21 de Octubre de 2022","format":false,"excerpt":"Una gran jornada cient\u00edfica-matem\u00e1tica vivieron nuestras estudiantes en la Feria de Ciencias y Matem\u00e1tica que se realiz\u00f3 el pasado viernes 21. En la oportunidad profesores de las asignaturas junto a sus estudiantes prepararon varios stand con diversas actividades l\u00fadicas para que todos los cursos tuviesen la oportunidad de participar de\u2026","rel":"","context":"Entrada similar ","block_context":{"text":"Entrada similar ","link":""},"img":{"alt_text":"","src":"https:\/\/i0.wp.com\/www.cisa-arica.cl\/wp1\/wp-content\/uploads\/2022\/10\/DSC_2840.jpg?resize=350%2C200&ssl=1","width":350,"height":200,"srcset":"https:\/\/i0.wp.com\/www.cisa-arica.cl\/wp1\/wp-content\/uploads\/2022\/10\/DSC_2840.jpg?resize=350%2C200&ssl=1 1x, https:\/\/i0.wp.com\/www.cisa-arica.cl\/wp1\/wp-content\/uploads\/2022\/10\/DSC_2840.jpg?resize=525%2C300&ssl=1 1.5x, https:\/\/i0.wp.com\/www.cisa-arica.cl\/wp1\/wp-content\/uploads\/2022\/10\/DSC_2840.jpg?resize=700%2C400&ssl=1 2x, https:\/\/i0.wp.com\/www.cisa-arica.cl\/wp1\/wp-content\/uploads\/2022\/10\/DSC_2840.jpg?resize=1050%2C600&ssl=1 3x"},"classes":[]}],"_links":{"self":[{"href":"https:\/\/www.cisa-arica.cl\/wp1\/wp-json\/wp\/v2\/posts\/19383","targetHints":{"allow":["GET"]}}],"collection":[{"href":"https:\/\/www.cisa-arica.cl\/wp1\/wp-json\/wp\/v2\/posts"}],"about":[{"href":"https:\/\/www.cisa-arica.cl\/wp1\/wp-json\/wp\/v2\/types\/post"}],"author":[{"embeddable":true,"href":"https:\/\/www.cisa-arica.cl\/wp1\/wp-json\/wp\/v2\/users\/5"}],"replies":[{"embeddable":true,"href":"https:\/\/www.cisa-arica.cl\/wp1\/wp-json\/wp\/v2\/comments?post=19383"}],"version-history":[{"count":5,"href":"https:\/\/www.cisa-arica.cl\/wp1\/wp-json\/wp\/v2\/posts\/19383\/revisions"}],"predecessor-version":[{"id":19444,"href":"https:\/\/www.cisa-arica.cl\/wp1\/wp-json\/wp\/v2\/posts\/19383\/revisions\/19444"}],"wp:featuredmedia":[{"embeddable":true,"href":"https:\/\/www.cisa-arica.cl\/wp1\/wp-json\/wp\/v2\/media\/19443"}],"wp:attachment":[{"href":"https:\/\/www.cisa-arica.cl\/wp1\/wp-json\/wp\/v2\/media?parent=19383"}],"wp:term":[{"taxonomy":"category","embeddable":true,"href":"https:\/\/www.cisa-arica.cl\/wp1\/wp-json\/wp\/v2\/categories?post=19383"},{"taxonomy":"post_tag","embeddable":true,"href":"https:\/\/www.cisa-arica.cl\/wp1\/wp-json\/wp\/v2\/tags?post=19383"}],"curies":[{"name":"wp","href":"https:\/\/api.w.org\/{rel}","templated":true}]}}