{"id":19282,"date":"2023-03-04T11:19:23","date_gmt":"2023-03-04T15:19:23","guid":{"rendered":"https:\/\/www.cisa-arica.cl\/wp1\/?p=19282"},"modified":"2023-03-10T14:42:06","modified_gmt":"2023-03-10T18:42:06","slug":"uniformes-institucionales","status":"publish","type":"post","link":"https:\/\/www.cisa-arica.cl\/wp1\/2023\/03\/04\/uniformes-institucionales\/","title":{"rendered":"Uniformes Institucionales"},"content":{"rendered":"\n<p>Debido a las consultas de algunos apoderados, se detalla el uniforme que las estudiantes deben usar durante este a\u00f1o escolar, es importante recalcar que ambos se han mantenido en el tiempo sin oresentar ning\u00fan tipo de modificaci\u00f3n.<\/p>\n\n\n\n<p>-UNIFORME FORMAL:<\/p>\n\n\n\n<p>-jardinera escocesa gris.<\/p>\n\n\n\n<p>-blusa blanca.<\/p>\n\n\n\n<p>-corbata o corbat\u00edn escoc\u00e9s cuadrill\u00e9 gris.<\/p>\n\n\n\n<p>-medias blancas largas.<\/p>\n\n\n\n<p>-zapatos negros colegiales.<\/p>\n\n\n\n<p>-mo\u00f1os de acuerdo al color del uniforme, o blanco.<\/p>\n\n\n\n<p>-delantal blanco para todos los cursos desde Primero B\u00e1sico a Cuarto Medio (adem\u00e1s, el ingreso a laboratorio requiere delantal). <\/p>\n\n\n\n<p>-chaleco gris con insignia del colegio.<\/p>\n\n\n\n<div class=\"wp-block-jetpack-tiled-gallery aligncenter is-style-rectangular\"><div class=\"tiled-gallery__gallery\"><div class=\"tiled-gallery__row\"><div class=\"tiled-gallery__col\" style=\"flex-basis:100.00000%\"><figure class=\"tiled-gallery__item\"><img decoding=\"async\" data-attachment-id=\"19292\" data-permalink=\"https:\/\/www.cisa-arica.cl\/wp1\/2023\/03\/04\/uniformes-institucionales\/5327765c-f093-4476-951b-f4363c63fd0a\/\" data-orig-file=\"https:\/\/www.cisa-arica.cl\/wp1\/wp-content\/uploads\/2023\/03\/5327765C-F093-4476-951B-F4363C63FD0A-scaled.jpeg\" data-orig-size=\"2560,1920\" data-comments-opened=\"0\" data-image-meta=\"{&quot;aperture&quot;:&quot;0&quot;,&quot;credit&quot;:&quot;&quot;,&quot;camera&quot;:&quot;&quot;,&quot;caption&quot;:&quot;&quot;,&quot;created_timestamp&quot;:&quot;0&quot;,&quot;copyright&quot;:&quot;&quot;,&quot;focal_length&quot;:&quot;0&quot;,&quot;iso&quot;:&quot;0&quot;,&quot;shutter_speed&quot;:&quot;0&quot;,&quot;title&quot;:&quot;&quot;,&quot;orientation&quot;:&quot;1&quot;}\" data-image-title=\"5327765C-F093-4476-951B-F4363C63FD0A\" data-image-description=\"\" data-image-caption=\"\" data-large-file=\"https:\/\/www.cisa-arica.cl\/wp1\/wp-content\/uploads\/2023\/03\/5327765C-F093-4476-951B-F4363C63FD0A-600x450.jpeg\" data-attachment-id=\"19292\" data-permalink=\"https:\/\/www.cisa-arica.cl\/wp1\/2023\/03\/04\/uniformes-institucionales\/5327765c-f093-4476-951b-f4363c63fd0a\/\" data-orig-file=\"https:\/\/www.cisa-arica.cl\/wp1\/wp-content\/uploads\/2023\/03\/5327765C-F093-4476-951B-F4363C63FD0A-scaled.jpeg\" data-orig-size=\"2560,1920\" data-comments-opened=\"0\" data-image-meta=\"{&quot;aperture&quot;:&quot;0&quot;,&quot;credit&quot;:&quot;&quot;,&quot;camera&quot;:&quot;&quot;,&quot;caption&quot;:&quot;&quot;,&quot;created_timestamp&quot;:&quot;0&quot;,&quot;copyright&quot;:&quot;&quot;,&quot;focal_length&quot;:&quot;0&quot;,&quot;iso&quot;:&quot;0&quot;,&quot;shutter_speed&quot;:&quot;0&quot;,&quot;title&quot;:&quot;&quot;,&quot;orientation&quot;:&quot;1&quot;}\" data-image-title=\"5327765C-F093-4476-951B-F4363C63FD0A\" data-image-description=\"\" data-image-caption=\"\" data-large-file=\"https:\/\/www.cisa-arica.cl\/wp1\/wp-content\/uploads\/2023\/03\/5327765C-F093-4476-951B-F4363C63FD0A-600x450.jpeg\" role=\"button\" tabindex=\"0\" aria-label=\"Abrir la imagen 1 de 1 en pantalla completa\"srcset=\"https:\/\/i1.wp.com\/www.cisa-arica.cl\/wp1\/wp-content\/uploads\/2023\/03\/5327765C-F093-4476-951B-F4363C63FD0A-600x450.jpeg?strip=info&#038;w=600&#038;ssl=1 600w,https:\/\/i1.wp.com\/www.cisa-arica.cl\/wp1\/wp-content\/uploads\/2023\/03\/5327765C-F093-4476-951B-F4363C63FD0A-600x450.jpeg?strip=info&#038;w=900&#038;ssl=1 900w,https:\/\/i1.wp.com\/www.cisa-arica.cl\/wp1\/wp-content\/uploads\/2023\/03\/5327765C-F093-4476-951B-F4363C63FD0A-600x450.jpeg?strip=info&#038;w=1200&#038;ssl=1 1200w,https:\/\/i1.wp.com\/www.cisa-arica.cl\/wp1\/wp-content\/uploads\/2023\/03\/5327765C-F093-4476-951B-F4363C63FD0A-600x450.jpeg?strip=info&#038;w=1500&#038;ssl=1 1500w,https:\/\/i1.wp.com\/www.cisa-arica.cl\/wp1\/wp-content\/uploads\/2023\/03\/5327765C-F093-4476-951B-F4363C63FD0A-600x450.jpeg?strip=info&#038;w=1800&#038;ssl=1 1800w,https:\/\/i1.wp.com\/www.cisa-arica.cl\/wp1\/wp-content\/uploads\/2023\/03\/5327765C-F093-4476-951B-F4363C63FD0A-600x450.jpeg?strip=info&#038;w=2000&#038;ssl=1 2000w\" alt=\"\" data-height=\"1920\" data-id=\"19292\" data-link=\"https:\/\/www.cisa-arica.cl\/wp1\/?attachment_id=19292\" data-url=\"https:\/\/www.cisa-arica.cl\/wp1\/wp-content\/uploads\/2023\/03\/5327765C-F093-4476-951B-F4363C63FD0A-600x450.jpeg\" data-width=\"2560\" src=\"https:\/\/i1.wp.com\/www.cisa-arica.cl\/wp1\/wp-content\/uploads\/2023\/03\/5327765C-F093-4476-951B-F4363C63FD0A-600x450.jpeg?ssl=1\" data-amp-layout=\"responsive\"\/><\/figure><\/div><\/div><\/div><\/div>\n\n\n\n<div class=\"wp-block-jetpack-tiled-gallery aligncenter is-style-rectangular\"><div class=\"tiled-gallery__gallery\"><div class=\"tiled-gallery__row\"><div class=\"tiled-gallery__col\" style=\"flex-basis:100.00000%\"><figure class=\"tiled-gallery__item\"><img decoding=\"async\" data-attachment-id=\"19286\" data-permalink=\"https:\/\/www.cisa-arica.cl\/wp1\/2023\/03\/04\/uniformes-institucionales\/89486fd3-7dc9-40ca-bf23-1c7c17866e08\/\" data-orig-file=\"https:\/\/www.cisa-arica.cl\/wp1\/wp-content\/uploads\/2023\/03\/89486FD3-7DC9-40CA-BF23-1C7C17866E08-scaled.jpeg\" data-orig-size=\"1920,2560\" data-comments-opened=\"0\" data-image-meta=\"{&quot;aperture&quot;:&quot;0&quot;,&quot;credit&quot;:&quot;&quot;,&quot;camera&quot;:&quot;&quot;,&quot;caption&quot;:&quot;&quot;,&quot;created_timestamp&quot;:&quot;0&quot;,&quot;copyright&quot;:&quot;&quot;,&quot;focal_length&quot;:&quot;0&quot;,&quot;iso&quot;:&quot;0&quot;,&quot;shutter_speed&quot;:&quot;0&quot;,&quot;title&quot;:&quot;&quot;,&quot;orientation&quot;:&quot;1&quot;}\" data-image-title=\"89486FD3-7DC9-40CA-BF23-1C7C17866E08\" data-image-description=\"\" data-image-caption=\"\" data-large-file=\"https:\/\/www.cisa-arica.cl\/wp1\/wp-content\/uploads\/2023\/03\/89486FD3-7DC9-40CA-BF23-1C7C17866E08-450x600.jpeg\" data-attachment-id=\"19286\" data-permalink=\"https:\/\/www.cisa-arica.cl\/wp1\/2023\/03\/04\/uniformes-institucionales\/89486fd3-7dc9-40ca-bf23-1c7c17866e08\/\" data-orig-file=\"https:\/\/www.cisa-arica.cl\/wp1\/wp-content\/uploads\/2023\/03\/89486FD3-7DC9-40CA-BF23-1C7C17866E08-scaled.jpeg\" data-orig-size=\"1920,2560\" data-comments-opened=\"0\" data-image-meta=\"{&quot;aperture&quot;:&quot;0&quot;,&quot;credit&quot;:&quot;&quot;,&quot;camera&quot;:&quot;&quot;,&quot;caption&quot;:&quot;&quot;,&quot;created_timestamp&quot;:&quot;0&quot;,&quot;copyright&quot;:&quot;&quot;,&quot;focal_length&quot;:&quot;0&quot;,&quot;iso&quot;:&quot;0&quot;,&quot;shutter_speed&quot;:&quot;0&quot;,&quot;title&quot;:&quot;&quot;,&quot;orientation&quot;:&quot;1&quot;}\" data-image-title=\"89486FD3-7DC9-40CA-BF23-1C7C17866E08\" data-image-description=\"\" data-image-caption=\"\" data-large-file=\"https:\/\/www.cisa-arica.cl\/wp1\/wp-content\/uploads\/2023\/03\/89486FD3-7DC9-40CA-BF23-1C7C17866E08-450x600.jpeg\" role=\"button\" tabindex=\"0\" aria-label=\"Abrir la imagen 1 de 1 en pantalla completa\"srcset=\"https:\/\/i1.wp.com\/www.cisa-arica.cl\/wp1\/wp-content\/uploads\/2023\/03\/89486FD3-7DC9-40CA-BF23-1C7C17866E08-450x600.jpeg?strip=info&#038;w=600&#038;ssl=1 600w,https:\/\/i1.wp.com\/www.cisa-arica.cl\/wp1\/wp-content\/uploads\/2023\/03\/89486FD3-7DC9-40CA-BF23-1C7C17866E08-450x600.jpeg?strip=info&#038;w=900&#038;ssl=1 900w,https:\/\/i1.wp.com\/www.cisa-arica.cl\/wp1\/wp-content\/uploads\/2023\/03\/89486FD3-7DC9-40CA-BF23-1C7C17866E08-450x600.jpeg?strip=info&#038;w=1200&#038;ssl=1 1200w,https:\/\/i1.wp.com\/www.cisa-arica.cl\/wp1\/wp-content\/uploads\/2023\/03\/89486FD3-7DC9-40CA-BF23-1C7C17866E08-450x600.jpeg?strip=info&#038;w=1500&#038;ssl=1 1500w,https:\/\/i1.wp.com\/www.cisa-arica.cl\/wp1\/wp-content\/uploads\/2023\/03\/89486FD3-7DC9-40CA-BF23-1C7C17866E08-450x600.jpeg?strip=info&#038;w=1800&#038;ssl=1 1800w,https:\/\/i1.wp.com\/www.cisa-arica.cl\/wp1\/wp-content\/uploads\/2023\/03\/89486FD3-7DC9-40CA-BF23-1C7C17866E08-450x600.jpeg?strip=info&#038;w=1920&#038;ssl=1 1920w\" alt=\"\" data-height=\"2560\" data-id=\"19286\" data-link=\"https:\/\/www.cisa-arica.cl\/wp1\/?attachment_id=19286\" data-url=\"https:\/\/www.cisa-arica.cl\/wp1\/wp-content\/uploads\/2023\/03\/89486FD3-7DC9-40CA-BF23-1C7C17866E08-450x600.jpeg\" data-width=\"1920\" src=\"https:\/\/i1.wp.com\/www.cisa-arica.cl\/wp1\/wp-content\/uploads\/2023\/03\/89486FD3-7DC9-40CA-BF23-1C7C17866E08-450x600.jpeg?ssl=1\" data-amp-layout=\"responsive\"\/><\/figure><\/div><\/div><\/div><\/div>\n\n\n\n<div class=\"wp-block-jetpack-tiled-gallery aligncenter is-style-rectangular\"><div class=\"tiled-gallery__gallery\"><div class=\"tiled-gallery__row\"><div class=\"tiled-gallery__col\" style=\"flex-basis:100.00000%\"><figure class=\"tiled-gallery__item\"><img decoding=\"async\" data-attachment-id=\"19287\" data-permalink=\"https:\/\/www.cisa-arica.cl\/wp1\/2023\/03\/04\/uniformes-institucionales\/e96b839a-f477-406c-9dee-6f8471fa36f6\/\" data-orig-file=\"https:\/\/www.cisa-arica.cl\/wp1\/wp-content\/uploads\/2023\/03\/E96B839A-F477-406C-9DEE-6F8471FA36F6.jpeg\" data-orig-size=\"580,600\" data-comments-opened=\"0\" data-image-meta=\"{&quot;aperture&quot;:&quot;0&quot;,&quot;credit&quot;:&quot;&quot;,&quot;camera&quot;:&quot;&quot;,&quot;caption&quot;:&quot;&quot;,&quot;created_timestamp&quot;:&quot;1677931196&quot;,&quot;copyright&quot;:&quot;&quot;,&quot;focal_length&quot;:&quot;0&quot;,&quot;iso&quot;:&quot;0&quot;,&quot;shutter_speed&quot;:&quot;0&quot;,&quot;title&quot;:&quot;&quot;,&quot;orientation&quot;:&quot;1&quot;}\" data-image-title=\"E96B839A-F477-406C-9DEE-6F8471FA36F6\" data-image-description=\"\" data-image-caption=\"\" data-large-file=\"https:\/\/www.cisa-arica.cl\/wp1\/wp-content\/uploads\/2023\/03\/E96B839A-F477-406C-9DEE-6F8471FA36F6.jpeg\" data-attachment-id=\"19287\" data-permalink=\"https:\/\/www.cisa-arica.cl\/wp1\/2023\/03\/04\/uniformes-institucionales\/e96b839a-f477-406c-9dee-6f8471fa36f6\/\" data-orig-file=\"https:\/\/www.cisa-arica.cl\/wp1\/wp-content\/uploads\/2023\/03\/E96B839A-F477-406C-9DEE-6F8471FA36F6.jpeg\" data-orig-size=\"580,600\" data-comments-opened=\"0\" data-image-meta=\"{&quot;aperture&quot;:&quot;0&quot;,&quot;credit&quot;:&quot;&quot;,&quot;camera&quot;:&quot;&quot;,&quot;caption&quot;:&quot;&quot;,&quot;created_timestamp&quot;:&quot;1677931196&quot;,&quot;copyright&quot;:&quot;&quot;,&quot;focal_length&quot;:&quot;0&quot;,&quot;iso&quot;:&quot;0&quot;,&quot;shutter_speed&quot;:&quot;0&quot;,&quot;title&quot;:&quot;&quot;,&quot;orientation&quot;:&quot;1&quot;}\" data-image-title=\"E96B839A-F477-406C-9DEE-6F8471FA36F6\" data-image-description=\"\" data-image-caption=\"\" data-large-file=\"https:\/\/www.cisa-arica.cl\/wp1\/wp-content\/uploads\/2023\/03\/E96B839A-F477-406C-9DEE-6F8471FA36F6.jpeg\" role=\"button\" tabindex=\"0\" aria-label=\"Abrir la imagen 1 de 1 en pantalla completa\"srcset=\"https:\/\/i0.wp.com\/www.cisa-arica.cl\/wp1\/wp-content\/uploads\/2023\/03\/E96B839A-F477-406C-9DEE-6F8471FA36F6.jpeg?strip=info&#038;w=580&#038;ssl=1 580w\" alt=\"\" data-height=\"600\" data-id=\"19287\" data-link=\"https:\/\/www.cisa-arica.cl\/wp1\/?attachment_id=19287\" data-url=\"https:\/\/www.cisa-arica.cl\/wp1\/wp-content\/uploads\/2023\/03\/E96B839A-F477-406C-9DEE-6F8471FA36F6.jpeg\" data-width=\"580\" src=\"https:\/\/i0.wp.com\/www.cisa-arica.cl\/wp1\/wp-content\/uploads\/2023\/03\/E96B839A-F477-406C-9DEE-6F8471FA36F6.jpeg?ssl=1\" data-amp-layout=\"responsive\"\/><\/figure><\/div><\/div><\/div><\/div>\n\n\n\n<p>BUZO INSTITUCIONAL<\/p>\n\n\n\n<p>-buzo institucional de acuerdo a los colores y dise\u00f1o del colegio el cual NO DEBE TENER CAPUCHA.<\/p>\n\n\n\n<p>-polera deportiva institucional. <\/p>\n\n\n\n<p>-polera blanca de recambio sin NING\u00daN DIBUJO NI LETRAS.<\/p>\n\n\n\n<p>-zapatillas blancas sin colores adicionales.<\/p>\n\n\n\n<div class=\"wp-block-jetpack-tiled-gallery aligncenter is-style-rectangular\"><div class=\"tiled-gallery__gallery\"><div class=\"tiled-gallery__row\"><div class=\"tiled-gallery__col\" style=\"flex-basis:100.00000%\"><figure class=\"tiled-gallery__item\"><img decoding=\"async\" data-attachment-id=\"19283\" data-permalink=\"https:\/\/www.cisa-arica.cl\/wp1\/2023\/03\/04\/uniformes-institucionales\/47fd6efe-2ac6-4c9a-9f44-dc048139de63\/\" data-orig-file=\"https:\/\/www.cisa-arica.cl\/wp1\/wp-content\/uploads\/2023\/03\/47FD6EFE-2AC6-4C9A-9F44-DC048139DE63-scaled.jpeg\" data-orig-size=\"1920,2560\" data-comments-opened=\"0\" data-image-meta=\"{&quot;aperture&quot;:&quot;0&quot;,&quot;credit&quot;:&quot;&quot;,&quot;camera&quot;:&quot;&quot;,&quot;caption&quot;:&quot;&quot;,&quot;created_timestamp&quot;:&quot;0&quot;,&quot;copyright&quot;:&quot;&quot;,&quot;focal_length&quot;:&quot;0&quot;,&quot;iso&quot;:&quot;0&quot;,&quot;shutter_speed&quot;:&quot;0&quot;,&quot;title&quot;:&quot;&quot;,&quot;orientation&quot;:&quot;1&quot;}\" data-image-title=\"47FD6EFE-2AC6-4C9A-9F44-DC048139DE63\" data-image-description=\"\" data-image-caption=\"\" data-large-file=\"https:\/\/www.cisa-arica.cl\/wp1\/wp-content\/uploads\/2023\/03\/47FD6EFE-2AC6-4C9A-9F44-DC048139DE63-450x600.jpeg\" data-attachment-id=\"19283\" data-permalink=\"https:\/\/www.cisa-arica.cl\/wp1\/2023\/03\/04\/uniformes-institucionales\/47fd6efe-2ac6-4c9a-9f44-dc048139de63\/\" data-orig-file=\"https:\/\/www.cisa-arica.cl\/wp1\/wp-content\/uploads\/2023\/03\/47FD6EFE-2AC6-4C9A-9F44-DC048139DE63-scaled.jpeg\" data-orig-size=\"1920,2560\" data-comments-opened=\"0\" data-image-meta=\"{&quot;aperture&quot;:&quot;0&quot;,&quot;credit&quot;:&quot;&quot;,&quot;camera&quot;:&quot;&quot;,&quot;caption&quot;:&quot;&quot;,&quot;created_timestamp&quot;:&quot;0&quot;,&quot;copyright&quot;:&quot;&quot;,&quot;focal_length&quot;:&quot;0&quot;,&quot;iso&quot;:&quot;0&quot;,&quot;shutter_speed&quot;:&quot;0&quot;,&quot;title&quot;:&quot;&quot;,&quot;orientation&quot;:&quot;1&quot;}\" data-image-title=\"47FD6EFE-2AC6-4C9A-9F44-DC048139DE63\" data-image-description=\"\" data-image-caption=\"\" data-large-file=\"https:\/\/www.cisa-arica.cl\/wp1\/wp-content\/uploads\/2023\/03\/47FD6EFE-2AC6-4C9A-9F44-DC048139DE63-450x600.jpeg\" role=\"button\" tabindex=\"0\" aria-label=\"Abrir la imagen 1 de 1 en pantalla completa\"srcset=\"https:\/\/i0.wp.com\/www.cisa-arica.cl\/wp1\/wp-content\/uploads\/2023\/03\/47FD6EFE-2AC6-4C9A-9F44-DC048139DE63-450x600.jpeg?strip=info&#038;w=600&#038;ssl=1 600w,https:\/\/i0.wp.com\/www.cisa-arica.cl\/wp1\/wp-content\/uploads\/2023\/03\/47FD6EFE-2AC6-4C9A-9F44-DC048139DE63-450x600.jpeg?strip=info&#038;w=900&#038;ssl=1 900w,https:\/\/i0.wp.com\/www.cisa-arica.cl\/wp1\/wp-content\/uploads\/2023\/03\/47FD6EFE-2AC6-4C9A-9F44-DC048139DE63-450x600.jpeg?strip=info&#038;w=1200&#038;ssl=1 1200w,https:\/\/i0.wp.com\/www.cisa-arica.cl\/wp1\/wp-content\/uploads\/2023\/03\/47FD6EFE-2AC6-4C9A-9F44-DC048139DE63-450x600.jpeg?strip=info&#038;w=1500&#038;ssl=1 1500w,https:\/\/i0.wp.com\/www.cisa-arica.cl\/wp1\/wp-content\/uploads\/2023\/03\/47FD6EFE-2AC6-4C9A-9F44-DC048139DE63-450x600.jpeg?strip=info&#038;w=1800&#038;ssl=1 1800w,https:\/\/i0.wp.com\/www.cisa-arica.cl\/wp1\/wp-content\/uploads\/2023\/03\/47FD6EFE-2AC6-4C9A-9F44-DC048139DE63-450x600.jpeg?strip=info&#038;w=1920&#038;ssl=1 1920w\" alt=\"\" data-height=\"2560\" data-id=\"19283\" data-link=\"https:\/\/www.cisa-arica.cl\/wp1\/?attachment_id=19283\" data-url=\"https:\/\/www.cisa-arica.cl\/wp1\/wp-content\/uploads\/2023\/03\/47FD6EFE-2AC6-4C9A-9F44-DC048139DE63-450x600.jpeg\" data-width=\"1920\" src=\"https:\/\/i0.wp.com\/www.cisa-arica.cl\/wp1\/wp-content\/uploads\/2023\/03\/47FD6EFE-2AC6-4C9A-9F44-DC048139DE63-450x600.jpeg?ssl=1\" data-amp-layout=\"responsive\"\/><\/figure><\/div><\/div><\/div><\/div>\n\n\n\n<p>EDUCACI\u00d3N PARVULARIA <\/p>\n\n\n\n<p>-Para este nivel son los mismos uniformes s\u00f3lo se cambia el delantal blanco por cuadrill\u00e9 rosado.<\/p>\n\n\n\n<p>-Adem\u00e1s las estudiantes de este nivel utilizan una pechera con los colores institucionales los d\u00edas que asisten con el buzo.<\/p>\n\n\n\n<div class=\"wp-block-jetpack-tiled-gallery aligncenter is-style-rectangular\"><div class=\"tiled-gallery__gallery\"><div class=\"tiled-gallery__row\"><div class=\"tiled-gallery__col\" style=\"flex-basis:35.39882%\"><figure class=\"tiled-gallery__item\"><img decoding=\"async\" data-attachment-id=\"19288\" data-permalink=\"https:\/\/www.cisa-arica.cl\/wp1\/2023\/03\/04\/uniformes-institucionales\/10cd27e9-2fa1-4434-b81e-9bdb61f96945\/\" data-orig-file=\"https:\/\/www.cisa-arica.cl\/wp1\/wp-content\/uploads\/2023\/03\/10CD27E9-2FA1-4434-B81E-9BDB61F96945.jpeg\" data-orig-size=\"1080,1130\" data-comments-opened=\"0\" data-image-meta=\"{&quot;aperture&quot;:&quot;0&quot;,&quot;credit&quot;:&quot;&quot;,&quot;camera&quot;:&quot;&quot;,&quot;caption&quot;:&quot;&quot;,&quot;created_timestamp&quot;:&quot;0&quot;,&quot;copyright&quot;:&quot;&quot;,&quot;focal_length&quot;:&quot;0&quot;,&quot;iso&quot;:&quot;0&quot;,&quot;shutter_speed&quot;:&quot;0&quot;,&quot;title&quot;:&quot;&quot;,&quot;orientation&quot;:&quot;0&quot;}\" data-image-title=\"10CD27E9-2FA1-4434-B81E-9BDB61F96945\" data-image-description=\"\" data-image-caption=\"\" data-large-file=\"https:\/\/www.cisa-arica.cl\/wp1\/wp-content\/uploads\/2023\/03\/10CD27E9-2FA1-4434-B81E-9BDB61F96945-573x600.jpeg\" data-attachment-id=\"19288\" data-permalink=\"https:\/\/www.cisa-arica.cl\/wp1\/2023\/03\/04\/uniformes-institucionales\/10cd27e9-2fa1-4434-b81e-9bdb61f96945\/\" data-orig-file=\"https:\/\/www.cisa-arica.cl\/wp1\/wp-content\/uploads\/2023\/03\/10CD27E9-2FA1-4434-B81E-9BDB61F96945.jpeg\" data-orig-size=\"1080,1130\" data-comments-opened=\"0\" data-image-meta=\"{&quot;aperture&quot;:&quot;0&quot;,&quot;credit&quot;:&quot;&quot;,&quot;camera&quot;:&quot;&quot;,&quot;caption&quot;:&quot;&quot;,&quot;created_timestamp&quot;:&quot;0&quot;,&quot;copyright&quot;:&quot;&quot;,&quot;focal_length&quot;:&quot;0&quot;,&quot;iso&quot;:&quot;0&quot;,&quot;shutter_speed&quot;:&quot;0&quot;,&quot;title&quot;:&quot;&quot;,&quot;orientation&quot;:&quot;0&quot;}\" data-image-title=\"10CD27E9-2FA1-4434-B81E-9BDB61F96945\" data-image-description=\"\" data-image-caption=\"\" data-large-file=\"https:\/\/www.cisa-arica.cl\/wp1\/wp-content\/uploads\/2023\/03\/10CD27E9-2FA1-4434-B81E-9BDB61F96945-573x600.jpeg\" role=\"button\" tabindex=\"0\" aria-label=\"Abrir la imagen 1 de 3 en pantalla completa\"srcset=\"https:\/\/i1.wp.com\/www.cisa-arica.cl\/wp1\/wp-content\/uploads\/2023\/03\/10CD27E9-2FA1-4434-B81E-9BDB61F96945-573x600.jpeg?strip=info&#038;w=600&#038;ssl=1 600w,https:\/\/i1.wp.com\/www.cisa-arica.cl\/wp1\/wp-content\/uploads\/2023\/03\/10CD27E9-2FA1-4434-B81E-9BDB61F96945-573x600.jpeg?strip=info&#038;w=900&#038;ssl=1 900w,https:\/\/i1.wp.com\/www.cisa-arica.cl\/wp1\/wp-content\/uploads\/2023\/03\/10CD27E9-2FA1-4434-B81E-9BDB61F96945-573x600.jpeg?strip=info&#038;w=1080&#038;ssl=1 1080w\" alt=\"\" data-height=\"1130\" data-id=\"19288\" data-link=\"https:\/\/www.cisa-arica.cl\/wp1\/?attachment_id=19288\" data-url=\"https:\/\/www.cisa-arica.cl\/wp1\/wp-content\/uploads\/2023\/03\/10CD27E9-2FA1-4434-B81E-9BDB61F96945-573x600.jpeg\" data-width=\"1080\" src=\"https:\/\/i1.wp.com\/www.cisa-arica.cl\/wp1\/wp-content\/uploads\/2023\/03\/10CD27E9-2FA1-4434-B81E-9BDB61F96945-573x600.jpeg?ssl=1\" data-amp-layout=\"responsive\"\/><\/figure><\/div><div class=\"tiled-gallery__col\" style=\"flex-basis:32.88786%\"><figure class=\"tiled-gallery__item\"><img decoding=\"async\" data-attachment-id=\"19289\" data-permalink=\"https:\/\/www.cisa-arica.cl\/wp1\/2023\/03\/04\/uniformes-institucionales\/6ca6e93c-e4d8-4b4e-bd88-a60f73a6f2c3\/\" data-orig-file=\"https:\/\/www.cisa-arica.cl\/wp1\/wp-content\/uploads\/2023\/03\/6CA6E93C-E4D8-4B4E-BD88-A60F73A6F2C3.jpeg\" data-orig-size=\"1080,1217\" data-comments-opened=\"0\" data-image-meta=\"{&quot;aperture&quot;:&quot;0&quot;,&quot;credit&quot;:&quot;&quot;,&quot;camera&quot;:&quot;&quot;,&quot;caption&quot;:&quot;&quot;,&quot;created_timestamp&quot;:&quot;0&quot;,&quot;copyright&quot;:&quot;&quot;,&quot;focal_length&quot;:&quot;0&quot;,&quot;iso&quot;:&quot;0&quot;,&quot;shutter_speed&quot;:&quot;0&quot;,&quot;title&quot;:&quot;&quot;,&quot;orientation&quot;:&quot;0&quot;}\" data-image-title=\"6CA6E93C-E4D8-4B4E-BD88-A60F73A6F2C3\" data-image-description=\"\" data-image-caption=\"\" data-large-file=\"https:\/\/www.cisa-arica.cl\/wp1\/wp-content\/uploads\/2023\/03\/6CA6E93C-E4D8-4B4E-BD88-A60F73A6F2C3-532x600.jpeg\" data-attachment-id=\"19289\" data-permalink=\"https:\/\/www.cisa-arica.cl\/wp1\/2023\/03\/04\/uniformes-institucionales\/6ca6e93c-e4d8-4b4e-bd88-a60f73a6f2c3\/\" data-orig-file=\"https:\/\/www.cisa-arica.cl\/wp1\/wp-content\/uploads\/2023\/03\/6CA6E93C-E4D8-4B4E-BD88-A60F73A6F2C3.jpeg\" data-orig-size=\"1080,1217\" data-comments-opened=\"0\" data-image-meta=\"{&quot;aperture&quot;:&quot;0&quot;,&quot;credit&quot;:&quot;&quot;,&quot;camera&quot;:&quot;&quot;,&quot;caption&quot;:&quot;&quot;,&quot;created_timestamp&quot;:&quot;0&quot;,&quot;copyright&quot;:&quot;&quot;,&quot;focal_length&quot;:&quot;0&quot;,&quot;iso&quot;:&quot;0&quot;,&quot;shutter_speed&quot;:&quot;0&quot;,&quot;title&quot;:&quot;&quot;,&quot;orientation&quot;:&quot;0&quot;}\" data-image-title=\"6CA6E93C-E4D8-4B4E-BD88-A60F73A6F2C3\" data-image-description=\"\" data-image-caption=\"\" data-large-file=\"https:\/\/www.cisa-arica.cl\/wp1\/wp-content\/uploads\/2023\/03\/6CA6E93C-E4D8-4B4E-BD88-A60F73A6F2C3-532x600.jpeg\" role=\"button\" tabindex=\"0\" aria-label=\"Abrir la imagen 2 de 3 en pantalla completa\"srcset=\"https:\/\/i1.wp.com\/www.cisa-arica.cl\/wp1\/wp-content\/uploads\/2023\/03\/6CA6E93C-E4D8-4B4E-BD88-A60F73A6F2C3-532x600.jpeg?strip=info&#038;w=600&#038;ssl=1 600w,https:\/\/i1.wp.com\/www.cisa-arica.cl\/wp1\/wp-content\/uploads\/2023\/03\/6CA6E93C-E4D8-4B4E-BD88-A60F73A6F2C3-532x600.jpeg?strip=info&#038;w=900&#038;ssl=1 900w,https:\/\/i1.wp.com\/www.cisa-arica.cl\/wp1\/wp-content\/uploads\/2023\/03\/6CA6E93C-E4D8-4B4E-BD88-A60F73A6F2C3-532x600.jpeg?strip=info&#038;w=1080&#038;ssl=1 1080w\" alt=\"\" data-height=\"1217\" data-id=\"19289\" data-link=\"https:\/\/www.cisa-arica.cl\/wp1\/?attachment_id=19289\" data-url=\"https:\/\/www.cisa-arica.cl\/wp1\/wp-content\/uploads\/2023\/03\/6CA6E93C-E4D8-4B4E-BD88-A60F73A6F2C3-532x600.jpeg\" data-width=\"1080\" src=\"https:\/\/i1.wp.com\/www.cisa-arica.cl\/wp1\/wp-content\/uploads\/2023\/03\/6CA6E93C-E4D8-4B4E-BD88-A60F73A6F2C3-532x600.jpeg?ssl=1\" data-amp-layout=\"responsive\"\/><\/figure><\/div><div class=\"tiled-gallery__col\" style=\"flex-basis:31.71333%\"><figure class=\"tiled-gallery__item\"><img decoding=\"async\" data-attachment-id=\"19290\" data-permalink=\"https:\/\/www.cisa-arica.cl\/wp1\/2023\/03\/04\/uniformes-institucionales\/63d6b48d-82f9-4ea4-9ab2-2a5f272d748c\/\" data-orig-file=\"https:\/\/www.cisa-arica.cl\/wp1\/wp-content\/uploads\/2023\/03\/63D6B48D-82F9-4EA4-9AB2-2A5F272D748C-scaled.jpeg\" data-orig-size=\"2190,2560\" data-comments-opened=\"0\" data-image-meta=\"{&quot;aperture&quot;:&quot;0&quot;,&quot;credit&quot;:&quot;&quot;,&quot;camera&quot;:&quot;&quot;,&quot;caption&quot;:&quot;&quot;,&quot;created_timestamp&quot;:&quot;0&quot;,&quot;copyright&quot;:&quot;&quot;,&quot;focal_length&quot;:&quot;0&quot;,&quot;iso&quot;:&quot;0&quot;,&quot;shutter_speed&quot;:&quot;0&quot;,&quot;title&quot;:&quot;&quot;,&quot;orientation&quot;:&quot;1&quot;}\" data-image-title=\"63D6B48D-82F9-4EA4-9AB2-2A5F272D748C\" data-image-description=\"\" data-image-caption=\"\" data-large-file=\"https:\/\/www.cisa-arica.cl\/wp1\/wp-content\/uploads\/2023\/03\/63D6B48D-82F9-4EA4-9AB2-2A5F272D748C-513x600.jpeg\" data-attachment-id=\"19290\" data-permalink=\"https:\/\/www.cisa-arica.cl\/wp1\/2023\/03\/04\/uniformes-institucionales\/63d6b48d-82f9-4ea4-9ab2-2a5f272d748c\/\" data-orig-file=\"https:\/\/www.cisa-arica.cl\/wp1\/wp-content\/uploads\/2023\/03\/63D6B48D-82F9-4EA4-9AB2-2A5F272D748C-scaled.jpeg\" data-orig-size=\"2190,2560\" data-comments-opened=\"0\" data-image-meta=\"{&quot;aperture&quot;:&quot;0&quot;,&quot;credit&quot;:&quot;&quot;,&quot;camera&quot;:&quot;&quot;,&quot;caption&quot;:&quot;&quot;,&quot;created_timestamp&quot;:&quot;0&quot;,&quot;copyright&quot;:&quot;&quot;,&quot;focal_length&quot;:&quot;0&quot;,&quot;iso&quot;:&quot;0&quot;,&quot;shutter_speed&quot;:&quot;0&quot;,&quot;title&quot;:&quot;&quot;,&quot;orientation&quot;:&quot;1&quot;}\" data-image-title=\"63D6B48D-82F9-4EA4-9AB2-2A5F272D748C\" data-image-description=\"\" data-image-caption=\"\" data-large-file=\"https:\/\/www.cisa-arica.cl\/wp1\/wp-content\/uploads\/2023\/03\/63D6B48D-82F9-4EA4-9AB2-2A5F272D748C-513x600.jpeg\" role=\"button\" tabindex=\"0\" aria-label=\"Abrir la imagen 3 de 3 en pantalla completa\"srcset=\"https:\/\/i1.wp.com\/www.cisa-arica.cl\/wp1\/wp-content\/uploads\/2023\/03\/63D6B48D-82F9-4EA4-9AB2-2A5F272D748C-513x600.jpeg?strip=info&#038;w=600&#038;ssl=1 600w,https:\/\/i1.wp.com\/www.cisa-arica.cl\/wp1\/wp-content\/uploads\/2023\/03\/63D6B48D-82F9-4EA4-9AB2-2A5F272D748C-513x600.jpeg?strip=info&#038;w=900&#038;ssl=1 900w,https:\/\/i1.wp.com\/www.cisa-arica.cl\/wp1\/wp-content\/uploads\/2023\/03\/63D6B48D-82F9-4EA4-9AB2-2A5F272D748C-513x600.jpeg?strip=info&#038;w=1200&#038;ssl=1 1200w,https:\/\/i1.wp.com\/www.cisa-arica.cl\/wp1\/wp-content\/uploads\/2023\/03\/63D6B48D-82F9-4EA4-9AB2-2A5F272D748C-513x600.jpeg?strip=info&#038;w=1500&#038;ssl=1 1500w,https:\/\/i1.wp.com\/www.cisa-arica.cl\/wp1\/wp-content\/uploads\/2023\/03\/63D6B48D-82F9-4EA4-9AB2-2A5F272D748C-513x600.jpeg?strip=info&#038;w=1800&#038;ssl=1 1800w,https:\/\/i1.wp.com\/www.cisa-arica.cl\/wp1\/wp-content\/uploads\/2023\/03\/63D6B48D-82F9-4EA4-9AB2-2A5F272D748C-513x600.jpeg?strip=info&#038;w=2000&#038;ssl=1 2000w\" alt=\"\" data-height=\"2560\" data-id=\"19290\" data-link=\"https:\/\/www.cisa-arica.cl\/wp1\/?attachment_id=19290\" data-url=\"https:\/\/www.cisa-arica.cl\/wp1\/wp-content\/uploads\/2023\/03\/63D6B48D-82F9-4EA4-9AB2-2A5F272D748C-513x600.jpeg\" data-width=\"2190\" src=\"https:\/\/i1.wp.com\/www.cisa-arica.cl\/wp1\/wp-content\/uploads\/2023\/03\/63D6B48D-82F9-4EA4-9AB2-2A5F272D748C-513x600.jpeg?ssl=1\" data-amp-layout=\"responsive\"\/><\/figure><\/div><\/div><\/div><\/div>\n","protected":false},"excerpt":{"rendered":"<p>Debido a las consultas de algunos apoderados, se detalla el uniforme que las estudiantes deben usar durante este a\u00f1o escolar, es importante recalcar que ambos se han mantenido en el tiempo sin oresentar ning\u00fan tipo de modificaci\u00f3n. -UNIFORME FORMAL: -jardinera escocesa gris. -blusa blanca. -corbata o corbat\u00edn escoc\u00e9s cuadrill\u00e9 gris. -medias blancas largas. -zapatos negros <a class=\"read-more\" href=\"https:\/\/www.cisa-arica.cl\/wp1\/2023\/03\/04\/uniformes-institucionales\/\">Continuar leyendo<\/a><\/p>\n","protected":false},"author":5,"featured_media":19291,"comment_status":"closed","ping_status":"open","sticky":false,"template":"","format":"standard","meta":{"_jetpack_memberships_contains_paid_content":false,"footnotes":"","jetpack_publicize_message":"","jetpack_publicize_feature_enabled":true,"jetpack_social_post_already_shared":true,"jetpack_social_options":{"image_generator_settings":{"template":"highway","default_image_id":0,"font":"","enabled":false},"version":2}},"categories":[5],"tags":[],"class_list":["post-19282","post","type-post","status-publish","format-standard","has-post-thumbnail","hentry","category-uncategorized"],"jetpack_publicize_connections":[],"jetpack_featured_media_url":"https:\/\/www.cisa-arica.cl\/wp1\/wp-content\/uploads\/2023\/03\/A6C7EC80-DB84-4762-B2D5-E8B87A419758-scaled.jpeg","jetpack_sharing_enabled":true,"jetpack_shortlink":"https:\/\/wp.me\/p84wcz-510","jetpack-related-posts":[{"id":5713,"url":"https:\/\/www.cisa-arica.cl\/wp1\/2019\/03\/01\/informativo-4\/","url_meta":{"origin":19282,"position":0},"title":"INFORMATIVO","author":"CISA","date":"1 de Marzo de 2019","format":false,"excerpt":"Se\u00f1or Apoderado: Por la presente se informa a usted las normas sobre presentaci\u00f3n personal y uso del uniforme escolar de las alumnas, seg\u00fan el Reglamento Interno de Convivencia Escolar. 1. Presentarse con el uniforme completo del colegio para todas las actividades lectivas de acuerdo al modelo establecido: jardinera escocesa, corbata\u2026","rel":"","context":"Entrada similar ","block_context":{"text":"Entrada similar ","link":""},"img":{"alt_text":"","src":"","width":0,"height":0},"classes":[]},{"id":7383,"url":"https:\/\/www.cisa-arica.cl\/wp1\/2019\/06\/05\/informacion-uniforme-periodo-de-invierno\/","url_meta":{"origin":19282,"position":1},"title":"Informaci\u00f3n uniforme per\u00edodo de invierno","author":"Jeannette Rivera","date":"5 de Junio de 2019","format":false,"excerpt":"ESTIMADO APODERADO: Junto con saludarle muy cordialmente, comunico a usted que, debido a las fr\u00edas ma\u00f1anas que se han percibido estos d\u00edas, y anticipando que seguir\u00e1 m\u00e1s fr\u00edo a\u00fan, se autoriza a todas las alumnas del colegio a asistir a clases con el buzo institucional durante todo el per\u00edodo de\u2026","rel":"","context":"Entrada similar ","block_context":{"text":"Entrada similar ","link":""},"img":{"alt_text":"","src":"https:\/\/i0.wp.com\/www.cisa-arica.cl\/wp1\/wp-content\/uploads\/2019\/04\/cropped-LOGO_CISA_chico-2-e1557940881746.png?resize=350%2C200&ssl=1","width":350,"height":200},"classes":[]},{"id":24506,"url":"https:\/\/www.cisa-arica.cl\/wp1\/2024\/03\/04\/horarios-de-entrada-y-salida\/","url_meta":{"origin":19282,"position":2},"title":"Informativo Inicio A\u00f1o Escolar 2024","author":"Jeannette Rivera","date":"4 de Marzo de 2024","format":false,"excerpt":"Estimados padres y apoderados: Se informa que esta primera semana de retorno a clases, la jornada se iniciar\u00e1 a las 07:45 horas y finalizar\u00e1 a las 13:00 horas. Este horario es para TODOS LOS NIVELES. Ma\u00f1ana martes, las estudiantes deben presentarse con su uniforme formal: jumper cuadrill\u00e9 gris, camisa y\u2026","rel":"","context":"Entrada similar ","block_context":{"text":"Entrada similar ","link":""},"img":{"alt_text":"","src":"https:\/\/i0.wp.com\/www.cisa-arica.cl\/wp1\/wp-content\/uploads\/2024\/03\/F67D5EC4-C42F-4EE7-B277-8E970F28171B.jpeg?resize=350%2C200&ssl=1","width":350,"height":200,"srcset":"https:\/\/i0.wp.com\/www.cisa-arica.cl\/wp1\/wp-content\/uploads\/2024\/03\/F67D5EC4-C42F-4EE7-B277-8E970F28171B.jpeg?resize=350%2C200&ssl=1 1x, https:\/\/i0.wp.com\/www.cisa-arica.cl\/wp1\/wp-content\/uploads\/2024\/03\/F67D5EC4-C42F-4EE7-B277-8E970F28171B.jpeg?resize=525%2C300&ssl=1 1.5x, https:\/\/i0.wp.com\/www.cisa-arica.cl\/wp1\/wp-content\/uploads\/2024\/03\/F67D5EC4-C42F-4EE7-B277-8E970F28171B.jpeg?resize=700%2C400&ssl=1 2x"},"classes":[]},{"id":10240,"url":"https:\/\/www.cisa-arica.cl\/wp1\/2020\/03\/02\/informativo-5\/","url_meta":{"origin":19282,"position":3},"title":"Informativo","author":"CISA","date":"2 de Marzo de 2020","format":false,"excerpt":"Estimados Padres y\/o Apoderados: Junto con saludarlos informamos a Ustedes que el ingreso a clases de las estudiantes es este Jueves 05 de Marzo. El horario de clases para este Jueves 05 y Viernes 06 de Marzo es de 07:45 a 13:00 horas. Ambos d\u00edas las alumnas deben presentarse con\u2026","rel":"","context":"Entrada similar ","block_context":{"text":"Entrada similar ","link":""},"img":{"alt_text":"","src":"","width":0,"height":0},"classes":[]},{"id":19278,"url":"https:\/\/www.cisa-arica.cl\/wp1\/2023\/02\/28\/entradas-y-salidas-de-clases-2023\/","url_meta":{"origin":19282,"position":4},"title":"ENTRADAS Y SALIDAS DE CLASES 2023","author":"Jeannette Rivera","date":"28 de Febrero de 2023","format":false,"excerpt":"Estimados padres y apoderados: Le damos una cordial bienvenida esperando que en estas vacaciones hayan renovado su energ\u00eda para comenzar un nuevo a\u00f1o escolar junto a nuestra comunidad escolar Colegio Italiano Santa Ana. Las clases, oficialmente, comienzan este viernes 03 de marzo y los horarios de entrada y salida son\u2026","rel":"","context":"Entrada similar ","block_context":{"text":"Entrada similar ","link":""},"img":{"alt_text":"","src":"https:\/\/i0.wp.com\/www.cisa-arica.cl\/wp1\/wp-content\/uploads\/2022\/11\/DSC0963_tonemapped.jpg?resize=350%2C200&ssl=1","width":350,"height":200,"srcset":"https:\/\/i0.wp.com\/www.cisa-arica.cl\/wp1\/wp-content\/uploads\/2022\/11\/DSC0963_tonemapped.jpg?resize=350%2C200&ssl=1 1x, https:\/\/i0.wp.com\/www.cisa-arica.cl\/wp1\/wp-content\/uploads\/2022\/11\/DSC0963_tonemapped.jpg?resize=525%2C300&ssl=1 1.5x, https:\/\/i0.wp.com\/www.cisa-arica.cl\/wp1\/wp-content\/uploads\/2022\/11\/DSC0963_tonemapped.jpg?resize=700%2C400&ssl=1 2x, https:\/\/i0.wp.com\/www.cisa-arica.cl\/wp1\/wp-content\/uploads\/2022\/11\/DSC0963_tonemapped.jpg?resize=1050%2C600&ssl=1 3x, https:\/\/i0.wp.com\/www.cisa-arica.cl\/wp1\/wp-content\/uploads\/2022\/11\/DSC0963_tonemapped.jpg?resize=1400%2C800&ssl=1 4x"},"classes":[]},{"id":7277,"url":"https:\/\/www.cisa-arica.cl\/wp1\/2019\/05\/29\/informacion-beneficiadas-programa-yo-elijo-mi-pc\/","url_meta":{"origin":19282,"position":5},"title":"Informaci\u00f3n beneficiadas de Programa &#8220;Yo elijo mi PC&#8221;","author":"Jeannette Rivera","date":"29 de Mayo de 2019","format":false,"excerpt":"En el marco del programa \"Yo elijo mi PC\" de la JUNAEB, la ceremonia de entrega a las alumnas beneficiadas se realizar\u00e1 ma\u00f1ana jueves 30 de mayo en el gimnasio polideportivo N\u00ba 2 \"ROJO\" de la Universidad de Tarapac\u00e1 (campus Saucache) direcci\u00f3n calle Luis Crignola con Dr Abel Garibaldi S\/N.\u2026","rel":"","context":"Entrada similar ","block_context":{"text":"Entrada similar ","link":""},"img":{"alt_text":"","src":"https:\/\/i0.wp.com\/www.cisa-arica.cl\/wp1\/wp-content\/uploads\/2019\/05\/Screenshot_2.jpg?resize=350%2C200&ssl=1","width":350,"height":200,"srcset":"https:\/\/i0.wp.com\/www.cisa-arica.cl\/wp1\/wp-content\/uploads\/2019\/05\/Screenshot_2.jpg?resize=350%2C200&ssl=1 1x, https:\/\/i0.wp.com\/www.cisa-arica.cl\/wp1\/wp-content\/uploads\/2019\/05\/Screenshot_2.jpg?resize=525%2C300&ssl=1 1.5x"},"classes":[]}],"_links":{"self":[{"href":"https:\/\/www.cisa-arica.cl\/wp1\/wp-json\/wp\/v2\/posts\/19282","targetHints":{"allow":["GET"]}}],"collection":[{"href":"https:\/\/www.cisa-arica.cl\/wp1\/wp-json\/wp\/v2\/posts"}],"about":[{"href":"https:\/\/www.cisa-arica.cl\/wp1\/wp-json\/wp\/v2\/types\/post"}],"author":[{"embeddable":true,"href":"https:\/\/www.cisa-arica.cl\/wp1\/wp-json\/wp\/v2\/users\/5"}],"replies":[{"embeddable":true,"href":"https:\/\/www.cisa-arica.cl\/wp1\/wp-json\/wp\/v2\/comments?post=19282"}],"version-history":[{"count":1,"href":"https:\/\/www.cisa-arica.cl\/wp1\/wp-json\/wp\/v2\/posts\/19282\/revisions"}],"predecessor-version":[{"id":19293,"href":"https:\/\/www.cisa-arica.cl\/wp1\/wp-json\/wp\/v2\/posts\/19282\/revisions\/19293"}],"wp:featuredmedia":[{"embeddable":true,"href":"https:\/\/www.cisa-arica.cl\/wp1\/wp-json\/wp\/v2\/media\/19291"}],"wp:attachment":[{"href":"https:\/\/www.cisa-arica.cl\/wp1\/wp-json\/wp\/v2\/media?parent=19282"}],"wp:term":[{"taxonomy":"category","embeddable":true,"href":"https:\/\/www.cisa-arica.cl\/wp1\/wp-json\/wp\/v2\/categories?post=19282"},{"taxonomy":"post_tag","embeddable":true,"href":"https:\/\/www.cisa-arica.cl\/wp1\/wp-json\/wp\/v2\/tags?post=19282"}],"curies":[{"name":"wp","href":"https:\/\/api.w.org\/{rel}","templated":true}]}}