{"id":19278,"date":"2023-02-28T17:06:26","date_gmt":"2023-02-28T21:06:26","guid":{"rendered":"https:\/\/www.cisa-arica.cl\/wp1\/?p=19278"},"modified":"2023-02-28T17:06:26","modified_gmt":"2023-02-28T21:06:26","slug":"entradas-y-salidas-de-clases-2023","status":"publish","type":"post","link":"https:\/\/www.cisa-arica.cl\/wp1\/2023\/02\/28\/entradas-y-salidas-de-clases-2023\/","title":{"rendered":"ENTRADAS Y SALIDAS DE CLASES 2023"},"content":{"rendered":"<p>Estimados padres y apoderados:<\/p>\n<p>Le damos una cordial bienvenida esperando que en estas vacaciones hayan renovado su energ\u00eda para comenzar un nuevo a\u00f1o escolar junto a nuestra comunidad escolar Colegio Italiano Santa Ana.<\/p>\n<p>Las clases, oficialmente, comienzan este viernes 03 de marzo y los horarios de entrada y salida son los siguientes:<\/p>\n<p><strong>HORARIO DESDE EL 03 AL 10 DE MARZO<\/strong><\/p>\n<p>Entrada: 07:45 horas\u00a0\u00a0\u00a0\u00a0\u00a0\u00a0\u00a0\u00a0\u00a0\u00a0\u00a0\u00a0\u00a0\u00a0\u00a0\u00a0\u00a0\u00a0\u00a0\u00a0\u00a0\u00a0\u00a0\u00a0 Salida: 12:00 horas<\/p>\n<p><strong>UNIFORME<\/strong><\/p>\n<p>Todas las estudiantes deben asistir con uniforme institucional (jardinera escocesa, blusa blanca, medias blancas largas, zapatos negros), el cabello debe venir tomado y SIN TINTURAS. Adem\u00e1s las estudiantes <strong>deben asistir sin maquillaje ni piercing (Reglamento interno del colegio).<br \/>\n<\/strong><\/p>\n<p>A partir del Lunes 06 de marzo el uso del <strong>buzo institucional\u00a0 ser\u00e1 seg\u00fan el horario de clases de cada curso.<\/strong><\/p>\n<p><strong>PUERTAS DE ACCESO Y SALIDAS<\/strong><\/p>\n<p><strong>*<\/strong>Por ser el viernes el primer d\u00eda de clases, las <strong>estudiantes nuevas<\/strong> desde 1\u00ba b\u00e1sico a 4to medio ingresar\u00e1n por la <strong>puerta de 21 de Mayo<\/strong>. Lo mismo es para las estudiantes antiguas desde 7\u00ba a 4to medio.<\/p>\n<p>*<strong>Puerta de Arturo Gallo<\/strong> ser\u00e1 la entrada y la salida para las estudiantes de Educaci\u00f3n Parvularia nuevas y antiguas (Prekinder y Kinder) y 1\u00ba b\u00e1sico.<\/p>\n<p><strong>*Port\u00f3n de Sotomayor<\/strong>: Entrada de 2\u00ba, 3\u00ba, 4\u00ba, 5\u00ba y 6\u00ba a\u00f1os b\u00e1sicos. \u00a0\u00a0\u00a0\u00a0 La salida s\u00f3lo ser\u00e1 para 4\u00ba, 5\u00ba y 6\u00ba a\u00f1os b\u00e1sicos (nuevas y antiguas)<\/p>\n<p>*Puerta de Sotomayor: S\u00f3lo salida para los 2\u00ba y 3\u00ba b\u00e1sicos (nuevas y antiguas)<\/p>\n<p><strong>A partir del lunes 13 de Marzo la salida de clases ser\u00e1 de acuerdo a la jornada y horario de cada curso, manteni\u00e9ndose el horario de entrada a las 07:45 horas.<br \/>\n<\/strong><\/p>\n<p>Atentamente<\/p>\n<p>La Direcci\u00f3n<\/p>\n<p>&nbsp;<\/p>\n","protected":false},"excerpt":{"rendered":"<p>Estimados padres y apoderados: Le damos una cordial bienvenida esperando que en estas vacaciones hayan renovado su energ\u00eda para comenzar un nuevo a\u00f1o escolar junto a nuestra comunidad escolar Colegio Italiano Santa Ana. Las clases, oficialmente, comienzan este viernes 03 de marzo y los horarios de entrada y salida son los siguientes: HORARIO DESDE EL <a class=\"read-more\" href=\"https:\/\/www.cisa-arica.cl\/wp1\/2023\/02\/28\/entradas-y-salidas-de-clases-2023\/\">Continuar leyendo<\/a><\/p>\n","protected":false},"author":5,"featured_media":18384,"comment_status":"closed","ping_status":"open","sticky":false,"template":"","format":"standard","meta":{"_jetpack_memberships_contains_paid_content":false,"footnotes":"","jetpack_publicize_message":"","jetpack_publicize_feature_enabled":true,"jetpack_social_post_already_shared":true,"jetpack_social_options":{"image_generator_settings":{"template":"highway","default_image_id":0,"font":"","enabled":false},"version":2}},"categories":[5],"tags":[],"class_list":["post-19278","post","type-post","status-publish","format-standard","has-post-thumbnail","hentry","category-uncategorized"],"jetpack_publicize_connections":[],"jetpack_featured_media_url":"https:\/\/www.cisa-arica.cl\/wp1\/wp-content\/uploads\/2022\/11\/DSC0963_tonemapped.jpg","jetpack_sharing_enabled":true,"jetpack_shortlink":"https:\/\/wp.me\/p84wcz-50W","jetpack-related-posts":[{"id":27986,"url":"https:\/\/www.cisa-arica.cl\/wp1\/2025\/02\/26\/27986\/","url_meta":{"origin":19278,"position":0},"title":"Informativo A\u00f1o Escolar 2025","author":"Jeannette Rivera","date":"26 de Febrero de 2025","format":false,"excerpt":"Estimadas madres, padres y apoderados: Reciban todos un cordial saludo de bienvenida a este nuevo a\u00f1o escolar 2025, en donde deseamos que Dios y Santa Ana nos acompa\u00f1e en este nuevo caminar junto a nuestras queridas estudiantes. A trav\u00e9s de este informativo se comunica el siguiente horario para dar inicio\u2026","rel":"","context":"Entrada similar ","block_context":{"text":"Entrada similar ","link":""},"img":{"alt_text":"","src":"https:\/\/i0.wp.com\/www.cisa-arica.cl\/wp1\/wp-content\/uploads\/2025\/02\/IMG_3601-1.jpeg?resize=350%2C200&ssl=1","width":350,"height":200,"srcset":"https:\/\/i0.wp.com\/www.cisa-arica.cl\/wp1\/wp-content\/uploads\/2025\/02\/IMG_3601-1.jpeg?resize=350%2C200&ssl=1 1x, https:\/\/i0.wp.com\/www.cisa-arica.cl\/wp1\/wp-content\/uploads\/2025\/02\/IMG_3601-1.jpeg?resize=525%2C300&ssl=1 1.5x, https:\/\/i0.wp.com\/www.cisa-arica.cl\/wp1\/wp-content\/uploads\/2025\/02\/IMG_3601-1.jpeg?resize=700%2C400&ssl=1 2x"},"classes":[]},{"id":24506,"url":"https:\/\/www.cisa-arica.cl\/wp1\/2024\/03\/04\/horarios-de-entrada-y-salida\/","url_meta":{"origin":19278,"position":1},"title":"Informativo Inicio A\u00f1o Escolar 2024","author":"Jeannette Rivera","date":"4 de Marzo de 2024","format":false,"excerpt":"Estimados padres y apoderados: Se informa que esta primera semana de retorno a clases, la jornada se iniciar\u00e1 a las 07:45 horas y finalizar\u00e1 a las 13:00 horas. Este horario es para TODOS LOS NIVELES. Ma\u00f1ana martes, las estudiantes deben presentarse con su uniforme formal: jumper cuadrill\u00e9 gris, camisa y\u2026","rel":"","context":"Entrada similar ","block_context":{"text":"Entrada similar ","link":""},"img":{"alt_text":"","src":"https:\/\/i0.wp.com\/www.cisa-arica.cl\/wp1\/wp-content\/uploads\/2024\/03\/F67D5EC4-C42F-4EE7-B277-8E970F28171B.jpeg?resize=350%2C200&ssl=1","width":350,"height":200,"srcset":"https:\/\/i0.wp.com\/www.cisa-arica.cl\/wp1\/wp-content\/uploads\/2024\/03\/F67D5EC4-C42F-4EE7-B277-8E970F28171B.jpeg?resize=350%2C200&ssl=1 1x, https:\/\/i0.wp.com\/www.cisa-arica.cl\/wp1\/wp-content\/uploads\/2024\/03\/F67D5EC4-C42F-4EE7-B277-8E970F28171B.jpeg?resize=525%2C300&ssl=1 1.5x, https:\/\/i0.wp.com\/www.cisa-arica.cl\/wp1\/wp-content\/uploads\/2024\/03\/F67D5EC4-C42F-4EE7-B277-8E970F28171B.jpeg?resize=700%2C400&ssl=1 2x"},"classes":[]},{"id":22548,"url":"https:\/\/www.cisa-arica.cl\/wp1\/2023\/10\/13\/horario-de-salida-lunes-16-10\/","url_meta":{"origin":19278,"position":2},"title":"Horario de Salida Lunes 16-10","author":"Jeannette Rivera","date":"13 de Octubre de 2023","format":false,"excerpt":"Estimados Padres y Apoderados: Se informa que\u00a0el d\u00eda Lunes 16 de Octubre\u00a0celebraremos \"El d\u00eda de la Educadora, Profesor y Asistente de la Educaci\u00f3n\", por tal\u00a0motivo se ajustaron las actividades quedando de la siguiente manera: 1. El horario de ingreso para las estudiantes es el normal a las 07:45 Horas. 2.\u2026","rel":"","context":"Entrada similar ","block_context":{"text":"Entrada similar ","link":""},"img":{"alt_text":"","src":"https:\/\/i0.wp.com\/www.cisa-arica.cl\/wp1\/wp-content\/uploads\/2023\/06\/IMG_0232.jpg?resize=350%2C200&ssl=1","width":350,"height":200,"srcset":"https:\/\/i0.wp.com\/www.cisa-arica.cl\/wp1\/wp-content\/uploads\/2023\/06\/IMG_0232.jpg?resize=350%2C200&ssl=1 1x, https:\/\/i0.wp.com\/www.cisa-arica.cl\/wp1\/wp-content\/uploads\/2023\/06\/IMG_0232.jpg?resize=525%2C300&ssl=1 1.5x, https:\/\/i0.wp.com\/www.cisa-arica.cl\/wp1\/wp-content\/uploads\/2023\/06\/IMG_0232.jpg?resize=700%2C400&ssl=1 2x, https:\/\/i0.wp.com\/www.cisa-arica.cl\/wp1\/wp-content\/uploads\/2023\/06\/IMG_0232.jpg?resize=1050%2C600&ssl=1 3x, https:\/\/i0.wp.com\/www.cisa-arica.cl\/wp1\/wp-content\/uploads\/2023\/06\/IMG_0232.jpg?resize=1400%2C800&ssl=1 4x"},"classes":[]},{"id":12187,"url":"https:\/\/www.cisa-arica.cl\/wp1\/2021\/04\/01\/inicio-clases-mixtas-3os-y-4os-medios\/","url_meta":{"origin":19278,"position":3},"title":"Inicio clases mixtas 3os y 4os Medios","author":"Jeannette Rivera","date":"1 de Abril de 2021","format":false,"excerpt":"Estimada Comunidad Educativa: Junto con saludarlas y esperando se encuentren bien junto a su familia, les comunicamos que el d\u00eda mi\u00e9rcoles 7 de Abril damos inicio a las clases mixtas, comenzando con los 3eros y 4tos medios, los cuales est\u00e1n divididos en 3 grupos, y asistir\u00e1n en semanas diferidas (cada\u2026","rel":"","context":"Entrada similar ","block_context":{"text":"Entrada similar ","link":""},"img":{"alt_text":"","src":"https:\/\/i0.wp.com\/www.cisa-arica.cl\/wp1\/wp-content\/uploads\/2021\/04\/Screenshot_2021-04-01-Convivencia-Escolar-Cisa-Arica-est%C3%A1-en-Instagram-%E2%80%A2-427-publicaciones-en-su-perfil.png?resize=350%2C200&ssl=1","width":350,"height":200,"srcset":"https:\/\/i0.wp.com\/www.cisa-arica.cl\/wp1\/wp-content\/uploads\/2021\/04\/Screenshot_2021-04-01-Convivencia-Escolar-Cisa-Arica-est%C3%A1-en-Instagram-%E2%80%A2-427-publicaciones-en-su-perfil.png?resize=350%2C200&ssl=1 1x, https:\/\/i0.wp.com\/www.cisa-arica.cl\/wp1\/wp-content\/uploads\/2021\/04\/Screenshot_2021-04-01-Convivencia-Escolar-Cisa-Arica-est%C3%A1-en-Instagram-%E2%80%A2-427-publicaciones-en-su-perfil.png?resize=525%2C300&ssl=1 1.5x, https:\/\/i0.wp.com\/www.cisa-arica.cl\/wp1\/wp-content\/uploads\/2021\/04\/Screenshot_2021-04-01-Convivencia-Escolar-Cisa-Arica-est%C3%A1-en-Instagram-%E2%80%A2-427-publicaciones-en-su-perfil.png?resize=700%2C400&ssl=1 2x"},"classes":[]},{"id":11913,"url":"https:\/\/www.cisa-arica.cl\/wp1\/2021\/02\/21\/plan-de-retorno-2021\/","url_meta":{"origin":19278,"position":4},"title":"Plan de Retorno 2021","author":"CISA","date":"21 de Febrero de 2021","format":false,"excerpt":"Estimada Familia Santa Ana : Junto con saludarlos y esperando que se encuentren muy bien junto a su familia, queremos informar a ustedes que nuestro establecimiento, present\u00f3 al Ministerio de Educaci\u00f3n durante el mes de enero, el Plan de Funcionamiento para el a\u00f1o 2021 y en la actualidad estamos a\u2026","rel":"","context":"Entrada similar ","block_context":{"text":"Entrada similar ","link":""},"img":{"alt_text":"","src":"https:\/\/i0.wp.com\/www.cisa-arica.cl\/wp1\/wp-content\/uploads\/2021\/01\/81b89791-804a-4db5-9569-e64529eeeaeb.png?resize=350%2C200&ssl=1","width":350,"height":200},"classes":[]},{"id":10240,"url":"https:\/\/www.cisa-arica.cl\/wp1\/2020\/03\/02\/informativo-5\/","url_meta":{"origin":19278,"position":5},"title":"Informativo","author":"CISA","date":"2 de Marzo de 2020","format":false,"excerpt":"Estimados Padres y\/o Apoderados: Junto con saludarlos informamos a Ustedes que el ingreso a clases de las estudiantes es este Jueves 05 de Marzo. El horario de clases para este Jueves 05 y Viernes 06 de Marzo es de 07:45 a 13:00 horas. Ambos d\u00edas las alumnas deben presentarse con\u2026","rel":"","context":"Entrada similar ","block_context":{"text":"Entrada similar ","link":""},"img":{"alt_text":"","src":"","width":0,"height":0},"classes":[]}],"_links":{"self":[{"href":"https:\/\/www.cisa-arica.cl\/wp1\/wp-json\/wp\/v2\/posts\/19278","targetHints":{"allow":["GET"]}}],"collection":[{"href":"https:\/\/www.cisa-arica.cl\/wp1\/wp-json\/wp\/v2\/posts"}],"about":[{"href":"https:\/\/www.cisa-arica.cl\/wp1\/wp-json\/wp\/v2\/types\/post"}],"author":[{"embeddable":true,"href":"https:\/\/www.cisa-arica.cl\/wp1\/wp-json\/wp\/v2\/users\/5"}],"replies":[{"embeddable":true,"href":"https:\/\/www.cisa-arica.cl\/wp1\/wp-json\/wp\/v2\/comments?post=19278"}],"version-history":[{"count":2,"href":"https:\/\/www.cisa-arica.cl\/wp1\/wp-json\/wp\/v2\/posts\/19278\/revisions"}],"predecessor-version":[{"id":19280,"href":"https:\/\/www.cisa-arica.cl\/wp1\/wp-json\/wp\/v2\/posts\/19278\/revisions\/19280"}],"wp:featuredmedia":[{"embeddable":true,"href":"https:\/\/www.cisa-arica.cl\/wp1\/wp-json\/wp\/v2\/media\/18384"}],"wp:attachment":[{"href":"https:\/\/www.cisa-arica.cl\/wp1\/wp-json\/wp\/v2\/media?parent=19278"}],"wp:term":[{"taxonomy":"category","embeddable":true,"href":"https:\/\/www.cisa-arica.cl\/wp1\/wp-json\/wp\/v2\/categories?post=19278"},{"taxonomy":"post_tag","embeddable":true,"href":"https:\/\/www.cisa-arica.cl\/wp1\/wp-json\/wp\/v2\/tags?post=19278"}],"curies":[{"name":"wp","href":"https:\/\/api.w.org\/{rel}","templated":true}]}}