{"id":18726,"date":"2022-12-07T15:52:46","date_gmt":"2022-12-07T19:52:46","guid":{"rendered":"https:\/\/www.cisa-arica.cl\/wp1\/?p=18726"},"modified":"2022-12-12T15:53:38","modified_gmt":"2022-12-12T19:53:38","slug":"equipo-de-voley-cisa-campeon","status":"publish","type":"post","link":"https:\/\/www.cisa-arica.cl\/wp1\/2022\/12\/07\/equipo-de-voley-cisa-campeon\/","title":{"rendered":"Equipo de Voley Cisa Campe\u00f3n"},"content":{"rendered":"<p>El equipo del Cisa Voley sac\u00f3 el primer lugar en el Campeonato organizado por el IND a nivel escolar. Felicitaciones a todo el equipo y a su entrenador.<\/p>\n<p><img loading=\"lazy\" decoding=\"async\" data-attachment-id=\"18727\" data-permalink=\"https:\/\/www.cisa-arica.cl\/wp1\/2022\/12\/07\/equipo-de-voley-cisa-campeon\/whatsapp-image-2022-12-06-at-16-17-38\/\" data-orig-file=\"https:\/\/www.cisa-arica.cl\/wp1\/wp-content\/uploads\/2022\/12\/WhatsApp-Image-2022-12-06-at-16.17.38.jpeg\" data-orig-size=\"1600,1200\" data-comments-opened=\"0\" data-image-meta=\"{&quot;aperture&quot;:&quot;0&quot;,&quot;credit&quot;:&quot;&quot;,&quot;camera&quot;:&quot;&quot;,&quot;caption&quot;:&quot;&quot;,&quot;created_timestamp&quot;:&quot;0&quot;,&quot;copyright&quot;:&quot;&quot;,&quot;focal_length&quot;:&quot;0&quot;,&quot;iso&quot;:&quot;0&quot;,&quot;shutter_speed&quot;:&quot;0&quot;,&quot;title&quot;:&quot;&quot;,&quot;orientation&quot;:&quot;0&quot;}\" data-image-title=\"WhatsApp Image 2022-12-06 at 16.17.38\" data-image-description=\"\" data-image-caption=\"\" data-large-file=\"https:\/\/www.cisa-arica.cl\/wp1\/wp-content\/uploads\/2022\/12\/WhatsApp-Image-2022-12-06-at-16.17.38-600x450.jpeg\" class=\"alignnone size-medium wp-image-18727\" src=\"http:\/\/www.cisa-arica.cl\/wp1\/wp-content\/uploads\/2022\/12\/WhatsApp-Image-2022-12-06-at-16.17.38-300x225.jpeg\" alt=\"\" width=\"300\" height=\"225\" srcset=\"https:\/\/www.cisa-arica.cl\/wp1\/wp-content\/uploads\/2022\/12\/WhatsApp-Image-2022-12-06-at-16.17.38-300x225.jpeg 300w, https:\/\/www.cisa-arica.cl\/wp1\/wp-content\/uploads\/2022\/12\/WhatsApp-Image-2022-12-06-at-16.17.38-600x450.jpeg 600w, https:\/\/www.cisa-arica.cl\/wp1\/wp-content\/uploads\/2022\/12\/WhatsApp-Image-2022-12-06-at-16.17.38-768x576.jpeg 768w, https:\/\/www.cisa-arica.cl\/wp1\/wp-content\/uploads\/2022\/12\/WhatsApp-Image-2022-12-06-at-16.17.38-1536x1152.jpeg 1536w, https:\/\/www.cisa-arica.cl\/wp1\/wp-content\/uploads\/2022\/12\/WhatsApp-Image-2022-12-06-at-16.17.38.jpeg 1600w\" sizes=\"auto, (max-width: 300px) 100vw, 300px\" \/><\/p>\n","protected":false},"excerpt":{"rendered":"<p>El equipo del Cisa Voley sac\u00f3 el primer lugar en el Campeonato organizado por el IND a nivel escolar. Felicitaciones a todo el equipo y a su entrenador.<\/p>\n","protected":false},"author":5,"featured_media":18727,"comment_status":"closed","ping_status":"open","sticky":false,"template":"","format":"standard","meta":{"_jetpack_memberships_contains_paid_content":false,"footnotes":"","jetpack_publicize_message":"","jetpack_publicize_feature_enabled":true,"jetpack_social_post_already_shared":true,"jetpack_social_options":{"image_generator_settings":{"template":"highway","default_image_id":0,"font":"","enabled":false},"version":2}},"categories":[5],"tags":[],"class_list":["post-18726","post","type-post","status-publish","format-standard","has-post-thumbnail","hentry","category-uncategorized"],"jetpack_publicize_connections":[],"jetpack_featured_media_url":"https:\/\/www.cisa-arica.cl\/wp1\/wp-content\/uploads\/2022\/12\/WhatsApp-Image-2022-12-06-at-16.17.38.jpeg","jetpack_sharing_enabled":true,"jetpack_shortlink":"https:\/\/wp.me\/p84wcz-4S2","jetpack-related-posts":[{"id":14443,"url":"https:\/\/www.cisa-arica.cl\/wp1\/2021\/12\/20\/equipo-psicopedagogico-cisa-agradece-este-2021\/","url_meta":{"origin":18726,"position":0},"title":"Equipo Psicopedag\u00f3gico CISA agradece su apoyo","author":"Jeannette Rivera","date":"20 de Diciembre de 2021","format":false,"excerpt":"Familia Santa Ana: El Equipo Psicopedag\u00f3gico de nuestro establecimiento en conjunto con las estudiantes en pr\u00e1ctica han realizado este video de agradecimiento a las familias por todo el apoyo entregado durante este a\u00f1o 2021. Los\u00a0\u00a0invitamos a ver un resumen de lo trabajado este a\u00f1o con sus hijas. \u00a1Muchas Gracias! Equipo\u2026","rel":"","context":"En &quot;CISA&quot;","block_context":{"text":"CISA","link":"https:\/\/www.cisa-arica.cl\/wp1\/category\/cisa\/"},"img":{"alt_text":"","src":"https:\/\/i0.wp.com\/www.cisa-arica.cl\/wp1\/wp-content\/uploads\/2021\/12\/Screenshot_11.jpg?resize=350%2C200&ssl=1","width":350,"height":200,"srcset":"https:\/\/i0.wp.com\/www.cisa-arica.cl\/wp1\/wp-content\/uploads\/2021\/12\/Screenshot_11.jpg?resize=350%2C200&ssl=1 1x, https:\/\/i0.wp.com\/www.cisa-arica.cl\/wp1\/wp-content\/uploads\/2021\/12\/Screenshot_11.jpg?resize=525%2C300&ssl=1 1.5x, https:\/\/i0.wp.com\/www.cisa-arica.cl\/wp1\/wp-content\/uploads\/2021\/12\/Screenshot_11.jpg?resize=700%2C400&ssl=1 2x"},"classes":[]},{"id":28416,"url":"https:\/\/www.cisa-arica.cl\/wp1\/2025\/05\/13\/dia-de-la-actividad-fisica-y-de-la-convivencia-escolar\/","url_meta":{"origin":18726,"position":1},"title":"D\u00eda de la Actividad F\u00edsica y de la Convivencia Escolar","author":"Jeannette Rivera","date":"13 de Mayo de 2025","format":false,"excerpt":"Ma\u00f1ana MI\u00c9RCOLES 14 DE MAYO 2025\u00a0se celebrar\u00e1 el \"D\u00eda de la Actividad F\u00edsica\" y el \"D\u00eda de la Convivencia Escolar\".\u00a0 Por esta raz\u00f3n le informo lo siguiente: El horario de entrada y salida de las estudiantes es el\u00a0NORMAL. Las actividades se desarrollar\u00e1n en algunos momentos del d\u00eda, no todo el\u2026","rel":"","context":"Entrada similar ","block_context":{"text":"Entrada similar ","link":""},"img":{"alt_text":"","src":"https:\/\/i0.wp.com\/www.cisa-arica.cl\/wp1\/wp-content\/uploads\/2024\/04\/IMG_9764-scaled.jpg?resize=350%2C200&ssl=1","width":350,"height":200,"srcset":"https:\/\/i0.wp.com\/www.cisa-arica.cl\/wp1\/wp-content\/uploads\/2024\/04\/IMG_9764-scaled.jpg?resize=350%2C200&ssl=1 1x, https:\/\/i0.wp.com\/www.cisa-arica.cl\/wp1\/wp-content\/uploads\/2024\/04\/IMG_9764-scaled.jpg?resize=525%2C300&ssl=1 1.5x, https:\/\/i0.wp.com\/www.cisa-arica.cl\/wp1\/wp-content\/uploads\/2024\/04\/IMG_9764-scaled.jpg?resize=700%2C400&ssl=1 2x, https:\/\/i0.wp.com\/www.cisa-arica.cl\/wp1\/wp-content\/uploads\/2024\/04\/IMG_9764-scaled.jpg?resize=1050%2C600&ssl=1 3x, https:\/\/i0.wp.com\/www.cisa-arica.cl\/wp1\/wp-content\/uploads\/2024\/04\/IMG_9764-scaled.jpg?resize=1400%2C800&ssl=1 4x"},"classes":[]},{"id":10770,"url":"https:\/\/www.cisa-arica.cl\/wp1\/2020\/06\/24\/reunion-con-ceal-presidentas-de-3ero4to-medio-y-equipo-directivo\/","url_meta":{"origin":18726,"position":2},"title":"Reuni\u00f3n con CEAL, presidentas de 3ero,4to medio y Equipo Directivo","author":"cisa","date":"24 de Junio de 2020","format":false,"excerpt":"Estimada comunidad educativa. Junto con saludar y desear que se encuentren bien junto a su familia, comunicamos que el d\u00eda jueves 25 de junio a las 10:00 de la ma\u00f1ana, se llevar\u00e1 a cabo una reuni\u00f3n entre el CEAL, las presidentas de los 3eros y 4tos medios 2019 o bien\u2026","rel":"","context":"Entrada similar ","block_context":{"text":"Entrada similar ","link":""},"img":{"alt_text":"","src":"https:\/\/i0.wp.com\/www.cisa-arica.cl\/wp1\/wp-content\/uploads\/2020\/06\/Imagen-para-Redes-Sociales-D%C3%ADa-de-las-Gafas-de-Sol-Turquesa.png?resize=350%2C200&ssl=1","width":350,"height":200,"srcset":"https:\/\/i0.wp.com\/www.cisa-arica.cl\/wp1\/wp-content\/uploads\/2020\/06\/Imagen-para-Redes-Sociales-D%C3%ADa-de-las-Gafas-de-Sol-Turquesa.png?resize=350%2C200&ssl=1 1x, https:\/\/i0.wp.com\/www.cisa-arica.cl\/wp1\/wp-content\/uploads\/2020\/06\/Imagen-para-Redes-Sociales-D%C3%ADa-de-las-Gafas-de-Sol-Turquesa.png?resize=525%2C300&ssl=1 1.5x, https:\/\/i0.wp.com\/www.cisa-arica.cl\/wp1\/wp-content\/uploads\/2020\/06\/Imagen-para-Redes-Sociales-D%C3%ADa-de-las-Gafas-de-Sol-Turquesa.png?resize=700%2C400&ssl=1 2x, https:\/\/i0.wp.com\/www.cisa-arica.cl\/wp1\/wp-content\/uploads\/2020\/06\/Imagen-para-Redes-Sociales-D%C3%ADa-de-las-Gafas-de-Sol-Turquesa.png?resize=1050%2C600&ssl=1 3x"},"classes":[]},{"id":10386,"url":"https:\/\/www.cisa-arica.cl\/wp1\/2020\/04\/01\/apoyo-psicosocial-2\/","url_meta":{"origin":18726,"position":3},"title":"Apoyo Psicosocial","author":"CISA","date":"1 de Abril de 2020","format":false,"excerpt":"Estimadas Alumnas, Padres y Apoderados. Junto con saludar y esperando que se encuentren bien junto a los suyos y entendiendo la angustia e incertidumbre generadas por esta crisis sanitaria mundial, es que como Equipo Psicosocial del establecimiento hemos puesto a disposici\u00f3n el siguiente contacto apoyopsicosocial@cisa-arica.cl , con el fin de\u2026","rel":"","context":"Entrada similar ","block_context":{"text":"Entrada similar ","link":""},"img":{"alt_text":"","src":"","width":0,"height":0},"classes":[]},{"id":10383,"url":"https:\/\/www.cisa-arica.cl\/wp1\/2020\/04\/01\/apoyo-psicosocial\/","url_meta":{"origin":18726,"position":4},"title":"Apoyo Psicosocial","author":"Jeannette Rivera","date":"1 de Abril de 2020","format":false,"excerpt":"Estimadas alumnas, padres y apoderados: Junto con saludar y esperando que se encuentren bien junto a los suyos, y entendiendo la angustia e incertidumbre generadas por esta crisis sanitaria mundial, es que como Equipo Psicosocial del establecimiento hemos puesto a disposici\u00f3n el siguente contacto: apoyopsicosocial@cisa-arica.cl , con el fin de\u2026","rel":"","context":"Entrada similar ","block_context":{"text":"Entrada similar ","link":""},"img":{"alt_text":"","src":"https:\/\/i0.wp.com\/www.cisa-arica.cl\/wp1\/wp-content\/uploads\/2019\/04\/cropped-LOGO_CISA_chico-2-e1557940881746.png?resize=350%2C200&ssl=1","width":350,"height":200},"classes":[]},{"id":9703,"url":"https:\/\/www.cisa-arica.cl\/wp1\/2019\/10\/01\/equipo-docente-trabaja-en-manual-de-convivencia-escolar\/","url_meta":{"origin":18726,"position":5},"title":"Equipo docente trabaja en Manual de Convivencia Escolar","author":"Jeannette Rivera","date":"1 de Octubre de 2019","format":false,"excerpt":"Ayer lunes 30 de septiembre durante el Consejo de profesores, todo nuestro grupo de docentes y bajo la direcci\u00f3n del Equipo de Convivencia Escolar y Orientaci\u00f3n; se dedicaron a la revisi\u00f3n, an\u00e1lisis y actualizaci\u00f3n de los distintos puntos del nuevo Manual de Convivencia Escolar que funcionar\u00e1 en el colegio a\u2026","rel":"","context":"Entrada similar ","block_context":{"text":"Entrada similar ","link":""},"img":{"alt_text":"","src":"https:\/\/i0.wp.com\/www.cisa-arica.cl\/wp1\/wp-content\/uploads\/2019\/10\/006.jpeg?resize=350%2C200&ssl=1","width":350,"height":200,"srcset":"https:\/\/i0.wp.com\/www.cisa-arica.cl\/wp1\/wp-content\/uploads\/2019\/10\/006.jpeg?resize=350%2C200&ssl=1 1x, https:\/\/i0.wp.com\/www.cisa-arica.cl\/wp1\/wp-content\/uploads\/2019\/10\/006.jpeg?resize=525%2C300&ssl=1 1.5x, https:\/\/i0.wp.com\/www.cisa-arica.cl\/wp1\/wp-content\/uploads\/2019\/10\/006.jpeg?resize=700%2C400&ssl=1 2x, https:\/\/i0.wp.com\/www.cisa-arica.cl\/wp1\/wp-content\/uploads\/2019\/10\/006.jpeg?resize=1050%2C600&ssl=1 3x"},"classes":[]}],"_links":{"self":[{"href":"https:\/\/www.cisa-arica.cl\/wp1\/wp-json\/wp\/v2\/posts\/18726","targetHints":{"allow":["GET"]}}],"collection":[{"href":"https:\/\/www.cisa-arica.cl\/wp1\/wp-json\/wp\/v2\/posts"}],"about":[{"href":"https:\/\/www.cisa-arica.cl\/wp1\/wp-json\/wp\/v2\/types\/post"}],"author":[{"embeddable":true,"href":"https:\/\/www.cisa-arica.cl\/wp1\/wp-json\/wp\/v2\/users\/5"}],"replies":[{"embeddable":true,"href":"https:\/\/www.cisa-arica.cl\/wp1\/wp-json\/wp\/v2\/comments?post=18726"}],"version-history":[{"count":1,"href":"https:\/\/www.cisa-arica.cl\/wp1\/wp-json\/wp\/v2\/posts\/18726\/revisions"}],"predecessor-version":[{"id":18728,"href":"https:\/\/www.cisa-arica.cl\/wp1\/wp-json\/wp\/v2\/posts\/18726\/revisions\/18728"}],"wp:featuredmedia":[{"embeddable":true,"href":"https:\/\/www.cisa-arica.cl\/wp1\/wp-json\/wp\/v2\/media\/18727"}],"wp:attachment":[{"href":"https:\/\/www.cisa-arica.cl\/wp1\/wp-json\/wp\/v2\/media?parent=18726"}],"wp:term":[{"taxonomy":"category","embeddable":true,"href":"https:\/\/www.cisa-arica.cl\/wp1\/wp-json\/wp\/v2\/categories?post=18726"},{"taxonomy":"post_tag","embeddable":true,"href":"https:\/\/www.cisa-arica.cl\/wp1\/wp-json\/wp\/v2\/tags?post=18726"}],"curies":[{"name":"wp","href":"https:\/\/api.w.org\/{rel}","templated":true}]}}