{"id":18665,"date":"2022-12-05T13:18:17","date_gmt":"2022-12-05T17:18:17","guid":{"rendered":"https:\/\/www.cisa-arica.cl\/wp1\/?p=18665"},"modified":"2022-12-05T13:18:17","modified_gmt":"2022-12-05T17:18:17","slug":"pruebas-institucionales-diciembre","status":"publish","type":"post","link":"https:\/\/www.cisa-arica.cl\/wp1\/2022\/12\/05\/pruebas-institucionales-diciembre\/","title":{"rendered":"Pruebas Institucionales Diciembre"},"content":{"rendered":"<p>Se recuerda que el martes 6 y el mi\u00e9rcoles 7 de diciembre se realizar\u00e1n las pruebas institucionales de Lenguaje y Matem\u00e1tica desde 1ero b\u00e1sico a 3ro medio.<\/p>\n","protected":false},"excerpt":{"rendered":"<p>Se recuerda que el martes 6 y el mi\u00e9rcoles 7 de diciembre se realizar\u00e1n las pruebas institucionales de Lenguaje y Matem\u00e1tica desde 1ero b\u00e1sico a 3ro medio.<\/p>\n","protected":false},"author":5,"featured_media":18666,"comment_status":"closed","ping_status":"open","sticky":false,"template":"","format":"standard","meta":{"_jetpack_memberships_contains_paid_content":false,"footnotes":"","jetpack_publicize_message":"","jetpack_publicize_feature_enabled":true,"jetpack_social_post_already_shared":true,"jetpack_social_options":{"image_generator_settings":{"template":"highway","default_image_id":0,"font":"","enabled":false},"version":2}},"categories":[5],"tags":[],"class_list":["post-18665","post","type-post","status-publish","format-standard","has-post-thumbnail","hentry","category-uncategorized"],"jetpack_publicize_connections":[],"jetpack_featured_media_url":"https:\/\/www.cisa-arica.cl\/wp1\/wp-content\/uploads\/2022\/12\/F6B3A175-1668-427F-A485-9250559A6B01.jpeg","jetpack_sharing_enabled":true,"jetpack_shortlink":"https:\/\/wp.me\/p84wcz-4R3","jetpack-related-posts":[{"id":27591,"url":"https:\/\/www.cisa-arica.cl\/wp1\/2024\/11\/30\/cambio-en-horario-de-salida\/","url_meta":{"origin":18665,"position":0},"title":"Cambio en horario de salida","author":"Jeannette Rivera","date":"30 de Noviembre de 2024","format":false,"excerpt":"Se recuerda que a partir del Lunes 02 de Diciembre el horario de salida ser\u00e1 a las 13:00 horas para todas las estudiantes. Se mantendr\u00e1 la entrada y salida por 21 de mayo de Educaci\u00f3n Parvularia y Primeros B\u00e1sicos. Esta informaci\u00f3n fue enviada con anticipaci\u00f3n a los correos institucionales de\u2026","rel":"","context":"Entrada similar ","block_context":{"text":"Entrada similar ","link":""},"img":{"alt_text":"","src":"https:\/\/i0.wp.com\/www.cisa-arica.cl\/wp1\/wp-content\/uploads\/2024\/12\/IMG_2575.jpeg?resize=350%2C200&ssl=1","width":350,"height":200,"srcset":"https:\/\/i0.wp.com\/www.cisa-arica.cl\/wp1\/wp-content\/uploads\/2024\/12\/IMG_2575.jpeg?resize=350%2C200&ssl=1 1x, https:\/\/i0.wp.com\/www.cisa-arica.cl\/wp1\/wp-content\/uploads\/2024\/12\/IMG_2575.jpeg?resize=525%2C300&ssl=1 1.5x, https:\/\/i0.wp.com\/www.cisa-arica.cl\/wp1\/wp-content\/uploads\/2024\/12\/IMG_2575.jpeg?resize=700%2C400&ssl=1 2x, https:\/\/i0.wp.com\/www.cisa-arica.cl\/wp1\/wp-content\/uploads\/2024\/12\/IMG_2575.jpeg?resize=1050%2C600&ssl=1 3x"},"classes":[]},{"id":23671,"url":"https:\/\/www.cisa-arica.cl\/wp1\/2023\/12\/12\/proceso-de-matricula-estudiantes-antiguas-2024\/","url_meta":{"origin":18665,"position":1},"title":"Proceso de Matr\u00edcula Estudiantes Antiguas 2024","author":"Jeannette Rivera","date":"12 de Diciembre de 2023","format":false,"excerpt":"Se recuerda a los apoderados que el proceso de matr\u00edcula para al a\u00f1o 2024 se inicia este jueves 14 y finaliza el jueves 21 de diciembre. La documentaci\u00f3n que deben traer es: Documentaci\u00f3n para estudiantes nuevas de Educaci\u00f3n B\u00e1sica y Media Certificado de nacimiento para todo tr\u00e1mite. Informe Registro Social\u2026","rel":"","context":"Entrada similar ","block_context":{"text":"Entrada similar ","link":""},"img":{"alt_text":"","src":"https:\/\/i0.wp.com\/www.cisa-arica.cl\/wp1\/wp-content\/uploads\/2023\/12\/WhatsApp-Image-2023-12-12-at-08.34.48.jpeg?resize=350%2C200&ssl=1","width":350,"height":200,"srcset":"https:\/\/i0.wp.com\/www.cisa-arica.cl\/wp1\/wp-content\/uploads\/2023\/12\/WhatsApp-Image-2023-12-12-at-08.34.48.jpeg?resize=350%2C200&ssl=1 1x, https:\/\/i0.wp.com\/www.cisa-arica.cl\/wp1\/wp-content\/uploads\/2023\/12\/WhatsApp-Image-2023-12-12-at-08.34.48.jpeg?resize=525%2C300&ssl=1 1.5x, https:\/\/i0.wp.com\/www.cisa-arica.cl\/wp1\/wp-content\/uploads\/2023\/12\/WhatsApp-Image-2023-12-12-at-08.34.48.jpeg?resize=700%2C400&ssl=1 2x"},"classes":[]},{"id":12635,"url":"https:\/\/www.cisa-arica.cl\/wp1\/2021\/06\/14\/fechas-3as-evaluaciones-institucionales\/","url_meta":{"origin":18665,"position":2},"title":"Fechas 3as Evaluaciones Institucionales","author":"Jeannette Rivera","date":"14 de Junio de 2021","format":false,"excerpt":"Estimados Apoderados y Alumnas:Junto con saludarlos, queremos recordar que\u00a0desde el jueves 17 hasta el mi\u00e9rcoles\u00a030\u00a0de Junio\u00a0se encontrar\u00e1n disponibles los 3eros\u00a0cuestionarios institucionales de car\u00e1cter obligatorio\u00a0desde las\u00a08:00 hasta las 23:59 hrs\u00a0en la plataforma\u00a0www.arica.aulavirtualsantaana.cl. No olvide revisar el calendario de evaluaci\u00f3n, ya que\u00a0cada asignatura tiene un d\u00eda espec\u00edfico\u00a0para realizar el cuestionario. El cuestionario\u2026","rel":"","context":"Entrada similar ","block_context":{"text":"Entrada similar ","link":""},"img":{"alt_text":"","src":"https:\/\/i0.wp.com\/www.cisa-arica.cl\/wp1\/wp-content\/uploads\/2021\/06\/TERCER-CUESTIONARIO.jpeg?resize=350%2C200&ssl=1","width":350,"height":200,"srcset":"https:\/\/i0.wp.com\/www.cisa-arica.cl\/wp1\/wp-content\/uploads\/2021\/06\/TERCER-CUESTIONARIO.jpeg?resize=350%2C200&ssl=1 1x, https:\/\/i0.wp.com\/www.cisa-arica.cl\/wp1\/wp-content\/uploads\/2021\/06\/TERCER-CUESTIONARIO.jpeg?resize=525%2C300&ssl=1 1.5x, https:\/\/i0.wp.com\/www.cisa-arica.cl\/wp1\/wp-content\/uploads\/2021\/06\/TERCER-CUESTIONARIO.jpeg?resize=700%2C400&ssl=1 2x, https:\/\/i0.wp.com\/www.cisa-arica.cl\/wp1\/wp-content\/uploads\/2021\/06\/TERCER-CUESTIONARIO.jpeg?resize=1050%2C600&ssl=1 3x"},"classes":[]},{"id":19282,"url":"https:\/\/www.cisa-arica.cl\/wp1\/2023\/03\/04\/uniformes-institucionales\/","url_meta":{"origin":18665,"position":3},"title":"Uniformes Institucionales","author":"Jeannette Rivera","date":"4 de Marzo de 2023","format":false,"excerpt":"Debido a las consultas de algunos apoderados, se detalla el uniforme que las estudiantes deben usar durante este a\u00f1o escolar, es importante recalcar que ambos se han mantenido en el tiempo sin oresentar ning\u00fan tipo de modificaci\u00f3n. -UNIFORME FORMAL: -jardinera escocesa gris. -blusa blanca. -corbata o corbat\u00edn escoc\u00e9s cuadrill\u00e9 gris.\u2026","rel":"","context":"Entrada similar ","block_context":{"text":"Entrada similar ","link":""},"img":{"alt_text":"","src":"https:\/\/i0.wp.com\/www.cisa-arica.cl\/wp1\/wp-content\/uploads\/2023\/03\/A6C7EC80-DB84-4762-B2D5-E8B87A419758-scaled.jpeg?resize=350%2C200&ssl=1","width":350,"height":200,"srcset":"https:\/\/i0.wp.com\/www.cisa-arica.cl\/wp1\/wp-content\/uploads\/2023\/03\/A6C7EC80-DB84-4762-B2D5-E8B87A419758-scaled.jpeg?resize=350%2C200&ssl=1 1x, https:\/\/i0.wp.com\/www.cisa-arica.cl\/wp1\/wp-content\/uploads\/2023\/03\/A6C7EC80-DB84-4762-B2D5-E8B87A419758-scaled.jpeg?resize=525%2C300&ssl=1 1.5x, https:\/\/i0.wp.com\/www.cisa-arica.cl\/wp1\/wp-content\/uploads\/2023\/03\/A6C7EC80-DB84-4762-B2D5-E8B87A419758-scaled.jpeg?resize=700%2C400&ssl=1 2x, https:\/\/i0.wp.com\/www.cisa-arica.cl\/wp1\/wp-content\/uploads\/2023\/03\/A6C7EC80-DB84-4762-B2D5-E8B87A419758-scaled.jpeg?resize=1050%2C600&ssl=1 3x, https:\/\/i0.wp.com\/www.cisa-arica.cl\/wp1\/wp-content\/uploads\/2023\/03\/A6C7EC80-DB84-4762-B2D5-E8B87A419758-scaled.jpeg?resize=1400%2C800&ssl=1 4x"},"classes":[]},{"id":29088,"url":"https:\/\/www.cisa-arica.cl\/wp1\/2025\/11\/06\/colegio-local-de-votacion-elecciones-2025\/","url_meta":{"origin":18665,"position":4},"title":"Colegio Local de Votaci\u00f3n Elecciones 2025","author":"Jeannette Rivera","date":"6 de Noviembre de 2025","format":false,"excerpt":"Comunico a usted que nuestro colegio es uno de los establecimientos educacionales que ser\u00e1 utilizado para las pr\u00f3ximas elecciones presidenciales de nuestro pa\u00eds como local de votaci\u00f3n, por tal motivo, se han determinado los siguientes cambios en la jornada del VIERNES 14 DE NOVIEMBRE DE 2025: El Colegio deber\u00e1 entregarse\u2026","rel":"","context":"Entrada similar ","block_context":{"text":"Entrada similar ","link":""},"img":{"alt_text":"","src":"https:\/\/i0.wp.com\/www.cisa-arica.cl\/wp1\/wp-content\/uploads\/2025\/11\/file_20250514092416.jpg?resize=350%2C200&ssl=1","width":350,"height":200,"srcset":"https:\/\/i0.wp.com\/www.cisa-arica.cl\/wp1\/wp-content\/uploads\/2025\/11\/file_20250514092416.jpg?resize=350%2C200&ssl=1 1x, https:\/\/i0.wp.com\/www.cisa-arica.cl\/wp1\/wp-content\/uploads\/2025\/11\/file_20250514092416.jpg?resize=525%2C300&ssl=1 1.5x, https:\/\/i0.wp.com\/www.cisa-arica.cl\/wp1\/wp-content\/uploads\/2025\/11\/file_20250514092416.jpg?resize=700%2C400&ssl=1 2x"},"classes":[]},{"id":16944,"url":"https:\/\/www.cisa-arica.cl\/wp1\/2022\/08\/04\/encuesta-auditiva\/","url_meta":{"origin":18665,"position":5},"title":"Encuesta Auditiva","author":"Jeannette Rivera","date":"4 de Agosto de 2022","format":false,"excerpt":"Se recuerda a los apoderados de Prekinder, Kinder y Primeros B\u00e1sicos que deben responder la encuesta enviada a los correos institucionales sobre posibles problemas auditivos en las estudiantes. El plazo se cierra el 05 de Agosto. .","rel":"","context":"Entrada similar ","block_context":{"text":"Entrada similar ","link":""},"img":{"alt_text":"","src":"https:\/\/i0.wp.com\/www.cisa-arica.cl\/wp1\/wp-content\/uploads\/2022\/08\/WhatsApp-Image-2022-08-04-at-3.58.50-PM.jpeg?resize=350%2C200&ssl=1","width":350,"height":200,"srcset":"https:\/\/i0.wp.com\/www.cisa-arica.cl\/wp1\/wp-content\/uploads\/2022\/08\/WhatsApp-Image-2022-08-04-at-3.58.50-PM.jpeg?resize=350%2C200&ssl=1 1x, https:\/\/i0.wp.com\/www.cisa-arica.cl\/wp1\/wp-content\/uploads\/2022\/08\/WhatsApp-Image-2022-08-04-at-3.58.50-PM.jpeg?resize=525%2C300&ssl=1 1.5x, https:\/\/i0.wp.com\/www.cisa-arica.cl\/wp1\/wp-content\/uploads\/2022\/08\/WhatsApp-Image-2022-08-04-at-3.58.50-PM.jpeg?resize=700%2C400&ssl=1 2x, https:\/\/i0.wp.com\/www.cisa-arica.cl\/wp1\/wp-content\/uploads\/2022\/08\/WhatsApp-Image-2022-08-04-at-3.58.50-PM.jpeg?resize=1050%2C600&ssl=1 3x, https:\/\/i0.wp.com\/www.cisa-arica.cl\/wp1\/wp-content\/uploads\/2022\/08\/WhatsApp-Image-2022-08-04-at-3.58.50-PM.jpeg?resize=1400%2C800&ssl=1 4x"},"classes":[]}],"_links":{"self":[{"href":"https:\/\/www.cisa-arica.cl\/wp1\/wp-json\/wp\/v2\/posts\/18665","targetHints":{"allow":["GET"]}}],"collection":[{"href":"https:\/\/www.cisa-arica.cl\/wp1\/wp-json\/wp\/v2\/posts"}],"about":[{"href":"https:\/\/www.cisa-arica.cl\/wp1\/wp-json\/wp\/v2\/types\/post"}],"author":[{"embeddable":true,"href":"https:\/\/www.cisa-arica.cl\/wp1\/wp-json\/wp\/v2\/users\/5"}],"replies":[{"embeddable":true,"href":"https:\/\/www.cisa-arica.cl\/wp1\/wp-json\/wp\/v2\/comments?post=18665"}],"version-history":[{"count":1,"href":"https:\/\/www.cisa-arica.cl\/wp1\/wp-json\/wp\/v2\/posts\/18665\/revisions"}],"predecessor-version":[{"id":18667,"href":"https:\/\/www.cisa-arica.cl\/wp1\/wp-json\/wp\/v2\/posts\/18665\/revisions\/18667"}],"wp:featuredmedia":[{"embeddable":true,"href":"https:\/\/www.cisa-arica.cl\/wp1\/wp-json\/wp\/v2\/media\/18666"}],"wp:attachment":[{"href":"https:\/\/www.cisa-arica.cl\/wp1\/wp-json\/wp\/v2\/media?parent=18665"}],"wp:term":[{"taxonomy":"category","embeddable":true,"href":"https:\/\/www.cisa-arica.cl\/wp1\/wp-json\/wp\/v2\/categories?post=18665"},{"taxonomy":"post_tag","embeddable":true,"href":"https:\/\/www.cisa-arica.cl\/wp1\/wp-json\/wp\/v2\/tags?post=18665"}],"curies":[{"name":"wp","href":"https:\/\/api.w.org\/{rel}","templated":true}]}}