{"id":17684,"date":"2022-10-21T12:57:44","date_gmt":"2022-10-21T16:57:44","guid":{"rendered":"https:\/\/www.cisa-arica.cl\/wp1\/?p=17684"},"modified":"2022-10-26T22:13:38","modified_gmt":"2022-10-27T02:13:38","slug":"feria-cientifica-3","status":"publish","type":"post","link":"https:\/\/www.cisa-arica.cl\/wp1\/2022\/10\/21\/feria-cientifica-3\/","title":{"rendered":"Feria Cient\u00edfica"},"content":{"rendered":"\n<p>Una gran jornada cient\u00edfica-matem\u00e1tica vivieron nuestras estudiantes en la Feria de Ciencias y Matem\u00e1tica que se realiz\u00f3 el pasado viernes 21. En la oportunidad profesores de las asignaturas junto a sus estudiantes prepararon varios stand con diversas actividades l\u00fadicas para que todos los cursos tuviesen la oportunidad de participar de cada una de ellas y poder vivenciar las ciencias y las matem\u00e1ticas con una mirada distinta. <br> Felicitaciones a los profesores y a las estudiantes, quienes con alegr\u00eda y creatividad participaron con sus stand.<\/p>\n\n\n\n<div class=\"wp-block-jetpack-tiled-gallery aligncenter is-style-rectangular\"><div class=\"tiled-gallery__gallery\"><div class=\"tiled-gallery__row\"><div class=\"tiled-gallery__col\" style=\"flex-basis:66.75536%\"><figure class=\"tiled-gallery__item\"><img decoding=\"async\" data-attachment-id=\"17685\" data-permalink=\"https:\/\/www.cisa-arica.cl\/wp1\/2022\/10\/21\/feria-cientifica-3\/dsc_2691\/\" data-orig-file=\"https:\/\/www.cisa-arica.cl\/wp1\/wp-content\/uploads\/2022\/10\/DSC_2691.jpg\" data-orig-size=\"1100,733\" data-comments-opened=\"0\" data-image-meta=\"{&quot;aperture&quot;:&quot;3.5&quot;,&quot;credit&quot;:&quot;&quot;,&quot;camera&quot;:&quot;NIKON D7100&quot;,&quot;caption&quot;:&quot;&quot;,&quot;created_timestamp&quot;:&quot;1666339498&quot;,&quot;copyright&quot;:&quot;&quot;,&quot;focal_length&quot;:&quot;18&quot;,&quot;iso&quot;:&quot;250&quot;,&quot;shutter_speed&quot;:&quot;0.0025&quot;,&quot;title&quot;:&quot;&quot;,&quot;orientation&quot;:&quot;0&quot;}\" data-image-title=\"DSC_2691\" data-image-description=\"\" data-image-caption=\"\" data-large-file=\"https:\/\/www.cisa-arica.cl\/wp1\/wp-content\/uploads\/2022\/10\/DSC_2691-600x400.jpg\" data-attachment-id=\"17685\" data-permalink=\"https:\/\/www.cisa-arica.cl\/wp1\/2022\/10\/21\/feria-cientifica-3\/dsc_2691\/\" data-orig-file=\"https:\/\/www.cisa-arica.cl\/wp1\/wp-content\/uploads\/2022\/10\/DSC_2691.jpg\" data-orig-size=\"1100,733\" data-comments-opened=\"0\" data-image-meta=\"{&quot;aperture&quot;:&quot;3.5&quot;,&quot;credit&quot;:&quot;&quot;,&quot;camera&quot;:&quot;NIKON D7100&quot;,&quot;caption&quot;:&quot;&quot;,&quot;created_timestamp&quot;:&quot;1666339498&quot;,&quot;copyright&quot;:&quot;&quot;,&quot;focal_length&quot;:&quot;18&quot;,&quot;iso&quot;:&quot;250&quot;,&quot;shutter_speed&quot;:&quot;0.0025&quot;,&quot;title&quot;:&quot;&quot;,&quot;orientation&quot;:&quot;0&quot;}\" data-image-title=\"DSC_2691\" data-image-description=\"\" data-image-caption=\"\" data-large-file=\"https:\/\/www.cisa-arica.cl\/wp1\/wp-content\/uploads\/2022\/10\/DSC_2691-600x400.jpg\" role=\"button\" tabindex=\"0\" aria-label=\"Abrir la imagen 1 de 106 en pantalla completa\"srcset=\"https:\/\/i0.wp.com\/www.cisa-arica.cl\/wp1\/wp-content\/uploads\/2022\/10\/DSC_2691-600x400.jpg?strip=info&#038;w=600&#038;ssl=1 600w,https:\/\/i0.wp.com\/www.cisa-arica.cl\/wp1\/wp-content\/uploads\/2022\/10\/DSC_2691-600x400.jpg?strip=info&#038;w=900&#038;ssl=1 900w,https:\/\/i0.wp.com\/www.cisa-arica.cl\/wp1\/wp-content\/uploads\/2022\/10\/DSC_2691-600x400.jpg?strip=info&#038;w=1100&#038;ssl=1 1100w\" alt=\"\" data-height=\"733\" data-id=\"17685\" data-link=\"https:\/\/www.cisa-arica.cl\/wp1\/?attachment_id=17685\" data-url=\"https:\/\/www.cisa-arica.cl\/wp1\/wp-content\/uploads\/2022\/10\/DSC_2691-600x400.jpg\" data-width=\"1100\" src=\"https:\/\/i0.wp.com\/www.cisa-arica.cl\/wp1\/wp-content\/uploads\/2022\/10\/DSC_2691-600x400.jpg?ssl=1\" data-amp-layout=\"responsive\"\/><\/figure><\/div><div class=\"tiled-gallery__col\" style=\"flex-basis:33.24464%\"><figure class=\"tiled-gallery__item\"><img decoding=\"async\" data-attachment-id=\"17686\" data-permalink=\"https:\/\/www.cisa-arica.cl\/wp1\/2022\/10\/21\/feria-cientifica-3\/dsc_2693\/\" data-orig-file=\"https:\/\/www.cisa-arica.cl\/wp1\/wp-content\/uploads\/2022\/10\/DSC_2693.jpg\" data-orig-size=\"1100,733\" data-comments-opened=\"0\" data-image-meta=\"{&quot;aperture&quot;:&quot;3.5&quot;,&quot;credit&quot;:&quot;&quot;,&quot;camera&quot;:&quot;NIKON D7100&quot;,&quot;caption&quot;:&quot;&quot;,&quot;created_timestamp&quot;:&quot;1666339513&quot;,&quot;copyright&quot;:&quot;&quot;,&quot;focal_length&quot;:&quot;18&quot;,&quot;iso&quot;:&quot;250&quot;,&quot;shutter_speed&quot;:&quot;0.0015625&quot;,&quot;title&quot;:&quot;&quot;,&quot;orientation&quot;:&quot;0&quot;}\" data-image-title=\"DSC_2693\" data-image-description=\"\" data-image-caption=\"\" data-large-file=\"https:\/\/www.cisa-arica.cl\/wp1\/wp-content\/uploads\/2022\/10\/DSC_2693-600x400.jpg\" data-attachment-id=\"17686\" data-permalink=\"https:\/\/www.cisa-arica.cl\/wp1\/2022\/10\/21\/feria-cientifica-3\/dsc_2693\/\" data-orig-file=\"https:\/\/www.cisa-arica.cl\/wp1\/wp-content\/uploads\/2022\/10\/DSC_2693.jpg\" data-orig-size=\"1100,733\" data-comments-opened=\"0\" data-image-meta=\"{&quot;aperture&quot;:&quot;3.5&quot;,&quot;credit&quot;:&quot;&quot;,&quot;camera&quot;:&quot;NIKON D7100&quot;,&quot;caption&quot;:&quot;&quot;,&quot;created_timestamp&quot;:&quot;1666339513&quot;,&quot;copyright&quot;:&quot;&quot;,&quot;focal_length&quot;:&quot;18&quot;,&quot;iso&quot;:&quot;250&quot;,&quot;shutter_speed&quot;:&quot;0.0015625&quot;,&quot;title&quot;:&quot;&quot;,&quot;orientation&quot;:&quot;0&quot;}\" data-image-title=\"DSC_2693\" data-image-description=\"\" data-image-caption=\"\" data-large-file=\"https:\/\/www.cisa-arica.cl\/wp1\/wp-content\/uploads\/2022\/10\/DSC_2693-600x400.jpg\" role=\"button\" tabindex=\"0\" aria-label=\"Abrir la imagen 2 de 106 en pantalla completa\"srcset=\"https:\/\/i1.wp.com\/www.cisa-arica.cl\/wp1\/wp-content\/uploads\/2022\/10\/DSC_2693-600x400.jpg?strip=info&#038;w=600&#038;ssl=1 600w,https:\/\/i1.wp.com\/www.cisa-arica.cl\/wp1\/wp-content\/uploads\/2022\/10\/DSC_2693-600x400.jpg?strip=info&#038;w=900&#038;ssl=1 900w,https:\/\/i1.wp.com\/www.cisa-arica.cl\/wp1\/wp-content\/uploads\/2022\/10\/DSC_2693-600x400.jpg?strip=info&#038;w=1100&#038;ssl=1 1100w\" alt=\"\" data-height=\"733\" data-id=\"17686\" data-link=\"https:\/\/www.cisa-arica.cl\/wp1\/?attachment_id=17686\" data-url=\"https:\/\/www.cisa-arica.cl\/wp1\/wp-content\/uploads\/2022\/10\/DSC_2693-600x400.jpg\" data-width=\"1100\" src=\"https:\/\/i1.wp.com\/www.cisa-arica.cl\/wp1\/wp-content\/uploads\/2022\/10\/DSC_2693-600x400.jpg?ssl=1\" data-amp-layout=\"responsive\"\/><\/figure><figure class=\"tiled-gallery__item\"><img decoding=\"async\" data-attachment-id=\"17687\" data-permalink=\"https:\/\/www.cisa-arica.cl\/wp1\/2022\/10\/21\/feria-cientifica-3\/dsc_2698\/\" data-orig-file=\"https:\/\/www.cisa-arica.cl\/wp1\/wp-content\/uploads\/2022\/10\/DSC_2698.jpg\" data-orig-size=\"1100,733\" data-comments-opened=\"0\" data-image-meta=\"{&quot;aperture&quot;:&quot;3.5&quot;,&quot;credit&quot;:&quot;&quot;,&quot;camera&quot;:&quot;NIKON D7100&quot;,&quot;caption&quot;:&quot;&quot;,&quot;created_timestamp&quot;:&quot;1666339577&quot;,&quot;copyright&quot;:&quot;&quot;,&quot;focal_length&quot;:&quot;18&quot;,&quot;iso&quot;:&quot;250&quot;,&quot;shutter_speed&quot;:&quot;0.0015625&quot;,&quot;title&quot;:&quot;&quot;,&quot;orientation&quot;:&quot;0&quot;}\" data-image-title=\"DSC_2698\" data-image-description=\"\" data-image-caption=\"\" data-large-file=\"https:\/\/www.cisa-arica.cl\/wp1\/wp-content\/uploads\/2022\/10\/DSC_2698-600x400.jpg\" data-attachment-id=\"17687\" data-permalink=\"https:\/\/www.cisa-arica.cl\/wp1\/2022\/10\/21\/feria-cientifica-3\/dsc_2698\/\" data-orig-file=\"https:\/\/www.cisa-arica.cl\/wp1\/wp-content\/uploads\/2022\/10\/DSC_2698.jpg\" data-orig-size=\"1100,733\" data-comments-opened=\"0\" data-image-meta=\"{&quot;aperture&quot;:&quot;3.5&quot;,&quot;credit&quot;:&quot;&quot;,&quot;camera&quot;:&quot;NIKON D7100&quot;,&quot;caption&quot;:&quot;&quot;,&quot;created_timestamp&quot;:&quot;1666339577&quot;,&quot;copyright&quot;:&quot;&quot;,&quot;focal_length&quot;:&quot;18&quot;,&quot;iso&quot;:&quot;250&quot;,&quot;shutter_speed&quot;:&quot;0.0015625&quot;,&quot;title&quot;:&quot;&quot;,&quot;orientation&quot;:&quot;0&quot;}\" data-image-title=\"DSC_2698\" data-image-description=\"\" data-image-caption=\"\" data-large-file=\"https:\/\/www.cisa-arica.cl\/wp1\/wp-content\/uploads\/2022\/10\/DSC_2698-600x400.jpg\" role=\"button\" tabindex=\"0\" aria-label=\"Abrir la imagen 3 de 106 en pantalla completa\"srcset=\"https:\/\/i1.wp.com\/www.cisa-arica.cl\/wp1\/wp-content\/uploads\/2022\/10\/DSC_2698-600x400.jpg?strip=info&#038;w=600&#038;ssl=1 600w,https:\/\/i1.wp.com\/www.cisa-arica.cl\/wp1\/wp-content\/uploads\/2022\/10\/DSC_2698-600x400.jpg?strip=info&#038;w=900&#038;ssl=1 900w,https:\/\/i1.wp.com\/www.cisa-arica.cl\/wp1\/wp-content\/uploads\/2022\/10\/DSC_2698-600x400.jpg?strip=info&#038;w=1100&#038;ssl=1 1100w\" alt=\"\" data-height=\"733\" data-id=\"17687\" data-link=\"https:\/\/www.cisa-arica.cl\/wp1\/?attachment_id=17687\" data-url=\"https:\/\/www.cisa-arica.cl\/wp1\/wp-content\/uploads\/2022\/10\/DSC_2698-600x400.jpg\" data-width=\"1100\" src=\"https:\/\/i1.wp.com\/www.cisa-arica.cl\/wp1\/wp-content\/uploads\/2022\/10\/DSC_2698-600x400.jpg?ssl=1\" data-amp-layout=\"responsive\"\/><\/figure><\/div><\/div><div class=\"tiled-gallery__row\"><div class=\"tiled-gallery__col\" style=\"flex-basis:33.33333%\"><figure class=\"tiled-gallery__item\"><img decoding=\"async\" data-attachment-id=\"17688\" data-permalink=\"https:\/\/www.cisa-arica.cl\/wp1\/2022\/10\/21\/feria-cientifica-3\/dsc_2703\/\" data-orig-file=\"https:\/\/www.cisa-arica.cl\/wp1\/wp-content\/uploads\/2022\/10\/DSC_2703.jpg\" data-orig-size=\"1100,733\" data-comments-opened=\"0\" data-image-meta=\"{&quot;aperture&quot;:&quot;3.5&quot;,&quot;credit&quot;:&quot;&quot;,&quot;camera&quot;:&quot;NIKON D7100&quot;,&quot;caption&quot;:&quot;&quot;,&quot;created_timestamp&quot;:&quot;1666339598&quot;,&quot;copyright&quot;:&quot;&quot;,&quot;focal_length&quot;:&quot;18&quot;,&quot;iso&quot;:&quot;250&quot;,&quot;shutter_speed&quot;:&quot;0.000625&quot;,&quot;title&quot;:&quot;&quot;,&quot;orientation&quot;:&quot;0&quot;}\" data-image-title=\"DSC_2703\" data-image-description=\"\" data-image-caption=\"\" data-large-file=\"https:\/\/www.cisa-arica.cl\/wp1\/wp-content\/uploads\/2022\/10\/DSC_2703-600x400.jpg\" data-attachment-id=\"17688\" data-permalink=\"https:\/\/www.cisa-arica.cl\/wp1\/2022\/10\/21\/feria-cientifica-3\/dsc_2703\/\" data-orig-file=\"https:\/\/www.cisa-arica.cl\/wp1\/wp-content\/uploads\/2022\/10\/DSC_2703.jpg\" data-orig-size=\"1100,733\" data-comments-opened=\"0\" data-image-meta=\"{&quot;aperture&quot;:&quot;3.5&quot;,&quot;credit&quot;:&quot;&quot;,&quot;camera&quot;:&quot;NIKON D7100&quot;,&quot;caption&quot;:&quot;&quot;,&quot;created_timestamp&quot;:&quot;1666339598&quot;,&quot;copyright&quot;:&quot;&quot;,&quot;focal_length&quot;:&quot;18&quot;,&quot;iso&quot;:&quot;250&quot;,&quot;shutter_speed&quot;:&quot;0.000625&quot;,&quot;title&quot;:&quot;&quot;,&quot;orientation&quot;:&quot;0&quot;}\" data-image-title=\"DSC_2703\" data-image-description=\"\" data-image-caption=\"\" data-large-file=\"https:\/\/www.cisa-arica.cl\/wp1\/wp-content\/uploads\/2022\/10\/DSC_2703-600x400.jpg\" role=\"button\" tabindex=\"0\" aria-label=\"Abrir la imagen 4 de 106 en pantalla completa\"srcset=\"https:\/\/i0.wp.com\/www.cisa-arica.cl\/wp1\/wp-content\/uploads\/2022\/10\/DSC_2703-600x400.jpg?strip=info&#038;w=600&#038;ssl=1 600w,https:\/\/i0.wp.com\/www.cisa-arica.cl\/wp1\/wp-content\/uploads\/2022\/10\/DSC_2703-600x400.jpg?strip=info&#038;w=900&#038;ssl=1 900w,https:\/\/i0.wp.com\/www.cisa-arica.cl\/wp1\/wp-content\/uploads\/2022\/10\/DSC_2703-600x400.jpg?strip=info&#038;w=1100&#038;ssl=1 1100w\" alt=\"\" data-height=\"733\" data-id=\"17688\" data-link=\"https:\/\/www.cisa-arica.cl\/wp1\/?attachment_id=17688\" data-url=\"https:\/\/www.cisa-arica.cl\/wp1\/wp-content\/uploads\/2022\/10\/DSC_2703-600x400.jpg\" data-width=\"1100\" src=\"https:\/\/i0.wp.com\/www.cisa-arica.cl\/wp1\/wp-content\/uploads\/2022\/10\/DSC_2703-600x400.jpg?ssl=1\" data-amp-layout=\"responsive\"\/><\/figure><\/div><div class=\"tiled-gallery__col\" style=\"flex-basis:33.33333%\"><figure class=\"tiled-gallery__item\"><img decoding=\"async\" data-attachment-id=\"17689\" data-permalink=\"https:\/\/www.cisa-arica.cl\/wp1\/2022\/10\/21\/feria-cientifica-3\/dsc_2705\/\" data-orig-file=\"https:\/\/www.cisa-arica.cl\/wp1\/wp-content\/uploads\/2022\/10\/DSC_2705.jpg\" data-orig-size=\"1100,733\" data-comments-opened=\"0\" data-image-meta=\"{&quot;aperture&quot;:&quot;9&quot;,&quot;credit&quot;:&quot;&quot;,&quot;camera&quot;:&quot;NIKON D7100&quot;,&quot;caption&quot;:&quot;&quot;,&quot;created_timestamp&quot;:&quot;1666339654&quot;,&quot;copyright&quot;:&quot;&quot;,&quot;focal_length&quot;:&quot;18&quot;,&quot;iso&quot;:&quot;100&quot;,&quot;shutter_speed&quot;:&quot;0.16666666666667&quot;,&quot;title&quot;:&quot;&quot;,&quot;orientation&quot;:&quot;0&quot;}\" data-image-title=\"DSC_2705\" data-image-description=\"\" data-image-caption=\"\" data-large-file=\"https:\/\/www.cisa-arica.cl\/wp1\/wp-content\/uploads\/2022\/10\/DSC_2705-600x400.jpg\" data-attachment-id=\"17689\" data-permalink=\"https:\/\/www.cisa-arica.cl\/wp1\/2022\/10\/21\/feria-cientifica-3\/dsc_2705\/\" data-orig-file=\"https:\/\/www.cisa-arica.cl\/wp1\/wp-content\/uploads\/2022\/10\/DSC_2705.jpg\" data-orig-size=\"1100,733\" data-comments-opened=\"0\" data-image-meta=\"{&quot;aperture&quot;:&quot;9&quot;,&quot;credit&quot;:&quot;&quot;,&quot;camera&quot;:&quot;NIKON D7100&quot;,&quot;caption&quot;:&quot;&quot;,&quot;created_timestamp&quot;:&quot;1666339654&quot;,&quot;copyright&quot;:&quot;&quot;,&quot;focal_length&quot;:&quot;18&quot;,&quot;iso&quot;:&quot;100&quot;,&quot;shutter_speed&quot;:&quot;0.16666666666667&quot;,&quot;title&quot;:&quot;&quot;,&quot;orientation&quot;:&quot;0&quot;}\" data-image-title=\"DSC_2705\" data-image-description=\"\" data-image-caption=\"\" data-large-file=\"https:\/\/www.cisa-arica.cl\/wp1\/wp-content\/uploads\/2022\/10\/DSC_2705-600x400.jpg\" role=\"button\" tabindex=\"0\" aria-label=\"Abrir la imagen 5 de 106 en pantalla completa\"srcset=\"https:\/\/i0.wp.com\/www.cisa-arica.cl\/wp1\/wp-content\/uploads\/2022\/10\/DSC_2705-600x400.jpg?strip=info&#038;w=600&#038;ssl=1 600w,https:\/\/i0.wp.com\/www.cisa-arica.cl\/wp1\/wp-content\/uploads\/2022\/10\/DSC_2705-600x400.jpg?strip=info&#038;w=900&#038;ssl=1 900w,https:\/\/i0.wp.com\/www.cisa-arica.cl\/wp1\/wp-content\/uploads\/2022\/10\/DSC_2705-600x400.jpg?strip=info&#038;w=1100&#038;ssl=1 1100w\" alt=\"\" data-height=\"733\" data-id=\"17689\" data-link=\"https:\/\/www.cisa-arica.cl\/wp1\/?attachment_id=17689\" data-url=\"https:\/\/www.cisa-arica.cl\/wp1\/wp-content\/uploads\/2022\/10\/DSC_2705-600x400.jpg\" data-width=\"1100\" src=\"https:\/\/i0.wp.com\/www.cisa-arica.cl\/wp1\/wp-content\/uploads\/2022\/10\/DSC_2705-600x400.jpg?ssl=1\" data-amp-layout=\"responsive\"\/><\/figure><\/div><div class=\"tiled-gallery__col\" style=\"flex-basis:33.33333%\"><figure class=\"tiled-gallery__item\"><img decoding=\"async\" data-attachment-id=\"17690\" data-permalink=\"https:\/\/www.cisa-arica.cl\/wp1\/2022\/10\/21\/feria-cientifica-3\/dsc_2709\/\" data-orig-file=\"https:\/\/www.cisa-arica.cl\/wp1\/wp-content\/uploads\/2022\/10\/DSC_2709.jpg\" data-orig-size=\"1100,733\" data-comments-opened=\"0\" data-image-meta=\"{&quot;aperture&quot;:&quot;3.5&quot;,&quot;credit&quot;:&quot;&quot;,&quot;camera&quot;:&quot;NIKON D7100&quot;,&quot;caption&quot;:&quot;&quot;,&quot;created_timestamp&quot;:&quot;1666339706&quot;,&quot;copyright&quot;:&quot;&quot;,&quot;focal_length&quot;:&quot;18&quot;,&quot;iso&quot;:&quot;200&quot;,&quot;shutter_speed&quot;:&quot;0.0125&quot;,&quot;title&quot;:&quot;&quot;,&quot;orientation&quot;:&quot;0&quot;}\" data-image-title=\"DSC_2709\" data-image-description=\"\" data-image-caption=\"\" data-large-file=\"https:\/\/www.cisa-arica.cl\/wp1\/wp-content\/uploads\/2022\/10\/DSC_2709-600x400.jpg\" data-attachment-id=\"17690\" data-permalink=\"https:\/\/www.cisa-arica.cl\/wp1\/2022\/10\/21\/feria-cientifica-3\/dsc_2709\/\" data-orig-file=\"https:\/\/www.cisa-arica.cl\/wp1\/wp-content\/uploads\/2022\/10\/DSC_2709.jpg\" data-orig-size=\"1100,733\" data-comments-opened=\"0\" data-image-meta=\"{&quot;aperture&quot;:&quot;3.5&quot;,&quot;credit&quot;:&quot;&quot;,&quot;camera&quot;:&quot;NIKON D7100&quot;,&quot;caption&quot;:&quot;&quot;,&quot;created_timestamp&quot;:&quot;1666339706&quot;,&quot;copyright&quot;:&quot;&quot;,&quot;focal_length&quot;:&quot;18&quot;,&quot;iso&quot;:&quot;200&quot;,&quot;shutter_speed&quot;:&quot;0.0125&quot;,&quot;title&quot;:&quot;&quot;,&quot;orientation&quot;:&quot;0&quot;}\" data-image-title=\"DSC_2709\" data-image-description=\"\" data-image-caption=\"\" data-large-file=\"https:\/\/www.cisa-arica.cl\/wp1\/wp-content\/uploads\/2022\/10\/DSC_2709-600x400.jpg\" role=\"button\" tabindex=\"0\" aria-label=\"Abrir la imagen 6 de 106 en pantalla completa\"srcset=\"https:\/\/i1.wp.com\/www.cisa-arica.cl\/wp1\/wp-content\/uploads\/2022\/10\/DSC_2709-600x400.jpg?strip=info&#038;w=600&#038;ssl=1 600w,https:\/\/i1.wp.com\/www.cisa-arica.cl\/wp1\/wp-content\/uploads\/2022\/10\/DSC_2709-600x400.jpg?strip=info&#038;w=900&#038;ssl=1 900w,https:\/\/i1.wp.com\/www.cisa-arica.cl\/wp1\/wp-content\/uploads\/2022\/10\/DSC_2709-600x400.jpg?strip=info&#038;w=1100&#038;ssl=1 1100w\" alt=\"\" data-height=\"733\" data-id=\"17690\" data-link=\"https:\/\/www.cisa-arica.cl\/wp1\/?attachment_id=17690\" data-url=\"https:\/\/www.cisa-arica.cl\/wp1\/wp-content\/uploads\/2022\/10\/DSC_2709-600x400.jpg\" data-width=\"1100\" src=\"https:\/\/i1.wp.com\/www.cisa-arica.cl\/wp1\/wp-content\/uploads\/2022\/10\/DSC_2709-600x400.jpg?ssl=1\" data-amp-layout=\"responsive\"\/><\/figure><\/div><\/div><div class=\"tiled-gallery__row\"><div class=\"tiled-gallery__col\" style=\"flex-basis:33.24464%\"><figure class=\"tiled-gallery__item\"><img decoding=\"async\" data-attachment-id=\"17691\" data-permalink=\"https:\/\/www.cisa-arica.cl\/wp1\/2022\/10\/21\/feria-cientifica-3\/dsc_2711\/\" data-orig-file=\"https:\/\/www.cisa-arica.cl\/wp1\/wp-content\/uploads\/2022\/10\/DSC_2711.jpg\" data-orig-size=\"1100,733\" data-comments-opened=\"0\" data-image-meta=\"{&quot;aperture&quot;:&quot;3.8&quot;,&quot;credit&quot;:&quot;&quot;,&quot;camera&quot;:&quot;NIKON D7100&quot;,&quot;caption&quot;:&quot;&quot;,&quot;created_timestamp&quot;:&quot;1666339733&quot;,&quot;copyright&quot;:&quot;&quot;,&quot;focal_length&quot;:&quot;21&quot;,&quot;iso&quot;:&quot;200&quot;,&quot;shutter_speed&quot;:&quot;0.00625&quot;,&quot;title&quot;:&quot;&quot;,&quot;orientation&quot;:&quot;0&quot;}\" data-image-title=\"DSC_2711\" data-image-description=\"\" data-image-caption=\"\" data-large-file=\"https:\/\/www.cisa-arica.cl\/wp1\/wp-content\/uploads\/2022\/10\/DSC_2711-600x400.jpg\" data-attachment-id=\"17691\" data-permalink=\"https:\/\/www.cisa-arica.cl\/wp1\/2022\/10\/21\/feria-cientifica-3\/dsc_2711\/\" data-orig-file=\"https:\/\/www.cisa-arica.cl\/wp1\/wp-content\/uploads\/2022\/10\/DSC_2711.jpg\" data-orig-size=\"1100,733\" data-comments-opened=\"0\" data-image-meta=\"{&quot;aperture&quot;:&quot;3.8&quot;,&quot;credit&quot;:&quot;&quot;,&quot;camera&quot;:&quot;NIKON D7100&quot;,&quot;caption&quot;:&quot;&quot;,&quot;created_timestamp&quot;:&quot;1666339733&quot;,&quot;copyright&quot;:&quot;&quot;,&quot;focal_length&quot;:&quot;21&quot;,&quot;iso&quot;:&quot;200&quot;,&quot;shutter_speed&quot;:&quot;0.00625&quot;,&quot;title&quot;:&quot;&quot;,&quot;orientation&quot;:&quot;0&quot;}\" data-image-title=\"DSC_2711\" data-image-description=\"\" data-image-caption=\"\" data-large-file=\"https:\/\/www.cisa-arica.cl\/wp1\/wp-content\/uploads\/2022\/10\/DSC_2711-600x400.jpg\" role=\"button\" tabindex=\"0\" aria-label=\"Abrir la imagen 7 de 106 en pantalla completa\"srcset=\"https:\/\/i1.wp.com\/www.cisa-arica.cl\/wp1\/wp-content\/uploads\/2022\/10\/DSC_2711-600x400.jpg?strip=info&#038;w=600&#038;ssl=1 600w,https:\/\/i1.wp.com\/www.cisa-arica.cl\/wp1\/wp-content\/uploads\/2022\/10\/DSC_2711-600x400.jpg?strip=info&#038;w=900&#038;ssl=1 900w,https:\/\/i1.wp.com\/www.cisa-arica.cl\/wp1\/wp-content\/uploads\/2022\/10\/DSC_2711-600x400.jpg?strip=info&#038;w=1100&#038;ssl=1 1100w\" alt=\"\" data-height=\"733\" data-id=\"17691\" data-link=\"https:\/\/www.cisa-arica.cl\/wp1\/?attachment_id=17691\" data-url=\"https:\/\/www.cisa-arica.cl\/wp1\/wp-content\/uploads\/2022\/10\/DSC_2711-600x400.jpg\" data-width=\"1100\" src=\"https:\/\/i1.wp.com\/www.cisa-arica.cl\/wp1\/wp-content\/uploads\/2022\/10\/DSC_2711-600x400.jpg?ssl=1\" data-amp-layout=\"responsive\"\/><\/figure><figure class=\"tiled-gallery__item\"><img decoding=\"async\" data-attachment-id=\"17692\" data-permalink=\"https:\/\/www.cisa-arica.cl\/wp1\/2022\/10\/21\/feria-cientifica-3\/dsc_2717\/\" data-orig-file=\"https:\/\/www.cisa-arica.cl\/wp1\/wp-content\/uploads\/2022\/10\/DSC_2717.jpg\" data-orig-size=\"1100,733\" data-comments-opened=\"0\" data-image-meta=\"{&quot;aperture&quot;:&quot;3.5&quot;,&quot;credit&quot;:&quot;&quot;,&quot;camera&quot;:&quot;NIKON D7100&quot;,&quot;caption&quot;:&quot;&quot;,&quot;created_timestamp&quot;:&quot;1666339770&quot;,&quot;copyright&quot;:&quot;&quot;,&quot;focal_length&quot;:&quot;18&quot;,&quot;iso&quot;:&quot;250&quot;,&quot;shutter_speed&quot;:&quot;0.0025&quot;,&quot;title&quot;:&quot;&quot;,&quot;orientation&quot;:&quot;0&quot;}\" data-image-title=\"DSC_2717\" data-image-description=\"\" data-image-caption=\"\" data-large-file=\"https:\/\/www.cisa-arica.cl\/wp1\/wp-content\/uploads\/2022\/10\/DSC_2717-600x400.jpg\" data-attachment-id=\"17692\" data-permalink=\"https:\/\/www.cisa-arica.cl\/wp1\/2022\/10\/21\/feria-cientifica-3\/dsc_2717\/\" data-orig-file=\"https:\/\/www.cisa-arica.cl\/wp1\/wp-content\/uploads\/2022\/10\/DSC_2717.jpg\" data-orig-size=\"1100,733\" data-comments-opened=\"0\" data-image-meta=\"{&quot;aperture&quot;:&quot;3.5&quot;,&quot;credit&quot;:&quot;&quot;,&quot;camera&quot;:&quot;NIKON D7100&quot;,&quot;caption&quot;:&quot;&quot;,&quot;created_timestamp&quot;:&quot;1666339770&quot;,&quot;copyright&quot;:&quot;&quot;,&quot;focal_length&quot;:&quot;18&quot;,&quot;iso&quot;:&quot;250&quot;,&quot;shutter_speed&quot;:&quot;0.0025&quot;,&quot;title&quot;:&quot;&quot;,&quot;orientation&quot;:&quot;0&quot;}\" data-image-title=\"DSC_2717\" data-image-description=\"\" data-image-caption=\"\" data-large-file=\"https:\/\/www.cisa-arica.cl\/wp1\/wp-content\/uploads\/2022\/10\/DSC_2717-600x400.jpg\" role=\"button\" tabindex=\"0\" aria-label=\"Abrir la imagen 8 de 106 en pantalla completa\"srcset=\"https:\/\/i0.wp.com\/www.cisa-arica.cl\/wp1\/wp-content\/uploads\/2022\/10\/DSC_2717-600x400.jpg?strip=info&#038;w=600&#038;ssl=1 600w,https:\/\/i0.wp.com\/www.cisa-arica.cl\/wp1\/wp-content\/uploads\/2022\/10\/DSC_2717-600x400.jpg?strip=info&#038;w=900&#038;ssl=1 900w,https:\/\/i0.wp.com\/www.cisa-arica.cl\/wp1\/wp-content\/uploads\/2022\/10\/DSC_2717-600x400.jpg?strip=info&#038;w=1100&#038;ssl=1 1100w\" alt=\"\" data-height=\"733\" data-id=\"17692\" data-link=\"https:\/\/www.cisa-arica.cl\/wp1\/?attachment_id=17692\" data-url=\"https:\/\/www.cisa-arica.cl\/wp1\/wp-content\/uploads\/2022\/10\/DSC_2717-600x400.jpg\" data-width=\"1100\" src=\"https:\/\/i0.wp.com\/www.cisa-arica.cl\/wp1\/wp-content\/uploads\/2022\/10\/DSC_2717-600x400.jpg?ssl=1\" data-amp-layout=\"responsive\"\/><\/figure><\/div><div class=\"tiled-gallery__col\" style=\"flex-basis:66.75536%\"><figure class=\"tiled-gallery__item\"><img decoding=\"async\" data-attachment-id=\"17693\" data-permalink=\"https:\/\/www.cisa-arica.cl\/wp1\/2022\/10\/21\/feria-cientifica-3\/dsc_2719\/\" data-orig-file=\"https:\/\/www.cisa-arica.cl\/wp1\/wp-content\/uploads\/2022\/10\/DSC_2719.jpg\" data-orig-size=\"1100,733\" data-comments-opened=\"0\" data-image-meta=\"{&quot;aperture&quot;:&quot;4.5&quot;,&quot;credit&quot;:&quot;&quot;,&quot;camera&quot;:&quot;NIKON D7100&quot;,&quot;caption&quot;:&quot;&quot;,&quot;created_timestamp&quot;:&quot;1666339783&quot;,&quot;copyright&quot;:&quot;&quot;,&quot;focal_length&quot;:&quot;38&quot;,&quot;iso&quot;:&quot;250&quot;,&quot;shutter_speed&quot;:&quot;0.0025&quot;,&quot;title&quot;:&quot;&quot;,&quot;orientation&quot;:&quot;0&quot;}\" data-image-title=\"DSC_2719\" data-image-description=\"\" data-image-caption=\"\" data-large-file=\"https:\/\/www.cisa-arica.cl\/wp1\/wp-content\/uploads\/2022\/10\/DSC_2719-600x400.jpg\" data-attachment-id=\"17693\" data-permalink=\"https:\/\/www.cisa-arica.cl\/wp1\/2022\/10\/21\/feria-cientifica-3\/dsc_2719\/\" data-orig-file=\"https:\/\/www.cisa-arica.cl\/wp1\/wp-content\/uploads\/2022\/10\/DSC_2719.jpg\" data-orig-size=\"1100,733\" data-comments-opened=\"0\" data-image-meta=\"{&quot;aperture&quot;:&quot;4.5&quot;,&quot;credit&quot;:&quot;&quot;,&quot;camera&quot;:&quot;NIKON D7100&quot;,&quot;caption&quot;:&quot;&quot;,&quot;created_timestamp&quot;:&quot;1666339783&quot;,&quot;copyright&quot;:&quot;&quot;,&quot;focal_length&quot;:&quot;38&quot;,&quot;iso&quot;:&quot;250&quot;,&quot;shutter_speed&quot;:&quot;0.0025&quot;,&quot;title&quot;:&quot;&quot;,&quot;orientation&quot;:&quot;0&quot;}\" data-image-title=\"DSC_2719\" data-image-description=\"\" data-image-caption=\"\" data-large-file=\"https:\/\/www.cisa-arica.cl\/wp1\/wp-content\/uploads\/2022\/10\/DSC_2719-600x400.jpg\" role=\"button\" tabindex=\"0\" aria-label=\"Abrir la imagen 9 de 106 en pantalla completa\"srcset=\"https:\/\/i0.wp.com\/www.cisa-arica.cl\/wp1\/wp-content\/uploads\/2022\/10\/DSC_2719-600x400.jpg?strip=info&#038;w=600&#038;ssl=1 600w,https:\/\/i0.wp.com\/www.cisa-arica.cl\/wp1\/wp-content\/uploads\/2022\/10\/DSC_2719-600x400.jpg?strip=info&#038;w=900&#038;ssl=1 900w,https:\/\/i0.wp.com\/www.cisa-arica.cl\/wp1\/wp-content\/uploads\/2022\/10\/DSC_2719-600x400.jpg?strip=info&#038;w=1100&#038;ssl=1 1100w\" alt=\"\" data-height=\"733\" data-id=\"17693\" data-link=\"https:\/\/www.cisa-arica.cl\/wp1\/?attachment_id=17693\" data-url=\"https:\/\/www.cisa-arica.cl\/wp1\/wp-content\/uploads\/2022\/10\/DSC_2719-600x400.jpg\" data-width=\"1100\" src=\"https:\/\/i0.wp.com\/www.cisa-arica.cl\/wp1\/wp-content\/uploads\/2022\/10\/DSC_2719-600x400.jpg?ssl=1\" data-amp-layout=\"responsive\"\/><\/figure><\/div><\/div><div class=\"tiled-gallery__row\"><div class=\"tiled-gallery__col\" style=\"flex-basis:50.00000%\"><figure class=\"tiled-gallery__item\"><img decoding=\"async\" data-attachment-id=\"17694\" data-permalink=\"https:\/\/www.cisa-arica.cl\/wp1\/2022\/10\/21\/feria-cientifica-3\/dsc_2721\/\" data-orig-file=\"https:\/\/www.cisa-arica.cl\/wp1\/wp-content\/uploads\/2022\/10\/DSC_2721.jpg\" data-orig-size=\"1100,733\" data-comments-opened=\"0\" data-image-meta=\"{&quot;aperture&quot;:&quot;3.5&quot;,&quot;credit&quot;:&quot;&quot;,&quot;camera&quot;:&quot;NIKON D7100&quot;,&quot;caption&quot;:&quot;&quot;,&quot;created_timestamp&quot;:&quot;1666339832&quot;,&quot;copyright&quot;:&quot;&quot;,&quot;focal_length&quot;:&quot;18&quot;,&quot;iso&quot;:&quot;250&quot;,&quot;shutter_speed&quot;:&quot;0.005&quot;,&quot;title&quot;:&quot;&quot;,&quot;orientation&quot;:&quot;0&quot;}\" data-image-title=\"DSC_2721\" data-image-description=\"\" data-image-caption=\"\" data-large-file=\"https:\/\/www.cisa-arica.cl\/wp1\/wp-content\/uploads\/2022\/10\/DSC_2721-600x400.jpg\" data-attachment-id=\"17694\" data-permalink=\"https:\/\/www.cisa-arica.cl\/wp1\/2022\/10\/21\/feria-cientifica-3\/dsc_2721\/\" data-orig-file=\"https:\/\/www.cisa-arica.cl\/wp1\/wp-content\/uploads\/2022\/10\/DSC_2721.jpg\" data-orig-size=\"1100,733\" data-comments-opened=\"0\" data-image-meta=\"{&quot;aperture&quot;:&quot;3.5&quot;,&quot;credit&quot;:&quot;&quot;,&quot;camera&quot;:&quot;NIKON D7100&quot;,&quot;caption&quot;:&quot;&quot;,&quot;created_timestamp&quot;:&quot;1666339832&quot;,&quot;copyright&quot;:&quot;&quot;,&quot;focal_length&quot;:&quot;18&quot;,&quot;iso&quot;:&quot;250&quot;,&quot;shutter_speed&quot;:&quot;0.005&quot;,&quot;title&quot;:&quot;&quot;,&quot;orientation&quot;:&quot;0&quot;}\" data-image-title=\"DSC_2721\" data-image-description=\"\" data-image-caption=\"\" data-large-file=\"https:\/\/www.cisa-arica.cl\/wp1\/wp-content\/uploads\/2022\/10\/DSC_2721-600x400.jpg\" role=\"button\" tabindex=\"0\" aria-label=\"Abrir la imagen 10 de 106 en pantalla completa\"srcset=\"https:\/\/i2.wp.com\/www.cisa-arica.cl\/wp1\/wp-content\/uploads\/2022\/10\/DSC_2721-600x400.jpg?strip=info&#038;w=600&#038;ssl=1 600w,https:\/\/i2.wp.com\/www.cisa-arica.cl\/wp1\/wp-content\/uploads\/2022\/10\/DSC_2721-600x400.jpg?strip=info&#038;w=900&#038;ssl=1 900w,https:\/\/i2.wp.com\/www.cisa-arica.cl\/wp1\/wp-content\/uploads\/2022\/10\/DSC_2721-600x400.jpg?strip=info&#038;w=1100&#038;ssl=1 1100w\" alt=\"\" data-height=\"733\" data-id=\"17694\" data-link=\"https:\/\/www.cisa-arica.cl\/wp1\/?attachment_id=17694\" data-url=\"https:\/\/www.cisa-arica.cl\/wp1\/wp-content\/uploads\/2022\/10\/DSC_2721-600x400.jpg\" data-width=\"1100\" src=\"https:\/\/i2.wp.com\/www.cisa-arica.cl\/wp1\/wp-content\/uploads\/2022\/10\/DSC_2721-600x400.jpg?ssl=1\" data-amp-layout=\"responsive\"\/><\/figure><\/div><div class=\"tiled-gallery__col\" style=\"flex-basis:50.00000%\"><figure class=\"tiled-gallery__item\"><img decoding=\"async\" data-attachment-id=\"17695\" data-permalink=\"https:\/\/www.cisa-arica.cl\/wp1\/2022\/10\/21\/feria-cientifica-3\/dsc_2723\/\" data-orig-file=\"https:\/\/www.cisa-arica.cl\/wp1\/wp-content\/uploads\/2022\/10\/DSC_2723.jpg\" data-orig-size=\"1100,733\" data-comments-opened=\"0\" data-image-meta=\"{&quot;aperture&quot;:&quot;3.5&quot;,&quot;credit&quot;:&quot;&quot;,&quot;camera&quot;:&quot;NIKON D7100&quot;,&quot;caption&quot;:&quot;&quot;,&quot;created_timestamp&quot;:&quot;1666339862&quot;,&quot;copyright&quot;:&quot;&quot;,&quot;focal_length&quot;:&quot;18&quot;,&quot;iso&quot;:&quot;250&quot;,&quot;shutter_speed&quot;:&quot;0.00625&quot;,&quot;title&quot;:&quot;&quot;,&quot;orientation&quot;:&quot;0&quot;}\" data-image-title=\"DSC_2723\" data-image-description=\"\" data-image-caption=\"\" data-large-file=\"https:\/\/www.cisa-arica.cl\/wp1\/wp-content\/uploads\/2022\/10\/DSC_2723-600x400.jpg\" data-attachment-id=\"17695\" data-permalink=\"https:\/\/www.cisa-arica.cl\/wp1\/2022\/10\/21\/feria-cientifica-3\/dsc_2723\/\" data-orig-file=\"https:\/\/www.cisa-arica.cl\/wp1\/wp-content\/uploads\/2022\/10\/DSC_2723.jpg\" data-orig-size=\"1100,733\" data-comments-opened=\"0\" data-image-meta=\"{&quot;aperture&quot;:&quot;3.5&quot;,&quot;credit&quot;:&quot;&quot;,&quot;camera&quot;:&quot;NIKON D7100&quot;,&quot;caption&quot;:&quot;&quot;,&quot;created_timestamp&quot;:&quot;1666339862&quot;,&quot;copyright&quot;:&quot;&quot;,&quot;focal_length&quot;:&quot;18&quot;,&quot;iso&quot;:&quot;250&quot;,&quot;shutter_speed&quot;:&quot;0.00625&quot;,&quot;title&quot;:&quot;&quot;,&quot;orientation&quot;:&quot;0&quot;}\" data-image-title=\"DSC_2723\" data-image-description=\"\" data-image-caption=\"\" data-large-file=\"https:\/\/www.cisa-arica.cl\/wp1\/wp-content\/uploads\/2022\/10\/DSC_2723-600x400.jpg\" role=\"button\" tabindex=\"0\" aria-label=\"Abrir la imagen 11 de 106 en pantalla completa\"srcset=\"https:\/\/i2.wp.com\/www.cisa-arica.cl\/wp1\/wp-content\/uploads\/2022\/10\/DSC_2723-600x400.jpg?strip=info&#038;w=600&#038;ssl=1 600w,https:\/\/i2.wp.com\/www.cisa-arica.cl\/wp1\/wp-content\/uploads\/2022\/10\/DSC_2723-600x400.jpg?strip=info&#038;w=900&#038;ssl=1 900w,https:\/\/i2.wp.com\/www.cisa-arica.cl\/wp1\/wp-content\/uploads\/2022\/10\/DSC_2723-600x400.jpg?strip=info&#038;w=1100&#038;ssl=1 1100w\" alt=\"\" data-height=\"733\" data-id=\"17695\" data-link=\"https:\/\/www.cisa-arica.cl\/wp1\/?attachment_id=17695\" data-url=\"https:\/\/www.cisa-arica.cl\/wp1\/wp-content\/uploads\/2022\/10\/DSC_2723-600x400.jpg\" data-width=\"1100\" src=\"https:\/\/i2.wp.com\/www.cisa-arica.cl\/wp1\/wp-content\/uploads\/2022\/10\/DSC_2723-600x400.jpg?ssl=1\" data-amp-layout=\"responsive\"\/><\/figure><\/div><\/div><div class=\"tiled-gallery__row\"><div class=\"tiled-gallery__col\" style=\"flex-basis:66.75536%\"><figure class=\"tiled-gallery__item\"><img decoding=\"async\" data-attachment-id=\"17696\" data-permalink=\"https:\/\/www.cisa-arica.cl\/wp1\/2022\/10\/21\/feria-cientifica-3\/dsc_2724\/\" data-orig-file=\"https:\/\/www.cisa-arica.cl\/wp1\/wp-content\/uploads\/2022\/10\/DSC_2724.jpg\" data-orig-size=\"1100,733\" data-comments-opened=\"0\" data-image-meta=\"{&quot;aperture&quot;:&quot;3.5&quot;,&quot;credit&quot;:&quot;&quot;,&quot;camera&quot;:&quot;NIKON D7100&quot;,&quot;caption&quot;:&quot;&quot;,&quot;created_timestamp&quot;:&quot;1666339866&quot;,&quot;copyright&quot;:&quot;&quot;,&quot;focal_length&quot;:&quot;18&quot;,&quot;iso&quot;:&quot;250&quot;,&quot;shutter_speed&quot;:&quot;0.00625&quot;,&quot;title&quot;:&quot;&quot;,&quot;orientation&quot;:&quot;0&quot;}\" data-image-title=\"DSC_2724\" data-image-description=\"\" data-image-caption=\"\" data-large-file=\"https:\/\/www.cisa-arica.cl\/wp1\/wp-content\/uploads\/2022\/10\/DSC_2724-600x400.jpg\" data-attachment-id=\"17696\" data-permalink=\"https:\/\/www.cisa-arica.cl\/wp1\/2022\/10\/21\/feria-cientifica-3\/dsc_2724\/\" data-orig-file=\"https:\/\/www.cisa-arica.cl\/wp1\/wp-content\/uploads\/2022\/10\/DSC_2724.jpg\" data-orig-size=\"1100,733\" data-comments-opened=\"0\" data-image-meta=\"{&quot;aperture&quot;:&quot;3.5&quot;,&quot;credit&quot;:&quot;&quot;,&quot;camera&quot;:&quot;NIKON D7100&quot;,&quot;caption&quot;:&quot;&quot;,&quot;created_timestamp&quot;:&quot;1666339866&quot;,&quot;copyright&quot;:&quot;&quot;,&quot;focal_length&quot;:&quot;18&quot;,&quot;iso&quot;:&quot;250&quot;,&quot;shutter_speed&quot;:&quot;0.00625&quot;,&quot;title&quot;:&quot;&quot;,&quot;orientation&quot;:&quot;0&quot;}\" data-image-title=\"DSC_2724\" data-image-description=\"\" data-image-caption=\"\" data-large-file=\"https:\/\/www.cisa-arica.cl\/wp1\/wp-content\/uploads\/2022\/10\/DSC_2724-600x400.jpg\" role=\"button\" tabindex=\"0\" aria-label=\"Abrir la imagen 12 de 106 en pantalla completa\"srcset=\"https:\/\/i2.wp.com\/www.cisa-arica.cl\/wp1\/wp-content\/uploads\/2022\/10\/DSC_2724-600x400.jpg?strip=info&#038;w=600&#038;ssl=1 600w,https:\/\/i2.wp.com\/www.cisa-arica.cl\/wp1\/wp-content\/uploads\/2022\/10\/DSC_2724-600x400.jpg?strip=info&#038;w=900&#038;ssl=1 900w,https:\/\/i2.wp.com\/www.cisa-arica.cl\/wp1\/wp-content\/uploads\/2022\/10\/DSC_2724-600x400.jpg?strip=info&#038;w=1100&#038;ssl=1 1100w\" alt=\"\" data-height=\"733\" data-id=\"17696\" data-link=\"https:\/\/www.cisa-arica.cl\/wp1\/?attachment_id=17696\" data-url=\"https:\/\/www.cisa-arica.cl\/wp1\/wp-content\/uploads\/2022\/10\/DSC_2724-600x400.jpg\" data-width=\"1100\" src=\"https:\/\/i2.wp.com\/www.cisa-arica.cl\/wp1\/wp-content\/uploads\/2022\/10\/DSC_2724-600x400.jpg?ssl=1\" data-amp-layout=\"responsive\"\/><\/figure><\/div><div class=\"tiled-gallery__col\" style=\"flex-basis:33.24464%\"><figure class=\"tiled-gallery__item\"><img decoding=\"async\" data-attachment-id=\"17697\" data-permalink=\"https:\/\/www.cisa-arica.cl\/wp1\/2022\/10\/21\/feria-cientifica-3\/dsc_2726\/\" data-orig-file=\"https:\/\/www.cisa-arica.cl\/wp1\/wp-content\/uploads\/2022\/10\/DSC_2726.jpg\" data-orig-size=\"1100,733\" data-comments-opened=\"0\" data-image-meta=\"{&quot;aperture&quot;:&quot;3.5&quot;,&quot;credit&quot;:&quot;&quot;,&quot;camera&quot;:&quot;NIKON D7100&quot;,&quot;caption&quot;:&quot;&quot;,&quot;created_timestamp&quot;:&quot;1666340235&quot;,&quot;copyright&quot;:&quot;&quot;,&quot;focal_length&quot;:&quot;18&quot;,&quot;iso&quot;:&quot;250&quot;,&quot;shutter_speed&quot;:&quot;0.00625&quot;,&quot;title&quot;:&quot;&quot;,&quot;orientation&quot;:&quot;0&quot;}\" data-image-title=\"DSC_2726\" data-image-description=\"\" data-image-caption=\"\" data-large-file=\"https:\/\/www.cisa-arica.cl\/wp1\/wp-content\/uploads\/2022\/10\/DSC_2726-600x400.jpg\" data-attachment-id=\"17697\" data-permalink=\"https:\/\/www.cisa-arica.cl\/wp1\/2022\/10\/21\/feria-cientifica-3\/dsc_2726\/\" data-orig-file=\"https:\/\/www.cisa-arica.cl\/wp1\/wp-content\/uploads\/2022\/10\/DSC_2726.jpg\" data-orig-size=\"1100,733\" data-comments-opened=\"0\" data-image-meta=\"{&quot;aperture&quot;:&quot;3.5&quot;,&quot;credit&quot;:&quot;&quot;,&quot;camera&quot;:&quot;NIKON D7100&quot;,&quot;caption&quot;:&quot;&quot;,&quot;created_timestamp&quot;:&quot;1666340235&quot;,&quot;copyright&quot;:&quot;&quot;,&quot;focal_length&quot;:&quot;18&quot;,&quot;iso&quot;:&quot;250&quot;,&quot;shutter_speed&quot;:&quot;0.00625&quot;,&quot;title&quot;:&quot;&quot;,&quot;orientation&quot;:&quot;0&quot;}\" data-image-title=\"DSC_2726\" data-image-description=\"\" data-image-caption=\"\" data-large-file=\"https:\/\/www.cisa-arica.cl\/wp1\/wp-content\/uploads\/2022\/10\/DSC_2726-600x400.jpg\" role=\"button\" tabindex=\"0\" aria-label=\"Abrir la imagen 13 de 106 en pantalla completa\"srcset=\"https:\/\/i0.wp.com\/www.cisa-arica.cl\/wp1\/wp-content\/uploads\/2022\/10\/DSC_2726-600x400.jpg?strip=info&#038;w=600&#038;ssl=1 600w,https:\/\/i0.wp.com\/www.cisa-arica.cl\/wp1\/wp-content\/uploads\/2022\/10\/DSC_2726-600x400.jpg?strip=info&#038;w=900&#038;ssl=1 900w,https:\/\/i0.wp.com\/www.cisa-arica.cl\/wp1\/wp-content\/uploads\/2022\/10\/DSC_2726-600x400.jpg?strip=info&#038;w=1100&#038;ssl=1 1100w\" alt=\"\" data-height=\"733\" data-id=\"17697\" data-link=\"https:\/\/www.cisa-arica.cl\/wp1\/?attachment_id=17697\" data-url=\"https:\/\/www.cisa-arica.cl\/wp1\/wp-content\/uploads\/2022\/10\/DSC_2726-600x400.jpg\" data-width=\"1100\" src=\"https:\/\/i0.wp.com\/www.cisa-arica.cl\/wp1\/wp-content\/uploads\/2022\/10\/DSC_2726-600x400.jpg?ssl=1\" data-amp-layout=\"responsive\"\/><\/figure><figure class=\"tiled-gallery__item\"><img decoding=\"async\" data-attachment-id=\"17698\" data-permalink=\"https:\/\/www.cisa-arica.cl\/wp1\/2022\/10\/21\/feria-cientifica-3\/dsc_2727\/\" data-orig-file=\"https:\/\/www.cisa-arica.cl\/wp1\/wp-content\/uploads\/2022\/10\/DSC_2727.jpg\" data-orig-size=\"1100,733\" data-comments-opened=\"0\" data-image-meta=\"{&quot;aperture&quot;:&quot;5.6&quot;,&quot;credit&quot;:&quot;&quot;,&quot;camera&quot;:&quot;NIKON D7100&quot;,&quot;caption&quot;:&quot;&quot;,&quot;created_timestamp&quot;:&quot;1666340274&quot;,&quot;copyright&quot;:&quot;&quot;,&quot;focal_length&quot;:&quot;105&quot;,&quot;iso&quot;:&quot;250&quot;,&quot;shutter_speed&quot;:&quot;0.01&quot;,&quot;title&quot;:&quot;&quot;,&quot;orientation&quot;:&quot;0&quot;}\" data-image-title=\"DSC_2727\" data-image-description=\"\" data-image-caption=\"\" data-large-file=\"https:\/\/www.cisa-arica.cl\/wp1\/wp-content\/uploads\/2022\/10\/DSC_2727-600x400.jpg\" data-attachment-id=\"17698\" data-permalink=\"https:\/\/www.cisa-arica.cl\/wp1\/2022\/10\/21\/feria-cientifica-3\/dsc_2727\/\" data-orig-file=\"https:\/\/www.cisa-arica.cl\/wp1\/wp-content\/uploads\/2022\/10\/DSC_2727.jpg\" data-orig-size=\"1100,733\" data-comments-opened=\"0\" data-image-meta=\"{&quot;aperture&quot;:&quot;5.6&quot;,&quot;credit&quot;:&quot;&quot;,&quot;camera&quot;:&quot;NIKON D7100&quot;,&quot;caption&quot;:&quot;&quot;,&quot;created_timestamp&quot;:&quot;1666340274&quot;,&quot;copyright&quot;:&quot;&quot;,&quot;focal_length&quot;:&quot;105&quot;,&quot;iso&quot;:&quot;250&quot;,&quot;shutter_speed&quot;:&quot;0.01&quot;,&quot;title&quot;:&quot;&quot;,&quot;orientation&quot;:&quot;0&quot;}\" data-image-title=\"DSC_2727\" data-image-description=\"\" data-image-caption=\"\" data-large-file=\"https:\/\/www.cisa-arica.cl\/wp1\/wp-content\/uploads\/2022\/10\/DSC_2727-600x400.jpg\" role=\"button\" tabindex=\"0\" aria-label=\"Abrir la imagen 14 de 106 en pantalla completa\"srcset=\"https:\/\/i2.wp.com\/www.cisa-arica.cl\/wp1\/wp-content\/uploads\/2022\/10\/DSC_2727-600x400.jpg?strip=info&#038;w=600&#038;ssl=1 600w,https:\/\/i2.wp.com\/www.cisa-arica.cl\/wp1\/wp-content\/uploads\/2022\/10\/DSC_2727-600x400.jpg?strip=info&#038;w=900&#038;ssl=1 900w,https:\/\/i2.wp.com\/www.cisa-arica.cl\/wp1\/wp-content\/uploads\/2022\/10\/DSC_2727-600x400.jpg?strip=info&#038;w=1100&#038;ssl=1 1100w\" alt=\"\" data-height=\"733\" data-id=\"17698\" data-link=\"https:\/\/www.cisa-arica.cl\/wp1\/?attachment_id=17698\" data-url=\"https:\/\/www.cisa-arica.cl\/wp1\/wp-content\/uploads\/2022\/10\/DSC_2727-600x400.jpg\" data-width=\"1100\" src=\"https:\/\/i2.wp.com\/www.cisa-arica.cl\/wp1\/wp-content\/uploads\/2022\/10\/DSC_2727-600x400.jpg?ssl=1\" data-amp-layout=\"responsive\"\/><\/figure><\/div><\/div><div class=\"tiled-gallery__row\"><div class=\"tiled-gallery__col\" style=\"flex-basis:33.33333%\"><figure class=\"tiled-gallery__item\"><img decoding=\"async\" data-attachment-id=\"17699\" data-permalink=\"https:\/\/www.cisa-arica.cl\/wp1\/2022\/10\/21\/feria-cientifica-3\/dsc_2729\/\" data-orig-file=\"https:\/\/www.cisa-arica.cl\/wp1\/wp-content\/uploads\/2022\/10\/DSC_2729.jpg\" data-orig-size=\"1100,733\" data-comments-opened=\"0\" data-image-meta=\"{&quot;aperture&quot;:&quot;5.3&quot;,&quot;credit&quot;:&quot;&quot;,&quot;camera&quot;:&quot;NIKON D7100&quot;,&quot;caption&quot;:&quot;&quot;,&quot;created_timestamp&quot;:&quot;1666340376&quot;,&quot;copyright&quot;:&quot;&quot;,&quot;focal_length&quot;:&quot;62&quot;,&quot;iso&quot;:&quot;100&quot;,&quot;shutter_speed&quot;:&quot;0.025&quot;,&quot;title&quot;:&quot;&quot;,&quot;orientation&quot;:&quot;0&quot;}\" data-image-title=\"DSC_2729\" data-image-description=\"\" data-image-caption=\"\" data-large-file=\"https:\/\/www.cisa-arica.cl\/wp1\/wp-content\/uploads\/2022\/10\/DSC_2729-600x400.jpg\" data-attachment-id=\"17699\" data-permalink=\"https:\/\/www.cisa-arica.cl\/wp1\/2022\/10\/21\/feria-cientifica-3\/dsc_2729\/\" data-orig-file=\"https:\/\/www.cisa-arica.cl\/wp1\/wp-content\/uploads\/2022\/10\/DSC_2729.jpg\" data-orig-size=\"1100,733\" data-comments-opened=\"0\" data-image-meta=\"{&quot;aperture&quot;:&quot;5.3&quot;,&quot;credit&quot;:&quot;&quot;,&quot;camera&quot;:&quot;NIKON D7100&quot;,&quot;caption&quot;:&quot;&quot;,&quot;created_timestamp&quot;:&quot;1666340376&quot;,&quot;copyright&quot;:&quot;&quot;,&quot;focal_length&quot;:&quot;62&quot;,&quot;iso&quot;:&quot;100&quot;,&quot;shutter_speed&quot;:&quot;0.025&quot;,&quot;title&quot;:&quot;&quot;,&quot;orientation&quot;:&quot;0&quot;}\" data-image-title=\"DSC_2729\" data-image-description=\"\" data-image-caption=\"\" data-large-file=\"https:\/\/www.cisa-arica.cl\/wp1\/wp-content\/uploads\/2022\/10\/DSC_2729-600x400.jpg\" role=\"button\" tabindex=\"0\" aria-label=\"Abrir la imagen 15 de 106 en pantalla completa\"srcset=\"https:\/\/i1.wp.com\/www.cisa-arica.cl\/wp1\/wp-content\/uploads\/2022\/10\/DSC_2729-600x400.jpg?strip=info&#038;w=600&#038;ssl=1 600w,https:\/\/i1.wp.com\/www.cisa-arica.cl\/wp1\/wp-content\/uploads\/2022\/10\/DSC_2729-600x400.jpg?strip=info&#038;w=900&#038;ssl=1 900w,https:\/\/i1.wp.com\/www.cisa-arica.cl\/wp1\/wp-content\/uploads\/2022\/10\/DSC_2729-600x400.jpg?strip=info&#038;w=1100&#038;ssl=1 1100w\" alt=\"\" data-height=\"733\" data-id=\"17699\" data-link=\"https:\/\/www.cisa-arica.cl\/wp1\/?attachment_id=17699\" data-url=\"https:\/\/www.cisa-arica.cl\/wp1\/wp-content\/uploads\/2022\/10\/DSC_2729-600x400.jpg\" data-width=\"1100\" src=\"https:\/\/i1.wp.com\/www.cisa-arica.cl\/wp1\/wp-content\/uploads\/2022\/10\/DSC_2729-600x400.jpg?ssl=1\" data-amp-layout=\"responsive\"\/><\/figure><\/div><div class=\"tiled-gallery__col\" style=\"flex-basis:33.33333%\"><figure class=\"tiled-gallery__item\"><img decoding=\"async\" data-attachment-id=\"17700\" data-permalink=\"https:\/\/www.cisa-arica.cl\/wp1\/2022\/10\/21\/feria-cientifica-3\/dsc_2733\/\" data-orig-file=\"https:\/\/www.cisa-arica.cl\/wp1\/wp-content\/uploads\/2022\/10\/DSC_2733.jpg\" data-orig-size=\"1100,733\" data-comments-opened=\"0\" data-image-meta=\"{&quot;aperture&quot;:&quot;5.3&quot;,&quot;credit&quot;:&quot;&quot;,&quot;camera&quot;:&quot;NIKON D7100&quot;,&quot;caption&quot;:&quot;&quot;,&quot;created_timestamp&quot;:&quot;1666340418&quot;,&quot;copyright&quot;:&quot;&quot;,&quot;focal_length&quot;:&quot;66&quot;,&quot;iso&quot;:&quot;100&quot;,&quot;shutter_speed&quot;:&quot;0.00625&quot;,&quot;title&quot;:&quot;&quot;,&quot;orientation&quot;:&quot;0&quot;}\" data-image-title=\"DSC_2733\" data-image-description=\"\" data-image-caption=\"\" data-large-file=\"https:\/\/www.cisa-arica.cl\/wp1\/wp-content\/uploads\/2022\/10\/DSC_2733-600x400.jpg\" data-attachment-id=\"17700\" data-permalink=\"https:\/\/www.cisa-arica.cl\/wp1\/2022\/10\/21\/feria-cientifica-3\/dsc_2733\/\" data-orig-file=\"https:\/\/www.cisa-arica.cl\/wp1\/wp-content\/uploads\/2022\/10\/DSC_2733.jpg\" data-orig-size=\"1100,733\" data-comments-opened=\"0\" data-image-meta=\"{&quot;aperture&quot;:&quot;5.3&quot;,&quot;credit&quot;:&quot;&quot;,&quot;camera&quot;:&quot;NIKON D7100&quot;,&quot;caption&quot;:&quot;&quot;,&quot;created_timestamp&quot;:&quot;1666340418&quot;,&quot;copyright&quot;:&quot;&quot;,&quot;focal_length&quot;:&quot;66&quot;,&quot;iso&quot;:&quot;100&quot;,&quot;shutter_speed&quot;:&quot;0.00625&quot;,&quot;title&quot;:&quot;&quot;,&quot;orientation&quot;:&quot;0&quot;}\" data-image-title=\"DSC_2733\" data-image-description=\"\" data-image-caption=\"\" data-large-file=\"https:\/\/www.cisa-arica.cl\/wp1\/wp-content\/uploads\/2022\/10\/DSC_2733-600x400.jpg\" role=\"button\" tabindex=\"0\" aria-label=\"Abrir la imagen 16 de 106 en pantalla completa\"srcset=\"https:\/\/i0.wp.com\/www.cisa-arica.cl\/wp1\/wp-content\/uploads\/2022\/10\/DSC_2733-600x400.jpg?strip=info&#038;w=600&#038;ssl=1 600w,https:\/\/i0.wp.com\/www.cisa-arica.cl\/wp1\/wp-content\/uploads\/2022\/10\/DSC_2733-600x400.jpg?strip=info&#038;w=900&#038;ssl=1 900w,https:\/\/i0.wp.com\/www.cisa-arica.cl\/wp1\/wp-content\/uploads\/2022\/10\/DSC_2733-600x400.jpg?strip=info&#038;w=1100&#038;ssl=1 1100w\" alt=\"\" data-height=\"733\" data-id=\"17700\" data-link=\"https:\/\/www.cisa-arica.cl\/wp1\/?attachment_id=17700\" data-url=\"https:\/\/www.cisa-arica.cl\/wp1\/wp-content\/uploads\/2022\/10\/DSC_2733-600x400.jpg\" data-width=\"1100\" src=\"https:\/\/i0.wp.com\/www.cisa-arica.cl\/wp1\/wp-content\/uploads\/2022\/10\/DSC_2733-600x400.jpg?ssl=1\" data-amp-layout=\"responsive\"\/><\/figure><\/div><div class=\"tiled-gallery__col\" style=\"flex-basis:33.33333%\"><figure class=\"tiled-gallery__item\"><img decoding=\"async\" data-attachment-id=\"17701\" data-permalink=\"https:\/\/www.cisa-arica.cl\/wp1\/2022\/10\/21\/feria-cientifica-3\/dsc_2735\/\" data-orig-file=\"https:\/\/www.cisa-arica.cl\/wp1\/wp-content\/uploads\/2022\/10\/DSC_2735.jpg\" data-orig-size=\"1100,733\" data-comments-opened=\"0\" data-image-meta=\"{&quot;aperture&quot;:&quot;5&quot;,&quot;credit&quot;:&quot;&quot;,&quot;camera&quot;:&quot;NIKON D7100&quot;,&quot;caption&quot;:&quot;&quot;,&quot;created_timestamp&quot;:&quot;1666340438&quot;,&quot;copyright&quot;:&quot;&quot;,&quot;focal_length&quot;:&quot;18&quot;,&quot;iso&quot;:&quot;100&quot;,&quot;shutter_speed&quot;:&quot;0.00625&quot;,&quot;title&quot;:&quot;&quot;,&quot;orientation&quot;:&quot;0&quot;}\" data-image-title=\"DSC_2735\" data-image-description=\"\" data-image-caption=\"\" data-large-file=\"https:\/\/www.cisa-arica.cl\/wp1\/wp-content\/uploads\/2022\/10\/DSC_2735-600x400.jpg\" data-attachment-id=\"17701\" data-permalink=\"https:\/\/www.cisa-arica.cl\/wp1\/2022\/10\/21\/feria-cientifica-3\/dsc_2735\/\" data-orig-file=\"https:\/\/www.cisa-arica.cl\/wp1\/wp-content\/uploads\/2022\/10\/DSC_2735.jpg\" data-orig-size=\"1100,733\" data-comments-opened=\"0\" data-image-meta=\"{&quot;aperture&quot;:&quot;5&quot;,&quot;credit&quot;:&quot;&quot;,&quot;camera&quot;:&quot;NIKON D7100&quot;,&quot;caption&quot;:&quot;&quot;,&quot;created_timestamp&quot;:&quot;1666340438&quot;,&quot;copyright&quot;:&quot;&quot;,&quot;focal_length&quot;:&quot;18&quot;,&quot;iso&quot;:&quot;100&quot;,&quot;shutter_speed&quot;:&quot;0.00625&quot;,&quot;title&quot;:&quot;&quot;,&quot;orientation&quot;:&quot;0&quot;}\" data-image-title=\"DSC_2735\" data-image-description=\"\" data-image-caption=\"\" data-large-file=\"https:\/\/www.cisa-arica.cl\/wp1\/wp-content\/uploads\/2022\/10\/DSC_2735-600x400.jpg\" role=\"button\" tabindex=\"0\" aria-label=\"Abrir la imagen 17 de 106 en pantalla completa\"srcset=\"https:\/\/i1.wp.com\/www.cisa-arica.cl\/wp1\/wp-content\/uploads\/2022\/10\/DSC_2735-600x400.jpg?strip=info&#038;w=600&#038;ssl=1 600w,https:\/\/i1.wp.com\/www.cisa-arica.cl\/wp1\/wp-content\/uploads\/2022\/10\/DSC_2735-600x400.jpg?strip=info&#038;w=900&#038;ssl=1 900w,https:\/\/i1.wp.com\/www.cisa-arica.cl\/wp1\/wp-content\/uploads\/2022\/10\/DSC_2735-600x400.jpg?strip=info&#038;w=1100&#038;ssl=1 1100w\" alt=\"\" data-height=\"733\" data-id=\"17701\" data-link=\"https:\/\/www.cisa-arica.cl\/wp1\/?attachment_id=17701\" data-url=\"https:\/\/www.cisa-arica.cl\/wp1\/wp-content\/uploads\/2022\/10\/DSC_2735-600x400.jpg\" data-width=\"1100\" src=\"https:\/\/i1.wp.com\/www.cisa-arica.cl\/wp1\/wp-content\/uploads\/2022\/10\/DSC_2735-600x400.jpg?ssl=1\" data-amp-layout=\"responsive\"\/><\/figure><\/div><\/div><div class=\"tiled-gallery__row\"><div class=\"tiled-gallery__col\" style=\"flex-basis:33.24464%\"><figure class=\"tiled-gallery__item\"><img decoding=\"async\" data-attachment-id=\"17702\" data-permalink=\"https:\/\/www.cisa-arica.cl\/wp1\/2022\/10\/21\/feria-cientifica-3\/dsc_2736\/\" data-orig-file=\"https:\/\/www.cisa-arica.cl\/wp1\/wp-content\/uploads\/2022\/10\/DSC_2736.jpg\" data-orig-size=\"1100,733\" data-comments-opened=\"0\" data-image-meta=\"{&quot;aperture&quot;:&quot;3.5&quot;,&quot;credit&quot;:&quot;&quot;,&quot;camera&quot;:&quot;NIKON D7100&quot;,&quot;caption&quot;:&quot;&quot;,&quot;created_timestamp&quot;:&quot;1666340492&quot;,&quot;copyright&quot;:&quot;&quot;,&quot;focal_length&quot;:&quot;18&quot;,&quot;iso&quot;:&quot;200&quot;,&quot;shutter_speed&quot;:&quot;0.003125&quot;,&quot;title&quot;:&quot;&quot;,&quot;orientation&quot;:&quot;0&quot;}\" data-image-title=\"DSC_2736\" data-image-description=\"\" data-image-caption=\"\" data-large-file=\"https:\/\/www.cisa-arica.cl\/wp1\/wp-content\/uploads\/2022\/10\/DSC_2736-600x400.jpg\" data-attachment-id=\"17702\" data-permalink=\"https:\/\/www.cisa-arica.cl\/wp1\/2022\/10\/21\/feria-cientifica-3\/dsc_2736\/\" data-orig-file=\"https:\/\/www.cisa-arica.cl\/wp1\/wp-content\/uploads\/2022\/10\/DSC_2736.jpg\" data-orig-size=\"1100,733\" data-comments-opened=\"0\" data-image-meta=\"{&quot;aperture&quot;:&quot;3.5&quot;,&quot;credit&quot;:&quot;&quot;,&quot;camera&quot;:&quot;NIKON D7100&quot;,&quot;caption&quot;:&quot;&quot;,&quot;created_timestamp&quot;:&quot;1666340492&quot;,&quot;copyright&quot;:&quot;&quot;,&quot;focal_length&quot;:&quot;18&quot;,&quot;iso&quot;:&quot;200&quot;,&quot;shutter_speed&quot;:&quot;0.003125&quot;,&quot;title&quot;:&quot;&quot;,&quot;orientation&quot;:&quot;0&quot;}\" data-image-title=\"DSC_2736\" data-image-description=\"\" data-image-caption=\"\" data-large-file=\"https:\/\/www.cisa-arica.cl\/wp1\/wp-content\/uploads\/2022\/10\/DSC_2736-600x400.jpg\" role=\"button\" tabindex=\"0\" aria-label=\"Abrir la imagen 18 de 106 en pantalla completa\"srcset=\"https:\/\/i2.wp.com\/www.cisa-arica.cl\/wp1\/wp-content\/uploads\/2022\/10\/DSC_2736-600x400.jpg?strip=info&#038;w=600&#038;ssl=1 600w,https:\/\/i2.wp.com\/www.cisa-arica.cl\/wp1\/wp-content\/uploads\/2022\/10\/DSC_2736-600x400.jpg?strip=info&#038;w=900&#038;ssl=1 900w,https:\/\/i2.wp.com\/www.cisa-arica.cl\/wp1\/wp-content\/uploads\/2022\/10\/DSC_2736-600x400.jpg?strip=info&#038;w=1100&#038;ssl=1 1100w\" alt=\"\" data-height=\"733\" data-id=\"17702\" data-link=\"https:\/\/www.cisa-arica.cl\/wp1\/?attachment_id=17702\" data-url=\"https:\/\/www.cisa-arica.cl\/wp1\/wp-content\/uploads\/2022\/10\/DSC_2736-600x400.jpg\" data-width=\"1100\" src=\"https:\/\/i2.wp.com\/www.cisa-arica.cl\/wp1\/wp-content\/uploads\/2022\/10\/DSC_2736-600x400.jpg?ssl=1\" data-amp-layout=\"responsive\"\/><\/figure><figure class=\"tiled-gallery__item\"><img decoding=\"async\" data-attachment-id=\"17703\" data-permalink=\"https:\/\/www.cisa-arica.cl\/wp1\/2022\/10\/21\/feria-cientifica-3\/dsc_2741\/\" data-orig-file=\"https:\/\/www.cisa-arica.cl\/wp1\/wp-content\/uploads\/2022\/10\/DSC_2741.jpg\" data-orig-size=\"1100,733\" data-comments-opened=\"0\" data-image-meta=\"{&quot;aperture&quot;:&quot;3.8&quot;,&quot;credit&quot;:&quot;&quot;,&quot;camera&quot;:&quot;NIKON D7100&quot;,&quot;caption&quot;:&quot;&quot;,&quot;created_timestamp&quot;:&quot;1666340616&quot;,&quot;copyright&quot;:&quot;&quot;,&quot;focal_length&quot;:&quot;22&quot;,&quot;iso&quot;:&quot;200&quot;,&quot;shutter_speed&quot;:&quot;0.0025&quot;,&quot;title&quot;:&quot;&quot;,&quot;orientation&quot;:&quot;0&quot;}\" data-image-title=\"DSC_2741\" data-image-description=\"\" data-image-caption=\"\" data-large-file=\"https:\/\/www.cisa-arica.cl\/wp1\/wp-content\/uploads\/2022\/10\/DSC_2741-600x400.jpg\" data-attachment-id=\"17703\" data-permalink=\"https:\/\/www.cisa-arica.cl\/wp1\/2022\/10\/21\/feria-cientifica-3\/dsc_2741\/\" data-orig-file=\"https:\/\/www.cisa-arica.cl\/wp1\/wp-content\/uploads\/2022\/10\/DSC_2741.jpg\" data-orig-size=\"1100,733\" data-comments-opened=\"0\" data-image-meta=\"{&quot;aperture&quot;:&quot;3.8&quot;,&quot;credit&quot;:&quot;&quot;,&quot;camera&quot;:&quot;NIKON D7100&quot;,&quot;caption&quot;:&quot;&quot;,&quot;created_timestamp&quot;:&quot;1666340616&quot;,&quot;copyright&quot;:&quot;&quot;,&quot;focal_length&quot;:&quot;22&quot;,&quot;iso&quot;:&quot;200&quot;,&quot;shutter_speed&quot;:&quot;0.0025&quot;,&quot;title&quot;:&quot;&quot;,&quot;orientation&quot;:&quot;0&quot;}\" data-image-title=\"DSC_2741\" data-image-description=\"\" data-image-caption=\"\" data-large-file=\"https:\/\/www.cisa-arica.cl\/wp1\/wp-content\/uploads\/2022\/10\/DSC_2741-600x400.jpg\" role=\"button\" tabindex=\"0\" aria-label=\"Abrir la imagen 19 de 106 en pantalla completa\"srcset=\"https:\/\/i2.wp.com\/www.cisa-arica.cl\/wp1\/wp-content\/uploads\/2022\/10\/DSC_2741-600x400.jpg?strip=info&#038;w=600&#038;ssl=1 600w,https:\/\/i2.wp.com\/www.cisa-arica.cl\/wp1\/wp-content\/uploads\/2022\/10\/DSC_2741-600x400.jpg?strip=info&#038;w=900&#038;ssl=1 900w,https:\/\/i2.wp.com\/www.cisa-arica.cl\/wp1\/wp-content\/uploads\/2022\/10\/DSC_2741-600x400.jpg?strip=info&#038;w=1100&#038;ssl=1 1100w\" alt=\"\" data-height=\"733\" data-id=\"17703\" data-link=\"https:\/\/www.cisa-arica.cl\/wp1\/?attachment_id=17703\" data-url=\"https:\/\/www.cisa-arica.cl\/wp1\/wp-content\/uploads\/2022\/10\/DSC_2741-600x400.jpg\" data-width=\"1100\" src=\"https:\/\/i2.wp.com\/www.cisa-arica.cl\/wp1\/wp-content\/uploads\/2022\/10\/DSC_2741-600x400.jpg?ssl=1\" data-amp-layout=\"responsive\"\/><\/figure><\/div><div class=\"tiled-gallery__col\" style=\"flex-basis:66.75536%\"><figure class=\"tiled-gallery__item\"><img decoding=\"async\" data-attachment-id=\"17704\" data-permalink=\"https:\/\/www.cisa-arica.cl\/wp1\/2022\/10\/21\/feria-cientifica-3\/dsc_2742\/\" data-orig-file=\"https:\/\/www.cisa-arica.cl\/wp1\/wp-content\/uploads\/2022\/10\/DSC_2742.jpg\" data-orig-size=\"1100,733\" data-comments-opened=\"0\" data-image-meta=\"{&quot;aperture&quot;:&quot;4&quot;,&quot;credit&quot;:&quot;&quot;,&quot;camera&quot;:&quot;NIKON D7100&quot;,&quot;caption&quot;:&quot;&quot;,&quot;created_timestamp&quot;:&quot;1666340655&quot;,&quot;copyright&quot;:&quot;&quot;,&quot;focal_length&quot;:&quot;25&quot;,&quot;iso&quot;:&quot;200&quot;,&quot;shutter_speed&quot;:&quot;0.008&quot;,&quot;title&quot;:&quot;&quot;,&quot;orientation&quot;:&quot;0&quot;}\" data-image-title=\"DSC_2742\" data-image-description=\"\" data-image-caption=\"\" data-large-file=\"https:\/\/www.cisa-arica.cl\/wp1\/wp-content\/uploads\/2022\/10\/DSC_2742-600x400.jpg\" data-attachment-id=\"17704\" data-permalink=\"https:\/\/www.cisa-arica.cl\/wp1\/2022\/10\/21\/feria-cientifica-3\/dsc_2742\/\" data-orig-file=\"https:\/\/www.cisa-arica.cl\/wp1\/wp-content\/uploads\/2022\/10\/DSC_2742.jpg\" data-orig-size=\"1100,733\" data-comments-opened=\"0\" data-image-meta=\"{&quot;aperture&quot;:&quot;4&quot;,&quot;credit&quot;:&quot;&quot;,&quot;camera&quot;:&quot;NIKON D7100&quot;,&quot;caption&quot;:&quot;&quot;,&quot;created_timestamp&quot;:&quot;1666340655&quot;,&quot;copyright&quot;:&quot;&quot;,&quot;focal_length&quot;:&quot;25&quot;,&quot;iso&quot;:&quot;200&quot;,&quot;shutter_speed&quot;:&quot;0.008&quot;,&quot;title&quot;:&quot;&quot;,&quot;orientation&quot;:&quot;0&quot;}\" data-image-title=\"DSC_2742\" data-image-description=\"\" data-image-caption=\"\" data-large-file=\"https:\/\/www.cisa-arica.cl\/wp1\/wp-content\/uploads\/2022\/10\/DSC_2742-600x400.jpg\" role=\"button\" tabindex=\"0\" aria-label=\"Abrir la imagen 20 de 106 en pantalla completa\"srcset=\"https:\/\/i1.wp.com\/www.cisa-arica.cl\/wp1\/wp-content\/uploads\/2022\/10\/DSC_2742-600x400.jpg?strip=info&#038;w=600&#038;ssl=1 600w,https:\/\/i1.wp.com\/www.cisa-arica.cl\/wp1\/wp-content\/uploads\/2022\/10\/DSC_2742-600x400.jpg?strip=info&#038;w=900&#038;ssl=1 900w,https:\/\/i1.wp.com\/www.cisa-arica.cl\/wp1\/wp-content\/uploads\/2022\/10\/DSC_2742-600x400.jpg?strip=info&#038;w=1100&#038;ssl=1 1100w\" alt=\"\" data-height=\"733\" data-id=\"17704\" data-link=\"https:\/\/www.cisa-arica.cl\/wp1\/?attachment_id=17704\" data-url=\"https:\/\/www.cisa-arica.cl\/wp1\/wp-content\/uploads\/2022\/10\/DSC_2742-600x400.jpg\" data-width=\"1100\" src=\"https:\/\/i1.wp.com\/www.cisa-arica.cl\/wp1\/wp-content\/uploads\/2022\/10\/DSC_2742-600x400.jpg?ssl=1\" data-amp-layout=\"responsive\"\/><\/figure><\/div><\/div><div class=\"tiled-gallery__row\"><div class=\"tiled-gallery__col\" style=\"flex-basis:50.00000%\"><figure class=\"tiled-gallery__item\"><img decoding=\"async\" data-attachment-id=\"17705\" data-permalink=\"https:\/\/www.cisa-arica.cl\/wp1\/2022\/10\/21\/feria-cientifica-3\/dsc_2750\/\" data-orig-file=\"https:\/\/www.cisa-arica.cl\/wp1\/wp-content\/uploads\/2022\/10\/DSC_2750.jpg\" data-orig-size=\"1100,733\" data-comments-opened=\"0\" data-image-meta=\"{&quot;aperture&quot;:&quot;5&quot;,&quot;credit&quot;:&quot;&quot;,&quot;camera&quot;:&quot;NIKON D7100&quot;,&quot;caption&quot;:&quot;&quot;,&quot;created_timestamp&quot;:&quot;1666340755&quot;,&quot;copyright&quot;:&quot;&quot;,&quot;focal_length&quot;:&quot;18&quot;,&quot;iso&quot;:&quot;640&quot;,&quot;shutter_speed&quot;:&quot;0.02&quot;,&quot;title&quot;:&quot;&quot;,&quot;orientation&quot;:&quot;0&quot;}\" data-image-title=\"DSC_2750\" data-image-description=\"\" data-image-caption=\"\" data-large-file=\"https:\/\/www.cisa-arica.cl\/wp1\/wp-content\/uploads\/2022\/10\/DSC_2750-600x400.jpg\" data-attachment-id=\"17705\" data-permalink=\"https:\/\/www.cisa-arica.cl\/wp1\/2022\/10\/21\/feria-cientifica-3\/dsc_2750\/\" data-orig-file=\"https:\/\/www.cisa-arica.cl\/wp1\/wp-content\/uploads\/2022\/10\/DSC_2750.jpg\" data-orig-size=\"1100,733\" data-comments-opened=\"0\" data-image-meta=\"{&quot;aperture&quot;:&quot;5&quot;,&quot;credit&quot;:&quot;&quot;,&quot;camera&quot;:&quot;NIKON D7100&quot;,&quot;caption&quot;:&quot;&quot;,&quot;created_timestamp&quot;:&quot;1666340755&quot;,&quot;copyright&quot;:&quot;&quot;,&quot;focal_length&quot;:&quot;18&quot;,&quot;iso&quot;:&quot;640&quot;,&quot;shutter_speed&quot;:&quot;0.02&quot;,&quot;title&quot;:&quot;&quot;,&quot;orientation&quot;:&quot;0&quot;}\" data-image-title=\"DSC_2750\" data-image-description=\"\" data-image-caption=\"\" data-large-file=\"https:\/\/www.cisa-arica.cl\/wp1\/wp-content\/uploads\/2022\/10\/DSC_2750-600x400.jpg\" role=\"button\" tabindex=\"0\" aria-label=\"Abrir la imagen 21 de 106 en pantalla completa\"srcset=\"https:\/\/i0.wp.com\/www.cisa-arica.cl\/wp1\/wp-content\/uploads\/2022\/10\/DSC_2750-600x400.jpg?strip=info&#038;w=600&#038;ssl=1 600w,https:\/\/i0.wp.com\/www.cisa-arica.cl\/wp1\/wp-content\/uploads\/2022\/10\/DSC_2750-600x400.jpg?strip=info&#038;w=900&#038;ssl=1 900w,https:\/\/i0.wp.com\/www.cisa-arica.cl\/wp1\/wp-content\/uploads\/2022\/10\/DSC_2750-600x400.jpg?strip=info&#038;w=1100&#038;ssl=1 1100w\" alt=\"\" data-height=\"733\" data-id=\"17705\" data-link=\"https:\/\/www.cisa-arica.cl\/wp1\/?attachment_id=17705\" data-url=\"https:\/\/www.cisa-arica.cl\/wp1\/wp-content\/uploads\/2022\/10\/DSC_2750-600x400.jpg\" data-width=\"1100\" src=\"https:\/\/i0.wp.com\/www.cisa-arica.cl\/wp1\/wp-content\/uploads\/2022\/10\/DSC_2750-600x400.jpg?ssl=1\" data-amp-layout=\"responsive\"\/><\/figure><\/div><div class=\"tiled-gallery__col\" style=\"flex-basis:50.00000%\"><figure class=\"tiled-gallery__item\"><img decoding=\"async\" data-attachment-id=\"17706\" data-permalink=\"https:\/\/www.cisa-arica.cl\/wp1\/2022\/10\/21\/feria-cientifica-3\/dsc_2753\/\" data-orig-file=\"https:\/\/www.cisa-arica.cl\/wp1\/wp-content\/uploads\/2022\/10\/DSC_2753.jpg\" data-orig-size=\"1100,733\" data-comments-opened=\"0\" data-image-meta=\"{&quot;aperture&quot;:&quot;5&quot;,&quot;credit&quot;:&quot;&quot;,&quot;camera&quot;:&quot;NIKON D7100&quot;,&quot;caption&quot;:&quot;&quot;,&quot;created_timestamp&quot;:&quot;1666340789&quot;,&quot;copyright&quot;:&quot;&quot;,&quot;focal_length&quot;:&quot;38&quot;,&quot;iso&quot;:&quot;640&quot;,&quot;shutter_speed&quot;:&quot;0.02&quot;,&quot;title&quot;:&quot;&quot;,&quot;orientation&quot;:&quot;0&quot;}\" data-image-title=\"DSC_2753\" data-image-description=\"\" data-image-caption=\"\" data-large-file=\"https:\/\/www.cisa-arica.cl\/wp1\/wp-content\/uploads\/2022\/10\/DSC_2753-600x400.jpg\" data-attachment-id=\"17706\" data-permalink=\"https:\/\/www.cisa-arica.cl\/wp1\/2022\/10\/21\/feria-cientifica-3\/dsc_2753\/\" data-orig-file=\"https:\/\/www.cisa-arica.cl\/wp1\/wp-content\/uploads\/2022\/10\/DSC_2753.jpg\" data-orig-size=\"1100,733\" data-comments-opened=\"0\" data-image-meta=\"{&quot;aperture&quot;:&quot;5&quot;,&quot;credit&quot;:&quot;&quot;,&quot;camera&quot;:&quot;NIKON D7100&quot;,&quot;caption&quot;:&quot;&quot;,&quot;created_timestamp&quot;:&quot;1666340789&quot;,&quot;copyright&quot;:&quot;&quot;,&quot;focal_length&quot;:&quot;38&quot;,&quot;iso&quot;:&quot;640&quot;,&quot;shutter_speed&quot;:&quot;0.02&quot;,&quot;title&quot;:&quot;&quot;,&quot;orientation&quot;:&quot;0&quot;}\" data-image-title=\"DSC_2753\" data-image-description=\"\" data-image-caption=\"\" data-large-file=\"https:\/\/www.cisa-arica.cl\/wp1\/wp-content\/uploads\/2022\/10\/DSC_2753-600x400.jpg\" role=\"button\" tabindex=\"0\" aria-label=\"Abrir la imagen 22 de 106 en pantalla completa\"srcset=\"https:\/\/i2.wp.com\/www.cisa-arica.cl\/wp1\/wp-content\/uploads\/2022\/10\/DSC_2753-600x400.jpg?strip=info&#038;w=600&#038;ssl=1 600w,https:\/\/i2.wp.com\/www.cisa-arica.cl\/wp1\/wp-content\/uploads\/2022\/10\/DSC_2753-600x400.jpg?strip=info&#038;w=900&#038;ssl=1 900w,https:\/\/i2.wp.com\/www.cisa-arica.cl\/wp1\/wp-content\/uploads\/2022\/10\/DSC_2753-600x400.jpg?strip=info&#038;w=1100&#038;ssl=1 1100w\" alt=\"\" data-height=\"733\" data-id=\"17706\" data-link=\"https:\/\/www.cisa-arica.cl\/wp1\/?attachment_id=17706\" data-url=\"https:\/\/www.cisa-arica.cl\/wp1\/wp-content\/uploads\/2022\/10\/DSC_2753-600x400.jpg\" data-width=\"1100\" src=\"https:\/\/i2.wp.com\/www.cisa-arica.cl\/wp1\/wp-content\/uploads\/2022\/10\/DSC_2753-600x400.jpg?ssl=1\" data-amp-layout=\"responsive\"\/><\/figure><\/div><\/div><div class=\"tiled-gallery__row\"><div class=\"tiled-gallery__col\" style=\"flex-basis:66.75536%\"><figure class=\"tiled-gallery__item\"><img decoding=\"async\" data-attachment-id=\"17707\" data-permalink=\"https:\/\/www.cisa-arica.cl\/wp1\/2022\/10\/21\/feria-cientifica-3\/dsc_2755\/\" data-orig-file=\"https:\/\/www.cisa-arica.cl\/wp1\/wp-content\/uploads\/2022\/10\/DSC_2755.jpg\" data-orig-size=\"1100,733\" data-comments-opened=\"0\" data-image-meta=\"{&quot;aperture&quot;:&quot;4.5&quot;,&quot;credit&quot;:&quot;&quot;,&quot;camera&quot;:&quot;NIKON D7100&quot;,&quot;caption&quot;:&quot;&quot;,&quot;created_timestamp&quot;:&quot;1666340816&quot;,&quot;copyright&quot;:&quot;&quot;,&quot;focal_length&quot;:&quot;18&quot;,&quot;iso&quot;:&quot;1000&quot;,&quot;shutter_speed&quot;:&quot;0.0125&quot;,&quot;title&quot;:&quot;&quot;,&quot;orientation&quot;:&quot;0&quot;}\" data-image-title=\"DSC_2755\" data-image-description=\"\" data-image-caption=\"\" data-large-file=\"https:\/\/www.cisa-arica.cl\/wp1\/wp-content\/uploads\/2022\/10\/DSC_2755-600x400.jpg\" data-attachment-id=\"17707\" data-permalink=\"https:\/\/www.cisa-arica.cl\/wp1\/2022\/10\/21\/feria-cientifica-3\/dsc_2755\/\" data-orig-file=\"https:\/\/www.cisa-arica.cl\/wp1\/wp-content\/uploads\/2022\/10\/DSC_2755.jpg\" data-orig-size=\"1100,733\" data-comments-opened=\"0\" data-image-meta=\"{&quot;aperture&quot;:&quot;4.5&quot;,&quot;credit&quot;:&quot;&quot;,&quot;camera&quot;:&quot;NIKON D7100&quot;,&quot;caption&quot;:&quot;&quot;,&quot;created_timestamp&quot;:&quot;1666340816&quot;,&quot;copyright&quot;:&quot;&quot;,&quot;focal_length&quot;:&quot;18&quot;,&quot;iso&quot;:&quot;1000&quot;,&quot;shutter_speed&quot;:&quot;0.0125&quot;,&quot;title&quot;:&quot;&quot;,&quot;orientation&quot;:&quot;0&quot;}\" data-image-title=\"DSC_2755\" data-image-description=\"\" data-image-caption=\"\" data-large-file=\"https:\/\/www.cisa-arica.cl\/wp1\/wp-content\/uploads\/2022\/10\/DSC_2755-600x400.jpg\" role=\"button\" tabindex=\"0\" aria-label=\"Abrir la imagen 23 de 106 en pantalla completa\"srcset=\"https:\/\/i1.wp.com\/www.cisa-arica.cl\/wp1\/wp-content\/uploads\/2022\/10\/DSC_2755-600x400.jpg?strip=info&#038;w=600&#038;ssl=1 600w,https:\/\/i1.wp.com\/www.cisa-arica.cl\/wp1\/wp-content\/uploads\/2022\/10\/DSC_2755-600x400.jpg?strip=info&#038;w=900&#038;ssl=1 900w,https:\/\/i1.wp.com\/www.cisa-arica.cl\/wp1\/wp-content\/uploads\/2022\/10\/DSC_2755-600x400.jpg?strip=info&#038;w=1100&#038;ssl=1 1100w\" alt=\"\" data-height=\"733\" data-id=\"17707\" data-link=\"https:\/\/www.cisa-arica.cl\/wp1\/?attachment_id=17707\" data-url=\"https:\/\/www.cisa-arica.cl\/wp1\/wp-content\/uploads\/2022\/10\/DSC_2755-600x400.jpg\" data-width=\"1100\" src=\"https:\/\/i1.wp.com\/www.cisa-arica.cl\/wp1\/wp-content\/uploads\/2022\/10\/DSC_2755-600x400.jpg?ssl=1\" data-amp-layout=\"responsive\"\/><\/figure><\/div><div class=\"tiled-gallery__col\" style=\"flex-basis:33.24464%\"><figure class=\"tiled-gallery__item\"><img decoding=\"async\" data-attachment-id=\"17708\" data-permalink=\"https:\/\/www.cisa-arica.cl\/wp1\/2022\/10\/21\/feria-cientifica-3\/dsc_2757\/\" data-orig-file=\"https:\/\/www.cisa-arica.cl\/wp1\/wp-content\/uploads\/2022\/10\/DSC_2757.jpg\" data-orig-size=\"1100,733\" data-comments-opened=\"0\" data-image-meta=\"{&quot;aperture&quot;:&quot;4.5&quot;,&quot;credit&quot;:&quot;&quot;,&quot;camera&quot;:&quot;NIKON D7100&quot;,&quot;caption&quot;:&quot;&quot;,&quot;created_timestamp&quot;:&quot;1666340838&quot;,&quot;copyright&quot;:&quot;&quot;,&quot;focal_length&quot;:&quot;18&quot;,&quot;iso&quot;:&quot;1000&quot;,&quot;shutter_speed&quot;:&quot;0.0125&quot;,&quot;title&quot;:&quot;&quot;,&quot;orientation&quot;:&quot;0&quot;}\" data-image-title=\"DSC_2757\" data-image-description=\"\" data-image-caption=\"\" data-large-file=\"https:\/\/www.cisa-arica.cl\/wp1\/wp-content\/uploads\/2022\/10\/DSC_2757-600x400.jpg\" data-attachment-id=\"17708\" data-permalink=\"https:\/\/www.cisa-arica.cl\/wp1\/2022\/10\/21\/feria-cientifica-3\/dsc_2757\/\" data-orig-file=\"https:\/\/www.cisa-arica.cl\/wp1\/wp-content\/uploads\/2022\/10\/DSC_2757.jpg\" data-orig-size=\"1100,733\" data-comments-opened=\"0\" data-image-meta=\"{&quot;aperture&quot;:&quot;4.5&quot;,&quot;credit&quot;:&quot;&quot;,&quot;camera&quot;:&quot;NIKON D7100&quot;,&quot;caption&quot;:&quot;&quot;,&quot;created_timestamp&quot;:&quot;1666340838&quot;,&quot;copyright&quot;:&quot;&quot;,&quot;focal_length&quot;:&quot;18&quot;,&quot;iso&quot;:&quot;1000&quot;,&quot;shutter_speed&quot;:&quot;0.0125&quot;,&quot;title&quot;:&quot;&quot;,&quot;orientation&quot;:&quot;0&quot;}\" data-image-title=\"DSC_2757\" data-image-description=\"\" data-image-caption=\"\" data-large-file=\"https:\/\/www.cisa-arica.cl\/wp1\/wp-content\/uploads\/2022\/10\/DSC_2757-600x400.jpg\" role=\"button\" tabindex=\"0\" aria-label=\"Abrir la imagen 24 de 106 en pantalla completa\"srcset=\"https:\/\/i0.wp.com\/www.cisa-arica.cl\/wp1\/wp-content\/uploads\/2022\/10\/DSC_2757-600x400.jpg?strip=info&#038;w=600&#038;ssl=1 600w,https:\/\/i0.wp.com\/www.cisa-arica.cl\/wp1\/wp-content\/uploads\/2022\/10\/DSC_2757-600x400.jpg?strip=info&#038;w=900&#038;ssl=1 900w,https:\/\/i0.wp.com\/www.cisa-arica.cl\/wp1\/wp-content\/uploads\/2022\/10\/DSC_2757-600x400.jpg?strip=info&#038;w=1100&#038;ssl=1 1100w\" alt=\"\" data-height=\"733\" data-id=\"17708\" data-link=\"https:\/\/www.cisa-arica.cl\/wp1\/?attachment_id=17708\" data-url=\"https:\/\/www.cisa-arica.cl\/wp1\/wp-content\/uploads\/2022\/10\/DSC_2757-600x400.jpg\" data-width=\"1100\" src=\"https:\/\/i0.wp.com\/www.cisa-arica.cl\/wp1\/wp-content\/uploads\/2022\/10\/DSC_2757-600x400.jpg?ssl=1\" data-amp-layout=\"responsive\"\/><\/figure><figure class=\"tiled-gallery__item\"><img decoding=\"async\" data-attachment-id=\"17709\" data-permalink=\"https:\/\/www.cisa-arica.cl\/wp1\/2022\/10\/21\/feria-cientifica-3\/dsc_2763\/\" data-orig-file=\"https:\/\/www.cisa-arica.cl\/wp1\/wp-content\/uploads\/2022\/10\/DSC_2763.jpg\" data-orig-size=\"1100,733\" data-comments-opened=\"0\" data-image-meta=\"{&quot;aperture&quot;:&quot;4.5&quot;,&quot;credit&quot;:&quot;&quot;,&quot;camera&quot;:&quot;NIKON D7100&quot;,&quot;caption&quot;:&quot;&quot;,&quot;created_timestamp&quot;:&quot;1666340903&quot;,&quot;copyright&quot;:&quot;&quot;,&quot;focal_length&quot;:&quot;18&quot;,&quot;iso&quot;:&quot;1000&quot;,&quot;shutter_speed&quot;:&quot;0.0125&quot;,&quot;title&quot;:&quot;&quot;,&quot;orientation&quot;:&quot;0&quot;}\" data-image-title=\"DSC_2763\" data-image-description=\"\" data-image-caption=\"\" data-large-file=\"https:\/\/www.cisa-arica.cl\/wp1\/wp-content\/uploads\/2022\/10\/DSC_2763-600x400.jpg\" data-attachment-id=\"17709\" data-permalink=\"https:\/\/www.cisa-arica.cl\/wp1\/2022\/10\/21\/feria-cientifica-3\/dsc_2763\/\" data-orig-file=\"https:\/\/www.cisa-arica.cl\/wp1\/wp-content\/uploads\/2022\/10\/DSC_2763.jpg\" data-orig-size=\"1100,733\" data-comments-opened=\"0\" data-image-meta=\"{&quot;aperture&quot;:&quot;4.5&quot;,&quot;credit&quot;:&quot;&quot;,&quot;camera&quot;:&quot;NIKON D7100&quot;,&quot;caption&quot;:&quot;&quot;,&quot;created_timestamp&quot;:&quot;1666340903&quot;,&quot;copyright&quot;:&quot;&quot;,&quot;focal_length&quot;:&quot;18&quot;,&quot;iso&quot;:&quot;1000&quot;,&quot;shutter_speed&quot;:&quot;0.0125&quot;,&quot;title&quot;:&quot;&quot;,&quot;orientation&quot;:&quot;0&quot;}\" data-image-title=\"DSC_2763\" data-image-description=\"\" data-image-caption=\"\" data-large-file=\"https:\/\/www.cisa-arica.cl\/wp1\/wp-content\/uploads\/2022\/10\/DSC_2763-600x400.jpg\" role=\"button\" tabindex=\"0\" aria-label=\"Abrir la imagen 25 de 106 en pantalla completa\"srcset=\"https:\/\/i2.wp.com\/www.cisa-arica.cl\/wp1\/wp-content\/uploads\/2022\/10\/DSC_2763-600x400.jpg?strip=info&#038;w=600&#038;ssl=1 600w,https:\/\/i2.wp.com\/www.cisa-arica.cl\/wp1\/wp-content\/uploads\/2022\/10\/DSC_2763-600x400.jpg?strip=info&#038;w=900&#038;ssl=1 900w,https:\/\/i2.wp.com\/www.cisa-arica.cl\/wp1\/wp-content\/uploads\/2022\/10\/DSC_2763-600x400.jpg?strip=info&#038;w=1100&#038;ssl=1 1100w\" alt=\"\" data-height=\"733\" data-id=\"17709\" data-link=\"https:\/\/www.cisa-arica.cl\/wp1\/?attachment_id=17709\" data-url=\"https:\/\/www.cisa-arica.cl\/wp1\/wp-content\/uploads\/2022\/10\/DSC_2763-600x400.jpg\" data-width=\"1100\" src=\"https:\/\/i2.wp.com\/www.cisa-arica.cl\/wp1\/wp-content\/uploads\/2022\/10\/DSC_2763-600x400.jpg?ssl=1\" data-amp-layout=\"responsive\"\/><\/figure><\/div><\/div><div class=\"tiled-gallery__row\"><div class=\"tiled-gallery__col\" style=\"flex-basis:33.33333%\"><figure class=\"tiled-gallery__item\"><img decoding=\"async\" data-attachment-id=\"17710\" data-permalink=\"https:\/\/www.cisa-arica.cl\/wp1\/2022\/10\/21\/feria-cientifica-3\/dsc_2767\/\" data-orig-file=\"https:\/\/www.cisa-arica.cl\/wp1\/wp-content\/uploads\/2022\/10\/DSC_2767.jpg\" data-orig-size=\"1100,733\" data-comments-opened=\"0\" data-image-meta=\"{&quot;aperture&quot;:&quot;4.5&quot;,&quot;credit&quot;:&quot;&quot;,&quot;camera&quot;:&quot;NIKON D7100&quot;,&quot;caption&quot;:&quot;&quot;,&quot;created_timestamp&quot;:&quot;1666340936&quot;,&quot;copyright&quot;:&quot;&quot;,&quot;focal_length&quot;:&quot;18&quot;,&quot;iso&quot;:&quot;1000&quot;,&quot;shutter_speed&quot;:&quot;0.0125&quot;,&quot;title&quot;:&quot;&quot;,&quot;orientation&quot;:&quot;0&quot;}\" data-image-title=\"DSC_2767\" data-image-description=\"\" data-image-caption=\"\" data-large-file=\"https:\/\/www.cisa-arica.cl\/wp1\/wp-content\/uploads\/2022\/10\/DSC_2767-600x400.jpg\" data-attachment-id=\"17710\" data-permalink=\"https:\/\/www.cisa-arica.cl\/wp1\/2022\/10\/21\/feria-cientifica-3\/dsc_2767\/\" data-orig-file=\"https:\/\/www.cisa-arica.cl\/wp1\/wp-content\/uploads\/2022\/10\/DSC_2767.jpg\" data-orig-size=\"1100,733\" data-comments-opened=\"0\" data-image-meta=\"{&quot;aperture&quot;:&quot;4.5&quot;,&quot;credit&quot;:&quot;&quot;,&quot;camera&quot;:&quot;NIKON D7100&quot;,&quot;caption&quot;:&quot;&quot;,&quot;created_timestamp&quot;:&quot;1666340936&quot;,&quot;copyright&quot;:&quot;&quot;,&quot;focal_length&quot;:&quot;18&quot;,&quot;iso&quot;:&quot;1000&quot;,&quot;shutter_speed&quot;:&quot;0.0125&quot;,&quot;title&quot;:&quot;&quot;,&quot;orientation&quot;:&quot;0&quot;}\" data-image-title=\"DSC_2767\" data-image-description=\"\" data-image-caption=\"\" data-large-file=\"https:\/\/www.cisa-arica.cl\/wp1\/wp-content\/uploads\/2022\/10\/DSC_2767-600x400.jpg\" role=\"button\" tabindex=\"0\" aria-label=\"Abrir la imagen 26 de 106 en pantalla completa\"srcset=\"https:\/\/i2.wp.com\/www.cisa-arica.cl\/wp1\/wp-content\/uploads\/2022\/10\/DSC_2767-600x400.jpg?strip=info&#038;w=600&#038;ssl=1 600w,https:\/\/i2.wp.com\/www.cisa-arica.cl\/wp1\/wp-content\/uploads\/2022\/10\/DSC_2767-600x400.jpg?strip=info&#038;w=900&#038;ssl=1 900w,https:\/\/i2.wp.com\/www.cisa-arica.cl\/wp1\/wp-content\/uploads\/2022\/10\/DSC_2767-600x400.jpg?strip=info&#038;w=1100&#038;ssl=1 1100w\" alt=\"\" data-height=\"733\" data-id=\"17710\" data-link=\"https:\/\/www.cisa-arica.cl\/wp1\/?attachment_id=17710\" data-url=\"https:\/\/www.cisa-arica.cl\/wp1\/wp-content\/uploads\/2022\/10\/DSC_2767-600x400.jpg\" data-width=\"1100\" src=\"https:\/\/i2.wp.com\/www.cisa-arica.cl\/wp1\/wp-content\/uploads\/2022\/10\/DSC_2767-600x400.jpg?ssl=1\" data-amp-layout=\"responsive\"\/><\/figure><\/div><div class=\"tiled-gallery__col\" style=\"flex-basis:33.33333%\"><figure class=\"tiled-gallery__item\"><img decoding=\"async\" data-attachment-id=\"17711\" data-permalink=\"https:\/\/www.cisa-arica.cl\/wp1\/2022\/10\/21\/feria-cientifica-3\/dsc_2770\/\" data-orig-file=\"https:\/\/www.cisa-arica.cl\/wp1\/wp-content\/uploads\/2022\/10\/DSC_2770.jpg\" data-orig-size=\"1100,733\" data-comments-opened=\"0\" data-image-meta=\"{&quot;aperture&quot;:&quot;4.5&quot;,&quot;credit&quot;:&quot;&quot;,&quot;camera&quot;:&quot;NIKON D7100&quot;,&quot;caption&quot;:&quot;&quot;,&quot;created_timestamp&quot;:&quot;1666340972&quot;,&quot;copyright&quot;:&quot;&quot;,&quot;focal_length&quot;:&quot;18&quot;,&quot;iso&quot;:&quot;1000&quot;,&quot;shutter_speed&quot;:&quot;0.0125&quot;,&quot;title&quot;:&quot;&quot;,&quot;orientation&quot;:&quot;0&quot;}\" data-image-title=\"DSC_2770\" data-image-description=\"\" data-image-caption=\"\" data-large-file=\"https:\/\/www.cisa-arica.cl\/wp1\/wp-content\/uploads\/2022\/10\/DSC_2770-600x400.jpg\" data-attachment-id=\"17711\" data-permalink=\"https:\/\/www.cisa-arica.cl\/wp1\/2022\/10\/21\/feria-cientifica-3\/dsc_2770\/\" data-orig-file=\"https:\/\/www.cisa-arica.cl\/wp1\/wp-content\/uploads\/2022\/10\/DSC_2770.jpg\" data-orig-size=\"1100,733\" data-comments-opened=\"0\" data-image-meta=\"{&quot;aperture&quot;:&quot;4.5&quot;,&quot;credit&quot;:&quot;&quot;,&quot;camera&quot;:&quot;NIKON D7100&quot;,&quot;caption&quot;:&quot;&quot;,&quot;created_timestamp&quot;:&quot;1666340972&quot;,&quot;copyright&quot;:&quot;&quot;,&quot;focal_length&quot;:&quot;18&quot;,&quot;iso&quot;:&quot;1000&quot;,&quot;shutter_speed&quot;:&quot;0.0125&quot;,&quot;title&quot;:&quot;&quot;,&quot;orientation&quot;:&quot;0&quot;}\" data-image-title=\"DSC_2770\" data-image-description=\"\" data-image-caption=\"\" data-large-file=\"https:\/\/www.cisa-arica.cl\/wp1\/wp-content\/uploads\/2022\/10\/DSC_2770-600x400.jpg\" role=\"button\" tabindex=\"0\" aria-label=\"Abrir la imagen 27 de 106 en pantalla completa\"srcset=\"https:\/\/i2.wp.com\/www.cisa-arica.cl\/wp1\/wp-content\/uploads\/2022\/10\/DSC_2770-600x400.jpg?strip=info&#038;w=600&#038;ssl=1 600w,https:\/\/i2.wp.com\/www.cisa-arica.cl\/wp1\/wp-content\/uploads\/2022\/10\/DSC_2770-600x400.jpg?strip=info&#038;w=900&#038;ssl=1 900w,https:\/\/i2.wp.com\/www.cisa-arica.cl\/wp1\/wp-content\/uploads\/2022\/10\/DSC_2770-600x400.jpg?strip=info&#038;w=1100&#038;ssl=1 1100w\" alt=\"\" data-height=\"733\" data-id=\"17711\" data-link=\"https:\/\/www.cisa-arica.cl\/wp1\/?attachment_id=17711\" data-url=\"https:\/\/www.cisa-arica.cl\/wp1\/wp-content\/uploads\/2022\/10\/DSC_2770-600x400.jpg\" data-width=\"1100\" src=\"https:\/\/i2.wp.com\/www.cisa-arica.cl\/wp1\/wp-content\/uploads\/2022\/10\/DSC_2770-600x400.jpg?ssl=1\" data-amp-layout=\"responsive\"\/><\/figure><\/div><div class=\"tiled-gallery__col\" style=\"flex-basis:33.33333%\"><figure class=\"tiled-gallery__item\"><img decoding=\"async\" data-attachment-id=\"17712\" data-permalink=\"https:\/\/www.cisa-arica.cl\/wp1\/2022\/10\/21\/feria-cientifica-3\/dsc_2772\/\" data-orig-file=\"https:\/\/www.cisa-arica.cl\/wp1\/wp-content\/uploads\/2022\/10\/DSC_2772.jpg\" data-orig-size=\"1100,733\" data-comments-opened=\"0\" data-image-meta=\"{&quot;aperture&quot;:&quot;4.5&quot;,&quot;credit&quot;:&quot;&quot;,&quot;camera&quot;:&quot;NIKON D7100&quot;,&quot;caption&quot;:&quot;&quot;,&quot;created_timestamp&quot;:&quot;1666340989&quot;,&quot;copyright&quot;:&quot;&quot;,&quot;focal_length&quot;:&quot;18&quot;,&quot;iso&quot;:&quot;1000&quot;,&quot;shutter_speed&quot;:&quot;0.0125&quot;,&quot;title&quot;:&quot;&quot;,&quot;orientation&quot;:&quot;0&quot;}\" data-image-title=\"DSC_2772\" data-image-description=\"\" data-image-caption=\"\" data-large-file=\"https:\/\/www.cisa-arica.cl\/wp1\/wp-content\/uploads\/2022\/10\/DSC_2772-600x400.jpg\" data-attachment-id=\"17712\" data-permalink=\"https:\/\/www.cisa-arica.cl\/wp1\/2022\/10\/21\/feria-cientifica-3\/dsc_2772\/\" data-orig-file=\"https:\/\/www.cisa-arica.cl\/wp1\/wp-content\/uploads\/2022\/10\/DSC_2772.jpg\" data-orig-size=\"1100,733\" data-comments-opened=\"0\" data-image-meta=\"{&quot;aperture&quot;:&quot;4.5&quot;,&quot;credit&quot;:&quot;&quot;,&quot;camera&quot;:&quot;NIKON D7100&quot;,&quot;caption&quot;:&quot;&quot;,&quot;created_timestamp&quot;:&quot;1666340989&quot;,&quot;copyright&quot;:&quot;&quot;,&quot;focal_length&quot;:&quot;18&quot;,&quot;iso&quot;:&quot;1000&quot;,&quot;shutter_speed&quot;:&quot;0.0125&quot;,&quot;title&quot;:&quot;&quot;,&quot;orientation&quot;:&quot;0&quot;}\" data-image-title=\"DSC_2772\" data-image-description=\"\" data-image-caption=\"\" data-large-file=\"https:\/\/www.cisa-arica.cl\/wp1\/wp-content\/uploads\/2022\/10\/DSC_2772-600x400.jpg\" role=\"button\" tabindex=\"0\" aria-label=\"Abrir la imagen 28 de 106 en pantalla completa\"srcset=\"https:\/\/i0.wp.com\/www.cisa-arica.cl\/wp1\/wp-content\/uploads\/2022\/10\/DSC_2772-600x400.jpg?strip=info&#038;w=600&#038;ssl=1 600w,https:\/\/i0.wp.com\/www.cisa-arica.cl\/wp1\/wp-content\/uploads\/2022\/10\/DSC_2772-600x400.jpg?strip=info&#038;w=900&#038;ssl=1 900w,https:\/\/i0.wp.com\/www.cisa-arica.cl\/wp1\/wp-content\/uploads\/2022\/10\/DSC_2772-600x400.jpg?strip=info&#038;w=1100&#038;ssl=1 1100w\" alt=\"\" data-height=\"733\" data-id=\"17712\" data-link=\"https:\/\/www.cisa-arica.cl\/wp1\/?attachment_id=17712\" data-url=\"https:\/\/www.cisa-arica.cl\/wp1\/wp-content\/uploads\/2022\/10\/DSC_2772-600x400.jpg\" data-width=\"1100\" src=\"https:\/\/i0.wp.com\/www.cisa-arica.cl\/wp1\/wp-content\/uploads\/2022\/10\/DSC_2772-600x400.jpg?ssl=1\" data-amp-layout=\"responsive\"\/><\/figure><\/div><\/div><div class=\"tiled-gallery__row\"><div class=\"tiled-gallery__col\" style=\"flex-basis:33.24464%\"><figure class=\"tiled-gallery__item\"><img decoding=\"async\" data-attachment-id=\"17713\" data-permalink=\"https:\/\/www.cisa-arica.cl\/wp1\/2022\/10\/21\/feria-cientifica-3\/dsc_2774-2\/\" data-orig-file=\"https:\/\/www.cisa-arica.cl\/wp1\/wp-content\/uploads\/2022\/10\/DSC_2774.jpg\" data-orig-size=\"1100,733\" data-comments-opened=\"0\" data-image-meta=\"{&quot;aperture&quot;:&quot;4.5&quot;,&quot;credit&quot;:&quot;&quot;,&quot;camera&quot;:&quot;NIKON D7100&quot;,&quot;caption&quot;:&quot;&quot;,&quot;created_timestamp&quot;:&quot;1666341016&quot;,&quot;copyright&quot;:&quot;&quot;,&quot;focal_length&quot;:&quot;18&quot;,&quot;iso&quot;:&quot;1000&quot;,&quot;shutter_speed&quot;:&quot;0.0125&quot;,&quot;title&quot;:&quot;&quot;,&quot;orientation&quot;:&quot;0&quot;}\" data-image-title=\"DSC_2774\" data-image-description=\"\" data-image-caption=\"\" data-large-file=\"https:\/\/www.cisa-arica.cl\/wp1\/wp-content\/uploads\/2022\/10\/DSC_2774-600x400.jpg\" data-attachment-id=\"17713\" data-permalink=\"https:\/\/www.cisa-arica.cl\/wp1\/2022\/10\/21\/feria-cientifica-3\/dsc_2774-2\/\" data-orig-file=\"https:\/\/www.cisa-arica.cl\/wp1\/wp-content\/uploads\/2022\/10\/DSC_2774.jpg\" data-orig-size=\"1100,733\" data-comments-opened=\"0\" data-image-meta=\"{&quot;aperture&quot;:&quot;4.5&quot;,&quot;credit&quot;:&quot;&quot;,&quot;camera&quot;:&quot;NIKON D7100&quot;,&quot;caption&quot;:&quot;&quot;,&quot;created_timestamp&quot;:&quot;1666341016&quot;,&quot;copyright&quot;:&quot;&quot;,&quot;focal_length&quot;:&quot;18&quot;,&quot;iso&quot;:&quot;1000&quot;,&quot;shutter_speed&quot;:&quot;0.0125&quot;,&quot;title&quot;:&quot;&quot;,&quot;orientation&quot;:&quot;0&quot;}\" data-image-title=\"DSC_2774\" data-image-description=\"\" data-image-caption=\"\" data-large-file=\"https:\/\/www.cisa-arica.cl\/wp1\/wp-content\/uploads\/2022\/10\/DSC_2774-600x400.jpg\" role=\"button\" tabindex=\"0\" aria-label=\"Abrir la imagen 29 de 106 en pantalla completa\"srcset=\"https:\/\/i2.wp.com\/www.cisa-arica.cl\/wp1\/wp-content\/uploads\/2022\/10\/DSC_2774-600x400.jpg?strip=info&#038;w=600&#038;ssl=1 600w,https:\/\/i2.wp.com\/www.cisa-arica.cl\/wp1\/wp-content\/uploads\/2022\/10\/DSC_2774-600x400.jpg?strip=info&#038;w=900&#038;ssl=1 900w,https:\/\/i2.wp.com\/www.cisa-arica.cl\/wp1\/wp-content\/uploads\/2022\/10\/DSC_2774-600x400.jpg?strip=info&#038;w=1100&#038;ssl=1 1100w\" alt=\"\" data-height=\"733\" data-id=\"17713\" data-link=\"https:\/\/www.cisa-arica.cl\/wp1\/?attachment_id=17713\" data-url=\"https:\/\/www.cisa-arica.cl\/wp1\/wp-content\/uploads\/2022\/10\/DSC_2774-600x400.jpg\" data-width=\"1100\" src=\"https:\/\/i2.wp.com\/www.cisa-arica.cl\/wp1\/wp-content\/uploads\/2022\/10\/DSC_2774-600x400.jpg?ssl=1\" data-amp-layout=\"responsive\"\/><\/figure><figure class=\"tiled-gallery__item\"><img decoding=\"async\" data-attachment-id=\"17714\" data-permalink=\"https:\/\/www.cisa-arica.cl\/wp1\/2022\/10\/21\/feria-cientifica-3\/dsc_2775\/\" data-orig-file=\"https:\/\/www.cisa-arica.cl\/wp1\/wp-content\/uploads\/2022\/10\/DSC_2775.jpg\" data-orig-size=\"1100,733\" data-comments-opened=\"0\" data-image-meta=\"{&quot;aperture&quot;:&quot;4.5&quot;,&quot;credit&quot;:&quot;&quot;,&quot;camera&quot;:&quot;NIKON D7100&quot;,&quot;caption&quot;:&quot;&quot;,&quot;created_timestamp&quot;:&quot;1666341027&quot;,&quot;copyright&quot;:&quot;&quot;,&quot;focal_length&quot;:&quot;18&quot;,&quot;iso&quot;:&quot;1000&quot;,&quot;shutter_speed&quot;:&quot;0.0125&quot;,&quot;title&quot;:&quot;&quot;,&quot;orientation&quot;:&quot;0&quot;}\" data-image-title=\"DSC_2775\" data-image-description=\"\" data-image-caption=\"\" data-large-file=\"https:\/\/www.cisa-arica.cl\/wp1\/wp-content\/uploads\/2022\/10\/DSC_2775-600x400.jpg\" data-attachment-id=\"17714\" data-permalink=\"https:\/\/www.cisa-arica.cl\/wp1\/2022\/10\/21\/feria-cientifica-3\/dsc_2775\/\" data-orig-file=\"https:\/\/www.cisa-arica.cl\/wp1\/wp-content\/uploads\/2022\/10\/DSC_2775.jpg\" data-orig-size=\"1100,733\" data-comments-opened=\"0\" data-image-meta=\"{&quot;aperture&quot;:&quot;4.5&quot;,&quot;credit&quot;:&quot;&quot;,&quot;camera&quot;:&quot;NIKON D7100&quot;,&quot;caption&quot;:&quot;&quot;,&quot;created_timestamp&quot;:&quot;1666341027&quot;,&quot;copyright&quot;:&quot;&quot;,&quot;focal_length&quot;:&quot;18&quot;,&quot;iso&quot;:&quot;1000&quot;,&quot;shutter_speed&quot;:&quot;0.0125&quot;,&quot;title&quot;:&quot;&quot;,&quot;orientation&quot;:&quot;0&quot;}\" data-image-title=\"DSC_2775\" data-image-description=\"\" data-image-caption=\"\" data-large-file=\"https:\/\/www.cisa-arica.cl\/wp1\/wp-content\/uploads\/2022\/10\/DSC_2775-600x400.jpg\" role=\"button\" tabindex=\"0\" aria-label=\"Abrir la imagen 30 de 106 en pantalla completa\"srcset=\"https:\/\/i1.wp.com\/www.cisa-arica.cl\/wp1\/wp-content\/uploads\/2022\/10\/DSC_2775-600x400.jpg?strip=info&#038;w=600&#038;ssl=1 600w,https:\/\/i1.wp.com\/www.cisa-arica.cl\/wp1\/wp-content\/uploads\/2022\/10\/DSC_2775-600x400.jpg?strip=info&#038;w=900&#038;ssl=1 900w,https:\/\/i1.wp.com\/www.cisa-arica.cl\/wp1\/wp-content\/uploads\/2022\/10\/DSC_2775-600x400.jpg?strip=info&#038;w=1100&#038;ssl=1 1100w\" alt=\"\" data-height=\"733\" data-id=\"17714\" data-link=\"https:\/\/www.cisa-arica.cl\/wp1\/?attachment_id=17714\" data-url=\"https:\/\/www.cisa-arica.cl\/wp1\/wp-content\/uploads\/2022\/10\/DSC_2775-600x400.jpg\" data-width=\"1100\" src=\"https:\/\/i1.wp.com\/www.cisa-arica.cl\/wp1\/wp-content\/uploads\/2022\/10\/DSC_2775-600x400.jpg?ssl=1\" data-amp-layout=\"responsive\"\/><\/figure><\/div><div class=\"tiled-gallery__col\" style=\"flex-basis:66.75536%\"><figure class=\"tiled-gallery__item\"><img decoding=\"async\" data-attachment-id=\"17715\" data-permalink=\"https:\/\/www.cisa-arica.cl\/wp1\/2022\/10\/21\/feria-cientifica-3\/dsc_2777\/\" data-orig-file=\"https:\/\/www.cisa-arica.cl\/wp1\/wp-content\/uploads\/2022\/10\/DSC_2777.jpg\" data-orig-size=\"1100,733\" data-comments-opened=\"0\" data-image-meta=\"{&quot;aperture&quot;:&quot;3.5&quot;,&quot;credit&quot;:&quot;&quot;,&quot;camera&quot;:&quot;NIKON D7100&quot;,&quot;caption&quot;:&quot;&quot;,&quot;created_timestamp&quot;:&quot;1666341056&quot;,&quot;copyright&quot;:&quot;&quot;,&quot;focal_length&quot;:&quot;18&quot;,&quot;iso&quot;:&quot;1250&quot;,&quot;shutter_speed&quot;:&quot;0.01&quot;,&quot;title&quot;:&quot;&quot;,&quot;orientation&quot;:&quot;0&quot;}\" data-image-title=\"DSC_2777\" data-image-description=\"\" data-image-caption=\"\" data-large-file=\"https:\/\/www.cisa-arica.cl\/wp1\/wp-content\/uploads\/2022\/10\/DSC_2777-600x400.jpg\" data-attachment-id=\"17715\" data-permalink=\"https:\/\/www.cisa-arica.cl\/wp1\/2022\/10\/21\/feria-cientifica-3\/dsc_2777\/\" data-orig-file=\"https:\/\/www.cisa-arica.cl\/wp1\/wp-content\/uploads\/2022\/10\/DSC_2777.jpg\" data-orig-size=\"1100,733\" data-comments-opened=\"0\" data-image-meta=\"{&quot;aperture&quot;:&quot;3.5&quot;,&quot;credit&quot;:&quot;&quot;,&quot;camera&quot;:&quot;NIKON D7100&quot;,&quot;caption&quot;:&quot;&quot;,&quot;created_timestamp&quot;:&quot;1666341056&quot;,&quot;copyright&quot;:&quot;&quot;,&quot;focal_length&quot;:&quot;18&quot;,&quot;iso&quot;:&quot;1250&quot;,&quot;shutter_speed&quot;:&quot;0.01&quot;,&quot;title&quot;:&quot;&quot;,&quot;orientation&quot;:&quot;0&quot;}\" data-image-title=\"DSC_2777\" data-image-description=\"\" data-image-caption=\"\" data-large-file=\"https:\/\/www.cisa-arica.cl\/wp1\/wp-content\/uploads\/2022\/10\/DSC_2777-600x400.jpg\" role=\"button\" tabindex=\"0\" aria-label=\"Abrir la imagen 31 de 106 en pantalla completa\"srcset=\"https:\/\/i0.wp.com\/www.cisa-arica.cl\/wp1\/wp-content\/uploads\/2022\/10\/DSC_2777-600x400.jpg?strip=info&#038;w=600&#038;ssl=1 600w,https:\/\/i0.wp.com\/www.cisa-arica.cl\/wp1\/wp-content\/uploads\/2022\/10\/DSC_2777-600x400.jpg?strip=info&#038;w=900&#038;ssl=1 900w,https:\/\/i0.wp.com\/www.cisa-arica.cl\/wp1\/wp-content\/uploads\/2022\/10\/DSC_2777-600x400.jpg?strip=info&#038;w=1100&#038;ssl=1 1100w\" alt=\"\" data-height=\"733\" data-id=\"17715\" data-link=\"https:\/\/www.cisa-arica.cl\/wp1\/?attachment_id=17715\" data-url=\"https:\/\/www.cisa-arica.cl\/wp1\/wp-content\/uploads\/2022\/10\/DSC_2777-600x400.jpg\" data-width=\"1100\" src=\"https:\/\/i0.wp.com\/www.cisa-arica.cl\/wp1\/wp-content\/uploads\/2022\/10\/DSC_2777-600x400.jpg?ssl=1\" data-amp-layout=\"responsive\"\/><\/figure><\/div><\/div><div class=\"tiled-gallery__row\"><div class=\"tiled-gallery__col\" style=\"flex-basis:50.00000%\"><figure class=\"tiled-gallery__item\"><img decoding=\"async\" data-attachment-id=\"17716\" data-permalink=\"https:\/\/www.cisa-arica.cl\/wp1\/2022\/10\/21\/feria-cientifica-3\/dsc_2783\/\" data-orig-file=\"https:\/\/www.cisa-arica.cl\/wp1\/wp-content\/uploads\/2022\/10\/DSC_2783.jpg\" data-orig-size=\"1100,733\" data-comments-opened=\"0\" data-image-meta=\"{&quot;aperture&quot;:&quot;3.5&quot;,&quot;credit&quot;:&quot;&quot;,&quot;camera&quot;:&quot;NIKON D7100&quot;,&quot;caption&quot;:&quot;&quot;,&quot;created_timestamp&quot;:&quot;1666341104&quot;,&quot;copyright&quot;:&quot;&quot;,&quot;focal_length&quot;:&quot;18&quot;,&quot;iso&quot;:&quot;1250&quot;,&quot;shutter_speed&quot;:&quot;0.01&quot;,&quot;title&quot;:&quot;&quot;,&quot;orientation&quot;:&quot;0&quot;}\" data-image-title=\"DSC_2783\" data-image-description=\"\" data-image-caption=\"\" data-large-file=\"https:\/\/www.cisa-arica.cl\/wp1\/wp-content\/uploads\/2022\/10\/DSC_2783-600x400.jpg\" data-attachment-id=\"17716\" data-permalink=\"https:\/\/www.cisa-arica.cl\/wp1\/2022\/10\/21\/feria-cientifica-3\/dsc_2783\/\" data-orig-file=\"https:\/\/www.cisa-arica.cl\/wp1\/wp-content\/uploads\/2022\/10\/DSC_2783.jpg\" data-orig-size=\"1100,733\" data-comments-opened=\"0\" data-image-meta=\"{&quot;aperture&quot;:&quot;3.5&quot;,&quot;credit&quot;:&quot;&quot;,&quot;camera&quot;:&quot;NIKON D7100&quot;,&quot;caption&quot;:&quot;&quot;,&quot;created_timestamp&quot;:&quot;1666341104&quot;,&quot;copyright&quot;:&quot;&quot;,&quot;focal_length&quot;:&quot;18&quot;,&quot;iso&quot;:&quot;1250&quot;,&quot;shutter_speed&quot;:&quot;0.01&quot;,&quot;title&quot;:&quot;&quot;,&quot;orientation&quot;:&quot;0&quot;}\" data-image-title=\"DSC_2783\" data-image-description=\"\" data-image-caption=\"\" data-large-file=\"https:\/\/www.cisa-arica.cl\/wp1\/wp-content\/uploads\/2022\/10\/DSC_2783-600x400.jpg\" role=\"button\" tabindex=\"0\" aria-label=\"Abrir la imagen 32 de 106 en pantalla completa\"srcset=\"https:\/\/i1.wp.com\/www.cisa-arica.cl\/wp1\/wp-content\/uploads\/2022\/10\/DSC_2783-600x400.jpg?strip=info&#038;w=600&#038;ssl=1 600w,https:\/\/i1.wp.com\/www.cisa-arica.cl\/wp1\/wp-content\/uploads\/2022\/10\/DSC_2783-600x400.jpg?strip=info&#038;w=900&#038;ssl=1 900w,https:\/\/i1.wp.com\/www.cisa-arica.cl\/wp1\/wp-content\/uploads\/2022\/10\/DSC_2783-600x400.jpg?strip=info&#038;w=1100&#038;ssl=1 1100w\" alt=\"\" data-height=\"733\" data-id=\"17716\" data-link=\"https:\/\/www.cisa-arica.cl\/wp1\/?attachment_id=17716\" data-url=\"https:\/\/www.cisa-arica.cl\/wp1\/wp-content\/uploads\/2022\/10\/DSC_2783-600x400.jpg\" data-width=\"1100\" src=\"https:\/\/i1.wp.com\/www.cisa-arica.cl\/wp1\/wp-content\/uploads\/2022\/10\/DSC_2783-600x400.jpg?ssl=1\" data-amp-layout=\"responsive\"\/><\/figure><\/div><div class=\"tiled-gallery__col\" style=\"flex-basis:50.00000%\"><figure class=\"tiled-gallery__item\"><img decoding=\"async\" data-attachment-id=\"17717\" data-permalink=\"https:\/\/www.cisa-arica.cl\/wp1\/2022\/10\/21\/feria-cientifica-3\/dsc_2786\/\" data-orig-file=\"https:\/\/www.cisa-arica.cl\/wp1\/wp-content\/uploads\/2022\/10\/DSC_2786.jpg\" data-orig-size=\"1100,733\" data-comments-opened=\"0\" data-image-meta=\"{&quot;aperture&quot;:&quot;3.5&quot;,&quot;credit&quot;:&quot;&quot;,&quot;camera&quot;:&quot;NIKON D7100&quot;,&quot;caption&quot;:&quot;&quot;,&quot;created_timestamp&quot;:&quot;1666341145&quot;,&quot;copyright&quot;:&quot;&quot;,&quot;focal_length&quot;:&quot;18&quot;,&quot;iso&quot;:&quot;1250&quot;,&quot;shutter_speed&quot;:&quot;0.01&quot;,&quot;title&quot;:&quot;&quot;,&quot;orientation&quot;:&quot;0&quot;}\" data-image-title=\"DSC_2786\" data-image-description=\"\" data-image-caption=\"\" data-large-file=\"https:\/\/www.cisa-arica.cl\/wp1\/wp-content\/uploads\/2022\/10\/DSC_2786-600x400.jpg\" data-attachment-id=\"17717\" data-permalink=\"https:\/\/www.cisa-arica.cl\/wp1\/2022\/10\/21\/feria-cientifica-3\/dsc_2786\/\" data-orig-file=\"https:\/\/www.cisa-arica.cl\/wp1\/wp-content\/uploads\/2022\/10\/DSC_2786.jpg\" data-orig-size=\"1100,733\" data-comments-opened=\"0\" data-image-meta=\"{&quot;aperture&quot;:&quot;3.5&quot;,&quot;credit&quot;:&quot;&quot;,&quot;camera&quot;:&quot;NIKON D7100&quot;,&quot;caption&quot;:&quot;&quot;,&quot;created_timestamp&quot;:&quot;1666341145&quot;,&quot;copyright&quot;:&quot;&quot;,&quot;focal_length&quot;:&quot;18&quot;,&quot;iso&quot;:&quot;1250&quot;,&quot;shutter_speed&quot;:&quot;0.01&quot;,&quot;title&quot;:&quot;&quot;,&quot;orientation&quot;:&quot;0&quot;}\" data-image-title=\"DSC_2786\" data-image-description=\"\" data-image-caption=\"\" data-large-file=\"https:\/\/www.cisa-arica.cl\/wp1\/wp-content\/uploads\/2022\/10\/DSC_2786-600x400.jpg\" role=\"button\" tabindex=\"0\" aria-label=\"Abrir la imagen 33 de 106 en pantalla completa\"srcset=\"https:\/\/i1.wp.com\/www.cisa-arica.cl\/wp1\/wp-content\/uploads\/2022\/10\/DSC_2786-600x400.jpg?strip=info&#038;w=600&#038;ssl=1 600w,https:\/\/i1.wp.com\/www.cisa-arica.cl\/wp1\/wp-content\/uploads\/2022\/10\/DSC_2786-600x400.jpg?strip=info&#038;w=900&#038;ssl=1 900w,https:\/\/i1.wp.com\/www.cisa-arica.cl\/wp1\/wp-content\/uploads\/2022\/10\/DSC_2786-600x400.jpg?strip=info&#038;w=1100&#038;ssl=1 1100w\" alt=\"\" data-height=\"733\" data-id=\"17717\" data-link=\"https:\/\/www.cisa-arica.cl\/wp1\/?attachment_id=17717\" data-url=\"https:\/\/www.cisa-arica.cl\/wp1\/wp-content\/uploads\/2022\/10\/DSC_2786-600x400.jpg\" data-width=\"1100\" src=\"https:\/\/i1.wp.com\/www.cisa-arica.cl\/wp1\/wp-content\/uploads\/2022\/10\/DSC_2786-600x400.jpg?ssl=1\" data-amp-layout=\"responsive\"\/><\/figure><\/div><\/div><div class=\"tiled-gallery__row\"><div class=\"tiled-gallery__col\" style=\"flex-basis:66.75536%\"><figure class=\"tiled-gallery__item\"><img decoding=\"async\" data-attachment-id=\"17718\" data-permalink=\"https:\/\/www.cisa-arica.cl\/wp1\/2022\/10\/21\/feria-cientifica-3\/dsc_2790-2\/\" data-orig-file=\"https:\/\/www.cisa-arica.cl\/wp1\/wp-content\/uploads\/2022\/10\/DSC_2790.jpg\" data-orig-size=\"1100,733\" data-comments-opened=\"0\" data-image-meta=\"{&quot;aperture&quot;:&quot;3.5&quot;,&quot;credit&quot;:&quot;&quot;,&quot;camera&quot;:&quot;NIKON D7100&quot;,&quot;caption&quot;:&quot;&quot;,&quot;created_timestamp&quot;:&quot;1666341158&quot;,&quot;copyright&quot;:&quot;&quot;,&quot;focal_length&quot;:&quot;18&quot;,&quot;iso&quot;:&quot;1250&quot;,&quot;shutter_speed&quot;:&quot;0.008&quot;,&quot;title&quot;:&quot;&quot;,&quot;orientation&quot;:&quot;0&quot;}\" data-image-title=\"DSC_2790\" data-image-description=\"\" data-image-caption=\"\" data-large-file=\"https:\/\/www.cisa-arica.cl\/wp1\/wp-content\/uploads\/2022\/10\/DSC_2790-600x400.jpg\" data-attachment-id=\"17718\" data-permalink=\"https:\/\/www.cisa-arica.cl\/wp1\/2022\/10\/21\/feria-cientifica-3\/dsc_2790-2\/\" data-orig-file=\"https:\/\/www.cisa-arica.cl\/wp1\/wp-content\/uploads\/2022\/10\/DSC_2790.jpg\" data-orig-size=\"1100,733\" data-comments-opened=\"0\" data-image-meta=\"{&quot;aperture&quot;:&quot;3.5&quot;,&quot;credit&quot;:&quot;&quot;,&quot;camera&quot;:&quot;NIKON D7100&quot;,&quot;caption&quot;:&quot;&quot;,&quot;created_timestamp&quot;:&quot;1666341158&quot;,&quot;copyright&quot;:&quot;&quot;,&quot;focal_length&quot;:&quot;18&quot;,&quot;iso&quot;:&quot;1250&quot;,&quot;shutter_speed&quot;:&quot;0.008&quot;,&quot;title&quot;:&quot;&quot;,&quot;orientation&quot;:&quot;0&quot;}\" data-image-title=\"DSC_2790\" data-image-description=\"\" data-image-caption=\"\" data-large-file=\"https:\/\/www.cisa-arica.cl\/wp1\/wp-content\/uploads\/2022\/10\/DSC_2790-600x400.jpg\" role=\"button\" tabindex=\"0\" aria-label=\"Abrir la imagen 34 de 106 en pantalla completa\"srcset=\"https:\/\/i1.wp.com\/www.cisa-arica.cl\/wp1\/wp-content\/uploads\/2022\/10\/DSC_2790-600x400.jpg?strip=info&#038;w=600&#038;ssl=1 600w,https:\/\/i1.wp.com\/www.cisa-arica.cl\/wp1\/wp-content\/uploads\/2022\/10\/DSC_2790-600x400.jpg?strip=info&#038;w=900&#038;ssl=1 900w,https:\/\/i1.wp.com\/www.cisa-arica.cl\/wp1\/wp-content\/uploads\/2022\/10\/DSC_2790-600x400.jpg?strip=info&#038;w=1100&#038;ssl=1 1100w\" alt=\"\" data-height=\"733\" data-id=\"17718\" data-link=\"https:\/\/www.cisa-arica.cl\/wp1\/?attachment_id=17718\" data-url=\"https:\/\/www.cisa-arica.cl\/wp1\/wp-content\/uploads\/2022\/10\/DSC_2790-600x400.jpg\" data-width=\"1100\" src=\"https:\/\/i1.wp.com\/www.cisa-arica.cl\/wp1\/wp-content\/uploads\/2022\/10\/DSC_2790-600x400.jpg?ssl=1\" data-amp-layout=\"responsive\"\/><\/figure><\/div><div class=\"tiled-gallery__col\" style=\"flex-basis:33.24464%\"><figure class=\"tiled-gallery__item\"><img decoding=\"async\" data-attachment-id=\"17719\" data-permalink=\"https:\/\/www.cisa-arica.cl\/wp1\/2022\/10\/21\/feria-cientifica-3\/dsc_2794\/\" data-orig-file=\"https:\/\/www.cisa-arica.cl\/wp1\/wp-content\/uploads\/2022\/10\/DSC_2794.jpg\" data-orig-size=\"1100,733\" data-comments-opened=\"0\" data-image-meta=\"{&quot;aperture&quot;:&quot;3.5&quot;,&quot;credit&quot;:&quot;&quot;,&quot;camera&quot;:&quot;NIKON D7100&quot;,&quot;caption&quot;:&quot;&quot;,&quot;created_timestamp&quot;:&quot;1666341184&quot;,&quot;copyright&quot;:&quot;&quot;,&quot;focal_length&quot;:&quot;18&quot;,&quot;iso&quot;:&quot;1250&quot;,&quot;shutter_speed&quot;:&quot;0.008&quot;,&quot;title&quot;:&quot;&quot;,&quot;orientation&quot;:&quot;0&quot;}\" data-image-title=\"DSC_2794\" data-image-description=\"\" data-image-caption=\"\" data-large-file=\"https:\/\/www.cisa-arica.cl\/wp1\/wp-content\/uploads\/2022\/10\/DSC_2794-600x400.jpg\" data-attachment-id=\"17719\" data-permalink=\"https:\/\/www.cisa-arica.cl\/wp1\/2022\/10\/21\/feria-cientifica-3\/dsc_2794\/\" data-orig-file=\"https:\/\/www.cisa-arica.cl\/wp1\/wp-content\/uploads\/2022\/10\/DSC_2794.jpg\" data-orig-size=\"1100,733\" data-comments-opened=\"0\" data-image-meta=\"{&quot;aperture&quot;:&quot;3.5&quot;,&quot;credit&quot;:&quot;&quot;,&quot;camera&quot;:&quot;NIKON D7100&quot;,&quot;caption&quot;:&quot;&quot;,&quot;created_timestamp&quot;:&quot;1666341184&quot;,&quot;copyright&quot;:&quot;&quot;,&quot;focal_length&quot;:&quot;18&quot;,&quot;iso&quot;:&quot;1250&quot;,&quot;shutter_speed&quot;:&quot;0.008&quot;,&quot;title&quot;:&quot;&quot;,&quot;orientation&quot;:&quot;0&quot;}\" data-image-title=\"DSC_2794\" data-image-description=\"\" data-image-caption=\"\" data-large-file=\"https:\/\/www.cisa-arica.cl\/wp1\/wp-content\/uploads\/2022\/10\/DSC_2794-600x400.jpg\" role=\"button\" tabindex=\"0\" aria-label=\"Abrir la imagen 35 de 106 en pantalla completa\"srcset=\"https:\/\/i2.wp.com\/www.cisa-arica.cl\/wp1\/wp-content\/uploads\/2022\/10\/DSC_2794-600x400.jpg?strip=info&#038;w=600&#038;ssl=1 600w,https:\/\/i2.wp.com\/www.cisa-arica.cl\/wp1\/wp-content\/uploads\/2022\/10\/DSC_2794-600x400.jpg?strip=info&#038;w=900&#038;ssl=1 900w,https:\/\/i2.wp.com\/www.cisa-arica.cl\/wp1\/wp-content\/uploads\/2022\/10\/DSC_2794-600x400.jpg?strip=info&#038;w=1100&#038;ssl=1 1100w\" alt=\"\" data-height=\"733\" data-id=\"17719\" data-link=\"https:\/\/www.cisa-arica.cl\/wp1\/?attachment_id=17719\" data-url=\"https:\/\/www.cisa-arica.cl\/wp1\/wp-content\/uploads\/2022\/10\/DSC_2794-600x400.jpg\" data-width=\"1100\" src=\"https:\/\/i2.wp.com\/www.cisa-arica.cl\/wp1\/wp-content\/uploads\/2022\/10\/DSC_2794-600x400.jpg?ssl=1\" data-amp-layout=\"responsive\"\/><\/figure><figure class=\"tiled-gallery__item\"><img decoding=\"async\" data-attachment-id=\"17720\" data-permalink=\"https:\/\/www.cisa-arica.cl\/wp1\/2022\/10\/21\/feria-cientifica-3\/dsc_2797\/\" data-orig-file=\"https:\/\/www.cisa-arica.cl\/wp1\/wp-content\/uploads\/2022\/10\/DSC_2797.jpg\" data-orig-size=\"1100,733\" data-comments-opened=\"0\" data-image-meta=\"{&quot;aperture&quot;:&quot;3.5&quot;,&quot;credit&quot;:&quot;&quot;,&quot;camera&quot;:&quot;NIKON D7100&quot;,&quot;caption&quot;:&quot;&quot;,&quot;created_timestamp&quot;:&quot;1666341197&quot;,&quot;copyright&quot;:&quot;&quot;,&quot;focal_length&quot;:&quot;18&quot;,&quot;iso&quot;:&quot;1250&quot;,&quot;shutter_speed&quot;:&quot;0.00625&quot;,&quot;title&quot;:&quot;&quot;,&quot;orientation&quot;:&quot;0&quot;}\" data-image-title=\"DSC_2797\" data-image-description=\"\" data-image-caption=\"\" data-large-file=\"https:\/\/www.cisa-arica.cl\/wp1\/wp-content\/uploads\/2022\/10\/DSC_2797-600x400.jpg\" data-attachment-id=\"17720\" data-permalink=\"https:\/\/www.cisa-arica.cl\/wp1\/2022\/10\/21\/feria-cientifica-3\/dsc_2797\/\" data-orig-file=\"https:\/\/www.cisa-arica.cl\/wp1\/wp-content\/uploads\/2022\/10\/DSC_2797.jpg\" data-orig-size=\"1100,733\" data-comments-opened=\"0\" data-image-meta=\"{&quot;aperture&quot;:&quot;3.5&quot;,&quot;credit&quot;:&quot;&quot;,&quot;camera&quot;:&quot;NIKON D7100&quot;,&quot;caption&quot;:&quot;&quot;,&quot;created_timestamp&quot;:&quot;1666341197&quot;,&quot;copyright&quot;:&quot;&quot;,&quot;focal_length&quot;:&quot;18&quot;,&quot;iso&quot;:&quot;1250&quot;,&quot;shutter_speed&quot;:&quot;0.00625&quot;,&quot;title&quot;:&quot;&quot;,&quot;orientation&quot;:&quot;0&quot;}\" data-image-title=\"DSC_2797\" data-image-description=\"\" data-image-caption=\"\" data-large-file=\"https:\/\/www.cisa-arica.cl\/wp1\/wp-content\/uploads\/2022\/10\/DSC_2797-600x400.jpg\" role=\"button\" tabindex=\"0\" aria-label=\"Abrir la imagen 36 de 106 en pantalla completa\"srcset=\"https:\/\/i2.wp.com\/www.cisa-arica.cl\/wp1\/wp-content\/uploads\/2022\/10\/DSC_2797-600x400.jpg?strip=info&#038;w=600&#038;ssl=1 600w,https:\/\/i2.wp.com\/www.cisa-arica.cl\/wp1\/wp-content\/uploads\/2022\/10\/DSC_2797-600x400.jpg?strip=info&#038;w=900&#038;ssl=1 900w,https:\/\/i2.wp.com\/www.cisa-arica.cl\/wp1\/wp-content\/uploads\/2022\/10\/DSC_2797-600x400.jpg?strip=info&#038;w=1100&#038;ssl=1 1100w\" alt=\"\" data-height=\"733\" data-id=\"17720\" data-link=\"https:\/\/www.cisa-arica.cl\/wp1\/?attachment_id=17720\" data-url=\"https:\/\/www.cisa-arica.cl\/wp1\/wp-content\/uploads\/2022\/10\/DSC_2797-600x400.jpg\" data-width=\"1100\" src=\"https:\/\/i2.wp.com\/www.cisa-arica.cl\/wp1\/wp-content\/uploads\/2022\/10\/DSC_2797-600x400.jpg?ssl=1\" data-amp-layout=\"responsive\"\/><\/figure><\/div><\/div><div class=\"tiled-gallery__row\"><div class=\"tiled-gallery__col\" style=\"flex-basis:33.33333%\"><figure class=\"tiled-gallery__item\"><img decoding=\"async\" data-attachment-id=\"17721\" data-permalink=\"https:\/\/www.cisa-arica.cl\/wp1\/2022\/10\/21\/feria-cientifica-3\/dsc_2801\/\" data-orig-file=\"https:\/\/www.cisa-arica.cl\/wp1\/wp-content\/uploads\/2022\/10\/DSC_2801.jpg\" data-orig-size=\"1100,733\" data-comments-opened=\"0\" data-image-meta=\"{&quot;aperture&quot;:&quot;3.5&quot;,&quot;credit&quot;:&quot;&quot;,&quot;camera&quot;:&quot;NIKON D7100&quot;,&quot;caption&quot;:&quot;&quot;,&quot;created_timestamp&quot;:&quot;1666341218&quot;,&quot;copyright&quot;:&quot;&quot;,&quot;focal_length&quot;:&quot;18&quot;,&quot;iso&quot;:&quot;1250&quot;,&quot;shutter_speed&quot;:&quot;0.003125&quot;,&quot;title&quot;:&quot;&quot;,&quot;orientation&quot;:&quot;0&quot;}\" data-image-title=\"DSC_2801\" data-image-description=\"\" data-image-caption=\"\" data-large-file=\"https:\/\/www.cisa-arica.cl\/wp1\/wp-content\/uploads\/2022\/10\/DSC_2801-600x400.jpg\" data-attachment-id=\"17721\" data-permalink=\"https:\/\/www.cisa-arica.cl\/wp1\/2022\/10\/21\/feria-cientifica-3\/dsc_2801\/\" data-orig-file=\"https:\/\/www.cisa-arica.cl\/wp1\/wp-content\/uploads\/2022\/10\/DSC_2801.jpg\" data-orig-size=\"1100,733\" data-comments-opened=\"0\" data-image-meta=\"{&quot;aperture&quot;:&quot;3.5&quot;,&quot;credit&quot;:&quot;&quot;,&quot;camera&quot;:&quot;NIKON D7100&quot;,&quot;caption&quot;:&quot;&quot;,&quot;created_timestamp&quot;:&quot;1666341218&quot;,&quot;copyright&quot;:&quot;&quot;,&quot;focal_length&quot;:&quot;18&quot;,&quot;iso&quot;:&quot;1250&quot;,&quot;shutter_speed&quot;:&quot;0.003125&quot;,&quot;title&quot;:&quot;&quot;,&quot;orientation&quot;:&quot;0&quot;}\" data-image-title=\"DSC_2801\" data-image-description=\"\" data-image-caption=\"\" data-large-file=\"https:\/\/www.cisa-arica.cl\/wp1\/wp-content\/uploads\/2022\/10\/DSC_2801-600x400.jpg\" role=\"button\" tabindex=\"0\" aria-label=\"Abrir la imagen 37 de 106 en pantalla completa\"srcset=\"https:\/\/i2.wp.com\/www.cisa-arica.cl\/wp1\/wp-content\/uploads\/2022\/10\/DSC_2801-600x400.jpg?strip=info&#038;w=600&#038;ssl=1 600w,https:\/\/i2.wp.com\/www.cisa-arica.cl\/wp1\/wp-content\/uploads\/2022\/10\/DSC_2801-600x400.jpg?strip=info&#038;w=900&#038;ssl=1 900w,https:\/\/i2.wp.com\/www.cisa-arica.cl\/wp1\/wp-content\/uploads\/2022\/10\/DSC_2801-600x400.jpg?strip=info&#038;w=1100&#038;ssl=1 1100w\" alt=\"\" data-height=\"733\" data-id=\"17721\" data-link=\"https:\/\/www.cisa-arica.cl\/wp1\/?attachment_id=17721\" data-url=\"https:\/\/www.cisa-arica.cl\/wp1\/wp-content\/uploads\/2022\/10\/DSC_2801-600x400.jpg\" data-width=\"1100\" src=\"https:\/\/i2.wp.com\/www.cisa-arica.cl\/wp1\/wp-content\/uploads\/2022\/10\/DSC_2801-600x400.jpg?ssl=1\" data-amp-layout=\"responsive\"\/><\/figure><\/div><div class=\"tiled-gallery__col\" style=\"flex-basis:33.33333%\"><figure class=\"tiled-gallery__item\"><img decoding=\"async\" data-attachment-id=\"17722\" data-permalink=\"https:\/\/www.cisa-arica.cl\/wp1\/2022\/10\/21\/feria-cientifica-3\/dsc_2807-2\/\" data-orig-file=\"https:\/\/www.cisa-arica.cl\/wp1\/wp-content\/uploads\/2022\/10\/DSC_2807.jpg\" data-orig-size=\"1100,733\" data-comments-opened=\"0\" data-image-meta=\"{&quot;aperture&quot;:&quot;3.5&quot;,&quot;credit&quot;:&quot;&quot;,&quot;camera&quot;:&quot;NIKON D7100&quot;,&quot;caption&quot;:&quot;&quot;,&quot;created_timestamp&quot;:&quot;1666341345&quot;,&quot;copyright&quot;:&quot;&quot;,&quot;focal_length&quot;:&quot;18&quot;,&quot;iso&quot;:&quot;1250&quot;,&quot;shutter_speed&quot;:&quot;0.00625&quot;,&quot;title&quot;:&quot;&quot;,&quot;orientation&quot;:&quot;0&quot;}\" data-image-title=\"DSC_2807\" data-image-description=\"\" data-image-caption=\"\" data-large-file=\"https:\/\/www.cisa-arica.cl\/wp1\/wp-content\/uploads\/2022\/10\/DSC_2807-600x400.jpg\" data-attachment-id=\"17722\" data-permalink=\"https:\/\/www.cisa-arica.cl\/wp1\/2022\/10\/21\/feria-cientifica-3\/dsc_2807-2\/\" data-orig-file=\"https:\/\/www.cisa-arica.cl\/wp1\/wp-content\/uploads\/2022\/10\/DSC_2807.jpg\" data-orig-size=\"1100,733\" data-comments-opened=\"0\" data-image-meta=\"{&quot;aperture&quot;:&quot;3.5&quot;,&quot;credit&quot;:&quot;&quot;,&quot;camera&quot;:&quot;NIKON D7100&quot;,&quot;caption&quot;:&quot;&quot;,&quot;created_timestamp&quot;:&quot;1666341345&quot;,&quot;copyright&quot;:&quot;&quot;,&quot;focal_length&quot;:&quot;18&quot;,&quot;iso&quot;:&quot;1250&quot;,&quot;shutter_speed&quot;:&quot;0.00625&quot;,&quot;title&quot;:&quot;&quot;,&quot;orientation&quot;:&quot;0&quot;}\" data-image-title=\"DSC_2807\" data-image-description=\"\" data-image-caption=\"\" data-large-file=\"https:\/\/www.cisa-arica.cl\/wp1\/wp-content\/uploads\/2022\/10\/DSC_2807-600x400.jpg\" role=\"button\" tabindex=\"0\" aria-label=\"Abrir la imagen 38 de 106 en pantalla completa\"srcset=\"https:\/\/i1.wp.com\/www.cisa-arica.cl\/wp1\/wp-content\/uploads\/2022\/10\/DSC_2807-600x400.jpg?strip=info&#038;w=600&#038;ssl=1 600w,https:\/\/i1.wp.com\/www.cisa-arica.cl\/wp1\/wp-content\/uploads\/2022\/10\/DSC_2807-600x400.jpg?strip=info&#038;w=900&#038;ssl=1 900w,https:\/\/i1.wp.com\/www.cisa-arica.cl\/wp1\/wp-content\/uploads\/2022\/10\/DSC_2807-600x400.jpg?strip=info&#038;w=1100&#038;ssl=1 1100w\" alt=\"\" data-height=\"733\" data-id=\"17722\" data-link=\"https:\/\/www.cisa-arica.cl\/wp1\/?attachment_id=17722\" data-url=\"https:\/\/www.cisa-arica.cl\/wp1\/wp-content\/uploads\/2022\/10\/DSC_2807-600x400.jpg\" data-width=\"1100\" src=\"https:\/\/i1.wp.com\/www.cisa-arica.cl\/wp1\/wp-content\/uploads\/2022\/10\/DSC_2807-600x400.jpg?ssl=1\" data-amp-layout=\"responsive\"\/><\/figure><\/div><div class=\"tiled-gallery__col\" style=\"flex-basis:33.33333%\"><figure class=\"tiled-gallery__item\"><img decoding=\"async\" data-attachment-id=\"17723\" data-permalink=\"https:\/\/www.cisa-arica.cl\/wp1\/2022\/10\/21\/feria-cientifica-3\/dsc_2812\/\" data-orig-file=\"https:\/\/www.cisa-arica.cl\/wp1\/wp-content\/uploads\/2022\/10\/DSC_2812.jpg\" data-orig-size=\"1100,733\" data-comments-opened=\"0\" data-image-meta=\"{&quot;aperture&quot;:&quot;4.2&quot;,&quot;credit&quot;:&quot;&quot;,&quot;camera&quot;:&quot;NIKON D7100&quot;,&quot;caption&quot;:&quot;&quot;,&quot;created_timestamp&quot;:&quot;1666341379&quot;,&quot;copyright&quot;:&quot;&quot;,&quot;focal_length&quot;:&quot;34&quot;,&quot;iso&quot;:&quot;1250&quot;,&quot;shutter_speed&quot;:&quot;0.00625&quot;,&quot;title&quot;:&quot;&quot;,&quot;orientation&quot;:&quot;0&quot;}\" data-image-title=\"DSC_2812\" data-image-description=\"\" data-image-caption=\"\" data-large-file=\"https:\/\/www.cisa-arica.cl\/wp1\/wp-content\/uploads\/2022\/10\/DSC_2812-600x400.jpg\" data-attachment-id=\"17723\" data-permalink=\"https:\/\/www.cisa-arica.cl\/wp1\/2022\/10\/21\/feria-cientifica-3\/dsc_2812\/\" data-orig-file=\"https:\/\/www.cisa-arica.cl\/wp1\/wp-content\/uploads\/2022\/10\/DSC_2812.jpg\" data-orig-size=\"1100,733\" data-comments-opened=\"0\" data-image-meta=\"{&quot;aperture&quot;:&quot;4.2&quot;,&quot;credit&quot;:&quot;&quot;,&quot;camera&quot;:&quot;NIKON D7100&quot;,&quot;caption&quot;:&quot;&quot;,&quot;created_timestamp&quot;:&quot;1666341379&quot;,&quot;copyright&quot;:&quot;&quot;,&quot;focal_length&quot;:&quot;34&quot;,&quot;iso&quot;:&quot;1250&quot;,&quot;shutter_speed&quot;:&quot;0.00625&quot;,&quot;title&quot;:&quot;&quot;,&quot;orientation&quot;:&quot;0&quot;}\" data-image-title=\"DSC_2812\" data-image-description=\"\" data-image-caption=\"\" data-large-file=\"https:\/\/www.cisa-arica.cl\/wp1\/wp-content\/uploads\/2022\/10\/DSC_2812-600x400.jpg\" role=\"button\" tabindex=\"0\" aria-label=\"Abrir la imagen 39 de 106 en pantalla completa\"srcset=\"https:\/\/i1.wp.com\/www.cisa-arica.cl\/wp1\/wp-content\/uploads\/2022\/10\/DSC_2812-600x400.jpg?strip=info&#038;w=600&#038;ssl=1 600w,https:\/\/i1.wp.com\/www.cisa-arica.cl\/wp1\/wp-content\/uploads\/2022\/10\/DSC_2812-600x400.jpg?strip=info&#038;w=900&#038;ssl=1 900w,https:\/\/i1.wp.com\/www.cisa-arica.cl\/wp1\/wp-content\/uploads\/2022\/10\/DSC_2812-600x400.jpg?strip=info&#038;w=1100&#038;ssl=1 1100w\" alt=\"\" data-height=\"733\" data-id=\"17723\" data-link=\"https:\/\/www.cisa-arica.cl\/wp1\/?attachment_id=17723\" data-url=\"https:\/\/www.cisa-arica.cl\/wp1\/wp-content\/uploads\/2022\/10\/DSC_2812-600x400.jpg\" data-width=\"1100\" src=\"https:\/\/i1.wp.com\/www.cisa-arica.cl\/wp1\/wp-content\/uploads\/2022\/10\/DSC_2812-600x400.jpg?ssl=1\" data-amp-layout=\"responsive\"\/><\/figure><\/div><\/div><div class=\"tiled-gallery__row\"><div class=\"tiled-gallery__col\" style=\"flex-basis:33.24464%\"><figure class=\"tiled-gallery__item\"><img decoding=\"async\" data-attachment-id=\"17724\" data-permalink=\"https:\/\/www.cisa-arica.cl\/wp1\/2022\/10\/21\/feria-cientifica-3\/dsc_2816\/\" data-orig-file=\"https:\/\/www.cisa-arica.cl\/wp1\/wp-content\/uploads\/2022\/10\/DSC_2816.jpg\" data-orig-size=\"1100,733\" data-comments-opened=\"0\" data-image-meta=\"{&quot;aperture&quot;:&quot;5&quot;,&quot;credit&quot;:&quot;&quot;,&quot;camera&quot;:&quot;NIKON D7100&quot;,&quot;caption&quot;:&quot;&quot;,&quot;created_timestamp&quot;:&quot;1666341447&quot;,&quot;copyright&quot;:&quot;&quot;,&quot;focal_length&quot;:&quot;50&quot;,&quot;iso&quot;:&quot;1250&quot;,&quot;shutter_speed&quot;:&quot;0.0015625&quot;,&quot;title&quot;:&quot;&quot;,&quot;orientation&quot;:&quot;0&quot;}\" data-image-title=\"DSC_2816\" data-image-description=\"\" data-image-caption=\"\" data-large-file=\"https:\/\/www.cisa-arica.cl\/wp1\/wp-content\/uploads\/2022\/10\/DSC_2816-600x400.jpg\" data-attachment-id=\"17724\" data-permalink=\"https:\/\/www.cisa-arica.cl\/wp1\/2022\/10\/21\/feria-cientifica-3\/dsc_2816\/\" data-orig-file=\"https:\/\/www.cisa-arica.cl\/wp1\/wp-content\/uploads\/2022\/10\/DSC_2816.jpg\" data-orig-size=\"1100,733\" data-comments-opened=\"0\" data-image-meta=\"{&quot;aperture&quot;:&quot;5&quot;,&quot;credit&quot;:&quot;&quot;,&quot;camera&quot;:&quot;NIKON D7100&quot;,&quot;caption&quot;:&quot;&quot;,&quot;created_timestamp&quot;:&quot;1666341447&quot;,&quot;copyright&quot;:&quot;&quot;,&quot;focal_length&quot;:&quot;50&quot;,&quot;iso&quot;:&quot;1250&quot;,&quot;shutter_speed&quot;:&quot;0.0015625&quot;,&quot;title&quot;:&quot;&quot;,&quot;orientation&quot;:&quot;0&quot;}\" data-image-title=\"DSC_2816\" data-image-description=\"\" data-image-caption=\"\" data-large-file=\"https:\/\/www.cisa-arica.cl\/wp1\/wp-content\/uploads\/2022\/10\/DSC_2816-600x400.jpg\" role=\"button\" tabindex=\"0\" aria-label=\"Abrir la imagen 40 de 106 en pantalla completa\"srcset=\"https:\/\/i0.wp.com\/www.cisa-arica.cl\/wp1\/wp-content\/uploads\/2022\/10\/DSC_2816-600x400.jpg?strip=info&#038;w=600&#038;ssl=1 600w,https:\/\/i0.wp.com\/www.cisa-arica.cl\/wp1\/wp-content\/uploads\/2022\/10\/DSC_2816-600x400.jpg?strip=info&#038;w=900&#038;ssl=1 900w,https:\/\/i0.wp.com\/www.cisa-arica.cl\/wp1\/wp-content\/uploads\/2022\/10\/DSC_2816-600x400.jpg?strip=info&#038;w=1100&#038;ssl=1 1100w\" alt=\"\" data-height=\"733\" data-id=\"17724\" data-link=\"https:\/\/www.cisa-arica.cl\/wp1\/?attachment_id=17724\" data-url=\"https:\/\/www.cisa-arica.cl\/wp1\/wp-content\/uploads\/2022\/10\/DSC_2816-600x400.jpg\" data-width=\"1100\" src=\"https:\/\/i0.wp.com\/www.cisa-arica.cl\/wp1\/wp-content\/uploads\/2022\/10\/DSC_2816-600x400.jpg?ssl=1\" data-amp-layout=\"responsive\"\/><\/figure><figure class=\"tiled-gallery__item\"><img decoding=\"async\" data-attachment-id=\"17725\" data-permalink=\"https:\/\/www.cisa-arica.cl\/wp1\/2022\/10\/21\/feria-cientifica-3\/dsc_2821\/\" data-orig-file=\"https:\/\/www.cisa-arica.cl\/wp1\/wp-content\/uploads\/2022\/10\/DSC_2821.jpg\" data-orig-size=\"1100,733\" data-comments-opened=\"0\" data-image-meta=\"{&quot;aperture&quot;:&quot;5&quot;,&quot;credit&quot;:&quot;&quot;,&quot;camera&quot;:&quot;NIKON D7100&quot;,&quot;caption&quot;:&quot;&quot;,&quot;created_timestamp&quot;:&quot;1666341453&quot;,&quot;copyright&quot;:&quot;&quot;,&quot;focal_length&quot;:&quot;50&quot;,&quot;iso&quot;:&quot;1250&quot;,&quot;shutter_speed&quot;:&quot;0.00125&quot;,&quot;title&quot;:&quot;&quot;,&quot;orientation&quot;:&quot;0&quot;}\" data-image-title=\"DSC_2821\" data-image-description=\"\" data-image-caption=\"\" data-large-file=\"https:\/\/www.cisa-arica.cl\/wp1\/wp-content\/uploads\/2022\/10\/DSC_2821-600x400.jpg\" data-attachment-id=\"17725\" data-permalink=\"https:\/\/www.cisa-arica.cl\/wp1\/2022\/10\/21\/feria-cientifica-3\/dsc_2821\/\" data-orig-file=\"https:\/\/www.cisa-arica.cl\/wp1\/wp-content\/uploads\/2022\/10\/DSC_2821.jpg\" data-orig-size=\"1100,733\" data-comments-opened=\"0\" data-image-meta=\"{&quot;aperture&quot;:&quot;5&quot;,&quot;credit&quot;:&quot;&quot;,&quot;camera&quot;:&quot;NIKON D7100&quot;,&quot;caption&quot;:&quot;&quot;,&quot;created_timestamp&quot;:&quot;1666341453&quot;,&quot;copyright&quot;:&quot;&quot;,&quot;focal_length&quot;:&quot;50&quot;,&quot;iso&quot;:&quot;1250&quot;,&quot;shutter_speed&quot;:&quot;0.00125&quot;,&quot;title&quot;:&quot;&quot;,&quot;orientation&quot;:&quot;0&quot;}\" data-image-title=\"DSC_2821\" data-image-description=\"\" data-image-caption=\"\" data-large-file=\"https:\/\/www.cisa-arica.cl\/wp1\/wp-content\/uploads\/2022\/10\/DSC_2821-600x400.jpg\" role=\"button\" tabindex=\"0\" aria-label=\"Abrir la imagen 41 de 106 en pantalla completa\"srcset=\"https:\/\/i2.wp.com\/www.cisa-arica.cl\/wp1\/wp-content\/uploads\/2022\/10\/DSC_2821-600x400.jpg?strip=info&#038;w=600&#038;ssl=1 600w,https:\/\/i2.wp.com\/www.cisa-arica.cl\/wp1\/wp-content\/uploads\/2022\/10\/DSC_2821-600x400.jpg?strip=info&#038;w=900&#038;ssl=1 900w,https:\/\/i2.wp.com\/www.cisa-arica.cl\/wp1\/wp-content\/uploads\/2022\/10\/DSC_2821-600x400.jpg?strip=info&#038;w=1100&#038;ssl=1 1100w\" alt=\"\" data-height=\"733\" data-id=\"17725\" data-link=\"https:\/\/www.cisa-arica.cl\/wp1\/?attachment_id=17725\" data-url=\"https:\/\/www.cisa-arica.cl\/wp1\/wp-content\/uploads\/2022\/10\/DSC_2821-600x400.jpg\" data-width=\"1100\" src=\"https:\/\/i2.wp.com\/www.cisa-arica.cl\/wp1\/wp-content\/uploads\/2022\/10\/DSC_2821-600x400.jpg?ssl=1\" data-amp-layout=\"responsive\"\/><\/figure><\/div><div class=\"tiled-gallery__col\" style=\"flex-basis:66.75536%\"><figure class=\"tiled-gallery__item\"><img decoding=\"async\" data-attachment-id=\"17726\" data-permalink=\"https:\/\/www.cisa-arica.cl\/wp1\/2022\/10\/21\/feria-cientifica-3\/dsc_2825\/\" data-orig-file=\"https:\/\/www.cisa-arica.cl\/wp1\/wp-content\/uploads\/2022\/10\/DSC_2825.jpg\" data-orig-size=\"1100,733\" data-comments-opened=\"0\" data-image-meta=\"{&quot;aperture&quot;:&quot;3.5&quot;,&quot;credit&quot;:&quot;&quot;,&quot;camera&quot;:&quot;NIKON D7100&quot;,&quot;caption&quot;:&quot;&quot;,&quot;created_timestamp&quot;:&quot;1666341691&quot;,&quot;copyright&quot;:&quot;&quot;,&quot;focal_length&quot;:&quot;18&quot;,&quot;iso&quot;:&quot;1250&quot;,&quot;shutter_speed&quot;:&quot;0.00125&quot;,&quot;title&quot;:&quot;&quot;,&quot;orientation&quot;:&quot;0&quot;}\" data-image-title=\"DSC_2825\" data-image-description=\"\" data-image-caption=\"\" data-large-file=\"https:\/\/www.cisa-arica.cl\/wp1\/wp-content\/uploads\/2022\/10\/DSC_2825-600x400.jpg\" data-attachment-id=\"17726\" data-permalink=\"https:\/\/www.cisa-arica.cl\/wp1\/2022\/10\/21\/feria-cientifica-3\/dsc_2825\/\" data-orig-file=\"https:\/\/www.cisa-arica.cl\/wp1\/wp-content\/uploads\/2022\/10\/DSC_2825.jpg\" data-orig-size=\"1100,733\" data-comments-opened=\"0\" data-image-meta=\"{&quot;aperture&quot;:&quot;3.5&quot;,&quot;credit&quot;:&quot;&quot;,&quot;camera&quot;:&quot;NIKON D7100&quot;,&quot;caption&quot;:&quot;&quot;,&quot;created_timestamp&quot;:&quot;1666341691&quot;,&quot;copyright&quot;:&quot;&quot;,&quot;focal_length&quot;:&quot;18&quot;,&quot;iso&quot;:&quot;1250&quot;,&quot;shutter_speed&quot;:&quot;0.00125&quot;,&quot;title&quot;:&quot;&quot;,&quot;orientation&quot;:&quot;0&quot;}\" data-image-title=\"DSC_2825\" data-image-description=\"\" data-image-caption=\"\" data-large-file=\"https:\/\/www.cisa-arica.cl\/wp1\/wp-content\/uploads\/2022\/10\/DSC_2825-600x400.jpg\" role=\"button\" tabindex=\"0\" aria-label=\"Abrir la imagen 42 de 106 en pantalla completa\"srcset=\"https:\/\/i2.wp.com\/www.cisa-arica.cl\/wp1\/wp-content\/uploads\/2022\/10\/DSC_2825-600x400.jpg?strip=info&#038;w=600&#038;ssl=1 600w,https:\/\/i2.wp.com\/www.cisa-arica.cl\/wp1\/wp-content\/uploads\/2022\/10\/DSC_2825-600x400.jpg?strip=info&#038;w=900&#038;ssl=1 900w,https:\/\/i2.wp.com\/www.cisa-arica.cl\/wp1\/wp-content\/uploads\/2022\/10\/DSC_2825-600x400.jpg?strip=info&#038;w=1100&#038;ssl=1 1100w\" alt=\"\" data-height=\"733\" data-id=\"17726\" data-link=\"https:\/\/www.cisa-arica.cl\/wp1\/?attachment_id=17726\" data-url=\"https:\/\/www.cisa-arica.cl\/wp1\/wp-content\/uploads\/2022\/10\/DSC_2825-600x400.jpg\" data-width=\"1100\" src=\"https:\/\/i2.wp.com\/www.cisa-arica.cl\/wp1\/wp-content\/uploads\/2022\/10\/DSC_2825-600x400.jpg?ssl=1\" data-amp-layout=\"responsive\"\/><\/figure><\/div><\/div><div class=\"tiled-gallery__row\"><div class=\"tiled-gallery__col\" style=\"flex-basis:50.00000%\"><figure class=\"tiled-gallery__item\"><img decoding=\"async\" data-attachment-id=\"17727\" data-permalink=\"https:\/\/www.cisa-arica.cl\/wp1\/2022\/10\/21\/feria-cientifica-3\/dsc_2833\/\" data-orig-file=\"https:\/\/www.cisa-arica.cl\/wp1\/wp-content\/uploads\/2022\/10\/DSC_2833.jpg\" data-orig-size=\"1100,733\" data-comments-opened=\"0\" data-image-meta=\"{&quot;aperture&quot;:&quot;3.5&quot;,&quot;credit&quot;:&quot;&quot;,&quot;camera&quot;:&quot;NIKON D7100&quot;,&quot;caption&quot;:&quot;&quot;,&quot;created_timestamp&quot;:&quot;1666341967&quot;,&quot;copyright&quot;:&quot;&quot;,&quot;focal_length&quot;:&quot;18&quot;,&quot;iso&quot;:&quot;1250&quot;,&quot;shutter_speed&quot;:&quot;0.00125&quot;,&quot;title&quot;:&quot;&quot;,&quot;orientation&quot;:&quot;0&quot;}\" data-image-title=\"DSC_2833\" data-image-description=\"\" data-image-caption=\"\" data-large-file=\"https:\/\/www.cisa-arica.cl\/wp1\/wp-content\/uploads\/2022\/10\/DSC_2833-600x400.jpg\" data-attachment-id=\"17727\" data-permalink=\"https:\/\/www.cisa-arica.cl\/wp1\/2022\/10\/21\/feria-cientifica-3\/dsc_2833\/\" data-orig-file=\"https:\/\/www.cisa-arica.cl\/wp1\/wp-content\/uploads\/2022\/10\/DSC_2833.jpg\" data-orig-size=\"1100,733\" data-comments-opened=\"0\" data-image-meta=\"{&quot;aperture&quot;:&quot;3.5&quot;,&quot;credit&quot;:&quot;&quot;,&quot;camera&quot;:&quot;NIKON D7100&quot;,&quot;caption&quot;:&quot;&quot;,&quot;created_timestamp&quot;:&quot;1666341967&quot;,&quot;copyright&quot;:&quot;&quot;,&quot;focal_length&quot;:&quot;18&quot;,&quot;iso&quot;:&quot;1250&quot;,&quot;shutter_speed&quot;:&quot;0.00125&quot;,&quot;title&quot;:&quot;&quot;,&quot;orientation&quot;:&quot;0&quot;}\" data-image-title=\"DSC_2833\" data-image-description=\"\" data-image-caption=\"\" data-large-file=\"https:\/\/www.cisa-arica.cl\/wp1\/wp-content\/uploads\/2022\/10\/DSC_2833-600x400.jpg\" role=\"button\" tabindex=\"0\" aria-label=\"Abrir la imagen 43 de 106 en pantalla completa\"srcset=\"https:\/\/i1.wp.com\/www.cisa-arica.cl\/wp1\/wp-content\/uploads\/2022\/10\/DSC_2833-600x400.jpg?strip=info&#038;w=600&#038;ssl=1 600w,https:\/\/i1.wp.com\/www.cisa-arica.cl\/wp1\/wp-content\/uploads\/2022\/10\/DSC_2833-600x400.jpg?strip=info&#038;w=900&#038;ssl=1 900w,https:\/\/i1.wp.com\/www.cisa-arica.cl\/wp1\/wp-content\/uploads\/2022\/10\/DSC_2833-600x400.jpg?strip=info&#038;w=1100&#038;ssl=1 1100w\" alt=\"\" data-height=\"733\" data-id=\"17727\" data-link=\"https:\/\/www.cisa-arica.cl\/wp1\/?attachment_id=17727\" data-url=\"https:\/\/www.cisa-arica.cl\/wp1\/wp-content\/uploads\/2022\/10\/DSC_2833-600x400.jpg\" data-width=\"1100\" src=\"https:\/\/i1.wp.com\/www.cisa-arica.cl\/wp1\/wp-content\/uploads\/2022\/10\/DSC_2833-600x400.jpg?ssl=1\" data-amp-layout=\"responsive\"\/><\/figure><\/div><div class=\"tiled-gallery__col\" style=\"flex-basis:50.00000%\"><figure class=\"tiled-gallery__item\"><img decoding=\"async\" data-attachment-id=\"17728\" data-permalink=\"https:\/\/www.cisa-arica.cl\/wp1\/2022\/10\/21\/feria-cientifica-3\/dsc_2835\/\" data-orig-file=\"https:\/\/www.cisa-arica.cl\/wp1\/wp-content\/uploads\/2022\/10\/DSC_2835.jpg\" data-orig-size=\"1100,733\" data-comments-opened=\"0\" data-image-meta=\"{&quot;aperture&quot;:&quot;3.8&quot;,&quot;credit&quot;:&quot;&quot;,&quot;camera&quot;:&quot;NIKON D7100&quot;,&quot;caption&quot;:&quot;&quot;,&quot;created_timestamp&quot;:&quot;1666342271&quot;,&quot;copyright&quot;:&quot;&quot;,&quot;focal_length&quot;:&quot;21&quot;,&quot;iso&quot;:&quot;1250&quot;,&quot;shutter_speed&quot;:&quot;0.001&quot;,&quot;title&quot;:&quot;&quot;,&quot;orientation&quot;:&quot;0&quot;}\" data-image-title=\"DSC_2835\" data-image-description=\"\" data-image-caption=\"\" data-large-file=\"https:\/\/www.cisa-arica.cl\/wp1\/wp-content\/uploads\/2022\/10\/DSC_2835-600x400.jpg\" data-attachment-id=\"17728\" data-permalink=\"https:\/\/www.cisa-arica.cl\/wp1\/2022\/10\/21\/feria-cientifica-3\/dsc_2835\/\" data-orig-file=\"https:\/\/www.cisa-arica.cl\/wp1\/wp-content\/uploads\/2022\/10\/DSC_2835.jpg\" data-orig-size=\"1100,733\" data-comments-opened=\"0\" data-image-meta=\"{&quot;aperture&quot;:&quot;3.8&quot;,&quot;credit&quot;:&quot;&quot;,&quot;camera&quot;:&quot;NIKON D7100&quot;,&quot;caption&quot;:&quot;&quot;,&quot;created_timestamp&quot;:&quot;1666342271&quot;,&quot;copyright&quot;:&quot;&quot;,&quot;focal_length&quot;:&quot;21&quot;,&quot;iso&quot;:&quot;1250&quot;,&quot;shutter_speed&quot;:&quot;0.001&quot;,&quot;title&quot;:&quot;&quot;,&quot;orientation&quot;:&quot;0&quot;}\" data-image-title=\"DSC_2835\" data-image-description=\"\" data-image-caption=\"\" data-large-file=\"https:\/\/www.cisa-arica.cl\/wp1\/wp-content\/uploads\/2022\/10\/DSC_2835-600x400.jpg\" role=\"button\" tabindex=\"0\" aria-label=\"Abrir la imagen 44 de 106 en pantalla completa\"srcset=\"https:\/\/i2.wp.com\/www.cisa-arica.cl\/wp1\/wp-content\/uploads\/2022\/10\/DSC_2835-600x400.jpg?strip=info&#038;w=600&#038;ssl=1 600w,https:\/\/i2.wp.com\/www.cisa-arica.cl\/wp1\/wp-content\/uploads\/2022\/10\/DSC_2835-600x400.jpg?strip=info&#038;w=900&#038;ssl=1 900w,https:\/\/i2.wp.com\/www.cisa-arica.cl\/wp1\/wp-content\/uploads\/2022\/10\/DSC_2835-600x400.jpg?strip=info&#038;w=1100&#038;ssl=1 1100w\" alt=\"\" data-height=\"733\" data-id=\"17728\" data-link=\"https:\/\/www.cisa-arica.cl\/wp1\/?attachment_id=17728\" data-url=\"https:\/\/www.cisa-arica.cl\/wp1\/wp-content\/uploads\/2022\/10\/DSC_2835-600x400.jpg\" data-width=\"1100\" src=\"https:\/\/i2.wp.com\/www.cisa-arica.cl\/wp1\/wp-content\/uploads\/2022\/10\/DSC_2835-600x400.jpg?ssl=1\" data-amp-layout=\"responsive\"\/><\/figure><\/div><\/div><div class=\"tiled-gallery__row\"><div class=\"tiled-gallery__col\" style=\"flex-basis:66.75536%\"><figure class=\"tiled-gallery__item\"><img decoding=\"async\" data-attachment-id=\"17729\" data-permalink=\"https:\/\/www.cisa-arica.cl\/wp1\/2022\/10\/21\/feria-cientifica-3\/dsc_2840-2\/\" data-orig-file=\"https:\/\/www.cisa-arica.cl\/wp1\/wp-content\/uploads\/2022\/10\/DSC_2840.jpg\" data-orig-size=\"1100,733\" data-comments-opened=\"0\" data-image-meta=\"{&quot;aperture&quot;:&quot;3.5&quot;,&quot;credit&quot;:&quot;&quot;,&quot;camera&quot;:&quot;NIKON D7100&quot;,&quot;caption&quot;:&quot;&quot;,&quot;created_timestamp&quot;:&quot;1666342522&quot;,&quot;copyright&quot;:&quot;&quot;,&quot;focal_length&quot;:&quot;18&quot;,&quot;iso&quot;:&quot;320&quot;,&quot;shutter_speed&quot;:&quot;0.0008&quot;,&quot;title&quot;:&quot;&quot;,&quot;orientation&quot;:&quot;0&quot;}\" data-image-title=\"DSC_2840\" data-image-description=\"\" data-image-caption=\"\" data-large-file=\"https:\/\/www.cisa-arica.cl\/wp1\/wp-content\/uploads\/2022\/10\/DSC_2840-600x400.jpg\" data-attachment-id=\"17729\" data-permalink=\"https:\/\/www.cisa-arica.cl\/wp1\/2022\/10\/21\/feria-cientifica-3\/dsc_2840-2\/\" data-orig-file=\"https:\/\/www.cisa-arica.cl\/wp1\/wp-content\/uploads\/2022\/10\/DSC_2840.jpg\" data-orig-size=\"1100,733\" data-comments-opened=\"0\" data-image-meta=\"{&quot;aperture&quot;:&quot;3.5&quot;,&quot;credit&quot;:&quot;&quot;,&quot;camera&quot;:&quot;NIKON D7100&quot;,&quot;caption&quot;:&quot;&quot;,&quot;created_timestamp&quot;:&quot;1666342522&quot;,&quot;copyright&quot;:&quot;&quot;,&quot;focal_length&quot;:&quot;18&quot;,&quot;iso&quot;:&quot;320&quot;,&quot;shutter_speed&quot;:&quot;0.0008&quot;,&quot;title&quot;:&quot;&quot;,&quot;orientation&quot;:&quot;0&quot;}\" data-image-title=\"DSC_2840\" data-image-description=\"\" data-image-caption=\"\" data-large-file=\"https:\/\/www.cisa-arica.cl\/wp1\/wp-content\/uploads\/2022\/10\/DSC_2840-600x400.jpg\" role=\"button\" tabindex=\"0\" aria-label=\"Abrir la imagen 45 de 106 en pantalla completa\"srcset=\"https:\/\/i0.wp.com\/www.cisa-arica.cl\/wp1\/wp-content\/uploads\/2022\/10\/DSC_2840-600x400.jpg?strip=info&#038;w=600&#038;ssl=1 600w,https:\/\/i0.wp.com\/www.cisa-arica.cl\/wp1\/wp-content\/uploads\/2022\/10\/DSC_2840-600x400.jpg?strip=info&#038;w=900&#038;ssl=1 900w,https:\/\/i0.wp.com\/www.cisa-arica.cl\/wp1\/wp-content\/uploads\/2022\/10\/DSC_2840-600x400.jpg?strip=info&#038;w=1100&#038;ssl=1 1100w\" alt=\"\" data-height=\"733\" data-id=\"17729\" data-link=\"https:\/\/www.cisa-arica.cl\/wp1\/?attachment_id=17729\" data-url=\"https:\/\/www.cisa-arica.cl\/wp1\/wp-content\/uploads\/2022\/10\/DSC_2840-600x400.jpg\" data-width=\"1100\" src=\"https:\/\/i0.wp.com\/www.cisa-arica.cl\/wp1\/wp-content\/uploads\/2022\/10\/DSC_2840-600x400.jpg?ssl=1\" data-amp-layout=\"responsive\"\/><\/figure><\/div><div class=\"tiled-gallery__col\" style=\"flex-basis:33.24464%\"><figure class=\"tiled-gallery__item\"><img decoding=\"async\" data-attachment-id=\"17730\" data-permalink=\"https:\/\/www.cisa-arica.cl\/wp1\/2022\/10\/21\/feria-cientifica-3\/dsc_2844\/\" data-orig-file=\"https:\/\/www.cisa-arica.cl\/wp1\/wp-content\/uploads\/2022\/10\/DSC_2844.jpg\" data-orig-size=\"1100,733\" data-comments-opened=\"0\" data-image-meta=\"{&quot;aperture&quot;:&quot;3.5&quot;,&quot;credit&quot;:&quot;&quot;,&quot;camera&quot;:&quot;NIKON D7100&quot;,&quot;caption&quot;:&quot;&quot;,&quot;created_timestamp&quot;:&quot;1666342601&quot;,&quot;copyright&quot;:&quot;&quot;,&quot;focal_length&quot;:&quot;18&quot;,&quot;iso&quot;:&quot;320&quot;,&quot;shutter_speed&quot;:&quot;0.0008&quot;,&quot;title&quot;:&quot;&quot;,&quot;orientation&quot;:&quot;0&quot;}\" data-image-title=\"DSC_2844\" data-image-description=\"\" data-image-caption=\"\" data-large-file=\"https:\/\/www.cisa-arica.cl\/wp1\/wp-content\/uploads\/2022\/10\/DSC_2844-600x400.jpg\" data-attachment-id=\"17730\" data-permalink=\"https:\/\/www.cisa-arica.cl\/wp1\/2022\/10\/21\/feria-cientifica-3\/dsc_2844\/\" data-orig-file=\"https:\/\/www.cisa-arica.cl\/wp1\/wp-content\/uploads\/2022\/10\/DSC_2844.jpg\" data-orig-size=\"1100,733\" data-comments-opened=\"0\" data-image-meta=\"{&quot;aperture&quot;:&quot;3.5&quot;,&quot;credit&quot;:&quot;&quot;,&quot;camera&quot;:&quot;NIKON D7100&quot;,&quot;caption&quot;:&quot;&quot;,&quot;created_timestamp&quot;:&quot;1666342601&quot;,&quot;copyright&quot;:&quot;&quot;,&quot;focal_length&quot;:&quot;18&quot;,&quot;iso&quot;:&quot;320&quot;,&quot;shutter_speed&quot;:&quot;0.0008&quot;,&quot;title&quot;:&quot;&quot;,&quot;orientation&quot;:&quot;0&quot;}\" data-image-title=\"DSC_2844\" data-image-description=\"\" data-image-caption=\"\" data-large-file=\"https:\/\/www.cisa-arica.cl\/wp1\/wp-content\/uploads\/2022\/10\/DSC_2844-600x400.jpg\" role=\"button\" tabindex=\"0\" aria-label=\"Abrir la imagen 46 de 106 en pantalla completa\"srcset=\"https:\/\/i1.wp.com\/www.cisa-arica.cl\/wp1\/wp-content\/uploads\/2022\/10\/DSC_2844-600x400.jpg?strip=info&#038;w=600&#038;ssl=1 600w,https:\/\/i1.wp.com\/www.cisa-arica.cl\/wp1\/wp-content\/uploads\/2022\/10\/DSC_2844-600x400.jpg?strip=info&#038;w=900&#038;ssl=1 900w,https:\/\/i1.wp.com\/www.cisa-arica.cl\/wp1\/wp-content\/uploads\/2022\/10\/DSC_2844-600x400.jpg?strip=info&#038;w=1100&#038;ssl=1 1100w\" alt=\"\" data-height=\"733\" data-id=\"17730\" data-link=\"https:\/\/www.cisa-arica.cl\/wp1\/?attachment_id=17730\" data-url=\"https:\/\/www.cisa-arica.cl\/wp1\/wp-content\/uploads\/2022\/10\/DSC_2844-600x400.jpg\" data-width=\"1100\" src=\"https:\/\/i1.wp.com\/www.cisa-arica.cl\/wp1\/wp-content\/uploads\/2022\/10\/DSC_2844-600x400.jpg?ssl=1\" data-amp-layout=\"responsive\"\/><\/figure><figure class=\"tiled-gallery__item\"><img decoding=\"async\" data-attachment-id=\"17731\" data-permalink=\"https:\/\/www.cisa-arica.cl\/wp1\/2022\/10\/21\/feria-cientifica-3\/dsc_2850\/\" data-orig-file=\"https:\/\/www.cisa-arica.cl\/wp1\/wp-content\/uploads\/2022\/10\/DSC_2850.jpg\" data-orig-size=\"1100,733\" data-comments-opened=\"0\" data-image-meta=\"{&quot;aperture&quot;:&quot;3.5&quot;,&quot;credit&quot;:&quot;&quot;,&quot;camera&quot;:&quot;NIKON D7100&quot;,&quot;caption&quot;:&quot;&quot;,&quot;created_timestamp&quot;:&quot;1666342767&quot;,&quot;copyright&quot;:&quot;&quot;,&quot;focal_length&quot;:&quot;18&quot;,&quot;iso&quot;:&quot;320&quot;,&quot;shutter_speed&quot;:&quot;0.00125&quot;,&quot;title&quot;:&quot;&quot;,&quot;orientation&quot;:&quot;0&quot;}\" data-image-title=\"DSC_2850\" data-image-description=\"\" data-image-caption=\"\" data-large-file=\"https:\/\/www.cisa-arica.cl\/wp1\/wp-content\/uploads\/2022\/10\/DSC_2850-600x400.jpg\" data-attachment-id=\"17731\" data-permalink=\"https:\/\/www.cisa-arica.cl\/wp1\/2022\/10\/21\/feria-cientifica-3\/dsc_2850\/\" data-orig-file=\"https:\/\/www.cisa-arica.cl\/wp1\/wp-content\/uploads\/2022\/10\/DSC_2850.jpg\" data-orig-size=\"1100,733\" data-comments-opened=\"0\" data-image-meta=\"{&quot;aperture&quot;:&quot;3.5&quot;,&quot;credit&quot;:&quot;&quot;,&quot;camera&quot;:&quot;NIKON D7100&quot;,&quot;caption&quot;:&quot;&quot;,&quot;created_timestamp&quot;:&quot;1666342767&quot;,&quot;copyright&quot;:&quot;&quot;,&quot;focal_length&quot;:&quot;18&quot;,&quot;iso&quot;:&quot;320&quot;,&quot;shutter_speed&quot;:&quot;0.00125&quot;,&quot;title&quot;:&quot;&quot;,&quot;orientation&quot;:&quot;0&quot;}\" data-image-title=\"DSC_2850\" data-image-description=\"\" data-image-caption=\"\" data-large-file=\"https:\/\/www.cisa-arica.cl\/wp1\/wp-content\/uploads\/2022\/10\/DSC_2850-600x400.jpg\" role=\"button\" tabindex=\"0\" aria-label=\"Abrir la imagen 47 de 106 en pantalla completa\"srcset=\"https:\/\/i1.wp.com\/www.cisa-arica.cl\/wp1\/wp-content\/uploads\/2022\/10\/DSC_2850-600x400.jpg?strip=info&#038;w=600&#038;ssl=1 600w,https:\/\/i1.wp.com\/www.cisa-arica.cl\/wp1\/wp-content\/uploads\/2022\/10\/DSC_2850-600x400.jpg?strip=info&#038;w=900&#038;ssl=1 900w,https:\/\/i1.wp.com\/www.cisa-arica.cl\/wp1\/wp-content\/uploads\/2022\/10\/DSC_2850-600x400.jpg?strip=info&#038;w=1100&#038;ssl=1 1100w\" alt=\"\" data-height=\"733\" data-id=\"17731\" data-link=\"https:\/\/www.cisa-arica.cl\/wp1\/?attachment_id=17731\" data-url=\"https:\/\/www.cisa-arica.cl\/wp1\/wp-content\/uploads\/2022\/10\/DSC_2850-600x400.jpg\" data-width=\"1100\" src=\"https:\/\/i1.wp.com\/www.cisa-arica.cl\/wp1\/wp-content\/uploads\/2022\/10\/DSC_2850-600x400.jpg?ssl=1\" data-amp-layout=\"responsive\"\/><\/figure><\/div><\/div><div class=\"tiled-gallery__row\"><div class=\"tiled-gallery__col\" style=\"flex-basis:33.33333%\"><figure class=\"tiled-gallery__item\"><img decoding=\"async\" data-attachment-id=\"17732\" data-permalink=\"https:\/\/www.cisa-arica.cl\/wp1\/2022\/10\/21\/feria-cientifica-3\/dsc_2853-2\/\" data-orig-file=\"https:\/\/www.cisa-arica.cl\/wp1\/wp-content\/uploads\/2022\/10\/DSC_2853.jpg\" data-orig-size=\"1100,733\" data-comments-opened=\"0\" data-image-meta=\"{&quot;aperture&quot;:&quot;4.8&quot;,&quot;credit&quot;:&quot;&quot;,&quot;camera&quot;:&quot;NIKON D7100&quot;,&quot;caption&quot;:&quot;&quot;,&quot;created_timestamp&quot;:&quot;1666342782&quot;,&quot;copyright&quot;:&quot;&quot;,&quot;focal_length&quot;:&quot;42&quot;,&quot;iso&quot;:&quot;320&quot;,&quot;shutter_speed&quot;:&quot;0.00625&quot;,&quot;title&quot;:&quot;&quot;,&quot;orientation&quot;:&quot;0&quot;}\" data-image-title=\"DSC_2853\" data-image-description=\"\" data-image-caption=\"\" data-large-file=\"https:\/\/www.cisa-arica.cl\/wp1\/wp-content\/uploads\/2022\/10\/DSC_2853-600x400.jpg\" data-attachment-id=\"17732\" data-permalink=\"https:\/\/www.cisa-arica.cl\/wp1\/2022\/10\/21\/feria-cientifica-3\/dsc_2853-2\/\" data-orig-file=\"https:\/\/www.cisa-arica.cl\/wp1\/wp-content\/uploads\/2022\/10\/DSC_2853.jpg\" data-orig-size=\"1100,733\" data-comments-opened=\"0\" data-image-meta=\"{&quot;aperture&quot;:&quot;4.8&quot;,&quot;credit&quot;:&quot;&quot;,&quot;camera&quot;:&quot;NIKON D7100&quot;,&quot;caption&quot;:&quot;&quot;,&quot;created_timestamp&quot;:&quot;1666342782&quot;,&quot;copyright&quot;:&quot;&quot;,&quot;focal_length&quot;:&quot;42&quot;,&quot;iso&quot;:&quot;320&quot;,&quot;shutter_speed&quot;:&quot;0.00625&quot;,&quot;title&quot;:&quot;&quot;,&quot;orientation&quot;:&quot;0&quot;}\" data-image-title=\"DSC_2853\" data-image-description=\"\" data-image-caption=\"\" data-large-file=\"https:\/\/www.cisa-arica.cl\/wp1\/wp-content\/uploads\/2022\/10\/DSC_2853-600x400.jpg\" role=\"button\" tabindex=\"0\" aria-label=\"Abrir la imagen 48 de 106 en pantalla completa\"srcset=\"https:\/\/i1.wp.com\/www.cisa-arica.cl\/wp1\/wp-content\/uploads\/2022\/10\/DSC_2853-600x400.jpg?strip=info&#038;w=600&#038;ssl=1 600w,https:\/\/i1.wp.com\/www.cisa-arica.cl\/wp1\/wp-content\/uploads\/2022\/10\/DSC_2853-600x400.jpg?strip=info&#038;w=900&#038;ssl=1 900w,https:\/\/i1.wp.com\/www.cisa-arica.cl\/wp1\/wp-content\/uploads\/2022\/10\/DSC_2853-600x400.jpg?strip=info&#038;w=1100&#038;ssl=1 1100w\" alt=\"\" data-height=\"733\" data-id=\"17732\" data-link=\"https:\/\/www.cisa-arica.cl\/wp1\/?attachment_id=17732\" data-url=\"https:\/\/www.cisa-arica.cl\/wp1\/wp-content\/uploads\/2022\/10\/DSC_2853-600x400.jpg\" data-width=\"1100\" src=\"https:\/\/i1.wp.com\/www.cisa-arica.cl\/wp1\/wp-content\/uploads\/2022\/10\/DSC_2853-600x400.jpg?ssl=1\" data-amp-layout=\"responsive\"\/><\/figure><\/div><div class=\"tiled-gallery__col\" style=\"flex-basis:33.33333%\"><figure class=\"tiled-gallery__item\"><img decoding=\"async\" data-attachment-id=\"17733\" data-permalink=\"https:\/\/www.cisa-arica.cl\/wp1\/2022\/10\/21\/feria-cientifica-3\/dsc_2855\/\" data-orig-file=\"https:\/\/www.cisa-arica.cl\/wp1\/wp-content\/uploads\/2022\/10\/DSC_2855.jpg\" data-orig-size=\"1100,733\" data-comments-opened=\"0\" data-image-meta=\"{&quot;aperture&quot;:&quot;3.5&quot;,&quot;credit&quot;:&quot;&quot;,&quot;camera&quot;:&quot;NIKON D7100&quot;,&quot;caption&quot;:&quot;&quot;,&quot;created_timestamp&quot;:&quot;1666342803&quot;,&quot;copyright&quot;:&quot;&quot;,&quot;focal_length&quot;:&quot;18&quot;,&quot;iso&quot;:&quot;320&quot;,&quot;shutter_speed&quot;:&quot;0.008&quot;,&quot;title&quot;:&quot;&quot;,&quot;orientation&quot;:&quot;0&quot;}\" data-image-title=\"DSC_2855\" data-image-description=\"\" data-image-caption=\"\" data-large-file=\"https:\/\/www.cisa-arica.cl\/wp1\/wp-content\/uploads\/2022\/10\/DSC_2855-600x400.jpg\" data-attachment-id=\"17733\" data-permalink=\"https:\/\/www.cisa-arica.cl\/wp1\/2022\/10\/21\/feria-cientifica-3\/dsc_2855\/\" data-orig-file=\"https:\/\/www.cisa-arica.cl\/wp1\/wp-content\/uploads\/2022\/10\/DSC_2855.jpg\" data-orig-size=\"1100,733\" data-comments-opened=\"0\" data-image-meta=\"{&quot;aperture&quot;:&quot;3.5&quot;,&quot;credit&quot;:&quot;&quot;,&quot;camera&quot;:&quot;NIKON D7100&quot;,&quot;caption&quot;:&quot;&quot;,&quot;created_timestamp&quot;:&quot;1666342803&quot;,&quot;copyright&quot;:&quot;&quot;,&quot;focal_length&quot;:&quot;18&quot;,&quot;iso&quot;:&quot;320&quot;,&quot;shutter_speed&quot;:&quot;0.008&quot;,&quot;title&quot;:&quot;&quot;,&quot;orientation&quot;:&quot;0&quot;}\" data-image-title=\"DSC_2855\" data-image-description=\"\" data-image-caption=\"\" data-large-file=\"https:\/\/www.cisa-arica.cl\/wp1\/wp-content\/uploads\/2022\/10\/DSC_2855-600x400.jpg\" role=\"button\" tabindex=\"0\" aria-label=\"Abrir la imagen 49 de 106 en pantalla completa\"srcset=\"https:\/\/i2.wp.com\/www.cisa-arica.cl\/wp1\/wp-content\/uploads\/2022\/10\/DSC_2855-600x400.jpg?strip=info&#038;w=600&#038;ssl=1 600w,https:\/\/i2.wp.com\/www.cisa-arica.cl\/wp1\/wp-content\/uploads\/2022\/10\/DSC_2855-600x400.jpg?strip=info&#038;w=900&#038;ssl=1 900w,https:\/\/i2.wp.com\/www.cisa-arica.cl\/wp1\/wp-content\/uploads\/2022\/10\/DSC_2855-600x400.jpg?strip=info&#038;w=1100&#038;ssl=1 1100w\" alt=\"\" data-height=\"733\" data-id=\"17733\" data-link=\"https:\/\/www.cisa-arica.cl\/wp1\/?attachment_id=17733\" data-url=\"https:\/\/www.cisa-arica.cl\/wp1\/wp-content\/uploads\/2022\/10\/DSC_2855-600x400.jpg\" data-width=\"1100\" src=\"https:\/\/i2.wp.com\/www.cisa-arica.cl\/wp1\/wp-content\/uploads\/2022\/10\/DSC_2855-600x400.jpg?ssl=1\" data-amp-layout=\"responsive\"\/><\/figure><\/div><div class=\"tiled-gallery__col\" style=\"flex-basis:33.33333%\"><figure class=\"tiled-gallery__item\"><img decoding=\"async\" data-attachment-id=\"17734\" data-permalink=\"https:\/\/www.cisa-arica.cl\/wp1\/2022\/10\/21\/feria-cientifica-3\/dsc_2858\/\" data-orig-file=\"https:\/\/www.cisa-arica.cl\/wp1\/wp-content\/uploads\/2022\/10\/DSC_2858.jpg\" data-orig-size=\"1100,733\" data-comments-opened=\"0\" data-image-meta=\"{&quot;aperture&quot;:&quot;3.8&quot;,&quot;credit&quot;:&quot;&quot;,&quot;camera&quot;:&quot;NIKON D7100&quot;,&quot;caption&quot;:&quot;&quot;,&quot;created_timestamp&quot;:&quot;1666342889&quot;,&quot;copyright&quot;:&quot;&quot;,&quot;focal_length&quot;:&quot;22&quot;,&quot;iso&quot;:&quot;2000&quot;,&quot;shutter_speed&quot;:&quot;0.00625&quot;,&quot;title&quot;:&quot;&quot;,&quot;orientation&quot;:&quot;0&quot;}\" data-image-title=\"DSC_2858\" data-image-description=\"\" data-image-caption=\"\" data-large-file=\"https:\/\/www.cisa-arica.cl\/wp1\/wp-content\/uploads\/2022\/10\/DSC_2858-600x400.jpg\" data-attachment-id=\"17734\" data-permalink=\"https:\/\/www.cisa-arica.cl\/wp1\/2022\/10\/21\/feria-cientifica-3\/dsc_2858\/\" data-orig-file=\"https:\/\/www.cisa-arica.cl\/wp1\/wp-content\/uploads\/2022\/10\/DSC_2858.jpg\" data-orig-size=\"1100,733\" data-comments-opened=\"0\" data-image-meta=\"{&quot;aperture&quot;:&quot;3.8&quot;,&quot;credit&quot;:&quot;&quot;,&quot;camera&quot;:&quot;NIKON D7100&quot;,&quot;caption&quot;:&quot;&quot;,&quot;created_timestamp&quot;:&quot;1666342889&quot;,&quot;copyright&quot;:&quot;&quot;,&quot;focal_length&quot;:&quot;22&quot;,&quot;iso&quot;:&quot;2000&quot;,&quot;shutter_speed&quot;:&quot;0.00625&quot;,&quot;title&quot;:&quot;&quot;,&quot;orientation&quot;:&quot;0&quot;}\" data-image-title=\"DSC_2858\" data-image-description=\"\" data-image-caption=\"\" data-large-file=\"https:\/\/www.cisa-arica.cl\/wp1\/wp-content\/uploads\/2022\/10\/DSC_2858-600x400.jpg\" role=\"button\" tabindex=\"0\" aria-label=\"Abrir la imagen 50 de 106 en pantalla completa\"srcset=\"https:\/\/i1.wp.com\/www.cisa-arica.cl\/wp1\/wp-content\/uploads\/2022\/10\/DSC_2858-600x400.jpg?strip=info&#038;w=600&#038;ssl=1 600w,https:\/\/i1.wp.com\/www.cisa-arica.cl\/wp1\/wp-content\/uploads\/2022\/10\/DSC_2858-600x400.jpg?strip=info&#038;w=900&#038;ssl=1 900w,https:\/\/i1.wp.com\/www.cisa-arica.cl\/wp1\/wp-content\/uploads\/2022\/10\/DSC_2858-600x400.jpg?strip=info&#038;w=1100&#038;ssl=1 1100w\" alt=\"\" data-height=\"733\" data-id=\"17734\" data-link=\"https:\/\/www.cisa-arica.cl\/wp1\/?attachment_id=17734\" data-url=\"https:\/\/www.cisa-arica.cl\/wp1\/wp-content\/uploads\/2022\/10\/DSC_2858-600x400.jpg\" data-width=\"1100\" src=\"https:\/\/i1.wp.com\/www.cisa-arica.cl\/wp1\/wp-content\/uploads\/2022\/10\/DSC_2858-600x400.jpg?ssl=1\" data-amp-layout=\"responsive\"\/><\/figure><\/div><\/div><div class=\"tiled-gallery__row\"><div class=\"tiled-gallery__col\" style=\"flex-basis:33.24464%\"><figure class=\"tiled-gallery__item\"><img decoding=\"async\" data-attachment-id=\"17735\" data-permalink=\"https:\/\/www.cisa-arica.cl\/wp1\/2022\/10\/21\/feria-cientifica-3\/dsc_2873\/\" data-orig-file=\"https:\/\/www.cisa-arica.cl\/wp1\/wp-content\/uploads\/2022\/10\/DSC_2873.jpg\" data-orig-size=\"1100,733\" data-comments-opened=\"0\" data-image-meta=\"{&quot;aperture&quot;:&quot;4.2&quot;,&quot;credit&quot;:&quot;&quot;,&quot;camera&quot;:&quot;NIKON D7100&quot;,&quot;caption&quot;:&quot;&quot;,&quot;created_timestamp&quot;:&quot;1666342953&quot;,&quot;copyright&quot;:&quot;&quot;,&quot;focal_length&quot;:&quot;32&quot;,&quot;iso&quot;:&quot;2000&quot;,&quot;shutter_speed&quot;:&quot;0.004&quot;,&quot;title&quot;:&quot;&quot;,&quot;orientation&quot;:&quot;0&quot;}\" data-image-title=\"DSC_2873\" data-image-description=\"\" data-image-caption=\"\" data-large-file=\"https:\/\/www.cisa-arica.cl\/wp1\/wp-content\/uploads\/2022\/10\/DSC_2873-600x400.jpg\" data-attachment-id=\"17735\" data-permalink=\"https:\/\/www.cisa-arica.cl\/wp1\/2022\/10\/21\/feria-cientifica-3\/dsc_2873\/\" data-orig-file=\"https:\/\/www.cisa-arica.cl\/wp1\/wp-content\/uploads\/2022\/10\/DSC_2873.jpg\" data-orig-size=\"1100,733\" data-comments-opened=\"0\" data-image-meta=\"{&quot;aperture&quot;:&quot;4.2&quot;,&quot;credit&quot;:&quot;&quot;,&quot;camera&quot;:&quot;NIKON D7100&quot;,&quot;caption&quot;:&quot;&quot;,&quot;created_timestamp&quot;:&quot;1666342953&quot;,&quot;copyright&quot;:&quot;&quot;,&quot;focal_length&quot;:&quot;32&quot;,&quot;iso&quot;:&quot;2000&quot;,&quot;shutter_speed&quot;:&quot;0.004&quot;,&quot;title&quot;:&quot;&quot;,&quot;orientation&quot;:&quot;0&quot;}\" data-image-title=\"DSC_2873\" data-image-description=\"\" data-image-caption=\"\" data-large-file=\"https:\/\/www.cisa-arica.cl\/wp1\/wp-content\/uploads\/2022\/10\/DSC_2873-600x400.jpg\" role=\"button\" tabindex=\"0\" aria-label=\"Abrir la imagen 51 de 106 en pantalla completa\"srcset=\"https:\/\/i0.wp.com\/www.cisa-arica.cl\/wp1\/wp-content\/uploads\/2022\/10\/DSC_2873-600x400.jpg?strip=info&#038;w=600&#038;ssl=1 600w,https:\/\/i0.wp.com\/www.cisa-arica.cl\/wp1\/wp-content\/uploads\/2022\/10\/DSC_2873-600x400.jpg?strip=info&#038;w=900&#038;ssl=1 900w,https:\/\/i0.wp.com\/www.cisa-arica.cl\/wp1\/wp-content\/uploads\/2022\/10\/DSC_2873-600x400.jpg?strip=info&#038;w=1100&#038;ssl=1 1100w\" alt=\"\" data-height=\"733\" data-id=\"17735\" data-link=\"https:\/\/www.cisa-arica.cl\/wp1\/?attachment_id=17735\" data-url=\"https:\/\/www.cisa-arica.cl\/wp1\/wp-content\/uploads\/2022\/10\/DSC_2873-600x400.jpg\" data-width=\"1100\" src=\"https:\/\/i0.wp.com\/www.cisa-arica.cl\/wp1\/wp-content\/uploads\/2022\/10\/DSC_2873-600x400.jpg?ssl=1\" data-amp-layout=\"responsive\"\/><\/figure><figure class=\"tiled-gallery__item\"><img decoding=\"async\" data-attachment-id=\"17736\" data-permalink=\"https:\/\/www.cisa-arica.cl\/wp1\/2022\/10\/21\/feria-cientifica-3\/dsc_2875-2\/\" data-orig-file=\"https:\/\/www.cisa-arica.cl\/wp1\/wp-content\/uploads\/2022\/10\/DSC_2875.jpg\" data-orig-size=\"1100,733\" data-comments-opened=\"0\" data-image-meta=\"{&quot;aperture&quot;:&quot;3.5&quot;,&quot;credit&quot;:&quot;&quot;,&quot;camera&quot;:&quot;NIKON D7100&quot;,&quot;caption&quot;:&quot;&quot;,&quot;created_timestamp&quot;:&quot;1666343117&quot;,&quot;copyright&quot;:&quot;&quot;,&quot;focal_length&quot;:&quot;18&quot;,&quot;iso&quot;:&quot;500&quot;,&quot;shutter_speed&quot;:&quot;0.000625&quot;,&quot;title&quot;:&quot;&quot;,&quot;orientation&quot;:&quot;0&quot;}\" data-image-title=\"DSC_2875\" data-image-description=\"\" data-image-caption=\"\" data-large-file=\"https:\/\/www.cisa-arica.cl\/wp1\/wp-content\/uploads\/2022\/10\/DSC_2875-600x400.jpg\" data-attachment-id=\"17736\" data-permalink=\"https:\/\/www.cisa-arica.cl\/wp1\/2022\/10\/21\/feria-cientifica-3\/dsc_2875-2\/\" data-orig-file=\"https:\/\/www.cisa-arica.cl\/wp1\/wp-content\/uploads\/2022\/10\/DSC_2875.jpg\" data-orig-size=\"1100,733\" data-comments-opened=\"0\" data-image-meta=\"{&quot;aperture&quot;:&quot;3.5&quot;,&quot;credit&quot;:&quot;&quot;,&quot;camera&quot;:&quot;NIKON D7100&quot;,&quot;caption&quot;:&quot;&quot;,&quot;created_timestamp&quot;:&quot;1666343117&quot;,&quot;copyright&quot;:&quot;&quot;,&quot;focal_length&quot;:&quot;18&quot;,&quot;iso&quot;:&quot;500&quot;,&quot;shutter_speed&quot;:&quot;0.000625&quot;,&quot;title&quot;:&quot;&quot;,&quot;orientation&quot;:&quot;0&quot;}\" data-image-title=\"DSC_2875\" data-image-description=\"\" data-image-caption=\"\" data-large-file=\"https:\/\/www.cisa-arica.cl\/wp1\/wp-content\/uploads\/2022\/10\/DSC_2875-600x400.jpg\" role=\"button\" tabindex=\"0\" aria-label=\"Abrir la imagen 52 de 106 en pantalla completa\"srcset=\"https:\/\/i1.wp.com\/www.cisa-arica.cl\/wp1\/wp-content\/uploads\/2022\/10\/DSC_2875-600x400.jpg?strip=info&#038;w=600&#038;ssl=1 600w,https:\/\/i1.wp.com\/www.cisa-arica.cl\/wp1\/wp-content\/uploads\/2022\/10\/DSC_2875-600x400.jpg?strip=info&#038;w=900&#038;ssl=1 900w,https:\/\/i1.wp.com\/www.cisa-arica.cl\/wp1\/wp-content\/uploads\/2022\/10\/DSC_2875-600x400.jpg?strip=info&#038;w=1100&#038;ssl=1 1100w\" alt=\"\" data-height=\"733\" data-id=\"17736\" data-link=\"https:\/\/www.cisa-arica.cl\/wp1\/?attachment_id=17736\" data-url=\"https:\/\/www.cisa-arica.cl\/wp1\/wp-content\/uploads\/2022\/10\/DSC_2875-600x400.jpg\" data-width=\"1100\" src=\"https:\/\/i1.wp.com\/www.cisa-arica.cl\/wp1\/wp-content\/uploads\/2022\/10\/DSC_2875-600x400.jpg?ssl=1\" data-amp-layout=\"responsive\"\/><\/figure><\/div><div class=\"tiled-gallery__col\" style=\"flex-basis:66.75536%\"><figure class=\"tiled-gallery__item\"><img decoding=\"async\" data-attachment-id=\"17737\" data-permalink=\"https:\/\/www.cisa-arica.cl\/wp1\/2022\/10\/21\/feria-cientifica-3\/dsc_2880\/\" data-orig-file=\"https:\/\/www.cisa-arica.cl\/wp1\/wp-content\/uploads\/2022\/10\/DSC_2880.jpg\" data-orig-size=\"1100,733\" data-comments-opened=\"0\" data-image-meta=\"{&quot;aperture&quot;:&quot;4&quot;,&quot;credit&quot;:&quot;&quot;,&quot;camera&quot;:&quot;NIKON D7100&quot;,&quot;caption&quot;:&quot;&quot;,&quot;created_timestamp&quot;:&quot;1666343858&quot;,&quot;copyright&quot;:&quot;&quot;,&quot;focal_length&quot;:&quot;21&quot;,&quot;iso&quot;:&quot;500&quot;,&quot;shutter_speed&quot;:&quot;0.005&quot;,&quot;title&quot;:&quot;&quot;,&quot;orientation&quot;:&quot;0&quot;}\" data-image-title=\"DSC_2880\" data-image-description=\"\" data-image-caption=\"\" data-large-file=\"https:\/\/www.cisa-arica.cl\/wp1\/wp-content\/uploads\/2022\/10\/DSC_2880-600x400.jpg\" data-attachment-id=\"17737\" data-permalink=\"https:\/\/www.cisa-arica.cl\/wp1\/2022\/10\/21\/feria-cientifica-3\/dsc_2880\/\" data-orig-file=\"https:\/\/www.cisa-arica.cl\/wp1\/wp-content\/uploads\/2022\/10\/DSC_2880.jpg\" data-orig-size=\"1100,733\" data-comments-opened=\"0\" data-image-meta=\"{&quot;aperture&quot;:&quot;4&quot;,&quot;credit&quot;:&quot;&quot;,&quot;camera&quot;:&quot;NIKON D7100&quot;,&quot;caption&quot;:&quot;&quot;,&quot;created_timestamp&quot;:&quot;1666343858&quot;,&quot;copyright&quot;:&quot;&quot;,&quot;focal_length&quot;:&quot;21&quot;,&quot;iso&quot;:&quot;500&quot;,&quot;shutter_speed&quot;:&quot;0.005&quot;,&quot;title&quot;:&quot;&quot;,&quot;orientation&quot;:&quot;0&quot;}\" data-image-title=\"DSC_2880\" data-image-description=\"\" data-image-caption=\"\" data-large-file=\"https:\/\/www.cisa-arica.cl\/wp1\/wp-content\/uploads\/2022\/10\/DSC_2880-600x400.jpg\" role=\"button\" tabindex=\"0\" aria-label=\"Abrir la imagen 53 de 106 en pantalla completa\"srcset=\"https:\/\/i2.wp.com\/www.cisa-arica.cl\/wp1\/wp-content\/uploads\/2022\/10\/DSC_2880-600x400.jpg?strip=info&#038;w=600&#038;ssl=1 600w,https:\/\/i2.wp.com\/www.cisa-arica.cl\/wp1\/wp-content\/uploads\/2022\/10\/DSC_2880-600x400.jpg?strip=info&#038;w=900&#038;ssl=1 900w,https:\/\/i2.wp.com\/www.cisa-arica.cl\/wp1\/wp-content\/uploads\/2022\/10\/DSC_2880-600x400.jpg?strip=info&#038;w=1100&#038;ssl=1 1100w\" alt=\"\" data-height=\"733\" data-id=\"17737\" data-link=\"https:\/\/www.cisa-arica.cl\/wp1\/?attachment_id=17737\" data-url=\"https:\/\/www.cisa-arica.cl\/wp1\/wp-content\/uploads\/2022\/10\/DSC_2880-600x400.jpg\" data-width=\"1100\" src=\"https:\/\/i2.wp.com\/www.cisa-arica.cl\/wp1\/wp-content\/uploads\/2022\/10\/DSC_2880-600x400.jpg?ssl=1\" data-amp-layout=\"responsive\"\/><\/figure><\/div><\/div><div class=\"tiled-gallery__row\"><div class=\"tiled-gallery__col\" style=\"flex-basis:50.00000%\"><figure class=\"tiled-gallery__item\"><img decoding=\"async\" data-attachment-id=\"17738\" data-permalink=\"https:\/\/www.cisa-arica.cl\/wp1\/2022\/10\/21\/feria-cientifica-3\/dsc_2884\/\" data-orig-file=\"https:\/\/www.cisa-arica.cl\/wp1\/wp-content\/uploads\/2022\/10\/DSC_2884.jpg\" data-orig-size=\"1100,733\" data-comments-opened=\"0\" data-image-meta=\"{&quot;aperture&quot;:&quot;4&quot;,&quot;credit&quot;:&quot;&quot;,&quot;camera&quot;:&quot;NIKON D7100&quot;,&quot;caption&quot;:&quot;&quot;,&quot;created_timestamp&quot;:&quot;1666343889&quot;,&quot;copyright&quot;:&quot;&quot;,&quot;focal_length&quot;:&quot;21&quot;,&quot;iso&quot;:&quot;500&quot;,&quot;shutter_speed&quot;:&quot;0.005&quot;,&quot;title&quot;:&quot;&quot;,&quot;orientation&quot;:&quot;0&quot;}\" data-image-title=\"DSC_2884\" data-image-description=\"\" data-image-caption=\"\" data-large-file=\"https:\/\/www.cisa-arica.cl\/wp1\/wp-content\/uploads\/2022\/10\/DSC_2884-600x400.jpg\" data-attachment-id=\"17738\" data-permalink=\"https:\/\/www.cisa-arica.cl\/wp1\/2022\/10\/21\/feria-cientifica-3\/dsc_2884\/\" data-orig-file=\"https:\/\/www.cisa-arica.cl\/wp1\/wp-content\/uploads\/2022\/10\/DSC_2884.jpg\" data-orig-size=\"1100,733\" data-comments-opened=\"0\" data-image-meta=\"{&quot;aperture&quot;:&quot;4&quot;,&quot;credit&quot;:&quot;&quot;,&quot;camera&quot;:&quot;NIKON D7100&quot;,&quot;caption&quot;:&quot;&quot;,&quot;created_timestamp&quot;:&quot;1666343889&quot;,&quot;copyright&quot;:&quot;&quot;,&quot;focal_length&quot;:&quot;21&quot;,&quot;iso&quot;:&quot;500&quot;,&quot;shutter_speed&quot;:&quot;0.005&quot;,&quot;title&quot;:&quot;&quot;,&quot;orientation&quot;:&quot;0&quot;}\" data-image-title=\"DSC_2884\" data-image-description=\"\" data-image-caption=\"\" data-large-file=\"https:\/\/www.cisa-arica.cl\/wp1\/wp-content\/uploads\/2022\/10\/DSC_2884-600x400.jpg\" role=\"button\" tabindex=\"0\" aria-label=\"Abrir la imagen 54 de 106 en pantalla completa\"srcset=\"https:\/\/i1.wp.com\/www.cisa-arica.cl\/wp1\/wp-content\/uploads\/2022\/10\/DSC_2884-600x400.jpg?strip=info&#038;w=600&#038;ssl=1 600w,https:\/\/i1.wp.com\/www.cisa-arica.cl\/wp1\/wp-content\/uploads\/2022\/10\/DSC_2884-600x400.jpg?strip=info&#038;w=900&#038;ssl=1 900w,https:\/\/i1.wp.com\/www.cisa-arica.cl\/wp1\/wp-content\/uploads\/2022\/10\/DSC_2884-600x400.jpg?strip=info&#038;w=1100&#038;ssl=1 1100w\" alt=\"\" data-height=\"733\" data-id=\"17738\" data-link=\"https:\/\/www.cisa-arica.cl\/wp1\/?attachment_id=17738\" data-url=\"https:\/\/www.cisa-arica.cl\/wp1\/wp-content\/uploads\/2022\/10\/DSC_2884-600x400.jpg\" data-width=\"1100\" src=\"https:\/\/i1.wp.com\/www.cisa-arica.cl\/wp1\/wp-content\/uploads\/2022\/10\/DSC_2884-600x400.jpg?ssl=1\" data-amp-layout=\"responsive\"\/><\/figure><\/div><div class=\"tiled-gallery__col\" style=\"flex-basis:50.00000%\"><figure class=\"tiled-gallery__item\"><img decoding=\"async\" data-attachment-id=\"17739\" data-permalink=\"https:\/\/www.cisa-arica.cl\/wp1\/2022\/10\/21\/feria-cientifica-3\/dsc_2884-2\/\" data-orig-file=\"https:\/\/www.cisa-arica.cl\/wp1\/wp-content\/uploads\/2022\/10\/DSC_2884-2.jpg\" data-orig-size=\"1100,733\" data-comments-opened=\"0\" data-image-meta=\"{&quot;aperture&quot;:&quot;4&quot;,&quot;credit&quot;:&quot;&quot;,&quot;camera&quot;:&quot;NIKON D7100&quot;,&quot;caption&quot;:&quot;&quot;,&quot;created_timestamp&quot;:&quot;1666343889&quot;,&quot;copyright&quot;:&quot;&quot;,&quot;focal_length&quot;:&quot;21&quot;,&quot;iso&quot;:&quot;500&quot;,&quot;shutter_speed&quot;:&quot;0.005&quot;,&quot;title&quot;:&quot;&quot;,&quot;orientation&quot;:&quot;0&quot;}\" data-image-title=\"DSC_2884-2\" data-image-description=\"\" data-image-caption=\"\" data-large-file=\"https:\/\/www.cisa-arica.cl\/wp1\/wp-content\/uploads\/2022\/10\/DSC_2884-2-600x400.jpg\" data-attachment-id=\"17739\" data-permalink=\"https:\/\/www.cisa-arica.cl\/wp1\/2022\/10\/21\/feria-cientifica-3\/dsc_2884-2\/\" data-orig-file=\"https:\/\/www.cisa-arica.cl\/wp1\/wp-content\/uploads\/2022\/10\/DSC_2884-2.jpg\" data-orig-size=\"1100,733\" data-comments-opened=\"0\" data-image-meta=\"{&quot;aperture&quot;:&quot;4&quot;,&quot;credit&quot;:&quot;&quot;,&quot;camera&quot;:&quot;NIKON D7100&quot;,&quot;caption&quot;:&quot;&quot;,&quot;created_timestamp&quot;:&quot;1666343889&quot;,&quot;copyright&quot;:&quot;&quot;,&quot;focal_length&quot;:&quot;21&quot;,&quot;iso&quot;:&quot;500&quot;,&quot;shutter_speed&quot;:&quot;0.005&quot;,&quot;title&quot;:&quot;&quot;,&quot;orientation&quot;:&quot;0&quot;}\" data-image-title=\"DSC_2884-2\" data-image-description=\"\" data-image-caption=\"\" data-large-file=\"https:\/\/www.cisa-arica.cl\/wp1\/wp-content\/uploads\/2022\/10\/DSC_2884-2-600x400.jpg\" role=\"button\" tabindex=\"0\" aria-label=\"Abrir la imagen 55 de 106 en pantalla completa\"srcset=\"https:\/\/i0.wp.com\/www.cisa-arica.cl\/wp1\/wp-content\/uploads\/2022\/10\/DSC_2884-2-600x400.jpg?strip=info&#038;w=600&#038;ssl=1 600w,https:\/\/i0.wp.com\/www.cisa-arica.cl\/wp1\/wp-content\/uploads\/2022\/10\/DSC_2884-2-600x400.jpg?strip=info&#038;w=900&#038;ssl=1 900w,https:\/\/i0.wp.com\/www.cisa-arica.cl\/wp1\/wp-content\/uploads\/2022\/10\/DSC_2884-2-600x400.jpg?strip=info&#038;w=1100&#038;ssl=1 1100w\" alt=\"\" data-height=\"733\" data-id=\"17739\" data-link=\"https:\/\/www.cisa-arica.cl\/wp1\/?attachment_id=17739\" data-url=\"https:\/\/www.cisa-arica.cl\/wp1\/wp-content\/uploads\/2022\/10\/DSC_2884-2-600x400.jpg\" data-width=\"1100\" src=\"https:\/\/i0.wp.com\/www.cisa-arica.cl\/wp1\/wp-content\/uploads\/2022\/10\/DSC_2884-2-600x400.jpg?ssl=1\" data-amp-layout=\"responsive\"\/><\/figure><\/div><\/div><div class=\"tiled-gallery__row\"><div class=\"tiled-gallery__col\" style=\"flex-basis:66.75536%\"><figure class=\"tiled-gallery__item\"><img decoding=\"async\" data-attachment-id=\"17740\" data-permalink=\"https:\/\/www.cisa-arica.cl\/wp1\/2022\/10\/21\/feria-cientifica-3\/dsc_2887-2\/\" data-orig-file=\"https:\/\/www.cisa-arica.cl\/wp1\/wp-content\/uploads\/2022\/10\/DSC_2887.jpg\" data-orig-size=\"1100,733\" data-comments-opened=\"0\" data-image-meta=\"{&quot;aperture&quot;:&quot;3.5&quot;,&quot;credit&quot;:&quot;&quot;,&quot;camera&quot;:&quot;NIKON D7100&quot;,&quot;caption&quot;:&quot;&quot;,&quot;created_timestamp&quot;:&quot;1666343942&quot;,&quot;copyright&quot;:&quot;&quot;,&quot;focal_length&quot;:&quot;18&quot;,&quot;iso&quot;:&quot;500&quot;,&quot;shutter_speed&quot;:&quot;0.00625&quot;,&quot;title&quot;:&quot;&quot;,&quot;orientation&quot;:&quot;0&quot;}\" data-image-title=\"DSC_2887\" data-image-description=\"\" data-image-caption=\"\" data-large-file=\"https:\/\/www.cisa-arica.cl\/wp1\/wp-content\/uploads\/2022\/10\/DSC_2887-600x400.jpg\" data-attachment-id=\"17740\" data-permalink=\"https:\/\/www.cisa-arica.cl\/wp1\/2022\/10\/21\/feria-cientifica-3\/dsc_2887-2\/\" data-orig-file=\"https:\/\/www.cisa-arica.cl\/wp1\/wp-content\/uploads\/2022\/10\/DSC_2887.jpg\" data-orig-size=\"1100,733\" data-comments-opened=\"0\" data-image-meta=\"{&quot;aperture&quot;:&quot;3.5&quot;,&quot;credit&quot;:&quot;&quot;,&quot;camera&quot;:&quot;NIKON D7100&quot;,&quot;caption&quot;:&quot;&quot;,&quot;created_timestamp&quot;:&quot;1666343942&quot;,&quot;copyright&quot;:&quot;&quot;,&quot;focal_length&quot;:&quot;18&quot;,&quot;iso&quot;:&quot;500&quot;,&quot;shutter_speed&quot;:&quot;0.00625&quot;,&quot;title&quot;:&quot;&quot;,&quot;orientation&quot;:&quot;0&quot;}\" data-image-title=\"DSC_2887\" data-image-description=\"\" data-image-caption=\"\" data-large-file=\"https:\/\/www.cisa-arica.cl\/wp1\/wp-content\/uploads\/2022\/10\/DSC_2887-600x400.jpg\" role=\"button\" tabindex=\"0\" aria-label=\"Abrir la imagen 56 de 106 en pantalla completa\"srcset=\"https:\/\/i1.wp.com\/www.cisa-arica.cl\/wp1\/wp-content\/uploads\/2022\/10\/DSC_2887-600x400.jpg?strip=info&#038;w=600&#038;ssl=1 600w,https:\/\/i1.wp.com\/www.cisa-arica.cl\/wp1\/wp-content\/uploads\/2022\/10\/DSC_2887-600x400.jpg?strip=info&#038;w=900&#038;ssl=1 900w,https:\/\/i1.wp.com\/www.cisa-arica.cl\/wp1\/wp-content\/uploads\/2022\/10\/DSC_2887-600x400.jpg?strip=info&#038;w=1100&#038;ssl=1 1100w\" alt=\"\" data-height=\"733\" data-id=\"17740\" data-link=\"https:\/\/www.cisa-arica.cl\/wp1\/?attachment_id=17740\" data-url=\"https:\/\/www.cisa-arica.cl\/wp1\/wp-content\/uploads\/2022\/10\/DSC_2887-600x400.jpg\" data-width=\"1100\" src=\"https:\/\/i1.wp.com\/www.cisa-arica.cl\/wp1\/wp-content\/uploads\/2022\/10\/DSC_2887-600x400.jpg?ssl=1\" data-amp-layout=\"responsive\"\/><\/figure><\/div><div class=\"tiled-gallery__col\" style=\"flex-basis:33.24464%\"><figure class=\"tiled-gallery__item\"><img decoding=\"async\" data-attachment-id=\"17741\" data-permalink=\"https:\/\/www.cisa-arica.cl\/wp1\/2022\/10\/21\/feria-cientifica-3\/dsc_2888\/\" data-orig-file=\"https:\/\/www.cisa-arica.cl\/wp1\/wp-content\/uploads\/2022\/10\/DSC_2888.jpg\" data-orig-size=\"1100,733\" data-comments-opened=\"0\" data-image-meta=\"{&quot;aperture&quot;:&quot;3.5&quot;,&quot;credit&quot;:&quot;&quot;,&quot;camera&quot;:&quot;NIKON D7100&quot;,&quot;caption&quot;:&quot;&quot;,&quot;created_timestamp&quot;:&quot;1666343972&quot;,&quot;copyright&quot;:&quot;&quot;,&quot;focal_length&quot;:&quot;18&quot;,&quot;iso&quot;:&quot;500&quot;,&quot;shutter_speed&quot;:&quot;0.001&quot;,&quot;title&quot;:&quot;&quot;,&quot;orientation&quot;:&quot;0&quot;}\" data-image-title=\"DSC_2888\" data-image-description=\"\" data-image-caption=\"\" data-large-file=\"https:\/\/www.cisa-arica.cl\/wp1\/wp-content\/uploads\/2022\/10\/DSC_2888-600x400.jpg\" data-attachment-id=\"17741\" data-permalink=\"https:\/\/www.cisa-arica.cl\/wp1\/2022\/10\/21\/feria-cientifica-3\/dsc_2888\/\" data-orig-file=\"https:\/\/www.cisa-arica.cl\/wp1\/wp-content\/uploads\/2022\/10\/DSC_2888.jpg\" data-orig-size=\"1100,733\" data-comments-opened=\"0\" data-image-meta=\"{&quot;aperture&quot;:&quot;3.5&quot;,&quot;credit&quot;:&quot;&quot;,&quot;camera&quot;:&quot;NIKON D7100&quot;,&quot;caption&quot;:&quot;&quot;,&quot;created_timestamp&quot;:&quot;1666343972&quot;,&quot;copyright&quot;:&quot;&quot;,&quot;focal_length&quot;:&quot;18&quot;,&quot;iso&quot;:&quot;500&quot;,&quot;shutter_speed&quot;:&quot;0.001&quot;,&quot;title&quot;:&quot;&quot;,&quot;orientation&quot;:&quot;0&quot;}\" data-image-title=\"DSC_2888\" data-image-description=\"\" data-image-caption=\"\" data-large-file=\"https:\/\/www.cisa-arica.cl\/wp1\/wp-content\/uploads\/2022\/10\/DSC_2888-600x400.jpg\" role=\"button\" tabindex=\"0\" aria-label=\"Abrir la imagen 57 de 106 en pantalla completa\"srcset=\"https:\/\/i0.wp.com\/www.cisa-arica.cl\/wp1\/wp-content\/uploads\/2022\/10\/DSC_2888-600x400.jpg?strip=info&#038;w=600&#038;ssl=1 600w,https:\/\/i0.wp.com\/www.cisa-arica.cl\/wp1\/wp-content\/uploads\/2022\/10\/DSC_2888-600x400.jpg?strip=info&#038;w=900&#038;ssl=1 900w,https:\/\/i0.wp.com\/www.cisa-arica.cl\/wp1\/wp-content\/uploads\/2022\/10\/DSC_2888-600x400.jpg?strip=info&#038;w=1100&#038;ssl=1 1100w\" alt=\"\" data-height=\"733\" data-id=\"17741\" data-link=\"https:\/\/www.cisa-arica.cl\/wp1\/?attachment_id=17741\" data-url=\"https:\/\/www.cisa-arica.cl\/wp1\/wp-content\/uploads\/2022\/10\/DSC_2888-600x400.jpg\" data-width=\"1100\" src=\"https:\/\/i0.wp.com\/www.cisa-arica.cl\/wp1\/wp-content\/uploads\/2022\/10\/DSC_2888-600x400.jpg?ssl=1\" data-amp-layout=\"responsive\"\/><\/figure><figure class=\"tiled-gallery__item\"><img decoding=\"async\" data-attachment-id=\"17742\" data-permalink=\"https:\/\/www.cisa-arica.cl\/wp1\/2022\/10\/21\/feria-cientifica-3\/dsc_2892\/\" data-orig-file=\"https:\/\/www.cisa-arica.cl\/wp1\/wp-content\/uploads\/2022\/10\/DSC_2892.jpg\" data-orig-size=\"1100,733\" data-comments-opened=\"0\" data-image-meta=\"{&quot;aperture&quot;:&quot;4&quot;,&quot;credit&quot;:&quot;&quot;,&quot;camera&quot;:&quot;NIKON D7100&quot;,&quot;caption&quot;:&quot;&quot;,&quot;created_timestamp&quot;:&quot;1666344057&quot;,&quot;copyright&quot;:&quot;&quot;,&quot;focal_length&quot;:&quot;25&quot;,&quot;iso&quot;:&quot;500&quot;,&quot;shutter_speed&quot;:&quot;0.001&quot;,&quot;title&quot;:&quot;&quot;,&quot;orientation&quot;:&quot;0&quot;}\" data-image-title=\"DSC_2892\" data-image-description=\"\" data-image-caption=\"\" data-large-file=\"https:\/\/www.cisa-arica.cl\/wp1\/wp-content\/uploads\/2022\/10\/DSC_2892-600x400.jpg\" data-attachment-id=\"17742\" data-permalink=\"https:\/\/www.cisa-arica.cl\/wp1\/2022\/10\/21\/feria-cientifica-3\/dsc_2892\/\" data-orig-file=\"https:\/\/www.cisa-arica.cl\/wp1\/wp-content\/uploads\/2022\/10\/DSC_2892.jpg\" data-orig-size=\"1100,733\" data-comments-opened=\"0\" data-image-meta=\"{&quot;aperture&quot;:&quot;4&quot;,&quot;credit&quot;:&quot;&quot;,&quot;camera&quot;:&quot;NIKON D7100&quot;,&quot;caption&quot;:&quot;&quot;,&quot;created_timestamp&quot;:&quot;1666344057&quot;,&quot;copyright&quot;:&quot;&quot;,&quot;focal_length&quot;:&quot;25&quot;,&quot;iso&quot;:&quot;500&quot;,&quot;shutter_speed&quot;:&quot;0.001&quot;,&quot;title&quot;:&quot;&quot;,&quot;orientation&quot;:&quot;0&quot;}\" data-image-title=\"DSC_2892\" data-image-description=\"\" data-image-caption=\"\" data-large-file=\"https:\/\/www.cisa-arica.cl\/wp1\/wp-content\/uploads\/2022\/10\/DSC_2892-600x400.jpg\" role=\"button\" tabindex=\"0\" aria-label=\"Abrir la imagen 58 de 106 en pantalla completa\"srcset=\"https:\/\/i0.wp.com\/www.cisa-arica.cl\/wp1\/wp-content\/uploads\/2022\/10\/DSC_2892-600x400.jpg?strip=info&#038;w=600&#038;ssl=1 600w,https:\/\/i0.wp.com\/www.cisa-arica.cl\/wp1\/wp-content\/uploads\/2022\/10\/DSC_2892-600x400.jpg?strip=info&#038;w=900&#038;ssl=1 900w,https:\/\/i0.wp.com\/www.cisa-arica.cl\/wp1\/wp-content\/uploads\/2022\/10\/DSC_2892-600x400.jpg?strip=info&#038;w=1100&#038;ssl=1 1100w\" alt=\"\" data-height=\"733\" data-id=\"17742\" data-link=\"https:\/\/www.cisa-arica.cl\/wp1\/?attachment_id=17742\" data-url=\"https:\/\/www.cisa-arica.cl\/wp1\/wp-content\/uploads\/2022\/10\/DSC_2892-600x400.jpg\" data-width=\"1100\" src=\"https:\/\/i0.wp.com\/www.cisa-arica.cl\/wp1\/wp-content\/uploads\/2022\/10\/DSC_2892-600x400.jpg?ssl=1\" data-amp-layout=\"responsive\"\/><\/figure><\/div><\/div><div class=\"tiled-gallery__row\"><div class=\"tiled-gallery__col\" style=\"flex-basis:33.33333%\"><figure class=\"tiled-gallery__item\"><img decoding=\"async\" data-attachment-id=\"17743\" data-permalink=\"https:\/\/www.cisa-arica.cl\/wp1\/2022\/10\/21\/feria-cientifica-3\/dsc_2893\/\" data-orig-file=\"https:\/\/www.cisa-arica.cl\/wp1\/wp-content\/uploads\/2022\/10\/DSC_2893.jpg\" data-orig-size=\"1100,733\" data-comments-opened=\"0\" data-image-meta=\"{&quot;aperture&quot;:&quot;3.5&quot;,&quot;credit&quot;:&quot;&quot;,&quot;camera&quot;:&quot;NIKON D7100&quot;,&quot;caption&quot;:&quot;&quot;,&quot;created_timestamp&quot;:&quot;1666344110&quot;,&quot;copyright&quot;:&quot;&quot;,&quot;focal_length&quot;:&quot;18&quot;,&quot;iso&quot;:&quot;500&quot;,&quot;shutter_speed&quot;:&quot;0.001&quot;,&quot;title&quot;:&quot;&quot;,&quot;orientation&quot;:&quot;0&quot;}\" data-image-title=\"DSC_2893\" data-image-description=\"\" data-image-caption=\"\" data-large-file=\"https:\/\/www.cisa-arica.cl\/wp1\/wp-content\/uploads\/2022\/10\/DSC_2893-600x400.jpg\" data-attachment-id=\"17743\" data-permalink=\"https:\/\/www.cisa-arica.cl\/wp1\/2022\/10\/21\/feria-cientifica-3\/dsc_2893\/\" data-orig-file=\"https:\/\/www.cisa-arica.cl\/wp1\/wp-content\/uploads\/2022\/10\/DSC_2893.jpg\" data-orig-size=\"1100,733\" data-comments-opened=\"0\" data-image-meta=\"{&quot;aperture&quot;:&quot;3.5&quot;,&quot;credit&quot;:&quot;&quot;,&quot;camera&quot;:&quot;NIKON D7100&quot;,&quot;caption&quot;:&quot;&quot;,&quot;created_timestamp&quot;:&quot;1666344110&quot;,&quot;copyright&quot;:&quot;&quot;,&quot;focal_length&quot;:&quot;18&quot;,&quot;iso&quot;:&quot;500&quot;,&quot;shutter_speed&quot;:&quot;0.001&quot;,&quot;title&quot;:&quot;&quot;,&quot;orientation&quot;:&quot;0&quot;}\" data-image-title=\"DSC_2893\" data-image-description=\"\" data-image-caption=\"\" data-large-file=\"https:\/\/www.cisa-arica.cl\/wp1\/wp-content\/uploads\/2022\/10\/DSC_2893-600x400.jpg\" role=\"button\" tabindex=\"0\" aria-label=\"Abrir la imagen 59 de 106 en pantalla completa\"srcset=\"https:\/\/i1.wp.com\/www.cisa-arica.cl\/wp1\/wp-content\/uploads\/2022\/10\/DSC_2893-600x400.jpg?strip=info&#038;w=600&#038;ssl=1 600w,https:\/\/i1.wp.com\/www.cisa-arica.cl\/wp1\/wp-content\/uploads\/2022\/10\/DSC_2893-600x400.jpg?strip=info&#038;w=900&#038;ssl=1 900w,https:\/\/i1.wp.com\/www.cisa-arica.cl\/wp1\/wp-content\/uploads\/2022\/10\/DSC_2893-600x400.jpg?strip=info&#038;w=1100&#038;ssl=1 1100w\" alt=\"\" data-height=\"733\" data-id=\"17743\" data-link=\"https:\/\/www.cisa-arica.cl\/wp1\/?attachment_id=17743\" data-url=\"https:\/\/www.cisa-arica.cl\/wp1\/wp-content\/uploads\/2022\/10\/DSC_2893-600x400.jpg\" data-width=\"1100\" src=\"https:\/\/i1.wp.com\/www.cisa-arica.cl\/wp1\/wp-content\/uploads\/2022\/10\/DSC_2893-600x400.jpg?ssl=1\" data-amp-layout=\"responsive\"\/><\/figure><\/div><div class=\"tiled-gallery__col\" style=\"flex-basis:33.33333%\"><figure class=\"tiled-gallery__item\"><img decoding=\"async\" data-attachment-id=\"17744\" data-permalink=\"https:\/\/www.cisa-arica.cl\/wp1\/2022\/10\/21\/feria-cientifica-3\/dsc_2898\/\" data-orig-file=\"https:\/\/www.cisa-arica.cl\/wp1\/wp-content\/uploads\/2022\/10\/DSC_2898.jpg\" data-orig-size=\"1100,733\" data-comments-opened=\"0\" data-image-meta=\"{&quot;aperture&quot;:&quot;4&quot;,&quot;credit&quot;:&quot;&quot;,&quot;camera&quot;:&quot;NIKON D7100&quot;,&quot;caption&quot;:&quot;&quot;,&quot;created_timestamp&quot;:&quot;1666344173&quot;,&quot;copyright&quot;:&quot;&quot;,&quot;focal_length&quot;:&quot;26&quot;,&quot;iso&quot;:&quot;500&quot;,&quot;shutter_speed&quot;:&quot;0.001&quot;,&quot;title&quot;:&quot;&quot;,&quot;orientation&quot;:&quot;0&quot;}\" data-image-title=\"DSC_2898\" data-image-description=\"\" data-image-caption=\"\" data-large-file=\"https:\/\/www.cisa-arica.cl\/wp1\/wp-content\/uploads\/2022\/10\/DSC_2898-600x400.jpg\" data-attachment-id=\"17744\" data-permalink=\"https:\/\/www.cisa-arica.cl\/wp1\/2022\/10\/21\/feria-cientifica-3\/dsc_2898\/\" data-orig-file=\"https:\/\/www.cisa-arica.cl\/wp1\/wp-content\/uploads\/2022\/10\/DSC_2898.jpg\" data-orig-size=\"1100,733\" data-comments-opened=\"0\" data-image-meta=\"{&quot;aperture&quot;:&quot;4&quot;,&quot;credit&quot;:&quot;&quot;,&quot;camera&quot;:&quot;NIKON D7100&quot;,&quot;caption&quot;:&quot;&quot;,&quot;created_timestamp&quot;:&quot;1666344173&quot;,&quot;copyright&quot;:&quot;&quot;,&quot;focal_length&quot;:&quot;26&quot;,&quot;iso&quot;:&quot;500&quot;,&quot;shutter_speed&quot;:&quot;0.001&quot;,&quot;title&quot;:&quot;&quot;,&quot;orientation&quot;:&quot;0&quot;}\" data-image-title=\"DSC_2898\" data-image-description=\"\" data-image-caption=\"\" data-large-file=\"https:\/\/www.cisa-arica.cl\/wp1\/wp-content\/uploads\/2022\/10\/DSC_2898-600x400.jpg\" role=\"button\" tabindex=\"0\" aria-label=\"Abrir la imagen 60 de 106 en pantalla completa\"srcset=\"https:\/\/i0.wp.com\/www.cisa-arica.cl\/wp1\/wp-content\/uploads\/2022\/10\/DSC_2898-600x400.jpg?strip=info&#038;w=600&#038;ssl=1 600w,https:\/\/i0.wp.com\/www.cisa-arica.cl\/wp1\/wp-content\/uploads\/2022\/10\/DSC_2898-600x400.jpg?strip=info&#038;w=900&#038;ssl=1 900w,https:\/\/i0.wp.com\/www.cisa-arica.cl\/wp1\/wp-content\/uploads\/2022\/10\/DSC_2898-600x400.jpg?strip=info&#038;w=1100&#038;ssl=1 1100w\" alt=\"\" data-height=\"733\" data-id=\"17744\" data-link=\"https:\/\/www.cisa-arica.cl\/wp1\/?attachment_id=17744\" data-url=\"https:\/\/www.cisa-arica.cl\/wp1\/wp-content\/uploads\/2022\/10\/DSC_2898-600x400.jpg\" data-width=\"1100\" src=\"https:\/\/i0.wp.com\/www.cisa-arica.cl\/wp1\/wp-content\/uploads\/2022\/10\/DSC_2898-600x400.jpg?ssl=1\" data-amp-layout=\"responsive\"\/><\/figure><\/div><div class=\"tiled-gallery__col\" style=\"flex-basis:33.33333%\"><figure class=\"tiled-gallery__item\"><img decoding=\"async\" data-attachment-id=\"17745\" data-permalink=\"https:\/\/www.cisa-arica.cl\/wp1\/2022\/10\/21\/feria-cientifica-3\/dsc_2901-2\/\" data-orig-file=\"https:\/\/www.cisa-arica.cl\/wp1\/wp-content\/uploads\/2022\/10\/DSC_2901.jpg\" data-orig-size=\"1100,733\" data-comments-opened=\"0\" data-image-meta=\"{&quot;aperture&quot;:&quot;4.5&quot;,&quot;credit&quot;:&quot;&quot;,&quot;camera&quot;:&quot;NIKON D7100&quot;,&quot;caption&quot;:&quot;&quot;,&quot;created_timestamp&quot;:&quot;1666344227&quot;,&quot;copyright&quot;:&quot;&quot;,&quot;focal_length&quot;:&quot;35&quot;,&quot;iso&quot;:&quot;500&quot;,&quot;shutter_speed&quot;:&quot;0.001&quot;,&quot;title&quot;:&quot;&quot;,&quot;orientation&quot;:&quot;0&quot;}\" data-image-title=\"DSC_2901\" data-image-description=\"\" data-image-caption=\"\" data-large-file=\"https:\/\/www.cisa-arica.cl\/wp1\/wp-content\/uploads\/2022\/10\/DSC_2901-600x400.jpg\" data-attachment-id=\"17745\" data-permalink=\"https:\/\/www.cisa-arica.cl\/wp1\/2022\/10\/21\/feria-cientifica-3\/dsc_2901-2\/\" data-orig-file=\"https:\/\/www.cisa-arica.cl\/wp1\/wp-content\/uploads\/2022\/10\/DSC_2901.jpg\" data-orig-size=\"1100,733\" data-comments-opened=\"0\" data-image-meta=\"{&quot;aperture&quot;:&quot;4.5&quot;,&quot;credit&quot;:&quot;&quot;,&quot;camera&quot;:&quot;NIKON D7100&quot;,&quot;caption&quot;:&quot;&quot;,&quot;created_timestamp&quot;:&quot;1666344227&quot;,&quot;copyright&quot;:&quot;&quot;,&quot;focal_length&quot;:&quot;35&quot;,&quot;iso&quot;:&quot;500&quot;,&quot;shutter_speed&quot;:&quot;0.001&quot;,&quot;title&quot;:&quot;&quot;,&quot;orientation&quot;:&quot;0&quot;}\" data-image-title=\"DSC_2901\" data-image-description=\"\" data-image-caption=\"\" data-large-file=\"https:\/\/www.cisa-arica.cl\/wp1\/wp-content\/uploads\/2022\/10\/DSC_2901-600x400.jpg\" role=\"button\" tabindex=\"0\" aria-label=\"Abrir la imagen 61 de 106 en pantalla completa\"srcset=\"https:\/\/i0.wp.com\/www.cisa-arica.cl\/wp1\/wp-content\/uploads\/2022\/10\/DSC_2901-600x400.jpg?strip=info&#038;w=600&#038;ssl=1 600w,https:\/\/i0.wp.com\/www.cisa-arica.cl\/wp1\/wp-content\/uploads\/2022\/10\/DSC_2901-600x400.jpg?strip=info&#038;w=900&#038;ssl=1 900w,https:\/\/i0.wp.com\/www.cisa-arica.cl\/wp1\/wp-content\/uploads\/2022\/10\/DSC_2901-600x400.jpg?strip=info&#038;w=1100&#038;ssl=1 1100w\" alt=\"\" data-height=\"733\" data-id=\"17745\" data-link=\"https:\/\/www.cisa-arica.cl\/wp1\/?attachment_id=17745\" data-url=\"https:\/\/www.cisa-arica.cl\/wp1\/wp-content\/uploads\/2022\/10\/DSC_2901-600x400.jpg\" data-width=\"1100\" src=\"https:\/\/i0.wp.com\/www.cisa-arica.cl\/wp1\/wp-content\/uploads\/2022\/10\/DSC_2901-600x400.jpg?ssl=1\" data-amp-layout=\"responsive\"\/><\/figure><\/div><\/div><div class=\"tiled-gallery__row\"><div class=\"tiled-gallery__col\" style=\"flex-basis:33.24464%\"><figure class=\"tiled-gallery__item\"><img decoding=\"async\" data-attachment-id=\"17746\" data-permalink=\"https:\/\/www.cisa-arica.cl\/wp1\/2022\/10\/21\/feria-cientifica-3\/dsc_2903\/\" data-orig-file=\"https:\/\/www.cisa-arica.cl\/wp1\/wp-content\/uploads\/2022\/10\/DSC_2903.jpg\" data-orig-size=\"1100,733\" data-comments-opened=\"0\" data-image-meta=\"{&quot;aperture&quot;:&quot;3.8&quot;,&quot;credit&quot;:&quot;&quot;,&quot;camera&quot;:&quot;NIKON D7100&quot;,&quot;caption&quot;:&quot;&quot;,&quot;created_timestamp&quot;:&quot;1666344444&quot;,&quot;copyright&quot;:&quot;&quot;,&quot;focal_length&quot;:&quot;22&quot;,&quot;iso&quot;:&quot;400&quot;,&quot;shutter_speed&quot;:&quot;0.0004&quot;,&quot;title&quot;:&quot;&quot;,&quot;orientation&quot;:&quot;0&quot;}\" data-image-title=\"DSC_2903\" data-image-description=\"\" data-image-caption=\"\" data-large-file=\"https:\/\/www.cisa-arica.cl\/wp1\/wp-content\/uploads\/2022\/10\/DSC_2903-600x400.jpg\" data-attachment-id=\"17746\" data-permalink=\"https:\/\/www.cisa-arica.cl\/wp1\/2022\/10\/21\/feria-cientifica-3\/dsc_2903\/\" data-orig-file=\"https:\/\/www.cisa-arica.cl\/wp1\/wp-content\/uploads\/2022\/10\/DSC_2903.jpg\" data-orig-size=\"1100,733\" data-comments-opened=\"0\" data-image-meta=\"{&quot;aperture&quot;:&quot;3.8&quot;,&quot;credit&quot;:&quot;&quot;,&quot;camera&quot;:&quot;NIKON D7100&quot;,&quot;caption&quot;:&quot;&quot;,&quot;created_timestamp&quot;:&quot;1666344444&quot;,&quot;copyright&quot;:&quot;&quot;,&quot;focal_length&quot;:&quot;22&quot;,&quot;iso&quot;:&quot;400&quot;,&quot;shutter_speed&quot;:&quot;0.0004&quot;,&quot;title&quot;:&quot;&quot;,&quot;orientation&quot;:&quot;0&quot;}\" data-image-title=\"DSC_2903\" data-image-description=\"\" data-image-caption=\"\" data-large-file=\"https:\/\/www.cisa-arica.cl\/wp1\/wp-content\/uploads\/2022\/10\/DSC_2903-600x400.jpg\" role=\"button\" tabindex=\"0\" aria-label=\"Abrir la imagen 62 de 106 en pantalla completa\"srcset=\"https:\/\/i2.wp.com\/www.cisa-arica.cl\/wp1\/wp-content\/uploads\/2022\/10\/DSC_2903-600x400.jpg?strip=info&#038;w=600&#038;ssl=1 600w,https:\/\/i2.wp.com\/www.cisa-arica.cl\/wp1\/wp-content\/uploads\/2022\/10\/DSC_2903-600x400.jpg?strip=info&#038;w=900&#038;ssl=1 900w,https:\/\/i2.wp.com\/www.cisa-arica.cl\/wp1\/wp-content\/uploads\/2022\/10\/DSC_2903-600x400.jpg?strip=info&#038;w=1100&#038;ssl=1 1100w\" alt=\"\" data-height=\"733\" data-id=\"17746\" data-link=\"https:\/\/www.cisa-arica.cl\/wp1\/?attachment_id=17746\" data-url=\"https:\/\/www.cisa-arica.cl\/wp1\/wp-content\/uploads\/2022\/10\/DSC_2903-600x400.jpg\" data-width=\"1100\" src=\"https:\/\/i2.wp.com\/www.cisa-arica.cl\/wp1\/wp-content\/uploads\/2022\/10\/DSC_2903-600x400.jpg?ssl=1\" data-amp-layout=\"responsive\"\/><\/figure><figure class=\"tiled-gallery__item\"><img decoding=\"async\" data-attachment-id=\"17747\" data-permalink=\"https:\/\/www.cisa-arica.cl\/wp1\/2022\/10\/21\/feria-cientifica-3\/dsc_2909\/\" data-orig-file=\"https:\/\/www.cisa-arica.cl\/wp1\/wp-content\/uploads\/2022\/10\/DSC_2909.jpg\" data-orig-size=\"1100,733\" data-comments-opened=\"0\" data-image-meta=\"{&quot;aperture&quot;:&quot;3.5&quot;,&quot;credit&quot;:&quot;&quot;,&quot;camera&quot;:&quot;NIKON D7100&quot;,&quot;caption&quot;:&quot;&quot;,&quot;created_timestamp&quot;:&quot;1666344544&quot;,&quot;copyright&quot;:&quot;&quot;,&quot;focal_length&quot;:&quot;18&quot;,&quot;iso&quot;:&quot;2500&quot;,&quot;shutter_speed&quot;:&quot;0.0003125&quot;,&quot;title&quot;:&quot;&quot;,&quot;orientation&quot;:&quot;0&quot;}\" data-image-title=\"DSC_2909\" data-image-description=\"\" data-image-caption=\"\" data-large-file=\"https:\/\/www.cisa-arica.cl\/wp1\/wp-content\/uploads\/2022\/10\/DSC_2909-600x400.jpg\" data-attachment-id=\"17747\" data-permalink=\"https:\/\/www.cisa-arica.cl\/wp1\/2022\/10\/21\/feria-cientifica-3\/dsc_2909\/\" data-orig-file=\"https:\/\/www.cisa-arica.cl\/wp1\/wp-content\/uploads\/2022\/10\/DSC_2909.jpg\" data-orig-size=\"1100,733\" data-comments-opened=\"0\" data-image-meta=\"{&quot;aperture&quot;:&quot;3.5&quot;,&quot;credit&quot;:&quot;&quot;,&quot;camera&quot;:&quot;NIKON D7100&quot;,&quot;caption&quot;:&quot;&quot;,&quot;created_timestamp&quot;:&quot;1666344544&quot;,&quot;copyright&quot;:&quot;&quot;,&quot;focal_length&quot;:&quot;18&quot;,&quot;iso&quot;:&quot;2500&quot;,&quot;shutter_speed&quot;:&quot;0.0003125&quot;,&quot;title&quot;:&quot;&quot;,&quot;orientation&quot;:&quot;0&quot;}\" data-image-title=\"DSC_2909\" data-image-description=\"\" data-image-caption=\"\" data-large-file=\"https:\/\/www.cisa-arica.cl\/wp1\/wp-content\/uploads\/2022\/10\/DSC_2909-600x400.jpg\" role=\"button\" tabindex=\"0\" aria-label=\"Abrir la imagen 63 de 106 en pantalla completa\"srcset=\"https:\/\/i0.wp.com\/www.cisa-arica.cl\/wp1\/wp-content\/uploads\/2022\/10\/DSC_2909-600x400.jpg?strip=info&#038;w=600&#038;ssl=1 600w,https:\/\/i0.wp.com\/www.cisa-arica.cl\/wp1\/wp-content\/uploads\/2022\/10\/DSC_2909-600x400.jpg?strip=info&#038;w=900&#038;ssl=1 900w,https:\/\/i0.wp.com\/www.cisa-arica.cl\/wp1\/wp-content\/uploads\/2022\/10\/DSC_2909-600x400.jpg?strip=info&#038;w=1100&#038;ssl=1 1100w\" alt=\"\" data-height=\"733\" data-id=\"17747\" data-link=\"https:\/\/www.cisa-arica.cl\/wp1\/?attachment_id=17747\" data-url=\"https:\/\/www.cisa-arica.cl\/wp1\/wp-content\/uploads\/2022\/10\/DSC_2909-600x400.jpg\" data-width=\"1100\" src=\"https:\/\/i0.wp.com\/www.cisa-arica.cl\/wp1\/wp-content\/uploads\/2022\/10\/DSC_2909-600x400.jpg?ssl=1\" data-amp-layout=\"responsive\"\/><\/figure><\/div><div class=\"tiled-gallery__col\" style=\"flex-basis:66.75536%\"><figure class=\"tiled-gallery__item\"><img decoding=\"async\" data-attachment-id=\"17748\" data-permalink=\"https:\/\/www.cisa-arica.cl\/wp1\/2022\/10\/21\/feria-cientifica-3\/dsc_2910\/\" data-orig-file=\"https:\/\/www.cisa-arica.cl\/wp1\/wp-content\/uploads\/2022\/10\/DSC_2910.jpg\" data-orig-size=\"1100,733\" data-comments-opened=\"0\" data-image-meta=\"{&quot;aperture&quot;:&quot;3.5&quot;,&quot;credit&quot;:&quot;&quot;,&quot;camera&quot;:&quot;NIKON D7100&quot;,&quot;caption&quot;:&quot;&quot;,&quot;created_timestamp&quot;:&quot;1666344706&quot;,&quot;copyright&quot;:&quot;&quot;,&quot;focal_length&quot;:&quot;18&quot;,&quot;iso&quot;:&quot;2500&quot;,&quot;shutter_speed&quot;:&quot;0.0003125&quot;,&quot;title&quot;:&quot;&quot;,&quot;orientation&quot;:&quot;0&quot;}\" data-image-title=\"DSC_2910\" data-image-description=\"\" data-image-caption=\"\" data-large-file=\"https:\/\/www.cisa-arica.cl\/wp1\/wp-content\/uploads\/2022\/10\/DSC_2910-600x400.jpg\" data-attachment-id=\"17748\" data-permalink=\"https:\/\/www.cisa-arica.cl\/wp1\/2022\/10\/21\/feria-cientifica-3\/dsc_2910\/\" data-orig-file=\"https:\/\/www.cisa-arica.cl\/wp1\/wp-content\/uploads\/2022\/10\/DSC_2910.jpg\" data-orig-size=\"1100,733\" data-comments-opened=\"0\" data-image-meta=\"{&quot;aperture&quot;:&quot;3.5&quot;,&quot;credit&quot;:&quot;&quot;,&quot;camera&quot;:&quot;NIKON D7100&quot;,&quot;caption&quot;:&quot;&quot;,&quot;created_timestamp&quot;:&quot;1666344706&quot;,&quot;copyright&quot;:&quot;&quot;,&quot;focal_length&quot;:&quot;18&quot;,&quot;iso&quot;:&quot;2500&quot;,&quot;shutter_speed&quot;:&quot;0.0003125&quot;,&quot;title&quot;:&quot;&quot;,&quot;orientation&quot;:&quot;0&quot;}\" data-image-title=\"DSC_2910\" data-image-description=\"\" data-image-caption=\"\" data-large-file=\"https:\/\/www.cisa-arica.cl\/wp1\/wp-content\/uploads\/2022\/10\/DSC_2910-600x400.jpg\" role=\"button\" tabindex=\"0\" aria-label=\"Abrir la imagen 64 de 106 en pantalla completa\"srcset=\"https:\/\/i1.wp.com\/www.cisa-arica.cl\/wp1\/wp-content\/uploads\/2022\/10\/DSC_2910-600x400.jpg?strip=info&#038;w=600&#038;ssl=1 600w,https:\/\/i1.wp.com\/www.cisa-arica.cl\/wp1\/wp-content\/uploads\/2022\/10\/DSC_2910-600x400.jpg?strip=info&#038;w=900&#038;ssl=1 900w,https:\/\/i1.wp.com\/www.cisa-arica.cl\/wp1\/wp-content\/uploads\/2022\/10\/DSC_2910-600x400.jpg?strip=info&#038;w=1100&#038;ssl=1 1100w\" alt=\"\" data-height=\"733\" data-id=\"17748\" data-link=\"https:\/\/www.cisa-arica.cl\/wp1\/?attachment_id=17748\" data-url=\"https:\/\/www.cisa-arica.cl\/wp1\/wp-content\/uploads\/2022\/10\/DSC_2910-600x400.jpg\" data-width=\"1100\" src=\"https:\/\/i1.wp.com\/www.cisa-arica.cl\/wp1\/wp-content\/uploads\/2022\/10\/DSC_2910-600x400.jpg?ssl=1\" data-amp-layout=\"responsive\"\/><\/figure><\/div><\/div><div class=\"tiled-gallery__row\"><div class=\"tiled-gallery__col\" style=\"flex-basis:50.00000%\"><figure class=\"tiled-gallery__item\"><img decoding=\"async\" data-attachment-id=\"17749\" data-permalink=\"https:\/\/www.cisa-arica.cl\/wp1\/2022\/10\/21\/feria-cientifica-3\/dsc_2915\/\" data-orig-file=\"https:\/\/www.cisa-arica.cl\/wp1\/wp-content\/uploads\/2022\/10\/DSC_2915.jpg\" data-orig-size=\"1100,733\" data-comments-opened=\"0\" data-image-meta=\"{&quot;aperture&quot;:&quot;3.5&quot;,&quot;credit&quot;:&quot;&quot;,&quot;camera&quot;:&quot;NIKON D7100&quot;,&quot;caption&quot;:&quot;&quot;,&quot;created_timestamp&quot;:&quot;1666344778&quot;,&quot;copyright&quot;:&quot;&quot;,&quot;focal_length&quot;:&quot;18&quot;,&quot;iso&quot;:&quot;2500&quot;,&quot;shutter_speed&quot;:&quot;0.001&quot;,&quot;title&quot;:&quot;&quot;,&quot;orientation&quot;:&quot;0&quot;}\" data-image-title=\"DSC_2915\" data-image-description=\"\" data-image-caption=\"\" data-large-file=\"https:\/\/www.cisa-arica.cl\/wp1\/wp-content\/uploads\/2022\/10\/DSC_2915-600x400.jpg\" data-attachment-id=\"17749\" data-permalink=\"https:\/\/www.cisa-arica.cl\/wp1\/2022\/10\/21\/feria-cientifica-3\/dsc_2915\/\" data-orig-file=\"https:\/\/www.cisa-arica.cl\/wp1\/wp-content\/uploads\/2022\/10\/DSC_2915.jpg\" data-orig-size=\"1100,733\" data-comments-opened=\"0\" data-image-meta=\"{&quot;aperture&quot;:&quot;3.5&quot;,&quot;credit&quot;:&quot;&quot;,&quot;camera&quot;:&quot;NIKON D7100&quot;,&quot;caption&quot;:&quot;&quot;,&quot;created_timestamp&quot;:&quot;1666344778&quot;,&quot;copyright&quot;:&quot;&quot;,&quot;focal_length&quot;:&quot;18&quot;,&quot;iso&quot;:&quot;2500&quot;,&quot;shutter_speed&quot;:&quot;0.001&quot;,&quot;title&quot;:&quot;&quot;,&quot;orientation&quot;:&quot;0&quot;}\" data-image-title=\"DSC_2915\" data-image-description=\"\" data-image-caption=\"\" data-large-file=\"https:\/\/www.cisa-arica.cl\/wp1\/wp-content\/uploads\/2022\/10\/DSC_2915-600x400.jpg\" role=\"button\" tabindex=\"0\" aria-label=\"Abrir la imagen 65 de 106 en pantalla completa\"srcset=\"https:\/\/i1.wp.com\/www.cisa-arica.cl\/wp1\/wp-content\/uploads\/2022\/10\/DSC_2915-600x400.jpg?strip=info&#038;w=600&#038;ssl=1 600w,https:\/\/i1.wp.com\/www.cisa-arica.cl\/wp1\/wp-content\/uploads\/2022\/10\/DSC_2915-600x400.jpg?strip=info&#038;w=900&#038;ssl=1 900w,https:\/\/i1.wp.com\/www.cisa-arica.cl\/wp1\/wp-content\/uploads\/2022\/10\/DSC_2915-600x400.jpg?strip=info&#038;w=1100&#038;ssl=1 1100w\" alt=\"\" data-height=\"733\" data-id=\"17749\" data-link=\"https:\/\/www.cisa-arica.cl\/wp1\/?attachment_id=17749\" data-url=\"https:\/\/www.cisa-arica.cl\/wp1\/wp-content\/uploads\/2022\/10\/DSC_2915-600x400.jpg\" data-width=\"1100\" src=\"https:\/\/i1.wp.com\/www.cisa-arica.cl\/wp1\/wp-content\/uploads\/2022\/10\/DSC_2915-600x400.jpg?ssl=1\" data-amp-layout=\"responsive\"\/><\/figure><\/div><div class=\"tiled-gallery__col\" style=\"flex-basis:50.00000%\"><figure class=\"tiled-gallery__item\"><img decoding=\"async\" data-attachment-id=\"17750\" data-permalink=\"https:\/\/www.cisa-arica.cl\/wp1\/2022\/10\/21\/feria-cientifica-3\/dsc_2917\/\" data-orig-file=\"https:\/\/www.cisa-arica.cl\/wp1\/wp-content\/uploads\/2022\/10\/DSC_2917.jpg\" data-orig-size=\"1100,733\" data-comments-opened=\"0\" data-image-meta=\"{&quot;aperture&quot;:&quot;3.5&quot;,&quot;credit&quot;:&quot;&quot;,&quot;camera&quot;:&quot;NIKON D7100&quot;,&quot;caption&quot;:&quot;&quot;,&quot;created_timestamp&quot;:&quot;1666344831&quot;,&quot;copyright&quot;:&quot;&quot;,&quot;focal_length&quot;:&quot;18&quot;,&quot;iso&quot;:&quot;2500&quot;,&quot;shutter_speed&quot;:&quot;0.001&quot;,&quot;title&quot;:&quot;&quot;,&quot;orientation&quot;:&quot;0&quot;}\" data-image-title=\"DSC_2917\" data-image-description=\"\" data-image-caption=\"\" data-large-file=\"https:\/\/www.cisa-arica.cl\/wp1\/wp-content\/uploads\/2022\/10\/DSC_2917-600x400.jpg\" data-attachment-id=\"17750\" data-permalink=\"https:\/\/www.cisa-arica.cl\/wp1\/2022\/10\/21\/feria-cientifica-3\/dsc_2917\/\" data-orig-file=\"https:\/\/www.cisa-arica.cl\/wp1\/wp-content\/uploads\/2022\/10\/DSC_2917.jpg\" data-orig-size=\"1100,733\" data-comments-opened=\"0\" data-image-meta=\"{&quot;aperture&quot;:&quot;3.5&quot;,&quot;credit&quot;:&quot;&quot;,&quot;camera&quot;:&quot;NIKON D7100&quot;,&quot;caption&quot;:&quot;&quot;,&quot;created_timestamp&quot;:&quot;1666344831&quot;,&quot;copyright&quot;:&quot;&quot;,&quot;focal_length&quot;:&quot;18&quot;,&quot;iso&quot;:&quot;2500&quot;,&quot;shutter_speed&quot;:&quot;0.001&quot;,&quot;title&quot;:&quot;&quot;,&quot;orientation&quot;:&quot;0&quot;}\" data-image-title=\"DSC_2917\" data-image-description=\"\" data-image-caption=\"\" data-large-file=\"https:\/\/www.cisa-arica.cl\/wp1\/wp-content\/uploads\/2022\/10\/DSC_2917-600x400.jpg\" role=\"button\" tabindex=\"0\" aria-label=\"Abrir la imagen 66 de 106 en pantalla completa\"srcset=\"https:\/\/i1.wp.com\/www.cisa-arica.cl\/wp1\/wp-content\/uploads\/2022\/10\/DSC_2917-600x400.jpg?strip=info&#038;w=600&#038;ssl=1 600w,https:\/\/i1.wp.com\/www.cisa-arica.cl\/wp1\/wp-content\/uploads\/2022\/10\/DSC_2917-600x400.jpg?strip=info&#038;w=900&#038;ssl=1 900w,https:\/\/i1.wp.com\/www.cisa-arica.cl\/wp1\/wp-content\/uploads\/2022\/10\/DSC_2917-600x400.jpg?strip=info&#038;w=1100&#038;ssl=1 1100w\" alt=\"\" data-height=\"733\" data-id=\"17750\" data-link=\"https:\/\/www.cisa-arica.cl\/wp1\/?attachment_id=17750\" data-url=\"https:\/\/www.cisa-arica.cl\/wp1\/wp-content\/uploads\/2022\/10\/DSC_2917-600x400.jpg\" data-width=\"1100\" src=\"https:\/\/i1.wp.com\/www.cisa-arica.cl\/wp1\/wp-content\/uploads\/2022\/10\/DSC_2917-600x400.jpg?ssl=1\" data-amp-layout=\"responsive\"\/><\/figure><\/div><\/div><div class=\"tiled-gallery__row\"><div class=\"tiled-gallery__col\" style=\"flex-basis:66.75536%\"><figure class=\"tiled-gallery__item\"><img decoding=\"async\" data-attachment-id=\"17751\" data-permalink=\"https:\/\/www.cisa-arica.cl\/wp1\/2022\/10\/21\/feria-cientifica-3\/dsc_2918\/\" data-orig-file=\"https:\/\/www.cisa-arica.cl\/wp1\/wp-content\/uploads\/2022\/10\/DSC_2918.jpg\" data-orig-size=\"1100,733\" data-comments-opened=\"0\" data-image-meta=\"{&quot;aperture&quot;:&quot;3.5&quot;,&quot;credit&quot;:&quot;&quot;,&quot;camera&quot;:&quot;NIKON D7100&quot;,&quot;caption&quot;:&quot;&quot;,&quot;created_timestamp&quot;:&quot;1666344835&quot;,&quot;copyright&quot;:&quot;&quot;,&quot;focal_length&quot;:&quot;18&quot;,&quot;iso&quot;:&quot;2500&quot;,&quot;shutter_speed&quot;:&quot;0.001&quot;,&quot;title&quot;:&quot;&quot;,&quot;orientation&quot;:&quot;0&quot;}\" data-image-title=\"DSC_2918\" data-image-description=\"\" data-image-caption=\"\" data-large-file=\"https:\/\/www.cisa-arica.cl\/wp1\/wp-content\/uploads\/2022\/10\/DSC_2918-600x400.jpg\" data-attachment-id=\"17751\" data-permalink=\"https:\/\/www.cisa-arica.cl\/wp1\/2022\/10\/21\/feria-cientifica-3\/dsc_2918\/\" data-orig-file=\"https:\/\/www.cisa-arica.cl\/wp1\/wp-content\/uploads\/2022\/10\/DSC_2918.jpg\" data-orig-size=\"1100,733\" data-comments-opened=\"0\" data-image-meta=\"{&quot;aperture&quot;:&quot;3.5&quot;,&quot;credit&quot;:&quot;&quot;,&quot;camera&quot;:&quot;NIKON D7100&quot;,&quot;caption&quot;:&quot;&quot;,&quot;created_timestamp&quot;:&quot;1666344835&quot;,&quot;copyright&quot;:&quot;&quot;,&quot;focal_length&quot;:&quot;18&quot;,&quot;iso&quot;:&quot;2500&quot;,&quot;shutter_speed&quot;:&quot;0.001&quot;,&quot;title&quot;:&quot;&quot;,&quot;orientation&quot;:&quot;0&quot;}\" data-image-title=\"DSC_2918\" data-image-description=\"\" data-image-caption=\"\" data-large-file=\"https:\/\/www.cisa-arica.cl\/wp1\/wp-content\/uploads\/2022\/10\/DSC_2918-600x400.jpg\" role=\"button\" tabindex=\"0\" aria-label=\"Abrir la imagen 67 de 106 en pantalla completa\"srcset=\"https:\/\/i0.wp.com\/www.cisa-arica.cl\/wp1\/wp-content\/uploads\/2022\/10\/DSC_2918-600x400.jpg?strip=info&#038;w=600&#038;ssl=1 600w,https:\/\/i0.wp.com\/www.cisa-arica.cl\/wp1\/wp-content\/uploads\/2022\/10\/DSC_2918-600x400.jpg?strip=info&#038;w=900&#038;ssl=1 900w,https:\/\/i0.wp.com\/www.cisa-arica.cl\/wp1\/wp-content\/uploads\/2022\/10\/DSC_2918-600x400.jpg?strip=info&#038;w=1100&#038;ssl=1 1100w\" alt=\"\" data-height=\"733\" data-id=\"17751\" data-link=\"https:\/\/www.cisa-arica.cl\/wp1\/?attachment_id=17751\" data-url=\"https:\/\/www.cisa-arica.cl\/wp1\/wp-content\/uploads\/2022\/10\/DSC_2918-600x400.jpg\" data-width=\"1100\" src=\"https:\/\/i0.wp.com\/www.cisa-arica.cl\/wp1\/wp-content\/uploads\/2022\/10\/DSC_2918-600x400.jpg?ssl=1\" data-amp-layout=\"responsive\"\/><\/figure><\/div><div class=\"tiled-gallery__col\" style=\"flex-basis:33.24464%\"><figure class=\"tiled-gallery__item\"><img decoding=\"async\" data-attachment-id=\"17752\" data-permalink=\"https:\/\/www.cisa-arica.cl\/wp1\/2022\/10\/21\/feria-cientifica-3\/dsc_2922\/\" data-orig-file=\"https:\/\/www.cisa-arica.cl\/wp1\/wp-content\/uploads\/2022\/10\/DSC_2922.jpg\" data-orig-size=\"1100,733\" data-comments-opened=\"0\" data-image-meta=\"{&quot;aperture&quot;:&quot;3.5&quot;,&quot;credit&quot;:&quot;&quot;,&quot;camera&quot;:&quot;NIKON D7100&quot;,&quot;caption&quot;:&quot;&quot;,&quot;created_timestamp&quot;:&quot;1666344893&quot;,&quot;copyright&quot;:&quot;&quot;,&quot;focal_length&quot;:&quot;18&quot;,&quot;iso&quot;:&quot;2500&quot;,&quot;shutter_speed&quot;:&quot;0.004&quot;,&quot;title&quot;:&quot;&quot;,&quot;orientation&quot;:&quot;0&quot;}\" data-image-title=\"DSC_2922\" data-image-description=\"\" data-image-caption=\"\" data-large-file=\"https:\/\/www.cisa-arica.cl\/wp1\/wp-content\/uploads\/2022\/10\/DSC_2922-600x400.jpg\" data-attachment-id=\"17752\" data-permalink=\"https:\/\/www.cisa-arica.cl\/wp1\/2022\/10\/21\/feria-cientifica-3\/dsc_2922\/\" data-orig-file=\"https:\/\/www.cisa-arica.cl\/wp1\/wp-content\/uploads\/2022\/10\/DSC_2922.jpg\" data-orig-size=\"1100,733\" data-comments-opened=\"0\" data-image-meta=\"{&quot;aperture&quot;:&quot;3.5&quot;,&quot;credit&quot;:&quot;&quot;,&quot;camera&quot;:&quot;NIKON D7100&quot;,&quot;caption&quot;:&quot;&quot;,&quot;created_timestamp&quot;:&quot;1666344893&quot;,&quot;copyright&quot;:&quot;&quot;,&quot;focal_length&quot;:&quot;18&quot;,&quot;iso&quot;:&quot;2500&quot;,&quot;shutter_speed&quot;:&quot;0.004&quot;,&quot;title&quot;:&quot;&quot;,&quot;orientation&quot;:&quot;0&quot;}\" data-image-title=\"DSC_2922\" data-image-description=\"\" data-image-caption=\"\" data-large-file=\"https:\/\/www.cisa-arica.cl\/wp1\/wp-content\/uploads\/2022\/10\/DSC_2922-600x400.jpg\" role=\"button\" tabindex=\"0\" aria-label=\"Abrir la imagen 68 de 106 en pantalla completa\"srcset=\"https:\/\/i0.wp.com\/www.cisa-arica.cl\/wp1\/wp-content\/uploads\/2022\/10\/DSC_2922-600x400.jpg?strip=info&#038;w=600&#038;ssl=1 600w,https:\/\/i0.wp.com\/www.cisa-arica.cl\/wp1\/wp-content\/uploads\/2022\/10\/DSC_2922-600x400.jpg?strip=info&#038;w=900&#038;ssl=1 900w,https:\/\/i0.wp.com\/www.cisa-arica.cl\/wp1\/wp-content\/uploads\/2022\/10\/DSC_2922-600x400.jpg?strip=info&#038;w=1100&#038;ssl=1 1100w\" alt=\"\" data-height=\"733\" data-id=\"17752\" data-link=\"https:\/\/www.cisa-arica.cl\/wp1\/?attachment_id=17752\" data-url=\"https:\/\/www.cisa-arica.cl\/wp1\/wp-content\/uploads\/2022\/10\/DSC_2922-600x400.jpg\" data-width=\"1100\" src=\"https:\/\/i0.wp.com\/www.cisa-arica.cl\/wp1\/wp-content\/uploads\/2022\/10\/DSC_2922-600x400.jpg?ssl=1\" data-amp-layout=\"responsive\"\/><\/figure><figure class=\"tiled-gallery__item\"><img decoding=\"async\" data-attachment-id=\"17753\" data-permalink=\"https:\/\/www.cisa-arica.cl\/wp1\/2022\/10\/21\/feria-cientifica-3\/dsc_2923\/\" data-orig-file=\"https:\/\/www.cisa-arica.cl\/wp1\/wp-content\/uploads\/2022\/10\/DSC_2923.jpg\" data-orig-size=\"1100,733\" data-comments-opened=\"0\" data-image-meta=\"{&quot;aperture&quot;:&quot;3.5&quot;,&quot;credit&quot;:&quot;&quot;,&quot;camera&quot;:&quot;NIKON D7100&quot;,&quot;caption&quot;:&quot;&quot;,&quot;created_timestamp&quot;:&quot;1666344894&quot;,&quot;copyright&quot;:&quot;&quot;,&quot;focal_length&quot;:&quot;18&quot;,&quot;iso&quot;:&quot;2500&quot;,&quot;shutter_speed&quot;:&quot;0.004&quot;,&quot;title&quot;:&quot;&quot;,&quot;orientation&quot;:&quot;0&quot;}\" data-image-title=\"DSC_2923\" data-image-description=\"\" data-image-caption=\"\" data-large-file=\"https:\/\/www.cisa-arica.cl\/wp1\/wp-content\/uploads\/2022\/10\/DSC_2923-600x400.jpg\" data-attachment-id=\"17753\" data-permalink=\"https:\/\/www.cisa-arica.cl\/wp1\/2022\/10\/21\/feria-cientifica-3\/dsc_2923\/\" data-orig-file=\"https:\/\/www.cisa-arica.cl\/wp1\/wp-content\/uploads\/2022\/10\/DSC_2923.jpg\" data-orig-size=\"1100,733\" data-comments-opened=\"0\" data-image-meta=\"{&quot;aperture&quot;:&quot;3.5&quot;,&quot;credit&quot;:&quot;&quot;,&quot;camera&quot;:&quot;NIKON D7100&quot;,&quot;caption&quot;:&quot;&quot;,&quot;created_timestamp&quot;:&quot;1666344894&quot;,&quot;copyright&quot;:&quot;&quot;,&quot;focal_length&quot;:&quot;18&quot;,&quot;iso&quot;:&quot;2500&quot;,&quot;shutter_speed&quot;:&quot;0.004&quot;,&quot;title&quot;:&quot;&quot;,&quot;orientation&quot;:&quot;0&quot;}\" data-image-title=\"DSC_2923\" data-image-description=\"\" data-image-caption=\"\" data-large-file=\"https:\/\/www.cisa-arica.cl\/wp1\/wp-content\/uploads\/2022\/10\/DSC_2923-600x400.jpg\" role=\"button\" tabindex=\"0\" aria-label=\"Abrir la imagen 69 de 106 en pantalla completa\"srcset=\"https:\/\/i2.wp.com\/www.cisa-arica.cl\/wp1\/wp-content\/uploads\/2022\/10\/DSC_2923-600x400.jpg?strip=info&#038;w=600&#038;ssl=1 600w,https:\/\/i2.wp.com\/www.cisa-arica.cl\/wp1\/wp-content\/uploads\/2022\/10\/DSC_2923-600x400.jpg?strip=info&#038;w=900&#038;ssl=1 900w,https:\/\/i2.wp.com\/www.cisa-arica.cl\/wp1\/wp-content\/uploads\/2022\/10\/DSC_2923-600x400.jpg?strip=info&#038;w=1100&#038;ssl=1 1100w\" alt=\"\" data-height=\"733\" data-id=\"17753\" data-link=\"https:\/\/www.cisa-arica.cl\/wp1\/?attachment_id=17753\" data-url=\"https:\/\/www.cisa-arica.cl\/wp1\/wp-content\/uploads\/2022\/10\/DSC_2923-600x400.jpg\" data-width=\"1100\" src=\"https:\/\/i2.wp.com\/www.cisa-arica.cl\/wp1\/wp-content\/uploads\/2022\/10\/DSC_2923-600x400.jpg?ssl=1\" data-amp-layout=\"responsive\"\/><\/figure><\/div><\/div><div class=\"tiled-gallery__row\"><div class=\"tiled-gallery__col\" style=\"flex-basis:33.33333%\"><figure class=\"tiled-gallery__item\"><img decoding=\"async\" data-attachment-id=\"17754\" data-permalink=\"https:\/\/www.cisa-arica.cl\/wp1\/2022\/10\/21\/feria-cientifica-3\/dsc_2924\/\" data-orig-file=\"https:\/\/www.cisa-arica.cl\/wp1\/wp-content\/uploads\/2022\/10\/DSC_2924.jpg\" data-orig-size=\"1100,733\" data-comments-opened=\"0\" data-image-meta=\"{&quot;aperture&quot;:&quot;3.5&quot;,&quot;credit&quot;:&quot;&quot;,&quot;camera&quot;:&quot;NIKON D7100&quot;,&quot;caption&quot;:&quot;&quot;,&quot;created_timestamp&quot;:&quot;1666344919&quot;,&quot;copyright&quot;:&quot;&quot;,&quot;focal_length&quot;:&quot;18&quot;,&quot;iso&quot;:&quot;2500&quot;,&quot;shutter_speed&quot;:&quot;0.004&quot;,&quot;title&quot;:&quot;&quot;,&quot;orientation&quot;:&quot;0&quot;}\" data-image-title=\"DSC_2924\" data-image-description=\"\" data-image-caption=\"\" data-large-file=\"https:\/\/www.cisa-arica.cl\/wp1\/wp-content\/uploads\/2022\/10\/DSC_2924-600x400.jpg\" data-attachment-id=\"17754\" data-permalink=\"https:\/\/www.cisa-arica.cl\/wp1\/2022\/10\/21\/feria-cientifica-3\/dsc_2924\/\" data-orig-file=\"https:\/\/www.cisa-arica.cl\/wp1\/wp-content\/uploads\/2022\/10\/DSC_2924.jpg\" data-orig-size=\"1100,733\" data-comments-opened=\"0\" data-image-meta=\"{&quot;aperture&quot;:&quot;3.5&quot;,&quot;credit&quot;:&quot;&quot;,&quot;camera&quot;:&quot;NIKON D7100&quot;,&quot;caption&quot;:&quot;&quot;,&quot;created_timestamp&quot;:&quot;1666344919&quot;,&quot;copyright&quot;:&quot;&quot;,&quot;focal_length&quot;:&quot;18&quot;,&quot;iso&quot;:&quot;2500&quot;,&quot;shutter_speed&quot;:&quot;0.004&quot;,&quot;title&quot;:&quot;&quot;,&quot;orientation&quot;:&quot;0&quot;}\" data-image-title=\"DSC_2924\" data-image-description=\"\" data-image-caption=\"\" data-large-file=\"https:\/\/www.cisa-arica.cl\/wp1\/wp-content\/uploads\/2022\/10\/DSC_2924-600x400.jpg\" role=\"button\" tabindex=\"0\" aria-label=\"Abrir la imagen 70 de 106 en pantalla completa\"srcset=\"https:\/\/i1.wp.com\/www.cisa-arica.cl\/wp1\/wp-content\/uploads\/2022\/10\/DSC_2924-600x400.jpg?strip=info&#038;w=600&#038;ssl=1 600w,https:\/\/i1.wp.com\/www.cisa-arica.cl\/wp1\/wp-content\/uploads\/2022\/10\/DSC_2924-600x400.jpg?strip=info&#038;w=900&#038;ssl=1 900w,https:\/\/i1.wp.com\/www.cisa-arica.cl\/wp1\/wp-content\/uploads\/2022\/10\/DSC_2924-600x400.jpg?strip=info&#038;w=1100&#038;ssl=1 1100w\" alt=\"\" data-height=\"733\" data-id=\"17754\" data-link=\"https:\/\/www.cisa-arica.cl\/wp1\/?attachment_id=17754\" data-url=\"https:\/\/www.cisa-arica.cl\/wp1\/wp-content\/uploads\/2022\/10\/DSC_2924-600x400.jpg\" data-width=\"1100\" src=\"https:\/\/i1.wp.com\/www.cisa-arica.cl\/wp1\/wp-content\/uploads\/2022\/10\/DSC_2924-600x400.jpg?ssl=1\" data-amp-layout=\"responsive\"\/><\/figure><\/div><div class=\"tiled-gallery__col\" style=\"flex-basis:33.33333%\"><figure class=\"tiled-gallery__item\"><img decoding=\"async\" data-attachment-id=\"17755\" data-permalink=\"https:\/\/www.cisa-arica.cl\/wp1\/2022\/10\/21\/feria-cientifica-3\/dsc_2927-2\/\" data-orig-file=\"https:\/\/www.cisa-arica.cl\/wp1\/wp-content\/uploads\/2022\/10\/DSC_2927.jpg\" data-orig-size=\"1100,733\" data-comments-opened=\"0\" data-image-meta=\"{&quot;aperture&quot;:&quot;3.5&quot;,&quot;credit&quot;:&quot;&quot;,&quot;camera&quot;:&quot;NIKON D7100&quot;,&quot;caption&quot;:&quot;&quot;,&quot;created_timestamp&quot;:&quot;1666345094&quot;,&quot;copyright&quot;:&quot;&quot;,&quot;focal_length&quot;:&quot;18&quot;,&quot;iso&quot;:&quot;2500&quot;,&quot;shutter_speed&quot;:&quot;0.004&quot;,&quot;title&quot;:&quot;&quot;,&quot;orientation&quot;:&quot;0&quot;}\" data-image-title=\"DSC_2927\" data-image-description=\"\" data-image-caption=\"\" data-large-file=\"https:\/\/www.cisa-arica.cl\/wp1\/wp-content\/uploads\/2022\/10\/DSC_2927-600x400.jpg\" data-attachment-id=\"17755\" data-permalink=\"https:\/\/www.cisa-arica.cl\/wp1\/2022\/10\/21\/feria-cientifica-3\/dsc_2927-2\/\" data-orig-file=\"https:\/\/www.cisa-arica.cl\/wp1\/wp-content\/uploads\/2022\/10\/DSC_2927.jpg\" data-orig-size=\"1100,733\" data-comments-opened=\"0\" data-image-meta=\"{&quot;aperture&quot;:&quot;3.5&quot;,&quot;credit&quot;:&quot;&quot;,&quot;camera&quot;:&quot;NIKON D7100&quot;,&quot;caption&quot;:&quot;&quot;,&quot;created_timestamp&quot;:&quot;1666345094&quot;,&quot;copyright&quot;:&quot;&quot;,&quot;focal_length&quot;:&quot;18&quot;,&quot;iso&quot;:&quot;2500&quot;,&quot;shutter_speed&quot;:&quot;0.004&quot;,&quot;title&quot;:&quot;&quot;,&quot;orientation&quot;:&quot;0&quot;}\" data-image-title=\"DSC_2927\" data-image-description=\"\" data-image-caption=\"\" data-large-file=\"https:\/\/www.cisa-arica.cl\/wp1\/wp-content\/uploads\/2022\/10\/DSC_2927-600x400.jpg\" role=\"button\" tabindex=\"0\" aria-label=\"Abrir la imagen 71 de 106 en pantalla completa\"srcset=\"https:\/\/i0.wp.com\/www.cisa-arica.cl\/wp1\/wp-content\/uploads\/2022\/10\/DSC_2927-600x400.jpg?strip=info&#038;w=600&#038;ssl=1 600w,https:\/\/i0.wp.com\/www.cisa-arica.cl\/wp1\/wp-content\/uploads\/2022\/10\/DSC_2927-600x400.jpg?strip=info&#038;w=900&#038;ssl=1 900w,https:\/\/i0.wp.com\/www.cisa-arica.cl\/wp1\/wp-content\/uploads\/2022\/10\/DSC_2927-600x400.jpg?strip=info&#038;w=1100&#038;ssl=1 1100w\" alt=\"\" data-height=\"733\" data-id=\"17755\" data-link=\"https:\/\/www.cisa-arica.cl\/wp1\/?attachment_id=17755\" data-url=\"https:\/\/www.cisa-arica.cl\/wp1\/wp-content\/uploads\/2022\/10\/DSC_2927-600x400.jpg\" data-width=\"1100\" src=\"https:\/\/i0.wp.com\/www.cisa-arica.cl\/wp1\/wp-content\/uploads\/2022\/10\/DSC_2927-600x400.jpg?ssl=1\" data-amp-layout=\"responsive\"\/><\/figure><\/div><div class=\"tiled-gallery__col\" style=\"flex-basis:33.33333%\"><figure class=\"tiled-gallery__item\"><img decoding=\"async\" data-attachment-id=\"17756\" data-permalink=\"https:\/\/www.cisa-arica.cl\/wp1\/2022\/10\/21\/feria-cientifica-3\/dsc_2930\/\" data-orig-file=\"https:\/\/www.cisa-arica.cl\/wp1\/wp-content\/uploads\/2022\/10\/DSC_2930.jpg\" data-orig-size=\"1100,733\" data-comments-opened=\"0\" data-image-meta=\"{&quot;aperture&quot;:&quot;4&quot;,&quot;credit&quot;:&quot;&quot;,&quot;camera&quot;:&quot;NIKON D7100&quot;,&quot;caption&quot;:&quot;&quot;,&quot;created_timestamp&quot;:&quot;1666345335&quot;,&quot;copyright&quot;:&quot;&quot;,&quot;focal_length&quot;:&quot;26&quot;,&quot;iso&quot;:&quot;2500&quot;,&quot;shutter_speed&quot;:&quot;0.002&quot;,&quot;title&quot;:&quot;&quot;,&quot;orientation&quot;:&quot;0&quot;}\" data-image-title=\"DSC_2930\" data-image-description=\"\" data-image-caption=\"\" data-large-file=\"https:\/\/www.cisa-arica.cl\/wp1\/wp-content\/uploads\/2022\/10\/DSC_2930-600x400.jpg\" data-attachment-id=\"17756\" data-permalink=\"https:\/\/www.cisa-arica.cl\/wp1\/2022\/10\/21\/feria-cientifica-3\/dsc_2930\/\" data-orig-file=\"https:\/\/www.cisa-arica.cl\/wp1\/wp-content\/uploads\/2022\/10\/DSC_2930.jpg\" data-orig-size=\"1100,733\" data-comments-opened=\"0\" data-image-meta=\"{&quot;aperture&quot;:&quot;4&quot;,&quot;credit&quot;:&quot;&quot;,&quot;camera&quot;:&quot;NIKON D7100&quot;,&quot;caption&quot;:&quot;&quot;,&quot;created_timestamp&quot;:&quot;1666345335&quot;,&quot;copyright&quot;:&quot;&quot;,&quot;focal_length&quot;:&quot;26&quot;,&quot;iso&quot;:&quot;2500&quot;,&quot;shutter_speed&quot;:&quot;0.002&quot;,&quot;title&quot;:&quot;&quot;,&quot;orientation&quot;:&quot;0&quot;}\" data-image-title=\"DSC_2930\" data-image-description=\"\" data-image-caption=\"\" data-large-file=\"https:\/\/www.cisa-arica.cl\/wp1\/wp-content\/uploads\/2022\/10\/DSC_2930-600x400.jpg\" role=\"button\" tabindex=\"0\" aria-label=\"Abrir la imagen 72 de 106 en pantalla completa\"srcset=\"https:\/\/i0.wp.com\/www.cisa-arica.cl\/wp1\/wp-content\/uploads\/2022\/10\/DSC_2930-600x400.jpg?strip=info&#038;w=600&#038;ssl=1 600w,https:\/\/i0.wp.com\/www.cisa-arica.cl\/wp1\/wp-content\/uploads\/2022\/10\/DSC_2930-600x400.jpg?strip=info&#038;w=900&#038;ssl=1 900w,https:\/\/i0.wp.com\/www.cisa-arica.cl\/wp1\/wp-content\/uploads\/2022\/10\/DSC_2930-600x400.jpg?strip=info&#038;w=1100&#038;ssl=1 1100w\" alt=\"\" data-height=\"733\" data-id=\"17756\" data-link=\"https:\/\/www.cisa-arica.cl\/wp1\/?attachment_id=17756\" data-url=\"https:\/\/www.cisa-arica.cl\/wp1\/wp-content\/uploads\/2022\/10\/DSC_2930-600x400.jpg\" data-width=\"1100\" src=\"https:\/\/i0.wp.com\/www.cisa-arica.cl\/wp1\/wp-content\/uploads\/2022\/10\/DSC_2930-600x400.jpg?ssl=1\" data-amp-layout=\"responsive\"\/><\/figure><\/div><\/div><div class=\"tiled-gallery__row\"><div class=\"tiled-gallery__col\" style=\"flex-basis:33.24464%\"><figure class=\"tiled-gallery__item\"><img decoding=\"async\" data-attachment-id=\"17757\" data-permalink=\"https:\/\/www.cisa-arica.cl\/wp1\/2022\/10\/21\/feria-cientifica-3\/dsc_2934\/\" data-orig-file=\"https:\/\/www.cisa-arica.cl\/wp1\/wp-content\/uploads\/2022\/10\/DSC_2934.jpg\" data-orig-size=\"1100,733\" data-comments-opened=\"0\" data-image-meta=\"{&quot;aperture&quot;:&quot;4&quot;,&quot;credit&quot;:&quot;&quot;,&quot;camera&quot;:&quot;NIKON D7100&quot;,&quot;caption&quot;:&quot;&quot;,&quot;created_timestamp&quot;:&quot;1666345350&quot;,&quot;copyright&quot;:&quot;&quot;,&quot;focal_length&quot;:&quot;26&quot;,&quot;iso&quot;:&quot;2500&quot;,&quot;shutter_speed&quot;:&quot;0.005&quot;,&quot;title&quot;:&quot;&quot;,&quot;orientation&quot;:&quot;0&quot;}\" data-image-title=\"DSC_2934\" data-image-description=\"\" data-image-caption=\"\" data-large-file=\"https:\/\/www.cisa-arica.cl\/wp1\/wp-content\/uploads\/2022\/10\/DSC_2934-600x400.jpg\" data-attachment-id=\"17757\" data-permalink=\"https:\/\/www.cisa-arica.cl\/wp1\/2022\/10\/21\/feria-cientifica-3\/dsc_2934\/\" data-orig-file=\"https:\/\/www.cisa-arica.cl\/wp1\/wp-content\/uploads\/2022\/10\/DSC_2934.jpg\" data-orig-size=\"1100,733\" data-comments-opened=\"0\" data-image-meta=\"{&quot;aperture&quot;:&quot;4&quot;,&quot;credit&quot;:&quot;&quot;,&quot;camera&quot;:&quot;NIKON D7100&quot;,&quot;caption&quot;:&quot;&quot;,&quot;created_timestamp&quot;:&quot;1666345350&quot;,&quot;copyright&quot;:&quot;&quot;,&quot;focal_length&quot;:&quot;26&quot;,&quot;iso&quot;:&quot;2500&quot;,&quot;shutter_speed&quot;:&quot;0.005&quot;,&quot;title&quot;:&quot;&quot;,&quot;orientation&quot;:&quot;0&quot;}\" data-image-title=\"DSC_2934\" data-image-description=\"\" data-image-caption=\"\" data-large-file=\"https:\/\/www.cisa-arica.cl\/wp1\/wp-content\/uploads\/2022\/10\/DSC_2934-600x400.jpg\" role=\"button\" tabindex=\"0\" aria-label=\"Abrir la imagen 73 de 106 en pantalla completa\"srcset=\"https:\/\/i0.wp.com\/www.cisa-arica.cl\/wp1\/wp-content\/uploads\/2022\/10\/DSC_2934-600x400.jpg?strip=info&#038;w=600&#038;ssl=1 600w,https:\/\/i0.wp.com\/www.cisa-arica.cl\/wp1\/wp-content\/uploads\/2022\/10\/DSC_2934-600x400.jpg?strip=info&#038;w=900&#038;ssl=1 900w,https:\/\/i0.wp.com\/www.cisa-arica.cl\/wp1\/wp-content\/uploads\/2022\/10\/DSC_2934-600x400.jpg?strip=info&#038;w=1100&#038;ssl=1 1100w\" alt=\"\" data-height=\"733\" data-id=\"17757\" data-link=\"https:\/\/www.cisa-arica.cl\/wp1\/?attachment_id=17757\" data-url=\"https:\/\/www.cisa-arica.cl\/wp1\/wp-content\/uploads\/2022\/10\/DSC_2934-600x400.jpg\" data-width=\"1100\" src=\"https:\/\/i0.wp.com\/www.cisa-arica.cl\/wp1\/wp-content\/uploads\/2022\/10\/DSC_2934-600x400.jpg?ssl=1\" data-amp-layout=\"responsive\"\/><\/figure><figure class=\"tiled-gallery__item\"><img decoding=\"async\" data-attachment-id=\"17758\" data-permalink=\"https:\/\/www.cisa-arica.cl\/wp1\/2022\/10\/21\/feria-cientifica-3\/dsc_2936\/\" data-orig-file=\"https:\/\/www.cisa-arica.cl\/wp1\/wp-content\/uploads\/2022\/10\/DSC_2936.jpg\" data-orig-size=\"1100,733\" data-comments-opened=\"0\" data-image-meta=\"{&quot;aperture&quot;:&quot;3.5&quot;,&quot;credit&quot;:&quot;&quot;,&quot;camera&quot;:&quot;NIKON D7100&quot;,&quot;caption&quot;:&quot;&quot;,&quot;created_timestamp&quot;:&quot;1666345370&quot;,&quot;copyright&quot;:&quot;&quot;,&quot;focal_length&quot;:&quot;18&quot;,&quot;iso&quot;:&quot;2500&quot;,&quot;shutter_speed&quot;:&quot;0.003125&quot;,&quot;title&quot;:&quot;&quot;,&quot;orientation&quot;:&quot;0&quot;}\" data-image-title=\"DSC_2936\" data-image-description=\"\" data-image-caption=\"\" data-large-file=\"https:\/\/www.cisa-arica.cl\/wp1\/wp-content\/uploads\/2022\/10\/DSC_2936-600x400.jpg\" data-attachment-id=\"17758\" data-permalink=\"https:\/\/www.cisa-arica.cl\/wp1\/2022\/10\/21\/feria-cientifica-3\/dsc_2936\/\" data-orig-file=\"https:\/\/www.cisa-arica.cl\/wp1\/wp-content\/uploads\/2022\/10\/DSC_2936.jpg\" data-orig-size=\"1100,733\" data-comments-opened=\"0\" data-image-meta=\"{&quot;aperture&quot;:&quot;3.5&quot;,&quot;credit&quot;:&quot;&quot;,&quot;camera&quot;:&quot;NIKON D7100&quot;,&quot;caption&quot;:&quot;&quot;,&quot;created_timestamp&quot;:&quot;1666345370&quot;,&quot;copyright&quot;:&quot;&quot;,&quot;focal_length&quot;:&quot;18&quot;,&quot;iso&quot;:&quot;2500&quot;,&quot;shutter_speed&quot;:&quot;0.003125&quot;,&quot;title&quot;:&quot;&quot;,&quot;orientation&quot;:&quot;0&quot;}\" data-image-title=\"DSC_2936\" data-image-description=\"\" data-image-caption=\"\" data-large-file=\"https:\/\/www.cisa-arica.cl\/wp1\/wp-content\/uploads\/2022\/10\/DSC_2936-600x400.jpg\" role=\"button\" tabindex=\"0\" aria-label=\"Abrir la imagen 74 de 106 en pantalla completa\"srcset=\"https:\/\/i2.wp.com\/www.cisa-arica.cl\/wp1\/wp-content\/uploads\/2022\/10\/DSC_2936-600x400.jpg?strip=info&#038;w=600&#038;ssl=1 600w,https:\/\/i2.wp.com\/www.cisa-arica.cl\/wp1\/wp-content\/uploads\/2022\/10\/DSC_2936-600x400.jpg?strip=info&#038;w=900&#038;ssl=1 900w,https:\/\/i2.wp.com\/www.cisa-arica.cl\/wp1\/wp-content\/uploads\/2022\/10\/DSC_2936-600x400.jpg?strip=info&#038;w=1100&#038;ssl=1 1100w\" alt=\"\" data-height=\"733\" data-id=\"17758\" data-link=\"https:\/\/www.cisa-arica.cl\/wp1\/?attachment_id=17758\" data-url=\"https:\/\/www.cisa-arica.cl\/wp1\/wp-content\/uploads\/2022\/10\/DSC_2936-600x400.jpg\" data-width=\"1100\" src=\"https:\/\/i2.wp.com\/www.cisa-arica.cl\/wp1\/wp-content\/uploads\/2022\/10\/DSC_2936-600x400.jpg?ssl=1\" data-amp-layout=\"responsive\"\/><\/figure><\/div><div class=\"tiled-gallery__col\" style=\"flex-basis:66.75536%\"><figure class=\"tiled-gallery__item\"><img decoding=\"async\" data-attachment-id=\"17759\" data-permalink=\"https:\/\/www.cisa-arica.cl\/wp1\/2022\/10\/21\/feria-cientifica-3\/dsc_2938\/\" data-orig-file=\"https:\/\/www.cisa-arica.cl\/wp1\/wp-content\/uploads\/2022\/10\/DSC_2938.jpg\" data-orig-size=\"1100,733\" data-comments-opened=\"0\" data-image-meta=\"{&quot;aperture&quot;:&quot;3.5&quot;,&quot;credit&quot;:&quot;&quot;,&quot;camera&quot;:&quot;NIKON D7100&quot;,&quot;caption&quot;:&quot;&quot;,&quot;created_timestamp&quot;:&quot;1666346196&quot;,&quot;copyright&quot;:&quot;&quot;,&quot;focal_length&quot;:&quot;18&quot;,&quot;iso&quot;:&quot;250&quot;,&quot;shutter_speed&quot;:&quot;0.000625&quot;,&quot;title&quot;:&quot;&quot;,&quot;orientation&quot;:&quot;0&quot;}\" data-image-title=\"DSC_2938\" data-image-description=\"\" data-image-caption=\"\" data-large-file=\"https:\/\/www.cisa-arica.cl\/wp1\/wp-content\/uploads\/2022\/10\/DSC_2938-600x400.jpg\" data-attachment-id=\"17759\" data-permalink=\"https:\/\/www.cisa-arica.cl\/wp1\/2022\/10\/21\/feria-cientifica-3\/dsc_2938\/\" data-orig-file=\"https:\/\/www.cisa-arica.cl\/wp1\/wp-content\/uploads\/2022\/10\/DSC_2938.jpg\" data-orig-size=\"1100,733\" data-comments-opened=\"0\" data-image-meta=\"{&quot;aperture&quot;:&quot;3.5&quot;,&quot;credit&quot;:&quot;&quot;,&quot;camera&quot;:&quot;NIKON D7100&quot;,&quot;caption&quot;:&quot;&quot;,&quot;created_timestamp&quot;:&quot;1666346196&quot;,&quot;copyright&quot;:&quot;&quot;,&quot;focal_length&quot;:&quot;18&quot;,&quot;iso&quot;:&quot;250&quot;,&quot;shutter_speed&quot;:&quot;0.000625&quot;,&quot;title&quot;:&quot;&quot;,&quot;orientation&quot;:&quot;0&quot;}\" data-image-title=\"DSC_2938\" data-image-description=\"\" data-image-caption=\"\" data-large-file=\"https:\/\/www.cisa-arica.cl\/wp1\/wp-content\/uploads\/2022\/10\/DSC_2938-600x400.jpg\" role=\"button\" tabindex=\"0\" aria-label=\"Abrir la imagen 75 de 106 en pantalla completa\"srcset=\"https:\/\/i1.wp.com\/www.cisa-arica.cl\/wp1\/wp-content\/uploads\/2022\/10\/DSC_2938-600x400.jpg?strip=info&#038;w=600&#038;ssl=1 600w,https:\/\/i1.wp.com\/www.cisa-arica.cl\/wp1\/wp-content\/uploads\/2022\/10\/DSC_2938-600x400.jpg?strip=info&#038;w=900&#038;ssl=1 900w,https:\/\/i1.wp.com\/www.cisa-arica.cl\/wp1\/wp-content\/uploads\/2022\/10\/DSC_2938-600x400.jpg?strip=info&#038;w=1100&#038;ssl=1 1100w\" alt=\"\" data-height=\"733\" data-id=\"17759\" data-link=\"https:\/\/www.cisa-arica.cl\/wp1\/?attachment_id=17759\" data-url=\"https:\/\/www.cisa-arica.cl\/wp1\/wp-content\/uploads\/2022\/10\/DSC_2938-600x400.jpg\" data-width=\"1100\" src=\"https:\/\/i1.wp.com\/www.cisa-arica.cl\/wp1\/wp-content\/uploads\/2022\/10\/DSC_2938-600x400.jpg?ssl=1\" data-amp-layout=\"responsive\"\/><\/figure><\/div><\/div><div class=\"tiled-gallery__row\"><div class=\"tiled-gallery__col\" style=\"flex-basis:50.00000%\"><figure class=\"tiled-gallery__item\"><img decoding=\"async\" data-attachment-id=\"17760\" data-permalink=\"https:\/\/www.cisa-arica.cl\/wp1\/2022\/10\/21\/feria-cientifica-3\/dsc_2939\/\" data-orig-file=\"https:\/\/www.cisa-arica.cl\/wp1\/wp-content\/uploads\/2022\/10\/DSC_2939.jpg\" data-orig-size=\"1100,733\" data-comments-opened=\"0\" data-image-meta=\"{&quot;aperture&quot;:&quot;3.8&quot;,&quot;credit&quot;:&quot;&quot;,&quot;camera&quot;:&quot;NIKON D7100&quot;,&quot;caption&quot;:&quot;&quot;,&quot;created_timestamp&quot;:&quot;1666346201&quot;,&quot;copyright&quot;:&quot;&quot;,&quot;focal_length&quot;:&quot;21&quot;,&quot;iso&quot;:&quot;250&quot;,&quot;shutter_speed&quot;:&quot;0.0005&quot;,&quot;title&quot;:&quot;&quot;,&quot;orientation&quot;:&quot;0&quot;}\" data-image-title=\"DSC_2939\" data-image-description=\"\" data-image-caption=\"\" data-large-file=\"https:\/\/www.cisa-arica.cl\/wp1\/wp-content\/uploads\/2022\/10\/DSC_2939-600x400.jpg\" data-attachment-id=\"17760\" data-permalink=\"https:\/\/www.cisa-arica.cl\/wp1\/2022\/10\/21\/feria-cientifica-3\/dsc_2939\/\" data-orig-file=\"https:\/\/www.cisa-arica.cl\/wp1\/wp-content\/uploads\/2022\/10\/DSC_2939.jpg\" data-orig-size=\"1100,733\" data-comments-opened=\"0\" data-image-meta=\"{&quot;aperture&quot;:&quot;3.8&quot;,&quot;credit&quot;:&quot;&quot;,&quot;camera&quot;:&quot;NIKON D7100&quot;,&quot;caption&quot;:&quot;&quot;,&quot;created_timestamp&quot;:&quot;1666346201&quot;,&quot;copyright&quot;:&quot;&quot;,&quot;focal_length&quot;:&quot;21&quot;,&quot;iso&quot;:&quot;250&quot;,&quot;shutter_speed&quot;:&quot;0.0005&quot;,&quot;title&quot;:&quot;&quot;,&quot;orientation&quot;:&quot;0&quot;}\" data-image-title=\"DSC_2939\" data-image-description=\"\" data-image-caption=\"\" data-large-file=\"https:\/\/www.cisa-arica.cl\/wp1\/wp-content\/uploads\/2022\/10\/DSC_2939-600x400.jpg\" role=\"button\" tabindex=\"0\" aria-label=\"Abrir la imagen 76 de 106 en pantalla completa\"srcset=\"https:\/\/i0.wp.com\/www.cisa-arica.cl\/wp1\/wp-content\/uploads\/2022\/10\/DSC_2939-600x400.jpg?strip=info&#038;w=600&#038;ssl=1 600w,https:\/\/i0.wp.com\/www.cisa-arica.cl\/wp1\/wp-content\/uploads\/2022\/10\/DSC_2939-600x400.jpg?strip=info&#038;w=900&#038;ssl=1 900w,https:\/\/i0.wp.com\/www.cisa-arica.cl\/wp1\/wp-content\/uploads\/2022\/10\/DSC_2939-600x400.jpg?strip=info&#038;w=1100&#038;ssl=1 1100w\" alt=\"\" data-height=\"733\" data-id=\"17760\" data-link=\"https:\/\/www.cisa-arica.cl\/wp1\/?attachment_id=17760\" data-url=\"https:\/\/www.cisa-arica.cl\/wp1\/wp-content\/uploads\/2022\/10\/DSC_2939-600x400.jpg\" data-width=\"1100\" src=\"https:\/\/i0.wp.com\/www.cisa-arica.cl\/wp1\/wp-content\/uploads\/2022\/10\/DSC_2939-600x400.jpg?ssl=1\" data-amp-layout=\"responsive\"\/><\/figure><\/div><div class=\"tiled-gallery__col\" style=\"flex-basis:50.00000%\"><figure class=\"tiled-gallery__item\"><img decoding=\"async\" data-attachment-id=\"17761\" data-permalink=\"https:\/\/www.cisa-arica.cl\/wp1\/2022\/10\/21\/feria-cientifica-3\/dsc_2943\/\" data-orig-file=\"https:\/\/www.cisa-arica.cl\/wp1\/wp-content\/uploads\/2022\/10\/DSC_2943.jpg\" data-orig-size=\"1100,733\" data-comments-opened=\"0\" data-image-meta=\"{&quot;aperture&quot;:&quot;3.5&quot;,&quot;credit&quot;:&quot;&quot;,&quot;camera&quot;:&quot;NIKON D7100&quot;,&quot;caption&quot;:&quot;&quot;,&quot;created_timestamp&quot;:&quot;1666346300&quot;,&quot;copyright&quot;:&quot;&quot;,&quot;focal_length&quot;:&quot;18&quot;,&quot;iso&quot;:&quot;2000&quot;,&quot;shutter_speed&quot;:&quot;0.002&quot;,&quot;title&quot;:&quot;&quot;,&quot;orientation&quot;:&quot;0&quot;}\" data-image-title=\"DSC_2943\" data-image-description=\"\" data-image-caption=\"\" data-large-file=\"https:\/\/www.cisa-arica.cl\/wp1\/wp-content\/uploads\/2022\/10\/DSC_2943-600x400.jpg\" data-attachment-id=\"17761\" data-permalink=\"https:\/\/www.cisa-arica.cl\/wp1\/2022\/10\/21\/feria-cientifica-3\/dsc_2943\/\" data-orig-file=\"https:\/\/www.cisa-arica.cl\/wp1\/wp-content\/uploads\/2022\/10\/DSC_2943.jpg\" data-orig-size=\"1100,733\" data-comments-opened=\"0\" data-image-meta=\"{&quot;aperture&quot;:&quot;3.5&quot;,&quot;credit&quot;:&quot;&quot;,&quot;camera&quot;:&quot;NIKON D7100&quot;,&quot;caption&quot;:&quot;&quot;,&quot;created_timestamp&quot;:&quot;1666346300&quot;,&quot;copyright&quot;:&quot;&quot;,&quot;focal_length&quot;:&quot;18&quot;,&quot;iso&quot;:&quot;2000&quot;,&quot;shutter_speed&quot;:&quot;0.002&quot;,&quot;title&quot;:&quot;&quot;,&quot;orientation&quot;:&quot;0&quot;}\" data-image-title=\"DSC_2943\" data-image-description=\"\" data-image-caption=\"\" data-large-file=\"https:\/\/www.cisa-arica.cl\/wp1\/wp-content\/uploads\/2022\/10\/DSC_2943-600x400.jpg\" role=\"button\" tabindex=\"0\" aria-label=\"Abrir la imagen 77 de 106 en pantalla completa\"srcset=\"https:\/\/i2.wp.com\/www.cisa-arica.cl\/wp1\/wp-content\/uploads\/2022\/10\/DSC_2943-600x400.jpg?strip=info&#038;w=600&#038;ssl=1 600w,https:\/\/i2.wp.com\/www.cisa-arica.cl\/wp1\/wp-content\/uploads\/2022\/10\/DSC_2943-600x400.jpg?strip=info&#038;w=900&#038;ssl=1 900w,https:\/\/i2.wp.com\/www.cisa-arica.cl\/wp1\/wp-content\/uploads\/2022\/10\/DSC_2943-600x400.jpg?strip=info&#038;w=1100&#038;ssl=1 1100w\" alt=\"\" data-height=\"733\" data-id=\"17761\" data-link=\"https:\/\/www.cisa-arica.cl\/wp1\/?attachment_id=17761\" data-url=\"https:\/\/www.cisa-arica.cl\/wp1\/wp-content\/uploads\/2022\/10\/DSC_2943-600x400.jpg\" data-width=\"1100\" src=\"https:\/\/i2.wp.com\/www.cisa-arica.cl\/wp1\/wp-content\/uploads\/2022\/10\/DSC_2943-600x400.jpg?ssl=1\" data-amp-layout=\"responsive\"\/><\/figure><\/div><\/div><div class=\"tiled-gallery__row\"><div class=\"tiled-gallery__col\" style=\"flex-basis:66.75536%\"><figure class=\"tiled-gallery__item\"><img decoding=\"async\" data-attachment-id=\"17762\" data-permalink=\"https:\/\/www.cisa-arica.cl\/wp1\/2022\/10\/21\/feria-cientifica-3\/dsc_2946\/\" data-orig-file=\"https:\/\/www.cisa-arica.cl\/wp1\/wp-content\/uploads\/2022\/10\/DSC_2946.jpg\" data-orig-size=\"1100,733\" data-comments-opened=\"0\" data-image-meta=\"{&quot;aperture&quot;:&quot;3.5&quot;,&quot;credit&quot;:&quot;&quot;,&quot;camera&quot;:&quot;NIKON D7100&quot;,&quot;caption&quot;:&quot;&quot;,&quot;created_timestamp&quot;:&quot;1666346354&quot;,&quot;copyright&quot;:&quot;&quot;,&quot;focal_length&quot;:&quot;18&quot;,&quot;iso&quot;:&quot;2000&quot;,&quot;shutter_speed&quot;:&quot;0.0025&quot;,&quot;title&quot;:&quot;&quot;,&quot;orientation&quot;:&quot;0&quot;}\" data-image-title=\"DSC_2946\" data-image-description=\"\" data-image-caption=\"\" data-large-file=\"https:\/\/www.cisa-arica.cl\/wp1\/wp-content\/uploads\/2022\/10\/DSC_2946-600x400.jpg\" data-attachment-id=\"17762\" data-permalink=\"https:\/\/www.cisa-arica.cl\/wp1\/2022\/10\/21\/feria-cientifica-3\/dsc_2946\/\" data-orig-file=\"https:\/\/www.cisa-arica.cl\/wp1\/wp-content\/uploads\/2022\/10\/DSC_2946.jpg\" data-orig-size=\"1100,733\" data-comments-opened=\"0\" data-image-meta=\"{&quot;aperture&quot;:&quot;3.5&quot;,&quot;credit&quot;:&quot;&quot;,&quot;camera&quot;:&quot;NIKON D7100&quot;,&quot;caption&quot;:&quot;&quot;,&quot;created_timestamp&quot;:&quot;1666346354&quot;,&quot;copyright&quot;:&quot;&quot;,&quot;focal_length&quot;:&quot;18&quot;,&quot;iso&quot;:&quot;2000&quot;,&quot;shutter_speed&quot;:&quot;0.0025&quot;,&quot;title&quot;:&quot;&quot;,&quot;orientation&quot;:&quot;0&quot;}\" data-image-title=\"DSC_2946\" data-image-description=\"\" data-image-caption=\"\" data-large-file=\"https:\/\/www.cisa-arica.cl\/wp1\/wp-content\/uploads\/2022\/10\/DSC_2946-600x400.jpg\" role=\"button\" tabindex=\"0\" aria-label=\"Abrir la imagen 78 de 106 en pantalla completa\"srcset=\"https:\/\/i2.wp.com\/www.cisa-arica.cl\/wp1\/wp-content\/uploads\/2022\/10\/DSC_2946-600x400.jpg?strip=info&#038;w=600&#038;ssl=1 600w,https:\/\/i2.wp.com\/www.cisa-arica.cl\/wp1\/wp-content\/uploads\/2022\/10\/DSC_2946-600x400.jpg?strip=info&#038;w=900&#038;ssl=1 900w,https:\/\/i2.wp.com\/www.cisa-arica.cl\/wp1\/wp-content\/uploads\/2022\/10\/DSC_2946-600x400.jpg?strip=info&#038;w=1100&#038;ssl=1 1100w\" alt=\"\" data-height=\"733\" data-id=\"17762\" data-link=\"https:\/\/www.cisa-arica.cl\/wp1\/?attachment_id=17762\" data-url=\"https:\/\/www.cisa-arica.cl\/wp1\/wp-content\/uploads\/2022\/10\/DSC_2946-600x400.jpg\" data-width=\"1100\" src=\"https:\/\/i2.wp.com\/www.cisa-arica.cl\/wp1\/wp-content\/uploads\/2022\/10\/DSC_2946-600x400.jpg?ssl=1\" data-amp-layout=\"responsive\"\/><\/figure><\/div><div class=\"tiled-gallery__col\" style=\"flex-basis:33.24464%\"><figure class=\"tiled-gallery__item\"><img decoding=\"async\" data-attachment-id=\"17763\" data-permalink=\"https:\/\/www.cisa-arica.cl\/wp1\/2022\/10\/21\/feria-cientifica-3\/dsc_2948\/\" data-orig-file=\"https:\/\/www.cisa-arica.cl\/wp1\/wp-content\/uploads\/2022\/10\/DSC_2948.jpg\" data-orig-size=\"1100,733\" data-comments-opened=\"0\" data-image-meta=\"{&quot;aperture&quot;:&quot;3.5&quot;,&quot;credit&quot;:&quot;&quot;,&quot;camera&quot;:&quot;NIKON D7100&quot;,&quot;caption&quot;:&quot;&quot;,&quot;created_timestamp&quot;:&quot;1666346365&quot;,&quot;copyright&quot;:&quot;&quot;,&quot;focal_length&quot;:&quot;18&quot;,&quot;iso&quot;:&quot;2000&quot;,&quot;shutter_speed&quot;:&quot;0.0025&quot;,&quot;title&quot;:&quot;&quot;,&quot;orientation&quot;:&quot;0&quot;}\" data-image-title=\"DSC_2948\" data-image-description=\"\" data-image-caption=\"\" data-large-file=\"https:\/\/www.cisa-arica.cl\/wp1\/wp-content\/uploads\/2022\/10\/DSC_2948-600x400.jpg\" data-attachment-id=\"17763\" data-permalink=\"https:\/\/www.cisa-arica.cl\/wp1\/2022\/10\/21\/feria-cientifica-3\/dsc_2948\/\" data-orig-file=\"https:\/\/www.cisa-arica.cl\/wp1\/wp-content\/uploads\/2022\/10\/DSC_2948.jpg\" data-orig-size=\"1100,733\" data-comments-opened=\"0\" data-image-meta=\"{&quot;aperture&quot;:&quot;3.5&quot;,&quot;credit&quot;:&quot;&quot;,&quot;camera&quot;:&quot;NIKON D7100&quot;,&quot;caption&quot;:&quot;&quot;,&quot;created_timestamp&quot;:&quot;1666346365&quot;,&quot;copyright&quot;:&quot;&quot;,&quot;focal_length&quot;:&quot;18&quot;,&quot;iso&quot;:&quot;2000&quot;,&quot;shutter_speed&quot;:&quot;0.0025&quot;,&quot;title&quot;:&quot;&quot;,&quot;orientation&quot;:&quot;0&quot;}\" data-image-title=\"DSC_2948\" data-image-description=\"\" data-image-caption=\"\" data-large-file=\"https:\/\/www.cisa-arica.cl\/wp1\/wp-content\/uploads\/2022\/10\/DSC_2948-600x400.jpg\" role=\"button\" tabindex=\"0\" aria-label=\"Abrir la imagen 79 de 106 en pantalla completa\"srcset=\"https:\/\/i1.wp.com\/www.cisa-arica.cl\/wp1\/wp-content\/uploads\/2022\/10\/DSC_2948-600x400.jpg?strip=info&#038;w=600&#038;ssl=1 600w,https:\/\/i1.wp.com\/www.cisa-arica.cl\/wp1\/wp-content\/uploads\/2022\/10\/DSC_2948-600x400.jpg?strip=info&#038;w=900&#038;ssl=1 900w,https:\/\/i1.wp.com\/www.cisa-arica.cl\/wp1\/wp-content\/uploads\/2022\/10\/DSC_2948-600x400.jpg?strip=info&#038;w=1100&#038;ssl=1 1100w\" alt=\"\" data-height=\"733\" data-id=\"17763\" data-link=\"https:\/\/www.cisa-arica.cl\/wp1\/?attachment_id=17763\" data-url=\"https:\/\/www.cisa-arica.cl\/wp1\/wp-content\/uploads\/2022\/10\/DSC_2948-600x400.jpg\" data-width=\"1100\" src=\"https:\/\/i1.wp.com\/www.cisa-arica.cl\/wp1\/wp-content\/uploads\/2022\/10\/DSC_2948-600x400.jpg?ssl=1\" data-amp-layout=\"responsive\"\/><\/figure><figure class=\"tiled-gallery__item\"><img decoding=\"async\" data-attachment-id=\"17764\" data-permalink=\"https:\/\/www.cisa-arica.cl\/wp1\/2022\/10\/21\/feria-cientifica-3\/dsc_2949\/\" data-orig-file=\"https:\/\/www.cisa-arica.cl\/wp1\/wp-content\/uploads\/2022\/10\/DSC_2949.jpg\" data-orig-size=\"1100,733\" data-comments-opened=\"0\" data-image-meta=\"{&quot;aperture&quot;:&quot;3.5&quot;,&quot;credit&quot;:&quot;&quot;,&quot;camera&quot;:&quot;NIKON D7100&quot;,&quot;caption&quot;:&quot;&quot;,&quot;created_timestamp&quot;:&quot;1666346401&quot;,&quot;copyright&quot;:&quot;&quot;,&quot;focal_length&quot;:&quot;18&quot;,&quot;iso&quot;:&quot;2000&quot;,&quot;shutter_speed&quot;:&quot;0.0025&quot;,&quot;title&quot;:&quot;&quot;,&quot;orientation&quot;:&quot;0&quot;}\" data-image-title=\"DSC_2949\" data-image-description=\"\" data-image-caption=\"\" data-large-file=\"https:\/\/www.cisa-arica.cl\/wp1\/wp-content\/uploads\/2022\/10\/DSC_2949-600x400.jpg\" data-attachment-id=\"17764\" data-permalink=\"https:\/\/www.cisa-arica.cl\/wp1\/2022\/10\/21\/feria-cientifica-3\/dsc_2949\/\" data-orig-file=\"https:\/\/www.cisa-arica.cl\/wp1\/wp-content\/uploads\/2022\/10\/DSC_2949.jpg\" data-orig-size=\"1100,733\" data-comments-opened=\"0\" data-image-meta=\"{&quot;aperture&quot;:&quot;3.5&quot;,&quot;credit&quot;:&quot;&quot;,&quot;camera&quot;:&quot;NIKON D7100&quot;,&quot;caption&quot;:&quot;&quot;,&quot;created_timestamp&quot;:&quot;1666346401&quot;,&quot;copyright&quot;:&quot;&quot;,&quot;focal_length&quot;:&quot;18&quot;,&quot;iso&quot;:&quot;2000&quot;,&quot;shutter_speed&quot;:&quot;0.0025&quot;,&quot;title&quot;:&quot;&quot;,&quot;orientation&quot;:&quot;0&quot;}\" data-image-title=\"DSC_2949\" data-image-description=\"\" data-image-caption=\"\" data-large-file=\"https:\/\/www.cisa-arica.cl\/wp1\/wp-content\/uploads\/2022\/10\/DSC_2949-600x400.jpg\" role=\"button\" tabindex=\"0\" aria-label=\"Abrir la imagen 80 de 106 en pantalla completa\"srcset=\"https:\/\/i1.wp.com\/www.cisa-arica.cl\/wp1\/wp-content\/uploads\/2022\/10\/DSC_2949-600x400.jpg?strip=info&#038;w=600&#038;ssl=1 600w,https:\/\/i1.wp.com\/www.cisa-arica.cl\/wp1\/wp-content\/uploads\/2022\/10\/DSC_2949-600x400.jpg?strip=info&#038;w=900&#038;ssl=1 900w,https:\/\/i1.wp.com\/www.cisa-arica.cl\/wp1\/wp-content\/uploads\/2022\/10\/DSC_2949-600x400.jpg?strip=info&#038;w=1100&#038;ssl=1 1100w\" alt=\"\" data-height=\"733\" data-id=\"17764\" data-link=\"https:\/\/www.cisa-arica.cl\/wp1\/?attachment_id=17764\" data-url=\"https:\/\/www.cisa-arica.cl\/wp1\/wp-content\/uploads\/2022\/10\/DSC_2949-600x400.jpg\" data-width=\"1100\" src=\"https:\/\/i1.wp.com\/www.cisa-arica.cl\/wp1\/wp-content\/uploads\/2022\/10\/DSC_2949-600x400.jpg?ssl=1\" data-amp-layout=\"responsive\"\/><\/figure><\/div><\/div><div class=\"tiled-gallery__row\"><div class=\"tiled-gallery__col\" style=\"flex-basis:34.53184%\"><figure class=\"tiled-gallery__item\"><img decoding=\"async\" data-attachment-id=\"17765\" data-permalink=\"https:\/\/www.cisa-arica.cl\/wp1\/2022\/10\/21\/feria-cientifica-3\/dsc_2950\/\" data-orig-file=\"https:\/\/www.cisa-arica.cl\/wp1\/wp-content\/uploads\/2022\/10\/DSC_2950.jpg\" data-orig-size=\"1100,733\" data-comments-opened=\"0\" data-image-meta=\"{&quot;aperture&quot;:&quot;3.5&quot;,&quot;credit&quot;:&quot;&quot;,&quot;camera&quot;:&quot;NIKON D7100&quot;,&quot;caption&quot;:&quot;&quot;,&quot;created_timestamp&quot;:&quot;1666346437&quot;,&quot;copyright&quot;:&quot;&quot;,&quot;focal_length&quot;:&quot;18&quot;,&quot;iso&quot;:&quot;2000&quot;,&quot;shutter_speed&quot;:&quot;0.0025&quot;,&quot;title&quot;:&quot;&quot;,&quot;orientation&quot;:&quot;0&quot;}\" data-image-title=\"DSC_2950\" data-image-description=\"\" data-image-caption=\"\" data-large-file=\"https:\/\/www.cisa-arica.cl\/wp1\/wp-content\/uploads\/2022\/10\/DSC_2950-600x400.jpg\" data-attachment-id=\"17765\" data-permalink=\"https:\/\/www.cisa-arica.cl\/wp1\/2022\/10\/21\/feria-cientifica-3\/dsc_2950\/\" data-orig-file=\"https:\/\/www.cisa-arica.cl\/wp1\/wp-content\/uploads\/2022\/10\/DSC_2950.jpg\" data-orig-size=\"1100,733\" data-comments-opened=\"0\" data-image-meta=\"{&quot;aperture&quot;:&quot;3.5&quot;,&quot;credit&quot;:&quot;&quot;,&quot;camera&quot;:&quot;NIKON D7100&quot;,&quot;caption&quot;:&quot;&quot;,&quot;created_timestamp&quot;:&quot;1666346437&quot;,&quot;copyright&quot;:&quot;&quot;,&quot;focal_length&quot;:&quot;18&quot;,&quot;iso&quot;:&quot;2000&quot;,&quot;shutter_speed&quot;:&quot;0.0025&quot;,&quot;title&quot;:&quot;&quot;,&quot;orientation&quot;:&quot;0&quot;}\" data-image-title=\"DSC_2950\" data-image-description=\"\" data-image-caption=\"\" data-large-file=\"https:\/\/www.cisa-arica.cl\/wp1\/wp-content\/uploads\/2022\/10\/DSC_2950-600x400.jpg\" role=\"button\" tabindex=\"0\" aria-label=\"Abrir la imagen 81 de 106 en pantalla completa\"srcset=\"https:\/\/i0.wp.com\/www.cisa-arica.cl\/wp1\/wp-content\/uploads\/2022\/10\/DSC_2950-600x400.jpg?strip=info&#038;w=600&#038;ssl=1 600w,https:\/\/i0.wp.com\/www.cisa-arica.cl\/wp1\/wp-content\/uploads\/2022\/10\/DSC_2950-600x400.jpg?strip=info&#038;w=900&#038;ssl=1 900w,https:\/\/i0.wp.com\/www.cisa-arica.cl\/wp1\/wp-content\/uploads\/2022\/10\/DSC_2950-600x400.jpg?strip=info&#038;w=1100&#038;ssl=1 1100w\" alt=\"\" data-height=\"733\" data-id=\"17765\" data-link=\"https:\/\/www.cisa-arica.cl\/wp1\/?attachment_id=17765\" data-url=\"https:\/\/www.cisa-arica.cl\/wp1\/wp-content\/uploads\/2022\/10\/DSC_2950-600x400.jpg\" data-width=\"1100\" src=\"https:\/\/i0.wp.com\/www.cisa-arica.cl\/wp1\/wp-content\/uploads\/2022\/10\/DSC_2950-600x400.jpg?ssl=1\" data-amp-layout=\"responsive\"\/><\/figure><figure class=\"tiled-gallery__item\"><img decoding=\"async\" data-attachment-id=\"17766\" data-permalink=\"https:\/\/www.cisa-arica.cl\/wp1\/2022\/10\/21\/feria-cientifica-3\/dsc_2955-2\/\" data-orig-file=\"https:\/\/www.cisa-arica.cl\/wp1\/wp-content\/uploads\/2022\/10\/DSC_2955.jpg\" data-orig-size=\"1100,733\" data-comments-opened=\"0\" data-image-meta=\"{&quot;aperture&quot;:&quot;4.5&quot;,&quot;credit&quot;:&quot;&quot;,&quot;camera&quot;:&quot;NIKON D7100&quot;,&quot;caption&quot;:&quot;&quot;,&quot;created_timestamp&quot;:&quot;1666346481&quot;,&quot;copyright&quot;:&quot;&quot;,&quot;focal_length&quot;:&quot;35&quot;,&quot;iso&quot;:&quot;2000&quot;,&quot;shutter_speed&quot;:&quot;0.0015625&quot;,&quot;title&quot;:&quot;&quot;,&quot;orientation&quot;:&quot;0&quot;}\" data-image-title=\"DSC_2955\" data-image-description=\"\" data-image-caption=\"\" data-large-file=\"https:\/\/www.cisa-arica.cl\/wp1\/wp-content\/uploads\/2022\/10\/DSC_2955-600x400.jpg\" data-attachment-id=\"17766\" data-permalink=\"https:\/\/www.cisa-arica.cl\/wp1\/2022\/10\/21\/feria-cientifica-3\/dsc_2955-2\/\" data-orig-file=\"https:\/\/www.cisa-arica.cl\/wp1\/wp-content\/uploads\/2022\/10\/DSC_2955.jpg\" data-orig-size=\"1100,733\" data-comments-opened=\"0\" data-image-meta=\"{&quot;aperture&quot;:&quot;4.5&quot;,&quot;credit&quot;:&quot;&quot;,&quot;camera&quot;:&quot;NIKON D7100&quot;,&quot;caption&quot;:&quot;&quot;,&quot;created_timestamp&quot;:&quot;1666346481&quot;,&quot;copyright&quot;:&quot;&quot;,&quot;focal_length&quot;:&quot;35&quot;,&quot;iso&quot;:&quot;2000&quot;,&quot;shutter_speed&quot;:&quot;0.0015625&quot;,&quot;title&quot;:&quot;&quot;,&quot;orientation&quot;:&quot;0&quot;}\" data-image-title=\"DSC_2955\" data-image-description=\"\" data-image-caption=\"\" data-large-file=\"https:\/\/www.cisa-arica.cl\/wp1\/wp-content\/uploads\/2022\/10\/DSC_2955-600x400.jpg\" role=\"button\" tabindex=\"0\" aria-label=\"Abrir la imagen 82 de 106 en pantalla completa\"srcset=\"https:\/\/i2.wp.com\/www.cisa-arica.cl\/wp1\/wp-content\/uploads\/2022\/10\/DSC_2955-600x400.jpg?strip=info&#038;w=600&#038;ssl=1 600w,https:\/\/i2.wp.com\/www.cisa-arica.cl\/wp1\/wp-content\/uploads\/2022\/10\/DSC_2955-600x400.jpg?strip=info&#038;w=900&#038;ssl=1 900w,https:\/\/i2.wp.com\/www.cisa-arica.cl\/wp1\/wp-content\/uploads\/2022\/10\/DSC_2955-600x400.jpg?strip=info&#038;w=1100&#038;ssl=1 1100w\" alt=\"\" data-height=\"733\" data-id=\"17766\" data-link=\"https:\/\/www.cisa-arica.cl\/wp1\/?attachment_id=17766\" data-url=\"https:\/\/www.cisa-arica.cl\/wp1\/wp-content\/uploads\/2022\/10\/DSC_2955-600x400.jpg\" data-width=\"1100\" src=\"https:\/\/i2.wp.com\/www.cisa-arica.cl\/wp1\/wp-content\/uploads\/2022\/10\/DSC_2955-600x400.jpg?ssl=1\" data-amp-layout=\"responsive\"\/><\/figure><\/div><div class=\"tiled-gallery__col\" style=\"flex-basis:30.93631%\"><figure class=\"tiled-gallery__item\"><img decoding=\"async\" data-attachment-id=\"17767\" data-permalink=\"https:\/\/www.cisa-arica.cl\/wp1\/2022\/10\/21\/feria-cientifica-3\/dsc_2957\/\" data-orig-file=\"https:\/\/www.cisa-arica.cl\/wp1\/wp-content\/uploads\/2022\/10\/DSC_2957.jpg\" data-orig-size=\"733,1100\" data-comments-opened=\"0\" data-image-meta=\"{&quot;aperture&quot;:&quot;4.5&quot;,&quot;credit&quot;:&quot;&quot;,&quot;camera&quot;:&quot;NIKON D7100&quot;,&quot;caption&quot;:&quot;&quot;,&quot;created_timestamp&quot;:&quot;1666346486&quot;,&quot;copyright&quot;:&quot;&quot;,&quot;focal_length&quot;:&quot;35&quot;,&quot;iso&quot;:&quot;2000&quot;,&quot;shutter_speed&quot;:&quot;0.0015625&quot;,&quot;title&quot;:&quot;&quot;,&quot;orientation&quot;:&quot;0&quot;}\" data-image-title=\"DSC_2957\" data-image-description=\"\" data-image-caption=\"\" data-large-file=\"https:\/\/www.cisa-arica.cl\/wp1\/wp-content\/uploads\/2022\/10\/DSC_2957-400x600.jpg\" data-attachment-id=\"17767\" data-permalink=\"https:\/\/www.cisa-arica.cl\/wp1\/2022\/10\/21\/feria-cientifica-3\/dsc_2957\/\" data-orig-file=\"https:\/\/www.cisa-arica.cl\/wp1\/wp-content\/uploads\/2022\/10\/DSC_2957.jpg\" data-orig-size=\"733,1100\" data-comments-opened=\"0\" data-image-meta=\"{&quot;aperture&quot;:&quot;4.5&quot;,&quot;credit&quot;:&quot;&quot;,&quot;camera&quot;:&quot;NIKON D7100&quot;,&quot;caption&quot;:&quot;&quot;,&quot;created_timestamp&quot;:&quot;1666346486&quot;,&quot;copyright&quot;:&quot;&quot;,&quot;focal_length&quot;:&quot;35&quot;,&quot;iso&quot;:&quot;2000&quot;,&quot;shutter_speed&quot;:&quot;0.0015625&quot;,&quot;title&quot;:&quot;&quot;,&quot;orientation&quot;:&quot;0&quot;}\" data-image-title=\"DSC_2957\" data-image-description=\"\" data-image-caption=\"\" data-large-file=\"https:\/\/www.cisa-arica.cl\/wp1\/wp-content\/uploads\/2022\/10\/DSC_2957-400x600.jpg\" role=\"button\" tabindex=\"0\" aria-label=\"Abrir la imagen 83 de 106 en pantalla completa\"srcset=\"https:\/\/i2.wp.com\/www.cisa-arica.cl\/wp1\/wp-content\/uploads\/2022\/10\/DSC_2957-400x600.jpg?strip=info&#038;w=600&#038;ssl=1 600w,https:\/\/i2.wp.com\/www.cisa-arica.cl\/wp1\/wp-content\/uploads\/2022\/10\/DSC_2957-400x600.jpg?strip=info&#038;w=733&#038;ssl=1 733w\" alt=\"\" data-height=\"1100\" data-id=\"17767\" data-link=\"https:\/\/www.cisa-arica.cl\/wp1\/?attachment_id=17767\" data-url=\"https:\/\/www.cisa-arica.cl\/wp1\/wp-content\/uploads\/2022\/10\/DSC_2957-400x600.jpg\" data-width=\"733\" src=\"https:\/\/i2.wp.com\/www.cisa-arica.cl\/wp1\/wp-content\/uploads\/2022\/10\/DSC_2957-400x600.jpg?ssl=1\" data-amp-layout=\"responsive\"\/><\/figure><\/div><div class=\"tiled-gallery__col\" style=\"flex-basis:34.53184%\"><figure class=\"tiled-gallery__item\"><img decoding=\"async\" data-attachment-id=\"17768\" data-permalink=\"https:\/\/www.cisa-arica.cl\/wp1\/2022\/10\/21\/feria-cientifica-3\/dsc_2959\/\" data-orig-file=\"https:\/\/www.cisa-arica.cl\/wp1\/wp-content\/uploads\/2022\/10\/DSC_2959.jpg\" data-orig-size=\"1100,733\" data-comments-opened=\"0\" data-image-meta=\"{&quot;aperture&quot;:&quot;3.5&quot;,&quot;credit&quot;:&quot;&quot;,&quot;camera&quot;:&quot;NIKON D7100&quot;,&quot;caption&quot;:&quot;&quot;,&quot;created_timestamp&quot;:&quot;1666346526&quot;,&quot;copyright&quot;:&quot;&quot;,&quot;focal_length&quot;:&quot;18&quot;,&quot;iso&quot;:&quot;2000&quot;,&quot;shutter_speed&quot;:&quot;0.0015625&quot;,&quot;title&quot;:&quot;&quot;,&quot;orientation&quot;:&quot;0&quot;}\" data-image-title=\"DSC_2959\" data-image-description=\"\" data-image-caption=\"\" data-large-file=\"https:\/\/www.cisa-arica.cl\/wp1\/wp-content\/uploads\/2022\/10\/DSC_2959-600x400.jpg\" data-attachment-id=\"17768\" data-permalink=\"https:\/\/www.cisa-arica.cl\/wp1\/2022\/10\/21\/feria-cientifica-3\/dsc_2959\/\" data-orig-file=\"https:\/\/www.cisa-arica.cl\/wp1\/wp-content\/uploads\/2022\/10\/DSC_2959.jpg\" data-orig-size=\"1100,733\" data-comments-opened=\"0\" data-image-meta=\"{&quot;aperture&quot;:&quot;3.5&quot;,&quot;credit&quot;:&quot;&quot;,&quot;camera&quot;:&quot;NIKON D7100&quot;,&quot;caption&quot;:&quot;&quot;,&quot;created_timestamp&quot;:&quot;1666346526&quot;,&quot;copyright&quot;:&quot;&quot;,&quot;focal_length&quot;:&quot;18&quot;,&quot;iso&quot;:&quot;2000&quot;,&quot;shutter_speed&quot;:&quot;0.0015625&quot;,&quot;title&quot;:&quot;&quot;,&quot;orientation&quot;:&quot;0&quot;}\" data-image-title=\"DSC_2959\" data-image-description=\"\" data-image-caption=\"\" data-large-file=\"https:\/\/www.cisa-arica.cl\/wp1\/wp-content\/uploads\/2022\/10\/DSC_2959-600x400.jpg\" role=\"button\" tabindex=\"0\" aria-label=\"Abrir la imagen 84 de 106 en pantalla completa\"srcset=\"https:\/\/i2.wp.com\/www.cisa-arica.cl\/wp1\/wp-content\/uploads\/2022\/10\/DSC_2959-600x400.jpg?strip=info&#038;w=600&#038;ssl=1 600w,https:\/\/i2.wp.com\/www.cisa-arica.cl\/wp1\/wp-content\/uploads\/2022\/10\/DSC_2959-600x400.jpg?strip=info&#038;w=900&#038;ssl=1 900w,https:\/\/i2.wp.com\/www.cisa-arica.cl\/wp1\/wp-content\/uploads\/2022\/10\/DSC_2959-600x400.jpg?strip=info&#038;w=1100&#038;ssl=1 1100w\" alt=\"\" data-height=\"733\" data-id=\"17768\" data-link=\"https:\/\/www.cisa-arica.cl\/wp1\/?attachment_id=17768\" data-url=\"https:\/\/www.cisa-arica.cl\/wp1\/wp-content\/uploads\/2022\/10\/DSC_2959-600x400.jpg\" data-width=\"1100\" src=\"https:\/\/i2.wp.com\/www.cisa-arica.cl\/wp1\/wp-content\/uploads\/2022\/10\/DSC_2959-600x400.jpg?ssl=1\" data-amp-layout=\"responsive\"\/><\/figure><figure class=\"tiled-gallery__item\"><img decoding=\"async\" data-attachment-id=\"17769\" data-permalink=\"https:\/\/www.cisa-arica.cl\/wp1\/2022\/10\/21\/feria-cientifica-3\/dsc_2978\/\" data-orig-file=\"https:\/\/www.cisa-arica.cl\/wp1\/wp-content\/uploads\/2022\/10\/DSC_2978.jpg\" data-orig-size=\"1100,733\" data-comments-opened=\"0\" data-image-meta=\"{&quot;aperture&quot;:&quot;4.2&quot;,&quot;credit&quot;:&quot;&quot;,&quot;camera&quot;:&quot;NIKON D7100&quot;,&quot;caption&quot;:&quot;&quot;,&quot;created_timestamp&quot;:&quot;1666347184&quot;,&quot;copyright&quot;:&quot;&quot;,&quot;focal_length&quot;:&quot;34&quot;,&quot;iso&quot;:&quot;2000&quot;,&quot;shutter_speed&quot;:&quot;0.000625&quot;,&quot;title&quot;:&quot;&quot;,&quot;orientation&quot;:&quot;0&quot;}\" data-image-title=\"DSC_2978\" data-image-description=\"\" data-image-caption=\"\" data-large-file=\"https:\/\/www.cisa-arica.cl\/wp1\/wp-content\/uploads\/2022\/10\/DSC_2978-600x400.jpg\" data-attachment-id=\"17769\" data-permalink=\"https:\/\/www.cisa-arica.cl\/wp1\/2022\/10\/21\/feria-cientifica-3\/dsc_2978\/\" data-orig-file=\"https:\/\/www.cisa-arica.cl\/wp1\/wp-content\/uploads\/2022\/10\/DSC_2978.jpg\" data-orig-size=\"1100,733\" data-comments-opened=\"0\" data-image-meta=\"{&quot;aperture&quot;:&quot;4.2&quot;,&quot;credit&quot;:&quot;&quot;,&quot;camera&quot;:&quot;NIKON D7100&quot;,&quot;caption&quot;:&quot;&quot;,&quot;created_timestamp&quot;:&quot;1666347184&quot;,&quot;copyright&quot;:&quot;&quot;,&quot;focal_length&quot;:&quot;34&quot;,&quot;iso&quot;:&quot;2000&quot;,&quot;shutter_speed&quot;:&quot;0.000625&quot;,&quot;title&quot;:&quot;&quot;,&quot;orientation&quot;:&quot;0&quot;}\" data-image-title=\"DSC_2978\" data-image-description=\"\" data-image-caption=\"\" data-large-file=\"https:\/\/www.cisa-arica.cl\/wp1\/wp-content\/uploads\/2022\/10\/DSC_2978-600x400.jpg\" role=\"button\" tabindex=\"0\" aria-label=\"Abrir la imagen 85 de 106 en pantalla completa\"srcset=\"https:\/\/i1.wp.com\/www.cisa-arica.cl\/wp1\/wp-content\/uploads\/2022\/10\/DSC_2978-600x400.jpg?strip=info&#038;w=600&#038;ssl=1 600w,https:\/\/i1.wp.com\/www.cisa-arica.cl\/wp1\/wp-content\/uploads\/2022\/10\/DSC_2978-600x400.jpg?strip=info&#038;w=900&#038;ssl=1 900w,https:\/\/i1.wp.com\/www.cisa-arica.cl\/wp1\/wp-content\/uploads\/2022\/10\/DSC_2978-600x400.jpg?strip=info&#038;w=1100&#038;ssl=1 1100w\" alt=\"\" data-height=\"733\" data-id=\"17769\" data-link=\"https:\/\/www.cisa-arica.cl\/wp1\/?attachment_id=17769\" data-url=\"https:\/\/www.cisa-arica.cl\/wp1\/wp-content\/uploads\/2022\/10\/DSC_2978-600x400.jpg\" data-width=\"1100\" src=\"https:\/\/i1.wp.com\/www.cisa-arica.cl\/wp1\/wp-content\/uploads\/2022\/10\/DSC_2978-600x400.jpg?ssl=1\" data-amp-layout=\"responsive\"\/><\/figure><\/div><\/div><div class=\"tiled-gallery__row\"><div class=\"tiled-gallery__col\" style=\"flex-basis:33.33333%\"><figure class=\"tiled-gallery__item\"><img decoding=\"async\" data-attachment-id=\"17770\" data-permalink=\"https:\/\/www.cisa-arica.cl\/wp1\/2022\/10\/21\/feria-cientifica-3\/dsc_2980\/\" data-orig-file=\"https:\/\/www.cisa-arica.cl\/wp1\/wp-content\/uploads\/2022\/10\/DSC_2980.jpg\" data-orig-size=\"1100,733\" data-comments-opened=\"0\" data-image-meta=\"{&quot;aperture&quot;:&quot;5.6&quot;,&quot;credit&quot;:&quot;&quot;,&quot;camera&quot;:&quot;NIKON D7100&quot;,&quot;caption&quot;:&quot;&quot;,&quot;created_timestamp&quot;:&quot;1666347188&quot;,&quot;copyright&quot;:&quot;&quot;,&quot;focal_length&quot;:&quot;90&quot;,&quot;iso&quot;:&quot;2000&quot;,&quot;shutter_speed&quot;:&quot;0.000625&quot;,&quot;title&quot;:&quot;&quot;,&quot;orientation&quot;:&quot;0&quot;}\" data-image-title=\"DSC_2980\" data-image-description=\"\" data-image-caption=\"\" data-large-file=\"https:\/\/www.cisa-arica.cl\/wp1\/wp-content\/uploads\/2022\/10\/DSC_2980-600x400.jpg\" data-attachment-id=\"17770\" data-permalink=\"https:\/\/www.cisa-arica.cl\/wp1\/2022\/10\/21\/feria-cientifica-3\/dsc_2980\/\" data-orig-file=\"https:\/\/www.cisa-arica.cl\/wp1\/wp-content\/uploads\/2022\/10\/DSC_2980.jpg\" data-orig-size=\"1100,733\" data-comments-opened=\"0\" data-image-meta=\"{&quot;aperture&quot;:&quot;5.6&quot;,&quot;credit&quot;:&quot;&quot;,&quot;camera&quot;:&quot;NIKON D7100&quot;,&quot;caption&quot;:&quot;&quot;,&quot;created_timestamp&quot;:&quot;1666347188&quot;,&quot;copyright&quot;:&quot;&quot;,&quot;focal_length&quot;:&quot;90&quot;,&quot;iso&quot;:&quot;2000&quot;,&quot;shutter_speed&quot;:&quot;0.000625&quot;,&quot;title&quot;:&quot;&quot;,&quot;orientation&quot;:&quot;0&quot;}\" data-image-title=\"DSC_2980\" data-image-description=\"\" data-image-caption=\"\" data-large-file=\"https:\/\/www.cisa-arica.cl\/wp1\/wp-content\/uploads\/2022\/10\/DSC_2980-600x400.jpg\" role=\"button\" tabindex=\"0\" aria-label=\"Abrir la imagen 86 de 106 en pantalla completa\"srcset=\"https:\/\/i1.wp.com\/www.cisa-arica.cl\/wp1\/wp-content\/uploads\/2022\/10\/DSC_2980-600x400.jpg?strip=info&#038;w=600&#038;ssl=1 600w,https:\/\/i1.wp.com\/www.cisa-arica.cl\/wp1\/wp-content\/uploads\/2022\/10\/DSC_2980-600x400.jpg?strip=info&#038;w=900&#038;ssl=1 900w,https:\/\/i1.wp.com\/www.cisa-arica.cl\/wp1\/wp-content\/uploads\/2022\/10\/DSC_2980-600x400.jpg?strip=info&#038;w=1100&#038;ssl=1 1100w\" alt=\"\" data-height=\"733\" data-id=\"17770\" data-link=\"https:\/\/www.cisa-arica.cl\/wp1\/?attachment_id=17770\" data-url=\"https:\/\/www.cisa-arica.cl\/wp1\/wp-content\/uploads\/2022\/10\/DSC_2980-600x400.jpg\" data-width=\"1100\" src=\"https:\/\/i1.wp.com\/www.cisa-arica.cl\/wp1\/wp-content\/uploads\/2022\/10\/DSC_2980-600x400.jpg?ssl=1\" data-amp-layout=\"responsive\"\/><\/figure><\/div><div class=\"tiled-gallery__col\" style=\"flex-basis:33.33333%\"><figure class=\"tiled-gallery__item\"><img decoding=\"async\" data-attachment-id=\"17771\" data-permalink=\"https:\/\/www.cisa-arica.cl\/wp1\/2022\/10\/21\/feria-cientifica-3\/dsc_2981-2\/\" data-orig-file=\"https:\/\/www.cisa-arica.cl\/wp1\/wp-content\/uploads\/2022\/10\/DSC_2981.jpg\" data-orig-size=\"1100,733\" data-comments-opened=\"0\" data-image-meta=\"{&quot;aperture&quot;:&quot;4&quot;,&quot;credit&quot;:&quot;&quot;,&quot;camera&quot;:&quot;NIKON D7100&quot;,&quot;caption&quot;:&quot;&quot;,&quot;created_timestamp&quot;:&quot;1666347191&quot;,&quot;copyright&quot;:&quot;&quot;,&quot;focal_length&quot;:&quot;25&quot;,&quot;iso&quot;:&quot;2000&quot;,&quot;shutter_speed&quot;:&quot;0.000625&quot;,&quot;title&quot;:&quot;&quot;,&quot;orientation&quot;:&quot;0&quot;}\" data-image-title=\"DSC_2981\" data-image-description=\"\" data-image-caption=\"\" data-large-file=\"https:\/\/www.cisa-arica.cl\/wp1\/wp-content\/uploads\/2022\/10\/DSC_2981-600x400.jpg\" data-attachment-id=\"17771\" data-permalink=\"https:\/\/www.cisa-arica.cl\/wp1\/2022\/10\/21\/feria-cientifica-3\/dsc_2981-2\/\" data-orig-file=\"https:\/\/www.cisa-arica.cl\/wp1\/wp-content\/uploads\/2022\/10\/DSC_2981.jpg\" data-orig-size=\"1100,733\" data-comments-opened=\"0\" data-image-meta=\"{&quot;aperture&quot;:&quot;4&quot;,&quot;credit&quot;:&quot;&quot;,&quot;camera&quot;:&quot;NIKON D7100&quot;,&quot;caption&quot;:&quot;&quot;,&quot;created_timestamp&quot;:&quot;1666347191&quot;,&quot;copyright&quot;:&quot;&quot;,&quot;focal_length&quot;:&quot;25&quot;,&quot;iso&quot;:&quot;2000&quot;,&quot;shutter_speed&quot;:&quot;0.000625&quot;,&quot;title&quot;:&quot;&quot;,&quot;orientation&quot;:&quot;0&quot;}\" data-image-title=\"DSC_2981\" data-image-description=\"\" data-image-caption=\"\" data-large-file=\"https:\/\/www.cisa-arica.cl\/wp1\/wp-content\/uploads\/2022\/10\/DSC_2981-600x400.jpg\" role=\"button\" tabindex=\"0\" aria-label=\"Abrir la imagen 87 de 106 en pantalla completa\"srcset=\"https:\/\/i2.wp.com\/www.cisa-arica.cl\/wp1\/wp-content\/uploads\/2022\/10\/DSC_2981-600x400.jpg?strip=info&#038;w=600&#038;ssl=1 600w,https:\/\/i2.wp.com\/www.cisa-arica.cl\/wp1\/wp-content\/uploads\/2022\/10\/DSC_2981-600x400.jpg?strip=info&#038;w=900&#038;ssl=1 900w,https:\/\/i2.wp.com\/www.cisa-arica.cl\/wp1\/wp-content\/uploads\/2022\/10\/DSC_2981-600x400.jpg?strip=info&#038;w=1100&#038;ssl=1 1100w\" alt=\"\" data-height=\"733\" data-id=\"17771\" data-link=\"https:\/\/www.cisa-arica.cl\/wp1\/?attachment_id=17771\" data-url=\"https:\/\/www.cisa-arica.cl\/wp1\/wp-content\/uploads\/2022\/10\/DSC_2981-600x400.jpg\" data-width=\"1100\" src=\"https:\/\/i2.wp.com\/www.cisa-arica.cl\/wp1\/wp-content\/uploads\/2022\/10\/DSC_2981-600x400.jpg?ssl=1\" data-amp-layout=\"responsive\"\/><\/figure><\/div><div class=\"tiled-gallery__col\" style=\"flex-basis:33.33333%\"><figure class=\"tiled-gallery__item\"><img decoding=\"async\" data-attachment-id=\"17772\" data-permalink=\"https:\/\/www.cisa-arica.cl\/wp1\/2022\/10\/21\/feria-cientifica-3\/dsc_2982\/\" data-orig-file=\"https:\/\/www.cisa-arica.cl\/wp1\/wp-content\/uploads\/2022\/10\/DSC_2982.jpg\" data-orig-size=\"1100,733\" data-comments-opened=\"0\" data-image-meta=\"{&quot;aperture&quot;:&quot;5.6&quot;,&quot;credit&quot;:&quot;&quot;,&quot;camera&quot;:&quot;NIKON D7100&quot;,&quot;caption&quot;:&quot;&quot;,&quot;created_timestamp&quot;:&quot;1666347193&quot;,&quot;copyright&quot;:&quot;&quot;,&quot;focal_length&quot;:&quot;105&quot;,&quot;iso&quot;:&quot;2000&quot;,&quot;shutter_speed&quot;:&quot;0.000625&quot;,&quot;title&quot;:&quot;&quot;,&quot;orientation&quot;:&quot;0&quot;}\" data-image-title=\"DSC_2982\" data-image-description=\"\" data-image-caption=\"\" data-large-file=\"https:\/\/www.cisa-arica.cl\/wp1\/wp-content\/uploads\/2022\/10\/DSC_2982-600x400.jpg\" data-attachment-id=\"17772\" data-permalink=\"https:\/\/www.cisa-arica.cl\/wp1\/2022\/10\/21\/feria-cientifica-3\/dsc_2982\/\" data-orig-file=\"https:\/\/www.cisa-arica.cl\/wp1\/wp-content\/uploads\/2022\/10\/DSC_2982.jpg\" data-orig-size=\"1100,733\" data-comments-opened=\"0\" data-image-meta=\"{&quot;aperture&quot;:&quot;5.6&quot;,&quot;credit&quot;:&quot;&quot;,&quot;camera&quot;:&quot;NIKON D7100&quot;,&quot;caption&quot;:&quot;&quot;,&quot;created_timestamp&quot;:&quot;1666347193&quot;,&quot;copyright&quot;:&quot;&quot;,&quot;focal_length&quot;:&quot;105&quot;,&quot;iso&quot;:&quot;2000&quot;,&quot;shutter_speed&quot;:&quot;0.000625&quot;,&quot;title&quot;:&quot;&quot;,&quot;orientation&quot;:&quot;0&quot;}\" data-image-title=\"DSC_2982\" data-image-description=\"\" data-image-caption=\"\" data-large-file=\"https:\/\/www.cisa-arica.cl\/wp1\/wp-content\/uploads\/2022\/10\/DSC_2982-600x400.jpg\" role=\"button\" tabindex=\"0\" aria-label=\"Abrir la imagen 88 de 106 en pantalla completa\"srcset=\"https:\/\/i1.wp.com\/www.cisa-arica.cl\/wp1\/wp-content\/uploads\/2022\/10\/DSC_2982-600x400.jpg?strip=info&#038;w=600&#038;ssl=1 600w,https:\/\/i1.wp.com\/www.cisa-arica.cl\/wp1\/wp-content\/uploads\/2022\/10\/DSC_2982-600x400.jpg?strip=info&#038;w=900&#038;ssl=1 900w,https:\/\/i1.wp.com\/www.cisa-arica.cl\/wp1\/wp-content\/uploads\/2022\/10\/DSC_2982-600x400.jpg?strip=info&#038;w=1100&#038;ssl=1 1100w\" alt=\"\" data-height=\"733\" data-id=\"17772\" data-link=\"https:\/\/www.cisa-arica.cl\/wp1\/?attachment_id=17772\" data-url=\"https:\/\/www.cisa-arica.cl\/wp1\/wp-content\/uploads\/2022\/10\/DSC_2982-600x400.jpg\" data-width=\"1100\" src=\"https:\/\/i1.wp.com\/www.cisa-arica.cl\/wp1\/wp-content\/uploads\/2022\/10\/DSC_2982-600x400.jpg?ssl=1\" data-amp-layout=\"responsive\"\/><\/figure><\/div><\/div><div class=\"tiled-gallery__row\"><div class=\"tiled-gallery__col\" style=\"flex-basis:33.24464%\"><figure class=\"tiled-gallery__item\"><img decoding=\"async\" data-attachment-id=\"17773\" data-permalink=\"https:\/\/www.cisa-arica.cl\/wp1\/2022\/10\/21\/feria-cientifica-3\/dsc_2987\/\" data-orig-file=\"https:\/\/www.cisa-arica.cl\/wp1\/wp-content\/uploads\/2022\/10\/DSC_2987.jpg\" data-orig-size=\"1100,733\" data-comments-opened=\"0\" data-image-meta=\"{&quot;aperture&quot;:&quot;5&quot;,&quot;credit&quot;:&quot;&quot;,&quot;camera&quot;:&quot;NIKON D7100&quot;,&quot;caption&quot;:&quot;&quot;,&quot;created_timestamp&quot;:&quot;1666347216&quot;,&quot;copyright&quot;:&quot;&quot;,&quot;focal_length&quot;:&quot;52&quot;,&quot;iso&quot;:&quot;2000&quot;,&quot;shutter_speed&quot;:&quot;0.000625&quot;,&quot;title&quot;:&quot;&quot;,&quot;orientation&quot;:&quot;0&quot;}\" data-image-title=\"DSC_2987\" data-image-description=\"\" data-image-caption=\"\" data-large-file=\"https:\/\/www.cisa-arica.cl\/wp1\/wp-content\/uploads\/2022\/10\/DSC_2987-600x400.jpg\" data-attachment-id=\"17773\" data-permalink=\"https:\/\/www.cisa-arica.cl\/wp1\/2022\/10\/21\/feria-cientifica-3\/dsc_2987\/\" data-orig-file=\"https:\/\/www.cisa-arica.cl\/wp1\/wp-content\/uploads\/2022\/10\/DSC_2987.jpg\" data-orig-size=\"1100,733\" data-comments-opened=\"0\" data-image-meta=\"{&quot;aperture&quot;:&quot;5&quot;,&quot;credit&quot;:&quot;&quot;,&quot;camera&quot;:&quot;NIKON D7100&quot;,&quot;caption&quot;:&quot;&quot;,&quot;created_timestamp&quot;:&quot;1666347216&quot;,&quot;copyright&quot;:&quot;&quot;,&quot;focal_length&quot;:&quot;52&quot;,&quot;iso&quot;:&quot;2000&quot;,&quot;shutter_speed&quot;:&quot;0.000625&quot;,&quot;title&quot;:&quot;&quot;,&quot;orientation&quot;:&quot;0&quot;}\" data-image-title=\"DSC_2987\" data-image-description=\"\" data-image-caption=\"\" data-large-file=\"https:\/\/www.cisa-arica.cl\/wp1\/wp-content\/uploads\/2022\/10\/DSC_2987-600x400.jpg\" role=\"button\" tabindex=\"0\" aria-label=\"Abrir la imagen 89 de 106 en pantalla completa\"srcset=\"https:\/\/i2.wp.com\/www.cisa-arica.cl\/wp1\/wp-content\/uploads\/2022\/10\/DSC_2987-600x400.jpg?strip=info&#038;w=600&#038;ssl=1 600w,https:\/\/i2.wp.com\/www.cisa-arica.cl\/wp1\/wp-content\/uploads\/2022\/10\/DSC_2987-600x400.jpg?strip=info&#038;w=900&#038;ssl=1 900w,https:\/\/i2.wp.com\/www.cisa-arica.cl\/wp1\/wp-content\/uploads\/2022\/10\/DSC_2987-600x400.jpg?strip=info&#038;w=1100&#038;ssl=1 1100w\" alt=\"\" data-height=\"733\" data-id=\"17773\" data-link=\"https:\/\/www.cisa-arica.cl\/wp1\/?attachment_id=17773\" data-url=\"https:\/\/www.cisa-arica.cl\/wp1\/wp-content\/uploads\/2022\/10\/DSC_2987-600x400.jpg\" data-width=\"1100\" src=\"https:\/\/i2.wp.com\/www.cisa-arica.cl\/wp1\/wp-content\/uploads\/2022\/10\/DSC_2987-600x400.jpg?ssl=1\" data-amp-layout=\"responsive\"\/><\/figure><figure class=\"tiled-gallery__item\"><img decoding=\"async\" data-attachment-id=\"17774\" data-permalink=\"https:\/\/www.cisa-arica.cl\/wp1\/2022\/10\/21\/feria-cientifica-3\/dsc_2990\/\" data-orig-file=\"https:\/\/www.cisa-arica.cl\/wp1\/wp-content\/uploads\/2022\/10\/DSC_2990.jpg\" data-orig-size=\"1100,733\" data-comments-opened=\"0\" data-image-meta=\"{&quot;aperture&quot;:&quot;3.5&quot;,&quot;credit&quot;:&quot;&quot;,&quot;camera&quot;:&quot;NIKON D7100&quot;,&quot;caption&quot;:&quot;&quot;,&quot;created_timestamp&quot;:&quot;1666347230&quot;,&quot;copyright&quot;:&quot;&quot;,&quot;focal_length&quot;:&quot;18&quot;,&quot;iso&quot;:&quot;2000&quot;,&quot;shutter_speed&quot;:&quot;0.0003125&quot;,&quot;title&quot;:&quot;&quot;,&quot;orientation&quot;:&quot;0&quot;}\" data-image-title=\"DSC_2990\" data-image-description=\"\" data-image-caption=\"\" data-large-file=\"https:\/\/www.cisa-arica.cl\/wp1\/wp-content\/uploads\/2022\/10\/DSC_2990-600x400.jpg\" data-attachment-id=\"17774\" data-permalink=\"https:\/\/www.cisa-arica.cl\/wp1\/2022\/10\/21\/feria-cientifica-3\/dsc_2990\/\" data-orig-file=\"https:\/\/www.cisa-arica.cl\/wp1\/wp-content\/uploads\/2022\/10\/DSC_2990.jpg\" data-orig-size=\"1100,733\" data-comments-opened=\"0\" data-image-meta=\"{&quot;aperture&quot;:&quot;3.5&quot;,&quot;credit&quot;:&quot;&quot;,&quot;camera&quot;:&quot;NIKON D7100&quot;,&quot;caption&quot;:&quot;&quot;,&quot;created_timestamp&quot;:&quot;1666347230&quot;,&quot;copyright&quot;:&quot;&quot;,&quot;focal_length&quot;:&quot;18&quot;,&quot;iso&quot;:&quot;2000&quot;,&quot;shutter_speed&quot;:&quot;0.0003125&quot;,&quot;title&quot;:&quot;&quot;,&quot;orientation&quot;:&quot;0&quot;}\" data-image-title=\"DSC_2990\" data-image-description=\"\" data-image-caption=\"\" data-large-file=\"https:\/\/www.cisa-arica.cl\/wp1\/wp-content\/uploads\/2022\/10\/DSC_2990-600x400.jpg\" role=\"button\" tabindex=\"0\" aria-label=\"Abrir la imagen 90 de 106 en pantalla completa\"srcset=\"https:\/\/i2.wp.com\/www.cisa-arica.cl\/wp1\/wp-content\/uploads\/2022\/10\/DSC_2990-600x400.jpg?strip=info&#038;w=600&#038;ssl=1 600w,https:\/\/i2.wp.com\/www.cisa-arica.cl\/wp1\/wp-content\/uploads\/2022\/10\/DSC_2990-600x400.jpg?strip=info&#038;w=900&#038;ssl=1 900w,https:\/\/i2.wp.com\/www.cisa-arica.cl\/wp1\/wp-content\/uploads\/2022\/10\/DSC_2990-600x400.jpg?strip=info&#038;w=1100&#038;ssl=1 1100w\" alt=\"\" data-height=\"733\" data-id=\"17774\" data-link=\"https:\/\/www.cisa-arica.cl\/wp1\/?attachment_id=17774\" data-url=\"https:\/\/www.cisa-arica.cl\/wp1\/wp-content\/uploads\/2022\/10\/DSC_2990-600x400.jpg\" data-width=\"1100\" src=\"https:\/\/i2.wp.com\/www.cisa-arica.cl\/wp1\/wp-content\/uploads\/2022\/10\/DSC_2990-600x400.jpg?ssl=1\" data-amp-layout=\"responsive\"\/><\/figure><\/div><div class=\"tiled-gallery__col\" style=\"flex-basis:66.75536%\"><figure class=\"tiled-gallery__item\"><img decoding=\"async\" data-attachment-id=\"17775\" data-permalink=\"https:\/\/www.cisa-arica.cl\/wp1\/2022\/10\/21\/feria-cientifica-3\/dsc_2993\/\" data-orig-file=\"https:\/\/www.cisa-arica.cl\/wp1\/wp-content\/uploads\/2022\/10\/DSC_2993.jpg\" data-orig-size=\"1100,733\" data-comments-opened=\"0\" data-image-meta=\"{&quot;aperture&quot;:&quot;3.5&quot;,&quot;credit&quot;:&quot;&quot;,&quot;camera&quot;:&quot;NIKON D7100&quot;,&quot;caption&quot;:&quot;&quot;,&quot;created_timestamp&quot;:&quot;1666347318&quot;,&quot;copyright&quot;:&quot;&quot;,&quot;focal_length&quot;:&quot;18&quot;,&quot;iso&quot;:&quot;2000&quot;,&quot;shutter_speed&quot;:&quot;0.0015625&quot;,&quot;title&quot;:&quot;&quot;,&quot;orientation&quot;:&quot;0&quot;}\" data-image-title=\"DSC_2993\" data-image-description=\"\" data-image-caption=\"\" data-large-file=\"https:\/\/www.cisa-arica.cl\/wp1\/wp-content\/uploads\/2022\/10\/DSC_2993-600x400.jpg\" data-attachment-id=\"17775\" data-permalink=\"https:\/\/www.cisa-arica.cl\/wp1\/2022\/10\/21\/feria-cientifica-3\/dsc_2993\/\" data-orig-file=\"https:\/\/www.cisa-arica.cl\/wp1\/wp-content\/uploads\/2022\/10\/DSC_2993.jpg\" data-orig-size=\"1100,733\" data-comments-opened=\"0\" data-image-meta=\"{&quot;aperture&quot;:&quot;3.5&quot;,&quot;credit&quot;:&quot;&quot;,&quot;camera&quot;:&quot;NIKON D7100&quot;,&quot;caption&quot;:&quot;&quot;,&quot;created_timestamp&quot;:&quot;1666347318&quot;,&quot;copyright&quot;:&quot;&quot;,&quot;focal_length&quot;:&quot;18&quot;,&quot;iso&quot;:&quot;2000&quot;,&quot;shutter_speed&quot;:&quot;0.0015625&quot;,&quot;title&quot;:&quot;&quot;,&quot;orientation&quot;:&quot;0&quot;}\" data-image-title=\"DSC_2993\" data-image-description=\"\" data-image-caption=\"\" data-large-file=\"https:\/\/www.cisa-arica.cl\/wp1\/wp-content\/uploads\/2022\/10\/DSC_2993-600x400.jpg\" role=\"button\" tabindex=\"0\" aria-label=\"Abrir la imagen 91 de 106 en pantalla completa\"srcset=\"https:\/\/i0.wp.com\/www.cisa-arica.cl\/wp1\/wp-content\/uploads\/2022\/10\/DSC_2993-600x400.jpg?strip=info&#038;w=600&#038;ssl=1 600w,https:\/\/i0.wp.com\/www.cisa-arica.cl\/wp1\/wp-content\/uploads\/2022\/10\/DSC_2993-600x400.jpg?strip=info&#038;w=900&#038;ssl=1 900w,https:\/\/i0.wp.com\/www.cisa-arica.cl\/wp1\/wp-content\/uploads\/2022\/10\/DSC_2993-600x400.jpg?strip=info&#038;w=1100&#038;ssl=1 1100w\" alt=\"\" data-height=\"733\" data-id=\"17775\" data-link=\"https:\/\/www.cisa-arica.cl\/wp1\/?attachment_id=17775\" data-url=\"https:\/\/www.cisa-arica.cl\/wp1\/wp-content\/uploads\/2022\/10\/DSC_2993-600x400.jpg\" data-width=\"1100\" src=\"https:\/\/i0.wp.com\/www.cisa-arica.cl\/wp1\/wp-content\/uploads\/2022\/10\/DSC_2993-600x400.jpg?ssl=1\" data-amp-layout=\"responsive\"\/><\/figure><\/div><\/div><div class=\"tiled-gallery__row\"><div class=\"tiled-gallery__col\" style=\"flex-basis:66.75536%\"><figure class=\"tiled-gallery__item\"><img decoding=\"async\" data-attachment-id=\"17784\" data-permalink=\"https:\/\/www.cisa-arica.cl\/wp1\/2022\/10\/21\/feria-cientifica-3\/dsc_2997-1\/\" data-orig-file=\"https:\/\/www.cisa-arica.cl\/wp1\/wp-content\/uploads\/2022\/10\/DSC_2997-1.jpg\" data-orig-size=\"1100,733\" data-comments-opened=\"0\" data-image-meta=\"{&quot;aperture&quot;:&quot;4&quot;,&quot;credit&quot;:&quot;&quot;,&quot;camera&quot;:&quot;NIKON D7100&quot;,&quot;caption&quot;:&quot;&quot;,&quot;created_timestamp&quot;:&quot;1666347336&quot;,&quot;copyright&quot;:&quot;&quot;,&quot;focal_length&quot;:&quot;28&quot;,&quot;iso&quot;:&quot;2000&quot;,&quot;shutter_speed&quot;:&quot;0.0025&quot;,&quot;title&quot;:&quot;&quot;,&quot;orientation&quot;:&quot;0&quot;}\" data-image-title=\"DSC_2997-1\" data-image-description=\"\" data-image-caption=\"\" data-large-file=\"https:\/\/www.cisa-arica.cl\/wp1\/wp-content\/uploads\/2022\/10\/DSC_2997-1-600x400.jpg\" data-attachment-id=\"17784\" data-permalink=\"https:\/\/www.cisa-arica.cl\/wp1\/2022\/10\/21\/feria-cientifica-3\/dsc_2997-1\/\" data-orig-file=\"https:\/\/www.cisa-arica.cl\/wp1\/wp-content\/uploads\/2022\/10\/DSC_2997-1.jpg\" data-orig-size=\"1100,733\" data-comments-opened=\"0\" data-image-meta=\"{&quot;aperture&quot;:&quot;4&quot;,&quot;credit&quot;:&quot;&quot;,&quot;camera&quot;:&quot;NIKON D7100&quot;,&quot;caption&quot;:&quot;&quot;,&quot;created_timestamp&quot;:&quot;1666347336&quot;,&quot;copyright&quot;:&quot;&quot;,&quot;focal_length&quot;:&quot;28&quot;,&quot;iso&quot;:&quot;2000&quot;,&quot;shutter_speed&quot;:&quot;0.0025&quot;,&quot;title&quot;:&quot;&quot;,&quot;orientation&quot;:&quot;0&quot;}\" data-image-title=\"DSC_2997-1\" data-image-description=\"\" data-image-caption=\"\" data-large-file=\"https:\/\/www.cisa-arica.cl\/wp1\/wp-content\/uploads\/2022\/10\/DSC_2997-1-600x400.jpg\" role=\"button\" tabindex=\"0\" aria-label=\"Abrir la imagen 92 de 106 en pantalla completa\"srcset=\"https:\/\/i0.wp.com\/www.cisa-arica.cl\/wp1\/wp-content\/uploads\/2022\/10\/DSC_2997-1-600x400.jpg?strip=info&#038;w=600&#038;ssl=1 600w,https:\/\/i0.wp.com\/www.cisa-arica.cl\/wp1\/wp-content\/uploads\/2022\/10\/DSC_2997-1-600x400.jpg?strip=info&#038;w=900&#038;ssl=1 900w,https:\/\/i0.wp.com\/www.cisa-arica.cl\/wp1\/wp-content\/uploads\/2022\/10\/DSC_2997-1-600x400.jpg?strip=info&#038;w=1100&#038;ssl=1 1100w\" alt=\"\" data-height=\"733\" data-id=\"17784\" data-link=\"https:\/\/www.cisa-arica.cl\/wp1\/2022\/10\/21\/feria-cientifica-3\/dsc_2997-1\/\" data-url=\"https:\/\/www.cisa-arica.cl\/wp1\/wp-content\/uploads\/2022\/10\/DSC_2997-1-600x400.jpg\" data-width=\"1100\" src=\"https:\/\/i0.wp.com\/www.cisa-arica.cl\/wp1\/wp-content\/uploads\/2022\/10\/DSC_2997-1-600x400.jpg?ssl=1\" data-amp-layout=\"responsive\"\/><\/figure><\/div><div class=\"tiled-gallery__col\" style=\"flex-basis:33.24464%\"><figure class=\"tiled-gallery__item\"><img decoding=\"async\" data-attachment-id=\"17785\" data-permalink=\"https:\/\/www.cisa-arica.cl\/wp1\/2022\/10\/21\/feria-cientifica-3\/dsc_3001-1\/\" data-orig-file=\"https:\/\/www.cisa-arica.cl\/wp1\/wp-content\/uploads\/2022\/10\/DSC_3001-1.jpg\" data-orig-size=\"1100,733\" data-comments-opened=\"0\" data-image-meta=\"{&quot;aperture&quot;:&quot;3.8&quot;,&quot;credit&quot;:&quot;&quot;,&quot;camera&quot;:&quot;NIKON D7100&quot;,&quot;caption&quot;:&quot;&quot;,&quot;created_timestamp&quot;:&quot;1666347620&quot;,&quot;copyright&quot;:&quot;&quot;,&quot;focal_length&quot;:&quot;21&quot;,&quot;iso&quot;:&quot;2000&quot;,&quot;shutter_speed&quot;:&quot;0.000625&quot;,&quot;title&quot;:&quot;&quot;,&quot;orientation&quot;:&quot;0&quot;}\" data-image-title=\"DSC_3001-1\" data-image-description=\"\" data-image-caption=\"\" data-large-file=\"https:\/\/www.cisa-arica.cl\/wp1\/wp-content\/uploads\/2022\/10\/DSC_3001-1-600x400.jpg\" data-attachment-id=\"17785\" data-permalink=\"https:\/\/www.cisa-arica.cl\/wp1\/2022\/10\/21\/feria-cientifica-3\/dsc_3001-1\/\" data-orig-file=\"https:\/\/www.cisa-arica.cl\/wp1\/wp-content\/uploads\/2022\/10\/DSC_3001-1.jpg\" data-orig-size=\"1100,733\" data-comments-opened=\"0\" data-image-meta=\"{&quot;aperture&quot;:&quot;3.8&quot;,&quot;credit&quot;:&quot;&quot;,&quot;camera&quot;:&quot;NIKON D7100&quot;,&quot;caption&quot;:&quot;&quot;,&quot;created_timestamp&quot;:&quot;1666347620&quot;,&quot;copyright&quot;:&quot;&quot;,&quot;focal_length&quot;:&quot;21&quot;,&quot;iso&quot;:&quot;2000&quot;,&quot;shutter_speed&quot;:&quot;0.000625&quot;,&quot;title&quot;:&quot;&quot;,&quot;orientation&quot;:&quot;0&quot;}\" data-image-title=\"DSC_3001-1\" data-image-description=\"\" data-image-caption=\"\" data-large-file=\"https:\/\/www.cisa-arica.cl\/wp1\/wp-content\/uploads\/2022\/10\/DSC_3001-1-600x400.jpg\" role=\"button\" tabindex=\"0\" aria-label=\"Abrir la imagen 93 de 106 en pantalla completa\"srcset=\"https:\/\/i2.wp.com\/www.cisa-arica.cl\/wp1\/wp-content\/uploads\/2022\/10\/DSC_3001-1-600x400.jpg?strip=info&#038;w=600&#038;ssl=1 600w,https:\/\/i2.wp.com\/www.cisa-arica.cl\/wp1\/wp-content\/uploads\/2022\/10\/DSC_3001-1-600x400.jpg?strip=info&#038;w=900&#038;ssl=1 900w,https:\/\/i2.wp.com\/www.cisa-arica.cl\/wp1\/wp-content\/uploads\/2022\/10\/DSC_3001-1-600x400.jpg?strip=info&#038;w=1100&#038;ssl=1 1100w\" alt=\"\" data-height=\"733\" data-id=\"17785\" data-link=\"https:\/\/www.cisa-arica.cl\/wp1\/2022\/10\/21\/feria-cientifica-3\/dsc_3001-1\/\" data-url=\"https:\/\/www.cisa-arica.cl\/wp1\/wp-content\/uploads\/2022\/10\/DSC_3001-1-600x400.jpg\" data-width=\"1100\" src=\"https:\/\/i2.wp.com\/www.cisa-arica.cl\/wp1\/wp-content\/uploads\/2022\/10\/DSC_3001-1-600x400.jpg?ssl=1\" data-amp-layout=\"responsive\"\/><\/figure><figure class=\"tiled-gallery__item\"><img decoding=\"async\" data-attachment-id=\"17786\" data-permalink=\"https:\/\/www.cisa-arica.cl\/wp1\/2022\/10\/21\/feria-cientifica-3\/dsc_3002-1\/\" data-orig-file=\"https:\/\/www.cisa-arica.cl\/wp1\/wp-content\/uploads\/2022\/10\/DSC_3002-1.jpg\" data-orig-size=\"1100,733\" data-comments-opened=\"0\" data-image-meta=\"{&quot;aperture&quot;:&quot;3.5&quot;,&quot;credit&quot;:&quot;&quot;,&quot;camera&quot;:&quot;NIKON D7100&quot;,&quot;caption&quot;:&quot;&quot;,&quot;created_timestamp&quot;:&quot;1666347645&quot;,&quot;copyright&quot;:&quot;&quot;,&quot;focal_length&quot;:&quot;18&quot;,&quot;iso&quot;:&quot;2000&quot;,&quot;shutter_speed&quot;:&quot;0.000625&quot;,&quot;title&quot;:&quot;&quot;,&quot;orientation&quot;:&quot;0&quot;}\" data-image-title=\"DSC_3002-1\" data-image-description=\"\" data-image-caption=\"\" data-large-file=\"https:\/\/www.cisa-arica.cl\/wp1\/wp-content\/uploads\/2022\/10\/DSC_3002-1-600x400.jpg\" data-attachment-id=\"17786\" data-permalink=\"https:\/\/www.cisa-arica.cl\/wp1\/2022\/10\/21\/feria-cientifica-3\/dsc_3002-1\/\" data-orig-file=\"https:\/\/www.cisa-arica.cl\/wp1\/wp-content\/uploads\/2022\/10\/DSC_3002-1.jpg\" data-orig-size=\"1100,733\" data-comments-opened=\"0\" data-image-meta=\"{&quot;aperture&quot;:&quot;3.5&quot;,&quot;credit&quot;:&quot;&quot;,&quot;camera&quot;:&quot;NIKON D7100&quot;,&quot;caption&quot;:&quot;&quot;,&quot;created_timestamp&quot;:&quot;1666347645&quot;,&quot;copyright&quot;:&quot;&quot;,&quot;focal_length&quot;:&quot;18&quot;,&quot;iso&quot;:&quot;2000&quot;,&quot;shutter_speed&quot;:&quot;0.000625&quot;,&quot;title&quot;:&quot;&quot;,&quot;orientation&quot;:&quot;0&quot;}\" data-image-title=\"DSC_3002-1\" data-image-description=\"\" data-image-caption=\"\" data-large-file=\"https:\/\/www.cisa-arica.cl\/wp1\/wp-content\/uploads\/2022\/10\/DSC_3002-1-600x400.jpg\" role=\"button\" tabindex=\"0\" aria-label=\"Abrir la imagen 94 de 106 en pantalla completa\"srcset=\"https:\/\/i0.wp.com\/www.cisa-arica.cl\/wp1\/wp-content\/uploads\/2022\/10\/DSC_3002-1-600x400.jpg?strip=info&#038;w=600&#038;ssl=1 600w,https:\/\/i0.wp.com\/www.cisa-arica.cl\/wp1\/wp-content\/uploads\/2022\/10\/DSC_3002-1-600x400.jpg?strip=info&#038;w=900&#038;ssl=1 900w,https:\/\/i0.wp.com\/www.cisa-arica.cl\/wp1\/wp-content\/uploads\/2022\/10\/DSC_3002-1-600x400.jpg?strip=info&#038;w=1100&#038;ssl=1 1100w\" alt=\"\" data-height=\"733\" data-id=\"17786\" data-link=\"https:\/\/www.cisa-arica.cl\/wp1\/2022\/10\/21\/feria-cientifica-3\/dsc_3002-1\/\" data-url=\"https:\/\/www.cisa-arica.cl\/wp1\/wp-content\/uploads\/2022\/10\/DSC_3002-1-600x400.jpg\" data-width=\"1100\" src=\"https:\/\/i0.wp.com\/www.cisa-arica.cl\/wp1\/wp-content\/uploads\/2022\/10\/DSC_3002-1-600x400.jpg?ssl=1\" data-amp-layout=\"responsive\"\/><\/figure><\/div><\/div><div class=\"tiled-gallery__row\"><div class=\"tiled-gallery__col\" style=\"flex-basis:50.00000%\"><figure class=\"tiled-gallery__item\"><img decoding=\"async\" data-attachment-id=\"17787\" data-permalink=\"https:\/\/www.cisa-arica.cl\/wp1\/2022\/10\/21\/feria-cientifica-3\/dsc_3007-1\/\" data-orig-file=\"https:\/\/www.cisa-arica.cl\/wp1\/wp-content\/uploads\/2022\/10\/DSC_3007-1.jpg\" data-orig-size=\"1100,733\" data-comments-opened=\"0\" data-image-meta=\"{&quot;aperture&quot;:&quot;3.5&quot;,&quot;credit&quot;:&quot;&quot;,&quot;camera&quot;:&quot;NIKON D7100&quot;,&quot;caption&quot;:&quot;&quot;,&quot;created_timestamp&quot;:&quot;1666347774&quot;,&quot;copyright&quot;:&quot;&quot;,&quot;focal_length&quot;:&quot;18&quot;,&quot;iso&quot;:&quot;2000&quot;,&quot;shutter_speed&quot;:&quot;0.0005&quot;,&quot;title&quot;:&quot;&quot;,&quot;orientation&quot;:&quot;0&quot;}\" data-image-title=\"DSC_3007-1\" data-image-description=\"\" data-image-caption=\"\" data-large-file=\"https:\/\/www.cisa-arica.cl\/wp1\/wp-content\/uploads\/2022\/10\/DSC_3007-1-600x400.jpg\" data-attachment-id=\"17787\" data-permalink=\"https:\/\/www.cisa-arica.cl\/wp1\/2022\/10\/21\/feria-cientifica-3\/dsc_3007-1\/\" data-orig-file=\"https:\/\/www.cisa-arica.cl\/wp1\/wp-content\/uploads\/2022\/10\/DSC_3007-1.jpg\" data-orig-size=\"1100,733\" data-comments-opened=\"0\" data-image-meta=\"{&quot;aperture&quot;:&quot;3.5&quot;,&quot;credit&quot;:&quot;&quot;,&quot;camera&quot;:&quot;NIKON D7100&quot;,&quot;caption&quot;:&quot;&quot;,&quot;created_timestamp&quot;:&quot;1666347774&quot;,&quot;copyright&quot;:&quot;&quot;,&quot;focal_length&quot;:&quot;18&quot;,&quot;iso&quot;:&quot;2000&quot;,&quot;shutter_speed&quot;:&quot;0.0005&quot;,&quot;title&quot;:&quot;&quot;,&quot;orientation&quot;:&quot;0&quot;}\" data-image-title=\"DSC_3007-1\" data-image-description=\"\" data-image-caption=\"\" data-large-file=\"https:\/\/www.cisa-arica.cl\/wp1\/wp-content\/uploads\/2022\/10\/DSC_3007-1-600x400.jpg\" role=\"button\" tabindex=\"0\" aria-label=\"Abrir la imagen 95 de 106 en pantalla completa\"srcset=\"https:\/\/i2.wp.com\/www.cisa-arica.cl\/wp1\/wp-content\/uploads\/2022\/10\/DSC_3007-1-600x400.jpg?strip=info&#038;w=600&#038;ssl=1 600w,https:\/\/i2.wp.com\/www.cisa-arica.cl\/wp1\/wp-content\/uploads\/2022\/10\/DSC_3007-1-600x400.jpg?strip=info&#038;w=900&#038;ssl=1 900w,https:\/\/i2.wp.com\/www.cisa-arica.cl\/wp1\/wp-content\/uploads\/2022\/10\/DSC_3007-1-600x400.jpg?strip=info&#038;w=1100&#038;ssl=1 1100w\" alt=\"\" data-height=\"733\" data-id=\"17787\" data-link=\"https:\/\/www.cisa-arica.cl\/wp1\/2022\/10\/21\/feria-cientifica-3\/dsc_3007-1\/\" data-url=\"https:\/\/www.cisa-arica.cl\/wp1\/wp-content\/uploads\/2022\/10\/DSC_3007-1-600x400.jpg\" data-width=\"1100\" src=\"https:\/\/i2.wp.com\/www.cisa-arica.cl\/wp1\/wp-content\/uploads\/2022\/10\/DSC_3007-1-600x400.jpg?ssl=1\" data-amp-layout=\"responsive\"\/><\/figure><\/div><div class=\"tiled-gallery__col\" style=\"flex-basis:50.00000%\"><figure class=\"tiled-gallery__item\"><img decoding=\"async\" data-attachment-id=\"17788\" data-permalink=\"https:\/\/www.cisa-arica.cl\/wp1\/2022\/10\/21\/feria-cientifica-3\/dsc_3011-1\/\" data-orig-file=\"https:\/\/www.cisa-arica.cl\/wp1\/wp-content\/uploads\/2022\/10\/DSC_3011-1.jpg\" data-orig-size=\"1100,733\" data-comments-opened=\"0\" data-image-meta=\"{&quot;aperture&quot;:&quot;3.5&quot;,&quot;credit&quot;:&quot;&quot;,&quot;camera&quot;:&quot;NIKON D7100&quot;,&quot;caption&quot;:&quot;&quot;,&quot;created_timestamp&quot;:&quot;1666347962&quot;,&quot;copyright&quot;:&quot;&quot;,&quot;focal_length&quot;:&quot;18&quot;,&quot;iso&quot;:&quot;2000&quot;,&quot;shutter_speed&quot;:&quot;0.00625&quot;,&quot;title&quot;:&quot;&quot;,&quot;orientation&quot;:&quot;0&quot;}\" data-image-title=\"DSC_3011-1\" data-image-description=\"\" data-image-caption=\"\" data-large-file=\"https:\/\/www.cisa-arica.cl\/wp1\/wp-content\/uploads\/2022\/10\/DSC_3011-1-600x400.jpg\" data-attachment-id=\"17788\" data-permalink=\"https:\/\/www.cisa-arica.cl\/wp1\/2022\/10\/21\/feria-cientifica-3\/dsc_3011-1\/\" data-orig-file=\"https:\/\/www.cisa-arica.cl\/wp1\/wp-content\/uploads\/2022\/10\/DSC_3011-1.jpg\" data-orig-size=\"1100,733\" data-comments-opened=\"0\" data-image-meta=\"{&quot;aperture&quot;:&quot;3.5&quot;,&quot;credit&quot;:&quot;&quot;,&quot;camera&quot;:&quot;NIKON D7100&quot;,&quot;caption&quot;:&quot;&quot;,&quot;created_timestamp&quot;:&quot;1666347962&quot;,&quot;copyright&quot;:&quot;&quot;,&quot;focal_length&quot;:&quot;18&quot;,&quot;iso&quot;:&quot;2000&quot;,&quot;shutter_speed&quot;:&quot;0.00625&quot;,&quot;title&quot;:&quot;&quot;,&quot;orientation&quot;:&quot;0&quot;}\" data-image-title=\"DSC_3011-1\" data-image-description=\"\" data-image-caption=\"\" data-large-file=\"https:\/\/www.cisa-arica.cl\/wp1\/wp-content\/uploads\/2022\/10\/DSC_3011-1-600x400.jpg\" role=\"button\" tabindex=\"0\" aria-label=\"Abrir la imagen 96 de 106 en pantalla completa\"srcset=\"https:\/\/i1.wp.com\/www.cisa-arica.cl\/wp1\/wp-content\/uploads\/2022\/10\/DSC_3011-1-600x400.jpg?strip=info&#038;w=600&#038;ssl=1 600w,https:\/\/i1.wp.com\/www.cisa-arica.cl\/wp1\/wp-content\/uploads\/2022\/10\/DSC_3011-1-600x400.jpg?strip=info&#038;w=900&#038;ssl=1 900w,https:\/\/i1.wp.com\/www.cisa-arica.cl\/wp1\/wp-content\/uploads\/2022\/10\/DSC_3011-1-600x400.jpg?strip=info&#038;w=1100&#038;ssl=1 1100w\" alt=\"\" data-height=\"733\" data-id=\"17788\" data-link=\"https:\/\/www.cisa-arica.cl\/wp1\/2022\/10\/21\/feria-cientifica-3\/dsc_3011-1\/\" data-url=\"https:\/\/www.cisa-arica.cl\/wp1\/wp-content\/uploads\/2022\/10\/DSC_3011-1-600x400.jpg\" data-width=\"1100\" src=\"https:\/\/i1.wp.com\/www.cisa-arica.cl\/wp1\/wp-content\/uploads\/2022\/10\/DSC_3011-1-600x400.jpg?ssl=1\" data-amp-layout=\"responsive\"\/><\/figure><\/div><\/div><div class=\"tiled-gallery__row\"><div class=\"tiled-gallery__col\" style=\"flex-basis:33.33333%\"><figure class=\"tiled-gallery__item\"><img decoding=\"async\" data-attachment-id=\"17789\" data-permalink=\"https:\/\/www.cisa-arica.cl\/wp1\/2022\/10\/21\/feria-cientifica-3\/dsc_3012-1\/\" data-orig-file=\"https:\/\/www.cisa-arica.cl\/wp1\/wp-content\/uploads\/2022\/10\/DSC_3012-1.jpg\" data-orig-size=\"1100,733\" data-comments-opened=\"0\" data-image-meta=\"{&quot;aperture&quot;:&quot;3.5&quot;,&quot;credit&quot;:&quot;&quot;,&quot;camera&quot;:&quot;NIKON D7100&quot;,&quot;caption&quot;:&quot;&quot;,&quot;created_timestamp&quot;:&quot;1666347992&quot;,&quot;copyright&quot;:&quot;&quot;,&quot;focal_length&quot;:&quot;18&quot;,&quot;iso&quot;:&quot;2000&quot;,&quot;shutter_speed&quot;:&quot;0.004&quot;,&quot;title&quot;:&quot;&quot;,&quot;orientation&quot;:&quot;0&quot;}\" data-image-title=\"DSC_3012-1\" data-image-description=\"\" data-image-caption=\"\" data-large-file=\"https:\/\/www.cisa-arica.cl\/wp1\/wp-content\/uploads\/2022\/10\/DSC_3012-1-600x400.jpg\" data-attachment-id=\"17789\" data-permalink=\"https:\/\/www.cisa-arica.cl\/wp1\/2022\/10\/21\/feria-cientifica-3\/dsc_3012-1\/\" data-orig-file=\"https:\/\/www.cisa-arica.cl\/wp1\/wp-content\/uploads\/2022\/10\/DSC_3012-1.jpg\" data-orig-size=\"1100,733\" data-comments-opened=\"0\" data-image-meta=\"{&quot;aperture&quot;:&quot;3.5&quot;,&quot;credit&quot;:&quot;&quot;,&quot;camera&quot;:&quot;NIKON D7100&quot;,&quot;caption&quot;:&quot;&quot;,&quot;created_timestamp&quot;:&quot;1666347992&quot;,&quot;copyright&quot;:&quot;&quot;,&quot;focal_length&quot;:&quot;18&quot;,&quot;iso&quot;:&quot;2000&quot;,&quot;shutter_speed&quot;:&quot;0.004&quot;,&quot;title&quot;:&quot;&quot;,&quot;orientation&quot;:&quot;0&quot;}\" data-image-title=\"DSC_3012-1\" data-image-description=\"\" data-image-caption=\"\" data-large-file=\"https:\/\/www.cisa-arica.cl\/wp1\/wp-content\/uploads\/2022\/10\/DSC_3012-1-600x400.jpg\" role=\"button\" tabindex=\"0\" aria-label=\"Abrir la imagen 97 de 106 en pantalla completa\"srcset=\"https:\/\/i1.wp.com\/www.cisa-arica.cl\/wp1\/wp-content\/uploads\/2022\/10\/DSC_3012-1-600x400.jpg?strip=info&#038;w=600&#038;ssl=1 600w,https:\/\/i1.wp.com\/www.cisa-arica.cl\/wp1\/wp-content\/uploads\/2022\/10\/DSC_3012-1-600x400.jpg?strip=info&#038;w=900&#038;ssl=1 900w,https:\/\/i1.wp.com\/www.cisa-arica.cl\/wp1\/wp-content\/uploads\/2022\/10\/DSC_3012-1-600x400.jpg?strip=info&#038;w=1100&#038;ssl=1 1100w\" alt=\"\" data-height=\"733\" data-id=\"17789\" data-link=\"https:\/\/www.cisa-arica.cl\/wp1\/2022\/10\/21\/feria-cientifica-3\/dsc_3012-1\/\" data-url=\"https:\/\/www.cisa-arica.cl\/wp1\/wp-content\/uploads\/2022\/10\/DSC_3012-1-600x400.jpg\" data-width=\"1100\" src=\"https:\/\/i1.wp.com\/www.cisa-arica.cl\/wp1\/wp-content\/uploads\/2022\/10\/DSC_3012-1-600x400.jpg?ssl=1\" data-amp-layout=\"responsive\"\/><\/figure><\/div><div class=\"tiled-gallery__col\" style=\"flex-basis:33.33333%\"><figure class=\"tiled-gallery__item\"><img decoding=\"async\" data-attachment-id=\"17790\" data-permalink=\"https:\/\/www.cisa-arica.cl\/wp1\/2022\/10\/21\/feria-cientifica-3\/dsc_3013\/\" data-orig-file=\"https:\/\/www.cisa-arica.cl\/wp1\/wp-content\/uploads\/2022\/10\/DSC_3013.jpg\" data-orig-size=\"1100,733\" data-comments-opened=\"0\" data-image-meta=\"{&quot;aperture&quot;:&quot;3.5&quot;,&quot;credit&quot;:&quot;&quot;,&quot;camera&quot;:&quot;NIKON D7100&quot;,&quot;caption&quot;:&quot;&quot;,&quot;created_timestamp&quot;:&quot;1666348211&quot;,&quot;copyright&quot;:&quot;&quot;,&quot;focal_length&quot;:&quot;18&quot;,&quot;iso&quot;:&quot;2000&quot;,&quot;shutter_speed&quot;:&quot;0.005&quot;,&quot;title&quot;:&quot;&quot;,&quot;orientation&quot;:&quot;0&quot;}\" data-image-title=\"DSC_3013\" data-image-description=\"\" data-image-caption=\"\" data-large-file=\"https:\/\/www.cisa-arica.cl\/wp1\/wp-content\/uploads\/2022\/10\/DSC_3013-600x400.jpg\" data-attachment-id=\"17790\" data-permalink=\"https:\/\/www.cisa-arica.cl\/wp1\/2022\/10\/21\/feria-cientifica-3\/dsc_3013\/\" data-orig-file=\"https:\/\/www.cisa-arica.cl\/wp1\/wp-content\/uploads\/2022\/10\/DSC_3013.jpg\" data-orig-size=\"1100,733\" data-comments-opened=\"0\" data-image-meta=\"{&quot;aperture&quot;:&quot;3.5&quot;,&quot;credit&quot;:&quot;&quot;,&quot;camera&quot;:&quot;NIKON D7100&quot;,&quot;caption&quot;:&quot;&quot;,&quot;created_timestamp&quot;:&quot;1666348211&quot;,&quot;copyright&quot;:&quot;&quot;,&quot;focal_length&quot;:&quot;18&quot;,&quot;iso&quot;:&quot;2000&quot;,&quot;shutter_speed&quot;:&quot;0.005&quot;,&quot;title&quot;:&quot;&quot;,&quot;orientation&quot;:&quot;0&quot;}\" data-image-title=\"DSC_3013\" data-image-description=\"\" data-image-caption=\"\" data-large-file=\"https:\/\/www.cisa-arica.cl\/wp1\/wp-content\/uploads\/2022\/10\/DSC_3013-600x400.jpg\" role=\"button\" tabindex=\"0\" aria-label=\"Abrir la imagen 98 de 106 en pantalla completa\"srcset=\"https:\/\/i1.wp.com\/www.cisa-arica.cl\/wp1\/wp-content\/uploads\/2022\/10\/DSC_3013-600x400.jpg?strip=info&#038;w=600&#038;ssl=1 600w,https:\/\/i1.wp.com\/www.cisa-arica.cl\/wp1\/wp-content\/uploads\/2022\/10\/DSC_3013-600x400.jpg?strip=info&#038;w=900&#038;ssl=1 900w,https:\/\/i1.wp.com\/www.cisa-arica.cl\/wp1\/wp-content\/uploads\/2022\/10\/DSC_3013-600x400.jpg?strip=info&#038;w=1100&#038;ssl=1 1100w\" alt=\"\" data-height=\"733\" data-id=\"17790\" data-link=\"https:\/\/www.cisa-arica.cl\/wp1\/2022\/10\/21\/feria-cientifica-3\/dsc_3013\/\" data-url=\"https:\/\/www.cisa-arica.cl\/wp1\/wp-content\/uploads\/2022\/10\/DSC_3013-600x400.jpg\" data-width=\"1100\" src=\"https:\/\/i1.wp.com\/www.cisa-arica.cl\/wp1\/wp-content\/uploads\/2022\/10\/DSC_3013-600x400.jpg?ssl=1\" data-amp-layout=\"responsive\"\/><\/figure><\/div><div class=\"tiled-gallery__col\" style=\"flex-basis:33.33333%\"><figure class=\"tiled-gallery__item\"><img decoding=\"async\" data-attachment-id=\"17791\" data-permalink=\"https:\/\/www.cisa-arica.cl\/wp1\/2022\/10\/21\/feria-cientifica-3\/dsc_3014\/\" data-orig-file=\"https:\/\/www.cisa-arica.cl\/wp1\/wp-content\/uploads\/2022\/10\/DSC_3014.jpg\" data-orig-size=\"1100,733\" data-comments-opened=\"0\" data-image-meta=\"{&quot;aperture&quot;:&quot;3.5&quot;,&quot;credit&quot;:&quot;&quot;,&quot;camera&quot;:&quot;NIKON D7100&quot;,&quot;caption&quot;:&quot;&quot;,&quot;created_timestamp&quot;:&quot;1666348216&quot;,&quot;copyright&quot;:&quot;&quot;,&quot;focal_length&quot;:&quot;18&quot;,&quot;iso&quot;:&quot;2000&quot;,&quot;shutter_speed&quot;:&quot;0.005&quot;,&quot;title&quot;:&quot;&quot;,&quot;orientation&quot;:&quot;0&quot;}\" data-image-title=\"DSC_3014\" data-image-description=\"\" data-image-caption=\"\" data-large-file=\"https:\/\/www.cisa-arica.cl\/wp1\/wp-content\/uploads\/2022\/10\/DSC_3014-600x400.jpg\" data-attachment-id=\"17791\" data-permalink=\"https:\/\/www.cisa-arica.cl\/wp1\/2022\/10\/21\/feria-cientifica-3\/dsc_3014\/\" data-orig-file=\"https:\/\/www.cisa-arica.cl\/wp1\/wp-content\/uploads\/2022\/10\/DSC_3014.jpg\" data-orig-size=\"1100,733\" data-comments-opened=\"0\" data-image-meta=\"{&quot;aperture&quot;:&quot;3.5&quot;,&quot;credit&quot;:&quot;&quot;,&quot;camera&quot;:&quot;NIKON D7100&quot;,&quot;caption&quot;:&quot;&quot;,&quot;created_timestamp&quot;:&quot;1666348216&quot;,&quot;copyright&quot;:&quot;&quot;,&quot;focal_length&quot;:&quot;18&quot;,&quot;iso&quot;:&quot;2000&quot;,&quot;shutter_speed&quot;:&quot;0.005&quot;,&quot;title&quot;:&quot;&quot;,&quot;orientation&quot;:&quot;0&quot;}\" data-image-title=\"DSC_3014\" data-image-description=\"\" data-image-caption=\"\" data-large-file=\"https:\/\/www.cisa-arica.cl\/wp1\/wp-content\/uploads\/2022\/10\/DSC_3014-600x400.jpg\" role=\"button\" tabindex=\"0\" aria-label=\"Abrir la imagen 99 de 106 en pantalla completa\"srcset=\"https:\/\/i2.wp.com\/www.cisa-arica.cl\/wp1\/wp-content\/uploads\/2022\/10\/DSC_3014-600x400.jpg?strip=info&#038;w=600&#038;ssl=1 600w,https:\/\/i2.wp.com\/www.cisa-arica.cl\/wp1\/wp-content\/uploads\/2022\/10\/DSC_3014-600x400.jpg?strip=info&#038;w=900&#038;ssl=1 900w,https:\/\/i2.wp.com\/www.cisa-arica.cl\/wp1\/wp-content\/uploads\/2022\/10\/DSC_3014-600x400.jpg?strip=info&#038;w=1100&#038;ssl=1 1100w\" alt=\"\" data-height=\"733\" data-id=\"17791\" data-link=\"https:\/\/www.cisa-arica.cl\/wp1\/2022\/10\/21\/feria-cientifica-3\/dsc_3014\/\" data-url=\"https:\/\/www.cisa-arica.cl\/wp1\/wp-content\/uploads\/2022\/10\/DSC_3014-600x400.jpg\" data-width=\"1100\" src=\"https:\/\/i2.wp.com\/www.cisa-arica.cl\/wp1\/wp-content\/uploads\/2022\/10\/DSC_3014-600x400.jpg?ssl=1\" data-amp-layout=\"responsive\"\/><\/figure><\/div><\/div><div class=\"tiled-gallery__row\"><div class=\"tiled-gallery__col\" style=\"flex-basis:33.24464%\"><figure class=\"tiled-gallery__item\"><img decoding=\"async\" data-attachment-id=\"17792\" data-permalink=\"https:\/\/www.cisa-arica.cl\/wp1\/2022\/10\/21\/feria-cientifica-3\/dsc_3026\/\" data-orig-file=\"https:\/\/www.cisa-arica.cl\/wp1\/wp-content\/uploads\/2022\/10\/DSC_3026.jpg\" data-orig-size=\"1100,733\" data-comments-opened=\"0\" data-image-meta=\"{&quot;aperture&quot;:&quot;5.6&quot;,&quot;credit&quot;:&quot;&quot;,&quot;camera&quot;:&quot;NIKON D7100&quot;,&quot;caption&quot;:&quot;&quot;,&quot;created_timestamp&quot;:&quot;1666348598&quot;,&quot;copyright&quot;:&quot;&quot;,&quot;focal_length&quot;:&quot;105&quot;,&quot;iso&quot;:&quot;2000&quot;,&quot;shutter_speed&quot;:&quot;0.005&quot;,&quot;title&quot;:&quot;&quot;,&quot;orientation&quot;:&quot;0&quot;}\" data-image-title=\"DSC_3026\" data-image-description=\"\" data-image-caption=\"\" data-large-file=\"https:\/\/www.cisa-arica.cl\/wp1\/wp-content\/uploads\/2022\/10\/DSC_3026-600x400.jpg\" data-attachment-id=\"17792\" data-permalink=\"https:\/\/www.cisa-arica.cl\/wp1\/2022\/10\/21\/feria-cientifica-3\/dsc_3026\/\" data-orig-file=\"https:\/\/www.cisa-arica.cl\/wp1\/wp-content\/uploads\/2022\/10\/DSC_3026.jpg\" data-orig-size=\"1100,733\" data-comments-opened=\"0\" data-image-meta=\"{&quot;aperture&quot;:&quot;5.6&quot;,&quot;credit&quot;:&quot;&quot;,&quot;camera&quot;:&quot;NIKON D7100&quot;,&quot;caption&quot;:&quot;&quot;,&quot;created_timestamp&quot;:&quot;1666348598&quot;,&quot;copyright&quot;:&quot;&quot;,&quot;focal_length&quot;:&quot;105&quot;,&quot;iso&quot;:&quot;2000&quot;,&quot;shutter_speed&quot;:&quot;0.005&quot;,&quot;title&quot;:&quot;&quot;,&quot;orientation&quot;:&quot;0&quot;}\" data-image-title=\"DSC_3026\" data-image-description=\"\" data-image-caption=\"\" data-large-file=\"https:\/\/www.cisa-arica.cl\/wp1\/wp-content\/uploads\/2022\/10\/DSC_3026-600x400.jpg\" role=\"button\" tabindex=\"0\" aria-label=\"Abrir la imagen 100 de 106 en pantalla completa\"srcset=\"https:\/\/i0.wp.com\/www.cisa-arica.cl\/wp1\/wp-content\/uploads\/2022\/10\/DSC_3026-600x400.jpg?strip=info&#038;w=600&#038;ssl=1 600w,https:\/\/i0.wp.com\/www.cisa-arica.cl\/wp1\/wp-content\/uploads\/2022\/10\/DSC_3026-600x400.jpg?strip=info&#038;w=900&#038;ssl=1 900w,https:\/\/i0.wp.com\/www.cisa-arica.cl\/wp1\/wp-content\/uploads\/2022\/10\/DSC_3026-600x400.jpg?strip=info&#038;w=1100&#038;ssl=1 1100w\" alt=\"\" data-height=\"733\" data-id=\"17792\" data-link=\"https:\/\/www.cisa-arica.cl\/wp1\/2022\/10\/21\/feria-cientifica-3\/dsc_3026\/\" data-url=\"https:\/\/www.cisa-arica.cl\/wp1\/wp-content\/uploads\/2022\/10\/DSC_3026-600x400.jpg\" data-width=\"1100\" src=\"https:\/\/i0.wp.com\/www.cisa-arica.cl\/wp1\/wp-content\/uploads\/2022\/10\/DSC_3026-600x400.jpg?ssl=1\" data-amp-layout=\"responsive\"\/><\/figure><figure class=\"tiled-gallery__item\"><img decoding=\"async\" data-attachment-id=\"17793\" data-permalink=\"https:\/\/www.cisa-arica.cl\/wp1\/2022\/10\/21\/feria-cientifica-3\/dsc_3030\/\" data-orig-file=\"https:\/\/www.cisa-arica.cl\/wp1\/wp-content\/uploads\/2022\/10\/DSC_3030.jpg\" data-orig-size=\"1100,733\" data-comments-opened=\"0\" data-image-meta=\"{&quot;aperture&quot;:&quot;3.5&quot;,&quot;credit&quot;:&quot;&quot;,&quot;camera&quot;:&quot;NIKON D7100&quot;,&quot;caption&quot;:&quot;&quot;,&quot;created_timestamp&quot;:&quot;1666348723&quot;,&quot;copyright&quot;:&quot;&quot;,&quot;focal_length&quot;:&quot;18&quot;,&quot;iso&quot;:&quot;400&quot;,&quot;shutter_speed&quot;:&quot;0.004&quot;,&quot;title&quot;:&quot;&quot;,&quot;orientation&quot;:&quot;0&quot;}\" data-image-title=\"DSC_3030\" data-image-description=\"\" data-image-caption=\"\" data-large-file=\"https:\/\/www.cisa-arica.cl\/wp1\/wp-content\/uploads\/2022\/10\/DSC_3030-600x400.jpg\" data-attachment-id=\"17793\" data-permalink=\"https:\/\/www.cisa-arica.cl\/wp1\/2022\/10\/21\/feria-cientifica-3\/dsc_3030\/\" data-orig-file=\"https:\/\/www.cisa-arica.cl\/wp1\/wp-content\/uploads\/2022\/10\/DSC_3030.jpg\" data-orig-size=\"1100,733\" data-comments-opened=\"0\" data-image-meta=\"{&quot;aperture&quot;:&quot;3.5&quot;,&quot;credit&quot;:&quot;&quot;,&quot;camera&quot;:&quot;NIKON D7100&quot;,&quot;caption&quot;:&quot;&quot;,&quot;created_timestamp&quot;:&quot;1666348723&quot;,&quot;copyright&quot;:&quot;&quot;,&quot;focal_length&quot;:&quot;18&quot;,&quot;iso&quot;:&quot;400&quot;,&quot;shutter_speed&quot;:&quot;0.004&quot;,&quot;title&quot;:&quot;&quot;,&quot;orientation&quot;:&quot;0&quot;}\" data-image-title=\"DSC_3030\" data-image-description=\"\" data-image-caption=\"\" data-large-file=\"https:\/\/www.cisa-arica.cl\/wp1\/wp-content\/uploads\/2022\/10\/DSC_3030-600x400.jpg\" role=\"button\" tabindex=\"0\" aria-label=\"Abrir la imagen 101 de 106 en pantalla completa\"srcset=\"https:\/\/i2.wp.com\/www.cisa-arica.cl\/wp1\/wp-content\/uploads\/2022\/10\/DSC_3030-600x400.jpg?strip=info&#038;w=600&#038;ssl=1 600w,https:\/\/i2.wp.com\/www.cisa-arica.cl\/wp1\/wp-content\/uploads\/2022\/10\/DSC_3030-600x400.jpg?strip=info&#038;w=900&#038;ssl=1 900w,https:\/\/i2.wp.com\/www.cisa-arica.cl\/wp1\/wp-content\/uploads\/2022\/10\/DSC_3030-600x400.jpg?strip=info&#038;w=1100&#038;ssl=1 1100w\" alt=\"\" data-height=\"733\" data-id=\"17793\" data-link=\"https:\/\/www.cisa-arica.cl\/wp1\/2022\/10\/21\/feria-cientifica-3\/dsc_3030\/\" data-url=\"https:\/\/www.cisa-arica.cl\/wp1\/wp-content\/uploads\/2022\/10\/DSC_3030-600x400.jpg\" data-width=\"1100\" src=\"https:\/\/i2.wp.com\/www.cisa-arica.cl\/wp1\/wp-content\/uploads\/2022\/10\/DSC_3030-600x400.jpg?ssl=1\" data-amp-layout=\"responsive\"\/><\/figure><\/div><div class=\"tiled-gallery__col\" style=\"flex-basis:66.75536%\"><figure class=\"tiled-gallery__item\"><img decoding=\"async\" data-attachment-id=\"17794\" data-permalink=\"https:\/\/www.cisa-arica.cl\/wp1\/2022\/10\/21\/feria-cientifica-3\/dsc_3033\/\" data-orig-file=\"https:\/\/www.cisa-arica.cl\/wp1\/wp-content\/uploads\/2022\/10\/DSC_3033.jpg\" data-orig-size=\"1100,733\" data-comments-opened=\"0\" data-image-meta=\"{&quot;aperture&quot;:&quot;4.2&quot;,&quot;credit&quot;:&quot;&quot;,&quot;camera&quot;:&quot;NIKON D7100&quot;,&quot;caption&quot;:&quot;&quot;,&quot;created_timestamp&quot;:&quot;1666348794&quot;,&quot;copyright&quot;:&quot;&quot;,&quot;focal_length&quot;:&quot;32&quot;,&quot;iso&quot;:&quot;400&quot;,&quot;shutter_speed&quot;:&quot;0.01&quot;,&quot;title&quot;:&quot;&quot;,&quot;orientation&quot;:&quot;0&quot;}\" data-image-title=\"DSC_3033\" data-image-description=\"\" data-image-caption=\"\" data-large-file=\"https:\/\/www.cisa-arica.cl\/wp1\/wp-content\/uploads\/2022\/10\/DSC_3033-600x400.jpg\" data-attachment-id=\"17794\" data-permalink=\"https:\/\/www.cisa-arica.cl\/wp1\/2022\/10\/21\/feria-cientifica-3\/dsc_3033\/\" data-orig-file=\"https:\/\/www.cisa-arica.cl\/wp1\/wp-content\/uploads\/2022\/10\/DSC_3033.jpg\" data-orig-size=\"1100,733\" data-comments-opened=\"0\" data-image-meta=\"{&quot;aperture&quot;:&quot;4.2&quot;,&quot;credit&quot;:&quot;&quot;,&quot;camera&quot;:&quot;NIKON D7100&quot;,&quot;caption&quot;:&quot;&quot;,&quot;created_timestamp&quot;:&quot;1666348794&quot;,&quot;copyright&quot;:&quot;&quot;,&quot;focal_length&quot;:&quot;32&quot;,&quot;iso&quot;:&quot;400&quot;,&quot;shutter_speed&quot;:&quot;0.01&quot;,&quot;title&quot;:&quot;&quot;,&quot;orientation&quot;:&quot;0&quot;}\" data-image-title=\"DSC_3033\" data-image-description=\"\" data-image-caption=\"\" data-large-file=\"https:\/\/www.cisa-arica.cl\/wp1\/wp-content\/uploads\/2022\/10\/DSC_3033-600x400.jpg\" role=\"button\" tabindex=\"0\" aria-label=\"Abrir la imagen 102 de 106 en pantalla completa\"srcset=\"https:\/\/i0.wp.com\/www.cisa-arica.cl\/wp1\/wp-content\/uploads\/2022\/10\/DSC_3033-600x400.jpg?strip=info&#038;w=600&#038;ssl=1 600w,https:\/\/i0.wp.com\/www.cisa-arica.cl\/wp1\/wp-content\/uploads\/2022\/10\/DSC_3033-600x400.jpg?strip=info&#038;w=900&#038;ssl=1 900w,https:\/\/i0.wp.com\/www.cisa-arica.cl\/wp1\/wp-content\/uploads\/2022\/10\/DSC_3033-600x400.jpg?strip=info&#038;w=1100&#038;ssl=1 1100w\" alt=\"\" data-height=\"733\" data-id=\"17794\" data-link=\"https:\/\/www.cisa-arica.cl\/wp1\/2022\/10\/21\/feria-cientifica-3\/dsc_3033\/\" data-url=\"https:\/\/www.cisa-arica.cl\/wp1\/wp-content\/uploads\/2022\/10\/DSC_3033-600x400.jpg\" data-width=\"1100\" src=\"https:\/\/i0.wp.com\/www.cisa-arica.cl\/wp1\/wp-content\/uploads\/2022\/10\/DSC_3033-600x400.jpg?ssl=1\" data-amp-layout=\"responsive\"\/><\/figure><\/div><\/div><div class=\"tiled-gallery__row\"><div class=\"tiled-gallery__col\" style=\"flex-basis:66.75536%\"><figure class=\"tiled-gallery__item\"><img decoding=\"async\" data-attachment-id=\"17795\" data-permalink=\"https:\/\/www.cisa-arica.cl\/wp1\/2022\/10\/21\/feria-cientifica-3\/dsc_3036\/\" data-orig-file=\"https:\/\/www.cisa-arica.cl\/wp1\/wp-content\/uploads\/2022\/10\/DSC_3036.jpg\" data-orig-size=\"1100,733\" data-comments-opened=\"0\" data-image-meta=\"{&quot;aperture&quot;:&quot;4&quot;,&quot;credit&quot;:&quot;&quot;,&quot;camera&quot;:&quot;NIKON D7100&quot;,&quot;caption&quot;:&quot;&quot;,&quot;created_timestamp&quot;:&quot;1666348914&quot;,&quot;copyright&quot;:&quot;&quot;,&quot;focal_length&quot;:&quot;28&quot;,&quot;iso&quot;:&quot;400&quot;,&quot;shutter_speed&quot;:&quot;0.01&quot;,&quot;title&quot;:&quot;&quot;,&quot;orientation&quot;:&quot;0&quot;}\" data-image-title=\"DSC_3036\" data-image-description=\"\" data-image-caption=\"\" data-large-file=\"https:\/\/www.cisa-arica.cl\/wp1\/wp-content\/uploads\/2022\/10\/DSC_3036-600x400.jpg\" data-attachment-id=\"17795\" data-permalink=\"https:\/\/www.cisa-arica.cl\/wp1\/2022\/10\/21\/feria-cientifica-3\/dsc_3036\/\" data-orig-file=\"https:\/\/www.cisa-arica.cl\/wp1\/wp-content\/uploads\/2022\/10\/DSC_3036.jpg\" data-orig-size=\"1100,733\" data-comments-opened=\"0\" data-image-meta=\"{&quot;aperture&quot;:&quot;4&quot;,&quot;credit&quot;:&quot;&quot;,&quot;camera&quot;:&quot;NIKON D7100&quot;,&quot;caption&quot;:&quot;&quot;,&quot;created_timestamp&quot;:&quot;1666348914&quot;,&quot;copyright&quot;:&quot;&quot;,&quot;focal_length&quot;:&quot;28&quot;,&quot;iso&quot;:&quot;400&quot;,&quot;shutter_speed&quot;:&quot;0.01&quot;,&quot;title&quot;:&quot;&quot;,&quot;orientation&quot;:&quot;0&quot;}\" data-image-title=\"DSC_3036\" data-image-description=\"\" data-image-caption=\"\" data-large-file=\"https:\/\/www.cisa-arica.cl\/wp1\/wp-content\/uploads\/2022\/10\/DSC_3036-600x400.jpg\" role=\"button\" tabindex=\"0\" aria-label=\"Abrir la imagen 103 de 106 en pantalla completa\"srcset=\"https:\/\/i1.wp.com\/www.cisa-arica.cl\/wp1\/wp-content\/uploads\/2022\/10\/DSC_3036-600x400.jpg?strip=info&#038;w=600&#038;ssl=1 600w,https:\/\/i1.wp.com\/www.cisa-arica.cl\/wp1\/wp-content\/uploads\/2022\/10\/DSC_3036-600x400.jpg?strip=info&#038;w=900&#038;ssl=1 900w,https:\/\/i1.wp.com\/www.cisa-arica.cl\/wp1\/wp-content\/uploads\/2022\/10\/DSC_3036-600x400.jpg?strip=info&#038;w=1100&#038;ssl=1 1100w\" alt=\"\" data-height=\"733\" data-id=\"17795\" data-link=\"https:\/\/www.cisa-arica.cl\/wp1\/2022\/10\/21\/feria-cientifica-3\/dsc_3036\/\" data-url=\"https:\/\/www.cisa-arica.cl\/wp1\/wp-content\/uploads\/2022\/10\/DSC_3036-600x400.jpg\" data-width=\"1100\" src=\"https:\/\/i1.wp.com\/www.cisa-arica.cl\/wp1\/wp-content\/uploads\/2022\/10\/DSC_3036-600x400.jpg?ssl=1\" data-amp-layout=\"responsive\"\/><\/figure><\/div><div class=\"tiled-gallery__col\" style=\"flex-basis:33.24464%\"><figure class=\"tiled-gallery__item\"><img decoding=\"async\" data-attachment-id=\"17796\" data-permalink=\"https:\/\/www.cisa-arica.cl\/wp1\/2022\/10\/21\/feria-cientifica-3\/dsc_3041\/\" data-orig-file=\"https:\/\/www.cisa-arica.cl\/wp1\/wp-content\/uploads\/2022\/10\/DSC_3041.jpg\" data-orig-size=\"1100,733\" data-comments-opened=\"0\" data-image-meta=\"{&quot;aperture&quot;:&quot;5.6&quot;,&quot;credit&quot;:&quot;&quot;,&quot;camera&quot;:&quot;NIKON D7100&quot;,&quot;caption&quot;:&quot;&quot;,&quot;created_timestamp&quot;:&quot;1666348997&quot;,&quot;copyright&quot;:&quot;&quot;,&quot;focal_length&quot;:&quot;90&quot;,&quot;iso&quot;:&quot;400&quot;,&quot;shutter_speed&quot;:&quot;0.02&quot;,&quot;title&quot;:&quot;&quot;,&quot;orientation&quot;:&quot;0&quot;}\" data-image-title=\"DSC_3041\" data-image-description=\"\" data-image-caption=\"\" data-large-file=\"https:\/\/www.cisa-arica.cl\/wp1\/wp-content\/uploads\/2022\/10\/DSC_3041-600x400.jpg\" data-attachment-id=\"17796\" data-permalink=\"https:\/\/www.cisa-arica.cl\/wp1\/2022\/10\/21\/feria-cientifica-3\/dsc_3041\/\" data-orig-file=\"https:\/\/www.cisa-arica.cl\/wp1\/wp-content\/uploads\/2022\/10\/DSC_3041.jpg\" data-orig-size=\"1100,733\" data-comments-opened=\"0\" data-image-meta=\"{&quot;aperture&quot;:&quot;5.6&quot;,&quot;credit&quot;:&quot;&quot;,&quot;camera&quot;:&quot;NIKON D7100&quot;,&quot;caption&quot;:&quot;&quot;,&quot;created_timestamp&quot;:&quot;1666348997&quot;,&quot;copyright&quot;:&quot;&quot;,&quot;focal_length&quot;:&quot;90&quot;,&quot;iso&quot;:&quot;400&quot;,&quot;shutter_speed&quot;:&quot;0.02&quot;,&quot;title&quot;:&quot;&quot;,&quot;orientation&quot;:&quot;0&quot;}\" data-image-title=\"DSC_3041\" data-image-description=\"\" data-image-caption=\"\" data-large-file=\"https:\/\/www.cisa-arica.cl\/wp1\/wp-content\/uploads\/2022\/10\/DSC_3041-600x400.jpg\" role=\"button\" tabindex=\"0\" aria-label=\"Abrir la imagen 104 de 106 en pantalla completa\"srcset=\"https:\/\/i2.wp.com\/www.cisa-arica.cl\/wp1\/wp-content\/uploads\/2022\/10\/DSC_3041-600x400.jpg?strip=info&#038;w=600&#038;ssl=1 600w,https:\/\/i2.wp.com\/www.cisa-arica.cl\/wp1\/wp-content\/uploads\/2022\/10\/DSC_3041-600x400.jpg?strip=info&#038;w=900&#038;ssl=1 900w,https:\/\/i2.wp.com\/www.cisa-arica.cl\/wp1\/wp-content\/uploads\/2022\/10\/DSC_3041-600x400.jpg?strip=info&#038;w=1100&#038;ssl=1 1100w\" alt=\"\" data-height=\"733\" data-id=\"17796\" data-link=\"https:\/\/www.cisa-arica.cl\/wp1\/2022\/10\/21\/feria-cientifica-3\/dsc_3041\/\" data-url=\"https:\/\/www.cisa-arica.cl\/wp1\/wp-content\/uploads\/2022\/10\/DSC_3041-600x400.jpg\" data-width=\"1100\" src=\"https:\/\/i2.wp.com\/www.cisa-arica.cl\/wp1\/wp-content\/uploads\/2022\/10\/DSC_3041-600x400.jpg?ssl=1\" data-amp-layout=\"responsive\"\/><\/figure><figure class=\"tiled-gallery__item\"><img decoding=\"async\" data-attachment-id=\"17798\" data-permalink=\"https:\/\/www.cisa-arica.cl\/wp1\/2022\/10\/21\/feria-cientifica-3\/dsc_3043\/\" data-orig-file=\"https:\/\/www.cisa-arica.cl\/wp1\/wp-content\/uploads\/2022\/10\/DSC_3043.jpg\" data-orig-size=\"1100,733\" data-comments-opened=\"0\" data-image-meta=\"{&quot;aperture&quot;:&quot;5.3&quot;,&quot;credit&quot;:&quot;&quot;,&quot;camera&quot;:&quot;NIKON D7100&quot;,&quot;caption&quot;:&quot;&quot;,&quot;created_timestamp&quot;:&quot;1666350003&quot;,&quot;copyright&quot;:&quot;&quot;,&quot;focal_length&quot;:&quot;75&quot;,&quot;iso&quot;:&quot;800&quot;,&quot;shutter_speed&quot;:&quot;0.04&quot;,&quot;title&quot;:&quot;&quot;,&quot;orientation&quot;:&quot;0&quot;}\" data-image-title=\"DSC_3043\" data-image-description=\"\" data-image-caption=\"\" data-large-file=\"https:\/\/www.cisa-arica.cl\/wp1\/wp-content\/uploads\/2022\/10\/DSC_3043-600x400.jpg\" data-attachment-id=\"17798\" data-permalink=\"https:\/\/www.cisa-arica.cl\/wp1\/2022\/10\/21\/feria-cientifica-3\/dsc_3043\/\" data-orig-file=\"https:\/\/www.cisa-arica.cl\/wp1\/wp-content\/uploads\/2022\/10\/DSC_3043.jpg\" data-orig-size=\"1100,733\" data-comments-opened=\"0\" data-image-meta=\"{&quot;aperture&quot;:&quot;5.3&quot;,&quot;credit&quot;:&quot;&quot;,&quot;camera&quot;:&quot;NIKON D7100&quot;,&quot;caption&quot;:&quot;&quot;,&quot;created_timestamp&quot;:&quot;1666350003&quot;,&quot;copyright&quot;:&quot;&quot;,&quot;focal_length&quot;:&quot;75&quot;,&quot;iso&quot;:&quot;800&quot;,&quot;shutter_speed&quot;:&quot;0.04&quot;,&quot;title&quot;:&quot;&quot;,&quot;orientation&quot;:&quot;0&quot;}\" data-image-title=\"DSC_3043\" data-image-description=\"\" data-image-caption=\"\" data-large-file=\"https:\/\/www.cisa-arica.cl\/wp1\/wp-content\/uploads\/2022\/10\/DSC_3043-600x400.jpg\" role=\"button\" tabindex=\"0\" aria-label=\"Abrir la imagen 105 de 106 en pantalla completa\"srcset=\"https:\/\/i2.wp.com\/www.cisa-arica.cl\/wp1\/wp-content\/uploads\/2022\/10\/DSC_3043-600x400.jpg?strip=info&#038;w=600&#038;ssl=1 600w,https:\/\/i2.wp.com\/www.cisa-arica.cl\/wp1\/wp-content\/uploads\/2022\/10\/DSC_3043-600x400.jpg?strip=info&#038;w=900&#038;ssl=1 900w,https:\/\/i2.wp.com\/www.cisa-arica.cl\/wp1\/wp-content\/uploads\/2022\/10\/DSC_3043-600x400.jpg?strip=info&#038;w=1100&#038;ssl=1 1100w\" alt=\"\" data-height=\"733\" data-id=\"17798\" data-link=\"https:\/\/www.cisa-arica.cl\/wp1\/2022\/10\/21\/feria-cientifica-3\/dsc_3043\/\" data-url=\"https:\/\/www.cisa-arica.cl\/wp1\/wp-content\/uploads\/2022\/10\/DSC_3043-600x400.jpg\" data-width=\"1100\" src=\"https:\/\/i2.wp.com\/www.cisa-arica.cl\/wp1\/wp-content\/uploads\/2022\/10\/DSC_3043-600x400.jpg?ssl=1\" data-amp-layout=\"responsive\"\/><\/figure><\/div><\/div><div class=\"tiled-gallery__row\"><div class=\"tiled-gallery__col\" style=\"flex-basis:100.00000%\"><figure class=\"tiled-gallery__item\"><img decoding=\"async\" data-attachment-id=\"17799\" data-permalink=\"https:\/\/www.cisa-arica.cl\/wp1\/2022\/10\/21\/feria-cientifica-3\/dsc_3046\/\" data-orig-file=\"https:\/\/www.cisa-arica.cl\/wp1\/wp-content\/uploads\/2022\/10\/DSC_3046.jpg\" data-orig-size=\"1100,733\" data-comments-opened=\"0\" data-image-meta=\"{&quot;aperture&quot;:&quot;4.5&quot;,&quot;credit&quot;:&quot;&quot;,&quot;camera&quot;:&quot;NIKON D7100&quot;,&quot;caption&quot;:&quot;&quot;,&quot;created_timestamp&quot;:&quot;1666350323&quot;,&quot;copyright&quot;:&quot;&quot;,&quot;focal_length&quot;:&quot;18&quot;,&quot;iso&quot;:&quot;800&quot;,&quot;shutter_speed&quot;:&quot;0.016666666666667&quot;,&quot;title&quot;:&quot;&quot;,&quot;orientation&quot;:&quot;0&quot;}\" data-image-title=\"DSC_3046\" data-image-description=\"\" data-image-caption=\"\" data-large-file=\"https:\/\/www.cisa-arica.cl\/wp1\/wp-content\/uploads\/2022\/10\/DSC_3046-600x400.jpg\" data-attachment-id=\"17799\" data-permalink=\"https:\/\/www.cisa-arica.cl\/wp1\/2022\/10\/21\/feria-cientifica-3\/dsc_3046\/\" data-orig-file=\"https:\/\/www.cisa-arica.cl\/wp1\/wp-content\/uploads\/2022\/10\/DSC_3046.jpg\" data-orig-size=\"1100,733\" data-comments-opened=\"0\" data-image-meta=\"{&quot;aperture&quot;:&quot;4.5&quot;,&quot;credit&quot;:&quot;&quot;,&quot;camera&quot;:&quot;NIKON D7100&quot;,&quot;caption&quot;:&quot;&quot;,&quot;created_timestamp&quot;:&quot;1666350323&quot;,&quot;copyright&quot;:&quot;&quot;,&quot;focal_length&quot;:&quot;18&quot;,&quot;iso&quot;:&quot;800&quot;,&quot;shutter_speed&quot;:&quot;0.016666666666667&quot;,&quot;title&quot;:&quot;&quot;,&quot;orientation&quot;:&quot;0&quot;}\" data-image-title=\"DSC_3046\" data-image-description=\"\" data-image-caption=\"\" data-large-file=\"https:\/\/www.cisa-arica.cl\/wp1\/wp-content\/uploads\/2022\/10\/DSC_3046-600x400.jpg\" role=\"button\" tabindex=\"0\" aria-label=\"Abrir la imagen 106 de 106 en pantalla completa\"srcset=\"https:\/\/i1.wp.com\/www.cisa-arica.cl\/wp1\/wp-content\/uploads\/2022\/10\/DSC_3046-600x400.jpg?strip=info&#038;w=600&#038;ssl=1 600w,https:\/\/i1.wp.com\/www.cisa-arica.cl\/wp1\/wp-content\/uploads\/2022\/10\/DSC_3046-600x400.jpg?strip=info&#038;w=900&#038;ssl=1 900w,https:\/\/i1.wp.com\/www.cisa-arica.cl\/wp1\/wp-content\/uploads\/2022\/10\/DSC_3046-600x400.jpg?strip=info&#038;w=1100&#038;ssl=1 1100w\" alt=\"\" data-height=\"733\" data-id=\"17799\" data-link=\"https:\/\/www.cisa-arica.cl\/wp1\/2022\/10\/21\/feria-cientifica-3\/dsc_3046\/\" data-url=\"https:\/\/www.cisa-arica.cl\/wp1\/wp-content\/uploads\/2022\/10\/DSC_3046-600x400.jpg\" data-width=\"1100\" src=\"https:\/\/i1.wp.com\/www.cisa-arica.cl\/wp1\/wp-content\/uploads\/2022\/10\/DSC_3046-600x400.jpg?ssl=1\" data-amp-layout=\"responsive\"\/><\/figure><\/div><\/div><\/div><\/div>\n","protected":false},"excerpt":{"rendered":"<p>Una gran jornada cient\u00edfica-matem\u00e1tica vivieron nuestras estudiantes en la Feria de Ciencias y Matem\u00e1tica que se realiz\u00f3 el pasado viernes 21. En la oportunidad profesores de las asignaturas junto a sus estudiantes prepararon varios stand con diversas actividades l\u00fadicas para que todos los cursos tuviesen la oportunidad de participar de cada una de ellas y <a class=\"read-more\" href=\"https:\/\/www.cisa-arica.cl\/wp1\/2022\/10\/21\/feria-cientifica-3\/\">Continuar leyendo<\/a><\/p>\n","protected":false},"author":1,"featured_media":17729,"comment_status":"closed","ping_status":"open","sticky":false,"template":"","format":"standard","meta":{"_jetpack_memberships_contains_paid_content":false,"footnotes":"","jetpack_publicize_message":"","jetpack_publicize_feature_enabled":true,"jetpack_social_post_already_shared":true,"jetpack_social_options":{"image_generator_settings":{"template":"highway","default_image_id":0,"font":"","enabled":false},"version":2}},"categories":[5],"tags":[],"class_list":["post-17684","post","type-post","status-publish","format-standard","has-post-thumbnail","hentry","category-uncategorized"],"jetpack_publicize_connections":[],"jetpack_featured_media_url":"https:\/\/www.cisa-arica.cl\/wp1\/wp-content\/uploads\/2022\/10\/DSC_2840.jpg","jetpack_sharing_enabled":true,"jetpack_shortlink":"https:\/\/wp.me\/p84wcz-4Be","jetpack-related-posts":[{"id":22711,"url":"https:\/\/www.cisa-arica.cl\/wp1\/2023\/10\/20\/feria-de-la-ciencia-y-matematica-2023\/","url_meta":{"origin":17684,"position":0},"title":"Feria de la Ciencia y Matem\u00e1tica 2023","author":"Jeannette Rivera","date":"20 de Octubre de 2023","format":false,"excerpt":"Una nueva versi\u00f3n de la Feria de la Ciencia y Matem\u00e1tica se realiz\u00f3 en nuestro colegio ayer jueves 19 de octubre. En la oportunidad las estudiantes del colegio pudieron participar como expositoras, o bien, como visitantes. La actividad fue todo un \u00e9xito por lo que felicitamos a los profesores organizadores,\u2026","rel":"","context":"Entrada similar ","block_context":{"text":"Entrada similar ","link":""},"img":{"alt_text":"","src":"https:\/\/i0.wp.com\/www.cisa-arica.cl\/wp1\/wp-content\/uploads\/2023\/10\/9E36A9BE-57A5-46B4-9B7E-E0FED676E35C-scaled.jpeg?resize=350%2C200&ssl=1","width":350,"height":200,"srcset":"https:\/\/i0.wp.com\/www.cisa-arica.cl\/wp1\/wp-content\/uploads\/2023\/10\/9E36A9BE-57A5-46B4-9B7E-E0FED676E35C-scaled.jpeg?resize=350%2C200&ssl=1 1x, https:\/\/i0.wp.com\/www.cisa-arica.cl\/wp1\/wp-content\/uploads\/2023\/10\/9E36A9BE-57A5-46B4-9B7E-E0FED676E35C-scaled.jpeg?resize=525%2C300&ssl=1 1.5x, https:\/\/i0.wp.com\/www.cisa-arica.cl\/wp1\/wp-content\/uploads\/2023\/10\/9E36A9BE-57A5-46B4-9B7E-E0FED676E35C-scaled.jpeg?resize=700%2C400&ssl=1 2x, https:\/\/i0.wp.com\/www.cisa-arica.cl\/wp1\/wp-content\/uploads\/2023\/10\/9E36A9BE-57A5-46B4-9B7E-E0FED676E35C-scaled.jpeg?resize=1050%2C600&ssl=1 3x, https:\/\/i0.wp.com\/www.cisa-arica.cl\/wp1\/wp-content\/uploads\/2023\/10\/9E36A9BE-57A5-46B4-9B7E-E0FED676E35C-scaled.jpeg?resize=1400%2C800&ssl=1 4x"},"classes":[]},{"id":20688,"url":"https:\/\/www.cisa-arica.cl\/wp1\/2023\/06\/03\/salida-a-feria-literaria\/","url_meta":{"origin":17684,"position":1},"title":"Salida a Feria Literaria","author":"Jeannette Rivera","date":"3 de Junio de 2023","format":false,"excerpt":"El jueves 01 de Junio, estudiantes de los 8vos a\u00f1os A y B visitaron la Feria Literaria \u00a0organizada por los Cra-Arica en el poblado artesanal. En la oportunidad pudieron observar diferentes stand de otros colegios en donde se expusieron trabajos ligados a la literatura, \u00a0as\u00ed como tambi\u00e9n, stand de nuevos\u2026","rel":"","context":"Entrada similar ","block_context":{"text":"Entrada similar ","link":""},"img":{"alt_text":"","src":"https:\/\/i0.wp.com\/www.cisa-arica.cl\/wp1\/wp-content\/uploads\/2023\/06\/D8763D73-FA52-4EBA-8483-2CBE1B6E89F5-scaled.jpeg?resize=350%2C200&ssl=1","width":350,"height":200,"srcset":"https:\/\/i0.wp.com\/www.cisa-arica.cl\/wp1\/wp-content\/uploads\/2023\/06\/D8763D73-FA52-4EBA-8483-2CBE1B6E89F5-scaled.jpeg?resize=350%2C200&ssl=1 1x, https:\/\/i0.wp.com\/www.cisa-arica.cl\/wp1\/wp-content\/uploads\/2023\/06\/D8763D73-FA52-4EBA-8483-2CBE1B6E89F5-scaled.jpeg?resize=525%2C300&ssl=1 1.5x, https:\/\/i0.wp.com\/www.cisa-arica.cl\/wp1\/wp-content\/uploads\/2023\/06\/D8763D73-FA52-4EBA-8483-2CBE1B6E89F5-scaled.jpeg?resize=700%2C400&ssl=1 2x, https:\/\/i0.wp.com\/www.cisa-arica.cl\/wp1\/wp-content\/uploads\/2023\/06\/D8763D73-FA52-4EBA-8483-2CBE1B6E89F5-scaled.jpeg?resize=1050%2C600&ssl=1 3x, https:\/\/i0.wp.com\/www.cisa-arica.cl\/wp1\/wp-content\/uploads\/2023\/06\/D8763D73-FA52-4EBA-8483-2CBE1B6E89F5-scaled.jpeg?resize=1400%2C800&ssl=1 4x"},"classes":[]},{"id":27146,"url":"https:\/\/www.cisa-arica.cl\/wp1\/2024\/10\/28\/feria-cientifica-entreteciencia-2024\/","url_meta":{"origin":17684,"position":2},"title":"Feria Cient\u00edfica Entreteciencia 2024","author":"Jeannette Rivera","date":"28 de Octubre de 2024","format":false,"excerpt":"El pasado viernes18 de octubre se realiz\u00f3 la Feria Cient\u00edfica Cisa 2024 \"Entreteciencia\" en donde las estudiantes desde 1\u00ba B\u00e1sico a 4to Medio mostraron diferentes trabajos en relaci\u00f3n a las ciencias pero de una manera l\u00fadica y entretenida.","rel":"","context":"Entrada similar ","block_context":{"text":"Entrada similar ","link":""},"img":{"alt_text":"","src":"https:\/\/i0.wp.com\/www.cisa-arica.cl\/wp1\/wp-content\/uploads\/2024\/10\/IMG_7421-scaled.jpg?resize=350%2C200&ssl=1","width":350,"height":200,"srcset":"https:\/\/i0.wp.com\/www.cisa-arica.cl\/wp1\/wp-content\/uploads\/2024\/10\/IMG_7421-scaled.jpg?resize=350%2C200&ssl=1 1x, https:\/\/i0.wp.com\/www.cisa-arica.cl\/wp1\/wp-content\/uploads\/2024\/10\/IMG_7421-scaled.jpg?resize=525%2C300&ssl=1 1.5x, https:\/\/i0.wp.com\/www.cisa-arica.cl\/wp1\/wp-content\/uploads\/2024\/10\/IMG_7421-scaled.jpg?resize=700%2C400&ssl=1 2x, https:\/\/i0.wp.com\/www.cisa-arica.cl\/wp1\/wp-content\/uploads\/2024\/10\/IMG_7421-scaled.jpg?resize=1050%2C600&ssl=1 3x, https:\/\/i0.wp.com\/www.cisa-arica.cl\/wp1\/wp-content\/uploads\/2024\/10\/IMG_7421-scaled.jpg?resize=1400%2C800&ssl=1 4x"},"classes":[]},{"id":27947,"url":"https:\/\/www.cisa-arica.cl\/wp1\/2024\/12\/30\/preuniversitario-2025\/","url_meta":{"origin":17684,"position":3},"title":"PREUNIVERSITARIO 2025","author":"Jeannette Rivera","date":"30 de Diciembre de 2024","format":false,"excerpt":"Estimadas estudiantes: Para el a\u00f1o 2025, nuestro colegio les brindar\u00e1 un preuniversitario con profesores de calidad para su preparaci\u00f3n PAES. \u00a1Prep\u00e1rate para el futuro con el Preuniversitario 2025 del Colegio Italiano Santa Ana! Dirigido a: Estudiantes de 3\u00b0 y 4\u00b0 medio que buscan fortalecer sus conocimientos y asegurar un excelente\u2026","rel":"","context":"Entrada similar ","block_context":{"text":"Entrada similar ","link":""},"img":{"alt_text":"","src":"","width":0,"height":0},"classes":[]},{"id":13552,"url":"https:\/\/www.cisa-arica.cl\/wp1\/2021\/11\/08\/sexto-cuestionario-institucional-on-line\/","url_meta":{"origin":17684,"position":4},"title":"Sexto Cuestionario Institucional On Line","author":"CISA","date":"8 de Noviembre de 2021","format":false,"excerpt":"Estimados Apoderados y Estudiantes: Junto con saludarlos, queremos recordar que\u00a0desde hoy, 08\u00a0 y hasta el\u00a0 18 de Noviembre, se encontrar\u00e1n disponibles en la plataforma\u00a0arica.aulavirtualsantaana.cl\u00a0las\u00a0Sextas evaluaciones (cuestionarios institucionales) de car\u00e1cter obligatorias en las asignaturas de lenguaje, matem\u00e1tica, historia , ciencias e ingl\u00e9s desde 1ero b\u00e1sico a 3ro medio, las que tienen\u2026","rel":"","context":"Entrada similar ","block_context":{"text":"Entrada similar ","link":""},"img":{"alt_text":"","src":"https:\/\/i0.wp.com\/www.cisa-arica.cl\/wp1\/wp-content\/uploads\/2021\/11\/6TO-CUESTIONARIO.jpg?resize=350%2C200&ssl=1","width":350,"height":200,"srcset":"https:\/\/i0.wp.com\/www.cisa-arica.cl\/wp1\/wp-content\/uploads\/2021\/11\/6TO-CUESTIONARIO.jpg?resize=350%2C200&ssl=1 1x, https:\/\/i0.wp.com\/www.cisa-arica.cl\/wp1\/wp-content\/uploads\/2021\/11\/6TO-CUESTIONARIO.jpg?resize=525%2C300&ssl=1 1.5x, https:\/\/i0.wp.com\/www.cisa-arica.cl\/wp1\/wp-content\/uploads\/2021\/11\/6TO-CUESTIONARIO.jpg?resize=700%2C400&ssl=1 2x, https:\/\/i0.wp.com\/www.cisa-arica.cl\/wp1\/wp-content\/uploads\/2021\/11\/6TO-CUESTIONARIO.jpg?resize=1050%2C600&ssl=1 3x"},"classes":[]},{"id":10787,"url":"https:\/\/www.cisa-arica.cl\/wp1\/2020\/06\/26\/informativo-trabajo-pedagogico\/","url_meta":{"origin":17684,"position":5},"title":"Informativo Trabajo Pedag\u00f3gico","author":"Jeannette Rivera","date":"26 de Junio de 2020","format":false,"excerpt":"Debido a la situaci\u00f3n que afecta al pa\u00eds y la suspensi\u00f3n de clases presenciales, el colegio decide adquirir una plataforma virtual www.aulavirtualsantaana.cl para facilitar la entrega de aprendizajes a nuestras estudiantes y adem\u00e1s se adquiere la aplicaci\u00f3n de mensajer\u00eda de textos \u201cPapinotas\u201d, la cual no requiere de\u00a0 conexi\u00f3n a Internet,\u2026","rel":"","context":"Entrada similar ","block_context":{"text":"Entrada similar ","link":""},"img":{"alt_text":"","src":"https:\/\/i0.wp.com\/www.cisa-arica.cl\/wp1\/wp-content\/uploads\/2020\/06\/Amarillo-Rosa-Azul-Rebajas-Hashtag-Ganar-Redes-Sociales-Publicaci%C3%B3n.png?resize=350%2C200&ssl=1","width":350,"height":200,"srcset":"https:\/\/i0.wp.com\/www.cisa-arica.cl\/wp1\/wp-content\/uploads\/2020\/06\/Amarillo-Rosa-Azul-Rebajas-Hashtag-Ganar-Redes-Sociales-Publicaci%C3%B3n.png?resize=350%2C200&ssl=1 1x, https:\/\/i0.wp.com\/www.cisa-arica.cl\/wp1\/wp-content\/uploads\/2020\/06\/Amarillo-Rosa-Azul-Rebajas-Hashtag-Ganar-Redes-Sociales-Publicaci%C3%B3n.png?resize=525%2C300&ssl=1 1.5x, https:\/\/i0.wp.com\/www.cisa-arica.cl\/wp1\/wp-content\/uploads\/2020\/06\/Amarillo-Rosa-Azul-Rebajas-Hashtag-Ganar-Redes-Sociales-Publicaci%C3%B3n.png?resize=700%2C400&ssl=1 2x"},"classes":[]}],"_links":{"self":[{"href":"https:\/\/www.cisa-arica.cl\/wp1\/wp-json\/wp\/v2\/posts\/17684","targetHints":{"allow":["GET"]}}],"collection":[{"href":"https:\/\/www.cisa-arica.cl\/wp1\/wp-json\/wp\/v2\/posts"}],"about":[{"href":"https:\/\/www.cisa-arica.cl\/wp1\/wp-json\/wp\/v2\/types\/post"}],"author":[{"embeddable":true,"href":"https:\/\/www.cisa-arica.cl\/wp1\/wp-json\/wp\/v2\/users\/1"}],"replies":[{"embeddable":true,"href":"https:\/\/www.cisa-arica.cl\/wp1\/wp-json\/wp\/v2\/comments?post=17684"}],"version-history":[{"count":4,"href":"https:\/\/www.cisa-arica.cl\/wp1\/wp-json\/wp\/v2\/posts\/17684\/revisions"}],"predecessor-version":[{"id":17805,"href":"https:\/\/www.cisa-arica.cl\/wp1\/wp-json\/wp\/v2\/posts\/17684\/revisions\/17805"}],"wp:featuredmedia":[{"embeddable":true,"href":"https:\/\/www.cisa-arica.cl\/wp1\/wp-json\/wp\/v2\/media\/17729"}],"wp:attachment":[{"href":"https:\/\/www.cisa-arica.cl\/wp1\/wp-json\/wp\/v2\/media?parent=17684"}],"wp:term":[{"taxonomy":"category","embeddable":true,"href":"https:\/\/www.cisa-arica.cl\/wp1\/wp-json\/wp\/v2\/categories?post=17684"},{"taxonomy":"post_tag","embeddable":true,"href":"https:\/\/www.cisa-arica.cl\/wp1\/wp-json\/wp\/v2\/tags?post=17684"}],"curies":[{"name":"wp","href":"https:\/\/api.w.org\/{rel}","templated":true}]}}