{"id":17599,"date":"2022-10-17T16:30:00","date_gmt":"2022-10-17T20:30:00","guid":{"rendered":"https:\/\/www.cisa-arica.cl\/wp1\/?p=17599"},"modified":"2022-10-20T16:29:26","modified_gmt":"2022-10-20T20:29:26","slug":"retiro-de-confirmacion-ii","status":"publish","type":"post","link":"https:\/\/www.cisa-arica.cl\/wp1\/2022\/10\/17\/retiro-de-confirmacion-ii\/","title":{"rendered":"Retiro de Confirmaci\u00f3n II"},"content":{"rendered":"\n<p>A pocas semanas de la celebraci\u00f3n del sacramento de la Confirmaci\u00f3n, nuestros j\u00f3venes se re\u00fanen para preparar el coraz\u00f3n para recibir el eEsp\u00edritu de Dios, compartiendo momentos de oraci\u00f3n y formaci\u00f3n.<\/p>\n\n\n\n<div class=\"wp-block-jetpack-tiled-gallery aligncenter is-style-rectangular\"><div class=\"tiled-gallery__gallery\"><div class=\"tiled-gallery__row\"><div class=\"tiled-gallery__col\" style=\"flex-basis:50.05509%\"><figure class=\"tiled-gallery__item\"><img decoding=\"async\" data-attachment-id=\"17600\" data-permalink=\"https:\/\/www.cisa-arica.cl\/wp1\/2022\/10\/17\/retiro-de-confirmacion-ii\/dda89ecf-daf1-41df-8e1b-f4e2aa66aecb\/\" data-orig-file=\"https:\/\/www.cisa-arica.cl\/wp1\/wp-content\/uploads\/2022\/10\/DDA89ECF-DAF1-41DF-8E1B-F4E2AA66AECB.jpeg\" data-orig-size=\"1600,900\" data-comments-opened=\"0\" data-image-meta=\"{&quot;aperture&quot;:&quot;0&quot;,&quot;credit&quot;:&quot;&quot;,&quot;camera&quot;:&quot;&quot;,&quot;caption&quot;:&quot;&quot;,&quot;created_timestamp&quot;:&quot;0&quot;,&quot;copyright&quot;:&quot;&quot;,&quot;focal_length&quot;:&quot;0&quot;,&quot;iso&quot;:&quot;0&quot;,&quot;shutter_speed&quot;:&quot;0&quot;,&quot;title&quot;:&quot;&quot;,&quot;orientation&quot;:&quot;0&quot;}\" data-image-title=\"DDA89ECF-DAF1-41DF-8E1B-F4E2AA66AECB\" data-image-description=\"\" data-image-caption=\"\" data-large-file=\"https:\/\/www.cisa-arica.cl\/wp1\/wp-content\/uploads\/2022\/10\/DDA89ECF-DAF1-41DF-8E1B-F4E2AA66AECB-600x338.jpeg\" data-attachment-id=\"17600\" data-permalink=\"https:\/\/www.cisa-arica.cl\/wp1\/2022\/10\/17\/retiro-de-confirmacion-ii\/dda89ecf-daf1-41df-8e1b-f4e2aa66aecb\/\" data-orig-file=\"https:\/\/www.cisa-arica.cl\/wp1\/wp-content\/uploads\/2022\/10\/DDA89ECF-DAF1-41DF-8E1B-F4E2AA66AECB.jpeg\" data-orig-size=\"1600,900\" data-comments-opened=\"0\" data-image-meta=\"{&quot;aperture&quot;:&quot;0&quot;,&quot;credit&quot;:&quot;&quot;,&quot;camera&quot;:&quot;&quot;,&quot;caption&quot;:&quot;&quot;,&quot;created_timestamp&quot;:&quot;0&quot;,&quot;copyright&quot;:&quot;&quot;,&quot;focal_length&quot;:&quot;0&quot;,&quot;iso&quot;:&quot;0&quot;,&quot;shutter_speed&quot;:&quot;0&quot;,&quot;title&quot;:&quot;&quot;,&quot;orientation&quot;:&quot;0&quot;}\" data-image-title=\"DDA89ECF-DAF1-41DF-8E1B-F4E2AA66AECB\" data-image-description=\"\" data-image-caption=\"\" data-large-file=\"https:\/\/www.cisa-arica.cl\/wp1\/wp-content\/uploads\/2022\/10\/DDA89ECF-DAF1-41DF-8E1B-F4E2AA66AECB-600x338.jpeg\" role=\"button\" tabindex=\"0\" aria-label=\"Abrir la imagen 1 de 12 en pantalla completa\"srcset=\"https:\/\/i2.wp.com\/www.cisa-arica.cl\/wp1\/wp-content\/uploads\/2022\/10\/DDA89ECF-DAF1-41DF-8E1B-F4E2AA66AECB-600x338.jpeg?strip=info&#038;w=600&#038;ssl=1 600w,https:\/\/i2.wp.com\/www.cisa-arica.cl\/wp1\/wp-content\/uploads\/2022\/10\/DDA89ECF-DAF1-41DF-8E1B-F4E2AA66AECB-600x338.jpeg?strip=info&#038;w=900&#038;ssl=1 900w,https:\/\/i2.wp.com\/www.cisa-arica.cl\/wp1\/wp-content\/uploads\/2022\/10\/DDA89ECF-DAF1-41DF-8E1B-F4E2AA66AECB-600x338.jpeg?strip=info&#038;w=1200&#038;ssl=1 1200w,https:\/\/i2.wp.com\/www.cisa-arica.cl\/wp1\/wp-content\/uploads\/2022\/10\/DDA89ECF-DAF1-41DF-8E1B-F4E2AA66AECB-600x338.jpeg?strip=info&#038;w=1500&#038;ssl=1 1500w,https:\/\/i2.wp.com\/www.cisa-arica.cl\/wp1\/wp-content\/uploads\/2022\/10\/DDA89ECF-DAF1-41DF-8E1B-F4E2AA66AECB-600x338.jpeg?strip=info&#038;w=1600&#038;ssl=1 1600w\" alt=\"\" data-height=\"900\" data-id=\"17600\" data-link=\"https:\/\/www.cisa-arica.cl\/wp1\/?attachment_id=17600\" data-url=\"https:\/\/www.cisa-arica.cl\/wp1\/wp-content\/uploads\/2022\/10\/DDA89ECF-DAF1-41DF-8E1B-F4E2AA66AECB-600x338.jpeg\" data-width=\"1600\" src=\"https:\/\/i2.wp.com\/www.cisa-arica.cl\/wp1\/wp-content\/uploads\/2022\/10\/DDA89ECF-DAF1-41DF-8E1B-F4E2AA66AECB-600x338.jpeg?ssl=1\" data-amp-layout=\"responsive\"\/><\/figure><\/div><div class=\"tiled-gallery__col\" style=\"flex-basis:49.94491%\"><figure class=\"tiled-gallery__item\"><img decoding=\"async\" data-attachment-id=\"17601\" data-permalink=\"https:\/\/www.cisa-arica.cl\/wp1\/2022\/10\/17\/retiro-de-confirmacion-ii\/e082f9fb-a7de-4f37-a15c-f89329a25932\/\" data-orig-file=\"https:\/\/www.cisa-arica.cl\/wp1\/wp-content\/uploads\/2022\/10\/E082F9FB-A7DE-4F37-A15C-F89329A25932.jpeg\" data-orig-size=\"1600,902\" data-comments-opened=\"0\" data-image-meta=\"{&quot;aperture&quot;:&quot;0&quot;,&quot;credit&quot;:&quot;&quot;,&quot;camera&quot;:&quot;&quot;,&quot;caption&quot;:&quot;&quot;,&quot;created_timestamp&quot;:&quot;0&quot;,&quot;copyright&quot;:&quot;&quot;,&quot;focal_length&quot;:&quot;0&quot;,&quot;iso&quot;:&quot;0&quot;,&quot;shutter_speed&quot;:&quot;0&quot;,&quot;title&quot;:&quot;&quot;,&quot;orientation&quot;:&quot;0&quot;}\" data-image-title=\"E082F9FB-A7DE-4F37-A15C-F89329A25932\" data-image-description=\"\" data-image-caption=\"\" data-large-file=\"https:\/\/www.cisa-arica.cl\/wp1\/wp-content\/uploads\/2022\/10\/E082F9FB-A7DE-4F37-A15C-F89329A25932-600x338.jpeg\" data-attachment-id=\"17601\" data-permalink=\"https:\/\/www.cisa-arica.cl\/wp1\/2022\/10\/17\/retiro-de-confirmacion-ii\/e082f9fb-a7de-4f37-a15c-f89329a25932\/\" data-orig-file=\"https:\/\/www.cisa-arica.cl\/wp1\/wp-content\/uploads\/2022\/10\/E082F9FB-A7DE-4F37-A15C-F89329A25932.jpeg\" data-orig-size=\"1600,902\" data-comments-opened=\"0\" data-image-meta=\"{&quot;aperture&quot;:&quot;0&quot;,&quot;credit&quot;:&quot;&quot;,&quot;camera&quot;:&quot;&quot;,&quot;caption&quot;:&quot;&quot;,&quot;created_timestamp&quot;:&quot;0&quot;,&quot;copyright&quot;:&quot;&quot;,&quot;focal_length&quot;:&quot;0&quot;,&quot;iso&quot;:&quot;0&quot;,&quot;shutter_speed&quot;:&quot;0&quot;,&quot;title&quot;:&quot;&quot;,&quot;orientation&quot;:&quot;0&quot;}\" data-image-title=\"E082F9FB-A7DE-4F37-A15C-F89329A25932\" data-image-description=\"\" data-image-caption=\"\" data-large-file=\"https:\/\/www.cisa-arica.cl\/wp1\/wp-content\/uploads\/2022\/10\/E082F9FB-A7DE-4F37-A15C-F89329A25932-600x338.jpeg\" role=\"button\" tabindex=\"0\" aria-label=\"Abrir la imagen 2 de 12 en pantalla completa\"srcset=\"https:\/\/i2.wp.com\/www.cisa-arica.cl\/wp1\/wp-content\/uploads\/2022\/10\/E082F9FB-A7DE-4F37-A15C-F89329A25932-600x338.jpeg?strip=info&#038;w=600&#038;ssl=1 600w,https:\/\/i2.wp.com\/www.cisa-arica.cl\/wp1\/wp-content\/uploads\/2022\/10\/E082F9FB-A7DE-4F37-A15C-F89329A25932-600x338.jpeg?strip=info&#038;w=900&#038;ssl=1 900w,https:\/\/i2.wp.com\/www.cisa-arica.cl\/wp1\/wp-content\/uploads\/2022\/10\/E082F9FB-A7DE-4F37-A15C-F89329A25932-600x338.jpeg?strip=info&#038;w=1200&#038;ssl=1 1200w,https:\/\/i2.wp.com\/www.cisa-arica.cl\/wp1\/wp-content\/uploads\/2022\/10\/E082F9FB-A7DE-4F37-A15C-F89329A25932-600x338.jpeg?strip=info&#038;w=1500&#038;ssl=1 1500w,https:\/\/i2.wp.com\/www.cisa-arica.cl\/wp1\/wp-content\/uploads\/2022\/10\/E082F9FB-A7DE-4F37-A15C-F89329A25932-600x338.jpeg?strip=info&#038;w=1600&#038;ssl=1 1600w\" alt=\"\" data-height=\"902\" data-id=\"17601\" data-link=\"https:\/\/www.cisa-arica.cl\/wp1\/?attachment_id=17601\" data-url=\"https:\/\/www.cisa-arica.cl\/wp1\/wp-content\/uploads\/2022\/10\/E082F9FB-A7DE-4F37-A15C-F89329A25932-600x338.jpeg\" data-width=\"1600\" src=\"https:\/\/i2.wp.com\/www.cisa-arica.cl\/wp1\/wp-content\/uploads\/2022\/10\/E082F9FB-A7DE-4F37-A15C-F89329A25932-600x338.jpeg?ssl=1\" data-amp-layout=\"responsive\"\/><\/figure><\/div><\/div><div class=\"tiled-gallery__row\"><div class=\"tiled-gallery__col\" style=\"flex-basis:50.00000%\"><figure class=\"tiled-gallery__item\"><img decoding=\"async\" data-attachment-id=\"17602\" data-permalink=\"https:\/\/www.cisa-arica.cl\/wp1\/2022\/10\/17\/retiro-de-confirmacion-ii\/60f55736-b7d9-4a69-8ed1-700b3dfb893b\/\" data-orig-file=\"https:\/\/www.cisa-arica.cl\/wp1\/wp-content\/uploads\/2022\/10\/60F55736-B7D9-4A69-8ED1-700B3DFB893B.jpeg\" data-orig-size=\"1600,900\" data-comments-opened=\"0\" data-image-meta=\"{&quot;aperture&quot;:&quot;0&quot;,&quot;credit&quot;:&quot;&quot;,&quot;camera&quot;:&quot;&quot;,&quot;caption&quot;:&quot;&quot;,&quot;created_timestamp&quot;:&quot;0&quot;,&quot;copyright&quot;:&quot;&quot;,&quot;focal_length&quot;:&quot;0&quot;,&quot;iso&quot;:&quot;0&quot;,&quot;shutter_speed&quot;:&quot;0&quot;,&quot;title&quot;:&quot;&quot;,&quot;orientation&quot;:&quot;0&quot;}\" data-image-title=\"60F55736-B7D9-4A69-8ED1-700B3DFB893B\" data-image-description=\"\" data-image-caption=\"\" data-large-file=\"https:\/\/www.cisa-arica.cl\/wp1\/wp-content\/uploads\/2022\/10\/60F55736-B7D9-4A69-8ED1-700B3DFB893B-600x338.jpeg\" data-attachment-id=\"17602\" data-permalink=\"https:\/\/www.cisa-arica.cl\/wp1\/2022\/10\/17\/retiro-de-confirmacion-ii\/60f55736-b7d9-4a69-8ed1-700b3dfb893b\/\" data-orig-file=\"https:\/\/www.cisa-arica.cl\/wp1\/wp-content\/uploads\/2022\/10\/60F55736-B7D9-4A69-8ED1-700B3DFB893B.jpeg\" data-orig-size=\"1600,900\" data-comments-opened=\"0\" data-image-meta=\"{&quot;aperture&quot;:&quot;0&quot;,&quot;credit&quot;:&quot;&quot;,&quot;camera&quot;:&quot;&quot;,&quot;caption&quot;:&quot;&quot;,&quot;created_timestamp&quot;:&quot;0&quot;,&quot;copyright&quot;:&quot;&quot;,&quot;focal_length&quot;:&quot;0&quot;,&quot;iso&quot;:&quot;0&quot;,&quot;shutter_speed&quot;:&quot;0&quot;,&quot;title&quot;:&quot;&quot;,&quot;orientation&quot;:&quot;0&quot;}\" data-image-title=\"60F55736-B7D9-4A69-8ED1-700B3DFB893B\" data-image-description=\"\" data-image-caption=\"\" data-large-file=\"https:\/\/www.cisa-arica.cl\/wp1\/wp-content\/uploads\/2022\/10\/60F55736-B7D9-4A69-8ED1-700B3DFB893B-600x338.jpeg\" role=\"button\" tabindex=\"0\" aria-label=\"Abrir la imagen 3 de 12 en pantalla completa\"srcset=\"https:\/\/i0.wp.com\/www.cisa-arica.cl\/wp1\/wp-content\/uploads\/2022\/10\/60F55736-B7D9-4A69-8ED1-700B3DFB893B-600x338.jpeg?strip=info&#038;w=600&#038;ssl=1 600w,https:\/\/i0.wp.com\/www.cisa-arica.cl\/wp1\/wp-content\/uploads\/2022\/10\/60F55736-B7D9-4A69-8ED1-700B3DFB893B-600x338.jpeg?strip=info&#038;w=900&#038;ssl=1 900w,https:\/\/i0.wp.com\/www.cisa-arica.cl\/wp1\/wp-content\/uploads\/2022\/10\/60F55736-B7D9-4A69-8ED1-700B3DFB893B-600x338.jpeg?strip=info&#038;w=1200&#038;ssl=1 1200w,https:\/\/i0.wp.com\/www.cisa-arica.cl\/wp1\/wp-content\/uploads\/2022\/10\/60F55736-B7D9-4A69-8ED1-700B3DFB893B-600x338.jpeg?strip=info&#038;w=1500&#038;ssl=1 1500w,https:\/\/i0.wp.com\/www.cisa-arica.cl\/wp1\/wp-content\/uploads\/2022\/10\/60F55736-B7D9-4A69-8ED1-700B3DFB893B-600x338.jpeg?strip=info&#038;w=1600&#038;ssl=1 1600w\" alt=\"\" data-height=\"900\" data-id=\"17602\" data-link=\"https:\/\/www.cisa-arica.cl\/wp1\/?attachment_id=17602\" data-url=\"https:\/\/www.cisa-arica.cl\/wp1\/wp-content\/uploads\/2022\/10\/60F55736-B7D9-4A69-8ED1-700B3DFB893B-600x338.jpeg\" data-width=\"1600\" src=\"https:\/\/i0.wp.com\/www.cisa-arica.cl\/wp1\/wp-content\/uploads\/2022\/10\/60F55736-B7D9-4A69-8ED1-700B3DFB893B-600x338.jpeg?ssl=1\" data-amp-layout=\"responsive\"\/><\/figure><\/div><div class=\"tiled-gallery__col\" style=\"flex-basis:50.00000%\"><figure class=\"tiled-gallery__item\"><img decoding=\"async\" data-attachment-id=\"17603\" data-permalink=\"https:\/\/www.cisa-arica.cl\/wp1\/2022\/10\/17\/retiro-de-confirmacion-ii\/93ab72fc-5fdc-46c1-85d7-65807b05c0f0\/\" data-orig-file=\"https:\/\/www.cisa-arica.cl\/wp1\/wp-content\/uploads\/2022\/10\/93AB72FC-5FDC-46C1-85D7-65807B05C0F0.jpeg\" data-orig-size=\"1600,900\" data-comments-opened=\"0\" data-image-meta=\"{&quot;aperture&quot;:&quot;0&quot;,&quot;credit&quot;:&quot;&quot;,&quot;camera&quot;:&quot;&quot;,&quot;caption&quot;:&quot;&quot;,&quot;created_timestamp&quot;:&quot;0&quot;,&quot;copyright&quot;:&quot;&quot;,&quot;focal_length&quot;:&quot;0&quot;,&quot;iso&quot;:&quot;0&quot;,&quot;shutter_speed&quot;:&quot;0&quot;,&quot;title&quot;:&quot;&quot;,&quot;orientation&quot;:&quot;0&quot;}\" data-image-title=\"93AB72FC-5FDC-46C1-85D7-65807B05C0F0\" data-image-description=\"\" data-image-caption=\"\" data-large-file=\"https:\/\/www.cisa-arica.cl\/wp1\/wp-content\/uploads\/2022\/10\/93AB72FC-5FDC-46C1-85D7-65807B05C0F0-600x338.jpeg\" data-attachment-id=\"17603\" data-permalink=\"https:\/\/www.cisa-arica.cl\/wp1\/2022\/10\/17\/retiro-de-confirmacion-ii\/93ab72fc-5fdc-46c1-85d7-65807b05c0f0\/\" data-orig-file=\"https:\/\/www.cisa-arica.cl\/wp1\/wp-content\/uploads\/2022\/10\/93AB72FC-5FDC-46C1-85D7-65807B05C0F0.jpeg\" data-orig-size=\"1600,900\" data-comments-opened=\"0\" data-image-meta=\"{&quot;aperture&quot;:&quot;0&quot;,&quot;credit&quot;:&quot;&quot;,&quot;camera&quot;:&quot;&quot;,&quot;caption&quot;:&quot;&quot;,&quot;created_timestamp&quot;:&quot;0&quot;,&quot;copyright&quot;:&quot;&quot;,&quot;focal_length&quot;:&quot;0&quot;,&quot;iso&quot;:&quot;0&quot;,&quot;shutter_speed&quot;:&quot;0&quot;,&quot;title&quot;:&quot;&quot;,&quot;orientation&quot;:&quot;0&quot;}\" data-image-title=\"93AB72FC-5FDC-46C1-85D7-65807B05C0F0\" data-image-description=\"\" data-image-caption=\"\" data-large-file=\"https:\/\/www.cisa-arica.cl\/wp1\/wp-content\/uploads\/2022\/10\/93AB72FC-5FDC-46C1-85D7-65807B05C0F0-600x338.jpeg\" role=\"button\" tabindex=\"0\" aria-label=\"Abrir la imagen 4 de 12 en pantalla completa\"srcset=\"https:\/\/i1.wp.com\/www.cisa-arica.cl\/wp1\/wp-content\/uploads\/2022\/10\/93AB72FC-5FDC-46C1-85D7-65807B05C0F0-600x338.jpeg?strip=info&#038;w=600&#038;ssl=1 600w,https:\/\/i1.wp.com\/www.cisa-arica.cl\/wp1\/wp-content\/uploads\/2022\/10\/93AB72FC-5FDC-46C1-85D7-65807B05C0F0-600x338.jpeg?strip=info&#038;w=900&#038;ssl=1 900w,https:\/\/i1.wp.com\/www.cisa-arica.cl\/wp1\/wp-content\/uploads\/2022\/10\/93AB72FC-5FDC-46C1-85D7-65807B05C0F0-600x338.jpeg?strip=info&#038;w=1200&#038;ssl=1 1200w,https:\/\/i1.wp.com\/www.cisa-arica.cl\/wp1\/wp-content\/uploads\/2022\/10\/93AB72FC-5FDC-46C1-85D7-65807B05C0F0-600x338.jpeg?strip=info&#038;w=1500&#038;ssl=1 1500w,https:\/\/i1.wp.com\/www.cisa-arica.cl\/wp1\/wp-content\/uploads\/2022\/10\/93AB72FC-5FDC-46C1-85D7-65807B05C0F0-600x338.jpeg?strip=info&#038;w=1600&#038;ssl=1 1600w\" alt=\"\" data-height=\"900\" data-id=\"17603\" data-link=\"https:\/\/www.cisa-arica.cl\/wp1\/?attachment_id=17603\" data-url=\"https:\/\/www.cisa-arica.cl\/wp1\/wp-content\/uploads\/2022\/10\/93AB72FC-5FDC-46C1-85D7-65807B05C0F0-600x338.jpeg\" data-width=\"1600\" src=\"https:\/\/i1.wp.com\/www.cisa-arica.cl\/wp1\/wp-content\/uploads\/2022\/10\/93AB72FC-5FDC-46C1-85D7-65807B05C0F0-600x338.jpeg?ssl=1\" data-amp-layout=\"responsive\"\/><\/figure><\/div><\/div><div class=\"tiled-gallery__row\"><div class=\"tiled-gallery__col\" style=\"flex-basis:50.00000%\"><figure class=\"tiled-gallery__item\"><img decoding=\"async\" data-attachment-id=\"17604\" data-permalink=\"https:\/\/www.cisa-arica.cl\/wp1\/2022\/10\/17\/retiro-de-confirmacion-ii\/64ea4a39-9daf-4aea-8524-73ca5febd7fa\/\" data-orig-file=\"https:\/\/www.cisa-arica.cl\/wp1\/wp-content\/uploads\/2022\/10\/64EA4A39-9DAF-4AEA-8524-73CA5FEBD7FA.jpeg\" data-orig-size=\"1600,900\" data-comments-opened=\"0\" data-image-meta=\"{&quot;aperture&quot;:&quot;0&quot;,&quot;credit&quot;:&quot;&quot;,&quot;camera&quot;:&quot;&quot;,&quot;caption&quot;:&quot;&quot;,&quot;created_timestamp&quot;:&quot;0&quot;,&quot;copyright&quot;:&quot;&quot;,&quot;focal_length&quot;:&quot;0&quot;,&quot;iso&quot;:&quot;0&quot;,&quot;shutter_speed&quot;:&quot;0&quot;,&quot;title&quot;:&quot;&quot;,&quot;orientation&quot;:&quot;0&quot;}\" data-image-title=\"64EA4A39-9DAF-4AEA-8524-73CA5FEBD7FA\" data-image-description=\"\" data-image-caption=\"\" data-large-file=\"https:\/\/www.cisa-arica.cl\/wp1\/wp-content\/uploads\/2022\/10\/64EA4A39-9DAF-4AEA-8524-73CA5FEBD7FA-600x338.jpeg\" data-attachment-id=\"17604\" data-permalink=\"https:\/\/www.cisa-arica.cl\/wp1\/2022\/10\/17\/retiro-de-confirmacion-ii\/64ea4a39-9daf-4aea-8524-73ca5febd7fa\/\" data-orig-file=\"https:\/\/www.cisa-arica.cl\/wp1\/wp-content\/uploads\/2022\/10\/64EA4A39-9DAF-4AEA-8524-73CA5FEBD7FA.jpeg\" data-orig-size=\"1600,900\" data-comments-opened=\"0\" data-image-meta=\"{&quot;aperture&quot;:&quot;0&quot;,&quot;credit&quot;:&quot;&quot;,&quot;camera&quot;:&quot;&quot;,&quot;caption&quot;:&quot;&quot;,&quot;created_timestamp&quot;:&quot;0&quot;,&quot;copyright&quot;:&quot;&quot;,&quot;focal_length&quot;:&quot;0&quot;,&quot;iso&quot;:&quot;0&quot;,&quot;shutter_speed&quot;:&quot;0&quot;,&quot;title&quot;:&quot;&quot;,&quot;orientation&quot;:&quot;0&quot;}\" data-image-title=\"64EA4A39-9DAF-4AEA-8524-73CA5FEBD7FA\" data-image-description=\"\" data-image-caption=\"\" data-large-file=\"https:\/\/www.cisa-arica.cl\/wp1\/wp-content\/uploads\/2022\/10\/64EA4A39-9DAF-4AEA-8524-73CA5FEBD7FA-600x338.jpeg\" role=\"button\" tabindex=\"0\" aria-label=\"Abrir la imagen 5 de 12 en pantalla completa\"srcset=\"https:\/\/i0.wp.com\/www.cisa-arica.cl\/wp1\/wp-content\/uploads\/2022\/10\/64EA4A39-9DAF-4AEA-8524-73CA5FEBD7FA-600x338.jpeg?strip=info&#038;w=600&#038;ssl=1 600w,https:\/\/i0.wp.com\/www.cisa-arica.cl\/wp1\/wp-content\/uploads\/2022\/10\/64EA4A39-9DAF-4AEA-8524-73CA5FEBD7FA-600x338.jpeg?strip=info&#038;w=900&#038;ssl=1 900w,https:\/\/i0.wp.com\/www.cisa-arica.cl\/wp1\/wp-content\/uploads\/2022\/10\/64EA4A39-9DAF-4AEA-8524-73CA5FEBD7FA-600x338.jpeg?strip=info&#038;w=1200&#038;ssl=1 1200w,https:\/\/i0.wp.com\/www.cisa-arica.cl\/wp1\/wp-content\/uploads\/2022\/10\/64EA4A39-9DAF-4AEA-8524-73CA5FEBD7FA-600x338.jpeg?strip=info&#038;w=1500&#038;ssl=1 1500w,https:\/\/i0.wp.com\/www.cisa-arica.cl\/wp1\/wp-content\/uploads\/2022\/10\/64EA4A39-9DAF-4AEA-8524-73CA5FEBD7FA-600x338.jpeg?strip=info&#038;w=1600&#038;ssl=1 1600w\" alt=\"\" data-height=\"900\" data-id=\"17604\" data-link=\"https:\/\/www.cisa-arica.cl\/wp1\/?attachment_id=17604\" data-url=\"https:\/\/www.cisa-arica.cl\/wp1\/wp-content\/uploads\/2022\/10\/64EA4A39-9DAF-4AEA-8524-73CA5FEBD7FA-600x338.jpeg\" data-width=\"1600\" src=\"https:\/\/i0.wp.com\/www.cisa-arica.cl\/wp1\/wp-content\/uploads\/2022\/10\/64EA4A39-9DAF-4AEA-8524-73CA5FEBD7FA-600x338.jpeg?ssl=1\" data-amp-layout=\"responsive\"\/><\/figure><\/div><div class=\"tiled-gallery__col\" style=\"flex-basis:50.00000%\"><figure class=\"tiled-gallery__item\"><img decoding=\"async\" data-attachment-id=\"17605\" data-permalink=\"https:\/\/www.cisa-arica.cl\/wp1\/2022\/10\/17\/retiro-de-confirmacion-ii\/82feac36-5aa4-4766-a704-6756f4d78b2e\/\" data-orig-file=\"https:\/\/www.cisa-arica.cl\/wp1\/wp-content\/uploads\/2022\/10\/82FEAC36-5AA4-4766-A704-6756F4D78B2E.jpeg\" data-orig-size=\"1600,900\" data-comments-opened=\"0\" data-image-meta=\"{&quot;aperture&quot;:&quot;0&quot;,&quot;credit&quot;:&quot;&quot;,&quot;camera&quot;:&quot;&quot;,&quot;caption&quot;:&quot;&quot;,&quot;created_timestamp&quot;:&quot;0&quot;,&quot;copyright&quot;:&quot;&quot;,&quot;focal_length&quot;:&quot;0&quot;,&quot;iso&quot;:&quot;0&quot;,&quot;shutter_speed&quot;:&quot;0&quot;,&quot;title&quot;:&quot;&quot;,&quot;orientation&quot;:&quot;0&quot;}\" data-image-title=\"82FEAC36-5AA4-4766-A704-6756F4D78B2E\" data-image-description=\"\" data-image-caption=\"\" data-large-file=\"https:\/\/www.cisa-arica.cl\/wp1\/wp-content\/uploads\/2022\/10\/82FEAC36-5AA4-4766-A704-6756F4D78B2E-600x338.jpeg\" data-attachment-id=\"17605\" data-permalink=\"https:\/\/www.cisa-arica.cl\/wp1\/2022\/10\/17\/retiro-de-confirmacion-ii\/82feac36-5aa4-4766-a704-6756f4d78b2e\/\" data-orig-file=\"https:\/\/www.cisa-arica.cl\/wp1\/wp-content\/uploads\/2022\/10\/82FEAC36-5AA4-4766-A704-6756F4D78B2E.jpeg\" data-orig-size=\"1600,900\" data-comments-opened=\"0\" data-image-meta=\"{&quot;aperture&quot;:&quot;0&quot;,&quot;credit&quot;:&quot;&quot;,&quot;camera&quot;:&quot;&quot;,&quot;caption&quot;:&quot;&quot;,&quot;created_timestamp&quot;:&quot;0&quot;,&quot;copyright&quot;:&quot;&quot;,&quot;focal_length&quot;:&quot;0&quot;,&quot;iso&quot;:&quot;0&quot;,&quot;shutter_speed&quot;:&quot;0&quot;,&quot;title&quot;:&quot;&quot;,&quot;orientation&quot;:&quot;0&quot;}\" data-image-title=\"82FEAC36-5AA4-4766-A704-6756F4D78B2E\" data-image-description=\"\" data-image-caption=\"\" data-large-file=\"https:\/\/www.cisa-arica.cl\/wp1\/wp-content\/uploads\/2022\/10\/82FEAC36-5AA4-4766-A704-6756F4D78B2E-600x338.jpeg\" role=\"button\" tabindex=\"0\" aria-label=\"Abrir la imagen 6 de 12 en pantalla completa\"srcset=\"https:\/\/i1.wp.com\/www.cisa-arica.cl\/wp1\/wp-content\/uploads\/2022\/10\/82FEAC36-5AA4-4766-A704-6756F4D78B2E-600x338.jpeg?strip=info&#038;w=600&#038;ssl=1 600w,https:\/\/i1.wp.com\/www.cisa-arica.cl\/wp1\/wp-content\/uploads\/2022\/10\/82FEAC36-5AA4-4766-A704-6756F4D78B2E-600x338.jpeg?strip=info&#038;w=900&#038;ssl=1 900w,https:\/\/i1.wp.com\/www.cisa-arica.cl\/wp1\/wp-content\/uploads\/2022\/10\/82FEAC36-5AA4-4766-A704-6756F4D78B2E-600x338.jpeg?strip=info&#038;w=1200&#038;ssl=1 1200w,https:\/\/i1.wp.com\/www.cisa-arica.cl\/wp1\/wp-content\/uploads\/2022\/10\/82FEAC36-5AA4-4766-A704-6756F4D78B2E-600x338.jpeg?strip=info&#038;w=1500&#038;ssl=1 1500w,https:\/\/i1.wp.com\/www.cisa-arica.cl\/wp1\/wp-content\/uploads\/2022\/10\/82FEAC36-5AA4-4766-A704-6756F4D78B2E-600x338.jpeg?strip=info&#038;w=1600&#038;ssl=1 1600w\" alt=\"\" data-height=\"900\" data-id=\"17605\" data-link=\"https:\/\/www.cisa-arica.cl\/wp1\/?attachment_id=17605\" data-url=\"https:\/\/www.cisa-arica.cl\/wp1\/wp-content\/uploads\/2022\/10\/82FEAC36-5AA4-4766-A704-6756F4D78B2E-600x338.jpeg\" data-width=\"1600\" src=\"https:\/\/i1.wp.com\/www.cisa-arica.cl\/wp1\/wp-content\/uploads\/2022\/10\/82FEAC36-5AA4-4766-A704-6756F4D78B2E-600x338.jpeg?ssl=1\" data-amp-layout=\"responsive\"\/><\/figure><\/div><\/div><div class=\"tiled-gallery__row\"><div class=\"tiled-gallery__col\" style=\"flex-basis:50.05509%\"><figure class=\"tiled-gallery__item\"><img decoding=\"async\" data-attachment-id=\"17606\" data-permalink=\"https:\/\/www.cisa-arica.cl\/wp1\/2022\/10\/17\/retiro-de-confirmacion-ii\/4acc5921-26fc-4e58-a50e-64491586ea71\/\" data-orig-file=\"https:\/\/www.cisa-arica.cl\/wp1\/wp-content\/uploads\/2022\/10\/4ACC5921-26FC-4E58-A50E-64491586EA71.jpeg\" data-orig-size=\"1600,900\" data-comments-opened=\"0\" data-image-meta=\"{&quot;aperture&quot;:&quot;0&quot;,&quot;credit&quot;:&quot;&quot;,&quot;camera&quot;:&quot;&quot;,&quot;caption&quot;:&quot;&quot;,&quot;created_timestamp&quot;:&quot;0&quot;,&quot;copyright&quot;:&quot;&quot;,&quot;focal_length&quot;:&quot;0&quot;,&quot;iso&quot;:&quot;0&quot;,&quot;shutter_speed&quot;:&quot;0&quot;,&quot;title&quot;:&quot;&quot;,&quot;orientation&quot;:&quot;0&quot;}\" data-image-title=\"4ACC5921-26FC-4E58-A50E-64491586EA71\" data-image-description=\"\" data-image-caption=\"\" data-large-file=\"https:\/\/www.cisa-arica.cl\/wp1\/wp-content\/uploads\/2022\/10\/4ACC5921-26FC-4E58-A50E-64491586EA71-600x338.jpeg\" data-attachment-id=\"17606\" data-permalink=\"https:\/\/www.cisa-arica.cl\/wp1\/2022\/10\/17\/retiro-de-confirmacion-ii\/4acc5921-26fc-4e58-a50e-64491586ea71\/\" data-orig-file=\"https:\/\/www.cisa-arica.cl\/wp1\/wp-content\/uploads\/2022\/10\/4ACC5921-26FC-4E58-A50E-64491586EA71.jpeg\" data-orig-size=\"1600,900\" data-comments-opened=\"0\" data-image-meta=\"{&quot;aperture&quot;:&quot;0&quot;,&quot;credit&quot;:&quot;&quot;,&quot;camera&quot;:&quot;&quot;,&quot;caption&quot;:&quot;&quot;,&quot;created_timestamp&quot;:&quot;0&quot;,&quot;copyright&quot;:&quot;&quot;,&quot;focal_length&quot;:&quot;0&quot;,&quot;iso&quot;:&quot;0&quot;,&quot;shutter_speed&quot;:&quot;0&quot;,&quot;title&quot;:&quot;&quot;,&quot;orientation&quot;:&quot;0&quot;}\" data-image-title=\"4ACC5921-26FC-4E58-A50E-64491586EA71\" data-image-description=\"\" data-image-caption=\"\" data-large-file=\"https:\/\/www.cisa-arica.cl\/wp1\/wp-content\/uploads\/2022\/10\/4ACC5921-26FC-4E58-A50E-64491586EA71-600x338.jpeg\" role=\"button\" tabindex=\"0\" aria-label=\"Abrir la imagen 7 de 12 en pantalla completa\"srcset=\"https:\/\/i1.wp.com\/www.cisa-arica.cl\/wp1\/wp-content\/uploads\/2022\/10\/4ACC5921-26FC-4E58-A50E-64491586EA71-600x338.jpeg?strip=info&#038;w=600&#038;ssl=1 600w,https:\/\/i1.wp.com\/www.cisa-arica.cl\/wp1\/wp-content\/uploads\/2022\/10\/4ACC5921-26FC-4E58-A50E-64491586EA71-600x338.jpeg?strip=info&#038;w=900&#038;ssl=1 900w,https:\/\/i1.wp.com\/www.cisa-arica.cl\/wp1\/wp-content\/uploads\/2022\/10\/4ACC5921-26FC-4E58-A50E-64491586EA71-600x338.jpeg?strip=info&#038;w=1200&#038;ssl=1 1200w,https:\/\/i1.wp.com\/www.cisa-arica.cl\/wp1\/wp-content\/uploads\/2022\/10\/4ACC5921-26FC-4E58-A50E-64491586EA71-600x338.jpeg?strip=info&#038;w=1500&#038;ssl=1 1500w,https:\/\/i1.wp.com\/www.cisa-arica.cl\/wp1\/wp-content\/uploads\/2022\/10\/4ACC5921-26FC-4E58-A50E-64491586EA71-600x338.jpeg?strip=info&#038;w=1600&#038;ssl=1 1600w\" alt=\"\" data-height=\"900\" data-id=\"17606\" data-link=\"https:\/\/www.cisa-arica.cl\/wp1\/?attachment_id=17606\" data-url=\"https:\/\/www.cisa-arica.cl\/wp1\/wp-content\/uploads\/2022\/10\/4ACC5921-26FC-4E58-A50E-64491586EA71-600x338.jpeg\" data-width=\"1600\" src=\"https:\/\/i1.wp.com\/www.cisa-arica.cl\/wp1\/wp-content\/uploads\/2022\/10\/4ACC5921-26FC-4E58-A50E-64491586EA71-600x338.jpeg?ssl=1\" data-amp-layout=\"responsive\"\/><\/figure><\/div><div class=\"tiled-gallery__col\" style=\"flex-basis:49.94491%\"><figure class=\"tiled-gallery__item\"><img decoding=\"async\" data-attachment-id=\"17607\" data-permalink=\"https:\/\/www.cisa-arica.cl\/wp1\/2022\/10\/17\/retiro-de-confirmacion-ii\/f150d4ad-c8bc-4a1f-b721-dad83e00b550\/\" data-orig-file=\"https:\/\/www.cisa-arica.cl\/wp1\/wp-content\/uploads\/2022\/10\/F150D4AD-C8BC-4A1F-B721-DAD83E00B550.jpeg\" data-orig-size=\"1600,902\" data-comments-opened=\"0\" data-image-meta=\"{&quot;aperture&quot;:&quot;0&quot;,&quot;credit&quot;:&quot;&quot;,&quot;camera&quot;:&quot;&quot;,&quot;caption&quot;:&quot;&quot;,&quot;created_timestamp&quot;:&quot;0&quot;,&quot;copyright&quot;:&quot;&quot;,&quot;focal_length&quot;:&quot;0&quot;,&quot;iso&quot;:&quot;0&quot;,&quot;shutter_speed&quot;:&quot;0&quot;,&quot;title&quot;:&quot;&quot;,&quot;orientation&quot;:&quot;0&quot;}\" data-image-title=\"F150D4AD-C8BC-4A1F-B721-DAD83E00B550\" data-image-description=\"\" data-image-caption=\"\" data-large-file=\"https:\/\/www.cisa-arica.cl\/wp1\/wp-content\/uploads\/2022\/10\/F150D4AD-C8BC-4A1F-B721-DAD83E00B550-600x338.jpeg\" data-attachment-id=\"17607\" data-permalink=\"https:\/\/www.cisa-arica.cl\/wp1\/2022\/10\/17\/retiro-de-confirmacion-ii\/f150d4ad-c8bc-4a1f-b721-dad83e00b550\/\" data-orig-file=\"https:\/\/www.cisa-arica.cl\/wp1\/wp-content\/uploads\/2022\/10\/F150D4AD-C8BC-4A1F-B721-DAD83E00B550.jpeg\" data-orig-size=\"1600,902\" data-comments-opened=\"0\" data-image-meta=\"{&quot;aperture&quot;:&quot;0&quot;,&quot;credit&quot;:&quot;&quot;,&quot;camera&quot;:&quot;&quot;,&quot;caption&quot;:&quot;&quot;,&quot;created_timestamp&quot;:&quot;0&quot;,&quot;copyright&quot;:&quot;&quot;,&quot;focal_length&quot;:&quot;0&quot;,&quot;iso&quot;:&quot;0&quot;,&quot;shutter_speed&quot;:&quot;0&quot;,&quot;title&quot;:&quot;&quot;,&quot;orientation&quot;:&quot;0&quot;}\" data-image-title=\"F150D4AD-C8BC-4A1F-B721-DAD83E00B550\" data-image-description=\"\" data-image-caption=\"\" data-large-file=\"https:\/\/www.cisa-arica.cl\/wp1\/wp-content\/uploads\/2022\/10\/F150D4AD-C8BC-4A1F-B721-DAD83E00B550-600x338.jpeg\" role=\"button\" tabindex=\"0\" aria-label=\"Abrir la imagen 8 de 12 en pantalla completa\"srcset=\"https:\/\/i1.wp.com\/www.cisa-arica.cl\/wp1\/wp-content\/uploads\/2022\/10\/F150D4AD-C8BC-4A1F-B721-DAD83E00B550-600x338.jpeg?strip=info&#038;w=600&#038;ssl=1 600w,https:\/\/i1.wp.com\/www.cisa-arica.cl\/wp1\/wp-content\/uploads\/2022\/10\/F150D4AD-C8BC-4A1F-B721-DAD83E00B550-600x338.jpeg?strip=info&#038;w=900&#038;ssl=1 900w,https:\/\/i1.wp.com\/www.cisa-arica.cl\/wp1\/wp-content\/uploads\/2022\/10\/F150D4AD-C8BC-4A1F-B721-DAD83E00B550-600x338.jpeg?strip=info&#038;w=1200&#038;ssl=1 1200w,https:\/\/i1.wp.com\/www.cisa-arica.cl\/wp1\/wp-content\/uploads\/2022\/10\/F150D4AD-C8BC-4A1F-B721-DAD83E00B550-600x338.jpeg?strip=info&#038;w=1500&#038;ssl=1 1500w,https:\/\/i1.wp.com\/www.cisa-arica.cl\/wp1\/wp-content\/uploads\/2022\/10\/F150D4AD-C8BC-4A1F-B721-DAD83E00B550-600x338.jpeg?strip=info&#038;w=1600&#038;ssl=1 1600w\" alt=\"\" data-height=\"902\" data-id=\"17607\" data-link=\"https:\/\/www.cisa-arica.cl\/wp1\/?attachment_id=17607\" data-url=\"https:\/\/www.cisa-arica.cl\/wp1\/wp-content\/uploads\/2022\/10\/F150D4AD-C8BC-4A1F-B721-DAD83E00B550-600x338.jpeg\" data-width=\"1600\" src=\"https:\/\/i1.wp.com\/www.cisa-arica.cl\/wp1\/wp-content\/uploads\/2022\/10\/F150D4AD-C8BC-4A1F-B721-DAD83E00B550-600x338.jpeg?ssl=1\" data-amp-layout=\"responsive\"\/><\/figure><\/div><\/div><div class=\"tiled-gallery__row\"><div class=\"tiled-gallery__col\" style=\"flex-basis:50.00000%\"><figure class=\"tiled-gallery__item\"><img decoding=\"async\" data-attachment-id=\"17608\" data-permalink=\"https:\/\/www.cisa-arica.cl\/wp1\/2022\/10\/17\/retiro-de-confirmacion-ii\/1147097e-4a16-4922-b64e-06b0949f1b92\/\" data-orig-file=\"https:\/\/www.cisa-arica.cl\/wp1\/wp-content\/uploads\/2022\/10\/1147097E-4A16-4922-B64E-06B0949F1B92.jpeg\" data-orig-size=\"1600,900\" data-comments-opened=\"0\" data-image-meta=\"{&quot;aperture&quot;:&quot;0&quot;,&quot;credit&quot;:&quot;&quot;,&quot;camera&quot;:&quot;&quot;,&quot;caption&quot;:&quot;&quot;,&quot;created_timestamp&quot;:&quot;0&quot;,&quot;copyright&quot;:&quot;&quot;,&quot;focal_length&quot;:&quot;0&quot;,&quot;iso&quot;:&quot;0&quot;,&quot;shutter_speed&quot;:&quot;0&quot;,&quot;title&quot;:&quot;&quot;,&quot;orientation&quot;:&quot;0&quot;}\" data-image-title=\"1147097E-4A16-4922-B64E-06B0949F1B92\" data-image-description=\"\" data-image-caption=\"\" data-large-file=\"https:\/\/www.cisa-arica.cl\/wp1\/wp-content\/uploads\/2022\/10\/1147097E-4A16-4922-B64E-06B0949F1B92-600x338.jpeg\" data-attachment-id=\"17608\" data-permalink=\"https:\/\/www.cisa-arica.cl\/wp1\/2022\/10\/17\/retiro-de-confirmacion-ii\/1147097e-4a16-4922-b64e-06b0949f1b92\/\" data-orig-file=\"https:\/\/www.cisa-arica.cl\/wp1\/wp-content\/uploads\/2022\/10\/1147097E-4A16-4922-B64E-06B0949F1B92.jpeg\" data-orig-size=\"1600,900\" data-comments-opened=\"0\" data-image-meta=\"{&quot;aperture&quot;:&quot;0&quot;,&quot;credit&quot;:&quot;&quot;,&quot;camera&quot;:&quot;&quot;,&quot;caption&quot;:&quot;&quot;,&quot;created_timestamp&quot;:&quot;0&quot;,&quot;copyright&quot;:&quot;&quot;,&quot;focal_length&quot;:&quot;0&quot;,&quot;iso&quot;:&quot;0&quot;,&quot;shutter_speed&quot;:&quot;0&quot;,&quot;title&quot;:&quot;&quot;,&quot;orientation&quot;:&quot;0&quot;}\" data-image-title=\"1147097E-4A16-4922-B64E-06B0949F1B92\" data-image-description=\"\" data-image-caption=\"\" data-large-file=\"https:\/\/www.cisa-arica.cl\/wp1\/wp-content\/uploads\/2022\/10\/1147097E-4A16-4922-B64E-06B0949F1B92-600x338.jpeg\" role=\"button\" tabindex=\"0\" aria-label=\"Abrir la imagen 9 de 12 en pantalla completa\"srcset=\"https:\/\/i1.wp.com\/www.cisa-arica.cl\/wp1\/wp-content\/uploads\/2022\/10\/1147097E-4A16-4922-B64E-06B0949F1B92-600x338.jpeg?strip=info&#038;w=600&#038;ssl=1 600w,https:\/\/i1.wp.com\/www.cisa-arica.cl\/wp1\/wp-content\/uploads\/2022\/10\/1147097E-4A16-4922-B64E-06B0949F1B92-600x338.jpeg?strip=info&#038;w=900&#038;ssl=1 900w,https:\/\/i1.wp.com\/www.cisa-arica.cl\/wp1\/wp-content\/uploads\/2022\/10\/1147097E-4A16-4922-B64E-06B0949F1B92-600x338.jpeg?strip=info&#038;w=1200&#038;ssl=1 1200w,https:\/\/i1.wp.com\/www.cisa-arica.cl\/wp1\/wp-content\/uploads\/2022\/10\/1147097E-4A16-4922-B64E-06B0949F1B92-600x338.jpeg?strip=info&#038;w=1500&#038;ssl=1 1500w,https:\/\/i1.wp.com\/www.cisa-arica.cl\/wp1\/wp-content\/uploads\/2022\/10\/1147097E-4A16-4922-B64E-06B0949F1B92-600x338.jpeg?strip=info&#038;w=1600&#038;ssl=1 1600w\" alt=\"\" data-height=\"900\" data-id=\"17608\" data-link=\"https:\/\/www.cisa-arica.cl\/wp1\/?attachment_id=17608\" data-url=\"https:\/\/www.cisa-arica.cl\/wp1\/wp-content\/uploads\/2022\/10\/1147097E-4A16-4922-B64E-06B0949F1B92-600x338.jpeg\" data-width=\"1600\" src=\"https:\/\/i1.wp.com\/www.cisa-arica.cl\/wp1\/wp-content\/uploads\/2022\/10\/1147097E-4A16-4922-B64E-06B0949F1B92-600x338.jpeg?ssl=1\" data-amp-layout=\"responsive\"\/><\/figure><\/div><div class=\"tiled-gallery__col\" style=\"flex-basis:50.00000%\"><figure class=\"tiled-gallery__item\"><img decoding=\"async\" data-attachment-id=\"17609\" data-permalink=\"https:\/\/www.cisa-arica.cl\/wp1\/2022\/10\/17\/retiro-de-confirmacion-ii\/5f5c5453-04e7-4cb8-bc62-9f3deb3465f0\/\" data-orig-file=\"https:\/\/www.cisa-arica.cl\/wp1\/wp-content\/uploads\/2022\/10\/5F5C5453-04E7-4CB8-BC62-9F3DEB3465F0.jpeg\" data-orig-size=\"1600,900\" data-comments-opened=\"0\" data-image-meta=\"{&quot;aperture&quot;:&quot;0&quot;,&quot;credit&quot;:&quot;&quot;,&quot;camera&quot;:&quot;&quot;,&quot;caption&quot;:&quot;&quot;,&quot;created_timestamp&quot;:&quot;0&quot;,&quot;copyright&quot;:&quot;&quot;,&quot;focal_length&quot;:&quot;0&quot;,&quot;iso&quot;:&quot;0&quot;,&quot;shutter_speed&quot;:&quot;0&quot;,&quot;title&quot;:&quot;&quot;,&quot;orientation&quot;:&quot;0&quot;}\" data-image-title=\"5F5C5453-04E7-4CB8-BC62-9F3DEB3465F0\" data-image-description=\"\" data-image-caption=\"\" data-large-file=\"https:\/\/www.cisa-arica.cl\/wp1\/wp-content\/uploads\/2022\/10\/5F5C5453-04E7-4CB8-BC62-9F3DEB3465F0-600x338.jpeg\" data-attachment-id=\"17609\" data-permalink=\"https:\/\/www.cisa-arica.cl\/wp1\/2022\/10\/17\/retiro-de-confirmacion-ii\/5f5c5453-04e7-4cb8-bc62-9f3deb3465f0\/\" data-orig-file=\"https:\/\/www.cisa-arica.cl\/wp1\/wp-content\/uploads\/2022\/10\/5F5C5453-04E7-4CB8-BC62-9F3DEB3465F0.jpeg\" data-orig-size=\"1600,900\" data-comments-opened=\"0\" data-image-meta=\"{&quot;aperture&quot;:&quot;0&quot;,&quot;credit&quot;:&quot;&quot;,&quot;camera&quot;:&quot;&quot;,&quot;caption&quot;:&quot;&quot;,&quot;created_timestamp&quot;:&quot;0&quot;,&quot;copyright&quot;:&quot;&quot;,&quot;focal_length&quot;:&quot;0&quot;,&quot;iso&quot;:&quot;0&quot;,&quot;shutter_speed&quot;:&quot;0&quot;,&quot;title&quot;:&quot;&quot;,&quot;orientation&quot;:&quot;0&quot;}\" data-image-title=\"5F5C5453-04E7-4CB8-BC62-9F3DEB3465F0\" data-image-description=\"\" data-image-caption=\"\" data-large-file=\"https:\/\/www.cisa-arica.cl\/wp1\/wp-content\/uploads\/2022\/10\/5F5C5453-04E7-4CB8-BC62-9F3DEB3465F0-600x338.jpeg\" role=\"button\" tabindex=\"0\" aria-label=\"Abrir la imagen 10 de 12 en pantalla completa\"srcset=\"https:\/\/i0.wp.com\/www.cisa-arica.cl\/wp1\/wp-content\/uploads\/2022\/10\/5F5C5453-04E7-4CB8-BC62-9F3DEB3465F0-600x338.jpeg?strip=info&#038;w=600&#038;ssl=1 600w,https:\/\/i0.wp.com\/www.cisa-arica.cl\/wp1\/wp-content\/uploads\/2022\/10\/5F5C5453-04E7-4CB8-BC62-9F3DEB3465F0-600x338.jpeg?strip=info&#038;w=900&#038;ssl=1 900w,https:\/\/i0.wp.com\/www.cisa-arica.cl\/wp1\/wp-content\/uploads\/2022\/10\/5F5C5453-04E7-4CB8-BC62-9F3DEB3465F0-600x338.jpeg?strip=info&#038;w=1200&#038;ssl=1 1200w,https:\/\/i0.wp.com\/www.cisa-arica.cl\/wp1\/wp-content\/uploads\/2022\/10\/5F5C5453-04E7-4CB8-BC62-9F3DEB3465F0-600x338.jpeg?strip=info&#038;w=1500&#038;ssl=1 1500w,https:\/\/i0.wp.com\/www.cisa-arica.cl\/wp1\/wp-content\/uploads\/2022\/10\/5F5C5453-04E7-4CB8-BC62-9F3DEB3465F0-600x338.jpeg?strip=info&#038;w=1600&#038;ssl=1 1600w\" alt=\"\" data-height=\"900\" data-id=\"17609\" data-link=\"https:\/\/www.cisa-arica.cl\/wp1\/?attachment_id=17609\" data-url=\"https:\/\/www.cisa-arica.cl\/wp1\/wp-content\/uploads\/2022\/10\/5F5C5453-04E7-4CB8-BC62-9F3DEB3465F0-600x338.jpeg\" data-width=\"1600\" src=\"https:\/\/i0.wp.com\/www.cisa-arica.cl\/wp1\/wp-content\/uploads\/2022\/10\/5F5C5453-04E7-4CB8-BC62-9F3DEB3465F0-600x338.jpeg?ssl=1\" data-amp-layout=\"responsive\"\/><\/figure><\/div><\/div><div class=\"tiled-gallery__row\"><div class=\"tiled-gallery__col\" style=\"flex-basis:50.00000%\"><figure class=\"tiled-gallery__item\"><img decoding=\"async\" data-attachment-id=\"17610\" data-permalink=\"https:\/\/www.cisa-arica.cl\/wp1\/2022\/10\/17\/retiro-de-confirmacion-ii\/66b7271d-4e3a-4beb-a80f-9c505690f211\/\" data-orig-file=\"https:\/\/www.cisa-arica.cl\/wp1\/wp-content\/uploads\/2022\/10\/66B7271D-4E3A-4BEB-A80F-9C505690F211.jpeg\" data-orig-size=\"1600,900\" data-comments-opened=\"0\" data-image-meta=\"{&quot;aperture&quot;:&quot;0&quot;,&quot;credit&quot;:&quot;&quot;,&quot;camera&quot;:&quot;&quot;,&quot;caption&quot;:&quot;&quot;,&quot;created_timestamp&quot;:&quot;0&quot;,&quot;copyright&quot;:&quot;&quot;,&quot;focal_length&quot;:&quot;0&quot;,&quot;iso&quot;:&quot;0&quot;,&quot;shutter_speed&quot;:&quot;0&quot;,&quot;title&quot;:&quot;&quot;,&quot;orientation&quot;:&quot;0&quot;}\" data-image-title=\"66B7271D-4E3A-4BEB-A80F-9C505690F211\" data-image-description=\"\" data-image-caption=\"\" data-large-file=\"https:\/\/www.cisa-arica.cl\/wp1\/wp-content\/uploads\/2022\/10\/66B7271D-4E3A-4BEB-A80F-9C505690F211-600x338.jpeg\" data-attachment-id=\"17610\" data-permalink=\"https:\/\/www.cisa-arica.cl\/wp1\/2022\/10\/17\/retiro-de-confirmacion-ii\/66b7271d-4e3a-4beb-a80f-9c505690f211\/\" data-orig-file=\"https:\/\/www.cisa-arica.cl\/wp1\/wp-content\/uploads\/2022\/10\/66B7271D-4E3A-4BEB-A80F-9C505690F211.jpeg\" data-orig-size=\"1600,900\" data-comments-opened=\"0\" data-image-meta=\"{&quot;aperture&quot;:&quot;0&quot;,&quot;credit&quot;:&quot;&quot;,&quot;camera&quot;:&quot;&quot;,&quot;caption&quot;:&quot;&quot;,&quot;created_timestamp&quot;:&quot;0&quot;,&quot;copyright&quot;:&quot;&quot;,&quot;focal_length&quot;:&quot;0&quot;,&quot;iso&quot;:&quot;0&quot;,&quot;shutter_speed&quot;:&quot;0&quot;,&quot;title&quot;:&quot;&quot;,&quot;orientation&quot;:&quot;0&quot;}\" data-image-title=\"66B7271D-4E3A-4BEB-A80F-9C505690F211\" data-image-description=\"\" data-image-caption=\"\" data-large-file=\"https:\/\/www.cisa-arica.cl\/wp1\/wp-content\/uploads\/2022\/10\/66B7271D-4E3A-4BEB-A80F-9C505690F211-600x338.jpeg\" role=\"button\" tabindex=\"0\" aria-label=\"Abrir la imagen 11 de 12 en pantalla completa\"srcset=\"https:\/\/i1.wp.com\/www.cisa-arica.cl\/wp1\/wp-content\/uploads\/2022\/10\/66B7271D-4E3A-4BEB-A80F-9C505690F211-600x338.jpeg?strip=info&#038;w=600&#038;ssl=1 600w,https:\/\/i1.wp.com\/www.cisa-arica.cl\/wp1\/wp-content\/uploads\/2022\/10\/66B7271D-4E3A-4BEB-A80F-9C505690F211-600x338.jpeg?strip=info&#038;w=900&#038;ssl=1 900w,https:\/\/i1.wp.com\/www.cisa-arica.cl\/wp1\/wp-content\/uploads\/2022\/10\/66B7271D-4E3A-4BEB-A80F-9C505690F211-600x338.jpeg?strip=info&#038;w=1200&#038;ssl=1 1200w,https:\/\/i1.wp.com\/www.cisa-arica.cl\/wp1\/wp-content\/uploads\/2022\/10\/66B7271D-4E3A-4BEB-A80F-9C505690F211-600x338.jpeg?strip=info&#038;w=1500&#038;ssl=1 1500w,https:\/\/i1.wp.com\/www.cisa-arica.cl\/wp1\/wp-content\/uploads\/2022\/10\/66B7271D-4E3A-4BEB-A80F-9C505690F211-600x338.jpeg?strip=info&#038;w=1600&#038;ssl=1 1600w\" alt=\"\" data-height=\"900\" data-id=\"17610\" data-link=\"https:\/\/www.cisa-arica.cl\/wp1\/?attachment_id=17610\" data-url=\"https:\/\/www.cisa-arica.cl\/wp1\/wp-content\/uploads\/2022\/10\/66B7271D-4E3A-4BEB-A80F-9C505690F211-600x338.jpeg\" data-width=\"1600\" src=\"https:\/\/i1.wp.com\/www.cisa-arica.cl\/wp1\/wp-content\/uploads\/2022\/10\/66B7271D-4E3A-4BEB-A80F-9C505690F211-600x338.jpeg?ssl=1\" data-amp-layout=\"responsive\"\/><\/figure><\/div><div class=\"tiled-gallery__col\" style=\"flex-basis:50.00000%\"><figure class=\"tiled-gallery__item\"><img decoding=\"async\" data-attachment-id=\"17611\" data-permalink=\"https:\/\/www.cisa-arica.cl\/wp1\/2022\/10\/17\/retiro-de-confirmacion-ii\/0e20cb33-f418-426a-b402-73c8f9916ddd\/\" data-orig-file=\"https:\/\/www.cisa-arica.cl\/wp1\/wp-content\/uploads\/2022\/10\/0E20CB33-F418-426A-B402-73C8F9916DDD.jpeg\" data-orig-size=\"1600,900\" data-comments-opened=\"0\" data-image-meta=\"{&quot;aperture&quot;:&quot;0&quot;,&quot;credit&quot;:&quot;&quot;,&quot;camera&quot;:&quot;&quot;,&quot;caption&quot;:&quot;&quot;,&quot;created_timestamp&quot;:&quot;0&quot;,&quot;copyright&quot;:&quot;&quot;,&quot;focal_length&quot;:&quot;0&quot;,&quot;iso&quot;:&quot;0&quot;,&quot;shutter_speed&quot;:&quot;0&quot;,&quot;title&quot;:&quot;&quot;,&quot;orientation&quot;:&quot;0&quot;}\" data-image-title=\"0E20CB33-F418-426A-B402-73C8F9916DDD\" data-image-description=\"\" data-image-caption=\"\" data-large-file=\"https:\/\/www.cisa-arica.cl\/wp1\/wp-content\/uploads\/2022\/10\/0E20CB33-F418-426A-B402-73C8F9916DDD-600x338.jpeg\" data-attachment-id=\"17611\" data-permalink=\"https:\/\/www.cisa-arica.cl\/wp1\/2022\/10\/17\/retiro-de-confirmacion-ii\/0e20cb33-f418-426a-b402-73c8f9916ddd\/\" data-orig-file=\"https:\/\/www.cisa-arica.cl\/wp1\/wp-content\/uploads\/2022\/10\/0E20CB33-F418-426A-B402-73C8F9916DDD.jpeg\" data-orig-size=\"1600,900\" data-comments-opened=\"0\" data-image-meta=\"{&quot;aperture&quot;:&quot;0&quot;,&quot;credit&quot;:&quot;&quot;,&quot;camera&quot;:&quot;&quot;,&quot;caption&quot;:&quot;&quot;,&quot;created_timestamp&quot;:&quot;0&quot;,&quot;copyright&quot;:&quot;&quot;,&quot;focal_length&quot;:&quot;0&quot;,&quot;iso&quot;:&quot;0&quot;,&quot;shutter_speed&quot;:&quot;0&quot;,&quot;title&quot;:&quot;&quot;,&quot;orientation&quot;:&quot;0&quot;}\" data-image-title=\"0E20CB33-F418-426A-B402-73C8F9916DDD\" data-image-description=\"\" data-image-caption=\"\" data-large-file=\"https:\/\/www.cisa-arica.cl\/wp1\/wp-content\/uploads\/2022\/10\/0E20CB33-F418-426A-B402-73C8F9916DDD-600x338.jpeg\" role=\"button\" tabindex=\"0\" aria-label=\"Abrir la imagen 12 de 12 en pantalla completa\"srcset=\"https:\/\/i1.wp.com\/www.cisa-arica.cl\/wp1\/wp-content\/uploads\/2022\/10\/0E20CB33-F418-426A-B402-73C8F9916DDD-600x338.jpeg?strip=info&#038;w=600&#038;ssl=1 600w,https:\/\/i1.wp.com\/www.cisa-arica.cl\/wp1\/wp-content\/uploads\/2022\/10\/0E20CB33-F418-426A-B402-73C8F9916DDD-600x338.jpeg?strip=info&#038;w=900&#038;ssl=1 900w,https:\/\/i1.wp.com\/www.cisa-arica.cl\/wp1\/wp-content\/uploads\/2022\/10\/0E20CB33-F418-426A-B402-73C8F9916DDD-600x338.jpeg?strip=info&#038;w=1200&#038;ssl=1 1200w,https:\/\/i1.wp.com\/www.cisa-arica.cl\/wp1\/wp-content\/uploads\/2022\/10\/0E20CB33-F418-426A-B402-73C8F9916DDD-600x338.jpeg?strip=info&#038;w=1500&#038;ssl=1 1500w,https:\/\/i1.wp.com\/www.cisa-arica.cl\/wp1\/wp-content\/uploads\/2022\/10\/0E20CB33-F418-426A-B402-73C8F9916DDD-600x338.jpeg?strip=info&#038;w=1600&#038;ssl=1 1600w\" alt=\"\" data-height=\"900\" data-id=\"17611\" data-link=\"https:\/\/www.cisa-arica.cl\/wp1\/?attachment_id=17611\" data-url=\"https:\/\/www.cisa-arica.cl\/wp1\/wp-content\/uploads\/2022\/10\/0E20CB33-F418-426A-B402-73C8F9916DDD-600x338.jpeg\" data-width=\"1600\" src=\"https:\/\/i1.wp.com\/www.cisa-arica.cl\/wp1\/wp-content\/uploads\/2022\/10\/0E20CB33-F418-426A-B402-73C8F9916DDD-600x338.jpeg?ssl=1\" data-amp-layout=\"responsive\"\/><\/figure><\/div><\/div><\/div><\/div>\n","protected":false},"excerpt":{"rendered":"<p>A pocas semanas de la celebraci\u00f3n del sacramento de la Confirmaci\u00f3n, nuestros j\u00f3venes se re\u00fanen para preparar el coraz\u00f3n para recibir el eEsp\u00edritu de Dios, compartiendo momentos de oraci\u00f3n y formaci\u00f3n.<\/p>\n","protected":false},"author":5,"featured_media":17607,"comment_status":"closed","ping_status":"open","sticky":false,"template":"","format":"standard","meta":{"_jetpack_memberships_contains_paid_content":false,"footnotes":"","jetpack_publicize_message":"","jetpack_publicize_feature_enabled":true,"jetpack_social_post_already_shared":true,"jetpack_social_options":{"image_generator_settings":{"template":"highway","default_image_id":0,"font":"","enabled":false},"version":2}},"categories":[5],"tags":[],"class_list":["post-17599","post","type-post","status-publish","format-standard","has-post-thumbnail","hentry","category-uncategorized"],"jetpack_publicize_connections":[],"jetpack_featured_media_url":"https:\/\/www.cisa-arica.cl\/wp1\/wp-content\/uploads\/2022\/10\/F150D4AD-C8BC-4A1F-B721-DAD83E00B550.jpeg","jetpack_sharing_enabled":true,"jetpack_shortlink":"https:\/\/wp.me\/p84wcz-4zR","jetpack-related-posts":[{"id":11827,"url":"https:\/\/www.cisa-arica.cl\/wp1\/2020\/12\/08\/confirmacion-2020\/","url_meta":{"origin":17599,"position":0},"title":"Confirmaci\u00f3n 2020","author":"Jeannette Rivera","date":"8 de Diciembre de 2020","format":false,"excerpt":"Ayer lunes 7 de diciembre, la Iglesia y nuestra comunidad Educativa se alegra por la celebraci\u00f3n del Sacramento de la Confirmaci\u00f3n de nuestra querida estudiante Ignacia Cort\u00e9s del 2\u00b0 medio B.A pesar de las adversidades, su convicci\u00f3n y anhelos de confirmar su fe fueron m\u00e1s fuertes. FELICIDADES. Equipo Pastoral CISA","rel":"","context":"En &quot;Pastoral&quot;","block_context":{"text":"Pastoral","link":"https:\/\/www.cisa-arica.cl\/wp1\/category\/pastoral\/"},"img":{"alt_text":"","src":"https:\/\/i0.wp.com\/www.cisa-arica.cl\/wp1\/wp-content\/uploads\/2020\/12\/caty.png?resize=350%2C200&ssl=1","width":350,"height":200},"classes":[]},{"id":9180,"url":"https:\/\/www.cisa-arica.cl\/wp1\/2019\/09\/06\/alumnas-de-confirmacion-visitan-la-teleton\/","url_meta":{"origin":17599,"position":1},"title":"Alumnas de Confirmaci\u00f3n visitan la Telet\u00f3n","author":"Jeannette Rivera","date":"6 de Septiembre de 2019","format":false,"excerpt":"Ayer jueves 05 de septiembre nuestras alumnas de Ense\u00f1anza Media que componen el grupo de Confirmaci\u00f3n II visitaron las dependencias del Instituto de Rehabilitacion TELET\u00d3N llevando \u00fatiles escolares y regalos para los ni\u00f1os del centro; y aprendieron de informativas charlas con los voluntarios de dicho centro.","rel":"","context":"En &quot;galeria&quot;","block_context":{"text":"galeria","link":"https:\/\/www.cisa-arica.cl\/wp1\/category\/galeria\/"},"img":{"alt_text":"","src":"https:\/\/i0.wp.com\/www.cisa-arica.cl\/wp1\/wp-content\/uploads\/2019\/09\/017-4.jpeg?resize=350%2C200&ssl=1","width":350,"height":200,"srcset":"https:\/\/i0.wp.com\/www.cisa-arica.cl\/wp1\/wp-content\/uploads\/2019\/09\/017-4.jpeg?resize=350%2C200&ssl=1 1x, https:\/\/i0.wp.com\/www.cisa-arica.cl\/wp1\/wp-content\/uploads\/2019\/09\/017-4.jpeg?resize=525%2C300&ssl=1 1.5x, https:\/\/i0.wp.com\/www.cisa-arica.cl\/wp1\/wp-content\/uploads\/2019\/09\/017-4.jpeg?resize=700%2C400&ssl=1 2x, https:\/\/i0.wp.com\/www.cisa-arica.cl\/wp1\/wp-content\/uploads\/2019\/09\/017-4.jpeg?resize=1050%2C600&ssl=1 3x"},"classes":[]},{"id":12987,"url":"https:\/\/www.cisa-arica.cl\/wp1\/2021\/08\/31\/1er-encuentro-mensual-de-jovenes-confirmacion-arica-santiago\/","url_meta":{"origin":17599,"position":2},"title":"1er Encuentro Mensual de J\u00f3venes Confirmaci\u00f3n Arica-Santiago","author":"Jeannette Rivera","date":"31 de Agosto de 2021","format":false,"excerpt":"Estimada Familia Santa Ana: El pasado viernes 27 de Agosto el Equipo Pastoral Santa Ana celebr\u00f3 junto a nuestras estudiantes el primer \"Encuentro Juvenil de Confirmaci\u00f3n\", que reuni\u00f3 a estudiantes de los Colegio Santa Ana de Arica y Santa Ana de Santiago. Equipo Pastoral CISA \u00a0 \u00a0","rel":"","context":"En &quot;Pastoral&quot;","block_context":{"text":"Pastoral","link":"https:\/\/www.cisa-arica.cl\/wp1\/category\/pastoral\/"},"img":{"alt_text":"","src":"https:\/\/i0.wp.com\/www.cisa-arica.cl\/wp1\/wp-content\/uploads\/2021\/08\/Screenshot_2.png?resize=350%2C200&ssl=1","width":350,"height":200,"srcset":"https:\/\/i0.wp.com\/www.cisa-arica.cl\/wp1\/wp-content\/uploads\/2021\/08\/Screenshot_2.png?resize=350%2C200&ssl=1 1x, https:\/\/i0.wp.com\/www.cisa-arica.cl\/wp1\/wp-content\/uploads\/2021\/08\/Screenshot_2.png?resize=525%2C300&ssl=1 1.5x, https:\/\/i0.wp.com\/www.cisa-arica.cl\/wp1\/wp-content\/uploads\/2021\/08\/Screenshot_2.png?resize=700%2C400&ssl=1 2x"},"classes":[]},{"id":13167,"url":"https:\/\/www.cisa-arica.cl\/wp1\/2021\/09\/27\/2o-encuentro-de-jovenes-confirmacion\/","url_meta":{"origin":17599,"position":3},"title":"2\u00ba Encuentro de J\u00f3venes Confirmaci\u00f3n","author":"Jeannette Rivera","date":"27 de Septiembre de 2021","format":false,"excerpt":"Familia Santa Ana: El pasado viernes 24 de Septiembre celebramos el \"2do Encuentro de J\u00f3venes de Confirmaci\u00f3n\", organizado en conjunto por los Colegios Santa Ana de Arica y Santiago. En la alegr\u00eda de la juventud nos reunimos para compartir la fe, dando pasos firmes en este hermoso camino con Cristo.\u2026","rel":"","context":"En &quot;Pastoral&quot;","block_context":{"text":"Pastoral","link":"https:\/\/www.cisa-arica.cl\/wp1\/category\/pastoral\/"},"img":{"alt_text":"","src":"https:\/\/i0.wp.com\/www.cisa-arica.cl\/wp1\/wp-content\/uploads\/2021\/09\/Screenshot_2-1.png?resize=350%2C200&ssl=1","width":350,"height":200,"srcset":"https:\/\/i0.wp.com\/www.cisa-arica.cl\/wp1\/wp-content\/uploads\/2021\/09\/Screenshot_2-1.png?resize=350%2C200&ssl=1 1x, https:\/\/i0.wp.com\/www.cisa-arica.cl\/wp1\/wp-content\/uploads\/2021\/09\/Screenshot_2-1.png?resize=525%2C300&ssl=1 1.5x"},"classes":[]},{"id":13937,"url":"https:\/\/www.cisa-arica.cl\/wp1\/2021\/11\/29\/retiro-de-confirmacion-2021\/","url_meta":{"origin":17599,"position":4},"title":"Retiro de Confirmaci\u00f3n 2021","author":"Jeannette Rivera","date":"29 de Noviembre de 2021","format":false,"excerpt":"Estimada Comunidad Educativa: Este fin de semana se vivi\u00f3 una hermosa jornada de retiro junto a nuestros j\u00f3venes de Catequesis de Confirmaci\u00f3n. En la alegr\u00eda de compartir y hacer fraternidad Dios nos moldea y acompa\u00f1a nuestra vida de fe Cristiana, abri\u00e9ndose paso la amistad y vida comunitaria. Que el Esp\u00edritu\u2026","rel":"","context":"En &quot;galeria&quot;","block_context":{"text":"galeria","link":"https:\/\/www.cisa-arica.cl\/wp1\/category\/galeria\/"},"img":{"alt_text":"","src":"https:\/\/i0.wp.com\/www.cisa-arica.cl\/wp1\/wp-content\/uploads\/2021\/11\/020.jpg?resize=350%2C200&ssl=1","width":350,"height":200,"srcset":"https:\/\/i0.wp.com\/www.cisa-arica.cl\/wp1\/wp-content\/uploads\/2021\/11\/020.jpg?resize=350%2C200&ssl=1 1x, https:\/\/i0.wp.com\/www.cisa-arica.cl\/wp1\/wp-content\/uploads\/2021\/11\/020.jpg?resize=525%2C300&ssl=1 1.5x, https:\/\/i0.wp.com\/www.cisa-arica.cl\/wp1\/wp-content\/uploads\/2021\/11\/020.jpg?resize=700%2C400&ssl=1 2x, https:\/\/i0.wp.com\/www.cisa-arica.cl\/wp1\/wp-content\/uploads\/2021\/11\/020.jpg?resize=1050%2C600&ssl=1 3x"},"classes":[]},{"id":18179,"url":"https:\/\/www.cisa-arica.cl\/wp1\/2022\/11\/07\/confirmacion-2022\/","url_meta":{"origin":17599,"position":5},"title":"Confirmaci\u00f3n 2022","author":"CISA","date":"7 de Noviembre de 2022","format":false,"excerpt":"Con una liturgia precedida por el Obispo Mois\u00e9s Atisha Contreras, un grupo de estudiantes de ense\u00f1anza media, recibi\u00f3 el sacramento de la Confirmaci\u00f3n el pasado viernes 04 de Noviembre. La ceremonia fue realizada en el patio Esperanza de nuestro colegio en donde las estudiantes fueron acompa\u00f1adas por sus familiares, profesoras\u2026","rel":"","context":"Entrada similar ","block_context":{"text":"Entrada similar ","link":""},"img":{"alt_text":"","src":"https:\/\/i0.wp.com\/www.cisa-arica.cl\/wp1\/wp-content\/uploads\/2022\/11\/DSC_4248.jpg?resize=350%2C200&ssl=1","width":350,"height":200,"srcset":"https:\/\/i0.wp.com\/www.cisa-arica.cl\/wp1\/wp-content\/uploads\/2022\/11\/DSC_4248.jpg?resize=350%2C200&ssl=1 1x, https:\/\/i0.wp.com\/www.cisa-arica.cl\/wp1\/wp-content\/uploads\/2022\/11\/DSC_4248.jpg?resize=525%2C300&ssl=1 1.5x, https:\/\/i0.wp.com\/www.cisa-arica.cl\/wp1\/wp-content\/uploads\/2022\/11\/DSC_4248.jpg?resize=700%2C400&ssl=1 2x, https:\/\/i0.wp.com\/www.cisa-arica.cl\/wp1\/wp-content\/uploads\/2022\/11\/DSC_4248.jpg?resize=1050%2C600&ssl=1 3x"},"classes":[]}],"_links":{"self":[{"href":"https:\/\/www.cisa-arica.cl\/wp1\/wp-json\/wp\/v2\/posts\/17599","targetHints":{"allow":["GET"]}}],"collection":[{"href":"https:\/\/www.cisa-arica.cl\/wp1\/wp-json\/wp\/v2\/posts"}],"about":[{"href":"https:\/\/www.cisa-arica.cl\/wp1\/wp-json\/wp\/v2\/types\/post"}],"author":[{"embeddable":true,"href":"https:\/\/www.cisa-arica.cl\/wp1\/wp-json\/wp\/v2\/users\/5"}],"replies":[{"embeddable":true,"href":"https:\/\/www.cisa-arica.cl\/wp1\/wp-json\/wp\/v2\/comments?post=17599"}],"version-history":[{"count":1,"href":"https:\/\/www.cisa-arica.cl\/wp1\/wp-json\/wp\/v2\/posts\/17599\/revisions"}],"predecessor-version":[{"id":17612,"href":"https:\/\/www.cisa-arica.cl\/wp1\/wp-json\/wp\/v2\/posts\/17599\/revisions\/17612"}],"wp:featuredmedia":[{"embeddable":true,"href":"https:\/\/www.cisa-arica.cl\/wp1\/wp-json\/wp\/v2\/media\/17607"}],"wp:attachment":[{"href":"https:\/\/www.cisa-arica.cl\/wp1\/wp-json\/wp\/v2\/media?parent=17599"}],"wp:term":[{"taxonomy":"category","embeddable":true,"href":"https:\/\/www.cisa-arica.cl\/wp1\/wp-json\/wp\/v2\/categories?post=17599"},{"taxonomy":"post_tag","embeddable":true,"href":"https:\/\/www.cisa-arica.cl\/wp1\/wp-json\/wp\/v2\/tags?post=17599"}],"curies":[{"name":"wp","href":"https:\/\/api.w.org\/{rel}","templated":true}]}}