{"id":17471,"date":"2022-10-14T06:45:59","date_gmt":"2022-10-14T10:45:59","guid":{"rendered":"https:\/\/www.cisa-arica.cl\/wp1\/?p=17471"},"modified":"2022-10-14T06:46:02","modified_gmt":"2022-10-14T10:46:02","slug":"jornada-de-los-kinder","status":"publish","type":"post","link":"https:\/\/www.cisa-arica.cl\/wp1\/2022\/10\/14\/jornada-de-los-kinder\/","title":{"rendered":"Jornada de los Kinder"},"content":{"rendered":"\n<p>Una hermosa jornada vivieron las estudiantes de los Kinder junto a la Hermana Edith, sus educadoras y t\u00edas t\u00e9cnicos en la parcela del Colegio. En la oportunidad agradecieron a Dios por sus familias y colegio, y compartieron juegos.<\/p>\n\n\n\n<div class=\"wp-block-jetpack-tiled-gallery aligncenter is-style-rectangular\"><div class=\"tiled-gallery__gallery\"><div class=\"tiled-gallery__row\"><div class=\"tiled-gallery__col\" style=\"flex-basis:100.00000%\"><figure class=\"tiled-gallery__item\"><img decoding=\"async\" data-attachment-id=\"17472\" data-permalink=\"https:\/\/www.cisa-arica.cl\/wp1\/2022\/10\/14\/jornada-de-los-kinder\/9c95e5a3-5d1b-4f5b-96f3-e153322e66e9\/\" data-orig-file=\"https:\/\/www.cisa-arica.cl\/wp1\/wp-content\/uploads\/2022\/10\/9C95E5A3-5D1B-4F5B-96F3-E153322E66E9.jpeg\" data-orig-size=\"1280,576\" data-comments-opened=\"0\" data-image-meta=\"{&quot;aperture&quot;:&quot;0&quot;,&quot;credit&quot;:&quot;&quot;,&quot;camera&quot;:&quot;&quot;,&quot;caption&quot;:&quot;&quot;,&quot;created_timestamp&quot;:&quot;0&quot;,&quot;copyright&quot;:&quot;&quot;,&quot;focal_length&quot;:&quot;0&quot;,&quot;iso&quot;:&quot;0&quot;,&quot;shutter_speed&quot;:&quot;0&quot;,&quot;title&quot;:&quot;&quot;,&quot;orientation&quot;:&quot;0&quot;}\" data-image-title=\"9C95E5A3-5D1B-4F5B-96F3-E153322E66E9\" data-image-description=\"\" data-image-caption=\"\" data-large-file=\"https:\/\/www.cisa-arica.cl\/wp1\/wp-content\/uploads\/2022\/10\/9C95E5A3-5D1B-4F5B-96F3-E153322E66E9-600x270.jpeg\" data-attachment-id=\"17472\" data-permalink=\"https:\/\/www.cisa-arica.cl\/wp1\/2022\/10\/14\/jornada-de-los-kinder\/9c95e5a3-5d1b-4f5b-96f3-e153322e66e9\/\" data-orig-file=\"https:\/\/www.cisa-arica.cl\/wp1\/wp-content\/uploads\/2022\/10\/9C95E5A3-5D1B-4F5B-96F3-E153322E66E9.jpeg\" data-orig-size=\"1280,576\" data-comments-opened=\"0\" data-image-meta=\"{&quot;aperture&quot;:&quot;0&quot;,&quot;credit&quot;:&quot;&quot;,&quot;camera&quot;:&quot;&quot;,&quot;caption&quot;:&quot;&quot;,&quot;created_timestamp&quot;:&quot;0&quot;,&quot;copyright&quot;:&quot;&quot;,&quot;focal_length&quot;:&quot;0&quot;,&quot;iso&quot;:&quot;0&quot;,&quot;shutter_speed&quot;:&quot;0&quot;,&quot;title&quot;:&quot;&quot;,&quot;orientation&quot;:&quot;0&quot;}\" data-image-title=\"9C95E5A3-5D1B-4F5B-96F3-E153322E66E9\" data-image-description=\"\" data-image-caption=\"\" data-large-file=\"https:\/\/www.cisa-arica.cl\/wp1\/wp-content\/uploads\/2022\/10\/9C95E5A3-5D1B-4F5B-96F3-E153322E66E9-600x270.jpeg\" role=\"button\" tabindex=\"0\" aria-label=\"Abrir la imagen 1 de 12 en pantalla completa\"srcset=\"https:\/\/i1.wp.com\/www.cisa-arica.cl\/wp1\/wp-content\/uploads\/2022\/10\/9C95E5A3-5D1B-4F5B-96F3-E153322E66E9-600x270.jpeg?strip=info&#038;w=600&#038;ssl=1 600w,https:\/\/i1.wp.com\/www.cisa-arica.cl\/wp1\/wp-content\/uploads\/2022\/10\/9C95E5A3-5D1B-4F5B-96F3-E153322E66E9-600x270.jpeg?strip=info&#038;w=900&#038;ssl=1 900w,https:\/\/i1.wp.com\/www.cisa-arica.cl\/wp1\/wp-content\/uploads\/2022\/10\/9C95E5A3-5D1B-4F5B-96F3-E153322E66E9-600x270.jpeg?strip=info&#038;w=1200&#038;ssl=1 1200w,https:\/\/i1.wp.com\/www.cisa-arica.cl\/wp1\/wp-content\/uploads\/2022\/10\/9C95E5A3-5D1B-4F5B-96F3-E153322E66E9-600x270.jpeg?strip=info&#038;w=1280&#038;ssl=1 1280w\" alt=\"\" data-height=\"576\" data-id=\"17472\" data-link=\"https:\/\/www.cisa-arica.cl\/wp1\/?attachment_id=17472\" data-url=\"https:\/\/www.cisa-arica.cl\/wp1\/wp-content\/uploads\/2022\/10\/9C95E5A3-5D1B-4F5B-96F3-E153322E66E9-600x270.jpeg\" data-width=\"1280\" src=\"https:\/\/i1.wp.com\/www.cisa-arica.cl\/wp1\/wp-content\/uploads\/2022\/10\/9C95E5A3-5D1B-4F5B-96F3-E153322E66E9-600x270.jpeg?ssl=1\" data-amp-layout=\"responsive\"\/><\/figure><\/div><\/div><div class=\"tiled-gallery__row\"><div class=\"tiled-gallery__col\" style=\"flex-basis:100.00000%\"><figure class=\"tiled-gallery__item\"><img decoding=\"async\" data-attachment-id=\"17473\" data-permalink=\"https:\/\/www.cisa-arica.cl\/wp1\/2022\/10\/14\/jornada-de-los-kinder\/31122b26-9302-47b2-88ef-ea1295287dd3\/\" data-orig-file=\"https:\/\/www.cisa-arica.cl\/wp1\/wp-content\/uploads\/2022\/10\/31122B26-9302-47B2-88EF-EA1295287DD3.jpeg\" data-orig-size=\"1280,576\" data-comments-opened=\"0\" data-image-meta=\"{&quot;aperture&quot;:&quot;0&quot;,&quot;credit&quot;:&quot;&quot;,&quot;camera&quot;:&quot;&quot;,&quot;caption&quot;:&quot;&quot;,&quot;created_timestamp&quot;:&quot;0&quot;,&quot;copyright&quot;:&quot;&quot;,&quot;focal_length&quot;:&quot;0&quot;,&quot;iso&quot;:&quot;0&quot;,&quot;shutter_speed&quot;:&quot;0&quot;,&quot;title&quot;:&quot;&quot;,&quot;orientation&quot;:&quot;0&quot;}\" data-image-title=\"31122B26-9302-47B2-88EF-EA1295287DD3\" data-image-description=\"\" data-image-caption=\"\" data-large-file=\"https:\/\/www.cisa-arica.cl\/wp1\/wp-content\/uploads\/2022\/10\/31122B26-9302-47B2-88EF-EA1295287DD3-600x270.jpeg\" data-attachment-id=\"17473\" data-permalink=\"https:\/\/www.cisa-arica.cl\/wp1\/2022\/10\/14\/jornada-de-los-kinder\/31122b26-9302-47b2-88ef-ea1295287dd3\/\" data-orig-file=\"https:\/\/www.cisa-arica.cl\/wp1\/wp-content\/uploads\/2022\/10\/31122B26-9302-47B2-88EF-EA1295287DD3.jpeg\" data-orig-size=\"1280,576\" data-comments-opened=\"0\" data-image-meta=\"{&quot;aperture&quot;:&quot;0&quot;,&quot;credit&quot;:&quot;&quot;,&quot;camera&quot;:&quot;&quot;,&quot;caption&quot;:&quot;&quot;,&quot;created_timestamp&quot;:&quot;0&quot;,&quot;copyright&quot;:&quot;&quot;,&quot;focal_length&quot;:&quot;0&quot;,&quot;iso&quot;:&quot;0&quot;,&quot;shutter_speed&quot;:&quot;0&quot;,&quot;title&quot;:&quot;&quot;,&quot;orientation&quot;:&quot;0&quot;}\" data-image-title=\"31122B26-9302-47B2-88EF-EA1295287DD3\" data-image-description=\"\" data-image-caption=\"\" data-large-file=\"https:\/\/www.cisa-arica.cl\/wp1\/wp-content\/uploads\/2022\/10\/31122B26-9302-47B2-88EF-EA1295287DD3-600x270.jpeg\" role=\"button\" tabindex=\"0\" aria-label=\"Abrir la imagen 2 de 12 en pantalla completa\"srcset=\"https:\/\/i0.wp.com\/www.cisa-arica.cl\/wp1\/wp-content\/uploads\/2022\/10\/31122B26-9302-47B2-88EF-EA1295287DD3-600x270.jpeg?strip=info&#038;w=600&#038;ssl=1 600w,https:\/\/i0.wp.com\/www.cisa-arica.cl\/wp1\/wp-content\/uploads\/2022\/10\/31122B26-9302-47B2-88EF-EA1295287DD3-600x270.jpeg?strip=info&#038;w=900&#038;ssl=1 900w,https:\/\/i0.wp.com\/www.cisa-arica.cl\/wp1\/wp-content\/uploads\/2022\/10\/31122B26-9302-47B2-88EF-EA1295287DD3-600x270.jpeg?strip=info&#038;w=1200&#038;ssl=1 1200w,https:\/\/i0.wp.com\/www.cisa-arica.cl\/wp1\/wp-content\/uploads\/2022\/10\/31122B26-9302-47B2-88EF-EA1295287DD3-600x270.jpeg?strip=info&#038;w=1280&#038;ssl=1 1280w\" alt=\"\" data-height=\"576\" data-id=\"17473\" data-link=\"https:\/\/www.cisa-arica.cl\/wp1\/?attachment_id=17473\" data-url=\"https:\/\/www.cisa-arica.cl\/wp1\/wp-content\/uploads\/2022\/10\/31122B26-9302-47B2-88EF-EA1295287DD3-600x270.jpeg\" data-width=\"1280\" src=\"https:\/\/i0.wp.com\/www.cisa-arica.cl\/wp1\/wp-content\/uploads\/2022\/10\/31122B26-9302-47B2-88EF-EA1295287DD3-600x270.jpeg?ssl=1\" data-amp-layout=\"responsive\"\/><\/figure><\/div><\/div><div class=\"tiled-gallery__row\"><div class=\"tiled-gallery__col\" style=\"flex-basis:100.00000%\"><figure class=\"tiled-gallery__item\"><img decoding=\"async\" data-attachment-id=\"17474\" data-permalink=\"https:\/\/www.cisa-arica.cl\/wp1\/2022\/10\/14\/jornada-de-los-kinder\/ae69ebc7-0319-40f9-85ea-26f5ec584a46\/\" data-orig-file=\"https:\/\/www.cisa-arica.cl\/wp1\/wp-content\/uploads\/2022\/10\/AE69EBC7-0319-40F9-85EA-26F5EC584A46.jpeg\" data-orig-size=\"1280,576\" data-comments-opened=\"0\" data-image-meta=\"{&quot;aperture&quot;:&quot;0&quot;,&quot;credit&quot;:&quot;&quot;,&quot;camera&quot;:&quot;&quot;,&quot;caption&quot;:&quot;&quot;,&quot;created_timestamp&quot;:&quot;0&quot;,&quot;copyright&quot;:&quot;&quot;,&quot;focal_length&quot;:&quot;0&quot;,&quot;iso&quot;:&quot;0&quot;,&quot;shutter_speed&quot;:&quot;0&quot;,&quot;title&quot;:&quot;&quot;,&quot;orientation&quot;:&quot;0&quot;}\" data-image-title=\"AE69EBC7-0319-40F9-85EA-26F5EC584A46\" data-image-description=\"\" data-image-caption=\"\" data-large-file=\"https:\/\/www.cisa-arica.cl\/wp1\/wp-content\/uploads\/2022\/10\/AE69EBC7-0319-40F9-85EA-26F5EC584A46-600x270.jpeg\" data-attachment-id=\"17474\" data-permalink=\"https:\/\/www.cisa-arica.cl\/wp1\/2022\/10\/14\/jornada-de-los-kinder\/ae69ebc7-0319-40f9-85ea-26f5ec584a46\/\" data-orig-file=\"https:\/\/www.cisa-arica.cl\/wp1\/wp-content\/uploads\/2022\/10\/AE69EBC7-0319-40F9-85EA-26F5EC584A46.jpeg\" data-orig-size=\"1280,576\" data-comments-opened=\"0\" data-image-meta=\"{&quot;aperture&quot;:&quot;0&quot;,&quot;credit&quot;:&quot;&quot;,&quot;camera&quot;:&quot;&quot;,&quot;caption&quot;:&quot;&quot;,&quot;created_timestamp&quot;:&quot;0&quot;,&quot;copyright&quot;:&quot;&quot;,&quot;focal_length&quot;:&quot;0&quot;,&quot;iso&quot;:&quot;0&quot;,&quot;shutter_speed&quot;:&quot;0&quot;,&quot;title&quot;:&quot;&quot;,&quot;orientation&quot;:&quot;0&quot;}\" data-image-title=\"AE69EBC7-0319-40F9-85EA-26F5EC584A46\" data-image-description=\"\" data-image-caption=\"\" data-large-file=\"https:\/\/www.cisa-arica.cl\/wp1\/wp-content\/uploads\/2022\/10\/AE69EBC7-0319-40F9-85EA-26F5EC584A46-600x270.jpeg\" role=\"button\" tabindex=\"0\" aria-label=\"Abrir la imagen 3 de 12 en pantalla completa\"srcset=\"https:\/\/i1.wp.com\/www.cisa-arica.cl\/wp1\/wp-content\/uploads\/2022\/10\/AE69EBC7-0319-40F9-85EA-26F5EC584A46-600x270.jpeg?strip=info&#038;w=600&#038;ssl=1 600w,https:\/\/i1.wp.com\/www.cisa-arica.cl\/wp1\/wp-content\/uploads\/2022\/10\/AE69EBC7-0319-40F9-85EA-26F5EC584A46-600x270.jpeg?strip=info&#038;w=900&#038;ssl=1 900w,https:\/\/i1.wp.com\/www.cisa-arica.cl\/wp1\/wp-content\/uploads\/2022\/10\/AE69EBC7-0319-40F9-85EA-26F5EC584A46-600x270.jpeg?strip=info&#038;w=1200&#038;ssl=1 1200w,https:\/\/i1.wp.com\/www.cisa-arica.cl\/wp1\/wp-content\/uploads\/2022\/10\/AE69EBC7-0319-40F9-85EA-26F5EC584A46-600x270.jpeg?strip=info&#038;w=1280&#038;ssl=1 1280w\" alt=\"\" data-height=\"576\" data-id=\"17474\" data-link=\"https:\/\/www.cisa-arica.cl\/wp1\/?attachment_id=17474\" data-url=\"https:\/\/www.cisa-arica.cl\/wp1\/wp-content\/uploads\/2022\/10\/AE69EBC7-0319-40F9-85EA-26F5EC584A46-600x270.jpeg\" data-width=\"1280\" src=\"https:\/\/i1.wp.com\/www.cisa-arica.cl\/wp1\/wp-content\/uploads\/2022\/10\/AE69EBC7-0319-40F9-85EA-26F5EC584A46-600x270.jpeg?ssl=1\" data-amp-layout=\"responsive\"\/><\/figure><\/div><\/div><div class=\"tiled-gallery__row\"><div class=\"tiled-gallery__col\" style=\"flex-basis:100.00000%\"><figure class=\"tiled-gallery__item\"><img decoding=\"async\" data-attachment-id=\"17475\" data-permalink=\"https:\/\/www.cisa-arica.cl\/wp1\/2022\/10\/14\/jornada-de-los-kinder\/4c9e5bf3-91b4-42be-a742-89225bfc3286\/\" data-orig-file=\"https:\/\/www.cisa-arica.cl\/wp1\/wp-content\/uploads\/2022\/10\/4C9E5BF3-91B4-42BE-A742-89225BFC3286.jpeg\" data-orig-size=\"1280,576\" data-comments-opened=\"0\" data-image-meta=\"{&quot;aperture&quot;:&quot;0&quot;,&quot;credit&quot;:&quot;&quot;,&quot;camera&quot;:&quot;&quot;,&quot;caption&quot;:&quot;&quot;,&quot;created_timestamp&quot;:&quot;0&quot;,&quot;copyright&quot;:&quot;&quot;,&quot;focal_length&quot;:&quot;0&quot;,&quot;iso&quot;:&quot;0&quot;,&quot;shutter_speed&quot;:&quot;0&quot;,&quot;title&quot;:&quot;&quot;,&quot;orientation&quot;:&quot;0&quot;}\" data-image-title=\"4C9E5BF3-91B4-42BE-A742-89225BFC3286\" data-image-description=\"\" data-image-caption=\"\" data-large-file=\"https:\/\/www.cisa-arica.cl\/wp1\/wp-content\/uploads\/2022\/10\/4C9E5BF3-91B4-42BE-A742-89225BFC3286-600x270.jpeg\" data-attachment-id=\"17475\" data-permalink=\"https:\/\/www.cisa-arica.cl\/wp1\/2022\/10\/14\/jornada-de-los-kinder\/4c9e5bf3-91b4-42be-a742-89225bfc3286\/\" data-orig-file=\"https:\/\/www.cisa-arica.cl\/wp1\/wp-content\/uploads\/2022\/10\/4C9E5BF3-91B4-42BE-A742-89225BFC3286.jpeg\" data-orig-size=\"1280,576\" data-comments-opened=\"0\" data-image-meta=\"{&quot;aperture&quot;:&quot;0&quot;,&quot;credit&quot;:&quot;&quot;,&quot;camera&quot;:&quot;&quot;,&quot;caption&quot;:&quot;&quot;,&quot;created_timestamp&quot;:&quot;0&quot;,&quot;copyright&quot;:&quot;&quot;,&quot;focal_length&quot;:&quot;0&quot;,&quot;iso&quot;:&quot;0&quot;,&quot;shutter_speed&quot;:&quot;0&quot;,&quot;title&quot;:&quot;&quot;,&quot;orientation&quot;:&quot;0&quot;}\" data-image-title=\"4C9E5BF3-91B4-42BE-A742-89225BFC3286\" data-image-description=\"\" data-image-caption=\"\" data-large-file=\"https:\/\/www.cisa-arica.cl\/wp1\/wp-content\/uploads\/2022\/10\/4C9E5BF3-91B4-42BE-A742-89225BFC3286-600x270.jpeg\" role=\"button\" tabindex=\"0\" aria-label=\"Abrir la imagen 4 de 12 en pantalla completa\"srcset=\"https:\/\/i0.wp.com\/www.cisa-arica.cl\/wp1\/wp-content\/uploads\/2022\/10\/4C9E5BF3-91B4-42BE-A742-89225BFC3286-600x270.jpeg?strip=info&#038;w=600&#038;ssl=1 600w,https:\/\/i0.wp.com\/www.cisa-arica.cl\/wp1\/wp-content\/uploads\/2022\/10\/4C9E5BF3-91B4-42BE-A742-89225BFC3286-600x270.jpeg?strip=info&#038;w=900&#038;ssl=1 900w,https:\/\/i0.wp.com\/www.cisa-arica.cl\/wp1\/wp-content\/uploads\/2022\/10\/4C9E5BF3-91B4-42BE-A742-89225BFC3286-600x270.jpeg?strip=info&#038;w=1200&#038;ssl=1 1200w,https:\/\/i0.wp.com\/www.cisa-arica.cl\/wp1\/wp-content\/uploads\/2022\/10\/4C9E5BF3-91B4-42BE-A742-89225BFC3286-600x270.jpeg?strip=info&#038;w=1280&#038;ssl=1 1280w\" alt=\"\" data-height=\"576\" data-id=\"17475\" data-link=\"https:\/\/www.cisa-arica.cl\/wp1\/?attachment_id=17475\" data-url=\"https:\/\/www.cisa-arica.cl\/wp1\/wp-content\/uploads\/2022\/10\/4C9E5BF3-91B4-42BE-A742-89225BFC3286-600x270.jpeg\" data-width=\"1280\" src=\"https:\/\/i0.wp.com\/www.cisa-arica.cl\/wp1\/wp-content\/uploads\/2022\/10\/4C9E5BF3-91B4-42BE-A742-89225BFC3286-600x270.jpeg?ssl=1\" data-amp-layout=\"responsive\"\/><\/figure><\/div><\/div><div class=\"tiled-gallery__row\"><div class=\"tiled-gallery__col\" style=\"flex-basis:100.00000%\"><figure class=\"tiled-gallery__item\"><img decoding=\"async\" data-attachment-id=\"17476\" data-permalink=\"https:\/\/www.cisa-arica.cl\/wp1\/2022\/10\/14\/jornada-de-los-kinder\/ce735ed3-4eea-43a4-a26c-ad02efa49753\/\" data-orig-file=\"https:\/\/www.cisa-arica.cl\/wp1\/wp-content\/uploads\/2022\/10\/CE735ED3-4EEA-43A4-A26C-AD02EFA49753.jpeg\" data-orig-size=\"1280,576\" data-comments-opened=\"0\" data-image-meta=\"{&quot;aperture&quot;:&quot;0&quot;,&quot;credit&quot;:&quot;&quot;,&quot;camera&quot;:&quot;&quot;,&quot;caption&quot;:&quot;&quot;,&quot;created_timestamp&quot;:&quot;0&quot;,&quot;copyright&quot;:&quot;&quot;,&quot;focal_length&quot;:&quot;0&quot;,&quot;iso&quot;:&quot;0&quot;,&quot;shutter_speed&quot;:&quot;0&quot;,&quot;title&quot;:&quot;&quot;,&quot;orientation&quot;:&quot;0&quot;}\" data-image-title=\"CE735ED3-4EEA-43A4-A26C-AD02EFA49753\" data-image-description=\"\" data-image-caption=\"\" data-large-file=\"https:\/\/www.cisa-arica.cl\/wp1\/wp-content\/uploads\/2022\/10\/CE735ED3-4EEA-43A4-A26C-AD02EFA49753-600x270.jpeg\" data-attachment-id=\"17476\" data-permalink=\"https:\/\/www.cisa-arica.cl\/wp1\/2022\/10\/14\/jornada-de-los-kinder\/ce735ed3-4eea-43a4-a26c-ad02efa49753\/\" data-orig-file=\"https:\/\/www.cisa-arica.cl\/wp1\/wp-content\/uploads\/2022\/10\/CE735ED3-4EEA-43A4-A26C-AD02EFA49753.jpeg\" data-orig-size=\"1280,576\" data-comments-opened=\"0\" data-image-meta=\"{&quot;aperture&quot;:&quot;0&quot;,&quot;credit&quot;:&quot;&quot;,&quot;camera&quot;:&quot;&quot;,&quot;caption&quot;:&quot;&quot;,&quot;created_timestamp&quot;:&quot;0&quot;,&quot;copyright&quot;:&quot;&quot;,&quot;focal_length&quot;:&quot;0&quot;,&quot;iso&quot;:&quot;0&quot;,&quot;shutter_speed&quot;:&quot;0&quot;,&quot;title&quot;:&quot;&quot;,&quot;orientation&quot;:&quot;0&quot;}\" data-image-title=\"CE735ED3-4EEA-43A4-A26C-AD02EFA49753\" data-image-description=\"\" data-image-caption=\"\" data-large-file=\"https:\/\/www.cisa-arica.cl\/wp1\/wp-content\/uploads\/2022\/10\/CE735ED3-4EEA-43A4-A26C-AD02EFA49753-600x270.jpeg\" role=\"button\" tabindex=\"0\" aria-label=\"Abrir la imagen 5 de 12 en pantalla completa\"srcset=\"https:\/\/i2.wp.com\/www.cisa-arica.cl\/wp1\/wp-content\/uploads\/2022\/10\/CE735ED3-4EEA-43A4-A26C-AD02EFA49753-600x270.jpeg?strip=info&#038;w=600&#038;ssl=1 600w,https:\/\/i2.wp.com\/www.cisa-arica.cl\/wp1\/wp-content\/uploads\/2022\/10\/CE735ED3-4EEA-43A4-A26C-AD02EFA49753-600x270.jpeg?strip=info&#038;w=900&#038;ssl=1 900w,https:\/\/i2.wp.com\/www.cisa-arica.cl\/wp1\/wp-content\/uploads\/2022\/10\/CE735ED3-4EEA-43A4-A26C-AD02EFA49753-600x270.jpeg?strip=info&#038;w=1200&#038;ssl=1 1200w,https:\/\/i2.wp.com\/www.cisa-arica.cl\/wp1\/wp-content\/uploads\/2022\/10\/CE735ED3-4EEA-43A4-A26C-AD02EFA49753-600x270.jpeg?strip=info&#038;w=1280&#038;ssl=1 1280w\" alt=\"\" data-height=\"576\" data-id=\"17476\" data-link=\"https:\/\/www.cisa-arica.cl\/wp1\/?attachment_id=17476\" data-url=\"https:\/\/www.cisa-arica.cl\/wp1\/wp-content\/uploads\/2022\/10\/CE735ED3-4EEA-43A4-A26C-AD02EFA49753-600x270.jpeg\" data-width=\"1280\" src=\"https:\/\/i2.wp.com\/www.cisa-arica.cl\/wp1\/wp-content\/uploads\/2022\/10\/CE735ED3-4EEA-43A4-A26C-AD02EFA49753-600x270.jpeg?ssl=1\" data-amp-layout=\"responsive\"\/><\/figure><\/div><\/div><div class=\"tiled-gallery__row\"><div class=\"tiled-gallery__col\" style=\"flex-basis:100.00000%\"><figure class=\"tiled-gallery__item\"><img decoding=\"async\" data-attachment-id=\"17477\" data-permalink=\"https:\/\/www.cisa-arica.cl\/wp1\/2022\/10\/14\/jornada-de-los-kinder\/3df1633e-8620-4c11-8215-62b282ecd78b\/\" data-orig-file=\"https:\/\/www.cisa-arica.cl\/wp1\/wp-content\/uploads\/2022\/10\/3DF1633E-8620-4C11-8215-62B282ECD78B.jpeg\" data-orig-size=\"1280,576\" data-comments-opened=\"0\" data-image-meta=\"{&quot;aperture&quot;:&quot;0&quot;,&quot;credit&quot;:&quot;&quot;,&quot;camera&quot;:&quot;&quot;,&quot;caption&quot;:&quot;&quot;,&quot;created_timestamp&quot;:&quot;0&quot;,&quot;copyright&quot;:&quot;&quot;,&quot;focal_length&quot;:&quot;0&quot;,&quot;iso&quot;:&quot;0&quot;,&quot;shutter_speed&quot;:&quot;0&quot;,&quot;title&quot;:&quot;&quot;,&quot;orientation&quot;:&quot;0&quot;}\" data-image-title=\"3DF1633E-8620-4C11-8215-62B282ECD78B\" data-image-description=\"\" data-image-caption=\"\" data-large-file=\"https:\/\/www.cisa-arica.cl\/wp1\/wp-content\/uploads\/2022\/10\/3DF1633E-8620-4C11-8215-62B282ECD78B-600x270.jpeg\" data-attachment-id=\"17477\" data-permalink=\"https:\/\/www.cisa-arica.cl\/wp1\/2022\/10\/14\/jornada-de-los-kinder\/3df1633e-8620-4c11-8215-62b282ecd78b\/\" data-orig-file=\"https:\/\/www.cisa-arica.cl\/wp1\/wp-content\/uploads\/2022\/10\/3DF1633E-8620-4C11-8215-62B282ECD78B.jpeg\" data-orig-size=\"1280,576\" data-comments-opened=\"0\" data-image-meta=\"{&quot;aperture&quot;:&quot;0&quot;,&quot;credit&quot;:&quot;&quot;,&quot;camera&quot;:&quot;&quot;,&quot;caption&quot;:&quot;&quot;,&quot;created_timestamp&quot;:&quot;0&quot;,&quot;copyright&quot;:&quot;&quot;,&quot;focal_length&quot;:&quot;0&quot;,&quot;iso&quot;:&quot;0&quot;,&quot;shutter_speed&quot;:&quot;0&quot;,&quot;title&quot;:&quot;&quot;,&quot;orientation&quot;:&quot;0&quot;}\" data-image-title=\"3DF1633E-8620-4C11-8215-62B282ECD78B\" data-image-description=\"\" data-image-caption=\"\" data-large-file=\"https:\/\/www.cisa-arica.cl\/wp1\/wp-content\/uploads\/2022\/10\/3DF1633E-8620-4C11-8215-62B282ECD78B-600x270.jpeg\" role=\"button\" tabindex=\"0\" aria-label=\"Abrir la imagen 6 de 12 en pantalla completa\"srcset=\"https:\/\/i0.wp.com\/www.cisa-arica.cl\/wp1\/wp-content\/uploads\/2022\/10\/3DF1633E-8620-4C11-8215-62B282ECD78B-600x270.jpeg?strip=info&#038;w=600&#038;ssl=1 600w,https:\/\/i0.wp.com\/www.cisa-arica.cl\/wp1\/wp-content\/uploads\/2022\/10\/3DF1633E-8620-4C11-8215-62B282ECD78B-600x270.jpeg?strip=info&#038;w=900&#038;ssl=1 900w,https:\/\/i0.wp.com\/www.cisa-arica.cl\/wp1\/wp-content\/uploads\/2022\/10\/3DF1633E-8620-4C11-8215-62B282ECD78B-600x270.jpeg?strip=info&#038;w=1200&#038;ssl=1 1200w,https:\/\/i0.wp.com\/www.cisa-arica.cl\/wp1\/wp-content\/uploads\/2022\/10\/3DF1633E-8620-4C11-8215-62B282ECD78B-600x270.jpeg?strip=info&#038;w=1280&#038;ssl=1 1280w\" alt=\"\" data-height=\"576\" data-id=\"17477\" data-link=\"https:\/\/www.cisa-arica.cl\/wp1\/?attachment_id=17477\" data-url=\"https:\/\/www.cisa-arica.cl\/wp1\/wp-content\/uploads\/2022\/10\/3DF1633E-8620-4C11-8215-62B282ECD78B-600x270.jpeg\" data-width=\"1280\" src=\"https:\/\/i0.wp.com\/www.cisa-arica.cl\/wp1\/wp-content\/uploads\/2022\/10\/3DF1633E-8620-4C11-8215-62B282ECD78B-600x270.jpeg?ssl=1\" data-amp-layout=\"responsive\"\/><\/figure><\/div><\/div><div class=\"tiled-gallery__row\"><div class=\"tiled-gallery__col\" style=\"flex-basis:100.00000%\"><figure class=\"tiled-gallery__item\"><img decoding=\"async\" data-attachment-id=\"17478\" data-permalink=\"https:\/\/www.cisa-arica.cl\/wp1\/2022\/10\/14\/jornada-de-los-kinder\/c4b6033a-36db-4795-b241-7f92ec6d8f8d\/\" data-orig-file=\"https:\/\/www.cisa-arica.cl\/wp1\/wp-content\/uploads\/2022\/10\/C4B6033A-36DB-4795-B241-7F92EC6D8F8D.jpeg\" data-orig-size=\"1280,576\" data-comments-opened=\"0\" data-image-meta=\"{&quot;aperture&quot;:&quot;0&quot;,&quot;credit&quot;:&quot;&quot;,&quot;camera&quot;:&quot;&quot;,&quot;caption&quot;:&quot;&quot;,&quot;created_timestamp&quot;:&quot;0&quot;,&quot;copyright&quot;:&quot;&quot;,&quot;focal_length&quot;:&quot;0&quot;,&quot;iso&quot;:&quot;0&quot;,&quot;shutter_speed&quot;:&quot;0&quot;,&quot;title&quot;:&quot;&quot;,&quot;orientation&quot;:&quot;0&quot;}\" data-image-title=\"C4B6033A-36DB-4795-B241-7F92EC6D8F8D\" data-image-description=\"\" data-image-caption=\"\" data-large-file=\"https:\/\/www.cisa-arica.cl\/wp1\/wp-content\/uploads\/2022\/10\/C4B6033A-36DB-4795-B241-7F92EC6D8F8D-600x270.jpeg\" data-attachment-id=\"17478\" data-permalink=\"https:\/\/www.cisa-arica.cl\/wp1\/2022\/10\/14\/jornada-de-los-kinder\/c4b6033a-36db-4795-b241-7f92ec6d8f8d\/\" data-orig-file=\"https:\/\/www.cisa-arica.cl\/wp1\/wp-content\/uploads\/2022\/10\/C4B6033A-36DB-4795-B241-7F92EC6D8F8D.jpeg\" data-orig-size=\"1280,576\" data-comments-opened=\"0\" data-image-meta=\"{&quot;aperture&quot;:&quot;0&quot;,&quot;credit&quot;:&quot;&quot;,&quot;camera&quot;:&quot;&quot;,&quot;caption&quot;:&quot;&quot;,&quot;created_timestamp&quot;:&quot;0&quot;,&quot;copyright&quot;:&quot;&quot;,&quot;focal_length&quot;:&quot;0&quot;,&quot;iso&quot;:&quot;0&quot;,&quot;shutter_speed&quot;:&quot;0&quot;,&quot;title&quot;:&quot;&quot;,&quot;orientation&quot;:&quot;0&quot;}\" data-image-title=\"C4B6033A-36DB-4795-B241-7F92EC6D8F8D\" data-image-description=\"\" data-image-caption=\"\" data-large-file=\"https:\/\/www.cisa-arica.cl\/wp1\/wp-content\/uploads\/2022\/10\/C4B6033A-36DB-4795-B241-7F92EC6D8F8D-600x270.jpeg\" role=\"button\" tabindex=\"0\" aria-label=\"Abrir la imagen 7 de 12 en pantalla completa\"srcset=\"https:\/\/i1.wp.com\/www.cisa-arica.cl\/wp1\/wp-content\/uploads\/2022\/10\/C4B6033A-36DB-4795-B241-7F92EC6D8F8D-600x270.jpeg?strip=info&#038;w=600&#038;ssl=1 600w,https:\/\/i1.wp.com\/www.cisa-arica.cl\/wp1\/wp-content\/uploads\/2022\/10\/C4B6033A-36DB-4795-B241-7F92EC6D8F8D-600x270.jpeg?strip=info&#038;w=900&#038;ssl=1 900w,https:\/\/i1.wp.com\/www.cisa-arica.cl\/wp1\/wp-content\/uploads\/2022\/10\/C4B6033A-36DB-4795-B241-7F92EC6D8F8D-600x270.jpeg?strip=info&#038;w=1200&#038;ssl=1 1200w,https:\/\/i1.wp.com\/www.cisa-arica.cl\/wp1\/wp-content\/uploads\/2022\/10\/C4B6033A-36DB-4795-B241-7F92EC6D8F8D-600x270.jpeg?strip=info&#038;w=1280&#038;ssl=1 1280w\" alt=\"\" data-height=\"576\" data-id=\"17478\" data-link=\"https:\/\/www.cisa-arica.cl\/wp1\/?attachment_id=17478\" data-url=\"https:\/\/www.cisa-arica.cl\/wp1\/wp-content\/uploads\/2022\/10\/C4B6033A-36DB-4795-B241-7F92EC6D8F8D-600x270.jpeg\" data-width=\"1280\" src=\"https:\/\/i1.wp.com\/www.cisa-arica.cl\/wp1\/wp-content\/uploads\/2022\/10\/C4B6033A-36DB-4795-B241-7F92EC6D8F8D-600x270.jpeg?ssl=1\" data-amp-layout=\"responsive\"\/><\/figure><\/div><\/div><div class=\"tiled-gallery__row\"><div class=\"tiled-gallery__col\" style=\"flex-basis:26.12867%\"><figure class=\"tiled-gallery__item\"><img decoding=\"async\" data-attachment-id=\"17479\" data-permalink=\"https:\/\/www.cisa-arica.cl\/wp1\/2022\/10\/14\/jornada-de-los-kinder\/b89bce33-519f-4568-b932-c7c4d2304641\/\" data-orig-file=\"https:\/\/www.cisa-arica.cl\/wp1\/wp-content\/uploads\/2022\/10\/B89BCE33-519F-4568-B932-C7C4D2304641.jpeg\" data-orig-size=\"1280,1128\" data-comments-opened=\"0\" data-image-meta=\"{&quot;aperture&quot;:&quot;0&quot;,&quot;credit&quot;:&quot;&quot;,&quot;camera&quot;:&quot;&quot;,&quot;caption&quot;:&quot;&quot;,&quot;created_timestamp&quot;:&quot;0&quot;,&quot;copyright&quot;:&quot;&quot;,&quot;focal_length&quot;:&quot;0&quot;,&quot;iso&quot;:&quot;0&quot;,&quot;shutter_speed&quot;:&quot;0&quot;,&quot;title&quot;:&quot;&quot;,&quot;orientation&quot;:&quot;0&quot;}\" data-image-title=\"B89BCE33-519F-4568-B932-C7C4D2304641\" data-image-description=\"\" data-image-caption=\"\" data-large-file=\"https:\/\/www.cisa-arica.cl\/wp1\/wp-content\/uploads\/2022\/10\/B89BCE33-519F-4568-B932-C7C4D2304641-600x529.jpeg\" data-attachment-id=\"17479\" data-permalink=\"https:\/\/www.cisa-arica.cl\/wp1\/2022\/10\/14\/jornada-de-los-kinder\/b89bce33-519f-4568-b932-c7c4d2304641\/\" data-orig-file=\"https:\/\/www.cisa-arica.cl\/wp1\/wp-content\/uploads\/2022\/10\/B89BCE33-519F-4568-B932-C7C4D2304641.jpeg\" data-orig-size=\"1280,1128\" data-comments-opened=\"0\" data-image-meta=\"{&quot;aperture&quot;:&quot;0&quot;,&quot;credit&quot;:&quot;&quot;,&quot;camera&quot;:&quot;&quot;,&quot;caption&quot;:&quot;&quot;,&quot;created_timestamp&quot;:&quot;0&quot;,&quot;copyright&quot;:&quot;&quot;,&quot;focal_length&quot;:&quot;0&quot;,&quot;iso&quot;:&quot;0&quot;,&quot;shutter_speed&quot;:&quot;0&quot;,&quot;title&quot;:&quot;&quot;,&quot;orientation&quot;:&quot;0&quot;}\" data-image-title=\"B89BCE33-519F-4568-B932-C7C4D2304641\" data-image-description=\"\" data-image-caption=\"\" data-large-file=\"https:\/\/www.cisa-arica.cl\/wp1\/wp-content\/uploads\/2022\/10\/B89BCE33-519F-4568-B932-C7C4D2304641-600x529.jpeg\" role=\"button\" tabindex=\"0\" aria-label=\"Abrir la imagen 8 de 12 en pantalla completa\"srcset=\"https:\/\/i1.wp.com\/www.cisa-arica.cl\/wp1\/wp-content\/uploads\/2022\/10\/B89BCE33-519F-4568-B932-C7C4D2304641-600x529.jpeg?strip=info&#038;w=600&#038;ssl=1 600w,https:\/\/i1.wp.com\/www.cisa-arica.cl\/wp1\/wp-content\/uploads\/2022\/10\/B89BCE33-519F-4568-B932-C7C4D2304641-600x529.jpeg?strip=info&#038;w=900&#038;ssl=1 900w,https:\/\/i1.wp.com\/www.cisa-arica.cl\/wp1\/wp-content\/uploads\/2022\/10\/B89BCE33-519F-4568-B932-C7C4D2304641-600x529.jpeg?strip=info&#038;w=1200&#038;ssl=1 1200w,https:\/\/i1.wp.com\/www.cisa-arica.cl\/wp1\/wp-content\/uploads\/2022\/10\/B89BCE33-519F-4568-B932-C7C4D2304641-600x529.jpeg?strip=info&#038;w=1280&#038;ssl=1 1280w\" alt=\"\" data-height=\"1128\" data-id=\"17479\" data-link=\"https:\/\/www.cisa-arica.cl\/wp1\/?attachment_id=17479\" data-url=\"https:\/\/www.cisa-arica.cl\/wp1\/wp-content\/uploads\/2022\/10\/B89BCE33-519F-4568-B932-C7C4D2304641-600x529.jpeg\" data-width=\"1280\" src=\"https:\/\/i1.wp.com\/www.cisa-arica.cl\/wp1\/wp-content\/uploads\/2022\/10\/B89BCE33-519F-4568-B932-C7C4D2304641-600x529.jpeg?ssl=1\" data-amp-layout=\"responsive\"\/><\/figure><\/div><div class=\"tiled-gallery__col\" style=\"flex-basis:73.87133%\"><figure class=\"tiled-gallery__item\"><img decoding=\"async\" data-attachment-id=\"17480\" data-permalink=\"https:\/\/www.cisa-arica.cl\/wp1\/2022\/10\/14\/jornada-de-los-kinder\/772212ac-d6f7-4da8-910b-4d66f65b8fa4\/\" data-orig-file=\"https:\/\/www.cisa-arica.cl\/wp1\/wp-content\/uploads\/2022\/10\/772212AC-D6F7-4DA8-910B-4D66F65B8FA4.jpeg\" data-orig-size=\"1116,344\" data-comments-opened=\"0\" data-image-meta=\"{&quot;aperture&quot;:&quot;0&quot;,&quot;credit&quot;:&quot;&quot;,&quot;camera&quot;:&quot;&quot;,&quot;caption&quot;:&quot;&quot;,&quot;created_timestamp&quot;:&quot;0&quot;,&quot;copyright&quot;:&quot;&quot;,&quot;focal_length&quot;:&quot;0&quot;,&quot;iso&quot;:&quot;0&quot;,&quot;shutter_speed&quot;:&quot;0&quot;,&quot;title&quot;:&quot;&quot;,&quot;orientation&quot;:&quot;0&quot;}\" data-image-title=\"772212AC-D6F7-4DA8-910B-4D66F65B8FA4\" data-image-description=\"\" data-image-caption=\"\" data-large-file=\"https:\/\/www.cisa-arica.cl\/wp1\/wp-content\/uploads\/2022\/10\/772212AC-D6F7-4DA8-910B-4D66F65B8FA4-600x185.jpeg\" data-attachment-id=\"17480\" data-permalink=\"https:\/\/www.cisa-arica.cl\/wp1\/2022\/10\/14\/jornada-de-los-kinder\/772212ac-d6f7-4da8-910b-4d66f65b8fa4\/\" data-orig-file=\"https:\/\/www.cisa-arica.cl\/wp1\/wp-content\/uploads\/2022\/10\/772212AC-D6F7-4DA8-910B-4D66F65B8FA4.jpeg\" data-orig-size=\"1116,344\" data-comments-opened=\"0\" data-image-meta=\"{&quot;aperture&quot;:&quot;0&quot;,&quot;credit&quot;:&quot;&quot;,&quot;camera&quot;:&quot;&quot;,&quot;caption&quot;:&quot;&quot;,&quot;created_timestamp&quot;:&quot;0&quot;,&quot;copyright&quot;:&quot;&quot;,&quot;focal_length&quot;:&quot;0&quot;,&quot;iso&quot;:&quot;0&quot;,&quot;shutter_speed&quot;:&quot;0&quot;,&quot;title&quot;:&quot;&quot;,&quot;orientation&quot;:&quot;0&quot;}\" data-image-title=\"772212AC-D6F7-4DA8-910B-4D66F65B8FA4\" data-image-description=\"\" data-image-caption=\"\" data-large-file=\"https:\/\/www.cisa-arica.cl\/wp1\/wp-content\/uploads\/2022\/10\/772212AC-D6F7-4DA8-910B-4D66F65B8FA4-600x185.jpeg\" role=\"button\" tabindex=\"0\" aria-label=\"Abrir la imagen 9 de 12 en pantalla completa\"srcset=\"https:\/\/i1.wp.com\/www.cisa-arica.cl\/wp1\/wp-content\/uploads\/2022\/10\/772212AC-D6F7-4DA8-910B-4D66F65B8FA4-600x185.jpeg?strip=info&#038;w=600&#038;ssl=1 600w,https:\/\/i1.wp.com\/www.cisa-arica.cl\/wp1\/wp-content\/uploads\/2022\/10\/772212AC-D6F7-4DA8-910B-4D66F65B8FA4-600x185.jpeg?strip=info&#038;w=900&#038;ssl=1 900w,https:\/\/i1.wp.com\/www.cisa-arica.cl\/wp1\/wp-content\/uploads\/2022\/10\/772212AC-D6F7-4DA8-910B-4D66F65B8FA4-600x185.jpeg?strip=info&#038;w=1116&#038;ssl=1 1116w\" alt=\"\" data-height=\"344\" data-id=\"17480\" data-link=\"https:\/\/www.cisa-arica.cl\/wp1\/?attachment_id=17480\" data-url=\"https:\/\/www.cisa-arica.cl\/wp1\/wp-content\/uploads\/2022\/10\/772212AC-D6F7-4DA8-910B-4D66F65B8FA4-600x185.jpeg\" data-width=\"1116\" src=\"https:\/\/i1.wp.com\/www.cisa-arica.cl\/wp1\/wp-content\/uploads\/2022\/10\/772212AC-D6F7-4DA8-910B-4D66F65B8FA4-600x185.jpeg?ssl=1\" data-amp-layout=\"responsive\"\/><\/figure><\/div><\/div><div class=\"tiled-gallery__row\"><div class=\"tiled-gallery__col\" style=\"flex-basis:100.00000%\"><figure class=\"tiled-gallery__item\"><img decoding=\"async\" data-attachment-id=\"17481\" data-permalink=\"https:\/\/www.cisa-arica.cl\/wp1\/2022\/10\/14\/jornada-de-los-kinder\/36bdca2b-0588-4a30-9acf-9773725ef8d6\/\" data-orig-file=\"https:\/\/www.cisa-arica.cl\/wp1\/wp-content\/uploads\/2022\/10\/36BDCA2B-0588-4A30-9ACF-9773725EF8D6.jpeg\" data-orig-size=\"1280,576\" data-comments-opened=\"0\" data-image-meta=\"{&quot;aperture&quot;:&quot;0&quot;,&quot;credit&quot;:&quot;&quot;,&quot;camera&quot;:&quot;&quot;,&quot;caption&quot;:&quot;&quot;,&quot;created_timestamp&quot;:&quot;0&quot;,&quot;copyright&quot;:&quot;&quot;,&quot;focal_length&quot;:&quot;0&quot;,&quot;iso&quot;:&quot;0&quot;,&quot;shutter_speed&quot;:&quot;0&quot;,&quot;title&quot;:&quot;&quot;,&quot;orientation&quot;:&quot;0&quot;}\" data-image-title=\"36BDCA2B-0588-4A30-9ACF-9773725EF8D6\" data-image-description=\"\" data-image-caption=\"\" data-large-file=\"https:\/\/www.cisa-arica.cl\/wp1\/wp-content\/uploads\/2022\/10\/36BDCA2B-0588-4A30-9ACF-9773725EF8D6-600x270.jpeg\" data-attachment-id=\"17481\" data-permalink=\"https:\/\/www.cisa-arica.cl\/wp1\/2022\/10\/14\/jornada-de-los-kinder\/36bdca2b-0588-4a30-9acf-9773725ef8d6\/\" data-orig-file=\"https:\/\/www.cisa-arica.cl\/wp1\/wp-content\/uploads\/2022\/10\/36BDCA2B-0588-4A30-9ACF-9773725EF8D6.jpeg\" data-orig-size=\"1280,576\" data-comments-opened=\"0\" data-image-meta=\"{&quot;aperture&quot;:&quot;0&quot;,&quot;credit&quot;:&quot;&quot;,&quot;camera&quot;:&quot;&quot;,&quot;caption&quot;:&quot;&quot;,&quot;created_timestamp&quot;:&quot;0&quot;,&quot;copyright&quot;:&quot;&quot;,&quot;focal_length&quot;:&quot;0&quot;,&quot;iso&quot;:&quot;0&quot;,&quot;shutter_speed&quot;:&quot;0&quot;,&quot;title&quot;:&quot;&quot;,&quot;orientation&quot;:&quot;0&quot;}\" data-image-title=\"36BDCA2B-0588-4A30-9ACF-9773725EF8D6\" data-image-description=\"\" data-image-caption=\"\" data-large-file=\"https:\/\/www.cisa-arica.cl\/wp1\/wp-content\/uploads\/2022\/10\/36BDCA2B-0588-4A30-9ACF-9773725EF8D6-600x270.jpeg\" role=\"button\" tabindex=\"0\" aria-label=\"Abrir la imagen 10 de 12 en pantalla completa\"srcset=\"https:\/\/i0.wp.com\/www.cisa-arica.cl\/wp1\/wp-content\/uploads\/2022\/10\/36BDCA2B-0588-4A30-9ACF-9773725EF8D6-600x270.jpeg?strip=info&#038;w=600&#038;ssl=1 600w,https:\/\/i0.wp.com\/www.cisa-arica.cl\/wp1\/wp-content\/uploads\/2022\/10\/36BDCA2B-0588-4A30-9ACF-9773725EF8D6-600x270.jpeg?strip=info&#038;w=900&#038;ssl=1 900w,https:\/\/i0.wp.com\/www.cisa-arica.cl\/wp1\/wp-content\/uploads\/2022\/10\/36BDCA2B-0588-4A30-9ACF-9773725EF8D6-600x270.jpeg?strip=info&#038;w=1200&#038;ssl=1 1200w,https:\/\/i0.wp.com\/www.cisa-arica.cl\/wp1\/wp-content\/uploads\/2022\/10\/36BDCA2B-0588-4A30-9ACF-9773725EF8D6-600x270.jpeg?strip=info&#038;w=1280&#038;ssl=1 1280w\" alt=\"\" data-height=\"576\" data-id=\"17481\" data-link=\"https:\/\/www.cisa-arica.cl\/wp1\/?attachment_id=17481\" data-url=\"https:\/\/www.cisa-arica.cl\/wp1\/wp-content\/uploads\/2022\/10\/36BDCA2B-0588-4A30-9ACF-9773725EF8D6-600x270.jpeg\" data-width=\"1280\" src=\"https:\/\/i0.wp.com\/www.cisa-arica.cl\/wp1\/wp-content\/uploads\/2022\/10\/36BDCA2B-0588-4A30-9ACF-9773725EF8D6-600x270.jpeg?ssl=1\" data-amp-layout=\"responsive\"\/><\/figure><\/div><\/div><div class=\"tiled-gallery__row\"><div class=\"tiled-gallery__col\" style=\"flex-basis:100.00000%\"><figure class=\"tiled-gallery__item\"><img decoding=\"async\" data-attachment-id=\"17482\" data-permalink=\"https:\/\/www.cisa-arica.cl\/wp1\/2022\/10\/14\/jornada-de-los-kinder\/576c8244-1e1a-42d8-95a6-698f18866a7b\/\" data-orig-file=\"https:\/\/www.cisa-arica.cl\/wp1\/wp-content\/uploads\/2022\/10\/576C8244-1E1A-42D8-95A6-698F18866A7B.jpeg\" data-orig-size=\"1280,576\" data-comments-opened=\"0\" data-image-meta=\"{&quot;aperture&quot;:&quot;0&quot;,&quot;credit&quot;:&quot;&quot;,&quot;camera&quot;:&quot;&quot;,&quot;caption&quot;:&quot;&quot;,&quot;created_timestamp&quot;:&quot;0&quot;,&quot;copyright&quot;:&quot;&quot;,&quot;focal_length&quot;:&quot;0&quot;,&quot;iso&quot;:&quot;0&quot;,&quot;shutter_speed&quot;:&quot;0&quot;,&quot;title&quot;:&quot;&quot;,&quot;orientation&quot;:&quot;0&quot;}\" data-image-title=\"576C8244-1E1A-42D8-95A6-698F18866A7B\" data-image-description=\"\" data-image-caption=\"\" data-large-file=\"https:\/\/www.cisa-arica.cl\/wp1\/wp-content\/uploads\/2022\/10\/576C8244-1E1A-42D8-95A6-698F18866A7B-600x270.jpeg\" data-attachment-id=\"17482\" data-permalink=\"https:\/\/www.cisa-arica.cl\/wp1\/2022\/10\/14\/jornada-de-los-kinder\/576c8244-1e1a-42d8-95a6-698f18866a7b\/\" data-orig-file=\"https:\/\/www.cisa-arica.cl\/wp1\/wp-content\/uploads\/2022\/10\/576C8244-1E1A-42D8-95A6-698F18866A7B.jpeg\" data-orig-size=\"1280,576\" data-comments-opened=\"0\" data-image-meta=\"{&quot;aperture&quot;:&quot;0&quot;,&quot;credit&quot;:&quot;&quot;,&quot;camera&quot;:&quot;&quot;,&quot;caption&quot;:&quot;&quot;,&quot;created_timestamp&quot;:&quot;0&quot;,&quot;copyright&quot;:&quot;&quot;,&quot;focal_length&quot;:&quot;0&quot;,&quot;iso&quot;:&quot;0&quot;,&quot;shutter_speed&quot;:&quot;0&quot;,&quot;title&quot;:&quot;&quot;,&quot;orientation&quot;:&quot;0&quot;}\" data-image-title=\"576C8244-1E1A-42D8-95A6-698F18866A7B\" data-image-description=\"\" data-image-caption=\"\" data-large-file=\"https:\/\/www.cisa-arica.cl\/wp1\/wp-content\/uploads\/2022\/10\/576C8244-1E1A-42D8-95A6-698F18866A7B-600x270.jpeg\" role=\"button\" tabindex=\"0\" aria-label=\"Abrir la imagen 11 de 12 en pantalla completa\"srcset=\"https:\/\/i1.wp.com\/www.cisa-arica.cl\/wp1\/wp-content\/uploads\/2022\/10\/576C8244-1E1A-42D8-95A6-698F18866A7B-600x270.jpeg?strip=info&#038;w=600&#038;ssl=1 600w,https:\/\/i1.wp.com\/www.cisa-arica.cl\/wp1\/wp-content\/uploads\/2022\/10\/576C8244-1E1A-42D8-95A6-698F18866A7B-600x270.jpeg?strip=info&#038;w=900&#038;ssl=1 900w,https:\/\/i1.wp.com\/www.cisa-arica.cl\/wp1\/wp-content\/uploads\/2022\/10\/576C8244-1E1A-42D8-95A6-698F18866A7B-600x270.jpeg?strip=info&#038;w=1200&#038;ssl=1 1200w,https:\/\/i1.wp.com\/www.cisa-arica.cl\/wp1\/wp-content\/uploads\/2022\/10\/576C8244-1E1A-42D8-95A6-698F18866A7B-600x270.jpeg?strip=info&#038;w=1280&#038;ssl=1 1280w\" alt=\"\" data-height=\"576\" data-id=\"17482\" data-link=\"https:\/\/www.cisa-arica.cl\/wp1\/?attachment_id=17482\" data-url=\"https:\/\/www.cisa-arica.cl\/wp1\/wp-content\/uploads\/2022\/10\/576C8244-1E1A-42D8-95A6-698F18866A7B-600x270.jpeg\" data-width=\"1280\" src=\"https:\/\/i1.wp.com\/www.cisa-arica.cl\/wp1\/wp-content\/uploads\/2022\/10\/576C8244-1E1A-42D8-95A6-698F18866A7B-600x270.jpeg?ssl=1\" data-amp-layout=\"responsive\"\/><\/figure><\/div><\/div><div class=\"tiled-gallery__row\"><div class=\"tiled-gallery__col\" style=\"flex-basis:100.00000%\"><figure class=\"tiled-gallery__item\"><img decoding=\"async\" data-attachment-id=\"17483\" data-permalink=\"https:\/\/www.cisa-arica.cl\/wp1\/2022\/10\/14\/jornada-de-los-kinder\/db02d74b-5623-43c9-867b-115d0e2f35f2\/\" data-orig-file=\"https:\/\/www.cisa-arica.cl\/wp1\/wp-content\/uploads\/2022\/10\/DB02D74B-5623-43C9-867B-115D0E2F35F2.jpeg\" data-orig-size=\"1280,576\" data-comments-opened=\"0\" data-image-meta=\"{&quot;aperture&quot;:&quot;0&quot;,&quot;credit&quot;:&quot;&quot;,&quot;camera&quot;:&quot;&quot;,&quot;caption&quot;:&quot;&quot;,&quot;created_timestamp&quot;:&quot;0&quot;,&quot;copyright&quot;:&quot;&quot;,&quot;focal_length&quot;:&quot;0&quot;,&quot;iso&quot;:&quot;0&quot;,&quot;shutter_speed&quot;:&quot;0&quot;,&quot;title&quot;:&quot;&quot;,&quot;orientation&quot;:&quot;0&quot;}\" data-image-title=\"DB02D74B-5623-43C9-867B-115D0E2F35F2\" data-image-description=\"\" data-image-caption=\"\" data-large-file=\"https:\/\/www.cisa-arica.cl\/wp1\/wp-content\/uploads\/2022\/10\/DB02D74B-5623-43C9-867B-115D0E2F35F2-600x270.jpeg\" data-attachment-id=\"17483\" data-permalink=\"https:\/\/www.cisa-arica.cl\/wp1\/2022\/10\/14\/jornada-de-los-kinder\/db02d74b-5623-43c9-867b-115d0e2f35f2\/\" data-orig-file=\"https:\/\/www.cisa-arica.cl\/wp1\/wp-content\/uploads\/2022\/10\/DB02D74B-5623-43C9-867B-115D0E2F35F2.jpeg\" data-orig-size=\"1280,576\" data-comments-opened=\"0\" data-image-meta=\"{&quot;aperture&quot;:&quot;0&quot;,&quot;credit&quot;:&quot;&quot;,&quot;camera&quot;:&quot;&quot;,&quot;caption&quot;:&quot;&quot;,&quot;created_timestamp&quot;:&quot;0&quot;,&quot;copyright&quot;:&quot;&quot;,&quot;focal_length&quot;:&quot;0&quot;,&quot;iso&quot;:&quot;0&quot;,&quot;shutter_speed&quot;:&quot;0&quot;,&quot;title&quot;:&quot;&quot;,&quot;orientation&quot;:&quot;0&quot;}\" data-image-title=\"DB02D74B-5623-43C9-867B-115D0E2F35F2\" data-image-description=\"\" data-image-caption=\"\" data-large-file=\"https:\/\/www.cisa-arica.cl\/wp1\/wp-content\/uploads\/2022\/10\/DB02D74B-5623-43C9-867B-115D0E2F35F2-600x270.jpeg\" role=\"button\" tabindex=\"0\" aria-label=\"Abrir la imagen 12 de 12 en pantalla completa\"srcset=\"https:\/\/i2.wp.com\/www.cisa-arica.cl\/wp1\/wp-content\/uploads\/2022\/10\/DB02D74B-5623-43C9-867B-115D0E2F35F2-600x270.jpeg?strip=info&#038;w=600&#038;ssl=1 600w,https:\/\/i2.wp.com\/www.cisa-arica.cl\/wp1\/wp-content\/uploads\/2022\/10\/DB02D74B-5623-43C9-867B-115D0E2F35F2-600x270.jpeg?strip=info&#038;w=900&#038;ssl=1 900w,https:\/\/i2.wp.com\/www.cisa-arica.cl\/wp1\/wp-content\/uploads\/2022\/10\/DB02D74B-5623-43C9-867B-115D0E2F35F2-600x270.jpeg?strip=info&#038;w=1200&#038;ssl=1 1200w,https:\/\/i2.wp.com\/www.cisa-arica.cl\/wp1\/wp-content\/uploads\/2022\/10\/DB02D74B-5623-43C9-867B-115D0E2F35F2-600x270.jpeg?strip=info&#038;w=1280&#038;ssl=1 1280w\" alt=\"\" data-height=\"576\" data-id=\"17483\" data-link=\"https:\/\/www.cisa-arica.cl\/wp1\/?attachment_id=17483\" data-url=\"https:\/\/www.cisa-arica.cl\/wp1\/wp-content\/uploads\/2022\/10\/DB02D74B-5623-43C9-867B-115D0E2F35F2-600x270.jpeg\" data-width=\"1280\" src=\"https:\/\/i2.wp.com\/www.cisa-arica.cl\/wp1\/wp-content\/uploads\/2022\/10\/DB02D74B-5623-43C9-867B-115D0E2F35F2-600x270.jpeg?ssl=1\" data-amp-layout=\"responsive\"\/><\/figure><\/div><\/div><\/div><\/div>\n","protected":false},"excerpt":{"rendered":"<p>Una hermosa jornada vivieron las estudiantes de los Kinder junto a la Hermana Edith, sus educadoras y t\u00edas t\u00e9cnicos en la parcela del Colegio. En la oportunidad agradecieron a Dios por sus familias y colegio, y compartieron juegos.<\/p>\n","protected":false},"author":5,"featured_media":17479,"comment_status":"closed","ping_status":"open","sticky":false,"template":"","format":"standard","meta":{"_jetpack_memberships_contains_paid_content":false,"footnotes":"","jetpack_publicize_message":"","jetpack_publicize_feature_enabled":true,"jetpack_social_post_already_shared":true,"jetpack_social_options":{"image_generator_settings":{"template":"highway","default_image_id":0,"font":"","enabled":false},"version":2}},"categories":[5],"tags":[],"class_list":["post-17471","post","type-post","status-publish","format-standard","has-post-thumbnail","hentry","category-uncategorized"],"jetpack_publicize_connections":[],"jetpack_featured_media_url":"https:\/\/www.cisa-arica.cl\/wp1\/wp-content\/uploads\/2022\/10\/B89BCE33-519F-4568-B932-C7C4D2304641.jpeg","jetpack_sharing_enabled":true,"jetpack_shortlink":"https:\/\/wp.me\/p84wcz-4xN","jetpack-related-posts":[{"id":9269,"url":"https:\/\/www.cisa-arica.cl\/wp1\/2019\/09\/06\/jornada-de-formacion-kinder-a-y-b\/","url_meta":{"origin":17471,"position":0},"title":"Jornada de Formaci\u00f3n Kinder A y B","author":"Jeannette Rivera","date":"6 de Septiembre de 2019","format":false,"excerpt":"El pasado 03 de septiembre las peque\u00f1itas de los cursos Kinder A y B tuvieron su primera Jornada de Formaci\u00f3n y Reflexi\u00f3n a cargo de nuestro Equipo Psicosocial. En conjunto con sus educadoras y t\u00e9cnicos aprendieron sobre tem\u00e1ticas como el autocuidado y el valor de la amistad.","rel":"","context":"En &quot;Jornadas de Formaci\u00f3n&quot;","block_context":{"text":"Jornadas de Formaci\u00f3n","link":"https:\/\/www.cisa-arica.cl\/wp1\/category\/jornadas-de-formacion\/"},"img":{"alt_text":"","src":"https:\/\/i0.wp.com\/www.cisa-arica.cl\/wp1\/wp-content\/uploads\/2019\/09\/008-12.jpeg?resize=350%2C200&ssl=1","width":350,"height":200,"srcset":"https:\/\/i0.wp.com\/www.cisa-arica.cl\/wp1\/wp-content\/uploads\/2019\/09\/008-12.jpeg?resize=350%2C200&ssl=1 1x, https:\/\/i0.wp.com\/www.cisa-arica.cl\/wp1\/wp-content\/uploads\/2019\/09\/008-12.jpeg?resize=525%2C300&ssl=1 1.5x, https:\/\/i0.wp.com\/www.cisa-arica.cl\/wp1\/wp-content\/uploads\/2019\/09\/008-12.jpeg?resize=700%2C400&ssl=1 2x"},"classes":[]},{"id":9430,"url":"https:\/\/www.cisa-arica.cl\/wp1\/2019\/09\/13\/jornada-de-formacion-pre-kinder-a\/","url_meta":{"origin":17471,"position":1},"title":"Jornada de Formaci\u00f3n Pre Kinder A","author":"Jeannette Rivera","date":"13 de Septiembre de 2019","format":false,"excerpt":"El pasado 10 de septiembre nuestras alumnas m\u00e1s peque\u00f1itas del Pre Kinder A tuvieron su primera Jornada de Formaci\u00f3n y Reflexi\u00f3n a cargo de nuestro Equipo Psicosocial. En conjunto con sus educadoras y t\u00e9cnicos aprendieron sobre tem\u00e1ticas como el autocuidado y el valor de la amistad.","rel":"","context":"En &quot;galeria&quot;","block_context":{"text":"galeria","link":"https:\/\/www.cisa-arica.cl\/wp1\/category\/galeria\/"},"img":{"alt_text":"","src":"https:\/\/i0.wp.com\/www.cisa-arica.cl\/wp1\/wp-content\/uploads\/2019\/09\/001-12.jpeg?resize=350%2C200&ssl=1","width":350,"height":200,"srcset":"https:\/\/i0.wp.com\/www.cisa-arica.cl\/wp1\/wp-content\/uploads\/2019\/09\/001-12.jpeg?resize=350%2C200&ssl=1 1x, https:\/\/i0.wp.com\/www.cisa-arica.cl\/wp1\/wp-content\/uploads\/2019\/09\/001-12.jpeg?resize=525%2C300&ssl=1 1.5x, https:\/\/i0.wp.com\/www.cisa-arica.cl\/wp1\/wp-content\/uploads\/2019\/09\/001-12.jpeg?resize=700%2C400&ssl=1 2x"},"classes":[]},{"id":9896,"url":"https:\/\/www.cisa-arica.cl\/wp1\/2019\/10\/07\/jornada-de-formacion-pre-kinder-b\/","url_meta":{"origin":17471,"position":2},"title":"Jornada de Formaci\u00f3n Pre Kinder B","author":"Jeannette Rivera","date":"7 de Octubre de 2019","format":false,"excerpt":"El pasado 24 de septiembre nuestras alumnas m\u00e1s peque\u00f1itas del Pre Kinder B tuvieron su primera Jornada de Formaci\u00f3n y Reflexi\u00f3n a cargo de nuestro Equipo Psicosocial. En conjunto con sus educadoras y t\u00e9cnicos aprendieron sobre tem\u00e1ticas como el autocuidado y el valor de la amistad.","rel":"","context":"En &quot;galeria&quot;","block_context":{"text":"galeria","link":"https:\/\/www.cisa-arica.cl\/wp1\/category\/galeria\/"},"img":{"alt_text":"","src":"https:\/\/i0.wp.com\/www.cisa-arica.cl\/wp1\/wp-content\/uploads\/2019\/10\/006-4-150x150.jpeg?resize=350%2C200&ssl=1","width":350,"height":200,"srcset":"https:\/\/i0.wp.com\/www.cisa-arica.cl\/wp1\/wp-content\/uploads\/2019\/10\/006-4-150x150.jpeg?resize=350%2C200&ssl=1 1x, https:\/\/i0.wp.com\/www.cisa-arica.cl\/wp1\/wp-content\/uploads\/2019\/10\/006-4-150x150.jpeg?resize=525%2C300&ssl=1 1.5x, https:\/\/i0.wp.com\/www.cisa-arica.cl\/wp1\/wp-content\/uploads\/2019\/10\/006-4-150x150.jpeg?resize=700%2C400&ssl=1 2x"},"classes":[]},{"id":24199,"url":"https:\/\/www.cisa-arica.cl\/wp1\/2023\/12\/16\/graduacion-del-kinder-a-2023\/","url_meta":{"origin":17471,"position":3},"title":"Graduaci\u00f3n del Kinder A 2023","author":"Jeannette Rivera","date":"16 de Diciembre de 2023","format":false,"excerpt":"El pasado jueves 13 de Diciembre, las m\u00e1s peque\u00f1itas del colegio, tuvieron su graduaci\u00f3n del K\u00ednder, ceremonia que se realiz\u00f3 en el Patio de Honor de nuestro colegio.. En la oportunidad las estudiantes fueron acompa\u00f1adas por la Comunidad Educativa y sus familias.","rel":"","context":"Entrada similar ","block_context":{"text":"Entrada similar ","link":""},"img":{"alt_text":"","src":"https:\/\/i0.wp.com\/www.cisa-arica.cl\/wp1\/wp-content\/uploads\/2023\/12\/DSC1067-scaled.jpg?resize=350%2C200&ssl=1","width":350,"height":200,"srcset":"https:\/\/i0.wp.com\/www.cisa-arica.cl\/wp1\/wp-content\/uploads\/2023\/12\/DSC1067-scaled.jpg?resize=350%2C200&ssl=1 1x, https:\/\/i0.wp.com\/www.cisa-arica.cl\/wp1\/wp-content\/uploads\/2023\/12\/DSC1067-scaled.jpg?resize=525%2C300&ssl=1 1.5x, https:\/\/i0.wp.com\/www.cisa-arica.cl\/wp1\/wp-content\/uploads\/2023\/12\/DSC1067-scaled.jpg?resize=700%2C400&ssl=1 2x, https:\/\/i0.wp.com\/www.cisa-arica.cl\/wp1\/wp-content\/uploads\/2023\/12\/DSC1067-scaled.jpg?resize=1050%2C600&ssl=1 3x, https:\/\/i0.wp.com\/www.cisa-arica.cl\/wp1\/wp-content\/uploads\/2023\/12\/DSC1067-scaled.jpg?resize=1400%2C800&ssl=1 4x"},"classes":[]},{"id":14599,"url":"https:\/\/www.cisa-arica.cl\/wp1\/2021\/12\/23\/graduacion-kinder-a\/","url_meta":{"origin":17471,"position":4},"title":"Graduaci\u00f3n Kinder A","author":"CISA","date":"23 de Diciembre de 2021","format":false,"excerpt":"Estimada Comunidad Educativa: El pasado mi\u00e9rcoles 22 de diciembre el Kinder A tuvo su ceremonia de graduaci\u00f3n, donde nuestras alumnas m\u00e1s peque\u00f1as acompa\u00f1adas de sus seres queridos celebraron su paso a la Educaci\u00f3n B\u00e1sica. \u00a1Felicitaciones! Colegio Italiano Santa Ana","rel":"","context":"Entrada similar ","block_context":{"text":"Entrada similar ","link":""},"img":{"alt_text":"","src":"https:\/\/i0.wp.com\/www.cisa-arica.cl\/wp1\/wp-content\/uploads\/2021\/12\/DSC_3912.jpg?resize=350%2C200&ssl=1","width":350,"height":200,"srcset":"https:\/\/i0.wp.com\/www.cisa-arica.cl\/wp1\/wp-content\/uploads\/2021\/12\/DSC_3912.jpg?resize=350%2C200&ssl=1 1x, https:\/\/i0.wp.com\/www.cisa-arica.cl\/wp1\/wp-content\/uploads\/2021\/12\/DSC_3912.jpg?resize=525%2C300&ssl=1 1.5x, https:\/\/i0.wp.com\/www.cisa-arica.cl\/wp1\/wp-content\/uploads\/2021\/12\/DSC_3912.jpg?resize=700%2C400&ssl=1 2x, https:\/\/i0.wp.com\/www.cisa-arica.cl\/wp1\/wp-content\/uploads\/2021\/12\/DSC_3912.jpg?resize=1050%2C600&ssl=1 3x, https:\/\/i0.wp.com\/www.cisa-arica.cl\/wp1\/wp-content\/uploads\/2021\/12\/DSC_3912.jpg?resize=1400%2C800&ssl=1 4x"},"classes":[]},{"id":14676,"url":"https:\/\/www.cisa-arica.cl\/wp1\/2021\/12\/23\/graduacion-kinder-b\/","url_meta":{"origin":17471,"position":5},"title":"Graduaci\u00f3n Kinder B","author":"CISA","date":"23 de Diciembre de 2021","format":false,"excerpt":"Estimada Comunidad Educativa: Felicitamos a nuestras alumnas del Kinder B, quienes celebraron su graduaci\u00f3n de Educaci\u00f3n Parvularia y su paso a la Educaci\u00f3n B\u00e1sica el pasado Jueves 23 de diciembre, en una ceremonia acompa\u00f1adas de sus padres y seres queridos. \u00a1Felicitaciones! Colegio Italiano Santa Ana","rel":"","context":"Entrada similar ","block_context":{"text":"Entrada similar ","link":""},"img":{"alt_text":"","src":"https:\/\/i0.wp.com\/www.cisa-arica.cl\/wp1\/wp-content\/uploads\/2021\/12\/DSC_4002.jpg?resize=350%2C200&ssl=1","width":350,"height":200,"srcset":"https:\/\/i0.wp.com\/www.cisa-arica.cl\/wp1\/wp-content\/uploads\/2021\/12\/DSC_4002.jpg?resize=350%2C200&ssl=1 1x, https:\/\/i0.wp.com\/www.cisa-arica.cl\/wp1\/wp-content\/uploads\/2021\/12\/DSC_4002.jpg?resize=525%2C300&ssl=1 1.5x, https:\/\/i0.wp.com\/www.cisa-arica.cl\/wp1\/wp-content\/uploads\/2021\/12\/DSC_4002.jpg?resize=700%2C400&ssl=1 2x, https:\/\/i0.wp.com\/www.cisa-arica.cl\/wp1\/wp-content\/uploads\/2021\/12\/DSC_4002.jpg?resize=1050%2C600&ssl=1 3x, https:\/\/i0.wp.com\/www.cisa-arica.cl\/wp1\/wp-content\/uploads\/2021\/12\/DSC_4002.jpg?resize=1400%2C800&ssl=1 4x"},"classes":[]}],"_links":{"self":[{"href":"https:\/\/www.cisa-arica.cl\/wp1\/wp-json\/wp\/v2\/posts\/17471","targetHints":{"allow":["GET"]}}],"collection":[{"href":"https:\/\/www.cisa-arica.cl\/wp1\/wp-json\/wp\/v2\/posts"}],"about":[{"href":"https:\/\/www.cisa-arica.cl\/wp1\/wp-json\/wp\/v2\/types\/post"}],"author":[{"embeddable":true,"href":"https:\/\/www.cisa-arica.cl\/wp1\/wp-json\/wp\/v2\/users\/5"}],"replies":[{"embeddable":true,"href":"https:\/\/www.cisa-arica.cl\/wp1\/wp-json\/wp\/v2\/comments?post=17471"}],"version-history":[{"count":2,"href":"https:\/\/www.cisa-arica.cl\/wp1\/wp-json\/wp\/v2\/posts\/17471\/revisions"}],"predecessor-version":[{"id":17486,"href":"https:\/\/www.cisa-arica.cl\/wp1\/wp-json\/wp\/v2\/posts\/17471\/revisions\/17486"}],"wp:featuredmedia":[{"embeddable":true,"href":"https:\/\/www.cisa-arica.cl\/wp1\/wp-json\/wp\/v2\/media\/17479"}],"wp:attachment":[{"href":"https:\/\/www.cisa-arica.cl\/wp1\/wp-json\/wp\/v2\/media?parent=17471"}],"wp:term":[{"taxonomy":"category","embeddable":true,"href":"https:\/\/www.cisa-arica.cl\/wp1\/wp-json\/wp\/v2\/categories?post=17471"},{"taxonomy":"post_tag","embeddable":true,"href":"https:\/\/www.cisa-arica.cl\/wp1\/wp-json\/wp\/v2\/tags?post=17471"}],"curies":[{"name":"wp","href":"https:\/\/api.w.org\/{rel}","templated":true}]}}