{"id":17013,"date":"2022-08-19T20:01:17","date_gmt":"2022-08-20T00:01:17","guid":{"rendered":"https:\/\/www.cisa-arica.cl\/wp1\/?p=17013"},"modified":"2022-08-20T10:00:04","modified_gmt":"2022-08-20T14:00:04","slug":"pesquisas-oftalmologica-y-auditiva","status":"publish","type":"post","link":"https:\/\/www.cisa-arica.cl\/wp1\/2022\/08\/19\/pesquisas-oftalmologica-y-auditiva\/","title":{"rendered":"Pesquisas Oftalmol\u00f3gica y Auditiva"},"content":{"rendered":"<p>Se informa que se realizar\u00e1n pesquisas Oftalmol\u00f3gica y Auditiva en el colegio.<\/p>\n<p><strong>Evaluaci\u00f3n Oftalmol\u00f3gica<\/strong>: Martes 23 y Mi\u00e9rcoles 24 de Agosto para los siguientes cursos focalizados: PREKINDER, KINDER, PRIMEROS B\u00c1SICOS Y SEXTOS B\u00c1SICOS.<\/p>\n<p><strong>Evaluaci\u00f3n Auditiva<\/strong>: Viernes 02 de Septiembre para los siguientes cursos focalizados: PREKINDER, KINDER. Aquellas estudiantes de Primero B\u00e1sico que requieran una evaluaci\u00f3n auditiva deber\u00e1n solicitarla mediante su profesora jefe.<\/p>\n<p><img loading=\"lazy\" decoding=\"async\" data-attachment-id=\"17014\" data-permalink=\"https:\/\/www.cisa-arica.cl\/wp1\/2022\/08\/19\/pesquisas-oftalmologica-y-auditiva\/afiche-ev-oftalmologica\/\" data-orig-file=\"https:\/\/www.cisa-arica.cl\/wp1\/wp-content\/uploads\/2022\/08\/Afiche-Ev.-Oftalmologica.jpg\" data-orig-size=\"1080,1080\" data-comments-opened=\"0\" data-image-meta=\"{&quot;aperture&quot;:&quot;0&quot;,&quot;credit&quot;:&quot;&quot;,&quot;camera&quot;:&quot;&quot;,&quot;caption&quot;:&quot;&quot;,&quot;created_timestamp&quot;:&quot;0&quot;,&quot;copyright&quot;:&quot;&quot;,&quot;focal_length&quot;:&quot;0&quot;,&quot;iso&quot;:&quot;0&quot;,&quot;shutter_speed&quot;:&quot;0&quot;,&quot;title&quot;:&quot;&quot;,&quot;orientation&quot;:&quot;0&quot;}\" data-image-title=\"Afiche Ev. Oftalmol\u00f3gica\" data-image-description=\"\" data-image-caption=\"\" data-large-file=\"https:\/\/www.cisa-arica.cl\/wp1\/wp-content\/uploads\/2022\/08\/Afiche-Ev.-Oftalmologica-600x600.jpg\" class=\"alignnone size-medium wp-image-17014\" src=\"http:\/\/www.cisa-arica.cl\/wp1\/wp-content\/uploads\/2022\/08\/Afiche-Ev.-Oftalmologica-300x300.jpg\" alt=\"\" width=\"300\" height=\"300\" srcset=\"https:\/\/www.cisa-arica.cl\/wp1\/wp-content\/uploads\/2022\/08\/Afiche-Ev.-Oftalmologica-300x300.jpg 300w, https:\/\/www.cisa-arica.cl\/wp1\/wp-content\/uploads\/2022\/08\/Afiche-Ev.-Oftalmologica-600x600.jpg 600w, https:\/\/www.cisa-arica.cl\/wp1\/wp-content\/uploads\/2022\/08\/Afiche-Ev.-Oftalmologica-150x150.jpg 150w, https:\/\/www.cisa-arica.cl\/wp1\/wp-content\/uploads\/2022\/08\/Afiche-Ev.-Oftalmologica-768x768.jpg 768w, https:\/\/www.cisa-arica.cl\/wp1\/wp-content\/uploads\/2022\/08\/Afiche-Ev.-Oftalmologica.jpg 1080w\" sizes=\"auto, (max-width: 300px) 100vw, 300px\" \/> <img loading=\"lazy\" decoding=\"async\" data-attachment-id=\"17015\" data-permalink=\"https:\/\/www.cisa-arica.cl\/wp1\/2022\/08\/19\/pesquisas-oftalmologica-y-auditiva\/afiche-ev-auditiva\/\" data-orig-file=\"https:\/\/www.cisa-arica.cl\/wp1\/wp-content\/uploads\/2022\/08\/Afiche-Ev.-Auditiva.jpg\" data-orig-size=\"1080,1080\" data-comments-opened=\"0\" data-image-meta=\"{&quot;aperture&quot;:&quot;0&quot;,&quot;credit&quot;:&quot;&quot;,&quot;camera&quot;:&quot;&quot;,&quot;caption&quot;:&quot;&quot;,&quot;created_timestamp&quot;:&quot;0&quot;,&quot;copyright&quot;:&quot;&quot;,&quot;focal_length&quot;:&quot;0&quot;,&quot;iso&quot;:&quot;0&quot;,&quot;shutter_speed&quot;:&quot;0&quot;,&quot;title&quot;:&quot;&quot;,&quot;orientation&quot;:&quot;0&quot;}\" data-image-title=\"Afiche Ev. Auditiva\" data-image-description=\"\" data-image-caption=\"\" data-large-file=\"https:\/\/www.cisa-arica.cl\/wp1\/wp-content\/uploads\/2022\/08\/Afiche-Ev.-Auditiva-600x600.jpg\" class=\"alignnone size-medium wp-image-17015\" src=\"http:\/\/www.cisa-arica.cl\/wp1\/wp-content\/uploads\/2022\/08\/Afiche-Ev.-Auditiva-300x300.jpg\" alt=\"\" width=\"300\" height=\"300\" srcset=\"https:\/\/www.cisa-arica.cl\/wp1\/wp-content\/uploads\/2022\/08\/Afiche-Ev.-Auditiva-300x300.jpg 300w, https:\/\/www.cisa-arica.cl\/wp1\/wp-content\/uploads\/2022\/08\/Afiche-Ev.-Auditiva-600x600.jpg 600w, https:\/\/www.cisa-arica.cl\/wp1\/wp-content\/uploads\/2022\/08\/Afiche-Ev.-Auditiva-150x150.jpg 150w, https:\/\/www.cisa-arica.cl\/wp1\/wp-content\/uploads\/2022\/08\/Afiche-Ev.-Auditiva-768x768.jpg 768w, https:\/\/www.cisa-arica.cl\/wp1\/wp-content\/uploads\/2022\/08\/Afiche-Ev.-Auditiva.jpg 1080w\" sizes=\"auto, (max-width: 300px) 100vw, 300px\" \/><\/p>\n","protected":false},"excerpt":{"rendered":"<p>Se informa que se realizar\u00e1n pesquisas Oftalmol\u00f3gica y Auditiva en el colegio. Evaluaci\u00f3n Oftalmol\u00f3gica: Martes 23 y Mi\u00e9rcoles 24 de Agosto para los siguientes cursos focalizados: PREKINDER, KINDER, PRIMEROS B\u00c1SICOS Y SEXTOS B\u00c1SICOS. Evaluaci\u00f3n Auditiva: Viernes 02 de Septiembre para los siguientes cursos focalizados: PREKINDER, KINDER. Aquellas estudiantes de Primero B\u00e1sico que requieran una evaluaci\u00f3n <a class=\"read-more\" href=\"https:\/\/www.cisa-arica.cl\/wp1\/2022\/08\/19\/pesquisas-oftalmologica-y-auditiva\/\">Continuar leyendo<\/a><\/p>\n","protected":false},"author":5,"featured_media":17014,"comment_status":"closed","ping_status":"open","sticky":false,"template":"","format":"standard","meta":{"_jetpack_memberships_contains_paid_content":false,"footnotes":"","jetpack_publicize_message":"","jetpack_publicize_feature_enabled":true,"jetpack_social_post_already_shared":true,"jetpack_social_options":{"image_generator_settings":{"template":"highway","default_image_id":0,"font":"","enabled":false},"version":2}},"categories":[5],"tags":[],"class_list":["post-17013","post","type-post","status-publish","format-standard","has-post-thumbnail","hentry","category-uncategorized"],"jetpack_publicize_connections":[],"jetpack_featured_media_url":"https:\/\/www.cisa-arica.cl\/wp1\/wp-content\/uploads\/2022\/08\/Afiche-Ev.-Oftalmologica.jpg","jetpack_sharing_enabled":true,"jetpack_shortlink":"https:\/\/wp.me\/p84wcz-4qp","jetpack-related-posts":[{"id":12623,"url":"https:\/\/www.cisa-arica.cl\/wp1\/2021\/06\/08\/programa-de-salud-de-la-estudiante-junaeb\/","url_meta":{"origin":17013,"position":0},"title":"Programa de Salud Estudiante JUNAEB","author":"CISA","date":"8 de Junio de 2021","format":false,"excerpt":"Estimada comunidad educativa: Esperando se encuentren todos muy bien, queremos comunicarles que durante el mi\u00e9rcoles 09 y jueves 10 de junio se llevar\u00e1 a cabo la evaluaci\u00f3n m\u00e9dica del Programa de Salud del Estudiante de JUNAEB. Desde las 15:00 hasta las 17:00 horas (ambos d\u00edas) el ingreso al establecimiento ser\u00e1\u2026","rel":"","context":"Entrada similar ","block_context":{"text":"Entrada similar ","link":""},"img":{"alt_text":"","src":"https:\/\/i0.wp.com\/www.cisa-arica.cl\/wp1\/wp-content\/uploads\/2021\/06\/img_8476.jpg?resize=350%2C200&ssl=1","width":350,"height":200,"srcset":"https:\/\/i0.wp.com\/www.cisa-arica.cl\/wp1\/wp-content\/uploads\/2021\/06\/img_8476.jpg?resize=350%2C200&ssl=1 1x, https:\/\/i0.wp.com\/www.cisa-arica.cl\/wp1\/wp-content\/uploads\/2021\/06\/img_8476.jpg?resize=525%2C300&ssl=1 1.5x, https:\/\/i0.wp.com\/www.cisa-arica.cl\/wp1\/wp-content\/uploads\/2021\/06\/img_8476.jpg?resize=700%2C400&ssl=1 2x"},"classes":[]},{"id":12153,"url":"https:\/\/www.cisa-arica.cl\/wp1\/2021\/03\/29\/pesquisa-programa-salud-estudiante-junaeb\/","url_meta":{"origin":17013,"position":1},"title":"Pesquisa Programa Salud Estudiante JUNAEB","author":"cisa","date":"29 de Marzo de 2021","format":false,"excerpt":"Estimados padres, madres y apoderados, esperando se\u00a0encuentren todos muy bien, les comunicamos que debido a las condiciones sanitarias en las que nos encontramos, no podremos llevar a cabo las pesquisas del programa de salud del estudiante que entrega JUNAEB dentro del establecimiento educacional, programa que entrega cobertura en \u00e1reas de\u2026","rel":"","context":"Entrada similar ","block_context":{"text":"Entrada similar ","link":""},"img":{"alt_text":"","src":"https:\/\/i0.wp.com\/www.cisa-arica.cl\/wp1\/wp-content\/uploads\/2021\/03\/Encuesta-Programa-de-Salud.png?resize=350%2C200&ssl=1","width":350,"height":200,"srcset":"https:\/\/i0.wp.com\/www.cisa-arica.cl\/wp1\/wp-content\/uploads\/2021\/03\/Encuesta-Programa-de-Salud.png?resize=350%2C200&ssl=1 1x, https:\/\/i0.wp.com\/www.cisa-arica.cl\/wp1\/wp-content\/uploads\/2021\/03\/Encuesta-Programa-de-Salud.png?resize=525%2C300&ssl=1 1.5x, https:\/\/i0.wp.com\/www.cisa-arica.cl\/wp1\/wp-content\/uploads\/2021\/03\/Encuesta-Programa-de-Salud.png?resize=700%2C400&ssl=1 2x, https:\/\/i0.wp.com\/www.cisa-arica.cl\/wp1\/wp-content\/uploads\/2021\/03\/Encuesta-Programa-de-Salud.png?resize=1050%2C600&ssl=1 3x, https:\/\/i0.wp.com\/www.cisa-arica.cl\/wp1\/wp-content\/uploads\/2021\/03\/Encuesta-Programa-de-Salud.png?resize=1400%2C800&ssl=1 4x"},"classes":[]},{"id":16944,"url":"https:\/\/www.cisa-arica.cl\/wp1\/2022\/08\/04\/encuesta-auditiva\/","url_meta":{"origin":17013,"position":2},"title":"Encuesta Auditiva","author":"Jeannette Rivera","date":"4 de Agosto de 2022","format":false,"excerpt":"Se recuerda a los apoderados de Prekinder, Kinder y Primeros B\u00e1sicos que deben responder la encuesta enviada a los correos institucionales sobre posibles problemas auditivos en las estudiantes. El plazo se cierra el 05 de Agosto. .","rel":"","context":"Entrada similar ","block_context":{"text":"Entrada similar ","link":""},"img":{"alt_text":"","src":"https:\/\/i0.wp.com\/www.cisa-arica.cl\/wp1\/wp-content\/uploads\/2022\/08\/WhatsApp-Image-2022-08-04-at-3.58.50-PM.jpeg?resize=350%2C200&ssl=1","width":350,"height":200,"srcset":"https:\/\/i0.wp.com\/www.cisa-arica.cl\/wp1\/wp-content\/uploads\/2022\/08\/WhatsApp-Image-2022-08-04-at-3.58.50-PM.jpeg?resize=350%2C200&ssl=1 1x, https:\/\/i0.wp.com\/www.cisa-arica.cl\/wp1\/wp-content\/uploads\/2022\/08\/WhatsApp-Image-2022-08-04-at-3.58.50-PM.jpeg?resize=525%2C300&ssl=1 1.5x, https:\/\/i0.wp.com\/www.cisa-arica.cl\/wp1\/wp-content\/uploads\/2022\/08\/WhatsApp-Image-2022-08-04-at-3.58.50-PM.jpeg?resize=700%2C400&ssl=1 2x, https:\/\/i0.wp.com\/www.cisa-arica.cl\/wp1\/wp-content\/uploads\/2022\/08\/WhatsApp-Image-2022-08-04-at-3.58.50-PM.jpeg?resize=1050%2C600&ssl=1 3x, https:\/\/i0.wp.com\/www.cisa-arica.cl\/wp1\/wp-content\/uploads\/2022\/08\/WhatsApp-Image-2022-08-04-at-3.58.50-PM.jpeg?resize=1400%2C800&ssl=1 4x"},"classes":[]},{"id":7214,"url":"https:\/\/www.cisa-arica.cl\/wp1\/2019\/05\/23\/tecnologos-medicos-realizan-medicion-oftalmologica\/","url_meta":{"origin":17013,"position":3},"title":"Tecn\u00f3logos m\u00e9dicos realizan medici\u00f3n oftalmol\u00f3gica","author":"Jeannette Rivera","date":"23 de Mayo de 2019","format":false,"excerpt":"Durante la ma\u00f1ana de ayer mi\u00e9rcoles 22 de mayo todas las alumnas de Prekinder y alumnas pesquisadas de Kinder a 4\u00ba medio fueron atendidas por Tecn\u00f3logos m\u00e9dicos, los cuales realizaron una medici\u00f3n ocular y test visuales a m\u00e1s de 100 alumnas en total.","rel":"","context":"Entrada similar ","block_context":{"text":"Entrada similar ","link":""},"img":{"alt_text":"","src":"https:\/\/i0.wp.com\/www.cisa-arica.cl\/wp1\/wp-content\/uploads\/2019\/05\/IMG-20190522-WA0012.jpg?resize=350%2C200&ssl=1","width":350,"height":200,"srcset":"https:\/\/i0.wp.com\/www.cisa-arica.cl\/wp1\/wp-content\/uploads\/2019\/05\/IMG-20190522-WA0012.jpg?resize=350%2C200&ssl=1 1x, https:\/\/i0.wp.com\/www.cisa-arica.cl\/wp1\/wp-content\/uploads\/2019\/05\/IMG-20190522-WA0012.jpg?resize=525%2C300&ssl=1 1.5x, https:\/\/i0.wp.com\/www.cisa-arica.cl\/wp1\/wp-content\/uploads\/2019\/05\/IMG-20190522-WA0012.jpg?resize=700%2C400&ssl=1 2x, https:\/\/i0.wp.com\/www.cisa-arica.cl\/wp1\/wp-content\/uploads\/2019\/05\/IMG-20190522-WA0012.jpg?resize=1050%2C600&ssl=1 3x"},"classes":[]},{"id":11395,"url":"https:\/\/www.cisa-arica.cl\/wp1\/2020\/09\/03\/encuesta-de-vulnerabilidad-junaeb-2020\/","url_meta":{"origin":17013,"position":4},"title":"Encuesta de Vulnerabilidad JUNAEB 2020.","author":"Jeannette Rivera","date":"3 de Septiembre de 2020","format":false,"excerpt":"Estimada familia Santa Ana: Junto con saludar y esperando que todos se encuentren muy bien, les comentamos que ya est\u00e1 habilitada la Encuesta de Vulnerabilidad de JUNAEB, la que est\u00e1 focalizada en los niveles de Prekinder, Kinder, 1ros b\u00e1sicos, 5tos b\u00e1sicos y 1ros medios. Dicha encuesta tiene por objetivo caracterizar\u2026","rel":"","context":"Entrada similar ","block_context":{"text":"Entrada similar ","link":""},"img":{"alt_text":"","src":"https:\/\/i0.wp.com\/www.cisa-arica.cl\/wp1\/wp-content\/uploads\/2020\/09\/afiche.jpg?resize=350%2C200&ssl=1","width":350,"height":200,"srcset":"https:\/\/i0.wp.com\/www.cisa-arica.cl\/wp1\/wp-content\/uploads\/2020\/09\/afiche.jpg?resize=350%2C200&ssl=1 1x, https:\/\/i0.wp.com\/www.cisa-arica.cl\/wp1\/wp-content\/uploads\/2020\/09\/afiche.jpg?resize=525%2C300&ssl=1 1.5x"},"classes":[]},{"id":11336,"url":"https:\/\/www.cisa-arica.cl\/wp1\/2020\/08\/26\/pesquisa-oftalmologica-ajunaeb\/","url_meta":{"origin":17013,"position":5},"title":"Pesquisa Oftalmol\u00f3gica JUNAEB","author":"CISA","date":"26 de Agosto de 2020","format":false,"excerpt":"Familia Santa Ana.Esperando se encuentren todos muy bien junto a los suyos, comunicamos que el Programa de Salud del Estudiante otorgado por JUNAEB se encuentra suspendido debido al periodo de pandemia por el que atravesamos, por lo que no se han podido realizar pesquisas oftalmol\u00f3gicas, kinesiol\u00f3gicas y\/o auditivas, esperamos que\u2026","rel":"","context":"En &quot;CISA&quot;","block_context":{"text":"CISA","link":"https:\/\/www.cisa-arica.cl\/wp1\/category\/cisa\/"},"img":{"alt_text":"","src":"https:\/\/i0.wp.com\/www.cisa-arica.cl\/wp1\/wp-content\/uploads\/2020\/08\/img_2869.jpg?resize=350%2C200&ssl=1","width":350,"height":200,"srcset":"https:\/\/i0.wp.com\/www.cisa-arica.cl\/wp1\/wp-content\/uploads\/2020\/08\/img_2869.jpg?resize=350%2C200&ssl=1 1x, https:\/\/i0.wp.com\/www.cisa-arica.cl\/wp1\/wp-content\/uploads\/2020\/08\/img_2869.jpg?resize=525%2C300&ssl=1 1.5x"},"classes":[]}],"_links":{"self":[{"href":"https:\/\/www.cisa-arica.cl\/wp1\/wp-json\/wp\/v2\/posts\/17013","targetHints":{"allow":["GET"]}}],"collection":[{"href":"https:\/\/www.cisa-arica.cl\/wp1\/wp-json\/wp\/v2\/posts"}],"about":[{"href":"https:\/\/www.cisa-arica.cl\/wp1\/wp-json\/wp\/v2\/types\/post"}],"author":[{"embeddable":true,"href":"https:\/\/www.cisa-arica.cl\/wp1\/wp-json\/wp\/v2\/users\/5"}],"replies":[{"embeddable":true,"href":"https:\/\/www.cisa-arica.cl\/wp1\/wp-json\/wp\/v2\/comments?post=17013"}],"version-history":[{"count":2,"href":"https:\/\/www.cisa-arica.cl\/wp1\/wp-json\/wp\/v2\/posts\/17013\/revisions"}],"predecessor-version":[{"id":17019,"href":"https:\/\/www.cisa-arica.cl\/wp1\/wp-json\/wp\/v2\/posts\/17013\/revisions\/17019"}],"wp:featuredmedia":[{"embeddable":true,"href":"https:\/\/www.cisa-arica.cl\/wp1\/wp-json\/wp\/v2\/media\/17014"}],"wp:attachment":[{"href":"https:\/\/www.cisa-arica.cl\/wp1\/wp-json\/wp\/v2\/media?parent=17013"}],"wp:term":[{"taxonomy":"category","embeddable":true,"href":"https:\/\/www.cisa-arica.cl\/wp1\/wp-json\/wp\/v2\/categories?post=17013"},{"taxonomy":"post_tag","embeddable":true,"href":"https:\/\/www.cisa-arica.cl\/wp1\/wp-json\/wp\/v2\/tags?post=17013"}],"curies":[{"name":"wp","href":"https:\/\/api.w.org\/{rel}","templated":true}]}}