{"id":17004,"date":"2022-08-11T16:12:41","date_gmt":"2022-08-11T20:12:41","guid":{"rendered":"https:\/\/www.cisa-arica.cl\/wp1\/?p=17004"},"modified":"2022-08-19T20:05:16","modified_gmt":"2022-08-20T00:05:16","slug":"visita-al-museo-san-miguel-de-azapa","status":"publish","type":"post","link":"https:\/\/www.cisa-arica.cl\/wp1\/2022\/08\/11\/visita-al-museo-san-miguel-de-azapa\/","title":{"rendered":"Visita al Museo San Miguel de Azapa"},"content":{"rendered":"\n<p>Estudiantes del plan diferencial de Comprensi\u00f3n Hist\u00f3rica de 3\u00b0 y 4\u00b0 medio, visitaron Museo de San Miguel de Azapa y Museo Chinchorro.<\/p>\n\n\n\n<div class=\"wp-block-jetpack-tiled-gallery aligncenter is-style-rectangular\"><div class=\"tiled-gallery__gallery\"><div class=\"tiled-gallery__row\"><div class=\"tiled-gallery__col\" style=\"flex-basis:39.00531%\"><figure class=\"tiled-gallery__item\"><img decoding=\"async\" data-attachment-id=\"17005\" data-permalink=\"https:\/\/www.cisa-arica.cl\/wp1\/2022\/08\/11\/visita-al-museo-san-miguel-de-azapa\/whatsapp-image-2022-08-11-at-4-09-59-pm-2\/\" data-orig-file=\"https:\/\/www.cisa-arica.cl\/wp1\/wp-content\/uploads\/2022\/08\/WhatsApp-Image-2022-08-11-at-4.09.59-PM-2.jpeg\" data-orig-size=\"1600,1200\" data-comments-opened=\"0\" data-image-meta=\"{&quot;aperture&quot;:&quot;0&quot;,&quot;credit&quot;:&quot;&quot;,&quot;camera&quot;:&quot;&quot;,&quot;caption&quot;:&quot;&quot;,&quot;created_timestamp&quot;:&quot;0&quot;,&quot;copyright&quot;:&quot;&quot;,&quot;focal_length&quot;:&quot;0&quot;,&quot;iso&quot;:&quot;0&quot;,&quot;shutter_speed&quot;:&quot;0&quot;,&quot;title&quot;:&quot;&quot;,&quot;orientation&quot;:&quot;0&quot;}\" data-image-title=\"WhatsApp-Image-2022-08-11-at-4.09.59-PM-2\" data-image-description=\"\" data-image-caption=\"\" data-large-file=\"https:\/\/www.cisa-arica.cl\/wp1\/wp-content\/uploads\/2022\/08\/WhatsApp-Image-2022-08-11-at-4.09.59-PM-2-600x450.jpeg\" data-attachment-id=\"17005\" data-permalink=\"https:\/\/www.cisa-arica.cl\/wp1\/2022\/08\/11\/visita-al-museo-san-miguel-de-azapa\/whatsapp-image-2022-08-11-at-4-09-59-pm-2\/\" data-orig-file=\"https:\/\/www.cisa-arica.cl\/wp1\/wp-content\/uploads\/2022\/08\/WhatsApp-Image-2022-08-11-at-4.09.59-PM-2.jpeg\" data-orig-size=\"1600,1200\" data-comments-opened=\"0\" data-image-meta=\"{&quot;aperture&quot;:&quot;0&quot;,&quot;credit&quot;:&quot;&quot;,&quot;camera&quot;:&quot;&quot;,&quot;caption&quot;:&quot;&quot;,&quot;created_timestamp&quot;:&quot;0&quot;,&quot;copyright&quot;:&quot;&quot;,&quot;focal_length&quot;:&quot;0&quot;,&quot;iso&quot;:&quot;0&quot;,&quot;shutter_speed&quot;:&quot;0&quot;,&quot;title&quot;:&quot;&quot;,&quot;orientation&quot;:&quot;0&quot;}\" data-image-title=\"WhatsApp-Image-2022-08-11-at-4.09.59-PM-2\" data-image-description=\"\" data-image-caption=\"\" data-large-file=\"https:\/\/www.cisa-arica.cl\/wp1\/wp-content\/uploads\/2022\/08\/WhatsApp-Image-2022-08-11-at-4.09.59-PM-2-600x450.jpeg\" role=\"button\" tabindex=\"0\" aria-label=\"Abrir la imagen 1 de 3 en pantalla completa\"srcset=\"https:\/\/i1.wp.com\/www.cisa-arica.cl\/wp1\/wp-content\/uploads\/2022\/08\/WhatsApp-Image-2022-08-11-at-4.09.59-PM-2-600x450.jpeg?strip=info&#038;w=600&#038;ssl=1 600w,https:\/\/i1.wp.com\/www.cisa-arica.cl\/wp1\/wp-content\/uploads\/2022\/08\/WhatsApp-Image-2022-08-11-at-4.09.59-PM-2-600x450.jpeg?strip=info&#038;w=900&#038;ssl=1 900w,https:\/\/i1.wp.com\/www.cisa-arica.cl\/wp1\/wp-content\/uploads\/2022\/08\/WhatsApp-Image-2022-08-11-at-4.09.59-PM-2-600x450.jpeg?strip=info&#038;w=1200&#038;ssl=1 1200w,https:\/\/i1.wp.com\/www.cisa-arica.cl\/wp1\/wp-content\/uploads\/2022\/08\/WhatsApp-Image-2022-08-11-at-4.09.59-PM-2-600x450.jpeg?strip=info&#038;w=1500&#038;ssl=1 1500w,https:\/\/i1.wp.com\/www.cisa-arica.cl\/wp1\/wp-content\/uploads\/2022\/08\/WhatsApp-Image-2022-08-11-at-4.09.59-PM-2-600x450.jpeg?strip=info&#038;w=1600&#038;ssl=1 1600w\" alt=\"\" data-height=\"1200\" data-id=\"17005\" data-link=\"https:\/\/www.cisa-arica.cl\/wp1\/?attachment_id=17005\" data-url=\"https:\/\/www.cisa-arica.cl\/wp1\/wp-content\/uploads\/2022\/08\/WhatsApp-Image-2022-08-11-at-4.09.59-PM-2-600x450.jpeg\" data-width=\"1600\" src=\"https:\/\/i1.wp.com\/www.cisa-arica.cl\/wp1\/wp-content\/uploads\/2022\/08\/WhatsApp-Image-2022-08-11-at-4.09.59-PM-2-600x450.jpeg?ssl=1\" data-amp-layout=\"responsive\"\/><\/figure><\/div><div class=\"tiled-gallery__col\" style=\"flex-basis:21.98938%\"><figure class=\"tiled-gallery__item\"><img decoding=\"async\" data-attachment-id=\"17006\" data-permalink=\"https:\/\/www.cisa-arica.cl\/wp1\/2022\/08\/11\/visita-al-museo-san-miguel-de-azapa\/whatsapp-image-2022-08-11-at-4-09-59-pm-1\/\" data-orig-file=\"https:\/\/www.cisa-arica.cl\/wp1\/wp-content\/uploads\/2022\/08\/WhatsApp-Image-2022-08-11-at-4.09.59-PM-1.jpeg\" data-orig-size=\"1200,1600\" data-comments-opened=\"0\" data-image-meta=\"{&quot;aperture&quot;:&quot;0&quot;,&quot;credit&quot;:&quot;&quot;,&quot;camera&quot;:&quot;&quot;,&quot;caption&quot;:&quot;&quot;,&quot;created_timestamp&quot;:&quot;0&quot;,&quot;copyright&quot;:&quot;&quot;,&quot;focal_length&quot;:&quot;0&quot;,&quot;iso&quot;:&quot;0&quot;,&quot;shutter_speed&quot;:&quot;0&quot;,&quot;title&quot;:&quot;&quot;,&quot;orientation&quot;:&quot;0&quot;}\" data-image-title=\"WhatsApp-Image-2022-08-11-at-4.09.59-PM-1\" data-image-description=\"\" data-image-caption=\"\" data-large-file=\"https:\/\/www.cisa-arica.cl\/wp1\/wp-content\/uploads\/2022\/08\/WhatsApp-Image-2022-08-11-at-4.09.59-PM-1-450x600.jpeg\" data-attachment-id=\"17006\" data-permalink=\"https:\/\/www.cisa-arica.cl\/wp1\/2022\/08\/11\/visita-al-museo-san-miguel-de-azapa\/whatsapp-image-2022-08-11-at-4-09-59-pm-1\/\" data-orig-file=\"https:\/\/www.cisa-arica.cl\/wp1\/wp-content\/uploads\/2022\/08\/WhatsApp-Image-2022-08-11-at-4.09.59-PM-1.jpeg\" data-orig-size=\"1200,1600\" data-comments-opened=\"0\" data-image-meta=\"{&quot;aperture&quot;:&quot;0&quot;,&quot;credit&quot;:&quot;&quot;,&quot;camera&quot;:&quot;&quot;,&quot;caption&quot;:&quot;&quot;,&quot;created_timestamp&quot;:&quot;0&quot;,&quot;copyright&quot;:&quot;&quot;,&quot;focal_length&quot;:&quot;0&quot;,&quot;iso&quot;:&quot;0&quot;,&quot;shutter_speed&quot;:&quot;0&quot;,&quot;title&quot;:&quot;&quot;,&quot;orientation&quot;:&quot;0&quot;}\" data-image-title=\"WhatsApp-Image-2022-08-11-at-4.09.59-PM-1\" data-image-description=\"\" data-image-caption=\"\" data-large-file=\"https:\/\/www.cisa-arica.cl\/wp1\/wp-content\/uploads\/2022\/08\/WhatsApp-Image-2022-08-11-at-4.09.59-PM-1-450x600.jpeg\" role=\"button\" tabindex=\"0\" aria-label=\"Abrir la imagen 2 de 3 en pantalla completa\"srcset=\"https:\/\/i0.wp.com\/www.cisa-arica.cl\/wp1\/wp-content\/uploads\/2022\/08\/WhatsApp-Image-2022-08-11-at-4.09.59-PM-1-450x600.jpeg?strip=info&#038;w=600&#038;ssl=1 600w,https:\/\/i0.wp.com\/www.cisa-arica.cl\/wp1\/wp-content\/uploads\/2022\/08\/WhatsApp-Image-2022-08-11-at-4.09.59-PM-1-450x600.jpeg?strip=info&#038;w=900&#038;ssl=1 900w,https:\/\/i0.wp.com\/www.cisa-arica.cl\/wp1\/wp-content\/uploads\/2022\/08\/WhatsApp-Image-2022-08-11-at-4.09.59-PM-1-450x600.jpeg?strip=info&#038;w=1200&#038;ssl=1 1200w\" alt=\"\" data-height=\"1600\" data-id=\"17006\" data-link=\"https:\/\/www.cisa-arica.cl\/wp1\/?attachment_id=17006\" data-url=\"https:\/\/www.cisa-arica.cl\/wp1\/wp-content\/uploads\/2022\/08\/WhatsApp-Image-2022-08-11-at-4.09.59-PM-1-450x600.jpeg\" data-width=\"1200\" src=\"https:\/\/i0.wp.com\/www.cisa-arica.cl\/wp1\/wp-content\/uploads\/2022\/08\/WhatsApp-Image-2022-08-11-at-4.09.59-PM-1-450x600.jpeg?ssl=1\" data-amp-layout=\"responsive\"\/><\/figure><\/div><div class=\"tiled-gallery__col\" style=\"flex-basis:39.00531%\"><figure class=\"tiled-gallery__item\"><img decoding=\"async\" data-attachment-id=\"17007\" data-permalink=\"https:\/\/www.cisa-arica.cl\/wp1\/2022\/08\/11\/visita-al-museo-san-miguel-de-azapa\/whatsapp-image-2022-08-11-at-4-09-59-pm\/\" data-orig-file=\"https:\/\/www.cisa-arica.cl\/wp1\/wp-content\/uploads\/2022\/08\/WhatsApp-Image-2022-08-11-at-4.09.59-PM.jpeg\" data-orig-size=\"1600,1200\" data-comments-opened=\"0\" data-image-meta=\"{&quot;aperture&quot;:&quot;0&quot;,&quot;credit&quot;:&quot;&quot;,&quot;camera&quot;:&quot;&quot;,&quot;caption&quot;:&quot;&quot;,&quot;created_timestamp&quot;:&quot;0&quot;,&quot;copyright&quot;:&quot;&quot;,&quot;focal_length&quot;:&quot;0&quot;,&quot;iso&quot;:&quot;0&quot;,&quot;shutter_speed&quot;:&quot;0&quot;,&quot;title&quot;:&quot;&quot;,&quot;orientation&quot;:&quot;0&quot;}\" data-image-title=\"WhatsApp-Image-2022-08-11-at-4.09.59-PM\" data-image-description=\"\" data-image-caption=\"\" data-large-file=\"https:\/\/www.cisa-arica.cl\/wp1\/wp-content\/uploads\/2022\/08\/WhatsApp-Image-2022-08-11-at-4.09.59-PM-600x450.jpeg\" data-attachment-id=\"17007\" data-permalink=\"https:\/\/www.cisa-arica.cl\/wp1\/2022\/08\/11\/visita-al-museo-san-miguel-de-azapa\/whatsapp-image-2022-08-11-at-4-09-59-pm\/\" data-orig-file=\"https:\/\/www.cisa-arica.cl\/wp1\/wp-content\/uploads\/2022\/08\/WhatsApp-Image-2022-08-11-at-4.09.59-PM.jpeg\" data-orig-size=\"1600,1200\" data-comments-opened=\"0\" data-image-meta=\"{&quot;aperture&quot;:&quot;0&quot;,&quot;credit&quot;:&quot;&quot;,&quot;camera&quot;:&quot;&quot;,&quot;caption&quot;:&quot;&quot;,&quot;created_timestamp&quot;:&quot;0&quot;,&quot;copyright&quot;:&quot;&quot;,&quot;focal_length&quot;:&quot;0&quot;,&quot;iso&quot;:&quot;0&quot;,&quot;shutter_speed&quot;:&quot;0&quot;,&quot;title&quot;:&quot;&quot;,&quot;orientation&quot;:&quot;0&quot;}\" data-image-title=\"WhatsApp-Image-2022-08-11-at-4.09.59-PM\" data-image-description=\"\" data-image-caption=\"\" data-large-file=\"https:\/\/www.cisa-arica.cl\/wp1\/wp-content\/uploads\/2022\/08\/WhatsApp-Image-2022-08-11-at-4.09.59-PM-600x450.jpeg\" role=\"button\" tabindex=\"0\" aria-label=\"Abrir la imagen 3 de 3 en pantalla completa\"srcset=\"https:\/\/i1.wp.com\/www.cisa-arica.cl\/wp1\/wp-content\/uploads\/2022\/08\/WhatsApp-Image-2022-08-11-at-4.09.59-PM-600x450.jpeg?strip=info&#038;w=600&#038;ssl=1 600w,https:\/\/i1.wp.com\/www.cisa-arica.cl\/wp1\/wp-content\/uploads\/2022\/08\/WhatsApp-Image-2022-08-11-at-4.09.59-PM-600x450.jpeg?strip=info&#038;w=900&#038;ssl=1 900w,https:\/\/i1.wp.com\/www.cisa-arica.cl\/wp1\/wp-content\/uploads\/2022\/08\/WhatsApp-Image-2022-08-11-at-4.09.59-PM-600x450.jpeg?strip=info&#038;w=1200&#038;ssl=1 1200w,https:\/\/i1.wp.com\/www.cisa-arica.cl\/wp1\/wp-content\/uploads\/2022\/08\/WhatsApp-Image-2022-08-11-at-4.09.59-PM-600x450.jpeg?strip=info&#038;w=1500&#038;ssl=1 1500w,https:\/\/i1.wp.com\/www.cisa-arica.cl\/wp1\/wp-content\/uploads\/2022\/08\/WhatsApp-Image-2022-08-11-at-4.09.59-PM-600x450.jpeg?strip=info&#038;w=1600&#038;ssl=1 1600w\" alt=\"\" data-height=\"1200\" data-id=\"17007\" data-link=\"https:\/\/www.cisa-arica.cl\/wp1\/?attachment_id=17007\" data-url=\"https:\/\/www.cisa-arica.cl\/wp1\/wp-content\/uploads\/2022\/08\/WhatsApp-Image-2022-08-11-at-4.09.59-PM-600x450.jpeg\" data-width=\"1600\" src=\"https:\/\/i1.wp.com\/www.cisa-arica.cl\/wp1\/wp-content\/uploads\/2022\/08\/WhatsApp-Image-2022-08-11-at-4.09.59-PM-600x450.jpeg?ssl=1\" data-amp-layout=\"responsive\"\/><\/figure><\/div><\/div><\/div><\/div>\n","protected":false},"excerpt":{"rendered":"<p>Estudiantes del plan diferencial de Comprensi\u00f3n Hist\u00f3rica de 3\u00b0 y 4\u00b0 medio, visitaron Museo de San Miguel de Azapa y Museo Chinchorro.<\/p>\n","protected":false},"author":1,"featured_media":17006,"comment_status":"closed","ping_status":"open","sticky":false,"template":"","format":"standard","meta":{"_jetpack_memberships_contains_paid_content":false,"footnotes":"","jetpack_publicize_message":"","jetpack_publicize_feature_enabled":true,"jetpack_social_post_already_shared":true,"jetpack_social_options":{"image_generator_settings":{"template":"highway","default_image_id":0,"font":"","enabled":false},"version":2}},"categories":[5],"tags":[],"class_list":["post-17004","post","type-post","status-publish","format-standard","has-post-thumbnail","hentry","category-uncategorized"],"jetpack_publicize_connections":[],"jetpack_featured_media_url":"https:\/\/www.cisa-arica.cl\/wp1\/wp-content\/uploads\/2022\/08\/WhatsApp-Image-2022-08-11-at-4.09.59-PM-1.jpeg","jetpack_sharing_enabled":true,"jetpack_shortlink":"https:\/\/wp.me\/p84wcz-4qg","jetpack-related-posts":[{"id":29819,"url":"https:\/\/www.cisa-arica.cl\/wp1\/2026\/01\/15\/comunicado-4\/","url_meta":{"origin":17004,"position":0},"title":"Acompa\u00f1ando a Yasm\u00edn Guarachi Teller\u00eda","author":"Jeannette Rivera","date":"15 de Enero de 2026","format":false,"excerpt":"Se informa que los restos de nuestra estudiante Yasm\u00edn Guarachi Teller\u00eda se est\u00e1n velando en la capilla interna del colegio cuya entrada es por la puerta de Sotomayor. A las 20 horas de hoy jueves se realizar\u00e1 un responso. Ma\u00f1ana Viernes 16 la capilla abrir\u00e1 a las 09:00 horas y\u2026","rel":"","context":"Entrada similar ","block_context":{"text":"Entrada similar ","link":""},"img":{"alt_text":"","src":"https:\/\/i0.wp.com\/www.cisa-arica.cl\/wp1\/wp-content\/uploads\/2026\/01\/YAZMIN-GUARACHI-TELLERIA-1.png?resize=350%2C200&ssl=1","width":350,"height":200,"srcset":"https:\/\/i0.wp.com\/www.cisa-arica.cl\/wp1\/wp-content\/uploads\/2026\/01\/YAZMIN-GUARACHI-TELLERIA-1.png?resize=350%2C200&ssl=1 1x, https:\/\/i0.wp.com\/www.cisa-arica.cl\/wp1\/wp-content\/uploads\/2026\/01\/YAZMIN-GUARACHI-TELLERIA-1.png?resize=525%2C300&ssl=1 1.5x, https:\/\/i0.wp.com\/www.cisa-arica.cl\/wp1\/wp-content\/uploads\/2026\/01\/YAZMIN-GUARACHI-TELLERIA-1.png?resize=700%2C400&ssl=1 2x, https:\/\/i0.wp.com\/www.cisa-arica.cl\/wp1\/wp-content\/uploads\/2026\/01\/YAZMIN-GUARACHI-TELLERIA-1.png?resize=1050%2C600&ssl=1 3x"},"classes":[]},{"id":9950,"url":"https:\/\/www.cisa-arica.cl\/wp1\/2019\/10\/15\/visita-de-4o-medio-b-a-hogar-de-abuelitos\/","url_meta":{"origin":17004,"position":1},"title":"Visita de 4\u00ba medio B a Hogar de abuelitos","author":"Jeannette Rivera","date":"15 de Octubre de 2019","format":false,"excerpt":"El pasado viernes 11 de octubre en la \u00faltima clase de religi\u00f3n de nuestro 4\u00ba medio B, las alumnas realizaron en compa\u00f1\u00eda de la profesora Catherine Canario una \u00faltima visita y emotiva despedida a sus queridos abuelitos del Hogar de Azapa, llevando de regalo para ellos un peluche y un\u2026","rel":"","context":"En &quot;galeria&quot;","block_context":{"text":"galeria","link":"https:\/\/www.cisa-arica.cl\/wp1\/category\/galeria\/"},"img":{"alt_text":"","src":"https:\/\/i0.wp.com\/www.cisa-arica.cl\/wp1\/wp-content\/uploads\/2019\/10\/002-6.jpeg?resize=350%2C200&ssl=1","width":350,"height":200,"srcset":"https:\/\/i0.wp.com\/www.cisa-arica.cl\/wp1\/wp-content\/uploads\/2019\/10\/002-6.jpeg?resize=350%2C200&ssl=1 1x, https:\/\/i0.wp.com\/www.cisa-arica.cl\/wp1\/wp-content\/uploads\/2019\/10\/002-6.jpeg?resize=525%2C300&ssl=1 1.5x, https:\/\/i0.wp.com\/www.cisa-arica.cl\/wp1\/wp-content\/uploads\/2019\/10\/002-6.jpeg?resize=700%2C400&ssl=1 2x, https:\/\/i0.wp.com\/www.cisa-arica.cl\/wp1\/wp-content\/uploads\/2019\/10\/002-6.jpeg?resize=1050%2C600&ssl=1 3x"},"classes":[]},{"id":25374,"url":"https:\/\/www.cisa-arica.cl\/wp1\/2024\/05\/17\/visita-museo-del-mar\/","url_meta":{"origin":17004,"position":2},"title":"Visita Museo del Mar","author":"Jeannette Rivera","date":"17 de Mayo de 2024","format":false,"excerpt":"Las estudiantes y el personal de nuestro colegio tuvieron la oportunidad de visitar el Museo del Mar en las dependencias del Cra. Los encargados del museo trajeron algunas muestras de moluscos y pantallas t\u00e1ctiles para entregar informaci\u00f3n con peque\u00f1as charlas interactivas a los cursos.","rel":"","context":"Entrada similar ","block_context":{"text":"Entrada similar ","link":""},"img":{"alt_text":"","src":"https:\/\/i0.wp.com\/www.cisa-arica.cl\/wp1\/wp-content\/uploads\/2024\/05\/WhatsApp-Image-2024-05-15-at-15.58.41-4.jpeg?resize=350%2C200&ssl=1","width":350,"height":200,"srcset":"https:\/\/i0.wp.com\/www.cisa-arica.cl\/wp1\/wp-content\/uploads\/2024\/05\/WhatsApp-Image-2024-05-15-at-15.58.41-4.jpeg?resize=350%2C200&ssl=1 1x, https:\/\/i0.wp.com\/www.cisa-arica.cl\/wp1\/wp-content\/uploads\/2024\/05\/WhatsApp-Image-2024-05-15-at-15.58.41-4.jpeg?resize=525%2C300&ssl=1 1.5x, https:\/\/i0.wp.com\/www.cisa-arica.cl\/wp1\/wp-content\/uploads\/2024\/05\/WhatsApp-Image-2024-05-15-at-15.58.41-4.jpeg?resize=700%2C400&ssl=1 2x, https:\/\/i0.wp.com\/www.cisa-arica.cl\/wp1\/wp-content\/uploads\/2024\/05\/WhatsApp-Image-2024-05-15-at-15.58.41-4.jpeg?resize=1050%2C600&ssl=1 3x"},"classes":[]},{"id":21833,"url":"https:\/\/www.cisa-arica.cl\/wp1\/2023\/08\/30\/visita-al-museo-interactivo\/","url_meta":{"origin":17004,"position":3},"title":"Visita al Museo Interactivo","author":"Jeannette Rivera","date":"30 de Agosto de 2023","format":false,"excerpt":"Estudiantes de los 3\u00ba b\u00e1sicos A-B y 4\u00ba b\u00e1sicos A-B participaron del museo interactivo 7 de junio, el cual mont\u00f3 su exposici\u00f3n en el patio del segundo piso de nuestro colegio.","rel":"","context":"Entrada similar ","block_context":{"text":"Entrada similar ","link":""},"img":{"alt_text":"","src":"https:\/\/i0.wp.com\/www.cisa-arica.cl\/wp1\/wp-content\/uploads\/2023\/09\/IMG_2962-scaled.jpg?resize=350%2C200&ssl=1","width":350,"height":200,"srcset":"https:\/\/i0.wp.com\/www.cisa-arica.cl\/wp1\/wp-content\/uploads\/2023\/09\/IMG_2962-scaled.jpg?resize=350%2C200&ssl=1 1x, https:\/\/i0.wp.com\/www.cisa-arica.cl\/wp1\/wp-content\/uploads\/2023\/09\/IMG_2962-scaled.jpg?resize=525%2C300&ssl=1 1.5x, https:\/\/i0.wp.com\/www.cisa-arica.cl\/wp1\/wp-content\/uploads\/2023\/09\/IMG_2962-scaled.jpg?resize=700%2C400&ssl=1 2x, https:\/\/i0.wp.com\/www.cisa-arica.cl\/wp1\/wp-content\/uploads\/2023\/09\/IMG_2962-scaled.jpg?resize=1050%2C600&ssl=1 3x, https:\/\/i0.wp.com\/www.cisa-arica.cl\/wp1\/wp-content\/uploads\/2023\/09\/IMG_2962-scaled.jpg?resize=1400%2C800&ssl=1 4x"},"classes":[]},{"id":12582,"url":"https:\/\/www.cisa-arica.cl\/wp1\/2021\/05\/28\/dia-del-patrimonio\/","url_meta":{"origin":17004,"position":4},"title":"D\u00eda del Patrimonio","author":"Jeannette Rivera","date":"28 de Mayo de 2021","format":false,"excerpt":"Estimada Comunidad Santa Ana: Este 29 de Mayo celebramos en nuestro pa\u00eds el D\u00eda del Patrimonio, el cual incluye tanto nuestro Patrimonio Cultural como el Patrimonio Natural. El Dpto. de Historia, Geograf\u00eda y Ciencias Sociales del colegio los invita a continuar con una tradici\u00f3n relevante para las comunidades y construir\u2026","rel":"","context":"En &quot;CISA&quot;","block_context":{"text":"CISA","link":"https:\/\/www.cisa-arica.cl\/wp1\/category\/cisa\/"},"img":{"alt_text":"","src":"https:\/\/i0.wp.com\/www.cisa-arica.cl\/wp1\/wp-content\/uploads\/2021\/05\/182484217_10159127566497158_3838530157019137475_n.png?resize=350%2C200&ssl=1","width":350,"height":200,"srcset":"https:\/\/i0.wp.com\/www.cisa-arica.cl\/wp1\/wp-content\/uploads\/2021\/05\/182484217_10159127566497158_3838530157019137475_n.png?resize=350%2C200&ssl=1 1x, https:\/\/i0.wp.com\/www.cisa-arica.cl\/wp1\/wp-content\/uploads\/2021\/05\/182484217_10159127566497158_3838530157019137475_n.png?resize=525%2C300&ssl=1 1.5x, https:\/\/i0.wp.com\/www.cisa-arica.cl\/wp1\/wp-content\/uploads\/2021\/05\/182484217_10159127566497158_3838530157019137475_n.png?resize=700%2C400&ssl=1 2x"},"classes":[]},{"id":28725,"url":"https:\/\/www.cisa-arica.cl\/wp1\/2025\/06\/23\/salida-al-museo-arqueologico-8ob\/","url_meta":{"origin":17004,"position":5},"title":"Salida al Museo Arqueol\u00f3gico 8\u00baB","author":"Jeannette Rivera","date":"23 de Junio de 2025","format":false,"excerpt":"Una interesante salida pedag\u00f3gica realiz\u00f3 el 8\u00ba a\u00f1o B junto a su profesora jefe al Sitio Arqueol\u00f3gic Col\u00f3n 10.","rel":"","context":"Entrada similar ","block_context":{"text":"Entrada similar ","link":""},"img":{"alt_text":"","src":"https:\/\/i0.wp.com\/www.cisa-arica.cl\/wp1\/wp-content\/uploads\/2025\/08\/c6ce4802-a03b-459b-897f-fb1f91a25bd1.jpeg?resize=350%2C200&ssl=1","width":350,"height":200,"srcset":"https:\/\/i0.wp.com\/www.cisa-arica.cl\/wp1\/wp-content\/uploads\/2025\/08\/c6ce4802-a03b-459b-897f-fb1f91a25bd1.jpeg?resize=350%2C200&ssl=1 1x, https:\/\/i0.wp.com\/www.cisa-arica.cl\/wp1\/wp-content\/uploads\/2025\/08\/c6ce4802-a03b-459b-897f-fb1f91a25bd1.jpeg?resize=525%2C300&ssl=1 1.5x, https:\/\/i0.wp.com\/www.cisa-arica.cl\/wp1\/wp-content\/uploads\/2025\/08\/c6ce4802-a03b-459b-897f-fb1f91a25bd1.jpeg?resize=700%2C400&ssl=1 2x"},"classes":[]}],"_links":{"self":[{"href":"https:\/\/www.cisa-arica.cl\/wp1\/wp-json\/wp\/v2\/posts\/17004","targetHints":{"allow":["GET"]}}],"collection":[{"href":"https:\/\/www.cisa-arica.cl\/wp1\/wp-json\/wp\/v2\/posts"}],"about":[{"href":"https:\/\/www.cisa-arica.cl\/wp1\/wp-json\/wp\/v2\/types\/post"}],"author":[{"embeddable":true,"href":"https:\/\/www.cisa-arica.cl\/wp1\/wp-json\/wp\/v2\/users\/1"}],"replies":[{"embeddable":true,"href":"https:\/\/www.cisa-arica.cl\/wp1\/wp-json\/wp\/v2\/comments?post=17004"}],"version-history":[{"count":4,"href":"https:\/\/www.cisa-arica.cl\/wp1\/wp-json\/wp\/v2\/posts\/17004\/revisions"}],"predecessor-version":[{"id":17018,"href":"https:\/\/www.cisa-arica.cl\/wp1\/wp-json\/wp\/v2\/posts\/17004\/revisions\/17018"}],"wp:featuredmedia":[{"embeddable":true,"href":"https:\/\/www.cisa-arica.cl\/wp1\/wp-json\/wp\/v2\/media\/17006"}],"wp:attachment":[{"href":"https:\/\/www.cisa-arica.cl\/wp1\/wp-json\/wp\/v2\/media?parent=17004"}],"wp:term":[{"taxonomy":"category","embeddable":true,"href":"https:\/\/www.cisa-arica.cl\/wp1\/wp-json\/wp\/v2\/categories?post=17004"},{"taxonomy":"post_tag","embeddable":true,"href":"https:\/\/www.cisa-arica.cl\/wp1\/wp-json\/wp\/v2\/tags?post=17004"}],"curies":[{"name":"wp","href":"https:\/\/api.w.org\/{rel}","templated":true}]}}