{"id":16981,"date":"2022-08-11T11:01:15","date_gmt":"2022-08-11T15:01:15","guid":{"rendered":"https:\/\/www.cisa-arica.cl\/wp1\/?p=16981"},"modified":"2022-08-11T11:01:15","modified_gmt":"2022-08-11T15:01:15","slug":"condolencias-13","status":"publish","type":"post","link":"https:\/\/www.cisa-arica.cl\/wp1\/2022\/08\/11\/condolencias-13\/","title":{"rendered":"Condolencias"},"content":{"rendered":"<p>La comunidad Educativa Colegio Italiano Santa Ana, con profundo sentimiento de dolor, acompa\u00f1a con mucho cari\u00f1o a nuestra querida profesora Ximena Vera Vergara, ante el sensible fallecimiento de su mam\u00e1, Do\u00f1a Graciela Vergara Q.E.P.D.<br \/>\nQue la misericordia de Dios llegue al coraz\u00f3n de nuestra querida profesora entregando resignaci\u00f3n y fortaleza ante su irreparable p\u00e9rdida.<\/p>\n<p>Colegio Italiano Santa Ana<\/p>\n","protected":false},"excerpt":{"rendered":"<p>La comunidad Educativa Colegio Italiano Santa Ana, con profundo sentimiento de dolor, acompa\u00f1a con mucho cari\u00f1o a nuestra querida profesora Ximena Vera Vergara, ante el sensible fallecimiento de su mam\u00e1, Do\u00f1a Graciela Vergara Q.E.P.D. Que la misericordia de Dios llegue al coraz\u00f3n de nuestra querida profesora entregando resignaci\u00f3n y fortaleza ante su irreparable p\u00e9rdida. Colegio <a class=\"read-more\" href=\"https:\/\/www.cisa-arica.cl\/wp1\/2022\/08\/11\/condolencias-13\/\">Continuar leyendo<\/a><\/p>\n","protected":false},"author":5,"featured_media":11514,"comment_status":"closed","ping_status":"open","sticky":false,"template":"","format":"standard","meta":{"_jetpack_memberships_contains_paid_content":false,"footnotes":"","jetpack_publicize_message":"","jetpack_publicize_feature_enabled":true,"jetpack_social_post_already_shared":true,"jetpack_social_options":{"image_generator_settings":{"template":"highway","default_image_id":0,"font":"","enabled":false},"version":2}},"categories":[5],"tags":[],"class_list":["post-16981","post","type-post","status-publish","format-standard","has-post-thumbnail","hentry","category-uncategorized"],"jetpack_publicize_connections":[],"jetpack_featured_media_url":"https:\/\/www.cisa-arica.cl\/wp1\/wp-content\/uploads\/2020\/09\/condolencias.png","jetpack_sharing_enabled":true,"jetpack_shortlink":"https:\/\/wp.me\/p84wcz-4pT","jetpack-related-posts":[{"id":15484,"url":"https:\/\/www.cisa-arica.cl\/wp1\/2022\/04\/29\/condolencias-12\/","url_meta":{"origin":16981,"position":0},"title":"Condolencias","author":"Jeannette Rivera","date":"29 de Abril de 2022","format":false,"excerpt":"La comunidad Educativa del Colegio Italiano Santa Ana con profundo sentimiento de dolor, acompa\u00f1a con mucho cari\u00f1o a nuestra querida profesora Marisol Morales Catacora, ante el sensible fallecimiento de su esposo, Don William Rafael Bijman L\u00f3pez Q.E.P.D. Que la misericordia de Dios llegue al coraz\u00f3n de Marisol, sus dos hijas\u2026","rel":"","context":"Entrada similar ","block_context":{"text":"Entrada similar ","link":""},"img":{"alt_text":"","src":"https:\/\/i0.wp.com\/www.cisa-arica.cl\/wp1\/wp-content\/uploads\/2020\/09\/condolencias.png?resize=350%2C200&ssl=1","width":350,"height":200,"srcset":"https:\/\/i0.wp.com\/www.cisa-arica.cl\/wp1\/wp-content\/uploads\/2020\/09\/condolencias.png?resize=350%2C200&ssl=1 1x, https:\/\/i0.wp.com\/www.cisa-arica.cl\/wp1\/wp-content\/uploads\/2020\/09\/condolencias.png?resize=525%2C300&ssl=1 1.5x"},"classes":[]},{"id":13093,"url":"https:\/\/www.cisa-arica.cl\/wp1\/2021\/09\/07\/condolencias-10\/","url_meta":{"origin":16981,"position":1},"title":"Condolencias","author":"Jeannette Rivera","date":"7 de Septiembre de 2021","format":false,"excerpt":"La comunidad Educativa del Colegio Italiano Santa Ana acompa\u00f1a con mucho cari\u00f1o a nuestra querida profesora Fanny Cort\u00e9s Gatica, tras el sensible fallecimiento de su padre: + Luis Cort\u00e9s Ogalde\u00a0 Q.E.P.D. Sabemos que en estos momentos el dolor es inminente y que su partida deja un gran vac\u00edo en sus\u2026","rel":"","context":"Entrada similar ","block_context":{"text":"Entrada similar ","link":""},"img":{"alt_text":"","src":"https:\/\/i0.wp.com\/www.cisa-arica.cl\/wp1\/wp-content\/uploads\/2020\/09\/condolencias.png?resize=350%2C200&ssl=1","width":350,"height":200,"srcset":"https:\/\/i0.wp.com\/www.cisa-arica.cl\/wp1\/wp-content\/uploads\/2020\/09\/condolencias.png?resize=350%2C200&ssl=1 1x, https:\/\/i0.wp.com\/www.cisa-arica.cl\/wp1\/wp-content\/uploads\/2020\/09\/condolencias.png?resize=525%2C300&ssl=1 1.5x"},"classes":[]},{"id":11173,"url":"https:\/\/www.cisa-arica.cl\/wp1\/2020\/07\/30\/condolencias-4\/","url_meta":{"origin":16981,"position":2},"title":"Condolencias","author":"CISA","date":"30 de Julio de 2020","format":false,"excerpt":"La Comunidad Educativa del nuestro Colegio Italiano Santa Ana se suma en oraci\u00f3n por el eterno descanso de PAUL RAM\u00cdREZ CHANG.Hermano de nuestra querida profesora Elizabeth Ram\u00edrez, a qui\u00e9n acompa\u00f1amos con especial cari\u00f1o. Que Dios de misericordia y amor acoja en sus manos amorosas a quien ha llamado de esta\u2026","rel":"","context":"Entrada similar ","block_context":{"text":"Entrada similar ","link":""},"img":{"alt_text":"","src":"https:\/\/i0.wp.com\/www.cisa-arica.cl\/wp1\/wp-content\/uploads\/2020\/07\/4b5de357-5dc5-487c-b492-eb115ba7decc.png?resize=350%2C200&ssl=1","width":350,"height":200,"srcset":"https:\/\/i0.wp.com\/www.cisa-arica.cl\/wp1\/wp-content\/uploads\/2020\/07\/4b5de357-5dc5-487c-b492-eb115ba7decc.png?resize=350%2C200&ssl=1 1x, https:\/\/i0.wp.com\/www.cisa-arica.cl\/wp1\/wp-content\/uploads\/2020\/07\/4b5de357-5dc5-487c-b492-eb115ba7decc.png?resize=525%2C300&ssl=1 1.5x, https:\/\/i0.wp.com\/www.cisa-arica.cl\/wp1\/wp-content\/uploads\/2020\/07\/4b5de357-5dc5-487c-b492-eb115ba7decc.png?resize=700%2C400&ssl=1 2x, https:\/\/i0.wp.com\/www.cisa-arica.cl\/wp1\/wp-content\/uploads\/2020\/07\/4b5de357-5dc5-487c-b492-eb115ba7decc.png?resize=1050%2C600&ssl=1 3x"},"classes":[]},{"id":27938,"url":"https:\/\/www.cisa-arica.cl\/wp1\/2024\/12\/24\/saludo-navideno-a-la-comunidad-educativa\/","url_meta":{"origin":16981,"position":3},"title":"Saludo Navide\u00f1o a la Comunidad Educativa","author":"Jeannette Rivera","date":"24 de Diciembre de 2024","format":false,"excerpt":"Querida comunidad educativa del Colegio Italiano Santa Ana: En esta Navidad, queremos compartir con todos ustedes un mensaje lleno de esperanza, amor y gratitud, principios fundamentales que nos inspiran a seguir creciendo como comunidad. Santa Ana, nuestra patrona, nos invita a ser portadores de valores que fortalecen nuestra unidad y\u2026","rel":"","context":"Entrada similar ","block_context":{"text":"Entrada similar ","link":""},"img":{"alt_text":"","src":"https:\/\/i0.wp.com\/www.cisa-arica.cl\/wp1\/wp-content\/uploads\/2024\/12\/IMG_2915.webp?resize=350%2C200&ssl=1","width":350,"height":200,"srcset":"https:\/\/i0.wp.com\/www.cisa-arica.cl\/wp1\/wp-content\/uploads\/2024\/12\/IMG_2915.webp?resize=350%2C200&ssl=1 1x, https:\/\/i0.wp.com\/www.cisa-arica.cl\/wp1\/wp-content\/uploads\/2024\/12\/IMG_2915.webp?resize=525%2C300&ssl=1 1.5x, https:\/\/i0.wp.com\/www.cisa-arica.cl\/wp1\/wp-content\/uploads\/2024\/12\/IMG_2915.webp?resize=700%2C400&ssl=1 2x"},"classes":[]},{"id":11513,"url":"https:\/\/www.cisa-arica.cl\/wp1\/2020\/09\/23\/condolencias-7\/","url_meta":{"origin":16981,"position":4},"title":"Condolencias","author":"Jeannette Rivera","date":"23 de Septiembre de 2020","format":false,"excerpt":"Estimada Familia Santa Ana: Nuestra Comunidad Educativa \"Colegio Italiano Santa Ana\" se une en oraci\u00f3n por el descanso eterno de: Gabriela Nazaret Rivera Olivares (Q.E.P.D.) ex alumna de nuestro colegio y hermana de nuestra estudiante de 2 Medio A, Martina Pimentel. Confiados en las promesas de Dios, y como una\u2026","rel":"","context":"Entrada similar ","block_context":{"text":"Entrada similar ","link":""},"img":{"alt_text":"","src":"https:\/\/i0.wp.com\/www.cisa-arica.cl\/wp1\/wp-content\/uploads\/2020\/09\/b9d1a79f-aa6b-477c-8f02-76087a1a5120-1.png?resize=350%2C200&ssl=1","width":350,"height":200},"classes":[]},{"id":11925,"url":"https:\/\/www.cisa-arica.cl\/wp1\/2021\/01\/31\/condolencias-9\/","url_meta":{"origin":16981,"position":5},"title":"Condolencias","author":"CISA","date":"31 de Enero de 2021","format":false,"excerpt":"Nos unimos como comunidad educativa \"Colegio Italiano Santa Ana\" en oraci\u00f3n por el sensible fallecimiento de: Enriqueta del Carmen Bustos Molsalves. Madre de nuestra querida Hermana Mar\u00eda Mu\u00f1oz Bustos, religiosa de la congregaci\u00f3n \"Hijas de Santa Ana\". Pedimos a Dios Padre que con profunda misericordia reciba en su morada a\u2026","rel":"","context":"Entrada similar ","block_context":{"text":"Entrada similar ","link":""},"img":{"alt_text":"","src":"https:\/\/i0.wp.com\/www.cisa-arica.cl\/wp1\/wp-content\/uploads\/2020\/09\/921db7a1-93ff-4063-8b68-3e5990dd3cd6.png?resize=350%2C200&ssl=1","width":350,"height":200,"srcset":"https:\/\/i0.wp.com\/www.cisa-arica.cl\/wp1\/wp-content\/uploads\/2020\/09\/921db7a1-93ff-4063-8b68-3e5990dd3cd6.png?resize=350%2C200&ssl=1 1x, https:\/\/i0.wp.com\/www.cisa-arica.cl\/wp1\/wp-content\/uploads\/2020\/09\/921db7a1-93ff-4063-8b68-3e5990dd3cd6.png?resize=525%2C300&ssl=1 1.5x, https:\/\/i0.wp.com\/www.cisa-arica.cl\/wp1\/wp-content\/uploads\/2020\/09\/921db7a1-93ff-4063-8b68-3e5990dd3cd6.png?resize=700%2C400&ssl=1 2x, https:\/\/i0.wp.com\/www.cisa-arica.cl\/wp1\/wp-content\/uploads\/2020\/09\/921db7a1-93ff-4063-8b68-3e5990dd3cd6.png?resize=1050%2C600&ssl=1 3x"},"classes":[]}],"_links":{"self":[{"href":"https:\/\/www.cisa-arica.cl\/wp1\/wp-json\/wp\/v2\/posts\/16981","targetHints":{"allow":["GET"]}}],"collection":[{"href":"https:\/\/www.cisa-arica.cl\/wp1\/wp-json\/wp\/v2\/posts"}],"about":[{"href":"https:\/\/www.cisa-arica.cl\/wp1\/wp-json\/wp\/v2\/types\/post"}],"author":[{"embeddable":true,"href":"https:\/\/www.cisa-arica.cl\/wp1\/wp-json\/wp\/v2\/users\/5"}],"replies":[{"embeddable":true,"href":"https:\/\/www.cisa-arica.cl\/wp1\/wp-json\/wp\/v2\/comments?post=16981"}],"version-history":[{"count":1,"href":"https:\/\/www.cisa-arica.cl\/wp1\/wp-json\/wp\/v2\/posts\/16981\/revisions"}],"predecessor-version":[{"id":16982,"href":"https:\/\/www.cisa-arica.cl\/wp1\/wp-json\/wp\/v2\/posts\/16981\/revisions\/16982"}],"wp:featuredmedia":[{"embeddable":true,"href":"https:\/\/www.cisa-arica.cl\/wp1\/wp-json\/wp\/v2\/media\/11514"}],"wp:attachment":[{"href":"https:\/\/www.cisa-arica.cl\/wp1\/wp-json\/wp\/v2\/media?parent=16981"}],"wp:term":[{"taxonomy":"category","embeddable":true,"href":"https:\/\/www.cisa-arica.cl\/wp1\/wp-json\/wp\/v2\/categories?post=16981"},{"taxonomy":"post_tag","embeddable":true,"href":"https:\/\/www.cisa-arica.cl\/wp1\/wp-json\/wp\/v2\/tags?post=16981"}],"curies":[{"name":"wp","href":"https:\/\/api.w.org\/{rel}","templated":true}]}}