{"id":16944,"date":"2022-08-04T18:00:07","date_gmt":"2022-08-04T22:00:07","guid":{"rendered":"https:\/\/www.cisa-arica.cl\/wp1\/?p=16944"},"modified":"2022-08-05T00:29:54","modified_gmt":"2022-08-05T04:29:54","slug":"encuesta-auditiva","status":"publish","type":"post","link":"https:\/\/www.cisa-arica.cl\/wp1\/2022\/08\/04\/encuesta-auditiva\/","title":{"rendered":"Encuesta Auditiva"},"content":{"rendered":"<p>Se recuerda a los apoderados de Prekinder, Kinder y Primeros B\u00e1sicos que deben responder la encuesta enviada a los correos institucionales sobre posibles problemas auditivos en las estudiantes. <strong>El plazo se cierra el 05 de Agosto.<\/strong><\/p>\n<p><strong>.<img loading=\"lazy\" decoding=\"async\" data-attachment-id=\"16945\" data-permalink=\"https:\/\/www.cisa-arica.cl\/wp1\/2022\/08\/04\/encuesta-auditiva\/whatsapp-image-2022-08-04-at-3-58-50-pm\/\" data-orig-file=\"https:\/\/www.cisa-arica.cl\/wp1\/wp-content\/uploads\/2022\/08\/WhatsApp-Image-2022-08-04-at-3.58.50-PM.jpeg\" data-orig-size=\"1599,1599\" data-comments-opened=\"0\" data-image-meta=\"{&quot;aperture&quot;:&quot;0&quot;,&quot;credit&quot;:&quot;&quot;,&quot;camera&quot;:&quot;&quot;,&quot;caption&quot;:&quot;&quot;,&quot;created_timestamp&quot;:&quot;0&quot;,&quot;copyright&quot;:&quot;&quot;,&quot;focal_length&quot;:&quot;0&quot;,&quot;iso&quot;:&quot;0&quot;,&quot;shutter_speed&quot;:&quot;0&quot;,&quot;title&quot;:&quot;&quot;,&quot;orientation&quot;:&quot;0&quot;}\" data-image-title=\"WhatsApp Image 2022-08-04 at 3.58.50 PM\" data-image-description=\"\" data-image-caption=\"\" data-large-file=\"https:\/\/www.cisa-arica.cl\/wp1\/wp-content\/uploads\/2022\/08\/WhatsApp-Image-2022-08-04-at-3.58.50-PM-600x600.jpeg\" class=\"alignnone size-medium wp-image-16945\" src=\"http:\/\/www.cisa-arica.cl\/wp1\/wp-content\/uploads\/2022\/08\/WhatsApp-Image-2022-08-04-at-3.58.50-PM-300x300.jpeg\" alt=\"\" width=\"300\" height=\"300\" srcset=\"https:\/\/www.cisa-arica.cl\/wp1\/wp-content\/uploads\/2022\/08\/WhatsApp-Image-2022-08-04-at-3.58.50-PM-300x300.jpeg 300w, https:\/\/www.cisa-arica.cl\/wp1\/wp-content\/uploads\/2022\/08\/WhatsApp-Image-2022-08-04-at-3.58.50-PM-600x600.jpeg 600w, https:\/\/www.cisa-arica.cl\/wp1\/wp-content\/uploads\/2022\/08\/WhatsApp-Image-2022-08-04-at-3.58.50-PM-150x150.jpeg 150w, https:\/\/www.cisa-arica.cl\/wp1\/wp-content\/uploads\/2022\/08\/WhatsApp-Image-2022-08-04-at-3.58.50-PM-768x768.jpeg 768w, https:\/\/www.cisa-arica.cl\/wp1\/wp-content\/uploads\/2022\/08\/WhatsApp-Image-2022-08-04-at-3.58.50-PM-1536x1536.jpeg 1536w, https:\/\/www.cisa-arica.cl\/wp1\/wp-content\/uploads\/2022\/08\/WhatsApp-Image-2022-08-04-at-3.58.50-PM.jpeg 1599w\" sizes=\"auto, (max-width: 300px) 100vw, 300px\" \/><\/strong><\/p>\n","protected":false},"excerpt":{"rendered":"<p>Se recuerda a los apoderados de Prekinder, Kinder y Primeros B\u00e1sicos que deben responder la encuesta enviada a los correos institucionales sobre posibles problemas auditivos en las estudiantes. El plazo se cierra el 05 de Agosto. .<\/p>\n","protected":false},"author":5,"featured_media":16945,"comment_status":"closed","ping_status":"open","sticky":false,"template":"","format":"standard","meta":{"_jetpack_memberships_contains_paid_content":false,"footnotes":"","jetpack_publicize_message":"","jetpack_publicize_feature_enabled":true,"jetpack_social_post_already_shared":true,"jetpack_social_options":{"image_generator_settings":{"template":"highway","default_image_id":0,"font":"","enabled":false},"version":2}},"categories":[5],"tags":[],"class_list":["post-16944","post","type-post","status-publish","format-standard","has-post-thumbnail","hentry","category-uncategorized"],"jetpack_publicize_connections":[],"jetpack_featured_media_url":"https:\/\/www.cisa-arica.cl\/wp1\/wp-content\/uploads\/2022\/08\/WhatsApp-Image-2022-08-04-at-3.58.50-PM.jpeg","jetpack_sharing_enabled":true,"jetpack_shortlink":"https:\/\/wp.me\/p84wcz-4pi","jetpack-related-posts":[{"id":11395,"url":"https:\/\/www.cisa-arica.cl\/wp1\/2020\/09\/03\/encuesta-de-vulnerabilidad-junaeb-2020\/","url_meta":{"origin":16944,"position":0},"title":"Encuesta de Vulnerabilidad JUNAEB 2020.","author":"Jeannette Rivera","date":"3 de Septiembre de 2020","format":false,"excerpt":"Estimada familia Santa Ana: Junto con saludar y esperando que todos se encuentren muy bien, les comentamos que ya est\u00e1 habilitada la Encuesta de Vulnerabilidad de JUNAEB, la que est\u00e1 focalizada en los niveles de Prekinder, Kinder, 1ros b\u00e1sicos, 5tos b\u00e1sicos y 1ros medios. Dicha encuesta tiene por objetivo caracterizar\u2026","rel":"","context":"Entrada similar ","block_context":{"text":"Entrada similar ","link":""},"img":{"alt_text":"","src":"https:\/\/i0.wp.com\/www.cisa-arica.cl\/wp1\/wp-content\/uploads\/2020\/09\/afiche.jpg?resize=350%2C200&ssl=1","width":350,"height":200,"srcset":"https:\/\/i0.wp.com\/www.cisa-arica.cl\/wp1\/wp-content\/uploads\/2020\/09\/afiche.jpg?resize=350%2C200&ssl=1 1x, https:\/\/i0.wp.com\/www.cisa-arica.cl\/wp1\/wp-content\/uploads\/2020\/09\/afiche.jpg?resize=525%2C300&ssl=1 1.5x"},"classes":[]},{"id":12862,"url":"https:\/\/www.cisa-arica.cl\/wp1\/2021\/08\/20\/3era-encuesta-retorno-presencial\/","url_meta":{"origin":16944,"position":1},"title":"3era Encuesta Retorno Presencial","author":"CISA","date":"20 de Agosto de 2021","format":false,"excerpt":"","rel":"","context":"Entrada similar ","block_context":{"text":"Entrada similar ","link":""},"img":{"alt_text":"","src":"https:\/\/i0.wp.com\/www.cisa-arica.cl\/wp1\/wp-content\/uploads\/2021\/08\/img_9606.jpg?resize=350%2C200&ssl=1","width":350,"height":200,"srcset":"https:\/\/i0.wp.com\/www.cisa-arica.cl\/wp1\/wp-content\/uploads\/2021\/08\/img_9606.jpg?resize=350%2C200&ssl=1 1x, https:\/\/i0.wp.com\/www.cisa-arica.cl\/wp1\/wp-content\/uploads\/2021\/08\/img_9606.jpg?resize=525%2C300&ssl=1 1.5x, https:\/\/i0.wp.com\/www.cisa-arica.cl\/wp1\/wp-content\/uploads\/2021\/08\/img_9606.jpg?resize=700%2C400&ssl=1 2x"},"classes":[]},{"id":7589,"url":"https:\/\/www.cisa-arica.cl\/wp1\/2019\/06\/17\/alumnas-de-ed-media-responden-encuesta-senda\/","url_meta":{"origin":16944,"position":2},"title":"Alumnas de Ed. Media responden encuesta SENDA","author":"Jeannette Rivera","date":"17 de Junio de 2019","format":false,"excerpt":"Durante el jueves 13 y viernes 14 de junio se aplic\u00f3 la encuesta \"Juventud y Bienestar\" del Programa \"Elige vivir sin drogas\" impartido por SENDA, cuyo objetivo es conocer las condiciones de vida y bienestar de las alumnas y describir la relaci\u00f3n de estas condiciones de vida con el uso\u2026","rel":"","context":"Entrada similar ","block_context":{"text":"Entrada similar ","link":""},"img":{"alt_text":"","src":"https:\/\/i0.wp.com\/www.cisa-arica.cl\/wp1\/wp-content\/uploads\/2019\/06\/005-9.jpeg?resize=350%2C200&ssl=1","width":350,"height":200,"srcset":"https:\/\/i0.wp.com\/www.cisa-arica.cl\/wp1\/wp-content\/uploads\/2019\/06\/005-9.jpeg?resize=350%2C200&ssl=1 1x, https:\/\/i0.wp.com\/www.cisa-arica.cl\/wp1\/wp-content\/uploads\/2019\/06\/005-9.jpeg?resize=525%2C300&ssl=1 1.5x, https:\/\/i0.wp.com\/www.cisa-arica.cl\/wp1\/wp-content\/uploads\/2019\/06\/005-9.jpeg?resize=700%2C400&ssl=1 2x, https:\/\/i0.wp.com\/www.cisa-arica.cl\/wp1\/wp-content\/uploads\/2019\/06\/005-9.jpeg?resize=1050%2C600&ssl=1 3x"},"classes":[]},{"id":12990,"url":"https:\/\/www.cisa-arica.cl\/wp1\/2021\/08\/31\/reunion-para-encuesta-de-vulnerabilidad\/","url_meta":{"origin":16944,"position":3},"title":"Reuni\u00f3n para encuesta de vulnerabilidad","author":"CISA","date":"31 de Agosto de 2021","format":false,"excerpt":"","rel":"","context":"Entrada similar ","block_context":{"text":"Entrada similar ","link":""},"img":{"alt_text":"","src":"https:\/\/i0.wp.com\/www.cisa-arica.cl\/wp1\/wp-content\/uploads\/2021\/08\/20210831_153344_0000.png?resize=350%2C200&ssl=1","width":350,"height":200,"srcset":"https:\/\/i0.wp.com\/www.cisa-arica.cl\/wp1\/wp-content\/uploads\/2021\/08\/20210831_153344_0000.png?resize=350%2C200&ssl=1 1x, https:\/\/i0.wp.com\/www.cisa-arica.cl\/wp1\/wp-content\/uploads\/2021\/08\/20210831_153344_0000.png?resize=525%2C300&ssl=1 1.5x, https:\/\/i0.wp.com\/www.cisa-arica.cl\/wp1\/wp-content\/uploads\/2021\/08\/20210831_153344_0000.png?resize=700%2C400&ssl=1 2x, https:\/\/i0.wp.com\/www.cisa-arica.cl\/wp1\/wp-content\/uploads\/2021\/08\/20210831_153344_0000.png?resize=1050%2C600&ssl=1 3x"},"classes":[]},{"id":11594,"url":"https:\/\/www.cisa-arica.cl\/wp1\/2020\/10\/14\/encuesta-de-vulnerabilidad\/","url_meta":{"origin":16944,"position":4},"title":"Encuesta de Vulnerabilidad","author":"CISA","date":"14 de Octubre de 2020","format":false,"excerpt":"Estimada Familia Santa Ana. Si su hija cursa educaci\u00f3n Parvularia, 1ero b\u00e1sico, 5to b\u00e1sico o 1ero medio. Debe hacer env\u00edo del formulario online correspondiente a la Encuesta JUNAEB, la cual fue enviada al correo institucional de cada estudiante desde la cuenta de apoyopsicosocial @cisa-arica.cl Es fundamental que sus respuestas reflejen\u2026","rel":"","context":"Entrada similar ","block_context":{"text":"Entrada similar ","link":""},"img":{"alt_text":"","src":"https:\/\/i0.wp.com\/www.cisa-arica.cl\/wp1\/wp-content\/uploads\/2020\/10\/947ad48a-2d0b-4eb7-a965-aaa4af61dd1f.png?resize=350%2C200&ssl=1","width":350,"height":200,"srcset":"https:\/\/i0.wp.com\/www.cisa-arica.cl\/wp1\/wp-content\/uploads\/2020\/10\/947ad48a-2d0b-4eb7-a965-aaa4af61dd1f.png?resize=350%2C200&ssl=1 1x, https:\/\/i0.wp.com\/www.cisa-arica.cl\/wp1\/wp-content\/uploads\/2020\/10\/947ad48a-2d0b-4eb7-a965-aaa4af61dd1f.png?resize=525%2C300&ssl=1 1.5x, https:\/\/i0.wp.com\/www.cisa-arica.cl\/wp1\/wp-content\/uploads\/2020\/10\/947ad48a-2d0b-4eb7-a965-aaa4af61dd1f.png?resize=700%2C400&ssl=1 2x, https:\/\/i0.wp.com\/www.cisa-arica.cl\/wp1\/wp-content\/uploads\/2020\/10\/947ad48a-2d0b-4eb7-a965-aaa4af61dd1f.png?resize=1050%2C600&ssl=1 3x"},"classes":[]},{"id":11963,"url":"https:\/\/www.cisa-arica.cl\/wp1\/2021\/02\/24\/encuesta-apoderados-sobre-el-retorno-presencial-2021\/","url_meta":{"origin":16944,"position":5},"title":"Encuesta Apoderados, sobre el retorno presencial 2021","author":"CISA","date":"24 de Febrero de 2021","format":false,"excerpt":"Estimados Padres y Apoderados: Junto con saludar y desear que se encuentren bien a pocos d\u00edas del inicio del a\u00f1o escolar, queremos recordar que, seg\u00fan lo declarado por el MINEDUC, este a\u00f1o 2021 ser\u00e1 Flexible, Gradual y Convenido, por esta raz\u00f3n para nosotros es importante conocer su opini\u00f3n como familia\u2026","rel":"","context":"Entrada similar ","block_context":{"text":"Entrada similar ","link":""},"img":{"alt_text":"","src":"https:\/\/i0.wp.com\/www.cisa-arica.cl\/wp1\/wp-content\/uploads\/2021\/02\/bd07e3c7-466c-4e3a-949d-81588ebb0b69.png?resize=350%2C200&ssl=1","width":350,"height":200,"srcset":"https:\/\/i0.wp.com\/www.cisa-arica.cl\/wp1\/wp-content\/uploads\/2021\/02\/bd07e3c7-466c-4e3a-949d-81588ebb0b69.png?resize=350%2C200&ssl=1 1x, https:\/\/i0.wp.com\/www.cisa-arica.cl\/wp1\/wp-content\/uploads\/2021\/02\/bd07e3c7-466c-4e3a-949d-81588ebb0b69.png?resize=525%2C300&ssl=1 1.5x, https:\/\/i0.wp.com\/www.cisa-arica.cl\/wp1\/wp-content\/uploads\/2021\/02\/bd07e3c7-466c-4e3a-949d-81588ebb0b69.png?resize=700%2C400&ssl=1 2x, https:\/\/i0.wp.com\/www.cisa-arica.cl\/wp1\/wp-content\/uploads\/2021\/02\/bd07e3c7-466c-4e3a-949d-81588ebb0b69.png?resize=1050%2C600&ssl=1 3x"},"classes":[]}],"_links":{"self":[{"href":"https:\/\/www.cisa-arica.cl\/wp1\/wp-json\/wp\/v2\/posts\/16944","targetHints":{"allow":["GET"]}}],"collection":[{"href":"https:\/\/www.cisa-arica.cl\/wp1\/wp-json\/wp\/v2\/posts"}],"about":[{"href":"https:\/\/www.cisa-arica.cl\/wp1\/wp-json\/wp\/v2\/types\/post"}],"author":[{"embeddable":true,"href":"https:\/\/www.cisa-arica.cl\/wp1\/wp-json\/wp\/v2\/users\/5"}],"replies":[{"embeddable":true,"href":"https:\/\/www.cisa-arica.cl\/wp1\/wp-json\/wp\/v2\/comments?post=16944"}],"version-history":[{"count":4,"href":"https:\/\/www.cisa-arica.cl\/wp1\/wp-json\/wp\/v2\/posts\/16944\/revisions"}],"predecessor-version":[{"id":16957,"href":"https:\/\/www.cisa-arica.cl\/wp1\/wp-json\/wp\/v2\/posts\/16944\/revisions\/16957"}],"wp:featuredmedia":[{"embeddable":true,"href":"https:\/\/www.cisa-arica.cl\/wp1\/wp-json\/wp\/v2\/media\/16945"}],"wp:attachment":[{"href":"https:\/\/www.cisa-arica.cl\/wp1\/wp-json\/wp\/v2\/media?parent=16944"}],"wp:term":[{"taxonomy":"category","embeddable":true,"href":"https:\/\/www.cisa-arica.cl\/wp1\/wp-json\/wp\/v2\/categories?post=16944"},{"taxonomy":"post_tag","embeddable":true,"href":"https:\/\/www.cisa-arica.cl\/wp1\/wp-json\/wp\/v2\/tags?post=16944"}],"curies":[{"name":"wp","href":"https:\/\/api.w.org\/{rel}","templated":true}]}}