{"id":16864,"date":"2022-08-04T11:26:00","date_gmt":"2022-08-04T15:26:00","guid":{"rendered":"https:\/\/www.cisa-arica.cl\/wp1\/?p=16864"},"modified":"2022-08-30T15:17:29","modified_gmt":"2022-08-30T19:17:29","slug":"nuevo-horario-jornada-completa","status":"publish","type":"post","link":"https:\/\/www.cisa-arica.cl\/wp1\/2022\/08\/04\/nuevo-horario-jornada-completa\/","title":{"rendered":"Horarios por curso 2do Semestre (para descargar)"},"content":{"rendered":"\n<p>A partir del pr\u00f3ximo Lunes 08 de Agosto, nuestro colegio regresa a la Jornada Escolar Completa, por los que los horarios de salida de los distintos cursos tienen modificaciones. Esta informaci\u00f3n tambi\u00e9n fue enviada a los correos institucionales, junto a los cambios en los Reforzamientos y Academias. <\/p>\n\n\n\n<p> Se sugiere tomar las medidas correspondientes para organizar los tiempos de acuerdo a lo establecido por el Ministerio de Educaci\u00f3n y dar as\u00ed cumplimiento a lo ya dispuesto. <\/p>\n\n\n\n<p>Horarios por Cursos para su descarga:<\/p>\n\n\n\n<div class=\"wp-block-file\"><a id=\"wp-block-file--media-a640ceb5-9fa5-4280-bd4b-97e43a547110\" href=\"http:\/\/www.cisa-arica.cl\/wp1\/wp-content\/uploads\/2022\/08\/Prekinder.pdf\">Prekinder<\/a><a href=\"http:\/\/www.cisa-arica.cl\/wp1\/wp-content\/uploads\/2022\/08\/Prekinder.pdf\" class=\"wp-block-file__button\" download aria-describedby=\"wp-block-file--media-a640ceb5-9fa5-4280-bd4b-97e43a547110\">Descargar<\/a><\/div>\n\n\n\n<div class=\"wp-block-file\"><a id=\"wp-block-file--media-5f111333-f963-40b2-93c4-106e504b1891\" href=\"http:\/\/www.cisa-arica.cl\/wp1\/wp-content\/uploads\/2022\/08\/Kinder.pdf\">Kinder<\/a><a href=\"http:\/\/www.cisa-arica.cl\/wp1\/wp-content\/uploads\/2022\/08\/Kinder.pdf\" class=\"wp-block-file__button\" download aria-describedby=\"wp-block-file--media-5f111333-f963-40b2-93c4-106e504b1891\">Descargar<\/a><\/div>\n\n\n\n<div class=\"wp-block-file\"><a id=\"wp-block-file--media-938879c8-19d9-4d65-9f70-4d5e8c4b4963\" href=\"http:\/\/www.cisa-arica.cl\/wp1\/wp-content\/uploads\/2022\/08\/Primero-basico-A.pdf\">Primero b\u00e1sico A<\/a><a href=\"http:\/\/www.cisa-arica.cl\/wp1\/wp-content\/uploads\/2022\/08\/Primero-basico-A.pdf\" class=\"wp-block-file__button\" download aria-describedby=\"wp-block-file--media-938879c8-19d9-4d65-9f70-4d5e8c4b4963\">Descargar<\/a><\/div>\n\n\n\n<div class=\"wp-block-file\"><a id=\"wp-block-file--media-851cbeee-0725-45b1-84af-1995350c7015\" href=\"http:\/\/www.cisa-arica.cl\/wp1\/wp-content\/uploads\/2022\/08\/Primero-basico-B-1.pdf\">Primero basico B<\/a><a href=\"http:\/\/www.cisa-arica.cl\/wp1\/wp-content\/uploads\/2022\/08\/Primero-basico-B-1.pdf\" class=\"wp-block-file__button\" download aria-describedby=\"wp-block-file--media-851cbeee-0725-45b1-84af-1995350c7015\">Descargar<\/a><\/div>\n\n\n\n<div class=\"wp-block-file\"><a id=\"wp-block-file--media-80c06f22-6013-4aa7-b355-ac1804e03764\" href=\"http:\/\/www.cisa-arica.cl\/wp1\/wp-content\/uploads\/2022\/08\/Segundo-basico-A.pdf\">Segundo b\u00e1sico A<\/a><a href=\"http:\/\/www.cisa-arica.cl\/wp1\/wp-content\/uploads\/2022\/08\/Segundo-basico-A.pdf\" class=\"wp-block-file__button\" download aria-describedby=\"wp-block-file--media-80c06f22-6013-4aa7-b355-ac1804e03764\">Descargar<\/a><\/div>\n\n\n\n<div class=\"wp-block-file\"><a id=\"wp-block-file--media-a74aeb3c-12d4-482a-9c16-17b08a133743\" href=\"http:\/\/www.cisa-arica.cl\/wp1\/wp-content\/uploads\/2022\/08\/Segundo-basico-B.pdf\">Segundo b\u00e1sico B<\/a><a href=\"http:\/\/www.cisa-arica.cl\/wp1\/wp-content\/uploads\/2022\/08\/Segundo-basico-B.pdf\" class=\"wp-block-file__button\" download aria-describedby=\"wp-block-file--media-a74aeb3c-12d4-482a-9c16-17b08a133743\">Descargar<\/a><\/div>\n\n\n\n<div class=\"wp-block-file\"><a id=\"wp-block-file--media-caba6e54-67aa-424d-b90c-e3fffd5ccb9e\" href=\"http:\/\/www.cisa-arica.cl\/wp1\/wp-content\/uploads\/2022\/08\/Tercero-basico-A.pdf\">Tercero b\u00e1sico A<\/a><a href=\"http:\/\/www.cisa-arica.cl\/wp1\/wp-content\/uploads\/2022\/08\/Tercero-basico-A.pdf\" class=\"wp-block-file__button\" download aria-describedby=\"wp-block-file--media-caba6e54-67aa-424d-b90c-e3fffd5ccb9e\">Descargar<\/a><\/div>\n\n\n\n<div class=\"wp-block-file\"><a id=\"wp-block-file--media-c154149b-9e36-42d6-8d95-9a64074063e5\" href=\"http:\/\/www.cisa-arica.cl\/wp1\/wp-content\/uploads\/2022\/08\/Tercero-basico-B.pdf\">Tercero b\u00e1sico B<\/a><a href=\"http:\/\/www.cisa-arica.cl\/wp1\/wp-content\/uploads\/2022\/08\/Tercero-basico-B.pdf\" class=\"wp-block-file__button\" download aria-describedby=\"wp-block-file--media-c154149b-9e36-42d6-8d95-9a64074063e5\">Descargar<\/a><\/div>\n\n\n\n<div class=\"wp-block-file\"><a id=\"wp-block-file--media-0846ddf8-5f8d-4ff2-9d3b-fcaffb74bbc4\" href=\"http:\/\/www.cisa-arica.cl\/wp1\/wp-content\/uploads\/2022\/08\/Cuarto-basico-A.pdf\">Cuarto b\u00e1sico A<\/a><a href=\"http:\/\/www.cisa-arica.cl\/wp1\/wp-content\/uploads\/2022\/08\/Cuarto-basico-A.pdf\" class=\"wp-block-file__button\" download aria-describedby=\"wp-block-file--media-0846ddf8-5f8d-4ff2-9d3b-fcaffb74bbc4\">Descargar<\/a><\/div>\n\n\n\n<div class=\"wp-block-file\"><a id=\"wp-block-file--media-dff1a7b9-cd0c-4dd8-b5b4-6d79a7a79c91\" href=\"http:\/\/www.cisa-arica.cl\/wp1\/wp-content\/uploads\/2022\/08\/Cuarto-basico-B.pdf\">Cuarto b\u00e1sico B<\/a><a href=\"http:\/\/www.cisa-arica.cl\/wp1\/wp-content\/uploads\/2022\/08\/Cuarto-basico-B.pdf\" class=\"wp-block-file__button\" download aria-describedby=\"wp-block-file--media-dff1a7b9-cd0c-4dd8-b5b4-6d79a7a79c91\">Descargar<\/a><\/div>\n\n\n\n<div class=\"wp-block-file\"><a id=\"wp-block-file--media-ff3ffcfa-b52c-4e67-a610-0163eb518d40\" href=\"http:\/\/www.cisa-arica.cl\/wp1\/wp-content\/uploads\/2022\/08\/Quinto-basico-A.pdf\">Quinto b\u00e1sico A<\/a><a href=\"http:\/\/www.cisa-arica.cl\/wp1\/wp-content\/uploads\/2022\/08\/Quinto-basico-A.pdf\" class=\"wp-block-file__button\" download aria-describedby=\"wp-block-file--media-ff3ffcfa-b52c-4e67-a610-0163eb518d40\">Descargar<\/a><\/div>\n\n\n\n<div class=\"wp-block-file\"><a id=\"wp-block-file--media-aa95451e-8ea2-41f1-8b36-d52636bee45e\" href=\"http:\/\/www.cisa-arica.cl\/wp1\/wp-content\/uploads\/2022\/08\/Quinto-basico-B.pdf\">Quinto b\u00e1sico B<\/a><a href=\"http:\/\/www.cisa-arica.cl\/wp1\/wp-content\/uploads\/2022\/08\/Quinto-basico-B.pdf\" class=\"wp-block-file__button\" download aria-describedby=\"wp-block-file--media-aa95451e-8ea2-41f1-8b36-d52636bee45e\">Descargar<\/a><\/div>\n\n\n\n<div class=\"wp-block-file\"><a id=\"wp-block-file--media-d8a13f43-e443-4c6f-aaeb-31b418c80238\" href=\"http:\/\/www.cisa-arica.cl\/wp1\/wp-content\/uploads\/2022\/08\/Sexto-basico-A.pdf\">Sexto b\u00e1sico A<\/a><a href=\"http:\/\/www.cisa-arica.cl\/wp1\/wp-content\/uploads\/2022\/08\/Sexto-basico-A.pdf\" class=\"wp-block-file__button\" download aria-describedby=\"wp-block-file--media-d8a13f43-e443-4c6f-aaeb-31b418c80238\">Descargar<\/a><\/div>\n\n\n\n<div class=\"wp-block-file\"><a id=\"wp-block-file--media-5fbda2fe-3f32-476b-801c-ab6c04e753a0\" href=\"http:\/\/www.cisa-arica.cl\/wp1\/wp-content\/uploads\/2022\/08\/Sexto-basico-B.pdf\">Sexto b\u00e1sico B<\/a><a href=\"http:\/\/www.cisa-arica.cl\/wp1\/wp-content\/uploads\/2022\/08\/Sexto-basico-B.pdf\" class=\"wp-block-file__button\" download aria-describedby=\"wp-block-file--media-5fbda2fe-3f32-476b-801c-ab6c04e753a0\">Descargar<\/a><\/div>\n\n\n\n<div class=\"wp-block-file\"><a id=\"wp-block-file--media-2d9cb049-63ee-46a6-a91f-33812304cfcc\" href=\"http:\/\/www.cisa-arica.cl\/wp1\/wp-content\/uploads\/2022\/08\/Septimo-basico-A.pdf\">S\u00e9ptimo b\u00e1sico A<\/a><a href=\"http:\/\/www.cisa-arica.cl\/wp1\/wp-content\/uploads\/2022\/08\/Septimo-basico-A.pdf\" class=\"wp-block-file__button\" download aria-describedby=\"wp-block-file--media-2d9cb049-63ee-46a6-a91f-33812304cfcc\">Descargar<\/a><\/div>\n\n\n\n<div class=\"wp-block-file\"><a id=\"wp-block-file--media-a35d6b16-7ce3-4305-b70e-81097e17889c\" href=\"http:\/\/www.cisa-arica.cl\/wp1\/wp-content\/uploads\/2022\/08\/Septimo-basico-B.pdf\">S\u00e9ptimo b\u00e1sico B<\/a><a href=\"http:\/\/www.cisa-arica.cl\/wp1\/wp-content\/uploads\/2022\/08\/Septimo-basico-B.pdf\" class=\"wp-block-file__button\" download aria-describedby=\"wp-block-file--media-a35d6b16-7ce3-4305-b70e-81097e17889c\">Descargar<\/a><\/div>\n\n\n\n<div class=\"wp-block-file\"><a id=\"wp-block-file--media-6612972c-4499-467f-be4e-51f820303a18\" href=\"http:\/\/www.cisa-arica.cl\/wp1\/wp-content\/uploads\/2022\/08\/Octavo-basico-A.pdf\">Octavo b\u00e1sico A<\/a><a href=\"http:\/\/www.cisa-arica.cl\/wp1\/wp-content\/uploads\/2022\/08\/Octavo-basico-A.pdf\" class=\"wp-block-file__button\" download aria-describedby=\"wp-block-file--media-6612972c-4499-467f-be4e-51f820303a18\">Descargar<\/a><\/div>\n\n\n\n<div class=\"wp-block-file\"><a id=\"wp-block-file--media-72a1decc-e75f-4d07-a537-ac57a160dbfe\" href=\"http:\/\/www.cisa-arica.cl\/wp1\/wp-content\/uploads\/2022\/08\/Octavo-basico-B.pdf\">Octavo b\u00e1sico B<\/a><a href=\"http:\/\/www.cisa-arica.cl\/wp1\/wp-content\/uploads\/2022\/08\/Octavo-basico-B.pdf\" class=\"wp-block-file__button\" download aria-describedby=\"wp-block-file--media-72a1decc-e75f-4d07-a537-ac57a160dbfe\">Descargar<\/a><\/div>\n\n\n\n<div class=\"wp-block-file\"><a id=\"wp-block-file--media-627506ac-5392-4c3c-91d4-020841e96ea0\" href=\"http:\/\/www.cisa-arica.cl\/wp1\/wp-content\/uploads\/2022\/08\/Primero-medio-A.pdf\">Primero medio A<\/a><a href=\"http:\/\/www.cisa-arica.cl\/wp1\/wp-content\/uploads\/2022\/08\/Primero-medio-A.pdf\" class=\"wp-block-file__button\" download aria-describedby=\"wp-block-file--media-627506ac-5392-4c3c-91d4-020841e96ea0\">Descargar<\/a><\/div>\n\n\n\n<div class=\"wp-block-file\"><a id=\"wp-block-file--media-7353e7f8-a720-465c-ab80-5619709cf969\" href=\"http:\/\/www.cisa-arica.cl\/wp1\/wp-content\/uploads\/2022\/08\/Primero-medio-B.pdf\">Primero medio B<\/a><a href=\"http:\/\/www.cisa-arica.cl\/wp1\/wp-content\/uploads\/2022\/08\/Primero-medio-B.pdf\" class=\"wp-block-file__button\" download aria-describedby=\"wp-block-file--media-7353e7f8-a720-465c-ab80-5619709cf969\">Descargar<\/a><\/div>\n\n\n\n<div class=\"wp-block-file\"><a id=\"wp-block-file--media-9bb02608-8207-450d-bf2e-02c9c35c139c\" href=\"http:\/\/www.cisa-arica.cl\/wp1\/wp-content\/uploads\/2022\/08\/Segundo-medio-A.pdf\">Segundo medio A<\/a><a href=\"http:\/\/www.cisa-arica.cl\/wp1\/wp-content\/uploads\/2022\/08\/Segundo-medio-A.pdf\" class=\"wp-block-file__button\" download aria-describedby=\"wp-block-file--media-9bb02608-8207-450d-bf2e-02c9c35c139c\">Descargar<\/a><\/div>\n\n\n\n<div class=\"wp-block-file\"><a id=\"wp-block-file--media-ed700fac-1587-41b5-8af3-3e6c4b53414a\" href=\"http:\/\/www.cisa-arica.cl\/wp1\/wp-content\/uploads\/2022\/08\/Segundo-medio-B.pdf\">Segundo medio B<\/a><a href=\"http:\/\/www.cisa-arica.cl\/wp1\/wp-content\/uploads\/2022\/08\/Segundo-medio-B.pdf\" class=\"wp-block-file__button\" download aria-describedby=\"wp-block-file--media-ed700fac-1587-41b5-8af3-3e6c4b53414a\">Descargar<\/a><\/div>\n\n\n\n<div class=\"wp-block-file\"><a id=\"wp-block-file--media-f84417b1-2362-4903-a658-8b5326c602e4\" href=\"http:\/\/www.cisa-arica.cl\/wp1\/wp-content\/uploads\/2022\/08\/Tercero-medio-A.pdf\">Tercero medio A<\/a><a href=\"http:\/\/www.cisa-arica.cl\/wp1\/wp-content\/uploads\/2022\/08\/Tercero-medio-A.pdf\" class=\"wp-block-file__button\" download aria-describedby=\"wp-block-file--media-f84417b1-2362-4903-a658-8b5326c602e4\">Descargar<\/a><\/div>\n\n\n\n<div class=\"wp-block-file\"><a id=\"wp-block-file--media-625c3a44-20c0-4629-b5ef-2bf217048a9a\" href=\"http:\/\/www.cisa-arica.cl\/wp1\/wp-content\/uploads\/2022\/08\/Tercero-medio-B.pdf\">Tercero medio B<\/a><a href=\"http:\/\/www.cisa-arica.cl\/wp1\/wp-content\/uploads\/2022\/08\/Tercero-medio-B.pdf\" class=\"wp-block-file__button\" download aria-describedby=\"wp-block-file--media-625c3a44-20c0-4629-b5ef-2bf217048a9a\">Descargar<\/a><\/div>\n\n\n\n<div class=\"wp-block-file\"><a id=\"wp-block-file--media-31782289-7465-43c0-a8a1-415ac53cd13f\" href=\"http:\/\/www.cisa-arica.cl\/wp1\/wp-content\/uploads\/2022\/08\/Cuarto-medio-A.pdf\">Cuarto medio A<\/a><a href=\"http:\/\/www.cisa-arica.cl\/wp1\/wp-content\/uploads\/2022\/08\/Cuarto-medio-A.pdf\" class=\"wp-block-file__button\" download aria-describedby=\"wp-block-file--media-31782289-7465-43c0-a8a1-415ac53cd13f\">Descargar<\/a><\/div>\n\n\n\n<div class=\"wp-block-file\"><a id=\"wp-block-file--media-0d83779f-1565-4ca1-92ab-25f921c79a11\" href=\"http:\/\/www.cisa-arica.cl\/wp1\/wp-content\/uploads\/2022\/08\/Cuarto-medio-B.pdf\">Cuarto medio B<\/a><a href=\"http:\/\/www.cisa-arica.cl\/wp1\/wp-content\/uploads\/2022\/08\/Cuarto-medio-B.pdf\" class=\"wp-block-file__button\" download aria-describedby=\"wp-block-file--media-0d83779f-1565-4ca1-92ab-25f921c79a11\">Descargar<\/a><\/div>\n","protected":false},"excerpt":{"rendered":"<p>A partir del pr\u00f3ximo Lunes 08 de Agosto, nuestro colegio regresa a la Jornada Escolar Completa, por los que los horarios de salida de los distintos cursos tienen modificaciones. Esta informaci\u00f3n tambi\u00e9n fue enviada a los correos institucionales, junto a los cambios en los Reforzamientos y Academias. Se sugiere tomar las medidas correspondientes para organizar <a class=\"read-more\" href=\"https:\/\/www.cisa-arica.cl\/wp1\/2022\/08\/04\/nuevo-horario-jornada-completa\/\">Continuar leyendo<\/a><\/p>\n","protected":false},"author":1,"featured_media":16954,"comment_status":"closed","ping_status":"open","sticky":false,"template":"","format":"standard","meta":{"_jetpack_memberships_contains_paid_content":false,"footnotes":"","jetpack_publicize_message":"","jetpack_publicize_feature_enabled":true,"jetpack_social_post_already_shared":true,"jetpack_social_options":{"image_generator_settings":{"template":"highway","default_image_id":0,"font":"","enabled":false},"version":2}},"categories":[5],"tags":[],"class_list":["post-16864","post","type-post","status-publish","format-standard","has-post-thumbnail","hentry","category-uncategorized"],"jetpack_publicize_connections":[],"jetpack_featured_media_url":"https:\/\/www.cisa-arica.cl\/wp1\/wp-content\/uploads\/2022\/08\/WhatsApp-Image-2022-08-04-at-3.59.23-PM.jpeg","jetpack_sharing_enabled":true,"jetpack_shortlink":"https:\/\/wp.me\/p84wcz-4o0","jetpack-related-posts":[{"id":24515,"url":"https:\/\/www.cisa-arica.cl\/wp1\/2024\/03\/08\/horarios-de-clases-2024-por-cursos\/","url_meta":{"origin":16864,"position":0},"title":"Horarios de Clases 2024 por cursos","author":"Jeannette Rivera","date":"8 de Marzo de 2024","format":false,"excerpt":"Estimados padres y apoderados: Se env\u00edan link con los horarios de los distintos cursos, los cuales pueden ser descargados. Se les recuerda que desde el lunes 11 de marzo, todas las estudiantes saldr\u00e1n de clases de acuerdo a la jornada de cada curso, por lo que es necesario respetar los\u2026","rel":"","context":"Entrada similar ","block_context":{"text":"Entrada similar ","link":""},"img":{"alt_text":"","src":"https:\/\/i0.wp.com\/www.cisa-arica.cl\/wp1\/wp-content\/uploads\/2023\/10\/WhatsApp-Image-2023-09-26-at-14.48.14.jpeg?resize=350%2C200&ssl=1","width":350,"height":200,"srcset":"https:\/\/i0.wp.com\/www.cisa-arica.cl\/wp1\/wp-content\/uploads\/2023\/10\/WhatsApp-Image-2023-09-26-at-14.48.14.jpeg?resize=350%2C200&ssl=1 1x, https:\/\/i0.wp.com\/www.cisa-arica.cl\/wp1\/wp-content\/uploads\/2023\/10\/WhatsApp-Image-2023-09-26-at-14.48.14.jpeg?resize=525%2C300&ssl=1 1.5x, https:\/\/i0.wp.com\/www.cisa-arica.cl\/wp1\/wp-content\/uploads\/2023\/10\/WhatsApp-Image-2023-09-26-at-14.48.14.jpeg?resize=700%2C400&ssl=1 2x, https:\/\/i0.wp.com\/www.cisa-arica.cl\/wp1\/wp-content\/uploads\/2023\/10\/WhatsApp-Image-2023-09-26-at-14.48.14.jpeg?resize=1050%2C600&ssl=1 3x"},"classes":[]},{"id":16420,"url":"https:\/\/www.cisa-arica.cl\/wp1\/2022\/06\/14\/nuevos-horarios-en-academia-de-baloncesto\/","url_meta":{"origin":16864,"position":1},"title":"Nuevos Horarios en Academia de Baloncesto","author":"Jeannette Rivera","date":"14 de Junio de 2022","format":false,"excerpt":"Debido a la alta demanda que ha tenido la Academia de Baloncesto, se modific\u00f3 su horario quedando de la siguiente manera: CURSOS 4TOS-5TOS-6TOS D\u00edas Martes y Jueves desde las 15:00 a 16:00 horas CURSOS 7\u00b0 - 8\u00b0 Si\u00e1s Martes y Jueves desde las 16:00 a 17:00 horas y Viernes desde\u2026","rel":"","context":"Entrada similar ","block_context":{"text":"Entrada similar ","link":""},"img":{"alt_text":"","src":"","width":0,"height":0},"classes":[]},{"id":10355,"url":"https:\/\/www.cisa-arica.cl\/wp1\/2020\/03\/25\/colaciones-frias-junaeb\/","url_meta":{"origin":16864,"position":2},"title":"Colaciones fr\u00edas Junaeb","author":"CISA","date":"25 de Marzo de 2020","format":false,"excerpt":"Estimados Padres y Apoderados. Deseando que se encuentren bien junto a sus familias en estas dif\u00edciles semanas, les informamos que. JUNAEB ha suspendido la entrega diaria de colaciones fr\u00edas y estamos a la espera de las canastas solidarias para las beneficiarias, en cuanto lleguen al colegio se avisar\u00e1 por este\u2026","rel":"","context":"Entrada similar ","block_context":{"text":"Entrada similar ","link":""},"img":{"alt_text":"","src":"","width":0,"height":0},"classes":[]},{"id":27999,"url":"https:\/\/www.cisa-arica.cl\/wp1\/2025\/03\/07\/horarios-de-clases-2025\/","url_meta":{"origin":16864,"position":3},"title":"Horarios de Clases 2025","author":"Jeannette Rivera","date":"7 de Marzo de 2025","format":false,"excerpt":"Horarios de Clases a la fecha de hoy los cuales comienzan en su totalidad a partir del lunes 10 de marzo. Horarios de Educ. B\u00e1sica Horario basica 2025 Horarios de Educ. Media Horario media 2025","rel":"","context":"Entrada similar ","block_context":{"text":"Entrada similar ","link":""},"img":{"alt_text":"","src":"https:\/\/i0.wp.com\/www.cisa-arica.cl\/wp1\/wp-content\/uploads\/2025\/03\/Documento-A4-Horarios-De-Clases-Ilustrativo-Verde-Y-Blanco.png?resize=350%2C200&ssl=1","width":350,"height":200,"srcset":"https:\/\/i0.wp.com\/www.cisa-arica.cl\/wp1\/wp-content\/uploads\/2025\/03\/Documento-A4-Horarios-De-Clases-Ilustrativo-Verde-Y-Blanco.png?resize=350%2C200&ssl=1 1x, https:\/\/i0.wp.com\/www.cisa-arica.cl\/wp1\/wp-content\/uploads\/2025\/03\/Documento-A4-Horarios-De-Clases-Ilustrativo-Verde-Y-Blanco.png?resize=525%2C300&ssl=1 1.5x, https:\/\/i0.wp.com\/www.cisa-arica.cl\/wp1\/wp-content\/uploads\/2025\/03\/Documento-A4-Horarios-De-Clases-Ilustrativo-Verde-Y-Blanco.png?resize=700%2C400&ssl=1 2x, https:\/\/i0.wp.com\/www.cisa-arica.cl\/wp1\/wp-content\/uploads\/2025\/03\/Documento-A4-Horarios-De-Clases-Ilustrativo-Verde-Y-Blanco.png?resize=1050%2C600&ssl=1 3x, https:\/\/i0.wp.com\/www.cisa-arica.cl\/wp1\/wp-content\/uploads\/2025\/03\/Documento-A4-Horarios-De-Clases-Ilustrativo-Verde-Y-Blanco.png?resize=1400%2C800&ssl=1 4x"},"classes":[]},{"id":15855,"url":"https:\/\/www.cisa-arica.cl\/wp1\/2022\/05\/16\/horarios-academias-2022\/","url_meta":{"origin":16864,"position":4},"title":"Horarios Academias 2022","author":"Jeannette Rivera","date":"16 de Mayo de 2022","format":false,"excerpt":"Estimada Comunidad Educativa: Compartimos con ustedes los horarios de entrada y salida de las distintas academias que ofrece nuestro establecimiento, tanto de Ed. B\u00e1sica como Ed. Media. Atentamente, Colegio Italiano Santa Ana","rel":"","context":"En &quot;Academias CISA&quot;","block_context":{"text":"Academias CISA","link":"https:\/\/www.cisa-arica.cl\/wp1\/category\/academias-cisa\/"},"img":{"alt_text":"","src":"https:\/\/i0.wp.com\/www.cisa-arica.cl\/wp1\/wp-content\/uploads\/2022\/05\/Screenshot_2.jpg?resize=350%2C200","width":350,"height":200,"srcset":"https:\/\/i0.wp.com\/www.cisa-arica.cl\/wp1\/wp-content\/uploads\/2022\/05\/Screenshot_2.jpg?resize=350%2C200 1x, https:\/\/i0.wp.com\/www.cisa-arica.cl\/wp1\/wp-content\/uploads\/2022\/05\/Screenshot_2.jpg?resize=525%2C300 1.5x, https:\/\/i0.wp.com\/www.cisa-arica.cl\/wp1\/wp-content\/uploads\/2022\/05\/Screenshot_2.jpg?resize=700%2C400 2x, https:\/\/i0.wp.com\/www.cisa-arica.cl\/wp1\/wp-content\/uploads\/2022\/05\/Screenshot_2.jpg?resize=1050%2C600 3x"},"classes":[]},{"id":20569,"url":"https:\/\/www.cisa-arica.cl\/wp1\/2023\/05\/27\/horarios-de-los-talleres-de-reforzamiento\/","url_meta":{"origin":16864,"position":5},"title":"Horarios de los Talleres de Reforzamiento","author":"Jeannette Rivera","date":"27 de Mayo de 2023","format":false,"excerpt":"A la Comunidad Educativa, se recuerdan los Talleres de Reforzamiento para ense\u00f1anza B\u00e1sica y Media, con sus respectivos horarios para las estudiantes de nuestro colegio.","rel":"","context":"Entrada similar ","block_context":{"text":"Entrada similar ","link":""},"img":{"alt_text":"","src":"https:\/\/i0.wp.com\/www.cisa-arica.cl\/wp1\/wp-content\/uploads\/2023\/05\/D6AA2B2B-DDF7-439A-8363-9BE366E5F403.jpeg?resize=350%2C200&ssl=1","width":350,"height":200,"srcset":"https:\/\/i0.wp.com\/www.cisa-arica.cl\/wp1\/wp-content\/uploads\/2023\/05\/D6AA2B2B-DDF7-439A-8363-9BE366E5F403.jpeg?resize=350%2C200&ssl=1 1x, https:\/\/i0.wp.com\/www.cisa-arica.cl\/wp1\/wp-content\/uploads\/2023\/05\/D6AA2B2B-DDF7-439A-8363-9BE366E5F403.jpeg?resize=525%2C300&ssl=1 1.5x, https:\/\/i0.wp.com\/www.cisa-arica.cl\/wp1\/wp-content\/uploads\/2023\/05\/D6AA2B2B-DDF7-439A-8363-9BE366E5F403.jpeg?resize=700%2C400&ssl=1 2x, https:\/\/i0.wp.com\/www.cisa-arica.cl\/wp1\/wp-content\/uploads\/2023\/05\/D6AA2B2B-DDF7-439A-8363-9BE366E5F403.jpeg?resize=1050%2C600&ssl=1 3x, https:\/\/i0.wp.com\/www.cisa-arica.cl\/wp1\/wp-content\/uploads\/2023\/05\/D6AA2B2B-DDF7-439A-8363-9BE366E5F403.jpeg?resize=1400%2C800&ssl=1 4x"},"classes":[]}],"_links":{"self":[{"href":"https:\/\/www.cisa-arica.cl\/wp1\/wp-json\/wp\/v2\/posts\/16864","targetHints":{"allow":["GET"]}}],"collection":[{"href":"https:\/\/www.cisa-arica.cl\/wp1\/wp-json\/wp\/v2\/posts"}],"about":[{"href":"https:\/\/www.cisa-arica.cl\/wp1\/wp-json\/wp\/v2\/types\/post"}],"author":[{"embeddable":true,"href":"https:\/\/www.cisa-arica.cl\/wp1\/wp-json\/wp\/v2\/users\/1"}],"replies":[{"embeddable":true,"href":"https:\/\/www.cisa-arica.cl\/wp1\/wp-json\/wp\/v2\/comments?post=16864"}],"version-history":[{"count":7,"href":"https:\/\/www.cisa-arica.cl\/wp1\/wp-json\/wp\/v2\/posts\/16864\/revisions"}],"predecessor-version":[{"id":17176,"href":"https:\/\/www.cisa-arica.cl\/wp1\/wp-json\/wp\/v2\/posts\/16864\/revisions\/17176"}],"wp:featuredmedia":[{"embeddable":true,"href":"https:\/\/www.cisa-arica.cl\/wp1\/wp-json\/wp\/v2\/media\/16954"}],"wp:attachment":[{"href":"https:\/\/www.cisa-arica.cl\/wp1\/wp-json\/wp\/v2\/media?parent=16864"}],"wp:term":[{"taxonomy":"category","embeddable":true,"href":"https:\/\/www.cisa-arica.cl\/wp1\/wp-json\/wp\/v2\/categories?post=16864"},{"taxonomy":"post_tag","embeddable":true,"href":"https:\/\/www.cisa-arica.cl\/wp1\/wp-json\/wp\/v2\/tags?post=16864"}],"curies":[{"name":"wp","href":"https:\/\/api.w.org\/{rel}","templated":true}]}}