{"id":16739,"date":"2022-06-24T18:58:29","date_gmt":"2022-06-24T22:58:29","guid":{"rendered":"https:\/\/www.cisa-arica.cl\/wp1\/?p=16739"},"modified":"2022-06-24T19:01:56","modified_gmt":"2022-06-24T23:01:56","slug":"visita-a-tribunales-de-justicia","status":"publish","type":"post","link":"https:\/\/www.cisa-arica.cl\/wp1\/2022\/06\/24\/visita-a-tribunales-de-justicia\/","title":{"rendered":"Visita a Tribunales de Justicia"},"content":{"rendered":"\n<p>El d\u00eda jueves 23 del presente, las estudiantes del electivo plan diferenciado \u201cEscritura y lectura especializada\u201d G2, realizaron una visita pedag\u00f3gica a tribunales de justicia, donde fueron recibidas por el personal administrativo, quienes les mostraron las dependencias del lugar y las funciones que desempe\u00f1a un juzgado de garant\u00eda, posteriormente presenciaron audiencias a cargo del juez Sr. Jos\u00e9 Urrutia Molina, quien adem\u00e1s les aclar\u00f3 dudas y consultas sobre tu cargo y profesi\u00f3n. Sin duda una maravillosa experiencia y apoyo vocacional que fue acompa\u00f1ada por su profesora del electivo Maureen Michel. <\/p>\n\n\n\n<div class=\"wp-block-group\"><div class=\"wp-block-group__inner-container is-layout-flow wp-block-group-is-layout-flow\">\n<div class=\"wp-block-jetpack-tiled-gallery aligncenter is-style-rectangular\"><div class=\"tiled-gallery__gallery\"><div class=\"tiled-gallery__row\"><div class=\"tiled-gallery__col\" style=\"flex-basis:50.00000%\"><figure class=\"tiled-gallery__item\"><img decoding=\"async\" data-attachment-id=\"16741\" data-permalink=\"https:\/\/www.cisa-arica.cl\/wp1\/2022\/06\/24\/visita-a-tribunales-de-justicia\/whatsapp-image-2022-06-23-at-12-38-50-pm-1\/\" data-orig-file=\"https:\/\/www.cisa-arica.cl\/wp1\/wp-content\/uploads\/2022\/06\/WhatsApp-Image-2022-06-23-at-12.38.50-PM-1.jpeg\" data-orig-size=\"1200,1600\" data-comments-opened=\"0\" data-image-meta=\"{&quot;aperture&quot;:&quot;0&quot;,&quot;credit&quot;:&quot;&quot;,&quot;camera&quot;:&quot;&quot;,&quot;caption&quot;:&quot;&quot;,&quot;created_timestamp&quot;:&quot;0&quot;,&quot;copyright&quot;:&quot;&quot;,&quot;focal_length&quot;:&quot;0&quot;,&quot;iso&quot;:&quot;0&quot;,&quot;shutter_speed&quot;:&quot;0&quot;,&quot;title&quot;:&quot;&quot;,&quot;orientation&quot;:&quot;0&quot;}\" data-image-title=\"WhatsApp-Image-2022-06-23-at-12.38.50-PM-1\" data-image-description=\"\" data-image-caption=\"\" data-large-file=\"https:\/\/www.cisa-arica.cl\/wp1\/wp-content\/uploads\/2022\/06\/WhatsApp-Image-2022-06-23-at-12.38.50-PM-1-450x600.jpeg\" data-attachment-id=\"16741\" data-permalink=\"https:\/\/www.cisa-arica.cl\/wp1\/2022\/06\/24\/visita-a-tribunales-de-justicia\/whatsapp-image-2022-06-23-at-12-38-50-pm-1\/\" data-orig-file=\"https:\/\/www.cisa-arica.cl\/wp1\/wp-content\/uploads\/2022\/06\/WhatsApp-Image-2022-06-23-at-12.38.50-PM-1.jpeg\" data-orig-size=\"1200,1600\" data-comments-opened=\"0\" data-image-meta=\"{&quot;aperture&quot;:&quot;0&quot;,&quot;credit&quot;:&quot;&quot;,&quot;camera&quot;:&quot;&quot;,&quot;caption&quot;:&quot;&quot;,&quot;created_timestamp&quot;:&quot;0&quot;,&quot;copyright&quot;:&quot;&quot;,&quot;focal_length&quot;:&quot;0&quot;,&quot;iso&quot;:&quot;0&quot;,&quot;shutter_speed&quot;:&quot;0&quot;,&quot;title&quot;:&quot;&quot;,&quot;orientation&quot;:&quot;0&quot;}\" data-image-title=\"WhatsApp-Image-2022-06-23-at-12.38.50-PM-1\" data-image-description=\"\" data-image-caption=\"\" data-large-file=\"https:\/\/www.cisa-arica.cl\/wp1\/wp-content\/uploads\/2022\/06\/WhatsApp-Image-2022-06-23-at-12.38.50-PM-1-450x600.jpeg\" role=\"button\" tabindex=\"0\" aria-label=\"Abrir la imagen 1 de 20 en pantalla completa\"srcset=\"https:\/\/i2.wp.com\/www.cisa-arica.cl\/wp1\/wp-content\/uploads\/2022\/06\/WhatsApp-Image-2022-06-23-at-12.38.50-PM-1-450x600.jpeg?strip=info&#038;w=600&#038;ssl=1 600w,https:\/\/i2.wp.com\/www.cisa-arica.cl\/wp1\/wp-content\/uploads\/2022\/06\/WhatsApp-Image-2022-06-23-at-12.38.50-PM-1-450x600.jpeg?strip=info&#038;w=900&#038;ssl=1 900w,https:\/\/i2.wp.com\/www.cisa-arica.cl\/wp1\/wp-content\/uploads\/2022\/06\/WhatsApp-Image-2022-06-23-at-12.38.50-PM-1-450x600.jpeg?strip=info&#038;w=1200&#038;ssl=1 1200w\" alt=\"\" data-height=\"1600\" data-id=\"16741\" data-link=\"https:\/\/www.cisa-arica.cl\/wp1\/?attachment_id=16741\" data-url=\"https:\/\/www.cisa-arica.cl\/wp1\/wp-content\/uploads\/2022\/06\/WhatsApp-Image-2022-06-23-at-12.38.50-PM-1-450x600.jpeg\" data-width=\"1200\" src=\"https:\/\/i2.wp.com\/www.cisa-arica.cl\/wp1\/wp-content\/uploads\/2022\/06\/WhatsApp-Image-2022-06-23-at-12.38.50-PM-1-450x600.jpeg?ssl=1\" data-amp-layout=\"responsive\"\/><\/figure><\/div><div class=\"tiled-gallery__col\" style=\"flex-basis:50.00000%\"><figure class=\"tiled-gallery__item\"><img decoding=\"async\" data-attachment-id=\"16742\" data-permalink=\"https:\/\/www.cisa-arica.cl\/wp1\/2022\/06\/24\/visita-a-tribunales-de-justicia\/whatsapp-image-2022-06-23-at-12-38-49-pm-1-1\/\" data-orig-file=\"https:\/\/www.cisa-arica.cl\/wp1\/wp-content\/uploads\/2022\/06\/WhatsApp-Image-2022-06-23-at-12.38.49-PM-1-1.jpeg\" data-orig-size=\"1200,1600\" data-comments-opened=\"0\" data-image-meta=\"{&quot;aperture&quot;:&quot;0&quot;,&quot;credit&quot;:&quot;&quot;,&quot;camera&quot;:&quot;&quot;,&quot;caption&quot;:&quot;&quot;,&quot;created_timestamp&quot;:&quot;0&quot;,&quot;copyright&quot;:&quot;&quot;,&quot;focal_length&quot;:&quot;0&quot;,&quot;iso&quot;:&quot;0&quot;,&quot;shutter_speed&quot;:&quot;0&quot;,&quot;title&quot;:&quot;&quot;,&quot;orientation&quot;:&quot;0&quot;}\" data-image-title=\"WhatsApp-Image-2022-06-23-at-12.38.49-PM-1-1\" data-image-description=\"\" data-image-caption=\"\" data-large-file=\"https:\/\/www.cisa-arica.cl\/wp1\/wp-content\/uploads\/2022\/06\/WhatsApp-Image-2022-06-23-at-12.38.49-PM-1-1-450x600.jpeg\" data-attachment-id=\"16742\" data-permalink=\"https:\/\/www.cisa-arica.cl\/wp1\/2022\/06\/24\/visita-a-tribunales-de-justicia\/whatsapp-image-2022-06-23-at-12-38-49-pm-1-1\/\" data-orig-file=\"https:\/\/www.cisa-arica.cl\/wp1\/wp-content\/uploads\/2022\/06\/WhatsApp-Image-2022-06-23-at-12.38.49-PM-1-1.jpeg\" data-orig-size=\"1200,1600\" data-comments-opened=\"0\" data-image-meta=\"{&quot;aperture&quot;:&quot;0&quot;,&quot;credit&quot;:&quot;&quot;,&quot;camera&quot;:&quot;&quot;,&quot;caption&quot;:&quot;&quot;,&quot;created_timestamp&quot;:&quot;0&quot;,&quot;copyright&quot;:&quot;&quot;,&quot;focal_length&quot;:&quot;0&quot;,&quot;iso&quot;:&quot;0&quot;,&quot;shutter_speed&quot;:&quot;0&quot;,&quot;title&quot;:&quot;&quot;,&quot;orientation&quot;:&quot;0&quot;}\" data-image-title=\"WhatsApp-Image-2022-06-23-at-12.38.49-PM-1-1\" data-image-description=\"\" data-image-caption=\"\" data-large-file=\"https:\/\/www.cisa-arica.cl\/wp1\/wp-content\/uploads\/2022\/06\/WhatsApp-Image-2022-06-23-at-12.38.49-PM-1-1-450x600.jpeg\" role=\"button\" tabindex=\"0\" aria-label=\"Abrir la imagen 2 de 20 en pantalla completa\"srcset=\"https:\/\/i1.wp.com\/www.cisa-arica.cl\/wp1\/wp-content\/uploads\/2022\/06\/WhatsApp-Image-2022-06-23-at-12.38.49-PM-1-1-450x600.jpeg?strip=info&#038;w=600&#038;ssl=1 600w,https:\/\/i1.wp.com\/www.cisa-arica.cl\/wp1\/wp-content\/uploads\/2022\/06\/WhatsApp-Image-2022-06-23-at-12.38.49-PM-1-1-450x600.jpeg?strip=info&#038;w=900&#038;ssl=1 900w,https:\/\/i1.wp.com\/www.cisa-arica.cl\/wp1\/wp-content\/uploads\/2022\/06\/WhatsApp-Image-2022-06-23-at-12.38.49-PM-1-1-450x600.jpeg?strip=info&#038;w=1200&#038;ssl=1 1200w\" alt=\"\" data-height=\"1600\" data-id=\"16742\" data-link=\"https:\/\/www.cisa-arica.cl\/wp1\/?attachment_id=16742\" data-url=\"https:\/\/www.cisa-arica.cl\/wp1\/wp-content\/uploads\/2022\/06\/WhatsApp-Image-2022-06-23-at-12.38.49-PM-1-1-450x600.jpeg\" data-width=\"1200\" src=\"https:\/\/i1.wp.com\/www.cisa-arica.cl\/wp1\/wp-content\/uploads\/2022\/06\/WhatsApp-Image-2022-06-23-at-12.38.49-PM-1-1-450x600.jpeg?ssl=1\" data-amp-layout=\"responsive\"\/><\/figure><\/div><\/div><div class=\"tiled-gallery__row\"><div class=\"tiled-gallery__col\" style=\"flex-basis:46.93448%\"><figure class=\"tiled-gallery__item\"><img decoding=\"async\" data-attachment-id=\"16743\" data-permalink=\"https:\/\/www.cisa-arica.cl\/wp1\/2022\/06\/24\/visita-a-tribunales-de-justicia\/whatsapp-image-2022-06-23-at-12-38-49-pm-2\/\" data-orig-file=\"https:\/\/www.cisa-arica.cl\/wp1\/wp-content\/uploads\/2022\/06\/WhatsApp-Image-2022-06-23-at-12.38.49-PM-2.jpeg\" data-orig-size=\"1600,1200\" data-comments-opened=\"0\" data-image-meta=\"{&quot;aperture&quot;:&quot;0&quot;,&quot;credit&quot;:&quot;&quot;,&quot;camera&quot;:&quot;&quot;,&quot;caption&quot;:&quot;&quot;,&quot;created_timestamp&quot;:&quot;0&quot;,&quot;copyright&quot;:&quot;&quot;,&quot;focal_length&quot;:&quot;0&quot;,&quot;iso&quot;:&quot;0&quot;,&quot;shutter_speed&quot;:&quot;0&quot;,&quot;title&quot;:&quot;&quot;,&quot;orientation&quot;:&quot;0&quot;}\" data-image-title=\"WhatsApp-Image-2022-06-23-at-12.38.49-PM-2\" data-image-description=\"\" data-image-caption=\"\" data-large-file=\"https:\/\/www.cisa-arica.cl\/wp1\/wp-content\/uploads\/2022\/06\/WhatsApp-Image-2022-06-23-at-12.38.49-PM-2-600x450.jpeg\" data-attachment-id=\"16743\" data-permalink=\"https:\/\/www.cisa-arica.cl\/wp1\/2022\/06\/24\/visita-a-tribunales-de-justicia\/whatsapp-image-2022-06-23-at-12-38-49-pm-2\/\" data-orig-file=\"https:\/\/www.cisa-arica.cl\/wp1\/wp-content\/uploads\/2022\/06\/WhatsApp-Image-2022-06-23-at-12.38.49-PM-2.jpeg\" data-orig-size=\"1600,1200\" data-comments-opened=\"0\" data-image-meta=\"{&quot;aperture&quot;:&quot;0&quot;,&quot;credit&quot;:&quot;&quot;,&quot;camera&quot;:&quot;&quot;,&quot;caption&quot;:&quot;&quot;,&quot;created_timestamp&quot;:&quot;0&quot;,&quot;copyright&quot;:&quot;&quot;,&quot;focal_length&quot;:&quot;0&quot;,&quot;iso&quot;:&quot;0&quot;,&quot;shutter_speed&quot;:&quot;0&quot;,&quot;title&quot;:&quot;&quot;,&quot;orientation&quot;:&quot;0&quot;}\" data-image-title=\"WhatsApp-Image-2022-06-23-at-12.38.49-PM-2\" data-image-description=\"\" data-image-caption=\"\" data-large-file=\"https:\/\/www.cisa-arica.cl\/wp1\/wp-content\/uploads\/2022\/06\/WhatsApp-Image-2022-06-23-at-12.38.49-PM-2-600x450.jpeg\" role=\"button\" tabindex=\"0\" aria-label=\"Abrir la imagen 3 de 20 en pantalla completa\"srcset=\"https:\/\/i2.wp.com\/www.cisa-arica.cl\/wp1\/wp-content\/uploads\/2022\/06\/WhatsApp-Image-2022-06-23-at-12.38.49-PM-2-600x450.jpeg?strip=info&#038;w=600&#038;ssl=1 600w,https:\/\/i2.wp.com\/www.cisa-arica.cl\/wp1\/wp-content\/uploads\/2022\/06\/WhatsApp-Image-2022-06-23-at-12.38.49-PM-2-600x450.jpeg?strip=info&#038;w=900&#038;ssl=1 900w,https:\/\/i2.wp.com\/www.cisa-arica.cl\/wp1\/wp-content\/uploads\/2022\/06\/WhatsApp-Image-2022-06-23-at-12.38.49-PM-2-600x450.jpeg?strip=info&#038;w=1200&#038;ssl=1 1200w,https:\/\/i2.wp.com\/www.cisa-arica.cl\/wp1\/wp-content\/uploads\/2022\/06\/WhatsApp-Image-2022-06-23-at-12.38.49-PM-2-600x450.jpeg?strip=info&#038;w=1500&#038;ssl=1 1500w,https:\/\/i2.wp.com\/www.cisa-arica.cl\/wp1\/wp-content\/uploads\/2022\/06\/WhatsApp-Image-2022-06-23-at-12.38.49-PM-2-600x450.jpeg?strip=info&#038;w=1600&#038;ssl=1 1600w\" alt=\"\" data-height=\"1200\" data-id=\"16743\" data-link=\"https:\/\/www.cisa-arica.cl\/wp1\/?attachment_id=16743\" data-url=\"https:\/\/www.cisa-arica.cl\/wp1\/wp-content\/uploads\/2022\/06\/WhatsApp-Image-2022-06-23-at-12.38.49-PM-2-600x450.jpeg\" data-width=\"1600\" src=\"https:\/\/i2.wp.com\/www.cisa-arica.cl\/wp1\/wp-content\/uploads\/2022\/06\/WhatsApp-Image-2022-06-23-at-12.38.49-PM-2-600x450.jpeg?ssl=1\" data-amp-layout=\"responsive\"\/><\/figure><figure class=\"tiled-gallery__item\"><img decoding=\"async\" data-attachment-id=\"16744\" data-permalink=\"https:\/\/www.cisa-arica.cl\/wp1\/2022\/06\/24\/visita-a-tribunales-de-justicia\/whatsapp-image-2022-06-23-at-12-38-48-pm-1-1\/\" data-orig-file=\"https:\/\/www.cisa-arica.cl\/wp1\/wp-content\/uploads\/2022\/06\/WhatsApp-Image-2022-06-23-at-12.38.48-PM-1-1.jpeg\" data-orig-size=\"1600,1200\" data-comments-opened=\"0\" data-image-meta=\"{&quot;aperture&quot;:&quot;0&quot;,&quot;credit&quot;:&quot;&quot;,&quot;camera&quot;:&quot;&quot;,&quot;caption&quot;:&quot;&quot;,&quot;created_timestamp&quot;:&quot;0&quot;,&quot;copyright&quot;:&quot;&quot;,&quot;focal_length&quot;:&quot;0&quot;,&quot;iso&quot;:&quot;0&quot;,&quot;shutter_speed&quot;:&quot;0&quot;,&quot;title&quot;:&quot;&quot;,&quot;orientation&quot;:&quot;0&quot;}\" data-image-title=\"WhatsApp-Image-2022-06-23-at-12.38.48-PM-1-1\" data-image-description=\"\" data-image-caption=\"\" data-large-file=\"https:\/\/www.cisa-arica.cl\/wp1\/wp-content\/uploads\/2022\/06\/WhatsApp-Image-2022-06-23-at-12.38.48-PM-1-1-600x450.jpeg\" data-attachment-id=\"16744\" data-permalink=\"https:\/\/www.cisa-arica.cl\/wp1\/2022\/06\/24\/visita-a-tribunales-de-justicia\/whatsapp-image-2022-06-23-at-12-38-48-pm-1-1\/\" data-orig-file=\"https:\/\/www.cisa-arica.cl\/wp1\/wp-content\/uploads\/2022\/06\/WhatsApp-Image-2022-06-23-at-12.38.48-PM-1-1.jpeg\" data-orig-size=\"1600,1200\" data-comments-opened=\"0\" data-image-meta=\"{&quot;aperture&quot;:&quot;0&quot;,&quot;credit&quot;:&quot;&quot;,&quot;camera&quot;:&quot;&quot;,&quot;caption&quot;:&quot;&quot;,&quot;created_timestamp&quot;:&quot;0&quot;,&quot;copyright&quot;:&quot;&quot;,&quot;focal_length&quot;:&quot;0&quot;,&quot;iso&quot;:&quot;0&quot;,&quot;shutter_speed&quot;:&quot;0&quot;,&quot;title&quot;:&quot;&quot;,&quot;orientation&quot;:&quot;0&quot;}\" data-image-title=\"WhatsApp-Image-2022-06-23-at-12.38.48-PM-1-1\" data-image-description=\"\" data-image-caption=\"\" data-large-file=\"https:\/\/www.cisa-arica.cl\/wp1\/wp-content\/uploads\/2022\/06\/WhatsApp-Image-2022-06-23-at-12.38.48-PM-1-1-600x450.jpeg\" role=\"button\" tabindex=\"0\" aria-label=\"Abrir la imagen 4 de 20 en pantalla completa\"srcset=\"https:\/\/i2.wp.com\/www.cisa-arica.cl\/wp1\/wp-content\/uploads\/2022\/06\/WhatsApp-Image-2022-06-23-at-12.38.48-PM-1-1-600x450.jpeg?strip=info&#038;w=600&#038;ssl=1 600w,https:\/\/i2.wp.com\/www.cisa-arica.cl\/wp1\/wp-content\/uploads\/2022\/06\/WhatsApp-Image-2022-06-23-at-12.38.48-PM-1-1-600x450.jpeg?strip=info&#038;w=900&#038;ssl=1 900w,https:\/\/i2.wp.com\/www.cisa-arica.cl\/wp1\/wp-content\/uploads\/2022\/06\/WhatsApp-Image-2022-06-23-at-12.38.48-PM-1-1-600x450.jpeg?strip=info&#038;w=1200&#038;ssl=1 1200w,https:\/\/i2.wp.com\/www.cisa-arica.cl\/wp1\/wp-content\/uploads\/2022\/06\/WhatsApp-Image-2022-06-23-at-12.38.48-PM-1-1-600x450.jpeg?strip=info&#038;w=1500&#038;ssl=1 1500w,https:\/\/i2.wp.com\/www.cisa-arica.cl\/wp1\/wp-content\/uploads\/2022\/06\/WhatsApp-Image-2022-06-23-at-12.38.48-PM-1-1-600x450.jpeg?strip=info&#038;w=1600&#038;ssl=1 1600w\" alt=\"\" data-height=\"1200\" data-id=\"16744\" data-link=\"https:\/\/www.cisa-arica.cl\/wp1\/?attachment_id=16744\" data-url=\"https:\/\/www.cisa-arica.cl\/wp1\/wp-content\/uploads\/2022\/06\/WhatsApp-Image-2022-06-23-at-12.38.48-PM-1-1-600x450.jpeg\" data-width=\"1600\" src=\"https:\/\/i2.wp.com\/www.cisa-arica.cl\/wp1\/wp-content\/uploads\/2022\/06\/WhatsApp-Image-2022-06-23-at-12.38.48-PM-1-1-600x450.jpeg?ssl=1\" data-amp-layout=\"responsive\"\/><\/figure><\/div><div class=\"tiled-gallery__col\" style=\"flex-basis:53.06552%\"><figure class=\"tiled-gallery__item\"><img decoding=\"async\" data-attachment-id=\"16745\" data-permalink=\"https:\/\/www.cisa-arica.cl\/wp1\/2022\/06\/24\/visita-a-tribunales-de-justicia\/whatsapp-image-2022-06-23-at-12-38-48-pm-2\/\" data-orig-file=\"https:\/\/www.cisa-arica.cl\/wp1\/wp-content\/uploads\/2022\/06\/WhatsApp-Image-2022-06-23-at-12.38.48-PM-2.jpeg\" data-orig-size=\"1200,1600\" data-comments-opened=\"0\" data-image-meta=\"{&quot;aperture&quot;:&quot;0&quot;,&quot;credit&quot;:&quot;&quot;,&quot;camera&quot;:&quot;&quot;,&quot;caption&quot;:&quot;&quot;,&quot;created_timestamp&quot;:&quot;0&quot;,&quot;copyright&quot;:&quot;&quot;,&quot;focal_length&quot;:&quot;0&quot;,&quot;iso&quot;:&quot;0&quot;,&quot;shutter_speed&quot;:&quot;0&quot;,&quot;title&quot;:&quot;&quot;,&quot;orientation&quot;:&quot;0&quot;}\" data-image-title=\"WhatsApp-Image-2022-06-23-at-12.38.48-PM-2\" data-image-description=\"\" data-image-caption=\"\" data-large-file=\"https:\/\/www.cisa-arica.cl\/wp1\/wp-content\/uploads\/2022\/06\/WhatsApp-Image-2022-06-23-at-12.38.48-PM-2-450x600.jpeg\" data-attachment-id=\"16745\" data-permalink=\"https:\/\/www.cisa-arica.cl\/wp1\/2022\/06\/24\/visita-a-tribunales-de-justicia\/whatsapp-image-2022-06-23-at-12-38-48-pm-2\/\" data-orig-file=\"https:\/\/www.cisa-arica.cl\/wp1\/wp-content\/uploads\/2022\/06\/WhatsApp-Image-2022-06-23-at-12.38.48-PM-2.jpeg\" data-orig-size=\"1200,1600\" data-comments-opened=\"0\" data-image-meta=\"{&quot;aperture&quot;:&quot;0&quot;,&quot;credit&quot;:&quot;&quot;,&quot;camera&quot;:&quot;&quot;,&quot;caption&quot;:&quot;&quot;,&quot;created_timestamp&quot;:&quot;0&quot;,&quot;copyright&quot;:&quot;&quot;,&quot;focal_length&quot;:&quot;0&quot;,&quot;iso&quot;:&quot;0&quot;,&quot;shutter_speed&quot;:&quot;0&quot;,&quot;title&quot;:&quot;&quot;,&quot;orientation&quot;:&quot;0&quot;}\" data-image-title=\"WhatsApp-Image-2022-06-23-at-12.38.48-PM-2\" data-image-description=\"\" data-image-caption=\"\" data-large-file=\"https:\/\/www.cisa-arica.cl\/wp1\/wp-content\/uploads\/2022\/06\/WhatsApp-Image-2022-06-23-at-12.38.48-PM-2-450x600.jpeg\" role=\"button\" tabindex=\"0\" aria-label=\"Abrir la imagen 5 de 20 en pantalla completa\"srcset=\"https:\/\/i1.wp.com\/www.cisa-arica.cl\/wp1\/wp-content\/uploads\/2022\/06\/WhatsApp-Image-2022-06-23-at-12.38.48-PM-2-450x600.jpeg?strip=info&#038;w=600&#038;ssl=1 600w,https:\/\/i1.wp.com\/www.cisa-arica.cl\/wp1\/wp-content\/uploads\/2022\/06\/WhatsApp-Image-2022-06-23-at-12.38.48-PM-2-450x600.jpeg?strip=info&#038;w=900&#038;ssl=1 900w,https:\/\/i1.wp.com\/www.cisa-arica.cl\/wp1\/wp-content\/uploads\/2022\/06\/WhatsApp-Image-2022-06-23-at-12.38.48-PM-2-450x600.jpeg?strip=info&#038;w=1200&#038;ssl=1 1200w\" alt=\"\" data-height=\"1600\" data-id=\"16745\" data-link=\"https:\/\/www.cisa-arica.cl\/wp1\/?attachment_id=16745\" data-url=\"https:\/\/www.cisa-arica.cl\/wp1\/wp-content\/uploads\/2022\/06\/WhatsApp-Image-2022-06-23-at-12.38.48-PM-2-450x600.jpeg\" data-width=\"1200\" src=\"https:\/\/i1.wp.com\/www.cisa-arica.cl\/wp1\/wp-content\/uploads\/2022\/06\/WhatsApp-Image-2022-06-23-at-12.38.48-PM-2-450x600.jpeg?ssl=1\" data-amp-layout=\"responsive\"\/><\/figure><\/div><\/div><div class=\"tiled-gallery__row\"><div class=\"tiled-gallery__col\" style=\"flex-basis:62.93843%\"><figure class=\"tiled-gallery__item\"><img decoding=\"async\" data-attachment-id=\"16746\" data-permalink=\"https:\/\/www.cisa-arica.cl\/wp1\/2022\/06\/24\/visita-a-tribunales-de-justicia\/whatsapp-image-2022-06-23-at-12-38-47-pm-1-1\/\" data-orig-file=\"https:\/\/www.cisa-arica.cl\/wp1\/wp-content\/uploads\/2022\/06\/WhatsApp-Image-2022-06-23-at-12.38.47-PM-1-1.jpeg\" data-orig-size=\"1200,1600\" data-comments-opened=\"0\" data-image-meta=\"{&quot;aperture&quot;:&quot;0&quot;,&quot;credit&quot;:&quot;&quot;,&quot;camera&quot;:&quot;&quot;,&quot;caption&quot;:&quot;&quot;,&quot;created_timestamp&quot;:&quot;0&quot;,&quot;copyright&quot;:&quot;&quot;,&quot;focal_length&quot;:&quot;0&quot;,&quot;iso&quot;:&quot;0&quot;,&quot;shutter_speed&quot;:&quot;0&quot;,&quot;title&quot;:&quot;&quot;,&quot;orientation&quot;:&quot;0&quot;}\" data-image-title=\"WhatsApp-Image-2022-06-23-at-12.38.47-PM-1-1\" data-image-description=\"\" data-image-caption=\"\" data-large-file=\"https:\/\/www.cisa-arica.cl\/wp1\/wp-content\/uploads\/2022\/06\/WhatsApp-Image-2022-06-23-at-12.38.47-PM-1-1-450x600.jpeg\" data-attachment-id=\"16746\" data-permalink=\"https:\/\/www.cisa-arica.cl\/wp1\/2022\/06\/24\/visita-a-tribunales-de-justicia\/whatsapp-image-2022-06-23-at-12-38-47-pm-1-1\/\" data-orig-file=\"https:\/\/www.cisa-arica.cl\/wp1\/wp-content\/uploads\/2022\/06\/WhatsApp-Image-2022-06-23-at-12.38.47-PM-1-1.jpeg\" data-orig-size=\"1200,1600\" data-comments-opened=\"0\" data-image-meta=\"{&quot;aperture&quot;:&quot;0&quot;,&quot;credit&quot;:&quot;&quot;,&quot;camera&quot;:&quot;&quot;,&quot;caption&quot;:&quot;&quot;,&quot;created_timestamp&quot;:&quot;0&quot;,&quot;copyright&quot;:&quot;&quot;,&quot;focal_length&quot;:&quot;0&quot;,&quot;iso&quot;:&quot;0&quot;,&quot;shutter_speed&quot;:&quot;0&quot;,&quot;title&quot;:&quot;&quot;,&quot;orientation&quot;:&quot;0&quot;}\" data-image-title=\"WhatsApp-Image-2022-06-23-at-12.38.47-PM-1-1\" data-image-description=\"\" data-image-caption=\"\" data-large-file=\"https:\/\/www.cisa-arica.cl\/wp1\/wp-content\/uploads\/2022\/06\/WhatsApp-Image-2022-06-23-at-12.38.47-PM-1-1-450x600.jpeg\" role=\"button\" tabindex=\"0\" aria-label=\"Abrir la imagen 6 de 20 en pantalla completa\"srcset=\"https:\/\/i0.wp.com\/www.cisa-arica.cl\/wp1\/wp-content\/uploads\/2022\/06\/WhatsApp-Image-2022-06-23-at-12.38.47-PM-1-1-450x600.jpeg?strip=info&#038;w=600&#038;ssl=1 600w,https:\/\/i0.wp.com\/www.cisa-arica.cl\/wp1\/wp-content\/uploads\/2022\/06\/WhatsApp-Image-2022-06-23-at-12.38.47-PM-1-1-450x600.jpeg?strip=info&#038;w=900&#038;ssl=1 900w,https:\/\/i0.wp.com\/www.cisa-arica.cl\/wp1\/wp-content\/uploads\/2022\/06\/WhatsApp-Image-2022-06-23-at-12.38.47-PM-1-1-450x600.jpeg?strip=info&#038;w=1200&#038;ssl=1 1200w\" alt=\"\" data-height=\"1600\" data-id=\"16746\" data-link=\"https:\/\/www.cisa-arica.cl\/wp1\/?attachment_id=16746\" data-url=\"https:\/\/www.cisa-arica.cl\/wp1\/wp-content\/uploads\/2022\/06\/WhatsApp-Image-2022-06-23-at-12.38.47-PM-1-1-450x600.jpeg\" data-width=\"1200\" src=\"https:\/\/i0.wp.com\/www.cisa-arica.cl\/wp1\/wp-content\/uploads\/2022\/06\/WhatsApp-Image-2022-06-23-at-12.38.47-PM-1-1-450x600.jpeg?ssl=1\" data-amp-layout=\"responsive\"\/><\/figure><\/div><div class=\"tiled-gallery__col\" style=\"flex-basis:37.06157%\"><figure class=\"tiled-gallery__item\"><img decoding=\"async\" data-attachment-id=\"16748\" data-permalink=\"https:\/\/www.cisa-arica.cl\/wp1\/2022\/06\/24\/visita-a-tribunales-de-justicia\/whatsapp-image-2022-06-23-at-12-38-46-pm-1\/\" data-orig-file=\"https:\/\/www.cisa-arica.cl\/wp1\/wp-content\/uploads\/2022\/06\/WhatsApp-Image-2022-06-23-at-12.38.46-PM-1.jpeg\" data-orig-size=\"1600,1200\" data-comments-opened=\"0\" data-image-meta=\"{&quot;aperture&quot;:&quot;0&quot;,&quot;credit&quot;:&quot;&quot;,&quot;camera&quot;:&quot;&quot;,&quot;caption&quot;:&quot;&quot;,&quot;created_timestamp&quot;:&quot;0&quot;,&quot;copyright&quot;:&quot;&quot;,&quot;focal_length&quot;:&quot;0&quot;,&quot;iso&quot;:&quot;0&quot;,&quot;shutter_speed&quot;:&quot;0&quot;,&quot;title&quot;:&quot;&quot;,&quot;orientation&quot;:&quot;0&quot;}\" data-image-title=\"WhatsApp-Image-2022-06-23-at-12.38.46-PM-1\" data-image-description=\"\" data-image-caption=\"\" data-large-file=\"https:\/\/www.cisa-arica.cl\/wp1\/wp-content\/uploads\/2022\/06\/WhatsApp-Image-2022-06-23-at-12.38.46-PM-1-600x450.jpeg\" data-attachment-id=\"16748\" data-permalink=\"https:\/\/www.cisa-arica.cl\/wp1\/2022\/06\/24\/visita-a-tribunales-de-justicia\/whatsapp-image-2022-06-23-at-12-38-46-pm-1\/\" data-orig-file=\"https:\/\/www.cisa-arica.cl\/wp1\/wp-content\/uploads\/2022\/06\/WhatsApp-Image-2022-06-23-at-12.38.46-PM-1.jpeg\" data-orig-size=\"1600,1200\" data-comments-opened=\"0\" data-image-meta=\"{&quot;aperture&quot;:&quot;0&quot;,&quot;credit&quot;:&quot;&quot;,&quot;camera&quot;:&quot;&quot;,&quot;caption&quot;:&quot;&quot;,&quot;created_timestamp&quot;:&quot;0&quot;,&quot;copyright&quot;:&quot;&quot;,&quot;focal_length&quot;:&quot;0&quot;,&quot;iso&quot;:&quot;0&quot;,&quot;shutter_speed&quot;:&quot;0&quot;,&quot;title&quot;:&quot;&quot;,&quot;orientation&quot;:&quot;0&quot;}\" data-image-title=\"WhatsApp-Image-2022-06-23-at-12.38.46-PM-1\" data-image-description=\"\" data-image-caption=\"\" data-large-file=\"https:\/\/www.cisa-arica.cl\/wp1\/wp-content\/uploads\/2022\/06\/WhatsApp-Image-2022-06-23-at-12.38.46-PM-1-600x450.jpeg\" role=\"button\" tabindex=\"0\" aria-label=\"Abrir la imagen 7 de 20 en pantalla completa\"srcset=\"https:\/\/i0.wp.com\/www.cisa-arica.cl\/wp1\/wp-content\/uploads\/2022\/06\/WhatsApp-Image-2022-06-23-at-12.38.46-PM-1-600x450.jpeg?strip=info&#038;w=600&#038;ssl=1 600w,https:\/\/i0.wp.com\/www.cisa-arica.cl\/wp1\/wp-content\/uploads\/2022\/06\/WhatsApp-Image-2022-06-23-at-12.38.46-PM-1-600x450.jpeg?strip=info&#038;w=900&#038;ssl=1 900w,https:\/\/i0.wp.com\/www.cisa-arica.cl\/wp1\/wp-content\/uploads\/2022\/06\/WhatsApp-Image-2022-06-23-at-12.38.46-PM-1-600x450.jpeg?strip=info&#038;w=1200&#038;ssl=1 1200w,https:\/\/i0.wp.com\/www.cisa-arica.cl\/wp1\/wp-content\/uploads\/2022\/06\/WhatsApp-Image-2022-06-23-at-12.38.46-PM-1-600x450.jpeg?strip=info&#038;w=1500&#038;ssl=1 1500w,https:\/\/i0.wp.com\/www.cisa-arica.cl\/wp1\/wp-content\/uploads\/2022\/06\/WhatsApp-Image-2022-06-23-at-12.38.46-PM-1-600x450.jpeg?strip=info&#038;w=1600&#038;ssl=1 1600w\" alt=\"\" data-height=\"1200\" data-id=\"16748\" data-link=\"https:\/\/www.cisa-arica.cl\/wp1\/?attachment_id=16748\" data-url=\"https:\/\/www.cisa-arica.cl\/wp1\/wp-content\/uploads\/2022\/06\/WhatsApp-Image-2022-06-23-at-12.38.46-PM-1-600x450.jpeg\" data-width=\"1600\" src=\"https:\/\/i0.wp.com\/www.cisa-arica.cl\/wp1\/wp-content\/uploads\/2022\/06\/WhatsApp-Image-2022-06-23-at-12.38.46-PM-1-600x450.jpeg?ssl=1\" data-amp-layout=\"responsive\"\/><\/figure><figure class=\"tiled-gallery__item\"><img decoding=\"async\" data-attachment-id=\"16749\" data-permalink=\"https:\/\/www.cisa-arica.cl\/wp1\/2022\/06\/24\/visita-a-tribunales-de-justicia\/whatsapp-image-2022-06-23-at-12-38-45-pm-1\/\" data-orig-file=\"https:\/\/www.cisa-arica.cl\/wp1\/wp-content\/uploads\/2022\/06\/WhatsApp-Image-2022-06-23-at-12.38.45-PM-1.jpeg\" data-orig-size=\"1600,1200\" data-comments-opened=\"0\" data-image-meta=\"{&quot;aperture&quot;:&quot;0&quot;,&quot;credit&quot;:&quot;&quot;,&quot;camera&quot;:&quot;&quot;,&quot;caption&quot;:&quot;&quot;,&quot;created_timestamp&quot;:&quot;0&quot;,&quot;copyright&quot;:&quot;&quot;,&quot;focal_length&quot;:&quot;0&quot;,&quot;iso&quot;:&quot;0&quot;,&quot;shutter_speed&quot;:&quot;0&quot;,&quot;title&quot;:&quot;&quot;,&quot;orientation&quot;:&quot;0&quot;}\" data-image-title=\"WhatsApp-Image-2022-06-23-at-12.38.45-PM-1\" data-image-description=\"\" data-image-caption=\"\" data-large-file=\"https:\/\/www.cisa-arica.cl\/wp1\/wp-content\/uploads\/2022\/06\/WhatsApp-Image-2022-06-23-at-12.38.45-PM-1-600x450.jpeg\" data-attachment-id=\"16749\" data-permalink=\"https:\/\/www.cisa-arica.cl\/wp1\/2022\/06\/24\/visita-a-tribunales-de-justicia\/whatsapp-image-2022-06-23-at-12-38-45-pm-1\/\" data-orig-file=\"https:\/\/www.cisa-arica.cl\/wp1\/wp-content\/uploads\/2022\/06\/WhatsApp-Image-2022-06-23-at-12.38.45-PM-1.jpeg\" data-orig-size=\"1600,1200\" data-comments-opened=\"0\" data-image-meta=\"{&quot;aperture&quot;:&quot;0&quot;,&quot;credit&quot;:&quot;&quot;,&quot;camera&quot;:&quot;&quot;,&quot;caption&quot;:&quot;&quot;,&quot;created_timestamp&quot;:&quot;0&quot;,&quot;copyright&quot;:&quot;&quot;,&quot;focal_length&quot;:&quot;0&quot;,&quot;iso&quot;:&quot;0&quot;,&quot;shutter_speed&quot;:&quot;0&quot;,&quot;title&quot;:&quot;&quot;,&quot;orientation&quot;:&quot;0&quot;}\" data-image-title=\"WhatsApp-Image-2022-06-23-at-12.38.45-PM-1\" data-image-description=\"\" data-image-caption=\"\" data-large-file=\"https:\/\/www.cisa-arica.cl\/wp1\/wp-content\/uploads\/2022\/06\/WhatsApp-Image-2022-06-23-at-12.38.45-PM-1-600x450.jpeg\" role=\"button\" tabindex=\"0\" aria-label=\"Abrir la imagen 8 de 20 en pantalla completa\"srcset=\"https:\/\/i2.wp.com\/www.cisa-arica.cl\/wp1\/wp-content\/uploads\/2022\/06\/WhatsApp-Image-2022-06-23-at-12.38.45-PM-1-600x450.jpeg?strip=info&#038;w=600&#038;ssl=1 600w,https:\/\/i2.wp.com\/www.cisa-arica.cl\/wp1\/wp-content\/uploads\/2022\/06\/WhatsApp-Image-2022-06-23-at-12.38.45-PM-1-600x450.jpeg?strip=info&#038;w=900&#038;ssl=1 900w,https:\/\/i2.wp.com\/www.cisa-arica.cl\/wp1\/wp-content\/uploads\/2022\/06\/WhatsApp-Image-2022-06-23-at-12.38.45-PM-1-600x450.jpeg?strip=info&#038;w=1200&#038;ssl=1 1200w,https:\/\/i2.wp.com\/www.cisa-arica.cl\/wp1\/wp-content\/uploads\/2022\/06\/WhatsApp-Image-2022-06-23-at-12.38.45-PM-1-600x450.jpeg?strip=info&#038;w=1500&#038;ssl=1 1500w,https:\/\/i2.wp.com\/www.cisa-arica.cl\/wp1\/wp-content\/uploads\/2022\/06\/WhatsApp-Image-2022-06-23-at-12.38.45-PM-1-600x450.jpeg?strip=info&#038;w=1600&#038;ssl=1 1600w\" alt=\"\" data-height=\"1200\" data-id=\"16749\" data-link=\"https:\/\/www.cisa-arica.cl\/wp1\/?attachment_id=16749\" data-url=\"https:\/\/www.cisa-arica.cl\/wp1\/wp-content\/uploads\/2022\/06\/WhatsApp-Image-2022-06-23-at-12.38.45-PM-1-600x450.jpeg\" data-width=\"1600\" src=\"https:\/\/i2.wp.com\/www.cisa-arica.cl\/wp1\/wp-content\/uploads\/2022\/06\/WhatsApp-Image-2022-06-23-at-12.38.45-PM-1-600x450.jpeg?ssl=1\" data-amp-layout=\"responsive\"\/><\/figure><figure class=\"tiled-gallery__item\"><img decoding=\"async\" data-attachment-id=\"16750\" data-permalink=\"https:\/\/www.cisa-arica.cl\/wp1\/2022\/06\/24\/visita-a-tribunales-de-justicia\/whatsapp-image-2022-06-23-at-12-38-44-pm-1-1\/\" data-orig-file=\"https:\/\/www.cisa-arica.cl\/wp1\/wp-content\/uploads\/2022\/06\/WhatsApp-Image-2022-06-23-at-12.38.44-PM-1-1.jpeg\" data-orig-size=\"1600,1200\" data-comments-opened=\"0\" data-image-meta=\"{&quot;aperture&quot;:&quot;0&quot;,&quot;credit&quot;:&quot;&quot;,&quot;camera&quot;:&quot;&quot;,&quot;caption&quot;:&quot;&quot;,&quot;created_timestamp&quot;:&quot;0&quot;,&quot;copyright&quot;:&quot;&quot;,&quot;focal_length&quot;:&quot;0&quot;,&quot;iso&quot;:&quot;0&quot;,&quot;shutter_speed&quot;:&quot;0&quot;,&quot;title&quot;:&quot;&quot;,&quot;orientation&quot;:&quot;0&quot;}\" data-image-title=\"WhatsApp-Image-2022-06-23-at-12.38.44-PM-1-1\" data-image-description=\"\" data-image-caption=\"\" data-large-file=\"https:\/\/www.cisa-arica.cl\/wp1\/wp-content\/uploads\/2022\/06\/WhatsApp-Image-2022-06-23-at-12.38.44-PM-1-1-600x450.jpeg\" data-attachment-id=\"16750\" data-permalink=\"https:\/\/www.cisa-arica.cl\/wp1\/2022\/06\/24\/visita-a-tribunales-de-justicia\/whatsapp-image-2022-06-23-at-12-38-44-pm-1-1\/\" data-orig-file=\"https:\/\/www.cisa-arica.cl\/wp1\/wp-content\/uploads\/2022\/06\/WhatsApp-Image-2022-06-23-at-12.38.44-PM-1-1.jpeg\" data-orig-size=\"1600,1200\" data-comments-opened=\"0\" data-image-meta=\"{&quot;aperture&quot;:&quot;0&quot;,&quot;credit&quot;:&quot;&quot;,&quot;camera&quot;:&quot;&quot;,&quot;caption&quot;:&quot;&quot;,&quot;created_timestamp&quot;:&quot;0&quot;,&quot;copyright&quot;:&quot;&quot;,&quot;focal_length&quot;:&quot;0&quot;,&quot;iso&quot;:&quot;0&quot;,&quot;shutter_speed&quot;:&quot;0&quot;,&quot;title&quot;:&quot;&quot;,&quot;orientation&quot;:&quot;0&quot;}\" data-image-title=\"WhatsApp-Image-2022-06-23-at-12.38.44-PM-1-1\" data-image-description=\"\" data-image-caption=\"\" data-large-file=\"https:\/\/www.cisa-arica.cl\/wp1\/wp-content\/uploads\/2022\/06\/WhatsApp-Image-2022-06-23-at-12.38.44-PM-1-1-600x450.jpeg\" role=\"button\" tabindex=\"0\" aria-label=\"Abrir la imagen 9 de 20 en pantalla completa\"srcset=\"https:\/\/i0.wp.com\/www.cisa-arica.cl\/wp1\/wp-content\/uploads\/2022\/06\/WhatsApp-Image-2022-06-23-at-12.38.44-PM-1-1-600x450.jpeg?strip=info&#038;w=600&#038;ssl=1 600w,https:\/\/i0.wp.com\/www.cisa-arica.cl\/wp1\/wp-content\/uploads\/2022\/06\/WhatsApp-Image-2022-06-23-at-12.38.44-PM-1-1-600x450.jpeg?strip=info&#038;w=900&#038;ssl=1 900w,https:\/\/i0.wp.com\/www.cisa-arica.cl\/wp1\/wp-content\/uploads\/2022\/06\/WhatsApp-Image-2022-06-23-at-12.38.44-PM-1-1-600x450.jpeg?strip=info&#038;w=1200&#038;ssl=1 1200w,https:\/\/i0.wp.com\/www.cisa-arica.cl\/wp1\/wp-content\/uploads\/2022\/06\/WhatsApp-Image-2022-06-23-at-12.38.44-PM-1-1-600x450.jpeg?strip=info&#038;w=1500&#038;ssl=1 1500w,https:\/\/i0.wp.com\/www.cisa-arica.cl\/wp1\/wp-content\/uploads\/2022\/06\/WhatsApp-Image-2022-06-23-at-12.38.44-PM-1-1-600x450.jpeg?strip=info&#038;w=1600&#038;ssl=1 1600w\" alt=\"\" data-height=\"1200\" data-id=\"16750\" data-link=\"https:\/\/www.cisa-arica.cl\/wp1\/?attachment_id=16750\" data-url=\"https:\/\/www.cisa-arica.cl\/wp1\/wp-content\/uploads\/2022\/06\/WhatsApp-Image-2022-06-23-at-12.38.44-PM-1-1-600x450.jpeg\" data-width=\"1600\" src=\"https:\/\/i0.wp.com\/www.cisa-arica.cl\/wp1\/wp-content\/uploads\/2022\/06\/WhatsApp-Image-2022-06-23-at-12.38.44-PM-1-1-600x450.jpeg?ssl=1\" data-amp-layout=\"responsive\"\/><\/figure><\/div><\/div><div class=\"tiled-gallery__row\"><div class=\"tiled-gallery__col\" style=\"flex-basis:66.75356%\"><figure class=\"tiled-gallery__item\"><img decoding=\"async\" data-attachment-id=\"16751\" data-permalink=\"https:\/\/www.cisa-arica.cl\/wp1\/2022\/06\/24\/visita-a-tribunales-de-justicia\/whatsapp-image-2022-06-23-at-12-38-44-pm-2\/\" data-orig-file=\"https:\/\/www.cisa-arica.cl\/wp1\/wp-content\/uploads\/2022\/06\/WhatsApp-Image-2022-06-23-at-12.38.44-PM-2.jpeg\" data-orig-size=\"1600,1200\" data-comments-opened=\"0\" data-image-meta=\"{&quot;aperture&quot;:&quot;0&quot;,&quot;credit&quot;:&quot;&quot;,&quot;camera&quot;:&quot;&quot;,&quot;caption&quot;:&quot;&quot;,&quot;created_timestamp&quot;:&quot;0&quot;,&quot;copyright&quot;:&quot;&quot;,&quot;focal_length&quot;:&quot;0&quot;,&quot;iso&quot;:&quot;0&quot;,&quot;shutter_speed&quot;:&quot;0&quot;,&quot;title&quot;:&quot;&quot;,&quot;orientation&quot;:&quot;0&quot;}\" data-image-title=\"WhatsApp-Image-2022-06-23-at-12.38.44-PM-2\" data-image-description=\"\" data-image-caption=\"\" data-large-file=\"https:\/\/www.cisa-arica.cl\/wp1\/wp-content\/uploads\/2022\/06\/WhatsApp-Image-2022-06-23-at-12.38.44-PM-2-600x450.jpeg\" data-attachment-id=\"16751\" data-permalink=\"https:\/\/www.cisa-arica.cl\/wp1\/2022\/06\/24\/visita-a-tribunales-de-justicia\/whatsapp-image-2022-06-23-at-12-38-44-pm-2\/\" data-orig-file=\"https:\/\/www.cisa-arica.cl\/wp1\/wp-content\/uploads\/2022\/06\/WhatsApp-Image-2022-06-23-at-12.38.44-PM-2.jpeg\" data-orig-size=\"1600,1200\" data-comments-opened=\"0\" data-image-meta=\"{&quot;aperture&quot;:&quot;0&quot;,&quot;credit&quot;:&quot;&quot;,&quot;camera&quot;:&quot;&quot;,&quot;caption&quot;:&quot;&quot;,&quot;created_timestamp&quot;:&quot;0&quot;,&quot;copyright&quot;:&quot;&quot;,&quot;focal_length&quot;:&quot;0&quot;,&quot;iso&quot;:&quot;0&quot;,&quot;shutter_speed&quot;:&quot;0&quot;,&quot;title&quot;:&quot;&quot;,&quot;orientation&quot;:&quot;0&quot;}\" data-image-title=\"WhatsApp-Image-2022-06-23-at-12.38.44-PM-2\" data-image-description=\"\" data-image-caption=\"\" data-large-file=\"https:\/\/www.cisa-arica.cl\/wp1\/wp-content\/uploads\/2022\/06\/WhatsApp-Image-2022-06-23-at-12.38.44-PM-2-600x450.jpeg\" role=\"button\" tabindex=\"0\" aria-label=\"Abrir la imagen 10 de 20 en pantalla completa\"srcset=\"https:\/\/i0.wp.com\/www.cisa-arica.cl\/wp1\/wp-content\/uploads\/2022\/06\/WhatsApp-Image-2022-06-23-at-12.38.44-PM-2-600x450.jpeg?strip=info&#038;w=600&#038;ssl=1 600w,https:\/\/i0.wp.com\/www.cisa-arica.cl\/wp1\/wp-content\/uploads\/2022\/06\/WhatsApp-Image-2022-06-23-at-12.38.44-PM-2-600x450.jpeg?strip=info&#038;w=900&#038;ssl=1 900w,https:\/\/i0.wp.com\/www.cisa-arica.cl\/wp1\/wp-content\/uploads\/2022\/06\/WhatsApp-Image-2022-06-23-at-12.38.44-PM-2-600x450.jpeg?strip=info&#038;w=1200&#038;ssl=1 1200w,https:\/\/i0.wp.com\/www.cisa-arica.cl\/wp1\/wp-content\/uploads\/2022\/06\/WhatsApp-Image-2022-06-23-at-12.38.44-PM-2-600x450.jpeg?strip=info&#038;w=1500&#038;ssl=1 1500w,https:\/\/i0.wp.com\/www.cisa-arica.cl\/wp1\/wp-content\/uploads\/2022\/06\/WhatsApp-Image-2022-06-23-at-12.38.44-PM-2-600x450.jpeg?strip=info&#038;w=1600&#038;ssl=1 1600w\" alt=\"\" data-height=\"1200\" data-id=\"16751\" data-link=\"https:\/\/www.cisa-arica.cl\/wp1\/?attachment_id=16751\" data-url=\"https:\/\/www.cisa-arica.cl\/wp1\/wp-content\/uploads\/2022\/06\/WhatsApp-Image-2022-06-23-at-12.38.44-PM-2-600x450.jpeg\" data-width=\"1600\" src=\"https:\/\/i0.wp.com\/www.cisa-arica.cl\/wp1\/wp-content\/uploads\/2022\/06\/WhatsApp-Image-2022-06-23-at-12.38.44-PM-2-600x450.jpeg?ssl=1\" data-amp-layout=\"responsive\"\/><\/figure><\/div><div class=\"tiled-gallery__col\" style=\"flex-basis:33.24644%\"><figure class=\"tiled-gallery__item\"><img decoding=\"async\" data-attachment-id=\"16752\" data-permalink=\"https:\/\/www.cisa-arica.cl\/wp1\/2022\/06\/24\/visita-a-tribunales-de-justicia\/whatsapp-image-2022-06-23-at-12-38-43-pm-1-1\/\" data-orig-file=\"https:\/\/www.cisa-arica.cl\/wp1\/wp-content\/uploads\/2022\/06\/WhatsApp-Image-2022-06-23-at-12.38.43-PM-1-1.jpeg\" data-orig-size=\"1600,1200\" data-comments-opened=\"0\" data-image-meta=\"{&quot;aperture&quot;:&quot;0&quot;,&quot;credit&quot;:&quot;&quot;,&quot;camera&quot;:&quot;&quot;,&quot;caption&quot;:&quot;&quot;,&quot;created_timestamp&quot;:&quot;0&quot;,&quot;copyright&quot;:&quot;&quot;,&quot;focal_length&quot;:&quot;0&quot;,&quot;iso&quot;:&quot;0&quot;,&quot;shutter_speed&quot;:&quot;0&quot;,&quot;title&quot;:&quot;&quot;,&quot;orientation&quot;:&quot;0&quot;}\" data-image-title=\"WhatsApp-Image-2022-06-23-at-12.38.43-PM-1-1\" data-image-description=\"\" data-image-caption=\"\" data-large-file=\"https:\/\/www.cisa-arica.cl\/wp1\/wp-content\/uploads\/2022\/06\/WhatsApp-Image-2022-06-23-at-12.38.43-PM-1-1-600x450.jpeg\" data-attachment-id=\"16752\" data-permalink=\"https:\/\/www.cisa-arica.cl\/wp1\/2022\/06\/24\/visita-a-tribunales-de-justicia\/whatsapp-image-2022-06-23-at-12-38-43-pm-1-1\/\" data-orig-file=\"https:\/\/www.cisa-arica.cl\/wp1\/wp-content\/uploads\/2022\/06\/WhatsApp-Image-2022-06-23-at-12.38.43-PM-1-1.jpeg\" data-orig-size=\"1600,1200\" data-comments-opened=\"0\" data-image-meta=\"{&quot;aperture&quot;:&quot;0&quot;,&quot;credit&quot;:&quot;&quot;,&quot;camera&quot;:&quot;&quot;,&quot;caption&quot;:&quot;&quot;,&quot;created_timestamp&quot;:&quot;0&quot;,&quot;copyright&quot;:&quot;&quot;,&quot;focal_length&quot;:&quot;0&quot;,&quot;iso&quot;:&quot;0&quot;,&quot;shutter_speed&quot;:&quot;0&quot;,&quot;title&quot;:&quot;&quot;,&quot;orientation&quot;:&quot;0&quot;}\" data-image-title=\"WhatsApp-Image-2022-06-23-at-12.38.43-PM-1-1\" data-image-description=\"\" data-image-caption=\"\" data-large-file=\"https:\/\/www.cisa-arica.cl\/wp1\/wp-content\/uploads\/2022\/06\/WhatsApp-Image-2022-06-23-at-12.38.43-PM-1-1-600x450.jpeg\" role=\"button\" tabindex=\"0\" aria-label=\"Abrir la imagen 11 de 20 en pantalla completa\"srcset=\"https:\/\/i0.wp.com\/www.cisa-arica.cl\/wp1\/wp-content\/uploads\/2022\/06\/WhatsApp-Image-2022-06-23-at-12.38.43-PM-1-1-600x450.jpeg?strip=info&#038;w=600&#038;ssl=1 600w,https:\/\/i0.wp.com\/www.cisa-arica.cl\/wp1\/wp-content\/uploads\/2022\/06\/WhatsApp-Image-2022-06-23-at-12.38.43-PM-1-1-600x450.jpeg?strip=info&#038;w=900&#038;ssl=1 900w,https:\/\/i0.wp.com\/www.cisa-arica.cl\/wp1\/wp-content\/uploads\/2022\/06\/WhatsApp-Image-2022-06-23-at-12.38.43-PM-1-1-600x450.jpeg?strip=info&#038;w=1200&#038;ssl=1 1200w,https:\/\/i0.wp.com\/www.cisa-arica.cl\/wp1\/wp-content\/uploads\/2022\/06\/WhatsApp-Image-2022-06-23-at-12.38.43-PM-1-1-600x450.jpeg?strip=info&#038;w=1500&#038;ssl=1 1500w,https:\/\/i0.wp.com\/www.cisa-arica.cl\/wp1\/wp-content\/uploads\/2022\/06\/WhatsApp-Image-2022-06-23-at-12.38.43-PM-1-1-600x450.jpeg?strip=info&#038;w=1600&#038;ssl=1 1600w\" alt=\"\" data-height=\"1200\" data-id=\"16752\" data-link=\"https:\/\/www.cisa-arica.cl\/wp1\/?attachment_id=16752\" data-url=\"https:\/\/www.cisa-arica.cl\/wp1\/wp-content\/uploads\/2022\/06\/WhatsApp-Image-2022-06-23-at-12.38.43-PM-1-1-600x450.jpeg\" data-width=\"1600\" src=\"https:\/\/i0.wp.com\/www.cisa-arica.cl\/wp1\/wp-content\/uploads\/2022\/06\/WhatsApp-Image-2022-06-23-at-12.38.43-PM-1-1-600x450.jpeg?ssl=1\" data-amp-layout=\"responsive\"\/><\/figure><figure class=\"tiled-gallery__item\"><img decoding=\"async\" data-attachment-id=\"16753\" data-permalink=\"https:\/\/www.cisa-arica.cl\/wp1\/2022\/06\/24\/visita-a-tribunales-de-justicia\/whatsapp-image-2022-06-23-at-12-38-43-pm-2\/\" data-orig-file=\"https:\/\/www.cisa-arica.cl\/wp1\/wp-content\/uploads\/2022\/06\/WhatsApp-Image-2022-06-23-at-12.38.43-PM-2.jpeg\" data-orig-size=\"1600,1200\" data-comments-opened=\"0\" data-image-meta=\"{&quot;aperture&quot;:&quot;0&quot;,&quot;credit&quot;:&quot;&quot;,&quot;camera&quot;:&quot;&quot;,&quot;caption&quot;:&quot;&quot;,&quot;created_timestamp&quot;:&quot;0&quot;,&quot;copyright&quot;:&quot;&quot;,&quot;focal_length&quot;:&quot;0&quot;,&quot;iso&quot;:&quot;0&quot;,&quot;shutter_speed&quot;:&quot;0&quot;,&quot;title&quot;:&quot;&quot;,&quot;orientation&quot;:&quot;0&quot;}\" data-image-title=\"WhatsApp-Image-2022-06-23-at-12.38.43-PM-2\" data-image-description=\"\" data-image-caption=\"\" data-large-file=\"https:\/\/www.cisa-arica.cl\/wp1\/wp-content\/uploads\/2022\/06\/WhatsApp-Image-2022-06-23-at-12.38.43-PM-2-600x450.jpeg\" data-attachment-id=\"16753\" data-permalink=\"https:\/\/www.cisa-arica.cl\/wp1\/2022\/06\/24\/visita-a-tribunales-de-justicia\/whatsapp-image-2022-06-23-at-12-38-43-pm-2\/\" data-orig-file=\"https:\/\/www.cisa-arica.cl\/wp1\/wp-content\/uploads\/2022\/06\/WhatsApp-Image-2022-06-23-at-12.38.43-PM-2.jpeg\" data-orig-size=\"1600,1200\" data-comments-opened=\"0\" data-image-meta=\"{&quot;aperture&quot;:&quot;0&quot;,&quot;credit&quot;:&quot;&quot;,&quot;camera&quot;:&quot;&quot;,&quot;caption&quot;:&quot;&quot;,&quot;created_timestamp&quot;:&quot;0&quot;,&quot;copyright&quot;:&quot;&quot;,&quot;focal_length&quot;:&quot;0&quot;,&quot;iso&quot;:&quot;0&quot;,&quot;shutter_speed&quot;:&quot;0&quot;,&quot;title&quot;:&quot;&quot;,&quot;orientation&quot;:&quot;0&quot;}\" data-image-title=\"WhatsApp-Image-2022-06-23-at-12.38.43-PM-2\" data-image-description=\"\" data-image-caption=\"\" data-large-file=\"https:\/\/www.cisa-arica.cl\/wp1\/wp-content\/uploads\/2022\/06\/WhatsApp-Image-2022-06-23-at-12.38.43-PM-2-600x450.jpeg\" role=\"button\" tabindex=\"0\" aria-label=\"Abrir la imagen 12 de 20 en pantalla completa\"srcset=\"https:\/\/i2.wp.com\/www.cisa-arica.cl\/wp1\/wp-content\/uploads\/2022\/06\/WhatsApp-Image-2022-06-23-at-12.38.43-PM-2-600x450.jpeg?strip=info&#038;w=600&#038;ssl=1 600w,https:\/\/i2.wp.com\/www.cisa-arica.cl\/wp1\/wp-content\/uploads\/2022\/06\/WhatsApp-Image-2022-06-23-at-12.38.43-PM-2-600x450.jpeg?strip=info&#038;w=900&#038;ssl=1 900w,https:\/\/i2.wp.com\/www.cisa-arica.cl\/wp1\/wp-content\/uploads\/2022\/06\/WhatsApp-Image-2022-06-23-at-12.38.43-PM-2-600x450.jpeg?strip=info&#038;w=1200&#038;ssl=1 1200w,https:\/\/i2.wp.com\/www.cisa-arica.cl\/wp1\/wp-content\/uploads\/2022\/06\/WhatsApp-Image-2022-06-23-at-12.38.43-PM-2-600x450.jpeg?strip=info&#038;w=1500&#038;ssl=1 1500w,https:\/\/i2.wp.com\/www.cisa-arica.cl\/wp1\/wp-content\/uploads\/2022\/06\/WhatsApp-Image-2022-06-23-at-12.38.43-PM-2-600x450.jpeg?strip=info&#038;w=1600&#038;ssl=1 1600w\" alt=\"\" data-height=\"1200\" data-id=\"16753\" data-link=\"https:\/\/www.cisa-arica.cl\/wp1\/?attachment_id=16753\" data-url=\"https:\/\/www.cisa-arica.cl\/wp1\/wp-content\/uploads\/2022\/06\/WhatsApp-Image-2022-06-23-at-12.38.43-PM-2-600x450.jpeg\" data-width=\"1600\" src=\"https:\/\/i2.wp.com\/www.cisa-arica.cl\/wp1\/wp-content\/uploads\/2022\/06\/WhatsApp-Image-2022-06-23-at-12.38.43-PM-2-600x450.jpeg?ssl=1\" data-amp-layout=\"responsive\"\/><\/figure><\/div><\/div><div class=\"tiled-gallery__row\"><div class=\"tiled-gallery__col\" style=\"flex-basis:50.00000%\"><figure class=\"tiled-gallery__item\"><img decoding=\"async\" data-attachment-id=\"16754\" data-permalink=\"https:\/\/www.cisa-arica.cl\/wp1\/2022\/06\/24\/visita-a-tribunales-de-justicia\/whatsapp-image-2022-06-23-at-12-38-42-pm-1-1\/\" data-orig-file=\"https:\/\/www.cisa-arica.cl\/wp1\/wp-content\/uploads\/2022\/06\/WhatsApp-Image-2022-06-23-at-12.38.42-PM-1-1.jpeg\" data-orig-size=\"1600,1200\" data-comments-opened=\"0\" data-image-meta=\"{&quot;aperture&quot;:&quot;0&quot;,&quot;credit&quot;:&quot;&quot;,&quot;camera&quot;:&quot;&quot;,&quot;caption&quot;:&quot;&quot;,&quot;created_timestamp&quot;:&quot;0&quot;,&quot;copyright&quot;:&quot;&quot;,&quot;focal_length&quot;:&quot;0&quot;,&quot;iso&quot;:&quot;0&quot;,&quot;shutter_speed&quot;:&quot;0&quot;,&quot;title&quot;:&quot;&quot;,&quot;orientation&quot;:&quot;0&quot;}\" data-image-title=\"WhatsApp-Image-2022-06-23-at-12.38.42-PM-1-1\" data-image-description=\"\" data-image-caption=\"\" data-large-file=\"https:\/\/www.cisa-arica.cl\/wp1\/wp-content\/uploads\/2022\/06\/WhatsApp-Image-2022-06-23-at-12.38.42-PM-1-1-600x450.jpeg\" data-attachment-id=\"16754\" data-permalink=\"https:\/\/www.cisa-arica.cl\/wp1\/2022\/06\/24\/visita-a-tribunales-de-justicia\/whatsapp-image-2022-06-23-at-12-38-42-pm-1-1\/\" data-orig-file=\"https:\/\/www.cisa-arica.cl\/wp1\/wp-content\/uploads\/2022\/06\/WhatsApp-Image-2022-06-23-at-12.38.42-PM-1-1.jpeg\" data-orig-size=\"1600,1200\" data-comments-opened=\"0\" data-image-meta=\"{&quot;aperture&quot;:&quot;0&quot;,&quot;credit&quot;:&quot;&quot;,&quot;camera&quot;:&quot;&quot;,&quot;caption&quot;:&quot;&quot;,&quot;created_timestamp&quot;:&quot;0&quot;,&quot;copyright&quot;:&quot;&quot;,&quot;focal_length&quot;:&quot;0&quot;,&quot;iso&quot;:&quot;0&quot;,&quot;shutter_speed&quot;:&quot;0&quot;,&quot;title&quot;:&quot;&quot;,&quot;orientation&quot;:&quot;0&quot;}\" data-image-title=\"WhatsApp-Image-2022-06-23-at-12.38.42-PM-1-1\" data-image-description=\"\" data-image-caption=\"\" data-large-file=\"https:\/\/www.cisa-arica.cl\/wp1\/wp-content\/uploads\/2022\/06\/WhatsApp-Image-2022-06-23-at-12.38.42-PM-1-1-600x450.jpeg\" role=\"button\" tabindex=\"0\" aria-label=\"Abrir la imagen 13 de 20 en pantalla completa\"srcset=\"https:\/\/i1.wp.com\/www.cisa-arica.cl\/wp1\/wp-content\/uploads\/2022\/06\/WhatsApp-Image-2022-06-23-at-12.38.42-PM-1-1-600x450.jpeg?strip=info&#038;w=600&#038;ssl=1 600w,https:\/\/i1.wp.com\/www.cisa-arica.cl\/wp1\/wp-content\/uploads\/2022\/06\/WhatsApp-Image-2022-06-23-at-12.38.42-PM-1-1-600x450.jpeg?strip=info&#038;w=900&#038;ssl=1 900w,https:\/\/i1.wp.com\/www.cisa-arica.cl\/wp1\/wp-content\/uploads\/2022\/06\/WhatsApp-Image-2022-06-23-at-12.38.42-PM-1-1-600x450.jpeg?strip=info&#038;w=1200&#038;ssl=1 1200w,https:\/\/i1.wp.com\/www.cisa-arica.cl\/wp1\/wp-content\/uploads\/2022\/06\/WhatsApp-Image-2022-06-23-at-12.38.42-PM-1-1-600x450.jpeg?strip=info&#038;w=1500&#038;ssl=1 1500w,https:\/\/i1.wp.com\/www.cisa-arica.cl\/wp1\/wp-content\/uploads\/2022\/06\/WhatsApp-Image-2022-06-23-at-12.38.42-PM-1-1-600x450.jpeg?strip=info&#038;w=1600&#038;ssl=1 1600w\" alt=\"\" data-height=\"1200\" data-id=\"16754\" data-link=\"https:\/\/www.cisa-arica.cl\/wp1\/?attachment_id=16754\" data-url=\"https:\/\/www.cisa-arica.cl\/wp1\/wp-content\/uploads\/2022\/06\/WhatsApp-Image-2022-06-23-at-12.38.42-PM-1-1-600x450.jpeg\" data-width=\"1600\" src=\"https:\/\/i1.wp.com\/www.cisa-arica.cl\/wp1\/wp-content\/uploads\/2022\/06\/WhatsApp-Image-2022-06-23-at-12.38.42-PM-1-1-600x450.jpeg?ssl=1\" data-amp-layout=\"responsive\"\/><\/figure><\/div><div class=\"tiled-gallery__col\" style=\"flex-basis:50.00000%\"><figure class=\"tiled-gallery__item\"><img decoding=\"async\" data-attachment-id=\"16755\" data-permalink=\"https:\/\/www.cisa-arica.cl\/wp1\/2022\/06\/24\/visita-a-tribunales-de-justicia\/whatsapp-image-2022-06-23-at-12-38-42-pm-2\/\" data-orig-file=\"https:\/\/www.cisa-arica.cl\/wp1\/wp-content\/uploads\/2022\/06\/WhatsApp-Image-2022-06-23-at-12.38.42-PM-2.jpeg\" data-orig-size=\"1600,1200\" data-comments-opened=\"0\" data-image-meta=\"{&quot;aperture&quot;:&quot;0&quot;,&quot;credit&quot;:&quot;&quot;,&quot;camera&quot;:&quot;&quot;,&quot;caption&quot;:&quot;&quot;,&quot;created_timestamp&quot;:&quot;0&quot;,&quot;copyright&quot;:&quot;&quot;,&quot;focal_length&quot;:&quot;0&quot;,&quot;iso&quot;:&quot;0&quot;,&quot;shutter_speed&quot;:&quot;0&quot;,&quot;title&quot;:&quot;&quot;,&quot;orientation&quot;:&quot;0&quot;}\" data-image-title=\"WhatsApp-Image-2022-06-23-at-12.38.42-PM-2\" data-image-description=\"\" data-image-caption=\"\" data-large-file=\"https:\/\/www.cisa-arica.cl\/wp1\/wp-content\/uploads\/2022\/06\/WhatsApp-Image-2022-06-23-at-12.38.42-PM-2-600x450.jpeg\" data-attachment-id=\"16755\" data-permalink=\"https:\/\/www.cisa-arica.cl\/wp1\/2022\/06\/24\/visita-a-tribunales-de-justicia\/whatsapp-image-2022-06-23-at-12-38-42-pm-2\/\" data-orig-file=\"https:\/\/www.cisa-arica.cl\/wp1\/wp-content\/uploads\/2022\/06\/WhatsApp-Image-2022-06-23-at-12.38.42-PM-2.jpeg\" data-orig-size=\"1600,1200\" data-comments-opened=\"0\" data-image-meta=\"{&quot;aperture&quot;:&quot;0&quot;,&quot;credit&quot;:&quot;&quot;,&quot;camera&quot;:&quot;&quot;,&quot;caption&quot;:&quot;&quot;,&quot;created_timestamp&quot;:&quot;0&quot;,&quot;copyright&quot;:&quot;&quot;,&quot;focal_length&quot;:&quot;0&quot;,&quot;iso&quot;:&quot;0&quot;,&quot;shutter_speed&quot;:&quot;0&quot;,&quot;title&quot;:&quot;&quot;,&quot;orientation&quot;:&quot;0&quot;}\" data-image-title=\"WhatsApp-Image-2022-06-23-at-12.38.42-PM-2\" data-image-description=\"\" data-image-caption=\"\" data-large-file=\"https:\/\/www.cisa-arica.cl\/wp1\/wp-content\/uploads\/2022\/06\/WhatsApp-Image-2022-06-23-at-12.38.42-PM-2-600x450.jpeg\" role=\"button\" tabindex=\"0\" aria-label=\"Abrir la imagen 14 de 20 en pantalla completa\"srcset=\"https:\/\/i0.wp.com\/www.cisa-arica.cl\/wp1\/wp-content\/uploads\/2022\/06\/WhatsApp-Image-2022-06-23-at-12.38.42-PM-2-600x450.jpeg?strip=info&#038;w=600&#038;ssl=1 600w,https:\/\/i0.wp.com\/www.cisa-arica.cl\/wp1\/wp-content\/uploads\/2022\/06\/WhatsApp-Image-2022-06-23-at-12.38.42-PM-2-600x450.jpeg?strip=info&#038;w=900&#038;ssl=1 900w,https:\/\/i0.wp.com\/www.cisa-arica.cl\/wp1\/wp-content\/uploads\/2022\/06\/WhatsApp-Image-2022-06-23-at-12.38.42-PM-2-600x450.jpeg?strip=info&#038;w=1200&#038;ssl=1 1200w,https:\/\/i0.wp.com\/www.cisa-arica.cl\/wp1\/wp-content\/uploads\/2022\/06\/WhatsApp-Image-2022-06-23-at-12.38.42-PM-2-600x450.jpeg?strip=info&#038;w=1500&#038;ssl=1 1500w,https:\/\/i0.wp.com\/www.cisa-arica.cl\/wp1\/wp-content\/uploads\/2022\/06\/WhatsApp-Image-2022-06-23-at-12.38.42-PM-2-600x450.jpeg?strip=info&#038;w=1600&#038;ssl=1 1600w\" alt=\"\" data-height=\"1200\" data-id=\"16755\" data-link=\"https:\/\/www.cisa-arica.cl\/wp1\/?attachment_id=16755\" data-url=\"https:\/\/www.cisa-arica.cl\/wp1\/wp-content\/uploads\/2022\/06\/WhatsApp-Image-2022-06-23-at-12.38.42-PM-2-600x450.jpeg\" data-width=\"1600\" src=\"https:\/\/i0.wp.com\/www.cisa-arica.cl\/wp1\/wp-content\/uploads\/2022\/06\/WhatsApp-Image-2022-06-23-at-12.38.42-PM-2-600x450.jpeg?ssl=1\" data-amp-layout=\"responsive\"\/><\/figure><\/div><\/div><div class=\"tiled-gallery__row\"><div class=\"tiled-gallery__col\" style=\"flex-basis:25.00000%\"><figure class=\"tiled-gallery__item\"><img decoding=\"async\" data-attachment-id=\"16756\" data-permalink=\"https:\/\/www.cisa-arica.cl\/wp1\/2022\/06\/24\/visita-a-tribunales-de-justicia\/whatsapp-image-2022-06-23-at-12-38-41-pm-1\/\" data-orig-file=\"https:\/\/www.cisa-arica.cl\/wp1\/wp-content\/uploads\/2022\/06\/WhatsApp-Image-2022-06-23-at-12.38.41-PM-1.jpeg\" data-orig-size=\"1200,1600\" data-comments-opened=\"0\" data-image-meta=\"{&quot;aperture&quot;:&quot;0&quot;,&quot;credit&quot;:&quot;&quot;,&quot;camera&quot;:&quot;&quot;,&quot;caption&quot;:&quot;&quot;,&quot;created_timestamp&quot;:&quot;0&quot;,&quot;copyright&quot;:&quot;&quot;,&quot;focal_length&quot;:&quot;0&quot;,&quot;iso&quot;:&quot;0&quot;,&quot;shutter_speed&quot;:&quot;0&quot;,&quot;title&quot;:&quot;&quot;,&quot;orientation&quot;:&quot;0&quot;}\" data-image-title=\"WhatsApp-Image-2022-06-23-at-12.38.41-PM-1\" data-image-description=\"\" data-image-caption=\"\" data-large-file=\"https:\/\/www.cisa-arica.cl\/wp1\/wp-content\/uploads\/2022\/06\/WhatsApp-Image-2022-06-23-at-12.38.41-PM-1-450x600.jpeg\" data-attachment-id=\"16756\" data-permalink=\"https:\/\/www.cisa-arica.cl\/wp1\/2022\/06\/24\/visita-a-tribunales-de-justicia\/whatsapp-image-2022-06-23-at-12-38-41-pm-1\/\" data-orig-file=\"https:\/\/www.cisa-arica.cl\/wp1\/wp-content\/uploads\/2022\/06\/WhatsApp-Image-2022-06-23-at-12.38.41-PM-1.jpeg\" data-orig-size=\"1200,1600\" data-comments-opened=\"0\" data-image-meta=\"{&quot;aperture&quot;:&quot;0&quot;,&quot;credit&quot;:&quot;&quot;,&quot;camera&quot;:&quot;&quot;,&quot;caption&quot;:&quot;&quot;,&quot;created_timestamp&quot;:&quot;0&quot;,&quot;copyright&quot;:&quot;&quot;,&quot;focal_length&quot;:&quot;0&quot;,&quot;iso&quot;:&quot;0&quot;,&quot;shutter_speed&quot;:&quot;0&quot;,&quot;title&quot;:&quot;&quot;,&quot;orientation&quot;:&quot;0&quot;}\" data-image-title=\"WhatsApp-Image-2022-06-23-at-12.38.41-PM-1\" data-image-description=\"\" data-image-caption=\"\" data-large-file=\"https:\/\/www.cisa-arica.cl\/wp1\/wp-content\/uploads\/2022\/06\/WhatsApp-Image-2022-06-23-at-12.38.41-PM-1-450x600.jpeg\" role=\"button\" tabindex=\"0\" aria-label=\"Abrir la imagen 15 de 20 en pantalla completa\"srcset=\"https:\/\/i2.wp.com\/www.cisa-arica.cl\/wp1\/wp-content\/uploads\/2022\/06\/WhatsApp-Image-2022-06-23-at-12.38.41-PM-1-450x600.jpeg?strip=info&#038;w=600&#038;ssl=1 600w,https:\/\/i2.wp.com\/www.cisa-arica.cl\/wp1\/wp-content\/uploads\/2022\/06\/WhatsApp-Image-2022-06-23-at-12.38.41-PM-1-450x600.jpeg?strip=info&#038;w=900&#038;ssl=1 900w,https:\/\/i2.wp.com\/www.cisa-arica.cl\/wp1\/wp-content\/uploads\/2022\/06\/WhatsApp-Image-2022-06-23-at-12.38.41-PM-1-450x600.jpeg?strip=info&#038;w=1200&#038;ssl=1 1200w\" alt=\"\" data-height=\"1600\" data-id=\"16756\" data-link=\"https:\/\/www.cisa-arica.cl\/wp1\/?attachment_id=16756\" data-url=\"https:\/\/www.cisa-arica.cl\/wp1\/wp-content\/uploads\/2022\/06\/WhatsApp-Image-2022-06-23-at-12.38.41-PM-1-450x600.jpeg\" data-width=\"1200\" src=\"https:\/\/i2.wp.com\/www.cisa-arica.cl\/wp1\/wp-content\/uploads\/2022\/06\/WhatsApp-Image-2022-06-23-at-12.38.41-PM-1-450x600.jpeg?ssl=1\" data-amp-layout=\"responsive\"\/><\/figure><\/div><div class=\"tiled-gallery__col\" style=\"flex-basis:25.00000%\"><figure class=\"tiled-gallery__item\"><img decoding=\"async\" data-attachment-id=\"16757\" data-permalink=\"https:\/\/www.cisa-arica.cl\/wp1\/2022\/06\/24\/visita-a-tribunales-de-justicia\/whatsapp-image-2022-06-23-at-12-38-40-pm-1-1\/\" data-orig-file=\"https:\/\/www.cisa-arica.cl\/wp1\/wp-content\/uploads\/2022\/06\/WhatsApp-Image-2022-06-23-at-12.38.40-PM-1-1.jpeg\" data-orig-size=\"1200,1600\" data-comments-opened=\"0\" data-image-meta=\"{&quot;aperture&quot;:&quot;0&quot;,&quot;credit&quot;:&quot;&quot;,&quot;camera&quot;:&quot;&quot;,&quot;caption&quot;:&quot;&quot;,&quot;created_timestamp&quot;:&quot;0&quot;,&quot;copyright&quot;:&quot;&quot;,&quot;focal_length&quot;:&quot;0&quot;,&quot;iso&quot;:&quot;0&quot;,&quot;shutter_speed&quot;:&quot;0&quot;,&quot;title&quot;:&quot;&quot;,&quot;orientation&quot;:&quot;0&quot;}\" data-image-title=\"WhatsApp-Image-2022-06-23-at-12.38.40-PM-1-1\" data-image-description=\"\" data-image-caption=\"\" data-large-file=\"https:\/\/www.cisa-arica.cl\/wp1\/wp-content\/uploads\/2022\/06\/WhatsApp-Image-2022-06-23-at-12.38.40-PM-1-1-450x600.jpeg\" data-attachment-id=\"16757\" data-permalink=\"https:\/\/www.cisa-arica.cl\/wp1\/2022\/06\/24\/visita-a-tribunales-de-justicia\/whatsapp-image-2022-06-23-at-12-38-40-pm-1-1\/\" data-orig-file=\"https:\/\/www.cisa-arica.cl\/wp1\/wp-content\/uploads\/2022\/06\/WhatsApp-Image-2022-06-23-at-12.38.40-PM-1-1.jpeg\" data-orig-size=\"1200,1600\" data-comments-opened=\"0\" data-image-meta=\"{&quot;aperture&quot;:&quot;0&quot;,&quot;credit&quot;:&quot;&quot;,&quot;camera&quot;:&quot;&quot;,&quot;caption&quot;:&quot;&quot;,&quot;created_timestamp&quot;:&quot;0&quot;,&quot;copyright&quot;:&quot;&quot;,&quot;focal_length&quot;:&quot;0&quot;,&quot;iso&quot;:&quot;0&quot;,&quot;shutter_speed&quot;:&quot;0&quot;,&quot;title&quot;:&quot;&quot;,&quot;orientation&quot;:&quot;0&quot;}\" data-image-title=\"WhatsApp-Image-2022-06-23-at-12.38.40-PM-1-1\" data-image-description=\"\" data-image-caption=\"\" data-large-file=\"https:\/\/www.cisa-arica.cl\/wp1\/wp-content\/uploads\/2022\/06\/WhatsApp-Image-2022-06-23-at-12.38.40-PM-1-1-450x600.jpeg\" role=\"button\" tabindex=\"0\" aria-label=\"Abrir la imagen 16 de 20 en pantalla completa\"srcset=\"https:\/\/i0.wp.com\/www.cisa-arica.cl\/wp1\/wp-content\/uploads\/2022\/06\/WhatsApp-Image-2022-06-23-at-12.38.40-PM-1-1-450x600.jpeg?strip=info&#038;w=600&#038;ssl=1 600w,https:\/\/i0.wp.com\/www.cisa-arica.cl\/wp1\/wp-content\/uploads\/2022\/06\/WhatsApp-Image-2022-06-23-at-12.38.40-PM-1-1-450x600.jpeg?strip=info&#038;w=900&#038;ssl=1 900w,https:\/\/i0.wp.com\/www.cisa-arica.cl\/wp1\/wp-content\/uploads\/2022\/06\/WhatsApp-Image-2022-06-23-at-12.38.40-PM-1-1-450x600.jpeg?strip=info&#038;w=1200&#038;ssl=1 1200w\" alt=\"\" data-height=\"1600\" data-id=\"16757\" data-link=\"https:\/\/www.cisa-arica.cl\/wp1\/?attachment_id=16757\" data-url=\"https:\/\/www.cisa-arica.cl\/wp1\/wp-content\/uploads\/2022\/06\/WhatsApp-Image-2022-06-23-at-12.38.40-PM-1-1-450x600.jpeg\" data-width=\"1200\" src=\"https:\/\/i0.wp.com\/www.cisa-arica.cl\/wp1\/wp-content\/uploads\/2022\/06\/WhatsApp-Image-2022-06-23-at-12.38.40-PM-1-1-450x600.jpeg?ssl=1\" data-amp-layout=\"responsive\"\/><\/figure><\/div><div class=\"tiled-gallery__col\" style=\"flex-basis:25.00000%\"><figure class=\"tiled-gallery__item\"><img decoding=\"async\" data-attachment-id=\"16758\" data-permalink=\"https:\/\/www.cisa-arica.cl\/wp1\/2022\/06\/24\/visita-a-tribunales-de-justicia\/whatsapp-image-2022-06-23-at-12-38-40-pm-2\/\" data-orig-file=\"https:\/\/www.cisa-arica.cl\/wp1\/wp-content\/uploads\/2022\/06\/WhatsApp-Image-2022-06-23-at-12.38.40-PM-2.jpeg\" data-orig-size=\"1200,1600\" data-comments-opened=\"0\" data-image-meta=\"{&quot;aperture&quot;:&quot;0&quot;,&quot;credit&quot;:&quot;&quot;,&quot;camera&quot;:&quot;&quot;,&quot;caption&quot;:&quot;&quot;,&quot;created_timestamp&quot;:&quot;0&quot;,&quot;copyright&quot;:&quot;&quot;,&quot;focal_length&quot;:&quot;0&quot;,&quot;iso&quot;:&quot;0&quot;,&quot;shutter_speed&quot;:&quot;0&quot;,&quot;title&quot;:&quot;&quot;,&quot;orientation&quot;:&quot;0&quot;}\" data-image-title=\"WhatsApp-Image-2022-06-23-at-12.38.40-PM-2\" data-image-description=\"\" data-image-caption=\"\" data-large-file=\"https:\/\/www.cisa-arica.cl\/wp1\/wp-content\/uploads\/2022\/06\/WhatsApp-Image-2022-06-23-at-12.38.40-PM-2-450x600.jpeg\" data-attachment-id=\"16758\" data-permalink=\"https:\/\/www.cisa-arica.cl\/wp1\/2022\/06\/24\/visita-a-tribunales-de-justicia\/whatsapp-image-2022-06-23-at-12-38-40-pm-2\/\" data-orig-file=\"https:\/\/www.cisa-arica.cl\/wp1\/wp-content\/uploads\/2022\/06\/WhatsApp-Image-2022-06-23-at-12.38.40-PM-2.jpeg\" data-orig-size=\"1200,1600\" data-comments-opened=\"0\" data-image-meta=\"{&quot;aperture&quot;:&quot;0&quot;,&quot;credit&quot;:&quot;&quot;,&quot;camera&quot;:&quot;&quot;,&quot;caption&quot;:&quot;&quot;,&quot;created_timestamp&quot;:&quot;0&quot;,&quot;copyright&quot;:&quot;&quot;,&quot;focal_length&quot;:&quot;0&quot;,&quot;iso&quot;:&quot;0&quot;,&quot;shutter_speed&quot;:&quot;0&quot;,&quot;title&quot;:&quot;&quot;,&quot;orientation&quot;:&quot;0&quot;}\" data-image-title=\"WhatsApp-Image-2022-06-23-at-12.38.40-PM-2\" data-image-description=\"\" data-image-caption=\"\" data-large-file=\"https:\/\/www.cisa-arica.cl\/wp1\/wp-content\/uploads\/2022\/06\/WhatsApp-Image-2022-06-23-at-12.38.40-PM-2-450x600.jpeg\" role=\"button\" tabindex=\"0\" aria-label=\"Abrir la imagen 17 de 20 en pantalla completa\"srcset=\"https:\/\/i1.wp.com\/www.cisa-arica.cl\/wp1\/wp-content\/uploads\/2022\/06\/WhatsApp-Image-2022-06-23-at-12.38.40-PM-2-450x600.jpeg?strip=info&#038;w=600&#038;ssl=1 600w,https:\/\/i1.wp.com\/www.cisa-arica.cl\/wp1\/wp-content\/uploads\/2022\/06\/WhatsApp-Image-2022-06-23-at-12.38.40-PM-2-450x600.jpeg?strip=info&#038;w=900&#038;ssl=1 900w,https:\/\/i1.wp.com\/www.cisa-arica.cl\/wp1\/wp-content\/uploads\/2022\/06\/WhatsApp-Image-2022-06-23-at-12.38.40-PM-2-450x600.jpeg?strip=info&#038;w=1200&#038;ssl=1 1200w\" alt=\"\" data-height=\"1600\" data-id=\"16758\" data-link=\"https:\/\/www.cisa-arica.cl\/wp1\/?attachment_id=16758\" data-url=\"https:\/\/www.cisa-arica.cl\/wp1\/wp-content\/uploads\/2022\/06\/WhatsApp-Image-2022-06-23-at-12.38.40-PM-2-450x600.jpeg\" data-width=\"1200\" src=\"https:\/\/i1.wp.com\/www.cisa-arica.cl\/wp1\/wp-content\/uploads\/2022\/06\/WhatsApp-Image-2022-06-23-at-12.38.40-PM-2-450x600.jpeg?ssl=1\" data-amp-layout=\"responsive\"\/><\/figure><\/div><div class=\"tiled-gallery__col\" style=\"flex-basis:25.00000%\"><figure class=\"tiled-gallery__item\"><img decoding=\"async\" data-attachment-id=\"16760\" data-permalink=\"https:\/\/www.cisa-arica.cl\/wp1\/2022\/06\/24\/visita-a-tribunales-de-justicia\/whatsapp-image-2022-06-23-at-12-38-39-pm-1-1\/\" data-orig-file=\"https:\/\/www.cisa-arica.cl\/wp1\/wp-content\/uploads\/2022\/06\/WhatsApp-Image-2022-06-23-at-12.38.39-PM-1-1.jpeg\" data-orig-size=\"1200,1600\" data-comments-opened=\"0\" data-image-meta=\"{&quot;aperture&quot;:&quot;0&quot;,&quot;credit&quot;:&quot;&quot;,&quot;camera&quot;:&quot;&quot;,&quot;caption&quot;:&quot;&quot;,&quot;created_timestamp&quot;:&quot;0&quot;,&quot;copyright&quot;:&quot;&quot;,&quot;focal_length&quot;:&quot;0&quot;,&quot;iso&quot;:&quot;0&quot;,&quot;shutter_speed&quot;:&quot;0&quot;,&quot;title&quot;:&quot;&quot;,&quot;orientation&quot;:&quot;0&quot;}\" data-image-title=\"WhatsApp-Image-2022-06-23-at-12.38.39-PM-1-1\" data-image-description=\"\" data-image-caption=\"\" data-large-file=\"https:\/\/www.cisa-arica.cl\/wp1\/wp-content\/uploads\/2022\/06\/WhatsApp-Image-2022-06-23-at-12.38.39-PM-1-1-450x600.jpeg\" data-attachment-id=\"16760\" data-permalink=\"https:\/\/www.cisa-arica.cl\/wp1\/2022\/06\/24\/visita-a-tribunales-de-justicia\/whatsapp-image-2022-06-23-at-12-38-39-pm-1-1\/\" data-orig-file=\"https:\/\/www.cisa-arica.cl\/wp1\/wp-content\/uploads\/2022\/06\/WhatsApp-Image-2022-06-23-at-12.38.39-PM-1-1.jpeg\" data-orig-size=\"1200,1600\" data-comments-opened=\"0\" data-image-meta=\"{&quot;aperture&quot;:&quot;0&quot;,&quot;credit&quot;:&quot;&quot;,&quot;camera&quot;:&quot;&quot;,&quot;caption&quot;:&quot;&quot;,&quot;created_timestamp&quot;:&quot;0&quot;,&quot;copyright&quot;:&quot;&quot;,&quot;focal_length&quot;:&quot;0&quot;,&quot;iso&quot;:&quot;0&quot;,&quot;shutter_speed&quot;:&quot;0&quot;,&quot;title&quot;:&quot;&quot;,&quot;orientation&quot;:&quot;0&quot;}\" data-image-title=\"WhatsApp-Image-2022-06-23-at-12.38.39-PM-1-1\" data-image-description=\"\" data-image-caption=\"\" data-large-file=\"https:\/\/www.cisa-arica.cl\/wp1\/wp-content\/uploads\/2022\/06\/WhatsApp-Image-2022-06-23-at-12.38.39-PM-1-1-450x600.jpeg\" role=\"button\" tabindex=\"0\" aria-label=\"Abrir la imagen 18 de 20 en pantalla completa\"srcset=\"https:\/\/i0.wp.com\/www.cisa-arica.cl\/wp1\/wp-content\/uploads\/2022\/06\/WhatsApp-Image-2022-06-23-at-12.38.39-PM-1-1-450x600.jpeg?strip=info&#038;w=600&#038;ssl=1 600w,https:\/\/i0.wp.com\/www.cisa-arica.cl\/wp1\/wp-content\/uploads\/2022\/06\/WhatsApp-Image-2022-06-23-at-12.38.39-PM-1-1-450x600.jpeg?strip=info&#038;w=900&#038;ssl=1 900w,https:\/\/i0.wp.com\/www.cisa-arica.cl\/wp1\/wp-content\/uploads\/2022\/06\/WhatsApp-Image-2022-06-23-at-12.38.39-PM-1-1-450x600.jpeg?strip=info&#038;w=1200&#038;ssl=1 1200w\" alt=\"\" data-height=\"1600\" data-id=\"16760\" data-link=\"https:\/\/www.cisa-arica.cl\/wp1\/?attachment_id=16760\" data-url=\"https:\/\/www.cisa-arica.cl\/wp1\/wp-content\/uploads\/2022\/06\/WhatsApp-Image-2022-06-23-at-12.38.39-PM-1-1-450x600.jpeg\" data-width=\"1200\" src=\"https:\/\/i0.wp.com\/www.cisa-arica.cl\/wp1\/wp-content\/uploads\/2022\/06\/WhatsApp-Image-2022-06-23-at-12.38.39-PM-1-1-450x600.jpeg?ssl=1\" data-amp-layout=\"responsive\"\/><\/figure><\/div><\/div><div class=\"tiled-gallery__row\"><div class=\"tiled-gallery__col\" style=\"flex-basis:50.00000%\"><figure class=\"tiled-gallery__item\"><img decoding=\"async\" data-attachment-id=\"16761\" data-permalink=\"https:\/\/www.cisa-arica.cl\/wp1\/2022\/06\/24\/visita-a-tribunales-de-justicia\/whatsapp-image-2022-06-23-at-12-38-39-pm-3\/\" data-orig-file=\"https:\/\/www.cisa-arica.cl\/wp1\/wp-content\/uploads\/2022\/06\/WhatsApp-Image-2022-06-23-at-12.38.39-PM-3.jpeg\" data-orig-size=\"1600,1200\" data-comments-opened=\"0\" data-image-meta=\"{&quot;aperture&quot;:&quot;0&quot;,&quot;credit&quot;:&quot;&quot;,&quot;camera&quot;:&quot;&quot;,&quot;caption&quot;:&quot;&quot;,&quot;created_timestamp&quot;:&quot;0&quot;,&quot;copyright&quot;:&quot;&quot;,&quot;focal_length&quot;:&quot;0&quot;,&quot;iso&quot;:&quot;0&quot;,&quot;shutter_speed&quot;:&quot;0&quot;,&quot;title&quot;:&quot;&quot;,&quot;orientation&quot;:&quot;0&quot;}\" data-image-title=\"WhatsApp-Image-2022-06-23-at-12.38.39-PM-3\" data-image-description=\"\" data-image-caption=\"\" data-large-file=\"https:\/\/www.cisa-arica.cl\/wp1\/wp-content\/uploads\/2022\/06\/WhatsApp-Image-2022-06-23-at-12.38.39-PM-3-600x450.jpeg\" data-attachment-id=\"16761\" data-permalink=\"https:\/\/www.cisa-arica.cl\/wp1\/2022\/06\/24\/visita-a-tribunales-de-justicia\/whatsapp-image-2022-06-23-at-12-38-39-pm-3\/\" data-orig-file=\"https:\/\/www.cisa-arica.cl\/wp1\/wp-content\/uploads\/2022\/06\/WhatsApp-Image-2022-06-23-at-12.38.39-PM-3.jpeg\" data-orig-size=\"1600,1200\" data-comments-opened=\"0\" data-image-meta=\"{&quot;aperture&quot;:&quot;0&quot;,&quot;credit&quot;:&quot;&quot;,&quot;camera&quot;:&quot;&quot;,&quot;caption&quot;:&quot;&quot;,&quot;created_timestamp&quot;:&quot;0&quot;,&quot;copyright&quot;:&quot;&quot;,&quot;focal_length&quot;:&quot;0&quot;,&quot;iso&quot;:&quot;0&quot;,&quot;shutter_speed&quot;:&quot;0&quot;,&quot;title&quot;:&quot;&quot;,&quot;orientation&quot;:&quot;0&quot;}\" data-image-title=\"WhatsApp-Image-2022-06-23-at-12.38.39-PM-3\" data-image-description=\"\" data-image-caption=\"\" data-large-file=\"https:\/\/www.cisa-arica.cl\/wp1\/wp-content\/uploads\/2022\/06\/WhatsApp-Image-2022-06-23-at-12.38.39-PM-3-600x450.jpeg\" role=\"button\" tabindex=\"0\" aria-label=\"Abrir la imagen 19 de 20 en pantalla completa\"srcset=\"https:\/\/i2.wp.com\/www.cisa-arica.cl\/wp1\/wp-content\/uploads\/2022\/06\/WhatsApp-Image-2022-06-23-at-12.38.39-PM-3-600x450.jpeg?strip=info&#038;w=600&#038;ssl=1 600w,https:\/\/i2.wp.com\/www.cisa-arica.cl\/wp1\/wp-content\/uploads\/2022\/06\/WhatsApp-Image-2022-06-23-at-12.38.39-PM-3-600x450.jpeg?strip=info&#038;w=900&#038;ssl=1 900w,https:\/\/i2.wp.com\/www.cisa-arica.cl\/wp1\/wp-content\/uploads\/2022\/06\/WhatsApp-Image-2022-06-23-at-12.38.39-PM-3-600x450.jpeg?strip=info&#038;w=1200&#038;ssl=1 1200w,https:\/\/i2.wp.com\/www.cisa-arica.cl\/wp1\/wp-content\/uploads\/2022\/06\/WhatsApp-Image-2022-06-23-at-12.38.39-PM-3-600x450.jpeg?strip=info&#038;w=1500&#038;ssl=1 1500w,https:\/\/i2.wp.com\/www.cisa-arica.cl\/wp1\/wp-content\/uploads\/2022\/06\/WhatsApp-Image-2022-06-23-at-12.38.39-PM-3-600x450.jpeg?strip=info&#038;w=1600&#038;ssl=1 1600w\" alt=\"\" data-height=\"1200\" data-id=\"16761\" data-link=\"https:\/\/www.cisa-arica.cl\/wp1\/?attachment_id=16761\" data-url=\"https:\/\/www.cisa-arica.cl\/wp1\/wp-content\/uploads\/2022\/06\/WhatsApp-Image-2022-06-23-at-12.38.39-PM-3-600x450.jpeg\" data-width=\"1600\" src=\"https:\/\/i2.wp.com\/www.cisa-arica.cl\/wp1\/wp-content\/uploads\/2022\/06\/WhatsApp-Image-2022-06-23-at-12.38.39-PM-3-600x450.jpeg?ssl=1\" data-amp-layout=\"responsive\"\/><\/figure><\/div><div class=\"tiled-gallery__col\" style=\"flex-basis:50.00000%\"><figure class=\"tiled-gallery__item\"><img decoding=\"async\" data-attachment-id=\"16762\" data-permalink=\"https:\/\/www.cisa-arica.cl\/wp1\/2022\/06\/24\/visita-a-tribunales-de-justicia\/whatsapp-image-2022-06-23-at-12-38-38-pm-1\/\" data-orig-file=\"https:\/\/www.cisa-arica.cl\/wp1\/wp-content\/uploads\/2022\/06\/WhatsApp-Image-2022-06-23-at-12.38.38-PM-1.jpeg\" data-orig-size=\"1600,1200\" data-comments-opened=\"0\" data-image-meta=\"{&quot;aperture&quot;:&quot;0&quot;,&quot;credit&quot;:&quot;&quot;,&quot;camera&quot;:&quot;&quot;,&quot;caption&quot;:&quot;&quot;,&quot;created_timestamp&quot;:&quot;0&quot;,&quot;copyright&quot;:&quot;&quot;,&quot;focal_length&quot;:&quot;0&quot;,&quot;iso&quot;:&quot;0&quot;,&quot;shutter_speed&quot;:&quot;0&quot;,&quot;title&quot;:&quot;&quot;,&quot;orientation&quot;:&quot;0&quot;}\" data-image-title=\"WhatsApp-Image-2022-06-23-at-12.38.38-PM-1\" data-image-description=\"\" data-image-caption=\"\" data-large-file=\"https:\/\/www.cisa-arica.cl\/wp1\/wp-content\/uploads\/2022\/06\/WhatsApp-Image-2022-06-23-at-12.38.38-PM-1-600x450.jpeg\" data-attachment-id=\"16762\" data-permalink=\"https:\/\/www.cisa-arica.cl\/wp1\/2022\/06\/24\/visita-a-tribunales-de-justicia\/whatsapp-image-2022-06-23-at-12-38-38-pm-1\/\" data-orig-file=\"https:\/\/www.cisa-arica.cl\/wp1\/wp-content\/uploads\/2022\/06\/WhatsApp-Image-2022-06-23-at-12.38.38-PM-1.jpeg\" data-orig-size=\"1600,1200\" data-comments-opened=\"0\" data-image-meta=\"{&quot;aperture&quot;:&quot;0&quot;,&quot;credit&quot;:&quot;&quot;,&quot;camera&quot;:&quot;&quot;,&quot;caption&quot;:&quot;&quot;,&quot;created_timestamp&quot;:&quot;0&quot;,&quot;copyright&quot;:&quot;&quot;,&quot;focal_length&quot;:&quot;0&quot;,&quot;iso&quot;:&quot;0&quot;,&quot;shutter_speed&quot;:&quot;0&quot;,&quot;title&quot;:&quot;&quot;,&quot;orientation&quot;:&quot;0&quot;}\" data-image-title=\"WhatsApp-Image-2022-06-23-at-12.38.38-PM-1\" data-image-description=\"\" data-image-caption=\"\" data-large-file=\"https:\/\/www.cisa-arica.cl\/wp1\/wp-content\/uploads\/2022\/06\/WhatsApp-Image-2022-06-23-at-12.38.38-PM-1-600x450.jpeg\" role=\"button\" tabindex=\"0\" aria-label=\"Abrir la imagen 20 de 20 en pantalla completa\"srcset=\"https:\/\/i0.wp.com\/www.cisa-arica.cl\/wp1\/wp-content\/uploads\/2022\/06\/WhatsApp-Image-2022-06-23-at-12.38.38-PM-1-600x450.jpeg?strip=info&#038;w=600&#038;ssl=1 600w,https:\/\/i0.wp.com\/www.cisa-arica.cl\/wp1\/wp-content\/uploads\/2022\/06\/WhatsApp-Image-2022-06-23-at-12.38.38-PM-1-600x450.jpeg?strip=info&#038;w=900&#038;ssl=1 900w,https:\/\/i0.wp.com\/www.cisa-arica.cl\/wp1\/wp-content\/uploads\/2022\/06\/WhatsApp-Image-2022-06-23-at-12.38.38-PM-1-600x450.jpeg?strip=info&#038;w=1200&#038;ssl=1 1200w,https:\/\/i0.wp.com\/www.cisa-arica.cl\/wp1\/wp-content\/uploads\/2022\/06\/WhatsApp-Image-2022-06-23-at-12.38.38-PM-1-600x450.jpeg?strip=info&#038;w=1500&#038;ssl=1 1500w,https:\/\/i0.wp.com\/www.cisa-arica.cl\/wp1\/wp-content\/uploads\/2022\/06\/WhatsApp-Image-2022-06-23-at-12.38.38-PM-1-600x450.jpeg?strip=info&#038;w=1600&#038;ssl=1 1600w\" alt=\"\" data-height=\"1200\" data-id=\"16762\" data-link=\"https:\/\/www.cisa-arica.cl\/wp1\/?attachment_id=16762\" data-url=\"https:\/\/www.cisa-arica.cl\/wp1\/wp-content\/uploads\/2022\/06\/WhatsApp-Image-2022-06-23-at-12.38.38-PM-1-600x450.jpeg\" data-width=\"1600\" src=\"https:\/\/i0.wp.com\/www.cisa-arica.cl\/wp1\/wp-content\/uploads\/2022\/06\/WhatsApp-Image-2022-06-23-at-12.38.38-PM-1-600x450.jpeg?ssl=1\" data-amp-layout=\"responsive\"\/><\/figure><\/div><\/div><\/div><\/div>\n<\/div><\/div>\n\n\n\n<div class=\"wp-block-columns is-layout-flex wp-container-core-columns-is-layout-9d6595d7 wp-block-columns-is-layout-flex\">\n<div class=\"wp-block-column is-layout-flow wp-block-column-is-layout-flow\" style=\"flex-basis:100%\"><\/div>\n<\/div>\n","protected":false},"excerpt":{"rendered":"<p>El d\u00eda jueves 23 del presente, las estudiantes del electivo plan diferenciado \u201cEscritura y lectura especializada\u201d G2, realizaron una visita pedag\u00f3gica a tribunales de justicia, donde fueron recibidas por el personal administrativo, quienes les mostraron las dependencias del lugar y las funciones que desempe\u00f1a un juzgado de garant\u00eda, posteriormente presenciaron audiencias a cargo del juez <a class=\"read-more\" href=\"https:\/\/www.cisa-arica.cl\/wp1\/2022\/06\/24\/visita-a-tribunales-de-justicia\/\">Continuar leyendo<\/a><\/p>\n","protected":false},"author":5,"featured_media":16712,"comment_status":"closed","ping_status":"open","sticky":false,"template":"","format":"standard","meta":{"_jetpack_memberships_contains_paid_content":false,"footnotes":"","jetpack_publicize_message":"","jetpack_publicize_feature_enabled":true,"jetpack_social_post_already_shared":true,"jetpack_social_options":{"image_generator_settings":{"template":"highway","default_image_id":0,"font":"","enabled":false},"version":2}},"categories":[5],"tags":[],"class_list":["post-16739","post","type-post","status-publish","format-standard","has-post-thumbnail","hentry","category-uncategorized"],"jetpack_publicize_connections":[],"jetpack_featured_media_url":"https:\/\/www.cisa-arica.cl\/wp1\/wp-content\/uploads\/2022\/06\/WhatsApp-Image-2022-06-23-at-12.38.49-PM-1.jpeg","jetpack_sharing_enabled":true,"jetpack_shortlink":"https:\/\/wp.me\/p84wcz-4lZ","jetpack-related-posts":[{"id":6286,"url":"https:\/\/www.cisa-arica.cl\/wp1\/2019\/04\/17\/salida-a-terreno-electivo-ingles-vocacional\/","url_meta":{"origin":16739,"position":0},"title":"Salida a terreno Electivo Ingl\u00e9s Vocacional","author":"Jeannette Rivera","date":"17 de Abril de 2019","format":false,"excerpt":"Las alumnas de cuarto medio pertenecientes al electivo humanista de Ingl\u00e9s Vocacional a cargo de la profesora Begonia Vega, realizaron un walking tour ofrecido por el SERNATUR, actividad en la cual se recorren diversos lugares patrimoniales de Arica bajo una gu\u00eda que describe estos puntos completamente en ingl\u00e9s, ofreciendo una\u2026","rel":"","context":"En &quot;galeria&quot;","block_context":{"text":"galeria","link":"https:\/\/www.cisa-arica.cl\/wp1\/category\/galeria\/"},"img":{"alt_text":"","src":"https:\/\/i0.wp.com\/www.cisa-arica.cl\/wp1\/wp-content\/uploads\/2019\/04\/000-10.jpeg?resize=350%2C200&ssl=1","width":350,"height":200,"srcset":"https:\/\/i0.wp.com\/www.cisa-arica.cl\/wp1\/wp-content\/uploads\/2019\/04\/000-10.jpeg?resize=350%2C200&ssl=1 1x, https:\/\/i0.wp.com\/www.cisa-arica.cl\/wp1\/wp-content\/uploads\/2019\/04\/000-10.jpeg?resize=525%2C300&ssl=1 1.5x, https:\/\/i0.wp.com\/www.cisa-arica.cl\/wp1\/wp-content\/uploads\/2019\/04\/000-10.jpeg?resize=700%2C400&ssl=1 2x, https:\/\/i0.wp.com\/www.cisa-arica.cl\/wp1\/wp-content\/uploads\/2019\/04\/000-10.jpeg?resize=1050%2C600&ssl=1 3x"},"classes":[]},{"id":9329,"url":"https:\/\/www.cisa-arica.cl\/wp1\/2019\/09\/11\/charla-de-facultad-de-educacion-a-alumnas-de-electivo-humanista\/","url_meta":{"origin":16739,"position":1},"title":"Charla Facultad de Educaci\u00f3n a alumnas de Electivo Humanista","author":"Jeannette Rivera","date":"11 de Septiembre de 2019","format":false,"excerpt":"El pasado lunes 09 de septiembre las alumnas de 3o medio del Electivo Humanista y los 2os medios A y B recibieron una charla informativa de la Carrera de Pedagog\u00eda en Lenguaje y Comunicaci\u00f3n de la Universidad de Tarapac\u00e1 a cargo de la acad\u00e9mica Ana Mar\u00eda Soza. En esta actividad\u2026","rel":"","context":"Entrada similar ","block_context":{"text":"Entrada similar ","link":""},"img":{"alt_text":"","src":"https:\/\/i0.wp.com\/www.cisa-arica.cl\/wp1\/wp-content\/uploads\/2019\/09\/000-14.jpeg?resize=350%2C200&ssl=1","width":350,"height":200,"srcset":"https:\/\/i0.wp.com\/www.cisa-arica.cl\/wp1\/wp-content\/uploads\/2019\/09\/000-14.jpeg?resize=350%2C200&ssl=1 1x, https:\/\/i0.wp.com\/www.cisa-arica.cl\/wp1\/wp-content\/uploads\/2019\/09\/000-14.jpeg?resize=525%2C300&ssl=1 1.5x, https:\/\/i0.wp.com\/www.cisa-arica.cl\/wp1\/wp-content\/uploads\/2019\/09\/000-14.jpeg?resize=700%2C400&ssl=1 2x"},"classes":[]},{"id":28809,"url":"https:\/\/www.cisa-arica.cl\/wp1\/2025\/08\/27\/salida-a-terreno-electivo-de-lenguaje-taller-de-literatura\/","url_meta":{"origin":16739,"position":2},"title":"Salida a Terreno Electivo de Lenguaje \u201cTaller de Literatura\u201d","author":"Jeannette Rivera","date":"27 de Agosto de 2025","format":false,"excerpt":"Como parte de las actividades del electivo de Lenguaje Taller de Literatura, junto a sus profesoras Maureen Michell y Ana Luisa Rojas, l@s estudiantes participaron en una enriquecedora salida a terreno que vincul\u00f3 los contenidos trabajados en clases con experiencias significativas de aprendizaje en el entorno local.La visita tuvo como\u2026","rel":"","context":"Entrada similar ","block_context":{"text":"Entrada similar ","link":""},"img":{"alt_text":"","src":"https:\/\/i0.wp.com\/www.cisa-arica.cl\/wp1\/wp-content\/uploads\/2025\/08\/WhatsApp-Image-2025-08-27-at-2.45.25-PM-1.jpeg?resize=350%2C200&ssl=1","width":350,"height":200,"srcset":"https:\/\/i0.wp.com\/www.cisa-arica.cl\/wp1\/wp-content\/uploads\/2025\/08\/WhatsApp-Image-2025-08-27-at-2.45.25-PM-1.jpeg?resize=350%2C200&ssl=1 1x, https:\/\/i0.wp.com\/www.cisa-arica.cl\/wp1\/wp-content\/uploads\/2025\/08\/WhatsApp-Image-2025-08-27-at-2.45.25-PM-1.jpeg?resize=525%2C300&ssl=1 1.5x, https:\/\/i0.wp.com\/www.cisa-arica.cl\/wp1\/wp-content\/uploads\/2025\/08\/WhatsApp-Image-2025-08-27-at-2.45.25-PM-1.jpeg?resize=700%2C400&ssl=1 2x, https:\/\/i0.wp.com\/www.cisa-arica.cl\/wp1\/wp-content\/uploads\/2025\/08\/WhatsApp-Image-2025-08-27-at-2.45.25-PM-1.jpeg?resize=1050%2C600&ssl=1 3x, https:\/\/i0.wp.com\/www.cisa-arica.cl\/wp1\/wp-content\/uploads\/2025\/08\/WhatsApp-Image-2025-08-27-at-2.45.25-PM-1.jpeg?resize=1400%2C800&ssl=1 4x"},"classes":[]},{"id":10003,"url":"https:\/\/www.cisa-arica.cl\/wp1\/2019\/10\/16\/actividad-final-electivo-ingles-vocacional\/","url_meta":{"origin":16739,"position":3},"title":"Actividad final electivo Ingl\u00e9s Vocacional","author":"Jeannette Rivera","date":"16 de Octubre de 2019","format":false,"excerpt":"Hoy mi\u00e9rcoles 16 de octubre nuestras alumnas de cuarto medio de la asignatura electiva Ingl\u00e9s Vocacional de la profesora Begonia Vega organizaron su \u00faltima actividad como grupo, que consisti\u00f3 en realizar una clase de ingl\u00e9s pr\u00e1ctica a las peque\u00f1as de Kinder, ense\u00f1\u00e1ndoles todo sobre las mascotas, una actividad que result\u00f3\u2026","rel":"","context":"En &quot;galeria&quot;","block_context":{"text":"galeria","link":"https:\/\/www.cisa-arica.cl\/wp1\/category\/galeria\/"},"img":{"alt_text":"","src":"https:\/\/i0.wp.com\/www.cisa-arica.cl\/wp1\/wp-content\/uploads\/2019\/10\/bbb-e1571252917660.jpeg?resize=350%2C200&ssl=1","width":350,"height":200,"srcset":"https:\/\/i0.wp.com\/www.cisa-arica.cl\/wp1\/wp-content\/uploads\/2019\/10\/bbb-e1571252917660.jpeg?resize=350%2C200&ssl=1 1x, https:\/\/i0.wp.com\/www.cisa-arica.cl\/wp1\/wp-content\/uploads\/2019\/10\/bbb-e1571252917660.jpeg?resize=525%2C300&ssl=1 1.5x, https:\/\/i0.wp.com\/www.cisa-arica.cl\/wp1\/wp-content\/uploads\/2019\/10\/bbb-e1571252917660.jpeg?resize=700%2C400&ssl=1 2x, https:\/\/i0.wp.com\/www.cisa-arica.cl\/wp1\/wp-content\/uploads\/2019\/10\/bbb-e1571252917660.jpeg?resize=1050%2C600&ssl=1 3x"},"classes":[]},{"id":9685,"url":"https:\/\/www.cisa-arica.cl\/wp1\/2019\/10\/01\/alumnas-3o-medio-visitan-corte-de-apelaciones\/","url_meta":{"origin":16739,"position":4},"title":"Alumnas de Electivo Humanista visitan Corte de Apelaciones","author":"Jeannette Rivera","date":"1 de Octubre de 2019","format":false,"excerpt":"Nuestras alumnas de 3\u00ba medio pertenecientes al Electivo Humanista visitaron ayer 30 de septiembre la Corte de Apelaciones de Arica, logrando conocer de cerca e informarse sobre los distintos trabajos que a diario se realizan en este tribunal y el quehacer legal.","rel":"","context":"Entrada similar ","block_context":{"text":"Entrada similar ","link":""},"img":{"alt_text":"","src":"https:\/\/i0.wp.com\/www.cisa-arica.cl\/wp1\/wp-content\/uploads\/2019\/10\/118.jpeg?resize=350%2C200&ssl=1","width":350,"height":200,"srcset":"https:\/\/i0.wp.com\/www.cisa-arica.cl\/wp1\/wp-content\/uploads\/2019\/10\/118.jpeg?resize=350%2C200&ssl=1 1x, https:\/\/i0.wp.com\/www.cisa-arica.cl\/wp1\/wp-content\/uploads\/2019\/10\/118.jpeg?resize=525%2C300&ssl=1 1.5x, https:\/\/i0.wp.com\/www.cisa-arica.cl\/wp1\/wp-content\/uploads\/2019\/10\/118.jpeg?resize=700%2C400&ssl=1 2x, https:\/\/i0.wp.com\/www.cisa-arica.cl\/wp1\/wp-content\/uploads\/2019\/10\/118.jpeg?resize=1050%2C600&ssl=1 3x"},"classes":[]},{"id":25786,"url":"https:\/\/www.cisa-arica.cl\/wp1\/2024\/06\/18\/visita-a-nuestro-colegio-de-seremi-de-viviendas-y-urbanismo\/","url_meta":{"origin":16739,"position":5},"title":"Visita a nuestro colegio de Seremi de Viviendas y Urbanismo","author":"Jeannette Rivera","date":"18 de Junio de 2024","format":false,"excerpt":"Nos complace expresar nuestro m\u00e1s sincero agradecimiento a la Seremi de vivienda y urbanismo de nuestra ciudad, Srta. Romina Farias P\u00e9rez y a su equipo de colaboradores, por su visita a nuestra casa de estudios y su interacci\u00f3n con los grupos 1 y 2 del electivo: \u201cLectura y escritura especializada\u201d,\u2026","rel":"","context":"Entrada similar ","block_context":{"text":"Entrada similar ","link":""},"img":{"alt_text":"","src":"https:\/\/i0.wp.com\/www.cisa-arica.cl\/wp1\/wp-content\/uploads\/2024\/06\/IMG_2610-scaled.jpg?resize=350%2C200&ssl=1","width":350,"height":200,"srcset":"https:\/\/i0.wp.com\/www.cisa-arica.cl\/wp1\/wp-content\/uploads\/2024\/06\/IMG_2610-scaled.jpg?resize=350%2C200&ssl=1 1x, https:\/\/i0.wp.com\/www.cisa-arica.cl\/wp1\/wp-content\/uploads\/2024\/06\/IMG_2610-scaled.jpg?resize=525%2C300&ssl=1 1.5x, https:\/\/i0.wp.com\/www.cisa-arica.cl\/wp1\/wp-content\/uploads\/2024\/06\/IMG_2610-scaled.jpg?resize=700%2C400&ssl=1 2x, https:\/\/i0.wp.com\/www.cisa-arica.cl\/wp1\/wp-content\/uploads\/2024\/06\/IMG_2610-scaled.jpg?resize=1050%2C600&ssl=1 3x, https:\/\/i0.wp.com\/www.cisa-arica.cl\/wp1\/wp-content\/uploads\/2024\/06\/IMG_2610-scaled.jpg?resize=1400%2C800&ssl=1 4x"},"classes":[]}],"_links":{"self":[{"href":"https:\/\/www.cisa-arica.cl\/wp1\/wp-json\/wp\/v2\/posts\/16739","targetHints":{"allow":["GET"]}}],"collection":[{"href":"https:\/\/www.cisa-arica.cl\/wp1\/wp-json\/wp\/v2\/posts"}],"about":[{"href":"https:\/\/www.cisa-arica.cl\/wp1\/wp-json\/wp\/v2\/types\/post"}],"author":[{"embeddable":true,"href":"https:\/\/www.cisa-arica.cl\/wp1\/wp-json\/wp\/v2\/users\/5"}],"replies":[{"embeddable":true,"href":"https:\/\/www.cisa-arica.cl\/wp1\/wp-json\/wp\/v2\/comments?post=16739"}],"version-history":[{"count":1,"href":"https:\/\/www.cisa-arica.cl\/wp1\/wp-json\/wp\/v2\/posts\/16739\/revisions"}],"predecessor-version":[{"id":16763,"href":"https:\/\/www.cisa-arica.cl\/wp1\/wp-json\/wp\/v2\/posts\/16739\/revisions\/16763"}],"wp:featuredmedia":[{"embeddable":true,"href":"https:\/\/www.cisa-arica.cl\/wp1\/wp-json\/wp\/v2\/media\/16712"}],"wp:attachment":[{"href":"https:\/\/www.cisa-arica.cl\/wp1\/wp-json\/wp\/v2\/media?parent=16739"}],"wp:term":[{"taxonomy":"category","embeddable":true,"href":"https:\/\/www.cisa-arica.cl\/wp1\/wp-json\/wp\/v2\/categories?post=16739"},{"taxonomy":"post_tag","embeddable":true,"href":"https:\/\/www.cisa-arica.cl\/wp1\/wp-json\/wp\/v2\/tags?post=16739"}],"curies":[{"name":"wp","href":"https:\/\/api.w.org\/{rel}","templated":true}]}}