{"id":16700,"date":"2022-06-23T16:21:18","date_gmt":"2022-06-23T20:21:18","guid":{"rendered":"https:\/\/www.cisa-arica.cl\/wp1\/?p=16700"},"modified":"2022-06-23T16:21:51","modified_gmt":"2022-06-23T20:21:51","slug":"academia-de-musica","status":"publish","type":"post","link":"https:\/\/www.cisa-arica.cl\/wp1\/2022\/06\/23\/academia-de-musica\/","title":{"rendered":"Academia de M\u00fasica"},"content":{"rendered":"\n<p>Ensayo de academia de m\u00fasica con el profesor Ricardo Carqu\u00edn<\/p>\n\n\n\n<div class=\"wp-block-jetpack-tiled-gallery aligncenter is-style-rectangular\"><div class=\"tiled-gallery__gallery\"><div class=\"tiled-gallery__row\"><div class=\"tiled-gallery__col\" style=\"flex-basis:66.76446%\"><figure class=\"tiled-gallery__item\"><img decoding=\"async\" data-attachment-id=\"16701\" data-permalink=\"https:\/\/www.cisa-arica.cl\/wp1\/2022\/06\/23\/academia-de-musica\/dsc_9806\/\" data-orig-file=\"https:\/\/www.cisa-arica.cl\/wp1\/wp-content\/uploads\/2022\/06\/DSC_9806.jpg\" data-orig-size=\"1100,733\" data-comments-opened=\"0\" data-image-meta=\"{&quot;aperture&quot;:&quot;2.8&quot;,&quot;credit&quot;:&quot;&quot;,&quot;camera&quot;:&quot;NIKON D7100&quot;,&quot;caption&quot;:&quot;&quot;,&quot;created_timestamp&quot;:&quot;1655999345&quot;,&quot;copyright&quot;:&quot;&quot;,&quot;focal_length&quot;:&quot;29&quot;,&quot;iso&quot;:&quot;1000&quot;,&quot;shutter_speed&quot;:&quot;0.003125&quot;,&quot;title&quot;:&quot;&quot;,&quot;orientation&quot;:&quot;0&quot;}\" data-image-title=\"DSC_9806\" data-image-description=\"\" data-image-caption=\"\" data-large-file=\"https:\/\/www.cisa-arica.cl\/wp1\/wp-content\/uploads\/2022\/06\/DSC_9806-600x400.jpg\" data-attachment-id=\"16701\" data-permalink=\"https:\/\/www.cisa-arica.cl\/wp1\/2022\/06\/23\/academia-de-musica\/dsc_9806\/\" data-orig-file=\"https:\/\/www.cisa-arica.cl\/wp1\/wp-content\/uploads\/2022\/06\/DSC_9806.jpg\" data-orig-size=\"1100,733\" data-comments-opened=\"0\" data-image-meta=\"{&quot;aperture&quot;:&quot;2.8&quot;,&quot;credit&quot;:&quot;&quot;,&quot;camera&quot;:&quot;NIKON D7100&quot;,&quot;caption&quot;:&quot;&quot;,&quot;created_timestamp&quot;:&quot;1655999345&quot;,&quot;copyright&quot;:&quot;&quot;,&quot;focal_length&quot;:&quot;29&quot;,&quot;iso&quot;:&quot;1000&quot;,&quot;shutter_speed&quot;:&quot;0.003125&quot;,&quot;title&quot;:&quot;&quot;,&quot;orientation&quot;:&quot;0&quot;}\" data-image-title=\"DSC_9806\" data-image-description=\"\" data-image-caption=\"\" data-large-file=\"https:\/\/www.cisa-arica.cl\/wp1\/wp-content\/uploads\/2022\/06\/DSC_9806-600x400.jpg\" role=\"button\" tabindex=\"0\" aria-label=\"Abrir la imagen 1 de 7 en pantalla completa\"srcset=\"https:\/\/i1.wp.com\/www.cisa-arica.cl\/wp1\/wp-content\/uploads\/2022\/06\/DSC_9806-600x400.jpg?strip=info&#038;w=600&#038;ssl=1 600w,https:\/\/i1.wp.com\/www.cisa-arica.cl\/wp1\/wp-content\/uploads\/2022\/06\/DSC_9806-600x400.jpg?strip=info&#038;w=900&#038;ssl=1 900w,https:\/\/i1.wp.com\/www.cisa-arica.cl\/wp1\/wp-content\/uploads\/2022\/06\/DSC_9806-600x400.jpg?strip=info&#038;w=1100&#038;ssl=1 1100w\" alt=\"\" data-height=\"733\" data-id=\"16701\" data-link=\"https:\/\/www.cisa-arica.cl\/wp1\/?attachment_id=16701\" data-url=\"https:\/\/www.cisa-arica.cl\/wp1\/wp-content\/uploads\/2022\/06\/DSC_9806-600x400.jpg\" data-width=\"1100\" src=\"https:\/\/i1.wp.com\/www.cisa-arica.cl\/wp1\/wp-content\/uploads\/2022\/06\/DSC_9806-600x400.jpg?ssl=1\" data-amp-layout=\"responsive\"\/><\/figure><\/div><div class=\"tiled-gallery__col\" style=\"flex-basis:33.23554%\"><figure class=\"tiled-gallery__item\"><img decoding=\"async\" data-attachment-id=\"16702\" data-permalink=\"https:\/\/www.cisa-arica.cl\/wp1\/2022\/06\/23\/academia-de-musica\/dsc_9807\/\" data-orig-file=\"https:\/\/www.cisa-arica.cl\/wp1\/wp-content\/uploads\/2022\/06\/DSC_9807.jpg\" data-orig-size=\"1100,733\" data-comments-opened=\"0\" data-image-meta=\"{&quot;aperture&quot;:&quot;2.8&quot;,&quot;credit&quot;:&quot;&quot;,&quot;camera&quot;:&quot;NIKON D7100&quot;,&quot;caption&quot;:&quot;&quot;,&quot;created_timestamp&quot;:&quot;1655999347&quot;,&quot;copyright&quot;:&quot;&quot;,&quot;focal_length&quot;:&quot;17&quot;,&quot;iso&quot;:&quot;1000&quot;,&quot;shutter_speed&quot;:&quot;0.0025&quot;,&quot;title&quot;:&quot;&quot;,&quot;orientation&quot;:&quot;0&quot;}\" data-image-title=\"DSC_9807\" data-image-description=\"\" data-image-caption=\"\" data-large-file=\"https:\/\/www.cisa-arica.cl\/wp1\/wp-content\/uploads\/2022\/06\/DSC_9807-600x400.jpg\" data-attachment-id=\"16702\" data-permalink=\"https:\/\/www.cisa-arica.cl\/wp1\/2022\/06\/23\/academia-de-musica\/dsc_9807\/\" data-orig-file=\"https:\/\/www.cisa-arica.cl\/wp1\/wp-content\/uploads\/2022\/06\/DSC_9807.jpg\" data-orig-size=\"1100,733\" data-comments-opened=\"0\" data-image-meta=\"{&quot;aperture&quot;:&quot;2.8&quot;,&quot;credit&quot;:&quot;&quot;,&quot;camera&quot;:&quot;NIKON D7100&quot;,&quot;caption&quot;:&quot;&quot;,&quot;created_timestamp&quot;:&quot;1655999347&quot;,&quot;copyright&quot;:&quot;&quot;,&quot;focal_length&quot;:&quot;17&quot;,&quot;iso&quot;:&quot;1000&quot;,&quot;shutter_speed&quot;:&quot;0.0025&quot;,&quot;title&quot;:&quot;&quot;,&quot;orientation&quot;:&quot;0&quot;}\" data-image-title=\"DSC_9807\" data-image-description=\"\" data-image-caption=\"\" data-large-file=\"https:\/\/www.cisa-arica.cl\/wp1\/wp-content\/uploads\/2022\/06\/DSC_9807-600x400.jpg\" role=\"button\" tabindex=\"0\" aria-label=\"Abrir la imagen 2 de 7 en pantalla completa\"srcset=\"https:\/\/i0.wp.com\/www.cisa-arica.cl\/wp1\/wp-content\/uploads\/2022\/06\/DSC_9807-600x400.jpg?strip=info&#038;w=600&#038;ssl=1 600w,https:\/\/i0.wp.com\/www.cisa-arica.cl\/wp1\/wp-content\/uploads\/2022\/06\/DSC_9807-600x400.jpg?strip=info&#038;w=900&#038;ssl=1 900w,https:\/\/i0.wp.com\/www.cisa-arica.cl\/wp1\/wp-content\/uploads\/2022\/06\/DSC_9807-600x400.jpg?strip=info&#038;w=1100&#038;ssl=1 1100w\" alt=\"\" data-height=\"733\" data-id=\"16702\" data-link=\"https:\/\/www.cisa-arica.cl\/wp1\/?attachment_id=16702\" data-url=\"https:\/\/www.cisa-arica.cl\/wp1\/wp-content\/uploads\/2022\/06\/DSC_9807-600x400.jpg\" data-width=\"1100\" src=\"https:\/\/i0.wp.com\/www.cisa-arica.cl\/wp1\/wp-content\/uploads\/2022\/06\/DSC_9807-600x400.jpg?ssl=1\" data-amp-layout=\"responsive\"\/><\/figure><figure class=\"tiled-gallery__item\"><img decoding=\"async\" data-attachment-id=\"16703\" data-permalink=\"https:\/\/www.cisa-arica.cl\/wp1\/2022\/06\/23\/academia-de-musica\/dsc_9822\/\" data-orig-file=\"https:\/\/www.cisa-arica.cl\/wp1\/wp-content\/uploads\/2022\/06\/DSC_9822.jpg\" data-orig-size=\"1100,733\" data-comments-opened=\"0\" data-image-meta=\"{&quot;aperture&quot;:&quot;2.8&quot;,&quot;credit&quot;:&quot;&quot;,&quot;camera&quot;:&quot;NIKON D7100&quot;,&quot;caption&quot;:&quot;&quot;,&quot;created_timestamp&quot;:&quot;1655999459&quot;,&quot;copyright&quot;:&quot;&quot;,&quot;focal_length&quot;:&quot;38&quot;,&quot;iso&quot;:&quot;1000&quot;,&quot;shutter_speed&quot;:&quot;0.0025&quot;,&quot;title&quot;:&quot;&quot;,&quot;orientation&quot;:&quot;0&quot;}\" data-image-title=\"DSC_9822\" data-image-description=\"\" data-image-caption=\"\" data-large-file=\"https:\/\/www.cisa-arica.cl\/wp1\/wp-content\/uploads\/2022\/06\/DSC_9822-600x400.jpg\" data-attachment-id=\"16703\" data-permalink=\"https:\/\/www.cisa-arica.cl\/wp1\/2022\/06\/23\/academia-de-musica\/dsc_9822\/\" data-orig-file=\"https:\/\/www.cisa-arica.cl\/wp1\/wp-content\/uploads\/2022\/06\/DSC_9822.jpg\" data-orig-size=\"1100,733\" data-comments-opened=\"0\" data-image-meta=\"{&quot;aperture&quot;:&quot;2.8&quot;,&quot;credit&quot;:&quot;&quot;,&quot;camera&quot;:&quot;NIKON D7100&quot;,&quot;caption&quot;:&quot;&quot;,&quot;created_timestamp&quot;:&quot;1655999459&quot;,&quot;copyright&quot;:&quot;&quot;,&quot;focal_length&quot;:&quot;38&quot;,&quot;iso&quot;:&quot;1000&quot;,&quot;shutter_speed&quot;:&quot;0.0025&quot;,&quot;title&quot;:&quot;&quot;,&quot;orientation&quot;:&quot;0&quot;}\" data-image-title=\"DSC_9822\" data-image-description=\"\" data-image-caption=\"\" data-large-file=\"https:\/\/www.cisa-arica.cl\/wp1\/wp-content\/uploads\/2022\/06\/DSC_9822-600x400.jpg\" role=\"button\" tabindex=\"0\" aria-label=\"Abrir la imagen 3 de 7 en pantalla completa\"srcset=\"https:\/\/i0.wp.com\/www.cisa-arica.cl\/wp1\/wp-content\/uploads\/2022\/06\/DSC_9822-600x400.jpg?strip=info&#038;w=600&#038;ssl=1 600w,https:\/\/i0.wp.com\/www.cisa-arica.cl\/wp1\/wp-content\/uploads\/2022\/06\/DSC_9822-600x400.jpg?strip=info&#038;w=900&#038;ssl=1 900w,https:\/\/i0.wp.com\/www.cisa-arica.cl\/wp1\/wp-content\/uploads\/2022\/06\/DSC_9822-600x400.jpg?strip=info&#038;w=1100&#038;ssl=1 1100w\" alt=\"\" data-height=\"733\" data-id=\"16703\" data-link=\"https:\/\/www.cisa-arica.cl\/wp1\/?attachment_id=16703\" data-url=\"https:\/\/www.cisa-arica.cl\/wp1\/wp-content\/uploads\/2022\/06\/DSC_9822-600x400.jpg\" data-width=\"1100\" src=\"https:\/\/i0.wp.com\/www.cisa-arica.cl\/wp1\/wp-content\/uploads\/2022\/06\/DSC_9822-600x400.jpg?ssl=1\" data-amp-layout=\"responsive\"\/><\/figure><\/div><\/div><div class=\"tiled-gallery__row\"><div class=\"tiled-gallery__col\" style=\"flex-basis:29.01511%\"><figure class=\"tiled-gallery__item\"><img decoding=\"async\" data-attachment-id=\"16704\" data-permalink=\"https:\/\/www.cisa-arica.cl\/wp1\/2022\/06\/23\/academia-de-musica\/dsc_9833\/\" data-orig-file=\"https:\/\/www.cisa-arica.cl\/wp1\/wp-content\/uploads\/2022\/06\/DSC_9833.jpg\" data-orig-size=\"1100,733\" data-comments-opened=\"0\" data-image-meta=\"{&quot;aperture&quot;:&quot;3.5&quot;,&quot;credit&quot;:&quot;&quot;,&quot;camera&quot;:&quot;NIKON D7100&quot;,&quot;caption&quot;:&quot;&quot;,&quot;created_timestamp&quot;:&quot;1655999541&quot;,&quot;copyright&quot;:&quot;&quot;,&quot;focal_length&quot;:&quot;24&quot;,&quot;iso&quot;:&quot;1000&quot;,&quot;shutter_speed&quot;:&quot;0.003125&quot;,&quot;title&quot;:&quot;&quot;,&quot;orientation&quot;:&quot;0&quot;}\" data-image-title=\"DSC_9833\" data-image-description=\"\" data-image-caption=\"\" data-large-file=\"https:\/\/www.cisa-arica.cl\/wp1\/wp-content\/uploads\/2022\/06\/DSC_9833-600x400.jpg\" data-attachment-id=\"16704\" data-permalink=\"https:\/\/www.cisa-arica.cl\/wp1\/2022\/06\/23\/academia-de-musica\/dsc_9833\/\" data-orig-file=\"https:\/\/www.cisa-arica.cl\/wp1\/wp-content\/uploads\/2022\/06\/DSC_9833.jpg\" data-orig-size=\"1100,733\" data-comments-opened=\"0\" data-image-meta=\"{&quot;aperture&quot;:&quot;3.5&quot;,&quot;credit&quot;:&quot;&quot;,&quot;camera&quot;:&quot;NIKON D7100&quot;,&quot;caption&quot;:&quot;&quot;,&quot;created_timestamp&quot;:&quot;1655999541&quot;,&quot;copyright&quot;:&quot;&quot;,&quot;focal_length&quot;:&quot;24&quot;,&quot;iso&quot;:&quot;1000&quot;,&quot;shutter_speed&quot;:&quot;0.003125&quot;,&quot;title&quot;:&quot;&quot;,&quot;orientation&quot;:&quot;0&quot;}\" data-image-title=\"DSC_9833\" data-image-description=\"\" data-image-caption=\"\" data-large-file=\"https:\/\/www.cisa-arica.cl\/wp1\/wp-content\/uploads\/2022\/06\/DSC_9833-600x400.jpg\" role=\"button\" tabindex=\"0\" aria-label=\"Abrir la imagen 4 de 7 en pantalla completa\"srcset=\"https:\/\/i1.wp.com\/www.cisa-arica.cl\/wp1\/wp-content\/uploads\/2022\/06\/DSC_9833-600x400.jpg?strip=info&#038;w=600&#038;ssl=1 600w,https:\/\/i1.wp.com\/www.cisa-arica.cl\/wp1\/wp-content\/uploads\/2022\/06\/DSC_9833-600x400.jpg?strip=info&#038;w=900&#038;ssl=1 900w,https:\/\/i1.wp.com\/www.cisa-arica.cl\/wp1\/wp-content\/uploads\/2022\/06\/DSC_9833-600x400.jpg?strip=info&#038;w=1100&#038;ssl=1 1100w\" alt=\"\" data-height=\"733\" data-id=\"16704\" data-link=\"https:\/\/www.cisa-arica.cl\/wp1\/?attachment_id=16704\" data-url=\"https:\/\/www.cisa-arica.cl\/wp1\/wp-content\/uploads\/2022\/06\/DSC_9833-600x400.jpg\" data-width=\"1100\" src=\"https:\/\/i1.wp.com\/www.cisa-arica.cl\/wp1\/wp-content\/uploads\/2022\/06\/DSC_9833-600x400.jpg?ssl=1\" data-amp-layout=\"responsive\"\/><\/figure><\/div><div class=\"tiled-gallery__col\" style=\"flex-basis:12.95466%\"><figure class=\"tiled-gallery__item\"><img decoding=\"async\" data-attachment-id=\"16705\" data-permalink=\"https:\/\/www.cisa-arica.cl\/wp1\/2022\/06\/23\/academia-de-musica\/dsc_9835\/\" data-orig-file=\"https:\/\/www.cisa-arica.cl\/wp1\/wp-content\/uploads\/2022\/06\/DSC_9835.jpg\" data-orig-size=\"733,1100\" data-comments-opened=\"0\" data-image-meta=\"{&quot;aperture&quot;:&quot;3.5&quot;,&quot;credit&quot;:&quot;&quot;,&quot;camera&quot;:&quot;NIKON D7100&quot;,&quot;caption&quot;:&quot;&quot;,&quot;created_timestamp&quot;:&quot;1655999559&quot;,&quot;copyright&quot;:&quot;&quot;,&quot;focal_length&quot;:&quot;34&quot;,&quot;iso&quot;:&quot;1000&quot;,&quot;shutter_speed&quot;:&quot;0.003125&quot;,&quot;title&quot;:&quot;&quot;,&quot;orientation&quot;:&quot;0&quot;}\" data-image-title=\"DSC_9835\" data-image-description=\"\" data-image-caption=\"\" data-large-file=\"https:\/\/www.cisa-arica.cl\/wp1\/wp-content\/uploads\/2022\/06\/DSC_9835-400x600.jpg\" data-attachment-id=\"16705\" data-permalink=\"https:\/\/www.cisa-arica.cl\/wp1\/2022\/06\/23\/academia-de-musica\/dsc_9835\/\" data-orig-file=\"https:\/\/www.cisa-arica.cl\/wp1\/wp-content\/uploads\/2022\/06\/DSC_9835.jpg\" data-orig-size=\"733,1100\" data-comments-opened=\"0\" data-image-meta=\"{&quot;aperture&quot;:&quot;3.5&quot;,&quot;credit&quot;:&quot;&quot;,&quot;camera&quot;:&quot;NIKON D7100&quot;,&quot;caption&quot;:&quot;&quot;,&quot;created_timestamp&quot;:&quot;1655999559&quot;,&quot;copyright&quot;:&quot;&quot;,&quot;focal_length&quot;:&quot;34&quot;,&quot;iso&quot;:&quot;1000&quot;,&quot;shutter_speed&quot;:&quot;0.003125&quot;,&quot;title&quot;:&quot;&quot;,&quot;orientation&quot;:&quot;0&quot;}\" data-image-title=\"DSC_9835\" data-image-description=\"\" data-image-caption=\"\" data-large-file=\"https:\/\/www.cisa-arica.cl\/wp1\/wp-content\/uploads\/2022\/06\/DSC_9835-400x600.jpg\" role=\"button\" tabindex=\"0\" aria-label=\"Abrir la imagen 5 de 7 en pantalla completa\"srcset=\"https:\/\/i1.wp.com\/www.cisa-arica.cl\/wp1\/wp-content\/uploads\/2022\/06\/DSC_9835-400x600.jpg?strip=info&#038;w=600&#038;ssl=1 600w,https:\/\/i1.wp.com\/www.cisa-arica.cl\/wp1\/wp-content\/uploads\/2022\/06\/DSC_9835-400x600.jpg?strip=info&#038;w=733&#038;ssl=1 733w\" alt=\"\" data-height=\"1100\" data-id=\"16705\" data-link=\"https:\/\/www.cisa-arica.cl\/wp1\/?attachment_id=16705\" data-url=\"https:\/\/www.cisa-arica.cl\/wp1\/wp-content\/uploads\/2022\/06\/DSC_9835-400x600.jpg\" data-width=\"733\" src=\"https:\/\/i1.wp.com\/www.cisa-arica.cl\/wp1\/wp-content\/uploads\/2022\/06\/DSC_9835-400x600.jpg?ssl=1\" data-amp-layout=\"responsive\"\/><\/figure><\/div><div class=\"tiled-gallery__col\" style=\"flex-basis:29.01511%\"><figure class=\"tiled-gallery__item\"><img decoding=\"async\" data-attachment-id=\"16706\" data-permalink=\"https:\/\/www.cisa-arica.cl\/wp1\/2022\/06\/23\/academia-de-musica\/dsc_9845\/\" data-orig-file=\"https:\/\/www.cisa-arica.cl\/wp1\/wp-content\/uploads\/2022\/06\/DSC_9845.jpg\" data-orig-size=\"1100,733\" data-comments-opened=\"0\" data-image-meta=\"{&quot;aperture&quot;:&quot;3.5&quot;,&quot;credit&quot;:&quot;&quot;,&quot;camera&quot;:&quot;NIKON D7100&quot;,&quot;caption&quot;:&quot;&quot;,&quot;created_timestamp&quot;:&quot;1655999682&quot;,&quot;copyright&quot;:&quot;&quot;,&quot;focal_length&quot;:&quot;26&quot;,&quot;iso&quot;:&quot;1000&quot;,&quot;shutter_speed&quot;:&quot;0.0025&quot;,&quot;title&quot;:&quot;&quot;,&quot;orientation&quot;:&quot;0&quot;}\" data-image-title=\"DSC_9845\" data-image-description=\"\" data-image-caption=\"\" data-large-file=\"https:\/\/www.cisa-arica.cl\/wp1\/wp-content\/uploads\/2022\/06\/DSC_9845-600x400.jpg\" data-attachment-id=\"16706\" data-permalink=\"https:\/\/www.cisa-arica.cl\/wp1\/2022\/06\/23\/academia-de-musica\/dsc_9845\/\" data-orig-file=\"https:\/\/www.cisa-arica.cl\/wp1\/wp-content\/uploads\/2022\/06\/DSC_9845.jpg\" data-orig-size=\"1100,733\" data-comments-opened=\"0\" data-image-meta=\"{&quot;aperture&quot;:&quot;3.5&quot;,&quot;credit&quot;:&quot;&quot;,&quot;camera&quot;:&quot;NIKON D7100&quot;,&quot;caption&quot;:&quot;&quot;,&quot;created_timestamp&quot;:&quot;1655999682&quot;,&quot;copyright&quot;:&quot;&quot;,&quot;focal_length&quot;:&quot;26&quot;,&quot;iso&quot;:&quot;1000&quot;,&quot;shutter_speed&quot;:&quot;0.0025&quot;,&quot;title&quot;:&quot;&quot;,&quot;orientation&quot;:&quot;0&quot;}\" data-image-title=\"DSC_9845\" data-image-description=\"\" data-image-caption=\"\" data-large-file=\"https:\/\/www.cisa-arica.cl\/wp1\/wp-content\/uploads\/2022\/06\/DSC_9845-600x400.jpg\" role=\"button\" tabindex=\"0\" aria-label=\"Abrir la imagen 6 de 7 en pantalla completa\"srcset=\"https:\/\/i0.wp.com\/www.cisa-arica.cl\/wp1\/wp-content\/uploads\/2022\/06\/DSC_9845-600x400.jpg?strip=info&#038;w=600&#038;ssl=1 600w,https:\/\/i0.wp.com\/www.cisa-arica.cl\/wp1\/wp-content\/uploads\/2022\/06\/DSC_9845-600x400.jpg?strip=info&#038;w=900&#038;ssl=1 900w,https:\/\/i0.wp.com\/www.cisa-arica.cl\/wp1\/wp-content\/uploads\/2022\/06\/DSC_9845-600x400.jpg?strip=info&#038;w=1100&#038;ssl=1 1100w\" alt=\"\" data-height=\"733\" data-id=\"16706\" data-link=\"https:\/\/www.cisa-arica.cl\/wp1\/?attachment_id=16706\" data-url=\"https:\/\/www.cisa-arica.cl\/wp1\/wp-content\/uploads\/2022\/06\/DSC_9845-600x400.jpg\" data-width=\"1100\" src=\"https:\/\/i0.wp.com\/www.cisa-arica.cl\/wp1\/wp-content\/uploads\/2022\/06\/DSC_9845-600x400.jpg?ssl=1\" data-amp-layout=\"responsive\"\/><\/figure><\/div><div class=\"tiled-gallery__col\" style=\"flex-basis:29.01511%\"><figure class=\"tiled-gallery__item\"><img decoding=\"async\" data-attachment-id=\"16707\" data-permalink=\"https:\/\/www.cisa-arica.cl\/wp1\/2022\/06\/23\/academia-de-musica\/dsc_9859\/\" data-orig-file=\"https:\/\/www.cisa-arica.cl\/wp1\/wp-content\/uploads\/2022\/06\/DSC_9859.jpg\" data-orig-size=\"1100,733\" data-comments-opened=\"0\" data-image-meta=\"{&quot;aperture&quot;:&quot;2.8&quot;,&quot;credit&quot;:&quot;&quot;,&quot;camera&quot;:&quot;NIKON D7100&quot;,&quot;caption&quot;:&quot;&quot;,&quot;created_timestamp&quot;:&quot;1655999840&quot;,&quot;copyright&quot;:&quot;&quot;,&quot;focal_length&quot;:&quot;38&quot;,&quot;iso&quot;:&quot;1000&quot;,&quot;shutter_speed&quot;:&quot;0.00625&quot;,&quot;title&quot;:&quot;&quot;,&quot;orientation&quot;:&quot;0&quot;}\" data-image-title=\"DSC_9859\" data-image-description=\"\" data-image-caption=\"\" data-large-file=\"https:\/\/www.cisa-arica.cl\/wp1\/wp-content\/uploads\/2022\/06\/DSC_9859-600x400.jpg\" data-attachment-id=\"16707\" data-permalink=\"https:\/\/www.cisa-arica.cl\/wp1\/2022\/06\/23\/academia-de-musica\/dsc_9859\/\" data-orig-file=\"https:\/\/www.cisa-arica.cl\/wp1\/wp-content\/uploads\/2022\/06\/DSC_9859.jpg\" data-orig-size=\"1100,733\" data-comments-opened=\"0\" data-image-meta=\"{&quot;aperture&quot;:&quot;2.8&quot;,&quot;credit&quot;:&quot;&quot;,&quot;camera&quot;:&quot;NIKON D7100&quot;,&quot;caption&quot;:&quot;&quot;,&quot;created_timestamp&quot;:&quot;1655999840&quot;,&quot;copyright&quot;:&quot;&quot;,&quot;focal_length&quot;:&quot;38&quot;,&quot;iso&quot;:&quot;1000&quot;,&quot;shutter_speed&quot;:&quot;0.00625&quot;,&quot;title&quot;:&quot;&quot;,&quot;orientation&quot;:&quot;0&quot;}\" data-image-title=\"DSC_9859\" data-image-description=\"\" data-image-caption=\"\" data-large-file=\"https:\/\/www.cisa-arica.cl\/wp1\/wp-content\/uploads\/2022\/06\/DSC_9859-600x400.jpg\" role=\"button\" tabindex=\"0\" aria-label=\"Abrir la imagen 7 de 7 en pantalla completa\"srcset=\"https:\/\/i2.wp.com\/www.cisa-arica.cl\/wp1\/wp-content\/uploads\/2022\/06\/DSC_9859-600x400.jpg?strip=info&#038;w=600&#038;ssl=1 600w,https:\/\/i2.wp.com\/www.cisa-arica.cl\/wp1\/wp-content\/uploads\/2022\/06\/DSC_9859-600x400.jpg?strip=info&#038;w=900&#038;ssl=1 900w,https:\/\/i2.wp.com\/www.cisa-arica.cl\/wp1\/wp-content\/uploads\/2022\/06\/DSC_9859-600x400.jpg?strip=info&#038;w=1100&#038;ssl=1 1100w\" alt=\"\" data-height=\"733\" data-id=\"16707\" data-link=\"https:\/\/www.cisa-arica.cl\/wp1\/?attachment_id=16707\" data-url=\"https:\/\/www.cisa-arica.cl\/wp1\/wp-content\/uploads\/2022\/06\/DSC_9859-600x400.jpg\" data-width=\"1100\" src=\"https:\/\/i2.wp.com\/www.cisa-arica.cl\/wp1\/wp-content\/uploads\/2022\/06\/DSC_9859-600x400.jpg?ssl=1\" data-amp-layout=\"responsive\"\/><\/figure><\/div><\/div><\/div><\/div>\n","protected":false},"excerpt":{"rendered":"<p>Ensayo de academia de m\u00fasica con el profesor Ricardo Carqu\u00edn<\/p>\n","protected":false},"author":1,"featured_media":16707,"comment_status":"closed","ping_status":"open","sticky":false,"template":"","format":"standard","meta":{"_jetpack_memberships_contains_paid_content":false,"footnotes":"","jetpack_publicize_message":"","jetpack_publicize_feature_enabled":true,"jetpack_social_post_already_shared":true,"jetpack_social_options":{"image_generator_settings":{"template":"highway","default_image_id":0,"font":"","enabled":false},"version":2}},"categories":[5],"tags":[],"class_list":["post-16700","post","type-post","status-publish","format-standard","has-post-thumbnail","hentry","category-uncategorized"],"jetpack_publicize_connections":[],"jetpack_featured_media_url":"https:\/\/www.cisa-arica.cl\/wp1\/wp-content\/uploads\/2022\/06\/DSC_9859.jpg","jetpack_sharing_enabled":true,"jetpack_shortlink":"https:\/\/wp.me\/p84wcz-4lm","jetpack-related-posts":[{"id":16582,"url":"https:\/\/www.cisa-arica.cl\/wp1\/2022\/06\/19\/salida-a-terreno-con-dra-monica-rubio-y-academia-de-astronomia\/","url_meta":{"origin":16700,"position":0},"title":"Salida a terreno con Dra. M\u00f3nica Rubio y la Academia de Astronom\u00eda","author":"Jeannette Rivera","date":"19 de Junio de 2022","format":false,"excerpt":"Una significativa salida a terreno, pudieron vivir nuestras estudiantes de la academia de Astronom\u00eda junto a la actual Premio Nacional de Ciencias Exactas doctora M\u00f3nica Rubio L\u00f3pez, la Hermana Directora Adela Espinoza, algunas Hermanas de la Congregaci\u00f3n y su profesor Eduardo Roco. En aquella oportunidad el grupo se dirigi\u00f3 fuera\u2026","rel":"","context":"Entrada similar ","block_context":{"text":"Entrada similar ","link":""},"img":{"alt_text":"","src":"https:\/\/i0.wp.com\/www.cisa-arica.cl\/wp1\/wp-content\/uploads\/2022\/06\/DSC1253.jpg?resize=350%2C200&ssl=1","width":350,"height":200,"srcset":"https:\/\/i0.wp.com\/www.cisa-arica.cl\/wp1\/wp-content\/uploads\/2022\/06\/DSC1253.jpg?resize=350%2C200&ssl=1 1x, https:\/\/i0.wp.com\/www.cisa-arica.cl\/wp1\/wp-content\/uploads\/2022\/06\/DSC1253.jpg?resize=525%2C300&ssl=1 1.5x, https:\/\/i0.wp.com\/www.cisa-arica.cl\/wp1\/wp-content\/uploads\/2022\/06\/DSC1253.jpg?resize=700%2C400&ssl=1 2x, https:\/\/i0.wp.com\/www.cisa-arica.cl\/wp1\/wp-content\/uploads\/2022\/06\/DSC1253.jpg?resize=1050%2C600&ssl=1 3x, https:\/\/i0.wp.com\/www.cisa-arica.cl\/wp1\/wp-content\/uploads\/2022\/06\/DSC1253.jpg?resize=1400%2C800&ssl=1 4x"},"classes":[]},{"id":10716,"url":"https:\/\/www.cisa-arica.cl\/wp1\/2020\/06\/16\/participa-de-la-academia-de-atletismo\/","url_meta":{"origin":16700,"position":1},"title":"Participa de la academia de Atletismo","author":"Jeannette Rivera","date":"16 de Junio de 2020","format":false,"excerpt":"Estimada Comunidad Educativa: Junto con saludar y deseando que se encuentren bien, informamos que desde el mes de junio dimos inicio a los talleres de distintas disciplinas. Si est\u00e1s interesada, cont\u00e1ctate a trav\u00e9s del correo electr\u00f3nico con el profesor o monitor a cargo. Los horarios de la Academia de Atletismo\u2026","rel":"","context":"En &quot;Academias CISA&quot;","block_context":{"text":"Academias CISA","link":"https:\/\/www.cisa-arica.cl\/wp1\/category\/academias-cisa\/"},"img":{"alt_text":"","src":"https:\/\/i0.wp.com\/www.cisa-arica.cl\/wp1\/wp-content\/uploads\/2020\/06\/Ac-atletismo.png?resize=350%2C200&ssl=1","width":350,"height":200},"classes":[]},{"id":10686,"url":"https:\/\/www.cisa-arica.cl\/wp1\/2020\/06\/13\/participa-de-la-academia-de-basquetbol\/","url_meta":{"origin":16700,"position":2},"title":"Participa de la academia de B\u00e1squetbol","author":"Jeannette Rivera","date":"13 de Junio de 2020","format":false,"excerpt":"Estimada Comunidad Educativa:Junto con saludar y deseando que\u00a0se encuentren bien, informamos que desde el mes de junio dimos inicio a los talleres de distintas disciplinas. Si est\u00e1s interesada, cont\u00e1ctate\u00a0a trav\u00e9s del correo electr\u00f3nico con el profesor\u00a0o monitor a cargo.Los horarios de la Academia de B\u00e1squetbol en la plataforma virtual son\u2026","rel":"","context":"En &quot;Academias CISA&quot;","block_context":{"text":"Academias CISA","link":"https:\/\/www.cisa-arica.cl\/wp1\/category\/academias-cisa\/"},"img":{"alt_text":"","src":"https:\/\/i0.wp.com\/www.cisa-arica.cl\/wp1\/wp-content\/uploads\/2020\/06\/Ac-basqutbl.png?resize=350%2C200&ssl=1","width":350,"height":200},"classes":[]},{"id":10689,"url":"https:\/\/www.cisa-arica.cl\/wp1\/2020\/06\/13\/participa-de-la-academia-de-teatro\/","url_meta":{"origin":16700,"position":3},"title":"Participa de la academia de Teatro","author":"Jeannette Rivera","date":"13 de Junio de 2020","format":false,"excerpt":"Estimada Comunidad Educativa:Junto con saludar y deseando que\u00a0se encuentren bien, informamos que desde el mes de junio dimos inicio a los talleres de distintas disciplinas. Si est\u00e1s interesada, cont\u00e1ctate\u00a0a trav\u00e9s del correo electr\u00f3nico con el profesor\u00a0o monitor a cargo.Los horarios de la Academia de Teatro en la plataforma virtual son\u2026","rel":"","context":"En &quot;Academias CISA&quot;","block_context":{"text":"Academias CISA","link":"https:\/\/www.cisa-arica.cl\/wp1\/category\/academias-cisa\/"},"img":{"alt_text":"","src":"https:\/\/i0.wp.com\/www.cisa-arica.cl\/wp1\/wp-content\/uploads\/2020\/06\/Ac-teatro-1.png?resize=350%2C200&ssl=1","width":350,"height":200},"classes":[]},{"id":10713,"url":"https:\/\/www.cisa-arica.cl\/wp1\/2020\/06\/16\/participa-de-la-academia-de-ajedrez\/","url_meta":{"origin":16700,"position":4},"title":"Participa de la academia de Ajedrez","author":"Jeannette Rivera","date":"16 de Junio de 2020","format":false,"excerpt":"Estimada Comunidad Educativa: Junto con saludar y deseando que se encuentren bien, informamos que desde el mes de junio dimos inicio a los talleres de distintas disciplinas. Si est\u00e1s interesada, cont\u00e1ctate a trav\u00e9s del correo electr\u00f3nico con el profesor o monitor a cargo. Los horarios de la Academia de Ajedrez\u2026","rel":"","context":"En &quot;Academias CISA&quot;","block_context":{"text":"Academias CISA","link":"https:\/\/www.cisa-arica.cl\/wp1\/category\/academias-cisa\/"},"img":{"alt_text":"","src":"https:\/\/i0.wp.com\/www.cisa-arica.cl\/wp1\/wp-content\/uploads\/2020\/06\/At-ajedrez.png?resize=350%2C200&ssl=1","width":350,"height":200},"classes":[]},{"id":10652,"url":"https:\/\/www.cisa-arica.cl\/wp1\/2020\/06\/11\/participa-de-la-academia-de-ballet\/","url_meta":{"origin":16700,"position":5},"title":"Participa de la academia de Ballet","author":"cisa","date":"11 de Junio de 2020","format":false,"excerpt":"Estimada Comunidad Educativa.Junto con saludar y deseando que\u00a0se encuentren bien, informamos que desde el mes de junio dimos inicio a los talleres de distintas disciplinas.Si est\u00e1s interesada, cont\u00e1ctate\u00a0a trav\u00e9s del correo electr\u00f3nico con el profesor\u00a0o monitor a cargo. Los horarios de la academia de Ballet que son de la plataforma\u2026","rel":"","context":"Entrada similar ","block_context":{"text":"Entrada similar ","link":""},"img":{"alt_text":"","src":"https:\/\/i0.wp.com\/www.cisa-arica.cl\/wp1\/wp-content\/uploads\/2020\/06\/2-1.png?resize=350%2C200&ssl=1","width":350,"height":200,"srcset":"https:\/\/i0.wp.com\/www.cisa-arica.cl\/wp1\/wp-content\/uploads\/2020\/06\/2-1.png?resize=350%2C200&ssl=1 1x, https:\/\/i0.wp.com\/www.cisa-arica.cl\/wp1\/wp-content\/uploads\/2020\/06\/2-1.png?resize=525%2C300&ssl=1 1.5x, https:\/\/i0.wp.com\/www.cisa-arica.cl\/wp1\/wp-content\/uploads\/2020\/06\/2-1.png?resize=700%2C400&ssl=1 2x, https:\/\/i0.wp.com\/www.cisa-arica.cl\/wp1\/wp-content\/uploads\/2020\/06\/2-1.png?resize=1050%2C600&ssl=1 3x"},"classes":[]}],"_links":{"self":[{"href":"https:\/\/www.cisa-arica.cl\/wp1\/wp-json\/wp\/v2\/posts\/16700","targetHints":{"allow":["GET"]}}],"collection":[{"href":"https:\/\/www.cisa-arica.cl\/wp1\/wp-json\/wp\/v2\/posts"}],"about":[{"href":"https:\/\/www.cisa-arica.cl\/wp1\/wp-json\/wp\/v2\/types\/post"}],"author":[{"embeddable":true,"href":"https:\/\/www.cisa-arica.cl\/wp1\/wp-json\/wp\/v2\/users\/1"}],"replies":[{"embeddable":true,"href":"https:\/\/www.cisa-arica.cl\/wp1\/wp-json\/wp\/v2\/comments?post=16700"}],"version-history":[{"count":2,"href":"https:\/\/www.cisa-arica.cl\/wp1\/wp-json\/wp\/v2\/posts\/16700\/revisions"}],"predecessor-version":[{"id":16709,"href":"https:\/\/www.cisa-arica.cl\/wp1\/wp-json\/wp\/v2\/posts\/16700\/revisions\/16709"}],"wp:featuredmedia":[{"embeddable":true,"href":"https:\/\/www.cisa-arica.cl\/wp1\/wp-json\/wp\/v2\/media\/16707"}],"wp:attachment":[{"href":"https:\/\/www.cisa-arica.cl\/wp1\/wp-json\/wp\/v2\/media?parent=16700"}],"wp:term":[{"taxonomy":"category","embeddable":true,"href":"https:\/\/www.cisa-arica.cl\/wp1\/wp-json\/wp\/v2\/categories?post=16700"},{"taxonomy":"post_tag","embeddable":true,"href":"https:\/\/www.cisa-arica.cl\/wp1\/wp-json\/wp\/v2\/tags?post=16700"}],"curies":[{"name":"wp","href":"https:\/\/api.w.org\/{rel}","templated":true}]}}