{"id":16612,"date":"2022-06-21T20:49:41","date_gmt":"2022-06-22T00:49:41","guid":{"rendered":"https:\/\/www.cisa-arica.cl\/wp1\/?p=16612"},"modified":"2022-06-21T21:15:37","modified_gmt":"2022-06-22T01:15:37","slug":"borrador-automatico","status":"publish","type":"post","link":"https:\/\/www.cisa-arica.cl\/wp1\/2022\/06\/21\/borrador-automatico\/","title":{"rendered":"Cierre del Primer Semestre"},"content":{"rendered":"\n<p>Estimados Apoderados:<br>Junto con saludar y esperando se encuentren bien, comunicamos a ustedes que el Ministerio de Educaci\u00f3n como medida sanitaria ha dispuesto ampliar el periodo de vacaciones de invierno, siendo el <strong>\u00faltimo d\u00eda de clases el mi\u00e9rcoles 29 de junio<\/strong> y con <strong>retorno el lunes 25 de julio<\/strong>.<br><strong>Como colegio se ha decidido continuar con las evaluaciones calendarizadas hasta el 29 de junio<\/strong>, tal cual como estaba programado, por lo que se solicita, que las estudiantes sean responsables en la preparaci\u00f3n y asistencia en cada una de ellas para lograr un buen t\u00e9rmino del semestre. Debemos recordar que la <strong>inasistencia<\/strong> a las evaluaciones establecidas, llevar\u00e1 consigo el No cierre del semestre, quedando este abierto para quienes No asistan a rendir sus evaluaciones, o bien, No entreguen sus trabajos en las fechas correspondientes indicadas por cada profesor y profesora de asignatura. <\/p>\n\n\n\n<p>La fecha del correo indicando el \u00faltimo d\u00eda de clases fue enviado al correo institucional de las estudiantes el pasado 16 de junio.<\/p>\n\n\n\n<p>Equipo Directivo<br>Colegio Italiano Santa Ana<br>ARICA<\/p>\n\n\n\n<figure class=\"wp-block-image size-large\"><img loading=\"lazy\" decoding=\"async\" width=\"600\" height=\"450\" data-attachment-id=\"16094\" data-permalink=\"https:\/\/www.cisa-arica.cl\/wp1\/2022\/06\/03\/proyecto-de-aula-en-ingles\/whatsapp-image-2022-06-03-at-9-39-53-pm-1\/\" data-orig-file=\"https:\/\/www.cisa-arica.cl\/wp1\/wp-content\/uploads\/2022\/06\/WhatsApp-Image-2022-06-03-at-9.39.53-PM-1.jpeg\" data-orig-size=\"1024,768\" data-comments-opened=\"0\" data-image-meta=\"{&quot;aperture&quot;:&quot;0&quot;,&quot;credit&quot;:&quot;&quot;,&quot;camera&quot;:&quot;&quot;,&quot;caption&quot;:&quot;&quot;,&quot;created_timestamp&quot;:&quot;0&quot;,&quot;copyright&quot;:&quot;&quot;,&quot;focal_length&quot;:&quot;0&quot;,&quot;iso&quot;:&quot;0&quot;,&quot;shutter_speed&quot;:&quot;0&quot;,&quot;title&quot;:&quot;&quot;,&quot;orientation&quot;:&quot;0&quot;}\" data-image-title=\"WhatsApp Image 2022-06-03 at 9.39.53 PM (1)\" data-image-description=\"\" data-image-caption=\"\" data-large-file=\"https:\/\/www.cisa-arica.cl\/wp1\/wp-content\/uploads\/2022\/06\/WhatsApp-Image-2022-06-03-at-9.39.53-PM-1-600x450.jpeg\" src=\"http:\/\/www.cisa-arica.cl\/wp1\/wp-content\/uploads\/2022\/06\/WhatsApp-Image-2022-06-03-at-9.39.53-PM-1-600x450.jpeg\" alt=\"\" class=\"wp-image-16094\" srcset=\"https:\/\/www.cisa-arica.cl\/wp1\/wp-content\/uploads\/2022\/06\/WhatsApp-Image-2022-06-03-at-9.39.53-PM-1-600x450.jpeg 600w, https:\/\/www.cisa-arica.cl\/wp1\/wp-content\/uploads\/2022\/06\/WhatsApp-Image-2022-06-03-at-9.39.53-PM-1-300x225.jpeg 300w, https:\/\/www.cisa-arica.cl\/wp1\/wp-content\/uploads\/2022\/06\/WhatsApp-Image-2022-06-03-at-9.39.53-PM-1-768x576.jpeg 768w, https:\/\/www.cisa-arica.cl\/wp1\/wp-content\/uploads\/2022\/06\/WhatsApp-Image-2022-06-03-at-9.39.53-PM-1.jpeg 1024w\" sizes=\"auto, (max-width: 600px) 100vw, 600px\" \/><\/figure>\n\n\n\n<figure class=\"wp-block-image size-large\"><img loading=\"lazy\" decoding=\"async\" width=\"600\" height=\"338\" data-attachment-id=\"16222\" data-permalink=\"https:\/\/www.cisa-arica.cl\/wp1\/2022\/06\/06\/celebrando-el-7-de-junio\/whatsapp-image-2022-06-06-at-2-23-17-pm\/\" data-orig-file=\"https:\/\/www.cisa-arica.cl\/wp1\/wp-content\/uploads\/2022\/06\/WhatsApp-Image-2022-06-06-at-2.23.17-PM.jpeg\" data-orig-size=\"1600,900\" data-comments-opened=\"0\" data-image-meta=\"{&quot;aperture&quot;:&quot;0&quot;,&quot;credit&quot;:&quot;&quot;,&quot;camera&quot;:&quot;&quot;,&quot;caption&quot;:&quot;&quot;,&quot;created_timestamp&quot;:&quot;0&quot;,&quot;copyright&quot;:&quot;&quot;,&quot;focal_length&quot;:&quot;0&quot;,&quot;iso&quot;:&quot;0&quot;,&quot;shutter_speed&quot;:&quot;0&quot;,&quot;title&quot;:&quot;&quot;,&quot;orientation&quot;:&quot;0&quot;}\" data-image-title=\"WhatsApp Image 2022-06-06 at 2.23.17 PM\" data-image-description=\"\" data-image-caption=\"\" data-large-file=\"https:\/\/www.cisa-arica.cl\/wp1\/wp-content\/uploads\/2022\/06\/WhatsApp-Image-2022-06-06-at-2.23.17-PM-600x338.jpeg\" src=\"http:\/\/www.cisa-arica.cl\/wp1\/wp-content\/uploads\/2022\/06\/WhatsApp-Image-2022-06-06-at-2.23.17-PM-600x338.jpeg\" alt=\"\" class=\"wp-image-16222\" srcset=\"https:\/\/www.cisa-arica.cl\/wp1\/wp-content\/uploads\/2022\/06\/WhatsApp-Image-2022-06-06-at-2.23.17-PM-600x338.jpeg 600w, https:\/\/www.cisa-arica.cl\/wp1\/wp-content\/uploads\/2022\/06\/WhatsApp-Image-2022-06-06-at-2.23.17-PM-300x169.jpeg 300w, https:\/\/www.cisa-arica.cl\/wp1\/wp-content\/uploads\/2022\/06\/WhatsApp-Image-2022-06-06-at-2.23.17-PM-768x432.jpeg 768w, https:\/\/www.cisa-arica.cl\/wp1\/wp-content\/uploads\/2022\/06\/WhatsApp-Image-2022-06-06-at-2.23.17-PM-1536x864.jpeg 1536w, https:\/\/www.cisa-arica.cl\/wp1\/wp-content\/uploads\/2022\/06\/WhatsApp-Image-2022-06-06-at-2.23.17-PM.jpeg 1600w\" sizes=\"auto, (max-width: 600px) 100vw, 600px\" \/><\/figure>\n\n\n\n<p><\/p>\n","protected":false},"excerpt":{"rendered":"<p>Estimados Apoderados:Junto con saludar y esperando se encuentren bien, comunicamos a ustedes que el Ministerio de Educaci\u00f3n como medida sanitaria ha dispuesto ampliar el periodo de vacaciones de invierno, siendo el \u00faltimo d\u00eda de clases el mi\u00e9rcoles 29 de junio y con retorno el lunes 25 de julio.Como colegio se ha decidido continuar con las <a class=\"read-more\" href=\"https:\/\/www.cisa-arica.cl\/wp1\/2022\/06\/21\/borrador-automatico\/\">Continuar leyendo<\/a><\/p>\n","protected":false},"author":5,"featured_media":16094,"comment_status":"closed","ping_status":"open","sticky":false,"template":"","format":"standard","meta":{"_jetpack_memberships_contains_paid_content":false,"footnotes":"","jetpack_publicize_message":"","jetpack_publicize_feature_enabled":true,"jetpack_social_post_already_shared":true,"jetpack_social_options":{"image_generator_settings":{"template":"highway","default_image_id":0,"font":"","enabled":false},"version":2}},"categories":[5],"tags":[],"class_list":["post-16612","post","type-post","status-publish","format-standard","has-post-thumbnail","hentry","category-uncategorized"],"jetpack_publicize_connections":[],"jetpack_featured_media_url":"https:\/\/www.cisa-arica.cl\/wp1\/wp-content\/uploads\/2022\/06\/WhatsApp-Image-2022-06-03-at-9.39.53-PM-1.jpeg","jetpack_sharing_enabled":true,"jetpack_shortlink":"https:\/\/wp.me\/p84wcz-4jW","jetpack-related-posts":[{"id":10871,"url":"https:\/\/www.cisa-arica.cl\/wp1\/2020\/07\/06\/informacion-evaluaciones-formativas\/","url_meta":{"origin":16612,"position":0},"title":"Informaci\u00f3n Evaluaciones Formativas","author":"Jeannette Rivera","date":"6 de Julio de 2020","format":false,"excerpt":"Estimados Apoderados: Junto con saludar y esperando se encuentren bien junto a sus familias. Queremos recordar que \u00a0a partir de hoy y hasta el jueves 9 de julio (23:59 hrs), se encuentran disponibles en la plataforma www.aulavirtualsantaana.cl \u00a0las evaluaciones formativas de car\u00e1cter obligatorias en las asignaturas de lenguaje, matem\u00e1tica, historia\u2026","rel":"","context":"Entrada similar ","block_context":{"text":"Entrada similar ","link":""},"img":{"alt_text":"","src":"https:\/\/i0.wp.com\/www.cisa-arica.cl\/wp1\/wp-content\/uploads\/2020\/07\/Screenshot_1.png?resize=350%2C200&ssl=1","width":350,"height":200},"classes":[]},{"id":12678,"url":"https:\/\/www.cisa-arica.cl\/wp1\/2021\/06\/16\/semana-de-evaluacion-sin-clases-virtuales\/","url_meta":{"origin":16612,"position":1},"title":"Semana de evaluaci\u00f3n sin clases virtuales","author":"CISA","date":"16 de Junio de 2021","format":false,"excerpt":"Estimada comunidad educativa. Esperando que se encuentren bien, les comunicamos que la Pr\u00f3xima semana, desde el lunes 21 al viernes 25 de junio , no habr\u00e1 conexi\u00f3n a clases virtuales debido a que es una semana de evaluaciones, la motivaci\u00f3n es que las estudiantes y sus familias puedan rendir y\u2026","rel":"","context":"Entrada similar ","block_context":{"text":"Entrada similar ","link":""},"img":{"alt_text":"","src":"https:\/\/i0.wp.com\/www.cisa-arica.cl\/wp1\/wp-content\/uploads\/2021\/06\/img_8552.jpg?resize=350%2C200&ssl=1","width":350,"height":200,"srcset":"https:\/\/i0.wp.com\/www.cisa-arica.cl\/wp1\/wp-content\/uploads\/2021\/06\/img_8552.jpg?resize=350%2C200&ssl=1 1x, https:\/\/i0.wp.com\/www.cisa-arica.cl\/wp1\/wp-content\/uploads\/2021\/06\/img_8552.jpg?resize=525%2C300&ssl=1 1.5x, https:\/\/i0.wp.com\/www.cisa-arica.cl\/wp1\/wp-content\/uploads\/2021\/06\/img_8552.jpg?resize=700%2C400&ssl=1 2x"},"classes":[]},{"id":12635,"url":"https:\/\/www.cisa-arica.cl\/wp1\/2021\/06\/14\/fechas-3as-evaluaciones-institucionales\/","url_meta":{"origin":16612,"position":2},"title":"Fechas 3as Evaluaciones Institucionales","author":"Jeannette Rivera","date":"14 de Junio de 2021","format":false,"excerpt":"Estimados Apoderados y Alumnas:Junto con saludarlos, queremos recordar que\u00a0desde el jueves 17 hasta el mi\u00e9rcoles\u00a030\u00a0de Junio\u00a0se encontrar\u00e1n disponibles los 3eros\u00a0cuestionarios institucionales de car\u00e1cter obligatorio\u00a0desde las\u00a08:00 hasta las 23:59 hrs\u00a0en la plataforma\u00a0www.arica.aulavirtualsantaana.cl. No olvide revisar el calendario de evaluaci\u00f3n, ya que\u00a0cada asignatura tiene un d\u00eda espec\u00edfico\u00a0para realizar el cuestionario. El cuestionario\u2026","rel":"","context":"Entrada similar ","block_context":{"text":"Entrada similar ","link":""},"img":{"alt_text":"","src":"https:\/\/i0.wp.com\/www.cisa-arica.cl\/wp1\/wp-content\/uploads\/2021\/06\/TERCER-CUESTIONARIO.jpeg?resize=350%2C200&ssl=1","width":350,"height":200,"srcset":"https:\/\/i0.wp.com\/www.cisa-arica.cl\/wp1\/wp-content\/uploads\/2021\/06\/TERCER-CUESTIONARIO.jpeg?resize=350%2C200&ssl=1 1x, https:\/\/i0.wp.com\/www.cisa-arica.cl\/wp1\/wp-content\/uploads\/2021\/06\/TERCER-CUESTIONARIO.jpeg?resize=525%2C300&ssl=1 1.5x, https:\/\/i0.wp.com\/www.cisa-arica.cl\/wp1\/wp-content\/uploads\/2021\/06\/TERCER-CUESTIONARIO.jpeg?resize=700%2C400&ssl=1 2x, https:\/\/i0.wp.com\/www.cisa-arica.cl\/wp1\/wp-content\/uploads\/2021\/06\/TERCER-CUESTIONARIO.jpeg?resize=1050%2C600&ssl=1 3x"},"classes":[]},{"id":12262,"url":"https:\/\/www.cisa-arica.cl\/wp1\/2021\/04\/16\/fechas-primeras-evaluaciones-on-line\/","url_meta":{"origin":16612,"position":3},"title":"FECHAS PRIMERAS EVALUACIONES ON-LINE","author":"CISA","date":"16 de Abril de 2021","format":false,"excerpt":"Estimada comunidad educativa: Junto con saludar informamos a Uds. que la pr\u00f3xima semana comienzan los primeros cuestionarios on - line. Este a\u00f1o se contar\u00e1 con un d\u00eda determinado para cada asignatura,esta\u00a0evaluaci\u00f3n estar\u00e1 habilitada de 8:00 a 23:59 y se tendr\u00e1 90 minutos para responder. Unidad T\u00e9cnico Pedag\u00f3gica \u00a0 \u00a0 \u00a0\u2026","rel":"","context":"Entrada similar ","block_context":{"text":"Entrada similar ","link":""},"img":{"alt_text":"","src":"https:\/\/i0.wp.com\/www.cisa-arica.cl\/wp1\/wp-content\/uploads\/2021\/04\/WhatsApp-Image-2021-04-16-at-17.37.30.jpeg?resize=350%2C200&ssl=1","width":350,"height":200,"srcset":"https:\/\/i0.wp.com\/www.cisa-arica.cl\/wp1\/wp-content\/uploads\/2021\/04\/WhatsApp-Image-2021-04-16-at-17.37.30.jpeg?resize=350%2C200&ssl=1 1x, https:\/\/i0.wp.com\/www.cisa-arica.cl\/wp1\/wp-content\/uploads\/2021\/04\/WhatsApp-Image-2021-04-16-at-17.37.30.jpeg?resize=525%2C300&ssl=1 1.5x, https:\/\/i0.wp.com\/www.cisa-arica.cl\/wp1\/wp-content\/uploads\/2021\/04\/WhatsApp-Image-2021-04-16-at-17.37.30.jpeg?resize=700%2C400&ssl=1 2x, https:\/\/i0.wp.com\/www.cisa-arica.cl\/wp1\/wp-content\/uploads\/2021\/04\/WhatsApp-Image-2021-04-16-at-17.37.30.jpeg?resize=1050%2C600&ssl=1 3x"},"classes":[]},{"id":9773,"url":"https:\/\/www.cisa-arica.cl\/wp1\/2019\/10\/04\/calendario-de-evaluaciones-mes-de-octubre\/","url_meta":{"origin":16612,"position":4},"title":"Calendario de Evaluaciones mes de Octubre","author":"CISA","date":"4 de Octubre de 2019","format":false,"excerpt":"Descarga de evaluaciones (Formato PDF): Calendario de Evaluaciones 7mo a 4to MedioDescargar Calendario de Evaluaciones 1ro a 6to B\u00e1sicoDescargar","rel":"","context":"Entrada similar ","block_context":{"text":"Entrada similar ","link":""},"img":{"alt_text":"","src":"https:\/\/i0.wp.com\/www.cisa-arica.cl\/wp1\/wp-content\/uploads\/2019\/04\/cropped-LOGO_CISA_chico-2-e1557940881746.png?resize=350%2C200&ssl=1","width":350,"height":200},"classes":[]},{"id":11806,"url":"https:\/\/www.cisa-arica.cl\/wp1\/2020\/11\/30\/evaluaciones-3eros-medios-plan-comun-y-plan-diferencial\/","url_meta":{"origin":16612,"position":5},"title":"Evaluaciones 3eros Medios: Plan com\u00fan y Plan diferencial.","author":"CISA","date":"30 de Noviembre de 2020","format":false,"excerpt":"Estimados Apoderados y Alumnas:Junto con saludarlos, queremos recordar que desde hoy\u00a030 de Noviembre y\u00a0\u00a0hasta el martes 8 de Diciembre\u00a0(23:59\u00a0hrs), se encontrar\u00e1n disponibles en la plataforma\u00a0www.aulavirtualsantaana.cl\u00a0las\u00a0evaluaciones (cuestionarios) de car\u00e1cter obligatorias\u00a0del\u00a0plan com\u00fan\u00a0y del\u00a0plan diferencial,\u00a0\u00a0las que tienen como finalidad conocer el avance de las estudiantes en cada una de estas asignaturas.El cuestionario consta\u2026","rel":"","context":"Entrada similar ","block_context":{"text":"Entrada similar ","link":""},"img":{"alt_text":"","src":"https:\/\/i0.wp.com\/www.cisa-arica.cl\/wp1\/wp-content\/uploads\/2020\/11\/img_6046.jpg?resize=350%2C200&ssl=1","width":350,"height":200,"srcset":"https:\/\/i0.wp.com\/www.cisa-arica.cl\/wp1\/wp-content\/uploads\/2020\/11\/img_6046.jpg?resize=350%2C200&ssl=1 1x, https:\/\/i0.wp.com\/www.cisa-arica.cl\/wp1\/wp-content\/uploads\/2020\/11\/img_6046.jpg?resize=525%2C300&ssl=1 1.5x"},"classes":[]}],"_links":{"self":[{"href":"https:\/\/www.cisa-arica.cl\/wp1\/wp-json\/wp\/v2\/posts\/16612","targetHints":{"allow":["GET"]}}],"collection":[{"href":"https:\/\/www.cisa-arica.cl\/wp1\/wp-json\/wp\/v2\/posts"}],"about":[{"href":"https:\/\/www.cisa-arica.cl\/wp1\/wp-json\/wp\/v2\/types\/post"}],"author":[{"embeddable":true,"href":"https:\/\/www.cisa-arica.cl\/wp1\/wp-json\/wp\/v2\/users\/5"}],"replies":[{"embeddable":true,"href":"https:\/\/www.cisa-arica.cl\/wp1\/wp-json\/wp\/v2\/comments?post=16612"}],"version-history":[{"count":4,"href":"https:\/\/www.cisa-arica.cl\/wp1\/wp-json\/wp\/v2\/posts\/16612\/revisions"}],"predecessor-version":[{"id":16621,"href":"https:\/\/www.cisa-arica.cl\/wp1\/wp-json\/wp\/v2\/posts\/16612\/revisions\/16621"}],"wp:featuredmedia":[{"embeddable":true,"href":"https:\/\/www.cisa-arica.cl\/wp1\/wp-json\/wp\/v2\/media\/16094"}],"wp:attachment":[{"href":"https:\/\/www.cisa-arica.cl\/wp1\/wp-json\/wp\/v2\/media?parent=16612"}],"wp:term":[{"taxonomy":"category","embeddable":true,"href":"https:\/\/www.cisa-arica.cl\/wp1\/wp-json\/wp\/v2\/categories?post=16612"},{"taxonomy":"post_tag","embeddable":true,"href":"https:\/\/www.cisa-arica.cl\/wp1\/wp-json\/wp\/v2\/tags?post=16612"}],"curies":[{"name":"wp","href":"https:\/\/api.w.org\/{rel}","templated":true}]}}