{"id":16014,"date":"2022-05-31T14:35:48","date_gmt":"2022-05-31T18:35:48","guid":{"rendered":"https:\/\/www.cisa-arica.cl\/wp1\/?p=16014"},"modified":"2022-05-31T14:35:48","modified_gmt":"2022-05-31T18:35:48","slug":"ganadoras-concurso-de-pintura-y-dibujo-gobernacion-maritima","status":"publish","type":"post","link":"https:\/\/www.cisa-arica.cl\/wp1\/2022\/05\/31\/ganadoras-concurso-de-pintura-y-dibujo-gobernacion-maritima\/","title":{"rendered":"Ganadoras Concurso de Pintura y Dibujo Gobernaci\u00f3n Mar\u00edtima"},"content":{"rendered":"<p>Se informa a la Comunidad del Colegio Italiano Santa Ana, que dos de nuestras estudiantes participaron en el Concurso de Pintura y Dibujo Mes del Mar 2022\u00a0 organizado por la Gobernaci\u00f3n Mar\u00edtima de Arica . Ellas son Matilde Vald\u00e9s More del 1 a\u00f1o A y Kabal\u00e1n Warner 7 a\u00f1o B , quienes resultaron ganadoras en sus respectivas categor\u00edas. Felicitaciones y las instamos a seguir desarrollando sus habilidades art\u00edsticas.<\/p>\n<p><img loading=\"lazy\" decoding=\"async\" data-attachment-id=\"16004\" data-permalink=\"https:\/\/www.cisa-arica.cl\/wp1\/20220527_160024\/\" data-orig-file=\"https:\/\/www.cisa-arica.cl\/wp1\/wp-content\/uploads\/2022\/05\/20220527_160024-scaled.jpg\" data-orig-size=\"1920,2560\" data-comments-opened=\"0\" data-image-meta=\"{&quot;aperture&quot;:&quot;2&quot;,&quot;credit&quot;:&quot;&quot;,&quot;camera&quot;:&quot;SM-A315G&quot;,&quot;caption&quot;:&quot;&quot;,&quot;created_timestamp&quot;:&quot;1653667224&quot;,&quot;copyright&quot;:&quot;&quot;,&quot;focal_length&quot;:&quot;4.6&quot;,&quot;iso&quot;:&quot;32&quot;,&quot;shutter_speed&quot;:&quot;0.009995&quot;,&quot;title&quot;:&quot;&quot;,&quot;orientation&quot;:&quot;1&quot;}\" data-image-title=\"20220527_160024\" data-image-description=\"\" data-image-caption=\"\" data-large-file=\"https:\/\/www.cisa-arica.cl\/wp1\/wp-content\/uploads\/2022\/05\/20220527_160024-450x600.jpg\" class=\"alignnone size-medium wp-image-16004\" src=\"http:\/\/www.cisa-arica.cl\/wp1\/wp-content\/uploads\/2022\/05\/20220527_160024-225x300.jpg\" alt=\"\" width=\"225\" height=\"300\" srcset=\"https:\/\/www.cisa-arica.cl\/wp1\/wp-content\/uploads\/2022\/05\/20220527_160024-225x300.jpg 225w, https:\/\/www.cisa-arica.cl\/wp1\/wp-content\/uploads\/2022\/05\/20220527_160024-450x600.jpg 450w, https:\/\/www.cisa-arica.cl\/wp1\/wp-content\/uploads\/2022\/05\/20220527_160024-768x1024.jpg 768w, https:\/\/www.cisa-arica.cl\/wp1\/wp-content\/uploads\/2022\/05\/20220527_160024-1152x1536.jpg 1152w, https:\/\/www.cisa-arica.cl\/wp1\/wp-content\/uploads\/2022\/05\/20220527_160024-1536x2048.jpg 1536w, https:\/\/www.cisa-arica.cl\/wp1\/wp-content\/uploads\/2022\/05\/20220527_160024-scaled.jpg 1920w\" sizes=\"auto, (max-width: 225px) 100vw, 225px\" \/><img loading=\"lazy\" decoding=\"async\" data-attachment-id=\"16003\" data-permalink=\"https:\/\/www.cisa-arica.cl\/wp1\/20220527_160009\/\" data-orig-file=\"https:\/\/www.cisa-arica.cl\/wp1\/wp-content\/uploads\/2022\/05\/20220527_160009-scaled.jpg\" data-orig-size=\"1920,2560\" data-comments-opened=\"0\" data-image-meta=\"{&quot;aperture&quot;:&quot;2&quot;,&quot;credit&quot;:&quot;&quot;,&quot;camera&quot;:&quot;SM-A315G&quot;,&quot;caption&quot;:&quot;&quot;,&quot;created_timestamp&quot;:&quot;1653667210&quot;,&quot;copyright&quot;:&quot;&quot;,&quot;focal_length&quot;:&quot;4.6&quot;,&quot;iso&quot;:&quot;32&quot;,&quot;shutter_speed&quot;:&quot;0.01&quot;,&quot;title&quot;:&quot;&quot;,&quot;orientation&quot;:&quot;1&quot;}\" data-image-title=\"20220527_160009\" data-image-description=\"\" data-image-caption=\"\" data-large-file=\"https:\/\/www.cisa-arica.cl\/wp1\/wp-content\/uploads\/2022\/05\/20220527_160009-450x600.jpg\" class=\"alignnone size-medium wp-image-16003\" src=\"http:\/\/www.cisa-arica.cl\/wp1\/wp-content\/uploads\/2022\/05\/20220527_160009-225x300.jpg\" alt=\"\" width=\"225\" height=\"300\" srcset=\"https:\/\/www.cisa-arica.cl\/wp1\/wp-content\/uploads\/2022\/05\/20220527_160009-225x300.jpg 225w, https:\/\/www.cisa-arica.cl\/wp1\/wp-content\/uploads\/2022\/05\/20220527_160009-450x600.jpg 450w, https:\/\/www.cisa-arica.cl\/wp1\/wp-content\/uploads\/2022\/05\/20220527_160009-768x1024.jpg 768w, https:\/\/www.cisa-arica.cl\/wp1\/wp-content\/uploads\/2022\/05\/20220527_160009-1152x1536.jpg 1152w, https:\/\/www.cisa-arica.cl\/wp1\/wp-content\/uploads\/2022\/05\/20220527_160009-1536x2048.jpg 1536w, https:\/\/www.cisa-arica.cl\/wp1\/wp-content\/uploads\/2022\/05\/20220527_160009-scaled.jpg 1920w\" sizes=\"auto, (max-width: 225px) 100vw, 225px\" \/><img loading=\"lazy\" decoding=\"async\" data-attachment-id=\"16010\" data-permalink=\"https:\/\/www.cisa-arica.cl\/wp1\/20220527_161106\/\" data-orig-file=\"https:\/\/www.cisa-arica.cl\/wp1\/wp-content\/uploads\/2022\/05\/20220527_161106-scaled.jpg\" data-orig-size=\"1920,2560\" data-comments-opened=\"0\" data-image-meta=\"{&quot;aperture&quot;:&quot;2&quot;,&quot;credit&quot;:&quot;&quot;,&quot;camera&quot;:&quot;SM-A315G&quot;,&quot;caption&quot;:&quot;&quot;,&quot;created_timestamp&quot;:&quot;1653667867&quot;,&quot;copyright&quot;:&quot;&quot;,&quot;focal_length&quot;:&quot;4.6&quot;,&quot;iso&quot;:&quot;25&quot;,&quot;shutter_speed&quot;:&quot;0.02&quot;,&quot;title&quot;:&quot;&quot;,&quot;orientation&quot;:&quot;1&quot;}\" data-image-title=\"20220527_161106\" data-image-description=\"\" data-image-caption=\"\" data-large-file=\"https:\/\/www.cisa-arica.cl\/wp1\/wp-content\/uploads\/2022\/05\/20220527_161106-450x600.jpg\" class=\"alignnone size-medium wp-image-16010\" src=\"http:\/\/www.cisa-arica.cl\/wp1\/wp-content\/uploads\/2022\/05\/20220527_161106-225x300.jpg\" alt=\"\" width=\"225\" height=\"300\" srcset=\"https:\/\/www.cisa-arica.cl\/wp1\/wp-content\/uploads\/2022\/05\/20220527_161106-225x300.jpg 225w, https:\/\/www.cisa-arica.cl\/wp1\/wp-content\/uploads\/2022\/05\/20220527_161106-450x600.jpg 450w, https:\/\/www.cisa-arica.cl\/wp1\/wp-content\/uploads\/2022\/05\/20220527_161106-768x1024.jpg 768w, https:\/\/www.cisa-arica.cl\/wp1\/wp-content\/uploads\/2022\/05\/20220527_161106-1152x1536.jpg 1152w, https:\/\/www.cisa-arica.cl\/wp1\/wp-content\/uploads\/2022\/05\/20220527_161106-1536x2048.jpg 1536w, https:\/\/www.cisa-arica.cl\/wp1\/wp-content\/uploads\/2022\/05\/20220527_161106-scaled.jpg 1920w\" sizes=\"auto, (max-width: 225px) 100vw, 225px\" \/><img loading=\"lazy\" decoding=\"async\" data-attachment-id=\"16011\" data-permalink=\"https:\/\/www.cisa-arica.cl\/wp1\/20220527_161128\/\" data-orig-file=\"https:\/\/www.cisa-arica.cl\/wp1\/wp-content\/uploads\/2022\/05\/20220527_161128-scaled.jpg\" data-orig-size=\"1920,2560\" data-comments-opened=\"0\" data-image-meta=\"{&quot;aperture&quot;:&quot;2&quot;,&quot;credit&quot;:&quot;&quot;,&quot;camera&quot;:&quot;SM-A315G&quot;,&quot;caption&quot;:&quot;&quot;,&quot;created_timestamp&quot;:&quot;1653667888&quot;,&quot;copyright&quot;:&quot;&quot;,&quot;focal_length&quot;:&quot;4.6&quot;,&quot;iso&quot;:&quot;32&quot;,&quot;shutter_speed&quot;:&quot;0.02&quot;,&quot;title&quot;:&quot;&quot;,&quot;orientation&quot;:&quot;1&quot;}\" data-image-title=\"20220527_161128\" data-image-description=\"\" data-image-caption=\"\" data-large-file=\"https:\/\/www.cisa-arica.cl\/wp1\/wp-content\/uploads\/2022\/05\/20220527_161128-450x600.jpg\" class=\"alignnone size-medium wp-image-16011\" src=\"http:\/\/www.cisa-arica.cl\/wp1\/wp-content\/uploads\/2022\/05\/20220527_161128-225x300.jpg\" alt=\"\" width=\"225\" height=\"300\" srcset=\"https:\/\/www.cisa-arica.cl\/wp1\/wp-content\/uploads\/2022\/05\/20220527_161128-225x300.jpg 225w, https:\/\/www.cisa-arica.cl\/wp1\/wp-content\/uploads\/2022\/05\/20220527_161128-450x600.jpg 450w, https:\/\/www.cisa-arica.cl\/wp1\/wp-content\/uploads\/2022\/05\/20220527_161128-768x1024.jpg 768w, https:\/\/www.cisa-arica.cl\/wp1\/wp-content\/uploads\/2022\/05\/20220527_161128-1152x1536.jpg 1152w, https:\/\/www.cisa-arica.cl\/wp1\/wp-content\/uploads\/2022\/05\/20220527_161128-1536x2048.jpg 1536w, https:\/\/www.cisa-arica.cl\/wp1\/wp-content\/uploads\/2022\/05\/20220527_161128-scaled.jpg 1920w\" sizes=\"auto, (max-width: 225px) 100vw, 225px\" \/><img loading=\"lazy\" decoding=\"async\" data-attachment-id=\"16016\" data-permalink=\"https:\/\/www.cisa-arica.cl\/wp1\/2022\/05\/31\/ganadoras-concurso-de-pintura-y-dibujo-gobernacion-maritima\/20220527_160818-2\/\" data-orig-file=\"https:\/\/www.cisa-arica.cl\/wp1\/wp-content\/uploads\/2022\/05\/20220527_160818-1-scaled.jpg\" data-orig-size=\"1440,2560\" data-comments-opened=\"0\" data-image-meta=\"{&quot;aperture&quot;:&quot;2&quot;,&quot;credit&quot;:&quot;&quot;,&quot;camera&quot;:&quot;SM-A315G&quot;,&quot;caption&quot;:&quot;&quot;,&quot;created_timestamp&quot;:&quot;1653667698&quot;,&quot;copyright&quot;:&quot;&quot;,&quot;focal_length&quot;:&quot;4.6&quot;,&quot;iso&quot;:&quot;25&quot;,&quot;shutter_speed&quot;:&quot;0.00874&quot;,&quot;title&quot;:&quot;&quot;,&quot;orientation&quot;:&quot;1&quot;}\" data-image-title=\"20220527_160818\" data-image-description=\"\" data-image-caption=\"\" data-large-file=\"https:\/\/www.cisa-arica.cl\/wp1\/wp-content\/uploads\/2022\/05\/20220527_160818-1-338x600.jpg\" class=\"alignnone size-medium wp-image-16016\" src=\"http:\/\/www.cisa-arica.cl\/wp1\/wp-content\/uploads\/2022\/05\/20220527_160818-1-169x300.jpg\" alt=\"\" width=\"169\" height=\"300\" srcset=\"https:\/\/www.cisa-arica.cl\/wp1\/wp-content\/uploads\/2022\/05\/20220527_160818-1-169x300.jpg 169w, https:\/\/www.cisa-arica.cl\/wp1\/wp-content\/uploads\/2022\/05\/20220527_160818-1-338x600.jpg 338w, https:\/\/www.cisa-arica.cl\/wp1\/wp-content\/uploads\/2022\/05\/20220527_160818-1-768x1365.jpg 768w, https:\/\/www.cisa-arica.cl\/wp1\/wp-content\/uploads\/2022\/05\/20220527_160818-1-864x1536.jpg 864w, https:\/\/www.cisa-arica.cl\/wp1\/wp-content\/uploads\/2022\/05\/20220527_160818-1-1152x2048.jpg 1152w, https:\/\/www.cisa-arica.cl\/wp1\/wp-content\/uploads\/2022\/05\/20220527_160818-1-scaled.jpg 1440w\" sizes=\"auto, (max-width: 169px) 100vw, 169px\" \/><img loading=\"lazy\" decoding=\"async\" data-attachment-id=\"16008\" data-permalink=\"https:\/\/www.cisa-arica.cl\/wp1\/20220527_160720\/\" data-orig-file=\"https:\/\/www.cisa-arica.cl\/wp1\/wp-content\/uploads\/2022\/05\/20220527_160720-scaled.jpg\" data-orig-size=\"1920,2560\" data-comments-opened=\"0\" data-image-meta=\"{&quot;aperture&quot;:&quot;2&quot;,&quot;credit&quot;:&quot;&quot;,&quot;camera&quot;:&quot;SM-A315G&quot;,&quot;caption&quot;:&quot;&quot;,&quot;created_timestamp&quot;:&quot;1653667640&quot;,&quot;copyright&quot;:&quot;&quot;,&quot;focal_length&quot;:&quot;4.6&quot;,&quot;iso&quot;:&quot;40&quot;,&quot;shutter_speed&quot;:&quot;0.01&quot;,&quot;title&quot;:&quot;&quot;,&quot;orientation&quot;:&quot;1&quot;}\" data-image-title=\"20220527_160720\" data-image-description=\"\" data-image-caption=\"\" data-large-file=\"https:\/\/www.cisa-arica.cl\/wp1\/wp-content\/uploads\/2022\/05\/20220527_160720-450x600.jpg\" class=\"alignnone size-medium wp-image-16008\" src=\"http:\/\/www.cisa-arica.cl\/wp1\/wp-content\/uploads\/2022\/05\/20220527_160720-225x300.jpg\" alt=\"\" width=\"225\" height=\"300\" srcset=\"https:\/\/www.cisa-arica.cl\/wp1\/wp-content\/uploads\/2022\/05\/20220527_160720-225x300.jpg 225w, https:\/\/www.cisa-arica.cl\/wp1\/wp-content\/uploads\/2022\/05\/20220527_160720-450x600.jpg 450w, https:\/\/www.cisa-arica.cl\/wp1\/wp-content\/uploads\/2022\/05\/20220527_160720-768x1024.jpg 768w, https:\/\/www.cisa-arica.cl\/wp1\/wp-content\/uploads\/2022\/05\/20220527_160720-1152x1536.jpg 1152w, https:\/\/www.cisa-arica.cl\/wp1\/wp-content\/uploads\/2022\/05\/20220527_160720-1536x2048.jpg 1536w, https:\/\/www.cisa-arica.cl\/wp1\/wp-content\/uploads\/2022\/05\/20220527_160720-scaled.jpg 1920w\" sizes=\"auto, (max-width: 225px) 100vw, 225px\" \/><img loading=\"lazy\" decoding=\"async\" data-attachment-id=\"16005\" data-permalink=\"https:\/\/www.cisa-arica.cl\/wp1\/20220527_160553\/\" data-orig-file=\"https:\/\/www.cisa-arica.cl\/wp1\/wp-content\/uploads\/2022\/05\/20220527_160553-scaled.jpg\" data-orig-size=\"1920,2560\" data-comments-opened=\"0\" data-image-meta=\"{&quot;aperture&quot;:&quot;2&quot;,&quot;credit&quot;:&quot;&quot;,&quot;camera&quot;:&quot;SM-A315G&quot;,&quot;caption&quot;:&quot;&quot;,&quot;created_timestamp&quot;:&quot;1653667553&quot;,&quot;copyright&quot;:&quot;&quot;,&quot;focal_length&quot;:&quot;4.6&quot;,&quot;iso&quot;:&quot;40&quot;,&quot;shutter_speed&quot;:&quot;0.01&quot;,&quot;title&quot;:&quot;&quot;,&quot;orientation&quot;:&quot;1&quot;}\" data-image-title=\"20220527_160553\" data-image-description=\"\" data-image-caption=\"\" data-large-file=\"https:\/\/www.cisa-arica.cl\/wp1\/wp-content\/uploads\/2022\/05\/20220527_160553-450x600.jpg\" class=\"alignnone size-medium wp-image-16005\" src=\"http:\/\/www.cisa-arica.cl\/wp1\/wp-content\/uploads\/2022\/05\/20220527_160553-225x300.jpg\" alt=\"\" width=\"225\" height=\"300\" srcset=\"https:\/\/www.cisa-arica.cl\/wp1\/wp-content\/uploads\/2022\/05\/20220527_160553-225x300.jpg 225w, https:\/\/www.cisa-arica.cl\/wp1\/wp-content\/uploads\/2022\/05\/20220527_160553-450x600.jpg 450w, https:\/\/www.cisa-arica.cl\/wp1\/wp-content\/uploads\/2022\/05\/20220527_160553-768x1024.jpg 768w, https:\/\/www.cisa-arica.cl\/wp1\/wp-content\/uploads\/2022\/05\/20220527_160553-1152x1536.jpg 1152w, https:\/\/www.cisa-arica.cl\/wp1\/wp-content\/uploads\/2022\/05\/20220527_160553-1536x2048.jpg 1536w, https:\/\/www.cisa-arica.cl\/wp1\/wp-content\/uploads\/2022\/05\/20220527_160553-scaled.jpg 1920w\" sizes=\"auto, (max-width: 225px) 100vw, 225px\" \/><img loading=\"lazy\" decoding=\"async\" data-attachment-id=\"16015\" data-permalink=\"https:\/\/www.cisa-arica.cl\/wp1\/2022\/05\/31\/ganadoras-concurso-de-pintura-y-dibujo-gobernacion-maritima\/20220527_160647-2\/\" data-orig-file=\"https:\/\/www.cisa-arica.cl\/wp1\/wp-content\/uploads\/2022\/05\/20220527_160647-1-scaled.jpg\" data-orig-size=\"1920,2560\" data-comments-opened=\"0\" data-image-meta=\"{&quot;aperture&quot;:&quot;2&quot;,&quot;credit&quot;:&quot;&quot;,&quot;camera&quot;:&quot;SM-A315G&quot;,&quot;caption&quot;:&quot;&quot;,&quot;created_timestamp&quot;:&quot;1653667607&quot;,&quot;copyright&quot;:&quot;&quot;,&quot;focal_length&quot;:&quot;4.6&quot;,&quot;iso&quot;:&quot;25&quot;,&quot;shutter_speed&quot;:&quot;0.00472&quot;,&quot;title&quot;:&quot;&quot;,&quot;orientation&quot;:&quot;1&quot;}\" data-image-title=\"20220527_160647\" data-image-description=\"\" data-image-caption=\"\" data-large-file=\"https:\/\/www.cisa-arica.cl\/wp1\/wp-content\/uploads\/2022\/05\/20220527_160647-1-450x600.jpg\" class=\"alignnone size-medium wp-image-16015\" src=\"http:\/\/www.cisa-arica.cl\/wp1\/wp-content\/uploads\/2022\/05\/20220527_160647-1-225x300.jpg\" alt=\"\" width=\"225\" height=\"300\" srcset=\"https:\/\/www.cisa-arica.cl\/wp1\/wp-content\/uploads\/2022\/05\/20220527_160647-1-225x300.jpg 225w, https:\/\/www.cisa-arica.cl\/wp1\/wp-content\/uploads\/2022\/05\/20220527_160647-1-450x600.jpg 450w, https:\/\/www.cisa-arica.cl\/wp1\/wp-content\/uploads\/2022\/05\/20220527_160647-1-768x1024.jpg 768w, https:\/\/www.cisa-arica.cl\/wp1\/wp-content\/uploads\/2022\/05\/20220527_160647-1-1152x1536.jpg 1152w, https:\/\/www.cisa-arica.cl\/wp1\/wp-content\/uploads\/2022\/05\/20220527_160647-1-1536x2048.jpg 1536w, https:\/\/www.cisa-arica.cl\/wp1\/wp-content\/uploads\/2022\/05\/20220527_160647-1-scaled.jpg 1920w\" sizes=\"auto, (max-width: 225px) 100vw, 225px\" \/><\/p>\n","protected":false},"excerpt":{"rendered":"<p>Se informa a la Comunidad del Colegio Italiano Santa Ana, que dos de nuestras estudiantes participaron en el Concurso de Pintura y Dibujo Mes del Mar 2022\u00a0 organizado por la Gobernaci\u00f3n Mar\u00edtima de Arica . Ellas son Matilde Vald\u00e9s More del 1 a\u00f1o A y Kabal\u00e1n Warner 7 a\u00f1o B , quienes resultaron ganadoras en <a class=\"read-more\" href=\"https:\/\/www.cisa-arica.cl\/wp1\/2022\/05\/31\/ganadoras-concurso-de-pintura-y-dibujo-gobernacion-maritima\/\">Continuar leyendo<\/a><\/p>\n","protected":false},"author":5,"featured_media":16004,"comment_status":"closed","ping_status":"open","sticky":false,"template":"","format":"standard","meta":{"_jetpack_memberships_contains_paid_content":false,"footnotes":"","jetpack_publicize_message":"","jetpack_publicize_feature_enabled":true,"jetpack_social_post_already_shared":true,"jetpack_social_options":{"image_generator_settings":{"template":"highway","default_image_id":0,"font":"","enabled":false},"version":2}},"categories":[5],"tags":[],"class_list":["post-16014","post","type-post","status-publish","format-standard","has-post-thumbnail","hentry","category-uncategorized"],"jetpack_publicize_connections":[],"jetpack_featured_media_url":"https:\/\/www.cisa-arica.cl\/wp1\/wp-content\/uploads\/2022\/05\/20220527_160024-scaled.jpg","jetpack_sharing_enabled":true,"jetpack_shortlink":"https:\/\/wp.me\/p84wcz-4ai","jetpack-related-posts":[{"id":25756,"url":"https:\/\/www.cisa-arica.cl\/wp1\/2024\/06\/09\/concurso-glorias-navales-2024\/","url_meta":{"origin":16014,"position":0},"title":"Concurso Glorias Navales 2024","author":"Jeannette Rivera","date":"9 de Junio de 2024","format":false,"excerpt":"La Gobernaci\u00f3n Mar\u00edtima de Arica dio a conocer a los ganadores de su concurso pict\u00f3rico versi\u00f3n 2024, en la cual nuestra estudiante del 7o a\u00f1o A obtuvo el primer a la mejor tem\u00e1tica relacionada a las Glorias Navales. Estamos muy felices por el trabajo de Catalina y esperamos que siga\u2026","rel":"","context":"Entrada similar ","block_context":{"text":"Entrada similar ","link":""},"img":{"alt_text":"","src":"https:\/\/i0.wp.com\/www.cisa-arica.cl\/wp1\/wp-content\/uploads\/2024\/06\/fbbac07c-7360-4306-bf33-46d6d8e1eb0a-1.jpeg?resize=350%2C200&ssl=1","width":350,"height":200,"srcset":"https:\/\/i0.wp.com\/www.cisa-arica.cl\/wp1\/wp-content\/uploads\/2024\/06\/fbbac07c-7360-4306-bf33-46d6d8e1eb0a-1.jpeg?resize=350%2C200&ssl=1 1x, https:\/\/i0.wp.com\/www.cisa-arica.cl\/wp1\/wp-content\/uploads\/2024\/06\/fbbac07c-7360-4306-bf33-46d6d8e1eb0a-1.jpeg?resize=525%2C300&ssl=1 1.5x, https:\/\/i0.wp.com\/www.cisa-arica.cl\/wp1\/wp-content\/uploads\/2024\/06\/fbbac07c-7360-4306-bf33-46d6d8e1eb0a-1.jpeg?resize=700%2C400&ssl=1 2x, https:\/\/i0.wp.com\/www.cisa-arica.cl\/wp1\/wp-content\/uploads\/2024\/06\/fbbac07c-7360-4306-bf33-46d6d8e1eb0a-1.jpeg?resize=1050%2C600&ssl=1 3x"},"classes":[]},{"id":10826,"url":"https:\/\/www.cisa-arica.cl\/wp1\/2020\/06\/30\/ganadoras-del-concurso-de-fotografia-como-me-siento-en-cuarentena\/","url_meta":{"origin":16014,"position":1},"title":"Ganadoras del concurso de Fotograf\u00eda \u00bfC\u00f3mo me siento en cuarentena?","author":"cisa","date":"30 de Junio de 2020","format":false,"excerpt":"Estimada comunidad educativa.Junto con saludar y deseando que se\u00a0encuentren bien, el equipo Psicosocial y Convivencia Escolar quiere compartir\u00a0algunas im\u00e1genes de las ganadoras \u00a0del concurso de fotograf\u00eda en\u00a0las diferentes categor\u00edas. Felicitamos y agradecemos la participaci\u00f3n de las estudiantes y sus apoderados. Equipo Psicosocial y Convivencia Escolar.","rel":"","context":"Entrada similar ","block_context":{"text":"Entrada similar ","link":""},"img":{"alt_text":"","src":"https:\/\/i0.wp.com\/www.cisa-arica.cl\/wp1\/wp-content\/uploads\/2020\/06\/Azul-Rosa-Pastel-Gradiente-Collage-5-Fotos-Orgullo-Historia-Instagram.png?resize=350%2C200&ssl=1","width":350,"height":200,"srcset":"https:\/\/i0.wp.com\/www.cisa-arica.cl\/wp1\/wp-content\/uploads\/2020\/06\/Azul-Rosa-Pastel-Gradiente-Collage-5-Fotos-Orgullo-Historia-Instagram.png?resize=350%2C200&ssl=1 1x, https:\/\/i0.wp.com\/www.cisa-arica.cl\/wp1\/wp-content\/uploads\/2020\/06\/Azul-Rosa-Pastel-Gradiente-Collage-5-Fotos-Orgullo-Historia-Instagram.png?resize=525%2C300&ssl=1 1.5x, https:\/\/i0.wp.com\/www.cisa-arica.cl\/wp1\/wp-content\/uploads\/2020\/06\/Azul-Rosa-Pastel-Gradiente-Collage-5-Fotos-Orgullo-Historia-Instagram.png?resize=700%2C400&ssl=1 2x, https:\/\/i0.wp.com\/www.cisa-arica.cl\/wp1\/wp-content\/uploads\/2020\/06\/Azul-Rosa-Pastel-Gradiente-Collage-5-Fotos-Orgullo-Historia-Instagram.png?resize=1050%2C600&ssl=1 3x"},"classes":[]},{"id":10761,"url":"https:\/\/www.cisa-arica.cl\/wp1\/2020\/06\/22\/ganadoras-concurso-de-fotografia\/","url_meta":{"origin":16014,"position":2},"title":"Ganadoras concurso de fotograf\u00eda","author":"Jeannette Rivera","date":"22 de Junio de 2020","format":false,"excerpt":"Estimada comunidad Educativa: Los invitamos a conocer las ganadoras del concurso de fotograf\u00eda \u201cMe expreso en cuarentena\u201d, recordar que las categor\u00edas del concurso son las siguientes: 1era Categor\u00eda: Estudiantes de 5to a 8vo B\u00e1sico.\u00a02da Categor\u00eda: Estudiantes de 1ero a 4to medio.\u00a03era categor\u00eda: Padres y Apoderados de todos los niveles.\u00a0 \u00a0As\u00ed\u2026","rel":"","context":"Entrada similar ","block_context":{"text":"Entrada similar ","link":""},"img":{"alt_text":"","src":"https:\/\/i0.wp.com\/www.cisa-arica.cl\/wp1\/wp-content\/uploads\/2020\/06\/Screenshot_1.png?resize=350%2C200&ssl=1","width":350,"height":200},"classes":[]},{"id":25767,"url":"https:\/\/www.cisa-arica.cl\/wp1\/2024\/06\/09\/concurso-convivencia-escolar-cisa\/","url_meta":{"origin":16014,"position":3},"title":"Concurso Convivencia Escolar Cisa","author":"Jeannette Rivera","date":"9 de Junio de 2024","format":false,"excerpt":"Se entregaron los resultados del Concurso realizado por el Equipo de Convivencia Escolar en el cual se buscaba que las estudiantes crearan un video en relaci\u00f3n al ciberbullying y c\u00f3mo prevenirlo. En esta primera versi\u00f3n salieron ganadoras las estudiantes Mariana Ya\u00f1ez, Bel\u00e9n Videla, Isabella Ya\u00f1ez y Trinidad Bustamante pertenecientes al\u2026","rel":"","context":"Entrada similar ","block_context":{"text":"Entrada similar ","link":""},"img":{"alt_text":"","src":"https:\/\/i0.wp.com\/www.cisa-arica.cl\/wp1\/wp-content\/uploads\/2024\/06\/915f3b2f-3d2c-4cf3-90c9-c6b60e055e25.jpeg?resize=350%2C200&ssl=1","width":350,"height":200,"srcset":"https:\/\/i0.wp.com\/www.cisa-arica.cl\/wp1\/wp-content\/uploads\/2024\/06\/915f3b2f-3d2c-4cf3-90c9-c6b60e055e25.jpeg?resize=350%2C200&ssl=1 1x, https:\/\/i0.wp.com\/www.cisa-arica.cl\/wp1\/wp-content\/uploads\/2024\/06\/915f3b2f-3d2c-4cf3-90c9-c6b60e055e25.jpeg?resize=525%2C300&ssl=1 1.5x"},"classes":[]},{"id":13494,"url":"https:\/\/www.cisa-arica.cl\/wp1\/2021\/11\/02\/premiacion-ganadoras-semana-de-la-ciencia-2021\/","url_meta":{"origin":16014,"position":4},"title":"Premiaci\u00f3n Ganadoras Semana de la Ciencia 2021","author":"Jeannette Rivera","date":"2 de Noviembre de 2021","format":false,"excerpt":"La semana pasada se premi\u00f3 a las alumnas ganadoras del Concurso organizado por nuestro Departamento de Ciencias entre el alumnado de Ed. Media. Felicitamos a Meiying Ching del 2\u00ba medio B; Paulina Negrete del 4\u00ba medio B; y a Mar\u00eda Jim\u00e9nez del 1\u00ba medio A por su participaci\u00f3n y creatividad.\u2026","rel":"","context":"En &quot;CISA&quot;","block_context":{"text":"CISA","link":"https:\/\/www.cisa-arica.cl\/wp1\/category\/cisa\/"},"img":{"alt_text":"","src":"https:\/\/i0.wp.com\/www.cisa-arica.cl\/wp1\/wp-content\/uploads\/2021\/11\/000-150x150.jpg?resize=350%2C200&ssl=1","width":350,"height":200,"srcset":"https:\/\/i0.wp.com\/www.cisa-arica.cl\/wp1\/wp-content\/uploads\/2021\/11\/000-150x150.jpg?resize=350%2C200&ssl=1 1x, https:\/\/i0.wp.com\/www.cisa-arica.cl\/wp1\/wp-content\/uploads\/2021\/11\/000-150x150.jpg?resize=525%2C300&ssl=1 1.5x"},"classes":[]},{"id":25560,"url":"https:\/\/www.cisa-arica.cl\/wp1\/2024\/05\/17\/desfile-escolar-glorias-navales\/","url_meta":{"origin":16014,"position":5},"title":"Desfile Escolar Glorias Navales","author":"Jeannette Rivera","date":"17 de Mayo de 2024","format":false,"excerpt":"Con una destacada participaci\u00f3n las estudiantes de ambos Cuartos Medios junto a sus profesoras Begonia Vega y Raquel \u00c1lvarez y Hermana Mar\u00eda Isabel Poma, se presentaron en el desfile escolar de este mi\u00e9rcoles 14 en honor a las Glorias Navales. El evento se desarrollo en la P\u00e9rgola de las Flores\u2026","rel":"","context":"Entrada similar ","block_context":{"text":"Entrada similar ","link":""},"img":{"alt_text":"","src":"https:\/\/i0.wp.com\/www.cisa-arica.cl\/wp1\/wp-content\/uploads\/2024\/05\/WhatsApp-Image-2024-05-16-at-12.23.02-5.jpeg?resize=350%2C200&ssl=1","width":350,"height":200,"srcset":"https:\/\/i0.wp.com\/www.cisa-arica.cl\/wp1\/wp-content\/uploads\/2024\/05\/WhatsApp-Image-2024-05-16-at-12.23.02-5.jpeg?resize=350%2C200&ssl=1 1x, https:\/\/i0.wp.com\/www.cisa-arica.cl\/wp1\/wp-content\/uploads\/2024\/05\/WhatsApp-Image-2024-05-16-at-12.23.02-5.jpeg?resize=525%2C300&ssl=1 1.5x, https:\/\/i0.wp.com\/www.cisa-arica.cl\/wp1\/wp-content\/uploads\/2024\/05\/WhatsApp-Image-2024-05-16-at-12.23.02-5.jpeg?resize=700%2C400&ssl=1 2x, https:\/\/i0.wp.com\/www.cisa-arica.cl\/wp1\/wp-content\/uploads\/2024\/05\/WhatsApp-Image-2024-05-16-at-12.23.02-5.jpeg?resize=1050%2C600&ssl=1 3x"},"classes":[]}],"_links":{"self":[{"href":"https:\/\/www.cisa-arica.cl\/wp1\/wp-json\/wp\/v2\/posts\/16014","targetHints":{"allow":["GET"]}}],"collection":[{"href":"https:\/\/www.cisa-arica.cl\/wp1\/wp-json\/wp\/v2\/posts"}],"about":[{"href":"https:\/\/www.cisa-arica.cl\/wp1\/wp-json\/wp\/v2\/types\/post"}],"author":[{"embeddable":true,"href":"https:\/\/www.cisa-arica.cl\/wp1\/wp-json\/wp\/v2\/users\/5"}],"replies":[{"embeddable":true,"href":"https:\/\/www.cisa-arica.cl\/wp1\/wp-json\/wp\/v2\/comments?post=16014"}],"version-history":[{"count":1,"href":"https:\/\/www.cisa-arica.cl\/wp1\/wp-json\/wp\/v2\/posts\/16014\/revisions"}],"predecessor-version":[{"id":16018,"href":"https:\/\/www.cisa-arica.cl\/wp1\/wp-json\/wp\/v2\/posts\/16014\/revisions\/16018"}],"wp:featuredmedia":[{"embeddable":true,"href":"https:\/\/www.cisa-arica.cl\/wp1\/wp-json\/wp\/v2\/media\/16004"}],"wp:attachment":[{"href":"https:\/\/www.cisa-arica.cl\/wp1\/wp-json\/wp\/v2\/media?parent=16014"}],"wp:term":[{"taxonomy":"category","embeddable":true,"href":"https:\/\/www.cisa-arica.cl\/wp1\/wp-json\/wp\/v2\/categories?post=16014"},{"taxonomy":"post_tag","embeddable":true,"href":"https:\/\/www.cisa-arica.cl\/wp1\/wp-json\/wp\/v2\/tags?post=16014"}],"curies":[{"name":"wp","href":"https:\/\/api.w.org\/{rel}","templated":true}]}}