{"id":15963,"date":"2022-05-27T16:16:19","date_gmt":"2022-05-27T20:16:19","guid":{"rendered":"https:\/\/www.cisa-arica.cl\/wp1\/?p=15963"},"modified":"2022-05-27T16:16:19","modified_gmt":"2022-05-27T20:16:19","slug":"dia-del-patrimonio-cultural-2022","status":"publish","type":"post","link":"https:\/\/www.cisa-arica.cl\/wp1\/2022\/05\/27\/dia-del-patrimonio-cultural-2022\/","title":{"rendered":"D\u00eda del Patrimonio Cultural 2022"},"content":{"rendered":"<p>El D\u00eda del Patrimonio Cultural es una celebraci\u00f3n que fue instaurada en abril de 1999 para promover el disfrute, conocimiento y reflexi\u00f3n ciudadana sobre los patrimonios en Chile. El Colegio Italiano Santa Ana saluda a toda la comunidad educativa en esta fecha dedicada en nuestro pa\u00eds al reconocimiento del patrimonio nacional y local. Nuestra historia, as\u00ed como el espacio geogr\u00e1fico que habitamos, nos ha legado una herencia de la que debemos ser custodios e igualmente orgullos.<\/p>\n<p>Te invitamos a ser parte de esta celebraci\u00f3n, para ello adjuntamos un link que te da la oportunidad de conocer una gran cantidad de actividades coordinadas por el Ministerio de las Culturas, las Artes y el Patrimonio.<\/p>\n<p>https:\/\/www.diadelospatrimonios.cl\/#<\/p>\n<p><img loading=\"lazy\" decoding=\"async\" data-attachment-id=\"15964\" data-permalink=\"https:\/\/www.cisa-arica.cl\/wp1\/2022\/05\/27\/dia-del-patrimonio-cultural-2022\/dia-de-los-patrimonios-2022-925x470\/\" data-orig-file=\"https:\/\/www.cisa-arica.cl\/wp1\/wp-content\/uploads\/2022\/05\/dia-de-los-patrimonios-2022-925x470-1.png\" data-orig-size=\"925,470\" data-comments-opened=\"0\" data-image-meta=\"{&quot;aperture&quot;:&quot;0&quot;,&quot;credit&quot;:&quot;&quot;,&quot;camera&quot;:&quot;&quot;,&quot;caption&quot;:&quot;&quot;,&quot;created_timestamp&quot;:&quot;0&quot;,&quot;copyright&quot;:&quot;&quot;,&quot;focal_length&quot;:&quot;0&quot;,&quot;iso&quot;:&quot;0&quot;,&quot;shutter_speed&quot;:&quot;0&quot;,&quot;title&quot;:&quot;&quot;,&quot;orientation&quot;:&quot;0&quot;}\" data-image-title=\"dia-de-los-patrimonios-2022-925&amp;#215;470\" data-image-description=\"\" data-image-caption=\"\" data-large-file=\"https:\/\/www.cisa-arica.cl\/wp1\/wp-content\/uploads\/2022\/05\/dia-de-los-patrimonios-2022-925x470-1-600x305.png\" class=\"alignnone size-medium wp-image-15964\" src=\"http:\/\/www.cisa-arica.cl\/wp1\/wp-content\/uploads\/2022\/05\/dia-de-los-patrimonios-2022-925x470-1-300x152.png\" alt=\"\" width=\"300\" height=\"152\" srcset=\"https:\/\/www.cisa-arica.cl\/wp1\/wp-content\/uploads\/2022\/05\/dia-de-los-patrimonios-2022-925x470-1-300x152.png 300w, https:\/\/www.cisa-arica.cl\/wp1\/wp-content\/uploads\/2022\/05\/dia-de-los-patrimonios-2022-925x470-1-600x305.png 600w, https:\/\/www.cisa-arica.cl\/wp1\/wp-content\/uploads\/2022\/05\/dia-de-los-patrimonios-2022-925x470-1-768x390.png 768w, https:\/\/www.cisa-arica.cl\/wp1\/wp-content\/uploads\/2022\/05\/dia-de-los-patrimonios-2022-925x470-1.png 925w\" sizes=\"auto, (max-width: 300px) 100vw, 300px\" \/><\/p>\n","protected":false},"excerpt":{"rendered":"<p>El D\u00eda del Patrimonio Cultural es una celebraci\u00f3n que fue instaurada en abril de 1999 para promover el disfrute, conocimiento y reflexi\u00f3n ciudadana sobre los patrimonios en Chile. El Colegio Italiano Santa Ana saluda a toda la comunidad educativa en esta fecha dedicada en nuestro pa\u00eds al reconocimiento del patrimonio nacional y local. Nuestra historia, <a class=\"read-more\" href=\"https:\/\/www.cisa-arica.cl\/wp1\/2022\/05\/27\/dia-del-patrimonio-cultural-2022\/\">Continuar leyendo<\/a><\/p>\n","protected":false},"author":5,"featured_media":15964,"comment_status":"closed","ping_status":"open","sticky":false,"template":"","format":"standard","meta":{"_jetpack_memberships_contains_paid_content":false,"footnotes":"","jetpack_publicize_message":"","jetpack_publicize_feature_enabled":true,"jetpack_social_post_already_shared":true,"jetpack_social_options":{"image_generator_settings":{"template":"highway","default_image_id":0,"font":"","enabled":false},"version":2}},"categories":[5],"tags":[],"class_list":["post-15963","post","type-post","status-publish","format-standard","has-post-thumbnail","hentry","category-uncategorized"],"jetpack_publicize_connections":[],"jetpack_featured_media_url":"https:\/\/www.cisa-arica.cl\/wp1\/wp-content\/uploads\/2022\/05\/dia-de-los-patrimonios-2022-925x470-1.png","jetpack_sharing_enabled":true,"jetpack_shortlink":"https:\/\/wp.me\/p84wcz-49t","jetpack-related-posts":[{"id":12582,"url":"https:\/\/www.cisa-arica.cl\/wp1\/2021\/05\/28\/dia-del-patrimonio\/","url_meta":{"origin":15963,"position":0},"title":"D\u00eda del Patrimonio","author":"Jeannette Rivera","date":"28 de Mayo de 2021","format":false,"excerpt":"Estimada Comunidad Santa Ana: Este 29 de Mayo celebramos en nuestro pa\u00eds el D\u00eda del Patrimonio, el cual incluye tanto nuestro Patrimonio Cultural como el Patrimonio Natural. El Dpto. de Historia, Geograf\u00eda y Ciencias Sociales del colegio los invita a continuar con una tradici\u00f3n relevante para las comunidades y construir\u2026","rel":"","context":"En &quot;CISA&quot;","block_context":{"text":"CISA","link":"https:\/\/www.cisa-arica.cl\/wp1\/category\/cisa\/"},"img":{"alt_text":"","src":"https:\/\/i0.wp.com\/www.cisa-arica.cl\/wp1\/wp-content\/uploads\/2021\/05\/182484217_10159127566497158_3838530157019137475_n.png?resize=350%2C200&ssl=1","width":350,"height":200,"srcset":"https:\/\/i0.wp.com\/www.cisa-arica.cl\/wp1\/wp-content\/uploads\/2021\/05\/182484217_10159127566497158_3838530157019137475_n.png?resize=350%2C200&ssl=1 1x, https:\/\/i0.wp.com\/www.cisa-arica.cl\/wp1\/wp-content\/uploads\/2021\/05\/182484217_10159127566497158_3838530157019137475_n.png?resize=525%2C300&ssl=1 1.5x, https:\/\/i0.wp.com\/www.cisa-arica.cl\/wp1\/wp-content\/uploads\/2021\/05\/182484217_10159127566497158_3838530157019137475_n.png?resize=700%2C400&ssl=1 2x"},"classes":[]},{"id":20608,"url":"https:\/\/www.cisa-arica.cl\/wp1\/2023\/05\/30\/dia-del-patrimonio-cultural\/","url_meta":{"origin":15963,"position":1},"title":"D\u00eda del Patrimonio Cultural","author":"CISA","date":"30 de Mayo de 2023","format":false,"excerpt":"Con un hermoso y significativo acto, el departamento de Historia y Filosof\u00eda, conmemor\u00f3 el D\u00eda del Patrimonio Cultural, en donde se puso \u00e9nfasis a los distintos lugares de nuestra regi\u00f3n y pa\u00eds que son parte importante de la historia cultural de Chile. Las estudiantes pudieron disfrutar y conocer de este\u2026","rel":"","context":"Entrada similar ","block_context":{"text":"Entrada similar ","link":""},"img":{"alt_text":"","src":"https:\/\/i0.wp.com\/www.cisa-arica.cl\/wp1\/wp-content\/uploads\/2023\/06\/0FCDAEF3-CD2F-49F1-A481-46C79B6A11EE-scaled.jpeg?resize=350%2C200&ssl=1","width":350,"height":200,"srcset":"https:\/\/i0.wp.com\/www.cisa-arica.cl\/wp1\/wp-content\/uploads\/2023\/06\/0FCDAEF3-CD2F-49F1-A481-46C79B6A11EE-scaled.jpeg?resize=350%2C200&ssl=1 1x, https:\/\/i0.wp.com\/www.cisa-arica.cl\/wp1\/wp-content\/uploads\/2023\/06\/0FCDAEF3-CD2F-49F1-A481-46C79B6A11EE-scaled.jpeg?resize=525%2C300&ssl=1 1.5x, https:\/\/i0.wp.com\/www.cisa-arica.cl\/wp1\/wp-content\/uploads\/2023\/06\/0FCDAEF3-CD2F-49F1-A481-46C79B6A11EE-scaled.jpeg?resize=700%2C400&ssl=1 2x, https:\/\/i0.wp.com\/www.cisa-arica.cl\/wp1\/wp-content\/uploads\/2023\/06\/0FCDAEF3-CD2F-49F1-A481-46C79B6A11EE-scaled.jpeg?resize=1050%2C600&ssl=1 3x, https:\/\/i0.wp.com\/www.cisa-arica.cl\/wp1\/wp-content\/uploads\/2023\/06\/0FCDAEF3-CD2F-49F1-A481-46C79B6A11EE-scaled.jpeg?resize=1400%2C800&ssl=1 4x"},"classes":[]},{"id":16629,"url":"https:\/\/www.cisa-arica.cl\/wp1\/2022\/06\/22\/machaq-mara-ed-parvularia\/","url_meta":{"origin":15963,"position":2},"title":"Celebraci\u00f3n del Machaq Mara por Educ. Parvularia","author":"CISA","date":"22 de Junio de 2022","format":false,"excerpt":"Una destacada Celebraci\u00f3n de Machaq Mara realiz\u00f3 el equipo de educaci\u00f3n Parvularia el mi\u00e9rcoles 22. En la oportunidad el gestor cultural Patricio Mamani, quien es representante de la Comunidad Aymara de Arica, realiz\u00f3 una Pawa para agradecer a la Pachamama (madre Tierra) lo otorgado durante la cosecha de todo este\u2026","rel":"","context":"Entrada similar ","block_context":{"text":"Entrada similar ","link":""},"img":{"alt_text":"","src":"https:\/\/i0.wp.com\/www.cisa-arica.cl\/wp1\/wp-content\/uploads\/2022\/06\/DSC_9661.jpg?resize=350%2C200&ssl=1","width":350,"height":200,"srcset":"https:\/\/i0.wp.com\/www.cisa-arica.cl\/wp1\/wp-content\/uploads\/2022\/06\/DSC_9661.jpg?resize=350%2C200&ssl=1 1x, https:\/\/i0.wp.com\/www.cisa-arica.cl\/wp1\/wp-content\/uploads\/2022\/06\/DSC_9661.jpg?resize=525%2C300&ssl=1 1.5x, https:\/\/i0.wp.com\/www.cisa-arica.cl\/wp1\/wp-content\/uploads\/2022\/06\/DSC_9661.jpg?resize=700%2C400&ssl=1 2x, https:\/\/i0.wp.com\/www.cisa-arica.cl\/wp1\/wp-content\/uploads\/2022\/06\/DSC_9661.jpg?resize=1050%2C600&ssl=1 3x, https:\/\/i0.wp.com\/www.cisa-arica.cl\/wp1\/wp-content\/uploads\/2022\/06\/DSC_9661.jpg?resize=1400%2C800&ssl=1 4x"},"classes":[]},{"id":16060,"url":"https:\/\/www.cisa-arica.cl\/wp1\/2022\/06\/06\/celebrando-el-7-de-junio\/","url_meta":{"origin":15963,"position":3},"title":"Celebrando el 7 de Junio","author":"Jeannette Rivera","date":"6 de Junio de 2022","format":false,"excerpt":"Nuestra Comunidad Educativa se une a los saludos y festejos para conmemorar un a\u00f1o m\u00e1s del 7 de Junio, fecha que nos llena de orgullo por ser parte de una hermosa ciudad, llena de tradiciones y un riqu\u00edsimo patrimonio cultural-art\u00edstico. Las estudiantes comenzaron una serie de actividades al interior del\u2026","rel":"","context":"Entrada similar ","block_context":{"text":"Entrada similar ","link":""},"img":{"alt_text":"","src":"https:\/\/i0.wp.com\/www.cisa-arica.cl\/wp1\/wp-content\/uploads\/2022\/06\/WhatsApp-Image-2022-06-06-at-4.06.03-PM.jpeg?resize=350%2C200&ssl=1","width":350,"height":200,"srcset":"https:\/\/i0.wp.com\/www.cisa-arica.cl\/wp1\/wp-content\/uploads\/2022\/06\/WhatsApp-Image-2022-06-06-at-4.06.03-PM.jpeg?resize=350%2C200&ssl=1 1x, https:\/\/i0.wp.com\/www.cisa-arica.cl\/wp1\/wp-content\/uploads\/2022\/06\/WhatsApp-Image-2022-06-06-at-4.06.03-PM.jpeg?resize=525%2C300&ssl=1 1.5x, https:\/\/i0.wp.com\/www.cisa-arica.cl\/wp1\/wp-content\/uploads\/2022\/06\/WhatsApp-Image-2022-06-06-at-4.06.03-PM.jpeg?resize=700%2C400&ssl=1 2x, https:\/\/i0.wp.com\/www.cisa-arica.cl\/wp1\/wp-content\/uploads\/2022\/06\/WhatsApp-Image-2022-06-06-at-4.06.03-PM.jpeg?resize=1050%2C600&ssl=1 3x, https:\/\/i0.wp.com\/www.cisa-arica.cl\/wp1\/wp-content\/uploads\/2022\/06\/WhatsApp-Image-2022-06-06-at-4.06.03-PM.jpeg?resize=1400%2C800&ssl=1 4x"},"classes":[]},{"id":20654,"url":"https:\/\/www.cisa-arica.cl\/wp1\/2023\/06\/03\/celebracion-de-pentecostes\/","url_meta":{"origin":15963,"position":4},"title":"Celebraci\u00f3n de Pentecost\u00e9s","author":"Jeannette Rivera","date":"3 de Junio de 2023","format":false,"excerpt":"Pentecost\u00e9s es la Celebraci\u00f3n de la llegada del Esp\u00edritu Santo quien nos entrega sus dones para hacerlos parte de nuestra vida. Esta celebraci\u00f3n estuvo a cargo de la Pastoral Cisa y se realiz\u00f3 ayer viernes desde la 18:00 horas en el patio Esperanza, donde asistieron varias familias de nuestra comunidad.","rel":"","context":"Entrada similar ","block_context":{"text":"Entrada similar ","link":""},"img":{"alt_text":"","src":"https:\/\/i0.wp.com\/www.cisa-arica.cl\/wp1\/wp-content\/uploads\/2023\/06\/89A6DA98-1765-471D-B869-A17A4607CCBD.jpeg?resize=350%2C200&ssl=1","width":350,"height":200,"srcset":"https:\/\/i0.wp.com\/www.cisa-arica.cl\/wp1\/wp-content\/uploads\/2023\/06\/89A6DA98-1765-471D-B869-A17A4607CCBD.jpeg?resize=350%2C200&ssl=1 1x, https:\/\/i0.wp.com\/www.cisa-arica.cl\/wp1\/wp-content\/uploads\/2023\/06\/89A6DA98-1765-471D-B869-A17A4607CCBD.jpeg?resize=525%2C300&ssl=1 1.5x, https:\/\/i0.wp.com\/www.cisa-arica.cl\/wp1\/wp-content\/uploads\/2023\/06\/89A6DA98-1765-471D-B869-A17A4607CCBD.jpeg?resize=700%2C400&ssl=1 2x, https:\/\/i0.wp.com\/www.cisa-arica.cl\/wp1\/wp-content\/uploads\/2023\/06\/89A6DA98-1765-471D-B869-A17A4607CCBD.jpeg?resize=1050%2C600&ssl=1 3x, https:\/\/i0.wp.com\/www.cisa-arica.cl\/wp1\/wp-content\/uploads\/2023\/06\/89A6DA98-1765-471D-B869-A17A4607CCBD.jpeg?resize=1400%2C800&ssl=1 4x"},"classes":[]},{"id":21007,"url":"https:\/\/www.cisa-arica.cl\/wp1\/2023\/06\/23\/celebracion-del-machaq-mara\/","url_meta":{"origin":15963,"position":5},"title":"Celebraci\u00f3n del Machaq Mara","author":"Jeannette Rivera","date":"23 de Junio de 2023","format":false,"excerpt":"El martes 20 de junio, se celebr\u00f3 en nuestro colegio la tradicional festividad del Machaq Mara cuyo significado es A\u00f1o Nuevo Aymara. La actividad estuvo a cargo de Educaci\u00f3n Parvularia quienes prepararon la festividad invitando a algunos grupos folcl\u00f3ricos externos. Uno de los bailarines fue el \u201cYatiri\u201d quien realiz\u00f3\u00a0 la\u2026","rel":"","context":"Entrada similar ","block_context":{"text":"Entrada similar ","link":""},"img":{"alt_text":"","src":"https:\/\/i0.wp.com\/www.cisa-arica.cl\/wp1\/wp-content\/uploads\/2023\/06\/WhatsApp-Image-2023-06-23-at-12.39.07.jpeg?resize=350%2C200&ssl=1","width":350,"height":200,"srcset":"https:\/\/i0.wp.com\/www.cisa-arica.cl\/wp1\/wp-content\/uploads\/2023\/06\/WhatsApp-Image-2023-06-23-at-12.39.07.jpeg?resize=350%2C200&ssl=1 1x, https:\/\/i0.wp.com\/www.cisa-arica.cl\/wp1\/wp-content\/uploads\/2023\/06\/WhatsApp-Image-2023-06-23-at-12.39.07.jpeg?resize=525%2C300&ssl=1 1.5x, https:\/\/i0.wp.com\/www.cisa-arica.cl\/wp1\/wp-content\/uploads\/2023\/06\/WhatsApp-Image-2023-06-23-at-12.39.07.jpeg?resize=700%2C400&ssl=1 2x"},"classes":[]}],"_links":{"self":[{"href":"https:\/\/www.cisa-arica.cl\/wp1\/wp-json\/wp\/v2\/posts\/15963","targetHints":{"allow":["GET"]}}],"collection":[{"href":"https:\/\/www.cisa-arica.cl\/wp1\/wp-json\/wp\/v2\/posts"}],"about":[{"href":"https:\/\/www.cisa-arica.cl\/wp1\/wp-json\/wp\/v2\/types\/post"}],"author":[{"embeddable":true,"href":"https:\/\/www.cisa-arica.cl\/wp1\/wp-json\/wp\/v2\/users\/5"}],"replies":[{"embeddable":true,"href":"https:\/\/www.cisa-arica.cl\/wp1\/wp-json\/wp\/v2\/comments?post=15963"}],"version-history":[{"count":1,"href":"https:\/\/www.cisa-arica.cl\/wp1\/wp-json\/wp\/v2\/posts\/15963\/revisions"}],"predecessor-version":[{"id":15965,"href":"https:\/\/www.cisa-arica.cl\/wp1\/wp-json\/wp\/v2\/posts\/15963\/revisions\/15965"}],"wp:featuredmedia":[{"embeddable":true,"href":"https:\/\/www.cisa-arica.cl\/wp1\/wp-json\/wp\/v2\/media\/15964"}],"wp:attachment":[{"href":"https:\/\/www.cisa-arica.cl\/wp1\/wp-json\/wp\/v2\/media?parent=15963"}],"wp:term":[{"taxonomy":"category","embeddable":true,"href":"https:\/\/www.cisa-arica.cl\/wp1\/wp-json\/wp\/v2\/categories?post=15963"},{"taxonomy":"post_tag","embeddable":true,"href":"https:\/\/www.cisa-arica.cl\/wp1\/wp-json\/wp\/v2\/tags?post=15963"}],"curies":[{"name":"wp","href":"https:\/\/api.w.org\/{rel}","templated":true}]}}