{"id":15879,"date":"2022-05-20T16:38:27","date_gmt":"2022-05-20T20:38:27","guid":{"rendered":"https:\/\/www.cisa-arica.cl\/wp1\/?p=15879"},"modified":"2022-05-30T15:29:59","modified_gmt":"2022-05-30T19:29:59","slug":"2da-reunion-de-apoderados-presenciales-4tos-medios","status":"publish","type":"post","link":"https:\/\/www.cisa-arica.cl\/wp1\/2022\/05\/20\/2da-reunion-de-apoderados-presenciales-4tos-medios\/","title":{"rendered":"2da reuni\u00f3n de Apoderados Presenciales 4tos Medios"},"content":{"rendered":"<p><img loading=\"lazy\" decoding=\"async\" data-attachment-id=\"15880\" data-permalink=\"https:\/\/www.cisa-arica.cl\/wp1\/2022\/05\/20\/2da-reunion-de-apoderados-presenciales-4tos-medios\/whatsapp-image-2022-05-20-at-4-27-13-pm-1\/\" data-orig-file=\"https:\/\/www.cisa-arica.cl\/wp1\/wp-content\/uploads\/2022\/05\/WhatsApp-Image-2022-05-20-at-4.27.13-PM-1.jpeg\" data-orig-size=\"1080,1080\" data-comments-opened=\"0\" data-image-meta=\"{&quot;aperture&quot;:&quot;0&quot;,&quot;credit&quot;:&quot;&quot;,&quot;camera&quot;:&quot;&quot;,&quot;caption&quot;:&quot;&quot;,&quot;created_timestamp&quot;:&quot;0&quot;,&quot;copyright&quot;:&quot;&quot;,&quot;focal_length&quot;:&quot;0&quot;,&quot;iso&quot;:&quot;0&quot;,&quot;shutter_speed&quot;:&quot;0&quot;,&quot;title&quot;:&quot;&quot;,&quot;orientation&quot;:&quot;0&quot;}\" data-image-title=\"WhatsApp Image 2022-05-20 at 4.27.13 PM (1)\" data-image-description=\"\" data-image-caption=\"\" data-large-file=\"https:\/\/www.cisa-arica.cl\/wp1\/wp-content\/uploads\/2022\/05\/WhatsApp-Image-2022-05-20-at-4.27.13-PM-1-600x600.jpeg\" class=\"alignnone size-large wp-image-15880\" src=\"http:\/\/www.cisa-arica.cl\/wp1\/wp-content\/uploads\/2022\/05\/WhatsApp-Image-2022-05-20-at-4.27.13-PM-1-600x600.jpeg\" alt=\"\" width=\"600\" height=\"600\" srcset=\"https:\/\/www.cisa-arica.cl\/wp1\/wp-content\/uploads\/2022\/05\/WhatsApp-Image-2022-05-20-at-4.27.13-PM-1-600x600.jpeg 600w, https:\/\/www.cisa-arica.cl\/wp1\/wp-content\/uploads\/2022\/05\/WhatsApp-Image-2022-05-20-at-4.27.13-PM-1-300x300.jpeg 300w, https:\/\/www.cisa-arica.cl\/wp1\/wp-content\/uploads\/2022\/05\/WhatsApp-Image-2022-05-20-at-4.27.13-PM-1-150x150.jpeg 150w, https:\/\/www.cisa-arica.cl\/wp1\/wp-content\/uploads\/2022\/05\/WhatsApp-Image-2022-05-20-at-4.27.13-PM-1-768x768.jpeg 768w, https:\/\/www.cisa-arica.cl\/wp1\/wp-content\/uploads\/2022\/05\/WhatsApp-Image-2022-05-20-at-4.27.13-PM-1.jpeg 1080w\" sizes=\"auto, (max-width: 600px) 100vw, 600px\" \/><\/p>\n<div>\n<div>\n<div><b>Estimados Apoderados y Apoderadas:<\/b><\/div>\n<div>\n<p>Junto con saludar y desear que se encuentren bien junto a su familia, informamos que se llevar\u00e1 a cabo la 2da\u00a0Reuni\u00f3n\u00a0de Padres y\u00a0Apoderados, de<span style=\"color: #0000ff;\">\u00a0manera\u00a0<b>presencial<\/b><b>\u00a0<\/b><b>para los 4tos medios el<u>\u00a0<\/u><\/b><b><u>jueves 26 de mayo<\/u>\u00a0a las<a>\u00a0<\/a><u><span style=\"color: #0000ff;\"><a style=\"color: #0000ff;\">18:30<\/a>\u00a0hr<\/span>s.<\/u><\/b><\/span><\/p>\n<p>Contamos con su valiosa presencia y puntualidad.<\/p>\n<\/div>\n<\/div>\n<div>\n<div dir=\"ltr\">\n<div dir=\"ltr\">\n<div><b>Atentamente.<\/b><\/div>\n<\/div>\n<\/div>\n<\/div>\n<\/div>\n<div><\/div>\n<div><span style=\"color: #0b5394; font-family: arial, sans-serif;\"><b>Equipo Directivo<\/b><\/span><\/div>\n<div><span style=\"color: #0b5394; font-family: arial, sans-serif;\"><b>Colegio Italiano Santa Ana<\/b><\/span><\/div>\n<div><span style=\"color: #0b5394; font-family: arial, sans-serif;\"><b>ARICA<\/b><\/span><\/div>\n<p>&nbsp;<\/p>\n","protected":false},"excerpt":{"rendered":"<p>Estimados Apoderados y Apoderadas: Junto con saludar y desear que se encuentren bien junto a su familia, informamos que se llevar\u00e1 a cabo la 2da\u00a0Reuni\u00f3n\u00a0de Padres y\u00a0Apoderados, de\u00a0manera\u00a0presencial\u00a0para los 4tos medios el\u00a0jueves 26 de mayo\u00a0a las\u00a018:30\u00a0hrs. Contamos con su valiosa presencia y puntualidad. Atentamente. Equipo Directivo Colegio Italiano Santa Ana ARICA &nbsp;<\/p>\n","protected":false},"author":1,"featured_media":15880,"comment_status":"closed","ping_status":"open","sticky":false,"template":"","format":"standard","meta":{"_jetpack_memberships_contains_paid_content":false,"footnotes":"","jetpack_publicize_message":"","jetpack_publicize_feature_enabled":true,"jetpack_social_post_already_shared":true,"jetpack_social_options":{"image_generator_settings":{"template":"highway","default_image_id":0,"font":"","enabled":false},"version":2}},"categories":[5],"tags":[],"class_list":["post-15879","post","type-post","status-publish","format-standard","has-post-thumbnail","hentry","category-uncategorized"],"jetpack_publicize_connections":[],"jetpack_featured_media_url":"https:\/\/www.cisa-arica.cl\/wp1\/wp-content\/uploads\/2022\/05\/WhatsApp-Image-2022-05-20-at-4.27.13-PM-1.jpeg","jetpack_sharing_enabled":true,"jetpack_shortlink":"https:\/\/wp.me\/p84wcz-487","jetpack-related-posts":[{"id":15876,"url":"https:\/\/www.cisa-arica.cl\/wp1\/2022\/05\/20\/2da-reunion-de-apoderados-virtual-prekinder-hasta-3ros-medios\/","url_meta":{"origin":15879,"position":0},"title":"2da Reuni\u00f3n de Apoderados Virtual (Prekinder hasta 3ros Medios)","author":"CISA","date":"20 de Mayo de 2022","format":false,"excerpt":"Estimados Apoderados y apoderadas: Junto con saludar y desear que se encuentren bien junto a su familia, informamos que se llevar\u00e1 a cabo la 2da\u00a0Reuni\u00f3n\u00a0de Padres y\u00a0Apoderados de manera\u00a0on line, los siguientes d\u00edas a\u00a0las\u00a019:00\u00a0hrs\u00a0a trav\u00e9s de la aplicaci\u00f3n\u00a0Meet. \u2022\u00a0Martes\u00a024 de mayo,\u00a0para Educaci\u00f3n Parvularia. \u2022\u00a0Mi\u00e9rcoles 25 de mayo,\u00a0para Educaci\u00f3n B\u00e1sica (1ero\u2026","rel":"","context":"Entrada similar ","block_context":{"text":"Entrada similar ","link":""},"img":{"alt_text":"","src":"https:\/\/i0.wp.com\/www.cisa-arica.cl\/wp1\/wp-content\/uploads\/2022\/05\/WhatsApp-Image-2022-05-20-at-4.27.13-PM.jpeg?resize=350%2C200&ssl=1","width":350,"height":200,"srcset":"https:\/\/i0.wp.com\/www.cisa-arica.cl\/wp1\/wp-content\/uploads\/2022\/05\/WhatsApp-Image-2022-05-20-at-4.27.13-PM.jpeg?resize=350%2C200&ssl=1 1x, https:\/\/i0.wp.com\/www.cisa-arica.cl\/wp1\/wp-content\/uploads\/2022\/05\/WhatsApp-Image-2022-05-20-at-4.27.13-PM.jpeg?resize=525%2C300&ssl=1 1.5x, https:\/\/i0.wp.com\/www.cisa-arica.cl\/wp1\/wp-content\/uploads\/2022\/05\/WhatsApp-Image-2022-05-20-at-4.27.13-PM.jpeg?resize=700%2C400&ssl=1 2x, https:\/\/i0.wp.com\/www.cisa-arica.cl\/wp1\/wp-content\/uploads\/2022\/05\/WhatsApp-Image-2022-05-20-at-4.27.13-PM.jpeg?resize=1050%2C600&ssl=1 3x"},"classes":[]},{"id":10953,"url":"https:\/\/www.cisa-arica.cl\/wp1\/2020\/07\/20\/charla-para-apoderados-de-4tos-medios-sobre-admision-2021\/","url_meta":{"origin":15879,"position":1},"title":"Charla para Apoderados de 4tos medios, sobre admisi\u00f3n 2021","author":"cisa","date":"20 de Julio de 2020","format":false,"excerpt":"Estimados Apoderados de 4tos medios 2020: Junto con saludar y desear que se encuentren bien junto a sus familias, les informamos que el jueves 30 de julio se realizar\u00e1 una Charla de admisi\u00f3n 2021 ofrecida por la UTA, dirigida especialmente a padres y apoderados de estudiantes de 4to medio de\u2026","rel":"","context":"Entrada similar ","block_context":{"text":"Entrada similar ","link":""},"img":{"alt_text":"","src":"https:\/\/i0.wp.com\/www.cisa-arica.cl\/wp1\/wp-content\/uploads\/2020\/07\/Azul-Ilustrado-D%C3%ADa-de-Salir-Temprano-de-la-Oficina-Imagen-para-Redes-Sociales-1.png?resize=350%2C200&ssl=1","width":350,"height":200,"srcset":"https:\/\/i0.wp.com\/www.cisa-arica.cl\/wp1\/wp-content\/uploads\/2020\/07\/Azul-Ilustrado-D%C3%ADa-de-Salir-Temprano-de-la-Oficina-Imagen-para-Redes-Sociales-1.png?resize=350%2C200&ssl=1 1x, https:\/\/i0.wp.com\/www.cisa-arica.cl\/wp1\/wp-content\/uploads\/2020\/07\/Azul-Ilustrado-D%C3%ADa-de-Salir-Temprano-de-la-Oficina-Imagen-para-Redes-Sociales-1.png?resize=525%2C300&ssl=1 1.5x, https:\/\/i0.wp.com\/www.cisa-arica.cl\/wp1\/wp-content\/uploads\/2020\/07\/Azul-Ilustrado-D%C3%ADa-de-Salir-Temprano-de-la-Oficina-Imagen-para-Redes-Sociales-1.png?resize=700%2C400&ssl=1 2x, https:\/\/i0.wp.com\/www.cisa-arica.cl\/wp1\/wp-content\/uploads\/2020\/07\/Azul-Ilustrado-D%C3%ADa-de-Salir-Temprano-de-la-Oficina-Imagen-para-Redes-Sociales-1.png?resize=1050%2C600&ssl=1 3x"},"classes":[]},{"id":11526,"url":"https:\/\/www.cisa-arica.cl\/wp1\/2020\/09\/25\/2da-reunion-de-apoderados\/","url_meta":{"origin":15879,"position":2},"title":"2da Reuni\u00f3n de Apoderados","author":"CISA","date":"25 de Septiembre de 2020","format":false,"excerpt":"Estimada Familia Santa Ana Junto con saludar y desear que se encuentren bien, comunicamos que se realizar\u00e1 la 2da reuni\u00f3n de padres y apoderados a trav\u00e9s de la aplicaci\u00f3n Meet a las 19:00 hrs. El profesor o profesora jefe le enviar\u00e1 la invitaci\u00f3n al correo de la estudiante y ser\u00e1\u2026","rel":"","context":"Entrada similar ","block_context":{"text":"Entrada similar ","link":""},"img":{"alt_text":"","src":"https:\/\/i0.wp.com\/www.cisa-arica.cl\/wp1\/wp-content\/uploads\/2020\/09\/bba921f0-41c0-4977-9f28-500b192234ef.png?resize=350%2C200&ssl=1","width":350,"height":200,"srcset":"https:\/\/i0.wp.com\/www.cisa-arica.cl\/wp1\/wp-content\/uploads\/2020\/09\/bba921f0-41c0-4977-9f28-500b192234ef.png?resize=350%2C200&ssl=1 1x, https:\/\/i0.wp.com\/www.cisa-arica.cl\/wp1\/wp-content\/uploads\/2020\/09\/bba921f0-41c0-4977-9f28-500b192234ef.png?resize=525%2C300&ssl=1 1.5x, https:\/\/i0.wp.com\/www.cisa-arica.cl\/wp1\/wp-content\/uploads\/2020\/09\/bba921f0-41c0-4977-9f28-500b192234ef.png?resize=700%2C400&ssl=1 2x, https:\/\/i0.wp.com\/www.cisa-arica.cl\/wp1\/wp-content\/uploads\/2020\/09\/bba921f0-41c0-4977-9f28-500b192234ef.png?resize=1050%2C600&ssl=1 3x, https:\/\/i0.wp.com\/www.cisa-arica.cl\/wp1\/wp-content\/uploads\/2020\/09\/bba921f0-41c0-4977-9f28-500b192234ef.png?resize=1400%2C800&ssl=1 4x"},"classes":[]},{"id":10096,"url":"https:\/\/www.cisa-arica.cl\/wp1\/2019\/11\/13\/suspension-reunion-4tos-medios\/","url_meta":{"origin":15879,"position":3},"title":"Suspensi\u00f3n Reuni\u00f3n 4tos Medios","author":"CISA","date":"13 de Noviembre de 2019","format":false,"excerpt":"Estimada Comunidad: Informamos que debido a los \u00faltimos acontecimientos, se suspende la reuni\u00f3n de apoderados para 4tos Medios programada para el d\u00eda Jueves 14 de Noviembre. Cualquier informaci\u00f3n ser\u00e1 entrega por este medio y Notasnet. Atentamente Direcci\u00f3n","rel":"","context":"Entrada similar ","block_context":{"text":"Entrada similar ","link":""},"img":{"alt_text":"","src":"","width":0,"height":0},"classes":[]},{"id":24865,"url":"https:\/\/www.cisa-arica.cl\/wp1\/2024\/04\/02\/primera-reunion-de-apoderados\/","url_meta":{"origin":15879,"position":4},"title":"PRIMERA REUNI\u00d3N DE APODERADOS","author":"Jeannette Rivera","date":"2 de Abril de 2024","format":false,"excerpt":"Estimados padres y apoderados: Se les recuerda que hoy martes 2 y mi\u00e9rcoles 3 de abril se realizar\u00e1n las primeras reuniones de apoderados en las cuales su presencia, como familia, es fundamental para el proceso educativo de las estudiantes. La reuniones comienzan a las 18:00 horas. Martes 02 desde Prekinder\u2026","rel":"","context":"Entrada similar ","block_context":{"text":"Entrada similar ","link":""},"img":{"alt_text":"","src":"https:\/\/i0.wp.com\/www.cisa-arica.cl\/wp1\/wp-content\/uploads\/2024\/04\/Invitacion-Dia-del-Maestro-Ilustrado-Verde.png?resize=350%2C200&ssl=1","width":350,"height":200,"srcset":"https:\/\/i0.wp.com\/www.cisa-arica.cl\/wp1\/wp-content\/uploads\/2024\/04\/Invitacion-Dia-del-Maestro-Ilustrado-Verde.png?resize=350%2C200&ssl=1 1x, https:\/\/i0.wp.com\/www.cisa-arica.cl\/wp1\/wp-content\/uploads\/2024\/04\/Invitacion-Dia-del-Maestro-Ilustrado-Verde.png?resize=525%2C300&ssl=1 1.5x, https:\/\/i0.wp.com\/www.cisa-arica.cl\/wp1\/wp-content\/uploads\/2024\/04\/Invitacion-Dia-del-Maestro-Ilustrado-Verde.png?resize=700%2C400&ssl=1 2x, https:\/\/i0.wp.com\/www.cisa-arica.cl\/wp1\/wp-content\/uploads\/2024\/04\/Invitacion-Dia-del-Maestro-Ilustrado-Verde.png?resize=1050%2C600&ssl=1 3x, https:\/\/i0.wp.com\/www.cisa-arica.cl\/wp1\/wp-content\/uploads\/2024\/04\/Invitacion-Dia-del-Maestro-Ilustrado-Verde.png?resize=1400%2C800&ssl=1 4x"},"classes":[]},{"id":20577,"url":"https:\/\/www.cisa-arica.cl\/wp1\/2023\/05\/27\/citacion-a-2da-reunion-de-padres-y-apoderados\/","url_meta":{"origin":15879,"position":5},"title":"Citaci\u00f3n a 2da Reuni\u00f3n de Padres y Apoderados","author":"Jeannette Rivera","date":"27 de Mayo de 2023","format":false,"excerpt":"Estimado(a) Apoderado(a) muy buenos d\u00edas. Junto con saludarle y a la espera que se encuentre bien de salud informo\u00a0a usted que la pr\u00f3xima semana se realizar\u00e1n las Reuniones de Apoderados correspondientes a este mes. A continuaci\u00f3n env\u00edo el detalle: LUNES 29 DE MAYO 2023 Educaci\u00f3n Parvularia y Educaci\u00f3n B\u00e1sica Niveles:\u2026","rel":"","context":"Entrada similar ","block_context":{"text":"Entrada similar ","link":""},"img":{"alt_text":"","src":"","width":0,"height":0},"classes":[]}],"_links":{"self":[{"href":"https:\/\/www.cisa-arica.cl\/wp1\/wp-json\/wp\/v2\/posts\/15879","targetHints":{"allow":["GET"]}}],"collection":[{"href":"https:\/\/www.cisa-arica.cl\/wp1\/wp-json\/wp\/v2\/posts"}],"about":[{"href":"https:\/\/www.cisa-arica.cl\/wp1\/wp-json\/wp\/v2\/types\/post"}],"author":[{"embeddable":true,"href":"https:\/\/www.cisa-arica.cl\/wp1\/wp-json\/wp\/v2\/users\/1"}],"replies":[{"embeddable":true,"href":"https:\/\/www.cisa-arica.cl\/wp1\/wp-json\/wp\/v2\/comments?post=15879"}],"version-history":[{"count":1,"href":"https:\/\/www.cisa-arica.cl\/wp1\/wp-json\/wp\/v2\/posts\/15879\/revisions"}],"predecessor-version":[{"id":15881,"href":"https:\/\/www.cisa-arica.cl\/wp1\/wp-json\/wp\/v2\/posts\/15879\/revisions\/15881"}],"wp:featuredmedia":[{"embeddable":true,"href":"https:\/\/www.cisa-arica.cl\/wp1\/wp-json\/wp\/v2\/media\/15880"}],"wp:attachment":[{"href":"https:\/\/www.cisa-arica.cl\/wp1\/wp-json\/wp\/v2\/media?parent=15879"}],"wp:term":[{"taxonomy":"category","embeddable":true,"href":"https:\/\/www.cisa-arica.cl\/wp1\/wp-json\/wp\/v2\/categories?post=15879"},{"taxonomy":"post_tag","embeddable":true,"href":"https:\/\/www.cisa-arica.cl\/wp1\/wp-json\/wp\/v2\/tags?post=15879"}],"curies":[{"name":"wp","href":"https:\/\/api.w.org\/{rel}","templated":true}]}}