{"id":15876,"date":"2022-05-20T16:35:56","date_gmt":"2022-05-20T20:35:56","guid":{"rendered":"https:\/\/www.cisa-arica.cl\/wp1\/?p=15876"},"modified":"2022-05-30T15:30:04","modified_gmt":"2022-05-30T19:30:04","slug":"2da-reunion-de-apoderados-virtual-prekinder-hasta-3ros-medios","status":"publish","type":"post","link":"https:\/\/www.cisa-arica.cl\/wp1\/2022\/05\/20\/2da-reunion-de-apoderados-virtual-prekinder-hasta-3ros-medios\/","title":{"rendered":"2da Reuni\u00f3n de Apoderados Virtual (Prekinder hasta 3ros Medios)"},"content":{"rendered":"<p><img loading=\"lazy\" decoding=\"async\" data-attachment-id=\"15877\" data-permalink=\"https:\/\/www.cisa-arica.cl\/wp1\/2022\/05\/20\/2da-reunion-de-apoderados-virtual-prekinder-hasta-3ros-medios\/whatsapp-image-2022-05-20-at-4-27-13-pm\/\" data-orig-file=\"https:\/\/www.cisa-arica.cl\/wp1\/wp-content\/uploads\/2022\/05\/WhatsApp-Image-2022-05-20-at-4.27.13-PM.jpeg\" data-orig-size=\"1080,1080\" data-comments-opened=\"0\" data-image-meta=\"{&quot;aperture&quot;:&quot;0&quot;,&quot;credit&quot;:&quot;&quot;,&quot;camera&quot;:&quot;&quot;,&quot;caption&quot;:&quot;&quot;,&quot;created_timestamp&quot;:&quot;0&quot;,&quot;copyright&quot;:&quot;&quot;,&quot;focal_length&quot;:&quot;0&quot;,&quot;iso&quot;:&quot;0&quot;,&quot;shutter_speed&quot;:&quot;0&quot;,&quot;title&quot;:&quot;&quot;,&quot;orientation&quot;:&quot;0&quot;}\" data-image-title=\"WhatsApp Image 2022-05-20 at 4.27.13 PM\" data-image-description=\"\" data-image-caption=\"\" data-large-file=\"https:\/\/www.cisa-arica.cl\/wp1\/wp-content\/uploads\/2022\/05\/WhatsApp-Image-2022-05-20-at-4.27.13-PM-600x600.jpeg\" class=\"alignnone size-large wp-image-15877\" src=\"http:\/\/www.cisa-arica.cl\/wp1\/wp-content\/uploads\/2022\/05\/WhatsApp-Image-2022-05-20-at-4.27.13-PM-600x600.jpeg\" alt=\"\" width=\"600\" height=\"600\" srcset=\"https:\/\/www.cisa-arica.cl\/wp1\/wp-content\/uploads\/2022\/05\/WhatsApp-Image-2022-05-20-at-4.27.13-PM-600x600.jpeg 600w, https:\/\/www.cisa-arica.cl\/wp1\/wp-content\/uploads\/2022\/05\/WhatsApp-Image-2022-05-20-at-4.27.13-PM-300x300.jpeg 300w, https:\/\/www.cisa-arica.cl\/wp1\/wp-content\/uploads\/2022\/05\/WhatsApp-Image-2022-05-20-at-4.27.13-PM-150x150.jpeg 150w, https:\/\/www.cisa-arica.cl\/wp1\/wp-content\/uploads\/2022\/05\/WhatsApp-Image-2022-05-20-at-4.27.13-PM-768x768.jpeg 768w, https:\/\/www.cisa-arica.cl\/wp1\/wp-content\/uploads\/2022\/05\/WhatsApp-Image-2022-05-20-at-4.27.13-PM.jpeg 1080w\" sizes=\"auto, (max-width: 600px) 100vw, 600px\" \/><\/p>\n<div><b>Estimados Apoderados y apoderadas:<\/b><\/div>\n<div>\n<p>Junto con saludar y desear que se encuentren bien junto a su familia, informamos que se llevar\u00e1 a cabo la 2da\u00a0Reuni\u00f3n\u00a0de Padres y\u00a0Apoderados de manera\u00a0<span style=\"color: #0000ff;\"><b>on line<\/b><\/span>, los siguientes d\u00edas a<a><span style=\"color: #000000;\"><b>\u00a0<\/b><\/span><\/a><a><span style=\"color: #000000;\">las<strong>\u00a0<\/strong><\/span><\/a><span style=\"color: #0000ff;\"><strong><a style=\"color: #0000ff;\">19:00<\/a><\/strong><b><span style=\"color: #0000ff;\">\u00a0hrs<\/span>\u00a0<\/b><\/span>a trav\u00e9s de la aplicaci\u00f3n\u00a0<b><span style=\"color: #0000ff;\">Meet.<\/span><\/b><\/p>\n<p><strong>\u2022\u00a0Martes\u00a024 de mayo,\u00a0para Educaci\u00f3n Parvularia.<\/strong><\/p>\n<p><strong>\u2022\u00a0Mi\u00e9rcoles 25 de mayo,\u00a0para Educaci\u00f3n B\u00e1sica (1ero a 6 b\u00e1sico)<\/strong><\/p>\n<p><strong>\u2022\u00a0Jueves 26 de mayo,\u00a0para Educaci\u00f3n Media. (7mo a 3ero medio)<\/strong><\/p>\n<p><span style=\"font-family: verdana, sans-serif;\"><span style=\"color: #58585a;\">La invitaci\u00f3n de la\u00a0reuni\u00f3n, se enviar\u00e1 desde la cuenta del profesor o profesora jefe, al\u00a0<\/span><span style=\"color: #0000ff;\"><b>correo institucional de la estudiante.<\/b><\/span><\/span><\/p>\n<p><span style=\"font-family: verdana, sans-serif;\">Contamos con su valiosa asistencia y puntualidad.<\/span><\/p>\n<\/div>\n<div><b>Atentamente<\/b><\/div>\n<div><\/div>\n<div><span style=\"color: #0b5394; font-family: arial, sans-serif;\"><b>Equipo Directivo<\/b><\/span><\/div>\n<div><span style=\"color: #0b5394; font-family: arial, sans-serif;\"><b>Colegio Italiano Santa Ana<\/b><\/span><\/div>\n<div><span style=\"color: #0b5394; font-family: arial, sans-serif;\"><b>ARICA<\/b><\/span><\/div>\n","protected":false},"excerpt":{"rendered":"<p>Estimados Apoderados y apoderadas: Junto con saludar y desear que se encuentren bien junto a su familia, informamos que se llevar\u00e1 a cabo la 2da\u00a0Reuni\u00f3n\u00a0de Padres y\u00a0Apoderados de manera\u00a0on line, los siguientes d\u00edas a\u00a0las\u00a019:00\u00a0hrs\u00a0a trav\u00e9s de la aplicaci\u00f3n\u00a0Meet. \u2022\u00a0Martes\u00a024 de mayo,\u00a0para Educaci\u00f3n Parvularia. \u2022\u00a0Mi\u00e9rcoles 25 de mayo,\u00a0para Educaci\u00f3n B\u00e1sica (1ero a 6 b\u00e1sico) \u2022\u00a0Jueves 26 <a class=\"read-more\" href=\"https:\/\/www.cisa-arica.cl\/wp1\/2022\/05\/20\/2da-reunion-de-apoderados-virtual-prekinder-hasta-3ros-medios\/\">Continuar leyendo<\/a><\/p>\n","protected":false},"author":1,"featured_media":15877,"comment_status":"closed","ping_status":"open","sticky":false,"template":"","format":"standard","meta":{"_jetpack_memberships_contains_paid_content":false,"footnotes":"","jetpack_publicize_message":"","jetpack_publicize_feature_enabled":true,"jetpack_social_post_already_shared":true,"jetpack_social_options":{"image_generator_settings":{"template":"highway","default_image_id":0,"font":"","enabled":false},"version":2}},"categories":[5],"tags":[],"class_list":["post-15876","post","type-post","status-publish","format-standard","has-post-thumbnail","hentry","category-uncategorized"],"jetpack_publicize_connections":[],"jetpack_featured_media_url":"https:\/\/www.cisa-arica.cl\/wp1\/wp-content\/uploads\/2022\/05\/WhatsApp-Image-2022-05-20-at-4.27.13-PM.jpeg","jetpack_sharing_enabled":true,"jetpack_shortlink":"https:\/\/wp.me\/p84wcz-484","jetpack-related-posts":[{"id":20577,"url":"https:\/\/www.cisa-arica.cl\/wp1\/2023\/05\/27\/citacion-a-2da-reunion-de-padres-y-apoderados\/","url_meta":{"origin":15876,"position":0},"title":"Citaci\u00f3n a 2da Reuni\u00f3n de Padres y Apoderados","author":"Jeannette Rivera","date":"27 de Mayo de 2023","format":false,"excerpt":"Estimado(a) Apoderado(a) muy buenos d\u00edas. Junto con saludarle y a la espera que se encuentre bien de salud informo\u00a0a usted que la pr\u00f3xima semana se realizar\u00e1n las Reuniones de Apoderados correspondientes a este mes. A continuaci\u00f3n env\u00edo el detalle: LUNES 29 DE MAYO 2023 Educaci\u00f3n Parvularia y Educaci\u00f3n B\u00e1sica Niveles:\u2026","rel":"","context":"Entrada similar ","block_context":{"text":"Entrada similar ","link":""},"img":{"alt_text":"","src":"","width":0,"height":0},"classes":[]},{"id":11526,"url":"https:\/\/www.cisa-arica.cl\/wp1\/2020\/09\/25\/2da-reunion-de-apoderados\/","url_meta":{"origin":15876,"position":1},"title":"2da Reuni\u00f3n de Apoderados","author":"CISA","date":"25 de Septiembre de 2020","format":false,"excerpt":"Estimada Familia Santa Ana Junto con saludar y desear que se encuentren bien, comunicamos que se realizar\u00e1 la 2da reuni\u00f3n de padres y apoderados a trav\u00e9s de la aplicaci\u00f3n Meet a las 19:00 hrs. El profesor o profesora jefe le enviar\u00e1 la invitaci\u00f3n al correo de la estudiante y ser\u00e1\u2026","rel":"","context":"Entrada similar ","block_context":{"text":"Entrada similar ","link":""},"img":{"alt_text":"","src":"https:\/\/i0.wp.com\/www.cisa-arica.cl\/wp1\/wp-content\/uploads\/2020\/09\/bba921f0-41c0-4977-9f28-500b192234ef.png?resize=350%2C200&ssl=1","width":350,"height":200,"srcset":"https:\/\/i0.wp.com\/www.cisa-arica.cl\/wp1\/wp-content\/uploads\/2020\/09\/bba921f0-41c0-4977-9f28-500b192234ef.png?resize=350%2C200&ssl=1 1x, https:\/\/i0.wp.com\/www.cisa-arica.cl\/wp1\/wp-content\/uploads\/2020\/09\/bba921f0-41c0-4977-9f28-500b192234ef.png?resize=525%2C300&ssl=1 1.5x, https:\/\/i0.wp.com\/www.cisa-arica.cl\/wp1\/wp-content\/uploads\/2020\/09\/bba921f0-41c0-4977-9f28-500b192234ef.png?resize=700%2C400&ssl=1 2x, https:\/\/i0.wp.com\/www.cisa-arica.cl\/wp1\/wp-content\/uploads\/2020\/09\/bba921f0-41c0-4977-9f28-500b192234ef.png?resize=1050%2C600&ssl=1 3x, https:\/\/i0.wp.com\/www.cisa-arica.cl\/wp1\/wp-content\/uploads\/2020\/09\/bba921f0-41c0-4977-9f28-500b192234ef.png?resize=1400%2C800&ssl=1 4x"},"classes":[]},{"id":15879,"url":"https:\/\/www.cisa-arica.cl\/wp1\/2022\/05\/20\/2da-reunion-de-apoderados-presenciales-4tos-medios\/","url_meta":{"origin":15876,"position":2},"title":"2da reuni\u00f3n de Apoderados Presenciales 4tos Medios","author":"CISA","date":"20 de Mayo de 2022","format":false,"excerpt":"Estimados Apoderados y Apoderadas: Junto con saludar y desear que se encuentren bien junto a su familia, informamos que se llevar\u00e1 a cabo la 2da\u00a0Reuni\u00f3n\u00a0de Padres y\u00a0Apoderados, de\u00a0manera\u00a0presencial\u00a0para los 4tos medios el\u00a0jueves 26 de mayo\u00a0a las\u00a018:30\u00a0hrs. Contamos con su valiosa presencia y puntualidad. Atentamente. Equipo Directivo Colegio Italiano Santa Ana\u2026","rel":"","context":"Entrada similar ","block_context":{"text":"Entrada similar ","link":""},"img":{"alt_text":"","src":"https:\/\/i0.wp.com\/www.cisa-arica.cl\/wp1\/wp-content\/uploads\/2022\/05\/WhatsApp-Image-2022-05-20-at-4.27.13-PM-1.jpeg?resize=350%2C200&ssl=1","width":350,"height":200,"srcset":"https:\/\/i0.wp.com\/www.cisa-arica.cl\/wp1\/wp-content\/uploads\/2022\/05\/WhatsApp-Image-2022-05-20-at-4.27.13-PM-1.jpeg?resize=350%2C200&ssl=1 1x, https:\/\/i0.wp.com\/www.cisa-arica.cl\/wp1\/wp-content\/uploads\/2022\/05\/WhatsApp-Image-2022-05-20-at-4.27.13-PM-1.jpeg?resize=525%2C300&ssl=1 1.5x, https:\/\/i0.wp.com\/www.cisa-arica.cl\/wp1\/wp-content\/uploads\/2022\/05\/WhatsApp-Image-2022-05-20-at-4.27.13-PM-1.jpeg?resize=700%2C400&ssl=1 2x, https:\/\/i0.wp.com\/www.cisa-arica.cl\/wp1\/wp-content\/uploads\/2022\/05\/WhatsApp-Image-2022-05-20-at-4.27.13-PM-1.jpeg?resize=1050%2C600&ssl=1 3x"},"classes":[]},{"id":7224,"url":"https:\/\/www.cisa-arica.cl\/wp1\/2019\/05\/23\/informacion-reunion-de-apoderados\/","url_meta":{"origin":15876,"position":3},"title":"Informaci\u00f3n Reuni\u00f3n de Apoderados","author":"Jeannette Rivera","date":"23 de Mayo de 2019","format":false,"excerpt":"Estimado Padre y Apoderado: Junto con saludarle muy cordialmente, informo a usted d\u00eda y hora de las Reuniones de Apoderados para el presente mes: - MARTES 28 DE MAYO 19.00 HRS. PRE KINDER A Y B \u2013 KINDER A Y B - MI\u00c9RCOLES 29 DE MAYO 19.00 HRS. EDUCACI\u00d3N B\u00c1SICA\u2026","rel":"","context":"Entrada similar ","block_context":{"text":"Entrada similar ","link":""},"img":{"alt_text":"","src":"https:\/\/i0.wp.com\/www.cisa-arica.cl\/wp1\/wp-content\/uploads\/2019\/04\/cropped-LOGO_CISA_chico-2-e1557940881746.png?resize=350%2C200&ssl=1","width":350,"height":200},"classes":[]},{"id":21268,"url":"https:\/\/www.cisa-arica.cl\/wp1\/2023\/07\/28\/reunion-de-apoderados-10\/","url_meta":{"origin":15876,"position":4},"title":"Reuni\u00f3n de Apoderados","author":"Jeannette Rivera","date":"28 de Julio de 2023","format":false,"excerpt":"Estimado(a)\u00a0Apoderado(a): \u00a0 \u00a0Se informa que la pr\u00f3xima semana se realizar\u00e1n las\u00a0Reuniones\u00a0de\u00a0Apoderados\u00a0correspondientes a este nuevo per\u00edodo de clases: LUNES 31 DE JULIO 2023 Educaci\u00f3n Parvularia y Educaci\u00f3n B\u00e1sica Niveles: Desde pre kinder a 6\u00ba a\u00f1o b\u00e1sico Hora: 18.00 hrs. Ingreso por 21 de mayo. MARTES 01 DE AGOSTO 2023 Educaci\u00f3n Media\u2026","rel":"","context":"Entrada similar ","block_context":{"text":"Entrada similar ","link":""},"img":{"alt_text":"","src":"","width":0,"height":0},"classes":[]},{"id":12249,"url":"https:\/\/www.cisa-arica.cl\/wp1\/2021\/04\/12\/reunion-con-centro-general-de-padres-y-apoderados\/","url_meta":{"origin":15876,"position":5},"title":"Reuni\u00f3n con Centro General de Padres y Apoderados","author":"CISA","date":"12 de Abril de 2021","format":false,"excerpt":"Estimados Apoderados. Junto con saludar y desear que se encuentren bien junto a los suyos, les comunicamos que el d\u00eda jueves 15 de abril a las 17:00 hrs. realizaremos un consejo ampliado con todos los delegados o representantes de curso, desde Educaci\u00f3n Parvularia hasta 4to a\u00f1o de ense\u00f1anza media. Dicha\u2026","rel":"","context":"Entrada similar ","block_context":{"text":"Entrada similar ","link":""},"img":{"alt_text":"","src":"https:\/\/i0.wp.com\/www.cisa-arica.cl\/wp1\/wp-content\/uploads\/2021\/04\/img_7612.jpg?resize=350%2C200&ssl=1","width":350,"height":200,"srcset":"https:\/\/i0.wp.com\/www.cisa-arica.cl\/wp1\/wp-content\/uploads\/2021\/04\/img_7612.jpg?resize=350%2C200&ssl=1 1x, https:\/\/i0.wp.com\/www.cisa-arica.cl\/wp1\/wp-content\/uploads\/2021\/04\/img_7612.jpg?resize=525%2C300&ssl=1 1.5x"},"classes":[]}],"_links":{"self":[{"href":"https:\/\/www.cisa-arica.cl\/wp1\/wp-json\/wp\/v2\/posts\/15876","targetHints":{"allow":["GET"]}}],"collection":[{"href":"https:\/\/www.cisa-arica.cl\/wp1\/wp-json\/wp\/v2\/posts"}],"about":[{"href":"https:\/\/www.cisa-arica.cl\/wp1\/wp-json\/wp\/v2\/types\/post"}],"author":[{"embeddable":true,"href":"https:\/\/www.cisa-arica.cl\/wp1\/wp-json\/wp\/v2\/users\/1"}],"replies":[{"embeddable":true,"href":"https:\/\/www.cisa-arica.cl\/wp1\/wp-json\/wp\/v2\/comments?post=15876"}],"version-history":[{"count":1,"href":"https:\/\/www.cisa-arica.cl\/wp1\/wp-json\/wp\/v2\/posts\/15876\/revisions"}],"predecessor-version":[{"id":15878,"href":"https:\/\/www.cisa-arica.cl\/wp1\/wp-json\/wp\/v2\/posts\/15876\/revisions\/15878"}],"wp:featuredmedia":[{"embeddable":true,"href":"https:\/\/www.cisa-arica.cl\/wp1\/wp-json\/wp\/v2\/media\/15877"}],"wp:attachment":[{"href":"https:\/\/www.cisa-arica.cl\/wp1\/wp-json\/wp\/v2\/media?parent=15876"}],"wp:term":[{"taxonomy":"category","embeddable":true,"href":"https:\/\/www.cisa-arica.cl\/wp1\/wp-json\/wp\/v2\/categories?post=15876"},{"taxonomy":"post_tag","embeddable":true,"href":"https:\/\/www.cisa-arica.cl\/wp1\/wp-json\/wp\/v2\/tags?post=15876"}],"curies":[{"name":"wp","href":"https:\/\/api.w.org\/{rel}","templated":true}]}}