{"id":15474,"date":"2022-04-27T13:58:19","date_gmt":"2022-04-27T17:58:19","guid":{"rendered":"https:\/\/www.cisa-arica.cl\/wp1\/?p=15474"},"modified":"2022-06-08T21:39:48","modified_gmt":"2022-06-09T01:39:48","slug":"nuevos-horarios-mes-de-mayo","status":"publish","type":"post","link":"https:\/\/www.cisa-arica.cl\/wp1\/2022\/04\/27\/nuevos-horarios-mes-de-mayo\/","title":{"rendered":"Nuevos horarios mes de Mayo"},"content":{"rendered":"\n<p>Estimados Padres y Apoderados:<\/p>\n\n\n\n<p><\/p>\n\n\n\n<p>Junto con saludar, damos a conocer el horario de cada curso correspondiente al mes de Mayo:<\/p>\n\n\n\n<div class=\"wp-block-file\"><a href=\"https:\/\/www.cisa-arica.cl\/wp1\/wp-content\/uploads\/2022\/05\/Cursos-parvularia-Mayo3.pdf\">Horario Educaci\u00f3n Parvularia<\/a><a href=\"https:\/\/www.cisa-arica.cl\/wp1\/wp-content\/uploads\/2022\/05\/Cursos-parvularia-Mayo3.pdf\" class=\"wp-block-file__button\" download>Descargar<\/a><\/div>\n\n\n\n<div class=\"wp-block-file\"><a href=\"https:\/\/www.cisa-arica.cl\/wp1\/wp-content\/uploads\/2022\/04\/Horario-basica.pdf\">Horario Educaci\u00f3n B\u00e1sica<\/a><a href=\"https:\/\/www.cisa-arica.cl\/wp1\/wp-content\/uploads\/2022\/04\/Horario-basica.pdf\" class=\"wp-block-file__button\" download>Descargar<\/a><\/div>\n\n\n\n<div class=\"wp-block-file\"><a href=\"https:\/\/www.cisa-arica.cl\/wp1\/wp-content\/uploads\/2022\/04\/Horario-media.pdf\">Horario Educaci\u00f3n Media<\/a><a href=\"https:\/\/www.cisa-arica.cl\/wp1\/wp-content\/uploads\/2022\/04\/Horario-media.pdf\" class=\"wp-block-file__button\" download>Descargar<\/a><\/div>\n\n\n\n<p>Atentamente<\/p>\n\n\n\n<p>Equipo Directivo<\/p>\n\n\n\n<p>Colegio Italiano Santa Ana<\/p>\n","protected":false},"excerpt":{"rendered":"<p>Estimados Padres y Apoderados: Junto con saludar, damos a conocer el horario de cada curso correspondiente al mes de Mayo: Atentamente Equipo Directivo Colegio Italiano Santa Ana<\/p>\n","protected":false},"author":1,"featured_media":13559,"comment_status":"closed","ping_status":"open","sticky":false,"template":"","format":"standard","meta":{"_jetpack_memberships_contains_paid_content":false,"footnotes":"","jetpack_publicize_message":"","jetpack_publicize_feature_enabled":true,"jetpack_social_post_already_shared":true,"jetpack_social_options":{"image_generator_settings":{"template":"highway","default_image_id":0,"font":"","enabled":false},"version":2}},"categories":[5],"tags":[],"class_list":["post-15474","post","type-post","status-publish","format-standard","has-post-thumbnail","hentry","category-uncategorized"],"jetpack_publicize_connections":[],"jetpack_featured_media_url":"https:\/\/www.cisa-arica.cl\/wp1\/wp-content\/uploads\/2021\/11\/BANNER_ESCALERA.jpg","jetpack_sharing_enabled":true,"jetpack_shortlink":"https:\/\/wp.me\/p84wcz-41A","jetpack-related-posts":[{"id":27591,"url":"https:\/\/www.cisa-arica.cl\/wp1\/2024\/11\/30\/cambio-en-horario-de-salida\/","url_meta":{"origin":15474,"position":0},"title":"Cambio en horario de salida","author":"Jeannette Rivera","date":"30 de Noviembre de 2024","format":false,"excerpt":"Se recuerda que a partir del Lunes 02 de Diciembre el horario de salida ser\u00e1 a las 13:00 horas para todas las estudiantes. Se mantendr\u00e1 la entrada y salida por 21 de mayo de Educaci\u00f3n Parvularia y Primeros B\u00e1sicos. Esta informaci\u00f3n fue enviada con anticipaci\u00f3n a los correos institucionales de\u2026","rel":"","context":"Entrada similar ","block_context":{"text":"Entrada similar ","link":""},"img":{"alt_text":"","src":"https:\/\/i0.wp.com\/www.cisa-arica.cl\/wp1\/wp-content\/uploads\/2024\/12\/IMG_2575.jpeg?resize=350%2C200&ssl=1","width":350,"height":200,"srcset":"https:\/\/i0.wp.com\/www.cisa-arica.cl\/wp1\/wp-content\/uploads\/2024\/12\/IMG_2575.jpeg?resize=350%2C200&ssl=1 1x, https:\/\/i0.wp.com\/www.cisa-arica.cl\/wp1\/wp-content\/uploads\/2024\/12\/IMG_2575.jpeg?resize=525%2C300&ssl=1 1.5x, https:\/\/i0.wp.com\/www.cisa-arica.cl\/wp1\/wp-content\/uploads\/2024\/12\/IMG_2575.jpeg?resize=700%2C400&ssl=1 2x, https:\/\/i0.wp.com\/www.cisa-arica.cl\/wp1\/wp-content\/uploads\/2024\/12\/IMG_2575.jpeg?resize=1050%2C600&ssl=1 3x"},"classes":[]},{"id":9267,"url":"https:\/\/www.cisa-arica.cl\/wp1\/2019\/09\/11\/informacion-importante-horario-de-salida-y-reunion-de-apoderados\/","url_meta":{"origin":15474,"position":1},"title":"Informaci\u00f3n importante: Reuni\u00f3n de apoderados","author":"Jeannette Rivera","date":"11 de Septiembre de 2019","format":false,"excerpt":"Estimado padre y apoderado: Junto con saludarlos, se comunica que las reuniones de apoderados para este mes se realizar\u00e1n en las siguientes fechas: - Martes 24 de septiembre 19.00 hrs. Educaci\u00f3n pre b\u00e1sica - Mi\u00e9rcoles 25 de septiembre 19.00 hrs. Educaci\u00f3n b\u00e1sica 1\u00ba a 6\u00ba a\u00f1o. - Jueves 26 de\u2026","rel":"","context":"Entrada similar ","block_context":{"text":"Entrada similar ","link":""},"img":{"alt_text":"","src":"https:\/\/i0.wp.com\/www.cisa-arica.cl\/wp1\/wp-content\/uploads\/2019\/04\/cropped-LOGO_CISA_chico-2-e1557940881746.png?resize=350%2C200&ssl=1","width":350,"height":200},"classes":[]},{"id":11411,"url":"https:\/\/www.cisa-arica.cl\/wp1\/2020\/09\/04\/horario-para-educacion-parvularia\/","url_meta":{"origin":15474,"position":2},"title":"Horario para Educaci\u00f3n Parvularia","author":"CISA","date":"4 de Septiembre de 2020","format":false,"excerpt":"Estimados apoderados:Esperando que se encuentren bien junto a sus familias, informamos que a partir de el lunes 7 de septiembre, Educaci\u00f3n Parvularia comenzar\u00e1 a tener clases virtuales todas las semanas y con un nuevo horario.Saludos cordiales.Equipo Directivo","rel":"","context":"Entrada similar ","block_context":{"text":"Entrada similar ","link":""},"img":{"alt_text":"","src":"https:\/\/i0.wp.com\/www.cisa-arica.cl\/wp1\/wp-content\/uploads\/2020\/09\/b0007741-b9fb-4947-ab71-210d30b5daf2.png?resize=350%2C200&ssl=1","width":350,"height":200,"srcset":"https:\/\/i0.wp.com\/www.cisa-arica.cl\/wp1\/wp-content\/uploads\/2020\/09\/b0007741-b9fb-4947-ab71-210d30b5daf2.png?resize=350%2C200&ssl=1 1x, https:\/\/i0.wp.com\/www.cisa-arica.cl\/wp1\/wp-content\/uploads\/2020\/09\/b0007741-b9fb-4947-ab71-210d30b5daf2.png?resize=525%2C300&ssl=1 1.5x, https:\/\/i0.wp.com\/www.cisa-arica.cl\/wp1\/wp-content\/uploads\/2020\/09\/b0007741-b9fb-4947-ab71-210d30b5daf2.png?resize=700%2C400&ssl=1 2x, https:\/\/i0.wp.com\/www.cisa-arica.cl\/wp1\/wp-content\/uploads\/2020\/09\/b0007741-b9fb-4947-ab71-210d30b5daf2.png?resize=1050%2C600&ssl=1 3x"},"classes":[]},{"id":28597,"url":"https:\/\/www.cisa-arica.cl\/wp1\/2025\/07\/19\/retorno-a-clases-21-de-julio\/","url_meta":{"origin":15474,"position":3},"title":"Retorno a Clases 21 de Julio","author":"Jeannette Rivera","date":"19 de Julio de 2025","format":false,"excerpt":"Estimado(a) Apoderado(a) Reciba usted un cordial saludo. A la espera que hayan disfrutado de este merecido descanso de invierno, informo a usted que retomamos las clases este lunes 21 de julio 2025 en horario normal. Se han modificado los lugares de ingreso y salida de las estudiantes quedando de la\u2026","rel":"","context":"En &quot;CISA&quot;","block_context":{"text":"CISA","link":"https:\/\/www.cisa-arica.cl\/wp1\/category\/cisa\/"},"img":{"alt_text":"","src":"https:\/\/i0.wp.com\/www.cisa-arica.cl\/wp1\/wp-content\/uploads\/2025\/07\/IMG_5399.webp?resize=350%2C200&ssl=1","width":350,"height":200,"srcset":"https:\/\/i0.wp.com\/www.cisa-arica.cl\/wp1\/wp-content\/uploads\/2025\/07\/IMG_5399.webp?resize=350%2C200&ssl=1 1x, https:\/\/i0.wp.com\/www.cisa-arica.cl\/wp1\/wp-content\/uploads\/2025\/07\/IMG_5399.webp?resize=525%2C300&ssl=1 1.5x, https:\/\/i0.wp.com\/www.cisa-arica.cl\/wp1\/wp-content\/uploads\/2025\/07\/IMG_5399.webp?resize=700%2C400&ssl=1 2x, https:\/\/i0.wp.com\/www.cisa-arica.cl\/wp1\/wp-content\/uploads\/2025\/07\/IMG_5399.webp?resize=1050%2C600&ssl=1 3x, https:\/\/i0.wp.com\/www.cisa-arica.cl\/wp1\/wp-content\/uploads\/2025\/07\/IMG_5399.webp?resize=1400%2C800&ssl=1 4x"},"classes":[]},{"id":28816,"url":"https:\/\/www.cisa-arica.cl\/wp1\/2025\/08\/28\/actividades-de-fiestas-patrias-cisa-2025\/","url_meta":{"origin":15474,"position":4},"title":"Actividades de Fiestas Patrias Cisa 2025","author":"Jeannette Rivera","date":"28 de Agosto de 2025","format":false,"excerpt":"A d\u00edas de iniciar el mes de Septiembre, se da a conocer las diferentes actividades que se realizar\u00e1n en el marco de nuestras celebraciones de Fiestas Patrias: \u00a0Martes 02 de septiembre \u2013 Urban Day Solidario Todas las estudiantes pueden asistir con vestimenta ropa de calle desde Pre-K\u00ednder hasta Cuarto Medio,\u2026","rel":"","context":"Entrada similar ","block_context":{"text":"Entrada similar ","link":""},"img":{"alt_text":"","src":"https:\/\/i0.wp.com\/www.cisa-arica.cl\/wp1\/wp-content\/uploads\/2025\/08\/WhatsApp-Image-2025-08-28-at-12.05.44-PM.jpeg?resize=350%2C200&ssl=1","width":350,"height":200,"srcset":"https:\/\/i0.wp.com\/www.cisa-arica.cl\/wp1\/wp-content\/uploads\/2025\/08\/WhatsApp-Image-2025-08-28-at-12.05.44-PM.jpeg?resize=350%2C200&ssl=1 1x, https:\/\/i0.wp.com\/www.cisa-arica.cl\/wp1\/wp-content\/uploads\/2025\/08\/WhatsApp-Image-2025-08-28-at-12.05.44-PM.jpeg?resize=525%2C300&ssl=1 1.5x, https:\/\/i0.wp.com\/www.cisa-arica.cl\/wp1\/wp-content\/uploads\/2025\/08\/WhatsApp-Image-2025-08-28-at-12.05.44-PM.jpeg?resize=700%2C400&ssl=1 2x, https:\/\/i0.wp.com\/www.cisa-arica.cl\/wp1\/wp-content\/uploads\/2025\/08\/WhatsApp-Image-2025-08-28-at-12.05.44-PM.jpeg?resize=1050%2C600&ssl=1 3x"},"classes":[]},{"id":7224,"url":"https:\/\/www.cisa-arica.cl\/wp1\/2019\/05\/23\/informacion-reunion-de-apoderados\/","url_meta":{"origin":15474,"position":5},"title":"Informaci\u00f3n Reuni\u00f3n de Apoderados","author":"Jeannette Rivera","date":"23 de Mayo de 2019","format":false,"excerpt":"Estimado Padre y Apoderado: Junto con saludarle muy cordialmente, informo a usted d\u00eda y hora de las Reuniones de Apoderados para el presente mes: - MARTES 28 DE MAYO 19.00 HRS. PRE KINDER A Y B \u2013 KINDER A Y B - MI\u00c9RCOLES 29 DE MAYO 19.00 HRS. EDUCACI\u00d3N B\u00c1SICA\u2026","rel":"","context":"Entrada similar ","block_context":{"text":"Entrada similar ","link":""},"img":{"alt_text":"","src":"https:\/\/i0.wp.com\/www.cisa-arica.cl\/wp1\/wp-content\/uploads\/2019\/04\/cropped-LOGO_CISA_chico-2-e1557940881746.png?resize=350%2C200&ssl=1","width":350,"height":200},"classes":[]}],"_links":{"self":[{"href":"https:\/\/www.cisa-arica.cl\/wp1\/wp-json\/wp\/v2\/posts\/15474","targetHints":{"allow":["GET"]}}],"collection":[{"href":"https:\/\/www.cisa-arica.cl\/wp1\/wp-json\/wp\/v2\/posts"}],"about":[{"href":"https:\/\/www.cisa-arica.cl\/wp1\/wp-json\/wp\/v2\/types\/post"}],"author":[{"embeddable":true,"href":"https:\/\/www.cisa-arica.cl\/wp1\/wp-json\/wp\/v2\/users\/1"}],"replies":[{"embeddable":true,"href":"https:\/\/www.cisa-arica.cl\/wp1\/wp-json\/wp\/v2\/comments?post=15474"}],"version-history":[{"count":3,"href":"https:\/\/www.cisa-arica.cl\/wp1\/wp-json\/wp\/v2\/posts\/15474\/revisions"}],"predecessor-version":[{"id":15614,"href":"https:\/\/www.cisa-arica.cl\/wp1\/wp-json\/wp\/v2\/posts\/15474\/revisions\/15614"}],"wp:featuredmedia":[{"embeddable":true,"href":"https:\/\/www.cisa-arica.cl\/wp1\/wp-json\/wp\/v2\/media\/13559"}],"wp:attachment":[{"href":"https:\/\/www.cisa-arica.cl\/wp1\/wp-json\/wp\/v2\/media?parent=15474"}],"wp:term":[{"taxonomy":"category","embeddable":true,"href":"https:\/\/www.cisa-arica.cl\/wp1\/wp-json\/wp\/v2\/categories?post=15474"},{"taxonomy":"post_tag","embeddable":true,"href":"https:\/\/www.cisa-arica.cl\/wp1\/wp-json\/wp\/v2\/tags?post=15474"}],"curies":[{"name":"wp","href":"https:\/\/api.w.org\/{rel}","templated":true}]}}