{"id":15331,"date":"2022-04-22T12:34:18","date_gmt":"2022-04-22T16:34:18","guid":{"rendered":"https:\/\/www.cisa-arica.cl\/wp1\/?p=15331"},"modified":"2022-04-22T12:53:12","modified_gmt":"2022-04-22T16:53:12","slug":"consejos-para-organizar-el-regreso-a-clases","status":"publish","type":"post","link":"https:\/\/www.cisa-arica.cl\/wp1\/2022\/04\/22\/consejos-para-organizar-el-regreso-a-clases\/","title":{"rendered":"Consejos para organizar el regreso a clases"},"content":{"rendered":"\n<div class=\"wp-block-media-text alignwide is-stacked-on-mobile is-vertically-aligned-top\"><figure class=\"wp-block-media-text__media\"><video controls src=\"https:\/\/www.cisa-arica.cl\/wp1\/wp-content\/uploads\/2022\/04\/VID-20220420-WA0015.mp4\"><\/video><\/figure><div class=\"wp-block-media-text__content\">\n<p>Estimada familia Santa Ana, el Equipo Psicopedag\u00f3gico de nuestro establecimiento, tiene para ustedes el primer video educativo para este a\u00f1o 2022, enfocado exclusivamente en el regreso a clases y su organizaci\u00f3n.Pero&#8230;\u00bfPor qu\u00e9 es importante ser organizados?&#8230;Aprender\u00e1s a coordinar diferentes actividades o actitudes dirigidas al logro&nbsp;de&nbsp;un objetivo,&nbsp;de&nbsp;forma met\u00f3dica, adem\u00e1s siguiendo una serie&nbsp;de&nbsp;pasos, nos permite&nbsp;ser&nbsp;m\u00e1s productivos.Los invitamos a revisar el siguiente video.<\/p>\n<\/div><\/div>\n\n\n\n<p><\/p>\n","protected":false},"excerpt":{"rendered":"<p>Estimada familia Santa Ana, el Equipo Psicopedag\u00f3gico de nuestro establecimiento, tiene para ustedes el primer video educativo para este a\u00f1o 2022, enfocado exclusivamente en el regreso a clases y su organizaci\u00f3n.Pero&#8230;\u00bfPor qu\u00e9 es importante ser organizados?&#8230;Aprender\u00e1s a coordinar diferentes actividades o actitudes dirigidas al logro&nbsp;de&nbsp;un objetivo,&nbsp;de&nbsp;forma met\u00f3dica, adem\u00e1s siguiendo una serie&nbsp;de&nbsp;pasos, nos permite&nbsp;ser&nbsp;m\u00e1s productivos.Los invitamos <a class=\"read-more\" href=\"https:\/\/www.cisa-arica.cl\/wp1\/2022\/04\/22\/consejos-para-organizar-el-regreso-a-clases\/\">Continuar leyendo<\/a><\/p>\n","protected":false},"author":1,"featured_media":0,"comment_status":"closed","ping_status":"open","sticky":false,"template":"","format":"standard","meta":{"_jetpack_memberships_contains_paid_content":false,"footnotes":"","jetpack_publicize_message":"","jetpack_publicize_feature_enabled":true,"jetpack_social_post_already_shared":true,"jetpack_social_options":{"image_generator_settings":{"template":"highway","default_image_id":0,"font":"","enabled":false},"version":2}},"categories":[5],"tags":[],"class_list":["post-15331","post","type-post","status-publish","format-standard","hentry","category-uncategorized"],"jetpack_publicize_connections":[],"jetpack_featured_media_url":"","jetpack_sharing_enabled":true,"jetpack_shortlink":"https:\/\/wp.me\/p84wcz-3Zh","jetpack-related-posts":[{"id":16810,"url":"https:\/\/www.cisa-arica.cl\/wp1\/2022\/07\/26\/de-regreso-al-colegio\/","url_meta":{"origin":15331,"position":0},"title":"De regreso al colegio","author":"Jeannette Rivera","date":"26 de Julio de 2022","format":false,"excerpt":"Este Lunes 25 de julio se retorn\u00f3 al colegio y las estudiantes fueron recibidas con la alegr\u00eda de siempre por todo el personal del Colegio Italiano santa Ana. En el primer bloque cada curso estuvo con su respectiva jefatura y luego las clases fueron retomadas en forma normal de acuerdo\u2026","rel":"","context":"Entrada similar ","block_context":{"text":"Entrada similar ","link":""},"img":{"alt_text":"","src":"https:\/\/i0.wp.com\/www.cisa-arica.cl\/wp1\/wp-content\/uploads\/2022\/07\/WhatsApp-Image-2022-07-26-at-8.24.46-PM-5.jpeg?resize=350%2C200&ssl=1","width":350,"height":200,"srcset":"https:\/\/i0.wp.com\/www.cisa-arica.cl\/wp1\/wp-content\/uploads\/2022\/07\/WhatsApp-Image-2022-07-26-at-8.24.46-PM-5.jpeg?resize=350%2C200&ssl=1 1x, https:\/\/i0.wp.com\/www.cisa-arica.cl\/wp1\/wp-content\/uploads\/2022\/07\/WhatsApp-Image-2022-07-26-at-8.24.46-PM-5.jpeg?resize=525%2C300&ssl=1 1.5x, https:\/\/i0.wp.com\/www.cisa-arica.cl\/wp1\/wp-content\/uploads\/2022\/07\/WhatsApp-Image-2022-07-26-at-8.24.46-PM-5.jpeg?resize=700%2C400&ssl=1 2x"},"classes":[]},{"id":28816,"url":"https:\/\/www.cisa-arica.cl\/wp1\/2025\/08\/28\/actividades-de-fiestas-patrias-cisa-2025\/","url_meta":{"origin":15331,"position":1},"title":"Actividades de Fiestas Patrias Cisa 2025","author":"Jeannette Rivera","date":"28 de Agosto de 2025","format":false,"excerpt":"A d\u00edas de iniciar el mes de Septiembre, se da a conocer las diferentes actividades que se realizar\u00e1n en el marco de nuestras celebraciones de Fiestas Patrias: \u00a0Martes 02 de septiembre \u2013 Urban Day Solidario Todas las estudiantes pueden asistir con vestimenta ropa de calle desde Pre-K\u00ednder hasta Cuarto Medio,\u2026","rel":"","context":"Entrada similar ","block_context":{"text":"Entrada similar ","link":""},"img":{"alt_text":"","src":"https:\/\/i0.wp.com\/www.cisa-arica.cl\/wp1\/wp-content\/uploads\/2025\/08\/WhatsApp-Image-2025-08-28-at-12.05.44-PM.jpeg?resize=350%2C200&ssl=1","width":350,"height":200,"srcset":"https:\/\/i0.wp.com\/www.cisa-arica.cl\/wp1\/wp-content\/uploads\/2025\/08\/WhatsApp-Image-2025-08-28-at-12.05.44-PM.jpeg?resize=350%2C200&ssl=1 1x, https:\/\/i0.wp.com\/www.cisa-arica.cl\/wp1\/wp-content\/uploads\/2025\/08\/WhatsApp-Image-2025-08-28-at-12.05.44-PM.jpeg?resize=525%2C300&ssl=1 1.5x, https:\/\/i0.wp.com\/www.cisa-arica.cl\/wp1\/wp-content\/uploads\/2025\/08\/WhatsApp-Image-2025-08-28-at-12.05.44-PM.jpeg?resize=700%2C400&ssl=1 2x, https:\/\/i0.wp.com\/www.cisa-arica.cl\/wp1\/wp-content\/uploads\/2025\/08\/WhatsApp-Image-2025-08-28-at-12.05.44-PM.jpeg?resize=1050%2C600&ssl=1 3x"},"classes":[]},{"id":18424,"url":"https:\/\/www.cisa-arica.cl\/wp1\/2022\/11\/24\/suspension-de-clases\/","url_meta":{"origin":15331,"position":2},"title":"Suspensi\u00f3n de Clases","author":"Jeannette Rivera","date":"24 de Noviembre de 2022","format":false,"excerpt":"Estimados padres y apoderados: Las clases de ma\u00f1ana viernes 25 se suspenden debido a que se trabajar\u00e1 en la instalaci\u00f3n del ascensor. El d\u00eda lunes 28 las clases se retomar\u00e1n en su horario normal. La Direcci\u00f3n","rel":"","context":"Entrada similar ","block_context":{"text":"Entrada similar ","link":""},"img":{"alt_text":"","src":"https:\/\/i0.wp.com\/www.cisa-arica.cl\/wp1\/wp-content\/uploads\/2022\/11\/D017EEF1-E213-424B-BE0A-922DEC11EEBB.jpeg?resize=350%2C200&ssl=1","width":350,"height":200,"srcset":"https:\/\/i0.wp.com\/www.cisa-arica.cl\/wp1\/wp-content\/uploads\/2022\/11\/D017EEF1-E213-424B-BE0A-922DEC11EEBB.jpeg?resize=350%2C200&ssl=1 1x, https:\/\/i0.wp.com\/www.cisa-arica.cl\/wp1\/wp-content\/uploads\/2022\/11\/D017EEF1-E213-424B-BE0A-922DEC11EEBB.jpeg?resize=525%2C300&ssl=1 1.5x, https:\/\/i0.wp.com\/www.cisa-arica.cl\/wp1\/wp-content\/uploads\/2022\/11\/D017EEF1-E213-424B-BE0A-922DEC11EEBB.jpeg?resize=700%2C400&ssl=1 2x"},"classes":[]},{"id":10988,"url":"https:\/\/www.cisa-arica.cl\/wp1\/2020\/07\/27\/lunes-3-de-agosto-inicio-de-clases-virtuales\/","url_meta":{"origin":15331,"position":3},"title":"Lunes 3 de agosto, inicio de clases virtuales","author":"Jeannette Rivera","date":"27 de Julio de 2020","format":false,"excerpt":"Estimada Familia Santa Ana:Junto con saludar y desear que se encuentren bien junto a sus seres queridos, les comunicamos que el lunes 3 de agosto iniciamos el periodo\u00a0de clases virtuales, las que denominaremos clases de acercamiento, ya que nos situar\u00e1n en esta nueva modalidad de trabajo pedag\u00f3gico. Estas clases se\u2026","rel":"","context":"Entrada similar ","block_context":{"text":"Entrada similar ","link":""},"img":{"alt_text":"","src":"https:\/\/i0.wp.com\/www.cisa-arica.cl\/wp1\/wp-content\/uploads\/2020\/07\/Afiche-de-Clases-Online.jpg?resize=350%2C200&ssl=1","width":350,"height":200,"srcset":"https:\/\/i0.wp.com\/www.cisa-arica.cl\/wp1\/wp-content\/uploads\/2020\/07\/Afiche-de-Clases-Online.jpg?resize=350%2C200&ssl=1 1x, https:\/\/i0.wp.com\/www.cisa-arica.cl\/wp1\/wp-content\/uploads\/2020\/07\/Afiche-de-Clases-Online.jpg?resize=525%2C300&ssl=1 1.5x, https:\/\/i0.wp.com\/www.cisa-arica.cl\/wp1\/wp-content\/uploads\/2020\/07\/Afiche-de-Clases-Online.jpg?resize=700%2C400&ssl=1 2x, https:\/\/i0.wp.com\/www.cisa-arica.cl\/wp1\/wp-content\/uploads\/2020\/07\/Afiche-de-Clases-Online.jpg?resize=1050%2C600&ssl=1 3x, https:\/\/i0.wp.com\/www.cisa-arica.cl\/wp1\/wp-content\/uploads\/2020\/07\/Afiche-de-Clases-Online.jpg?resize=1400%2C800&ssl=1 4x"},"classes":[]},{"id":16439,"url":"https:\/\/www.cisa-arica.cl\/wp1\/2022\/06\/16\/suspension-de-clases-lunes-20-06\/","url_meta":{"origin":15331,"position":4},"title":"Suspensi\u00f3n de Clases Lunes 20-06","author":"Jeannette Rivera","date":"16 de Junio de 2022","format":false,"excerpt":"Estimados Padres y\/o Apoderados: Comunicamos que fue solicitado al Ministerio\u00a0 la Suspensi\u00f3n de Clases del d\u00eda lunes 20 de junio\u00a0 la cual fue aceptada. Este d\u00eda \u00a0ser\u00e1 recuperado en el mes de diciembre. Las clases se retomar\u00e1n de forma normal el mi\u00e9rcoles 22 de junio. Atentamente, \u00a0 \u00a0 Equipo Directivo","rel":"","context":"Entrada similar ","block_context":{"text":"Entrada similar ","link":""},"img":{"alt_text":"","src":"","width":0,"height":0},"classes":[]},{"id":11176,"url":"https:\/\/www.cisa-arica.cl\/wp1\/2020\/08\/05\/inicio-de-clases-virtuales\/","url_meta":{"origin":15331,"position":5},"title":"Inicio de clases virtuales","author":"Jeannette Rivera","date":"5 de Agosto de 2020","format":false,"excerpt":"Saludos de nuestra Directora Hermana Adela Espinoza Zapatel a la comunidad educativa, quienes comienzan sus clases virtuales durante esta semana.","rel":"","context":"Entrada similar ","block_context":{"text":"Entrada similar ","link":""},"img":{"alt_text":"","src":"https:\/\/i0.wp.com\/www.cisa-arica.cl\/wp1\/wp-content\/uploads\/2020\/08\/nnnnnnnn.jpg?resize=350%2C200&ssl=1","width":350,"height":200,"srcset":"https:\/\/i0.wp.com\/www.cisa-arica.cl\/wp1\/wp-content\/uploads\/2020\/08\/nnnnnnnn.jpg?resize=350%2C200&ssl=1 1x, https:\/\/i0.wp.com\/www.cisa-arica.cl\/wp1\/wp-content\/uploads\/2020\/08\/nnnnnnnn.jpg?resize=525%2C300&ssl=1 1.5x"},"classes":[]}],"_links":{"self":[{"href":"https:\/\/www.cisa-arica.cl\/wp1\/wp-json\/wp\/v2\/posts\/15331","targetHints":{"allow":["GET"]}}],"collection":[{"href":"https:\/\/www.cisa-arica.cl\/wp1\/wp-json\/wp\/v2\/posts"}],"about":[{"href":"https:\/\/www.cisa-arica.cl\/wp1\/wp-json\/wp\/v2\/types\/post"}],"author":[{"embeddable":true,"href":"https:\/\/www.cisa-arica.cl\/wp1\/wp-json\/wp\/v2\/users\/1"}],"replies":[{"embeddable":true,"href":"https:\/\/www.cisa-arica.cl\/wp1\/wp-json\/wp\/v2\/comments?post=15331"}],"version-history":[{"count":3,"href":"https:\/\/www.cisa-arica.cl\/wp1\/wp-json\/wp\/v2\/posts\/15331\/revisions"}],"predecessor-version":[{"id":15336,"href":"https:\/\/www.cisa-arica.cl\/wp1\/wp-json\/wp\/v2\/posts\/15331\/revisions\/15336"}],"wp:attachment":[{"href":"https:\/\/www.cisa-arica.cl\/wp1\/wp-json\/wp\/v2\/media?parent=15331"}],"wp:term":[{"taxonomy":"category","embeddable":true,"href":"https:\/\/www.cisa-arica.cl\/wp1\/wp-json\/wp\/v2\/categories?post=15331"},{"taxonomy":"post_tag","embeddable":true,"href":"https:\/\/www.cisa-arica.cl\/wp1\/wp-json\/wp\/v2\/tags?post=15331"}],"curies":[{"name":"wp","href":"https:\/\/api.w.org\/{rel}","templated":true}]}}