{"id":15243,"date":"2022-04-20T19:37:13","date_gmt":"2022-04-20T23:37:13","guid":{"rendered":"https:\/\/www.cisa-arica.cl\/wp1\/?p=15243"},"modified":"2022-04-21T20:21:55","modified_gmt":"2022-04-22T00:21:55","slug":"liturgia-de-resureccion","status":"publish","type":"post","link":"https:\/\/www.cisa-arica.cl\/wp1\/2022\/04\/20\/liturgia-de-resureccion\/","title":{"rendered":"LITURGIA DE RESURECCI\u00d3N"},"content":{"rendered":"\n<p>\u00a1Al\u00e9grate! Jes\u00fas ha resucitado. Esta es la victoria que el d\u00eda de ayer junto a la comunidad educativa proclamamos y celebramos en nuestra Liturgia de Resurrecci\u00f3n. Queremos abrazar a Dios resucitado para vivir con la esperanza de un mundo mejor, consientes de su amor infinito.<\/p>\n\n\n\n<p>Feliz Pascua de Resurrecci\u00f3n!!<\/p>\n\n\n\n<div class=\"wp-block-jetpack-tiled-gallery aligncenter is-style-rectangular\"><div class=\"tiled-gallery__gallery\"><div class=\"tiled-gallery__row\"><div class=\"tiled-gallery__col\" style=\"flex-basis:100.00000%\"><figure class=\"tiled-gallery__item\"><img decoding=\"async\" data-attachment-id=\"15244\" data-permalink=\"https:\/\/www.cisa-arica.cl\/wp1\/2022\/04\/20\/liturgia-de-resureccion\/whatsapp-image-2022-04-19-at-7-31-54-am-1\/\" data-orig-file=\"https:\/\/www.cisa-arica.cl\/wp1\/wp-content\/uploads\/2022\/04\/WhatsApp-Image-2022-04-19-at-7.31.54-AM-1.jpeg\" data-orig-size=\"1280,853\" data-comments-opened=\"0\" data-image-meta=\"{&quot;aperture&quot;:&quot;0&quot;,&quot;credit&quot;:&quot;&quot;,&quot;camera&quot;:&quot;&quot;,&quot;caption&quot;:&quot;&quot;,&quot;created_timestamp&quot;:&quot;0&quot;,&quot;copyright&quot;:&quot;&quot;,&quot;focal_length&quot;:&quot;0&quot;,&quot;iso&quot;:&quot;0&quot;,&quot;shutter_speed&quot;:&quot;0&quot;,&quot;title&quot;:&quot;&quot;,&quot;orientation&quot;:&quot;0&quot;}\" data-image-title=\"WhatsApp Image 2022-04-19 at 7.31.54 AM (1)\" data-image-description=\"\" data-image-caption=\"\" data-large-file=\"https:\/\/www.cisa-arica.cl\/wp1\/wp-content\/uploads\/2022\/04\/WhatsApp-Image-2022-04-19-at-7.31.54-AM-1-600x400.jpeg\" data-attachment-id=\"15244\" data-permalink=\"https:\/\/www.cisa-arica.cl\/wp1\/2022\/04\/20\/liturgia-de-resureccion\/whatsapp-image-2022-04-19-at-7-31-54-am-1\/\" data-orig-file=\"https:\/\/www.cisa-arica.cl\/wp1\/wp-content\/uploads\/2022\/04\/WhatsApp-Image-2022-04-19-at-7.31.54-AM-1.jpeg\" data-orig-size=\"1280,853\" data-comments-opened=\"0\" data-image-meta=\"{&quot;aperture&quot;:&quot;0&quot;,&quot;credit&quot;:&quot;&quot;,&quot;camera&quot;:&quot;&quot;,&quot;caption&quot;:&quot;&quot;,&quot;created_timestamp&quot;:&quot;0&quot;,&quot;copyright&quot;:&quot;&quot;,&quot;focal_length&quot;:&quot;0&quot;,&quot;iso&quot;:&quot;0&quot;,&quot;shutter_speed&quot;:&quot;0&quot;,&quot;title&quot;:&quot;&quot;,&quot;orientation&quot;:&quot;0&quot;}\" data-image-title=\"WhatsApp Image 2022-04-19 at 7.31.54 AM (1)\" data-image-description=\"\" data-image-caption=\"\" data-large-file=\"https:\/\/www.cisa-arica.cl\/wp1\/wp-content\/uploads\/2022\/04\/WhatsApp-Image-2022-04-19-at-7.31.54-AM-1-600x400.jpeg\" role=\"button\" tabindex=\"0\" aria-label=\"Abrir la imagen 1 de 1 en pantalla completa\"srcset=\"https:\/\/i0.wp.com\/www.cisa-arica.cl\/wp1\/wp-content\/uploads\/2022\/04\/WhatsApp-Image-2022-04-19-at-7.31.54-AM-1-600x400.jpeg?strip=info&#038;w=600 600w,https:\/\/i0.wp.com\/www.cisa-arica.cl\/wp1\/wp-content\/uploads\/2022\/04\/WhatsApp-Image-2022-04-19-at-7.31.54-AM-1-600x400.jpeg?strip=info&#038;w=900 900w,https:\/\/i0.wp.com\/www.cisa-arica.cl\/wp1\/wp-content\/uploads\/2022\/04\/WhatsApp-Image-2022-04-19-at-7.31.54-AM-1-600x400.jpeg?strip=info&#038;w=1200 1200w,https:\/\/i0.wp.com\/www.cisa-arica.cl\/wp1\/wp-content\/uploads\/2022\/04\/WhatsApp-Image-2022-04-19-at-7.31.54-AM-1-600x400.jpeg?strip=info&#038;w=1280 1280w\" alt=\"\" data-height=\"853\" data-id=\"15244\" data-link=\"https:\/\/www.cisa-arica.cl\/wp1\/2022\/04\/20\/liturgia-de-resureccion\/whatsapp-image-2022-04-19-at-7-31-54-am-1\/\" data-url=\"http:\/\/www.cisa-arica.cl\/wp1\/wp-content\/uploads\/2022\/04\/WhatsApp-Image-2022-04-19-at-7.31.54-AM-1-600x400.jpeg\" data-width=\"1280\" src=\"https:\/\/i0.wp.com\/www.cisa-arica.cl\/wp1\/wp-content\/uploads\/2022\/04\/WhatsApp-Image-2022-04-19-at-7.31.54-AM-1-600x400.jpeg\" data-amp-layout=\"responsive\"\/><\/figure><\/div><\/div><\/div><\/div>\n\n\n\n<figure class=\"wp-block-image size-large\"><img loading=\"lazy\" decoding=\"async\" width=\"600\" height=\"400\" data-attachment-id=\"15245\" data-permalink=\"https:\/\/www.cisa-arica.cl\/wp1\/2022\/04\/20\/liturgia-de-resureccion\/whatsapp-image-2022-04-19-at-7-31-54-am-2\/\" data-orig-file=\"https:\/\/www.cisa-arica.cl\/wp1\/wp-content\/uploads\/2022\/04\/WhatsApp-Image-2022-04-19-at-7.31.54-AM-2.jpeg\" data-orig-size=\"1280,853\" data-comments-opened=\"0\" data-image-meta=\"{&quot;aperture&quot;:&quot;0&quot;,&quot;credit&quot;:&quot;&quot;,&quot;camera&quot;:&quot;&quot;,&quot;caption&quot;:&quot;&quot;,&quot;created_timestamp&quot;:&quot;0&quot;,&quot;copyright&quot;:&quot;&quot;,&quot;focal_length&quot;:&quot;0&quot;,&quot;iso&quot;:&quot;0&quot;,&quot;shutter_speed&quot;:&quot;0&quot;,&quot;title&quot;:&quot;&quot;,&quot;orientation&quot;:&quot;0&quot;}\" data-image-title=\"WhatsApp Image 2022-04-19 at 7.31.54 AM (2)\" data-image-description=\"\" data-image-caption=\"\" data-large-file=\"https:\/\/www.cisa-arica.cl\/wp1\/wp-content\/uploads\/2022\/04\/WhatsApp-Image-2022-04-19-at-7.31.54-AM-2-600x400.jpeg\" src=\"http:\/\/www.cisa-arica.cl\/wp1\/wp-content\/uploads\/2022\/04\/WhatsApp-Image-2022-04-19-at-7.31.54-AM-2-600x400.jpeg\" alt=\"\" class=\"wp-image-15245\" srcset=\"https:\/\/www.cisa-arica.cl\/wp1\/wp-content\/uploads\/2022\/04\/WhatsApp-Image-2022-04-19-at-7.31.54-AM-2-600x400.jpeg 600w, https:\/\/www.cisa-arica.cl\/wp1\/wp-content\/uploads\/2022\/04\/WhatsApp-Image-2022-04-19-at-7.31.54-AM-2-300x200.jpeg 300w, https:\/\/www.cisa-arica.cl\/wp1\/wp-content\/uploads\/2022\/04\/WhatsApp-Image-2022-04-19-at-7.31.54-AM-2-768x512.jpeg 768w, https:\/\/www.cisa-arica.cl\/wp1\/wp-content\/uploads\/2022\/04\/WhatsApp-Image-2022-04-19-at-7.31.54-AM-2.jpeg 1280w\" sizes=\"auto, (max-width: 600px) 100vw, 600px\" \/><\/figure>\n\n\n\n<figure class=\"wp-block-image size-large\"><img loading=\"lazy\" decoding=\"async\" width=\"600\" height=\"400\" data-attachment-id=\"15246\" data-permalink=\"https:\/\/www.cisa-arica.cl\/wp1\/2022\/04\/20\/liturgia-de-resureccion\/whatsapp-image-2022-04-19-at-7-31-54-am-3\/\" data-orig-file=\"https:\/\/www.cisa-arica.cl\/wp1\/wp-content\/uploads\/2022\/04\/WhatsApp-Image-2022-04-19-at-7.31.54-AM-3.jpeg\" data-orig-size=\"1280,853\" data-comments-opened=\"0\" data-image-meta=\"{&quot;aperture&quot;:&quot;0&quot;,&quot;credit&quot;:&quot;&quot;,&quot;camera&quot;:&quot;&quot;,&quot;caption&quot;:&quot;&quot;,&quot;created_timestamp&quot;:&quot;0&quot;,&quot;copyright&quot;:&quot;&quot;,&quot;focal_length&quot;:&quot;0&quot;,&quot;iso&quot;:&quot;0&quot;,&quot;shutter_speed&quot;:&quot;0&quot;,&quot;title&quot;:&quot;&quot;,&quot;orientation&quot;:&quot;0&quot;}\" data-image-title=\"WhatsApp Image 2022-04-19 at 7.31.54 AM (3)\" data-image-description=\"\" data-image-caption=\"\" data-large-file=\"https:\/\/www.cisa-arica.cl\/wp1\/wp-content\/uploads\/2022\/04\/WhatsApp-Image-2022-04-19-at-7.31.54-AM-3-600x400.jpeg\" src=\"http:\/\/www.cisa-arica.cl\/wp1\/wp-content\/uploads\/2022\/04\/WhatsApp-Image-2022-04-19-at-7.31.54-AM-3-600x400.jpeg\" alt=\"\" class=\"wp-image-15246\" srcset=\"https:\/\/www.cisa-arica.cl\/wp1\/wp-content\/uploads\/2022\/04\/WhatsApp-Image-2022-04-19-at-7.31.54-AM-3-600x400.jpeg 600w, https:\/\/www.cisa-arica.cl\/wp1\/wp-content\/uploads\/2022\/04\/WhatsApp-Image-2022-04-19-at-7.31.54-AM-3-300x200.jpeg 300w, https:\/\/www.cisa-arica.cl\/wp1\/wp-content\/uploads\/2022\/04\/WhatsApp-Image-2022-04-19-at-7.31.54-AM-3-768x512.jpeg 768w, https:\/\/www.cisa-arica.cl\/wp1\/wp-content\/uploads\/2022\/04\/WhatsApp-Image-2022-04-19-at-7.31.54-AM-3.jpeg 1280w\" sizes=\"auto, (max-width: 600px) 100vw, 600px\" \/><\/figure>\n\n\n\n<figure class=\"wp-block-image size-large\"><img loading=\"lazy\" decoding=\"async\" width=\"600\" height=\"400\" data-attachment-id=\"15247\" data-permalink=\"https:\/\/www.cisa-arica.cl\/wp1\/2022\/04\/20\/liturgia-de-resureccion\/whatsapp-image-2022-04-19-at-7-31-54-am-4\/\" data-orig-file=\"https:\/\/www.cisa-arica.cl\/wp1\/wp-content\/uploads\/2022\/04\/WhatsApp-Image-2022-04-19-at-7.31.54-AM-4.jpeg\" data-orig-size=\"1280,853\" data-comments-opened=\"0\" data-image-meta=\"{&quot;aperture&quot;:&quot;0&quot;,&quot;credit&quot;:&quot;&quot;,&quot;camera&quot;:&quot;&quot;,&quot;caption&quot;:&quot;&quot;,&quot;created_timestamp&quot;:&quot;0&quot;,&quot;copyright&quot;:&quot;&quot;,&quot;focal_length&quot;:&quot;0&quot;,&quot;iso&quot;:&quot;0&quot;,&quot;shutter_speed&quot;:&quot;0&quot;,&quot;title&quot;:&quot;&quot;,&quot;orientation&quot;:&quot;0&quot;}\" data-image-title=\"WhatsApp Image 2022-04-19 at 7.31.54 AM (4)\" data-image-description=\"\" data-image-caption=\"\" data-large-file=\"https:\/\/www.cisa-arica.cl\/wp1\/wp-content\/uploads\/2022\/04\/WhatsApp-Image-2022-04-19-at-7.31.54-AM-4-600x400.jpeg\" src=\"http:\/\/www.cisa-arica.cl\/wp1\/wp-content\/uploads\/2022\/04\/WhatsApp-Image-2022-04-19-at-7.31.54-AM-4-600x400.jpeg\" alt=\"\" class=\"wp-image-15247\" srcset=\"https:\/\/www.cisa-arica.cl\/wp1\/wp-content\/uploads\/2022\/04\/WhatsApp-Image-2022-04-19-at-7.31.54-AM-4-600x400.jpeg 600w, https:\/\/www.cisa-arica.cl\/wp1\/wp-content\/uploads\/2022\/04\/WhatsApp-Image-2022-04-19-at-7.31.54-AM-4-300x200.jpeg 300w, https:\/\/www.cisa-arica.cl\/wp1\/wp-content\/uploads\/2022\/04\/WhatsApp-Image-2022-04-19-at-7.31.54-AM-4-768x512.jpeg 768w, https:\/\/www.cisa-arica.cl\/wp1\/wp-content\/uploads\/2022\/04\/WhatsApp-Image-2022-04-19-at-7.31.54-AM-4.jpeg 1280w\" sizes=\"auto, (max-width: 600px) 100vw, 600px\" \/><\/figure>\n\n\n\n<figure class=\"wp-block-image size-large\"><img loading=\"lazy\" decoding=\"async\" width=\"600\" height=\"400\" data-attachment-id=\"15248\" data-permalink=\"https:\/\/www.cisa-arica.cl\/wp1\/2022\/04\/20\/liturgia-de-resureccion\/whatsapp-image-2022-04-19-at-7-31-54-am-5\/\" data-orig-file=\"https:\/\/www.cisa-arica.cl\/wp1\/wp-content\/uploads\/2022\/04\/WhatsApp-Image-2022-04-19-at-7.31.54-AM-5.jpeg\" data-orig-size=\"1280,853\" data-comments-opened=\"0\" data-image-meta=\"{&quot;aperture&quot;:&quot;0&quot;,&quot;credit&quot;:&quot;&quot;,&quot;camera&quot;:&quot;&quot;,&quot;caption&quot;:&quot;&quot;,&quot;created_timestamp&quot;:&quot;0&quot;,&quot;copyright&quot;:&quot;&quot;,&quot;focal_length&quot;:&quot;0&quot;,&quot;iso&quot;:&quot;0&quot;,&quot;shutter_speed&quot;:&quot;0&quot;,&quot;title&quot;:&quot;&quot;,&quot;orientation&quot;:&quot;0&quot;}\" data-image-title=\"WhatsApp Image 2022-04-19 at 7.31.54 AM (5)\" data-image-description=\"\" data-image-caption=\"\" data-large-file=\"https:\/\/www.cisa-arica.cl\/wp1\/wp-content\/uploads\/2022\/04\/WhatsApp-Image-2022-04-19-at-7.31.54-AM-5-600x400.jpeg\" src=\"http:\/\/www.cisa-arica.cl\/wp1\/wp-content\/uploads\/2022\/04\/WhatsApp-Image-2022-04-19-at-7.31.54-AM-5-600x400.jpeg\" alt=\"\" class=\"wp-image-15248\" srcset=\"https:\/\/www.cisa-arica.cl\/wp1\/wp-content\/uploads\/2022\/04\/WhatsApp-Image-2022-04-19-at-7.31.54-AM-5-600x400.jpeg 600w, https:\/\/www.cisa-arica.cl\/wp1\/wp-content\/uploads\/2022\/04\/WhatsApp-Image-2022-04-19-at-7.31.54-AM-5-300x200.jpeg 300w, https:\/\/www.cisa-arica.cl\/wp1\/wp-content\/uploads\/2022\/04\/WhatsApp-Image-2022-04-19-at-7.31.54-AM-5-768x512.jpeg 768w, https:\/\/www.cisa-arica.cl\/wp1\/wp-content\/uploads\/2022\/04\/WhatsApp-Image-2022-04-19-at-7.31.54-AM-5.jpeg 1280w\" sizes=\"auto, (max-width: 600px) 100vw, 600px\" \/><\/figure>\n\n\n\n<figure class=\"wp-block-image size-large\"><img loading=\"lazy\" decoding=\"async\" width=\"600\" height=\"400\" data-attachment-id=\"15249\" data-permalink=\"https:\/\/www.cisa-arica.cl\/wp1\/2022\/04\/20\/liturgia-de-resureccion\/whatsapp-image-2022-04-19-at-7-31-54-am-6\/\" data-orig-file=\"https:\/\/www.cisa-arica.cl\/wp1\/wp-content\/uploads\/2022\/04\/WhatsApp-Image-2022-04-19-at-7.31.54-AM-6.jpeg\" data-orig-size=\"1280,853\" data-comments-opened=\"0\" data-image-meta=\"{&quot;aperture&quot;:&quot;0&quot;,&quot;credit&quot;:&quot;&quot;,&quot;camera&quot;:&quot;&quot;,&quot;caption&quot;:&quot;&quot;,&quot;created_timestamp&quot;:&quot;0&quot;,&quot;copyright&quot;:&quot;&quot;,&quot;focal_length&quot;:&quot;0&quot;,&quot;iso&quot;:&quot;0&quot;,&quot;shutter_speed&quot;:&quot;0&quot;,&quot;title&quot;:&quot;&quot;,&quot;orientation&quot;:&quot;0&quot;}\" data-image-title=\"WhatsApp Image 2022-04-19 at 7.31.54 AM (6)\" data-image-description=\"\" data-image-caption=\"\" data-large-file=\"https:\/\/www.cisa-arica.cl\/wp1\/wp-content\/uploads\/2022\/04\/WhatsApp-Image-2022-04-19-at-7.31.54-AM-6-600x400.jpeg\" src=\"http:\/\/www.cisa-arica.cl\/wp1\/wp-content\/uploads\/2022\/04\/WhatsApp-Image-2022-04-19-at-7.31.54-AM-6-600x400.jpeg\" alt=\"\" class=\"wp-image-15249\" srcset=\"https:\/\/www.cisa-arica.cl\/wp1\/wp-content\/uploads\/2022\/04\/WhatsApp-Image-2022-04-19-at-7.31.54-AM-6-600x400.jpeg 600w, https:\/\/www.cisa-arica.cl\/wp1\/wp-content\/uploads\/2022\/04\/WhatsApp-Image-2022-04-19-at-7.31.54-AM-6-300x200.jpeg 300w, https:\/\/www.cisa-arica.cl\/wp1\/wp-content\/uploads\/2022\/04\/WhatsApp-Image-2022-04-19-at-7.31.54-AM-6-768x512.jpeg 768w, https:\/\/www.cisa-arica.cl\/wp1\/wp-content\/uploads\/2022\/04\/WhatsApp-Image-2022-04-19-at-7.31.54-AM-6.jpeg 1280w\" sizes=\"auto, (max-width: 600px) 100vw, 600px\" \/><\/figure>\n\n\n\n<figure class=\"wp-block-image size-large\"><img loading=\"lazy\" decoding=\"async\" width=\"600\" height=\"400\" data-attachment-id=\"15250\" data-permalink=\"https:\/\/www.cisa-arica.cl\/wp1\/2022\/04\/20\/liturgia-de-resureccion\/whatsapp-image-2022-04-19-at-7-31-54-am-7\/\" data-orig-file=\"https:\/\/www.cisa-arica.cl\/wp1\/wp-content\/uploads\/2022\/04\/WhatsApp-Image-2022-04-19-at-7.31.54-AM-7.jpeg\" data-orig-size=\"1280,853\" data-comments-opened=\"0\" data-image-meta=\"{&quot;aperture&quot;:&quot;0&quot;,&quot;credit&quot;:&quot;&quot;,&quot;camera&quot;:&quot;&quot;,&quot;caption&quot;:&quot;&quot;,&quot;created_timestamp&quot;:&quot;0&quot;,&quot;copyright&quot;:&quot;&quot;,&quot;focal_length&quot;:&quot;0&quot;,&quot;iso&quot;:&quot;0&quot;,&quot;shutter_speed&quot;:&quot;0&quot;,&quot;title&quot;:&quot;&quot;,&quot;orientation&quot;:&quot;0&quot;}\" data-image-title=\"WhatsApp Image 2022-04-19 at 7.31.54 AM (7)\" data-image-description=\"\" data-image-caption=\"\" data-large-file=\"https:\/\/www.cisa-arica.cl\/wp1\/wp-content\/uploads\/2022\/04\/WhatsApp-Image-2022-04-19-at-7.31.54-AM-7-600x400.jpeg\" src=\"http:\/\/www.cisa-arica.cl\/wp1\/wp-content\/uploads\/2022\/04\/WhatsApp-Image-2022-04-19-at-7.31.54-AM-7-600x400.jpeg\" alt=\"\" class=\"wp-image-15250\" srcset=\"https:\/\/www.cisa-arica.cl\/wp1\/wp-content\/uploads\/2022\/04\/WhatsApp-Image-2022-04-19-at-7.31.54-AM-7-600x400.jpeg 600w, https:\/\/www.cisa-arica.cl\/wp1\/wp-content\/uploads\/2022\/04\/WhatsApp-Image-2022-04-19-at-7.31.54-AM-7-300x200.jpeg 300w, https:\/\/www.cisa-arica.cl\/wp1\/wp-content\/uploads\/2022\/04\/WhatsApp-Image-2022-04-19-at-7.31.54-AM-7-768x512.jpeg 768w, https:\/\/www.cisa-arica.cl\/wp1\/wp-content\/uploads\/2022\/04\/WhatsApp-Image-2022-04-19-at-7.31.54-AM-7.jpeg 1280w\" sizes=\"auto, (max-width: 600px) 100vw, 600px\" \/><\/figure>\n\n\n\n<figure class=\"wp-block-image size-large\"><img loading=\"lazy\" decoding=\"async\" width=\"600\" height=\"400\" data-attachment-id=\"15251\" data-permalink=\"https:\/\/www.cisa-arica.cl\/wp1\/2022\/04\/20\/liturgia-de-resureccion\/whatsapp-image-2022-04-19-at-7-31-54-am-8\/\" data-orig-file=\"https:\/\/www.cisa-arica.cl\/wp1\/wp-content\/uploads\/2022\/04\/WhatsApp-Image-2022-04-19-at-7.31.54-AM-8.jpeg\" data-orig-size=\"1280,853\" data-comments-opened=\"0\" data-image-meta=\"{&quot;aperture&quot;:&quot;0&quot;,&quot;credit&quot;:&quot;&quot;,&quot;camera&quot;:&quot;&quot;,&quot;caption&quot;:&quot;&quot;,&quot;created_timestamp&quot;:&quot;0&quot;,&quot;copyright&quot;:&quot;&quot;,&quot;focal_length&quot;:&quot;0&quot;,&quot;iso&quot;:&quot;0&quot;,&quot;shutter_speed&quot;:&quot;0&quot;,&quot;title&quot;:&quot;&quot;,&quot;orientation&quot;:&quot;0&quot;}\" data-image-title=\"WhatsApp Image 2022-04-19 at 7.31.54 AM (8)\" data-image-description=\"\" data-image-caption=\"\" data-large-file=\"https:\/\/www.cisa-arica.cl\/wp1\/wp-content\/uploads\/2022\/04\/WhatsApp-Image-2022-04-19-at-7.31.54-AM-8-600x400.jpeg\" src=\"http:\/\/www.cisa-arica.cl\/wp1\/wp-content\/uploads\/2022\/04\/WhatsApp-Image-2022-04-19-at-7.31.54-AM-8-600x400.jpeg\" alt=\"\" class=\"wp-image-15251\" srcset=\"https:\/\/www.cisa-arica.cl\/wp1\/wp-content\/uploads\/2022\/04\/WhatsApp-Image-2022-04-19-at-7.31.54-AM-8-600x400.jpeg 600w, https:\/\/www.cisa-arica.cl\/wp1\/wp-content\/uploads\/2022\/04\/WhatsApp-Image-2022-04-19-at-7.31.54-AM-8-300x200.jpeg 300w, https:\/\/www.cisa-arica.cl\/wp1\/wp-content\/uploads\/2022\/04\/WhatsApp-Image-2022-04-19-at-7.31.54-AM-8-768x512.jpeg 768w, https:\/\/www.cisa-arica.cl\/wp1\/wp-content\/uploads\/2022\/04\/WhatsApp-Image-2022-04-19-at-7.31.54-AM-8.jpeg 1280w\" sizes=\"auto, (max-width: 600px) 100vw, 600px\" \/><\/figure>\n\n\n\n<figure class=\"wp-block-image size-large\"><img loading=\"lazy\" decoding=\"async\" width=\"600\" height=\"400\" data-attachment-id=\"15252\" data-permalink=\"https:\/\/www.cisa-arica.cl\/wp1\/2022\/04\/20\/liturgia-de-resureccion\/whatsapp-image-2022-04-19-at-7-31-54-am-9\/\" data-orig-file=\"https:\/\/www.cisa-arica.cl\/wp1\/wp-content\/uploads\/2022\/04\/WhatsApp-Image-2022-04-19-at-7.31.54-AM-9.jpeg\" data-orig-size=\"1280,853\" data-comments-opened=\"0\" data-image-meta=\"{&quot;aperture&quot;:&quot;0&quot;,&quot;credit&quot;:&quot;&quot;,&quot;camera&quot;:&quot;&quot;,&quot;caption&quot;:&quot;&quot;,&quot;created_timestamp&quot;:&quot;0&quot;,&quot;copyright&quot;:&quot;&quot;,&quot;focal_length&quot;:&quot;0&quot;,&quot;iso&quot;:&quot;0&quot;,&quot;shutter_speed&quot;:&quot;0&quot;,&quot;title&quot;:&quot;&quot;,&quot;orientation&quot;:&quot;0&quot;}\" data-image-title=\"WhatsApp Image 2022-04-19 at 7.31.54 AM (9)\" data-image-description=\"\" data-image-caption=\"\" data-large-file=\"https:\/\/www.cisa-arica.cl\/wp1\/wp-content\/uploads\/2022\/04\/WhatsApp-Image-2022-04-19-at-7.31.54-AM-9-600x400.jpeg\" src=\"http:\/\/www.cisa-arica.cl\/wp1\/wp-content\/uploads\/2022\/04\/WhatsApp-Image-2022-04-19-at-7.31.54-AM-9-600x400.jpeg\" alt=\"\" class=\"wp-image-15252\" srcset=\"https:\/\/www.cisa-arica.cl\/wp1\/wp-content\/uploads\/2022\/04\/WhatsApp-Image-2022-04-19-at-7.31.54-AM-9-600x400.jpeg 600w, https:\/\/www.cisa-arica.cl\/wp1\/wp-content\/uploads\/2022\/04\/WhatsApp-Image-2022-04-19-at-7.31.54-AM-9-300x200.jpeg 300w, https:\/\/www.cisa-arica.cl\/wp1\/wp-content\/uploads\/2022\/04\/WhatsApp-Image-2022-04-19-at-7.31.54-AM-9-768x512.jpeg 768w, https:\/\/www.cisa-arica.cl\/wp1\/wp-content\/uploads\/2022\/04\/WhatsApp-Image-2022-04-19-at-7.31.54-AM-9.jpeg 1280w\" sizes=\"auto, (max-width: 600px) 100vw, 600px\" \/><\/figure>\n\n\n\n<figure class=\"wp-block-image size-large\"><img loading=\"lazy\" decoding=\"async\" width=\"600\" height=\"400\" data-attachment-id=\"15253\" data-permalink=\"https:\/\/www.cisa-arica.cl\/wp1\/2022\/04\/20\/liturgia-de-resureccion\/whatsapp-image-2022-04-19-at-7-31-54-am-10\/\" data-orig-file=\"https:\/\/www.cisa-arica.cl\/wp1\/wp-content\/uploads\/2022\/04\/WhatsApp-Image-2022-04-19-at-7.31.54-AM-10.jpeg\" data-orig-size=\"1280,853\" data-comments-opened=\"0\" data-image-meta=\"{&quot;aperture&quot;:&quot;0&quot;,&quot;credit&quot;:&quot;&quot;,&quot;camera&quot;:&quot;&quot;,&quot;caption&quot;:&quot;&quot;,&quot;created_timestamp&quot;:&quot;0&quot;,&quot;copyright&quot;:&quot;&quot;,&quot;focal_length&quot;:&quot;0&quot;,&quot;iso&quot;:&quot;0&quot;,&quot;shutter_speed&quot;:&quot;0&quot;,&quot;title&quot;:&quot;&quot;,&quot;orientation&quot;:&quot;0&quot;}\" data-image-title=\"WhatsApp Image 2022-04-19 at 7.31.54 AM (10)\" data-image-description=\"\" data-image-caption=\"\" data-large-file=\"https:\/\/www.cisa-arica.cl\/wp1\/wp-content\/uploads\/2022\/04\/WhatsApp-Image-2022-04-19-at-7.31.54-AM-10-600x400.jpeg\" src=\"http:\/\/www.cisa-arica.cl\/wp1\/wp-content\/uploads\/2022\/04\/WhatsApp-Image-2022-04-19-at-7.31.54-AM-10-600x400.jpeg\" alt=\"\" class=\"wp-image-15253\" srcset=\"https:\/\/www.cisa-arica.cl\/wp1\/wp-content\/uploads\/2022\/04\/WhatsApp-Image-2022-04-19-at-7.31.54-AM-10-600x400.jpeg 600w, https:\/\/www.cisa-arica.cl\/wp1\/wp-content\/uploads\/2022\/04\/WhatsApp-Image-2022-04-19-at-7.31.54-AM-10-300x200.jpeg 300w, https:\/\/www.cisa-arica.cl\/wp1\/wp-content\/uploads\/2022\/04\/WhatsApp-Image-2022-04-19-at-7.31.54-AM-10-768x512.jpeg 768w, https:\/\/www.cisa-arica.cl\/wp1\/wp-content\/uploads\/2022\/04\/WhatsApp-Image-2022-04-19-at-7.31.54-AM-10.jpeg 1280w\" sizes=\"auto, (max-width: 600px) 100vw, 600px\" \/><\/figure>\n\n\n\n<figure class=\"wp-block-image size-large\"><img loading=\"lazy\" decoding=\"async\" width=\"600\" height=\"400\" data-attachment-id=\"15254\" data-permalink=\"https:\/\/www.cisa-arica.cl\/wp1\/2022\/04\/20\/liturgia-de-resureccion\/whatsapp-image-2022-04-19-at-7-31-54-am-11\/\" data-orig-file=\"https:\/\/www.cisa-arica.cl\/wp1\/wp-content\/uploads\/2022\/04\/WhatsApp-Image-2022-04-19-at-7.31.54-AM-11.jpeg\" data-orig-size=\"1280,853\" data-comments-opened=\"0\" data-image-meta=\"{&quot;aperture&quot;:&quot;0&quot;,&quot;credit&quot;:&quot;&quot;,&quot;camera&quot;:&quot;&quot;,&quot;caption&quot;:&quot;&quot;,&quot;created_timestamp&quot;:&quot;0&quot;,&quot;copyright&quot;:&quot;&quot;,&quot;focal_length&quot;:&quot;0&quot;,&quot;iso&quot;:&quot;0&quot;,&quot;shutter_speed&quot;:&quot;0&quot;,&quot;title&quot;:&quot;&quot;,&quot;orientation&quot;:&quot;0&quot;}\" data-image-title=\"WhatsApp Image 2022-04-19 at 7.31.54 AM (11)\" data-image-description=\"\" data-image-caption=\"\" data-large-file=\"https:\/\/www.cisa-arica.cl\/wp1\/wp-content\/uploads\/2022\/04\/WhatsApp-Image-2022-04-19-at-7.31.54-AM-11-600x400.jpeg\" src=\"http:\/\/www.cisa-arica.cl\/wp1\/wp-content\/uploads\/2022\/04\/WhatsApp-Image-2022-04-19-at-7.31.54-AM-11-600x400.jpeg\" alt=\"\" class=\"wp-image-15254\" srcset=\"https:\/\/www.cisa-arica.cl\/wp1\/wp-content\/uploads\/2022\/04\/WhatsApp-Image-2022-04-19-at-7.31.54-AM-11-600x400.jpeg 600w, https:\/\/www.cisa-arica.cl\/wp1\/wp-content\/uploads\/2022\/04\/WhatsApp-Image-2022-04-19-at-7.31.54-AM-11-300x200.jpeg 300w, https:\/\/www.cisa-arica.cl\/wp1\/wp-content\/uploads\/2022\/04\/WhatsApp-Image-2022-04-19-at-7.31.54-AM-11-768x512.jpeg 768w, https:\/\/www.cisa-arica.cl\/wp1\/wp-content\/uploads\/2022\/04\/WhatsApp-Image-2022-04-19-at-7.31.54-AM-11.jpeg 1280w\" sizes=\"auto, (max-width: 600px) 100vw, 600px\" \/><\/figure>\n\n\n\n<figure class=\"wp-block-image size-large\"><img loading=\"lazy\" decoding=\"async\" width=\"600\" height=\"400\" data-attachment-id=\"15255\" data-permalink=\"https:\/\/www.cisa-arica.cl\/wp1\/2022\/04\/20\/liturgia-de-resureccion\/whatsapp-image-2022-04-19-at-7-31-54-am-12\/\" data-orig-file=\"https:\/\/www.cisa-arica.cl\/wp1\/wp-content\/uploads\/2022\/04\/WhatsApp-Image-2022-04-19-at-7.31.54-AM-12.jpeg\" data-orig-size=\"1280,853\" data-comments-opened=\"0\" data-image-meta=\"{&quot;aperture&quot;:&quot;0&quot;,&quot;credit&quot;:&quot;&quot;,&quot;camera&quot;:&quot;&quot;,&quot;caption&quot;:&quot;&quot;,&quot;created_timestamp&quot;:&quot;0&quot;,&quot;copyright&quot;:&quot;&quot;,&quot;focal_length&quot;:&quot;0&quot;,&quot;iso&quot;:&quot;0&quot;,&quot;shutter_speed&quot;:&quot;0&quot;,&quot;title&quot;:&quot;&quot;,&quot;orientation&quot;:&quot;0&quot;}\" data-image-title=\"WhatsApp Image 2022-04-19 at 7.31.54 AM (12)\" data-image-description=\"\" data-image-caption=\"\" data-large-file=\"https:\/\/www.cisa-arica.cl\/wp1\/wp-content\/uploads\/2022\/04\/WhatsApp-Image-2022-04-19-at-7.31.54-AM-12-600x400.jpeg\" src=\"http:\/\/www.cisa-arica.cl\/wp1\/wp-content\/uploads\/2022\/04\/WhatsApp-Image-2022-04-19-at-7.31.54-AM-12-600x400.jpeg\" alt=\"\" class=\"wp-image-15255\" srcset=\"https:\/\/www.cisa-arica.cl\/wp1\/wp-content\/uploads\/2022\/04\/WhatsApp-Image-2022-04-19-at-7.31.54-AM-12-600x400.jpeg 600w, https:\/\/www.cisa-arica.cl\/wp1\/wp-content\/uploads\/2022\/04\/WhatsApp-Image-2022-04-19-at-7.31.54-AM-12-300x200.jpeg 300w, https:\/\/www.cisa-arica.cl\/wp1\/wp-content\/uploads\/2022\/04\/WhatsApp-Image-2022-04-19-at-7.31.54-AM-12-768x512.jpeg 768w, https:\/\/www.cisa-arica.cl\/wp1\/wp-content\/uploads\/2022\/04\/WhatsApp-Image-2022-04-19-at-7.31.54-AM-12.jpeg 1280w\" sizes=\"auto, (max-width: 600px) 100vw, 600px\" \/><\/figure>\n\n\n\n<figure class=\"wp-block-image size-large\"><img loading=\"lazy\" decoding=\"async\" width=\"600\" height=\"400\" data-attachment-id=\"15256\" data-permalink=\"https:\/\/www.cisa-arica.cl\/wp1\/2022\/04\/20\/liturgia-de-resureccion\/whatsapp-image-2022-04-19-at-7-31-54-am-13\/\" data-orig-file=\"https:\/\/www.cisa-arica.cl\/wp1\/wp-content\/uploads\/2022\/04\/WhatsApp-Image-2022-04-19-at-7.31.54-AM-13.jpeg\" data-orig-size=\"1280,853\" data-comments-opened=\"0\" data-image-meta=\"{&quot;aperture&quot;:&quot;0&quot;,&quot;credit&quot;:&quot;&quot;,&quot;camera&quot;:&quot;&quot;,&quot;caption&quot;:&quot;&quot;,&quot;created_timestamp&quot;:&quot;0&quot;,&quot;copyright&quot;:&quot;&quot;,&quot;focal_length&quot;:&quot;0&quot;,&quot;iso&quot;:&quot;0&quot;,&quot;shutter_speed&quot;:&quot;0&quot;,&quot;title&quot;:&quot;&quot;,&quot;orientation&quot;:&quot;0&quot;}\" data-image-title=\"WhatsApp Image 2022-04-19 at 7.31.54 AM (13)\" data-image-description=\"\" data-image-caption=\"\" data-large-file=\"https:\/\/www.cisa-arica.cl\/wp1\/wp-content\/uploads\/2022\/04\/WhatsApp-Image-2022-04-19-at-7.31.54-AM-13-600x400.jpeg\" src=\"http:\/\/www.cisa-arica.cl\/wp1\/wp-content\/uploads\/2022\/04\/WhatsApp-Image-2022-04-19-at-7.31.54-AM-13-600x400.jpeg\" alt=\"\" class=\"wp-image-15256\" srcset=\"https:\/\/www.cisa-arica.cl\/wp1\/wp-content\/uploads\/2022\/04\/WhatsApp-Image-2022-04-19-at-7.31.54-AM-13-600x400.jpeg 600w, https:\/\/www.cisa-arica.cl\/wp1\/wp-content\/uploads\/2022\/04\/WhatsApp-Image-2022-04-19-at-7.31.54-AM-13-300x200.jpeg 300w, https:\/\/www.cisa-arica.cl\/wp1\/wp-content\/uploads\/2022\/04\/WhatsApp-Image-2022-04-19-at-7.31.54-AM-13-768x512.jpeg 768w, https:\/\/www.cisa-arica.cl\/wp1\/wp-content\/uploads\/2022\/04\/WhatsApp-Image-2022-04-19-at-7.31.54-AM-13.jpeg 1280w\" sizes=\"auto, (max-width: 600px) 100vw, 600px\" \/><\/figure>\n\n\n\n<figure class=\"wp-block-image size-large\"><img loading=\"lazy\" decoding=\"async\" width=\"600\" height=\"400\" data-attachment-id=\"15257\" data-permalink=\"https:\/\/www.cisa-arica.cl\/wp1\/2022\/04\/20\/liturgia-de-resureccion\/whatsapp-image-2022-04-19-at-7-31-54-am-14\/\" data-orig-file=\"https:\/\/www.cisa-arica.cl\/wp1\/wp-content\/uploads\/2022\/04\/WhatsApp-Image-2022-04-19-at-7.31.54-AM-14.jpeg\" data-orig-size=\"1280,853\" data-comments-opened=\"0\" data-image-meta=\"{&quot;aperture&quot;:&quot;0&quot;,&quot;credit&quot;:&quot;&quot;,&quot;camera&quot;:&quot;&quot;,&quot;caption&quot;:&quot;&quot;,&quot;created_timestamp&quot;:&quot;0&quot;,&quot;copyright&quot;:&quot;&quot;,&quot;focal_length&quot;:&quot;0&quot;,&quot;iso&quot;:&quot;0&quot;,&quot;shutter_speed&quot;:&quot;0&quot;,&quot;title&quot;:&quot;&quot;,&quot;orientation&quot;:&quot;0&quot;}\" data-image-title=\"WhatsApp Image 2022-04-19 at 7.31.54 AM (14)\" data-image-description=\"\" data-image-caption=\"\" data-large-file=\"https:\/\/www.cisa-arica.cl\/wp1\/wp-content\/uploads\/2022\/04\/WhatsApp-Image-2022-04-19-at-7.31.54-AM-14-600x400.jpeg\" src=\"http:\/\/www.cisa-arica.cl\/wp1\/wp-content\/uploads\/2022\/04\/WhatsApp-Image-2022-04-19-at-7.31.54-AM-14-600x400.jpeg\" alt=\"\" class=\"wp-image-15257\" srcset=\"https:\/\/www.cisa-arica.cl\/wp1\/wp-content\/uploads\/2022\/04\/WhatsApp-Image-2022-04-19-at-7.31.54-AM-14-600x400.jpeg 600w, https:\/\/www.cisa-arica.cl\/wp1\/wp-content\/uploads\/2022\/04\/WhatsApp-Image-2022-04-19-at-7.31.54-AM-14-300x200.jpeg 300w, https:\/\/www.cisa-arica.cl\/wp1\/wp-content\/uploads\/2022\/04\/WhatsApp-Image-2022-04-19-at-7.31.54-AM-14-768x512.jpeg 768w, https:\/\/www.cisa-arica.cl\/wp1\/wp-content\/uploads\/2022\/04\/WhatsApp-Image-2022-04-19-at-7.31.54-AM-14.jpeg 1280w\" sizes=\"auto, (max-width: 600px) 100vw, 600px\" \/><\/figure>\n\n\n\n<figure class=\"wp-block-image size-large\"><img loading=\"lazy\" decoding=\"async\" width=\"600\" height=\"400\" data-attachment-id=\"15258\" data-permalink=\"https:\/\/www.cisa-arica.cl\/wp1\/2022\/04\/20\/liturgia-de-resureccion\/whatsapp-image-2022-04-19-at-7-31-54-am-15\/\" data-orig-file=\"https:\/\/www.cisa-arica.cl\/wp1\/wp-content\/uploads\/2022\/04\/WhatsApp-Image-2022-04-19-at-7.31.54-AM-15.jpeg\" data-orig-size=\"1280,853\" data-comments-opened=\"0\" data-image-meta=\"{&quot;aperture&quot;:&quot;0&quot;,&quot;credit&quot;:&quot;&quot;,&quot;camera&quot;:&quot;&quot;,&quot;caption&quot;:&quot;&quot;,&quot;created_timestamp&quot;:&quot;0&quot;,&quot;copyright&quot;:&quot;&quot;,&quot;focal_length&quot;:&quot;0&quot;,&quot;iso&quot;:&quot;0&quot;,&quot;shutter_speed&quot;:&quot;0&quot;,&quot;title&quot;:&quot;&quot;,&quot;orientation&quot;:&quot;0&quot;}\" data-image-title=\"WhatsApp Image 2022-04-19 at 7.31.54 AM (15)\" data-image-description=\"\" data-image-caption=\"\" data-large-file=\"https:\/\/www.cisa-arica.cl\/wp1\/wp-content\/uploads\/2022\/04\/WhatsApp-Image-2022-04-19-at-7.31.54-AM-15-600x400.jpeg\" src=\"http:\/\/www.cisa-arica.cl\/wp1\/wp-content\/uploads\/2022\/04\/WhatsApp-Image-2022-04-19-at-7.31.54-AM-15-600x400.jpeg\" alt=\"\" class=\"wp-image-15258\" srcset=\"https:\/\/www.cisa-arica.cl\/wp1\/wp-content\/uploads\/2022\/04\/WhatsApp-Image-2022-04-19-at-7.31.54-AM-15-600x400.jpeg 600w, https:\/\/www.cisa-arica.cl\/wp1\/wp-content\/uploads\/2022\/04\/WhatsApp-Image-2022-04-19-at-7.31.54-AM-15-300x200.jpeg 300w, https:\/\/www.cisa-arica.cl\/wp1\/wp-content\/uploads\/2022\/04\/WhatsApp-Image-2022-04-19-at-7.31.54-AM-15-768x512.jpeg 768w, https:\/\/www.cisa-arica.cl\/wp1\/wp-content\/uploads\/2022\/04\/WhatsApp-Image-2022-04-19-at-7.31.54-AM-15.jpeg 1280w\" sizes=\"auto, (max-width: 600px) 100vw, 600px\" \/><\/figure>\n\n\n\n<figure class=\"wp-block-image size-large\"><img loading=\"lazy\" decoding=\"async\" width=\"600\" height=\"400\" data-attachment-id=\"15259\" data-permalink=\"https:\/\/www.cisa-arica.cl\/wp1\/2022\/04\/20\/liturgia-de-resureccion\/whatsapp-image-2022-04-19-at-7-31-54-am-16\/\" data-orig-file=\"https:\/\/www.cisa-arica.cl\/wp1\/wp-content\/uploads\/2022\/04\/WhatsApp-Image-2022-04-19-at-7.31.54-AM-16.jpeg\" data-orig-size=\"1280,853\" data-comments-opened=\"0\" data-image-meta=\"{&quot;aperture&quot;:&quot;0&quot;,&quot;credit&quot;:&quot;&quot;,&quot;camera&quot;:&quot;&quot;,&quot;caption&quot;:&quot;&quot;,&quot;created_timestamp&quot;:&quot;0&quot;,&quot;copyright&quot;:&quot;&quot;,&quot;focal_length&quot;:&quot;0&quot;,&quot;iso&quot;:&quot;0&quot;,&quot;shutter_speed&quot;:&quot;0&quot;,&quot;title&quot;:&quot;&quot;,&quot;orientation&quot;:&quot;0&quot;}\" data-image-title=\"WhatsApp Image 2022-04-19 at 7.31.54 AM (16)\" data-image-description=\"\" data-image-caption=\"\" data-large-file=\"https:\/\/www.cisa-arica.cl\/wp1\/wp-content\/uploads\/2022\/04\/WhatsApp-Image-2022-04-19-at-7.31.54-AM-16-600x400.jpeg\" src=\"http:\/\/www.cisa-arica.cl\/wp1\/wp-content\/uploads\/2022\/04\/WhatsApp-Image-2022-04-19-at-7.31.54-AM-16-600x400.jpeg\" alt=\"\" class=\"wp-image-15259\" srcset=\"https:\/\/www.cisa-arica.cl\/wp1\/wp-content\/uploads\/2022\/04\/WhatsApp-Image-2022-04-19-at-7.31.54-AM-16-600x400.jpeg 600w, https:\/\/www.cisa-arica.cl\/wp1\/wp-content\/uploads\/2022\/04\/WhatsApp-Image-2022-04-19-at-7.31.54-AM-16-300x200.jpeg 300w, https:\/\/www.cisa-arica.cl\/wp1\/wp-content\/uploads\/2022\/04\/WhatsApp-Image-2022-04-19-at-7.31.54-AM-16-768x512.jpeg 768w, https:\/\/www.cisa-arica.cl\/wp1\/wp-content\/uploads\/2022\/04\/WhatsApp-Image-2022-04-19-at-7.31.54-AM-16.jpeg 1280w\" sizes=\"auto, (max-width: 600px) 100vw, 600px\" \/><\/figure>\n\n\n\n<figure class=\"wp-block-image size-large\"><img loading=\"lazy\" decoding=\"async\" width=\"600\" height=\"400\" data-attachment-id=\"15260\" data-permalink=\"https:\/\/www.cisa-arica.cl\/wp1\/2022\/04\/20\/liturgia-de-resureccion\/whatsapp-image-2022-04-19-at-7-31-54-am-17\/\" data-orig-file=\"https:\/\/www.cisa-arica.cl\/wp1\/wp-content\/uploads\/2022\/04\/WhatsApp-Image-2022-04-19-at-7.31.54-AM-17.jpeg\" data-orig-size=\"1280,853\" data-comments-opened=\"0\" data-image-meta=\"{&quot;aperture&quot;:&quot;0&quot;,&quot;credit&quot;:&quot;&quot;,&quot;camera&quot;:&quot;&quot;,&quot;caption&quot;:&quot;&quot;,&quot;created_timestamp&quot;:&quot;0&quot;,&quot;copyright&quot;:&quot;&quot;,&quot;focal_length&quot;:&quot;0&quot;,&quot;iso&quot;:&quot;0&quot;,&quot;shutter_speed&quot;:&quot;0&quot;,&quot;title&quot;:&quot;&quot;,&quot;orientation&quot;:&quot;0&quot;}\" data-image-title=\"WhatsApp Image 2022-04-19 at 7.31.54 AM (17)\" data-image-description=\"\" data-image-caption=\"\" data-large-file=\"https:\/\/www.cisa-arica.cl\/wp1\/wp-content\/uploads\/2022\/04\/WhatsApp-Image-2022-04-19-at-7.31.54-AM-17-600x400.jpeg\" src=\"http:\/\/www.cisa-arica.cl\/wp1\/wp-content\/uploads\/2022\/04\/WhatsApp-Image-2022-04-19-at-7.31.54-AM-17-600x400.jpeg\" alt=\"\" class=\"wp-image-15260\" srcset=\"https:\/\/www.cisa-arica.cl\/wp1\/wp-content\/uploads\/2022\/04\/WhatsApp-Image-2022-04-19-at-7.31.54-AM-17-600x400.jpeg 600w, https:\/\/www.cisa-arica.cl\/wp1\/wp-content\/uploads\/2022\/04\/WhatsApp-Image-2022-04-19-at-7.31.54-AM-17-300x200.jpeg 300w, https:\/\/www.cisa-arica.cl\/wp1\/wp-content\/uploads\/2022\/04\/WhatsApp-Image-2022-04-19-at-7.31.54-AM-17-768x512.jpeg 768w, https:\/\/www.cisa-arica.cl\/wp1\/wp-content\/uploads\/2022\/04\/WhatsApp-Image-2022-04-19-at-7.31.54-AM-17.jpeg 1280w\" sizes=\"auto, (max-width: 600px) 100vw, 600px\" \/><\/figure>\n\n\n\n<figure class=\"wp-block-image size-large\"><img loading=\"lazy\" decoding=\"async\" width=\"600\" height=\"400\" data-attachment-id=\"15261\" data-permalink=\"https:\/\/www.cisa-arica.cl\/wp1\/2022\/04\/20\/liturgia-de-resureccion\/whatsapp-image-2022-04-19-at-7-31-54-am-18\/\" data-orig-file=\"https:\/\/www.cisa-arica.cl\/wp1\/wp-content\/uploads\/2022\/04\/WhatsApp-Image-2022-04-19-at-7.31.54-AM-18.jpeg\" data-orig-size=\"1280,853\" data-comments-opened=\"0\" data-image-meta=\"{&quot;aperture&quot;:&quot;0&quot;,&quot;credit&quot;:&quot;&quot;,&quot;camera&quot;:&quot;&quot;,&quot;caption&quot;:&quot;&quot;,&quot;created_timestamp&quot;:&quot;0&quot;,&quot;copyright&quot;:&quot;&quot;,&quot;focal_length&quot;:&quot;0&quot;,&quot;iso&quot;:&quot;0&quot;,&quot;shutter_speed&quot;:&quot;0&quot;,&quot;title&quot;:&quot;&quot;,&quot;orientation&quot;:&quot;0&quot;}\" data-image-title=\"WhatsApp Image 2022-04-19 at 7.31.54 AM (18)\" data-image-description=\"\" data-image-caption=\"\" data-large-file=\"https:\/\/www.cisa-arica.cl\/wp1\/wp-content\/uploads\/2022\/04\/WhatsApp-Image-2022-04-19-at-7.31.54-AM-18-600x400.jpeg\" src=\"http:\/\/www.cisa-arica.cl\/wp1\/wp-content\/uploads\/2022\/04\/WhatsApp-Image-2022-04-19-at-7.31.54-AM-18-600x400.jpeg\" alt=\"\" class=\"wp-image-15261\" srcset=\"https:\/\/www.cisa-arica.cl\/wp1\/wp-content\/uploads\/2022\/04\/WhatsApp-Image-2022-04-19-at-7.31.54-AM-18-600x400.jpeg 600w, https:\/\/www.cisa-arica.cl\/wp1\/wp-content\/uploads\/2022\/04\/WhatsApp-Image-2022-04-19-at-7.31.54-AM-18-300x200.jpeg 300w, https:\/\/www.cisa-arica.cl\/wp1\/wp-content\/uploads\/2022\/04\/WhatsApp-Image-2022-04-19-at-7.31.54-AM-18-768x512.jpeg 768w, https:\/\/www.cisa-arica.cl\/wp1\/wp-content\/uploads\/2022\/04\/WhatsApp-Image-2022-04-19-at-7.31.54-AM-18.jpeg 1280w\" sizes=\"auto, (max-width: 600px) 100vw, 600px\" \/><\/figure>\n\n\n\n<figure class=\"wp-block-image size-large\"><img loading=\"lazy\" decoding=\"async\" width=\"600\" height=\"400\" data-attachment-id=\"15262\" data-permalink=\"https:\/\/www.cisa-arica.cl\/wp1\/2022\/04\/20\/liturgia-de-resureccion\/whatsapp-image-2022-04-19-at-7-31-54-am-19\/\" data-orig-file=\"https:\/\/www.cisa-arica.cl\/wp1\/wp-content\/uploads\/2022\/04\/WhatsApp-Image-2022-04-19-at-7.31.54-AM-19.jpeg\" data-orig-size=\"1280,853\" data-comments-opened=\"0\" data-image-meta=\"{&quot;aperture&quot;:&quot;0&quot;,&quot;credit&quot;:&quot;&quot;,&quot;camera&quot;:&quot;&quot;,&quot;caption&quot;:&quot;&quot;,&quot;created_timestamp&quot;:&quot;0&quot;,&quot;copyright&quot;:&quot;&quot;,&quot;focal_length&quot;:&quot;0&quot;,&quot;iso&quot;:&quot;0&quot;,&quot;shutter_speed&quot;:&quot;0&quot;,&quot;title&quot;:&quot;&quot;,&quot;orientation&quot;:&quot;0&quot;}\" data-image-title=\"WhatsApp Image 2022-04-19 at 7.31.54 AM (19)\" data-image-description=\"\" data-image-caption=\"\" data-large-file=\"https:\/\/www.cisa-arica.cl\/wp1\/wp-content\/uploads\/2022\/04\/WhatsApp-Image-2022-04-19-at-7.31.54-AM-19-600x400.jpeg\" src=\"http:\/\/www.cisa-arica.cl\/wp1\/wp-content\/uploads\/2022\/04\/WhatsApp-Image-2022-04-19-at-7.31.54-AM-19-600x400.jpeg\" alt=\"\" class=\"wp-image-15262\" srcset=\"https:\/\/www.cisa-arica.cl\/wp1\/wp-content\/uploads\/2022\/04\/WhatsApp-Image-2022-04-19-at-7.31.54-AM-19-600x400.jpeg 600w, https:\/\/www.cisa-arica.cl\/wp1\/wp-content\/uploads\/2022\/04\/WhatsApp-Image-2022-04-19-at-7.31.54-AM-19-300x200.jpeg 300w, https:\/\/www.cisa-arica.cl\/wp1\/wp-content\/uploads\/2022\/04\/WhatsApp-Image-2022-04-19-at-7.31.54-AM-19-768x512.jpeg 768w, https:\/\/www.cisa-arica.cl\/wp1\/wp-content\/uploads\/2022\/04\/WhatsApp-Image-2022-04-19-at-7.31.54-AM-19.jpeg 1280w\" sizes=\"auto, (max-width: 600px) 100vw, 600px\" \/><\/figure>\n\n\n\n<figure class=\"wp-block-image size-large\"><img loading=\"lazy\" decoding=\"async\" width=\"600\" height=\"400\" data-attachment-id=\"15263\" data-permalink=\"https:\/\/www.cisa-arica.cl\/wp1\/2022\/04\/20\/liturgia-de-resureccion\/whatsapp-image-2022-04-19-at-7-31-54-am-20\/\" data-orig-file=\"https:\/\/www.cisa-arica.cl\/wp1\/wp-content\/uploads\/2022\/04\/WhatsApp-Image-2022-04-19-at-7.31.54-AM-20.jpeg\" data-orig-size=\"1280,853\" data-comments-opened=\"0\" data-image-meta=\"{&quot;aperture&quot;:&quot;0&quot;,&quot;credit&quot;:&quot;&quot;,&quot;camera&quot;:&quot;&quot;,&quot;caption&quot;:&quot;&quot;,&quot;created_timestamp&quot;:&quot;0&quot;,&quot;copyright&quot;:&quot;&quot;,&quot;focal_length&quot;:&quot;0&quot;,&quot;iso&quot;:&quot;0&quot;,&quot;shutter_speed&quot;:&quot;0&quot;,&quot;title&quot;:&quot;&quot;,&quot;orientation&quot;:&quot;0&quot;}\" data-image-title=\"WhatsApp Image 2022-04-19 at 7.31.54 AM (20)\" data-image-description=\"\" data-image-caption=\"\" data-large-file=\"https:\/\/www.cisa-arica.cl\/wp1\/wp-content\/uploads\/2022\/04\/WhatsApp-Image-2022-04-19-at-7.31.54-AM-20-600x400.jpeg\" src=\"http:\/\/www.cisa-arica.cl\/wp1\/wp-content\/uploads\/2022\/04\/WhatsApp-Image-2022-04-19-at-7.31.54-AM-20-600x400.jpeg\" alt=\"\" class=\"wp-image-15263\" srcset=\"https:\/\/www.cisa-arica.cl\/wp1\/wp-content\/uploads\/2022\/04\/WhatsApp-Image-2022-04-19-at-7.31.54-AM-20-600x400.jpeg 600w, https:\/\/www.cisa-arica.cl\/wp1\/wp-content\/uploads\/2022\/04\/WhatsApp-Image-2022-04-19-at-7.31.54-AM-20-300x200.jpeg 300w, https:\/\/www.cisa-arica.cl\/wp1\/wp-content\/uploads\/2022\/04\/WhatsApp-Image-2022-04-19-at-7.31.54-AM-20-768x512.jpeg 768w, https:\/\/www.cisa-arica.cl\/wp1\/wp-content\/uploads\/2022\/04\/WhatsApp-Image-2022-04-19-at-7.31.54-AM-20.jpeg 1280w\" sizes=\"auto, (max-width: 600px) 100vw, 600px\" \/><\/figure>\n\n\n\n<figure class=\"wp-block-image size-large\"><img loading=\"lazy\" decoding=\"async\" width=\"600\" height=\"400\" data-attachment-id=\"15264\" data-permalink=\"https:\/\/www.cisa-arica.cl\/wp1\/2022\/04\/20\/liturgia-de-resureccion\/whatsapp-image-2022-04-19-at-7-31-54-am-21\/\" data-orig-file=\"https:\/\/www.cisa-arica.cl\/wp1\/wp-content\/uploads\/2022\/04\/WhatsApp-Image-2022-04-19-at-7.31.54-AM-21.jpeg\" data-orig-size=\"1280,853\" data-comments-opened=\"0\" data-image-meta=\"{&quot;aperture&quot;:&quot;0&quot;,&quot;credit&quot;:&quot;&quot;,&quot;camera&quot;:&quot;&quot;,&quot;caption&quot;:&quot;&quot;,&quot;created_timestamp&quot;:&quot;0&quot;,&quot;copyright&quot;:&quot;&quot;,&quot;focal_length&quot;:&quot;0&quot;,&quot;iso&quot;:&quot;0&quot;,&quot;shutter_speed&quot;:&quot;0&quot;,&quot;title&quot;:&quot;&quot;,&quot;orientation&quot;:&quot;0&quot;}\" data-image-title=\"WhatsApp Image 2022-04-19 at 7.31.54 AM (21)\" data-image-description=\"\" data-image-caption=\"\" data-large-file=\"https:\/\/www.cisa-arica.cl\/wp1\/wp-content\/uploads\/2022\/04\/WhatsApp-Image-2022-04-19-at-7.31.54-AM-21-600x400.jpeg\" src=\"http:\/\/www.cisa-arica.cl\/wp1\/wp-content\/uploads\/2022\/04\/WhatsApp-Image-2022-04-19-at-7.31.54-AM-21-600x400.jpeg\" alt=\"\" class=\"wp-image-15264\" srcset=\"https:\/\/www.cisa-arica.cl\/wp1\/wp-content\/uploads\/2022\/04\/WhatsApp-Image-2022-04-19-at-7.31.54-AM-21-600x400.jpeg 600w, https:\/\/www.cisa-arica.cl\/wp1\/wp-content\/uploads\/2022\/04\/WhatsApp-Image-2022-04-19-at-7.31.54-AM-21-300x200.jpeg 300w, https:\/\/www.cisa-arica.cl\/wp1\/wp-content\/uploads\/2022\/04\/WhatsApp-Image-2022-04-19-at-7.31.54-AM-21-768x512.jpeg 768w, https:\/\/www.cisa-arica.cl\/wp1\/wp-content\/uploads\/2022\/04\/WhatsApp-Image-2022-04-19-at-7.31.54-AM-21.jpeg 1280w\" sizes=\"auto, (max-width: 600px) 100vw, 600px\" \/><\/figure>\n\n\n\n<figure class=\"wp-block-image size-large\"><img loading=\"lazy\" decoding=\"async\" width=\"600\" height=\"400\" data-attachment-id=\"15265\" data-permalink=\"https:\/\/www.cisa-arica.cl\/wp1\/2022\/04\/20\/liturgia-de-resureccion\/whatsapp-image-2022-04-19-at-7-31-54-am-22\/\" data-orig-file=\"https:\/\/www.cisa-arica.cl\/wp1\/wp-content\/uploads\/2022\/04\/WhatsApp-Image-2022-04-19-at-7.31.54-AM-22.jpeg\" data-orig-size=\"1280,853\" data-comments-opened=\"0\" data-image-meta=\"{&quot;aperture&quot;:&quot;0&quot;,&quot;credit&quot;:&quot;&quot;,&quot;camera&quot;:&quot;&quot;,&quot;caption&quot;:&quot;&quot;,&quot;created_timestamp&quot;:&quot;0&quot;,&quot;copyright&quot;:&quot;&quot;,&quot;focal_length&quot;:&quot;0&quot;,&quot;iso&quot;:&quot;0&quot;,&quot;shutter_speed&quot;:&quot;0&quot;,&quot;title&quot;:&quot;&quot;,&quot;orientation&quot;:&quot;0&quot;}\" data-image-title=\"WhatsApp Image 2022-04-19 at 7.31.54 AM (22)\" data-image-description=\"\" data-image-caption=\"\" data-large-file=\"https:\/\/www.cisa-arica.cl\/wp1\/wp-content\/uploads\/2022\/04\/WhatsApp-Image-2022-04-19-at-7.31.54-AM-22-600x400.jpeg\" src=\"http:\/\/www.cisa-arica.cl\/wp1\/wp-content\/uploads\/2022\/04\/WhatsApp-Image-2022-04-19-at-7.31.54-AM-22-600x400.jpeg\" alt=\"\" class=\"wp-image-15265\" srcset=\"https:\/\/www.cisa-arica.cl\/wp1\/wp-content\/uploads\/2022\/04\/WhatsApp-Image-2022-04-19-at-7.31.54-AM-22-600x400.jpeg 600w, https:\/\/www.cisa-arica.cl\/wp1\/wp-content\/uploads\/2022\/04\/WhatsApp-Image-2022-04-19-at-7.31.54-AM-22-300x200.jpeg 300w, https:\/\/www.cisa-arica.cl\/wp1\/wp-content\/uploads\/2022\/04\/WhatsApp-Image-2022-04-19-at-7.31.54-AM-22-768x512.jpeg 768w, https:\/\/www.cisa-arica.cl\/wp1\/wp-content\/uploads\/2022\/04\/WhatsApp-Image-2022-04-19-at-7.31.54-AM-22.jpeg 1280w\" sizes=\"auto, (max-width: 600px) 100vw, 600px\" \/><\/figure>\n\n\n\n<figure class=\"wp-block-image size-large\"><img loading=\"lazy\" decoding=\"async\" width=\"600\" height=\"400\" data-attachment-id=\"15266\" data-permalink=\"https:\/\/www.cisa-arica.cl\/wp1\/2022\/04\/20\/liturgia-de-resureccion\/whatsapp-image-2022-04-19-at-7-31-54-am-23\/\" data-orig-file=\"https:\/\/www.cisa-arica.cl\/wp1\/wp-content\/uploads\/2022\/04\/WhatsApp-Image-2022-04-19-at-7.31.54-AM-23.jpeg\" data-orig-size=\"1280,853\" data-comments-opened=\"0\" data-image-meta=\"{&quot;aperture&quot;:&quot;0&quot;,&quot;credit&quot;:&quot;&quot;,&quot;camera&quot;:&quot;&quot;,&quot;caption&quot;:&quot;&quot;,&quot;created_timestamp&quot;:&quot;0&quot;,&quot;copyright&quot;:&quot;&quot;,&quot;focal_length&quot;:&quot;0&quot;,&quot;iso&quot;:&quot;0&quot;,&quot;shutter_speed&quot;:&quot;0&quot;,&quot;title&quot;:&quot;&quot;,&quot;orientation&quot;:&quot;0&quot;}\" data-image-title=\"WhatsApp Image 2022-04-19 at 7.31.54 AM (23)\" data-image-description=\"\" data-image-caption=\"\" data-large-file=\"https:\/\/www.cisa-arica.cl\/wp1\/wp-content\/uploads\/2022\/04\/WhatsApp-Image-2022-04-19-at-7.31.54-AM-23-600x400.jpeg\" src=\"http:\/\/www.cisa-arica.cl\/wp1\/wp-content\/uploads\/2022\/04\/WhatsApp-Image-2022-04-19-at-7.31.54-AM-23-600x400.jpeg\" alt=\"\" class=\"wp-image-15266\" srcset=\"https:\/\/www.cisa-arica.cl\/wp1\/wp-content\/uploads\/2022\/04\/WhatsApp-Image-2022-04-19-at-7.31.54-AM-23-600x400.jpeg 600w, https:\/\/www.cisa-arica.cl\/wp1\/wp-content\/uploads\/2022\/04\/WhatsApp-Image-2022-04-19-at-7.31.54-AM-23-300x200.jpeg 300w, https:\/\/www.cisa-arica.cl\/wp1\/wp-content\/uploads\/2022\/04\/WhatsApp-Image-2022-04-19-at-7.31.54-AM-23-768x512.jpeg 768w, https:\/\/www.cisa-arica.cl\/wp1\/wp-content\/uploads\/2022\/04\/WhatsApp-Image-2022-04-19-at-7.31.54-AM-23.jpeg 1280w\" sizes=\"auto, (max-width: 600px) 100vw, 600px\" \/><\/figure>\n\n\n\n<figure class=\"wp-block-image size-large\"><img loading=\"lazy\" decoding=\"async\" width=\"600\" height=\"400\" data-attachment-id=\"15267\" data-permalink=\"https:\/\/www.cisa-arica.cl\/wp1\/2022\/04\/20\/liturgia-de-resureccion\/whatsapp-image-2022-04-19-at-7-31-54-am\/\" data-orig-file=\"https:\/\/www.cisa-arica.cl\/wp1\/wp-content\/uploads\/2022\/04\/WhatsApp-Image-2022-04-19-at-7.31.54-AM.jpeg\" data-orig-size=\"1280,853\" data-comments-opened=\"0\" data-image-meta=\"{&quot;aperture&quot;:&quot;0&quot;,&quot;credit&quot;:&quot;&quot;,&quot;camera&quot;:&quot;&quot;,&quot;caption&quot;:&quot;&quot;,&quot;created_timestamp&quot;:&quot;0&quot;,&quot;copyright&quot;:&quot;&quot;,&quot;focal_length&quot;:&quot;0&quot;,&quot;iso&quot;:&quot;0&quot;,&quot;shutter_speed&quot;:&quot;0&quot;,&quot;title&quot;:&quot;&quot;,&quot;orientation&quot;:&quot;0&quot;}\" data-image-title=\"WhatsApp Image 2022-04-19 at 7.31.54 AM\" data-image-description=\"\" data-image-caption=\"\" data-large-file=\"https:\/\/www.cisa-arica.cl\/wp1\/wp-content\/uploads\/2022\/04\/WhatsApp-Image-2022-04-19-at-7.31.54-AM-600x400.jpeg\" src=\"http:\/\/www.cisa-arica.cl\/wp1\/wp-content\/uploads\/2022\/04\/WhatsApp-Image-2022-04-19-at-7.31.54-AM-600x400.jpeg\" alt=\"\" class=\"wp-image-15267\" srcset=\"https:\/\/www.cisa-arica.cl\/wp1\/wp-content\/uploads\/2022\/04\/WhatsApp-Image-2022-04-19-at-7.31.54-AM-600x400.jpeg 600w, https:\/\/www.cisa-arica.cl\/wp1\/wp-content\/uploads\/2022\/04\/WhatsApp-Image-2022-04-19-at-7.31.54-AM-300x200.jpeg 300w, https:\/\/www.cisa-arica.cl\/wp1\/wp-content\/uploads\/2022\/04\/WhatsApp-Image-2022-04-19-at-7.31.54-AM-768x512.jpeg 768w, https:\/\/www.cisa-arica.cl\/wp1\/wp-content\/uploads\/2022\/04\/WhatsApp-Image-2022-04-19-at-7.31.54-AM.jpeg 1280w\" sizes=\"auto, (max-width: 600px) 100vw, 600px\" \/><\/figure>\n","protected":false},"excerpt":{"rendered":"<p>\u00a1Al\u00e9grate! Jes\u00fas ha resucitado. Esta es la victoria que el d\u00eda de ayer junto a la comunidad educativa proclamamos y celebramos en nuestra Liturgia de Resurrecci\u00f3n. Queremos abrazar a Dios resucitado para vivir con la esperanza de un mundo mejor, consientes de su amor infinito. Feliz Pascua de Resurrecci\u00f3n!!<\/p>\n","protected":false},"author":1,"featured_media":15254,"comment_status":"closed","ping_status":"open","sticky":false,"template":"template-gutenberg.php","format":"standard","meta":{"_jetpack_memberships_contains_paid_content":false,"footnotes":"","jetpack_publicize_message":"","jetpack_publicize_feature_enabled":true,"jetpack_social_post_already_shared":true,"jetpack_social_options":{"image_generator_settings":{"template":"highway","default_image_id":0,"font":"","enabled":false},"version":2}},"categories":[5],"tags":[],"class_list":["post-15243","post","type-post","status-publish","format-standard","has-post-thumbnail","hentry","category-uncategorized"],"jetpack_publicize_connections":[],"jetpack_featured_media_url":"https:\/\/www.cisa-arica.cl\/wp1\/wp-content\/uploads\/2022\/04\/WhatsApp-Image-2022-04-19-at-7.31.54-AM-11.jpeg","jetpack_sharing_enabled":true,"jetpack_shortlink":"https:\/\/wp.me\/p84wcz-3XR","jetpack-related-posts":[{"id":19941,"url":"https:\/\/www.cisa-arica.cl\/wp1\/2023\/04\/10\/jesus-ha-resucitado\/","url_meta":{"origin":15243,"position":0},"title":"Jes\u00fas ha Resucitado","author":"CISA","date":"10 de Abril de 2023","format":false,"excerpt":"Aleluya, Aleluya.. \u00a1Cristo ha resucitado! Esa es la victoria que nos reuni\u00f3 el d\u00eda Lunes en la Liturgia de Resurrecci\u00f3n. Proclamando la buena nueva, revestidos de una inmensa alegr\u00eda. Alegr\u00eda de Jes\u00fas resucitado. Feliz Pascua para toda la comunidad educativa.","rel":"","context":"Entrada similar ","block_context":{"text":"Entrada similar ","link":""},"img":{"alt_text":"","src":"https:\/\/i0.wp.com\/www.cisa-arica.cl\/wp1\/wp-content\/uploads\/2023\/04\/DSC_7635.jpg?resize=350%2C200&ssl=1","width":350,"height":200,"srcset":"https:\/\/i0.wp.com\/www.cisa-arica.cl\/wp1\/wp-content\/uploads\/2023\/04\/DSC_7635.jpg?resize=350%2C200&ssl=1 1x, https:\/\/i0.wp.com\/www.cisa-arica.cl\/wp1\/wp-content\/uploads\/2023\/04\/DSC_7635.jpg?resize=525%2C300&ssl=1 1.5x, https:\/\/i0.wp.com\/www.cisa-arica.cl\/wp1\/wp-content\/uploads\/2023\/04\/DSC_7635.jpg?resize=700%2C400&ssl=1 2x, https:\/\/i0.wp.com\/www.cisa-arica.cl\/wp1\/wp-content\/uploads\/2023\/04\/DSC_7635.jpg?resize=1050%2C600&ssl=1 3x"},"classes":[]},{"id":24874,"url":"https:\/\/www.cisa-arica.cl\/wp1\/2024\/03\/29\/pascua-de-resurreccion\/","url_meta":{"origin":15243,"position":1},"title":"Pascua de Resurrecci\u00f3n","author":"Jeannette Rivera","date":"29 de Marzo de 2024","format":false,"excerpt":"\u00a1Aleluya, aleluya!, Cristo a Resucitado entre nosotros. Durante esta celebraci\u00f3n, una estudiante de sexto b\u00e1sico hizo su Primera Comuni\u00f3n quien fue acompa\u00f1ada por su famiilia para recibir a Jes\u00fas en su coraz\u00f3n.","rel":"","context":"Entrada similar ","block_context":{"text":"Entrada similar ","link":""},"img":{"alt_text":"","src":"https:\/\/i0.wp.com\/www.cisa-arica.cl\/wp1\/wp-content\/uploads\/2024\/04\/IMG_9555-scaled.jpg?resize=350%2C200&ssl=1","width":350,"height":200,"srcset":"https:\/\/i0.wp.com\/www.cisa-arica.cl\/wp1\/wp-content\/uploads\/2024\/04\/IMG_9555-scaled.jpg?resize=350%2C200&ssl=1 1x, https:\/\/i0.wp.com\/www.cisa-arica.cl\/wp1\/wp-content\/uploads\/2024\/04\/IMG_9555-scaled.jpg?resize=525%2C300&ssl=1 1.5x, https:\/\/i0.wp.com\/www.cisa-arica.cl\/wp1\/wp-content\/uploads\/2024\/04\/IMG_9555-scaled.jpg?resize=700%2C400&ssl=1 2x, https:\/\/i0.wp.com\/www.cisa-arica.cl\/wp1\/wp-content\/uploads\/2024\/04\/IMG_9555-scaled.jpg?resize=1050%2C600&ssl=1 3x, https:\/\/i0.wp.com\/www.cisa-arica.cl\/wp1\/wp-content\/uploads\/2024\/04\/IMG_9555-scaled.jpg?resize=1400%2C800&ssl=1 4x"},"classes":[]},{"id":12144,"url":"https:\/\/www.cisa-arica.cl\/wp1\/2021\/03\/28\/semana-santa-domingo-de-ramos\/","url_meta":{"origin":15243,"position":2},"title":"Semana Santa &#8211; Domingo de Ramos","author":"Jeannette Rivera","date":"28 de Marzo de 2021","format":false,"excerpt":"Estimada familia Santa Ana: Nos unimos a la Iglesia para celebrar en esta Semana Santa los misterios de la pasi\u00f3n, muerte y resurrecci\u00f3n de Jesus. En este domingo de Ramos queremos recibir a Jes\u00fas como el Rey que triunfa en nuestras vidas. Compartimos con cari\u00f1o esta Liturgia de la Palabra.\u2026","rel":"","context":"En &quot;Pastoral&quot;","block_context":{"text":"Pastoral","link":"https:\/\/www.cisa-arica.cl\/wp1\/category\/pastoral\/"},"img":{"alt_text":"","src":"https:\/\/i0.wp.com\/www.cisa-arica.cl\/wp1\/wp-content\/uploads\/2021\/03\/Screenshot_10.png?resize=350%2C200&ssl=1","width":350,"height":200},"classes":[]},{"id":15132,"url":"https:\/\/www.cisa-arica.cl\/wp1\/2022\/04\/14\/semana-santa-liturgia-jueves-santo\/","url_meta":{"origin":15243,"position":3},"title":"Semana Santa &#8211; Liturgia Jueves Santo","author":"CISA","date":"14 de Abril de 2022","format":false,"excerpt":"","rel":"","context":"Entrada similar ","block_context":{"text":"Entrada similar ","link":""},"img":{"alt_text":"","src":"https:\/\/i0.wp.com\/www.cisa-arica.cl\/wp1\/wp-content\/uploads\/2022\/04\/DSC_5280.jpg?resize=350%2C200&ssl=1","width":350,"height":200,"srcset":"https:\/\/i0.wp.com\/www.cisa-arica.cl\/wp1\/wp-content\/uploads\/2022\/04\/DSC_5280.jpg?resize=350%2C200&ssl=1 1x, https:\/\/i0.wp.com\/www.cisa-arica.cl\/wp1\/wp-content\/uploads\/2022\/04\/DSC_5280.jpg?resize=525%2C300&ssl=1 1.5x, https:\/\/i0.wp.com\/www.cisa-arica.cl\/wp1\/wp-content\/uploads\/2022\/04\/DSC_5280.jpg?resize=700%2C400&ssl=1 2x, https:\/\/i0.wp.com\/www.cisa-arica.cl\/wp1\/wp-content\/uploads\/2022\/04\/DSC_5280.jpg?resize=1050%2C600&ssl=1 3x"},"classes":[]},{"id":9911,"url":"https:\/\/www.cisa-arica.cl\/wp1\/2019\/10\/07\/liturgia-de-la-palabra-educacion-parvularia\/","url_meta":{"origin":15243,"position":4},"title":"Liturgia de la Palabra Educaci\u00f3n Parvularia","author":"Jeannette Rivera","date":"7 de Octubre de 2019","format":false,"excerpt":"Los pasados d\u00edas mi\u00e9rcoles 25 de septiembre y 2 de octubre nuestras alumnas m\u00e1s peque\u00f1as de los cursos de pre kinder y kinder participaron en su primera Liturgia de la Palabra en la capilla del colegio, viviendo un momento de fe y compartir.","rel":"","context":"En &quot;Pastoral&quot;","block_context":{"text":"Pastoral","link":"https:\/\/www.cisa-arica.cl\/wp1\/category\/pastoral\/"},"img":{"alt_text":"","src":"https:\/\/i0.wp.com\/www.cisa-arica.cl\/wp1\/wp-content\/uploads\/2019\/10\/016-1.jpeg?resize=350%2C200&ssl=1","width":350,"height":200,"srcset":"https:\/\/i0.wp.com\/www.cisa-arica.cl\/wp1\/wp-content\/uploads\/2019\/10\/016-1.jpeg?resize=350%2C200&ssl=1 1x, https:\/\/i0.wp.com\/www.cisa-arica.cl\/wp1\/wp-content\/uploads\/2019\/10\/016-1.jpeg?resize=525%2C300&ssl=1 1.5x, https:\/\/i0.wp.com\/www.cisa-arica.cl\/wp1\/wp-content\/uploads\/2019\/10\/016-1.jpeg?resize=700%2C400&ssl=1 2x, https:\/\/i0.wp.com\/www.cisa-arica.cl\/wp1\/wp-content\/uploads\/2019\/10\/016-1.jpeg?resize=1050%2C600&ssl=1 3x"},"classes":[]},{"id":12193,"url":"https:\/\/www.cisa-arica.cl\/wp1\/2021\/04\/04\/semana-santa-2021-pascua-de-resurreccion\/","url_meta":{"origin":15243,"position":5},"title":"Semana Santa &#8211; Pascua de Resurrecci\u00f3n","author":"Jeannette Rivera","date":"4 de Abril de 2021","format":false,"excerpt":"","rel":"","context":"En &quot;Pastoral&quot;","block_context":{"text":"Pastoral","link":"https:\/\/www.cisa-arica.cl\/wp1\/category\/pastoral\/"},"img":{"alt_text":"","src":"https:\/\/i0.wp.com\/www.cisa-arica.cl\/wp1\/wp-content\/uploads\/2021\/04\/IMG-20210403-WA0000.jpg?resize=350%2C200&ssl=1","width":350,"height":200,"srcset":"https:\/\/i0.wp.com\/www.cisa-arica.cl\/wp1\/wp-content\/uploads\/2021\/04\/IMG-20210403-WA0000.jpg?resize=350%2C200&ssl=1 1x, https:\/\/i0.wp.com\/www.cisa-arica.cl\/wp1\/wp-content\/uploads\/2021\/04\/IMG-20210403-WA0000.jpg?resize=525%2C300&ssl=1 1.5x, https:\/\/i0.wp.com\/www.cisa-arica.cl\/wp1\/wp-content\/uploads\/2021\/04\/IMG-20210403-WA0000.jpg?resize=700%2C400&ssl=1 2x, https:\/\/i0.wp.com\/www.cisa-arica.cl\/wp1\/wp-content\/uploads\/2021\/04\/IMG-20210403-WA0000.jpg?resize=1050%2C600&ssl=1 3x"},"classes":[]}],"_links":{"self":[{"href":"https:\/\/www.cisa-arica.cl\/wp1\/wp-json\/wp\/v2\/posts\/15243","targetHints":{"allow":["GET"]}}],"collection":[{"href":"https:\/\/www.cisa-arica.cl\/wp1\/wp-json\/wp\/v2\/posts"}],"about":[{"href":"https:\/\/www.cisa-arica.cl\/wp1\/wp-json\/wp\/v2\/types\/post"}],"author":[{"embeddable":true,"href":"https:\/\/www.cisa-arica.cl\/wp1\/wp-json\/wp\/v2\/users\/1"}],"replies":[{"embeddable":true,"href":"https:\/\/www.cisa-arica.cl\/wp1\/wp-json\/wp\/v2\/comments?post=15243"}],"version-history":[{"count":4,"href":"https:\/\/www.cisa-arica.cl\/wp1\/wp-json\/wp\/v2\/posts\/15243\/revisions"}],"predecessor-version":[{"id":15327,"href":"https:\/\/www.cisa-arica.cl\/wp1\/wp-json\/wp\/v2\/posts\/15243\/revisions\/15327"}],"wp:featuredmedia":[{"embeddable":true,"href":"https:\/\/www.cisa-arica.cl\/wp1\/wp-json\/wp\/v2\/media\/15254"}],"wp:attachment":[{"href":"https:\/\/www.cisa-arica.cl\/wp1\/wp-json\/wp\/v2\/media?parent=15243"}],"wp:term":[{"taxonomy":"category","embeddable":true,"href":"https:\/\/www.cisa-arica.cl\/wp1\/wp-json\/wp\/v2\/categories?post=15243"},{"taxonomy":"post_tag","embeddable":true,"href":"https:\/\/www.cisa-arica.cl\/wp1\/wp-json\/wp\/v2\/tags?post=15243"}],"curies":[{"name":"wp","href":"https:\/\/api.w.org\/{rel}","templated":true}]}}