{"id":15082,"date":"2022-04-07T09:45:38","date_gmt":"2022-04-07T13:45:38","guid":{"rendered":"https:\/\/www.cisa-arica.cl\/wp1\/?p=15082"},"modified":"2022-04-07T10:39:31","modified_gmt":"2022-04-07T14:39:31","slug":"encuentro-equipos-directivos-arica-santiago-2022","status":"publish","type":"post","link":"https:\/\/www.cisa-arica.cl\/wp1\/2022\/04\/07\/encuentro-equipos-directivos-arica-santiago-2022\/","title":{"rendered":"Encuentro Equipos Directivos Arica &#8211; Santiago 2022"},"content":{"rendered":"\n<div class=\"wp-block-jetpack-tiled-gallery aligncenter is-style-rectangular\"><div class=\"tiled-gallery__gallery\"><div class=\"tiled-gallery__row\"><div class=\"tiled-gallery__col\" style=\"flex-basis:67.61814%\"><figure class=\"tiled-gallery__item\"><img decoding=\"async\" data-attachment-id=\"15083\" data-permalink=\"https:\/\/www.cisa-arica.cl\/wp1\/2022\/04\/07\/encuentro-equipos-directivos-arica-santiago-2022\/dsc_8509\/\" data-orig-file=\"https:\/\/www.cisa-arica.cl\/wp1\/wp-content\/uploads\/2022\/04\/DSC_8509-scaled.jpg\" data-orig-size=\"2560,1643\" data-comments-opened=\"0\" data-image-meta=\"{&quot;aperture&quot;:&quot;4.5&quot;,&quot;credit&quot;:&quot;&quot;,&quot;camera&quot;:&quot;NIKON D40&quot;,&quot;caption&quot;:&quot;&quot;,&quot;created_timestamp&quot;:&quot;1648752863&quot;,&quot;copyright&quot;:&quot;&quot;,&quot;focal_length&quot;:&quot;26&quot;,&quot;iso&quot;:&quot;400&quot;,&quot;shutter_speed&quot;:&quot;0.0125&quot;,&quot;title&quot;:&quot;&quot;,&quot;orientation&quot;:&quot;1&quot;}\" data-image-title=\"DSC_8509\" data-image-description=\"\" data-image-caption=\"\" data-large-file=\"https:\/\/www.cisa-arica.cl\/wp1\/wp-content\/uploads\/2022\/04\/DSC_8509-600x385.jpg\" data-attachment-id=\"15083\" data-permalink=\"https:\/\/www.cisa-arica.cl\/wp1\/2022\/04\/07\/encuentro-equipos-directivos-arica-santiago-2022\/dsc_8509\/\" data-orig-file=\"https:\/\/www.cisa-arica.cl\/wp1\/wp-content\/uploads\/2022\/04\/DSC_8509-scaled.jpg\" data-orig-size=\"2560,1643\" data-comments-opened=\"0\" data-image-meta=\"{&quot;aperture&quot;:&quot;4.5&quot;,&quot;credit&quot;:&quot;&quot;,&quot;camera&quot;:&quot;NIKON D40&quot;,&quot;caption&quot;:&quot;&quot;,&quot;created_timestamp&quot;:&quot;1648752863&quot;,&quot;copyright&quot;:&quot;&quot;,&quot;focal_length&quot;:&quot;26&quot;,&quot;iso&quot;:&quot;400&quot;,&quot;shutter_speed&quot;:&quot;0.0125&quot;,&quot;title&quot;:&quot;&quot;,&quot;orientation&quot;:&quot;1&quot;}\" data-image-title=\"DSC_8509\" data-image-description=\"\" data-image-caption=\"\" data-large-file=\"https:\/\/www.cisa-arica.cl\/wp1\/wp-content\/uploads\/2022\/04\/DSC_8509-600x385.jpg\" role=\"button\" tabindex=\"0\" aria-label=\"Abrir la imagen 1 de 15 en pantalla completa\"srcset=\"https:\/\/i1.wp.com\/www.cisa-arica.cl\/wp1\/wp-content\/uploads\/2022\/04\/DSC_8509-600x385.jpg?strip=info&#038;w=600 600w,https:\/\/i1.wp.com\/www.cisa-arica.cl\/wp1\/wp-content\/uploads\/2022\/04\/DSC_8509-600x385.jpg?strip=info&#038;w=900 900w,https:\/\/i1.wp.com\/www.cisa-arica.cl\/wp1\/wp-content\/uploads\/2022\/04\/DSC_8509-600x385.jpg?strip=info&#038;w=1200 1200w,https:\/\/i1.wp.com\/www.cisa-arica.cl\/wp1\/wp-content\/uploads\/2022\/04\/DSC_8509-600x385.jpg?strip=info&#038;w=1500 1500w,https:\/\/i1.wp.com\/www.cisa-arica.cl\/wp1\/wp-content\/uploads\/2022\/04\/DSC_8509-600x385.jpg?strip=info&#038;w=1800 1800w,https:\/\/i1.wp.com\/www.cisa-arica.cl\/wp1\/wp-content\/uploads\/2022\/04\/DSC_8509-600x385.jpg?strip=info&#038;w=2000 2000w\" alt=\"\" data-height=\"1643\" data-id=\"15083\" data-link=\"https:\/\/www.cisa-arica.cl\/wp1\/?attachment_id=15083\" data-url=\"http:\/\/www.cisa-arica.cl\/wp1\/wp-content\/uploads\/2022\/04\/DSC_8509-600x385.jpg\" data-width=\"2560\" src=\"https:\/\/i1.wp.com\/www.cisa-arica.cl\/wp1\/wp-content\/uploads\/2022\/04\/DSC_8509-600x385.jpg\" data-amp-layout=\"responsive\"\/><\/figure><\/div><div class=\"tiled-gallery__col\" style=\"flex-basis:32.38186%\"><figure class=\"tiled-gallery__item\"><img decoding=\"async\" data-attachment-id=\"15084\" data-permalink=\"https:\/\/www.cisa-arica.cl\/wp1\/2022\/04\/07\/encuentro-equipos-directivos-arica-santiago-2022\/dsc_8512\/\" data-orig-file=\"https:\/\/www.cisa-arica.cl\/wp1\/wp-content\/uploads\/2022\/04\/DSC_8512-scaled.jpg\" data-orig-size=\"2560,1706\" data-comments-opened=\"0\" data-image-meta=\"{&quot;aperture&quot;:&quot;4&quot;,&quot;credit&quot;:&quot;&quot;,&quot;camera&quot;:&quot;NIKON D40&quot;,&quot;caption&quot;:&quot;&quot;,&quot;created_timestamp&quot;:&quot;1648752893&quot;,&quot;copyright&quot;:&quot;&quot;,&quot;focal_length&quot;:&quot;20&quot;,&quot;iso&quot;:&quot;400&quot;,&quot;shutter_speed&quot;:&quot;0.016666666666667&quot;,&quot;title&quot;:&quot;&quot;,&quot;orientation&quot;:&quot;1&quot;}\" data-image-title=\"DSC_8512\" data-image-description=\"\" data-image-caption=\"\" data-large-file=\"https:\/\/www.cisa-arica.cl\/wp1\/wp-content\/uploads\/2022\/04\/DSC_8512-600x400.jpg\" data-attachment-id=\"15084\" data-permalink=\"https:\/\/www.cisa-arica.cl\/wp1\/2022\/04\/07\/encuentro-equipos-directivos-arica-santiago-2022\/dsc_8512\/\" data-orig-file=\"https:\/\/www.cisa-arica.cl\/wp1\/wp-content\/uploads\/2022\/04\/DSC_8512-scaled.jpg\" data-orig-size=\"2560,1706\" data-comments-opened=\"0\" data-image-meta=\"{&quot;aperture&quot;:&quot;4&quot;,&quot;credit&quot;:&quot;&quot;,&quot;camera&quot;:&quot;NIKON D40&quot;,&quot;caption&quot;:&quot;&quot;,&quot;created_timestamp&quot;:&quot;1648752893&quot;,&quot;copyright&quot;:&quot;&quot;,&quot;focal_length&quot;:&quot;20&quot;,&quot;iso&quot;:&quot;400&quot;,&quot;shutter_speed&quot;:&quot;0.016666666666667&quot;,&quot;title&quot;:&quot;&quot;,&quot;orientation&quot;:&quot;1&quot;}\" data-image-title=\"DSC_8512\" data-image-description=\"\" data-image-caption=\"\" data-large-file=\"https:\/\/www.cisa-arica.cl\/wp1\/wp-content\/uploads\/2022\/04\/DSC_8512-600x400.jpg\" role=\"button\" tabindex=\"0\" aria-label=\"Abrir la imagen 2 de 15 en pantalla completa\"srcset=\"https:\/\/i2.wp.com\/www.cisa-arica.cl\/wp1\/wp-content\/uploads\/2022\/04\/DSC_8512-600x400.jpg?strip=info&#038;w=600 600w,https:\/\/i2.wp.com\/www.cisa-arica.cl\/wp1\/wp-content\/uploads\/2022\/04\/DSC_8512-600x400.jpg?strip=info&#038;w=900 900w,https:\/\/i2.wp.com\/www.cisa-arica.cl\/wp1\/wp-content\/uploads\/2022\/04\/DSC_8512-600x400.jpg?strip=info&#038;w=1200 1200w,https:\/\/i2.wp.com\/www.cisa-arica.cl\/wp1\/wp-content\/uploads\/2022\/04\/DSC_8512-600x400.jpg?strip=info&#038;w=1500 1500w,https:\/\/i2.wp.com\/www.cisa-arica.cl\/wp1\/wp-content\/uploads\/2022\/04\/DSC_8512-600x400.jpg?strip=info&#038;w=1800 1800w,https:\/\/i2.wp.com\/www.cisa-arica.cl\/wp1\/wp-content\/uploads\/2022\/04\/DSC_8512-600x400.jpg?strip=info&#038;w=2000 2000w\" alt=\"\" data-height=\"1706\" data-id=\"15084\" data-link=\"https:\/\/www.cisa-arica.cl\/wp1\/?attachment_id=15084\" data-url=\"http:\/\/www.cisa-arica.cl\/wp1\/wp-content\/uploads\/2022\/04\/DSC_8512-600x400.jpg\" data-width=\"2560\" src=\"https:\/\/i2.wp.com\/www.cisa-arica.cl\/wp1\/wp-content\/uploads\/2022\/04\/DSC_8512-600x400.jpg\" data-amp-layout=\"responsive\"\/><\/figure><figure class=\"tiled-gallery__item\"><img decoding=\"async\" data-attachment-id=\"15085\" data-permalink=\"https:\/\/www.cisa-arica.cl\/wp1\/2022\/04\/07\/encuentro-equipos-directivos-arica-santiago-2022\/dsc_8513\/\" data-orig-file=\"https:\/\/www.cisa-arica.cl\/wp1\/wp-content\/uploads\/2022\/04\/DSC_8513.jpg\" data-orig-size=\"2474,1654\" data-comments-opened=\"0\" data-image-meta=\"{&quot;aperture&quot;:&quot;4.5&quot;,&quot;credit&quot;:&quot;&quot;,&quot;camera&quot;:&quot;NIKON D40&quot;,&quot;caption&quot;:&quot;&quot;,&quot;created_timestamp&quot;:&quot;1648752930&quot;,&quot;copyright&quot;:&quot;&quot;,&quot;focal_length&quot;:&quot;20&quot;,&quot;iso&quot;:&quot;400&quot;,&quot;shutter_speed&quot;:&quot;0.0125&quot;,&quot;title&quot;:&quot;&quot;,&quot;orientation&quot;:&quot;1&quot;}\" data-image-title=\"DSC_8513\" data-image-description=\"\" data-image-caption=\"\" data-large-file=\"https:\/\/www.cisa-arica.cl\/wp1\/wp-content\/uploads\/2022\/04\/DSC_8513-600x401.jpg\" data-attachment-id=\"15085\" data-permalink=\"https:\/\/www.cisa-arica.cl\/wp1\/2022\/04\/07\/encuentro-equipos-directivos-arica-santiago-2022\/dsc_8513\/\" data-orig-file=\"https:\/\/www.cisa-arica.cl\/wp1\/wp-content\/uploads\/2022\/04\/DSC_8513.jpg\" data-orig-size=\"2474,1654\" data-comments-opened=\"0\" data-image-meta=\"{&quot;aperture&quot;:&quot;4.5&quot;,&quot;credit&quot;:&quot;&quot;,&quot;camera&quot;:&quot;NIKON D40&quot;,&quot;caption&quot;:&quot;&quot;,&quot;created_timestamp&quot;:&quot;1648752930&quot;,&quot;copyright&quot;:&quot;&quot;,&quot;focal_length&quot;:&quot;20&quot;,&quot;iso&quot;:&quot;400&quot;,&quot;shutter_speed&quot;:&quot;0.0125&quot;,&quot;title&quot;:&quot;&quot;,&quot;orientation&quot;:&quot;1&quot;}\" data-image-title=\"DSC_8513\" data-image-description=\"\" data-image-caption=\"\" data-large-file=\"https:\/\/www.cisa-arica.cl\/wp1\/wp-content\/uploads\/2022\/04\/DSC_8513-600x401.jpg\" role=\"button\" tabindex=\"0\" aria-label=\"Abrir la imagen 3 de 15 en pantalla completa\"srcset=\"https:\/\/i0.wp.com\/www.cisa-arica.cl\/wp1\/wp-content\/uploads\/2022\/04\/DSC_8513-600x401.jpg?strip=info&#038;w=600 600w,https:\/\/i0.wp.com\/www.cisa-arica.cl\/wp1\/wp-content\/uploads\/2022\/04\/DSC_8513-600x401.jpg?strip=info&#038;w=900 900w,https:\/\/i0.wp.com\/www.cisa-arica.cl\/wp1\/wp-content\/uploads\/2022\/04\/DSC_8513-600x401.jpg?strip=info&#038;w=1200 1200w,https:\/\/i0.wp.com\/www.cisa-arica.cl\/wp1\/wp-content\/uploads\/2022\/04\/DSC_8513-600x401.jpg?strip=info&#038;w=1500 1500w,https:\/\/i0.wp.com\/www.cisa-arica.cl\/wp1\/wp-content\/uploads\/2022\/04\/DSC_8513-600x401.jpg?strip=info&#038;w=1800 1800w,https:\/\/i0.wp.com\/www.cisa-arica.cl\/wp1\/wp-content\/uploads\/2022\/04\/DSC_8513-600x401.jpg?strip=info&#038;w=2000 2000w\" alt=\"\" data-height=\"1654\" data-id=\"15085\" data-link=\"https:\/\/www.cisa-arica.cl\/wp1\/?attachment_id=15085\" data-url=\"http:\/\/www.cisa-arica.cl\/wp1\/wp-content\/uploads\/2022\/04\/DSC_8513-600x401.jpg\" data-width=\"2474\" src=\"https:\/\/i0.wp.com\/www.cisa-arica.cl\/wp1\/wp-content\/uploads\/2022\/04\/DSC_8513-600x401.jpg\" data-amp-layout=\"responsive\"\/><\/figure><\/div><\/div><div class=\"tiled-gallery__row\"><div class=\"tiled-gallery__col\" style=\"flex-basis:32.52854%\"><figure class=\"tiled-gallery__item\"><img decoding=\"async\" data-attachment-id=\"15086\" data-permalink=\"https:\/\/www.cisa-arica.cl\/wp1\/2022\/04\/07\/encuentro-equipos-directivos-arica-santiago-2022\/dsc_8515\/\" data-orig-file=\"https:\/\/www.cisa-arica.cl\/wp1\/wp-content\/uploads\/2022\/04\/DSC_8515.jpg\" data-orig-size=\"2398,1747\" data-comments-opened=\"0\" data-image-meta=\"{&quot;aperture&quot;:&quot;4.5&quot;,&quot;credit&quot;:&quot;&quot;,&quot;camera&quot;:&quot;NIKON D40&quot;,&quot;caption&quot;:&quot;&quot;,&quot;created_timestamp&quot;:&quot;1648753145&quot;,&quot;copyright&quot;:&quot;&quot;,&quot;focal_length&quot;:&quot;26&quot;,&quot;iso&quot;:&quot;400&quot;,&quot;shutter_speed&quot;:&quot;0.0125&quot;,&quot;title&quot;:&quot;&quot;,&quot;orientation&quot;:&quot;1&quot;}\" data-image-title=\"DSC_8515\" data-image-description=\"\" data-image-caption=\"\" data-large-file=\"https:\/\/www.cisa-arica.cl\/wp1\/wp-content\/uploads\/2022\/04\/DSC_8515-600x437.jpg\" data-attachment-id=\"15086\" data-permalink=\"https:\/\/www.cisa-arica.cl\/wp1\/2022\/04\/07\/encuentro-equipos-directivos-arica-santiago-2022\/dsc_8515\/\" data-orig-file=\"https:\/\/www.cisa-arica.cl\/wp1\/wp-content\/uploads\/2022\/04\/DSC_8515.jpg\" data-orig-size=\"2398,1747\" data-comments-opened=\"0\" data-image-meta=\"{&quot;aperture&quot;:&quot;4.5&quot;,&quot;credit&quot;:&quot;&quot;,&quot;camera&quot;:&quot;NIKON D40&quot;,&quot;caption&quot;:&quot;&quot;,&quot;created_timestamp&quot;:&quot;1648753145&quot;,&quot;copyright&quot;:&quot;&quot;,&quot;focal_length&quot;:&quot;26&quot;,&quot;iso&quot;:&quot;400&quot;,&quot;shutter_speed&quot;:&quot;0.0125&quot;,&quot;title&quot;:&quot;&quot;,&quot;orientation&quot;:&quot;1&quot;}\" data-image-title=\"DSC_8515\" data-image-description=\"\" data-image-caption=\"\" data-large-file=\"https:\/\/www.cisa-arica.cl\/wp1\/wp-content\/uploads\/2022\/04\/DSC_8515-600x437.jpg\" role=\"button\" tabindex=\"0\" aria-label=\"Abrir la imagen 4 de 15 en pantalla completa\"srcset=\"https:\/\/i0.wp.com\/www.cisa-arica.cl\/wp1\/wp-content\/uploads\/2022\/04\/DSC_8515-600x437.jpg?strip=info&#038;w=600 600w,https:\/\/i0.wp.com\/www.cisa-arica.cl\/wp1\/wp-content\/uploads\/2022\/04\/DSC_8515-600x437.jpg?strip=info&#038;w=900 900w,https:\/\/i0.wp.com\/www.cisa-arica.cl\/wp1\/wp-content\/uploads\/2022\/04\/DSC_8515-600x437.jpg?strip=info&#038;w=1200 1200w,https:\/\/i0.wp.com\/www.cisa-arica.cl\/wp1\/wp-content\/uploads\/2022\/04\/DSC_8515-600x437.jpg?strip=info&#038;w=1500 1500w,https:\/\/i0.wp.com\/www.cisa-arica.cl\/wp1\/wp-content\/uploads\/2022\/04\/DSC_8515-600x437.jpg?strip=info&#038;w=1800 1800w,https:\/\/i0.wp.com\/www.cisa-arica.cl\/wp1\/wp-content\/uploads\/2022\/04\/DSC_8515-600x437.jpg?strip=info&#038;w=2000 2000w\" alt=\"\" data-height=\"1747\" data-id=\"15086\" data-link=\"https:\/\/www.cisa-arica.cl\/wp1\/?attachment_id=15086\" data-url=\"http:\/\/www.cisa-arica.cl\/wp1\/wp-content\/uploads\/2022\/04\/DSC_8515-600x437.jpg\" data-width=\"2398\" src=\"https:\/\/i0.wp.com\/www.cisa-arica.cl\/wp1\/wp-content\/uploads\/2022\/04\/DSC_8515-600x437.jpg\" data-amp-layout=\"responsive\"\/><\/figure><figure class=\"tiled-gallery__item\"><img decoding=\"async\" data-attachment-id=\"15087\" data-permalink=\"https:\/\/www.cisa-arica.cl\/wp1\/2022\/04\/07\/encuentro-equipos-directivos-arica-santiago-2022\/dsc_8522\/\" data-orig-file=\"https:\/\/www.cisa-arica.cl\/wp1\/wp-content\/uploads\/2022\/04\/DSC_8522-scaled.jpg\" data-orig-size=\"2560,1710\" data-comments-opened=\"0\" data-image-meta=\"{&quot;aperture&quot;:&quot;4.5&quot;,&quot;credit&quot;:&quot;&quot;,&quot;camera&quot;:&quot;NIKON D40&quot;,&quot;caption&quot;:&quot;&quot;,&quot;created_timestamp&quot;:&quot;1648753356&quot;,&quot;copyright&quot;:&quot;&quot;,&quot;focal_length&quot;:&quot;34&quot;,&quot;iso&quot;:&quot;400&quot;,&quot;shutter_speed&quot;:&quot;0.016666666666667&quot;,&quot;title&quot;:&quot;&quot;,&quot;orientation&quot;:&quot;1&quot;}\" data-image-title=\"DSC_8522\" data-image-description=\"\" data-image-caption=\"\" data-large-file=\"https:\/\/www.cisa-arica.cl\/wp1\/wp-content\/uploads\/2022\/04\/DSC_8522-600x401.jpg\" data-attachment-id=\"15087\" data-permalink=\"https:\/\/www.cisa-arica.cl\/wp1\/2022\/04\/07\/encuentro-equipos-directivos-arica-santiago-2022\/dsc_8522\/\" data-orig-file=\"https:\/\/www.cisa-arica.cl\/wp1\/wp-content\/uploads\/2022\/04\/DSC_8522-scaled.jpg\" data-orig-size=\"2560,1710\" data-comments-opened=\"0\" data-image-meta=\"{&quot;aperture&quot;:&quot;4.5&quot;,&quot;credit&quot;:&quot;&quot;,&quot;camera&quot;:&quot;NIKON D40&quot;,&quot;caption&quot;:&quot;&quot;,&quot;created_timestamp&quot;:&quot;1648753356&quot;,&quot;copyright&quot;:&quot;&quot;,&quot;focal_length&quot;:&quot;34&quot;,&quot;iso&quot;:&quot;400&quot;,&quot;shutter_speed&quot;:&quot;0.016666666666667&quot;,&quot;title&quot;:&quot;&quot;,&quot;orientation&quot;:&quot;1&quot;}\" data-image-title=\"DSC_8522\" data-image-description=\"\" data-image-caption=\"\" data-large-file=\"https:\/\/www.cisa-arica.cl\/wp1\/wp-content\/uploads\/2022\/04\/DSC_8522-600x401.jpg\" role=\"button\" tabindex=\"0\" aria-label=\"Abrir la imagen 5 de 15 en pantalla completa\"srcset=\"https:\/\/i2.wp.com\/www.cisa-arica.cl\/wp1\/wp-content\/uploads\/2022\/04\/DSC_8522-600x401.jpg?strip=info&#038;w=600 600w,https:\/\/i2.wp.com\/www.cisa-arica.cl\/wp1\/wp-content\/uploads\/2022\/04\/DSC_8522-600x401.jpg?strip=info&#038;w=900 900w,https:\/\/i2.wp.com\/www.cisa-arica.cl\/wp1\/wp-content\/uploads\/2022\/04\/DSC_8522-600x401.jpg?strip=info&#038;w=1200 1200w,https:\/\/i2.wp.com\/www.cisa-arica.cl\/wp1\/wp-content\/uploads\/2022\/04\/DSC_8522-600x401.jpg?strip=info&#038;w=1500 1500w,https:\/\/i2.wp.com\/www.cisa-arica.cl\/wp1\/wp-content\/uploads\/2022\/04\/DSC_8522-600x401.jpg?strip=info&#038;w=1800 1800w,https:\/\/i2.wp.com\/www.cisa-arica.cl\/wp1\/wp-content\/uploads\/2022\/04\/DSC_8522-600x401.jpg?strip=info&#038;w=2000 2000w\" alt=\"\" data-height=\"1710\" data-id=\"15087\" data-link=\"https:\/\/www.cisa-arica.cl\/wp1\/?attachment_id=15087\" data-url=\"http:\/\/www.cisa-arica.cl\/wp1\/wp-content\/uploads\/2022\/04\/DSC_8522-600x401.jpg\" data-width=\"2560\" src=\"https:\/\/i2.wp.com\/www.cisa-arica.cl\/wp1\/wp-content\/uploads\/2022\/04\/DSC_8522-600x401.jpg\" data-amp-layout=\"responsive\"\/><\/figure><\/div><div class=\"tiled-gallery__col\" style=\"flex-basis:67.47146%\"><figure class=\"tiled-gallery__item\"><img decoding=\"async\" data-attachment-id=\"15088\" data-permalink=\"https:\/\/www.cisa-arica.cl\/wp1\/2022\/04\/07\/encuentro-equipos-directivos-arica-santiago-2022\/dsc_8531\/\" data-orig-file=\"https:\/\/www.cisa-arica.cl\/wp1\/wp-content\/uploads\/2022\/04\/DSC_8531-scaled.jpg\" data-orig-size=\"2560,1730\" data-comments-opened=\"0\" data-image-meta=\"{&quot;aperture&quot;:&quot;5&quot;,&quot;credit&quot;:&quot;&quot;,&quot;camera&quot;:&quot;NIKON D40&quot;,&quot;caption&quot;:&quot;&quot;,&quot;created_timestamp&quot;:&quot;1648753551&quot;,&quot;copyright&quot;:&quot;&quot;,&quot;focal_length&quot;:&quot;18&quot;,&quot;iso&quot;:&quot;400&quot;,&quot;shutter_speed&quot;:&quot;0.01&quot;,&quot;title&quot;:&quot;&quot;,&quot;orientation&quot;:&quot;1&quot;}\" data-image-title=\"DSC_8531\" data-image-description=\"\" data-image-caption=\"\" data-large-file=\"https:\/\/www.cisa-arica.cl\/wp1\/wp-content\/uploads\/2022\/04\/DSC_8531-600x405.jpg\" data-attachment-id=\"15088\" data-permalink=\"https:\/\/www.cisa-arica.cl\/wp1\/2022\/04\/07\/encuentro-equipos-directivos-arica-santiago-2022\/dsc_8531\/\" data-orig-file=\"https:\/\/www.cisa-arica.cl\/wp1\/wp-content\/uploads\/2022\/04\/DSC_8531-scaled.jpg\" data-orig-size=\"2560,1730\" data-comments-opened=\"0\" data-image-meta=\"{&quot;aperture&quot;:&quot;5&quot;,&quot;credit&quot;:&quot;&quot;,&quot;camera&quot;:&quot;NIKON D40&quot;,&quot;caption&quot;:&quot;&quot;,&quot;created_timestamp&quot;:&quot;1648753551&quot;,&quot;copyright&quot;:&quot;&quot;,&quot;focal_length&quot;:&quot;18&quot;,&quot;iso&quot;:&quot;400&quot;,&quot;shutter_speed&quot;:&quot;0.01&quot;,&quot;title&quot;:&quot;&quot;,&quot;orientation&quot;:&quot;1&quot;}\" data-image-title=\"DSC_8531\" data-image-description=\"\" data-image-caption=\"\" data-large-file=\"https:\/\/www.cisa-arica.cl\/wp1\/wp-content\/uploads\/2022\/04\/DSC_8531-600x405.jpg\" role=\"button\" tabindex=\"0\" aria-label=\"Abrir la imagen 6 de 15 en pantalla completa\"srcset=\"https:\/\/i2.wp.com\/www.cisa-arica.cl\/wp1\/wp-content\/uploads\/2022\/04\/DSC_8531-600x405.jpg?strip=info&#038;w=600 600w,https:\/\/i2.wp.com\/www.cisa-arica.cl\/wp1\/wp-content\/uploads\/2022\/04\/DSC_8531-600x405.jpg?strip=info&#038;w=900 900w,https:\/\/i2.wp.com\/www.cisa-arica.cl\/wp1\/wp-content\/uploads\/2022\/04\/DSC_8531-600x405.jpg?strip=info&#038;w=1200 1200w,https:\/\/i2.wp.com\/www.cisa-arica.cl\/wp1\/wp-content\/uploads\/2022\/04\/DSC_8531-600x405.jpg?strip=info&#038;w=1500 1500w,https:\/\/i2.wp.com\/www.cisa-arica.cl\/wp1\/wp-content\/uploads\/2022\/04\/DSC_8531-600x405.jpg?strip=info&#038;w=1800 1800w,https:\/\/i2.wp.com\/www.cisa-arica.cl\/wp1\/wp-content\/uploads\/2022\/04\/DSC_8531-600x405.jpg?strip=info&#038;w=2000 2000w\" alt=\"\" data-height=\"1730\" data-id=\"15088\" data-link=\"https:\/\/www.cisa-arica.cl\/wp1\/?attachment_id=15088\" data-url=\"http:\/\/www.cisa-arica.cl\/wp1\/wp-content\/uploads\/2022\/04\/DSC_8531-600x405.jpg\" data-width=\"2560\" src=\"https:\/\/i2.wp.com\/www.cisa-arica.cl\/wp1\/wp-content\/uploads\/2022\/04\/DSC_8531-600x405.jpg\" data-amp-layout=\"responsive\"\/><\/figure><\/div><\/div><div class=\"tiled-gallery__row\"><div class=\"tiled-gallery__col\" style=\"flex-basis:53.63426%\"><figure class=\"tiled-gallery__item\"><img decoding=\"async\" data-attachment-id=\"15089\" data-permalink=\"https:\/\/www.cisa-arica.cl\/wp1\/2022\/04\/07\/encuentro-equipos-directivos-arica-santiago-2022\/dsc_8565\/\" data-orig-file=\"https:\/\/www.cisa-arica.cl\/wp1\/wp-content\/uploads\/2022\/04\/DSC_8565-scaled.jpg\" data-orig-size=\"2560,1520\" data-comments-opened=\"0\" data-image-meta=\"{&quot;aperture&quot;:&quot;4&quot;,&quot;credit&quot;:&quot;&quot;,&quot;camera&quot;:&quot;NIKON D40&quot;,&quot;caption&quot;:&quot;&quot;,&quot;created_timestamp&quot;:&quot;1648815844&quot;,&quot;copyright&quot;:&quot;&quot;,&quot;focal_length&quot;:&quot;18&quot;,&quot;iso&quot;:&quot;400&quot;,&quot;shutter_speed&quot;:&quot;0.016666666666667&quot;,&quot;title&quot;:&quot;&quot;,&quot;orientation&quot;:&quot;1&quot;}\" data-image-title=\"DSC_8565\" data-image-description=\"\" data-image-caption=\"\" data-large-file=\"https:\/\/www.cisa-arica.cl\/wp1\/wp-content\/uploads\/2022\/04\/DSC_8565-600x356.jpg\" data-attachment-id=\"15089\" data-permalink=\"https:\/\/www.cisa-arica.cl\/wp1\/2022\/04\/07\/encuentro-equipos-directivos-arica-santiago-2022\/dsc_8565\/\" data-orig-file=\"https:\/\/www.cisa-arica.cl\/wp1\/wp-content\/uploads\/2022\/04\/DSC_8565-scaled.jpg\" data-orig-size=\"2560,1520\" data-comments-opened=\"0\" data-image-meta=\"{&quot;aperture&quot;:&quot;4&quot;,&quot;credit&quot;:&quot;&quot;,&quot;camera&quot;:&quot;NIKON D40&quot;,&quot;caption&quot;:&quot;&quot;,&quot;created_timestamp&quot;:&quot;1648815844&quot;,&quot;copyright&quot;:&quot;&quot;,&quot;focal_length&quot;:&quot;18&quot;,&quot;iso&quot;:&quot;400&quot;,&quot;shutter_speed&quot;:&quot;0.016666666666667&quot;,&quot;title&quot;:&quot;&quot;,&quot;orientation&quot;:&quot;1&quot;}\" data-image-title=\"DSC_8565\" data-image-description=\"\" data-image-caption=\"\" data-large-file=\"https:\/\/www.cisa-arica.cl\/wp1\/wp-content\/uploads\/2022\/04\/DSC_8565-600x356.jpg\" role=\"button\" tabindex=\"0\" aria-label=\"Abrir la imagen 7 de 15 en pantalla completa\"srcset=\"https:\/\/i0.wp.com\/www.cisa-arica.cl\/wp1\/wp-content\/uploads\/2022\/04\/DSC_8565-600x356.jpg?strip=info&#038;w=600 600w,https:\/\/i0.wp.com\/www.cisa-arica.cl\/wp1\/wp-content\/uploads\/2022\/04\/DSC_8565-600x356.jpg?strip=info&#038;w=900 900w,https:\/\/i0.wp.com\/www.cisa-arica.cl\/wp1\/wp-content\/uploads\/2022\/04\/DSC_8565-600x356.jpg?strip=info&#038;w=1200 1200w,https:\/\/i0.wp.com\/www.cisa-arica.cl\/wp1\/wp-content\/uploads\/2022\/04\/DSC_8565-600x356.jpg?strip=info&#038;w=1500 1500w,https:\/\/i0.wp.com\/www.cisa-arica.cl\/wp1\/wp-content\/uploads\/2022\/04\/DSC_8565-600x356.jpg?strip=info&#038;w=1800 1800w,https:\/\/i0.wp.com\/www.cisa-arica.cl\/wp1\/wp-content\/uploads\/2022\/04\/DSC_8565-600x356.jpg?strip=info&#038;w=2000 2000w\" alt=\"\" data-height=\"1520\" data-id=\"15089\" data-link=\"https:\/\/www.cisa-arica.cl\/wp1\/?attachment_id=15089\" data-url=\"http:\/\/www.cisa-arica.cl\/wp1\/wp-content\/uploads\/2022\/04\/DSC_8565-600x356.jpg\" data-width=\"2560\" src=\"https:\/\/i0.wp.com\/www.cisa-arica.cl\/wp1\/wp-content\/uploads\/2022\/04\/DSC_8565-600x356.jpg\" data-amp-layout=\"responsive\"\/><\/figure><\/div><div class=\"tiled-gallery__col\" style=\"flex-basis:46.36574%\"><figure class=\"tiled-gallery__item\"><img decoding=\"async\" data-attachment-id=\"15090\" data-permalink=\"https:\/\/www.cisa-arica.cl\/wp1\/2022\/04\/07\/encuentro-equipos-directivos-arica-santiago-2022\/dsc_8566\/\" data-orig-file=\"https:\/\/www.cisa-arica.cl\/wp1\/wp-content\/uploads\/2022\/04\/DSC_8566-scaled.jpg\" data-orig-size=\"2560,1759\" data-comments-opened=\"0\" data-image-meta=\"{&quot;aperture&quot;:&quot;4&quot;,&quot;credit&quot;:&quot;&quot;,&quot;camera&quot;:&quot;NIKON D40&quot;,&quot;caption&quot;:&quot;&quot;,&quot;created_timestamp&quot;:&quot;1648815847&quot;,&quot;copyright&quot;:&quot;&quot;,&quot;focal_length&quot;:&quot;18&quot;,&quot;iso&quot;:&quot;400&quot;,&quot;shutter_speed&quot;:&quot;0.016666666666667&quot;,&quot;title&quot;:&quot;&quot;,&quot;orientation&quot;:&quot;1&quot;}\" data-image-title=\"DSC_8566\" data-image-description=\"\" data-image-caption=\"\" data-large-file=\"https:\/\/www.cisa-arica.cl\/wp1\/wp-content\/uploads\/2022\/04\/DSC_8566-600x412.jpg\" data-attachment-id=\"15090\" data-permalink=\"https:\/\/www.cisa-arica.cl\/wp1\/2022\/04\/07\/encuentro-equipos-directivos-arica-santiago-2022\/dsc_8566\/\" data-orig-file=\"https:\/\/www.cisa-arica.cl\/wp1\/wp-content\/uploads\/2022\/04\/DSC_8566-scaled.jpg\" data-orig-size=\"2560,1759\" data-comments-opened=\"0\" data-image-meta=\"{&quot;aperture&quot;:&quot;4&quot;,&quot;credit&quot;:&quot;&quot;,&quot;camera&quot;:&quot;NIKON D40&quot;,&quot;caption&quot;:&quot;&quot;,&quot;created_timestamp&quot;:&quot;1648815847&quot;,&quot;copyright&quot;:&quot;&quot;,&quot;focal_length&quot;:&quot;18&quot;,&quot;iso&quot;:&quot;400&quot;,&quot;shutter_speed&quot;:&quot;0.016666666666667&quot;,&quot;title&quot;:&quot;&quot;,&quot;orientation&quot;:&quot;1&quot;}\" data-image-title=\"DSC_8566\" data-image-description=\"\" data-image-caption=\"\" data-large-file=\"https:\/\/www.cisa-arica.cl\/wp1\/wp-content\/uploads\/2022\/04\/DSC_8566-600x412.jpg\" role=\"button\" tabindex=\"0\" aria-label=\"Abrir la imagen 8 de 15 en pantalla completa\"srcset=\"https:\/\/i2.wp.com\/www.cisa-arica.cl\/wp1\/wp-content\/uploads\/2022\/04\/DSC_8566-600x412.jpg?strip=info&#038;w=600 600w,https:\/\/i2.wp.com\/www.cisa-arica.cl\/wp1\/wp-content\/uploads\/2022\/04\/DSC_8566-600x412.jpg?strip=info&#038;w=900 900w,https:\/\/i2.wp.com\/www.cisa-arica.cl\/wp1\/wp-content\/uploads\/2022\/04\/DSC_8566-600x412.jpg?strip=info&#038;w=1200 1200w,https:\/\/i2.wp.com\/www.cisa-arica.cl\/wp1\/wp-content\/uploads\/2022\/04\/DSC_8566-600x412.jpg?strip=info&#038;w=1500 1500w,https:\/\/i2.wp.com\/www.cisa-arica.cl\/wp1\/wp-content\/uploads\/2022\/04\/DSC_8566-600x412.jpg?strip=info&#038;w=1800 1800w,https:\/\/i2.wp.com\/www.cisa-arica.cl\/wp1\/wp-content\/uploads\/2022\/04\/DSC_8566-600x412.jpg?strip=info&#038;w=2000 2000w\" alt=\"\" data-height=\"1759\" data-id=\"15090\" data-link=\"https:\/\/www.cisa-arica.cl\/wp1\/?attachment_id=15090\" data-url=\"http:\/\/www.cisa-arica.cl\/wp1\/wp-content\/uploads\/2022\/04\/DSC_8566-600x412.jpg\" data-width=\"2560\" src=\"https:\/\/i2.wp.com\/www.cisa-arica.cl\/wp1\/wp-content\/uploads\/2022\/04\/DSC_8566-600x412.jpg\" data-amp-layout=\"responsive\"\/><\/figure><\/div><\/div><div class=\"tiled-gallery__row\"><div class=\"tiled-gallery__col\" style=\"flex-basis:49.45427%\"><figure class=\"tiled-gallery__item\"><img decoding=\"async\" data-attachment-id=\"15091\" data-permalink=\"https:\/\/www.cisa-arica.cl\/wp1\/2022\/04\/07\/encuentro-equipos-directivos-arica-santiago-2022\/dsc_8587\/\" data-orig-file=\"https:\/\/www.cisa-arica.cl\/wp1\/wp-content\/uploads\/2022\/04\/DSC_8587-scaled.jpg\" data-orig-size=\"2560,1570\" data-comments-opened=\"0\" data-image-meta=\"{&quot;aperture&quot;:&quot;5.3&quot;,&quot;credit&quot;:&quot;&quot;,&quot;camera&quot;:&quot;NIKON D40&quot;,&quot;caption&quot;:&quot;&quot;,&quot;created_timestamp&quot;:&quot;1648818172&quot;,&quot;copyright&quot;:&quot;&quot;,&quot;focal_length&quot;:&quot;45&quot;,&quot;iso&quot;:&quot;500&quot;,&quot;shutter_speed&quot;:&quot;0.016666666666667&quot;,&quot;title&quot;:&quot;&quot;,&quot;orientation&quot;:&quot;1&quot;}\" data-image-title=\"DSC_8587\" data-image-description=\"\" data-image-caption=\"\" data-large-file=\"https:\/\/www.cisa-arica.cl\/wp1\/wp-content\/uploads\/2022\/04\/DSC_8587-600x368.jpg\" data-attachment-id=\"15091\" data-permalink=\"https:\/\/www.cisa-arica.cl\/wp1\/2022\/04\/07\/encuentro-equipos-directivos-arica-santiago-2022\/dsc_8587\/\" data-orig-file=\"https:\/\/www.cisa-arica.cl\/wp1\/wp-content\/uploads\/2022\/04\/DSC_8587-scaled.jpg\" data-orig-size=\"2560,1570\" data-comments-opened=\"0\" data-image-meta=\"{&quot;aperture&quot;:&quot;5.3&quot;,&quot;credit&quot;:&quot;&quot;,&quot;camera&quot;:&quot;NIKON D40&quot;,&quot;caption&quot;:&quot;&quot;,&quot;created_timestamp&quot;:&quot;1648818172&quot;,&quot;copyright&quot;:&quot;&quot;,&quot;focal_length&quot;:&quot;45&quot;,&quot;iso&quot;:&quot;500&quot;,&quot;shutter_speed&quot;:&quot;0.016666666666667&quot;,&quot;title&quot;:&quot;&quot;,&quot;orientation&quot;:&quot;1&quot;}\" data-image-title=\"DSC_8587\" data-image-description=\"\" data-image-caption=\"\" data-large-file=\"https:\/\/www.cisa-arica.cl\/wp1\/wp-content\/uploads\/2022\/04\/DSC_8587-600x368.jpg\" role=\"button\" tabindex=\"0\" aria-label=\"Abrir la imagen 9 de 15 en pantalla completa\"srcset=\"https:\/\/i0.wp.com\/www.cisa-arica.cl\/wp1\/wp-content\/uploads\/2022\/04\/DSC_8587-600x368.jpg?strip=info&#038;w=600 600w,https:\/\/i0.wp.com\/www.cisa-arica.cl\/wp1\/wp-content\/uploads\/2022\/04\/DSC_8587-600x368.jpg?strip=info&#038;w=900 900w,https:\/\/i0.wp.com\/www.cisa-arica.cl\/wp1\/wp-content\/uploads\/2022\/04\/DSC_8587-600x368.jpg?strip=info&#038;w=1200 1200w,https:\/\/i0.wp.com\/www.cisa-arica.cl\/wp1\/wp-content\/uploads\/2022\/04\/DSC_8587-600x368.jpg?strip=info&#038;w=1500 1500w,https:\/\/i0.wp.com\/www.cisa-arica.cl\/wp1\/wp-content\/uploads\/2022\/04\/DSC_8587-600x368.jpg?strip=info&#038;w=1800 1800w,https:\/\/i0.wp.com\/www.cisa-arica.cl\/wp1\/wp-content\/uploads\/2022\/04\/DSC_8587-600x368.jpg?strip=info&#038;w=2000 2000w\" alt=\"\" data-height=\"1570\" data-id=\"15091\" data-link=\"https:\/\/www.cisa-arica.cl\/wp1\/?attachment_id=15091\" data-url=\"http:\/\/www.cisa-arica.cl\/wp1\/wp-content\/uploads\/2022\/04\/DSC_8587-600x368.jpg\" data-width=\"2560\" src=\"https:\/\/i0.wp.com\/www.cisa-arica.cl\/wp1\/wp-content\/uploads\/2022\/04\/DSC_8587-600x368.jpg\" data-amp-layout=\"responsive\"\/><\/figure><\/div><div class=\"tiled-gallery__col\" style=\"flex-basis:50.54573%\"><figure class=\"tiled-gallery__item\"><img decoding=\"async\" data-attachment-id=\"15092\" data-permalink=\"https:\/\/www.cisa-arica.cl\/wp1\/2022\/04\/07\/encuentro-equipos-directivos-arica-santiago-2022\/dsc_8594\/\" data-orig-file=\"https:\/\/www.cisa-arica.cl\/wp1\/wp-content\/uploads\/2022\/04\/DSC_8594-scaled.jpg\" data-orig-size=\"2560,1536\" data-comments-opened=\"0\" data-image-meta=\"{&quot;aperture&quot;:&quot;4.5&quot;,&quot;credit&quot;:&quot;&quot;,&quot;camera&quot;:&quot;NIKON D40&quot;,&quot;caption&quot;:&quot;&quot;,&quot;created_timestamp&quot;:&quot;1648818284&quot;,&quot;copyright&quot;:&quot;&quot;,&quot;focal_length&quot;:&quot;18&quot;,&quot;iso&quot;:&quot;400&quot;,&quot;shutter_speed&quot;:&quot;0.0125&quot;,&quot;title&quot;:&quot;&quot;,&quot;orientation&quot;:&quot;1&quot;}\" data-image-title=\"DSC_8594\" data-image-description=\"\" data-image-caption=\"\" data-large-file=\"https:\/\/www.cisa-arica.cl\/wp1\/wp-content\/uploads\/2022\/04\/DSC_8594-600x360.jpg\" data-attachment-id=\"15092\" data-permalink=\"https:\/\/www.cisa-arica.cl\/wp1\/2022\/04\/07\/encuentro-equipos-directivos-arica-santiago-2022\/dsc_8594\/\" data-orig-file=\"https:\/\/www.cisa-arica.cl\/wp1\/wp-content\/uploads\/2022\/04\/DSC_8594-scaled.jpg\" data-orig-size=\"2560,1536\" data-comments-opened=\"0\" data-image-meta=\"{&quot;aperture&quot;:&quot;4.5&quot;,&quot;credit&quot;:&quot;&quot;,&quot;camera&quot;:&quot;NIKON D40&quot;,&quot;caption&quot;:&quot;&quot;,&quot;created_timestamp&quot;:&quot;1648818284&quot;,&quot;copyright&quot;:&quot;&quot;,&quot;focal_length&quot;:&quot;18&quot;,&quot;iso&quot;:&quot;400&quot;,&quot;shutter_speed&quot;:&quot;0.0125&quot;,&quot;title&quot;:&quot;&quot;,&quot;orientation&quot;:&quot;1&quot;}\" data-image-title=\"DSC_8594\" data-image-description=\"\" data-image-caption=\"\" data-large-file=\"https:\/\/www.cisa-arica.cl\/wp1\/wp-content\/uploads\/2022\/04\/DSC_8594-600x360.jpg\" role=\"button\" tabindex=\"0\" aria-label=\"Abrir la imagen 10 de 15 en pantalla completa\"srcset=\"https:\/\/i0.wp.com\/www.cisa-arica.cl\/wp1\/wp-content\/uploads\/2022\/04\/DSC_8594-600x360.jpg?strip=info&#038;w=600 600w,https:\/\/i0.wp.com\/www.cisa-arica.cl\/wp1\/wp-content\/uploads\/2022\/04\/DSC_8594-600x360.jpg?strip=info&#038;w=900 900w,https:\/\/i0.wp.com\/www.cisa-arica.cl\/wp1\/wp-content\/uploads\/2022\/04\/DSC_8594-600x360.jpg?strip=info&#038;w=1200 1200w,https:\/\/i0.wp.com\/www.cisa-arica.cl\/wp1\/wp-content\/uploads\/2022\/04\/DSC_8594-600x360.jpg?strip=info&#038;w=1500 1500w,https:\/\/i0.wp.com\/www.cisa-arica.cl\/wp1\/wp-content\/uploads\/2022\/04\/DSC_8594-600x360.jpg?strip=info&#038;w=1800 1800w,https:\/\/i0.wp.com\/www.cisa-arica.cl\/wp1\/wp-content\/uploads\/2022\/04\/DSC_8594-600x360.jpg?strip=info&#038;w=2000 2000w\" alt=\"\" data-height=\"1536\" data-id=\"15092\" data-link=\"https:\/\/www.cisa-arica.cl\/wp1\/?attachment_id=15092\" data-url=\"http:\/\/www.cisa-arica.cl\/wp1\/wp-content\/uploads\/2022\/04\/DSC_8594-600x360.jpg\" data-width=\"2560\" src=\"https:\/\/i0.wp.com\/www.cisa-arica.cl\/wp1\/wp-content\/uploads\/2022\/04\/DSC_8594-600x360.jpg\" data-amp-layout=\"responsive\"\/><\/figure><\/div><\/div><div class=\"tiled-gallery__row\"><div class=\"tiled-gallery__col\" style=\"flex-basis:66.44154%\"><figure class=\"tiled-gallery__item\"><img decoding=\"async\" data-attachment-id=\"15094\" data-permalink=\"https:\/\/www.cisa-arica.cl\/wp1\/2022\/04\/07\/encuentro-equipos-directivos-arica-santiago-2022\/dsc_8656\/\" data-orig-file=\"https:\/\/www.cisa-arica.cl\/wp1\/wp-content\/uploads\/2022\/04\/DSC_8656-scaled.jpg\" data-orig-size=\"2560,1701\" data-comments-opened=\"0\" data-image-meta=\"{&quot;aperture&quot;:&quot;4&quot;,&quot;credit&quot;:&quot;&quot;,&quot;camera&quot;:&quot;NIKON D40&quot;,&quot;caption&quot;:&quot;&quot;,&quot;created_timestamp&quot;:&quot;1648819486&quot;,&quot;copyright&quot;:&quot;&quot;,&quot;focal_length&quot;:&quot;18&quot;,&quot;iso&quot;:&quot;400&quot;,&quot;shutter_speed&quot;:&quot;0.016666666666667&quot;,&quot;title&quot;:&quot;&quot;,&quot;orientation&quot;:&quot;1&quot;}\" data-image-title=\"DSC_8656\" data-image-description=\"\" data-image-caption=\"\" data-large-file=\"https:\/\/www.cisa-arica.cl\/wp1\/wp-content\/uploads\/2022\/04\/DSC_8656-600x399.jpg\" data-attachment-id=\"15094\" data-permalink=\"https:\/\/www.cisa-arica.cl\/wp1\/2022\/04\/07\/encuentro-equipos-directivos-arica-santiago-2022\/dsc_8656\/\" data-orig-file=\"https:\/\/www.cisa-arica.cl\/wp1\/wp-content\/uploads\/2022\/04\/DSC_8656-scaled.jpg\" data-orig-size=\"2560,1701\" data-comments-opened=\"0\" data-image-meta=\"{&quot;aperture&quot;:&quot;4&quot;,&quot;credit&quot;:&quot;&quot;,&quot;camera&quot;:&quot;NIKON D40&quot;,&quot;caption&quot;:&quot;&quot;,&quot;created_timestamp&quot;:&quot;1648819486&quot;,&quot;copyright&quot;:&quot;&quot;,&quot;focal_length&quot;:&quot;18&quot;,&quot;iso&quot;:&quot;400&quot;,&quot;shutter_speed&quot;:&quot;0.016666666666667&quot;,&quot;title&quot;:&quot;&quot;,&quot;orientation&quot;:&quot;1&quot;}\" data-image-title=\"DSC_8656\" data-image-description=\"\" data-image-caption=\"\" data-large-file=\"https:\/\/www.cisa-arica.cl\/wp1\/wp-content\/uploads\/2022\/04\/DSC_8656-600x399.jpg\" role=\"button\" tabindex=\"0\" aria-label=\"Abrir la imagen 11 de 15 en pantalla completa\"srcset=\"https:\/\/i0.wp.com\/www.cisa-arica.cl\/wp1\/wp-content\/uploads\/2022\/04\/DSC_8656-600x399.jpg?strip=info&#038;w=600 600w,https:\/\/i0.wp.com\/www.cisa-arica.cl\/wp1\/wp-content\/uploads\/2022\/04\/DSC_8656-600x399.jpg?strip=info&#038;w=900 900w,https:\/\/i0.wp.com\/www.cisa-arica.cl\/wp1\/wp-content\/uploads\/2022\/04\/DSC_8656-600x399.jpg?strip=info&#038;w=1200 1200w,https:\/\/i0.wp.com\/www.cisa-arica.cl\/wp1\/wp-content\/uploads\/2022\/04\/DSC_8656-600x399.jpg?strip=info&#038;w=1500 1500w,https:\/\/i0.wp.com\/www.cisa-arica.cl\/wp1\/wp-content\/uploads\/2022\/04\/DSC_8656-600x399.jpg?strip=info&#038;w=1800 1800w,https:\/\/i0.wp.com\/www.cisa-arica.cl\/wp1\/wp-content\/uploads\/2022\/04\/DSC_8656-600x399.jpg?strip=info&#038;w=2000 2000w\" alt=\"\" data-height=\"1701\" data-id=\"15094\" data-link=\"https:\/\/www.cisa-arica.cl\/wp1\/?attachment_id=15094\" data-url=\"http:\/\/www.cisa-arica.cl\/wp1\/wp-content\/uploads\/2022\/04\/DSC_8656-600x399.jpg\" data-width=\"2560\" src=\"https:\/\/i0.wp.com\/www.cisa-arica.cl\/wp1\/wp-content\/uploads\/2022\/04\/DSC_8656-600x399.jpg\" data-amp-layout=\"responsive\"\/><\/figure><\/div><div class=\"tiled-gallery__col\" style=\"flex-basis:33.55846%\"><figure class=\"tiled-gallery__item\"><img decoding=\"async\" data-attachment-id=\"15095\" data-permalink=\"https:\/\/www.cisa-arica.cl\/wp1\/2022\/04\/07\/encuentro-equipos-directivos-arica-santiago-2022\/dsc_8682\/\" data-orig-file=\"https:\/\/www.cisa-arica.cl\/wp1\/wp-content\/uploads\/2022\/04\/DSC_8682-scaled.jpg\" data-orig-size=\"2560,1671\" data-comments-opened=\"0\" data-image-meta=\"{&quot;aperture&quot;:&quot;4&quot;,&quot;credit&quot;:&quot;&quot;,&quot;camera&quot;:&quot;NIKON D40&quot;,&quot;caption&quot;:&quot;&quot;,&quot;created_timestamp&quot;:&quot;1648819693&quot;,&quot;copyright&quot;:&quot;&quot;,&quot;focal_length&quot;:&quot;20&quot;,&quot;iso&quot;:&quot;400&quot;,&quot;shutter_speed&quot;:&quot;0.016666666666667&quot;,&quot;title&quot;:&quot;&quot;,&quot;orientation&quot;:&quot;1&quot;}\" data-image-title=\"DSC_8682\" data-image-description=\"\" data-image-caption=\"\" data-large-file=\"https:\/\/www.cisa-arica.cl\/wp1\/wp-content\/uploads\/2022\/04\/DSC_8682-600x392.jpg\" data-attachment-id=\"15095\" data-permalink=\"https:\/\/www.cisa-arica.cl\/wp1\/2022\/04\/07\/encuentro-equipos-directivos-arica-santiago-2022\/dsc_8682\/\" data-orig-file=\"https:\/\/www.cisa-arica.cl\/wp1\/wp-content\/uploads\/2022\/04\/DSC_8682-scaled.jpg\" data-orig-size=\"2560,1671\" data-comments-opened=\"0\" data-image-meta=\"{&quot;aperture&quot;:&quot;4&quot;,&quot;credit&quot;:&quot;&quot;,&quot;camera&quot;:&quot;NIKON D40&quot;,&quot;caption&quot;:&quot;&quot;,&quot;created_timestamp&quot;:&quot;1648819693&quot;,&quot;copyright&quot;:&quot;&quot;,&quot;focal_length&quot;:&quot;20&quot;,&quot;iso&quot;:&quot;400&quot;,&quot;shutter_speed&quot;:&quot;0.016666666666667&quot;,&quot;title&quot;:&quot;&quot;,&quot;orientation&quot;:&quot;1&quot;}\" data-image-title=\"DSC_8682\" data-image-description=\"\" data-image-caption=\"\" data-large-file=\"https:\/\/www.cisa-arica.cl\/wp1\/wp-content\/uploads\/2022\/04\/DSC_8682-600x392.jpg\" role=\"button\" tabindex=\"0\" aria-label=\"Abrir la imagen 12 de 15 en pantalla completa\"srcset=\"https:\/\/i0.wp.com\/www.cisa-arica.cl\/wp1\/wp-content\/uploads\/2022\/04\/DSC_8682-600x392.jpg?strip=info&#038;w=600 600w,https:\/\/i0.wp.com\/www.cisa-arica.cl\/wp1\/wp-content\/uploads\/2022\/04\/DSC_8682-600x392.jpg?strip=info&#038;w=900 900w,https:\/\/i0.wp.com\/www.cisa-arica.cl\/wp1\/wp-content\/uploads\/2022\/04\/DSC_8682-600x392.jpg?strip=info&#038;w=1200 1200w,https:\/\/i0.wp.com\/www.cisa-arica.cl\/wp1\/wp-content\/uploads\/2022\/04\/DSC_8682-600x392.jpg?strip=info&#038;w=1500 1500w,https:\/\/i0.wp.com\/www.cisa-arica.cl\/wp1\/wp-content\/uploads\/2022\/04\/DSC_8682-600x392.jpg?strip=info&#038;w=1800 1800w,https:\/\/i0.wp.com\/www.cisa-arica.cl\/wp1\/wp-content\/uploads\/2022\/04\/DSC_8682-600x392.jpg?strip=info&#038;w=2000 2000w\" alt=\"\" data-height=\"1671\" data-id=\"15095\" data-link=\"https:\/\/www.cisa-arica.cl\/wp1\/?attachment_id=15095\" data-url=\"http:\/\/www.cisa-arica.cl\/wp1\/wp-content\/uploads\/2022\/04\/DSC_8682-600x392.jpg\" data-width=\"2560\" src=\"https:\/\/i0.wp.com\/www.cisa-arica.cl\/wp1\/wp-content\/uploads\/2022\/04\/DSC_8682-600x392.jpg\" data-amp-layout=\"responsive\"\/><\/figure><figure class=\"tiled-gallery__item\"><img decoding=\"async\" data-attachment-id=\"15096\" data-permalink=\"https:\/\/www.cisa-arica.cl\/wp1\/2022\/04\/07\/encuentro-equipos-directivos-arica-santiago-2022\/dsc_8684\/\" data-orig-file=\"https:\/\/www.cisa-arica.cl\/wp1\/wp-content\/uploads\/2022\/04\/DSC_8684-scaled.jpg\" data-orig-size=\"2560,1683\" data-comments-opened=\"0\" data-image-meta=\"{&quot;aperture&quot;:&quot;4&quot;,&quot;credit&quot;:&quot;&quot;,&quot;camera&quot;:&quot;NIKON D40&quot;,&quot;caption&quot;:&quot;&quot;,&quot;created_timestamp&quot;:&quot;1648819701&quot;,&quot;copyright&quot;:&quot;&quot;,&quot;focal_length&quot;:&quot;20&quot;,&quot;iso&quot;:&quot;400&quot;,&quot;shutter_speed&quot;:&quot;0.016666666666667&quot;,&quot;title&quot;:&quot;&quot;,&quot;orientation&quot;:&quot;1&quot;}\" data-image-title=\"DSC_8684\" data-image-description=\"\" data-image-caption=\"\" data-large-file=\"https:\/\/www.cisa-arica.cl\/wp1\/wp-content\/uploads\/2022\/04\/DSC_8684-600x394.jpg\" data-attachment-id=\"15096\" data-permalink=\"https:\/\/www.cisa-arica.cl\/wp1\/2022\/04\/07\/encuentro-equipos-directivos-arica-santiago-2022\/dsc_8684\/\" data-orig-file=\"https:\/\/www.cisa-arica.cl\/wp1\/wp-content\/uploads\/2022\/04\/DSC_8684-scaled.jpg\" data-orig-size=\"2560,1683\" data-comments-opened=\"0\" data-image-meta=\"{&quot;aperture&quot;:&quot;4&quot;,&quot;credit&quot;:&quot;&quot;,&quot;camera&quot;:&quot;NIKON D40&quot;,&quot;caption&quot;:&quot;&quot;,&quot;created_timestamp&quot;:&quot;1648819701&quot;,&quot;copyright&quot;:&quot;&quot;,&quot;focal_length&quot;:&quot;20&quot;,&quot;iso&quot;:&quot;400&quot;,&quot;shutter_speed&quot;:&quot;0.016666666666667&quot;,&quot;title&quot;:&quot;&quot;,&quot;orientation&quot;:&quot;1&quot;}\" data-image-title=\"DSC_8684\" data-image-description=\"\" data-image-caption=\"\" data-large-file=\"https:\/\/www.cisa-arica.cl\/wp1\/wp-content\/uploads\/2022\/04\/DSC_8684-600x394.jpg\" role=\"button\" tabindex=\"0\" aria-label=\"Abrir la imagen 13 de 15 en pantalla completa\"srcset=\"https:\/\/i0.wp.com\/www.cisa-arica.cl\/wp1\/wp-content\/uploads\/2022\/04\/DSC_8684-600x394.jpg?strip=info&#038;w=600 600w,https:\/\/i0.wp.com\/www.cisa-arica.cl\/wp1\/wp-content\/uploads\/2022\/04\/DSC_8684-600x394.jpg?strip=info&#038;w=900 900w,https:\/\/i0.wp.com\/www.cisa-arica.cl\/wp1\/wp-content\/uploads\/2022\/04\/DSC_8684-600x394.jpg?strip=info&#038;w=1200 1200w,https:\/\/i0.wp.com\/www.cisa-arica.cl\/wp1\/wp-content\/uploads\/2022\/04\/DSC_8684-600x394.jpg?strip=info&#038;w=1500 1500w,https:\/\/i0.wp.com\/www.cisa-arica.cl\/wp1\/wp-content\/uploads\/2022\/04\/DSC_8684-600x394.jpg?strip=info&#038;w=1800 1800w,https:\/\/i0.wp.com\/www.cisa-arica.cl\/wp1\/wp-content\/uploads\/2022\/04\/DSC_8684-600x394.jpg?strip=info&#038;w=2000 2000w\" alt=\"\" data-height=\"1683\" data-id=\"15096\" data-link=\"https:\/\/www.cisa-arica.cl\/wp1\/?attachment_id=15096\" data-url=\"http:\/\/www.cisa-arica.cl\/wp1\/wp-content\/uploads\/2022\/04\/DSC_8684-600x394.jpg\" data-width=\"2560\" src=\"https:\/\/i0.wp.com\/www.cisa-arica.cl\/wp1\/wp-content\/uploads\/2022\/04\/DSC_8684-600x394.jpg\" data-amp-layout=\"responsive\"\/><\/figure><\/div><\/div><div class=\"tiled-gallery__row\"><div class=\"tiled-gallery__col\" style=\"flex-basis:47.02277%\"><figure class=\"tiled-gallery__item\"><img decoding=\"async\" data-attachment-id=\"15097\" data-permalink=\"https:\/\/www.cisa-arica.cl\/wp1\/2022\/04\/07\/encuentro-equipos-directivos-arica-santiago-2022\/dsc_8686\/\" data-orig-file=\"https:\/\/www.cisa-arica.cl\/wp1\/wp-content\/uploads\/2022\/04\/DSC_8686.jpg\" data-orig-size=\"2548,1751\" data-comments-opened=\"0\" data-image-meta=\"{&quot;aperture&quot;:&quot;4&quot;,&quot;credit&quot;:&quot;&quot;,&quot;camera&quot;:&quot;NIKON D40&quot;,&quot;caption&quot;:&quot;&quot;,&quot;created_timestamp&quot;:&quot;1648819714&quot;,&quot;copyright&quot;:&quot;&quot;,&quot;focal_length&quot;:&quot;20&quot;,&quot;iso&quot;:&quot;400&quot;,&quot;shutter_speed&quot;:&quot;0.016666666666667&quot;,&quot;title&quot;:&quot;&quot;,&quot;orientation&quot;:&quot;1&quot;}\" data-image-title=\"DSC_8686\" data-image-description=\"\" data-image-caption=\"\" data-large-file=\"https:\/\/www.cisa-arica.cl\/wp1\/wp-content\/uploads\/2022\/04\/DSC_8686-600x412.jpg\" data-attachment-id=\"15097\" data-permalink=\"https:\/\/www.cisa-arica.cl\/wp1\/2022\/04\/07\/encuentro-equipos-directivos-arica-santiago-2022\/dsc_8686\/\" data-orig-file=\"https:\/\/www.cisa-arica.cl\/wp1\/wp-content\/uploads\/2022\/04\/DSC_8686.jpg\" data-orig-size=\"2548,1751\" data-comments-opened=\"0\" data-image-meta=\"{&quot;aperture&quot;:&quot;4&quot;,&quot;credit&quot;:&quot;&quot;,&quot;camera&quot;:&quot;NIKON D40&quot;,&quot;caption&quot;:&quot;&quot;,&quot;created_timestamp&quot;:&quot;1648819714&quot;,&quot;copyright&quot;:&quot;&quot;,&quot;focal_length&quot;:&quot;20&quot;,&quot;iso&quot;:&quot;400&quot;,&quot;shutter_speed&quot;:&quot;0.016666666666667&quot;,&quot;title&quot;:&quot;&quot;,&quot;orientation&quot;:&quot;1&quot;}\" data-image-title=\"DSC_8686\" data-image-description=\"\" data-image-caption=\"\" data-large-file=\"https:\/\/www.cisa-arica.cl\/wp1\/wp-content\/uploads\/2022\/04\/DSC_8686-600x412.jpg\" role=\"button\" tabindex=\"0\" aria-label=\"Abrir la imagen 14 de 15 en pantalla completa\"srcset=\"https:\/\/i2.wp.com\/www.cisa-arica.cl\/wp1\/wp-content\/uploads\/2022\/04\/DSC_8686-600x412.jpg?strip=info&#038;w=600 600w,https:\/\/i2.wp.com\/www.cisa-arica.cl\/wp1\/wp-content\/uploads\/2022\/04\/DSC_8686-600x412.jpg?strip=info&#038;w=900 900w,https:\/\/i2.wp.com\/www.cisa-arica.cl\/wp1\/wp-content\/uploads\/2022\/04\/DSC_8686-600x412.jpg?strip=info&#038;w=1200 1200w,https:\/\/i2.wp.com\/www.cisa-arica.cl\/wp1\/wp-content\/uploads\/2022\/04\/DSC_8686-600x412.jpg?strip=info&#038;w=1500 1500w,https:\/\/i2.wp.com\/www.cisa-arica.cl\/wp1\/wp-content\/uploads\/2022\/04\/DSC_8686-600x412.jpg?strip=info&#038;w=1800 1800w,https:\/\/i2.wp.com\/www.cisa-arica.cl\/wp1\/wp-content\/uploads\/2022\/04\/DSC_8686-600x412.jpg?strip=info&#038;w=2000 2000w\" alt=\"\" data-height=\"1751\" data-id=\"15097\" data-link=\"https:\/\/www.cisa-arica.cl\/wp1\/?attachment_id=15097\" data-url=\"http:\/\/www.cisa-arica.cl\/wp1\/wp-content\/uploads\/2022\/04\/DSC_8686-600x412.jpg\" data-width=\"2548\" src=\"https:\/\/i2.wp.com\/www.cisa-arica.cl\/wp1\/wp-content\/uploads\/2022\/04\/DSC_8686-600x412.jpg\" data-amp-layout=\"responsive\"\/><\/figure><\/div><div class=\"tiled-gallery__col\" style=\"flex-basis:52.97723%\"><figure class=\"tiled-gallery__item\"><img decoding=\"async\" data-attachment-id=\"15098\" data-permalink=\"https:\/\/www.cisa-arica.cl\/wp1\/2022\/04\/07\/encuentro-equipos-directivos-arica-santiago-2022\/dsc_8722\/\" data-orig-file=\"https:\/\/www.cisa-arica.cl\/wp1\/wp-content\/uploads\/2022\/04\/DSC_8722-scaled.jpg\" data-orig-size=\"2560,1561\" data-comments-opened=\"0\" data-image-meta=\"{&quot;aperture&quot;:&quot;4&quot;,&quot;credit&quot;:&quot;&quot;,&quot;camera&quot;:&quot;NIKON D40&quot;,&quot;caption&quot;:&quot;&quot;,&quot;created_timestamp&quot;:&quot;1648820090&quot;,&quot;copyright&quot;:&quot;&quot;,&quot;focal_length&quot;:&quot;18&quot;,&quot;iso&quot;:&quot;400&quot;,&quot;shutter_speed&quot;:&quot;0.016666666666667&quot;,&quot;title&quot;:&quot;&quot;,&quot;orientation&quot;:&quot;1&quot;}\" data-image-title=\"DSC_8722\" data-image-description=\"\" data-image-caption=\"\" data-large-file=\"https:\/\/www.cisa-arica.cl\/wp1\/wp-content\/uploads\/2022\/04\/DSC_8722-600x366.jpg\" data-attachment-id=\"15098\" data-permalink=\"https:\/\/www.cisa-arica.cl\/wp1\/2022\/04\/07\/encuentro-equipos-directivos-arica-santiago-2022\/dsc_8722\/\" data-orig-file=\"https:\/\/www.cisa-arica.cl\/wp1\/wp-content\/uploads\/2022\/04\/DSC_8722-scaled.jpg\" data-orig-size=\"2560,1561\" data-comments-opened=\"0\" data-image-meta=\"{&quot;aperture&quot;:&quot;4&quot;,&quot;credit&quot;:&quot;&quot;,&quot;camera&quot;:&quot;NIKON D40&quot;,&quot;caption&quot;:&quot;&quot;,&quot;created_timestamp&quot;:&quot;1648820090&quot;,&quot;copyright&quot;:&quot;&quot;,&quot;focal_length&quot;:&quot;18&quot;,&quot;iso&quot;:&quot;400&quot;,&quot;shutter_speed&quot;:&quot;0.016666666666667&quot;,&quot;title&quot;:&quot;&quot;,&quot;orientation&quot;:&quot;1&quot;}\" data-image-title=\"DSC_8722\" data-image-description=\"\" data-image-caption=\"\" data-large-file=\"https:\/\/www.cisa-arica.cl\/wp1\/wp-content\/uploads\/2022\/04\/DSC_8722-600x366.jpg\" role=\"button\" tabindex=\"0\" aria-label=\"Abrir la imagen 15 de 15 en pantalla completa\"srcset=\"https:\/\/i1.wp.com\/www.cisa-arica.cl\/wp1\/wp-content\/uploads\/2022\/04\/DSC_8722-600x366.jpg?strip=info&#038;w=600 600w,https:\/\/i1.wp.com\/www.cisa-arica.cl\/wp1\/wp-content\/uploads\/2022\/04\/DSC_8722-600x366.jpg?strip=info&#038;w=900 900w,https:\/\/i1.wp.com\/www.cisa-arica.cl\/wp1\/wp-content\/uploads\/2022\/04\/DSC_8722-600x366.jpg?strip=info&#038;w=1200 1200w,https:\/\/i1.wp.com\/www.cisa-arica.cl\/wp1\/wp-content\/uploads\/2022\/04\/DSC_8722-600x366.jpg?strip=info&#038;w=1500 1500w,https:\/\/i1.wp.com\/www.cisa-arica.cl\/wp1\/wp-content\/uploads\/2022\/04\/DSC_8722-600x366.jpg?strip=info&#038;w=1800 1800w,https:\/\/i1.wp.com\/www.cisa-arica.cl\/wp1\/wp-content\/uploads\/2022\/04\/DSC_8722-600x366.jpg?strip=info&#038;w=2000 2000w\" alt=\"\" data-height=\"1561\" data-id=\"15098\" data-link=\"https:\/\/www.cisa-arica.cl\/wp1\/?attachment_id=15098\" data-url=\"http:\/\/www.cisa-arica.cl\/wp1\/wp-content\/uploads\/2022\/04\/DSC_8722-600x366.jpg\" data-width=\"2560\" src=\"https:\/\/i1.wp.com\/www.cisa-arica.cl\/wp1\/wp-content\/uploads\/2022\/04\/DSC_8722-600x366.jpg\" data-amp-layout=\"responsive\"\/><\/figure><\/div><\/div><\/div><\/div>\n\n\n\n<p>Estimada Comunidad Educativa:<\/p>\n\n\n\n<p><br>Compartimos im\u00e1genes de lo que fue el encuentro realizado entre los equipos directivos del Colegios Italiano Santa Ana de Arica y el Colegio Polit\u00e9cnico Santa Ana de Santiago, llevado a cabo el fin de semana pasado y que se realiz\u00f3 con el fin de que ambos colegios se organicen y trabajen en forma conjunta por el bien com\u00f1un de ambos establecimientos.<\/p>\n","protected":false},"excerpt":{"rendered":"<p>Estimada Comunidad Educativa: Compartimos im\u00e1genes de lo que fue el encuentro realizado entre los equipos directivos del Colegios Italiano Santa Ana de Arica y el Colegio Polit\u00e9cnico Santa Ana de Santiago, llevado a cabo el fin de semana pasado y que se realiz\u00f3 con el fin de que ambos colegios se organicen y trabajen en <a class=\"read-more\" href=\"https:\/\/www.cisa-arica.cl\/wp1\/2022\/04\/07\/encuentro-equipos-directivos-arica-santiago-2022\/\">Continuar leyendo<\/a><\/p>\n","protected":false},"author":1,"featured_media":15093,"comment_status":"closed","ping_status":"open","sticky":false,"template":"template-gutenberg.php","format":"standard","meta":{"_jetpack_memberships_contains_paid_content":false,"footnotes":"","jetpack_publicize_message":"","jetpack_publicize_feature_enabled":true,"jetpack_social_post_already_shared":true,"jetpack_social_options":{"image_generator_settings":{"template":"highway","default_image_id":0,"font":"","enabled":false},"version":2}},"categories":[5],"tags":[],"class_list":["post-15082","post","type-post","status-publish","format-standard","has-post-thumbnail","hentry","category-uncategorized"],"jetpack_publicize_connections":[],"jetpack_featured_media_url":"https:\/\/www.cisa-arica.cl\/wp1\/wp-content\/uploads\/2022\/04\/DSC_8606-scaled.jpg","jetpack_sharing_enabled":true,"jetpack_shortlink":"https:\/\/wp.me\/p84wcz-3Vg","jetpack-related-posts":[{"id":20198,"url":"https:\/\/www.cisa-arica.cl\/wp1\/2023\/04\/29\/encuentro-directivos-de-santiago-y-arica\/","url_meta":{"origin":15082,"position":0},"title":"Encuentro Directivos de Santiago y Arica","author":"CISA","date":"29 de Abril de 2023","format":false,"excerpt":"Un encuentro pedag\u00f3gico se llev\u00f3 a cabo entre los equipos directivos del Colegio Polit\u00e9cnico Santa Ana de Santiago y Colegio Italiano santa Ana de Arica. En la oportunidad, fue nuestro colegio quien organiz\u00f3 esta jornada de dos d\u00edas, en donde ambos equipos dialogaron sobre su quehacer pedag\u00f3gico, las proyecciones que\u2026","rel":"","context":"Entrada similar ","block_context":{"text":"Entrada similar ","link":""},"img":{"alt_text":"","src":"https:\/\/i0.wp.com\/www.cisa-arica.cl\/wp1\/wp-content\/uploads\/2023\/04\/DSC_8460.jpg?resize=350%2C200&ssl=1","width":350,"height":200,"srcset":"https:\/\/i0.wp.com\/www.cisa-arica.cl\/wp1\/wp-content\/uploads\/2023\/04\/DSC_8460.jpg?resize=350%2C200&ssl=1 1x, https:\/\/i0.wp.com\/www.cisa-arica.cl\/wp1\/wp-content\/uploads\/2023\/04\/DSC_8460.jpg?resize=525%2C300&ssl=1 1.5x, https:\/\/i0.wp.com\/www.cisa-arica.cl\/wp1\/wp-content\/uploads\/2023\/04\/DSC_8460.jpg?resize=700%2C400&ssl=1 2x, https:\/\/i0.wp.com\/www.cisa-arica.cl\/wp1\/wp-content\/uploads\/2023\/04\/DSC_8460.jpg?resize=1050%2C600&ssl=1 3x"},"classes":[]},{"id":20822,"url":"https:\/\/www.cisa-arica.cl\/wp1\/2023\/06\/12\/encuentro-pedagogico-arica-santiago\/","url_meta":{"origin":15082,"position":1},"title":"Encuentro Pedag\u00f3gico Arica-Santiago","author":"Jeannette Rivera","date":"12 de Junio de 2023","format":false,"excerpt":"El pasado jueves 08 y viernes 09 de junio, educadoras, profesoras de 1os a 4to a\u00f1os b\u00e1sicos y t\u00e9cnicos de aula de nuestro colegio, sostuvieron un encuentro pedag\u00f3gico con profesoras que nos visitaron del Colegio Polit\u00e9cnico Santa Ana de Santiago. En la oportunidad se trabaj\u00f3 en la implementaci\u00f3n del M\u00e9todo\u2026","rel":"","context":"Entrada similar ","block_context":{"text":"Entrada similar ","link":""},"img":{"alt_text":"","src":"https:\/\/i0.wp.com\/www.cisa-arica.cl\/wp1\/wp-content\/uploads\/2023\/06\/7B6E891C-EA3A-42A6-BDD0-6BDC432BC45A.jpeg?resize=350%2C200&ssl=1","width":350,"height":200,"srcset":"https:\/\/i0.wp.com\/www.cisa-arica.cl\/wp1\/wp-content\/uploads\/2023\/06\/7B6E891C-EA3A-42A6-BDD0-6BDC432BC45A.jpeg?resize=350%2C200&ssl=1 1x, https:\/\/i0.wp.com\/www.cisa-arica.cl\/wp1\/wp-content\/uploads\/2023\/06\/7B6E891C-EA3A-42A6-BDD0-6BDC432BC45A.jpeg?resize=525%2C300&ssl=1 1.5x, https:\/\/i0.wp.com\/www.cisa-arica.cl\/wp1\/wp-content\/uploads\/2023\/06\/7B6E891C-EA3A-42A6-BDD0-6BDC432BC45A.jpeg?resize=700%2C400&ssl=1 2x"},"classes":[]},{"id":12987,"url":"https:\/\/www.cisa-arica.cl\/wp1\/2021\/08\/31\/1er-encuentro-mensual-de-jovenes-confirmacion-arica-santiago\/","url_meta":{"origin":15082,"position":2},"title":"1er Encuentro Mensual de J\u00f3venes Confirmaci\u00f3n Arica-Santiago","author":"Jeannette Rivera","date":"31 de Agosto de 2021","format":false,"excerpt":"Estimada Familia Santa Ana: El pasado viernes 27 de Agosto el Equipo Pastoral Santa Ana celebr\u00f3 junto a nuestras estudiantes el primer \"Encuentro Juvenil de Confirmaci\u00f3n\", que reuni\u00f3 a estudiantes de los Colegio Santa Ana de Arica y Santa Ana de Santiago. Equipo Pastoral CISA \u00a0 \u00a0","rel":"","context":"En &quot;Pastoral&quot;","block_context":{"text":"Pastoral","link":"https:\/\/www.cisa-arica.cl\/wp1\/category\/pastoral\/"},"img":{"alt_text":"","src":"https:\/\/i0.wp.com\/www.cisa-arica.cl\/wp1\/wp-content\/uploads\/2021\/08\/Screenshot_2.png?resize=350%2C200&ssl=1","width":350,"height":200,"srcset":"https:\/\/i0.wp.com\/www.cisa-arica.cl\/wp1\/wp-content\/uploads\/2021\/08\/Screenshot_2.png?resize=350%2C200&ssl=1 1x, https:\/\/i0.wp.com\/www.cisa-arica.cl\/wp1\/wp-content\/uploads\/2021\/08\/Screenshot_2.png?resize=525%2C300&ssl=1 1.5x, https:\/\/i0.wp.com\/www.cisa-arica.cl\/wp1\/wp-content\/uploads\/2021\/08\/Screenshot_2.png?resize=700%2C400&ssl=1 2x"},"classes":[]},{"id":15918,"url":"https:\/\/www.cisa-arica.cl\/wp1\/2022\/05\/25\/encuentro-de-grupo-pastoral-misioneras\/","url_meta":{"origin":15082,"position":3},"title":"Encuentro de grupo Pastoral Misioneras","author":"Jeannette Rivera","date":"25 de Mayo de 2022","format":false,"excerpt":"J\u00f3venes del Grupo Pastoral Misioneras de la Esperanza de nuestro colegio, participaron de la tradicional celebraci\u00f3n de la SANTA CRUZ DE MAYO, junto a la comunidad de la Capilla Juan Pablo II, en la Quebrada de Acha. Las estudiantes pudieron compartir con entusiasmo y fe de este nuevo encuentro religioso.","rel":"","context":"Entrada similar ","block_context":{"text":"Entrada similar ","link":""},"img":{"alt_text":"","src":"https:\/\/i0.wp.com\/www.cisa-arica.cl\/wp1\/wp-content\/uploads\/2022\/05\/WhatsApp-Image-2022-05-24-at-9.28.09-PM-3-1.jpeg?resize=350%2C200&ssl=1","width":350,"height":200,"srcset":"https:\/\/i0.wp.com\/www.cisa-arica.cl\/wp1\/wp-content\/uploads\/2022\/05\/WhatsApp-Image-2022-05-24-at-9.28.09-PM-3-1.jpeg?resize=350%2C200&ssl=1 1x, https:\/\/i0.wp.com\/www.cisa-arica.cl\/wp1\/wp-content\/uploads\/2022\/05\/WhatsApp-Image-2022-05-24-at-9.28.09-PM-3-1.jpeg?resize=525%2C300&ssl=1 1.5x, https:\/\/i0.wp.com\/www.cisa-arica.cl\/wp1\/wp-content\/uploads\/2022\/05\/WhatsApp-Image-2022-05-24-at-9.28.09-PM-3-1.jpeg?resize=700%2C400&ssl=1 2x, https:\/\/i0.wp.com\/www.cisa-arica.cl\/wp1\/wp-content\/uploads\/2022\/05\/WhatsApp-Image-2022-05-24-at-9.28.09-PM-3-1.jpeg?resize=1050%2C600&ssl=1 3x"},"classes":[]},{"id":13167,"url":"https:\/\/www.cisa-arica.cl\/wp1\/2021\/09\/27\/2o-encuentro-de-jovenes-confirmacion\/","url_meta":{"origin":15082,"position":4},"title":"2\u00ba Encuentro de J\u00f3venes Confirmaci\u00f3n","author":"Jeannette Rivera","date":"27 de Septiembre de 2021","format":false,"excerpt":"Familia Santa Ana: El pasado viernes 24 de Septiembre celebramos el \"2do Encuentro de J\u00f3venes de Confirmaci\u00f3n\", organizado en conjunto por los Colegios Santa Ana de Arica y Santiago. En la alegr\u00eda de la juventud nos reunimos para compartir la fe, dando pasos firmes en este hermoso camino con Cristo.\u2026","rel":"","context":"En &quot;Pastoral&quot;","block_context":{"text":"Pastoral","link":"https:\/\/www.cisa-arica.cl\/wp1\/category\/pastoral\/"},"img":{"alt_text":"","src":"https:\/\/i0.wp.com\/www.cisa-arica.cl\/wp1\/wp-content\/uploads\/2021\/09\/Screenshot_2-1.png?resize=350%2C200&ssl=1","width":350,"height":200,"srcset":"https:\/\/i0.wp.com\/www.cisa-arica.cl\/wp1\/wp-content\/uploads\/2021\/09\/Screenshot_2-1.png?resize=350%2C200&ssl=1 1x, https:\/\/i0.wp.com\/www.cisa-arica.cl\/wp1\/wp-content\/uploads\/2021\/09\/Screenshot_2-1.png?resize=525%2C300&ssl=1 1.5x"},"classes":[]},{"id":12428,"url":"https:\/\/www.cisa-arica.cl\/wp1\/2021\/05\/04\/encuentro-de-oracion-pascua-madre-rosa-gattorno\/","url_meta":{"origin":15082,"position":5},"title":"Encuentro de Oraci\u00f3n Pascua Madre Rosa Gattorno","author":"Jeannette Rivera","date":"4 de Mayo de 2021","format":false,"excerpt":"Ayer Lunes 04 de mayo se reuni\u00f3 la comunidad educativa del Colegio Italiano Santa Ana de Arica y Colegio Santa Ana de Santiago; para hacer oraci\u00f3n en torno a nuestra Madre Rosa Gattorno, fundadora de la Congregaci\u00f3n Hijas de Santa Ana. Conmemorando su paso al cielo junto a Dios. Agredeciendo\u2026","rel":"","context":"En &quot;Pastoral&quot;","block_context":{"text":"Pastoral","link":"https:\/\/www.cisa-arica.cl\/wp1\/category\/pastoral\/"},"img":{"alt_text":"","src":"https:\/\/i0.wp.com\/www.cisa-arica.cl\/wp1\/wp-content\/uploads\/2021\/05\/WhatsApp-Image-2021-05-03-at-11.55.39.jpeg?resize=350%2C200&ssl=1","width":350,"height":200},"classes":[]}],"_links":{"self":[{"href":"https:\/\/www.cisa-arica.cl\/wp1\/wp-json\/wp\/v2\/posts\/15082","targetHints":{"allow":["GET"]}}],"collection":[{"href":"https:\/\/www.cisa-arica.cl\/wp1\/wp-json\/wp\/v2\/posts"}],"about":[{"href":"https:\/\/www.cisa-arica.cl\/wp1\/wp-json\/wp\/v2\/types\/post"}],"author":[{"embeddable":true,"href":"https:\/\/www.cisa-arica.cl\/wp1\/wp-json\/wp\/v2\/users\/1"}],"replies":[{"embeddable":true,"href":"https:\/\/www.cisa-arica.cl\/wp1\/wp-json\/wp\/v2\/comments?post=15082"}],"version-history":[{"count":3,"href":"https:\/\/www.cisa-arica.cl\/wp1\/wp-json\/wp\/v2\/posts\/15082\/revisions"}],"predecessor-version":[{"id":15102,"href":"https:\/\/www.cisa-arica.cl\/wp1\/wp-json\/wp\/v2\/posts\/15082\/revisions\/15102"}],"wp:featuredmedia":[{"embeddable":true,"href":"https:\/\/www.cisa-arica.cl\/wp1\/wp-json\/wp\/v2\/media\/15093"}],"wp:attachment":[{"href":"https:\/\/www.cisa-arica.cl\/wp1\/wp-json\/wp\/v2\/media?parent=15082"}],"wp:term":[{"taxonomy":"category","embeddable":true,"href":"https:\/\/www.cisa-arica.cl\/wp1\/wp-json\/wp\/v2\/categories?post=15082"},{"taxonomy":"post_tag","embeddable":true,"href":"https:\/\/www.cisa-arica.cl\/wp1\/wp-json\/wp\/v2\/tags?post=15082"}],"curies":[{"name":"wp","href":"https:\/\/api.w.org\/{rel}","templated":true}]}}