{"id":13552,"date":"2021-11-08T11:49:17","date_gmt":"2021-11-08T15:49:17","guid":{"rendered":"https:\/\/www.cisa-arica.cl\/wp1\/?p=13552"},"modified":"2021-11-08T12:11:42","modified_gmt":"2021-11-08T16:11:42","slug":"sexto-cuestionario-institucional-on-line","status":"publish","type":"post","link":"https:\/\/www.cisa-arica.cl\/wp1\/2021\/11\/08\/sexto-cuestionario-institucional-on-line\/","title":{"rendered":"Sexto Cuestionario Institucional On Line"},"content":{"rendered":"<p>Estimados Apoderados y Estudiantes:<\/p>\n<p>Junto con saludarlos, queremos recordar que\u00a0<strong>desde hoy, 08\u00a0 y hasta el\u00a0 18 de Noviembre<\/strong>, se encontrar\u00e1n disponibles en la plataforma\u00a0<a href=\"http:\/\/arica.aulavirtualsantaana.cl\/\" data-saferedirecturl=\"https:\/\/www.google.com\/url?q=http:\/\/arica.aulavirtualsantaana.cl\/&amp;source=gmail&amp;ust=1629835390860000&amp;usg=AFQjCNFiWhPGnMb4e3IO2n6pF7VP-Wg29A\">arica.aulavirtualsantaana.cl<\/a>\u00a0las\u00a0<strong>Sextas evaluaciones (cuestionarios institucionales)<\/strong> de car\u00e1cter obligatorias en las asignaturas de lenguaje, matem\u00e1tica, historia , ciencias e ingl\u00e9s desde 1ero b\u00e1sico a 3ro medio, las que tienen como finalidad conocer el avance de las estudiantes en cada una de estas asignaturas.<\/p>\n<p>El\u00a0cuestionario\u00a0consta de 20 a 30 preguntas y cuenta con una sola oportunidad y 90 minutos para responderlo, por lo que antes de comenzar se debe estar seguro de contar con el tiempo suficiente.<br \/>\nLas estudiantes pueden responder esta evaluaci\u00f3n a trav\u00e9s de un computador, notebook, tablet o celular.<\/p>\n<p><a href=\"http:\/\/www.cisa-arica.cl\/wp1\/wp-content\/uploads\/2021\/11\/Diapositiva1.jpg\"><img loading=\"lazy\" decoding=\"async\" data-attachment-id=\"13554\" data-permalink=\"https:\/\/www.cisa-arica.cl\/wp1\/2021\/11\/08\/sexto-cuestionario-institucional-on-line\/diapositiva1-4\/\" data-orig-file=\"https:\/\/www.cisa-arica.cl\/wp1\/wp-content\/uploads\/2021\/11\/Diapositiva1.jpg\" data-orig-size=\"1280,720\" data-comments-opened=\"0\" data-image-meta=\"{&quot;aperture&quot;:&quot;0&quot;,&quot;credit&quot;:&quot;&quot;,&quot;camera&quot;:&quot;&quot;,&quot;caption&quot;:&quot;&quot;,&quot;created_timestamp&quot;:&quot;0&quot;,&quot;copyright&quot;:&quot;&quot;,&quot;focal_length&quot;:&quot;0&quot;,&quot;iso&quot;:&quot;0&quot;,&quot;shutter_speed&quot;:&quot;0&quot;,&quot;title&quot;:&quot;&quot;,&quot;orientation&quot;:&quot;0&quot;}\" data-image-title=\"Diapositiva1\" data-image-description=\"\" data-image-caption=\"\" data-large-file=\"https:\/\/www.cisa-arica.cl\/wp1\/wp-content\/uploads\/2021\/11\/Diapositiva1-600x338.jpg\" class=\"aligncenter wp-image-13554\" src=\"http:\/\/www.cisa-arica.cl\/wp1\/wp-content\/uploads\/2021\/11\/Diapositiva1-300x169.jpg\" alt=\"\" width=\"649\" height=\"366\" srcset=\"https:\/\/www.cisa-arica.cl\/wp1\/wp-content\/uploads\/2021\/11\/Diapositiva1-300x169.jpg 300w, https:\/\/www.cisa-arica.cl\/wp1\/wp-content\/uploads\/2021\/11\/Diapositiva1-600x338.jpg 600w, https:\/\/www.cisa-arica.cl\/wp1\/wp-content\/uploads\/2021\/11\/Diapositiva1-768x432.jpg 768w, https:\/\/www.cisa-arica.cl\/wp1\/wp-content\/uploads\/2021\/11\/Diapositiva1.jpg 1280w\" sizes=\"auto, (max-width: 649px) 100vw, 649px\" \/><\/a> <a href=\"http:\/\/www.cisa-arica.cl\/wp1\/wp-content\/uploads\/2021\/11\/Diapositiva2.jpg\"><img loading=\"lazy\" decoding=\"async\" data-attachment-id=\"13555\" data-permalink=\"https:\/\/www.cisa-arica.cl\/wp1\/2021\/11\/08\/sexto-cuestionario-institucional-on-line\/diapositiva2-4\/\" data-orig-file=\"https:\/\/www.cisa-arica.cl\/wp1\/wp-content\/uploads\/2021\/11\/Diapositiva2.jpg\" data-orig-size=\"1280,720\" data-comments-opened=\"0\" data-image-meta=\"{&quot;aperture&quot;:&quot;0&quot;,&quot;credit&quot;:&quot;&quot;,&quot;camera&quot;:&quot;&quot;,&quot;caption&quot;:&quot;&quot;,&quot;created_timestamp&quot;:&quot;0&quot;,&quot;copyright&quot;:&quot;&quot;,&quot;focal_length&quot;:&quot;0&quot;,&quot;iso&quot;:&quot;0&quot;,&quot;shutter_speed&quot;:&quot;0&quot;,&quot;title&quot;:&quot;&quot;,&quot;orientation&quot;:&quot;0&quot;}\" data-image-title=\"Diapositiva2\" data-image-description=\"\" data-image-caption=\"\" data-large-file=\"https:\/\/www.cisa-arica.cl\/wp1\/wp-content\/uploads\/2021\/11\/Diapositiva2-600x338.jpg\" class=\"aligncenter wp-image-13555\" src=\"http:\/\/www.cisa-arica.cl\/wp1\/wp-content\/uploads\/2021\/11\/Diapositiva2-300x169.jpg\" alt=\"\" width=\"577\" height=\"325\" srcset=\"https:\/\/www.cisa-arica.cl\/wp1\/wp-content\/uploads\/2021\/11\/Diapositiva2-300x169.jpg 300w, https:\/\/www.cisa-arica.cl\/wp1\/wp-content\/uploads\/2021\/11\/Diapositiva2-600x338.jpg 600w, https:\/\/www.cisa-arica.cl\/wp1\/wp-content\/uploads\/2021\/11\/Diapositiva2-768x432.jpg 768w, https:\/\/www.cisa-arica.cl\/wp1\/wp-content\/uploads\/2021\/11\/Diapositiva2.jpg 1280w\" sizes=\"auto, (max-width: 577px) 100vw, 577px\" \/><\/a><\/p>\n<p>&nbsp;<\/p>\n<p>&nbsp;<\/p>\n<p><strong>Atentamente.<\/strong><\/p>\n<p><em><strong>\u00a0 \u00a0 \u00a0 \u00a0 \u00a0 \u00a0 \u00a0Unidad T\u00e9cnico Pedag\u00f3gica.<\/strong><\/em><\/p>\n","protected":false},"excerpt":{"rendered":"<p>Estimados Apoderados y Estudiantes: Junto con saludarlos, queremos recordar que\u00a0desde hoy, 08\u00a0 y hasta el\u00a0 18 de Noviembre, se encontrar\u00e1n disponibles en la plataforma\u00a0arica.aulavirtualsantaana.cl\u00a0las\u00a0Sextas evaluaciones (cuestionarios institucionales) de car\u00e1cter obligatorias en las asignaturas de lenguaje, matem\u00e1tica, historia , ciencias e ingl\u00e9s desde 1ero b\u00e1sico a 3ro medio, las que tienen como finalidad conocer el avance <a class=\"read-more\" href=\"https:\/\/www.cisa-arica.cl\/wp1\/2021\/11\/08\/sexto-cuestionario-institucional-on-line\/\">Continuar leyendo<\/a><\/p>\n","protected":false},"author":1,"featured_media":13553,"comment_status":"closed","ping_status":"open","sticky":false,"template":"","format":"standard","meta":{"_jetpack_memberships_contains_paid_content":false,"footnotes":"","jetpack_publicize_message":"","jetpack_publicize_feature_enabled":true,"jetpack_social_post_already_shared":true,"jetpack_social_options":{"image_generator_settings":{"template":"highway","default_image_id":0,"font":"","enabled":false},"version":2}},"categories":[5],"tags":[],"class_list":["post-13552","post","type-post","status-publish","format-standard","has-post-thumbnail","hentry","category-uncategorized"],"jetpack_publicize_connections":[],"jetpack_featured_media_url":"https:\/\/www.cisa-arica.cl\/wp1\/wp-content\/uploads\/2021\/11\/6TO-CUESTIONARIO.jpg","jetpack_sharing_enabled":true,"jetpack_shortlink":"https:\/\/wp.me\/p84wcz-3wA","jetpack-related-posts":[{"id":12875,"url":"https:\/\/www.cisa-arica.cl\/wp1\/2021\/08\/23\/fechas-4to-cuestionario-institucional-online\/","url_meta":{"origin":13552,"position":0},"title":"Fechas 4to Cuestionario Institucional Online","author":"CISA","date":"23 de Agosto de 2021","format":false,"excerpt":"Estimados Apoderados y Estudiantes: Junto con saludarlos, queremos recordar que\u00a0desde el 30 de agosto\u00a0 y hasta el\u00a0 9 de septiembre, se encontrar\u00e1n disponibles en la plataforma\u00a0arica.aulavirtualsantaana.cl\u00a0las\u00a0cuartas evaluaciones (cuestionarios institucionales)\u00a0de car\u00e1cter obligatorias en las asignaturas de lenguaje, matem\u00e1tica, historia , ciencias e ingl\u00e9s desde 1ero b\u00e1sico a\u00a04to\u00a0medio, las que tienen como\u2026","rel":"","context":"Entrada similar ","block_context":{"text":"Entrada similar ","link":""},"img":{"alt_text":"","src":"https:\/\/i0.wp.com\/www.cisa-arica.cl\/wp1\/wp-content\/uploads\/2021\/08\/WhatsApp-Image-2021-08-23-at-22.00.31.jpeg?resize=350%2C200&ssl=1","width":350,"height":200,"srcset":"https:\/\/i0.wp.com\/www.cisa-arica.cl\/wp1\/wp-content\/uploads\/2021\/08\/WhatsApp-Image-2021-08-23-at-22.00.31.jpeg?resize=350%2C200&ssl=1 1x, https:\/\/i0.wp.com\/www.cisa-arica.cl\/wp1\/wp-content\/uploads\/2021\/08\/WhatsApp-Image-2021-08-23-at-22.00.31.jpeg?resize=525%2C300&ssl=1 1.5x, https:\/\/i0.wp.com\/www.cisa-arica.cl\/wp1\/wp-content\/uploads\/2021\/08\/WhatsApp-Image-2021-08-23-at-22.00.31.jpeg?resize=700%2C400&ssl=1 2x, https:\/\/i0.wp.com\/www.cisa-arica.cl\/wp1\/wp-content\/uploads\/2021\/08\/WhatsApp-Image-2021-08-23-at-22.00.31.jpeg?resize=1050%2C600&ssl=1 3x, https:\/\/i0.wp.com\/www.cisa-arica.cl\/wp1\/wp-content\/uploads\/2021\/08\/WhatsApp-Image-2021-08-23-at-22.00.31.jpeg?resize=1400%2C800&ssl=1 4x"},"classes":[]},{"id":11647,"url":"https:\/\/www.cisa-arica.cl\/wp1\/2020\/10\/22\/3er-cuestionario-evaluado-desde-1ero-basico-a-3ero-medio\/","url_meta":{"origin":13552,"position":1},"title":"3er Cuestionario Evaluado desde 1ero b\u00e1sico a 3ero Medio.","author":"CISA","date":"22 de Octubre de 2020","format":false,"excerpt":"Estimados apoderados y estudiantesJunto con saludarlos, queremos recordar que desde el lunes 26 hasta el viernes 30 de Octubre (23:59 hrs), se encontrar\u00e1n disponibles en la plataforma www.aulavirtualsantaana.cl las terceras evaluaciones (cuestionarios) de car\u00e1cter obligatorias en las asignaturas de lenguaje, matem\u00e1tica, historia y ciencias desde 1ero b\u00e1sico a 3ero medio,\u2026","rel":"","context":"Entrada similar ","block_context":{"text":"Entrada similar ","link":""},"img":{"alt_text":"","src":"https:\/\/i0.wp.com\/www.cisa-arica.cl\/wp1\/wp-content\/uploads\/2020\/10\/img_5457.jpg?resize=350%2C200&ssl=1","width":350,"height":200,"srcset":"https:\/\/i0.wp.com\/www.cisa-arica.cl\/wp1\/wp-content\/uploads\/2020\/10\/img_5457.jpg?resize=350%2C200&ssl=1 1x, https:\/\/i0.wp.com\/www.cisa-arica.cl\/wp1\/wp-content\/uploads\/2020\/10\/img_5457.jpg?resize=525%2C300&ssl=1 1.5x"},"classes":[]},{"id":11363,"url":"https:\/\/www.cisa-arica.cl\/wp1\/2020\/08\/28\/2o-cuestionario-evaluaciones-online\/","url_meta":{"origin":13552,"position":2},"title":"2\u00ba cuestionario evaluaciones online","author":"cisa","date":"28 de Agosto de 2020","format":false,"excerpt":"Estimados apoderados y alumnas: Junto con saludarlos, queremos recordar que a partir del\u00a0lunes 31 de Agosto hasta el viernes 4 de Septiembre (23:59 hrs), se encontrar\u00e1n disponibles en la plataforma\u00a0www.aulavirtualsantaana.cl\u00a0las\u00a0segundas evaluaciones (cuestionarios) de car\u00e1cter obligatorias\u00a0en las asignaturas de lenguaje, matem\u00e1tica, historia y ciencias, las que tienen como finalidad conocer el\u2026","rel":"","context":"En &quot;CISA&quot;","block_context":{"text":"CISA","link":"https:\/\/www.cisa-arica.cl\/wp1\/category\/cisa\/"},"img":{"alt_text":"","src":"https:\/\/i0.wp.com\/www.cisa-arica.cl\/wp1\/wp-content\/uploads\/2020\/08\/IMAGEN-CUESTIONARIOS.jpg?resize=350%2C200&ssl=1","width":350,"height":200,"srcset":"https:\/\/i0.wp.com\/www.cisa-arica.cl\/wp1\/wp-content\/uploads\/2020\/08\/IMAGEN-CUESTIONARIOS.jpg?resize=350%2C200&ssl=1 1x, https:\/\/i0.wp.com\/www.cisa-arica.cl\/wp1\/wp-content\/uploads\/2020\/08\/IMAGEN-CUESTIONARIOS.jpg?resize=525%2C300&ssl=1 1.5x, https:\/\/i0.wp.com\/www.cisa-arica.cl\/wp1\/wp-content\/uploads\/2020\/08\/IMAGEN-CUESTIONARIOS.jpg?resize=700%2C400&ssl=1 2x, https:\/\/i0.wp.com\/www.cisa-arica.cl\/wp1\/wp-content\/uploads\/2020\/08\/IMAGEN-CUESTIONARIOS.jpg?resize=1050%2C600&ssl=1 3x"},"classes":[]},{"id":11803,"url":"https:\/\/www.cisa-arica.cl\/wp1\/2020\/11\/30\/ultimo-periodo-de-evaluacion-1ero-basico-a-2do-medio\/","url_meta":{"origin":13552,"position":3},"title":"\u00daltimo per\u00edodo de Evaluaci\u00f3n 1ero b\u00e1sico a 2do medio.","author":"CISA","date":"30 de Noviembre de 2020","format":false,"excerpt":"Estimados Apoderados y Estudiantes:\u00a0 Junto con saludarlos, queremos recordar que desde hoy 30 de Noviembre y\u00a0hasta el martes 8 de Diciembre\u00a0(23:59\u00a0hrs), se encontrar\u00e1n disponibles en la plataforma\u00a0www.aulavirtualsantaana.cl\u00a0las cuartas evaluaciones (cuestionarios) de car\u00e1cter obligatorias en las asignaturas de lenguaje, matem\u00e1tica, historia y ciencias desde 1ero b\u00e1sico a 2do medio, las que\u2026","rel":"","context":"Entrada similar ","block_context":{"text":"Entrada similar ","link":""},"img":{"alt_text":"","src":"https:\/\/i0.wp.com\/www.cisa-arica.cl\/wp1\/wp-content\/uploads\/2020\/11\/img_6044.jpg?resize=350%2C200&ssl=1","width":350,"height":200,"srcset":"https:\/\/i0.wp.com\/www.cisa-arica.cl\/wp1\/wp-content\/uploads\/2020\/11\/img_6044.jpg?resize=350%2C200&ssl=1 1x, https:\/\/i0.wp.com\/www.cisa-arica.cl\/wp1\/wp-content\/uploads\/2020\/11\/img_6044.jpg?resize=525%2C300&ssl=1 1.5x"},"classes":[]},{"id":10787,"url":"https:\/\/www.cisa-arica.cl\/wp1\/2020\/06\/26\/informativo-trabajo-pedagogico\/","url_meta":{"origin":13552,"position":4},"title":"Informativo Trabajo Pedag\u00f3gico","author":"Jeannette Rivera","date":"26 de Junio de 2020","format":false,"excerpt":"Debido a la situaci\u00f3n que afecta al pa\u00eds y la suspensi\u00f3n de clases presenciales, el colegio decide adquirir una plataforma virtual www.aulavirtualsantaana.cl para facilitar la entrega de aprendizajes a nuestras estudiantes y adem\u00e1s se adquiere la aplicaci\u00f3n de mensajer\u00eda de textos \u201cPapinotas\u201d, la cual no requiere de\u00a0 conexi\u00f3n a Internet,\u2026","rel":"","context":"Entrada similar ","block_context":{"text":"Entrada similar ","link":""},"img":{"alt_text":"","src":"https:\/\/i0.wp.com\/www.cisa-arica.cl\/wp1\/wp-content\/uploads\/2020\/06\/Amarillo-Rosa-Azul-Rebajas-Hashtag-Ganar-Redes-Sociales-Publicaci%C3%B3n.png?resize=350%2C200&ssl=1","width":350,"height":200,"srcset":"https:\/\/i0.wp.com\/www.cisa-arica.cl\/wp1\/wp-content\/uploads\/2020\/06\/Amarillo-Rosa-Azul-Rebajas-Hashtag-Ganar-Redes-Sociales-Publicaci%C3%B3n.png?resize=350%2C200&ssl=1 1x, https:\/\/i0.wp.com\/www.cisa-arica.cl\/wp1\/wp-content\/uploads\/2020\/06\/Amarillo-Rosa-Azul-Rebajas-Hashtag-Ganar-Redes-Sociales-Publicaci%C3%B3n.png?resize=525%2C300&ssl=1 1.5x, https:\/\/i0.wp.com\/www.cisa-arica.cl\/wp1\/wp-content\/uploads\/2020\/06\/Amarillo-Rosa-Azul-Rebajas-Hashtag-Ganar-Redes-Sociales-Publicaci%C3%B3n.png?resize=700%2C400&ssl=1 2x"},"classes":[]},{"id":11767,"url":"https:\/\/www.cisa-arica.cl\/wp1\/2020\/11\/16\/3er-cuestionario-plan-diferencial\/","url_meta":{"origin":13552,"position":5},"title":"3er Cuestionario Plan Diferencial 4tos Medios.","author":"CISA","date":"16 de Noviembre de 2020","format":false,"excerpt":"Estimados apoderados y alumnas: Junto con saludarlos, queremos recordar que desde hoy\u00a016 y\u00a0\u00a0hasta el viernes \u00a020 de Noviembre\u00a0(23:59\u00a0hrs), se encontrar\u00e1n disponibles en la plataforma\u00a0www.aulavirtualsantaana.cl\u00a0las\u00a0tercerasevaluaciones (cuestionarios) de car\u00e1cter obligatorias\u00a0del plan diferencial,\u00a0\u00a0las que tienen como finalidad conocer el avance de las estudiantes en cada una de estas asignaturas.El cuestionario consta de 15\u2026","rel":"","context":"Entrada similar ","block_context":{"text":"Entrada similar ","link":""},"img":{"alt_text":"","src":"https:\/\/i0.wp.com\/www.cisa-arica.cl\/wp1\/wp-content\/uploads\/2020\/11\/img_5874.jpg?resize=350%2C200&ssl=1","width":350,"height":200,"srcset":"https:\/\/i0.wp.com\/www.cisa-arica.cl\/wp1\/wp-content\/uploads\/2020\/11\/img_5874.jpg?resize=350%2C200&ssl=1 1x, https:\/\/i0.wp.com\/www.cisa-arica.cl\/wp1\/wp-content\/uploads\/2020\/11\/img_5874.jpg?resize=525%2C300&ssl=1 1.5x"},"classes":[]}],"_links":{"self":[{"href":"https:\/\/www.cisa-arica.cl\/wp1\/wp-json\/wp\/v2\/posts\/13552","targetHints":{"allow":["GET"]}}],"collection":[{"href":"https:\/\/www.cisa-arica.cl\/wp1\/wp-json\/wp\/v2\/posts"}],"about":[{"href":"https:\/\/www.cisa-arica.cl\/wp1\/wp-json\/wp\/v2\/types\/post"}],"author":[{"embeddable":true,"href":"https:\/\/www.cisa-arica.cl\/wp1\/wp-json\/wp\/v2\/users\/1"}],"replies":[{"embeddable":true,"href":"https:\/\/www.cisa-arica.cl\/wp1\/wp-json\/wp\/v2\/comments?post=13552"}],"version-history":[{"count":2,"href":"https:\/\/www.cisa-arica.cl\/wp1\/wp-json\/wp\/v2\/posts\/13552\/revisions"}],"predecessor-version":[{"id":13557,"href":"https:\/\/www.cisa-arica.cl\/wp1\/wp-json\/wp\/v2\/posts\/13552\/revisions\/13557"}],"wp:featuredmedia":[{"embeddable":true,"href":"https:\/\/www.cisa-arica.cl\/wp1\/wp-json\/wp\/v2\/media\/13553"}],"wp:attachment":[{"href":"https:\/\/www.cisa-arica.cl\/wp1\/wp-json\/wp\/v2\/media?parent=13552"}],"wp:term":[{"taxonomy":"category","embeddable":true,"href":"https:\/\/www.cisa-arica.cl\/wp1\/wp-json\/wp\/v2\/categories?post=13552"},{"taxonomy":"post_tag","embeddable":true,"href":"https:\/\/www.cisa-arica.cl\/wp1\/wp-json\/wp\/v2\/tags?post=13552"}],"curies":[{"name":"wp","href":"https:\/\/api.w.org\/{rel}","templated":true}]}}