{"id":13548,"date":"2021-11-08T11:19:26","date_gmt":"2021-11-08T15:19:26","guid":{"rendered":"https:\/\/www.cisa-arica.cl\/wp1\/?p=13548"},"modified":"2021-11-08T11:19:26","modified_gmt":"2021-11-08T15:19:26","slug":"reunion-de-apoderados-9","status":"publish","type":"post","link":"https:\/\/www.cisa-arica.cl\/wp1\/2021\/11\/08\/reunion-de-apoderados-9\/","title":{"rendered":"Reuni\u00f3n de Apoderados"},"content":{"rendered":"<div>\n<p><span style=\"color: #000000; font-family: verdana, sans-serif;\"><b>Estimados\u00a0Apoderados\u00a0y Apoderadas:<\/b><\/span><\/p>\n<p><span style=\"font-family: verdana, sans-serif;\"><span style=\"color: #58585a;\">Junto con saludar y desear que se encuentren bien junto a su familia, informamos que se llevar\u00e1 a cabo la 5ta\u00a0<\/span>Reuni\u00f3n<span style=\"color: #58585a;\">\u00a0de Padres y\u00a0<\/span>Apoderados<span style=\"color: #58585a;\">, los siguientes d\u00edas a<\/span><span style=\"color: #000000;\"><a>\u00a0las<b>\u00a0<span style=\"color: #000000;\">19:00<\/span><\/b><\/a><b><span style=\"color: #000000;\">\u00a0hr<\/span>s<\/b><\/span>\u00a0a trav\u00e9s de la aplicaci\u00f3n Meet.<\/span><\/p>\n<p><span style=\"font-family: verdana, sans-serif;\"><span style=\"color: #58585a;\">\u2022\u00a0<\/span><b><span style=\"color: #000000;\">Martes 09 de Noviembre<\/span><\/b><span style=\"color: #58585a;\">, para Educaci\u00f3n Parvularia (Prekinder y Kinder).<\/span><\/span><\/p>\n<p><span style=\"font-family: verdana, sans-serif;\"><span style=\"color: #58585a;\">\u2022<\/span><b><span style=\"color: #58585a;\">\u00a0<\/span><a><span style=\"color: #000000;\">Mi\u00e9rcoles 10 de Noviembre<\/span><\/a><\/b><span style=\"color: #58585a;\">, para Educaci\u00f3n B\u00e1sica (1ro a 6to B\u00e1sico).<\/span><\/span><\/p>\n<p><span style=\"font-family: verdana, sans-serif;\"><span style=\"color: #58585a;\">\u2022\u00a0<\/span><span style=\"color: #000000;\"><b>Jueves 11 de\u00a0Noviembre<\/b>,<\/span><span style=\"color: #58585a;\"> para Educaci\u00f3n Media. (7mo a 3ro Medio).<\/span><\/span><\/p>\n<p><span style=\"font-family: verdana, sans-serif;\">La invitaci\u00f3n de la\u00a0reuni\u00f3n, se enviar\u00e1 desde la cuenta del profesor o profesora jefe, al correo institucional de la estudiante.<\/span><\/p>\n<p><span style=\"font-family: verdana, sans-serif;\">Contamos con su valiosa presencia y puntualidad.<\/span><\/p>\n<\/div>\n<div><b>Atentamente.<\/b><\/div>\n<div><\/div>\n<div><span style=\"color: #0b5394; font-family: arial, sans-serif;\"><b>Equipo Directivo<\/b><\/span><\/div>\n<div><span style=\"color: #0b5394; font-family: arial, sans-serif;\"><b>Colegio Italiano Santa Ana<\/b><\/span><\/div>\n<div><span style=\"color: #0b5394; font-family: arial, sans-serif;\"><b>ARICA<\/b><\/span><\/div>\n","protected":false},"excerpt":{"rendered":"<p>Estimados\u00a0Apoderados\u00a0y Apoderadas: Junto con saludar y desear que se encuentren bien junto a su familia, informamos que se llevar\u00e1 a cabo la 5ta\u00a0Reuni\u00f3n\u00a0de Padres y\u00a0Apoderados, los siguientes d\u00edas a\u00a0las\u00a019:00\u00a0hrs\u00a0a trav\u00e9s de la aplicaci\u00f3n Meet. \u2022\u00a0Martes 09 de Noviembre, para Educaci\u00f3n Parvularia (Prekinder y Kinder). \u2022\u00a0Mi\u00e9rcoles 10 de Noviembre, para Educaci\u00f3n B\u00e1sica (1ro a 6to B\u00e1sico). <a class=\"read-more\" href=\"https:\/\/www.cisa-arica.cl\/wp1\/2021\/11\/08\/reunion-de-apoderados-9\/\">Continuar leyendo<\/a><\/p>\n","protected":false},"author":1,"featured_media":13550,"comment_status":"closed","ping_status":"open","sticky":false,"template":"","format":"standard","meta":{"_jetpack_memberships_contains_paid_content":false,"footnotes":"","jetpack_publicize_message":"","jetpack_publicize_feature_enabled":true,"jetpack_social_post_already_shared":true,"jetpack_social_options":{"image_generator_settings":{"template":"highway","default_image_id":0,"font":"","enabled":false},"version":2}},"categories":[5],"tags":[],"class_list":["post-13548","post","type-post","status-publish","format-standard","has-post-thumbnail","hentry","category-uncategorized"],"jetpack_publicize_connections":[],"jetpack_featured_media_url":"https:\/\/www.cisa-arica.cl\/wp1\/wp-content\/uploads\/2021\/11\/REUNION-DE-APODERADOS-TITULO.jpg","jetpack_sharing_enabled":true,"jetpack_shortlink":"https:\/\/wp.me\/p84wcz-3ww","jetpack-related-posts":[{"id":11763,"url":"https:\/\/www.cisa-arica.cl\/wp1\/2020\/11\/16\/3era-reunion-de-apoderados\/","url_meta":{"origin":13548,"position":0},"title":"3era Reuni\u00f3n de Apoderados","author":"CISA","date":"16 de Noviembre de 2020","format":false,"excerpt":"Estimados Apoderados y Apoderadas. Junto con saludar y desear que se encuentren bien junto a su familia, informamos que se llevar\u00e1 a cabo la 3era Reuni\u00f3n de Apoderados, los siguientes d\u00edas: \u2022 Martes 24 de noviembre, para Educaci\u00f3n Parvularia. \u2022 Mi\u00e9rcoles 25 de noviembre, para Educaci\u00f3n B\u00e1sica. \u2022 Jueves 26\u2026","rel":"","context":"Entrada similar ","block_context":{"text":"Entrada similar ","link":""},"img":{"alt_text":"","src":"https:\/\/i0.wp.com\/www.cisa-arica.cl\/wp1\/wp-content\/uploads\/2020\/11\/98776579-54bd-437e-9294-ce6302c2da2f.png?resize=350%2C200&ssl=1","width":350,"height":200,"srcset":"https:\/\/i0.wp.com\/www.cisa-arica.cl\/wp1\/wp-content\/uploads\/2020\/11\/98776579-54bd-437e-9294-ce6302c2da2f.png?resize=350%2C200&ssl=1 1x, https:\/\/i0.wp.com\/www.cisa-arica.cl\/wp1\/wp-content\/uploads\/2020\/11\/98776579-54bd-437e-9294-ce6302c2da2f.png?resize=525%2C300&ssl=1 1.5x, https:\/\/i0.wp.com\/www.cisa-arica.cl\/wp1\/wp-content\/uploads\/2020\/11\/98776579-54bd-437e-9294-ce6302c2da2f.png?resize=700%2C400&ssl=1 2x, https:\/\/i0.wp.com\/www.cisa-arica.cl\/wp1\/wp-content\/uploads\/2020\/11\/98776579-54bd-437e-9294-ce6302c2da2f.png?resize=1050%2C600&ssl=1 3x, https:\/\/i0.wp.com\/www.cisa-arica.cl\/wp1\/wp-content\/uploads\/2020\/11\/98776579-54bd-437e-9294-ce6302c2da2f.png?resize=1400%2C800&ssl=1 4x"},"classes":[]},{"id":15879,"url":"https:\/\/www.cisa-arica.cl\/wp1\/2022\/05\/20\/2da-reunion-de-apoderados-presenciales-4tos-medios\/","url_meta":{"origin":13548,"position":1},"title":"2da reuni\u00f3n de Apoderados Presenciales 4tos Medios","author":"CISA","date":"20 de Mayo de 2022","format":false,"excerpt":"Estimados Apoderados y Apoderadas: Junto con saludar y desear que se encuentren bien junto a su familia, informamos que se llevar\u00e1 a cabo la 2da\u00a0Reuni\u00f3n\u00a0de Padres y\u00a0Apoderados, de\u00a0manera\u00a0presencial\u00a0para los 4tos medios el\u00a0jueves 26 de mayo\u00a0a las\u00a018:30\u00a0hrs. Contamos con su valiosa presencia y puntualidad. Atentamente. Equipo Directivo Colegio Italiano Santa Ana\u2026","rel":"","context":"Entrada similar ","block_context":{"text":"Entrada similar ","link":""},"img":{"alt_text":"","src":"https:\/\/i0.wp.com\/www.cisa-arica.cl\/wp1\/wp-content\/uploads\/2022\/05\/WhatsApp-Image-2022-05-20-at-4.27.13-PM-1.jpeg?resize=350%2C200&ssl=1","width":350,"height":200,"srcset":"https:\/\/i0.wp.com\/www.cisa-arica.cl\/wp1\/wp-content\/uploads\/2022\/05\/WhatsApp-Image-2022-05-20-at-4.27.13-PM-1.jpeg?resize=350%2C200&ssl=1 1x, https:\/\/i0.wp.com\/www.cisa-arica.cl\/wp1\/wp-content\/uploads\/2022\/05\/WhatsApp-Image-2022-05-20-at-4.27.13-PM-1.jpeg?resize=525%2C300&ssl=1 1.5x, https:\/\/i0.wp.com\/www.cisa-arica.cl\/wp1\/wp-content\/uploads\/2022\/05\/WhatsApp-Image-2022-05-20-at-4.27.13-PM-1.jpeg?resize=700%2C400&ssl=1 2x, https:\/\/i0.wp.com\/www.cisa-arica.cl\/wp1\/wp-content\/uploads\/2022\/05\/WhatsApp-Image-2022-05-20-at-4.27.13-PM-1.jpeg?resize=1050%2C600&ssl=1 3x"},"classes":[]},{"id":12297,"url":"https:\/\/www.cisa-arica.cl\/wp1\/2021\/04\/22\/reunion-de-apoderados-5\/","url_meta":{"origin":13548,"position":2},"title":"Reuni\u00f3n de Apoderados","author":"CISA","date":"22 de Abril de 2021","format":false,"excerpt":"Estimados Apoderados y Apoderadas. Junto con saludar y desear que se encuentren bien junto a su familia, informamos que se llevar\u00e1 a cabo la 1era Reuni\u00f3n de Padres y Apoderados, los siguientes d\u00edas a\u00a0las 18:00\u00a0hrs a trav\u00e9s de la aplicaci\u00f3n Meet. \u2022 Martes\u00a027 de\u00a0Abril, para Educaci\u00f3n Parvularia. \u2022\u00a0Mi\u00e9rcoles 28 de\u2026","rel":"","context":"Entrada similar ","block_context":{"text":"Entrada similar ","link":""},"img":{"alt_text":"","src":"https:\/\/i0.wp.com\/www.cisa-arica.cl\/wp1\/wp-content\/uploads\/2021\/04\/img_7778.jpg?resize=350%2C200&ssl=1","width":350,"height":200,"srcset":"https:\/\/i0.wp.com\/www.cisa-arica.cl\/wp1\/wp-content\/uploads\/2021\/04\/img_7778.jpg?resize=350%2C200&ssl=1 1x, https:\/\/i0.wp.com\/www.cisa-arica.cl\/wp1\/wp-content\/uploads\/2021\/04\/img_7778.jpg?resize=525%2C300&ssl=1 1.5x, https:\/\/i0.wp.com\/www.cisa-arica.cl\/wp1\/wp-content\/uploads\/2021\/04\/img_7778.jpg?resize=700%2C400&ssl=1 2x"},"classes":[]},{"id":6040,"url":"https:\/\/www.cisa-arica.cl\/wp1\/2019\/03\/20\/reunion-de-apoderados-alumnas-nuevas-2019\/","url_meta":{"origin":13548,"position":3},"title":"Reuni\u00f3n de apoderados ALUMNAS NUEVAS 2019","author":"Jeannette Rivera","date":"20 de Marzo de 2019","format":false,"excerpt":"Estimados Padres y Apoderados: Junto con saludar muy cordialmente, informamos que el d\u00eda Jueves 21 de marzo a las 19.00 hrs. se realizar\u00e1 la primera reuni\u00f3n de apoderados S\u00d3LO PARA ALUMNAS NUEVAS 2019. Se agradece su asistencia y puntualidad. Atte, Hna. Adela Espinoza Zapatel Directora","rel":"","context":"Entrada similar ","block_context":{"text":"Entrada similar ","link":""},"img":{"alt_text":"","src":"","width":0,"height":0},"classes":[]},{"id":15049,"url":"https:\/\/www.cisa-arica.cl\/wp1\/2022\/03\/18\/informacion-1a-reunion-de-apoderados\/","url_meta":{"origin":13548,"position":4},"title":"Informaci\u00f3n 1\u00aa reuni\u00f3n de apoderados ON LINE","author":"Jeannette Rivera","date":"18 de Marzo de 2022","format":false,"excerpt":"Estimados Padres y Apoderados: Junto con saludar y desear que se encuentren bien junto a sus familias, informamos que se llevar\u00e1 a cabo la 1a\u00a0Reuni\u00f3n\u00a0de Padres y\u00a0Apoderados, las cuales se realizar\u00e1n On-Line v\u00eda Meet, de 19:00 hrs. a 20:00 hrs. La invitaci\u00f3n ser\u00e1 enviada a los correos institucionales de las\u2026","rel":"","context":"Entrada similar ","block_context":{"text":"Entrada similar ","link":""},"img":{"alt_text":"reuni\u00f3n CISA","src":"https:\/\/i0.wp.com\/www.cisa-arica.cl\/wp1\/wp-content\/uploads\/2021\/11\/REUNION-DE-APODERADOS-TITULO.jpg?resize=350%2C200&ssl=1","width":350,"height":200,"srcset":"https:\/\/i0.wp.com\/www.cisa-arica.cl\/wp1\/wp-content\/uploads\/2021\/11\/REUNION-DE-APODERADOS-TITULO.jpg?resize=350%2C200&ssl=1 1x, https:\/\/i0.wp.com\/www.cisa-arica.cl\/wp1\/wp-content\/uploads\/2021\/11\/REUNION-DE-APODERADOS-TITULO.jpg?resize=525%2C300&ssl=1 1.5x, https:\/\/i0.wp.com\/www.cisa-arica.cl\/wp1\/wp-content\/uploads\/2021\/11\/REUNION-DE-APODERADOS-TITULO.jpg?resize=700%2C400&ssl=1 2x, https:\/\/i0.wp.com\/www.cisa-arica.cl\/wp1\/wp-content\/uploads\/2021\/11\/REUNION-DE-APODERADOS-TITULO.jpg?resize=1050%2C600&ssl=1 3x"},"classes":[]},{"id":15876,"url":"https:\/\/www.cisa-arica.cl\/wp1\/2022\/05\/20\/2da-reunion-de-apoderados-virtual-prekinder-hasta-3ros-medios\/","url_meta":{"origin":13548,"position":5},"title":"2da Reuni\u00f3n de Apoderados Virtual (Prekinder hasta 3ros Medios)","author":"CISA","date":"20 de Mayo de 2022","format":false,"excerpt":"Estimados Apoderados y apoderadas: Junto con saludar y desear que se encuentren bien junto a su familia, informamos que se llevar\u00e1 a cabo la 2da\u00a0Reuni\u00f3n\u00a0de Padres y\u00a0Apoderados de manera\u00a0on line, los siguientes d\u00edas a\u00a0las\u00a019:00\u00a0hrs\u00a0a trav\u00e9s de la aplicaci\u00f3n\u00a0Meet. \u2022\u00a0Martes\u00a024 de mayo,\u00a0para Educaci\u00f3n Parvularia. \u2022\u00a0Mi\u00e9rcoles 25 de mayo,\u00a0para Educaci\u00f3n B\u00e1sica (1ero\u2026","rel":"","context":"Entrada similar ","block_context":{"text":"Entrada similar ","link":""},"img":{"alt_text":"","src":"https:\/\/i0.wp.com\/www.cisa-arica.cl\/wp1\/wp-content\/uploads\/2022\/05\/WhatsApp-Image-2022-05-20-at-4.27.13-PM.jpeg?resize=350%2C200&ssl=1","width":350,"height":200,"srcset":"https:\/\/i0.wp.com\/www.cisa-arica.cl\/wp1\/wp-content\/uploads\/2022\/05\/WhatsApp-Image-2022-05-20-at-4.27.13-PM.jpeg?resize=350%2C200&ssl=1 1x, https:\/\/i0.wp.com\/www.cisa-arica.cl\/wp1\/wp-content\/uploads\/2022\/05\/WhatsApp-Image-2022-05-20-at-4.27.13-PM.jpeg?resize=525%2C300&ssl=1 1.5x, https:\/\/i0.wp.com\/www.cisa-arica.cl\/wp1\/wp-content\/uploads\/2022\/05\/WhatsApp-Image-2022-05-20-at-4.27.13-PM.jpeg?resize=700%2C400&ssl=1 2x, https:\/\/i0.wp.com\/www.cisa-arica.cl\/wp1\/wp-content\/uploads\/2022\/05\/WhatsApp-Image-2022-05-20-at-4.27.13-PM.jpeg?resize=1050%2C600&ssl=1 3x"},"classes":[]}],"_links":{"self":[{"href":"https:\/\/www.cisa-arica.cl\/wp1\/wp-json\/wp\/v2\/posts\/13548","targetHints":{"allow":["GET"]}}],"collection":[{"href":"https:\/\/www.cisa-arica.cl\/wp1\/wp-json\/wp\/v2\/posts"}],"about":[{"href":"https:\/\/www.cisa-arica.cl\/wp1\/wp-json\/wp\/v2\/types\/post"}],"author":[{"embeddable":true,"href":"https:\/\/www.cisa-arica.cl\/wp1\/wp-json\/wp\/v2\/users\/1"}],"replies":[{"embeddable":true,"href":"https:\/\/www.cisa-arica.cl\/wp1\/wp-json\/wp\/v2\/comments?post=13548"}],"version-history":[{"count":1,"href":"https:\/\/www.cisa-arica.cl\/wp1\/wp-json\/wp\/v2\/posts\/13548\/revisions"}],"predecessor-version":[{"id":13551,"href":"https:\/\/www.cisa-arica.cl\/wp1\/wp-json\/wp\/v2\/posts\/13548\/revisions\/13551"}],"wp:featuredmedia":[{"embeddable":true,"href":"https:\/\/www.cisa-arica.cl\/wp1\/wp-json\/wp\/v2\/media\/13550"}],"wp:attachment":[{"href":"https:\/\/www.cisa-arica.cl\/wp1\/wp-json\/wp\/v2\/media?parent=13548"}],"wp:term":[{"taxonomy":"category","embeddable":true,"href":"https:\/\/www.cisa-arica.cl\/wp1\/wp-json\/wp\/v2\/categories?post=13548"},{"taxonomy":"post_tag","embeddable":true,"href":"https:\/\/www.cisa-arica.cl\/wp1\/wp-json\/wp\/v2\/tags?post=13548"}],"curies":[{"name":"wp","href":"https:\/\/api.w.org\/{rel}","templated":true}]}}