{"id":13494,"date":"2021-11-02T11:54:06","date_gmt":"2021-11-02T15:54:06","guid":{"rendered":"https:\/\/www.cisa-arica.cl\/wp1\/?p=13494"},"modified":"2021-11-02T11:54:09","modified_gmt":"2021-11-02T15:54:09","slug":"premiacion-ganadoras-semana-de-la-ciencia-2021","status":"publish","type":"post","link":"https:\/\/www.cisa-arica.cl\/wp1\/2021\/11\/02\/premiacion-ganadoras-semana-de-la-ciencia-2021\/","title":{"rendered":"Premiaci\u00f3n Ganadoras Semana de la Ciencia 2021"},"content":{"rendered":"\n<p>La semana pasada se premi\u00f3 a las alumnas ganadoras del Concurso organizado por nuestro Departamento de Ciencias entre el alumnado de Ed. Media.<\/p>\n\n\n\n<p>Felicitamos a Meiying Ching del 2\u00ba medio B; Paulina Negrete del 4\u00ba medio B; y a Mar\u00eda Jim\u00e9nez del 1\u00ba medio A por su participaci\u00f3n y creatividad.<\/p>\n\n\n\n<p>Dpto. de Ciencias CISA<\/p>\n\n\n\n<figure class=\"wp-block-gallery columns-3 wp-block-gallery-1 is-layout-flex wp-block-gallery-is-layout-flex\"><ul class=\"blocks-gallery-grid\"><li class=\"blocks-gallery-item\"><figure><img loading=\"lazy\" decoding=\"async\" width=\"611\" height=\"815\" data-attachment-id=\"13495\" data-permalink=\"https:\/\/www.cisa-arica.cl\/wp1\/2021\/11\/02\/premiacion-ganadoras-semana-de-la-ciencia-2021\/000-111\/\" data-orig-file=\"https:\/\/www.cisa-arica.cl\/wp1\/wp-content\/uploads\/2021\/11\/000.jpg\" data-orig-size=\"611,815\" data-comments-opened=\"0\" data-image-meta=\"{&quot;aperture&quot;:&quot;0&quot;,&quot;credit&quot;:&quot;&quot;,&quot;camera&quot;:&quot;&quot;,&quot;caption&quot;:&quot;&quot;,&quot;created_timestamp&quot;:&quot;0&quot;,&quot;copyright&quot;:&quot;&quot;,&quot;focal_length&quot;:&quot;0&quot;,&quot;iso&quot;:&quot;0&quot;,&quot;shutter_speed&quot;:&quot;0&quot;,&quot;title&quot;:&quot;&quot;,&quot;orientation&quot;:&quot;0&quot;}\" data-image-title=\"000\" data-image-description=\"\" data-image-caption=\"\" data-large-file=\"https:\/\/www.cisa-arica.cl\/wp1\/wp-content\/uploads\/2021\/11\/000-450x600.jpg\" src=\"https:\/\/www.cisa-arica.cl\/wp1\/wp-content\/uploads\/2021\/11\/000.jpg\" alt=\"\" data-id=\"13495\" data-full-url=\"https:\/\/www.cisa-arica.cl\/wp1\/wp-content\/uploads\/2021\/11\/000.jpg\" data-link=\"https:\/\/www.cisa-arica.cl\/wp1\/?attachment_id=13495\" class=\"wp-image-13495\" srcset=\"https:\/\/www.cisa-arica.cl\/wp1\/wp-content\/uploads\/2021\/11\/000.jpg 611w, https:\/\/www.cisa-arica.cl\/wp1\/wp-content\/uploads\/2021\/11\/000-225x300.jpg 225w, https:\/\/www.cisa-arica.cl\/wp1\/wp-content\/uploads\/2021\/11\/000-450x600.jpg 450w\" sizes=\"auto, (max-width: 611px) 100vw, 611px\" \/><\/figure><\/li><li class=\"blocks-gallery-item\"><figure><img loading=\"lazy\" decoding=\"async\" width=\"611\" height=\"813\" data-attachment-id=\"13496\" data-permalink=\"https:\/\/www.cisa-arica.cl\/wp1\/2021\/11\/02\/premiacion-ganadoras-semana-de-la-ciencia-2021\/001-75\/\" data-orig-file=\"https:\/\/www.cisa-arica.cl\/wp1\/wp-content\/uploads\/2021\/11\/001.jpg\" data-orig-size=\"611,813\" data-comments-opened=\"0\" data-image-meta=\"{&quot;aperture&quot;:&quot;0&quot;,&quot;credit&quot;:&quot;&quot;,&quot;camera&quot;:&quot;&quot;,&quot;caption&quot;:&quot;&quot;,&quot;created_timestamp&quot;:&quot;0&quot;,&quot;copyright&quot;:&quot;&quot;,&quot;focal_length&quot;:&quot;0&quot;,&quot;iso&quot;:&quot;0&quot;,&quot;shutter_speed&quot;:&quot;0&quot;,&quot;title&quot;:&quot;&quot;,&quot;orientation&quot;:&quot;0&quot;}\" data-image-title=\"001\" data-image-description=\"\" data-image-caption=\"\" data-large-file=\"https:\/\/www.cisa-arica.cl\/wp1\/wp-content\/uploads\/2021\/11\/001-451x600.jpg\" src=\"https:\/\/www.cisa-arica.cl\/wp1\/wp-content\/uploads\/2021\/11\/001.jpg\" alt=\"\" data-id=\"13496\" data-full-url=\"https:\/\/www.cisa-arica.cl\/wp1\/wp-content\/uploads\/2021\/11\/001.jpg\" data-link=\"https:\/\/www.cisa-arica.cl\/wp1\/?attachment_id=13496\" class=\"wp-image-13496\" srcset=\"https:\/\/www.cisa-arica.cl\/wp1\/wp-content\/uploads\/2021\/11\/001.jpg 611w, https:\/\/www.cisa-arica.cl\/wp1\/wp-content\/uploads\/2021\/11\/001-225x300.jpg 225w, https:\/\/www.cisa-arica.cl\/wp1\/wp-content\/uploads\/2021\/11\/001-451x600.jpg 451w\" sizes=\"auto, (max-width: 611px) 100vw, 611px\" \/><\/figure><\/li><li class=\"blocks-gallery-item\"><figure><img loading=\"lazy\" decoding=\"async\" width=\"610\" height=\"815\" data-attachment-id=\"13497\" data-permalink=\"https:\/\/www.cisa-arica.cl\/wp1\/2021\/11\/02\/premiacion-ganadoras-semana-de-la-ciencia-2021\/002-82\/\" data-orig-file=\"https:\/\/www.cisa-arica.cl\/wp1\/wp-content\/uploads\/2021\/11\/002.jpg\" data-orig-size=\"610,815\" data-comments-opened=\"0\" data-image-meta=\"{&quot;aperture&quot;:&quot;0&quot;,&quot;credit&quot;:&quot;&quot;,&quot;camera&quot;:&quot;&quot;,&quot;caption&quot;:&quot;&quot;,&quot;created_timestamp&quot;:&quot;0&quot;,&quot;copyright&quot;:&quot;&quot;,&quot;focal_length&quot;:&quot;0&quot;,&quot;iso&quot;:&quot;0&quot;,&quot;shutter_speed&quot;:&quot;0&quot;,&quot;title&quot;:&quot;&quot;,&quot;orientation&quot;:&quot;0&quot;}\" data-image-title=\"002\" data-image-description=\"\" data-image-caption=\"\" data-large-file=\"https:\/\/www.cisa-arica.cl\/wp1\/wp-content\/uploads\/2021\/11\/002-449x600.jpg\" src=\"https:\/\/www.cisa-arica.cl\/wp1\/wp-content\/uploads\/2021\/11\/002.jpg\" alt=\"\" data-id=\"13497\" data-full-url=\"https:\/\/www.cisa-arica.cl\/wp1\/wp-content\/uploads\/2021\/11\/002.jpg\" data-link=\"https:\/\/www.cisa-arica.cl\/wp1\/?attachment_id=13497\" class=\"wp-image-13497\" srcset=\"https:\/\/www.cisa-arica.cl\/wp1\/wp-content\/uploads\/2021\/11\/002.jpg 610w, https:\/\/www.cisa-arica.cl\/wp1\/wp-content\/uploads\/2021\/11\/002-225x300.jpg 225w, https:\/\/www.cisa-arica.cl\/wp1\/wp-content\/uploads\/2021\/11\/002-449x600.jpg 449w\" sizes=\"auto, (max-width: 610px) 100vw, 610px\" \/><\/figure><\/li><li class=\"blocks-gallery-item\"><figure><img loading=\"lazy\" decoding=\"async\" width=\"555\" height=\"787\" data-attachment-id=\"13498\" data-permalink=\"https:\/\/www.cisa-arica.cl\/wp1\/2021\/11\/02\/premiacion-ganadoras-semana-de-la-ciencia-2021\/004-101\/\" data-orig-file=\"https:\/\/www.cisa-arica.cl\/wp1\/wp-content\/uploads\/2021\/11\/004.jpg\" data-orig-size=\"555,787\" data-comments-opened=\"0\" data-image-meta=\"{&quot;aperture&quot;:&quot;0&quot;,&quot;credit&quot;:&quot;&quot;,&quot;camera&quot;:&quot;&quot;,&quot;caption&quot;:&quot;&quot;,&quot;created_timestamp&quot;:&quot;0&quot;,&quot;copyright&quot;:&quot;&quot;,&quot;focal_length&quot;:&quot;0&quot;,&quot;iso&quot;:&quot;0&quot;,&quot;shutter_speed&quot;:&quot;0&quot;,&quot;title&quot;:&quot;&quot;,&quot;orientation&quot;:&quot;0&quot;}\" data-image-title=\"004\" data-image-description=\"\" data-image-caption=\"\" data-large-file=\"https:\/\/www.cisa-arica.cl\/wp1\/wp-content\/uploads\/2021\/11\/004-423x600.jpg\" src=\"https:\/\/www.cisa-arica.cl\/wp1\/wp-content\/uploads\/2021\/11\/004.jpg\" alt=\"\" data-id=\"13498\" data-full-url=\"https:\/\/www.cisa-arica.cl\/wp1\/wp-content\/uploads\/2021\/11\/004.jpg\" data-link=\"https:\/\/www.cisa-arica.cl\/wp1\/?attachment_id=13498\" class=\"wp-image-13498\" srcset=\"https:\/\/www.cisa-arica.cl\/wp1\/wp-content\/uploads\/2021\/11\/004.jpg 555w, https:\/\/www.cisa-arica.cl\/wp1\/wp-content\/uploads\/2021\/11\/004-212x300.jpg 212w, https:\/\/www.cisa-arica.cl\/wp1\/wp-content\/uploads\/2021\/11\/004-423x600.jpg 423w\" sizes=\"auto, (max-width: 555px) 100vw, 555px\" \/><\/figure><\/li><li class=\"blocks-gallery-item\"><figure><img loading=\"lazy\" decoding=\"async\" width=\"321\" height=\"799\" data-attachment-id=\"13499\" data-permalink=\"https:\/\/www.cisa-arica.cl\/wp1\/2021\/11\/02\/premiacion-ganadoras-semana-de-la-ciencia-2021\/005-60\/\" data-orig-file=\"https:\/\/www.cisa-arica.cl\/wp1\/wp-content\/uploads\/2021\/11\/005.jpg\" data-orig-size=\"321,799\" data-comments-opened=\"0\" data-image-meta=\"{&quot;aperture&quot;:&quot;0&quot;,&quot;credit&quot;:&quot;&quot;,&quot;camera&quot;:&quot;&quot;,&quot;caption&quot;:&quot;&quot;,&quot;created_timestamp&quot;:&quot;0&quot;,&quot;copyright&quot;:&quot;&quot;,&quot;focal_length&quot;:&quot;0&quot;,&quot;iso&quot;:&quot;0&quot;,&quot;shutter_speed&quot;:&quot;0&quot;,&quot;title&quot;:&quot;&quot;,&quot;orientation&quot;:&quot;0&quot;}\" data-image-title=\"005\" data-image-description=\"\" data-image-caption=\"\" data-large-file=\"https:\/\/www.cisa-arica.cl\/wp1\/wp-content\/uploads\/2021\/11\/005-241x600.jpg\" src=\"https:\/\/www.cisa-arica.cl\/wp1\/wp-content\/uploads\/2021\/11\/005.jpg\" alt=\"\" data-id=\"13499\" data-full-url=\"https:\/\/www.cisa-arica.cl\/wp1\/wp-content\/uploads\/2021\/11\/005.jpg\" data-link=\"https:\/\/www.cisa-arica.cl\/wp1\/?attachment_id=13499\" class=\"wp-image-13499\" srcset=\"https:\/\/www.cisa-arica.cl\/wp1\/wp-content\/uploads\/2021\/11\/005.jpg 321w, https:\/\/www.cisa-arica.cl\/wp1\/wp-content\/uploads\/2021\/11\/005-121x300.jpg 121w, https:\/\/www.cisa-arica.cl\/wp1\/wp-content\/uploads\/2021\/11\/005-241x600.jpg 241w\" sizes=\"auto, (max-width: 321px) 100vw, 321px\" \/><\/figure><\/li><li class=\"blocks-gallery-item\"><figure><img loading=\"lazy\" decoding=\"async\" width=\"570\" height=\"740\" data-attachment-id=\"13500\" data-permalink=\"https:\/\/www.cisa-arica.cl\/wp1\/2021\/11\/02\/premiacion-ganadoras-semana-de-la-ciencia-2021\/006-87\/\" data-orig-file=\"https:\/\/www.cisa-arica.cl\/wp1\/wp-content\/uploads\/2021\/11\/006.jpg\" data-orig-size=\"570,740\" data-comments-opened=\"0\" data-image-meta=\"{&quot;aperture&quot;:&quot;0&quot;,&quot;credit&quot;:&quot;&quot;,&quot;camera&quot;:&quot;&quot;,&quot;caption&quot;:&quot;&quot;,&quot;created_timestamp&quot;:&quot;0&quot;,&quot;copyright&quot;:&quot;&quot;,&quot;focal_length&quot;:&quot;0&quot;,&quot;iso&quot;:&quot;0&quot;,&quot;shutter_speed&quot;:&quot;0&quot;,&quot;title&quot;:&quot;&quot;,&quot;orientation&quot;:&quot;0&quot;}\" data-image-title=\"006\" data-image-description=\"\" data-image-caption=\"\" data-large-file=\"https:\/\/www.cisa-arica.cl\/wp1\/wp-content\/uploads\/2021\/11\/006-462x600.jpg\" src=\"https:\/\/www.cisa-arica.cl\/wp1\/wp-content\/uploads\/2021\/11\/006.jpg\" alt=\"\" data-id=\"13500\" data-full-url=\"https:\/\/www.cisa-arica.cl\/wp1\/wp-content\/uploads\/2021\/11\/006.jpg\" data-link=\"https:\/\/www.cisa-arica.cl\/wp1\/?attachment_id=13500\" class=\"wp-image-13500\" srcset=\"https:\/\/www.cisa-arica.cl\/wp1\/wp-content\/uploads\/2021\/11\/006.jpg 570w, https:\/\/www.cisa-arica.cl\/wp1\/wp-content\/uploads\/2021\/11\/006-231x300.jpg 231w, https:\/\/www.cisa-arica.cl\/wp1\/wp-content\/uploads\/2021\/11\/006-462x600.jpg 462w\" sizes=\"auto, (max-width: 570px) 100vw, 570px\" \/><\/figure><\/li><\/ul><\/figure>\n\n\n\n<p><\/p>\n","protected":false},"excerpt":{"rendered":"<p>La semana pasada se premi\u00f3 a las alumnas ganadoras del Concurso organizado por nuestro Departamento de Ciencias entre el alumnado de Ed. Media. Felicitamos a Meiying Ching del 2\u00ba medio B; Paulina Negrete del 4\u00ba medio B; y a Mar\u00eda Jim\u00e9nez del 1\u00ba medio A por su participaci\u00f3n y creatividad. Dpto. de Ciencias CISA<\/p>\n","protected":false},"author":5,"featured_media":0,"comment_status":"closed","ping_status":"open","sticky":false,"template":"","format":"standard","meta":{"_jetpack_memberships_contains_paid_content":false,"footnotes":"","jetpack_publicize_message":"","jetpack_publicize_feature_enabled":true,"jetpack_social_post_already_shared":true,"jetpack_social_options":{"image_generator_settings":{"template":"highway","default_image_id":0,"font":"","enabled":false},"version":2}},"categories":[19],"tags":[],"class_list":["post-13494","post","type-post","status-publish","format-standard","hentry","category-cisa"],"jetpack_publicize_connections":[],"jetpack_featured_media_url":"","jetpack_sharing_enabled":true,"jetpack_shortlink":"https:\/\/wp.me\/p84wcz-3vE","jetpack-related-posts":[{"id":12572,"url":"https:\/\/www.cisa-arica.cl\/wp1\/2021\/05\/25\/ganadoras-concursos-dia-del-libro-2021\/","url_meta":{"origin":13494,"position":0},"title":"Ganadoras Concursos D\u00eda del Libro 2021","author":"Jeannette Rivera","date":"25 de Mayo de 2021","format":false,"excerpt":"El Departamento de Lenguaje y Comunicaci\u00f3n desea agradecer la gran recepci\u00f3n que tuvieron los Concursos Literarios \"Eres lo que lees\" 2021, con m\u00e1s de 150 participantes de todos los niveles que se hicieron presente con sus creaciones art\u00edsticas, creativas y literarias. Las ganadoras ser\u00e1n contactadas v\u00eda correo electr\u00f3nico institucional para\u2026","rel":"","context":"En &quot;CISA&quot;","block_context":{"text":"CISA","link":"https:\/\/www.cisa-arica.cl\/wp1\/category\/cisa\/"},"img":{"alt_text":"","src":"https:\/\/i0.wp.com\/www.cisa-arica.cl\/wp1\/wp-content\/uploads\/2021\/05\/00-e1621907141169.png?resize=350%2C200&ssl=1","width":350,"height":200},"classes":[]},{"id":6874,"url":"https:\/\/www.cisa-arica.cl\/wp1\/2019\/05\/09\/premiacion-alumnas-ganadoras-dia-del-libro-2019\/","url_meta":{"origin":13494,"position":1},"title":"Premiaci\u00f3n ganadoras D\u00eda del Libro 2019","author":"Jeannette Rivera","date":"9 de Mayo de 2019","format":false,"excerpt":"Desde primero b\u00e1sico hasta cuarto medio, un grupo de estudiantes asistieron ayer mi\u00e9rcoles 8 de mayo a canjear sus giftcard de la Librer\u00eda Qu\u00e9 Leo, premio que obtuvieron por parte del Departamento de Lenguaje y Comunicaci\u00f3n por ser las orgullosas ganadoras de los diversos concursos literarios realizados para conmemorar el\u2026","rel":"","context":"Entrada similar ","block_context":{"text":"Entrada similar ","link":""},"img":{"alt_text":"","src":"https:\/\/i0.wp.com\/www.cisa-arica.cl\/wp1\/wp-content\/uploads\/2019\/05\/012-2.jpeg?resize=350%2C200&ssl=1","width":350,"height":200,"srcset":"https:\/\/i0.wp.com\/www.cisa-arica.cl\/wp1\/wp-content\/uploads\/2019\/05\/012-2.jpeg?resize=350%2C200&ssl=1 1x, https:\/\/i0.wp.com\/www.cisa-arica.cl\/wp1\/wp-content\/uploads\/2019\/05\/012-2.jpeg?resize=525%2C300&ssl=1 1.5x, https:\/\/i0.wp.com\/www.cisa-arica.cl\/wp1\/wp-content\/uploads\/2019\/05\/012-2.jpeg?resize=700%2C400&ssl=1 2x, https:\/\/i0.wp.com\/www.cisa-arica.cl\/wp1\/wp-content\/uploads\/2019\/05\/012-2.jpeg?resize=1050%2C600&ssl=1 3x"},"classes":[]},{"id":10761,"url":"https:\/\/www.cisa-arica.cl\/wp1\/2020\/06\/22\/ganadoras-concurso-de-fotografia\/","url_meta":{"origin":13494,"position":2},"title":"Ganadoras concurso de fotograf\u00eda","author":"Jeannette Rivera","date":"22 de Junio de 2020","format":false,"excerpt":"Estimada comunidad Educativa: Los invitamos a conocer las ganadoras del concurso de fotograf\u00eda \u201cMe expreso en cuarentena\u201d, recordar que las categor\u00edas del concurso son las siguientes: 1era Categor\u00eda: Estudiantes de 5to a 8vo B\u00e1sico.\u00a02da Categor\u00eda: Estudiantes de 1ero a 4to medio.\u00a03era categor\u00eda: Padres y Apoderados de todos los niveles.\u00a0 \u00a0As\u00ed\u2026","rel":"","context":"Entrada similar ","block_context":{"text":"Entrada similar ","link":""},"img":{"alt_text":"","src":"https:\/\/i0.wp.com\/www.cisa-arica.cl\/wp1\/wp-content\/uploads\/2020\/06\/Screenshot_1.png?resize=350%2C200&ssl=1","width":350,"height":200},"classes":[]},{"id":10826,"url":"https:\/\/www.cisa-arica.cl\/wp1\/2020\/06\/30\/ganadoras-del-concurso-de-fotografia-como-me-siento-en-cuarentena\/","url_meta":{"origin":13494,"position":3},"title":"Ganadoras del concurso de Fotograf\u00eda \u00bfC\u00f3mo me siento en cuarentena?","author":"cisa","date":"30 de Junio de 2020","format":false,"excerpt":"Estimada comunidad educativa.Junto con saludar y deseando que se\u00a0encuentren bien, el equipo Psicosocial y Convivencia Escolar quiere compartir\u00a0algunas im\u00e1genes de las ganadoras \u00a0del concurso de fotograf\u00eda en\u00a0las diferentes categor\u00edas. Felicitamos y agradecemos la participaci\u00f3n de las estudiantes y sus apoderados. Equipo Psicosocial y Convivencia Escolar.","rel":"","context":"Entrada similar ","block_context":{"text":"Entrada similar ","link":""},"img":{"alt_text":"","src":"https:\/\/i0.wp.com\/www.cisa-arica.cl\/wp1\/wp-content\/uploads\/2020\/06\/Azul-Rosa-Pastel-Gradiente-Collage-5-Fotos-Orgullo-Historia-Instagram.png?resize=350%2C200&ssl=1","width":350,"height":200,"srcset":"https:\/\/i0.wp.com\/www.cisa-arica.cl\/wp1\/wp-content\/uploads\/2020\/06\/Azul-Rosa-Pastel-Gradiente-Collage-5-Fotos-Orgullo-Historia-Instagram.png?resize=350%2C200&ssl=1 1x, https:\/\/i0.wp.com\/www.cisa-arica.cl\/wp1\/wp-content\/uploads\/2020\/06\/Azul-Rosa-Pastel-Gradiente-Collage-5-Fotos-Orgullo-Historia-Instagram.png?resize=525%2C300&ssl=1 1.5x, https:\/\/i0.wp.com\/www.cisa-arica.cl\/wp1\/wp-content\/uploads\/2020\/06\/Azul-Rosa-Pastel-Gradiente-Collage-5-Fotos-Orgullo-Historia-Instagram.png?resize=700%2C400&ssl=1 2x, https:\/\/i0.wp.com\/www.cisa-arica.cl\/wp1\/wp-content\/uploads\/2020\/06\/Azul-Rosa-Pastel-Gradiente-Collage-5-Fotos-Orgullo-Historia-Instagram.png?resize=1050%2C600&ssl=1 3x"},"classes":[]},{"id":16014,"url":"https:\/\/www.cisa-arica.cl\/wp1\/2022\/05\/31\/ganadoras-concurso-de-pintura-y-dibujo-gobernacion-maritima\/","url_meta":{"origin":13494,"position":4},"title":"Ganadoras Concurso de Pintura y Dibujo Gobernaci\u00f3n Mar\u00edtima","author":"Jeannette Rivera","date":"31 de Mayo de 2022","format":false,"excerpt":"Se informa a la Comunidad del Colegio Italiano Santa Ana, que dos de nuestras estudiantes participaron en el Concurso de Pintura y Dibujo Mes del Mar 2022\u00a0 organizado por la Gobernaci\u00f3n Mar\u00edtima de Arica . Ellas son Matilde Vald\u00e9s More del 1 a\u00f1o A y Kabal\u00e1n Warner 7 a\u00f1o B\u2026","rel":"","context":"Entrada similar ","block_context":{"text":"Entrada similar ","link":""},"img":{"alt_text":"","src":"https:\/\/i0.wp.com\/www.cisa-arica.cl\/wp1\/wp-content\/uploads\/2022\/05\/20220527_160024-scaled.jpg?resize=350%2C200&ssl=1","width":350,"height":200,"srcset":"https:\/\/i0.wp.com\/www.cisa-arica.cl\/wp1\/wp-content\/uploads\/2022\/05\/20220527_160024-scaled.jpg?resize=350%2C200&ssl=1 1x, https:\/\/i0.wp.com\/www.cisa-arica.cl\/wp1\/wp-content\/uploads\/2022\/05\/20220527_160024-scaled.jpg?resize=525%2C300&ssl=1 1.5x, https:\/\/i0.wp.com\/www.cisa-arica.cl\/wp1\/wp-content\/uploads\/2022\/05\/20220527_160024-scaled.jpg?resize=700%2C400&ssl=1 2x, https:\/\/i0.wp.com\/www.cisa-arica.cl\/wp1\/wp-content\/uploads\/2022\/05\/20220527_160024-scaled.jpg?resize=1050%2C600&ssl=1 3x, https:\/\/i0.wp.com\/www.cisa-arica.cl\/wp1\/wp-content\/uploads\/2022\/05\/20220527_160024-scaled.jpg?resize=1400%2C800&ssl=1 4x"},"classes":[]},{"id":12690,"url":"https:\/\/www.cisa-arica.cl\/wp1\/2021\/07\/06\/entrega-premios-dia-del-libro\/","url_meta":{"origin":13494,"position":5},"title":"Entrega premios D\u00eda del Libro","author":"Jeannette Rivera","date":"6 de Julio de 2021","format":false,"excerpt":"La semana pasada se realiz\u00f3 la entrega de premios a las estudiantes ganadoras de los concursos del D\u00eda del Libro, actividad organizada por el Dpto. de Lenguaje y Comunicaci\u00f3n y CRA. \u00a1Felicitaciones!","rel":"","context":"Entrada similar ","block_context":{"text":"Entrada similar ","link":""},"img":{"alt_text":"","src":"https:\/\/i0.wp.com\/www.cisa-arica.cl\/wp1\/wp-content\/uploads\/2021\/07\/IMG-20210702-WA0005-e1625581167565.jpg?resize=350%2C200&ssl=1","width":350,"height":200},"classes":[]}],"_links":{"self":[{"href":"https:\/\/www.cisa-arica.cl\/wp1\/wp-json\/wp\/v2\/posts\/13494","targetHints":{"allow":["GET"]}}],"collection":[{"href":"https:\/\/www.cisa-arica.cl\/wp1\/wp-json\/wp\/v2\/posts"}],"about":[{"href":"https:\/\/www.cisa-arica.cl\/wp1\/wp-json\/wp\/v2\/types\/post"}],"author":[{"embeddable":true,"href":"https:\/\/www.cisa-arica.cl\/wp1\/wp-json\/wp\/v2\/users\/5"}],"replies":[{"embeddable":true,"href":"https:\/\/www.cisa-arica.cl\/wp1\/wp-json\/wp\/v2\/comments?post=13494"}],"version-history":[{"count":1,"href":"https:\/\/www.cisa-arica.cl\/wp1\/wp-json\/wp\/v2\/posts\/13494\/revisions"}],"predecessor-version":[{"id":13501,"href":"https:\/\/www.cisa-arica.cl\/wp1\/wp-json\/wp\/v2\/posts\/13494\/revisions\/13501"}],"wp:attachment":[{"href":"https:\/\/www.cisa-arica.cl\/wp1\/wp-json\/wp\/v2\/media?parent=13494"}],"wp:term":[{"taxonomy":"category","embeddable":true,"href":"https:\/\/www.cisa-arica.cl\/wp1\/wp-json\/wp\/v2\/categories?post=13494"},{"taxonomy":"post_tag","embeddable":true,"href":"https:\/\/www.cisa-arica.cl\/wp1\/wp-json\/wp\/v2\/tags?post=13494"}],"curies":[{"name":"wp","href":"https:\/\/api.w.org\/{rel}","templated":true}]}}