{"id":13376,"date":"2021-10-26T08:37:14","date_gmt":"2021-10-26T12:37:14","guid":{"rendered":"https:\/\/www.cisa-arica.cl\/wp1\/?p=13376"},"modified":"2021-10-26T08:37:17","modified_gmt":"2021-10-26T12:37:17","slug":"celebracion-eucaristia-8os-basicos","status":"publish","type":"post","link":"https:\/\/www.cisa-arica.cl\/wp1\/2021\/10\/26\/celebracion-eucaristia-8os-basicos\/","title":{"rendered":"Celebraci\u00f3n Eucarist\u00eda 8os B\u00e1sicos"},"content":{"rendered":"\n<p>Estimada Comunidad Educativa:<\/p>\n\n\n\n<p>Ayer Lunes 25 de octubre los 8os b\u00e1sicos A y B se reunieron junto a sus profesoras jefe para ser part\u00edcipes de la misa por niveles:<\/p>\n\n\n\n<p>&#8220;Nos reunimos como octavos b\u00e1sicos, ante la mesa del Se\u00f1or para dar gracias por nuestras familias y por todo lo que has sembrado en nosotras desde la ni\u00f1ez a la adolescencia. Agredecer por nuestro colegio que ha sabido acompa\u00f1arnos en este tiempo de pandemia. Y para pedir por los enfermos de nuestra comunidad, para que el amor y la esperanza sean luz en estos tiempos de oscuridad.&#8221;<\/p>\n\n\n\n<p>Atentamente, Equipo Pastoral<\/p>\n\n\n\n<figure class=\"wp-block-gallery columns-3 is-cropped wp-block-gallery-1 is-layout-flex wp-block-gallery-is-layout-flex\"><ul class=\"blocks-gallery-grid\"><li class=\"blocks-gallery-item\"><figure><img loading=\"lazy\" decoding=\"async\" width=\"600\" height=\"450\" data-attachment-id=\"13377\" data-permalink=\"https:\/\/www.cisa-arica.cl\/wp1\/2021\/10\/26\/celebracion-eucaristia-8os-basicos\/000-4-2\/\" data-orig-file=\"https:\/\/www.cisa-arica.cl\/wp1\/wp-content\/uploads\/2021\/10\/000-4.jpg\" data-orig-size=\"1600,1200\" data-comments-opened=\"0\" data-image-meta=\"{&quot;aperture&quot;:&quot;0&quot;,&quot;credit&quot;:&quot;&quot;,&quot;camera&quot;:&quot;&quot;,&quot;caption&quot;:&quot;&quot;,&quot;created_timestamp&quot;:&quot;0&quot;,&quot;copyright&quot;:&quot;&quot;,&quot;focal_length&quot;:&quot;0&quot;,&quot;iso&quot;:&quot;0&quot;,&quot;shutter_speed&quot;:&quot;0&quot;,&quot;title&quot;:&quot;&quot;,&quot;orientation&quot;:&quot;0&quot;}\" data-image-title=\"000-4\" data-image-description=\"\" data-image-caption=\"\" data-large-file=\"https:\/\/www.cisa-arica.cl\/wp1\/wp-content\/uploads\/2021\/10\/000-4-600x450.jpg\" src=\"https:\/\/www.cisa-arica.cl\/wp1\/wp-content\/uploads\/2021\/10\/000-4-600x450.jpg\" alt=\"\" data-id=\"13377\" data-full-url=\"https:\/\/www.cisa-arica.cl\/wp1\/wp-content\/uploads\/2021\/10\/000-4.jpg\" data-link=\"https:\/\/www.cisa-arica.cl\/wp1\/?attachment_id=13377\" class=\"wp-image-13377\" srcset=\"https:\/\/www.cisa-arica.cl\/wp1\/wp-content\/uploads\/2021\/10\/000-4-600x450.jpg 600w, https:\/\/www.cisa-arica.cl\/wp1\/wp-content\/uploads\/2021\/10\/000-4-300x225.jpg 300w, https:\/\/www.cisa-arica.cl\/wp1\/wp-content\/uploads\/2021\/10\/000-4-768x576.jpg 768w, https:\/\/www.cisa-arica.cl\/wp1\/wp-content\/uploads\/2021\/10\/000-4-1536x1152.jpg 1536w, https:\/\/www.cisa-arica.cl\/wp1\/wp-content\/uploads\/2021\/10\/000-4.jpg 1600w\" sizes=\"auto, (max-width: 600px) 100vw, 600px\" \/><\/figure><\/li><li class=\"blocks-gallery-item\"><figure><img loading=\"lazy\" decoding=\"async\" width=\"600\" height=\"400\" data-attachment-id=\"13382\" data-permalink=\"https:\/\/www.cisa-arica.cl\/wp1\/2021\/10\/26\/celebracion-eucaristia-8os-basicos\/007-2-3\/\" data-orig-file=\"https:\/\/www.cisa-arica.cl\/wp1\/wp-content\/uploads\/2021\/10\/007-2.jpg\" data-orig-size=\"1599,1066\" data-comments-opened=\"0\" data-image-meta=\"{&quot;aperture&quot;:&quot;0&quot;,&quot;credit&quot;:&quot;&quot;,&quot;camera&quot;:&quot;&quot;,&quot;caption&quot;:&quot;&quot;,&quot;created_timestamp&quot;:&quot;0&quot;,&quot;copyright&quot;:&quot;&quot;,&quot;focal_length&quot;:&quot;0&quot;,&quot;iso&quot;:&quot;0&quot;,&quot;shutter_speed&quot;:&quot;0&quot;,&quot;title&quot;:&quot;&quot;,&quot;orientation&quot;:&quot;0&quot;}\" data-image-title=\"007-2\" data-image-description=\"\" data-image-caption=\"\" data-large-file=\"https:\/\/www.cisa-arica.cl\/wp1\/wp-content\/uploads\/2021\/10\/007-2-600x400.jpg\" src=\"https:\/\/www.cisa-arica.cl\/wp1\/wp-content\/uploads\/2021\/10\/007-2-600x400.jpg\" alt=\"\" data-id=\"13382\" data-full-url=\"https:\/\/www.cisa-arica.cl\/wp1\/wp-content\/uploads\/2021\/10\/007-2.jpg\" data-link=\"https:\/\/www.cisa-arica.cl\/wp1\/?attachment_id=13382\" class=\"wp-image-13382\" srcset=\"https:\/\/www.cisa-arica.cl\/wp1\/wp-content\/uploads\/2021\/10\/007-2-600x400.jpg 600w, https:\/\/www.cisa-arica.cl\/wp1\/wp-content\/uploads\/2021\/10\/007-2-300x200.jpg 300w, https:\/\/www.cisa-arica.cl\/wp1\/wp-content\/uploads\/2021\/10\/007-2-768x512.jpg 768w, https:\/\/www.cisa-arica.cl\/wp1\/wp-content\/uploads\/2021\/10\/007-2-1536x1024.jpg 1536w, https:\/\/www.cisa-arica.cl\/wp1\/wp-content\/uploads\/2021\/10\/007-2.jpg 1599w\" sizes=\"auto, (max-width: 600px) 100vw, 600px\" \/><\/figure><\/li><li class=\"blocks-gallery-item\"><figure><img loading=\"lazy\" decoding=\"async\" width=\"600\" height=\"450\" data-attachment-id=\"13379\" data-permalink=\"https:\/\/www.cisa-arica.cl\/wp1\/2021\/10\/26\/celebracion-eucaristia-8os-basicos\/003-3-2\/\" data-orig-file=\"https:\/\/www.cisa-arica.cl\/wp1\/wp-content\/uploads\/2021\/10\/003-3.jpg\" data-orig-size=\"1600,1200\" data-comments-opened=\"0\" data-image-meta=\"{&quot;aperture&quot;:&quot;0&quot;,&quot;credit&quot;:&quot;&quot;,&quot;camera&quot;:&quot;&quot;,&quot;caption&quot;:&quot;&quot;,&quot;created_timestamp&quot;:&quot;0&quot;,&quot;copyright&quot;:&quot;&quot;,&quot;focal_length&quot;:&quot;0&quot;,&quot;iso&quot;:&quot;0&quot;,&quot;shutter_speed&quot;:&quot;0&quot;,&quot;title&quot;:&quot;&quot;,&quot;orientation&quot;:&quot;0&quot;}\" data-image-title=\"003-3\" data-image-description=\"\" data-image-caption=\"\" data-large-file=\"https:\/\/www.cisa-arica.cl\/wp1\/wp-content\/uploads\/2021\/10\/003-3-600x450.jpg\" src=\"https:\/\/www.cisa-arica.cl\/wp1\/wp-content\/uploads\/2021\/10\/003-3-600x450.jpg\" alt=\"\" data-id=\"13379\" data-full-url=\"https:\/\/www.cisa-arica.cl\/wp1\/wp-content\/uploads\/2021\/10\/003-3.jpg\" data-link=\"https:\/\/www.cisa-arica.cl\/wp1\/?attachment_id=13379\" class=\"wp-image-13379\" srcset=\"https:\/\/www.cisa-arica.cl\/wp1\/wp-content\/uploads\/2021\/10\/003-3-600x450.jpg 600w, https:\/\/www.cisa-arica.cl\/wp1\/wp-content\/uploads\/2021\/10\/003-3-300x225.jpg 300w, https:\/\/www.cisa-arica.cl\/wp1\/wp-content\/uploads\/2021\/10\/003-3-768x576.jpg 768w, https:\/\/www.cisa-arica.cl\/wp1\/wp-content\/uploads\/2021\/10\/003-3-1536x1152.jpg 1536w, https:\/\/www.cisa-arica.cl\/wp1\/wp-content\/uploads\/2021\/10\/003-3.jpg 1600w\" sizes=\"auto, (max-width: 600px) 100vw, 600px\" \/><\/figure><\/li><li class=\"blocks-gallery-item\"><figure><img loading=\"lazy\" decoding=\"async\" width=\"600\" height=\"450\" data-attachment-id=\"13378\" data-permalink=\"https:\/\/www.cisa-arica.cl\/wp1\/2021\/10\/26\/celebracion-eucaristia-8os-basicos\/002-4-2\/\" data-orig-file=\"https:\/\/www.cisa-arica.cl\/wp1\/wp-content\/uploads\/2021\/10\/002-4.jpg\" data-orig-size=\"1600,1200\" data-comments-opened=\"0\" data-image-meta=\"{&quot;aperture&quot;:&quot;0&quot;,&quot;credit&quot;:&quot;&quot;,&quot;camera&quot;:&quot;&quot;,&quot;caption&quot;:&quot;&quot;,&quot;created_timestamp&quot;:&quot;0&quot;,&quot;copyright&quot;:&quot;&quot;,&quot;focal_length&quot;:&quot;0&quot;,&quot;iso&quot;:&quot;0&quot;,&quot;shutter_speed&quot;:&quot;0&quot;,&quot;title&quot;:&quot;&quot;,&quot;orientation&quot;:&quot;0&quot;}\" data-image-title=\"002-4\" data-image-description=\"\" data-image-caption=\"\" data-large-file=\"https:\/\/www.cisa-arica.cl\/wp1\/wp-content\/uploads\/2021\/10\/002-4-600x450.jpg\" src=\"https:\/\/www.cisa-arica.cl\/wp1\/wp-content\/uploads\/2021\/10\/002-4-600x450.jpg\" alt=\"\" data-id=\"13378\" data-full-url=\"https:\/\/www.cisa-arica.cl\/wp1\/wp-content\/uploads\/2021\/10\/002-4.jpg\" data-link=\"https:\/\/www.cisa-arica.cl\/wp1\/?attachment_id=13378\" class=\"wp-image-13378\" srcset=\"https:\/\/www.cisa-arica.cl\/wp1\/wp-content\/uploads\/2021\/10\/002-4-600x450.jpg 600w, https:\/\/www.cisa-arica.cl\/wp1\/wp-content\/uploads\/2021\/10\/002-4-300x225.jpg 300w, https:\/\/www.cisa-arica.cl\/wp1\/wp-content\/uploads\/2021\/10\/002-4-768x576.jpg 768w, https:\/\/www.cisa-arica.cl\/wp1\/wp-content\/uploads\/2021\/10\/002-4-1536x1152.jpg 1536w, https:\/\/www.cisa-arica.cl\/wp1\/wp-content\/uploads\/2021\/10\/002-4.jpg 1600w\" sizes=\"auto, (max-width: 600px) 100vw, 600px\" \/><\/figure><\/li><li class=\"blocks-gallery-item\"><figure><img loading=\"lazy\" decoding=\"async\" width=\"600\" height=\"450\" data-attachment-id=\"13380\" data-permalink=\"https:\/\/www.cisa-arica.cl\/wp1\/2021\/10\/26\/celebracion-eucaristia-8os-basicos\/004-3-3\/\" data-orig-file=\"https:\/\/www.cisa-arica.cl\/wp1\/wp-content\/uploads\/2021\/10\/004-3.jpg\" data-orig-size=\"1600,1200\" data-comments-opened=\"0\" data-image-meta=\"{&quot;aperture&quot;:&quot;0&quot;,&quot;credit&quot;:&quot;&quot;,&quot;camera&quot;:&quot;&quot;,&quot;caption&quot;:&quot;&quot;,&quot;created_timestamp&quot;:&quot;0&quot;,&quot;copyright&quot;:&quot;&quot;,&quot;focal_length&quot;:&quot;0&quot;,&quot;iso&quot;:&quot;0&quot;,&quot;shutter_speed&quot;:&quot;0&quot;,&quot;title&quot;:&quot;&quot;,&quot;orientation&quot;:&quot;0&quot;}\" data-image-title=\"004-3\" data-image-description=\"\" data-image-caption=\"\" data-large-file=\"https:\/\/www.cisa-arica.cl\/wp1\/wp-content\/uploads\/2021\/10\/004-3-600x450.jpg\" src=\"https:\/\/www.cisa-arica.cl\/wp1\/wp-content\/uploads\/2021\/10\/004-3-600x450.jpg\" alt=\"\" data-id=\"13380\" data-full-url=\"https:\/\/www.cisa-arica.cl\/wp1\/wp-content\/uploads\/2021\/10\/004-3.jpg\" data-link=\"https:\/\/www.cisa-arica.cl\/wp1\/?attachment_id=13380\" class=\"wp-image-13380\" srcset=\"https:\/\/www.cisa-arica.cl\/wp1\/wp-content\/uploads\/2021\/10\/004-3-600x450.jpg 600w, https:\/\/www.cisa-arica.cl\/wp1\/wp-content\/uploads\/2021\/10\/004-3-300x225.jpg 300w, https:\/\/www.cisa-arica.cl\/wp1\/wp-content\/uploads\/2021\/10\/004-3-768x576.jpg 768w, https:\/\/www.cisa-arica.cl\/wp1\/wp-content\/uploads\/2021\/10\/004-3-1536x1152.jpg 1536w, https:\/\/www.cisa-arica.cl\/wp1\/wp-content\/uploads\/2021\/10\/004-3.jpg 1600w\" sizes=\"auto, (max-width: 600px) 100vw, 600px\" \/><\/figure><\/li><li class=\"blocks-gallery-item\"><figure><img loading=\"lazy\" decoding=\"async\" width=\"600\" height=\"400\" data-attachment-id=\"13381\" data-permalink=\"https:\/\/www.cisa-arica.cl\/wp1\/2021\/10\/26\/celebracion-eucaristia-8os-basicos\/006-3-2\/\" data-orig-file=\"https:\/\/www.cisa-arica.cl\/wp1\/wp-content\/uploads\/2021\/10\/006-3.jpg\" data-orig-size=\"1599,1066\" data-comments-opened=\"0\" data-image-meta=\"{&quot;aperture&quot;:&quot;0&quot;,&quot;credit&quot;:&quot;&quot;,&quot;camera&quot;:&quot;&quot;,&quot;caption&quot;:&quot;&quot;,&quot;created_timestamp&quot;:&quot;0&quot;,&quot;copyright&quot;:&quot;&quot;,&quot;focal_length&quot;:&quot;0&quot;,&quot;iso&quot;:&quot;0&quot;,&quot;shutter_speed&quot;:&quot;0&quot;,&quot;title&quot;:&quot;&quot;,&quot;orientation&quot;:&quot;0&quot;}\" data-image-title=\"006-3\" data-image-description=\"\" data-image-caption=\"\" data-large-file=\"https:\/\/www.cisa-arica.cl\/wp1\/wp-content\/uploads\/2021\/10\/006-3-600x400.jpg\" src=\"https:\/\/www.cisa-arica.cl\/wp1\/wp-content\/uploads\/2021\/10\/006-3-600x400.jpg\" alt=\"\" data-id=\"13381\" data-full-url=\"https:\/\/www.cisa-arica.cl\/wp1\/wp-content\/uploads\/2021\/10\/006-3.jpg\" data-link=\"https:\/\/www.cisa-arica.cl\/wp1\/?attachment_id=13381\" class=\"wp-image-13381\" srcset=\"https:\/\/www.cisa-arica.cl\/wp1\/wp-content\/uploads\/2021\/10\/006-3-600x400.jpg 600w, https:\/\/www.cisa-arica.cl\/wp1\/wp-content\/uploads\/2021\/10\/006-3-300x200.jpg 300w, https:\/\/www.cisa-arica.cl\/wp1\/wp-content\/uploads\/2021\/10\/006-3-768x512.jpg 768w, https:\/\/www.cisa-arica.cl\/wp1\/wp-content\/uploads\/2021\/10\/006-3-1536x1024.jpg 1536w, https:\/\/www.cisa-arica.cl\/wp1\/wp-content\/uploads\/2021\/10\/006-3.jpg 1599w\" sizes=\"auto, (max-width: 600px) 100vw, 600px\" \/><\/figure><\/li><li class=\"blocks-gallery-item\"><figure><img loading=\"lazy\" decoding=\"async\" width=\"600\" height=\"400\" data-attachment-id=\"13383\" data-permalink=\"https:\/\/www.cisa-arica.cl\/wp1\/2021\/10\/26\/celebracion-eucaristia-8os-basicos\/008-2-2\/\" data-orig-file=\"https:\/\/www.cisa-arica.cl\/wp1\/wp-content\/uploads\/2021\/10\/008-2.jpg\" data-orig-size=\"1599,1066\" data-comments-opened=\"0\" data-image-meta=\"{&quot;aperture&quot;:&quot;0&quot;,&quot;credit&quot;:&quot;&quot;,&quot;camera&quot;:&quot;&quot;,&quot;caption&quot;:&quot;&quot;,&quot;created_timestamp&quot;:&quot;0&quot;,&quot;copyright&quot;:&quot;&quot;,&quot;focal_length&quot;:&quot;0&quot;,&quot;iso&quot;:&quot;0&quot;,&quot;shutter_speed&quot;:&quot;0&quot;,&quot;title&quot;:&quot;&quot;,&quot;orientation&quot;:&quot;0&quot;}\" data-image-title=\"008-2\" data-image-description=\"\" data-image-caption=\"\" data-large-file=\"https:\/\/www.cisa-arica.cl\/wp1\/wp-content\/uploads\/2021\/10\/008-2-600x400.jpg\" src=\"https:\/\/www.cisa-arica.cl\/wp1\/wp-content\/uploads\/2021\/10\/008-2-600x400.jpg\" alt=\"\" data-id=\"13383\" data-full-url=\"https:\/\/www.cisa-arica.cl\/wp1\/wp-content\/uploads\/2021\/10\/008-2.jpg\" data-link=\"https:\/\/www.cisa-arica.cl\/wp1\/?attachment_id=13383\" class=\"wp-image-13383\" srcset=\"https:\/\/www.cisa-arica.cl\/wp1\/wp-content\/uploads\/2021\/10\/008-2-600x400.jpg 600w, https:\/\/www.cisa-arica.cl\/wp1\/wp-content\/uploads\/2021\/10\/008-2-300x200.jpg 300w, https:\/\/www.cisa-arica.cl\/wp1\/wp-content\/uploads\/2021\/10\/008-2-768x512.jpg 768w, https:\/\/www.cisa-arica.cl\/wp1\/wp-content\/uploads\/2021\/10\/008-2-1536x1024.jpg 1536w, https:\/\/www.cisa-arica.cl\/wp1\/wp-content\/uploads\/2021\/10\/008-2.jpg 1599w\" sizes=\"auto, (max-width: 600px) 100vw, 600px\" \/><\/figure><\/li><li class=\"blocks-gallery-item\"><figure><img loading=\"lazy\" decoding=\"async\" width=\"400\" height=\"600\" data-attachment-id=\"13384\" data-permalink=\"https:\/\/www.cisa-arica.cl\/wp1\/2021\/10\/26\/celebracion-eucaristia-8os-basicos\/009-2-3\/\" data-orig-file=\"https:\/\/www.cisa-arica.cl\/wp1\/wp-content\/uploads\/2021\/10\/009-2.jpg\" data-orig-size=\"1066,1599\" data-comments-opened=\"0\" data-image-meta=\"{&quot;aperture&quot;:&quot;0&quot;,&quot;credit&quot;:&quot;&quot;,&quot;camera&quot;:&quot;&quot;,&quot;caption&quot;:&quot;&quot;,&quot;created_timestamp&quot;:&quot;0&quot;,&quot;copyright&quot;:&quot;&quot;,&quot;focal_length&quot;:&quot;0&quot;,&quot;iso&quot;:&quot;0&quot;,&quot;shutter_speed&quot;:&quot;0&quot;,&quot;title&quot;:&quot;&quot;,&quot;orientation&quot;:&quot;0&quot;}\" data-image-title=\"009-2\" data-image-description=\"\" data-image-caption=\"\" data-large-file=\"https:\/\/www.cisa-arica.cl\/wp1\/wp-content\/uploads\/2021\/10\/009-2-400x600.jpg\" src=\"https:\/\/www.cisa-arica.cl\/wp1\/wp-content\/uploads\/2021\/10\/009-2-400x600.jpg\" alt=\"\" data-id=\"13384\" data-full-url=\"https:\/\/www.cisa-arica.cl\/wp1\/wp-content\/uploads\/2021\/10\/009-2.jpg\" data-link=\"https:\/\/www.cisa-arica.cl\/wp1\/?attachment_id=13384\" class=\"wp-image-13384\" srcset=\"https:\/\/www.cisa-arica.cl\/wp1\/wp-content\/uploads\/2021\/10\/009-2-400x600.jpg 400w, https:\/\/www.cisa-arica.cl\/wp1\/wp-content\/uploads\/2021\/10\/009-2-200x300.jpg 200w, https:\/\/www.cisa-arica.cl\/wp1\/wp-content\/uploads\/2021\/10\/009-2-768x1152.jpg 768w, https:\/\/www.cisa-arica.cl\/wp1\/wp-content\/uploads\/2021\/10\/009-2-1024x1536.jpg 1024w, https:\/\/www.cisa-arica.cl\/wp1\/wp-content\/uploads\/2021\/10\/009-2.jpg 1066w\" sizes=\"auto, (max-width: 400px) 100vw, 400px\" \/><\/figure><\/li><li class=\"blocks-gallery-item\"><figure><img loading=\"lazy\" decoding=\"async\" width=\"600\" height=\"400\" data-attachment-id=\"13385\" data-permalink=\"https:\/\/www.cisa-arica.cl\/wp1\/2021\/10\/26\/celebracion-eucaristia-8os-basicos\/010-2-3\/\" data-orig-file=\"https:\/\/www.cisa-arica.cl\/wp1\/wp-content\/uploads\/2021\/10\/010-2.jpg\" data-orig-size=\"1599,1066\" data-comments-opened=\"0\" data-image-meta=\"{&quot;aperture&quot;:&quot;0&quot;,&quot;credit&quot;:&quot;&quot;,&quot;camera&quot;:&quot;&quot;,&quot;caption&quot;:&quot;&quot;,&quot;created_timestamp&quot;:&quot;0&quot;,&quot;copyright&quot;:&quot;&quot;,&quot;focal_length&quot;:&quot;0&quot;,&quot;iso&quot;:&quot;0&quot;,&quot;shutter_speed&quot;:&quot;0&quot;,&quot;title&quot;:&quot;&quot;,&quot;orientation&quot;:&quot;0&quot;}\" data-image-title=\"010-2\" data-image-description=\"\" data-image-caption=\"\" data-large-file=\"https:\/\/www.cisa-arica.cl\/wp1\/wp-content\/uploads\/2021\/10\/010-2-600x400.jpg\" src=\"https:\/\/www.cisa-arica.cl\/wp1\/wp-content\/uploads\/2021\/10\/010-2-600x400.jpg\" alt=\"\" data-id=\"13385\" data-full-url=\"https:\/\/www.cisa-arica.cl\/wp1\/wp-content\/uploads\/2021\/10\/010-2.jpg\" data-link=\"https:\/\/www.cisa-arica.cl\/wp1\/?attachment_id=13385\" class=\"wp-image-13385\" srcset=\"https:\/\/www.cisa-arica.cl\/wp1\/wp-content\/uploads\/2021\/10\/010-2-600x400.jpg 600w, https:\/\/www.cisa-arica.cl\/wp1\/wp-content\/uploads\/2021\/10\/010-2-300x200.jpg 300w, https:\/\/www.cisa-arica.cl\/wp1\/wp-content\/uploads\/2021\/10\/010-2-768x512.jpg 768w, https:\/\/www.cisa-arica.cl\/wp1\/wp-content\/uploads\/2021\/10\/010-2-1536x1024.jpg 1536w, https:\/\/www.cisa-arica.cl\/wp1\/wp-content\/uploads\/2021\/10\/010-2.jpg 1599w\" sizes=\"auto, (max-width: 600px) 100vw, 600px\" \/><\/figure><\/li><\/ul><\/figure>\n","protected":false},"excerpt":{"rendered":"<p>Estimada Comunidad Educativa: Ayer Lunes 25 de octubre los 8os b\u00e1sicos A y B se reunieron junto a sus profesoras jefe para ser part\u00edcipes de la misa por niveles: &#8220;Nos reunimos como octavos b\u00e1sicos, ante la mesa del Se\u00f1or para dar gracias por nuestras familias y por todo lo que has sembrado en nosotras desde <a class=\"read-more\" href=\"https:\/\/www.cisa-arica.cl\/wp1\/2021\/10\/26\/celebracion-eucaristia-8os-basicos\/\">Continuar leyendo<\/a><\/p>\n","protected":false},"author":5,"featured_media":13375,"comment_status":"closed","ping_status":"open","sticky":false,"template":"","format":"standard","meta":{"_jetpack_memberships_contains_paid_content":false,"footnotes":"","jetpack_publicize_message":"","jetpack_publicize_feature_enabled":true,"jetpack_social_post_already_shared":true,"jetpack_social_options":{"image_generator_settings":{"template":"highway","default_image_id":0,"font":"","enabled":false},"version":2}},"categories":[4,16],"tags":[],"class_list":["post-13376","post","type-post","status-publish","format-standard","has-post-thumbnail","hentry","category-galeria","category-pastoral"],"jetpack_publicize_connections":[],"jetpack_featured_media_url":"https:\/\/www.cisa-arica.cl\/wp1\/wp-content\/uploads\/2021\/10\/011-1.jpg","jetpack_sharing_enabled":true,"jetpack_shortlink":"https:\/\/wp.me\/p84wcz-3tK","jetpack-related-posts":[{"id":10039,"url":"https:\/\/www.cisa-arica.cl\/wp1\/2019\/10\/22\/informativo-suspension-salida-a-terreno-8os-basicos\/","url_meta":{"origin":13376,"position":0},"title":"Informativo: Suspensi\u00f3n salida a terreno 8os b\u00e1sicos","author":"Jeannette Rivera","date":"22 de Octubre de 2019","format":false,"excerpt":"Estimados padres y apoderados: Velando siempre por la seguridad y resguardo de nuestras alumnas, se ha decidido suspender hasta nuevo aviso la salida a terreno de los 8os b\u00e1sicos A y B hacia la salitrera de Humberstone prevista originalmente para este viernes 25 de octubre. La recalendarizaci\u00f3n de la nueva\u2026","rel":"","context":"Entrada similar ","block_context":{"text":"Entrada similar ","link":""},"img":{"alt_text":"","src":"https:\/\/i0.wp.com\/www.cisa-arica.cl\/wp1\/wp-content\/uploads\/2019\/04\/cropped-LOGO_CISA_chico-2-e1557940881746.png?resize=350%2C200&ssl=1","width":350,"height":200},"classes":[]},{"id":8885,"url":"https:\/\/www.cisa-arica.cl\/wp1\/2019\/09\/03\/taller-para-padres-y-apoderados-8os-basicos\/","url_meta":{"origin":13376,"position":1},"title":"Taller para padres y apoderados 8os b\u00e1sicos","author":"Jeannette Rivera","date":"3 de Septiembre de 2019","format":false,"excerpt":"El pasado mi\u00e9rcoles 28 de agosto se realiz\u00f3 en nuestro establecimiento el Taller para padres y apoderados de 8tos b\u00e1sicos \u201cEnfrentando los cambios en la adolescencia\u201d, a cargo de nuestro Equipo Psicosocial y Convivencia Escolar, y cuyo objetivo fue el entregar algunas herramientas necesarias para lograr una vinculaci\u00f3n positiva entre\u2026","rel":"","context":"Entrada similar ","block_context":{"text":"Entrada similar ","link":""},"img":{"alt_text":"","src":"https:\/\/i0.wp.com\/www.cisa-arica.cl\/wp1\/wp-content\/uploads\/2019\/09\/aae.jpeg?resize=350%2C200&ssl=1","width":350,"height":200,"srcset":"https:\/\/i0.wp.com\/www.cisa-arica.cl\/wp1\/wp-content\/uploads\/2019\/09\/aae.jpeg?resize=350%2C200&ssl=1 1x, https:\/\/i0.wp.com\/www.cisa-arica.cl\/wp1\/wp-content\/uploads\/2019\/09\/aae.jpeg?resize=525%2C300&ssl=1 1.5x, https:\/\/i0.wp.com\/www.cisa-arica.cl\/wp1\/wp-content\/uploads\/2019\/09\/aae.jpeg?resize=700%2C400&ssl=1 2x, https:\/\/i0.wp.com\/www.cisa-arica.cl\/wp1\/wp-content\/uploads\/2019\/09\/aae.jpeg?resize=1050%2C600&ssl=1 3x"},"classes":[]},{"id":9323,"url":"https:\/\/www.cisa-arica.cl\/wp1\/2019\/09\/11\/campana-de-vacunacion-1os-4os-5os-y-8os-basicos\/","url_meta":{"origin":13376,"position":2},"title":"Campa\u00f1a de vacunaci\u00f3n 1os, 4os, 5os y 8os b\u00e1sicos","author":"Jeannette Rivera","date":"11 de Septiembre de 2019","format":false,"excerpt":"Se informa que durante el d\u00eda martes 10 de septiembre se llev\u00f3 a cabo el proceso de vacunaci\u00f3n dirigida a la poblaci\u00f3n escolar a cargo del Programa Nacional de Inmunizaciones, se aplic\u00f3 la vacunaci\u00f3n espec\u00edfica en la imagen adjunta a los primeros, cuartos, quintos y octavos b\u00e1sicos, dando as\u00ed la\u2026","rel":"","context":"Entrada similar ","block_context":{"text":"Entrada similar ","link":""},"img":{"alt_text":"","src":"https:\/\/i0.wp.com\/www.cisa-arica.cl\/wp1\/wp-content\/uploads\/2019\/09\/Screenshot_1-2.jpg?resize=350%2C200&ssl=1","width":350,"height":200,"srcset":"https:\/\/i0.wp.com\/www.cisa-arica.cl\/wp1\/wp-content\/uploads\/2019\/09\/Screenshot_1-2.jpg?resize=350%2C200&ssl=1 1x, https:\/\/i0.wp.com\/www.cisa-arica.cl\/wp1\/wp-content\/uploads\/2019\/09\/Screenshot_1-2.jpg?resize=525%2C300&ssl=1 1.5x"},"classes":[]},{"id":8660,"url":"https:\/\/www.cisa-arica.cl\/wp1\/2019\/08\/26\/cita-taller-para-padres-8os-basicos\/","url_meta":{"origin":13376,"position":3},"title":"Cita a Taller para padres 8os b\u00e1sicos","author":"Jeannette Rivera","date":"26 de Agosto de 2019","format":false,"excerpt":"Estimado Padre y Apoderado: Junto con saludarle muy cordialmente, tengo el agrado de invitar a usted a participar en el Taller para Padres \"C\u00f3mo enfrentar los cambios en la adolescencia\", apuntado a los apoderados de 8\u00ba b\u00e1sico y que se realizar\u00e1 el mi\u00e9rcoles 28 de agosto a las 19:00 hrs\u2026","rel":"","context":"Entrada similar ","block_context":{"text":"Entrada similar ","link":""},"img":{"alt_text":"","src":"https:\/\/i0.wp.com\/www.cisa-arica.cl\/wp1\/wp-content\/uploads\/2019\/04\/cropped-LOGO_CISA_chico-2-e1557940881746.png?resize=350%2C200&ssl=1","width":350,"height":200},"classes":[]},{"id":13542,"url":"https:\/\/www.cisa-arica.cl\/wp1\/2021\/11\/05\/celebracion-eucaristia-7os-basicos\/","url_meta":{"origin":13376,"position":4},"title":"Celebraci\u00f3n Eucarist\u00eda 7os B\u00e1sicos","author":"Jeannette Rivera","date":"5 de Noviembre de 2021","format":false,"excerpt":"Estimada Comunidad Educativa: El pasado 04 de noviembre los 7os b\u00e1sicos A y B se reunieron junto a sus profesoras jefe para ser part\u00edcipes de la misa por niveles: \"Con mucha fe se han acercado a la mesa del Se\u00f1or las estudiantes de los S\u00e9ptimos b\u00e1sicos para pedir de manera\u2026","rel":"","context":"En &quot;galeria&quot;","block_context":{"text":"galeria","link":"https:\/\/www.cisa-arica.cl\/wp1\/category\/galeria\/"},"img":{"alt_text":"","src":"https:\/\/i0.wp.com\/www.cisa-arica.cl\/wp1\/wp-content\/uploads\/2021\/11\/008.jpg?resize=350%2C200&ssl=1","width":350,"height":200,"srcset":"https:\/\/i0.wp.com\/www.cisa-arica.cl\/wp1\/wp-content\/uploads\/2021\/11\/008.jpg?resize=350%2C200&ssl=1 1x, https:\/\/i0.wp.com\/www.cisa-arica.cl\/wp1\/wp-content\/uploads\/2021\/11\/008.jpg?resize=525%2C300&ssl=1 1.5x, https:\/\/i0.wp.com\/www.cisa-arica.cl\/wp1\/wp-content\/uploads\/2021\/11\/008.jpg?resize=700%2C400&ssl=1 2x, https:\/\/i0.wp.com\/www.cisa-arica.cl\/wp1\/wp-content\/uploads\/2021\/11\/008.jpg?resize=1050%2C600&ssl=1 3x, https:\/\/i0.wp.com\/www.cisa-arica.cl\/wp1\/wp-content\/uploads\/2021\/11\/008.jpg?resize=1400%2C800&ssl=1 4x"},"classes":[]},{"id":13090,"url":"https:\/\/www.cisa-arica.cl\/wp1\/2021\/09\/07\/celebracion-eucaristia-cuartos-basicos\/","url_meta":{"origin":13376,"position":5},"title":"Celebraci\u00f3n Eucarist\u00eda Cuartos B\u00e1sicos","author":"Jeannette Rivera","date":"7 de Septiembre de 2021","format":false,"excerpt":"Estimada Comunidad Educativa: Ayer Lunes 06 de septiembre nuestras alumnas de los cuartos b\u00e1sicos A y B, en compa\u00f1\u00eda de sus profesoras y t\u00e9cnicos de aula, han celebrado la Santa Misa pidiendo a Dios por nuestras familias, para que el amor sea el pilar fundamental en estos tiempos dif\u00edciles y\u2026","rel":"","context":"En &quot;galeria&quot;","block_context":{"text":"galeria","link":"https:\/\/www.cisa-arica.cl\/wp1\/category\/galeria\/"},"img":{"alt_text":"","src":"https:\/\/i0.wp.com\/www.cisa-arica.cl\/wp1\/wp-content\/uploads\/2021\/09\/014.jpg?resize=350%2C200&ssl=1","width":350,"height":200,"srcset":"https:\/\/i0.wp.com\/www.cisa-arica.cl\/wp1\/wp-content\/uploads\/2021\/09\/014.jpg?resize=350%2C200&ssl=1 1x, https:\/\/i0.wp.com\/www.cisa-arica.cl\/wp1\/wp-content\/uploads\/2021\/09\/014.jpg?resize=525%2C300&ssl=1 1.5x, https:\/\/i0.wp.com\/www.cisa-arica.cl\/wp1\/wp-content\/uploads\/2021\/09\/014.jpg?resize=700%2C400&ssl=1 2x, https:\/\/i0.wp.com\/www.cisa-arica.cl\/wp1\/wp-content\/uploads\/2021\/09\/014.jpg?resize=1050%2C600&ssl=1 3x, https:\/\/i0.wp.com\/www.cisa-arica.cl\/wp1\/wp-content\/uploads\/2021\/09\/014.jpg?resize=1400%2C800&ssl=1 4x"},"classes":[]}],"_links":{"self":[{"href":"https:\/\/www.cisa-arica.cl\/wp1\/wp-json\/wp\/v2\/posts\/13376","targetHints":{"allow":["GET"]}}],"collection":[{"href":"https:\/\/www.cisa-arica.cl\/wp1\/wp-json\/wp\/v2\/posts"}],"about":[{"href":"https:\/\/www.cisa-arica.cl\/wp1\/wp-json\/wp\/v2\/types\/post"}],"author":[{"embeddable":true,"href":"https:\/\/www.cisa-arica.cl\/wp1\/wp-json\/wp\/v2\/users\/5"}],"replies":[{"embeddable":true,"href":"https:\/\/www.cisa-arica.cl\/wp1\/wp-json\/wp\/v2\/comments?post=13376"}],"version-history":[{"count":1,"href":"https:\/\/www.cisa-arica.cl\/wp1\/wp-json\/wp\/v2\/posts\/13376\/revisions"}],"predecessor-version":[{"id":13386,"href":"https:\/\/www.cisa-arica.cl\/wp1\/wp-json\/wp\/v2\/posts\/13376\/revisions\/13386"}],"wp:featuredmedia":[{"embeddable":true,"href":"https:\/\/www.cisa-arica.cl\/wp1\/wp-json\/wp\/v2\/media\/13375"}],"wp:attachment":[{"href":"https:\/\/www.cisa-arica.cl\/wp1\/wp-json\/wp\/v2\/media?parent=13376"}],"wp:term":[{"taxonomy":"category","embeddable":true,"href":"https:\/\/www.cisa-arica.cl\/wp1\/wp-json\/wp\/v2\/categories?post=13376"},{"taxonomy":"post_tag","embeddable":true,"href":"https:\/\/www.cisa-arica.cl\/wp1\/wp-json\/wp\/v2\/tags?post=13376"}],"curies":[{"name":"wp","href":"https:\/\/api.w.org\/{rel}","templated":true}]}}