{"id":13362,"date":"2021-10-26T08:21:12","date_gmt":"2021-10-26T12:21:12","guid":{"rendered":"https:\/\/www.cisa-arica.cl\/wp1\/?p=13362"},"modified":"2021-10-26T08:22:23","modified_gmt":"2021-10-26T12:22:23","slug":"informativo-psicopedagogico-no6-beneficios-de-acudir-a-un-psicopedagogo","status":"publish","type":"post","link":"https:\/\/www.cisa-arica.cl\/wp1\/2021\/10\/26\/informativo-psicopedagogico-no6-beneficios-de-acudir-a-un-psicopedagogo\/","title":{"rendered":"Informativo Psicopedag\u00f3gico N\u00ba6: &#8220;Beneficios de acudir a un psicopedagogo&#8221;"},"content":{"rendered":"<p>Estimada Familia Santa Ana:<br \/>\n&nbsp;<\/p>\n<p>El equipo psicopedag\u00f3gico de nuestro establecimiento ha preparado el siguiente material donde podr\u00e1n conocer los beneficios que se tienen al trabajar junto a un psicopedagogo(a)&#8230;Pero, \u00bfCu\u00e1l es el objetivo de un psicopedagogo?<\/p>\n<p>El\u00a0objetivo\u00a0<wbr \/>principal es estudiar los procesos de desarrollo cognitivo y encontrar soluciones para las posibles dificultades de aprendizaje que pueda detectar<\/p>\n<p>Los (as) invitamos a observar el siguiente video:<\/p>\n<figure class=\"wp-block-embed wp-block-embed-youtube is-type-video is-provider-youtube epyt-figure\"><div class=\"wp-block-embed__wrapper\"><iframe loading=\"lazy\"  id=\"_ytid_55889\"  width=\"800\" height=\"450\"  data-origwidth=\"800\" data-origheight=\"450\" src=\"https:\/\/www.youtube.com\/embed\/j1Dv--i6XTk?enablejsapi=1&autoplay=0&cc_load_policy=0&cc_lang_pref=&iv_load_policy=1&loop=0&rel=1&fs=1&playsinline=0&autohide=2&theme=dark&color=red&controls=1&disablekb=0&\" class=\"__youtube_prefs__  no-lazyload\" title=\"YouTube player\"  allow=\"fullscreen; accelerometer; autoplay; clipboard-write; encrypted-media; gyroscope; picture-in-picture; web-share\" referrerpolicy=\"strict-origin-when-cross-origin\" allowfullscreen data-no-lazy=\"1\" data-skipgform_ajax_framebjll=\"\"><\/iframe><\/div><\/figure>\n<h6><\/h6>\n<p>Atte, Equipo Psicopedag\u00f3gico CISA<\/p>\n","protected":false},"excerpt":{"rendered":"<p>Estimada Familia Santa Ana: &nbsp; El equipo psicopedag\u00f3gico de nuestro establecimiento ha preparado el siguiente material donde podr\u00e1n conocer los beneficios que se tienen al trabajar junto a un psicopedagogo(a)&#8230;Pero, \u00bfCu\u00e1l es el objetivo de un psicopedagogo? El\u00a0objetivo\u00a0principal es estudiar los procesos de desarrollo cognitivo y encontrar soluciones para las posibles dificultades de aprendizaje que <a class=\"read-more\" href=\"https:\/\/www.cisa-arica.cl\/wp1\/2021\/10\/26\/informativo-psicopedagogico-no6-beneficios-de-acudir-a-un-psicopedagogo\/\">Continuar leyendo<\/a><\/p>\n","protected":false},"author":5,"featured_media":13363,"comment_status":"closed","ping_status":"open","sticky":false,"template":"","format":"standard","meta":{"_jetpack_memberships_contains_paid_content":false,"footnotes":"","jetpack_publicize_message":"","jetpack_publicize_feature_enabled":true,"jetpack_social_post_already_shared":true,"jetpack_social_options":{"image_generator_settings":{"template":"highway","default_image_id":0,"font":"","enabled":false},"version":2}},"categories":[5],"tags":[],"class_list":["post-13362","post","type-post","status-publish","format-standard","has-post-thumbnail","hentry","category-uncategorized"],"jetpack_publicize_connections":[],"jetpack_featured_media_url":"https:\/\/www.cisa-arica.cl\/wp1\/wp-content\/uploads\/2021\/10\/Screenshot_5-1.jpg","jetpack_sharing_enabled":true,"jetpack_shortlink":"https:\/\/wp.me\/p84wcz-3tw","jetpack-related-posts":[{"id":12523,"url":"https:\/\/www.cisa-arica.cl\/wp1\/2021\/05\/18\/informativo-psicopedagogico-n3-orientaciones-para-trabajar-en-clases-virtuales\/","url_meta":{"origin":13362,"position":0},"title":"Informativo Psicopedag\u00f3gico N\u00b03: Orientaciones para trabajar en clases virtuales","author":"Jeannette Rivera","date":"18 de Mayo de 2021","format":false,"excerpt":"Estimada Familia Santa Ana: El Equipo Psicopedag\u00f3gico de nuestro establecimiento ha preparado el siguiente material sobre \"ORIENTACIONES PARA TRABAJAR EN CLASES VIRTUALES\", su objetivo es fortalecer los valores como el respeto, responsabilidad y tambi\u00e9n la empat\u00eda para lograr una sana convivencia y autocuidado. Esperamos sea de gran ayuda. EQUIPO PSICOPEDAG\u00d3GICO\u2026","rel":"","context":"En &quot;Boletines&quot;","block_context":{"text":"Boletines","link":"https:\/\/www.cisa-arica.cl\/wp1\/category\/boletines\/"},"img":{"alt_text":"","src":"https:\/\/i0.wp.com\/www.cisa-arica.cl\/wp1\/wp-content\/uploads\/2021\/05\/Screenshot_1.png?resize=350%2C200&ssl=1","width":350,"height":200},"classes":[]},{"id":12743,"url":"https:\/\/www.cisa-arica.cl\/wp1\/2021\/07\/28\/informativo-psicopedagogico-n4-decalogo-de-buenas-practicas-educativas-para-apoderados\/","url_meta":{"origin":13362,"position":1},"title":"Informativo Psicopedag\u00f3gico N\u00b04: Dec\u00e1logo de buenas pr\u00e1cticas educativas para apoderados","author":"Jeannette Rivera","date":"28 de Julio de 2021","format":false,"excerpt":"Estimada familia Santa Ana: Nuestro Equipo Psicopedag\u00f3gico de nuestro establecimiento ha preparado el siguiente material para poder orientar a padres y apoderados en el apoyo de sus hijas durante las clases virtuales. Los invitamos a ver el siguiente dec\u00e1logo. Esperamos les guste y sea de gran ayuda. Atte, Equipo Psicopedagogas\u2026","rel":"","context":"En &quot;Boletines&quot;","block_context":{"text":"Boletines","link":"https:\/\/www.cisa-arica.cl\/wp1\/category\/boletines\/"},"img":{"alt_text":"","src":"https:\/\/i0.wp.com\/www.cisa-arica.cl\/wp1\/wp-content\/uploads\/2021\/07\/Screenshot_1.png?resize=350%2C200&ssl=1","width":350,"height":200,"srcset":"https:\/\/i0.wp.com\/www.cisa-arica.cl\/wp1\/wp-content\/uploads\/2021\/07\/Screenshot_1.png?resize=350%2C200&ssl=1 1x, https:\/\/i0.wp.com\/www.cisa-arica.cl\/wp1\/wp-content\/uploads\/2021\/07\/Screenshot_1.png?resize=525%2C300&ssl=1 1.5x"},"classes":[]},{"id":12934,"url":"https:\/\/www.cisa-arica.cl\/wp1\/2021\/08\/27\/informativo-psicopedagogico-n5-funciones-ejecutivas\/","url_meta":{"origin":13362,"position":2},"title":"Informativo Psicopedag\u00f3gico N\u00b05: Funciones Ejecutivas","author":"Jeannette Rivera","date":"27 de Agosto de 2021","format":false,"excerpt":"Estimada familia Santa Ana: Nuestro Equipo Psicopedag\u00f3gico ha preparado el siguiente material para poder tener mayor conocimiento de las funciones ejecutivas, pero... \u00bfQu\u00e9 son las funciones ejecutivas?,\u00a0 estas son actividades mentales complejas que nos ayudan a planificar, organizar, guiar y evaluar el comportamiento necesario para adaptarnos al entorno y poder\u2026","rel":"","context":"Entrada similar ","block_context":{"text":"Entrada similar ","link":""},"img":{"alt_text":"","src":"https:\/\/i0.wp.com\/www.cisa-arica.cl\/wp1\/wp-content\/uploads\/2021\/08\/Screenshot_3-2.png?resize=350%2C200&ssl=1","width":350,"height":200},"classes":[]},{"id":12136,"url":"https:\/\/www.cisa-arica.cl\/wp1\/2021\/03\/25\/informativo-psicopedagogico-n1-la-concentracion\/","url_meta":{"origin":13362,"position":3},"title":"Informativo Psicopedag\u00f3gico N\u00b01: La Concentraci\u00f3n","author":"Jeannette Rivera","date":"25 de Marzo de 2021","format":false,"excerpt":"Estimada Familia Santa Ana: El equipo psicopedag\u00f3gico de nuestro establecimiento conformado por las psicopedagogas: Katherine Gonz\u00e1lez, Paulina Guti\u00e9rrez y Marilyn Mercado, han realizado este primer informativo sobre la concentraci\u00f3n en las m\u00e1s peque\u00f1as de nuestro hogar. La idea es acompa\u00f1arlos entregando informaci\u00f3n, tips y recomendaciones sobre temas que a veces\u2026","rel":"","context":"Entrada similar ","block_context":{"text":"Entrada similar ","link":""},"img":{"alt_text":"","src":"https:\/\/i0.wp.com\/www.cisa-arica.cl\/wp1\/wp-content\/uploads\/2021\/03\/Screenshot_9.png?resize=350%2C200&ssl=1","width":350,"height":200},"classes":[]},{"id":16781,"url":"https:\/\/www.cisa-arica.cl\/wp1\/2022\/07\/02\/consejos-para-vacaciones-de-invierno-equipo-psicopedagogico\/","url_meta":{"origin":13362,"position":4},"title":"Consejos para Vacaciones de Invierno-Equipo Psicopedag\u00f3gico","author":"Jeannette Rivera","date":"2 de Julio de 2022","format":false,"excerpt":"Estimadas estudiantes: Hemos finalizado el primer semestre de este a\u00f1o lectivo 2022, en donde el reencuentro con ustedes, fue el motor de inicio para retomar la presencialidad. Luego de cuatro meses de arduo trabajo, comenzaron las vacaciones de invierno para renovar energ\u00edas y cuidarse en familia. Por esta raz\u00f3n, el\u2026","rel":"","context":"Entrada similar ","block_context":{"text":"Entrada similar ","link":""},"img":{"alt_text":"","src":"https:\/\/i0.wp.com\/www.cisa-arica.cl\/wp1\/wp-content\/uploads\/2022\/07\/WhatsApp-Image-2022-07-02-at-6.35.49-PM.jpeg?resize=350%2C200&ssl=1","width":350,"height":200,"srcset":"https:\/\/i0.wp.com\/www.cisa-arica.cl\/wp1\/wp-content\/uploads\/2022\/07\/WhatsApp-Image-2022-07-02-at-6.35.49-PM.jpeg?resize=350%2C200&ssl=1 1x, https:\/\/i0.wp.com\/www.cisa-arica.cl\/wp1\/wp-content\/uploads\/2022\/07\/WhatsApp-Image-2022-07-02-at-6.35.49-PM.jpeg?resize=525%2C300&ssl=1 1.5x, https:\/\/i0.wp.com\/www.cisa-arica.cl\/wp1\/wp-content\/uploads\/2022\/07\/WhatsApp-Image-2022-07-02-at-6.35.49-PM.jpeg?resize=700%2C400&ssl=1 2x"},"classes":[]},{"id":13592,"url":"https:\/\/www.cisa-arica.cl\/wp1\/2021\/11\/09\/informativo-psicopedagogico-no7-la-memoria\/","url_meta":{"origin":13362,"position":5},"title":"Informativo Psicopedag\u00f3gico N\u00ba7: La Memoria","author":"Jeannette Rivera","date":"9 de Noviembre de 2021","format":false,"excerpt":"Estimada Familia Santa Ana: El equipo psicopedag\u00f3gico de nuestro establecimiento ha querido presentarles un video realizado por las estudiantes en pr\u00e1ctica profesional de psicopedagog\u00eda del Insituto\u00a0Santo Tom\u00e1s-Arica. En esta\u00a0oportunidad queremos entregarles algunos tips sobre la memoria. Pero...\u00bfQu\u00e9 es la memoria? Es una capacidad cognitiva que est\u00e1 presente en nuestro d\u00eda\u2026","rel":"","context":"En &quot;CISA&quot;","block_context":{"text":"CISA","link":"https:\/\/www.cisa-arica.cl\/wp1\/category\/cisa\/"},"img":{"alt_text":"","src":"https:\/\/i0.wp.com\/www.cisa-arica.cl\/wp1\/wp-content\/uploads\/2021\/11\/Screenshot_1.jpg?resize=350%2C200&ssl=1","width":350,"height":200},"classes":[]}],"_links":{"self":[{"href":"https:\/\/www.cisa-arica.cl\/wp1\/wp-json\/wp\/v2\/posts\/13362","targetHints":{"allow":["GET"]}}],"collection":[{"href":"https:\/\/www.cisa-arica.cl\/wp1\/wp-json\/wp\/v2\/posts"}],"about":[{"href":"https:\/\/www.cisa-arica.cl\/wp1\/wp-json\/wp\/v2\/types\/post"}],"author":[{"embeddable":true,"href":"https:\/\/www.cisa-arica.cl\/wp1\/wp-json\/wp\/v2\/users\/5"}],"replies":[{"embeddable":true,"href":"https:\/\/www.cisa-arica.cl\/wp1\/wp-json\/wp\/v2\/comments?post=13362"}],"version-history":[{"count":2,"href":"https:\/\/www.cisa-arica.cl\/wp1\/wp-json\/wp\/v2\/posts\/13362\/revisions"}],"predecessor-version":[{"id":13365,"href":"https:\/\/www.cisa-arica.cl\/wp1\/wp-json\/wp\/v2\/posts\/13362\/revisions\/13365"}],"wp:featuredmedia":[{"embeddable":true,"href":"https:\/\/www.cisa-arica.cl\/wp1\/wp-json\/wp\/v2\/media\/13363"}],"wp:attachment":[{"href":"https:\/\/www.cisa-arica.cl\/wp1\/wp-json\/wp\/v2\/media?parent=13362"}],"wp:term":[{"taxonomy":"category","embeddable":true,"href":"https:\/\/www.cisa-arica.cl\/wp1\/wp-json\/wp\/v2\/categories?post=13362"},{"taxonomy":"post_tag","embeddable":true,"href":"https:\/\/www.cisa-arica.cl\/wp1\/wp-json\/wp\/v2\/tags?post=13362"}],"curies":[{"name":"wp","href":"https:\/\/api.w.org\/{rel}","templated":true}]}}